{"id":101450,"date":"2023-07-31T16:26:46","date_gmt":"2023-07-31T20:26:46","guid":{"rendered":"https:\/\/interamerica.org\/?p=101450"},"modified":"2023-08-01T10:07:42","modified_gmt":"2023-08-01T14:07:42","slug":"les-luttes-spirituelles-font-naturellement-partie-de-la-vie","status":"publish","type":"post","link":"https:\/\/interamerica.org\/fr\/2023\/07\/les-luttes-spirituelles-font-naturellement-partie-de-la-vie\/","title":{"rendered":"\u00ab Les luttes spirituelles font naturellement partie de la vie \u00bb"},"content":{"rendered":"<h4>Lors d\u2019une conf\u00e9rence sur la famille, un expert donne des conseils pour faire face aux questions et aux doutes religieux.<\/h4>\n<p>30 Juillet 2023 | Silver Spring, Maryland, \u00c9tats-Unis | Marcos Paseggi, Adventist Review<\/p>\n<p>Un \u00e9rudit renomm\u00e9 dans le domaine de l\u2019int\u00e9gration de la spiritualit\u00e9 et de la psychoth\u00e9rapie, a parl\u00e9 dans une pr\u00e9sentation sur le th\u00e8me de la lutte spirituelle, des fa\u00e7ons d\u2019\u00e9valuer ses moments de questionnement et de doute afin de s\u2019aider soi-m\u00eame et d\u2019aider les autres qui rencontrent peut-\u00eatre des difficult\u00e9s similaires. Kenneth Pargament, consid\u00e9r\u00e9 comme l\u2019un des 50 psychologues les plus influents au monde, a \u00e9t\u00e9 le premier orateur principal le 20 juillet dernier, lors de la soir\u00e9e d\u2019ouverture de l\u2019\u00e9dition 2023 de la Conf\u00e9rence Adventiste sur la Recherche et la Pratique dans le domaine de la Famille.<\/p>\n<p>Kenneth Pargament est professeur \u00e9m\u00e9rite de psychologie \u00e0 l\u2019Universit\u00e9 de Bowling Green State et professeur au d\u00e9partement Menninger de Psychiatrie et des Sciences Comportementales \u00e0 la Facult\u00e9 de M\u00e9decine de Baylor.<\/p>\n<p>\u00ab Les batailles spirituelles ne sont pas rares, \u00bb a dit Kenneth Pargament. Il faisait r\u00e9f\u00e9rence \u00e0 des \u00e9tudes dans lesquelles 70 pour cent des personnes consult\u00e9es ont reconnu avoir v\u00e9cu de tels luttes au moins une fois dans leur vie. \u00ab Les luttes spirituelles affectent toutes les confessions religieuses et tous les groupes d\u00e9mographiques. Mais elles ne sont pas le signe d\u2019une foi faible. Elles font naturellement partie de la vie. \u00bb<\/p>\n<p>La conf\u00e9rence de trois jours pr\u00e9sent\u00e9e enti\u00e8rement en ligne est un partenariat entre le D\u00e9partement des Minist\u00e8res de la Famille de la Conf\u00e9rence G\u00e9n\u00e9rale (GCFM), le D\u00e9partement du Discipulat et de l\u2019\u00c9ducation de Toute une Vie au S\u00e9minaire Th\u00e9ologique Adventiste du septi\u00e8me jour \u00e0 l\u2019Universit\u00e9 d\u2019Andrews, l\u2019\u00c9cole de Service Social et l\u2019Institut pour la Pr\u00e9vention des Addictions \u00e0 l\u2019Universit\u00e9 d\u2019Andrews. Cette ann\u00e9e, le programme a mis l\u2019accent sur les familles et la sant\u00e9 \u00e9motionnelle sous le titre \u00ab Esp\u00e9rer, Gu\u00e9rir et Prosp\u00e9rer ! \u00bb<\/p>\n<p>Le directeur du GCFM, Willie Oliver, a souhait\u00e9 la bienvenue aux participants, en faisant observer que plus de 2000 personnes \u00e0 travers le monde s\u2019\u00e9taient inscrites au programme. \u00ab Cela fait pr\u00e8s de 50 ans que cette conf\u00e9rence a lieu sans discontinuer, \u00bb a-t-il d\u00e9clar\u00e9, expliquant qu\u2019elle a commenc\u00e9 en 1975 sur le campus de l\u2019Universit\u00e9 d\u2019Andrews gr\u00e2ce \u00e0 John et Millie Youngberg, professeurs d\u2019\u00c9ducation Religieuse \u00e0 l\u2019\u00e9poque, passionn\u00e9s par le besoin d\u2019avoir des familles harmonieuses dans l\u2019\u00e9glise. \u00ab Depuis 2020, \u00e0 cause du COVID, nous organisons des programmes virtuels, mais l\u2019ann\u00e9e prochaine, nous nous r\u00e9unirons \u00e0 nouveau en personne et sur place \u00e0 l\u2019Universit\u00e9 d\u2019Andrews, \u00bb a-t-il annonc\u00e9.<\/p>\n<p>L\u2019objectif du programme cette ann\u00e9e, a d\u00e9clar\u00e9 Willie Oliver, \u00e9tait \u00ab d\u2019apprendre ce que nous pouvons faire en tant que familles pour trouver la sant\u00e9 \u00e9motionnelle et aider les familles avec lesquelles nous travaillons \u00e0 trouver la sant\u00e9 \u00e9motionnelle. \u00bb<\/p>\n<p>Dans un message de bienvenue enregistr\u00e9, le pr\u00e9sident de la Conf\u00e9rence G\u00e9n\u00e9rale, Ted N. C. Wilson, a fait une d\u00e9claration similaire.<\/p>\n<p>\u00ab Les familles sont les composantes de base de la soci\u00e9t\u00e9. Dieu veut que votre famille soit un t\u00e9moin aupr\u00e8s des autres, \u00bb a-t-il dit. En prenant soin de sa famille, elle sera \u00ab pr\u00eate \u00e0 \u00eatre une source d\u2019espoir et de gu\u00e9rison, \u00bb a d\u00e9clar\u00e9 Ted Wilson.<\/p>\n<p><strong>A propos des luttes spirituelles<\/strong><\/p>\n<p>Le sujet des luttes spirituelles &#8211; ces exp\u00e9riences de tension, de pression et de conflit autour de questions sacr\u00e9es &#8211; est un domaine tr\u00e8s complexe, a reconnu Kenneth Pargament au d\u00e9but de sa pr\u00e9sentation.<\/p>\n<p>\u00ab La spiritualit\u00e9 est une ressource formidable pour beaucoup de gens, \u00bb a-t-il d\u00e9clar\u00e9. \u00ab Dans les moments difficiles, les gens se tournent souvent vers leur foi pour les aider \u00e0 faire face, et cette d\u00e9marche peut \u00eatre tr\u00e8s efficace dans leur vie. \u00bb<\/p>\n<p>Une d\u00e9claration comme celle-ci comprend une clause \u00ab mais \u00bb importante, a expliqu\u00e9 Kenneth Pargament. \u00ab Lorsque nous rencontrons des facteurs de stress internes ou externes, ils nous secouent au plus profond. Le sol sur lequel nous nous tenons n\u2019est plus stable. Et \u00e0 ces moments-l\u00e0, nous pouvons avoir des luttes spirituelles. \u00bb<\/p>\n<p>En ce sens, a-t-il reconnu, \u00ab la religion a deux faces : elle peut apporter du r\u00e9confort, mais aussi \u00eatre une source de conflits, de luttes et de probl\u00e8mes graves. \u00bb<\/p>\n<p>Kenneth Pargament, qui, avec d\u2019autres chercheurs, \u00e9tudie le sujet depuis des ann\u00e9es, a mentionn\u00e9 divers types de luttes spirituelles, y compris les luttes divines (lorsqu\u2019on se sent en col\u00e8re contre Dieu ou qu\u2019on a le sentiment que Dieu nous punit), les luttes morales (lorsqu\u2019on a des difficult\u00e9s \u00e0 suivre des principes moraux ou spirituels) et les luttes pour le sens profond (lorsqu\u2019on se demande si la vie importe vraiment). Il a \u00e9galement \u00e9num\u00e9r\u00e9 les luttes du doute (lorsqu\u2019on est dans la confusion au sujet de ses croyances religieuses), les luttes religieuses interpersonnelles (le conflit avec d\u2019autres personnes \u00e0 cause de questions religieuses), et les luttes diaboliques (lorsqu\u2019on se sent inquiet car pour nous des \u00e9v\u00e8nements de la vie quotidienne sont l\u2019\u0153uvre du diable ou de mauvais esprits).<\/p>\n<p><strong>Implications profondes sur la sant\u00e9<\/strong><\/p>\n<p>Kenneth Pargament a expliqu\u00e9 que les psychologues cliniciens travaillent g\u00e9n\u00e9ralement avec des personnes confront\u00e9es \u00e0 des blessures, \u00e0 des accidents ou \u00e0 la maladie. \u00ab Mais souvent nous passons outre leurs luttes spirituelles, \u00bb a-t-il dit, ajoutant : \u00ab Nous ne pouvons pas les aider si nous ignorons la dimension spirituelle de leurs luttes. \u00bb<\/p>\n<p>L\u2019une des raisons \u00e0 cela, a expliqu\u00e9 Kenneth Pargament, est que les luttes spirituelles ont de profondes implications sur la sant\u00e9 et le bien-\u00eatre.<\/p>\n<p>Des \u00e9tudes sur la spiritualit\u00e9 et la sant\u00e9 r\u00e9v\u00e8lent que les luttes spirituelles sont li\u00e9es \u00e0 toutes les formes de sympt\u00f4mes psychologiques, y compris l\u2019anxi\u00e9t\u00e9, la d\u00e9pression, les comportements compulsifs et la somatisation, a expliqu\u00e9 Kenneth Pargament.<\/p>\n<p>\u00ab Dans une \u00e9tude majeure sur la spiritualit\u00e9 et la sant\u00e9, toutes sortes de luttes religieuses \u00e9taient li\u00e9s \u00e0 une plus grande d\u00e9pression, une plus grande anxi\u00e9t\u00e9, moins de satisfaction dans la vie, et moins de bonheur, \u00bb a-t-il indiqu\u00e9. \u00ab Dans une \u00e9tude portant sur des v\u00e9t\u00e9rans d\u2019Irak et d\u2019Afghanistan, les luttes spirituelles \u00e9taient le seul indicateur significatif de la suicidalit\u00e9, c\u2019est-\u00e0-dire de la probabilit\u00e9 de futures tentatives de suicide. \u00bb<\/p>\n<p><strong>Les luttes spirituelles peuvent-elles mener \u00e0 la croissance ? <\/strong><\/p>\n<p>\u00c0 premi\u00e8re vue, il semble que les luttes spirituelles pourraient conduire \u00e0 la croissance, a dit Kenneth Pargament. \u00ab Nous pensons aux luttes comme \u00e9tant un chemin vers la croissance et la transformation. Mais est-ce vraiment le cas ?<\/p>\n<p>Il a expliqu\u00e9 qu\u2019il est vrai que les luttes spirituelles \u00ab peuvent conduire \u00e0 un changement des priorit\u00e9s dans la vie, \u00e0 la d\u00e9couverte de la force personnelle, \u00e0 la d\u00e9couverte d\u2019un nouveau chemin de vie ou \u00e0 l\u2019exp\u00e9rience d\u2019un plus grand sentiment de proximit\u00e9 avec les autres et avec Dieu. \u00bb En ce qui concerne les luttes divines, par exemple, \u00ab l\u2019expression honn\u00eate de sentiments n\u00e9gatifs peut accro\u00eetre le sentiment d\u2019intimit\u00e9 avec Dieu ou remettre en question des id\u00e9es simples \u00e0 son sujet. Les luttes du doute, quant \u00e0 elles, peuvent aider \u00e0 cultiver la pens\u00e9e critique ou \u00e0 clarifier ce que nous croyons vraiment par rapport \u00e0 ce qu\u2019on nous a simplement dit de croire, \u00bb a-t-il d\u00e9clar\u00e9.<\/p>\n<p>Dans le m\u00eame temps, a reconnu Kenneth Pargament, la recherche empirique n\u2019a pas montr\u00e9 de lien constant entre les luttes spirituelles et la croissance. \u00ab Ne faisons pas du sentiment \u00e0 propos des luttes spirituelles ! a-t-il dit, ajoutant : \u00ab La douleur ne se termine pas toujours par un gain; la souffrance ne forge pas toujours le caract\u00e8re. \u00bb<\/p>\n<p>L\u2019approche cl\u00e9, a d\u00e9clar\u00e9 Kenneth Pargament, est de consid\u00e9rer les luttes spirituelles comme un carrefour sur la route menant \u00e0 la croissance et\/ou au d\u00e9clin. A ce sujet, il a soulign\u00e9 qu\u2019il est essentiel d\u2019\u00e9valuer les luttes spirituelles.<\/p>\n<p><strong>Implications pratiques<\/strong><\/p>\n<p>Kenneth Pargament a appel\u00e9 les praticiens de la sant\u00e9 mentale et les autres \u00e0 explorer la nature des luttes spirituelles en eux-m\u00eames et chez leurs clients en \u00e9valuant ce que traverse une personne. A travers une s\u00e9rie de questions, les praticiens de la sant\u00e9 peuvent aider leurs clients \u00e0 mettre des mots sur leurs luttes, ce qui conduit \u00e0 une meilleure compr\u00e9hension de la situation sp\u00e9cifique d\u2019une personne, a-t-il d\u00e9clar\u00e9.<\/p>\n<p>L\u2019une de ces m\u00e9thodes consiste \u00e0 demander explicitement : \u00ab Vos probl\u00e8mes vous ont-ils affect\u00e9 religieusement ou spirituellement ? Comment ? \u00bb<\/p>\n<p>Kenneth Pargament a d\u00e9velopp\u00e9 une s\u00e9rie de questions que les praticiens peuvent poser, comme par exemple : \u00ab Quelles sont les questions les plus profondes que votre situation a soulev\u00e9es chez vous ? \u00bb et \u00ab Comment cette situation a-t-elle \u00e9branl\u00e9 votre foi ? \u00bb<\/p>\n<p>\u00ab La cl\u00e9 c\u2019est d\u2019encourager la conversation au sujet des luttes spirituelles &#8211; \u00e9coutez, \u00e9coutez, \u00e9coutez, \u00bb a-t-il dit. Il est \u00e9galement important d\u2019encourager l\u2019acceptation plut\u00f4t que l\u2019\u00e9vitement pour normaliser les luttes spirituelles, a-t-il d\u00e9clar\u00e9.<\/p>\n<p>Dans le m\u00eame temps, a soulign\u00e9 Kenneth Pargament, il est essentiel de favoriser une meilleure sant\u00e9 totale en \u00e9vitant de rester emp\u00eatr\u00e9 dans la lutte et en recherchant plut\u00f4t un sens et un objectif plus profonds. Certaines des activit\u00e9s recommand\u00e9es aux personnes qui vivent des luttes spirituelles sont l\u2019\u00e9criture et le partage d\u2019une autobiographie spirituelle, le partage autour de vos luttes spirituelles et la visualisation du moi spirituel id\u00e9al d\u2019avant.<\/p>\n<p>\u00ab Au-del\u00e0 de la th\u00e9rapie par la parole, les familles et les institutions religieuses peuvent anticiper les luttes spirituelles, \u00bb a d\u00e9clar\u00e9 Kenneth Pargament. \u00ab Les parents ne devraient pas avoir peur de discuter du sujet des luttes spirituelles \u00e0 table. \u00bb<\/p>\n<p>Traduction: Patrick Luciathe<\/p>\n","protected":false},"excerpt":{"rendered":"<p>Lors d\u2019une conf\u00e9rence sur la famille, un expert donne des conseils pour faire face aux questions et aux doutes religieux. 30 Juillet 2023 | Silver Spring, Maryland, \u00c9tats-Unis | Marcos&#8230;<\/p>\n","protected":false},"author":3,"featured_media":101405,"comment_status":"closed","ping_status":"closed","sticky":false,"template":"","format":"standard","meta":{"_acf_changed":false,"footnotes":""},"categories":[18,19],"tags":[],"class_list":["post-101450","post","type-post","status-publish","format-standard","has-post-thumbnail","hentry","category-nouvelles-de-leglise-mondiale","category-rss-francais"],"acf":[],"yoast_head":"<!-- This site is optimized with the Yoast SEO plugin v27.3 - https:\/\/yoast.com\/product\/yoast-seo-wordpress\/ -->\n<title>\u00ab Les luttes spirituelles font naturellement partie de la vie \u00bb - \u00c9glise Adventiste Du Septieme Jour - Inter Am\u00e9rique Division<\/title>\n<meta name=\"robots\" content=\"index, follow, max-snippet:-1, max-image-preview:large, max-video-preview:-1\" \/>\n<link rel=\"canonical\" href=\"https:\/\/interamerica.org\/fr\/2023\/07\/les-luttes-spirituelles-font-naturellement-partie-de-la-vie\/\" \/>\n<meta property=\"og:locale\" content=\"fr_FR\" \/>\n<meta property=\"og:type\" content=\"article\" \/>\n<meta property=\"og:title\" content=\"\u00ab Les luttes spirituelles font naturellement partie de la vie \u00bb - \u00c9glise Adventiste Du Septieme Jour - Inter Am\u00e9rique Division\" \/>\n<meta property=\"og:description\" content=\"Lors d\u2019une conf\u00e9rence sur la famille, un expert donne des conseils pour faire face aux questions et aux doutes religieux. 30 Juillet 2023 | Silver Spring, Maryland, \u00c9tats-Unis | Marcos...\" \/>\n<meta property=\"og:url\" content=\"https:\/\/interamerica.org\/fr\/2023\/07\/les-luttes-spirituelles-font-naturellement-partie-de-la-vie\/\" \/>\n<meta property=\"og:site_name\" content=\"\u00c9glise Adventiste Du Septieme Jour - Inter Am\u00e9rique Division\" \/>\n<meta property=\"article:published_time\" content=\"2023-07-31T20:26:46+00:00\" \/>\n<meta property=\"article:modified_time\" content=\"2023-08-01T14:07:42+00:00\" \/>\n<meta property=\"og:image\" content=\"https:\/\/interamerica.org\/wp-content\/uploads\/2023\/07\/priscilla-du-preez-8xfoe4kiyys-unsplash.jpg\" \/>\n\t<meta property=\"og:image:width\" content=\"1000\" \/>\n\t<meta property=\"og:image:height\" content=\"667\" \/>\n\t<meta property=\"og:image:type\" content=\"image\/jpeg\" \/>\n<meta name=\"author\" content=\"libna\" \/>\n<meta name=\"twitter:card\" content=\"summary_large_image\" \/>\n<meta name=\"twitter:label1\" content=\"\u00c9crit par\" \/>\n\t<meta name=\"twitter:data1\" content=\"libna\" \/>\n\t<meta name=\"twitter:label2\" content=\"Dur\u00e9e de lecture estim\u00e9e\" \/>\n\t<meta name=\"twitter:data2\" content=\"7 minutes\" \/>\n<script type=\"application\/ld+json\" class=\"yoast-schema-graph\">{\"@context\":\"https:\\\/\\\/schema.org\",\"@graph\":[{\"@type\":\"Article\",\"@id\":\"https:\\\/\\\/interamerica.org\\\/fr\\\/2023\\\/07\\\/les-luttes-spirituelles-font-naturellement-partie-de-la-vie\\\/#article\",\"isPartOf\":{\"@id\":\"https:\\\/\\\/interamerica.org\\\/fr\\\/2023\\\/07\\\/les-luttes-spirituelles-font-naturellement-partie-de-la-vie\\\/\"},\"author\":{\"name\":\"libna\",\"@id\":\"https:\\\/\\\/interamerica.org\\\/fr\\\/#\\\/schema\\\/person\\\/29998f2bc2d8bd0d38662909289b54f1\"},\"headline\":\"\u00ab Les luttes spirituelles font naturellement partie de la vie \u00bb\",\"datePublished\":\"2023-07-31T20:26:46+00:00\",\"dateModified\":\"2023-08-01T14:07:42+00:00\",\"mainEntityOfPage\":{\"@id\":\"https:\\\/\\\/interamerica.org\\\/fr\\\/2023\\\/07\\\/les-luttes-spirituelles-font-naturellement-partie-de-la-vie\\\/\"},\"wordCount\":1662,\"image\":{\"@id\":\"https:\\\/\\\/interamerica.org\\\/fr\\\/2023\\\/07\\\/les-luttes-spirituelles-font-naturellement-partie-de-la-vie\\\/#primaryimage\"},\"thumbnailUrl\":\"https:\\\/\\\/interamerica.org\\\/wp-content\\\/uploads\\\/2023\\\/07\\\/priscilla-du-preez-8xfoe4kiyys-unsplash.jpg\",\"articleSection\":[\"Nouvelles de l'\u00c9glise mondiale\",\"RSS Fran\u00e7ais\"],\"inLanguage\":\"fr-FR\"},{\"@type\":\"WebPage\",\"@id\":\"https:\\\/\\\/interamerica.org\\\/fr\\\/2023\\\/07\\\/les-luttes-spirituelles-font-naturellement-partie-de-la-vie\\\/\",\"url\":\"https:\\\/\\\/interamerica.org\\\/fr\\\/2023\\\/07\\\/les-luttes-spirituelles-font-naturellement-partie-de-la-vie\\\/\",\"name\":\"\u00ab Les luttes spirituelles font naturellement partie de la vie \u00bb - \u00c9glise Adventiste Du Septieme Jour - Inter Am\u00e9rique Division\",\"isPartOf\":{\"@id\":\"https:\\\/\\\/interamerica.org\\\/fr\\\/#website\"},\"primaryImageOfPage\":{\"@id\":\"https:\\\/\\\/interamerica.org\\\/fr\\\/2023\\\/07\\\/les-luttes-spirituelles-font-naturellement-partie-de-la-vie\\\/#primaryimage\"},\"image\":{\"@id\":\"https:\\\/\\\/interamerica.org\\\/fr\\\/2023\\\/07\\\/les-luttes-spirituelles-font-naturellement-partie-de-la-vie\\\/#primaryimage\"},\"thumbnailUrl\":\"https:\\\/\\\/interamerica.org\\\/wp-content\\\/uploads\\\/2023\\\/07\\\/priscilla-du-preez-8xfoe4kiyys-unsplash.jpg\",\"datePublished\":\"2023-07-31T20:26:46+00:00\",\"dateModified\":\"2023-08-01T14:07:42+00:00\",\"author\":{\"@id\":\"https:\\\/\\\/interamerica.org\\\/fr\\\/#\\\/schema\\\/person\\\/29998f2bc2d8bd0d38662909289b54f1\"},\"breadcrumb\":{\"@id\":\"https:\\\/\\\/interamerica.org\\\/fr\\\/2023\\\/07\\\/les-luttes-spirituelles-font-naturellement-partie-de-la-vie\\\/#breadcrumb\"},\"inLanguage\":\"fr-FR\",\"potentialAction\":[{\"@type\":\"ReadAction\",\"target\":[\"https:\\\/\\\/interamerica.org\\\/fr\\\/2023\\\/07\\\/les-luttes-spirituelles-font-naturellement-partie-de-la-vie\\\/\"]}]},{\"@type\":\"ImageObject\",\"inLanguage\":\"fr-FR\",\"@id\":\"https:\\\/\\\/interamerica.org\\\/fr\\\/2023\\\/07\\\/les-luttes-spirituelles-font-naturellement-partie-de-la-vie\\\/#primaryimage\",\"url\":\"https:\\\/\\\/interamerica.org\\\/wp-content\\\/uploads\\\/2023\\\/07\\\/priscilla-du-preez-8xfoe4kiyys-unsplash.jpg\",\"contentUrl\":\"https:\\\/\\\/interamerica.org\\\/wp-content\\\/uploads\\\/2023\\\/07\\\/priscilla-du-preez-8xfoe4kiyys-unsplash.jpg\",\"width\":1000,\"height\":667,\"caption\":\"[Photo: Pricilla Dupreez\\\/Unsplash]\"},{\"@type\":\"BreadcrumbList\",\"@id\":\"https:\\\/\\\/interamerica.org\\\/fr\\\/2023\\\/07\\\/les-luttes-spirituelles-font-naturellement-partie-de-la-vie\\\/#breadcrumb\",\"itemListElement\":[{\"@type\":\"ListItem\",\"position\":1,\"name\":\"Home\",\"item\":\"https:\\\/\\\/interamerica.org\\\/fr\\\/\"},{\"@type\":\"ListItem\",\"position\":2,\"name\":\"\u00ab Les luttes spirituelles font naturellement partie de la vie \u00bb\"}]},{\"@type\":\"WebSite\",\"@id\":\"https:\\\/\\\/interamerica.org\\\/fr\\\/#website\",\"url\":\"https:\\\/\\\/interamerica.org\\\/fr\\\/\",\"name\":\"\u00c9glise Adventiste Du Septieme Jour - Inter Am\u00e9rique Division\",\"description\":\"\",\"potentialAction\":[{\"@type\":\"SearchAction\",\"target\":{\"@type\":\"EntryPoint\",\"urlTemplate\":\"https:\\\/\\\/interamerica.org\\\/fr\\\/?s={search_term_string}\"},\"query-input\":{\"@type\":\"PropertyValueSpecification\",\"valueRequired\":true,\"valueName\":\"search_term_string\"}}],\"inLanguage\":\"fr-FR\"},{\"@type\":\"Person\",\"@id\":\"https:\\\/\\\/interamerica.org\\\/fr\\\/#\\\/schema\\\/person\\\/29998f2bc2d8bd0d38662909289b54f1\",\"name\":\"libna\",\"image\":{\"@type\":\"ImageObject\",\"inLanguage\":\"fr-FR\",\"@id\":\"https:\\\/\\\/secure.gravatar.com\\\/avatar\\\/7c5bd30ae4b47a9ba3c856590957fd1d96dc588bf3ac05719d247e126840331f?s=96&d=mm&r=g\",\"url\":\"https:\\\/\\\/secure.gravatar.com\\\/avatar\\\/7c5bd30ae4b47a9ba3c856590957fd1d96dc588bf3ac05719d247e126840331f?s=96&d=mm&r=g\",\"contentUrl\":\"https:\\\/\\\/secure.gravatar.com\\\/avatar\\\/7c5bd30ae4b47a9ba3c856590957fd1d96dc588bf3ac05719d247e126840331f?s=96&d=mm&r=g\",\"caption\":\"libna\"}}]}<\/script>\n<!-- \/ Yoast SEO plugin. -->","yoast_head_json":{"title":"\u00ab Les luttes spirituelles font naturellement partie de la vie \u00bb - \u00c9glise Adventiste Du Septieme Jour - Inter Am\u00e9rique Division","robots":{"index":"index","follow":"follow","max-snippet":"max-snippet:-1","max-image-preview":"max-image-preview:large","max-video-preview":"max-video-preview:-1"},"canonical":"https:\/\/interamerica.org\/fr\/2023\/07\/les-luttes-spirituelles-font-naturellement-partie-de-la-vie\/","og_locale":"fr_FR","og_type":"article","og_title":"\u00ab Les luttes spirituelles font naturellement partie de la vie \u00bb - \u00c9glise Adventiste Du Septieme Jour - Inter Am\u00e9rique Division","og_description":"Lors d\u2019une conf\u00e9rence sur la famille, un expert donne des conseils pour faire face aux questions et aux doutes religieux. 30 Juillet 2023 | Silver Spring, Maryland, \u00c9tats-Unis | Marcos...","og_url":"https:\/\/interamerica.org\/fr\/2023\/07\/les-luttes-spirituelles-font-naturellement-partie-de-la-vie\/","og_site_name":"\u00c9glise Adventiste Du Septieme Jour - Inter Am\u00e9rique Division","article_published_time":"2023-07-31T20:26:46+00:00","article_modified_time":"2023-08-01T14:07:42+00:00","og_image":[{"width":1000,"height":667,"url":"https:\/\/interamerica.org\/wp-content\/uploads\/2023\/07\/priscilla-du-preez-8xfoe4kiyys-unsplash.jpg","type":"image\/jpeg"}],"author":"libna","twitter_card":"summary_large_image","twitter_misc":{"\u00c9crit par":"libna","Dur\u00e9e de lecture estim\u00e9e":"7 minutes"},"schema":{"@context":"https:\/\/schema.org","@graph":[{"@type":"Article","@id":"https:\/\/interamerica.org\/fr\/2023\/07\/les-luttes-spirituelles-font-naturellement-partie-de-la-vie\/#article","isPartOf":{"@id":"https:\/\/interamerica.org\/fr\/2023\/07\/les-luttes-spirituelles-font-naturellement-partie-de-la-vie\/"},"author":{"name":"libna","@id":"https:\/\/interamerica.org\/fr\/#\/schema\/person\/29998f2bc2d8bd0d38662909289b54f1"},"headline":"\u00ab Les luttes spirituelles font naturellement partie de la vie \u00bb","datePublished":"2023-07-31T20:26:46+00:00","dateModified":"2023-08-01T14:07:42+00:00","mainEntityOfPage":{"@id":"https:\/\/interamerica.org\/fr\/2023\/07\/les-luttes-spirituelles-font-naturellement-partie-de-la-vie\/"},"wordCount":1662,"image":{"@id":"https:\/\/interamerica.org\/fr\/2023\/07\/les-luttes-spirituelles-font-naturellement-partie-de-la-vie\/#primaryimage"},"thumbnailUrl":"https:\/\/interamerica.org\/wp-content\/uploads\/2023\/07\/priscilla-du-preez-8xfoe4kiyys-unsplash.jpg","articleSection":["Nouvelles de l'\u00c9glise mondiale","RSS Fran\u00e7ais"],"inLanguage":"fr-FR"},{"@type":"WebPage","@id":"https:\/\/interamerica.org\/fr\/2023\/07\/les-luttes-spirituelles-font-naturellement-partie-de-la-vie\/","url":"https:\/\/interamerica.org\/fr\/2023\/07\/les-luttes-spirituelles-font-naturellement-partie-de-la-vie\/","name":"\u00ab Les luttes spirituelles font naturellement partie de la vie \u00bb - \u00c9glise Adventiste Du Septieme Jour - Inter Am\u00e9rique Division","isPartOf":{"@id":"https:\/\/interamerica.org\/fr\/#website"},"primaryImageOfPage":{"@id":"https:\/\/interamerica.org\/fr\/2023\/07\/les-luttes-spirituelles-font-naturellement-partie-de-la-vie\/#primaryimage"},"image":{"@id":"https:\/\/interamerica.org\/fr\/2023\/07\/les-luttes-spirituelles-font-naturellement-partie-de-la-vie\/#primaryimage"},"thumbnailUrl":"https:\/\/interamerica.org\/wp-content\/uploads\/2023\/07\/priscilla-du-preez-8xfoe4kiyys-unsplash.jpg","datePublished":"2023-07-31T20:26:46+00:00","dateModified":"2023-08-01T14:07:42+00:00","author":{"@id":"https:\/\/interamerica.org\/fr\/#\/schema\/person\/29998f2bc2d8bd0d38662909289b54f1"},"breadcrumb":{"@id":"https:\/\/interamerica.org\/fr\/2023\/07\/les-luttes-spirituelles-font-naturellement-partie-de-la-vie\/#breadcrumb"},"inLanguage":"fr-FR","potentialAction":[{"@type":"ReadAction","target":["https:\/\/interamerica.org\/fr\/2023\/07\/les-luttes-spirituelles-font-naturellement-partie-de-la-vie\/"]}]},{"@type":"ImageObject","inLanguage":"fr-FR","@id":"https:\/\/interamerica.org\/fr\/2023\/07\/les-luttes-spirituelles-font-naturellement-partie-de-la-vie\/#primaryimage","url":"https:\/\/interamerica.org\/wp-content\/uploads\/2023\/07\/priscilla-du-preez-8xfoe4kiyys-unsplash.jpg","contentUrl":"https:\/\/interamerica.org\/wp-content\/uploads\/2023\/07\/priscilla-du-preez-8xfoe4kiyys-unsplash.jpg","width":1000,"height":667,"caption":"[Photo: Pricilla Dupreez\/Unsplash]"},{"@type":"BreadcrumbList","@id":"https:\/\/interamerica.org\/fr\/2023\/07\/les-luttes-spirituelles-font-naturellement-partie-de-la-vie\/#breadcrumb","itemListElement":[{"@type":"ListItem","position":1,"name":"Home","item":"https:\/\/interamerica.org\/fr\/"},{"@type":"ListItem","position":2,"name":"\u00ab Les luttes spirituelles font naturellement partie de la vie \u00bb"}]},{"@type":"WebSite","@id":"https:\/\/interamerica.org\/fr\/#website","url":"https:\/\/interamerica.org\/fr\/","name":"\u00c9glise Adventiste Du Septieme Jour - Inter Am\u00e9rique Division","description":"","potentialAction":[{"@type":"SearchAction","target":{"@type":"EntryPoint","urlTemplate":"https:\/\/interamerica.org\/fr\/?s={search_term_string}"},"query-input":{"@type":"PropertyValueSpecification","valueRequired":true,"valueName":"search_term_string"}}],"inLanguage":"fr-FR"},{"@type":"Person","@id":"https:\/\/interamerica.org\/fr\/#\/schema\/person\/29998f2bc2d8bd0d38662909289b54f1","name":"libna","image":{"@type":"ImageObject","inLanguage":"fr-FR","@id":"https:\/\/secure.gravatar.com\/avatar\/7c5bd30ae4b47a9ba3c856590957fd1d96dc588bf3ac05719d247e126840331f?s=96&d=mm&r=g","url":"https:\/\/secure.gravatar.com\/avatar\/7c5bd30ae4b47a9ba3c856590957fd1d96dc588bf3ac05719d247e126840331f?s=96&d=mm&r=g","contentUrl":"https:\/\/secure.gravatar.com\/avatar\/7c5bd30ae4b47a9ba3c856590957fd1d96dc588bf3ac05719d247e126840331f?s=96&d=mm&r=g","caption":"libna"}}]}},"_links":{"self":[{"href":"https:\/\/interamerica.org\/fr\/wp-json\/wp\/v2\/posts\/101450","targetHints":{"allow":["GET"]}}],"collection":[{"href":"https:\/\/interamerica.org\/fr\/wp-json\/wp\/v2\/posts"}],"about":[{"href":"https:\/\/interamerica.org\/fr\/wp-json\/wp\/v2\/types\/post"}],"author":[{"embeddable":true,"href":"https:\/\/interamerica.org\/fr\/wp-json\/wp\/v2\/users\/3"}],"replies":[{"embeddable":true,"href":"https:\/\/interamerica.org\/fr\/wp-json\/wp\/v2\/comments?post=101450"}],"version-history":[{"count":0,"href":"https:\/\/interamerica.org\/fr\/wp-json\/wp\/v2\/posts\/101450\/revisions"}],"wp:featuredmedia":[{"embeddable":true,"href":"https:\/\/interamerica.org\/fr\/wp-json\/wp\/v2\/media\/101405"}],"wp:attachment":[{"href":"https:\/\/interamerica.org\/fr\/wp-json\/wp\/v2\/media?parent=101450"}],"wp:term":[{"taxonomy":"category","embeddable":true,"href":"https:\/\/interamerica.org\/fr\/wp-json\/wp\/v2\/categories?post=101450"},{"taxonomy":"post_tag","embeddable":true,"href":"https:\/\/interamerica.org\/fr\/wp-json\/wp\/v2\/tags?post=101450"}],"curies":[{"name":"wp","href":"https:\/\/api.w.org\/{rel}","templated":true}]}}