{"id":101625,"date":"2023-08-02T23:13:31","date_gmt":"2023-08-03T03:13:31","guid":{"rendered":"https:\/\/interamerica.org\/?p=101625"},"modified":"2023-08-03T21:13:30","modified_gmt":"2023-08-04T01:13:30","slug":"lors-de-la-conference-seld-les-jeunes-leaders-et-les-plus-chevronnes-obtiennent-une-vision-plus-claire-de-leur-mission","status":"publish","type":"post","link":"https:\/\/interamerica.org\/fr\/2023\/08\/lors-de-la-conference-seld-les-jeunes-leaders-et-les-plus-chevronnes-obtiennent-une-vision-plus-claire-de-leur-mission\/","title":{"rendered":"Lors de la conf\u00e9rence SeLD, les jeunes leaders et les plus chevronn\u00e9s obtiennent une vision plus claire de leur mission"},"content":{"rendered":"<p>2 Ao\u00fbt 2023 | Miami, Floride, \u00c9tats-Unis | Libna Stevens, Actualit\u00e9s de la Division Inter Am\u00e9ricaine<\/p>\n<p>C\u2019est la septi\u00e8me fois qu\u2019elle se rend \u00e0 la Conf\u00e9rence annuelle sur le D\u00e9veloppement du Leadership par Segment (SeLD) organis\u00e9e par la Division Inter Am\u00e9ricaine. Chaque fois que je viens pour la conf\u00e9rence SeLD, les choses sont sans cesse meilleures, \u00bb a d\u00e9clar\u00e9 Xenia Gamboa, directrice du Centre \u00c9ducatif Adventiste, une \u00e9cole bilingue allant de la maternelle \u00e0 la terminale, \u00e0 Hatillo, \u00e0 San Jose, au Costa Rica. Xenia Gamboa est \u00e9galement la directrice de l\u2019\u00e9ducation de l\u2019Union Centram\u00e9ricaine du Sud qui supervise des \u00e9coles primaires, secondaires et des universit\u00e9s au Costa Rica et au Nicaragua.<\/p>\n<p>Xenia Gamboa a pu c\u00f4toyer des administrateurs, des pasteurs, des \u00e9ducateurs, des directeurs de d\u00e9partement et des anciens lors de la conf\u00e9rence, qui a r\u00e9uni des dizaines d\u2019experts et d\u2019intervenants de premier plan \u00e0 Miami, en Floride, aux \u00c9tats-Unis, du 24 au 26 juillet 2023. La conf\u00e9rence annuelle SeLD vise \u00e0 \u00e9quiper les individus avec les connaissances, les comp\u00e9tences et l\u2019inspiration pour faire une diff\u00e9rence positive dans le leadership \u00e0 travers les organisations de l\u2019\u00e9glise dans la DIA.<\/p>\n<p>L\u2019un des s\u00e9minaires au cours duquel elle a pris le plus de notes \u00e9tait celui tenu par Ismael Castillo, pr\u00e9sident de l\u2019Universit\u00e9 de Montemorelos, au Mexique.<\/p>\n<p><div id=\"attachment_101518\" style=\"width: 855px\" class=\"wp-caption aligncenter\"><img fetchpriority=\"high\" decoding=\"async\" aria-describedby=\"caption-attachment-101518\" class=\" wp-image-101517\" src=\"https:\/\/interamerica.org\/wp-content\/uploads\/2023\/08\/xenia-gamboa-seld-jul25.jpg\" alt=\"\" width=\"845\" height=\"547\" srcset=\"https:\/\/interamerica.org\/wp-content\/uploads\/2023\/08\/xenia-gamboa-seld-jul25.jpg 1000w, https:\/\/interamerica.org\/wp-content\/uploads\/2023\/08\/xenia-gamboa-seld-jul25-300x194.jpg 300w, https:\/\/interamerica.org\/wp-content\/uploads\/2023\/08\/xenia-gamboa-seld-jul25-768x497.jpg 768w\" sizes=\"(max-width: 845px) 100vw, 845px\" \/><p id=\"caption-attachment-101518\" class=\"wp-caption-text\">Xenia Gamboa, directrice du Centre \u00c9ducatif Adventiste \u00e0 Hatillo, \u00e0 San Jos\u00e9, au Costa Rica, prend des notes lors d\u2019un s\u00e9minaire pr\u00e9sent\u00e9 par le pr\u00e9sident de l\u2019Universit\u00e9 de Montemorelos, Ismael Castillo, le 25 juillet 2023. [Photo : Libna Stevens\/DIA]<\/p><\/div>\u00ab Pourquoi les institutions \u00e9ducatives survivent-elles ? \u00bb a demand\u00e9 Ismael Castillo. \u00ab Gr\u00e2ce au cercle d\u2019or de la permanence. \u00bb Cette permanence comprend le maintien de l\u2019identit\u00e9 adventiste principale de l\u2019\u00e9glise dans son \u0153uvre des publications, dans son h\u00e9ritage ou son histoire, dans son message sur la sant\u00e9 et dans l\u2019\u00e9ducation qui sont des piliers fondamentaux, a expliqu\u00e9 Ismael Castillo.<\/p>\n<p>Les institutions doivent \u00eatre au clair quant \u00e0 la centralit\u00e9 du Christ, leur vision proph\u00e9tique, leur mission de proclamation de l\u2019\u00e9vangile, en suivant Dieu et non les mod\u00e8les du monde, a d\u00e9clar\u00e9 Ismael Castillo. Cette mission est ce qui a enthousiasm\u00e9 Xenia Gamboa.<\/p>\n<p>\u00ab Le d\u00e9fi \u00e9tait clair pour moi : chaque activit\u00e9, chaque pratique dans nos institutions doit avoir un sceau, celui de faire conna\u00eetre J\u00e9sus, \u00bb a dit Xenia Gamboa. Il s\u2019agit d\u2019int\u00e9grer la foi dans chaque classe et dans toute activit\u00e9 dirig\u00e9e par un personnel engag\u00e9, a-t-elle ajout\u00e9. Cela a r\u00e9sonn\u00e9 en elle, non pas comme une nouvelle mission, mais comme un rappel \u00e0 garder l\u2019emphase sur la mission principale et le but de l\u2019\u00e9ducation adventiste, a-t-elle d\u00e9clar\u00e9.<\/p>\n<p><div id=\"attachment_101527\" style=\"width: 869px\" class=\"wp-caption aligncenter\"><img decoding=\"async\" aria-describedby=\"caption-attachment-101527\" class=\" wp-image-101526\" src=\"https:\/\/interamerica.org\/wp-content\/uploads\/2023\/08\/ismael-castillo-seld2023-seminar.jpg\" alt=\"\" width=\"859\" height=\"546\" srcset=\"https:\/\/interamerica.org\/wp-content\/uploads\/2023\/08\/ismael-castillo-seld2023-seminar.jpg 1000w, https:\/\/interamerica.org\/wp-content\/uploads\/2023\/08\/ismael-castillo-seld2023-seminar-300x191.jpg 300w, https:\/\/interamerica.org\/wp-content\/uploads\/2023\/08\/ismael-castillo-seld2023-seminar-768x488.jpg 768w\" sizes=\"(max-width: 859px) 100vw, 859px\" \/><p id=\"caption-attachment-101527\" class=\"wp-caption-text\">Ismael Castillo, pr\u00e9sident de l\u2019Universit\u00e9 de Montemorelos au Mexique, dirige le 25 juillet 2023, un s\u00e9minaire sur les raisons pour lesquelles les institutions \u00e9ducatives survivent. [Photo : Libna Stevens\/DIA]<\/p><\/div>Xenia Gamboa, qui travaille dans le domaine de l\u2019\u00e9ducation depuis plus de 32 ans et sert en tant que principale de la plus grande et de la seule \u00e9cole primaire et secondaire bilingue du Costa Rica, veut s\u2019assurer que tout \u00e9l\u00e8ve adventiste du septi\u00e8me jour d\u2019\u00e2ge scolaire ait la possibilit\u00e9 d\u2019\u00e9tudier \u00e0 l\u2019\u00e9cole. Cela signifie avoir plus que les 35 pour cent d\u2019\u00e9tudiants adventistes qui sont actuellement inscrits au Centre \u00c9ducatif Adventiste qu\u2019elle dirige. Elle a impliqu\u00e9 ses 73 enseignants et son personnel dans une campagne visant \u00e0 recruter et \u00e0 offrir une scolarit\u00e9 sp\u00e9ciale et abordable gr\u00e2ce aux fonds gouvernementaux, au parrainage de l\u2019\u00e9glise et \u00e0 celui de familles de l\u2019\u00e9glise d\u00e9sireuses de parrainer un \u00e9tudiant. \u00ab Nous avons re\u00e7u comme mission de pr\u00e9parer les \u00e9tudiants et leurs familles \u00e0 aimer J\u00e9sus et \u00e0 avoir un impact positif sur ce monde, \u00bb a dit Xenia Gamboa.<\/p>\n<p>La conf\u00e9rence SeLD a rappel\u00e9 \u00e0 Xenia Gamboa l\u2019engagement que doit avoir chaque dirigeant \u00e0 continuer \u00e0 avancer dans l\u2019initiative missionnaire \u00ab I Will Go. \u00bb (J\u2019Irai) \u00ab Nous ne pouvons nous arr\u00eater un seul instant, nous devons continuer \u00e0 accomplir la mission \u00e0 tous les niveaux de nos responsabilit\u00e9s, \u00bb a-t-elle d\u00e9clar\u00e9.<\/p>\n<p><div id=\"attachment_101542\" style=\"width: 859px\" class=\"wp-caption aligncenter\"><img decoding=\"async\" aria-describedby=\"caption-attachment-101542\" class=\" wp-image-101541\" src=\"https:\/\/interamerica.org\/wp-content\/uploads\/2023\/08\/xenia-gamboa-seld2023-portrait.jpg\" alt=\"\" width=\"849\" height=\"555\" srcset=\"https:\/\/interamerica.org\/wp-content\/uploads\/2023\/08\/xenia-gamboa-seld2023-portrait.jpg 1000w, https:\/\/interamerica.org\/wp-content\/uploads\/2023\/08\/xenia-gamboa-seld2023-portrait-300x196.jpg 300w, https:\/\/interamerica.org\/wp-content\/uploads\/2023\/08\/xenia-gamboa-seld2023-portrait-768x502.jpg 768w\" sizes=\"(max-width: 849px) 100vw, 849px\" \/><p id=\"caption-attachment-101542\" class=\"wp-caption-text\">Xenia Gamboa, directrice du Centre \u00c9ducatif Adventiste qui se trouve \u00e0 Hatillo, \u00e0 San Jose, au Costa Rica, et \u00e9galement directrice de l\u2019\u00e9ducation de l\u2019Union Centram\u00e9ricaine du Sud, dit que les conf\u00e9rences SeLD s\u2019am\u00e9liorent d\u2019ann\u00e9e en ann\u00e9e. [Photo : Libna Stevens\/DIA]<\/p><\/div><strong>Pr\u00e9parer les jeunes au leadership<\/strong><\/p>\n<p>Pour Ramon Cedillo, 30 ans, pasteur et directeur des minist\u00e8res de la jeunesse dans la F\u00e9d\u00e9ration du Nord-Est du Mexique, \u00e0 Monterrey, au Mexique, venir \u00e0 la conf\u00e9rence SeLD pour la premi\u00e8re fois a \u00e9largi sa vision en tant que leader. \u00ab Je peux certainement voir le panorama plus large de ce qu\u2019est l\u2019objectif de l\u2019\u00e9glise au niveau de la division et combien il est important d\u2019appr\u00e9cier diff\u00e9rentes id\u00e9es et diff\u00e9rentes cultures. \u00bb Il est important d\u2019avoir une intelligence culturelle et d\u2019avoir une perspective meilleure et plus inclusive, a-t-il ajout\u00e9.<br \/>\nUn s\u00e9minaire qui lui a \u00e9t\u00e9 b\u00e9n\u00e9fique en particulier est celui qu\u2019a dirig\u00e9 Melchor Ferreyra, directeur des minist\u00e8res personnels de la DIA, et dans lequel il soulignait l\u2019importance de la productivit\u00e9 en tant qu\u2019ingr\u00e9dient important du leadership.<\/p>\n<p>\u00ab La productivit\u00e9 a \u00e0 voir avec votre performance personnelle ; cependant, elle vise \u00e0 rendre l\u2019\u00e9quipe qui vous entoure plus productive, \u00bb a d\u00e9clar\u00e9 Melchor Ferreyra. \u00ab Chaque personne qui s\u2019int\u00e8gre \u00e0 votre \u00e9quipe doit \u00eatre consciente de votre vision, de votre mission, de vos strat\u00e9gies et des objectifs \u00e0 atteindre, et amener votre minist\u00e8re et votre \u00e9quipe \u00e0 une productivit\u00e9 maximale. \u00bb<\/p>\n<p><div id=\"attachment_101536\" style=\"width: 859px\" class=\"wp-caption aligncenter\"><img loading=\"lazy\" decoding=\"async\" aria-describedby=\"caption-attachment-101536\" class=\" wp-image-101535\" src=\"https:\/\/interamerica.org\/wp-content\/uploads\/2023\/08\/ramon-cedillo-seld2023.jpg\" alt=\"\" width=\"849\" height=\"554\" srcset=\"https:\/\/interamerica.org\/wp-content\/uploads\/2023\/08\/ramon-cedillo-seld2023.jpg 1000w, https:\/\/interamerica.org\/wp-content\/uploads\/2023\/08\/ramon-cedillo-seld2023-300x196.jpg 300w, https:\/\/interamerica.org\/wp-content\/uploads\/2023\/08\/ramon-cedillo-seld2023-768x502.jpg 768w\" sizes=\"(max-width: 849px) 100vw, 849px\" \/><p id=\"caption-attachment-101536\" class=\"wp-caption-text\">Pasteur Ramon Cedillo, directeur des minist\u00e8res de la jeunesse dans la F\u00e9d\u00e9ration du Nord-Est du Mexique, assiste \u00e0 sa premi\u00e8re conf\u00e9rence SeLD, un an apr\u00e8s avoir \u00e9t\u00e9 \u00e9lu pour diriger plus de 400 jeunes actifs \u00e0 Monterrey. [Photo : Libna Stevens\/DIA]<\/p><\/div>L\u2019un des grands d\u00e9fis rencontr\u00e9s lorsqu\u2019il s\u2019agit de maintenir des initiatives et des activit\u00e9s productives avec les jeunes est de les garder impliqu\u00e9s et engag\u00e9s dans un monde qui les attire vers ce que la ville offre, a-t-il d\u00e9clar\u00e9. Pasteur Cedillo compte plus de 400 jeunes actifs dans sa f\u00e9d\u00e9ration. La ville propose en permanence des \u00e9v\u00e9nements et des productions spectaculaires, a-t-il ajout\u00e9. \u00ab Nous ne d\u00e9finissons pas vraiment nos activit\u00e9s pour les jeunes comme des \u00ab programmes. \u00bb Nous les appelons plut\u00f4t \u00ab exp\u00e9riences. \u00bb Il s\u2019agit de les faire participer \u00e0 des exp\u00e9riences spirituelles, ayant un bon contenu, des productions cr\u00e9atives et des ateliers dynamiques, a dit pasteur Cedillo.<\/p>\n<p>Alors qu\u2019il reprend son r\u00f4le de leader dans son secteur, il promet de faire passer son leadership \u00e0 un cran au-dessus sup\u00e9rieur, la jeunesse \u00e0 un niveau sup\u00e9rieur, et les \u00e9claireurs et les aventuriers un cran au-dessus alors qu\u2019ils construisent une relation avec J\u00e9sus et s\u2019impliquent davantage dans le service \u00e0 la communaut\u00e9. \u00ab En tant que leaders, nous devons offrir davantage d\u2019opportunit\u00e9s aux jeunes de diriger, en leur faisant confiance et en leur offrant un mentorat afin qu\u2019ils puissent devenir des leaders solides dans un monde en constante \u00e9volution, \u00bb a d\u00e9clar\u00e9 pasteur Cedillo.<\/p>\n<p><div id=\"attachment_101530\" style=\"width: 862px\" class=\"wp-caption aligncenter\"><img loading=\"lazy\" decoding=\"async\" aria-describedby=\"caption-attachment-101530\" class=\" wp-image-101529\" src=\"https:\/\/interamerica.org\/wp-content\/uploads\/2023\/08\/seld-juan-prestol-jul25.jpg\" alt=\"\" width=\"852\" height=\"449\" srcset=\"https:\/\/interamerica.org\/wp-content\/uploads\/2023\/08\/seld-juan-prestol-jul25.jpg 1000w, https:\/\/interamerica.org\/wp-content\/uploads\/2023\/08\/seld-juan-prestol-jul25-300x158.jpg 300w, https:\/\/interamerica.org\/wp-content\/uploads\/2023\/08\/seld-juan-prestol-jul25-768x405.jpg 768w\" sizes=\"(max-width: 852px) 100vw, 852px\" \/><p id=\"caption-attachment-101530\" class=\"wp-caption-text\">Juan Prestol, ancien tr\u00e9sorier de la Conf\u00e9rence G\u00e9n\u00e9rale s\u2019adresse aux tr\u00e9soriers de l\u2019ensemble du territoire de l\u2019\u00e9glise en Inter Am\u00e9rique lors de l\u2019une des nombreuses sessions du 25 au 26 juillet 2023. [Photo : Libna Stevens\/DIA]<\/p><\/div><strong>Financer efficacement l\u2019\u00e9glise<\/strong><\/p>\n<p>Apr\u00e8s seulement quatre mois \u00e0 son poste, George Ramos, 29 ans, a particip\u00e9 \u00e0 sa premi\u00e8re conf\u00e9rence SeLD. Apr\u00e8s avoir travaill\u00e9 pendant huit ans comme comptable \u00e0 la F\u00e9d\u00e9ration Comayaguela \u00e0 Tegucigalpa, au Honduras, George Ramos a \u00e9t\u00e9 \u00e9lu tr\u00e9sorier de la F\u00e9d\u00e9ration Atlantique du Honduras \u00e0 La Ceiba. Il a \u00e9cout\u00e9 attentivement chaque pr\u00e9sentation et il a \u00e9t\u00e9 invit\u00e9 \u00e0 se souvenir de chercher Dieu dans la pri\u00e8re chaque jour. \u00ab Nous ne naissons pas avec toute la formation, mais nous pouvons utiliser les outils que Dieu nous donne, compter sur lui et faire de notre mieux pour l\u2019\u00e9glise, \u00bb a-t-il d\u00e9clar\u00e9.<\/p>\n<p>Pendant la courte p\u00e9riode depuis son \u00e9lection en tant que tr\u00e9sorier de la f\u00e9d\u00e9ration, il a d\u00fb g\u00e9rer les finances de 185 \u00e9glises, de trois \u00e9coles primaires et secondaires et de la station de radio.<\/p>\n<p>Dans l\u2019un des nombreux s\u00e9minaires qui ont \u00e9t\u00e9 propos\u00e9s aux tr\u00e9soriers pendant la conf\u00e9rence SeLD, George Ramos a appris qu\u2019il ne sera pas possible de faire tout ce que le pr\u00e9sident propose. \u00ab Je dois \u00eatre en mesure de toujours chercher une solution, et ne pas simplement dire \u2018non\u2019 \u00e0 chaque fois, \u00bb a-t-il d\u00e9clar\u00e9. Il s\u2019agit de chercher des moyens de ne pas d\u00e9penser inutilement, en gardant \u00e0 l\u2019esprit ce qui est le mieux pour l\u2019organisation de l\u2019\u00e9glise, a dit George Ramos.<\/p>\n<p><div id=\"attachment_101533\" style=\"width: 866px\" class=\"wp-caption aligncenter\"><img loading=\"lazy\" decoding=\"async\" aria-describedby=\"caption-attachment-101533\" class=\" wp-image-101532\" src=\"https:\/\/interamerica.org\/wp-content\/uploads\/2023\/08\/george-ramos-seld2023.jpg\" alt=\"\" width=\"856\" height=\"576\" srcset=\"https:\/\/interamerica.org\/wp-content\/uploads\/2023\/08\/george-ramos-seld2023.jpg 1000w, https:\/\/interamerica.org\/wp-content\/uploads\/2023\/08\/george-ramos-seld2023-300x202.jpg 300w, https:\/\/interamerica.org\/wp-content\/uploads\/2023\/08\/george-ramos-seld2023-768x517.jpg 768w\" sizes=\"(max-width: 856px) 100vw, 856px\" \/><p id=\"caption-attachment-101533\" class=\"wp-caption-text\">George Ramos a r\u00e9cemment \u00e9t\u00e9 \u00e9lu tr\u00e9sorier de la F\u00e9d\u00e9ration Atlantique du Honduras \u00e0 La Ceiba, au Honduras, et s\u2019est rendu \u00e0 sa premi\u00e8re conf\u00e9rence SeLD cette ann\u00e9e. [Photo : Libna Stevens\/DIA]<\/p><\/div>Il n\u2019y a pas de fonds en abondance, a-t-il dit. \u00ab Notre \u00e9glise a pour but de pr\u00eacher l\u2019\u00e9vangile, \u00bb a dit George Ramos. \u00ab Oui, nous avons besoin d\u2019argent mais c\u2019est juste un moyen d\u2019amener l\u2019\u00e9vangile aux autres. \u00bb<\/p>\n<p>George Ramos retourne dans son pays d\u2019origine avec une plus grande intention d\u2019\u00e9tablir le contact avec les tr\u00e9soriers des \u00e9glises locales, en en appelant un chaque jour pour prier pour eux et leurs familles, et apprendre \u00e0 conna\u00eetre les difficult\u00e9s auxquelles ils sont confront\u00e9s, et aussi les former afin qu\u2019ils puissent mieux accomplir leurs t\u00e2ches financi\u00e8res avec le syst\u00e8me financier de l\u2019\u00e9glise. Le plan est de parvenir \u00e0 mettre en place un programme de visites dans chaque \u00e9glise et chaque \u00e9cole locales pour avoir un syst\u00e8me financier efficace dans sa f\u00e9d\u00e9ration.<\/p>\n<p>Participer \u00e0 la conf\u00e9rence SeLD a rappel\u00e9 \u00e0 George Ramos \u00e0 quel point il appr\u00e9cie de servir le Seigneur et l\u2019\u00e9glise. \u00ab Ce n\u2019est pas facile mais je prie que Dieu puisse m\u2019utiliser pour que je prenne les bonnes d\u00e9cisions afin de faire avancer l\u2019\u0153uvre. Je me sens vraiment honor\u00e9 de servir mon \u00e9glise.<\/p>\n<p><div id=\"attachment_101521\" style=\"width: 907px\" class=\"wp-caption aligncenter\"><img loading=\"lazy\" decoding=\"async\" aria-describedby=\"caption-attachment-101521\" class=\" wp-image-101520\" src=\"https:\/\/interamerica.org\/wp-content\/uploads\/2023\/08\/seld-audience-wendy-edwards-july2023.jpg\" alt=\"\" width=\"897\" height=\"598\" srcset=\"https:\/\/interamerica.org\/wp-content\/uploads\/2023\/08\/seld-audience-wendy-edwards-july2023.jpg 1000w, https:\/\/interamerica.org\/wp-content\/uploads\/2023\/08\/seld-audience-wendy-edwards-july2023-300x200.jpg 300w, https:\/\/interamerica.org\/wp-content\/uploads\/2023\/08\/seld-audience-wendy-edwards-july2023-768x512.jpg 768w\" sizes=\"(max-width: 897px) 100vw, 897px\" \/><p id=\"caption-attachment-101521\" class=\"wp-caption-text\">Les d\u00e9l\u00e9gu\u00e9s SeLD venus de toute la Division Inter Am\u00e9ricaine \u00e9coutent lors de la derni\u00e8re journ\u00e9e de la conf\u00e9rence annuelle le 26 juillet 2023. [Photo : Libna Stevens\/DIA]<\/p><\/div><strong>Servir avec compassion<\/strong><\/p>\n<p>Wendy Edwards de la Barbade a \u00e9t\u00e9 nomm\u00e9e directrice des ressources humaines en janvier. Elle assiste aux conf\u00e9rences SeLD depuis sept ans maintenant et a beaucoup appr\u00e9ci\u00e9 les pr\u00e9sentations qui informent et interpellent. La conf\u00e9rence SeLD de cette ann\u00e9e lui a rappel\u00e9 que le travail qu\u2019elle r\u00e9alise ne consiste pas seulement \u00e0 se repr\u00e9senter personnellement, mais que \u00ab tout ce que nous faisons doit refl\u00e9ter Dieu dans notre vie, \u00bb a dit Wendy Edwards.<\/p>\n<p>La compassion a \u00e9t\u00e9 un autre objectif principal de la conf\u00e9rence annuelle, a-t-elle d\u00e9clar\u00e9. \u00ab C\u2019est la premi\u00e8re fois que je construis le d\u00e9partement des ressources humaines \u00e0 partir de z\u00e9ro et cela a \u00e9t\u00e9 difficile. Mais je comprends que la compassion doit \u00eatre un \u00e9l\u00e9ment cl\u00e9 du leadership en tant qu\u2019employeur, \u00bb a d\u00e9clar\u00e9 Wendy Edwards. \u00ab C\u2019est gr\u00e2ce \u00e0 la compassion que vous arrivez \u00e0 comprendre o\u00f9 ils [les employ\u00e9s] en sont, quels sont leurs besoins. \u00bb<\/p>\n<p><div id=\"attachment_101539\" style=\"width: 859px\" class=\"wp-caption aligncenter\"><img loading=\"lazy\" decoding=\"async\" aria-describedby=\"caption-attachment-101539\" class=\" wp-image-101538\" src=\"https:\/\/interamerica.org\/wp-content\/uploads\/2023\/08\/wendy-edwards-seld2023.jpg\" alt=\"\" width=\"849\" height=\"586\" srcset=\"https:\/\/interamerica.org\/wp-content\/uploads\/2023\/08\/wendy-edwards-seld2023.jpg 1000w, https:\/\/interamerica.org\/wp-content\/uploads\/2023\/08\/wendy-edwards-seld2023-300x207.jpg 300w, https:\/\/interamerica.org\/wp-content\/uploads\/2023\/08\/wendy-edwards-seld2023-768x530.jpg 768w\" sizes=\"(max-width: 849px) 100vw, 849px\" \/><p id=\"caption-attachment-101539\" class=\"wp-caption-text\">Wendy Edwards, de la F\u00e9d\u00e9ration de l\u2019Est de la Cara\u00efbe, a \u00e9t\u00e9 nomm\u00e9e directrice des ressources humaines en janvier et a particip\u00e9 \u00e0 sept conf\u00e9rences annuelles. [Photo : Libna Stevens\/DIA]<\/p><\/div>Wendy Edwards supervise le d\u00e9partement \u00e0 la F\u00e9d\u00e9ration de l\u2019Est de la Cara\u00efbe \u00e0 la Barbade, avec un personnel compos\u00e9 de 38 personnes, y compris le personnel de l\u2019\u00eele de la Dominique, et participer \u00e0 SeLD l\u2019a aid\u00e9e \u00e0 voir les changements de dynamique \u00e0 laquelle une organisation est confront\u00e9e et \u00e0 quel point il est important de favoriser une culture de s\u00e9curit\u00e9 et de compassion au travail. Elle repart avec un plan visant \u00e0 passer du temps \u00e0 reconsid\u00e9rer les r\u00e8glements du travail dans l\u2019organisation, les conflits d\u2019int\u00e9r\u00eats et les documents contractuels des employ\u00e9s, un sujet qui a fait l\u2019objet de discussions approfondies \u00e0 la conf\u00e9rence SeLD de cette ann\u00e9e.<\/p>\n<p>\u00ab Je veux continuer \u00e0 grandir spirituellement et faire preuve de compassion alors que j\u2019aide les employ\u00e9s \u00e0 se d\u00e9velopper et \u00e0 servir dans la mission de l\u2019\u00e9glise, \u00bb a d\u00e9clar\u00e9 Wendy Edwards.<\/p>\n<p>Traduction: Patrick Luciathe<\/p>\n","protected":false},"excerpt":{"rendered":"<p>2 Ao\u00fbt 2023 | Miami, Floride, \u00c9tats-Unis | Libna Stevens, Actualit\u00e9s de la Division Inter Am\u00e9ricaine C\u2019est la septi\u00e8me fois qu\u2019elle se rend \u00e0 la Conf\u00e9rence annuelle sur le D\u00e9veloppement&#8230;<\/p>\n","protected":false},"author":3,"featured_media":101521,"comment_status":"closed","ping_status":"closed","sticky":false,"template":"","format":"standard","meta":{"_acf_changed":false,"footnotes":""},"categories":[20,19],"tags":[],"class_list":["post-101625","post","type-post","status-publish","format-standard","has-post-thumbnail","hentry","category-nouvelles-du-siege-de-la-division","category-rss-francais"],"acf":[],"yoast_head":"<!-- This site is optimized with the Yoast SEO plugin v27.3 - https:\/\/yoast.com\/product\/yoast-seo-wordpress\/ -->\n<title>Lors de la conf\u00e9rence SeLD, les jeunes leaders et les plus chevronn\u00e9s obtiennent une vision plus claire de leur mission - \u00c9glise Adventiste Du Septieme Jour - Inter Am\u00e9rique Division<\/title>\n<meta name=\"robots\" content=\"index, follow, max-snippet:-1, max-image-preview:large, max-video-preview:-1\" \/>\n<link rel=\"canonical\" href=\"https:\/\/interamerica.org\/fr\/2023\/08\/lors-de-la-conference-seld-les-jeunes-leaders-et-les-plus-chevronnes-obtiennent-une-vision-plus-claire-de-leur-mission\/\" \/>\n<meta property=\"og:locale\" content=\"fr_FR\" \/>\n<meta property=\"og:type\" content=\"article\" \/>\n<meta property=\"og:title\" content=\"Lors de la conf\u00e9rence SeLD, les jeunes leaders et les plus chevronn\u00e9s obtiennent une vision plus claire de leur mission - \u00c9glise Adventiste Du Septieme Jour - Inter Am\u00e9rique Division\" \/>\n<meta property=\"og:description\" content=\"2 Ao\u00fbt 2023 | Miami, Floride, \u00c9tats-Unis | Libna Stevens, Actualit\u00e9s de la Division Inter Am\u00e9ricaine C\u2019est la septi\u00e8me fois qu\u2019elle se rend \u00e0 la Conf\u00e9rence annuelle sur le D\u00e9veloppement...\" \/>\n<meta property=\"og:url\" content=\"https:\/\/interamerica.org\/fr\/2023\/08\/lors-de-la-conference-seld-les-jeunes-leaders-et-les-plus-chevronnes-obtiennent-une-vision-plus-claire-de-leur-mission\/\" \/>\n<meta property=\"og:site_name\" content=\"\u00c9glise Adventiste Du Septieme Jour - Inter Am\u00e9rique Division\" \/>\n<meta property=\"article:published_time\" content=\"2023-08-03T03:13:31+00:00\" \/>\n<meta property=\"article:modified_time\" content=\"2023-08-04T01:13:30+00:00\" \/>\n<meta property=\"og:image\" content=\"https:\/\/interamerica.org\/wp-content\/uploads\/2023\/08\/seld-audience-wendy-edwards-july2023.jpg\" \/>\n\t<meta property=\"og:image:width\" content=\"1000\" \/>\n\t<meta property=\"og:image:height\" content=\"667\" \/>\n\t<meta property=\"og:image:type\" content=\"image\/jpeg\" \/>\n<meta name=\"author\" content=\"libna\" \/>\n<meta name=\"twitter:card\" content=\"summary_large_image\" \/>\n<meta name=\"twitter:label1\" content=\"\u00c9crit par\" \/>\n\t<meta name=\"twitter:data1\" content=\"libna\" \/>\n\t<meta name=\"twitter:label2\" content=\"Dur\u00e9e de lecture estim\u00e9e\" \/>\n\t<meta name=\"twitter:data2\" content=\"11 minutes\" \/>\n<script type=\"application\/ld+json\" class=\"yoast-schema-graph\">{\"@context\":\"https:\\\/\\\/schema.org\",\"@graph\":[{\"@type\":\"Article\",\"@id\":\"https:\\\/\\\/interamerica.org\\\/fr\\\/2023\\\/08\\\/lors-de-la-conference-seld-les-jeunes-leaders-et-les-plus-chevronnes-obtiennent-une-vision-plus-claire-de-leur-mission\\\/#article\",\"isPartOf\":{\"@id\":\"https:\\\/\\\/interamerica.org\\\/fr\\\/2023\\\/08\\\/lors-de-la-conference-seld-les-jeunes-leaders-et-les-plus-chevronnes-obtiennent-une-vision-plus-claire-de-leur-mission\\\/\"},\"author\":{\"name\":\"libna\",\"@id\":\"https:\\\/\\\/interamerica.org\\\/fr\\\/#\\\/schema\\\/person\\\/29998f2bc2d8bd0d38662909289b54f1\"},\"headline\":\"Lors de la conf\u00e9rence SeLD, les jeunes leaders et les plus chevronn\u00e9s obtiennent une vision plus claire de leur mission\",\"datePublished\":\"2023-08-03T03:13:31+00:00\",\"dateModified\":\"2023-08-04T01:13:30+00:00\",\"mainEntityOfPage\":{\"@id\":\"https:\\\/\\\/interamerica.org\\\/fr\\\/2023\\\/08\\\/lors-de-la-conference-seld-les-jeunes-leaders-et-les-plus-chevronnes-obtiennent-une-vision-plus-claire-de-leur-mission\\\/\"},\"wordCount\":2223,\"image\":{\"@id\":\"https:\\\/\\\/interamerica.org\\\/fr\\\/2023\\\/08\\\/lors-de-la-conference-seld-les-jeunes-leaders-et-les-plus-chevronnes-obtiennent-une-vision-plus-claire-de-leur-mission\\\/#primaryimage\"},\"thumbnailUrl\":\"https:\\\/\\\/interamerica.org\\\/wp-content\\\/uploads\\\/2023\\\/08\\\/seld-audience-wendy-edwards-july2023.jpg\",\"articleSection\":[\"Nouvelles du si\u00e8ge de la division\",\"RSS Fran\u00e7ais\"],\"inLanguage\":\"fr-FR\"},{\"@type\":\"WebPage\",\"@id\":\"https:\\\/\\\/interamerica.org\\\/fr\\\/2023\\\/08\\\/lors-de-la-conference-seld-les-jeunes-leaders-et-les-plus-chevronnes-obtiennent-une-vision-plus-claire-de-leur-mission\\\/\",\"url\":\"https:\\\/\\\/interamerica.org\\\/fr\\\/2023\\\/08\\\/lors-de-la-conference-seld-les-jeunes-leaders-et-les-plus-chevronnes-obtiennent-une-vision-plus-claire-de-leur-mission\\\/\",\"name\":\"Lors de la conf\u00e9rence SeLD, les jeunes leaders et les plus chevronn\u00e9s obtiennent une vision plus claire de leur mission - \u00c9glise Adventiste Du Septieme Jour - Inter Am\u00e9rique Division\",\"isPartOf\":{\"@id\":\"https:\\\/\\\/interamerica.org\\\/fr\\\/#website\"},\"primaryImageOfPage\":{\"@id\":\"https:\\\/\\\/interamerica.org\\\/fr\\\/2023\\\/08\\\/lors-de-la-conference-seld-les-jeunes-leaders-et-les-plus-chevronnes-obtiennent-une-vision-plus-claire-de-leur-mission\\\/#primaryimage\"},\"image\":{\"@id\":\"https:\\\/\\\/interamerica.org\\\/fr\\\/2023\\\/08\\\/lors-de-la-conference-seld-les-jeunes-leaders-et-les-plus-chevronnes-obtiennent-une-vision-plus-claire-de-leur-mission\\\/#primaryimage\"},\"thumbnailUrl\":\"https:\\\/\\\/interamerica.org\\\/wp-content\\\/uploads\\\/2023\\\/08\\\/seld-audience-wendy-edwards-july2023.jpg\",\"datePublished\":\"2023-08-03T03:13:31+00:00\",\"dateModified\":\"2023-08-04T01:13:30+00:00\",\"author\":{\"@id\":\"https:\\\/\\\/interamerica.org\\\/fr\\\/#\\\/schema\\\/person\\\/29998f2bc2d8bd0d38662909289b54f1\"},\"breadcrumb\":{\"@id\":\"https:\\\/\\\/interamerica.org\\\/fr\\\/2023\\\/08\\\/lors-de-la-conference-seld-les-jeunes-leaders-et-les-plus-chevronnes-obtiennent-une-vision-plus-claire-de-leur-mission\\\/#breadcrumb\"},\"inLanguage\":\"fr-FR\",\"potentialAction\":[{\"@type\":\"ReadAction\",\"target\":[\"https:\\\/\\\/interamerica.org\\\/fr\\\/2023\\\/08\\\/lors-de-la-conference-seld-les-jeunes-leaders-et-les-plus-chevronnes-obtiennent-une-vision-plus-claire-de-leur-mission\\\/\"]}]},{\"@type\":\"ImageObject\",\"inLanguage\":\"fr-FR\",\"@id\":\"https:\\\/\\\/interamerica.org\\\/fr\\\/2023\\\/08\\\/lors-de-la-conference-seld-les-jeunes-leaders-et-les-plus-chevronnes-obtiennent-une-vision-plus-claire-de-leur-mission\\\/#primaryimage\",\"url\":\"https:\\\/\\\/interamerica.org\\\/wp-content\\\/uploads\\\/2023\\\/08\\\/seld-audience-wendy-edwards-july2023.jpg\",\"contentUrl\":\"https:\\\/\\\/interamerica.org\\\/wp-content\\\/uploads\\\/2023\\\/08\\\/seld-audience-wendy-edwards-july2023.jpg\",\"width\":1000,\"height\":667,\"caption\":\"[Photo: Libna Stevens\\\/IAD]\"},{\"@type\":\"BreadcrumbList\",\"@id\":\"https:\\\/\\\/interamerica.org\\\/fr\\\/2023\\\/08\\\/lors-de-la-conference-seld-les-jeunes-leaders-et-les-plus-chevronnes-obtiennent-une-vision-plus-claire-de-leur-mission\\\/#breadcrumb\",\"itemListElement\":[{\"@type\":\"ListItem\",\"position\":1,\"name\":\"Home\",\"item\":\"https:\\\/\\\/interamerica.org\\\/fr\\\/\"},{\"@type\":\"ListItem\",\"position\":2,\"name\":\"Lors de la conf\u00e9rence SeLD, les jeunes leaders et les plus chevronn\u00e9s obtiennent une vision plus claire de leur mission\"}]},{\"@type\":\"WebSite\",\"@id\":\"https:\\\/\\\/interamerica.org\\\/fr\\\/#website\",\"url\":\"https:\\\/\\\/interamerica.org\\\/fr\\\/\",\"name\":\"\u00c9glise Adventiste Du Septieme Jour - Inter Am\u00e9rique Division\",\"description\":\"\",\"potentialAction\":[{\"@type\":\"SearchAction\",\"target\":{\"@type\":\"EntryPoint\",\"urlTemplate\":\"https:\\\/\\\/interamerica.org\\\/fr\\\/?s={search_term_string}\"},\"query-input\":{\"@type\":\"PropertyValueSpecification\",\"valueRequired\":true,\"valueName\":\"search_term_string\"}}],\"inLanguage\":\"fr-FR\"},{\"@type\":\"Person\",\"@id\":\"https:\\\/\\\/interamerica.org\\\/fr\\\/#\\\/schema\\\/person\\\/29998f2bc2d8bd0d38662909289b54f1\",\"name\":\"libna\",\"image\":{\"@type\":\"ImageObject\",\"inLanguage\":\"fr-FR\",\"@id\":\"https:\\\/\\\/secure.gravatar.com\\\/avatar\\\/7c5bd30ae4b47a9ba3c856590957fd1d96dc588bf3ac05719d247e126840331f?s=96&d=mm&r=g\",\"url\":\"https:\\\/\\\/secure.gravatar.com\\\/avatar\\\/7c5bd30ae4b47a9ba3c856590957fd1d96dc588bf3ac05719d247e126840331f?s=96&d=mm&r=g\",\"contentUrl\":\"https:\\\/\\\/secure.gravatar.com\\\/avatar\\\/7c5bd30ae4b47a9ba3c856590957fd1d96dc588bf3ac05719d247e126840331f?s=96&d=mm&r=g\",\"caption\":\"libna\"}}]}<\/script>\n<!-- \/ Yoast SEO plugin. -->","yoast_head_json":{"title":"Lors de la conf\u00e9rence SeLD, les jeunes leaders et les plus chevronn\u00e9s obtiennent une vision plus claire de leur mission - \u00c9glise Adventiste Du Septieme Jour - Inter Am\u00e9rique Division","robots":{"index":"index","follow":"follow","max-snippet":"max-snippet:-1","max-image-preview":"max-image-preview:large","max-video-preview":"max-video-preview:-1"},"canonical":"https:\/\/interamerica.org\/fr\/2023\/08\/lors-de-la-conference-seld-les-jeunes-leaders-et-les-plus-chevronnes-obtiennent-une-vision-plus-claire-de-leur-mission\/","og_locale":"fr_FR","og_type":"article","og_title":"Lors de la conf\u00e9rence SeLD, les jeunes leaders et les plus chevronn\u00e9s obtiennent une vision plus claire de leur mission - \u00c9glise Adventiste Du Septieme Jour - Inter Am\u00e9rique Division","og_description":"2 Ao\u00fbt 2023 | Miami, Floride, \u00c9tats-Unis | Libna Stevens, Actualit\u00e9s de la Division Inter Am\u00e9ricaine C\u2019est la septi\u00e8me fois qu\u2019elle se rend \u00e0 la Conf\u00e9rence annuelle sur le D\u00e9veloppement...","og_url":"https:\/\/interamerica.org\/fr\/2023\/08\/lors-de-la-conference-seld-les-jeunes-leaders-et-les-plus-chevronnes-obtiennent-une-vision-plus-claire-de-leur-mission\/","og_site_name":"\u00c9glise Adventiste Du Septieme Jour - Inter Am\u00e9rique Division","article_published_time":"2023-08-03T03:13:31+00:00","article_modified_time":"2023-08-04T01:13:30+00:00","og_image":[{"width":1000,"height":667,"url":"https:\/\/interamerica.org\/wp-content\/uploads\/2023\/08\/seld-audience-wendy-edwards-july2023.jpg","type":"image\/jpeg"}],"author":"libna","twitter_card":"summary_large_image","twitter_misc":{"\u00c9crit par":"libna","Dur\u00e9e de lecture estim\u00e9e":"11 minutes"},"schema":{"@context":"https:\/\/schema.org","@graph":[{"@type":"Article","@id":"https:\/\/interamerica.org\/fr\/2023\/08\/lors-de-la-conference-seld-les-jeunes-leaders-et-les-plus-chevronnes-obtiennent-une-vision-plus-claire-de-leur-mission\/#article","isPartOf":{"@id":"https:\/\/interamerica.org\/fr\/2023\/08\/lors-de-la-conference-seld-les-jeunes-leaders-et-les-plus-chevronnes-obtiennent-une-vision-plus-claire-de-leur-mission\/"},"author":{"name":"libna","@id":"https:\/\/interamerica.org\/fr\/#\/schema\/person\/29998f2bc2d8bd0d38662909289b54f1"},"headline":"Lors de la conf\u00e9rence SeLD, les jeunes leaders et les plus chevronn\u00e9s obtiennent une vision plus claire de leur mission","datePublished":"2023-08-03T03:13:31+00:00","dateModified":"2023-08-04T01:13:30+00:00","mainEntityOfPage":{"@id":"https:\/\/interamerica.org\/fr\/2023\/08\/lors-de-la-conference-seld-les-jeunes-leaders-et-les-plus-chevronnes-obtiennent-une-vision-plus-claire-de-leur-mission\/"},"wordCount":2223,"image":{"@id":"https:\/\/interamerica.org\/fr\/2023\/08\/lors-de-la-conference-seld-les-jeunes-leaders-et-les-plus-chevronnes-obtiennent-une-vision-plus-claire-de-leur-mission\/#primaryimage"},"thumbnailUrl":"https:\/\/interamerica.org\/wp-content\/uploads\/2023\/08\/seld-audience-wendy-edwards-july2023.jpg","articleSection":["Nouvelles du si\u00e8ge de la division","RSS Fran\u00e7ais"],"inLanguage":"fr-FR"},{"@type":"WebPage","@id":"https:\/\/interamerica.org\/fr\/2023\/08\/lors-de-la-conference-seld-les-jeunes-leaders-et-les-plus-chevronnes-obtiennent-une-vision-plus-claire-de-leur-mission\/","url":"https:\/\/interamerica.org\/fr\/2023\/08\/lors-de-la-conference-seld-les-jeunes-leaders-et-les-plus-chevronnes-obtiennent-une-vision-plus-claire-de-leur-mission\/","name":"Lors de la conf\u00e9rence SeLD, les jeunes leaders et les plus chevronn\u00e9s obtiennent une vision plus claire de leur mission - \u00c9glise Adventiste Du Septieme Jour - Inter Am\u00e9rique Division","isPartOf":{"@id":"https:\/\/interamerica.org\/fr\/#website"},"primaryImageOfPage":{"@id":"https:\/\/interamerica.org\/fr\/2023\/08\/lors-de-la-conference-seld-les-jeunes-leaders-et-les-plus-chevronnes-obtiennent-une-vision-plus-claire-de-leur-mission\/#primaryimage"},"image":{"@id":"https:\/\/interamerica.org\/fr\/2023\/08\/lors-de-la-conference-seld-les-jeunes-leaders-et-les-plus-chevronnes-obtiennent-une-vision-plus-claire-de-leur-mission\/#primaryimage"},"thumbnailUrl":"https:\/\/interamerica.org\/wp-content\/uploads\/2023\/08\/seld-audience-wendy-edwards-july2023.jpg","datePublished":"2023-08-03T03:13:31+00:00","dateModified":"2023-08-04T01:13:30+00:00","author":{"@id":"https:\/\/interamerica.org\/fr\/#\/schema\/person\/29998f2bc2d8bd0d38662909289b54f1"},"breadcrumb":{"@id":"https:\/\/interamerica.org\/fr\/2023\/08\/lors-de-la-conference-seld-les-jeunes-leaders-et-les-plus-chevronnes-obtiennent-une-vision-plus-claire-de-leur-mission\/#breadcrumb"},"inLanguage":"fr-FR","potentialAction":[{"@type":"ReadAction","target":["https:\/\/interamerica.org\/fr\/2023\/08\/lors-de-la-conference-seld-les-jeunes-leaders-et-les-plus-chevronnes-obtiennent-une-vision-plus-claire-de-leur-mission\/"]}]},{"@type":"ImageObject","inLanguage":"fr-FR","@id":"https:\/\/interamerica.org\/fr\/2023\/08\/lors-de-la-conference-seld-les-jeunes-leaders-et-les-plus-chevronnes-obtiennent-une-vision-plus-claire-de-leur-mission\/#primaryimage","url":"https:\/\/interamerica.org\/wp-content\/uploads\/2023\/08\/seld-audience-wendy-edwards-july2023.jpg","contentUrl":"https:\/\/interamerica.org\/wp-content\/uploads\/2023\/08\/seld-audience-wendy-edwards-july2023.jpg","width":1000,"height":667,"caption":"[Photo: Libna Stevens\/IAD]"},{"@type":"BreadcrumbList","@id":"https:\/\/interamerica.org\/fr\/2023\/08\/lors-de-la-conference-seld-les-jeunes-leaders-et-les-plus-chevronnes-obtiennent-une-vision-plus-claire-de-leur-mission\/#breadcrumb","itemListElement":[{"@type":"ListItem","position":1,"name":"Home","item":"https:\/\/interamerica.org\/fr\/"},{"@type":"ListItem","position":2,"name":"Lors de la conf\u00e9rence SeLD, les jeunes leaders et les plus chevronn\u00e9s obtiennent une vision plus claire de leur mission"}]},{"@type":"WebSite","@id":"https:\/\/interamerica.org\/fr\/#website","url":"https:\/\/interamerica.org\/fr\/","name":"\u00c9glise Adventiste Du Septieme Jour - Inter Am\u00e9rique Division","description":"","potentialAction":[{"@type":"SearchAction","target":{"@type":"EntryPoint","urlTemplate":"https:\/\/interamerica.org\/fr\/?s={search_term_string}"},"query-input":{"@type":"PropertyValueSpecification","valueRequired":true,"valueName":"search_term_string"}}],"inLanguage":"fr-FR"},{"@type":"Person","@id":"https:\/\/interamerica.org\/fr\/#\/schema\/person\/29998f2bc2d8bd0d38662909289b54f1","name":"libna","image":{"@type":"ImageObject","inLanguage":"fr-FR","@id":"https:\/\/secure.gravatar.com\/avatar\/7c5bd30ae4b47a9ba3c856590957fd1d96dc588bf3ac05719d247e126840331f?s=96&d=mm&r=g","url":"https:\/\/secure.gravatar.com\/avatar\/7c5bd30ae4b47a9ba3c856590957fd1d96dc588bf3ac05719d247e126840331f?s=96&d=mm&r=g","contentUrl":"https:\/\/secure.gravatar.com\/avatar\/7c5bd30ae4b47a9ba3c856590957fd1d96dc588bf3ac05719d247e126840331f?s=96&d=mm&r=g","caption":"libna"}}]}},"_links":{"self":[{"href":"https:\/\/interamerica.org\/fr\/wp-json\/wp\/v2\/posts\/101625","targetHints":{"allow":["GET"]}}],"collection":[{"href":"https:\/\/interamerica.org\/fr\/wp-json\/wp\/v2\/posts"}],"about":[{"href":"https:\/\/interamerica.org\/fr\/wp-json\/wp\/v2\/types\/post"}],"author":[{"embeddable":true,"href":"https:\/\/interamerica.org\/fr\/wp-json\/wp\/v2\/users\/3"}],"replies":[{"embeddable":true,"href":"https:\/\/interamerica.org\/fr\/wp-json\/wp\/v2\/comments?post=101625"}],"version-history":[{"count":0,"href":"https:\/\/interamerica.org\/fr\/wp-json\/wp\/v2\/posts\/101625\/revisions"}],"wp:featuredmedia":[{"embeddable":true,"href":"https:\/\/interamerica.org\/fr\/wp-json\/wp\/v2\/media\/101521"}],"wp:attachment":[{"href":"https:\/\/interamerica.org\/fr\/wp-json\/wp\/v2\/media?parent=101625"}],"wp:term":[{"taxonomy":"category","embeddable":true,"href":"https:\/\/interamerica.org\/fr\/wp-json\/wp\/v2\/categories?post=101625"},{"taxonomy":"post_tag","embeddable":true,"href":"https:\/\/interamerica.org\/fr\/wp-json\/wp\/v2\/tags?post=101625"}],"curies":[{"name":"wp","href":"https:\/\/api.w.org\/{rel}","templated":true}]}}