{"id":101626,"date":"2023-08-03T11:47:32","date_gmt":"2023-08-03T15:47:32","guid":{"rendered":"https:\/\/interamerica.org\/?p=101626"},"modified":"2023-08-03T21:12:14","modified_gmt":"2023-08-04T01:12:14","slug":"un-universitaire-discute-de-la-theologie-qui-sous-tend-lengagement-communautaire-adventiste","status":"publish","type":"post","link":"https:\/\/interamerica.org\/fr\/2023\/08\/un-universitaire-discute-de-la-theologie-qui-sous-tend-lengagement-communautaire-adventiste\/","title":{"rendered":"Un universitaire discute de la th\u00e9ologie qui sous-tend l\u2019engagement communautaire adventiste"},"content":{"rendered":"<p>3 Ao\u00fbt 2023 | Miami, Floride, \u00c9tats-Unis | Marcos Paseggi, pour les Actualit\u00e9s de la Division Inter Am\u00e9ricaine<\/p>\n<p>\u00ab Si nous pensons que l\u2019\u00c9glise adventiste du septi\u00e8me jour est le centre de l\u2019univers, nous passons \u00e0 c\u00f4t\u00e9 de l\u2019essentiel, \u00bb a d\u00e9clar\u00e9 Sung Kwon, au d\u00e9but de sa pr\u00e9sentation le 26 juillet lors de l\u2019\u00e9dition 2023 de la Conf\u00e9rence sur le D\u00e9veloppement du Leadership par Segment (SeLD) organis\u00e9e par la Division Inter Am\u00e9ricaine (DIA) \u00e0 Miami, en Floride, aux \u00c9tats-Unis. Sung Kwon, maitre de conf\u00e9rences \u00e0 l\u2019\u00c9cole de Leadership et directeur du programme de Ma\u00eetrise en Leadership dans l\u2019Innovation Sociale \u00e0 l\u2019Universit\u00e9 d\u2019Andrews, a d\u00e9clar\u00e9 aux centaines de dirigeants d\u2019\u00e9glise participant au programme en personne et en ligne que nous devons mettre l\u2019accent sur le royaume de Dieu. \u00ab Nous devons mettre l\u2019emphase sur notre Dieu qui nous a command\u00e9 d\u2019accomplir sa mission dans nos communaut\u00e9s, qui font partie de son royaume, \u00bb a-t-il d\u00e9clar\u00e9.<\/p>\n<p><strong>A la recherche de la pl\u00e9nitude<\/strong><\/p>\n<p>L\u2019\u00e9vangile est un message de r\u00e9conciliation \u2013 r\u00e9tablir le contact avec Dieu et r\u00e9tablir le contact entre les gens et leurs familles, leurs voisins et leurs communaut\u00e9s, a expliqu\u00e9 Sung Kwon. Le minist\u00e8re commence avec un Dieu qui nous aime et nous envoie aimer les autres. \u00ab Parfois, nous sommes coinc\u00e9s dans nos objectifs institutionnels qui ne voient pas tr\u00e8s loin. Nous oublions pourquoi nous existons et nous interpr\u00e9tons la Bible \u00e0 travers ces lentilles myopes, \u00bb a-t-il d\u00e9clar\u00e9.<\/p>\n<p><div id=\"attachment_101600\" style=\"width: 858px\" class=\"wp-caption aligncenter\"><img fetchpriority=\"high\" decoding=\"async\" aria-describedby=\"caption-attachment-101600\" class=\" wp-image-101599\" src=\"https:\/\/interamerica.org\/wp-content\/uploads\/2023\/08\/seld-sung-kwon-july26.jpg\" alt=\"\" width=\"848\" height=\"528\" srcset=\"https:\/\/interamerica.org\/wp-content\/uploads\/2023\/08\/seld-sung-kwon-july26.jpg 1000w, https:\/\/interamerica.org\/wp-content\/uploads\/2023\/08\/seld-sung-kwon-july26-300x187.jpg 300w, https:\/\/interamerica.org\/wp-content\/uploads\/2023\/08\/seld-sung-kwon-july26-768x478.jpg 768w\" sizes=\"(max-width: 848px) 100vw, 848px\" \/><p id=\"caption-attachment-101600\" class=\"wp-caption-text\">Sung Kwon, professeur \u00e0 l\u2019\u00c9cole de Leadership et directeur du programme de Ma\u00eetrise en Leadership en Innovation Sociale \u00e0 l\u2019Universit\u00e9 d\u2019Andrews, rappelle aux dirigeants que \u00ab nous devons faire partie de notre communaut\u00e9 parce que notre communaut\u00e9 appartient au royaume de Dieu, \u00bb lors de la Conf\u00e9rence sur le D\u00e9veloppement du Leadership par Segment organis\u00e9 par la DIA \u00e0 Miami, en Floride, aux \u00c9tats-Unis, le 26 juillet 2023. [Photo : Libna Stevens\/DIA]<\/p><\/div>Sung Kwon a rappel\u00e9 \u00e0 son auditoire que lorsque J\u00e9sus a lu sa d\u00e9claration messianique rapport\u00e9e dans Luc 4, il a dit \u00e0 ceux qui l\u2019\u00e9coutaient que l\u2019Esprit du Seigneur l\u2019avait oint pour annoncer une bonne nouvelle aux pauvres. \u00ab Dans l\u2019original, ce ne sont pas seulement des gens qui n\u2019ont pas beaucoup d\u2019argent, \u00bb a expliqu\u00e9 Sung Kwon. \u00ab La d\u00e9claration inclut ceux qui sont globalement pauvres &#8211; ceux qui sont afflig\u00e9s, qui manquent de <em>shalom<\/em>, ou de pl\u00e9nitude. En fait, Luc 4 appelle \u00e0 la proclamation de la bonne nouvelle du salut, \u00e0 la compassion pour les malades et les afflig\u00e9s et \u00e0 un engagement majestueux envers la justice qui restaure. \u00bb<\/p>\n<p>\u00c0 cet \u00e9gard, a ajout\u00e9 Sung Kwon, lorsque J\u00e9sus dit : \u00ab Je veux que vous soyez parfaits comme votre P\u00e8re est parfait, \u00bb il ne dit pas qu\u2019il faille devenir un \u00eatre humain sans p\u00e9ch\u00e9. Dieu veut que vous soyez dans la pl\u00e9nitude &#8211; dans votre bien-\u00eatre physique, mental, social et spirituel. \u00bb<\/p>\n<p>Les interactions sociales font partie de cette pl\u00e9nitude, a d\u00e9clar\u00e9 Sung Kwon. \u00ab L\u2019aspect social doit en faire partie. Nous devons faire partie de notre communaut\u00e9 parce que notre communaut\u00e9 appartient au royaume de Dieu. \u00bb<\/p>\n<p><strong>Comment cela se manifeste dans la pratique<\/strong><\/p>\n<p>Sung Kwon a montr\u00e9 comment il croit qu\u2019il existe un lien \u00e9troit entre les d\u00e9clarations de J\u00e9sus dans Luc 4 et les initiatives spirituelles et physiques des membres de l\u2019\u00c9glise adventiste dans leurs communaut\u00e9s. \u00ab Annoncer l\u2019\u00e9vangile aux pauvres, c\u2019est raconter l\u2019histoire de J\u00e9sus et vivre cette histoire en aidant les n\u00e9cessiteux, \u00bb a-t-il d\u00e9clar\u00e9. \u00ab Proclamer aux captifs la d\u00e9livrance inclut le fait d\u2019enseigner que l\u2019esclavage du p\u00e9ch\u00e9 est termin\u00e9 et se battre pour la libert\u00e9 pour tous. Et le recouvrement de la vue par les aveugles implique de supprimer l\u2019ignorance au sujet de Dieu et d\u2019apporter une aide m\u00e9dicale aux malades. \u00bb<\/p>\n<p>Il a \u00e9galement mentionn\u00e9 le fait de renvoyer libres les opprim\u00e9s, ce qui implique de lib\u00e9rer les gens de l\u2019emprise du p\u00e9ch\u00e9 et d\u2019aide \u00e0 \u00e9liminer l\u2019injustice du monde ; et de publier une ann\u00e9e de gr\u00e2ce du Seigneur, ce qui implique d\u2019injecter de l\u2019esp\u00e9rance chez les morts spirituels et travailler de telle sorte que les \u00eatres humains, partout o\u00f9 ils se trouvent, puissent prosp\u00e9rer.<\/p>\n<p>Sung Kwon a soulign\u00e9 que notre th\u00e9ologie &#8211; penser, parler et \u00e9crire au sujet de Dieu &#8211; devrait \u00e9clairer notre foi et notre \u00e9thique &#8211; comment nous mettons les choses en pratique. \u00ab Nous ne pouvons pas simplement lire les \u00c9critures sans pratiquer nos croyances, \u00bb a-t-il soulign\u00e9. \u00ab En fin de compte, ce n\u2019est pas le site o\u00f9 se trouve votre \u00e9glise qui d\u00e9termine votre pr\u00e9sence dans la communaut\u00e9. Au contraire, votre engagement dans la communaut\u00e9, c\u2019est \u00e7a votre pr\u00e9sence. \u00bb<\/p>\n<p><strong>Une pr\u00e9sence fid\u00e8le du royaume de Dieu<\/strong><\/p>\n<p>Chaque congr\u00e9gation adventiste doit devenir une pr\u00e9sence fid\u00e8le du royaume de Dieu, a soulign\u00e9 Sung Kwon. \u00ab Et cela ne se fera pas automatiquement. Nous devons nous impliquer de mani\u00e8re intentionnelle, provisoire et durable, \u00bb a-t-il d\u00e9clar\u00e9. \u00ab Nous pouvons nous vanter de tous les membres d\u2019\u00e9glise et de tous les lieux de culte que nous avons, mais si nous ne cr\u00e9ons aucun impact dans nos communaut\u00e9s, ce ne sont que des mots vides de sens. Le royaume de Dieu doit \u00eatre une r\u00e9alit\u00e9 sur terre comme il l\u2019est au ciel. \u00bb<\/p>\n<p>En ce sens, Sung Kwon a soulign\u00e9 que nous ne pouvons pas aller dans la communaut\u00e9 juste une fois par an, en fonction de notre calendrier de programmes, notre \u00e9vang\u00e9lisation publique, et nous attendre \u00e0 ce que les gens nous suivent. \u00ab Les gens [diront] : \u2018Qui \u00eates-vous ?\u2019 Vous n\u2019avez pas gagn\u00e9 le droit de pr\u00eacher la bonne nouvelle. Vous devez \u00e9tablir une relation entre l\u2019\u00e9glise et la communaut\u00e9. \u00bb<\/p>\n<p>\u00c9tablir des relations changera notre approche et nos fa\u00e7ons d\u2019entrer en relation avec nos communaut\u00e9s, a dit Sung Kwon. \u00ab Lorsque vous voyez des gens dans votre communaut\u00e9, vous ne devriez pas les voir comme des candidats potentiels au bapt\u00eame. Vous devriez voir les gens comme des \u00e2mes pr\u00e9cieuses qui appartiennent \u00e0 Dieu et montrer un int\u00e9r\u00eat sinc\u00e8re pour leur bien-\u00eatre, \u00bb a-t-il d\u00e9clar\u00e9. \u00ab En tant que membres d\u2019\u00e9glise, nous avons pour mission de devenir des agents de transformation\u2026 Nous devons aller dans nos communaut\u00e9s et transformer des vies. \u00bb<\/p>\n<p>Traduction: Patrick Luciathe<\/p>\n","protected":false},"excerpt":{"rendered":"<p>3 Ao\u00fbt 2023 | Miami, Floride, \u00c9tats-Unis | Marcos Paseggi, pour les Actualit\u00e9s de la Division Inter Am\u00e9ricaine \u00ab Si nous pensons que l\u2019\u00c9glise adventiste du septi\u00e8me jour est le&#8230;<\/p>\n","protected":false},"author":3,"featured_media":101600,"comment_status":"closed","ping_status":"closed","sticky":false,"template":"","format":"standard","meta":{"_acf_changed":false,"footnotes":""},"categories":[20,19],"tags":[],"class_list":["post-101626","post","type-post","status-publish","format-standard","has-post-thumbnail","hentry","category-nouvelles-du-siege-de-la-division","category-rss-francais"],"acf":[],"yoast_head":"<!-- This site is optimized with the Yoast SEO plugin v27.3 - https:\/\/yoast.com\/product\/yoast-seo-wordpress\/ -->\n<title>Un universitaire discute de la th\u00e9ologie qui sous-tend l\u2019engagement communautaire adventiste - \u00c9glise Adventiste Du Septieme Jour - Inter Am\u00e9rique Division<\/title>\n<meta name=\"robots\" content=\"index, follow, max-snippet:-1, max-image-preview:large, max-video-preview:-1\" \/>\n<link rel=\"canonical\" href=\"https:\/\/interamerica.org\/fr\/2023\/08\/un-universitaire-discute-de-la-theologie-qui-sous-tend-lengagement-communautaire-adventiste\/\" \/>\n<meta property=\"og:locale\" content=\"fr_FR\" \/>\n<meta property=\"og:type\" content=\"article\" \/>\n<meta property=\"og:title\" content=\"Un universitaire discute de la th\u00e9ologie qui sous-tend l\u2019engagement communautaire adventiste - \u00c9glise Adventiste Du Septieme Jour - Inter Am\u00e9rique Division\" \/>\n<meta property=\"og:description\" content=\"3 Ao\u00fbt 2023 | Miami, Floride, \u00c9tats-Unis | Marcos Paseggi, pour les Actualit\u00e9s de la Division Inter Am\u00e9ricaine \u00ab Si nous pensons que l\u2019\u00c9glise adventiste du septi\u00e8me jour est le...\" \/>\n<meta property=\"og:url\" content=\"https:\/\/interamerica.org\/fr\/2023\/08\/un-universitaire-discute-de-la-theologie-qui-sous-tend-lengagement-communautaire-adventiste\/\" \/>\n<meta property=\"og:site_name\" content=\"\u00c9glise Adventiste Du Septieme Jour - Inter Am\u00e9rique Division\" \/>\n<meta property=\"article:published_time\" content=\"2023-08-03T15:47:32+00:00\" \/>\n<meta property=\"article:modified_time\" content=\"2023-08-04T01:12:14+00:00\" \/>\n<meta property=\"og:image\" content=\"https:\/\/interamerica.org\/wp-content\/uploads\/2023\/08\/seld-sung-kwon-july26.jpg\" \/>\n\t<meta property=\"og:image:width\" content=\"1000\" \/>\n\t<meta property=\"og:image:height\" content=\"623\" \/>\n\t<meta property=\"og:image:type\" content=\"image\/jpeg\" \/>\n<meta name=\"author\" content=\"libna\" \/>\n<meta name=\"twitter:card\" content=\"summary_large_image\" \/>\n<meta name=\"twitter:label1\" content=\"\u00c9crit par\" \/>\n\t<meta name=\"twitter:data1\" content=\"libna\" \/>\n\t<meta name=\"twitter:label2\" content=\"Dur\u00e9e de lecture estim\u00e9e\" \/>\n\t<meta name=\"twitter:data2\" content=\"5 minutes\" \/>\n<script type=\"application\/ld+json\" class=\"yoast-schema-graph\">{\"@context\":\"https:\\\/\\\/schema.org\",\"@graph\":[{\"@type\":\"Article\",\"@id\":\"https:\\\/\\\/interamerica.org\\\/fr\\\/2023\\\/08\\\/un-universitaire-discute-de-la-theologie-qui-sous-tend-lengagement-communautaire-adventiste\\\/#article\",\"isPartOf\":{\"@id\":\"https:\\\/\\\/interamerica.org\\\/fr\\\/2023\\\/08\\\/un-universitaire-discute-de-la-theologie-qui-sous-tend-lengagement-communautaire-adventiste\\\/\"},\"author\":{\"name\":\"libna\",\"@id\":\"https:\\\/\\\/interamerica.org\\\/fr\\\/#\\\/schema\\\/person\\\/29998f2bc2d8bd0d38662909289b54f1\"},\"headline\":\"Un universitaire discute de la th\u00e9ologie qui sous-tend l\u2019engagement communautaire adventiste\",\"datePublished\":\"2023-08-03T15:47:32+00:00\",\"dateModified\":\"2023-08-04T01:12:14+00:00\",\"mainEntityOfPage\":{\"@id\":\"https:\\\/\\\/interamerica.org\\\/fr\\\/2023\\\/08\\\/un-universitaire-discute-de-la-theologie-qui-sous-tend-lengagement-communautaire-adventiste\\\/\"},\"wordCount\":1122,\"image\":{\"@id\":\"https:\\\/\\\/interamerica.org\\\/fr\\\/2023\\\/08\\\/un-universitaire-discute-de-la-theologie-qui-sous-tend-lengagement-communautaire-adventiste\\\/#primaryimage\"},\"thumbnailUrl\":\"https:\\\/\\\/interamerica.org\\\/wp-content\\\/uploads\\\/2023\\\/08\\\/seld-sung-kwon-july26.jpg\",\"articleSection\":[\"Nouvelles du si\u00e8ge de la division\",\"RSS Fran\u00e7ais\"],\"inLanguage\":\"fr-FR\"},{\"@type\":\"WebPage\",\"@id\":\"https:\\\/\\\/interamerica.org\\\/fr\\\/2023\\\/08\\\/un-universitaire-discute-de-la-theologie-qui-sous-tend-lengagement-communautaire-adventiste\\\/\",\"url\":\"https:\\\/\\\/interamerica.org\\\/fr\\\/2023\\\/08\\\/un-universitaire-discute-de-la-theologie-qui-sous-tend-lengagement-communautaire-adventiste\\\/\",\"name\":\"Un universitaire discute de la th\u00e9ologie qui sous-tend l\u2019engagement communautaire adventiste - \u00c9glise Adventiste Du Septieme Jour - Inter Am\u00e9rique Division\",\"isPartOf\":{\"@id\":\"https:\\\/\\\/interamerica.org\\\/fr\\\/#website\"},\"primaryImageOfPage\":{\"@id\":\"https:\\\/\\\/interamerica.org\\\/fr\\\/2023\\\/08\\\/un-universitaire-discute-de-la-theologie-qui-sous-tend-lengagement-communautaire-adventiste\\\/#primaryimage\"},\"image\":{\"@id\":\"https:\\\/\\\/interamerica.org\\\/fr\\\/2023\\\/08\\\/un-universitaire-discute-de-la-theologie-qui-sous-tend-lengagement-communautaire-adventiste\\\/#primaryimage\"},\"thumbnailUrl\":\"https:\\\/\\\/interamerica.org\\\/wp-content\\\/uploads\\\/2023\\\/08\\\/seld-sung-kwon-july26.jpg\",\"datePublished\":\"2023-08-03T15:47:32+00:00\",\"dateModified\":\"2023-08-04T01:12:14+00:00\",\"author\":{\"@id\":\"https:\\\/\\\/interamerica.org\\\/fr\\\/#\\\/schema\\\/person\\\/29998f2bc2d8bd0d38662909289b54f1\"},\"breadcrumb\":{\"@id\":\"https:\\\/\\\/interamerica.org\\\/fr\\\/2023\\\/08\\\/un-universitaire-discute-de-la-theologie-qui-sous-tend-lengagement-communautaire-adventiste\\\/#breadcrumb\"},\"inLanguage\":\"fr-FR\",\"potentialAction\":[{\"@type\":\"ReadAction\",\"target\":[\"https:\\\/\\\/interamerica.org\\\/fr\\\/2023\\\/08\\\/un-universitaire-discute-de-la-theologie-qui-sous-tend-lengagement-communautaire-adventiste\\\/\"]}]},{\"@type\":\"ImageObject\",\"inLanguage\":\"fr-FR\",\"@id\":\"https:\\\/\\\/interamerica.org\\\/fr\\\/2023\\\/08\\\/un-universitaire-discute-de-la-theologie-qui-sous-tend-lengagement-communautaire-adventiste\\\/#primaryimage\",\"url\":\"https:\\\/\\\/interamerica.org\\\/wp-content\\\/uploads\\\/2023\\\/08\\\/seld-sung-kwon-july26.jpg\",\"contentUrl\":\"https:\\\/\\\/interamerica.org\\\/wp-content\\\/uploads\\\/2023\\\/08\\\/seld-sung-kwon-july26.jpg\",\"width\":1000,\"height\":623,\"caption\":\"[Photo: Libna Stevens\\\/IAD]\"},{\"@type\":\"BreadcrumbList\",\"@id\":\"https:\\\/\\\/interamerica.org\\\/fr\\\/2023\\\/08\\\/un-universitaire-discute-de-la-theologie-qui-sous-tend-lengagement-communautaire-adventiste\\\/#breadcrumb\",\"itemListElement\":[{\"@type\":\"ListItem\",\"position\":1,\"name\":\"Home\",\"item\":\"https:\\\/\\\/interamerica.org\\\/fr\\\/\"},{\"@type\":\"ListItem\",\"position\":2,\"name\":\"Un universitaire discute de la th\u00e9ologie qui sous-tend l\u2019engagement communautaire adventiste\"}]},{\"@type\":\"WebSite\",\"@id\":\"https:\\\/\\\/interamerica.org\\\/fr\\\/#website\",\"url\":\"https:\\\/\\\/interamerica.org\\\/fr\\\/\",\"name\":\"\u00c9glise Adventiste Du Septieme Jour - Inter Am\u00e9rique Division\",\"description\":\"\",\"potentialAction\":[{\"@type\":\"SearchAction\",\"target\":{\"@type\":\"EntryPoint\",\"urlTemplate\":\"https:\\\/\\\/interamerica.org\\\/fr\\\/?s={search_term_string}\"},\"query-input\":{\"@type\":\"PropertyValueSpecification\",\"valueRequired\":true,\"valueName\":\"search_term_string\"}}],\"inLanguage\":\"fr-FR\"},{\"@type\":\"Person\",\"@id\":\"https:\\\/\\\/interamerica.org\\\/fr\\\/#\\\/schema\\\/person\\\/29998f2bc2d8bd0d38662909289b54f1\",\"name\":\"libna\",\"image\":{\"@type\":\"ImageObject\",\"inLanguage\":\"fr-FR\",\"@id\":\"https:\\\/\\\/secure.gravatar.com\\\/avatar\\\/7c5bd30ae4b47a9ba3c856590957fd1d96dc588bf3ac05719d247e126840331f?s=96&d=mm&r=g\",\"url\":\"https:\\\/\\\/secure.gravatar.com\\\/avatar\\\/7c5bd30ae4b47a9ba3c856590957fd1d96dc588bf3ac05719d247e126840331f?s=96&d=mm&r=g\",\"contentUrl\":\"https:\\\/\\\/secure.gravatar.com\\\/avatar\\\/7c5bd30ae4b47a9ba3c856590957fd1d96dc588bf3ac05719d247e126840331f?s=96&d=mm&r=g\",\"caption\":\"libna\"}}]}<\/script>\n<!-- \/ Yoast SEO plugin. -->","yoast_head_json":{"title":"Un universitaire discute de la th\u00e9ologie qui sous-tend l\u2019engagement communautaire adventiste - \u00c9glise Adventiste Du Septieme Jour - Inter Am\u00e9rique Division","robots":{"index":"index","follow":"follow","max-snippet":"max-snippet:-1","max-image-preview":"max-image-preview:large","max-video-preview":"max-video-preview:-1"},"canonical":"https:\/\/interamerica.org\/fr\/2023\/08\/un-universitaire-discute-de-la-theologie-qui-sous-tend-lengagement-communautaire-adventiste\/","og_locale":"fr_FR","og_type":"article","og_title":"Un universitaire discute de la th\u00e9ologie qui sous-tend l\u2019engagement communautaire adventiste - \u00c9glise Adventiste Du Septieme Jour - Inter Am\u00e9rique Division","og_description":"3 Ao\u00fbt 2023 | Miami, Floride, \u00c9tats-Unis | Marcos Paseggi, pour les Actualit\u00e9s de la Division Inter Am\u00e9ricaine \u00ab Si nous pensons que l\u2019\u00c9glise adventiste du septi\u00e8me jour est le...","og_url":"https:\/\/interamerica.org\/fr\/2023\/08\/un-universitaire-discute-de-la-theologie-qui-sous-tend-lengagement-communautaire-adventiste\/","og_site_name":"\u00c9glise Adventiste Du Septieme Jour - Inter Am\u00e9rique Division","article_published_time":"2023-08-03T15:47:32+00:00","article_modified_time":"2023-08-04T01:12:14+00:00","og_image":[{"width":1000,"height":623,"url":"https:\/\/interamerica.org\/wp-content\/uploads\/2023\/08\/seld-sung-kwon-july26.jpg","type":"image\/jpeg"}],"author":"libna","twitter_card":"summary_large_image","twitter_misc":{"\u00c9crit par":"libna","Dur\u00e9e de lecture estim\u00e9e":"5 minutes"},"schema":{"@context":"https:\/\/schema.org","@graph":[{"@type":"Article","@id":"https:\/\/interamerica.org\/fr\/2023\/08\/un-universitaire-discute-de-la-theologie-qui-sous-tend-lengagement-communautaire-adventiste\/#article","isPartOf":{"@id":"https:\/\/interamerica.org\/fr\/2023\/08\/un-universitaire-discute-de-la-theologie-qui-sous-tend-lengagement-communautaire-adventiste\/"},"author":{"name":"libna","@id":"https:\/\/interamerica.org\/fr\/#\/schema\/person\/29998f2bc2d8bd0d38662909289b54f1"},"headline":"Un universitaire discute de la th\u00e9ologie qui sous-tend l\u2019engagement communautaire adventiste","datePublished":"2023-08-03T15:47:32+00:00","dateModified":"2023-08-04T01:12:14+00:00","mainEntityOfPage":{"@id":"https:\/\/interamerica.org\/fr\/2023\/08\/un-universitaire-discute-de-la-theologie-qui-sous-tend-lengagement-communautaire-adventiste\/"},"wordCount":1122,"image":{"@id":"https:\/\/interamerica.org\/fr\/2023\/08\/un-universitaire-discute-de-la-theologie-qui-sous-tend-lengagement-communautaire-adventiste\/#primaryimage"},"thumbnailUrl":"https:\/\/interamerica.org\/wp-content\/uploads\/2023\/08\/seld-sung-kwon-july26.jpg","articleSection":["Nouvelles du si\u00e8ge de la division","RSS Fran\u00e7ais"],"inLanguage":"fr-FR"},{"@type":"WebPage","@id":"https:\/\/interamerica.org\/fr\/2023\/08\/un-universitaire-discute-de-la-theologie-qui-sous-tend-lengagement-communautaire-adventiste\/","url":"https:\/\/interamerica.org\/fr\/2023\/08\/un-universitaire-discute-de-la-theologie-qui-sous-tend-lengagement-communautaire-adventiste\/","name":"Un universitaire discute de la th\u00e9ologie qui sous-tend l\u2019engagement communautaire adventiste - \u00c9glise Adventiste Du Septieme Jour - Inter Am\u00e9rique Division","isPartOf":{"@id":"https:\/\/interamerica.org\/fr\/#website"},"primaryImageOfPage":{"@id":"https:\/\/interamerica.org\/fr\/2023\/08\/un-universitaire-discute-de-la-theologie-qui-sous-tend-lengagement-communautaire-adventiste\/#primaryimage"},"image":{"@id":"https:\/\/interamerica.org\/fr\/2023\/08\/un-universitaire-discute-de-la-theologie-qui-sous-tend-lengagement-communautaire-adventiste\/#primaryimage"},"thumbnailUrl":"https:\/\/interamerica.org\/wp-content\/uploads\/2023\/08\/seld-sung-kwon-july26.jpg","datePublished":"2023-08-03T15:47:32+00:00","dateModified":"2023-08-04T01:12:14+00:00","author":{"@id":"https:\/\/interamerica.org\/fr\/#\/schema\/person\/29998f2bc2d8bd0d38662909289b54f1"},"breadcrumb":{"@id":"https:\/\/interamerica.org\/fr\/2023\/08\/un-universitaire-discute-de-la-theologie-qui-sous-tend-lengagement-communautaire-adventiste\/#breadcrumb"},"inLanguage":"fr-FR","potentialAction":[{"@type":"ReadAction","target":["https:\/\/interamerica.org\/fr\/2023\/08\/un-universitaire-discute-de-la-theologie-qui-sous-tend-lengagement-communautaire-adventiste\/"]}]},{"@type":"ImageObject","inLanguage":"fr-FR","@id":"https:\/\/interamerica.org\/fr\/2023\/08\/un-universitaire-discute-de-la-theologie-qui-sous-tend-lengagement-communautaire-adventiste\/#primaryimage","url":"https:\/\/interamerica.org\/wp-content\/uploads\/2023\/08\/seld-sung-kwon-july26.jpg","contentUrl":"https:\/\/interamerica.org\/wp-content\/uploads\/2023\/08\/seld-sung-kwon-july26.jpg","width":1000,"height":623,"caption":"[Photo: Libna Stevens\/IAD]"},{"@type":"BreadcrumbList","@id":"https:\/\/interamerica.org\/fr\/2023\/08\/un-universitaire-discute-de-la-theologie-qui-sous-tend-lengagement-communautaire-adventiste\/#breadcrumb","itemListElement":[{"@type":"ListItem","position":1,"name":"Home","item":"https:\/\/interamerica.org\/fr\/"},{"@type":"ListItem","position":2,"name":"Un universitaire discute de la th\u00e9ologie qui sous-tend l\u2019engagement communautaire adventiste"}]},{"@type":"WebSite","@id":"https:\/\/interamerica.org\/fr\/#website","url":"https:\/\/interamerica.org\/fr\/","name":"\u00c9glise Adventiste Du Septieme Jour - Inter Am\u00e9rique Division","description":"","potentialAction":[{"@type":"SearchAction","target":{"@type":"EntryPoint","urlTemplate":"https:\/\/interamerica.org\/fr\/?s={search_term_string}"},"query-input":{"@type":"PropertyValueSpecification","valueRequired":true,"valueName":"search_term_string"}}],"inLanguage":"fr-FR"},{"@type":"Person","@id":"https:\/\/interamerica.org\/fr\/#\/schema\/person\/29998f2bc2d8bd0d38662909289b54f1","name":"libna","image":{"@type":"ImageObject","inLanguage":"fr-FR","@id":"https:\/\/secure.gravatar.com\/avatar\/7c5bd30ae4b47a9ba3c856590957fd1d96dc588bf3ac05719d247e126840331f?s=96&d=mm&r=g","url":"https:\/\/secure.gravatar.com\/avatar\/7c5bd30ae4b47a9ba3c856590957fd1d96dc588bf3ac05719d247e126840331f?s=96&d=mm&r=g","contentUrl":"https:\/\/secure.gravatar.com\/avatar\/7c5bd30ae4b47a9ba3c856590957fd1d96dc588bf3ac05719d247e126840331f?s=96&d=mm&r=g","caption":"libna"}}]}},"_links":{"self":[{"href":"https:\/\/interamerica.org\/fr\/wp-json\/wp\/v2\/posts\/101626","targetHints":{"allow":["GET"]}}],"collection":[{"href":"https:\/\/interamerica.org\/fr\/wp-json\/wp\/v2\/posts"}],"about":[{"href":"https:\/\/interamerica.org\/fr\/wp-json\/wp\/v2\/types\/post"}],"author":[{"embeddable":true,"href":"https:\/\/interamerica.org\/fr\/wp-json\/wp\/v2\/users\/3"}],"replies":[{"embeddable":true,"href":"https:\/\/interamerica.org\/fr\/wp-json\/wp\/v2\/comments?post=101626"}],"version-history":[{"count":0,"href":"https:\/\/interamerica.org\/fr\/wp-json\/wp\/v2\/posts\/101626\/revisions"}],"wp:featuredmedia":[{"embeddable":true,"href":"https:\/\/interamerica.org\/fr\/wp-json\/wp\/v2\/media\/101600"}],"wp:attachment":[{"href":"https:\/\/interamerica.org\/fr\/wp-json\/wp\/v2\/media?parent=101626"}],"wp:term":[{"taxonomy":"category","embeddable":true,"href":"https:\/\/interamerica.org\/fr\/wp-json\/wp\/v2\/categories?post=101626"},{"taxonomy":"post_tag","embeddable":true,"href":"https:\/\/interamerica.org\/fr\/wp-json\/wp\/v2\/tags?post=101626"}],"curies":[{"name":"wp","href":"https:\/\/api.w.org\/{rel}","templated":true}]}}