{"id":101728,"date":"2023-08-07T15:26:16","date_gmt":"2023-08-07T19:26:16","guid":{"rendered":"https:\/\/interamerica.org\/?p=101728"},"modified":"2023-08-08T11:23:12","modified_gmt":"2023-08-08T15:23:12","slug":"une-campagne-vise-a-sensibiliser-a-la-maltraitance-sexuelle","status":"publish","type":"post","link":"https:\/\/interamerica.org\/fr\/2023\/08\/une-campagne-vise-a-sensibiliser-a-la-maltraitance-sexuelle\/","title":{"rendered":"Une campagne vise \u00e0 sensibiliser \u00e0 la maltraitance sexuelle"},"content":{"rendered":"<h4>Les experts se mobilisent en particulier contre les incidents perp\u00e9tr\u00e9s par des membres et des dirigeants d\u2019\u00e9glise.<\/h4>\n<p>7 Ao\u00fbt 2023 | Lake Union Herald et Adventist Review<\/p>\n<p>\u00ab La maltraitance sexuelle est toujours dangereuse, \u00bb explique Ann Hamel dans les ressources de l\u2019\u00e9dition 2023 de l\u2019initiative enditnow, \u00ab mais lorsqu\u2019elle est l\u2019\u0153uvre de quelqu\u2019un qui pr\u00e9tend suivre J\u00e9sus, elle fait encore plus de d\u00e9g\u00e2ts. C\u2019est parce qu\u2019il y a \u00e0 ce moment-l\u00e0 la couche suppl\u00e9mentaire automatique de maltraitance spirituelle. Lorsque la maltraitance est commise par un dirigeant chr\u00e9tien, les d\u00e9g\u00e2ts sont \u00e9videmment encore plus importants. \u00bb<\/p>\n<p>Enditnow est une initiative de la Conf\u00e9rence G\u00e9n\u00e9rale de l\u2019\u00c9glise adventiste du septi\u00e8me jour destin\u00e9e \u00e0 lutter contre la maltraitance. Chaque ann\u00e9e, du mat\u00e9riel sur certains aspects de la maltraitance est envoy\u00e9 aux \u00e9glises du monde entier, et les \u00e9glises sont encourag\u00e9es \u00e0 pr\u00e9senter ce mat\u00e9riel \u00e0 leurs congr\u00e9gations le quatri\u00e8me sabbat du mois d\u2019ao\u00fbt. Les responsables des Minist\u00e8res de la Femme re\u00e7oivent du mat\u00e9riel qu\u2019elles peuvent adapter \u00e0 la fois pour un sermon et un atelier. Cette ann\u00e9e, en plus des ressources \u00e9crites, il y a des vid\u00e9os du sermon et de l\u2019atelier. Elles sont con\u00e7ues pour \u00eatre utilis\u00e9es le sabbat dans le cadre de l\u2019\u00e9glise locale, mais elles peuvent \u00e9galement \u00eatre utilis\u00e9s \u00e0 d\u2019autres moments et dans d\u2019autres contextes, tels que des r\u00e9unions de professeurs dans des \u00e9coles.<\/p>\n<p><div id=\"attachment_101710\" style=\"width: 822px\" class=\"wp-caption aligncenter\"><img fetchpriority=\"high\" decoding=\"async\" aria-describedby=\"caption-attachment-101710\" class=\" wp-image-101709\" src=\"https:\/\/interamerica.org\/wp-content\/uploads\/2023\/08\/enditnw-2023-journal-1024x512.jpeg\" alt=\"\" width=\"812\" height=\"406\" srcset=\"https:\/\/interamerica.org\/wp-content\/uploads\/2023\/08\/enditnw-2023-journal-1024x512.jpeg 1024w, https:\/\/interamerica.org\/wp-content\/uploads\/2023\/08\/enditnw-2023-journal-300x150.jpeg 300w, https:\/\/interamerica.org\/wp-content\/uploads\/2023\/08\/enditnw-2023-journal-768x384.jpeg 768w, https:\/\/interamerica.org\/wp-content\/uploads\/2023\/08\/enditnw-2023-journal.jpeg 1460w\" sizes=\"(max-width: 812px) 100vw, 812px\" \/><p id=\"caption-attachment-101710\" class=\"wp-caption-text\">\u00ab Sarah \u00bb est jou\u00e9e par une actrice professionnelle (\u00e0 gauche). [Photo : Dave Sherwin]. Journal de Sarah (\u00e0 droite). [Photo : Cheri Corder]<\/p><\/div>Le mat\u00e9riel a \u00e9t\u00e9 co-\u00e9crit par Ann Hamel, une psychologue de l\u2019\u00c9quipe de Soutien aux Employ\u00e9s du Service International de la Conf\u00e9rence G\u00e9n\u00e9rale, et Cheri Corder, qui est impliqu\u00e9e dans les Minist\u00e8res de la Femme depuis plus de 35 ans. Cheri Corder pr\u00e9sente le sermon et Ann Hamel dirige l\u2019atelier.<\/p>\n<p>Le sermon est intitul\u00e9 \u00ab Loups en Habits de Brebis : Quand ceux qui pr\u00e9tendent \u00eatre des disciples de J\u00e9sus font du mal aux autres. \u00bb Il donne un aper\u00e7u de la maltraitance sexuelle lorsqu\u2019elle est perp\u00e9tr\u00e9e par des membres et en particulier par des dirigeants de l\u2019\u00e9glise. Le mat\u00e9riel comprend sept exemples r\u00e9els pour aider \u00e0 illustrer les concepts partag\u00e9s et examine la mani\u00e8re dont la maltraitance peut se produire, l\u2019impact de la maltraitance et comment nous pouvons y r\u00e9pondre. Il y a un message sp\u00e9cial \u00e0 la fin pour ceux qui ont \u00e9t\u00e9 victimes.<\/p>\n<p>\u00ab Le Journal de Sarah : elle pensait que c\u2019\u00e9tait de l\u2019amour \u00bb est la partie pr\u00e9sent\u00e9e dans l\u2019atelier. Bas\u00e9e sur l\u2019\u00e9tude de cas d\u2019une de ses anciennes patientes, Ann Hamel raconte l\u2019histoire d\u2019une jeune fille de 14 ans qui a \u00e9t\u00e9 s\u00e9duite dans une relation sexuelle \u00e0 long terme avec le directeur de son \u00e9cole d\u2019\u00e9glise. Quinze des sections du journal de \u00ab Sarah \u00bb racontent l\u2019histoire pour montrer comment cela peut arriver, pourquoi elle n\u2019a rien dit, et plus encore. Dans la vid\u00e9o, Ann Hamel pr\u00e9sente l\u2019histoire, la commente et donne au public des questions \u00e0 consid\u00e9rer et \u00e0 discuter. L\u2019histoire elle-m\u00eame est racont\u00e9e \u00e0 travers la lecture faite par une actrice des sections du journal, accompagn\u00e9e de photos d\u2019une autre actrice d\u00e9crivant les pens\u00e9es et les r\u00e9actions de Sarah au fur et \u00e0 mesure que l\u2019histoire avance. Des directives pour la discussion sont \u00e9galement disponibles.<\/p>\n<p>\u00ab C\u2019est un sujet difficile, mais c\u2019est un sujet que nous devons aborder, \u00bb ont d\u00e9clar\u00e9 Ann Hamel et Cheri Corder.<\/p>\n<p>La <a href=\"https:\/\/www.lakeunionherald.org\/archive\/articles\/new-campaign-seeks-to-raise-awareness-of-sexual-abuse\">version originale<\/a> de cet article a \u00e9t\u00e9 publi\u00e9e sur <a href=\"https:\/\/www.lakeunionherald.org\/\">Lake Union Herald<\/a>.<\/p>\n<p>Traduction: Patrick Luciathe<\/p>\n","protected":false},"excerpt":{"rendered":"<p>Les experts se mobilisent en particulier contre les incidents perp\u00e9tr\u00e9s par des membres et des dirigeants d\u2019\u00e9glise. 7 Ao\u00fbt 2023 | Lake Union Herald et Adventist Review \u00ab La maltraitance&#8230;<\/p>\n","protected":false},"author":3,"featured_media":101710,"comment_status":"closed","ping_status":"closed","sticky":false,"template":"","format":"standard","meta":{"_acf_changed":false,"footnotes":""},"categories":[18,19],"tags":[],"class_list":["post-101728","post","type-post","status-publish","format-standard","has-post-thumbnail","hentry","category-nouvelles-de-leglise-mondiale","category-rss-francais"],"acf":[],"yoast_head":"<!-- This site is optimized with the Yoast SEO plugin v27.3 - https:\/\/yoast.com\/product\/yoast-seo-wordpress\/ -->\n<title>Une campagne vise \u00e0 sensibiliser \u00e0 la maltraitance sexuelle - \u00c9glise Adventiste Du Septieme Jour - Inter Am\u00e9rique Division<\/title>\n<meta name=\"robots\" content=\"index, follow, max-snippet:-1, max-image-preview:large, max-video-preview:-1\" \/>\n<link rel=\"canonical\" href=\"https:\/\/interamerica.org\/fr\/2023\/08\/une-campagne-vise-a-sensibiliser-a-la-maltraitance-sexuelle\/\" \/>\n<meta property=\"og:locale\" content=\"fr_FR\" \/>\n<meta property=\"og:type\" content=\"article\" \/>\n<meta property=\"og:title\" content=\"Une campagne vise \u00e0 sensibiliser \u00e0 la maltraitance sexuelle - \u00c9glise Adventiste Du Septieme Jour - Inter Am\u00e9rique Division\" \/>\n<meta property=\"og:description\" content=\"Les experts se mobilisent en particulier contre les incidents perp\u00e9tr\u00e9s par des membres et des dirigeants d\u2019\u00e9glise. 7 Ao\u00fbt 2023 | Lake Union Herald et Adventist Review \u00ab La maltraitance...\" \/>\n<meta property=\"og:url\" content=\"https:\/\/interamerica.org\/fr\/2023\/08\/une-campagne-vise-a-sensibiliser-a-la-maltraitance-sexuelle\/\" \/>\n<meta property=\"og:site_name\" content=\"\u00c9glise Adventiste Du Septieme Jour - Inter Am\u00e9rique Division\" \/>\n<meta property=\"article:published_time\" content=\"2023-08-07T19:26:16+00:00\" \/>\n<meta property=\"article:modified_time\" content=\"2023-08-08T15:23:12+00:00\" \/>\n<meta property=\"og:image\" content=\"https:\/\/interamerica.org\/wp-content\/uploads\/2023\/08\/enditnw-2023-journal.jpeg\" \/>\n\t<meta property=\"og:image:width\" content=\"1460\" \/>\n\t<meta property=\"og:image:height\" content=\"730\" \/>\n\t<meta property=\"og:image:type\" content=\"image\/jpeg\" \/>\n<meta name=\"author\" content=\"libna\" \/>\n<meta name=\"twitter:card\" content=\"summary_large_image\" \/>\n<meta name=\"twitter:label1\" content=\"\u00c9crit par\" \/>\n\t<meta name=\"twitter:data1\" content=\"libna\" \/>\n\t<meta name=\"twitter:label2\" content=\"Dur\u00e9e de lecture estim\u00e9e\" \/>\n\t<meta name=\"twitter:data2\" content=\"3 minutes\" \/>\n<script type=\"application\/ld+json\" class=\"yoast-schema-graph\">{\"@context\":\"https:\\\/\\\/schema.org\",\"@graph\":[{\"@type\":\"Article\",\"@id\":\"https:\\\/\\\/interamerica.org\\\/fr\\\/2023\\\/08\\\/une-campagne-vise-a-sensibiliser-a-la-maltraitance-sexuelle\\\/#article\",\"isPartOf\":{\"@id\":\"https:\\\/\\\/interamerica.org\\\/fr\\\/2023\\\/08\\\/une-campagne-vise-a-sensibiliser-a-la-maltraitance-sexuelle\\\/\"},\"author\":{\"name\":\"libna\",\"@id\":\"https:\\\/\\\/interamerica.org\\\/fr\\\/#\\\/schema\\\/person\\\/29998f2bc2d8bd0d38662909289b54f1\"},\"headline\":\"Une campagne vise \u00e0 sensibiliser \u00e0 la maltraitance sexuelle\",\"datePublished\":\"2023-08-07T19:26:16+00:00\",\"dateModified\":\"2023-08-08T15:23:12+00:00\",\"mainEntityOfPage\":{\"@id\":\"https:\\\/\\\/interamerica.org\\\/fr\\\/2023\\\/08\\\/une-campagne-vise-a-sensibiliser-a-la-maltraitance-sexuelle\\\/\"},\"wordCount\":661,\"image\":{\"@id\":\"https:\\\/\\\/interamerica.org\\\/fr\\\/2023\\\/08\\\/une-campagne-vise-a-sensibiliser-a-la-maltraitance-sexuelle\\\/#primaryimage\"},\"thumbnailUrl\":\"https:\\\/\\\/interamerica.org\\\/wp-content\\\/uploads\\\/2023\\\/08\\\/enditnw-2023-journal.jpeg\",\"articleSection\":[\"Nouvelles de l'\u00c9glise mondiale\",\"RSS Fran\u00e7ais\"],\"inLanguage\":\"fr-FR\"},{\"@type\":\"WebPage\",\"@id\":\"https:\\\/\\\/interamerica.org\\\/fr\\\/2023\\\/08\\\/une-campagne-vise-a-sensibiliser-a-la-maltraitance-sexuelle\\\/\",\"url\":\"https:\\\/\\\/interamerica.org\\\/fr\\\/2023\\\/08\\\/une-campagne-vise-a-sensibiliser-a-la-maltraitance-sexuelle\\\/\",\"name\":\"Une campagne vise \u00e0 sensibiliser \u00e0 la maltraitance sexuelle - \u00c9glise Adventiste Du Septieme Jour - Inter Am\u00e9rique Division\",\"isPartOf\":{\"@id\":\"https:\\\/\\\/interamerica.org\\\/fr\\\/#website\"},\"primaryImageOfPage\":{\"@id\":\"https:\\\/\\\/interamerica.org\\\/fr\\\/2023\\\/08\\\/une-campagne-vise-a-sensibiliser-a-la-maltraitance-sexuelle\\\/#primaryimage\"},\"image\":{\"@id\":\"https:\\\/\\\/interamerica.org\\\/fr\\\/2023\\\/08\\\/une-campagne-vise-a-sensibiliser-a-la-maltraitance-sexuelle\\\/#primaryimage\"},\"thumbnailUrl\":\"https:\\\/\\\/interamerica.org\\\/wp-content\\\/uploads\\\/2023\\\/08\\\/enditnw-2023-journal.jpeg\",\"datePublished\":\"2023-08-07T19:26:16+00:00\",\"dateModified\":\"2023-08-08T15:23:12+00:00\",\"author\":{\"@id\":\"https:\\\/\\\/interamerica.org\\\/fr\\\/#\\\/schema\\\/person\\\/29998f2bc2d8bd0d38662909289b54f1\"},\"breadcrumb\":{\"@id\":\"https:\\\/\\\/interamerica.org\\\/fr\\\/2023\\\/08\\\/une-campagne-vise-a-sensibiliser-a-la-maltraitance-sexuelle\\\/#breadcrumb\"},\"inLanguage\":\"fr-FR\",\"potentialAction\":[{\"@type\":\"ReadAction\",\"target\":[\"https:\\\/\\\/interamerica.org\\\/fr\\\/2023\\\/08\\\/une-campagne-vise-a-sensibiliser-a-la-maltraitance-sexuelle\\\/\"]}]},{\"@type\":\"ImageObject\",\"inLanguage\":\"fr-FR\",\"@id\":\"https:\\\/\\\/interamerica.org\\\/fr\\\/2023\\\/08\\\/une-campagne-vise-a-sensibiliser-a-la-maltraitance-sexuelle\\\/#primaryimage\",\"url\":\"https:\\\/\\\/interamerica.org\\\/wp-content\\\/uploads\\\/2023\\\/08\\\/enditnw-2023-journal.jpeg\",\"contentUrl\":\"https:\\\/\\\/interamerica.org\\\/wp-content\\\/uploads\\\/2023\\\/08\\\/enditnw-2023-journal.jpeg\",\"width\":1460,\"height\":730,\"caption\":\"\u201cSarah\u201d is portrayed by a professional actress (left). [Photo: Dave Sherwin]. Sarah\u2019s diary (right). [Photo: Cheri Corder]\"},{\"@type\":\"BreadcrumbList\",\"@id\":\"https:\\\/\\\/interamerica.org\\\/fr\\\/2023\\\/08\\\/une-campagne-vise-a-sensibiliser-a-la-maltraitance-sexuelle\\\/#breadcrumb\",\"itemListElement\":[{\"@type\":\"ListItem\",\"position\":1,\"name\":\"Home\",\"item\":\"https:\\\/\\\/interamerica.org\\\/fr\\\/\"},{\"@type\":\"ListItem\",\"position\":2,\"name\":\"Une campagne vise \u00e0 sensibiliser \u00e0 la maltraitance sexuelle\"}]},{\"@type\":\"WebSite\",\"@id\":\"https:\\\/\\\/interamerica.org\\\/fr\\\/#website\",\"url\":\"https:\\\/\\\/interamerica.org\\\/fr\\\/\",\"name\":\"\u00c9glise Adventiste Du Septieme Jour - Inter Am\u00e9rique Division\",\"description\":\"\",\"potentialAction\":[{\"@type\":\"SearchAction\",\"target\":{\"@type\":\"EntryPoint\",\"urlTemplate\":\"https:\\\/\\\/interamerica.org\\\/fr\\\/?s={search_term_string}\"},\"query-input\":{\"@type\":\"PropertyValueSpecification\",\"valueRequired\":true,\"valueName\":\"search_term_string\"}}],\"inLanguage\":\"fr-FR\"},{\"@type\":\"Person\",\"@id\":\"https:\\\/\\\/interamerica.org\\\/fr\\\/#\\\/schema\\\/person\\\/29998f2bc2d8bd0d38662909289b54f1\",\"name\":\"libna\",\"image\":{\"@type\":\"ImageObject\",\"inLanguage\":\"fr-FR\",\"@id\":\"https:\\\/\\\/secure.gravatar.com\\\/avatar\\\/7c5bd30ae4b47a9ba3c856590957fd1d96dc588bf3ac05719d247e126840331f?s=96&d=mm&r=g\",\"url\":\"https:\\\/\\\/secure.gravatar.com\\\/avatar\\\/7c5bd30ae4b47a9ba3c856590957fd1d96dc588bf3ac05719d247e126840331f?s=96&d=mm&r=g\",\"contentUrl\":\"https:\\\/\\\/secure.gravatar.com\\\/avatar\\\/7c5bd30ae4b47a9ba3c856590957fd1d96dc588bf3ac05719d247e126840331f?s=96&d=mm&r=g\",\"caption\":\"libna\"}}]}<\/script>\n<!-- \/ Yoast SEO plugin. -->","yoast_head_json":{"title":"Une campagne vise \u00e0 sensibiliser \u00e0 la maltraitance sexuelle - \u00c9glise Adventiste Du Septieme Jour - Inter Am\u00e9rique Division","robots":{"index":"index","follow":"follow","max-snippet":"max-snippet:-1","max-image-preview":"max-image-preview:large","max-video-preview":"max-video-preview:-1"},"canonical":"https:\/\/interamerica.org\/fr\/2023\/08\/une-campagne-vise-a-sensibiliser-a-la-maltraitance-sexuelle\/","og_locale":"fr_FR","og_type":"article","og_title":"Une campagne vise \u00e0 sensibiliser \u00e0 la maltraitance sexuelle - \u00c9glise Adventiste Du Septieme Jour - Inter Am\u00e9rique Division","og_description":"Les experts se mobilisent en particulier contre les incidents perp\u00e9tr\u00e9s par des membres et des dirigeants d\u2019\u00e9glise. 7 Ao\u00fbt 2023 | Lake Union Herald et Adventist Review \u00ab La maltraitance...","og_url":"https:\/\/interamerica.org\/fr\/2023\/08\/une-campagne-vise-a-sensibiliser-a-la-maltraitance-sexuelle\/","og_site_name":"\u00c9glise Adventiste Du Septieme Jour - Inter Am\u00e9rique Division","article_published_time":"2023-08-07T19:26:16+00:00","article_modified_time":"2023-08-08T15:23:12+00:00","og_image":[{"width":1460,"height":730,"url":"https:\/\/interamerica.org\/wp-content\/uploads\/2023\/08\/enditnw-2023-journal.jpeg","type":"image\/jpeg"}],"author":"libna","twitter_card":"summary_large_image","twitter_misc":{"\u00c9crit par":"libna","Dur\u00e9e de lecture estim\u00e9e":"3 minutes"},"schema":{"@context":"https:\/\/schema.org","@graph":[{"@type":"Article","@id":"https:\/\/interamerica.org\/fr\/2023\/08\/une-campagne-vise-a-sensibiliser-a-la-maltraitance-sexuelle\/#article","isPartOf":{"@id":"https:\/\/interamerica.org\/fr\/2023\/08\/une-campagne-vise-a-sensibiliser-a-la-maltraitance-sexuelle\/"},"author":{"name":"libna","@id":"https:\/\/interamerica.org\/fr\/#\/schema\/person\/29998f2bc2d8bd0d38662909289b54f1"},"headline":"Une campagne vise \u00e0 sensibiliser \u00e0 la maltraitance sexuelle","datePublished":"2023-08-07T19:26:16+00:00","dateModified":"2023-08-08T15:23:12+00:00","mainEntityOfPage":{"@id":"https:\/\/interamerica.org\/fr\/2023\/08\/une-campagne-vise-a-sensibiliser-a-la-maltraitance-sexuelle\/"},"wordCount":661,"image":{"@id":"https:\/\/interamerica.org\/fr\/2023\/08\/une-campagne-vise-a-sensibiliser-a-la-maltraitance-sexuelle\/#primaryimage"},"thumbnailUrl":"https:\/\/interamerica.org\/wp-content\/uploads\/2023\/08\/enditnw-2023-journal.jpeg","articleSection":["Nouvelles de l'\u00c9glise mondiale","RSS Fran\u00e7ais"],"inLanguage":"fr-FR"},{"@type":"WebPage","@id":"https:\/\/interamerica.org\/fr\/2023\/08\/une-campagne-vise-a-sensibiliser-a-la-maltraitance-sexuelle\/","url":"https:\/\/interamerica.org\/fr\/2023\/08\/une-campagne-vise-a-sensibiliser-a-la-maltraitance-sexuelle\/","name":"Une campagne vise \u00e0 sensibiliser \u00e0 la maltraitance sexuelle - \u00c9glise Adventiste Du Septieme Jour - Inter Am\u00e9rique Division","isPartOf":{"@id":"https:\/\/interamerica.org\/fr\/#website"},"primaryImageOfPage":{"@id":"https:\/\/interamerica.org\/fr\/2023\/08\/une-campagne-vise-a-sensibiliser-a-la-maltraitance-sexuelle\/#primaryimage"},"image":{"@id":"https:\/\/interamerica.org\/fr\/2023\/08\/une-campagne-vise-a-sensibiliser-a-la-maltraitance-sexuelle\/#primaryimage"},"thumbnailUrl":"https:\/\/interamerica.org\/wp-content\/uploads\/2023\/08\/enditnw-2023-journal.jpeg","datePublished":"2023-08-07T19:26:16+00:00","dateModified":"2023-08-08T15:23:12+00:00","author":{"@id":"https:\/\/interamerica.org\/fr\/#\/schema\/person\/29998f2bc2d8bd0d38662909289b54f1"},"breadcrumb":{"@id":"https:\/\/interamerica.org\/fr\/2023\/08\/une-campagne-vise-a-sensibiliser-a-la-maltraitance-sexuelle\/#breadcrumb"},"inLanguage":"fr-FR","potentialAction":[{"@type":"ReadAction","target":["https:\/\/interamerica.org\/fr\/2023\/08\/une-campagne-vise-a-sensibiliser-a-la-maltraitance-sexuelle\/"]}]},{"@type":"ImageObject","inLanguage":"fr-FR","@id":"https:\/\/interamerica.org\/fr\/2023\/08\/une-campagne-vise-a-sensibiliser-a-la-maltraitance-sexuelle\/#primaryimage","url":"https:\/\/interamerica.org\/wp-content\/uploads\/2023\/08\/enditnw-2023-journal.jpeg","contentUrl":"https:\/\/interamerica.org\/wp-content\/uploads\/2023\/08\/enditnw-2023-journal.jpeg","width":1460,"height":730,"caption":"\u201cSarah\u201d is portrayed by a professional actress (left). [Photo: Dave Sherwin]. Sarah\u2019s diary (right). [Photo: Cheri Corder]"},{"@type":"BreadcrumbList","@id":"https:\/\/interamerica.org\/fr\/2023\/08\/une-campagne-vise-a-sensibiliser-a-la-maltraitance-sexuelle\/#breadcrumb","itemListElement":[{"@type":"ListItem","position":1,"name":"Home","item":"https:\/\/interamerica.org\/fr\/"},{"@type":"ListItem","position":2,"name":"Une campagne vise \u00e0 sensibiliser \u00e0 la maltraitance sexuelle"}]},{"@type":"WebSite","@id":"https:\/\/interamerica.org\/fr\/#website","url":"https:\/\/interamerica.org\/fr\/","name":"\u00c9glise Adventiste Du Septieme Jour - Inter Am\u00e9rique Division","description":"","potentialAction":[{"@type":"SearchAction","target":{"@type":"EntryPoint","urlTemplate":"https:\/\/interamerica.org\/fr\/?s={search_term_string}"},"query-input":{"@type":"PropertyValueSpecification","valueRequired":true,"valueName":"search_term_string"}}],"inLanguage":"fr-FR"},{"@type":"Person","@id":"https:\/\/interamerica.org\/fr\/#\/schema\/person\/29998f2bc2d8bd0d38662909289b54f1","name":"libna","image":{"@type":"ImageObject","inLanguage":"fr-FR","@id":"https:\/\/secure.gravatar.com\/avatar\/7c5bd30ae4b47a9ba3c856590957fd1d96dc588bf3ac05719d247e126840331f?s=96&d=mm&r=g","url":"https:\/\/secure.gravatar.com\/avatar\/7c5bd30ae4b47a9ba3c856590957fd1d96dc588bf3ac05719d247e126840331f?s=96&d=mm&r=g","contentUrl":"https:\/\/secure.gravatar.com\/avatar\/7c5bd30ae4b47a9ba3c856590957fd1d96dc588bf3ac05719d247e126840331f?s=96&d=mm&r=g","caption":"libna"}}]}},"_links":{"self":[{"href":"https:\/\/interamerica.org\/fr\/wp-json\/wp\/v2\/posts\/101728","targetHints":{"allow":["GET"]}}],"collection":[{"href":"https:\/\/interamerica.org\/fr\/wp-json\/wp\/v2\/posts"}],"about":[{"href":"https:\/\/interamerica.org\/fr\/wp-json\/wp\/v2\/types\/post"}],"author":[{"embeddable":true,"href":"https:\/\/interamerica.org\/fr\/wp-json\/wp\/v2\/users\/3"}],"replies":[{"embeddable":true,"href":"https:\/\/interamerica.org\/fr\/wp-json\/wp\/v2\/comments?post=101728"}],"version-history":[{"count":0,"href":"https:\/\/interamerica.org\/fr\/wp-json\/wp\/v2\/posts\/101728\/revisions"}],"wp:featuredmedia":[{"embeddable":true,"href":"https:\/\/interamerica.org\/fr\/wp-json\/wp\/v2\/media\/101710"}],"wp:attachment":[{"href":"https:\/\/interamerica.org\/fr\/wp-json\/wp\/v2\/media?parent=101728"}],"wp:term":[{"taxonomy":"category","embeddable":true,"href":"https:\/\/interamerica.org\/fr\/wp-json\/wp\/v2\/categories?post=101728"},{"taxonomy":"post_tag","embeddable":true,"href":"https:\/\/interamerica.org\/fr\/wp-json\/wp\/v2\/tags?post=101728"}],"curies":[{"name":"wp","href":"https:\/\/api.w.org\/{rel}","templated":true}]}}