{"id":101752,"date":"2023-08-08T09:55:55","date_gmt":"2023-08-08T13:55:55","guid":{"rendered":"https:\/\/interamerica.org\/?p=101752"},"modified":"2023-08-08T11:21:11","modified_gmt":"2023-08-08T15:21:11","slug":"un-erudit-discute-de-la-facon-dont-nous-pouvons-apprendre-a-vivre-avec-nous-memes","status":"publish","type":"post","link":"https:\/\/interamerica.org\/fr\/2023\/08\/un-erudit-discute-de-la-facon-dont-nous-pouvons-apprendre-a-vivre-avec-nous-memes\/","title":{"rendered":"Un \u00e9rudit discute de la fa\u00e7on dont nous pouvons apprendre \u00e0 \u00ab vivre avec nous-m\u00eames \u00bb"},"content":{"rendered":"<h4>Lors d\u2019une conf\u00e9rence sur la famille, Kenneth Pargament a d\u00e9clar\u00e9 que les luttes morales peuvent \u00eatre une opportunit\u00e9.<\/h4>\n<p>9 Ao\u00fbt 2023 | Silver Spring, Maryland, \u00c9tats-Unis | Marcos Paseggi, Adventist Review<\/p>\n<p>Dans la Bible, le roi David a \u00e9crit : \u00ab Purifie-moi avec l&rsquo;hysope, et je serai pur; Lave-moi, et je serai plus blanc que la neige. Annonce-moi l&rsquo;all\u00e9gresse et la joie, Et les os que tu as bris\u00e9s se r\u00e9jouiront. \u00bb (Psaume 51:7, 8, LSG). Lorsque David a \u00e9crit ces mots, il vivait une lutte morale, a dit Kenneth Pargament, un \u00e9rudit renomm\u00e9 dans le domaine de l\u2019int\u00e9gration de la spiritualit\u00e9 et de la psychoth\u00e9rapie sur le th\u00e8me des luttes spirituelles, dans sa pr\u00e9sentation faite lors de l\u2019\u00e9dition 2023 de la Conf\u00e9rence Adventiste sur la Recherche et la Pratique dans le domaine Familial. On pourrait dire la m\u00eame chose de l\u2019ap\u00f4tre Paul, qui a \u00e9crit : \u00ab Car je ne sais pas ce que je fais: je ne fais point ce que je veux, et je fais ce que je hais [Rom. 7:15], \u00bb a d\u00e9clar\u00e9 Kenneth Pargament.<\/p>\n<p>Kenneth Pargament, professeur \u00e9m\u00e9rite de psychologie \u00e0 l\u2019Universit\u00e9 de Bowling Green State et professeur au d\u00e9partement Menninger de Psychiatrie \u00e0 la Facult\u00e9 de M\u00e9decine de Baylor, a fait une deuxi\u00e8me pr\u00e9sentation lors de la deuxi\u00e8me journ\u00e9e de la conf\u00e9rence. Le programme enti\u00e8rement en ligne intervenait dans le cadre d\u2019un partenariat entre le D\u00e9partement des Minist\u00e8res de la Famille de la Conf\u00e9rence G\u00e9n\u00e9rale de l\u2019\u00c9glise adventiste (GCFM) et trois entit\u00e9s de l\u2019Universit\u00e9 d\u2019Andrews &#8211; le D\u00e9partement du Discipulat dans l\u2019\u00c9ducation de toute une Vie au S\u00e9minaire Th\u00e9ologique Adventiste du septi\u00e8me jour, l\u2019\u00c9cole d\u2019Action Sociale et l\u2019Institut pour la Pr\u00e9vention des Addictions. En 2023, le programme a mis l\u2019accent sur le th\u00e8me \u00ab Familles et Sant\u00e9 \u00c9motionnelle : Esp\u00e9rer, Gu\u00e9rir et Prosp\u00e9rer ! \u00bb Le directeur du GCFM, Willie Oliver, a expliqu\u00e9 que l\u2019objectif du programme est de proposer des pr\u00e9sentations ayant une base scientifique sur des sujets importants pour la sant\u00e9 mentale de la famille. En m\u00eame temps, les praticiens adventistes ont \u00e9t\u00e9 invit\u00e9s \u00e0 partager des approches th\u00e9ologiques et bibliques li\u00e9es au th\u00e8me, a-t-il dit.<\/p>\n<p>Willie Oliver a d\u00e9clar\u00e9 qu\u2019il \u00e9tait heureux de faire \u00e9tat de l\u2019immense port\u00e9e qu\u2019a eu la conf\u00e9rence. \u00ab Il y a eu des inscriptions en provenance de 115 pays et de toutes les divisions mondiales [de l\u2019\u00e9glise], \u00bb a-t-il dit. \u00ab Sur les plus de 2000 personnes qui se sont inscrites, il y avait environ 700 participants pr\u00e9sents lors de la conf\u00e9rence \u2018en direct\u2019. Les personnes inscrites savaient \u00e9galement qu\u2019elles pourraient acc\u00e9der aux pr\u00e9sentations &#8211; pl\u00e9ni\u00e8res et en groupes \u2013 sur le site ACFRP.org \u00e0 tout moment apr\u00e8s la conf\u00e9rence, de telle sorte que les personnes se trouvant dans diff\u00e9rents fuseaux horaires et n\u2019ayant pas pu acc\u00e9der \u00e0 la conf\u00e9rence en direct puissent revenir en arri\u00e8re et d\u00e9couvrir les pr\u00e9sentations. \u00bb<\/p>\n<p><strong>Les racines des luttes morales<\/strong><\/p>\n<p>Dans sa pr\u00e9sentation faite le 21 juillet, Kenneth Pargament a commenc\u00e9 par expliquer que les luttes morales sont un type particulier de lutte spirituelle. \u00ab Les luttes morales sont ces tensions, ces conflits et ces pressions autour de l\u2019incongruit\u00e9 entre ses propres valeurs ou normes morales, et ses propres actions, \u00bb a-t-il d\u00e9clar\u00e9.<\/p>\n<p>Les luttes morales d\u00e9coulent du fait que les humains sont \u00ab des \u00eatres moraux motiv\u00e9s \u00e0 des degr\u00e9s divers par un ensemble sup\u00e9rieur de valeurs et de principes qui d\u00e9finissent ce que signifie vraiment \u00eatre une bonne personne, \u00bb a expliqu\u00e9 Kenneth Pargament, \u00ab et le fait que nous sommes un vivier d\u2019impulsions, d\u2019app\u00e9tits et d\u2019imperfections qui demandent de l\u2019attention. Notre moi sup\u00e9rieur et notre moi impulsif sont une partie essentielle de qui nous sommes. Sans un sentiment de but sup\u00e9rieur, de nombreuses personnes consid\u00e9reraient leur vie comme \u00e9tant vide et d\u00e9nu\u00e9e de sens. \u00bb<\/p>\n<p>En m\u00eame temps, a-t-il dit, nous sommes des \u00eatres biologiques \u00ab avec des app\u00e9tits et des pulsions dont il faut tenir compte si nous voulons survivre. Les luttes morales se produisent lorsque des difficult\u00e9s surviennent lorsqu\u2019on veut r\u00e9guler l\u2019un ou l\u2019autre ou les deux aspects de nous-m\u00eames, ou r\u00e9concilier les deux aspects. \u00bb<\/p>\n<p>Il a donn\u00e9 quelques exemples de luttes morales. \u00ab Une \u00e9pouse, incapable de concilier son implication continue dans une aventure extraconjugale\u2026 [et] des professionnels de sant\u00e9 en premi\u00e8re ligne du traitement du COVID, qui se sont retrouv\u00e9s dans une position o\u00f9 ils devaient jouer \u00e0 Dieu et d\u00e9cider qui pourrait avoir acc\u00e8s \u00e0\u2026 des ventilateurs qui pourraient potentiellement sauver des vies, \u00bb a-t-il d\u00e9clar\u00e9.<\/p>\n<p><strong>Pr\u00e9valence et cons\u00e9quences<\/strong><\/p>\n<p>Les luttes morales sont monnaie courante, a d\u00e9clar\u00e9 Kenneth Pargament, faisant r\u00e9f\u00e9rence \u00e0 une \u00e9tude datant de 2014 qui a r\u00e9v\u00e9l\u00e9 que 57,5 pour cent des adultes ont d\u00e9clar\u00e9 avoir connu une lutte morale au cours des derni\u00e8res semaines. Parmi les v\u00e9t\u00e9rans militaires, les luttes morales sont les plus courantes de toutes les luttes spirituelles, a-t-il ajout\u00e9. Et les deux tiers des \u00e9tudiants qui regardent de la pornographie en ligne indiquent des signes de lutte morale.<\/p>\n<p>\u00ab Les luttes morales soul\u00e8vent des questions profond\u00e9ment troublantes telles que : \u2018Suis-je une bonne personne ? Suis-je \u00e0 la hauteur de ce qu\u2019on m\u2019a appris \u00e0 \u00eatre ? Puis-je encore \u00eatre aim\u00e9 ? Puis-je \u00eatre pardonn\u00e9 ? Ai-je la force de ma\u00eetriser mes impulsions ?\u2019, \u00bb a d\u00e9clar\u00e9 Kenneth Pargament. \u00ab Et les luttes morales sont ancr\u00e9es dans les probl\u00e8mes psychologiques. Par exemple, l\u2019anxi\u00e9t\u00e9 comme peur de l\u2019\u00e9chec moral ; la d\u00e9pression avec la marque de la honte et de la culpabilit\u00e9 ; les violations morales comme d\u00e9clencheurs de conflits conjugaux, \u00bb entre autres.<\/p>\n<p>Dans de nombreux cas, les cons\u00e9quences des luttes morales persistantes sont la d\u00e9pression, les id\u00e9es suicidaires, l\u2019anxi\u00e9t\u00e9, les troubles obsessionnels compulsifs, l\u2019alcoolisme et d\u2019autres addictions, et le d\u00e9sir de vengeance, a r\u00e9v\u00e9l\u00e9 Kenneth Pargament.<\/p>\n<p><strong>Effets b\u00e9n\u00e9fiques potentiels<\/strong><\/p>\n<p>Les luttes morales, d\u2019un autre c\u00f4t\u00e9, peuvent avoir certains effets b\u00e9n\u00e9fiques sur la personne qui les vit. Ceux-ci incluent l\u2019autodiscipline, la pr\u00e9vention des comportements impulsifs, l\u2019introspection et m\u00eame la transformation de la vie. \u00ab Avec de l\u2019aide, elles peuvent ouvrir la voie \u00e0 des effets b\u00e9n\u00e9fiques et \u00e0 une croissance, \u00bb a dit Kenneth Pargament.<br \/>\nIl a ajout\u00e9 que, parfois, le manque de luttes morales peut \u00eatre un probl\u00e8me, et un praticien de la sant\u00e9 mentale doit parfois d\u00e9clencher cette lutte chez une personne pour l\u2019aider \u00e0 d\u00e9sirer un changement.<br \/>\nLes racines de la lutte morale sont souvent ce que Kenneth Pargament a d\u00e9fini comme \u00ab le surcontr\u00f4le moral \u2013 le fait d\u2019\u00eatre asservi par votre moralit\u00e9 &#8211; et le sous-contr\u00f4le des impulsions \u2013 le fait d\u2019\u00eatre esclave de vos impulsions. \u00bb Ces deux \u00e9l\u00e9ments peuvent alimenter des luttes morales, a-t-il d\u00e9clar\u00e9.<\/p>\n<p><strong>Faire face aux luttes morales<\/strong><\/p>\n<p>Les praticiens de la sant\u00e9 mentale peuvent aider les personnes aux prises avec un surcontr\u00f4le moral de diff\u00e9rentes mani\u00e8res. L\u2019une d\u2019entre elles consiste \u00e0 cr\u00e9er une vision morale durable qui accepte la fragilit\u00e9 et les limites humaines. Dans le livre La Spiritualit\u00e9 de l\u2019Imperfection d\u2019Ernest Kurtz et Katherine Ketcham (1992), les auteurs sugg\u00e8rent que \u00ab la spiritualit\u00e9 nous aide \u00e0\u2026 accepter l\u2019imperfection qui est au c\u0153ur m\u00eame de notre \u00eatre humain. \u00bb (p. 2)<\/p>\n<p>Les praticiens de la sant\u00e9 mentale peuvent \u00e9galement aider leurs patients \u00e0 faire face \u00e0 leurs peurs de l\u2019imperfection, y compris la peur d\u2019avoir perdu son objectif, la perte de contr\u00f4le et le rejet par les autres. Enfin, Kenneth Pargament a dit, sous forme de conseil, qu\u2019il est important de puiser dans les ressources r\u00e9demptrices, ce qui comprend, entre autres, la r\u00e9alisation d\u2019\u00e9valuations plus justes de la responsabilit\u00e9 des erreurs, de la r\u00e9paration, du repentir et de la r\u00e9demption.<\/p>\n<p>Kenneth Pargament a cit\u00e9 une nouvelle fois Kurtz et Ketcham, en disant : \u00ab \u2018Dieu dans les cieux tient chaque personne par une ficelle. Quand vous p\u00e9chez, vous coupez la ficelle. Puis Dieu l\u2019attache \u00e0 nouveau en faisant un n\u0153ud &#8211; et ce faisant il vous rapproche un peu plus de lui. Encore et encore, vos p\u00e9ch\u00e9s coupent la ficelle &#8211; et \u00e0 chaque n\u0153ud suppl\u00e9mentaire, Dieu continue de vous rapprocher de plus en plus \u00bb (p. 29).<\/p>\n<p>Dans ce contexte, un praticien de la sant\u00e9 mentale devrait, entre autres choses, cr\u00e9er un contexte de bienveillance et d\u2019espoir, et aider la personne \u00e0 identifier une d\u00e9marche authentique d\u2019effort sacr\u00e9. Cette derni\u00e8re inclut le fait de poser \u00e0 une personne aux prises avec une lutte morale des questions telles que : \u00ab Qu&rsquo;est-ce que vous cherchez \u00e0 atteindre dans votre vie ? Pourquoi est-il important que vous soyez ici dans ce monde ? Quel h\u00e9ritage aimeriez-vous laisser dans votre vie ? \u00bb a dit Kenneth Pargament.<\/p>\n<p><strong>O\u00f9 trouver la force et la d\u00e9livrance<\/strong><\/p>\n<p>Vers la fin de la pr\u00e9sentation de Kenneth Pargament, plusieurs participants ont partag\u00e9 ce qu\u2019ils ont retenu et leurs approches personnelles dans la section de discussion ouverte \u00e0 tous les participants inscrits. Parmi eux il y avait Willie Oliver et sa femme, Elaine, qui est directrice adjointe du GCFM. \u00ab Les luttes morales sont ancr\u00e9es dans la condition humaine, \u00bb a \u00e9crit Willie Oliver. \u00ab Allons \u00e0 J\u00e9sus pour trouver chaque jour force et d\u00e9livrance ! Cela s\u2019appelle la sanctification ! \u00bb<\/p>\n<p>Elaine Oliver \u00e9tait sur la m\u00eame longueur d\u2019onde. \u00ab Il y a de la puissance dans le nom de J\u00e9sus, \u00bb a-t-elle \u00e9crit. \u00ab M\u00eame au milieu de nos luttes, nous pouvons nous tourner vers lui. Il nous voit et nous entend. \u00bb<\/p>\n<p>&nbsp;<\/p>\n<p>Traduction: Patrick Luciathe<\/p>\n","protected":false},"excerpt":{"rendered":"<p>Lors d\u2019une conf\u00e9rence sur la famille, Kenneth Pargament a d\u00e9clar\u00e9 que les luttes morales peuvent \u00eatre une opportunit\u00e9. 9 Ao\u00fbt 2023 | Silver Spring, Maryland, \u00c9tats-Unis | Marcos Paseggi, Adventist&#8230;<\/p>\n","protected":false},"author":3,"featured_media":101718,"comment_status":"closed","ping_status":"closed","sticky":false,"template":"","format":"standard","meta":{"_acf_changed":false,"footnotes":""},"categories":[18,19],"tags":[],"class_list":["post-101752","post","type-post","status-publish","format-standard","has-post-thumbnail","hentry","category-nouvelles-de-leglise-mondiale","category-rss-francais"],"acf":[],"yoast_head":"<!-- This site is optimized with the Yoast SEO plugin v27.3 - https:\/\/yoast.com\/product\/yoast-seo-wordpress\/ -->\n<title>Un \u00e9rudit discute de la fa\u00e7on dont nous pouvons apprendre \u00e0 \u00ab vivre avec nous-m\u00eames \u00bb - \u00c9glise Adventiste Du Septieme Jour - Inter Am\u00e9rique Division<\/title>\n<meta name=\"robots\" content=\"index, follow, max-snippet:-1, max-image-preview:large, max-video-preview:-1\" \/>\n<link rel=\"canonical\" href=\"https:\/\/interamerica.org\/fr\/2023\/08\/un-erudit-discute-de-la-facon-dont-nous-pouvons-apprendre-a-vivre-avec-nous-memes\/\" \/>\n<meta property=\"og:locale\" content=\"fr_FR\" \/>\n<meta property=\"og:type\" content=\"article\" \/>\n<meta property=\"og:title\" content=\"Un \u00e9rudit discute de la fa\u00e7on dont nous pouvons apprendre \u00e0 \u00ab vivre avec nous-m\u00eames \u00bb - \u00c9glise Adventiste Du Septieme Jour - Inter Am\u00e9rique Division\" \/>\n<meta property=\"og:description\" content=\"Lors d\u2019une conf\u00e9rence sur la famille, Kenneth Pargament a d\u00e9clar\u00e9 que les luttes morales peuvent \u00eatre une opportunit\u00e9. 9 Ao\u00fbt 2023 | Silver Spring, Maryland, \u00c9tats-Unis | Marcos Paseggi, Adventist...\" \/>\n<meta property=\"og:url\" content=\"https:\/\/interamerica.org\/fr\/2023\/08\/un-erudit-discute-de-la-facon-dont-nous-pouvons-apprendre-a-vivre-avec-nous-memes\/\" \/>\n<meta property=\"og:site_name\" content=\"\u00c9glise Adventiste Du Septieme Jour - Inter Am\u00e9rique Division\" \/>\n<meta property=\"article:published_time\" content=\"2023-08-08T13:55:55+00:00\" \/>\n<meta property=\"article:modified_time\" content=\"2023-08-08T15:21:11+00:00\" \/>\n<meta property=\"og:image\" content=\"https:\/\/interamerica.org\/wp-content\/uploads\/2023\/08\/aditya-saxena-mixhvl-wza-unsplash-scaled.jpg\" \/>\n\t<meta property=\"og:image:width\" content=\"2560\" \/>\n\t<meta property=\"og:image:height\" content=\"1544\" \/>\n\t<meta property=\"og:image:type\" content=\"image\/jpeg\" \/>\n<meta name=\"author\" content=\"libna\" \/>\n<meta name=\"twitter:card\" content=\"summary_large_image\" \/>\n<meta name=\"twitter:label1\" content=\"\u00c9crit par\" \/>\n\t<meta name=\"twitter:data1\" content=\"libna\" \/>\n\t<meta name=\"twitter:label2\" content=\"Dur\u00e9e de lecture estim\u00e9e\" \/>\n\t<meta name=\"twitter:data2\" content=\"7 minutes\" \/>\n<script type=\"application\/ld+json\" class=\"yoast-schema-graph\">{\"@context\":\"https:\\\/\\\/schema.org\",\"@graph\":[{\"@type\":\"Article\",\"@id\":\"https:\\\/\\\/interamerica.org\\\/fr\\\/2023\\\/08\\\/un-erudit-discute-de-la-facon-dont-nous-pouvons-apprendre-a-vivre-avec-nous-memes\\\/#article\",\"isPartOf\":{\"@id\":\"https:\\\/\\\/interamerica.org\\\/fr\\\/2023\\\/08\\\/un-erudit-discute-de-la-facon-dont-nous-pouvons-apprendre-a-vivre-avec-nous-memes\\\/\"},\"author\":{\"name\":\"libna\",\"@id\":\"https:\\\/\\\/interamerica.org\\\/fr\\\/#\\\/schema\\\/person\\\/29998f2bc2d8bd0d38662909289b54f1\"},\"headline\":\"Un \u00e9rudit discute de la fa\u00e7on dont nous pouvons apprendre \u00e0 \u00ab vivre avec nous-m\u00eames \u00bb\",\"datePublished\":\"2023-08-08T13:55:55+00:00\",\"dateModified\":\"2023-08-08T15:21:11+00:00\",\"mainEntityOfPage\":{\"@id\":\"https:\\\/\\\/interamerica.org\\\/fr\\\/2023\\\/08\\\/un-erudit-discute-de-la-facon-dont-nous-pouvons-apprendre-a-vivre-avec-nous-memes\\\/\"},\"wordCount\":1686,\"image\":{\"@id\":\"https:\\\/\\\/interamerica.org\\\/fr\\\/2023\\\/08\\\/un-erudit-discute-de-la-facon-dont-nous-pouvons-apprendre-a-vivre-avec-nous-memes\\\/#primaryimage\"},\"thumbnailUrl\":\"https:\\\/\\\/interamerica.org\\\/wp-content\\\/uploads\\\/2023\\\/08\\\/aditya-saxena-mixhvl-wza-unsplash-scaled.jpg\",\"articleSection\":[\"Nouvelles de l'\u00c9glise mondiale\",\"RSS Fran\u00e7ais\"],\"inLanguage\":\"fr-FR\"},{\"@type\":\"WebPage\",\"@id\":\"https:\\\/\\\/interamerica.org\\\/fr\\\/2023\\\/08\\\/un-erudit-discute-de-la-facon-dont-nous-pouvons-apprendre-a-vivre-avec-nous-memes\\\/\",\"url\":\"https:\\\/\\\/interamerica.org\\\/fr\\\/2023\\\/08\\\/un-erudit-discute-de-la-facon-dont-nous-pouvons-apprendre-a-vivre-avec-nous-memes\\\/\",\"name\":\"Un \u00e9rudit discute de la fa\u00e7on dont nous pouvons apprendre \u00e0 \u00ab vivre avec nous-m\u00eames \u00bb - \u00c9glise Adventiste Du Septieme Jour - Inter Am\u00e9rique Division\",\"isPartOf\":{\"@id\":\"https:\\\/\\\/interamerica.org\\\/fr\\\/#website\"},\"primaryImageOfPage\":{\"@id\":\"https:\\\/\\\/interamerica.org\\\/fr\\\/2023\\\/08\\\/un-erudit-discute-de-la-facon-dont-nous-pouvons-apprendre-a-vivre-avec-nous-memes\\\/#primaryimage\"},\"image\":{\"@id\":\"https:\\\/\\\/interamerica.org\\\/fr\\\/2023\\\/08\\\/un-erudit-discute-de-la-facon-dont-nous-pouvons-apprendre-a-vivre-avec-nous-memes\\\/#primaryimage\"},\"thumbnailUrl\":\"https:\\\/\\\/interamerica.org\\\/wp-content\\\/uploads\\\/2023\\\/08\\\/aditya-saxena-mixhvl-wza-unsplash-scaled.jpg\",\"datePublished\":\"2023-08-08T13:55:55+00:00\",\"dateModified\":\"2023-08-08T15:21:11+00:00\",\"author\":{\"@id\":\"https:\\\/\\\/interamerica.org\\\/fr\\\/#\\\/schema\\\/person\\\/29998f2bc2d8bd0d38662909289b54f1\"},\"breadcrumb\":{\"@id\":\"https:\\\/\\\/interamerica.org\\\/fr\\\/2023\\\/08\\\/un-erudit-discute-de-la-facon-dont-nous-pouvons-apprendre-a-vivre-avec-nous-memes\\\/#breadcrumb\"},\"inLanguage\":\"fr-FR\",\"potentialAction\":[{\"@type\":\"ReadAction\",\"target\":[\"https:\\\/\\\/interamerica.org\\\/fr\\\/2023\\\/08\\\/un-erudit-discute-de-la-facon-dont-nous-pouvons-apprendre-a-vivre-avec-nous-memes\\\/\"]}]},{\"@type\":\"ImageObject\",\"inLanguage\":\"fr-FR\",\"@id\":\"https:\\\/\\\/interamerica.org\\\/fr\\\/2023\\\/08\\\/un-erudit-discute-de-la-facon-dont-nous-pouvons-apprendre-a-vivre-avec-nous-memes\\\/#primaryimage\",\"url\":\"https:\\\/\\\/interamerica.org\\\/wp-content\\\/uploads\\\/2023\\\/08\\\/aditya-saxena-mixhvl-wza-unsplash-scaled.jpg\",\"contentUrl\":\"https:\\\/\\\/interamerica.org\\\/wp-content\\\/uploads\\\/2023\\\/08\\\/aditya-saxena-mixhvl-wza-unsplash-scaled.jpg\",\"width\":2560,\"height\":1544,\"caption\":\"[Photo: Aditya Saxena \\\/ Unsplash]\"},{\"@type\":\"BreadcrumbList\",\"@id\":\"https:\\\/\\\/interamerica.org\\\/fr\\\/2023\\\/08\\\/un-erudit-discute-de-la-facon-dont-nous-pouvons-apprendre-a-vivre-avec-nous-memes\\\/#breadcrumb\",\"itemListElement\":[{\"@type\":\"ListItem\",\"position\":1,\"name\":\"Home\",\"item\":\"https:\\\/\\\/interamerica.org\\\/fr\\\/\"},{\"@type\":\"ListItem\",\"position\":2,\"name\":\"Un \u00e9rudit discute de la fa\u00e7on dont nous pouvons apprendre \u00e0 \u00ab vivre avec nous-m\u00eames \u00bb\"}]},{\"@type\":\"WebSite\",\"@id\":\"https:\\\/\\\/interamerica.org\\\/fr\\\/#website\",\"url\":\"https:\\\/\\\/interamerica.org\\\/fr\\\/\",\"name\":\"\u00c9glise Adventiste Du Septieme Jour - Inter Am\u00e9rique Division\",\"description\":\"\",\"potentialAction\":[{\"@type\":\"SearchAction\",\"target\":{\"@type\":\"EntryPoint\",\"urlTemplate\":\"https:\\\/\\\/interamerica.org\\\/fr\\\/?s={search_term_string}\"},\"query-input\":{\"@type\":\"PropertyValueSpecification\",\"valueRequired\":true,\"valueName\":\"search_term_string\"}}],\"inLanguage\":\"fr-FR\"},{\"@type\":\"Person\",\"@id\":\"https:\\\/\\\/interamerica.org\\\/fr\\\/#\\\/schema\\\/person\\\/29998f2bc2d8bd0d38662909289b54f1\",\"name\":\"libna\",\"image\":{\"@type\":\"ImageObject\",\"inLanguage\":\"fr-FR\",\"@id\":\"https:\\\/\\\/secure.gravatar.com\\\/avatar\\\/7c5bd30ae4b47a9ba3c856590957fd1d96dc588bf3ac05719d247e126840331f?s=96&d=mm&r=g\",\"url\":\"https:\\\/\\\/secure.gravatar.com\\\/avatar\\\/7c5bd30ae4b47a9ba3c856590957fd1d96dc588bf3ac05719d247e126840331f?s=96&d=mm&r=g\",\"contentUrl\":\"https:\\\/\\\/secure.gravatar.com\\\/avatar\\\/7c5bd30ae4b47a9ba3c856590957fd1d96dc588bf3ac05719d247e126840331f?s=96&d=mm&r=g\",\"caption\":\"libna\"}}]}<\/script>\n<!-- \/ Yoast SEO plugin. -->","yoast_head_json":{"title":"Un \u00e9rudit discute de la fa\u00e7on dont nous pouvons apprendre \u00e0 \u00ab vivre avec nous-m\u00eames \u00bb - \u00c9glise Adventiste Du Septieme Jour - Inter Am\u00e9rique Division","robots":{"index":"index","follow":"follow","max-snippet":"max-snippet:-1","max-image-preview":"max-image-preview:large","max-video-preview":"max-video-preview:-1"},"canonical":"https:\/\/interamerica.org\/fr\/2023\/08\/un-erudit-discute-de-la-facon-dont-nous-pouvons-apprendre-a-vivre-avec-nous-memes\/","og_locale":"fr_FR","og_type":"article","og_title":"Un \u00e9rudit discute de la fa\u00e7on dont nous pouvons apprendre \u00e0 \u00ab vivre avec nous-m\u00eames \u00bb - \u00c9glise Adventiste Du Septieme Jour - Inter Am\u00e9rique Division","og_description":"Lors d\u2019une conf\u00e9rence sur la famille, Kenneth Pargament a d\u00e9clar\u00e9 que les luttes morales peuvent \u00eatre une opportunit\u00e9. 9 Ao\u00fbt 2023 | Silver Spring, Maryland, \u00c9tats-Unis | Marcos Paseggi, Adventist...","og_url":"https:\/\/interamerica.org\/fr\/2023\/08\/un-erudit-discute-de-la-facon-dont-nous-pouvons-apprendre-a-vivre-avec-nous-memes\/","og_site_name":"\u00c9glise Adventiste Du Septieme Jour - Inter Am\u00e9rique Division","article_published_time":"2023-08-08T13:55:55+00:00","article_modified_time":"2023-08-08T15:21:11+00:00","og_image":[{"width":2560,"height":1544,"url":"https:\/\/interamerica.org\/wp-content\/uploads\/2023\/08\/aditya-saxena-mixhvl-wza-unsplash-scaled.jpg","type":"image\/jpeg"}],"author":"libna","twitter_card":"summary_large_image","twitter_misc":{"\u00c9crit par":"libna","Dur\u00e9e de lecture estim\u00e9e":"7 minutes"},"schema":{"@context":"https:\/\/schema.org","@graph":[{"@type":"Article","@id":"https:\/\/interamerica.org\/fr\/2023\/08\/un-erudit-discute-de-la-facon-dont-nous-pouvons-apprendre-a-vivre-avec-nous-memes\/#article","isPartOf":{"@id":"https:\/\/interamerica.org\/fr\/2023\/08\/un-erudit-discute-de-la-facon-dont-nous-pouvons-apprendre-a-vivre-avec-nous-memes\/"},"author":{"name":"libna","@id":"https:\/\/interamerica.org\/fr\/#\/schema\/person\/29998f2bc2d8bd0d38662909289b54f1"},"headline":"Un \u00e9rudit discute de la fa\u00e7on dont nous pouvons apprendre \u00e0 \u00ab vivre avec nous-m\u00eames \u00bb","datePublished":"2023-08-08T13:55:55+00:00","dateModified":"2023-08-08T15:21:11+00:00","mainEntityOfPage":{"@id":"https:\/\/interamerica.org\/fr\/2023\/08\/un-erudit-discute-de-la-facon-dont-nous-pouvons-apprendre-a-vivre-avec-nous-memes\/"},"wordCount":1686,"image":{"@id":"https:\/\/interamerica.org\/fr\/2023\/08\/un-erudit-discute-de-la-facon-dont-nous-pouvons-apprendre-a-vivre-avec-nous-memes\/#primaryimage"},"thumbnailUrl":"https:\/\/interamerica.org\/wp-content\/uploads\/2023\/08\/aditya-saxena-mixhvl-wza-unsplash-scaled.jpg","articleSection":["Nouvelles de l'\u00c9glise mondiale","RSS Fran\u00e7ais"],"inLanguage":"fr-FR"},{"@type":"WebPage","@id":"https:\/\/interamerica.org\/fr\/2023\/08\/un-erudit-discute-de-la-facon-dont-nous-pouvons-apprendre-a-vivre-avec-nous-memes\/","url":"https:\/\/interamerica.org\/fr\/2023\/08\/un-erudit-discute-de-la-facon-dont-nous-pouvons-apprendre-a-vivre-avec-nous-memes\/","name":"Un \u00e9rudit discute de la fa\u00e7on dont nous pouvons apprendre \u00e0 \u00ab vivre avec nous-m\u00eames \u00bb - \u00c9glise Adventiste Du Septieme Jour - Inter Am\u00e9rique Division","isPartOf":{"@id":"https:\/\/interamerica.org\/fr\/#website"},"primaryImageOfPage":{"@id":"https:\/\/interamerica.org\/fr\/2023\/08\/un-erudit-discute-de-la-facon-dont-nous-pouvons-apprendre-a-vivre-avec-nous-memes\/#primaryimage"},"image":{"@id":"https:\/\/interamerica.org\/fr\/2023\/08\/un-erudit-discute-de-la-facon-dont-nous-pouvons-apprendre-a-vivre-avec-nous-memes\/#primaryimage"},"thumbnailUrl":"https:\/\/interamerica.org\/wp-content\/uploads\/2023\/08\/aditya-saxena-mixhvl-wza-unsplash-scaled.jpg","datePublished":"2023-08-08T13:55:55+00:00","dateModified":"2023-08-08T15:21:11+00:00","author":{"@id":"https:\/\/interamerica.org\/fr\/#\/schema\/person\/29998f2bc2d8bd0d38662909289b54f1"},"breadcrumb":{"@id":"https:\/\/interamerica.org\/fr\/2023\/08\/un-erudit-discute-de-la-facon-dont-nous-pouvons-apprendre-a-vivre-avec-nous-memes\/#breadcrumb"},"inLanguage":"fr-FR","potentialAction":[{"@type":"ReadAction","target":["https:\/\/interamerica.org\/fr\/2023\/08\/un-erudit-discute-de-la-facon-dont-nous-pouvons-apprendre-a-vivre-avec-nous-memes\/"]}]},{"@type":"ImageObject","inLanguage":"fr-FR","@id":"https:\/\/interamerica.org\/fr\/2023\/08\/un-erudit-discute-de-la-facon-dont-nous-pouvons-apprendre-a-vivre-avec-nous-memes\/#primaryimage","url":"https:\/\/interamerica.org\/wp-content\/uploads\/2023\/08\/aditya-saxena-mixhvl-wza-unsplash-scaled.jpg","contentUrl":"https:\/\/interamerica.org\/wp-content\/uploads\/2023\/08\/aditya-saxena-mixhvl-wza-unsplash-scaled.jpg","width":2560,"height":1544,"caption":"[Photo: Aditya Saxena \/ Unsplash]"},{"@type":"BreadcrumbList","@id":"https:\/\/interamerica.org\/fr\/2023\/08\/un-erudit-discute-de-la-facon-dont-nous-pouvons-apprendre-a-vivre-avec-nous-memes\/#breadcrumb","itemListElement":[{"@type":"ListItem","position":1,"name":"Home","item":"https:\/\/interamerica.org\/fr\/"},{"@type":"ListItem","position":2,"name":"Un \u00e9rudit discute de la fa\u00e7on dont nous pouvons apprendre \u00e0 \u00ab vivre avec nous-m\u00eames \u00bb"}]},{"@type":"WebSite","@id":"https:\/\/interamerica.org\/fr\/#website","url":"https:\/\/interamerica.org\/fr\/","name":"\u00c9glise Adventiste Du Septieme Jour - Inter Am\u00e9rique Division","description":"","potentialAction":[{"@type":"SearchAction","target":{"@type":"EntryPoint","urlTemplate":"https:\/\/interamerica.org\/fr\/?s={search_term_string}"},"query-input":{"@type":"PropertyValueSpecification","valueRequired":true,"valueName":"search_term_string"}}],"inLanguage":"fr-FR"},{"@type":"Person","@id":"https:\/\/interamerica.org\/fr\/#\/schema\/person\/29998f2bc2d8bd0d38662909289b54f1","name":"libna","image":{"@type":"ImageObject","inLanguage":"fr-FR","@id":"https:\/\/secure.gravatar.com\/avatar\/7c5bd30ae4b47a9ba3c856590957fd1d96dc588bf3ac05719d247e126840331f?s=96&d=mm&r=g","url":"https:\/\/secure.gravatar.com\/avatar\/7c5bd30ae4b47a9ba3c856590957fd1d96dc588bf3ac05719d247e126840331f?s=96&d=mm&r=g","contentUrl":"https:\/\/secure.gravatar.com\/avatar\/7c5bd30ae4b47a9ba3c856590957fd1d96dc588bf3ac05719d247e126840331f?s=96&d=mm&r=g","caption":"libna"}}]}},"_links":{"self":[{"href":"https:\/\/interamerica.org\/fr\/wp-json\/wp\/v2\/posts\/101752","targetHints":{"allow":["GET"]}}],"collection":[{"href":"https:\/\/interamerica.org\/fr\/wp-json\/wp\/v2\/posts"}],"about":[{"href":"https:\/\/interamerica.org\/fr\/wp-json\/wp\/v2\/types\/post"}],"author":[{"embeddable":true,"href":"https:\/\/interamerica.org\/fr\/wp-json\/wp\/v2\/users\/3"}],"replies":[{"embeddable":true,"href":"https:\/\/interamerica.org\/fr\/wp-json\/wp\/v2\/comments?post=101752"}],"version-history":[{"count":0,"href":"https:\/\/interamerica.org\/fr\/wp-json\/wp\/v2\/posts\/101752\/revisions"}],"wp:featuredmedia":[{"embeddable":true,"href":"https:\/\/interamerica.org\/fr\/wp-json\/wp\/v2\/media\/101718"}],"wp:attachment":[{"href":"https:\/\/interamerica.org\/fr\/wp-json\/wp\/v2\/media?parent=101752"}],"wp:term":[{"taxonomy":"category","embeddable":true,"href":"https:\/\/interamerica.org\/fr\/wp-json\/wp\/v2\/categories?post=101752"},{"taxonomy":"post_tag","embeddable":true,"href":"https:\/\/interamerica.org\/fr\/wp-json\/wp\/v2\/tags?post=101752"}],"curies":[{"name":"wp","href":"https:\/\/api.w.org\/{rel}","templated":true}]}}