{"id":101910,"date":"2023-08-10T23:01:16","date_gmt":"2023-08-11T03:01:16","guid":{"rendered":"https:\/\/interamerica.org\/?p=101910"},"modified":"2023-08-10T23:28:16","modified_gmt":"2023-08-11T03:28:16","slug":"linitiative-mission-caleb-touche-une-commune-montagneuse-de-porto-rico","status":"publish","type":"post","link":"https:\/\/interamerica.org\/fr\/2023\/08\/linitiative-mission-caleb-touche-une-commune-montagneuse-de-porto-rico\/","title":{"rendered":"L\u2019initiative \u00ab Mission Caleb \u00bb touche une commune montagneuse de Porto Rico"},"content":{"rendered":"<p><div id=\"attachment_101862\" style=\"width: 878px\" class=\"wp-caption aligncenter\"><img fetchpriority=\"high\" decoding=\"async\" aria-describedby=\"caption-attachment-101862\" class=\" wp-image-101861\" src=\"https:\/\/interamerica.org\/wp-content\/uploads\/2023\/08\/puru-caleb-utuado-prayer-1-1-1024x768.jpg\" alt=\"\" width=\"868\" height=\"651\" srcset=\"https:\/\/interamerica.org\/wp-content\/uploads\/2023\/08\/puru-caleb-utuado-prayer-1-1-1024x768.jpg 1024w, https:\/\/interamerica.org\/wp-content\/uploads\/2023\/08\/puru-caleb-utuado-prayer-1-1-300x225.jpg 300w, https:\/\/interamerica.org\/wp-content\/uploads\/2023\/08\/puru-caleb-utuado-prayer-1-1-768x576.jpg 768w, https:\/\/interamerica.org\/wp-content\/uploads\/2023\/08\/puru-caleb-utuado-prayer-1-1-1536x1152.jpg 1536w, https:\/\/interamerica.org\/wp-content\/uploads\/2023\/08\/puru-caleb-utuado-prayer-1-1-2048x1536.jpg 2048w\" sizes=\"(max-width: 868px) 100vw, 868px\" \/><p id=\"caption-attachment-101862\" class=\"wp-caption-text\">Un groupe de jeunes venus de plusieurs \u00e9glises adventistes du septi\u00e8me jour \u00e0 Porto Rico prient pour le succ\u00e8s de l\u2019initiative Mission Caleb \u00e0 Utuado, une commune montagneuse du centre-nord de l\u2019\u00eele, o\u00f9 ils ont touch\u00e9 les communaut\u00e9s \u00e0 travers des activit\u00e9s missionnaires et un tournoi de tennis de table, du 5 au15 juillet 2023. [Photo : Union Portoricaine]<\/p><\/div>10 Ao\u00fbt 2023 | Mayaguez, Porto Rico | David Sebastian et Actualit\u00e9s de la Division Inter Am\u00e9ricaine<\/p>\n<p>Un groupe de jeunes venus de tout Porto Rico ont fait leurs valises et pr\u00e9par\u00e9 leurs tentes pour se rendre \u00e0 Utuado, une municipalit\u00e9 montagneuse du centre-nord de l\u2019\u00eele, afin de participer \u00e0 des activit\u00e9s d\u2019impact missionnaires ainsi qu\u2019\u00e0 un tournoi de tennis de table dans la communaut\u00e9, du 5 au 15juillet 2023.<\/p>\n<p>Le groupe compos\u00e9 de 19 jeunes adventistes du septi\u00e8me jour, \u00e2g\u00e9s de 16 \u00e0 23 ans, a distribu\u00e9 des bo\u00eetes de nourriture \u00e0 des familles \u00e0 faible revenu, nettoy\u00e9 des rues, repeint des maisons, tondu des pelouses, ramass\u00e9 des d\u00e9tritus dans des parcs et des lieux publics et visit\u00e9 plusieurs organismes gouvernementaux et des foyers. La communaut\u00e9 a \u00e9t\u00e9 invit\u00e9e \u00e0 deux campagnes d\u2019\u00e9vang\u00e9lisation tenue par les jeunes, l\u2019une sur un terrain de sport de la communaut\u00e9 et l\u2019autre \u00e0 l\u2019\u00e9glise adventiste de Barrio Sabana Grande. Au cours des rencontres, les jeunes ont distribu\u00e9 des livres missionnaires, pri\u00e9 pour tous ceux qui avaient besoin de pri\u00e8re et distribu\u00e9 des repas chauds.<\/p>\n<p><div id=\"attachment_101865\" style=\"width: 844px\" class=\"wp-caption aligncenter\"><img decoding=\"async\" aria-describedby=\"caption-attachment-101865\" class=\" wp-image-101864\" src=\"https:\/\/interamerica.org\/wp-content\/uploads\/2023\/08\/puru-caleb-ampitheater.jpg\" alt=\"\" width=\"834\" height=\"625\" srcset=\"https:\/\/interamerica.org\/wp-content\/uploads\/2023\/08\/puru-caleb-ampitheater.jpg 900w, https:\/\/interamerica.org\/wp-content\/uploads\/2023\/08\/puru-caleb-ampitheater-300x225.jpg 300w, https:\/\/interamerica.org\/wp-content\/uploads\/2023\/08\/puru-caleb-ampitheater-768x576.jpg 768w\" sizes=\"(max-width: 834px) 100vw, 834px\" \/><p id=\"caption-attachment-101865\" class=\"wp-caption-text\">Un membre de l\u2019\u00e9quipe \u00ab Mission Caleb \u00bb effectue un nettoyage \u00e0 haute pression \u00e0 l\u2019Amphith\u00e9\u00e2tre Angel Lile Medina d\u2019Utuado \u00e0 Porto Rico. [Photo : Union Portoricaine]<\/p><\/div>L\u2019initiative, baptis\u00e9e Mission Caleb, intervient dans le cadre d\u2019un programme d\u2019\u00e9vang\u00e9lisation de l\u2019\u00c9glise adventiste du septi\u00e8me jour dans lequel les jeunes participent \u00e0 des activit\u00e9s sociales et de t\u00e9moignage pendant leurs vacances d\u2019\u00e9t\u00e9.<\/p>\n<p>Le maire d\u2019Utuado, Jorge P\u00e9rez, a remerci\u00e9 les jeunes adventistes pour leur service dans sa municipalit\u00e9. \u00ab Vous \u00eates venus \u00e0 Utuado pour nous apporter de la bonne humeur, l\u2019\u00e9ducation et des choses qui peuvent aider les \u00eatres humains \u00e0 r\u00e9fl\u00e9chir, et la Parole de Dieu, \u00bb a-t-il d\u00e9clar\u00e9.<\/p>\n<p><div id=\"attachment_101880\" style=\"width: 824px\" class=\"wp-caption aligncenter\"><img decoding=\"async\" aria-describedby=\"caption-attachment-101880\" class=\" wp-image-101879\" src=\"https:\/\/interamerica.org\/wp-content\/uploads\/2023\/08\/puru-mision-caleb-youth-series-1.jpeg\" alt=\"\" width=\"814\" height=\"610\" srcset=\"https:\/\/interamerica.org\/wp-content\/uploads\/2023\/08\/puru-mision-caleb-youth-series-1.jpeg 900w, https:\/\/interamerica.org\/wp-content\/uploads\/2023\/08\/puru-mision-caleb-youth-series-1-300x225.jpeg 300w, https:\/\/interamerica.org\/wp-content\/uploads\/2023\/08\/puru-mision-caleb-youth-series-1-768x576.jpeg 768w\" sizes=\"(max-width: 814px) 100vw, 814px\" \/><p id=\"caption-attachment-101880\" class=\"wp-caption-text\">Le directeur des minist\u00e8res de la jeunesse de l\u2019Union Portoricaine pr\u00e9sente le groupe de jeunes qui a men\u00e9 une campagne d\u2019\u00e9vang\u00e9lisation par la jeunesse \u00e0 l\u2019\u00e9glise adventiste de Barrio Sabana Grande pr\u00e8s d\u2019Utuado. [Photo : Union Portoricaine]<\/p><\/div>De m\u00eame, Carmen Myriam Gonz\u00e1lez, directrice du Faith Basis Office \u00e0 Utuado, a d\u00e9clar\u00e9 : \u00ab Utuado vous remercie, Mission Caleb, et garde les portes ouvertes parce que vous faites d\u00e9j\u00e0 partie de nous. \u00bb<\/p>\n<p><strong>Tournoi de tennis de table <\/strong><\/p>\n<p>Soixante-cinq joueurs se sont pr\u00e9sent\u00e9s pour le tournoi de tennis de table et des dizaines de personnes de la communaut\u00e9 ont regard\u00e9 les participants de niveau d\u00e9butant et de niveau avanc\u00e9 le 9 juillet 2023. Le programme a d\u00e9but\u00e9 avec de la musique et une d\u00e9votion sp\u00e9ciale dirig\u00e9e par l\u2019\u00e9quipe de Mission Caleb et a vu la participation de Fabiola D\u00edaz, une m\u00e9daill\u00e9 d\u2019or de tennis de table aux Jeux d\u2019Am\u00e9rique Centrale et de Yeriel L\u00f3pez, m\u00e9daill\u00e9 de tennis de table aux Jeux Para-olympiques de Colombie.<\/p>\n<p><div id=\"attachment_101868\" style=\"width: 532px\" class=\"wp-caption aligncenter\"><img loading=\"lazy\" decoding=\"async\" aria-describedby=\"caption-attachment-101868\" class=\" wp-image-101867\" src=\"https:\/\/interamerica.org\/wp-content\/uploads\/2023\/08\/puru-caleb-house-painting-1.jpeg\" alt=\"\" width=\"522\" height=\"696\" srcset=\"https:\/\/interamerica.org\/wp-content\/uploads\/2023\/08\/puru-caleb-house-painting-1.jpeg 600w, https:\/\/interamerica.org\/wp-content\/uploads\/2023\/08\/puru-caleb-house-painting-1-225x300.jpeg 225w\" sizes=\"(max-width: 522px) 100vw, 522px\" \/><p id=\"caption-attachment-101868\" class=\"wp-caption-text\">Des jeunes peignent une partie d\u2019une maison \u00e0 Utuado, \u00e0 Porto Rico. [Photo : Union Portoricaine]<\/p><\/div>Les gagnants ont re\u00e7u des m\u00e9dailles et le public a \u00e9t\u00e9 invit\u00e9 \u00e0 regarder le <a href=\"https:\/\/interamerica.org\/2021\/09\/adventist-church-in-puerto-rico-showcases-first-major-film-throughout-the-island\/\">film SPIN<\/a> \u00e0 l\u2019Amphith\u00e9\u00e2tre Angel Lile Medina le 14 juillet. Plus de 120 personnes se sont inscrites pour voir le film et se sont inscrites pour recevoir des \u00e9tudes bibliques. SPIN est un film d\u2019\u00e9vang\u00e9lisation de l\u2019\u00c9glise adventiste du septi\u00e8me jour qui a \u00e9t\u00e9 produit et qui est sorti \u00e0 Porto Rico en 2021 et qui raconte l\u2019histoire d\u2019une adolescente qui a des probl\u00e8mes \u00e0 la maison, qui rejoint un club de tennis de table, apprend \u00e0 faire du sport, rencontre quelqu\u2019un qui l\u2019aide \u00e0 trouver un sens \u00e0 sa vie, et finit par participer \u00e0 une comp\u00e9tition nationale.<\/p>\n<p>\u00ab Merci d\u2019\u00eatre une b\u00e9n\u00e9diction pour notre ville, \u00bb a d\u00e9clar\u00e9 Carmen Gonz\u00e1lez. \u00ab Nous avons vraiment appr\u00e9ci\u00e9 tout ce que vous avez fait et le fait d\u2019avoir organis\u00e9 ce programme [tournoi et film]. \u00bb Carmen Gonz\u00e1lez a encourag\u00e9 les parents \u00e0 motiver leurs enfants \u00e0 prendre part \u00e0 des activit\u00e9s missionnaires afin d\u2019\u00eatre en b\u00e9n\u00e9diction aux autres dans leurs communaut\u00e9s.<\/p>\n<p><div id=\"attachment_101883\" style=\"width: 861px\" class=\"wp-caption aligncenter\"><img loading=\"lazy\" decoding=\"async\" aria-describedby=\"caption-attachment-101883\" class=\" wp-image-101882\" src=\"https:\/\/interamerica.org\/wp-content\/uploads\/2023\/08\/puru-caleb-table-tennis-2.jpg\" alt=\"\" width=\"851\" height=\"536\" srcset=\"https:\/\/interamerica.org\/wp-content\/uploads\/2023\/08\/puru-caleb-table-tennis-2.jpg 900w, https:\/\/interamerica.org\/wp-content\/uploads\/2023\/08\/puru-caleb-table-tennis-2-300x189.jpg 300w, https:\/\/interamerica.org\/wp-content\/uploads\/2023\/08\/puru-caleb-table-tennis-2-768x484.jpg 768w\" sizes=\"(max-width: 851px) 100vw, 851px\" \/><p id=\"caption-attachment-101883\" class=\"wp-caption-text\">Des jeunes de la communaut\u00e9 participent \u00e0 un tournoi de tennis de table organis\u00e9 par le groupe de jeunes adventistes au Centre Zaida Nieves Andujar \u00e0 Utuado, le 9 juillet 2023. [Photo : Union Portoricaine]<\/p><\/div>Le directeur des sports et des loisirs de la municipalit\u00e9 d\u2019Utuado, Gustavo Garc\u00eda, a remerci\u00e9 le groupe de jeunes pour son aide pendant les deux semaines pass\u00e9es en ville. \u00ab Cela a \u00e9t\u00e9 une bonne exp\u00e9rience de participer \u00e0 des comp\u00e9titions saines et j\u2019esp\u00e8re que vous pourrez \u00e9galement \u00e9tendre cette initiative \u00e0 d\u2019autres villes, \u00bb a d\u00e9clar\u00e9 Gustavo Garc\u00eda. \u00ab Je vous invite \u00e0 servir avec passion et \u00e0 continuer \u00e0 vous engager b\u00e9n\u00e9volement dans ce type d\u2019initiatives qui seront une b\u00e9n\u00e9diction pour vous \u00e0 l\u2019avenir. \u00bb<\/p>\n<p>De plus, Bolivar Berm\u00fadez, vice-maire de la ville d\u2019Utuado, a \u00e9galement remerci\u00e9 le groupe de jeunes et ses dirigeants pour leur d\u00e9vouement au service de la commune. \u00ab Continuez \u00e0 faire le bien non seulement pour Utuado mais pour notre pays, \u00bb a-t-il d\u00e9clar\u00e9. \u00ab Nous avons besoin de personnes comme vous, des jeunes pour prendre en charge ce navire qu\u2019est notre pays, afin de le maintenir \u00e0 flot. \u00bb<\/p>\n<p><div id=\"attachment_101874\" style=\"width: 855px\" class=\"wp-caption aligncenter\"><img loading=\"lazy\" decoding=\"async\" aria-describedby=\"caption-attachment-101874\" class=\" wp-image-101873\" src=\"https:\/\/interamerica.org\/wp-content\/uploads\/2023\/08\/puru-caleb-spin-movie-1.jpeg\" alt=\"\" width=\"845\" height=\"634\" srcset=\"https:\/\/interamerica.org\/wp-content\/uploads\/2023\/08\/puru-caleb-spin-movie-1.jpeg 900w, https:\/\/interamerica.org\/wp-content\/uploads\/2023\/08\/puru-caleb-spin-movie-1-300x225.jpeg 300w, https:\/\/interamerica.org\/wp-content\/uploads\/2023\/08\/puru-caleb-spin-movie-1-768x576.jpeg 768w\" sizes=\"(max-width: 845px) 100vw, 845px\" \/><p id=\"caption-attachment-101874\" class=\"wp-caption-text\">Les membres de l\u2019\u00e9quipe de Mission Caleb se pr\u00e9parent \u00e0 commencer leur service de culte le 14 juillet 2023 \u00e0 l\u2019Amphith\u00e9\u00e2tre Angel Lile Medina avant que le film SPIN ne soit pr\u00e9sent\u00e9 le dernier jour de la campagne d\u2019\u00e9vang\u00e9lisation des jeunes. [Photo : Union Portoricaine]<\/p><\/div>La ville \u00e9tait si reconnaissante envers le groupe qu\u2019un propri\u00e9taire de restaurant a offert au groupe de jeunes un d\u00e9jeuner gratuit, et un autre leur a offert un repas. Le groupe de Mission Caleb est \u00e9galement pass\u00e9 sur la station de radio locale pour expliquer son initiative et ses activit\u00e9s men\u00e9es au cours des deux semaines.<\/p>\n<p>Traduction: Patrick Luciathe<\/p>\n","protected":false},"excerpt":{"rendered":"<p>10 Ao\u00fbt 2023 | Mayaguez, Porto Rico | David Sebastian et Actualit\u00e9s de la Division Inter Am\u00e9ricaine Un groupe de jeunes venus de tout Porto Rico ont fait leurs valises&#8230;<\/p>\n","protected":false},"author":3,"featured_media":101859,"comment_status":"closed","ping_status":"closed","sticky":false,"template":"","format":"standard","meta":{"_acf_changed":false,"footnotes":""},"categories":[21,19],"tags":[],"class_list":["post-101910","post","type-post","status-publish","format-standard","has-post-thumbnail","hentry","category-nouvelles-du-territoire","category-rss-francais"],"acf":[],"yoast_head":"<!-- This site is optimized with the Yoast SEO plugin v27.3 - https:\/\/yoast.com\/product\/yoast-seo-wordpress\/ -->\n<title>L\u2019initiative \u00ab Mission Caleb \u00bb touche une commune montagneuse de Porto Rico - \u00c9glise Adventiste Du Septieme Jour - Inter Am\u00e9rique Division<\/title>\n<meta name=\"robots\" content=\"index, follow, max-snippet:-1, max-image-preview:large, max-video-preview:-1\" \/>\n<link rel=\"canonical\" href=\"https:\/\/interamerica.org\/fr\/2023\/08\/linitiative-mission-caleb-touche-une-commune-montagneuse-de-porto-rico\/\" \/>\n<meta property=\"og:locale\" content=\"fr_FR\" \/>\n<meta property=\"og:type\" content=\"article\" \/>\n<meta property=\"og:title\" content=\"L\u2019initiative \u00ab Mission Caleb \u00bb touche une commune montagneuse de Porto Rico - \u00c9glise Adventiste Du Septieme Jour - Inter Am\u00e9rique Division\" \/>\n<meta property=\"og:description\" content=\"10 Ao\u00fbt 2023 | Mayaguez, Porto Rico | David Sebastian et Actualit\u00e9s de la Division Inter Am\u00e9ricaine Un groupe de jeunes venus de tout Porto Rico ont fait leurs valises...\" \/>\n<meta property=\"og:url\" content=\"https:\/\/interamerica.org\/fr\/2023\/08\/linitiative-mission-caleb-touche-une-commune-montagneuse-de-porto-rico\/\" \/>\n<meta property=\"og:site_name\" content=\"\u00c9glise Adventiste Du Septieme Jour - Inter Am\u00e9rique Division\" \/>\n<meta property=\"article:published_time\" content=\"2023-08-11T03:01:16+00:00\" \/>\n<meta property=\"article:modified_time\" content=\"2023-08-11T03:28:16+00:00\" \/>\n<meta property=\"og:image\" content=\"https:\/\/interamerica.org\/wp-content\/uploads\/2023\/08\/puru-caleb-utuado-prayer-1-scaled.jpg\" \/>\n\t<meta property=\"og:image:width\" content=\"2560\" \/>\n\t<meta property=\"og:image:height\" content=\"1920\" \/>\n\t<meta property=\"og:image:type\" content=\"image\/jpeg\" \/>\n<meta name=\"author\" content=\"libna\" \/>\n<meta name=\"twitter:card\" content=\"summary_large_image\" \/>\n<meta name=\"twitter:label1\" content=\"\u00c9crit par\" \/>\n\t<meta name=\"twitter:data1\" content=\"libna\" \/>\n\t<meta name=\"twitter:label2\" content=\"Dur\u00e9e de lecture estim\u00e9e\" \/>\n\t<meta name=\"twitter:data2\" content=\"6 minutes\" \/>\n<script type=\"application\/ld+json\" class=\"yoast-schema-graph\">{\"@context\":\"https:\\\/\\\/schema.org\",\"@graph\":[{\"@type\":\"Article\",\"@id\":\"https:\\\/\\\/interamerica.org\\\/fr\\\/2023\\\/08\\\/linitiative-mission-caleb-touche-une-commune-montagneuse-de-porto-rico\\\/#article\",\"isPartOf\":{\"@id\":\"https:\\\/\\\/interamerica.org\\\/fr\\\/2023\\\/08\\\/linitiative-mission-caleb-touche-une-commune-montagneuse-de-porto-rico\\\/\"},\"author\":{\"name\":\"libna\",\"@id\":\"https:\\\/\\\/interamerica.org\\\/fr\\\/#\\\/schema\\\/person\\\/29998f2bc2d8bd0d38662909289b54f1\"},\"headline\":\"L\u2019initiative \u00ab Mission Caleb \u00bb touche une commune montagneuse de Porto Rico\",\"datePublished\":\"2023-08-11T03:01:16+00:00\",\"dateModified\":\"2023-08-11T03:28:16+00:00\",\"mainEntityOfPage\":{\"@id\":\"https:\\\/\\\/interamerica.org\\\/fr\\\/2023\\\/08\\\/linitiative-mission-caleb-touche-une-commune-montagneuse-de-porto-rico\\\/\"},\"wordCount\":1096,\"image\":{\"@id\":\"https:\\\/\\\/interamerica.org\\\/fr\\\/2023\\\/08\\\/linitiative-mission-caleb-touche-une-commune-montagneuse-de-porto-rico\\\/#primaryimage\"},\"thumbnailUrl\":\"https:\\\/\\\/interamerica.org\\\/wp-content\\\/uploads\\\/2023\\\/08\\\/puru-caleb-utuado-prayer-1-scaled.jpg\",\"articleSection\":[\"Nouvelles du territoire\",\"RSS Fran\u00e7ais\"],\"inLanguage\":\"fr-FR\"},{\"@type\":\"WebPage\",\"@id\":\"https:\\\/\\\/interamerica.org\\\/fr\\\/2023\\\/08\\\/linitiative-mission-caleb-touche-une-commune-montagneuse-de-porto-rico\\\/\",\"url\":\"https:\\\/\\\/interamerica.org\\\/fr\\\/2023\\\/08\\\/linitiative-mission-caleb-touche-une-commune-montagneuse-de-porto-rico\\\/\",\"name\":\"L\u2019initiative \u00ab Mission Caleb \u00bb touche une commune montagneuse de Porto Rico - \u00c9glise Adventiste Du Septieme Jour - Inter Am\u00e9rique Division\",\"isPartOf\":{\"@id\":\"https:\\\/\\\/interamerica.org\\\/fr\\\/#website\"},\"primaryImageOfPage\":{\"@id\":\"https:\\\/\\\/interamerica.org\\\/fr\\\/2023\\\/08\\\/linitiative-mission-caleb-touche-une-commune-montagneuse-de-porto-rico\\\/#primaryimage\"},\"image\":{\"@id\":\"https:\\\/\\\/interamerica.org\\\/fr\\\/2023\\\/08\\\/linitiative-mission-caleb-touche-une-commune-montagneuse-de-porto-rico\\\/#primaryimage\"},\"thumbnailUrl\":\"https:\\\/\\\/interamerica.org\\\/wp-content\\\/uploads\\\/2023\\\/08\\\/puru-caleb-utuado-prayer-1-scaled.jpg\",\"datePublished\":\"2023-08-11T03:01:16+00:00\",\"dateModified\":\"2023-08-11T03:28:16+00:00\",\"author\":{\"@id\":\"https:\\\/\\\/interamerica.org\\\/fr\\\/#\\\/schema\\\/person\\\/29998f2bc2d8bd0d38662909289b54f1\"},\"breadcrumb\":{\"@id\":\"https:\\\/\\\/interamerica.org\\\/fr\\\/2023\\\/08\\\/linitiative-mission-caleb-touche-une-commune-montagneuse-de-porto-rico\\\/#breadcrumb\"},\"inLanguage\":\"fr-FR\",\"potentialAction\":[{\"@type\":\"ReadAction\",\"target\":[\"https:\\\/\\\/interamerica.org\\\/fr\\\/2023\\\/08\\\/linitiative-mission-caleb-touche-une-commune-montagneuse-de-porto-rico\\\/\"]}]},{\"@type\":\"ImageObject\",\"inLanguage\":\"fr-FR\",\"@id\":\"https:\\\/\\\/interamerica.org\\\/fr\\\/2023\\\/08\\\/linitiative-mission-caleb-touche-une-commune-montagneuse-de-porto-rico\\\/#primaryimage\",\"url\":\"https:\\\/\\\/interamerica.org\\\/wp-content\\\/uploads\\\/2023\\\/08\\\/puru-caleb-utuado-prayer-1-scaled.jpg\",\"contentUrl\":\"https:\\\/\\\/interamerica.org\\\/wp-content\\\/uploads\\\/2023\\\/08\\\/puru-caleb-utuado-prayer-1-scaled.jpg\",\"width\":2560,\"height\":1920,\"caption\":\"[Photo: Puerto Rican Union]\"},{\"@type\":\"BreadcrumbList\",\"@id\":\"https:\\\/\\\/interamerica.org\\\/fr\\\/2023\\\/08\\\/linitiative-mission-caleb-touche-une-commune-montagneuse-de-porto-rico\\\/#breadcrumb\",\"itemListElement\":[{\"@type\":\"ListItem\",\"position\":1,\"name\":\"Home\",\"item\":\"https:\\\/\\\/interamerica.org\\\/fr\\\/\"},{\"@type\":\"ListItem\",\"position\":2,\"name\":\"L\u2019initiative \u00ab Mission Caleb \u00bb touche une commune montagneuse de Porto Rico\"}]},{\"@type\":\"WebSite\",\"@id\":\"https:\\\/\\\/interamerica.org\\\/fr\\\/#website\",\"url\":\"https:\\\/\\\/interamerica.org\\\/fr\\\/\",\"name\":\"\u00c9glise Adventiste Du Septieme Jour - Inter Am\u00e9rique Division\",\"description\":\"\",\"potentialAction\":[{\"@type\":\"SearchAction\",\"target\":{\"@type\":\"EntryPoint\",\"urlTemplate\":\"https:\\\/\\\/interamerica.org\\\/fr\\\/?s={search_term_string}\"},\"query-input\":{\"@type\":\"PropertyValueSpecification\",\"valueRequired\":true,\"valueName\":\"search_term_string\"}}],\"inLanguage\":\"fr-FR\"},{\"@type\":\"Person\",\"@id\":\"https:\\\/\\\/interamerica.org\\\/fr\\\/#\\\/schema\\\/person\\\/29998f2bc2d8bd0d38662909289b54f1\",\"name\":\"libna\",\"image\":{\"@type\":\"ImageObject\",\"inLanguage\":\"fr-FR\",\"@id\":\"https:\\\/\\\/secure.gravatar.com\\\/avatar\\\/7c5bd30ae4b47a9ba3c856590957fd1d96dc588bf3ac05719d247e126840331f?s=96&d=mm&r=g\",\"url\":\"https:\\\/\\\/secure.gravatar.com\\\/avatar\\\/7c5bd30ae4b47a9ba3c856590957fd1d96dc588bf3ac05719d247e126840331f?s=96&d=mm&r=g\",\"contentUrl\":\"https:\\\/\\\/secure.gravatar.com\\\/avatar\\\/7c5bd30ae4b47a9ba3c856590957fd1d96dc588bf3ac05719d247e126840331f?s=96&d=mm&r=g\",\"caption\":\"libna\"}}]}<\/script>\n<!-- \/ Yoast SEO plugin. -->","yoast_head_json":{"title":"L\u2019initiative \u00ab Mission Caleb \u00bb touche une commune montagneuse de Porto Rico - \u00c9glise Adventiste Du Septieme Jour - Inter Am\u00e9rique Division","robots":{"index":"index","follow":"follow","max-snippet":"max-snippet:-1","max-image-preview":"max-image-preview:large","max-video-preview":"max-video-preview:-1"},"canonical":"https:\/\/interamerica.org\/fr\/2023\/08\/linitiative-mission-caleb-touche-une-commune-montagneuse-de-porto-rico\/","og_locale":"fr_FR","og_type":"article","og_title":"L\u2019initiative \u00ab Mission Caleb \u00bb touche une commune montagneuse de Porto Rico - \u00c9glise Adventiste Du Septieme Jour - Inter Am\u00e9rique Division","og_description":"10 Ao\u00fbt 2023 | Mayaguez, Porto Rico | David Sebastian et Actualit\u00e9s de la Division Inter Am\u00e9ricaine Un groupe de jeunes venus de tout Porto Rico ont fait leurs valises...","og_url":"https:\/\/interamerica.org\/fr\/2023\/08\/linitiative-mission-caleb-touche-une-commune-montagneuse-de-porto-rico\/","og_site_name":"\u00c9glise Adventiste Du Septieme Jour - Inter Am\u00e9rique Division","article_published_time":"2023-08-11T03:01:16+00:00","article_modified_time":"2023-08-11T03:28:16+00:00","og_image":[{"width":2560,"height":1920,"url":"https:\/\/interamerica.org\/wp-content\/uploads\/2023\/08\/puru-caleb-utuado-prayer-1-scaled.jpg","type":"image\/jpeg"}],"author":"libna","twitter_card":"summary_large_image","twitter_misc":{"\u00c9crit par":"libna","Dur\u00e9e de lecture estim\u00e9e":"6 minutes"},"schema":{"@context":"https:\/\/schema.org","@graph":[{"@type":"Article","@id":"https:\/\/interamerica.org\/fr\/2023\/08\/linitiative-mission-caleb-touche-une-commune-montagneuse-de-porto-rico\/#article","isPartOf":{"@id":"https:\/\/interamerica.org\/fr\/2023\/08\/linitiative-mission-caleb-touche-une-commune-montagneuse-de-porto-rico\/"},"author":{"name":"libna","@id":"https:\/\/interamerica.org\/fr\/#\/schema\/person\/29998f2bc2d8bd0d38662909289b54f1"},"headline":"L\u2019initiative \u00ab Mission Caleb \u00bb touche une commune montagneuse de Porto Rico","datePublished":"2023-08-11T03:01:16+00:00","dateModified":"2023-08-11T03:28:16+00:00","mainEntityOfPage":{"@id":"https:\/\/interamerica.org\/fr\/2023\/08\/linitiative-mission-caleb-touche-une-commune-montagneuse-de-porto-rico\/"},"wordCount":1096,"image":{"@id":"https:\/\/interamerica.org\/fr\/2023\/08\/linitiative-mission-caleb-touche-une-commune-montagneuse-de-porto-rico\/#primaryimage"},"thumbnailUrl":"https:\/\/interamerica.org\/wp-content\/uploads\/2023\/08\/puru-caleb-utuado-prayer-1-scaled.jpg","articleSection":["Nouvelles du territoire","RSS Fran\u00e7ais"],"inLanguage":"fr-FR"},{"@type":"WebPage","@id":"https:\/\/interamerica.org\/fr\/2023\/08\/linitiative-mission-caleb-touche-une-commune-montagneuse-de-porto-rico\/","url":"https:\/\/interamerica.org\/fr\/2023\/08\/linitiative-mission-caleb-touche-une-commune-montagneuse-de-porto-rico\/","name":"L\u2019initiative \u00ab Mission Caleb \u00bb touche une commune montagneuse de Porto Rico - \u00c9glise Adventiste Du Septieme Jour - Inter Am\u00e9rique Division","isPartOf":{"@id":"https:\/\/interamerica.org\/fr\/#website"},"primaryImageOfPage":{"@id":"https:\/\/interamerica.org\/fr\/2023\/08\/linitiative-mission-caleb-touche-une-commune-montagneuse-de-porto-rico\/#primaryimage"},"image":{"@id":"https:\/\/interamerica.org\/fr\/2023\/08\/linitiative-mission-caleb-touche-une-commune-montagneuse-de-porto-rico\/#primaryimage"},"thumbnailUrl":"https:\/\/interamerica.org\/wp-content\/uploads\/2023\/08\/puru-caleb-utuado-prayer-1-scaled.jpg","datePublished":"2023-08-11T03:01:16+00:00","dateModified":"2023-08-11T03:28:16+00:00","author":{"@id":"https:\/\/interamerica.org\/fr\/#\/schema\/person\/29998f2bc2d8bd0d38662909289b54f1"},"breadcrumb":{"@id":"https:\/\/interamerica.org\/fr\/2023\/08\/linitiative-mission-caleb-touche-une-commune-montagneuse-de-porto-rico\/#breadcrumb"},"inLanguage":"fr-FR","potentialAction":[{"@type":"ReadAction","target":["https:\/\/interamerica.org\/fr\/2023\/08\/linitiative-mission-caleb-touche-une-commune-montagneuse-de-porto-rico\/"]}]},{"@type":"ImageObject","inLanguage":"fr-FR","@id":"https:\/\/interamerica.org\/fr\/2023\/08\/linitiative-mission-caleb-touche-une-commune-montagneuse-de-porto-rico\/#primaryimage","url":"https:\/\/interamerica.org\/wp-content\/uploads\/2023\/08\/puru-caleb-utuado-prayer-1-scaled.jpg","contentUrl":"https:\/\/interamerica.org\/wp-content\/uploads\/2023\/08\/puru-caleb-utuado-prayer-1-scaled.jpg","width":2560,"height":1920,"caption":"[Photo: Puerto Rican Union]"},{"@type":"BreadcrumbList","@id":"https:\/\/interamerica.org\/fr\/2023\/08\/linitiative-mission-caleb-touche-une-commune-montagneuse-de-porto-rico\/#breadcrumb","itemListElement":[{"@type":"ListItem","position":1,"name":"Home","item":"https:\/\/interamerica.org\/fr\/"},{"@type":"ListItem","position":2,"name":"L\u2019initiative \u00ab Mission Caleb \u00bb touche une commune montagneuse de Porto Rico"}]},{"@type":"WebSite","@id":"https:\/\/interamerica.org\/fr\/#website","url":"https:\/\/interamerica.org\/fr\/","name":"\u00c9glise Adventiste Du Septieme Jour - Inter Am\u00e9rique Division","description":"","potentialAction":[{"@type":"SearchAction","target":{"@type":"EntryPoint","urlTemplate":"https:\/\/interamerica.org\/fr\/?s={search_term_string}"},"query-input":{"@type":"PropertyValueSpecification","valueRequired":true,"valueName":"search_term_string"}}],"inLanguage":"fr-FR"},{"@type":"Person","@id":"https:\/\/interamerica.org\/fr\/#\/schema\/person\/29998f2bc2d8bd0d38662909289b54f1","name":"libna","image":{"@type":"ImageObject","inLanguage":"fr-FR","@id":"https:\/\/secure.gravatar.com\/avatar\/7c5bd30ae4b47a9ba3c856590957fd1d96dc588bf3ac05719d247e126840331f?s=96&d=mm&r=g","url":"https:\/\/secure.gravatar.com\/avatar\/7c5bd30ae4b47a9ba3c856590957fd1d96dc588bf3ac05719d247e126840331f?s=96&d=mm&r=g","contentUrl":"https:\/\/secure.gravatar.com\/avatar\/7c5bd30ae4b47a9ba3c856590957fd1d96dc588bf3ac05719d247e126840331f?s=96&d=mm&r=g","caption":"libna"}}]}},"_links":{"self":[{"href":"https:\/\/interamerica.org\/fr\/wp-json\/wp\/v2\/posts\/101910","targetHints":{"allow":["GET"]}}],"collection":[{"href":"https:\/\/interamerica.org\/fr\/wp-json\/wp\/v2\/posts"}],"about":[{"href":"https:\/\/interamerica.org\/fr\/wp-json\/wp\/v2\/types\/post"}],"author":[{"embeddable":true,"href":"https:\/\/interamerica.org\/fr\/wp-json\/wp\/v2\/users\/3"}],"replies":[{"embeddable":true,"href":"https:\/\/interamerica.org\/fr\/wp-json\/wp\/v2\/comments?post=101910"}],"version-history":[{"count":0,"href":"https:\/\/interamerica.org\/fr\/wp-json\/wp\/v2\/posts\/101910\/revisions"}],"wp:featuredmedia":[{"embeddable":true,"href":"https:\/\/interamerica.org\/fr\/wp-json\/wp\/v2\/media\/101859"}],"wp:attachment":[{"href":"https:\/\/interamerica.org\/fr\/wp-json\/wp\/v2\/media?parent=101910"}],"wp:term":[{"taxonomy":"category","embeddable":true,"href":"https:\/\/interamerica.org\/fr\/wp-json\/wp\/v2\/categories?post=101910"},{"taxonomy":"post_tag","embeddable":true,"href":"https:\/\/interamerica.org\/fr\/wp-json\/wp\/v2\/tags?post=101910"}],"curies":[{"name":"wp","href":"https:\/\/api.w.org\/{rel}","templated":true}]}}