{"id":102098,"date":"2023-08-16T23:21:45","date_gmt":"2023-08-17T03:21:45","guid":{"rendered":"https:\/\/interamerica.org\/?p=102098"},"modified":"2023-08-17T20:15:55","modified_gmt":"2023-08-18T00:15:55","slug":"en-amazonie-venezuelienne-un-chef-indigene-devient-adventiste-grace-a-une-emission-de-radio","status":"publish","type":"post","link":"https:\/\/interamerica.org\/fr\/2023\/08\/en-amazonie-venezuelienne-un-chef-indigene-devient-adventiste-grace-a-une-emission-de-radio\/","title":{"rendered":"En Amazonie v\u00e9n\u00e9zu\u00e9lienne, un chef indig\u00e8ne devient adventiste gr\u00e2ce \u00e0 une \u00e9mission de radio"},"content":{"rendered":"<p><em>Norberto Chipiage et sa famille aident \u00e0 implanter la premi\u00e8re congr\u00e9gation dans la r\u00e9gion.<\/em><\/p>\n<p>16 Ao\u00fbt 2023 | Atures, \u00e9tat d\u2019Amazonie, Venezuela | Di\u00f3genes Belisario, Steven\u2019s Rosado et Actualit\u00e9s de la Division Inter Am\u00e9ricaine<\/p>\n<p>Un chef de tribu indig\u00e8ne et sa famille vivant dans la jungle du Venezuela ont donn\u00e9 leur vie \u00e0 J\u00e9sus gr\u00e2ce \u00e0 une station de radio adventiste. Norberto Chipiage, chef des communaut\u00e9s du Nouveau Mill\u00e9naire \u00e0 Atures, dans l\u2019\u00e9tat d\u2019Amazonas, a \u00e9cout\u00e9 le message de l\u2019\u00e9vangile diffus\u00e9 en espagnol par la station de radio adventiste de Puerto Ayacucho, selon ce qu\u2019a indiqu\u00e9 Ybraham Mujica, pasteur de l\u2019\u00e9glise locale et pr\u00e9sentateur du programme radiophonique.<\/p>\n<p>\u00ab Par la gr\u00e2ce de Dieu, Norberto Chipiage a \u00e9cout\u00e9 un message de salut sur la station de radio Plenitud 104.1 FM, \u00bb a dit le pasteur Mujica. \u00ab Apr\u00e8s avoir pass\u00e9 une ann\u00e9e \u00e0 \u00e9couter l\u2019\u00e9mission radiophonique\u00a0<em>La V\u00e9rit\u00e9 Pr\u00e9sente<\/em>\u00a0avec sa famille, le chef a appel\u00e9 la station. \u00bb<\/p>\n<p><div id=\"attachment_102063\" style=\"width: 481px\" class=\"wp-caption aligncenter\"><img fetchpriority=\"high\" decoding=\"async\" aria-describedby=\"caption-attachment-102063\" class=\" wp-image-102062\" src=\"https:\/\/interamerica.org\/wp-content\/uploads\/2023\/08\/evau-cacique-baptism.jpg\" alt=\"\" width=\"471\" height=\"707\" srcset=\"https:\/\/interamerica.org\/wp-content\/uploads\/2023\/08\/evau-cacique-baptism.jpg 480w, https:\/\/interamerica.org\/wp-content\/uploads\/2023\/08\/evau-cacique-baptism-200x300.jpg 200w\" sizes=\"(max-width: 471px) 100vw, 471px\" \/><p id=\"caption-attachment-102063\" class=\"wp-caption-text\">Le pasteur Ybraham Mujica prie pour Norberto Chipiage (\u00e0 droite) avant qu\u2019il ne soit baptis\u00e9 \u00e0 la rivi\u00e8re Ca\u00f1o Carinagua dans la jungle v\u00e9n\u00e9zu\u00e9lienne, en juin 2023. Norberto Chipiage, un chef de quatre communaut\u00e9s, s\u2019est converti \u00e0 l\u2019adventisme apr\u00e8s avoir \u00e9cout\u00e9 une \u00e9mission radiophonique diffus\u00e9e sur la station de radio adventiste locale et re\u00e7u des \u00e9tudes bibliques. Lui, sa femme ainsi que ses six enfants ont \u00e9t\u00e9 baptis\u00e9s. [Photo : Avec l\u2019aimable autorisation d\u2019Ybraham Mujica]<\/p><\/div>Apr\u00e8s que Norberto Chipiage, 37 ans, ait appel\u00e9 la station, pasteur Mujica et les anciens de l\u2019\u00e9glise locale, Idelfonso Castro et Jos\u00e9 Puerta, sont all\u00e9s lui rendre visite et lui ont donn\u00e9, \u00e0 lui et \u00e0 sa famille, des \u00e9tudes bibliques. Norberto Chiapage a accept\u00e9 la foi adventiste, s\u2019est mari\u00e9 avec sa compagne de longue date, Nayla, et a \u00e9t\u00e9 baptis\u00e9 avec elle et leurs six enfants dans la rivi\u00e8re Ca\u00f1o Carinagua au d\u00e9but du mois de juin 2023.<\/p>\n<p>\u00ab Le mauvais \u00e9tat de sant\u00e9 de Norberto Chipiage ne lui permettait pas de se d\u00e9placer librement, \u00bb a expliqu\u00e9 pasteur Mujica. Les m\u00e9decins avaient essay\u00e9 de l\u2019aider mais en vain. \u00ab Cependant, apr\u00e8s avoir \u00e9cout\u00e9 puis accept\u00e9 le message adventiste, il est clairement sur le chemin de la gu\u00e9rison, \u00bb a ajout\u00e9 pasteur Mujica.<\/p>\n<p>D\u2019apr\u00e8s Norberto Chipiage, les sujets abord\u00e9s dans l\u2019\u00e9mission de radio <em>La V\u00e9rit\u00e9 Pr\u00e9sente<\/em>\u00a0qui ont le plus attir\u00e9 son attention \u00e9taient la v\u00e9rit\u00e9 sur le sabbat biblique, les principes bibliques de la sant\u00e9, l\u2019enseignement biblique sur le sanctuaire, les dix commandements et les messages des trois anges.<\/p>\n<p>Il a confi\u00e9 avoir accept\u00e9 J\u00e9sus dans son c\u0153ur il y a des ann\u00e9es et fr\u00e9quent\u00e9 une autre d\u00e9nomination chr\u00e9tienne pendant un certain temps. Mais apr\u00e8s avoir approfondi l\u2019\u00e9tude de la Bible, gr\u00e2ce d\u2019abord \u00e0 l\u2019\u00e9mission de radio adventiste puis aux \u00e9tudes personnalis\u00e9es avec pasteur Mujica, il a d\u00e9cid\u00e9 de se joindre \u00e0 l\u2019\u00c9glise adventiste du septi\u00e8me jour. Norberto Chipiage lui-m\u00eame a contribu\u00e9 \u00e0 partager ce qu\u2019il avait appris avec sa famille, y compris la v\u00e9rit\u00e9 sur le saint jour de Dieu.<\/p>\n<p><div id=\"attachment_102060\" style=\"width: 894px\" class=\"wp-caption aligncenter\"><img decoding=\"async\" aria-describedby=\"caption-attachment-102060\" class=\" wp-image-102059\" src=\"https:\/\/interamerica.org\/wp-content\/uploads\/2023\/08\/evau-cacique-family.jpg\" alt=\"\" width=\"884\" height=\"517\" srcset=\"https:\/\/interamerica.org\/wp-content\/uploads\/2023\/08\/evau-cacique-family.jpg 850w, https:\/\/interamerica.org\/wp-content\/uploads\/2023\/08\/evau-cacique-family-300x175.jpg 300w, https:\/\/interamerica.org\/wp-content\/uploads\/2023\/08\/evau-cacique-family-768x449.jpg 768w\" sizes=\"(max-width: 884px) 100vw, 884px\" \/><p id=\"caption-attachment-102060\" class=\"wp-caption-text\">Norberto Chipiage et sa famille l\u00e8vent la main pour indiquer qu\u2019ils acceptent les v\u00e9rit\u00e9s bibliques avant d\u2019\u00eatre baptis\u00e9s par le pasteur Ybraham Mujica dans la rivi\u00e8re Ca\u00f1o Carinagua [Photo : Avec l\u2019aimable autorisation d\u2019Ybraham Mujica]<\/p><\/div>Les communaut\u00e9s du Nouveau Mill\u00e9naire englobent 80 familles r\u00e9parties dans quatre communaut\u00e9s locales, ont indiqu\u00e9 les dirigeants. Norberto Chipiage dirigeait l\u2019un des groupes locaux mais il supervise maintenant les quatre, ont-ils expliqu\u00e9.<\/p>\n<p>Ce n\u2019est pas la premi\u00e8re fois que la station de radio locale a contribu\u00e9 \u00e0 attirer les gens vers les \u00e9tudes bibliques et l\u2019\u00c9glise adventiste, a d\u00e9clar\u00e9 pasteur Mujica. M\u00eame si la station a besoin d\u2019un nouveau bureau et de mat\u00e9riel de diffusion et qu\u2019elle dispose d\u2019un personnel r\u00e9duit, elle diffuse la v\u00e9rit\u00e9 biblique dans toute la r\u00e9gion.<\/p>\n<p>Apr\u00e8s le bapt\u00eame de la famille Chipiage, le chef s\u2019est senti si reconnaissant envers Dieu qu\u2019il a d\u00e9cid\u00e9 de faire don d\u2019une maison qui pourrait \u00eatre transform\u00e9e pour devenir la premi\u00e8re \u00e9glise adventiste de la r\u00e9gion, a dit pasteur Mujica.<\/p>\n<p>Le 1er juillet 2023, les Chipiage ont appr\u00e9ci\u00e9 de participer au premier service de communion qui a \u00e9t\u00e9 organis\u00e9 dans le nouveau lieu, a d\u00e9clar\u00e9 pasteur Mujica.<\/p>\n<p>L\u2019\u00e9tat d\u2019Amazonie est l\u2019un des 23 \u00e9tats du Venezuela. M\u00eame s\u2019il couvre pr\u00e8s d\u2019un cinqui\u00e8me de la superficie du pays, il ne compte que 0,3 pour cent de la population du pays.<\/p>\n<p>Traduction: Patrick Luciathe<\/p>\n","protected":false},"excerpt":{"rendered":"<p>Norberto Chipiage et sa famille aident \u00e0 implanter la premi\u00e8re congr\u00e9gation dans la r\u00e9gion. 16 Ao\u00fbt 2023 | Atures, \u00e9tat d\u2019Amazonie, Venezuela | Di\u00f3genes Belisario, Steven\u2019s Rosado et Actualit\u00e9s de&#8230;<\/p>\n","protected":false},"author":3,"featured_media":102069,"comment_status":"closed","ping_status":"closed","sticky":false,"template":"","format":"standard","meta":{"_acf_changed":false,"footnotes":""},"categories":[21,19],"tags":[],"class_list":["post-102098","post","type-post","status-publish","format-standard","has-post-thumbnail","hentry","category-nouvelles-du-territoire","category-rss-francais"],"acf":[],"yoast_head":"<!-- This site is optimized with the Yoast SEO plugin v27.3 - https:\/\/yoast.com\/product\/yoast-seo-wordpress\/ -->\n<title>En Amazonie v\u00e9n\u00e9zu\u00e9lienne, un chef indig\u00e8ne devient adventiste gr\u00e2ce \u00e0 une \u00e9mission de radio - \u00c9glise Adventiste Du Septieme Jour - Inter Am\u00e9rique Division<\/title>\n<meta name=\"robots\" content=\"index, follow, max-snippet:-1, max-image-preview:large, max-video-preview:-1\" \/>\n<link rel=\"canonical\" href=\"https:\/\/interamerica.org\/fr\/2023\/08\/en-amazonie-venezuelienne-un-chef-indigene-devient-adventiste-grace-a-une-emission-de-radio\/\" \/>\n<meta property=\"og:locale\" content=\"fr_FR\" \/>\n<meta property=\"og:type\" content=\"article\" \/>\n<meta property=\"og:title\" content=\"En Amazonie v\u00e9n\u00e9zu\u00e9lienne, un chef indig\u00e8ne devient adventiste gr\u00e2ce \u00e0 une \u00e9mission de radio - \u00c9glise Adventiste Du Septieme Jour - Inter Am\u00e9rique Division\" \/>\n<meta property=\"og:description\" content=\"Norberto Chipiage et sa famille aident \u00e0 implanter la premi\u00e8re congr\u00e9gation dans la r\u00e9gion. 16 Ao\u00fbt 2023 | Atures, \u00e9tat d\u2019Amazonie, Venezuela | Di\u00f3genes Belisario, Steven\u2019s Rosado et Actualit\u00e9s de...\" \/>\n<meta property=\"og:url\" content=\"https:\/\/interamerica.org\/fr\/2023\/08\/en-amazonie-venezuelienne-un-chef-indigene-devient-adventiste-grace-a-une-emission-de-radio\/\" \/>\n<meta property=\"og:site_name\" content=\"\u00c9glise Adventiste Du Septieme Jour - Inter Am\u00e9rique Division\" \/>\n<meta property=\"article:published_time\" content=\"2023-08-17T03:21:45+00:00\" \/>\n<meta property=\"article:modified_time\" content=\"2023-08-18T00:15:55+00:00\" \/>\n<meta property=\"og:image\" content=\"https:\/\/interamerica.org\/wp-content\/uploads\/2023\/08\/christian-lue-ykbc9hqr3u0-unsplash-scaled.jpg\" \/>\n\t<meta property=\"og:image:width\" content=\"2560\" \/>\n\t<meta property=\"og:image:height\" content=\"1706\" \/>\n\t<meta property=\"og:image:type\" content=\"image\/jpeg\" \/>\n<meta name=\"author\" content=\"libna\" \/>\n<meta name=\"twitter:card\" content=\"summary_large_image\" \/>\n<meta name=\"twitter:label1\" content=\"\u00c9crit par\" \/>\n\t<meta name=\"twitter:data1\" content=\"libna\" \/>\n\t<meta name=\"twitter:label2\" content=\"Dur\u00e9e de lecture estim\u00e9e\" \/>\n\t<meta name=\"twitter:data2\" content=\"4 minutes\" \/>\n<script type=\"application\/ld+json\" class=\"yoast-schema-graph\">{\"@context\":\"https:\\\/\\\/schema.org\",\"@graph\":[{\"@type\":\"Article\",\"@id\":\"https:\\\/\\\/interamerica.org\\\/fr\\\/2023\\\/08\\\/en-amazonie-venezuelienne-un-chef-indigene-devient-adventiste-grace-a-une-emission-de-radio\\\/#article\",\"isPartOf\":{\"@id\":\"https:\\\/\\\/interamerica.org\\\/fr\\\/2023\\\/08\\\/en-amazonie-venezuelienne-un-chef-indigene-devient-adventiste-grace-a-une-emission-de-radio\\\/\"},\"author\":{\"name\":\"libna\",\"@id\":\"https:\\\/\\\/interamerica.org\\\/fr\\\/#\\\/schema\\\/person\\\/29998f2bc2d8bd0d38662909289b54f1\"},\"headline\":\"En Amazonie v\u00e9n\u00e9zu\u00e9lienne, un chef indig\u00e8ne devient adventiste gr\u00e2ce \u00e0 une \u00e9mission de radio\",\"datePublished\":\"2023-08-17T03:21:45+00:00\",\"dateModified\":\"2023-08-18T00:15:55+00:00\",\"mainEntityOfPage\":{\"@id\":\"https:\\\/\\\/interamerica.org\\\/fr\\\/2023\\\/08\\\/en-amazonie-venezuelienne-un-chef-indigene-devient-adventiste-grace-a-une-emission-de-radio\\\/\"},\"wordCount\":844,\"image\":{\"@id\":\"https:\\\/\\\/interamerica.org\\\/fr\\\/2023\\\/08\\\/en-amazonie-venezuelienne-un-chef-indigene-devient-adventiste-grace-a-une-emission-de-radio\\\/#primaryimage\"},\"thumbnailUrl\":\"https:\\\/\\\/interamerica.org\\\/wp-content\\\/uploads\\\/2023\\\/08\\\/christian-lue-ykbc9hqr3u0-unsplash-scaled.jpg\",\"articleSection\":[\"Nouvelles du territoire\",\"RSS Fran\u00e7ais\"],\"inLanguage\":\"fr-FR\"},{\"@type\":\"WebPage\",\"@id\":\"https:\\\/\\\/interamerica.org\\\/fr\\\/2023\\\/08\\\/en-amazonie-venezuelienne-un-chef-indigene-devient-adventiste-grace-a-une-emission-de-radio\\\/\",\"url\":\"https:\\\/\\\/interamerica.org\\\/fr\\\/2023\\\/08\\\/en-amazonie-venezuelienne-un-chef-indigene-devient-adventiste-grace-a-une-emission-de-radio\\\/\",\"name\":\"En Amazonie v\u00e9n\u00e9zu\u00e9lienne, un chef indig\u00e8ne devient adventiste gr\u00e2ce \u00e0 une \u00e9mission de radio - \u00c9glise Adventiste Du Septieme Jour - Inter Am\u00e9rique Division\",\"isPartOf\":{\"@id\":\"https:\\\/\\\/interamerica.org\\\/fr\\\/#website\"},\"primaryImageOfPage\":{\"@id\":\"https:\\\/\\\/interamerica.org\\\/fr\\\/2023\\\/08\\\/en-amazonie-venezuelienne-un-chef-indigene-devient-adventiste-grace-a-une-emission-de-radio\\\/#primaryimage\"},\"image\":{\"@id\":\"https:\\\/\\\/interamerica.org\\\/fr\\\/2023\\\/08\\\/en-amazonie-venezuelienne-un-chef-indigene-devient-adventiste-grace-a-une-emission-de-radio\\\/#primaryimage\"},\"thumbnailUrl\":\"https:\\\/\\\/interamerica.org\\\/wp-content\\\/uploads\\\/2023\\\/08\\\/christian-lue-ykbc9hqr3u0-unsplash-scaled.jpg\",\"datePublished\":\"2023-08-17T03:21:45+00:00\",\"dateModified\":\"2023-08-18T00:15:55+00:00\",\"author\":{\"@id\":\"https:\\\/\\\/interamerica.org\\\/fr\\\/#\\\/schema\\\/person\\\/29998f2bc2d8bd0d38662909289b54f1\"},\"breadcrumb\":{\"@id\":\"https:\\\/\\\/interamerica.org\\\/fr\\\/2023\\\/08\\\/en-amazonie-venezuelienne-un-chef-indigene-devient-adventiste-grace-a-une-emission-de-radio\\\/#breadcrumb\"},\"inLanguage\":\"fr-FR\",\"potentialAction\":[{\"@type\":\"ReadAction\",\"target\":[\"https:\\\/\\\/interamerica.org\\\/fr\\\/2023\\\/08\\\/en-amazonie-venezuelienne-un-chef-indigene-devient-adventiste-grace-a-une-emission-de-radio\\\/\"]}]},{\"@type\":\"ImageObject\",\"inLanguage\":\"fr-FR\",\"@id\":\"https:\\\/\\\/interamerica.org\\\/fr\\\/2023\\\/08\\\/en-amazonie-venezuelienne-un-chef-indigene-devient-adventiste-grace-a-une-emission-de-radio\\\/#primaryimage\",\"url\":\"https:\\\/\\\/interamerica.org\\\/wp-content\\\/uploads\\\/2023\\\/08\\\/christian-lue-ykbc9hqr3u0-unsplash-scaled.jpg\",\"contentUrl\":\"https:\\\/\\\/interamerica.org\\\/wp-content\\\/uploads\\\/2023\\\/08\\\/christian-lue-ykbc9hqr3u0-unsplash-scaled.jpg\",\"width\":2560,\"height\":1706,\"caption\":\"[Photo: Christian Lue \\\/ Unsplash]\"},{\"@type\":\"BreadcrumbList\",\"@id\":\"https:\\\/\\\/interamerica.org\\\/fr\\\/2023\\\/08\\\/en-amazonie-venezuelienne-un-chef-indigene-devient-adventiste-grace-a-une-emission-de-radio\\\/#breadcrumb\",\"itemListElement\":[{\"@type\":\"ListItem\",\"position\":1,\"name\":\"Home\",\"item\":\"https:\\\/\\\/interamerica.org\\\/fr\\\/\"},{\"@type\":\"ListItem\",\"position\":2,\"name\":\"En Amazonie v\u00e9n\u00e9zu\u00e9lienne, un chef indig\u00e8ne devient adventiste gr\u00e2ce \u00e0 une \u00e9mission de radio\"}]},{\"@type\":\"WebSite\",\"@id\":\"https:\\\/\\\/interamerica.org\\\/fr\\\/#website\",\"url\":\"https:\\\/\\\/interamerica.org\\\/fr\\\/\",\"name\":\"\u00c9glise Adventiste Du Septieme Jour - Inter Am\u00e9rique Division\",\"description\":\"\",\"potentialAction\":[{\"@type\":\"SearchAction\",\"target\":{\"@type\":\"EntryPoint\",\"urlTemplate\":\"https:\\\/\\\/interamerica.org\\\/fr\\\/?s={search_term_string}\"},\"query-input\":{\"@type\":\"PropertyValueSpecification\",\"valueRequired\":true,\"valueName\":\"search_term_string\"}}],\"inLanguage\":\"fr-FR\"},{\"@type\":\"Person\",\"@id\":\"https:\\\/\\\/interamerica.org\\\/fr\\\/#\\\/schema\\\/person\\\/29998f2bc2d8bd0d38662909289b54f1\",\"name\":\"libna\",\"image\":{\"@type\":\"ImageObject\",\"inLanguage\":\"fr-FR\",\"@id\":\"https:\\\/\\\/secure.gravatar.com\\\/avatar\\\/7c5bd30ae4b47a9ba3c856590957fd1d96dc588bf3ac05719d247e126840331f?s=96&d=mm&r=g\",\"url\":\"https:\\\/\\\/secure.gravatar.com\\\/avatar\\\/7c5bd30ae4b47a9ba3c856590957fd1d96dc588bf3ac05719d247e126840331f?s=96&d=mm&r=g\",\"contentUrl\":\"https:\\\/\\\/secure.gravatar.com\\\/avatar\\\/7c5bd30ae4b47a9ba3c856590957fd1d96dc588bf3ac05719d247e126840331f?s=96&d=mm&r=g\",\"caption\":\"libna\"}}]}<\/script>\n<!-- \/ Yoast SEO plugin. -->","yoast_head_json":{"title":"En Amazonie v\u00e9n\u00e9zu\u00e9lienne, un chef indig\u00e8ne devient adventiste gr\u00e2ce \u00e0 une \u00e9mission de radio - \u00c9glise Adventiste Du Septieme Jour - Inter Am\u00e9rique Division","robots":{"index":"index","follow":"follow","max-snippet":"max-snippet:-1","max-image-preview":"max-image-preview:large","max-video-preview":"max-video-preview:-1"},"canonical":"https:\/\/interamerica.org\/fr\/2023\/08\/en-amazonie-venezuelienne-un-chef-indigene-devient-adventiste-grace-a-une-emission-de-radio\/","og_locale":"fr_FR","og_type":"article","og_title":"En Amazonie v\u00e9n\u00e9zu\u00e9lienne, un chef indig\u00e8ne devient adventiste gr\u00e2ce \u00e0 une \u00e9mission de radio - \u00c9glise Adventiste Du Septieme Jour - Inter Am\u00e9rique Division","og_description":"Norberto Chipiage et sa famille aident \u00e0 implanter la premi\u00e8re congr\u00e9gation dans la r\u00e9gion. 16 Ao\u00fbt 2023 | Atures, \u00e9tat d\u2019Amazonie, Venezuela | Di\u00f3genes Belisario, Steven\u2019s Rosado et Actualit\u00e9s de...","og_url":"https:\/\/interamerica.org\/fr\/2023\/08\/en-amazonie-venezuelienne-un-chef-indigene-devient-adventiste-grace-a-une-emission-de-radio\/","og_site_name":"\u00c9glise Adventiste Du Septieme Jour - Inter Am\u00e9rique Division","article_published_time":"2023-08-17T03:21:45+00:00","article_modified_time":"2023-08-18T00:15:55+00:00","og_image":[{"width":2560,"height":1706,"url":"https:\/\/interamerica.org\/wp-content\/uploads\/2023\/08\/christian-lue-ykbc9hqr3u0-unsplash-scaled.jpg","type":"image\/jpeg"}],"author":"libna","twitter_card":"summary_large_image","twitter_misc":{"\u00c9crit par":"libna","Dur\u00e9e de lecture estim\u00e9e":"4 minutes"},"schema":{"@context":"https:\/\/schema.org","@graph":[{"@type":"Article","@id":"https:\/\/interamerica.org\/fr\/2023\/08\/en-amazonie-venezuelienne-un-chef-indigene-devient-adventiste-grace-a-une-emission-de-radio\/#article","isPartOf":{"@id":"https:\/\/interamerica.org\/fr\/2023\/08\/en-amazonie-venezuelienne-un-chef-indigene-devient-adventiste-grace-a-une-emission-de-radio\/"},"author":{"name":"libna","@id":"https:\/\/interamerica.org\/fr\/#\/schema\/person\/29998f2bc2d8bd0d38662909289b54f1"},"headline":"En Amazonie v\u00e9n\u00e9zu\u00e9lienne, un chef indig\u00e8ne devient adventiste gr\u00e2ce \u00e0 une \u00e9mission de radio","datePublished":"2023-08-17T03:21:45+00:00","dateModified":"2023-08-18T00:15:55+00:00","mainEntityOfPage":{"@id":"https:\/\/interamerica.org\/fr\/2023\/08\/en-amazonie-venezuelienne-un-chef-indigene-devient-adventiste-grace-a-une-emission-de-radio\/"},"wordCount":844,"image":{"@id":"https:\/\/interamerica.org\/fr\/2023\/08\/en-amazonie-venezuelienne-un-chef-indigene-devient-adventiste-grace-a-une-emission-de-radio\/#primaryimage"},"thumbnailUrl":"https:\/\/interamerica.org\/wp-content\/uploads\/2023\/08\/christian-lue-ykbc9hqr3u0-unsplash-scaled.jpg","articleSection":["Nouvelles du territoire","RSS Fran\u00e7ais"],"inLanguage":"fr-FR"},{"@type":"WebPage","@id":"https:\/\/interamerica.org\/fr\/2023\/08\/en-amazonie-venezuelienne-un-chef-indigene-devient-adventiste-grace-a-une-emission-de-radio\/","url":"https:\/\/interamerica.org\/fr\/2023\/08\/en-amazonie-venezuelienne-un-chef-indigene-devient-adventiste-grace-a-une-emission-de-radio\/","name":"En Amazonie v\u00e9n\u00e9zu\u00e9lienne, un chef indig\u00e8ne devient adventiste gr\u00e2ce \u00e0 une \u00e9mission de radio - \u00c9glise Adventiste Du Septieme Jour - Inter Am\u00e9rique Division","isPartOf":{"@id":"https:\/\/interamerica.org\/fr\/#website"},"primaryImageOfPage":{"@id":"https:\/\/interamerica.org\/fr\/2023\/08\/en-amazonie-venezuelienne-un-chef-indigene-devient-adventiste-grace-a-une-emission-de-radio\/#primaryimage"},"image":{"@id":"https:\/\/interamerica.org\/fr\/2023\/08\/en-amazonie-venezuelienne-un-chef-indigene-devient-adventiste-grace-a-une-emission-de-radio\/#primaryimage"},"thumbnailUrl":"https:\/\/interamerica.org\/wp-content\/uploads\/2023\/08\/christian-lue-ykbc9hqr3u0-unsplash-scaled.jpg","datePublished":"2023-08-17T03:21:45+00:00","dateModified":"2023-08-18T00:15:55+00:00","author":{"@id":"https:\/\/interamerica.org\/fr\/#\/schema\/person\/29998f2bc2d8bd0d38662909289b54f1"},"breadcrumb":{"@id":"https:\/\/interamerica.org\/fr\/2023\/08\/en-amazonie-venezuelienne-un-chef-indigene-devient-adventiste-grace-a-une-emission-de-radio\/#breadcrumb"},"inLanguage":"fr-FR","potentialAction":[{"@type":"ReadAction","target":["https:\/\/interamerica.org\/fr\/2023\/08\/en-amazonie-venezuelienne-un-chef-indigene-devient-adventiste-grace-a-une-emission-de-radio\/"]}]},{"@type":"ImageObject","inLanguage":"fr-FR","@id":"https:\/\/interamerica.org\/fr\/2023\/08\/en-amazonie-venezuelienne-un-chef-indigene-devient-adventiste-grace-a-une-emission-de-radio\/#primaryimage","url":"https:\/\/interamerica.org\/wp-content\/uploads\/2023\/08\/christian-lue-ykbc9hqr3u0-unsplash-scaled.jpg","contentUrl":"https:\/\/interamerica.org\/wp-content\/uploads\/2023\/08\/christian-lue-ykbc9hqr3u0-unsplash-scaled.jpg","width":2560,"height":1706,"caption":"[Photo: Christian Lue \/ Unsplash]"},{"@type":"BreadcrumbList","@id":"https:\/\/interamerica.org\/fr\/2023\/08\/en-amazonie-venezuelienne-un-chef-indigene-devient-adventiste-grace-a-une-emission-de-radio\/#breadcrumb","itemListElement":[{"@type":"ListItem","position":1,"name":"Home","item":"https:\/\/interamerica.org\/fr\/"},{"@type":"ListItem","position":2,"name":"En Amazonie v\u00e9n\u00e9zu\u00e9lienne, un chef indig\u00e8ne devient adventiste gr\u00e2ce \u00e0 une \u00e9mission de radio"}]},{"@type":"WebSite","@id":"https:\/\/interamerica.org\/fr\/#website","url":"https:\/\/interamerica.org\/fr\/","name":"\u00c9glise Adventiste Du Septieme Jour - Inter Am\u00e9rique Division","description":"","potentialAction":[{"@type":"SearchAction","target":{"@type":"EntryPoint","urlTemplate":"https:\/\/interamerica.org\/fr\/?s={search_term_string}"},"query-input":{"@type":"PropertyValueSpecification","valueRequired":true,"valueName":"search_term_string"}}],"inLanguage":"fr-FR"},{"@type":"Person","@id":"https:\/\/interamerica.org\/fr\/#\/schema\/person\/29998f2bc2d8bd0d38662909289b54f1","name":"libna","image":{"@type":"ImageObject","inLanguage":"fr-FR","@id":"https:\/\/secure.gravatar.com\/avatar\/7c5bd30ae4b47a9ba3c856590957fd1d96dc588bf3ac05719d247e126840331f?s=96&d=mm&r=g","url":"https:\/\/secure.gravatar.com\/avatar\/7c5bd30ae4b47a9ba3c856590957fd1d96dc588bf3ac05719d247e126840331f?s=96&d=mm&r=g","contentUrl":"https:\/\/secure.gravatar.com\/avatar\/7c5bd30ae4b47a9ba3c856590957fd1d96dc588bf3ac05719d247e126840331f?s=96&d=mm&r=g","caption":"libna"}}]}},"_links":{"self":[{"href":"https:\/\/interamerica.org\/fr\/wp-json\/wp\/v2\/posts\/102098","targetHints":{"allow":["GET"]}}],"collection":[{"href":"https:\/\/interamerica.org\/fr\/wp-json\/wp\/v2\/posts"}],"about":[{"href":"https:\/\/interamerica.org\/fr\/wp-json\/wp\/v2\/types\/post"}],"author":[{"embeddable":true,"href":"https:\/\/interamerica.org\/fr\/wp-json\/wp\/v2\/users\/3"}],"replies":[{"embeddable":true,"href":"https:\/\/interamerica.org\/fr\/wp-json\/wp\/v2\/comments?post=102098"}],"version-history":[{"count":0,"href":"https:\/\/interamerica.org\/fr\/wp-json\/wp\/v2\/posts\/102098\/revisions"}],"wp:featuredmedia":[{"embeddable":true,"href":"https:\/\/interamerica.org\/fr\/wp-json\/wp\/v2\/media\/102069"}],"wp:attachment":[{"href":"https:\/\/interamerica.org\/fr\/wp-json\/wp\/v2\/media?parent=102098"}],"wp:term":[{"taxonomy":"category","embeddable":true,"href":"https:\/\/interamerica.org\/fr\/wp-json\/wp\/v2\/categories?post=102098"},{"taxonomy":"post_tag","embeddable":true,"href":"https:\/\/interamerica.org\/fr\/wp-json\/wp\/v2\/tags?post=102098"}],"curies":[{"name":"wp","href":"https:\/\/api.w.org\/{rel}","templated":true}]}}