{"id":102184,"date":"2023-08-17T11:57:12","date_gmt":"2023-08-17T15:57:12","guid":{"rendered":"https:\/\/interamerica.org\/?p=102184"},"modified":"2023-08-18T06:20:56","modified_gmt":"2023-08-18T10:20:56","slug":"une-attaque-de-drone-interrompt-la-livraison-de-laide-dadra-en-ukraine","status":"publish","type":"post","link":"https:\/\/interamerica.org\/fr\/2023\/08\/une-attaque-de-drone-interrompt-la-livraison-de-laide-dadra-en-ukraine\/","title":{"rendered":"Une attaque de drone interrompt la livraison de l\u2019aide d\u2019ADRA en Ukraine"},"content":{"rendered":"<h4>Aucune victime humaine n\u2019a \u00e9t\u00e9 signal\u00e9e mais les v\u00e9hicules sont touch\u00e9s par des explosifs.<\/h4>\n<p>17 Ao\u00fbt 2023 | Beryslav, Ukraine | ADRA Ukraine et Adventist Review<\/p>\n<p>Le matin du 11 ao\u00fbt, l\u2019entrep\u00f4t d\u2019aide humanitaire de l\u2019Agence Adventiste de D\u00e9veloppement et de Secours (ADRA) en Ukraine, \u00e0 Beryslav, dans la r\u00e9gion de Kherson, a re\u00e7u une cargaison d\u2019aide humanitaire pr\u00e9vue que l\u2019\u00e9quipe de b\u00e9n\u00e9voles planifiait de livrer aux b\u00e9n\u00e9ficiaires ce jour-l\u00e0. Au m\u00eame moment, un drone survolant le site de livraison a largu\u00e9 trois explosifs qui ont endommag\u00e9 des v\u00e9hicules pr\u00eat\u00e9s \u00e0 l\u2019agence par des responsables locaux. Le personnel d\u2019ADRA Ukraine a r\u00e9ussi \u00e0 se mettre \u00e0 l\u2019abri quelques secondes avant les explosions et n\u2019a subi que de l\u00e9g\u00e8res contusions.<\/p>\n<p><div id=\"attachment_102077\" style=\"width: 863px\" class=\"wp-caption aligncenter\"><img fetchpriority=\"high\" decoding=\"async\" aria-describedby=\"caption-attachment-102077\" class=\" wp-image-102076\" src=\"https:\/\/interamerica.org\/wp-content\/uploads\/2023\/08\/adra-ukraine-photo-2023-08-11-17-49-41-fix-1024x768.webp\" alt=\"\" width=\"853\" height=\"640\" srcset=\"https:\/\/interamerica.org\/wp-content\/uploads\/2023\/08\/adra-ukraine-photo-2023-08-11-17-49-41-fix-1024x768.webp 1024w, https:\/\/interamerica.org\/wp-content\/uploads\/2023\/08\/adra-ukraine-photo-2023-08-11-17-49-41-fix-300x225.webp 300w, https:\/\/interamerica.org\/wp-content\/uploads\/2023\/08\/adra-ukraine-photo-2023-08-11-17-49-41-fix-768x576.webp 768w, https:\/\/interamerica.org\/wp-content\/uploads\/2023\/08\/adra-ukraine-photo-2023-08-11-17-49-41-fix.webp 1280w\" sizes=\"(max-width: 853px) 100vw, 853px\" \/><p id=\"caption-attachment-102077\" class=\"wp-caption-text\">La photo montre une partie des d\u00e9g\u00e2ts subis par l\u2019une des voitures utilis\u00e9es pour distribuer de l\u2019aide \u00e0 Beryslav, dans la r\u00e9gion de Kherson, en Ukraine, le 11 ao\u00fbt. [Photo : ADRA Ukraine]<\/p><\/div>Marina, l\u2019une des b\u00e9n\u00e9voles d\u2019ADRA Ukraine, a d\u00e9clar\u00e9 : \u00ab C\u2019est arriv\u00e9 juste avant 8 heures du matin. Nous \u00e9tions en train de distribuer des colis alimentaires au village de Novoberislav, o\u00f9 vivent 344 personnes. Alors que nous chargions la derni\u00e8re bo\u00eete et que nous nous pr\u00e9parions \u00e0 partir, nous avons entendu le bruit d\u2019un drone. Nous avons lev\u00e9 les yeux et nous l\u2019avons vu voler directement au-dessus de nous. Les gar\u00e7ons ont cri\u00e9 : \u00ab Mettez-vous \u00e0 l\u2019abri, \u00bb et nous avons tous couru nous mettre \u00e0 l\u2019abri. Une seconde plus tard, le drone a commenc\u00e9 \u00e0 larguer des explosifs. Il a largu\u00e9 trois explosifs en une minute &#8211; un directement sur le capot d\u2019une voiture, le second entre la deuxi\u00e8me voiture et une camionnette, et le troisi\u00e8me devant la camionnette de transport elle-m\u00eame. Heureusement, nous \u00e9tions dans le bunker \u00e0 ce moment-l\u00e0, donc tout le monde s\u2019en est sorti sain et sauf, mais j\u2019ai eu une l\u00e9g\u00e8re commotion \u00e0 cause de ces explosions et j\u2019ai encore mal \u00e0 la t\u00eate. \u00bb<\/p>\n<p>Apr\u00e8s l\u2019attaque, les membres du personnel ont d\u00e9couvert que trois des v\u00e9hicules avaient des roues et des radiateurs crev\u00e9s, des vitres bris\u00e9es et quelques portes cass\u00e9es, ce qui a emp\u00each\u00e9 \u00e0 l\u2019aide d\u2019\u00eatre livr\u00e9e \u00e0 Novoberislav ce jour-l\u00e0. Des responsables locaux, dont le maire de Novoberislav, avaient pr\u00eat\u00e9 \u00e0 ADRA les v\u00e9hicules pour aider \u00e0 la distribution de colis alimentaires aux r\u00e9sidents, vu que le volume important de l\u2019aide humanitaire ne permettait pas qu\u2019elle soit transport\u00e9e exclusivement par les v\u00e9hicules d\u2019ADRA Ukraine.<\/p>\n<p>La cargaison humanitaire elle-m\u00eame n\u2019a pas \u00e9t\u00e9 endommag\u00e9e et a \u00e9t\u00e9 ramen\u00e9e \u00e0 l\u2019entrep\u00f4t depuis les v\u00e9hicules endommag\u00e9s. Le personnel de l\u2019organisme humanitaire a appel\u00e9 la police et les agents ont enregistr\u00e9 tous les d\u00e9g\u00e2ts.<\/p>\n<p><div id=\"attachment_102083\" style=\"width: 847px\" class=\"wp-caption aligncenter\"><img decoding=\"async\" aria-describedby=\"caption-attachment-102083\" class=\"wp-image-102082\" src=\"https:\/\/interamerica.org\/wp-content\/uploads\/2023\/08\/ukraine-2photo-2023-08-11-17-49-42-1024x768.webp\" alt=\"\" width=\"837\" height=\"628\" srcset=\"https:\/\/interamerica.org\/wp-content\/uploads\/2023\/08\/ukraine-2photo-2023-08-11-17-49-42-1024x768.webp 1024w, https:\/\/interamerica.org\/wp-content\/uploads\/2023\/08\/ukraine-2photo-2023-08-11-17-49-42-300x225.webp 300w, https:\/\/interamerica.org\/wp-content\/uploads\/2023\/08\/ukraine-2photo-2023-08-11-17-49-42-768x576.webp 768w, https:\/\/interamerica.org\/wp-content\/uploads\/2023\/08\/ukraine-2photo-2023-08-11-17-49-42.webp 1280w\" sizes=\"(max-width: 837px) 100vw, 837px\" \/><p id=\"caption-attachment-102083\" class=\"wp-caption-text\">Apr\u00e8s l\u2019attaque, les membres du personnel d\u2019ADRA ont d\u00e9couvert que trois des v\u00e9hicules pr\u00eat\u00e9s avaient des roues et des radiateurs crev\u00e9s, des vitres bris\u00e9es et quelques portes bris\u00e9es. [Photo : ADRA Ukraine]<\/p><\/div>Le 14 ao\u00fbt, la coordinatrice humanitaire des Nations Unies pour l\u2019Ukraine, Denise Brown, a publi\u00e9 un communiqu\u00e9 \u00e0 propos de l\u2019incident.<\/p>\n<p>\u00ab Les habitants du sud du pays, y compris dans les r\u00e9gions de Kherson et d\u2019Odessa, ont endur\u00e9 un week-end particuli\u00e8rement difficile, car les frappes ont fait de nombreux morts et bless\u00e9s parmi les civils, y compris les enfants, \u00bb a \u00e9crit Denise Brown. \u00ab Les attaques ont \u00e9galement touch\u00e9 les humanitaires et notre capacit\u00e9 \u00e0 soutenir ceux qui souffrent des cons\u00e9quences de la guerre. Vendredi [11 ao\u00fbt], nos coll\u00e8gues de l\u2019ONG ADRA ont d\u00fb arr\u00eater la distribution si n\u00e9cessaire de provisions essentielles apr\u00e8s que leur entrep\u00f4t et leurs voitures aient \u00e9t\u00e9 endommag\u00e9s \u00e0 cause des bombardements dans la r\u00e9gion de Kherson. Les civils et les infrastructures civiles doivent \u00eatre respect\u00e9s ; ils ne devraient jamais \u00eatre une cible. \u00bb<\/p>\n<p><strong>A propos d&rsquo;ADRA Ukraine<\/strong><\/p>\n<p>ADRA Ukraine fait partie du r\u00e9seau mondial d\u2019ADRA International, qui est actif dans plus de 130 pays. La t\u00e2che principale d\u2019ADRA est de soutenir les personnes dans le besoin et les segments les plus vuln\u00e9rables de la population, en am\u00e9liorant leur vie et en les rendant plus actifs et capables de surmonter des situations de vie difficiles.<\/p>\n<p>En Ukraine, ADRA est officiellement d\u00e9clar\u00e9e et met en \u0153uvre des projets humanitaires depuis le 21 f\u00e9vrier 1993. ADRA Ukraine aide les victimes de conflits et de catastrophes, les personnes d\u00e9plac\u00e9es \u00e0 l\u2019int\u00e9rieur de leur pays (IDP) et leurs familles, les orphelins dans les orphelinats et les refuges, les patients hospitalis\u00e9s, les personnes qui se trouvent dans endroits sensibles, les handicap\u00e9s et les personnes \u00e2g\u00e9es, et elle encourage \u00e9galement un mode de vie sain.<\/p>\n<p>La <a href=\"https:\/\/www.adra.ua\/en\/a-russian-drone-dropped-ammunition-on-the-adra-ukraine-warehouse-where-humanitarian-aid-was-being-shipped\/\">version originale<\/a> de cet article a \u00e9t\u00e9 publi\u00e9e par <a href=\"https:\/\/www.adra.ua\/en\/home-en\/\">ADRA Ukraine<\/a>.<\/p>\n<p>Traduction: Patrick Luciathe<\/p>\n","protected":false},"excerpt":{"rendered":"<p>Aucune victime humaine n\u2019a \u00e9t\u00e9 signal\u00e9e mais les v\u00e9hicules sont touch\u00e9s par des explosifs. 17 Ao\u00fbt 2023 | Beryslav, Ukraine | ADRA Ukraine et Adventist Review Le matin du 11&#8230;<\/p>\n","protected":false},"author":3,"featured_media":102077,"comment_status":"closed","ping_status":"closed","sticky":false,"template":"","format":"standard","meta":{"_acf_changed":false,"footnotes":""},"categories":[18,19],"tags":[],"class_list":["post-102184","post","type-post","status-publish","format-standard","has-post-thumbnail","hentry","category-nouvelles-de-leglise-mondiale","category-rss-francais"],"acf":[],"yoast_head":"<!-- This site is optimized with the Yoast SEO plugin v27.3 - https:\/\/yoast.com\/product\/yoast-seo-wordpress\/ -->\n<title>Une attaque de drone interrompt la livraison de l\u2019aide d\u2019ADRA en Ukraine - \u00c9glise Adventiste Du Septieme Jour - Inter Am\u00e9rique Division<\/title>\n<meta name=\"robots\" content=\"index, follow, max-snippet:-1, max-image-preview:large, max-video-preview:-1\" \/>\n<link rel=\"canonical\" href=\"https:\/\/interamerica.org\/fr\/2023\/08\/une-attaque-de-drone-interrompt-la-livraison-de-laide-dadra-en-ukraine\/\" \/>\n<meta property=\"og:locale\" content=\"fr_FR\" \/>\n<meta property=\"og:type\" content=\"article\" \/>\n<meta property=\"og:title\" content=\"Une attaque de drone interrompt la livraison de l\u2019aide d\u2019ADRA en Ukraine - \u00c9glise Adventiste Du Septieme Jour - Inter Am\u00e9rique Division\" \/>\n<meta property=\"og:description\" content=\"Aucune victime humaine n\u2019a \u00e9t\u00e9 signal\u00e9e mais les v\u00e9hicules sont touch\u00e9s par des explosifs. 17 Ao\u00fbt 2023 | Beryslav, Ukraine | ADRA Ukraine et Adventist Review Le matin du 11...\" \/>\n<meta property=\"og:url\" content=\"https:\/\/interamerica.org\/fr\/2023\/08\/une-attaque-de-drone-interrompt-la-livraison-de-laide-dadra-en-ukraine\/\" \/>\n<meta property=\"og:site_name\" content=\"\u00c9glise Adventiste Du Septieme Jour - Inter Am\u00e9rique Division\" \/>\n<meta property=\"article:published_time\" content=\"2023-08-17T15:57:12+00:00\" \/>\n<meta property=\"article:modified_time\" content=\"2023-08-18T10:20:56+00:00\" \/>\n<meta property=\"og:image\" content=\"https:\/\/interamerica.org\/wp-content\/uploads\/2023\/08\/adra-ukraine-photo-2023-08-11-17-49-41-fix.webp\" \/>\n\t<meta property=\"og:image:width\" content=\"1280\" \/>\n\t<meta property=\"og:image:height\" content=\"960\" \/>\n\t<meta property=\"og:image:type\" content=\"image\/webp\" \/>\n<meta name=\"author\" content=\"libna\" \/>\n<meta name=\"twitter:card\" content=\"summary_large_image\" \/>\n<meta name=\"twitter:label1\" content=\"\u00c9crit par\" \/>\n\t<meta name=\"twitter:data1\" content=\"libna\" \/>\n\t<meta name=\"twitter:label2\" content=\"Dur\u00e9e de lecture estim\u00e9e\" \/>\n\t<meta name=\"twitter:data2\" content=\"4 minutes\" \/>\n<script type=\"application\/ld+json\" class=\"yoast-schema-graph\">{\"@context\":\"https:\\\/\\\/schema.org\",\"@graph\":[{\"@type\":\"Article\",\"@id\":\"https:\\\/\\\/interamerica.org\\\/fr\\\/2023\\\/08\\\/une-attaque-de-drone-interrompt-la-livraison-de-laide-dadra-en-ukraine\\\/#article\",\"isPartOf\":{\"@id\":\"https:\\\/\\\/interamerica.org\\\/fr\\\/2023\\\/08\\\/une-attaque-de-drone-interrompt-la-livraison-de-laide-dadra-en-ukraine\\\/\"},\"author\":{\"name\":\"libna\",\"@id\":\"https:\\\/\\\/interamerica.org\\\/fr\\\/#\\\/schema\\\/person\\\/29998f2bc2d8bd0d38662909289b54f1\"},\"headline\":\"Une attaque de drone interrompt la livraison de l\u2019aide d\u2019ADRA en Ukraine\",\"datePublished\":\"2023-08-17T15:57:12+00:00\",\"dateModified\":\"2023-08-18T10:20:56+00:00\",\"mainEntityOfPage\":{\"@id\":\"https:\\\/\\\/interamerica.org\\\/fr\\\/2023\\\/08\\\/une-attaque-de-drone-interrompt-la-livraison-de-laide-dadra-en-ukraine\\\/\"},\"wordCount\":884,\"image\":{\"@id\":\"https:\\\/\\\/interamerica.org\\\/fr\\\/2023\\\/08\\\/une-attaque-de-drone-interrompt-la-livraison-de-laide-dadra-en-ukraine\\\/#primaryimage\"},\"thumbnailUrl\":\"https:\\\/\\\/interamerica.org\\\/wp-content\\\/uploads\\\/2023\\\/08\\\/adra-ukraine-photo-2023-08-11-17-49-41-fix.webp\",\"articleSection\":[\"Nouvelles de l'\u00c9glise mondiale\",\"RSS Fran\u00e7ais\"],\"inLanguage\":\"fr-FR\"},{\"@type\":\"WebPage\",\"@id\":\"https:\\\/\\\/interamerica.org\\\/fr\\\/2023\\\/08\\\/une-attaque-de-drone-interrompt-la-livraison-de-laide-dadra-en-ukraine\\\/\",\"url\":\"https:\\\/\\\/interamerica.org\\\/fr\\\/2023\\\/08\\\/une-attaque-de-drone-interrompt-la-livraison-de-laide-dadra-en-ukraine\\\/\",\"name\":\"Une attaque de drone interrompt la livraison de l\u2019aide d\u2019ADRA en Ukraine - \u00c9glise Adventiste Du Septieme Jour - Inter Am\u00e9rique Division\",\"isPartOf\":{\"@id\":\"https:\\\/\\\/interamerica.org\\\/fr\\\/#website\"},\"primaryImageOfPage\":{\"@id\":\"https:\\\/\\\/interamerica.org\\\/fr\\\/2023\\\/08\\\/une-attaque-de-drone-interrompt-la-livraison-de-laide-dadra-en-ukraine\\\/#primaryimage\"},\"image\":{\"@id\":\"https:\\\/\\\/interamerica.org\\\/fr\\\/2023\\\/08\\\/une-attaque-de-drone-interrompt-la-livraison-de-laide-dadra-en-ukraine\\\/#primaryimage\"},\"thumbnailUrl\":\"https:\\\/\\\/interamerica.org\\\/wp-content\\\/uploads\\\/2023\\\/08\\\/adra-ukraine-photo-2023-08-11-17-49-41-fix.webp\",\"datePublished\":\"2023-08-17T15:57:12+00:00\",\"dateModified\":\"2023-08-18T10:20:56+00:00\",\"author\":{\"@id\":\"https:\\\/\\\/interamerica.org\\\/fr\\\/#\\\/schema\\\/person\\\/29998f2bc2d8bd0d38662909289b54f1\"},\"breadcrumb\":{\"@id\":\"https:\\\/\\\/interamerica.org\\\/fr\\\/2023\\\/08\\\/une-attaque-de-drone-interrompt-la-livraison-de-laide-dadra-en-ukraine\\\/#breadcrumb\"},\"inLanguage\":\"fr-FR\",\"potentialAction\":[{\"@type\":\"ReadAction\",\"target\":[\"https:\\\/\\\/interamerica.org\\\/fr\\\/2023\\\/08\\\/une-attaque-de-drone-interrompt-la-livraison-de-laide-dadra-en-ukraine\\\/\"]}]},{\"@type\":\"ImageObject\",\"inLanguage\":\"fr-FR\",\"@id\":\"https:\\\/\\\/interamerica.org\\\/fr\\\/2023\\\/08\\\/une-attaque-de-drone-interrompt-la-livraison-de-laide-dadra-en-ukraine\\\/#primaryimage\",\"url\":\"https:\\\/\\\/interamerica.org\\\/wp-content\\\/uploads\\\/2023\\\/08\\\/adra-ukraine-photo-2023-08-11-17-49-41-fix.webp\",\"contentUrl\":\"https:\\\/\\\/interamerica.org\\\/wp-content\\\/uploads\\\/2023\\\/08\\\/adra-ukraine-photo-2023-08-11-17-49-41-fix.webp\",\"width\":1280,\"height\":960,\"caption\":\"The photo shows part of the damage to one of the cars that was being used to distribute aid in Beryslav, Kherson region, Ukraine, on August 11. [Photo: ADRA Ukraine]\"},{\"@type\":\"BreadcrumbList\",\"@id\":\"https:\\\/\\\/interamerica.org\\\/fr\\\/2023\\\/08\\\/une-attaque-de-drone-interrompt-la-livraison-de-laide-dadra-en-ukraine\\\/#breadcrumb\",\"itemListElement\":[{\"@type\":\"ListItem\",\"position\":1,\"name\":\"Home\",\"item\":\"https:\\\/\\\/interamerica.org\\\/fr\\\/\"},{\"@type\":\"ListItem\",\"position\":2,\"name\":\"Une attaque de drone interrompt la livraison de l\u2019aide d\u2019ADRA en Ukraine\"}]},{\"@type\":\"WebSite\",\"@id\":\"https:\\\/\\\/interamerica.org\\\/fr\\\/#website\",\"url\":\"https:\\\/\\\/interamerica.org\\\/fr\\\/\",\"name\":\"\u00c9glise Adventiste Du Septieme Jour - Inter Am\u00e9rique Division\",\"description\":\"\",\"potentialAction\":[{\"@type\":\"SearchAction\",\"target\":{\"@type\":\"EntryPoint\",\"urlTemplate\":\"https:\\\/\\\/interamerica.org\\\/fr\\\/?s={search_term_string}\"},\"query-input\":{\"@type\":\"PropertyValueSpecification\",\"valueRequired\":true,\"valueName\":\"search_term_string\"}}],\"inLanguage\":\"fr-FR\"},{\"@type\":\"Person\",\"@id\":\"https:\\\/\\\/interamerica.org\\\/fr\\\/#\\\/schema\\\/person\\\/29998f2bc2d8bd0d38662909289b54f1\",\"name\":\"libna\",\"image\":{\"@type\":\"ImageObject\",\"inLanguage\":\"fr-FR\",\"@id\":\"https:\\\/\\\/secure.gravatar.com\\\/avatar\\\/7c5bd30ae4b47a9ba3c856590957fd1d96dc588bf3ac05719d247e126840331f?s=96&d=mm&r=g\",\"url\":\"https:\\\/\\\/secure.gravatar.com\\\/avatar\\\/7c5bd30ae4b47a9ba3c856590957fd1d96dc588bf3ac05719d247e126840331f?s=96&d=mm&r=g\",\"contentUrl\":\"https:\\\/\\\/secure.gravatar.com\\\/avatar\\\/7c5bd30ae4b47a9ba3c856590957fd1d96dc588bf3ac05719d247e126840331f?s=96&d=mm&r=g\",\"caption\":\"libna\"}}]}<\/script>\n<!-- \/ Yoast SEO plugin. -->","yoast_head_json":{"title":"Une attaque de drone interrompt la livraison de l\u2019aide d\u2019ADRA en Ukraine - \u00c9glise Adventiste Du Septieme Jour - Inter Am\u00e9rique Division","robots":{"index":"index","follow":"follow","max-snippet":"max-snippet:-1","max-image-preview":"max-image-preview:large","max-video-preview":"max-video-preview:-1"},"canonical":"https:\/\/interamerica.org\/fr\/2023\/08\/une-attaque-de-drone-interrompt-la-livraison-de-laide-dadra-en-ukraine\/","og_locale":"fr_FR","og_type":"article","og_title":"Une attaque de drone interrompt la livraison de l\u2019aide d\u2019ADRA en Ukraine - \u00c9glise Adventiste Du Septieme Jour - Inter Am\u00e9rique Division","og_description":"Aucune victime humaine n\u2019a \u00e9t\u00e9 signal\u00e9e mais les v\u00e9hicules sont touch\u00e9s par des explosifs. 17 Ao\u00fbt 2023 | Beryslav, Ukraine | ADRA Ukraine et Adventist Review Le matin du 11...","og_url":"https:\/\/interamerica.org\/fr\/2023\/08\/une-attaque-de-drone-interrompt-la-livraison-de-laide-dadra-en-ukraine\/","og_site_name":"\u00c9glise Adventiste Du Septieme Jour - Inter Am\u00e9rique Division","article_published_time":"2023-08-17T15:57:12+00:00","article_modified_time":"2023-08-18T10:20:56+00:00","og_image":[{"width":1280,"height":960,"url":"https:\/\/interamerica.org\/wp-content\/uploads\/2023\/08\/adra-ukraine-photo-2023-08-11-17-49-41-fix.webp","type":"image\/webp"}],"author":"libna","twitter_card":"summary_large_image","twitter_misc":{"\u00c9crit par":"libna","Dur\u00e9e de lecture estim\u00e9e":"4 minutes"},"schema":{"@context":"https:\/\/schema.org","@graph":[{"@type":"Article","@id":"https:\/\/interamerica.org\/fr\/2023\/08\/une-attaque-de-drone-interrompt-la-livraison-de-laide-dadra-en-ukraine\/#article","isPartOf":{"@id":"https:\/\/interamerica.org\/fr\/2023\/08\/une-attaque-de-drone-interrompt-la-livraison-de-laide-dadra-en-ukraine\/"},"author":{"name":"libna","@id":"https:\/\/interamerica.org\/fr\/#\/schema\/person\/29998f2bc2d8bd0d38662909289b54f1"},"headline":"Une attaque de drone interrompt la livraison de l\u2019aide d\u2019ADRA en Ukraine","datePublished":"2023-08-17T15:57:12+00:00","dateModified":"2023-08-18T10:20:56+00:00","mainEntityOfPage":{"@id":"https:\/\/interamerica.org\/fr\/2023\/08\/une-attaque-de-drone-interrompt-la-livraison-de-laide-dadra-en-ukraine\/"},"wordCount":884,"image":{"@id":"https:\/\/interamerica.org\/fr\/2023\/08\/une-attaque-de-drone-interrompt-la-livraison-de-laide-dadra-en-ukraine\/#primaryimage"},"thumbnailUrl":"https:\/\/interamerica.org\/wp-content\/uploads\/2023\/08\/adra-ukraine-photo-2023-08-11-17-49-41-fix.webp","articleSection":["Nouvelles de l'\u00c9glise mondiale","RSS Fran\u00e7ais"],"inLanguage":"fr-FR"},{"@type":"WebPage","@id":"https:\/\/interamerica.org\/fr\/2023\/08\/une-attaque-de-drone-interrompt-la-livraison-de-laide-dadra-en-ukraine\/","url":"https:\/\/interamerica.org\/fr\/2023\/08\/une-attaque-de-drone-interrompt-la-livraison-de-laide-dadra-en-ukraine\/","name":"Une attaque de drone interrompt la livraison de l\u2019aide d\u2019ADRA en Ukraine - \u00c9glise Adventiste Du Septieme Jour - Inter Am\u00e9rique Division","isPartOf":{"@id":"https:\/\/interamerica.org\/fr\/#website"},"primaryImageOfPage":{"@id":"https:\/\/interamerica.org\/fr\/2023\/08\/une-attaque-de-drone-interrompt-la-livraison-de-laide-dadra-en-ukraine\/#primaryimage"},"image":{"@id":"https:\/\/interamerica.org\/fr\/2023\/08\/une-attaque-de-drone-interrompt-la-livraison-de-laide-dadra-en-ukraine\/#primaryimage"},"thumbnailUrl":"https:\/\/interamerica.org\/wp-content\/uploads\/2023\/08\/adra-ukraine-photo-2023-08-11-17-49-41-fix.webp","datePublished":"2023-08-17T15:57:12+00:00","dateModified":"2023-08-18T10:20:56+00:00","author":{"@id":"https:\/\/interamerica.org\/fr\/#\/schema\/person\/29998f2bc2d8bd0d38662909289b54f1"},"breadcrumb":{"@id":"https:\/\/interamerica.org\/fr\/2023\/08\/une-attaque-de-drone-interrompt-la-livraison-de-laide-dadra-en-ukraine\/#breadcrumb"},"inLanguage":"fr-FR","potentialAction":[{"@type":"ReadAction","target":["https:\/\/interamerica.org\/fr\/2023\/08\/une-attaque-de-drone-interrompt-la-livraison-de-laide-dadra-en-ukraine\/"]}]},{"@type":"ImageObject","inLanguage":"fr-FR","@id":"https:\/\/interamerica.org\/fr\/2023\/08\/une-attaque-de-drone-interrompt-la-livraison-de-laide-dadra-en-ukraine\/#primaryimage","url":"https:\/\/interamerica.org\/wp-content\/uploads\/2023\/08\/adra-ukraine-photo-2023-08-11-17-49-41-fix.webp","contentUrl":"https:\/\/interamerica.org\/wp-content\/uploads\/2023\/08\/adra-ukraine-photo-2023-08-11-17-49-41-fix.webp","width":1280,"height":960,"caption":"The photo shows part of the damage to one of the cars that was being used to distribute aid in Beryslav, Kherson region, Ukraine, on August 11. [Photo: ADRA Ukraine]"},{"@type":"BreadcrumbList","@id":"https:\/\/interamerica.org\/fr\/2023\/08\/une-attaque-de-drone-interrompt-la-livraison-de-laide-dadra-en-ukraine\/#breadcrumb","itemListElement":[{"@type":"ListItem","position":1,"name":"Home","item":"https:\/\/interamerica.org\/fr\/"},{"@type":"ListItem","position":2,"name":"Une attaque de drone interrompt la livraison de l\u2019aide d\u2019ADRA en Ukraine"}]},{"@type":"WebSite","@id":"https:\/\/interamerica.org\/fr\/#website","url":"https:\/\/interamerica.org\/fr\/","name":"\u00c9glise Adventiste Du Septieme Jour - Inter Am\u00e9rique Division","description":"","potentialAction":[{"@type":"SearchAction","target":{"@type":"EntryPoint","urlTemplate":"https:\/\/interamerica.org\/fr\/?s={search_term_string}"},"query-input":{"@type":"PropertyValueSpecification","valueRequired":true,"valueName":"search_term_string"}}],"inLanguage":"fr-FR"},{"@type":"Person","@id":"https:\/\/interamerica.org\/fr\/#\/schema\/person\/29998f2bc2d8bd0d38662909289b54f1","name":"libna","image":{"@type":"ImageObject","inLanguage":"fr-FR","@id":"https:\/\/secure.gravatar.com\/avatar\/7c5bd30ae4b47a9ba3c856590957fd1d96dc588bf3ac05719d247e126840331f?s=96&d=mm&r=g","url":"https:\/\/secure.gravatar.com\/avatar\/7c5bd30ae4b47a9ba3c856590957fd1d96dc588bf3ac05719d247e126840331f?s=96&d=mm&r=g","contentUrl":"https:\/\/secure.gravatar.com\/avatar\/7c5bd30ae4b47a9ba3c856590957fd1d96dc588bf3ac05719d247e126840331f?s=96&d=mm&r=g","caption":"libna"}}]}},"_links":{"self":[{"href":"https:\/\/interamerica.org\/fr\/wp-json\/wp\/v2\/posts\/102184","targetHints":{"allow":["GET"]}}],"collection":[{"href":"https:\/\/interamerica.org\/fr\/wp-json\/wp\/v2\/posts"}],"about":[{"href":"https:\/\/interamerica.org\/fr\/wp-json\/wp\/v2\/types\/post"}],"author":[{"embeddable":true,"href":"https:\/\/interamerica.org\/fr\/wp-json\/wp\/v2\/users\/3"}],"replies":[{"embeddable":true,"href":"https:\/\/interamerica.org\/fr\/wp-json\/wp\/v2\/comments?post=102184"}],"version-history":[{"count":0,"href":"https:\/\/interamerica.org\/fr\/wp-json\/wp\/v2\/posts\/102184\/revisions"}],"wp:featuredmedia":[{"embeddable":true,"href":"https:\/\/interamerica.org\/fr\/wp-json\/wp\/v2\/media\/102077"}],"wp:attachment":[{"href":"https:\/\/interamerica.org\/fr\/wp-json\/wp\/v2\/media?parent=102184"}],"wp:term":[{"taxonomy":"category","embeddable":true,"href":"https:\/\/interamerica.org\/fr\/wp-json\/wp\/v2\/categories?post=102184"},{"taxonomy":"post_tag","embeddable":true,"href":"https:\/\/interamerica.org\/fr\/wp-json\/wp\/v2\/tags?post=102184"}],"curies":[{"name":"wp","href":"https:\/\/api.w.org\/{rel}","templated":true}]}}