{"id":102224,"date":"2023-08-17T22:52:19","date_gmt":"2023-08-18T02:52:19","guid":{"rendered":"https:\/\/interamerica.org\/?p=102224"},"modified":"2023-08-18T19:52:33","modified_gmt":"2023-08-18T23:52:33","slug":"les-eglises-et-les-institutions-sanitaires-adventistes-doivent-etre-une-presence-de-guerison-dans-la-communaute","status":"publish","type":"post","link":"https:\/\/interamerica.org\/fr\/2023\/08\/les-eglises-et-les-institutions-sanitaires-adventistes-doivent-etre-une-presence-de-guerison-dans-la-communaute\/","title":{"rendered":"Les \u00e9glises et les institutions sanitaires adventistes doivent \u00eatre \u00ab une pr\u00e9sence de gu\u00e9rison dans la communaut\u00e9 \u00bb"},"content":{"rendered":"<p>17 Ao\u00fbt 2023 | Miami, Floride, \u00c9tats-Unis | Libna Stevens, Actualit\u00e9s de la Division Inter Am\u00e9ricaine<\/p>\n<p>\u00ab Le minist\u00e8re de la sant\u00e9 int\u00e9grale nous invite \u00e0 r\u00e9fl\u00e9chir \u00e0 ce que signifie la sant\u00e9 et aux r\u00f4les que nous pourrions jouer pour aider les communaut\u00e9s \u00e0 faire l\u2019exp\u00e9rience de tout ce qu\u2019implique \u00eatre en bonne sant\u00e9, \u00bb a d\u00e9clar\u00e9 l\u2019ancien vice-pr\u00e9sident de la Conf\u00e9rence G\u00e9n\u00e9rale \u00e0 la retraite, Lowell Cooper. Ce dernier s\u2019adressait \u00e0 des dizaines d\u2019administrateurs d\u2019\u00e9glise, d\u2019administrateurs d\u2019h\u00f4pitaux et de responsables des minist\u00e8res de la sant\u00e9 participant au Symposium sur la Sant\u00e9 organis\u00e9 par la Division Inter Am\u00e9ricaine (DIA) \u00e0 Miami, en Floride, aux \u00c9tats-Unis, du 27 au 29 juillet 2023.<\/p>\n<p>D\u00e9finir le minist\u00e8re de la sant\u00e9 int\u00e9grale commence en \u00e9coutant ce que J\u00e9sus a dit, \u00e0 propos de son but en venant dans ce monde, comme cela est rapport\u00e9 dans Jean 12 :46 et Jean 10 :10, a d\u00e9clar\u00e9 Lowell Cooper.<\/p>\n<p>\u00ab Que veut dire J\u00e9sus lorsqu\u2019il parle d\u2019avoir la vie et de l\u2019avoir en abondance ? Le fait de vivre longtemps \u00e9quivaut-il \u00e0 avoir une vie abondante ? Vivre avec beaucoup d\u2019argent et beaucoup de d\u00e9pression constitue-t-il la vie abondante ? Que veut dire J\u00e9sus quand il parle de de ne pas demeurer dans les t\u00e9n\u00e8bres ? Serait-ce une r\u00e9f\u00e9rence au r\u00f4le des batteries au lithium et des sources d\u2019\u00e9nergie solaire ? Comment alors devons-nous comprendre ce que J\u00e9sus voulait dire quand il a dit : \u00ab Je suis venu comme une lumi\u00e8re dans le monde \u00bb ? a demand\u00e9 Lowell Cooper.<\/p>\n<p><div id=\"attachment_102155\" style=\"width: 879px\" class=\"wp-caption aligncenter\"><img fetchpriority=\"high\" decoding=\"async\" aria-describedby=\"caption-attachment-102155\" class=\" wp-image-102154\" src=\"https:\/\/interamerica.org\/wp-content\/uploads\/2023\/08\/lowell-cooper-july29-health-symposium.jpg\" alt=\"\" width=\"869\" height=\"569\" srcset=\"https:\/\/interamerica.org\/wp-content\/uploads\/2023\/08\/lowell-cooper-july29-health-symposium.jpg 1000w, https:\/\/interamerica.org\/wp-content\/uploads\/2023\/08\/lowell-cooper-july29-health-symposium-300x197.jpg 300w, https:\/\/interamerica.org\/wp-content\/uploads\/2023\/08\/lowell-cooper-july29-health-symposium-768x503.jpg 768w\" sizes=\"(max-width: 869px) 100vw, 869px\" \/><p id=\"caption-attachment-102155\" class=\"wp-caption-text\">Lowell Cooper, ancien vice-pr\u00e9sident de la Conf\u00e9rence G\u00e9n\u00e9rale \u00e0 la retraite, s\u2019adresse aux administrateurs d\u2019\u00e9glise et d\u2019h\u00f4pitaux le 29 juillet 2023, lors du Symposium sur la Sant\u00e9 organis\u00e9 par la Division Inter Am\u00e9ricaine \u00e0 Miami, en Floride, aux \u00c9tats-Unis. [Photo : Libna Stevens\/DIA]<\/p><\/div>La mission de Dieu implique la restauration de tout ce qui \u00e9tait vrai au sujet de toute sa cr\u00e9ation et l\u2019\u00e9radication de tout le mal qui a fait son chemin dans ce monde, a indiqu\u00e9 Lowell Cooper. \u00ab Notre mission doit \u00eatre aussi compl\u00e8te dans sa port\u00e9e que l\u2019\u00e9vangile qui nous est donn\u00e9 par la Bible toute enti\u00e8re. \u00bb<\/p>\n<p>On pourrait dire que Dieu n\u2019a pas une mission pour l\u2019\u00e9glise, mais plut\u00f4t une \u00e9glise pour sa mission, a d\u00e9clar\u00e9 Lowell Cooper. Il s\u2019agit de s\u2019int\u00e9resser plus \u00e0 l\u2019humanit\u00e9 qu\u2019aux religions.<\/p>\n<p>Le message sur la sant\u00e9 est bien plus que de simplement manger des l\u00e9gumes et s\u2019abstenir de tabac. \u00ab Le message sur la sant\u00e9 implique ces choses mais inclut beaucoup plus \u2013 notre mani\u00e8re de penser, notre mani\u00e8re de vivre et pourquoi. \u00bb<\/p>\n<p><strong>Ensemble dans la Mission<\/strong><\/p>\n<p>Une partie de l\u2019expression du minist\u00e8re de la sant\u00e9 consiste pour l\u2019\u00e9glise et les \u00e9tablissements de sant\u00e9 \u00e0 faire \u00e9quipe, tout comme le dit le th\u00e8me central du symposium \u2018Ensemble dans la Mission,\u2019 a d\u00e9clar\u00e9 Lowell Cooper. \u00ab Dans le sens le plus authentique, l\u2019h\u00f4pital et l\u2019\u00e9glise sont con\u00e7us pour \u00eatre des institutions de gu\u00e9rison. Ils n\u2019occupent pas la m\u00eame place ni le m\u00eame r\u00f4le, mais ils ont le m\u00eame objectif, \u00e0 savoir r\u00e9parer, r\u00e9habiliter, restaurer, r\u00e9orienter et redynamiser des vies en leur donnant un sens et un but.<\/p>\n<p><div id=\"attachment_102149\" style=\"width: 878px\" class=\"wp-caption aligncenter\"><img decoding=\"async\" aria-describedby=\"caption-attachment-102149\" class=\" wp-image-102148\" src=\"https:\/\/interamerica.org\/wp-content\/uploads\/2023\/08\/health-symposium-lcooper-slide.jpg\" alt=\"\" width=\"868\" height=\"579\" srcset=\"https:\/\/interamerica.org\/wp-content\/uploads\/2023\/08\/health-symposium-lcooper-slide.jpg 1000w, https:\/\/interamerica.org\/wp-content\/uploads\/2023\/08\/health-symposium-lcooper-slide-300x200.jpg 300w, https:\/\/interamerica.org\/wp-content\/uploads\/2023\/08\/health-symposium-lcooper-slide-768x512.jpg 768w\" sizes=\"(max-width: 868px) 100vw, 868px\" \/><p id=\"caption-attachment-102149\" class=\"wp-caption-text\">[Photo: Libna Stevens\/DIA]<\/p><\/div>Amener l\u2019\u00e9glise \u00e0 d\u00e9montrer une unit\u00e9 dans la mission et \u00e0 embrasser le minist\u00e8re de la sant\u00e9 int\u00e9grale signifie proclamer la totalit\u00e9 de l\u2019\u00e9vangile. \u00ab Ceux qui enseignent, pr\u00eachent et \u00e9crivent le message de l\u2019\u00e9vangile doivent \u00eatre s\u00fbrs qu\u2019ils communiquent correctement l\u2019\u00e9vangile, \u00bb a-t-il d\u00e9clar\u00e9. La gr\u00e2ce doit \u00eatre plus grande que la culpabilit\u00e9.<\/p>\n<p>Lowell Cooper a soulign\u00e9 que le salut n\u2019est pas seulement le pardon, mais un nouvel ordre de vie avec un nouveau but, de nouveaux motifs, de nouvelles attitudes, de nouvelles relations et un nouveau point de r\u00e9f\u00e9rence. La mission de Dieu \u00ab recadre essentiellement toute notre vie, nos attitudes, nos app\u00e9tits, nos croyances, nos comportements, notre engagement, nos habitudes, nos relations et nos valeurs. \u00bb \u00c0 son tour, a-t-il dit, la mission de Dieu peut donner une nouvelle perspective face \u00e0 la souffrance, amener une stabilit\u00e9 financi\u00e8re face aux habitudes de consommation, des cl\u00e9s pour faire face \u00e0 une maladie d\u00e9bilitante, apporter la puissance de lib\u00e9rer une personne d\u2019une mauvaise habitude, nous lib\u00e9rer du fardeau paralysant de la culpabilit\u00e9, amener la lumi\u00e8re dans les t\u00e9n\u00e8bres d\u2019une prison, r\u00e9tablir la paix dans des conflits apparemment insolubles, requalifier l\u2019\u00e9chec et la d\u00e9faite en sagesse et en gr\u00e2ce.<\/p>\n<p>En \u00e9tant en harmonie avec la mission de Dieu, l\u2019\u00e9glise et les institutions seront connues pour ce que nous affirmons plut\u00f4t que seulement pour ce que nous r\u00e9futons, a dit Lowell Cooper. \u00ab Il y a plus dans le style de vie adventiste que le fait de s\u2019abstenir de porc, d\u2019alcool, de tabac et de substances addictives. Ne pouvons-nous pas \u00eatre connus comme le peuple de la joie, de la paix, de la sant\u00e9, de la long\u00e9vit\u00e9 et de l\u2019amour ?<\/p>\n<p><strong>Vivre le message sur la sant\u00e9<\/strong><\/p>\n<p>En tant qu\u2019adventistes du septi\u00e8me jour, nous devons vivre, et pas seulement enseigner, le message sur la sant\u00e9, a dit Lowell Cooper. \u00ab Nous devons devenir des experts dans la d\u00e9monstration de relations humaines saines car l\u2019\u00e9glise et l\u2019h\u00f4pital sont connect\u00e9s dans un continuum de soins car l\u2019ensemble de l\u2019\u00e9glise est appel\u00e9 \u00e0 \u00eatre une communaut\u00e9 de gu\u00e9rison. \u00bb<\/p>\n<p><div id=\"attachment_102146\" style=\"width: 880px\" class=\"wp-caption aligncenter\"><img decoding=\"async\" aria-describedby=\"caption-attachment-102146\" class=\" wp-image-102145\" src=\"https:\/\/interamerica.org\/wp-content\/uploads\/2023\/08\/health-symposium-audience-lcooper-2023.jpg\" alt=\"\" width=\"870\" height=\"580\" srcset=\"https:\/\/interamerica.org\/wp-content\/uploads\/2023\/08\/health-symposium-audience-lcooper-2023.jpg 1000w, https:\/\/interamerica.org\/wp-content\/uploads\/2023\/08\/health-symposium-audience-lcooper-2023-300x200.jpg 300w, https:\/\/interamerica.org\/wp-content\/uploads\/2023\/08\/health-symposium-audience-lcooper-2023-768x512.jpg 768w\" sizes=\"(max-width: 870px) 100vw, 870px\" \/><p id=\"caption-attachment-102146\" class=\"wp-caption-text\">Des dizaines de dirigeants d\u2019\u00e9glise, d\u2019administrateurs d\u2019h\u00f4pitaux et de directeurs des minist\u00e8res de la sant\u00e9 se sont rencontr\u00e9s au cours de la troisi\u00e8me journ\u00e9e du Symposium de la DIA sur la Sant\u00e9 qui s\u2019est tenu \u00e0 Miami, en Floride, aux \u00c9tats-Unis, du 27 au 29 juillet 2023. [Photo : Libna Stevens\/DIA]<\/p><\/div>Au cours de son discours, Lowell Cooper a mis en garde contre la proclamation d\u2019un \u00e9vangile de la prosp\u00e9rit\u00e9 dans lequel les gens sont amen\u00e9s \u00e0 croire que s\u2019ils mangent bien, prient souvent, observent le sabbat et retournent fid\u00e8lement la d\u00eeme, Dieu leur ouvrira un chemin vers l\u2019\u00e9ternit\u00e9. \u00ab Cette fa\u00e7on de penser est une tromperie perfide. Ne regardons pas avec m\u00e9pris ceux qui souffrent de maladies chroniques comme s\u2019ils r\u00e9coltaient la juste cons\u00e9quence de leur mode de vie. Nous en savons tr\u00e8s peu sur tous les facteurs qui fa\u00e7onnent le cours de la vie. \u00bb Il s\u2019agit de faire attention \u00e0 ne pas porter de jugement, et d\u2019\u00eatre plut\u00f4t prompt \u00e0 montrer de la sympathie, \u00e0 faire preuve d\u2019empathie et \u00e0 servir, a-t-il ajout\u00e9.<\/p>\n<p><strong>Pratiquer le bon voisinage<\/strong><\/p>\n<p>\u00catre voisin, c\u2019est \u00e9largir le cercle des connaissances et de l\u2019influence. Il s\u2019agit de sortir de l\u2019\u00e9glise et d\u2019aller dans la communaut\u00e9, a d\u00e9clar\u00e9 Lowell Cooper. \u00ab Prenons conscience des besoins des gens et agissons de mani\u00e8re \u00e0 soulager la souffrance. \u00bb C\u2019est ainsi que doit se voir chaque \u00e9glise locale, comme une institution de soins de sant\u00e9. \u00ab Les soins de sant\u00e9 peuvent s\u2019appuyer fortement sur la science de la m\u00e9decine, mais les soins de sant\u00e9 dans la communaut\u00e9 reposent fortement sur la science de l\u2019amour, du pardon, de la gr\u00e2ce et de la fraternit\u00e9. \u00bb<\/p>\n<p>\u00ab Que se passerait-il dans nos \u00e9glises si nous devenions les groupes en meilleure sant\u00e9, les plus heureux, les plus saints et les plus prompts \u00e0 aider dans la communaut\u00e9 ? a demand\u00e9 Lowell Cooper. \u00ab Ne serait-il pas vrai, comme au temps de J\u00e9sus, que les gens abattraient les murs pour entrer, parce qu\u2019une telle communaut\u00e9 exercerait un minist\u00e8re qui r\u00e9pondrait \u00e0 leurs besoins les plus profonds. \u00bb<\/p>\n<p>En ce qui concerne ce que les \u00e9tablissements de sant\u00e9 peuvent faire pour d\u00e9montrer l\u2019unit\u00e9 dans la mission englobant le minist\u00e8re de la sant\u00e9 int\u00e9grale, il s\u2019agit de se concentrer sur la sant\u00e9 de la personne dans son ensemble et pas seulement sur la gu\u00e9rison d\u2019une maladie. \u00ab Nous devons mettre l\u2019accent sur le bien-\u00eatre, pas seulement sur la gu\u00e9rison de la maladie. \u00bb<\/p>\n<p>La d\u00e9claration de J\u00e9sus o\u00f9 il dit : \u00ab Je suis venu pour qu\u2019ils aient la vie et qu\u2019ils l\u2019aient en abondance \u00bb conduit le professionnel de la sant\u00e9 chr\u00e9tien \u00e0 mettre l\u2019accent non seulement sur l\u2019\u00e9radication de la maladie ou de l\u2019inconfort, mais \u00e0 accorder une attention particuli\u00e8re \u00e0 tout ce qui peut am\u00e9liorer la vie, a dit Lowell Cooper. \u00ab Le minist\u00e8re de gu\u00e9rison est intrins\u00e8quement li\u00e9 \u00e0 l\u2019ensemble des objectifs r\u00e9dempteurs de Dieu. \u00bb<\/p>\n<p><strong>Promouvoir la prise de conscience spirituelle<\/strong><\/p>\n<p>\u00ab Les \u00e9tablissements de sant\u00e9 ne sont pas des \u00e9glises, mais ils peuvent \u00eatre des moyens tr\u00e8s efficaces de conduire les gens vers une communaut\u00e9 religieuse, \u00bb a soulign\u00e9 Lowell Cooper. \u00ab Nous ne devrions jamais avoir peur ou h\u00e9siter \u00e0 identifier nos installations comme \u00e9tant d\u00e9tenues et g\u00e9r\u00e9es par l\u2019\u00c9glise adventiste du septi\u00e8me jour, renfor\u00e7ant ainsi la mission de l\u2019\u00e9glise dans son ensemble. \u00bb En bref, la mission spirituelle de l\u2019\u00e9glise dans le cadre du minist\u00e8re de la sant\u00e9 pr\u00e9pare le sol et s\u00e8me des graines, et n\u2019est pas principalement une machine \u00e0 r\u00e9colter. Les affiches murales, les publications et la signal\u00e9tique des institutions sont des moyens gr\u00e2ce auxquels un \u00e9tablissement de sant\u00e9 peut promouvoir la spiritualit\u00e9, a-t-il dit. On pourrait ajouter, un programme d\u2019aum\u00f4nerie, une chapelle dans l\u2019\u00e9tablissement, le d\u00e9roulement du sabbat &#8211; non seulement ce qu\u2019on ne fait pas, mais ce qu\u2019on ajoute.<\/p>\n<p>Le partenariat avec d\u2019autres agences de la communaut\u00e9, ainsi que la promotion d\u2019une image de marque mondiale des institutions de sant\u00e9 adventistes du septi\u00e8me jour peuvent \u00e9galement \u00eatre efficaces pour mettre en \u00e9vidence l\u2019unit\u00e9 dans la mission entre l\u2019\u00e9glise et ses institutions sanitaires, a-t-il d\u00e9clar\u00e9.<\/p>\n<p>Nos chemins vers l\u2019avenir seront sans aucun doute jonch\u00e9s d\u2019obstacles et d\u2019opportunit\u00e9s, \u00bb a d\u00e9clar\u00e9 Lowell Cooper. \u00ab Parfois, nos meilleures id\u00e9es et notre \u00e9nergie seront contrecarr\u00e9es par des circonstances ind\u00e9pendantes de notre volont\u00e9. \u00c0 d\u2019autres moments, nous serons \u00e9tonn\u00e9s de la croissance et de l\u2019expansion qui sont devant nous sans que nous nous en rendions compte.<\/p>\n<p>Sans aucun doute, a d\u00e9clar\u00e9 Lowell Cooper, \u00ab Notre succ\u00e8s dans la mission, psychologiquement et financi\u00e8rement, d\u00e9coule de notre reconnaissance que la mission de Dieu concerne tous les aspects de la vie qui ont \u00e9t\u00e9 endommag\u00e9s par la r\u00e9bellion humaine. Il nous invite \u00e0 nous engager dans sa mission, et quand nous l\u2019aimons, nous collaborons bien avec lui. \u00bb<\/p>\n<p>En fin de compte, il n\u2019y a rien \u00e0 dire, a d\u00e9clar\u00e9 Lowell Cooper, \u00ab sinon s\u2019exclamer \u2018Gloire \u00e0 Dieu\u2019 car il a accompli ses desseins. \u00bb<\/p>\n<p>Traduction: Patrick Luciathe<\/p>\n","protected":false},"excerpt":{"rendered":"<p>17 Ao\u00fbt 2023 | Miami, Floride, \u00c9tats-Unis | Libna Stevens, Actualit\u00e9s de la Division Inter Am\u00e9ricaine \u00ab Le minist\u00e8re de la sant\u00e9 int\u00e9grale nous invite \u00e0 r\u00e9fl\u00e9chir \u00e0 ce que&#8230;<\/p>\n","protected":false},"author":3,"featured_media":102155,"comment_status":"closed","ping_status":"closed","sticky":false,"template":"","format":"standard","meta":{"_acf_changed":false,"footnotes":""},"categories":[20,19],"tags":[],"class_list":["post-102224","post","type-post","status-publish","format-standard","has-post-thumbnail","hentry","category-nouvelles-du-siege-de-la-division","category-rss-francais"],"acf":[],"yoast_head":"<!-- This site is optimized with the Yoast SEO plugin v27.3 - https:\/\/yoast.com\/product\/yoast-seo-wordpress\/ -->\n<title>Les \u00e9glises et les institutions sanitaires adventistes doivent \u00eatre \u00ab une pr\u00e9sence de gu\u00e9rison dans la communaut\u00e9 \u00bb - \u00c9glise Adventiste Du Septieme Jour - Inter Am\u00e9rique Division<\/title>\n<meta name=\"robots\" content=\"index, follow, max-snippet:-1, max-image-preview:large, max-video-preview:-1\" \/>\n<link rel=\"canonical\" href=\"https:\/\/interamerica.org\/fr\/2023\/08\/les-eglises-et-les-institutions-sanitaires-adventistes-doivent-etre-une-presence-de-guerison-dans-la-communaute\/\" \/>\n<meta property=\"og:locale\" content=\"fr_FR\" \/>\n<meta property=\"og:type\" content=\"article\" \/>\n<meta property=\"og:title\" content=\"Les \u00e9glises et les institutions sanitaires adventistes doivent \u00eatre \u00ab une pr\u00e9sence de gu\u00e9rison dans la communaut\u00e9 \u00bb - \u00c9glise Adventiste Du Septieme Jour - Inter Am\u00e9rique Division\" \/>\n<meta property=\"og:description\" content=\"17 Ao\u00fbt 2023 | Miami, Floride, \u00c9tats-Unis | Libna Stevens, Actualit\u00e9s de la Division Inter Am\u00e9ricaine \u00ab Le minist\u00e8re de la sant\u00e9 int\u00e9grale nous invite \u00e0 r\u00e9fl\u00e9chir \u00e0 ce que...\" \/>\n<meta property=\"og:url\" content=\"https:\/\/interamerica.org\/fr\/2023\/08\/les-eglises-et-les-institutions-sanitaires-adventistes-doivent-etre-une-presence-de-guerison-dans-la-communaute\/\" \/>\n<meta property=\"og:site_name\" content=\"\u00c9glise Adventiste Du Septieme Jour - Inter Am\u00e9rique Division\" \/>\n<meta property=\"article:published_time\" content=\"2023-08-18T02:52:19+00:00\" \/>\n<meta property=\"article:modified_time\" content=\"2023-08-18T23:52:33+00:00\" \/>\n<meta property=\"og:image\" content=\"https:\/\/interamerica.org\/wp-content\/uploads\/2023\/08\/lowell-cooper-july29-health-symposium.jpg\" \/>\n\t<meta property=\"og:image:width\" content=\"1000\" \/>\n\t<meta property=\"og:image:height\" content=\"655\" \/>\n\t<meta property=\"og:image:type\" content=\"image\/jpeg\" \/>\n<meta name=\"author\" content=\"libna\" \/>\n<meta name=\"twitter:card\" content=\"summary_large_image\" \/>\n<meta name=\"twitter:label1\" content=\"\u00c9crit par\" \/>\n\t<meta name=\"twitter:data1\" content=\"libna\" \/>\n\t<meta name=\"twitter:label2\" content=\"Dur\u00e9e de lecture estim\u00e9e\" \/>\n\t<meta name=\"twitter:data2\" content=\"8 minutes\" \/>\n<script type=\"application\/ld+json\" class=\"yoast-schema-graph\">{\"@context\":\"https:\\\/\\\/schema.org\",\"@graph\":[{\"@type\":\"Article\",\"@id\":\"https:\\\/\\\/interamerica.org\\\/fr\\\/2023\\\/08\\\/les-eglises-et-les-institutions-sanitaires-adventistes-doivent-etre-une-presence-de-guerison-dans-la-communaute\\\/#article\",\"isPartOf\":{\"@id\":\"https:\\\/\\\/interamerica.org\\\/fr\\\/2023\\\/08\\\/les-eglises-et-les-institutions-sanitaires-adventistes-doivent-etre-une-presence-de-guerison-dans-la-communaute\\\/\"},\"author\":{\"name\":\"libna\",\"@id\":\"https:\\\/\\\/interamerica.org\\\/fr\\\/#\\\/schema\\\/person\\\/29998f2bc2d8bd0d38662909289b54f1\"},\"headline\":\"Les \u00e9glises et les institutions sanitaires adventistes doivent \u00eatre \u00ab une pr\u00e9sence de gu\u00e9rison dans la communaut\u00e9 \u00bb\",\"datePublished\":\"2023-08-18T02:52:19+00:00\",\"dateModified\":\"2023-08-18T23:52:33+00:00\",\"mainEntityOfPage\":{\"@id\":\"https:\\\/\\\/interamerica.org\\\/fr\\\/2023\\\/08\\\/les-eglises-et-les-institutions-sanitaires-adventistes-doivent-etre-une-presence-de-guerison-dans-la-communaute\\\/\"},\"wordCount\":1894,\"image\":{\"@id\":\"https:\\\/\\\/interamerica.org\\\/fr\\\/2023\\\/08\\\/les-eglises-et-les-institutions-sanitaires-adventistes-doivent-etre-une-presence-de-guerison-dans-la-communaute\\\/#primaryimage\"},\"thumbnailUrl\":\"https:\\\/\\\/interamerica.org\\\/wp-content\\\/uploads\\\/2023\\\/08\\\/lowell-cooper-july29-health-symposium.jpg\",\"articleSection\":[\"Nouvelles du si\u00e8ge de la division\",\"RSS Fran\u00e7ais\"],\"inLanguage\":\"fr-FR\"},{\"@type\":\"WebPage\",\"@id\":\"https:\\\/\\\/interamerica.org\\\/fr\\\/2023\\\/08\\\/les-eglises-et-les-institutions-sanitaires-adventistes-doivent-etre-une-presence-de-guerison-dans-la-communaute\\\/\",\"url\":\"https:\\\/\\\/interamerica.org\\\/fr\\\/2023\\\/08\\\/les-eglises-et-les-institutions-sanitaires-adventistes-doivent-etre-une-presence-de-guerison-dans-la-communaute\\\/\",\"name\":\"Les \u00e9glises et les institutions sanitaires adventistes doivent \u00eatre \u00ab une pr\u00e9sence de gu\u00e9rison dans la communaut\u00e9 \u00bb - \u00c9glise Adventiste Du Septieme Jour - Inter Am\u00e9rique Division\",\"isPartOf\":{\"@id\":\"https:\\\/\\\/interamerica.org\\\/fr\\\/#website\"},\"primaryImageOfPage\":{\"@id\":\"https:\\\/\\\/interamerica.org\\\/fr\\\/2023\\\/08\\\/les-eglises-et-les-institutions-sanitaires-adventistes-doivent-etre-une-presence-de-guerison-dans-la-communaute\\\/#primaryimage\"},\"image\":{\"@id\":\"https:\\\/\\\/interamerica.org\\\/fr\\\/2023\\\/08\\\/les-eglises-et-les-institutions-sanitaires-adventistes-doivent-etre-une-presence-de-guerison-dans-la-communaute\\\/#primaryimage\"},\"thumbnailUrl\":\"https:\\\/\\\/interamerica.org\\\/wp-content\\\/uploads\\\/2023\\\/08\\\/lowell-cooper-july29-health-symposium.jpg\",\"datePublished\":\"2023-08-18T02:52:19+00:00\",\"dateModified\":\"2023-08-18T23:52:33+00:00\",\"author\":{\"@id\":\"https:\\\/\\\/interamerica.org\\\/fr\\\/#\\\/schema\\\/person\\\/29998f2bc2d8bd0d38662909289b54f1\"},\"breadcrumb\":{\"@id\":\"https:\\\/\\\/interamerica.org\\\/fr\\\/2023\\\/08\\\/les-eglises-et-les-institutions-sanitaires-adventistes-doivent-etre-une-presence-de-guerison-dans-la-communaute\\\/#breadcrumb\"},\"inLanguage\":\"fr-FR\",\"potentialAction\":[{\"@type\":\"ReadAction\",\"target\":[\"https:\\\/\\\/interamerica.org\\\/fr\\\/2023\\\/08\\\/les-eglises-et-les-institutions-sanitaires-adventistes-doivent-etre-une-presence-de-guerison-dans-la-communaute\\\/\"]}]},{\"@type\":\"ImageObject\",\"inLanguage\":\"fr-FR\",\"@id\":\"https:\\\/\\\/interamerica.org\\\/fr\\\/2023\\\/08\\\/les-eglises-et-les-institutions-sanitaires-adventistes-doivent-etre-une-presence-de-guerison-dans-la-communaute\\\/#primaryimage\",\"url\":\"https:\\\/\\\/interamerica.org\\\/wp-content\\\/uploads\\\/2023\\\/08\\\/lowell-cooper-july29-health-symposium.jpg\",\"contentUrl\":\"https:\\\/\\\/interamerica.org\\\/wp-content\\\/uploads\\\/2023\\\/08\\\/lowell-cooper-july29-health-symposium.jpg\",\"width\":1000,\"height\":655,\"caption\":\"Dr. Lowell Cooper, [Photo: Libna Stevens\\\/IAD]\"},{\"@type\":\"BreadcrumbList\",\"@id\":\"https:\\\/\\\/interamerica.org\\\/fr\\\/2023\\\/08\\\/les-eglises-et-les-institutions-sanitaires-adventistes-doivent-etre-une-presence-de-guerison-dans-la-communaute\\\/#breadcrumb\",\"itemListElement\":[{\"@type\":\"ListItem\",\"position\":1,\"name\":\"Home\",\"item\":\"https:\\\/\\\/interamerica.org\\\/fr\\\/\"},{\"@type\":\"ListItem\",\"position\":2,\"name\":\"Les \u00e9glises et les institutions sanitaires adventistes doivent \u00eatre \u00ab une pr\u00e9sence de gu\u00e9rison dans la communaut\u00e9 \u00bb\"}]},{\"@type\":\"WebSite\",\"@id\":\"https:\\\/\\\/interamerica.org\\\/fr\\\/#website\",\"url\":\"https:\\\/\\\/interamerica.org\\\/fr\\\/\",\"name\":\"\u00c9glise Adventiste Du Septieme Jour - Inter Am\u00e9rique Division\",\"description\":\"\",\"potentialAction\":[{\"@type\":\"SearchAction\",\"target\":{\"@type\":\"EntryPoint\",\"urlTemplate\":\"https:\\\/\\\/interamerica.org\\\/fr\\\/?s={search_term_string}\"},\"query-input\":{\"@type\":\"PropertyValueSpecification\",\"valueRequired\":true,\"valueName\":\"search_term_string\"}}],\"inLanguage\":\"fr-FR\"},{\"@type\":\"Person\",\"@id\":\"https:\\\/\\\/interamerica.org\\\/fr\\\/#\\\/schema\\\/person\\\/29998f2bc2d8bd0d38662909289b54f1\",\"name\":\"libna\",\"image\":{\"@type\":\"ImageObject\",\"inLanguage\":\"fr-FR\",\"@id\":\"https:\\\/\\\/secure.gravatar.com\\\/avatar\\\/7c5bd30ae4b47a9ba3c856590957fd1d96dc588bf3ac05719d247e126840331f?s=96&d=mm&r=g\",\"url\":\"https:\\\/\\\/secure.gravatar.com\\\/avatar\\\/7c5bd30ae4b47a9ba3c856590957fd1d96dc588bf3ac05719d247e126840331f?s=96&d=mm&r=g\",\"contentUrl\":\"https:\\\/\\\/secure.gravatar.com\\\/avatar\\\/7c5bd30ae4b47a9ba3c856590957fd1d96dc588bf3ac05719d247e126840331f?s=96&d=mm&r=g\",\"caption\":\"libna\"}}]}<\/script>\n<!-- \/ Yoast SEO plugin. -->","yoast_head_json":{"title":"Les \u00e9glises et les institutions sanitaires adventistes doivent \u00eatre \u00ab une pr\u00e9sence de gu\u00e9rison dans la communaut\u00e9 \u00bb - \u00c9glise Adventiste Du Septieme Jour - Inter Am\u00e9rique Division","robots":{"index":"index","follow":"follow","max-snippet":"max-snippet:-1","max-image-preview":"max-image-preview:large","max-video-preview":"max-video-preview:-1"},"canonical":"https:\/\/interamerica.org\/fr\/2023\/08\/les-eglises-et-les-institutions-sanitaires-adventistes-doivent-etre-une-presence-de-guerison-dans-la-communaute\/","og_locale":"fr_FR","og_type":"article","og_title":"Les \u00e9glises et les institutions sanitaires adventistes doivent \u00eatre \u00ab une pr\u00e9sence de gu\u00e9rison dans la communaut\u00e9 \u00bb - \u00c9glise Adventiste Du Septieme Jour - Inter Am\u00e9rique Division","og_description":"17 Ao\u00fbt 2023 | Miami, Floride, \u00c9tats-Unis | Libna Stevens, Actualit\u00e9s de la Division Inter Am\u00e9ricaine \u00ab Le minist\u00e8re de la sant\u00e9 int\u00e9grale nous invite \u00e0 r\u00e9fl\u00e9chir \u00e0 ce que...","og_url":"https:\/\/interamerica.org\/fr\/2023\/08\/les-eglises-et-les-institutions-sanitaires-adventistes-doivent-etre-une-presence-de-guerison-dans-la-communaute\/","og_site_name":"\u00c9glise Adventiste Du Septieme Jour - Inter Am\u00e9rique Division","article_published_time":"2023-08-18T02:52:19+00:00","article_modified_time":"2023-08-18T23:52:33+00:00","og_image":[{"width":1000,"height":655,"url":"https:\/\/interamerica.org\/wp-content\/uploads\/2023\/08\/lowell-cooper-july29-health-symposium.jpg","type":"image\/jpeg"}],"author":"libna","twitter_card":"summary_large_image","twitter_misc":{"\u00c9crit par":"libna","Dur\u00e9e de lecture estim\u00e9e":"8 minutes"},"schema":{"@context":"https:\/\/schema.org","@graph":[{"@type":"Article","@id":"https:\/\/interamerica.org\/fr\/2023\/08\/les-eglises-et-les-institutions-sanitaires-adventistes-doivent-etre-une-presence-de-guerison-dans-la-communaute\/#article","isPartOf":{"@id":"https:\/\/interamerica.org\/fr\/2023\/08\/les-eglises-et-les-institutions-sanitaires-adventistes-doivent-etre-une-presence-de-guerison-dans-la-communaute\/"},"author":{"name":"libna","@id":"https:\/\/interamerica.org\/fr\/#\/schema\/person\/29998f2bc2d8bd0d38662909289b54f1"},"headline":"Les \u00e9glises et les institutions sanitaires adventistes doivent \u00eatre \u00ab une pr\u00e9sence de gu\u00e9rison dans la communaut\u00e9 \u00bb","datePublished":"2023-08-18T02:52:19+00:00","dateModified":"2023-08-18T23:52:33+00:00","mainEntityOfPage":{"@id":"https:\/\/interamerica.org\/fr\/2023\/08\/les-eglises-et-les-institutions-sanitaires-adventistes-doivent-etre-une-presence-de-guerison-dans-la-communaute\/"},"wordCount":1894,"image":{"@id":"https:\/\/interamerica.org\/fr\/2023\/08\/les-eglises-et-les-institutions-sanitaires-adventistes-doivent-etre-une-presence-de-guerison-dans-la-communaute\/#primaryimage"},"thumbnailUrl":"https:\/\/interamerica.org\/wp-content\/uploads\/2023\/08\/lowell-cooper-july29-health-symposium.jpg","articleSection":["Nouvelles du si\u00e8ge de la division","RSS Fran\u00e7ais"],"inLanguage":"fr-FR"},{"@type":"WebPage","@id":"https:\/\/interamerica.org\/fr\/2023\/08\/les-eglises-et-les-institutions-sanitaires-adventistes-doivent-etre-une-presence-de-guerison-dans-la-communaute\/","url":"https:\/\/interamerica.org\/fr\/2023\/08\/les-eglises-et-les-institutions-sanitaires-adventistes-doivent-etre-une-presence-de-guerison-dans-la-communaute\/","name":"Les \u00e9glises et les institutions sanitaires adventistes doivent \u00eatre \u00ab une pr\u00e9sence de gu\u00e9rison dans la communaut\u00e9 \u00bb - \u00c9glise Adventiste Du Septieme Jour - Inter Am\u00e9rique Division","isPartOf":{"@id":"https:\/\/interamerica.org\/fr\/#website"},"primaryImageOfPage":{"@id":"https:\/\/interamerica.org\/fr\/2023\/08\/les-eglises-et-les-institutions-sanitaires-adventistes-doivent-etre-une-presence-de-guerison-dans-la-communaute\/#primaryimage"},"image":{"@id":"https:\/\/interamerica.org\/fr\/2023\/08\/les-eglises-et-les-institutions-sanitaires-adventistes-doivent-etre-une-presence-de-guerison-dans-la-communaute\/#primaryimage"},"thumbnailUrl":"https:\/\/interamerica.org\/wp-content\/uploads\/2023\/08\/lowell-cooper-july29-health-symposium.jpg","datePublished":"2023-08-18T02:52:19+00:00","dateModified":"2023-08-18T23:52:33+00:00","author":{"@id":"https:\/\/interamerica.org\/fr\/#\/schema\/person\/29998f2bc2d8bd0d38662909289b54f1"},"breadcrumb":{"@id":"https:\/\/interamerica.org\/fr\/2023\/08\/les-eglises-et-les-institutions-sanitaires-adventistes-doivent-etre-une-presence-de-guerison-dans-la-communaute\/#breadcrumb"},"inLanguage":"fr-FR","potentialAction":[{"@type":"ReadAction","target":["https:\/\/interamerica.org\/fr\/2023\/08\/les-eglises-et-les-institutions-sanitaires-adventistes-doivent-etre-une-presence-de-guerison-dans-la-communaute\/"]}]},{"@type":"ImageObject","inLanguage":"fr-FR","@id":"https:\/\/interamerica.org\/fr\/2023\/08\/les-eglises-et-les-institutions-sanitaires-adventistes-doivent-etre-une-presence-de-guerison-dans-la-communaute\/#primaryimage","url":"https:\/\/interamerica.org\/wp-content\/uploads\/2023\/08\/lowell-cooper-july29-health-symposium.jpg","contentUrl":"https:\/\/interamerica.org\/wp-content\/uploads\/2023\/08\/lowell-cooper-july29-health-symposium.jpg","width":1000,"height":655,"caption":"Dr. Lowell Cooper, [Photo: Libna Stevens\/IAD]"},{"@type":"BreadcrumbList","@id":"https:\/\/interamerica.org\/fr\/2023\/08\/les-eglises-et-les-institutions-sanitaires-adventistes-doivent-etre-une-presence-de-guerison-dans-la-communaute\/#breadcrumb","itemListElement":[{"@type":"ListItem","position":1,"name":"Home","item":"https:\/\/interamerica.org\/fr\/"},{"@type":"ListItem","position":2,"name":"Les \u00e9glises et les institutions sanitaires adventistes doivent \u00eatre \u00ab une pr\u00e9sence de gu\u00e9rison dans la communaut\u00e9 \u00bb"}]},{"@type":"WebSite","@id":"https:\/\/interamerica.org\/fr\/#website","url":"https:\/\/interamerica.org\/fr\/","name":"\u00c9glise Adventiste Du Septieme Jour - Inter Am\u00e9rique Division","description":"","potentialAction":[{"@type":"SearchAction","target":{"@type":"EntryPoint","urlTemplate":"https:\/\/interamerica.org\/fr\/?s={search_term_string}"},"query-input":{"@type":"PropertyValueSpecification","valueRequired":true,"valueName":"search_term_string"}}],"inLanguage":"fr-FR"},{"@type":"Person","@id":"https:\/\/interamerica.org\/fr\/#\/schema\/person\/29998f2bc2d8bd0d38662909289b54f1","name":"libna","image":{"@type":"ImageObject","inLanguage":"fr-FR","@id":"https:\/\/secure.gravatar.com\/avatar\/7c5bd30ae4b47a9ba3c856590957fd1d96dc588bf3ac05719d247e126840331f?s=96&d=mm&r=g","url":"https:\/\/secure.gravatar.com\/avatar\/7c5bd30ae4b47a9ba3c856590957fd1d96dc588bf3ac05719d247e126840331f?s=96&d=mm&r=g","contentUrl":"https:\/\/secure.gravatar.com\/avatar\/7c5bd30ae4b47a9ba3c856590957fd1d96dc588bf3ac05719d247e126840331f?s=96&d=mm&r=g","caption":"libna"}}]}},"_links":{"self":[{"href":"https:\/\/interamerica.org\/fr\/wp-json\/wp\/v2\/posts\/102224","targetHints":{"allow":["GET"]}}],"collection":[{"href":"https:\/\/interamerica.org\/fr\/wp-json\/wp\/v2\/posts"}],"about":[{"href":"https:\/\/interamerica.org\/fr\/wp-json\/wp\/v2\/types\/post"}],"author":[{"embeddable":true,"href":"https:\/\/interamerica.org\/fr\/wp-json\/wp\/v2\/users\/3"}],"replies":[{"embeddable":true,"href":"https:\/\/interamerica.org\/fr\/wp-json\/wp\/v2\/comments?post=102224"}],"version-history":[{"count":0,"href":"https:\/\/interamerica.org\/fr\/wp-json\/wp\/v2\/posts\/102224\/revisions"}],"wp:featuredmedia":[{"embeddable":true,"href":"https:\/\/interamerica.org\/fr\/wp-json\/wp\/v2\/media\/102155"}],"wp:attachment":[{"href":"https:\/\/interamerica.org\/fr\/wp-json\/wp\/v2\/media?parent=102224"}],"wp:term":[{"taxonomy":"category","embeddable":true,"href":"https:\/\/interamerica.org\/fr\/wp-json\/wp\/v2\/categories?post=102224"},{"taxonomy":"post_tag","embeddable":true,"href":"https:\/\/interamerica.org\/fr\/wp-json\/wp\/v2\/tags?post=102224"}],"curies":[{"name":"wp","href":"https:\/\/api.w.org\/{rel}","templated":true}]}}