{"id":102352,"date":"2023-08-22T20:19:22","date_gmt":"2023-08-23T00:19:22","guid":{"rendered":"https:\/\/interamerica.org\/?p=102352"},"modified":"2023-08-23T13:27:04","modified_gmt":"2023-08-23T17:27:04","slug":"adra-inaugure-son-siege-pour-consolider-son-engagement-humanitaire-au-salvador","status":"publish","type":"post","link":"https:\/\/interamerica.org\/fr\/2023\/08\/adra-inaugure-son-siege-pour-consolider-son-engagement-humanitaire-au-salvador\/","title":{"rendered":"ADRA inaugure son si\u00e8ge pour consolider son engagement humanitaire au Salvador"},"content":{"rendered":"<p><div id=\"attachment_102302\" style=\"width: 872px\" class=\"wp-caption aligncenter\"><img fetchpriority=\"high\" decoding=\"async\" aria-describedby=\"caption-attachment-102302\" class=\" wp-image-102301\" src=\"https:\/\/interamerica.org\/wp-content\/uploads\/2023\/08\/adra-esau-entrance.jpg\" alt=\"\" width=\"862\" height=\"575\" srcset=\"https:\/\/interamerica.org\/wp-content\/uploads\/2023\/08\/adra-esau-entrance.jpg 1000w, https:\/\/interamerica.org\/wp-content\/uploads\/2023\/08\/adra-esau-entrance-300x200.jpg 300w, https:\/\/interamerica.org\/wp-content\/uploads\/2023\/08\/adra-esau-entrance-768x512.jpg 768w\" sizes=\"(max-width: 862px) 100vw, 862px\" \/><p id=\"caption-attachment-102302\" class=\"wp-caption-text\">Des dirigeants et des membres de l\u2019\u00c9glise adventiste ainsi que des responsables gouvernementaux se sont r\u00e9unis \u00e0 l\u2019occasion de l\u2019inauguration du nouveau si\u00e8ge d\u2019ADRA Salvador \u00e0 San Juan Opico au Salvador, le 6 ao\u00fbt 2023. [Photo : Oscar David Molina]<\/p><\/div>22 Ao\u00fbt 2023 | San Juan Opico, Libertad, Salvador | Fabricio Rivera et Libna Stevens, Actualit\u00e9s de la Division Inter Am\u00e9ricaine<\/p>\n<p>L\u2019Agence Adventiste de D\u00e9veloppement et de Secours (ADRA) au Salvador a inaugur\u00e9 son nouveau si\u00e8ge lors d\u2019une c\u00e9r\u00e9monie sp\u00e9ciale qui s\u2019est tenue \u00e0 San Juan Opico, dans le d\u00e9partement de Libertad, le 6 ao\u00fbt 2023. Des dizaines de dirigeants d\u2019\u00e9glise, de repr\u00e9sentants du gouvernement, de membres d\u2019\u00e9glise et d\u2019\u00e9tudiants du programme d\u2019alphab\u00e9tisation d\u2019ADRA se sont r\u00e9unis pour assister \u00e0 la r\u00e9alisation d\u2019un r\u00eave vieux de 22 ans.<\/p>\n<p>Nich\u00e9 sur le campus de l\u2019\u00c9cole de Formation Adventiste g\u00e9r\u00e9e par l\u2019\u00e9glise, le b\u00e2timent de deux \u00e9tages offrira plus d\u2019espace pour le personnel, pour la formation des b\u00e9n\u00e9voles, les ateliers et les programmes de formation sp\u00e9ciaux pour la communaut\u00e9, ont indiqu\u00e9 les dirigeants de l\u2019\u00e9glise.<\/p>\n<p><div id=\"attachment_102311\" style=\"width: 869px\" class=\"wp-caption aligncenter\"><img decoding=\"async\" aria-describedby=\"caption-attachment-102311\" class=\" wp-image-102310\" src=\"https:\/\/interamerica.org\/wp-content\/uploads\/2023\/08\/adra-esau-audience.jpg\" alt=\"\" width=\"859\" height=\"481\" srcset=\"https:\/\/interamerica.org\/wp-content\/uploads\/2023\/08\/adra-esau-audience.jpg 1000w, https:\/\/interamerica.org\/wp-content\/uploads\/2023\/08\/adra-esau-audience-300x168.jpg 300w, https:\/\/interamerica.org\/wp-content\/uploads\/2023\/08\/adra-esau-audience-768x430.jpg 768w\" sizes=\"(max-width: 859px) 100vw, 859px\" \/><p id=\"caption-attachment-102311\" class=\"wp-caption-text\">Pasteur Elie Henry, pr\u00e9sident de la Division Inter Am\u00e9ricaine, intervient durant la c\u00e9r\u00e9monie d\u2019inauguration qui s\u2019est tenue sur le site du nouveau si\u00e8ge d\u2019ADRA au Salvador. Le si\u00e8ge a \u00e9t\u00e9 construit sur une partie du campus de l\u2019\u00c9cole de Formation Adventiste qui appartient \u00e0 l\u2019\u00e9glise. [Photo : Oscar David Molina]<\/p><\/div>\u00ab J\u2019ai une joie extraordinaire dans mon c\u0153ur aujourd\u2019hui, \u00bb a d\u00e9clar\u00e9 pasteur Elie Henry, pr\u00e9sident de la Division Inter Am\u00e9ricaine, \u00ab de voir que ce nouveau b\u00e2timent d\u2019ADRA s\u2019inscrit dans le prolongement de l\u2019excellent travail accompli par de nombreuses personnes engag\u00e9es dans des actes de bienveillance, dans la pr\u00e9dication, l\u2019\u00e9ducation et le service \u00e0 la communaut\u00e9. \u00bb Exactement la m\u00e9thode que J\u00e9sus a enseign\u00e9e lorsqu\u2019il \u00e9tait sur la terre, a d\u00e9clar\u00e9 pasteur Henry, en f\u00e9licitant l\u2019\u00c9glise pour son leadership visionnaire dans ce pays d\u2019Am\u00e9rique Centrale.<\/p>\n<p><strong>Un centre d&rsquo;op\u00e9rations<\/strong><\/p>\n<p>Le nouveau b\u00e2timent servira non seulement de centre d\u2019op\u00e9rations pour les activit\u00e9s d\u2019ADRA au Salvador, mais il renforcera \u00e9galement notre image aupr\u00e8s des autorit\u00e9s civiles et gouvernementales, a d\u00e9clar\u00e9 David Poloche, directeur d\u2019ADRA Inter Am\u00e9rique. \u00ab La consolidation des op\u00e9rations et la coordination des efforts en un seul endroit apporteront stabilit\u00e9 et efficacit\u00e9 \u00e0 l\u2019action de l\u2019organisation \u00bb, a-t-il d\u00e9clar\u00e9. \u00ab Ce nouveau b\u00e2timent repr\u00e9sente un pas en avant dans la transformation qui fera passer ADRA d\u2019une entit\u00e9 centrale ax\u00e9e sur les secours d\u2019urgence \u00e0 une force motrice du d\u00e9veloppement communautaire et de l\u2019am\u00e9lioration de la qualit\u00e9 de vie. \u00bb<\/p>\n<p><div id=\"attachment_102314\" style=\"width: 858px\" class=\"wp-caption aligncenter\"><img decoding=\"async\" aria-describedby=\"caption-attachment-102314\" class=\" wp-image-102313\" src=\"https:\/\/interamerica.org\/wp-content\/uploads\/2023\/08\/adra-esau-ribboncutting.jpg\" alt=\"\" width=\"848\" height=\"546\" srcset=\"https:\/\/interamerica.org\/wp-content\/uploads\/2023\/08\/adra-esau-ribboncutting.jpg 1000w, https:\/\/interamerica.org\/wp-content\/uploads\/2023\/08\/adra-esau-ribboncutting-300x193.jpg 300w, https:\/\/interamerica.org\/wp-content\/uploads\/2023\/08\/adra-esau-ribboncutting-768x495.jpg 768w\" sizes=\"(max-width: 848px) 100vw, 848px\" \/><p id=\"caption-attachment-102314\" class=\"wp-caption-text\">Le pr\u00e9sident de la DIA, le pasteur Elie Henry (au centre), coupe le ruban d\u2019inauguration avec le pasteur Abel Pacheco, pr\u00e9sident de l\u2019Union du Salvador (troisi\u00e8me \u00e0 partir de la gauche), ils sont accompagn\u00e9s de (de gauche \u00e0 droite) Alex Figueroa, directeur d\u2019ADRA au Salvador, pasteur Leonard Johnson, secr\u00e9taire ex\u00e9cutif de la DIA, David Poloche (cinqui\u00e8me \u00e0 partir de la gauche) directeur d\u2019ADRA Inter Am\u00e9rique, Jos\u00e9 Aguillon, secr\u00e9taire ex\u00e9cutif et Carlos Martinez, tr\u00e9sorier de l\u2019Union du Salvador. [Photo : Oscar David Molina]<\/p><\/div>Le b\u00e2timent ADRA se compose de neuf bureaux, de deux salles de r\u00e9union, d\u2019une salle de conf\u00e9rence\/formation pouvant accueillir jusqu\u2019\u00e0 70 personnes, d\u2019un espace de r\u00e9ception \u00e0 chaque \u00e9tage, d\u2019un local de stockage, d\u2019une cuisine pour les employ\u00e9s, de cinq toilettes et d\u2019un appartement d\u2019une chambre.<\/p>\n<p>\u00ab Nous louons Dieu et nous remercions les nombreuses personnes qui ont contribu\u00e9 \u00e0 faire de ce bureau d\u2019ADRA une r\u00e9alit\u00e9, \u00bb a d\u00e9clar\u00e9 pasteur Abel Pacheco, pr\u00e9sident de l\u2019\u00c9glise adventiste au Salvador. \u00ab Pour nous, ADRA n\u2019est pas un b\u00e2timent, mais ADRA, c\u2019est nous, des personnes qui apportent leur aide \u00e0 la communaut\u00e9, en tant qu\u2019\u00c9glise adventiste, nous nous soutenons mutuellement et collaborons sur des projets ou lorsque des urgences surviennent. \u00bb ADRA, pour beaucoup de ceux qui b\u00e9n\u00e9ficient de ses services, c\u2019est un macro-tunnel dans l\u2019agriculture, ou un enseignant qui leur apprend \u00e0 lire et \u00e0 \u00e9crire, a-t-il ajout\u00e9. \u00ab Par la gr\u00e2ce de Dieu, nous continuerons \u00e0 servir et \u00e0 soutenir ceux qui sont le plus dans le besoin. \u00bb<\/p>\n<p><div id=\"attachment_102305\" style=\"width: 857px\" class=\"wp-caption aligncenter\"><img loading=\"lazy\" decoding=\"async\" aria-describedby=\"caption-attachment-102305\" class=\" wp-image-102304\" src=\"https:\/\/interamerica.org\/wp-content\/uploads\/2023\/08\/abel-pacheco-adra-building.jpg\" alt=\"\" width=\"847\" height=\"565\" srcset=\"https:\/\/interamerica.org\/wp-content\/uploads\/2023\/08\/abel-pacheco-adra-building.jpg 1000w, https:\/\/interamerica.org\/wp-content\/uploads\/2023\/08\/abel-pacheco-adra-building-300x200.jpg 300w, https:\/\/interamerica.org\/wp-content\/uploads\/2023\/08\/abel-pacheco-adra-building-768x512.jpg 768w\" sizes=\"(max-width: 847px) 100vw, 847px\" \/><p id=\"caption-attachment-102305\" class=\"wp-caption-text\">Pasteur Abel Pacheco, pr\u00e9sident de l\u2019Union du Salvador, explique \u00e0 quel point le travail d\u2019ADRA Salvador est important dans le pays depuis sa cr\u00e9ation officielle en 2001. [Photo : Oscar David Molina]<\/p><\/div>Pendant de nombreuses ann\u00e9es, depuis la cr\u00e9ation officielle d\u2019ADRA Salvador en 2001, les op\u00e9rations \u00e9taient men\u00e9es depuis diff\u00e9rents b\u00e2timents lou\u00e9s \u00e0 San Salvador, la capitale, \u00e0 30 minutes de l\u2019endroit o\u00f9 se trouve aujourd\u2019hui le nouveau b\u00e2timent. \u00ab L\u2019emplacement d\u2019ADRA est tr\u00e8s bien situ\u00e9, \u00e0 l\u2019\u00e9cart du trafic routier et sur une route centrale qui relie les diff\u00e9rentes extr\u00e9mit\u00e9s du pays sans passer par la capitale, \u00bb a dit Abel Pacheco. Il est devenu difficile d\u2019acheter un emplacement dans la ville, a-t-il expliqu\u00e9, et le site appartenant \u00e0 l\u2019\u00e9cole de formation de l\u2019\u00c9glise s\u2019est donc av\u00e9r\u00e9 plus int\u00e9ressant, a-t-il ajout\u00e9.<\/p>\n<p><strong>Davantage de projets d\u2019alphab\u00e9tisation et d\u2019assistance sociale<\/strong><\/p>\n<p>Le responsable adjoint du Parlement Centram\u00e9ricain, Frank Menjiver, a salu\u00e9 le travail d\u2019ADRA r\u00e9alis\u00e9 en collaboration avec le gouvernement et les mairies dans les communaut\u00e9s, comme les projets d\u2019alphab\u00e9tisation et d\u2019assistance sociale.<\/p>\n<p><div id=\"attachment_102317\" style=\"width: 841px\" class=\"wp-caption aligncenter\"><img loading=\"lazy\" decoding=\"async\" aria-describedby=\"caption-attachment-102317\" class=\" wp-image-102316\" src=\"https:\/\/interamerica.org\/wp-content\/uploads\/2023\/08\/adra-esau-government-leaders.jpg\" alt=\"\" width=\"831\" height=\"578\" srcset=\"https:\/\/interamerica.org\/wp-content\/uploads\/2023\/08\/adra-esau-government-leaders.jpg 1000w, https:\/\/interamerica.org\/wp-content\/uploads\/2023\/08\/adra-esau-government-leaders-300x209.jpg 300w, https:\/\/interamerica.org\/wp-content\/uploads\/2023\/08\/adra-esau-government-leaders-768x535.jpg 768w\" sizes=\"(max-width: 831px) 100vw, 831px\" \/><p id=\"caption-attachment-102317\" class=\"wp-caption-text\">Frank Menjiver du Parlement Centram\u00e9ricain (\u00e0 droite) assis lors de la c\u00e9r\u00e9monie d\u2019inauguration avec d\u2019autres responsables du gouvernement, le 6 ao\u00fbt 2023. [Photo : Oscar David Molina]<\/p><\/div>\u00ab Il est important de pouvoir compter sur ADRA en tant qu\u2019organisation formelle, cela permet au gouvernement de travailler plus facilement de mani\u00e8re articul\u00e9e pour r\u00e9pondre aux besoins d\u2019aide dans le pays, \u00bb a d\u00e9clar\u00e9 Frank Menjiver. \u00ab Avec ADRA, nous avons pu apporter \u00e0 des communaut\u00e9s et \u00e0 des personnes des programmes d\u2019alphab\u00e9tisation qui s\u2019inscrivent dans le droit fil de l\u2019action du Minist\u00e8re de l\u2019\u00c9ducation, par exemple en fournissant des fauteuils roulants et des d\u00e9ambulateurs pour soutenir le minist\u00e8re de la sant\u00e9 ou l\u2019institut national de r\u00e9\u00e9ducation, \u00bb a-t-il d\u00e9clar\u00e9. \u00ab Pour nous \u00bb, a d\u00e9clar\u00e9 Frank Menjiver, \u00ab c\u2019est fondamental et essentiel pour identifier les besoins dans les petites communaut\u00e9s. Le simple fait de savoir qu\u2019ADRA est non seulement pr\u00e9sente ici mais partout dans le monde nous donne plus de confiance. \u00bb<\/p>\n<p>ADRA Salvador s\u2019engage \u00e0 continuer \u00e0 aider les gens \u00e0 am\u00e9liorer leur vie, a d\u00e9clar\u00e9 Alex Figueroa, directeur d\u2019ADRA Salvador. \u00ab Le Salvador a toujours \u00e9t\u00e9 un pays sous-d\u00e9velopp\u00e9 en raison de diff\u00e9rents probl\u00e8mes sociaux et il y a des besoins en mati\u00e8re d\u2019\u00e9ducation, d\u2019alphab\u00e9tisation, entre autres, \u00bb a expliqu\u00e9 Alex Figueroa.<\/p>\n<p><div id=\"attachment_102299\" style=\"width: 832px\" class=\"wp-caption aligncenter\"><img loading=\"lazy\" decoding=\"async\" aria-describedby=\"caption-attachment-102299\" class=\" wp-image-102298\" src=\"https:\/\/interamerica.org\/wp-content\/uploads\/2023\/08\/alex-figueroa-adra-el-salvador.jpg\" alt=\"\" width=\"822\" height=\"514\" srcset=\"https:\/\/interamerica.org\/wp-content\/uploads\/2023\/08\/alex-figueroa-adra-el-salvador.jpg 1000w, https:\/\/interamerica.org\/wp-content\/uploads\/2023\/08\/alex-figueroa-adra-el-salvador-300x188.jpg 300w, https:\/\/interamerica.org\/wp-content\/uploads\/2023\/08\/alex-figueroa-adra-el-salvador-768x480.jpg 768w\" sizes=\"(max-width: 822px) 100vw, 822px\" \/><p id=\"caption-attachment-102299\" class=\"wp-caption-text\">Le directeur national d\u2019ADRA Salvador d\u00e9clare que l\u2019agence poursuit son programme d\u2019alphab\u00e9tisation et d\u2019autres projets d\u2019assistance sociale dans les communaut\u00e9s n\u00e9cessiteuses \u00e0 travers le pays. [Photo : Oscar David Molina]<\/p><\/div>\u00ab Nous sommes au clair sur le fait qu\u2019ADRA soit une organisation d\u2019aide humanitaire et que pour pouvoir atteindre davantage de personnes, elle a besoin d\u2019\u00e9tablir des alliances et des liens pertinents avec des amis et des institutions similaires pour aider de la meilleure fa\u00e7on, \u00bb a d\u00e9clar\u00e9 Alex Figueroa.<\/p>\n<p><strong>Des b\u00e9n\u00e9voles form\u00e9s<\/strong><\/p>\n<p>Le nouveau site d\u2019ADRA compte plus de 150 b\u00e9n\u00e9voles form\u00e9s qui enseignent dans le cadre du programme d\u2019alphab\u00e9tisation aux adultes et aux personnes \u00e2g\u00e9es, a d\u00e9clar\u00e9 Alex Figueroa. Chaque ann\u00e9e, plus de 1000 personnes participent au programme d\u2019alphab\u00e9tisation, a-t-il ajout\u00e9.<\/p>\n<p><div id=\"attachment_102329\" style=\"width: 850px\" class=\"wp-caption aligncenter\"><img loading=\"lazy\" decoding=\"async\" aria-describedby=\"caption-attachment-102329\" class=\" wp-image-102328\" src=\"https:\/\/interamerica.org\/wp-content\/uploads\/2023\/08\/adra-esau-plaque.jpg\" alt=\"\" width=\"840\" height=\"560\" srcset=\"https:\/\/interamerica.org\/wp-content\/uploads\/2023\/08\/adra-esau-plaque.jpg 1000w, https:\/\/interamerica.org\/wp-content\/uploads\/2023\/08\/adra-esau-plaque-300x200.jpg 300w, https:\/\/interamerica.org\/wp-content\/uploads\/2023\/08\/adra-esau-plaque-768x512.jpg 768w\" sizes=\"(max-width: 840px) 100vw, 840px\" \/><p id=\"caption-attachment-102329\" class=\"wp-caption-text\">Pasteur Elie Henry, pr\u00e9sident de la DIA, d\u00e9voile une plaque comm\u00e9morative lors de la c\u00e9r\u00e9monie d\u2019inauguration du nouveau b\u00e2timent d\u2019ADRA au Salvador le 6 ao\u00fbt 2023, \u00e0 San Juan Opico, au Salvador. [Photo : Oscar David Molina]<\/p><\/div>Maria Celia Santos, une enseignante \u00e0 la retraite, fait partie des dizaines de b\u00e9n\u00e9voles qui consacrent du temps chaque semaine \u00e0. Servir en tant qu\u2019intervenante ou enseignante dans le cours d\u2019alphab\u00e9tisation supervis\u00e9 par ADRA. Elle \u00e9tait ravie de participer \u00e0 la c\u00e9r\u00e9monie d\u2019inauguration du nouveau si\u00e8ge d\u2019ADRA et continue de faire du b\u00e9n\u00e9volat avec l\u2019agence. \u00ab Je suis vraiment heureuse de participer \u00e0 l\u2019action d\u2019ADRA et \u00e0 ce projet, \u00bb a dit Maria Santos. \u00ab C\u2019est quelque chose que j\u2019ai l\u2019intention de continuer jusqu\u2019\u00e0 ce que Dieu m\u2019appelle au repos. C\u2019est une b\u00e9n\u00e9diction pour moi toutes les fois o\u00f9 j\u2019enseigne \u00e0 quelqu\u2019un \u00e0 lire et \u00e0 \u00e9crire. Cela me revigore.<\/p>\n<p>ADRA Salvador est \u00e9galement impliqu\u00e9e dans des programmes d\u2019entrepreneuriat tels que la culture de potagers, les fermes d\u2019\u00e9levage de volailles, ainsi que dans des programmes d\u2019aide aux m\u00e8res c\u00e9libataires et \u00e0 leurs jeunes enfants, et bien plus encore, a indiqu\u00e9 Alex Figueroa.<\/p>\n<p>\u00ab Nous continuons de demander \u00e0 Dieu de nous aider \u00e0 faire d\u2019ADRA une institution embl\u00e9matique pour aider les autres, \u00bb a dit Alex Figueroa.<\/p>\n<p><div id=\"attachment_102296\" style=\"width: 837px\" class=\"wp-caption aligncenter\"><img loading=\"lazy\" decoding=\"async\" aria-describedby=\"caption-attachment-102296\" class=\" wp-image-102295\" src=\"https:\/\/interamerica.org\/wp-content\/uploads\/2023\/08\/adra-esau-aereal.jpg\" alt=\"\" width=\"827\" height=\"516\" srcset=\"https:\/\/interamerica.org\/wp-content\/uploads\/2023\/08\/adra-esau-aereal.jpg 1000w, https:\/\/interamerica.org\/wp-content\/uploads\/2023\/08\/adra-esau-aereal-300x187.jpg 300w, https:\/\/interamerica.org\/wp-content\/uploads\/2023\/08\/adra-esau-aereal-768x479.jpg 768w\" sizes=\"(max-width: 827px) 100vw, 827px\" \/><p id=\"caption-attachment-102296\" class=\"wp-caption-text\">Vue a\u00e9rienne du si\u00e8ge d\u2019ADRA Salvador \u00e0 San Juan Opico, d\u00e9partement de Libertad, au Salvador. [Photo : Oscar David Molina]<\/p><\/div><a href=\"http:\/\/www.adra.org.sv\/\" data-saferedirecturl=\"https:\/\/www.google.com\/url?q=http:\/\/www.adra.org.sv\/&amp;source=gmail&amp;ust=1692814684955000&amp;usg=AOvVaw3kyBpjuN_m2bXF-8dzS1ng\">ADRA Salvador<\/a>\u00a0fait partie du r\u00e9seau mondial<a href=\"https:\/\/adra.org\/\" data-saferedirecturl=\"https:\/\/www.google.com\/url?q=https:\/\/adra.org\/&amp;source=gmail&amp;ust=1692814684956000&amp;usg=AOvVaw2n0UufnxR_-usWCXYY4Lzr\">d&rsquo;ADRA International<\/a>\u00a0qui apporte secours et d\u00e9veloppement aux individus dans plus de 130 pays. ADRA travaille avec les personnes en situation de pauvret\u00e9 et de d\u00e9tresse pour cr\u00e9er un changement juste et positif gr\u00e2ce \u00e0 des partenariats qui responsabilisent et m\u00e8nent \u00e0 des actions responsables.<\/p>\n<p>Traduction: Patrick Luciathe<\/p>\n","protected":false},"excerpt":{"rendered":"<p>22 Ao\u00fbt 2023 | San Juan Opico, Libertad, Salvador | Fabricio Rivera et Libna Stevens, Actualit\u00e9s de la Division Inter Am\u00e9ricaine L\u2019Agence Adventiste de D\u00e9veloppement et de Secours (ADRA) au&#8230;<\/p>\n","protected":false},"author":3,"featured_media":102302,"comment_status":"closed","ping_status":"closed","sticky":false,"template":"","format":"standard","meta":{"_acf_changed":false,"footnotes":""},"categories":[21,19],"tags":[],"class_list":["post-102352","post","type-post","status-publish","format-standard","has-post-thumbnail","hentry","category-nouvelles-du-territoire","category-rss-francais"],"acf":[],"yoast_head":"<!-- This site is optimized with the Yoast SEO plugin v27.3 - https:\/\/yoast.com\/product\/yoast-seo-wordpress\/ -->\n<title>ADRA inaugure son si\u00e8ge pour consolider son engagement humanitaire au Salvador - \u00c9glise Adventiste Du Septieme Jour - Inter Am\u00e9rique Division<\/title>\n<meta name=\"robots\" content=\"index, follow, max-snippet:-1, max-image-preview:large, max-video-preview:-1\" \/>\n<link rel=\"canonical\" href=\"https:\/\/interamerica.org\/fr\/2023\/08\/adra-inaugure-son-siege-pour-consolider-son-engagement-humanitaire-au-salvador\/\" \/>\n<meta property=\"og:locale\" content=\"fr_FR\" \/>\n<meta property=\"og:type\" content=\"article\" \/>\n<meta property=\"og:title\" content=\"ADRA inaugure son si\u00e8ge pour consolider son engagement humanitaire au Salvador - \u00c9glise Adventiste Du Septieme Jour - Inter Am\u00e9rique Division\" \/>\n<meta property=\"og:description\" content=\"22 Ao\u00fbt 2023 | San Juan Opico, Libertad, Salvador | Fabricio Rivera et Libna Stevens, Actualit\u00e9s de la Division Inter Am\u00e9ricaine L\u2019Agence Adventiste de D\u00e9veloppement et de Secours (ADRA) au...\" \/>\n<meta property=\"og:url\" content=\"https:\/\/interamerica.org\/fr\/2023\/08\/adra-inaugure-son-siege-pour-consolider-son-engagement-humanitaire-au-salvador\/\" \/>\n<meta property=\"og:site_name\" content=\"\u00c9glise Adventiste Du Septieme Jour - Inter Am\u00e9rique Division\" \/>\n<meta property=\"article:published_time\" content=\"2023-08-23T00:19:22+00:00\" \/>\n<meta property=\"article:modified_time\" content=\"2023-08-23T17:27:04+00:00\" \/>\n<meta property=\"og:image\" content=\"https:\/\/interamerica.org\/wp-content\/uploads\/2023\/08\/adra-esau-entrance.jpg\" \/>\n\t<meta property=\"og:image:width\" content=\"1000\" \/>\n\t<meta property=\"og:image:height\" content=\"667\" \/>\n\t<meta property=\"og:image:type\" content=\"image\/jpeg\" \/>\n<meta name=\"author\" content=\"libna\" \/>\n<meta name=\"twitter:card\" content=\"summary_large_image\" \/>\n<meta name=\"twitter:label1\" content=\"\u00c9crit par\" \/>\n\t<meta name=\"twitter:data1\" content=\"libna\" \/>\n\t<meta name=\"twitter:label2\" content=\"Dur\u00e9e de lecture estim\u00e9e\" \/>\n\t<meta name=\"twitter:data2\" content=\"8 minutes\" \/>\n<script type=\"application\/ld+json\" class=\"yoast-schema-graph\">{\"@context\":\"https:\\\/\\\/schema.org\",\"@graph\":[{\"@type\":\"Article\",\"@id\":\"https:\\\/\\\/interamerica.org\\\/fr\\\/2023\\\/08\\\/adra-inaugure-son-siege-pour-consolider-son-engagement-humanitaire-au-salvador\\\/#article\",\"isPartOf\":{\"@id\":\"https:\\\/\\\/interamerica.org\\\/fr\\\/2023\\\/08\\\/adra-inaugure-son-siege-pour-consolider-son-engagement-humanitaire-au-salvador\\\/\"},\"author\":{\"name\":\"libna\",\"@id\":\"https:\\\/\\\/interamerica.org\\\/fr\\\/#\\\/schema\\\/person\\\/29998f2bc2d8bd0d38662909289b54f1\"},\"headline\":\"ADRA inaugure son si\u00e8ge pour consolider son engagement humanitaire au Salvador\",\"datePublished\":\"2023-08-23T00:19:22+00:00\",\"dateModified\":\"2023-08-23T17:27:04+00:00\",\"mainEntityOfPage\":{\"@id\":\"https:\\\/\\\/interamerica.org\\\/fr\\\/2023\\\/08\\\/adra-inaugure-son-siege-pour-consolider-son-engagement-humanitaire-au-salvador\\\/\"},\"wordCount\":1718,\"image\":{\"@id\":\"https:\\\/\\\/interamerica.org\\\/fr\\\/2023\\\/08\\\/adra-inaugure-son-siege-pour-consolider-son-engagement-humanitaire-au-salvador\\\/#primaryimage\"},\"thumbnailUrl\":\"https:\\\/\\\/interamerica.org\\\/wp-content\\\/uploads\\\/2023\\\/08\\\/adra-esau-entrance.jpg\",\"articleSection\":[\"Nouvelles du territoire\",\"RSS Fran\u00e7ais\"],\"inLanguage\":\"fr-FR\"},{\"@type\":\"WebPage\",\"@id\":\"https:\\\/\\\/interamerica.org\\\/fr\\\/2023\\\/08\\\/adra-inaugure-son-siege-pour-consolider-son-engagement-humanitaire-au-salvador\\\/\",\"url\":\"https:\\\/\\\/interamerica.org\\\/fr\\\/2023\\\/08\\\/adra-inaugure-son-siege-pour-consolider-son-engagement-humanitaire-au-salvador\\\/\",\"name\":\"ADRA inaugure son si\u00e8ge pour consolider son engagement humanitaire au Salvador - \u00c9glise Adventiste Du Septieme Jour - Inter Am\u00e9rique Division\",\"isPartOf\":{\"@id\":\"https:\\\/\\\/interamerica.org\\\/fr\\\/#website\"},\"primaryImageOfPage\":{\"@id\":\"https:\\\/\\\/interamerica.org\\\/fr\\\/2023\\\/08\\\/adra-inaugure-son-siege-pour-consolider-son-engagement-humanitaire-au-salvador\\\/#primaryimage\"},\"image\":{\"@id\":\"https:\\\/\\\/interamerica.org\\\/fr\\\/2023\\\/08\\\/adra-inaugure-son-siege-pour-consolider-son-engagement-humanitaire-au-salvador\\\/#primaryimage\"},\"thumbnailUrl\":\"https:\\\/\\\/interamerica.org\\\/wp-content\\\/uploads\\\/2023\\\/08\\\/adra-esau-entrance.jpg\",\"datePublished\":\"2023-08-23T00:19:22+00:00\",\"dateModified\":\"2023-08-23T17:27:04+00:00\",\"author\":{\"@id\":\"https:\\\/\\\/interamerica.org\\\/fr\\\/#\\\/schema\\\/person\\\/29998f2bc2d8bd0d38662909289b54f1\"},\"breadcrumb\":{\"@id\":\"https:\\\/\\\/interamerica.org\\\/fr\\\/2023\\\/08\\\/adra-inaugure-son-siege-pour-consolider-son-engagement-humanitaire-au-salvador\\\/#breadcrumb\"},\"inLanguage\":\"fr-FR\",\"potentialAction\":[{\"@type\":\"ReadAction\",\"target\":[\"https:\\\/\\\/interamerica.org\\\/fr\\\/2023\\\/08\\\/adra-inaugure-son-siege-pour-consolider-son-engagement-humanitaire-au-salvador\\\/\"]}]},{\"@type\":\"ImageObject\",\"inLanguage\":\"fr-FR\",\"@id\":\"https:\\\/\\\/interamerica.org\\\/fr\\\/2023\\\/08\\\/adra-inaugure-son-siege-pour-consolider-son-engagement-humanitaire-au-salvador\\\/#primaryimage\",\"url\":\"https:\\\/\\\/interamerica.org\\\/wp-content\\\/uploads\\\/2023\\\/08\\\/adra-esau-entrance.jpg\",\"contentUrl\":\"https:\\\/\\\/interamerica.org\\\/wp-content\\\/uploads\\\/2023\\\/08\\\/adra-esau-entrance.jpg\",\"width\":1000,\"height\":667,\"caption\":\"[Photo: Oscar David Molina]\"},{\"@type\":\"BreadcrumbList\",\"@id\":\"https:\\\/\\\/interamerica.org\\\/fr\\\/2023\\\/08\\\/adra-inaugure-son-siege-pour-consolider-son-engagement-humanitaire-au-salvador\\\/#breadcrumb\",\"itemListElement\":[{\"@type\":\"ListItem\",\"position\":1,\"name\":\"Home\",\"item\":\"https:\\\/\\\/interamerica.org\\\/fr\\\/\"},{\"@type\":\"ListItem\",\"position\":2,\"name\":\"ADRA inaugure son si\u00e8ge pour consolider son engagement humanitaire au Salvador\"}]},{\"@type\":\"WebSite\",\"@id\":\"https:\\\/\\\/interamerica.org\\\/fr\\\/#website\",\"url\":\"https:\\\/\\\/interamerica.org\\\/fr\\\/\",\"name\":\"\u00c9glise Adventiste Du Septieme Jour - Inter Am\u00e9rique Division\",\"description\":\"\",\"potentialAction\":[{\"@type\":\"SearchAction\",\"target\":{\"@type\":\"EntryPoint\",\"urlTemplate\":\"https:\\\/\\\/interamerica.org\\\/fr\\\/?s={search_term_string}\"},\"query-input\":{\"@type\":\"PropertyValueSpecification\",\"valueRequired\":true,\"valueName\":\"search_term_string\"}}],\"inLanguage\":\"fr-FR\"},{\"@type\":\"Person\",\"@id\":\"https:\\\/\\\/interamerica.org\\\/fr\\\/#\\\/schema\\\/person\\\/29998f2bc2d8bd0d38662909289b54f1\",\"name\":\"libna\",\"image\":{\"@type\":\"ImageObject\",\"inLanguage\":\"fr-FR\",\"@id\":\"https:\\\/\\\/secure.gravatar.com\\\/avatar\\\/7c5bd30ae4b47a9ba3c856590957fd1d96dc588bf3ac05719d247e126840331f?s=96&d=mm&r=g\",\"url\":\"https:\\\/\\\/secure.gravatar.com\\\/avatar\\\/7c5bd30ae4b47a9ba3c856590957fd1d96dc588bf3ac05719d247e126840331f?s=96&d=mm&r=g\",\"contentUrl\":\"https:\\\/\\\/secure.gravatar.com\\\/avatar\\\/7c5bd30ae4b47a9ba3c856590957fd1d96dc588bf3ac05719d247e126840331f?s=96&d=mm&r=g\",\"caption\":\"libna\"}}]}<\/script>\n<!-- \/ Yoast SEO plugin. -->","yoast_head_json":{"title":"ADRA inaugure son si\u00e8ge pour consolider son engagement humanitaire au Salvador - \u00c9glise Adventiste Du Septieme Jour - Inter Am\u00e9rique Division","robots":{"index":"index","follow":"follow","max-snippet":"max-snippet:-1","max-image-preview":"max-image-preview:large","max-video-preview":"max-video-preview:-1"},"canonical":"https:\/\/interamerica.org\/fr\/2023\/08\/adra-inaugure-son-siege-pour-consolider-son-engagement-humanitaire-au-salvador\/","og_locale":"fr_FR","og_type":"article","og_title":"ADRA inaugure son si\u00e8ge pour consolider son engagement humanitaire au Salvador - \u00c9glise Adventiste Du Septieme Jour - Inter Am\u00e9rique Division","og_description":"22 Ao\u00fbt 2023 | San Juan Opico, Libertad, Salvador | Fabricio Rivera et Libna Stevens, Actualit\u00e9s de la Division Inter Am\u00e9ricaine L\u2019Agence Adventiste de D\u00e9veloppement et de Secours (ADRA) au...","og_url":"https:\/\/interamerica.org\/fr\/2023\/08\/adra-inaugure-son-siege-pour-consolider-son-engagement-humanitaire-au-salvador\/","og_site_name":"\u00c9glise Adventiste Du Septieme Jour - Inter Am\u00e9rique Division","article_published_time":"2023-08-23T00:19:22+00:00","article_modified_time":"2023-08-23T17:27:04+00:00","og_image":[{"width":1000,"height":667,"url":"https:\/\/interamerica.org\/wp-content\/uploads\/2023\/08\/adra-esau-entrance.jpg","type":"image\/jpeg"}],"author":"libna","twitter_card":"summary_large_image","twitter_misc":{"\u00c9crit par":"libna","Dur\u00e9e de lecture estim\u00e9e":"8 minutes"},"schema":{"@context":"https:\/\/schema.org","@graph":[{"@type":"Article","@id":"https:\/\/interamerica.org\/fr\/2023\/08\/adra-inaugure-son-siege-pour-consolider-son-engagement-humanitaire-au-salvador\/#article","isPartOf":{"@id":"https:\/\/interamerica.org\/fr\/2023\/08\/adra-inaugure-son-siege-pour-consolider-son-engagement-humanitaire-au-salvador\/"},"author":{"name":"libna","@id":"https:\/\/interamerica.org\/fr\/#\/schema\/person\/29998f2bc2d8bd0d38662909289b54f1"},"headline":"ADRA inaugure son si\u00e8ge pour consolider son engagement humanitaire au Salvador","datePublished":"2023-08-23T00:19:22+00:00","dateModified":"2023-08-23T17:27:04+00:00","mainEntityOfPage":{"@id":"https:\/\/interamerica.org\/fr\/2023\/08\/adra-inaugure-son-siege-pour-consolider-son-engagement-humanitaire-au-salvador\/"},"wordCount":1718,"image":{"@id":"https:\/\/interamerica.org\/fr\/2023\/08\/adra-inaugure-son-siege-pour-consolider-son-engagement-humanitaire-au-salvador\/#primaryimage"},"thumbnailUrl":"https:\/\/interamerica.org\/wp-content\/uploads\/2023\/08\/adra-esau-entrance.jpg","articleSection":["Nouvelles du territoire","RSS Fran\u00e7ais"],"inLanguage":"fr-FR"},{"@type":"WebPage","@id":"https:\/\/interamerica.org\/fr\/2023\/08\/adra-inaugure-son-siege-pour-consolider-son-engagement-humanitaire-au-salvador\/","url":"https:\/\/interamerica.org\/fr\/2023\/08\/adra-inaugure-son-siege-pour-consolider-son-engagement-humanitaire-au-salvador\/","name":"ADRA inaugure son si\u00e8ge pour consolider son engagement humanitaire au Salvador - \u00c9glise Adventiste Du Septieme Jour - Inter Am\u00e9rique Division","isPartOf":{"@id":"https:\/\/interamerica.org\/fr\/#website"},"primaryImageOfPage":{"@id":"https:\/\/interamerica.org\/fr\/2023\/08\/adra-inaugure-son-siege-pour-consolider-son-engagement-humanitaire-au-salvador\/#primaryimage"},"image":{"@id":"https:\/\/interamerica.org\/fr\/2023\/08\/adra-inaugure-son-siege-pour-consolider-son-engagement-humanitaire-au-salvador\/#primaryimage"},"thumbnailUrl":"https:\/\/interamerica.org\/wp-content\/uploads\/2023\/08\/adra-esau-entrance.jpg","datePublished":"2023-08-23T00:19:22+00:00","dateModified":"2023-08-23T17:27:04+00:00","author":{"@id":"https:\/\/interamerica.org\/fr\/#\/schema\/person\/29998f2bc2d8bd0d38662909289b54f1"},"breadcrumb":{"@id":"https:\/\/interamerica.org\/fr\/2023\/08\/adra-inaugure-son-siege-pour-consolider-son-engagement-humanitaire-au-salvador\/#breadcrumb"},"inLanguage":"fr-FR","potentialAction":[{"@type":"ReadAction","target":["https:\/\/interamerica.org\/fr\/2023\/08\/adra-inaugure-son-siege-pour-consolider-son-engagement-humanitaire-au-salvador\/"]}]},{"@type":"ImageObject","inLanguage":"fr-FR","@id":"https:\/\/interamerica.org\/fr\/2023\/08\/adra-inaugure-son-siege-pour-consolider-son-engagement-humanitaire-au-salvador\/#primaryimage","url":"https:\/\/interamerica.org\/wp-content\/uploads\/2023\/08\/adra-esau-entrance.jpg","contentUrl":"https:\/\/interamerica.org\/wp-content\/uploads\/2023\/08\/adra-esau-entrance.jpg","width":1000,"height":667,"caption":"[Photo: Oscar David Molina]"},{"@type":"BreadcrumbList","@id":"https:\/\/interamerica.org\/fr\/2023\/08\/adra-inaugure-son-siege-pour-consolider-son-engagement-humanitaire-au-salvador\/#breadcrumb","itemListElement":[{"@type":"ListItem","position":1,"name":"Home","item":"https:\/\/interamerica.org\/fr\/"},{"@type":"ListItem","position":2,"name":"ADRA inaugure son si\u00e8ge pour consolider son engagement humanitaire au Salvador"}]},{"@type":"WebSite","@id":"https:\/\/interamerica.org\/fr\/#website","url":"https:\/\/interamerica.org\/fr\/","name":"\u00c9glise Adventiste Du Septieme Jour - Inter Am\u00e9rique Division","description":"","potentialAction":[{"@type":"SearchAction","target":{"@type":"EntryPoint","urlTemplate":"https:\/\/interamerica.org\/fr\/?s={search_term_string}"},"query-input":{"@type":"PropertyValueSpecification","valueRequired":true,"valueName":"search_term_string"}}],"inLanguage":"fr-FR"},{"@type":"Person","@id":"https:\/\/interamerica.org\/fr\/#\/schema\/person\/29998f2bc2d8bd0d38662909289b54f1","name":"libna","image":{"@type":"ImageObject","inLanguage":"fr-FR","@id":"https:\/\/secure.gravatar.com\/avatar\/7c5bd30ae4b47a9ba3c856590957fd1d96dc588bf3ac05719d247e126840331f?s=96&d=mm&r=g","url":"https:\/\/secure.gravatar.com\/avatar\/7c5bd30ae4b47a9ba3c856590957fd1d96dc588bf3ac05719d247e126840331f?s=96&d=mm&r=g","contentUrl":"https:\/\/secure.gravatar.com\/avatar\/7c5bd30ae4b47a9ba3c856590957fd1d96dc588bf3ac05719d247e126840331f?s=96&d=mm&r=g","caption":"libna"}}]}},"_links":{"self":[{"href":"https:\/\/interamerica.org\/fr\/wp-json\/wp\/v2\/posts\/102352","targetHints":{"allow":["GET"]}}],"collection":[{"href":"https:\/\/interamerica.org\/fr\/wp-json\/wp\/v2\/posts"}],"about":[{"href":"https:\/\/interamerica.org\/fr\/wp-json\/wp\/v2\/types\/post"}],"author":[{"embeddable":true,"href":"https:\/\/interamerica.org\/fr\/wp-json\/wp\/v2\/users\/3"}],"replies":[{"embeddable":true,"href":"https:\/\/interamerica.org\/fr\/wp-json\/wp\/v2\/comments?post=102352"}],"version-history":[{"count":0,"href":"https:\/\/interamerica.org\/fr\/wp-json\/wp\/v2\/posts\/102352\/revisions"}],"wp:featuredmedia":[{"embeddable":true,"href":"https:\/\/interamerica.org\/fr\/wp-json\/wp\/v2\/media\/102302"}],"wp:attachment":[{"href":"https:\/\/interamerica.org\/fr\/wp-json\/wp\/v2\/media?parent=102352"}],"wp:term":[{"taxonomy":"category","embeddable":true,"href":"https:\/\/interamerica.org\/fr\/wp-json\/wp\/v2\/categories?post=102352"},{"taxonomy":"post_tag","embeddable":true,"href":"https:\/\/interamerica.org\/fr\/wp-json\/wp\/v2\/tags?post=102352"}],"curies":[{"name":"wp","href":"https:\/\/api.w.org\/{rel}","templated":true}]}}