{"id":102392,"date":"2023-08-23T13:20:31","date_gmt":"2023-08-23T17:20:31","guid":{"rendered":"https:\/\/interamerica.org\/?p=102392"},"modified":"2023-08-23T20:45:25","modified_gmt":"2023-08-24T00:45:25","slug":"un-programme-sur-la-liberte-religieuse-rend-hommage-a-130-ans-de-defense-de-la-cause","status":"publish","type":"post","link":"https:\/\/interamerica.org\/fr\/2023\/08\/un-programme-sur-la-liberte-religieuse-rend-hommage-a-130-ans-de-defense-de-la-cause\/","title":{"rendered":"Un programme sur la libert\u00e9 religieuse rend hommage \u00e0 130 ans de d\u00e9fense de la cause"},"content":{"rendered":"<div id=\"attachment_102357\" style=\"width: 856px\" class=\"wp-caption aligncenter\"><img fetchpriority=\"high\" decoding=\"async\" aria-describedby=\"caption-attachment-102357\" class=\" wp-image-102356\" src=\"https:\/\/interamerica.org\/wp-content\/uploads\/2023\/08\/irla-2023news-in-depth-3.jpeg\" alt=\"\" width=\"846\" height=\"564\" srcset=\"https:\/\/interamerica.org\/wp-content\/uploads\/2023\/08\/irla-2023news-in-depth-3.jpeg 1000w, https:\/\/interamerica.org\/wp-content\/uploads\/2023\/08\/irla-2023news-in-depth-3-300x200.jpeg 300w, https:\/\/interamerica.org\/wp-content\/uploads\/2023\/08\/irla-2023news-in-depth-3-768x512.jpeg 768w\" sizes=\"(max-width: 846px) 100vw, 846px\" \/><p id=\"caption-attachment-102357\" class=\"wp-caption-text\">Les participants au 9\u00e8me Congr\u00e8s Mondial de l\u2019IRLA suivent les interventions \u00e0 Silver Spring, dans le Maryland, le 21 ao\u00fbt. [Photo : Marcos Paseggi, Adventist Review]<\/p><\/div>\n<h4>Le 9\u00e8me Congr\u00e8s mondial de l\u2019IRLA encourage les participants \u00e0 r\u00e9fl\u00e9chir et \u00e0 agir pour le bien de tous.<\/h4>\n<p>23 Ao\u00fbt 2023 | Silver Spring, Maryland, \u00c9tats-Unis | Marcos Paseggi, Adventist Review<\/p>\n<p>Pr\u00e8s de 200 responsables de la libert\u00e9 religieuse, d\u2019universitaires et de d\u00e9fenseurs de la cause venus du monde entier se sont r\u00e9unis \u00e0 l\u2019occasion du 9\u00e8me Congr\u00e8s Mondial de l\u2019Association Internationale de la Libert\u00e9 Religieuse (IRLA) \u00e0 Silver Spring, Maryland, \u00c9tats-Unis, du 21 au 23 ao\u00fbt.<\/p>\n<p>Le programme international a invit\u00e9 les participants \u00e0 discuter \u00ab d\u2019une compr\u00e9hension globale de la libert\u00e9 de religion ou de croyance en tant que droit humain fondamental, \u00bb ont indiqu\u00e9 les organisateurs.<\/p>\n<p>Lors de son discours pr\u00e9sent\u00e9 le 21 ao\u00fbt, Ted N. C. Wilson, pr\u00e9sident de la Conf\u00e9rence G\u00e9n\u00e9rale des adventistes du septi\u00e8me jour, a souhait\u00e9 la bienvenue aux participants, et leur a rappel\u00e9 l\u2019emphase historique plac\u00e9e par la d\u00e9nomination sur le sujet.<\/p>\n<p><div id=\"attachment_102363\" style=\"width: 868px\" class=\"wp-caption aligncenter\"><img decoding=\"async\" aria-describedby=\"caption-attachment-102363\" class=\" wp-image-102362\" src=\"https:\/\/interamerica.org\/wp-content\/uploads\/2023\/08\/irladsc-1162-768x512-1.jpeg\" alt=\"\" width=\"858\" height=\"572\" srcset=\"https:\/\/interamerica.org\/wp-content\/uploads\/2023\/08\/irladsc-1162-768x512-1.jpeg 768w, https:\/\/interamerica.org\/wp-content\/uploads\/2023\/08\/irladsc-1162-768x512-1-300x200.jpeg 300w\" sizes=\"(max-width: 858px) 100vw, 858px\" \/><p id=\"caption-attachment-102363\" class=\"wp-caption-text\">Le stand d\u2019inscription de l\u2019IRLA le 21 ao\u00fbt. Les dirigeants et ceux qui d\u00e9fendent la cause viennent de dizaines d\u2019organisations et de toutes les principales r\u00e9gions de l\u2019\u00c9glise adventiste dans le monde. [Photo : Marcos Paseggi, Adventist Review]<\/p><\/div>\u00ab Les pionniers adventistes\u2026 voyaient dans la libert\u00e9 religieuse une valeur ind\u00e9niable sans laquelle notre humanit\u00e9 m\u00eame courrait le risque d\u2019\u00eatre minimis\u00e9e et alt\u00e9r\u00e9e, \u00bb et embrassaient ainsi \u00ab la valeur inestimable de la libert\u00e9 religieuse et le fondement de la libert\u00e9 elle-m\u00eame, \u00bb a dit Ted Wilson.<\/p>\n<p>Ted Wilson a expliqu\u00e9 comment les pionniers adventistes ont lutt\u00e9 contre l\u2019oppression des autres, contre l\u2019esclavage et contre les premi\u00e8res tentatives d\u2019instauration des lois du dimanche. \u00ab Les dirigeants adventistes ont officiellement adopt\u00e9 une solidarit\u00e9 avec toute la famille humaine \u00e0 travers la d\u00e9fense de la libert\u00e9 religieuse, \u00bb a-t-il rappel\u00e9 aux participants.<\/p>\n<p><div id=\"attachment_102366\" style=\"width: 830px\" class=\"wp-caption aligncenter\"><img decoding=\"async\" aria-describedby=\"caption-attachment-102366\" class=\" wp-image-102365\" src=\"https:\/\/interamerica.org\/wp-content\/uploads\/2023\/08\/irladsc-0050-768x488-1.jpeg\" alt=\"\" width=\"820\" height=\"521\" srcset=\"https:\/\/interamerica.org\/wp-content\/uploads\/2023\/08\/irladsc-0050-768x488-1.jpeg 768w, https:\/\/interamerica.org\/wp-content\/uploads\/2023\/08\/irladsc-0050-768x488-1-300x191.jpeg 300w\" sizes=\"(max-width: 820px) 100vw, 820px\" \/><p id=\"caption-attachment-102366\" class=\"wp-caption-text\">En 2023, l\u2019Association Internationale pour la Libert\u00e9 Religieuse c\u00e9l\u00e8bre 130 ans de d\u00e9fense de la libert\u00e9 religieuse et de la libert\u00e9 de conscience. [Photo : Marcos Paseggi, Adventist Review]<\/p><\/div><strong>Le croyons-nous vraiment ?<\/strong><\/p>\n<p>Le programme d\u2019ouverture comprenait des paroles du pr\u00e9sident de l\u2019IRLA, l\u2019Ambassadeur John Nay, qui a partag\u00e9 une r\u00e9flexion sur les implications du soutien apport\u00e9 \u00e0 la libert\u00e9 religieuse. \u00ab Nous disons que nous croyons en la libert\u00e9 religieuse pour tous, \u00bb a-t-il d\u00e9clar\u00e9. \u00ab Mais y croyons-nous vraiment dans nos c\u0153urs ? \u00bb John Nay a appel\u00e9 son auditoire \u00e0 aller plus loin que simplement soutenir la libert\u00e9 religieuse pour son propre groupe, religieux ou autre, et \u00e0 adopter une d\u00e9marche qui prenne en compte chaque \u00eatre humain.<\/p>\n<p>Dans le m\u00eame temps, a soulign\u00e9 John Nay, accepter la libert\u00e9 religieuse pour tous \u2013 pour ceux qui croient et pour ceux qui ne croient pas \u2013 peut nous amener \u00e0 remettre en question nos comportements envers d\u2019autres groupes. Il a expliqu\u00e9 que m\u00eame si nous avons le droit de remettre en question une loi pour des raisons purement s\u00e9culi\u00e8res, nous devons \u00eatre tr\u00e8s prudents lorsque nous utilisons des arguments religieux pour nous opposer \u00e0 un projet de loi particulier.<\/p>\n<p><div id=\"attachment_102369\" style=\"width: 843px\" class=\"wp-caption aligncenter\"><img loading=\"lazy\" decoding=\"async\" aria-describedby=\"caption-attachment-102369\" class=\" wp-image-102368\" src=\"https:\/\/interamerica.org\/wp-content\/uploads\/2023\/08\/irla-dsc-1324-768x512-1.jpeg\" alt=\"\" width=\"833\" height=\"555\" srcset=\"https:\/\/interamerica.org\/wp-content\/uploads\/2023\/08\/irla-dsc-1324-768x512-1.jpeg 768w, https:\/\/interamerica.org\/wp-content\/uploads\/2023\/08\/irla-dsc-1324-768x512-1-300x200.jpeg 300w\" sizes=\"(max-width: 833px) 100vw, 833px\" \/><p id=\"caption-attachment-102369\" class=\"wp-caption-text\">Le tr\u00e9sorier de la Conf\u00e9rence G\u00e9n\u00e9rale, Paul Douglas, accueille les participants au 9\u00e8me Congr\u00e8s Mondial de l\u2019IRLA \u00e0 Silver Spring, dans le Maryland, aux \u00c9tats-Unis, le 21 ao\u00fbt. [Photo : Marcos Paseggi, Adventist Review]<\/p><\/div>\u00ab La question est de savoir dans quelle mesure il est permis, voire \u00e9quitable, de limiter les droits civils d\u2019autrui sur la base de nos opinions religieuses ? a-t-il dit. \u00ab Je sugg\u00e8re qu\u2019il est incoh\u00e9rent, et certains diraient m\u00eame hypocrite, de plaider en faveur de la libert\u00e9 religieuse tout en s\u2019opposant \u00e0 l\u2019octroi de droits et de libert\u00e9s \u00e0 d\u2019autres qui ne sont pas croyants et en invoquant des raisons religieuses pour d\u00e9fendre cette position. \u00bb<\/p>\n<p><strong>Un imp\u00e9ratif moral<\/strong><\/p>\n<p>Apr\u00e8s la pr\u00e9sentation de John Nay, le secr\u00e9taire g\u00e9n\u00e9ral de l\u2019IRLA, Ganoune Diop, a discut\u00e9 d\u2019une compr\u00e9hension globale, et bas\u00e9e sur la foi, de la libert\u00e9 religieuse, qu\u2019il a d\u00e9finie comme \u00e9tant \u00ab le droit de professer, de pratiquer et de propager ses croyances sans coercition, intimidation ou manipulation. \u00bb La libert\u00e9 religieuse est \u00ab la libert\u00e9 de ne pas \u00eatre forc\u00e9 de faire quelque chose qui va \u00e0 l\u2019encontre de ses convictions profondes ou de sa conscience, \u00bb a d\u00e9clar\u00e9 Ganoune Diop. \u00ab [C\u2019est] un \u00e9l\u00e9ment central qui occupe une position cl\u00e9 quand on parle de libert\u00e9 et de droits. \u00bb<\/p>\n<p><div id=\"attachment_102372\" style=\"width: 861px\" class=\"wp-caption aligncenter\"><img loading=\"lazy\" decoding=\"async\" aria-describedby=\"caption-attachment-102372\" class=\" wp-image-102371\" src=\"https:\/\/interamerica.org\/wp-content\/uploads\/2023\/08\/irla-dsc-1202-768x512-1.jpeg\" alt=\"\" width=\"851\" height=\"567\" srcset=\"https:\/\/interamerica.org\/wp-content\/uploads\/2023\/08\/irla-dsc-1202-768x512-1.jpeg 768w, https:\/\/interamerica.org\/wp-content\/uploads\/2023\/08\/irla-dsc-1202-768x512-1-300x200.jpeg 300w\" sizes=\"(max-width: 851px) 100vw, 851px\" \/><p id=\"caption-attachment-102372\" class=\"wp-caption-text\">Le pr\u00e9sident de la Conf\u00e9rence G\u00e9n\u00e9rale, Ted N. C. Wilson, rappelle aux participants que de longue date, l\u2019\u00c9glise adventiste du septi\u00e8me jour d\u00e9fend la libert\u00e9 religieuse et la libert\u00e9 de conscience. [Photo : Marcos Paseggi, Adventist Review]<\/p><\/div>Ganoune Diop a soulign\u00e9 que la cr\u00e9ation de l\u2019IRLA il y a 130 ans \u00ab est li\u00e9e \u00e0 la conviction que la libert\u00e9 religieuse est un imp\u00e9ratif moral \u00bb qui \u00ab fait partie de l\u2019image de Dieu chez l\u2019homme \u00bb. Il a soulign\u00e9 : \u00ab La libert\u00e9 est constitutive de ce que nous sommes cens\u00e9s \u00eatre. Sans libert\u00e9, nous sommes incomplets.\u2026 [Et] la d\u00e9termination \u00e0 favoriser la prise de conscience au sujet de la libert\u00e9 de pens\u00e9e, de conscience et de croyance est n\u00e9cessaire \u00e0 ce que signifie \u00eatre un \u00eatre humain. \u00bb<\/p>\n<p><strong>Une entreprise qui se poursuit<\/strong><\/p>\n<p>L\u2019orateur principal du programme d\u2019ouverture \u00e9tait Son Excellence Adama Dieng, ancien sous-secr\u00e9taire g\u00e9n\u00e9ral de l\u2019ONU et conseiller sp\u00e9cial du secr\u00e9taire g\u00e9n\u00e9ral de l\u2019ONU pour la pr\u00e9vention du g\u00e9nocide ; il a discut\u00e9 de la compr\u00e9hension holistique de la libert\u00e9 religieuse dans un monde de plus en plus polaris\u00e9. Adama Dieng, qui a particip\u00e9 aux proc\u00e8s des dirigeants responsables du g\u00e9nocide rwandais, a rappel\u00e9 aux participants tout ce qui a \u00e9t\u00e9 accompli dans le domaine des droits de l\u2019homme et plus sp\u00e9cifiquement dans le domaine de la libert\u00e9 religieuse.<\/p>\n<p><div id=\"attachment_102375\" style=\"width: 838px\" class=\"wp-caption aligncenter\"><img loading=\"lazy\" decoding=\"async\" aria-describedby=\"caption-attachment-102375\" class=\" wp-image-102374\" src=\"https:\/\/interamerica.org\/wp-content\/uploads\/2023\/08\/irla-dsc-1218-768x512-1.jpeg\" alt=\"\" width=\"828\" height=\"552\" srcset=\"https:\/\/interamerica.org\/wp-content\/uploads\/2023\/08\/irla-dsc-1218-768x512-1.jpeg 768w, https:\/\/interamerica.org\/wp-content\/uploads\/2023\/08\/irla-dsc-1218-768x512-1-300x200.jpeg 300w\" sizes=\"(max-width: 828px) 100vw, 828px\" \/><p id=\"caption-attachment-102375\" class=\"wp-caption-text\">Le 21 ao\u00fbt, les participants suivent les interventions lors de la soir\u00e9e d\u2019ouverture du 9\u00e8me Congr\u00e8s Mondial de l\u2019IRLA \u00e0 Silver Spring, dans le Maryland, aux \u00c9tats-Unis. [Photo : Marcos Paseggi, Adventist Review]<\/p><\/div>Dans le m\u00eame temps, Adama Dieng a attir\u00e9 l\u2019attention sur tous les d\u00e9fis qui restent \u00e0 relever pour lutter contre les violations persistantes de la dignit\u00e9 des personnes \u00e0 travers le monde. \u00ab Malheureusement, ces droits [\u00e0 la libert\u00e9 religieuse] sont constamment viol\u00e9s par des acteurs qui sont soit des \u00e9tats ou non, \u00bb a-t-il reconnu, citant des exemples contemporains dans plusieurs endroits du monde. Il a ensuite appel\u00e9 \u00e0 des mesures pour faire face aux d\u00e9fis actuels.<\/p>\n<p>Adama Dieng a toutefois ajout\u00e9 qu\u2019on ne peut \u00ab pr\u00e9venir ou \u00e9liminer l\u2019intol\u00e9rance et la discrimination simplement par les seules mesures strat\u00e9giques. La r\u00e9flexion et l\u2019\u00e9limination de l\u2019intol\u00e9rance bas\u00e9e sur les attitudes et les pratiques requi\u00e8rent une \u00e9ducation continue et un dialogue interreligieux, \u00bb a-t-il d\u00e9clar\u00e9.<\/p>\n<p>Parmi les autres intervenants principaux lors du programme figuraient l\u2019Ambassadeur Sam Brownback, ancien ambassadeur itin\u00e9rant des \u00c9tats-Unis pour la Libert\u00e9 Religieuse Internationale, et Knox Thames, ancien conseiller sp\u00e9cial pour les minorit\u00e9s religieuses au D\u00e9partement d\u2019\u00c9tat am\u00e9ricain.<\/p>\n<p><div id=\"attachment_102381\" style=\"width: 828px\" class=\"wp-caption aligncenter\"><img loading=\"lazy\" decoding=\"async\" aria-describedby=\"caption-attachment-102381\" class=\" wp-image-102380\" src=\"https:\/\/interamerica.org\/wp-content\/uploads\/2023\/08\/irla-dsc-1266-768x512-1.jpg\" alt=\"\" width=\"818\" height=\"545\" srcset=\"https:\/\/interamerica.org\/wp-content\/uploads\/2023\/08\/irla-dsc-1266-768x512-1.jpg 768w, https:\/\/interamerica.org\/wp-content\/uploads\/2023\/08\/irla-dsc-1266-768x512-1-300x200.jpg 300w\" sizes=\"(max-width: 818px) 100vw, 818px\" \/><p id=\"caption-attachment-102381\" class=\"wp-caption-text\">Dans le cadre du programme d\u2019ouverture, le secr\u00e9taire g\u00e9n\u00e9ral de l\u2019IRLA, Ganoune Diop, a parl\u00e9 d\u2019une compr\u00e9hension globale de la libert\u00e9 religieuse bas\u00e9e sur la foi. [Photo : Marcos Paseggi, Adventist Review]<\/p><\/div>Des s\u00e9ances en petits groupes ont invit\u00e9 les participants \u00e0 r\u00e9fl\u00e9chir sur l\u2019histoire, les d\u00e9fis actuels et les opportunit\u00e9s pour les d\u00e9fenseurs de la libert\u00e9 religieuse. Elles comprenaient des discussions sur le nationalisme religieux, les attitudes envers les minorit\u00e9s religieuses et des id\u00e9es d\u2019action. Les participants prendront part \u00e9galement \u00e0 une visite des Archives Nationales des \u00c9tats-Unis \u00e0 Washington, D.C., ainsi qu\u2019\u00e0 un banquet de cl\u00f4ture et \u00e0 une c\u00e9r\u00e9monie de remise de prix dans un lieu proche de la Maison Blanche.<\/p>\n<p><strong>\u00c0 propos de l\u2019IRLA<\/strong><\/p>\n<p>L\u2019IRLA a \u00e9t\u00e9 fond\u00e9e en 1893 par un groupe d\u2019adventistes du septi\u00e8me jour pr\u00e9occup\u00e9s par la pers\u00e9cution religieuse et la discrimination. L\u2019organisation a \u00e9t\u00e9 cr\u00e9\u00e9e pour d\u00e9fendre la libert\u00e9 religieuse de tous, quelles que soient leur foi et leurs origines. \u00ab L\u2019IRLA s\u2019attaque aux questions li\u00e9es \u00e0 la libert\u00e9 religieuse et apporte un soutien et des ressources aux individus et aux communaut\u00e9s qui sont confront\u00e9s \u00e0 la pers\u00e9cution, \u00bb ont d\u00e9clar\u00e9 les dirigeants de l\u2019organisation. \u00ab [Elle] favorise \u00e9galement le dialogue et la coop\u00e9ration entre les personnes de diverses confessions et convictions philosophiques. \u00bb<\/p>\n<p>Traduction: Patrick Luciathe<\/p>\n","protected":false},"excerpt":{"rendered":"<p>Le 9\u00e8me Congr\u00e8s mondial de l\u2019IRLA encourage les participants \u00e0 r\u00e9fl\u00e9chir et \u00e0 agir pour le bien de tous. 23 Ao\u00fbt 2023 | Silver Spring, Maryland, \u00c9tats-Unis | Marcos Paseggi,&#8230;<\/p>\n","protected":false},"author":3,"featured_media":102357,"comment_status":"closed","ping_status":"closed","sticky":false,"template":"","format":"standard","meta":{"_acf_changed":false,"footnotes":""},"categories":[18,19],"tags":[],"class_list":["post-102392","post","type-post","status-publish","format-standard","has-post-thumbnail","hentry","category-nouvelles-de-leglise-mondiale","category-rss-francais"],"acf":[],"yoast_head":"<!-- This site is optimized with the Yoast SEO plugin v27.3 - https:\/\/yoast.com\/product\/yoast-seo-wordpress\/ -->\n<title>Un programme sur la libert\u00e9 religieuse rend hommage \u00e0 130 ans de d\u00e9fense de la cause - \u00c9glise Adventiste Du Septieme Jour - Inter Am\u00e9rique Division<\/title>\n<meta name=\"robots\" content=\"index, follow, max-snippet:-1, max-image-preview:large, max-video-preview:-1\" \/>\n<link rel=\"canonical\" href=\"https:\/\/interamerica.org\/fr\/2023\/08\/un-programme-sur-la-liberte-religieuse-rend-hommage-a-130-ans-de-defense-de-la-cause\/\" \/>\n<meta property=\"og:locale\" content=\"fr_FR\" \/>\n<meta property=\"og:type\" content=\"article\" \/>\n<meta property=\"og:title\" content=\"Un programme sur la libert\u00e9 religieuse rend hommage \u00e0 130 ans de d\u00e9fense de la cause - \u00c9glise Adventiste Du Septieme Jour - Inter Am\u00e9rique Division\" \/>\n<meta property=\"og:description\" content=\"Le 9\u00e8me Congr\u00e8s mondial de l\u2019IRLA encourage les participants \u00e0 r\u00e9fl\u00e9chir et \u00e0 agir pour le bien de tous. 23 Ao\u00fbt 2023 | Silver Spring, Maryland, \u00c9tats-Unis | Marcos Paseggi,...\" \/>\n<meta property=\"og:url\" content=\"https:\/\/interamerica.org\/fr\/2023\/08\/un-programme-sur-la-liberte-religieuse-rend-hommage-a-130-ans-de-defense-de-la-cause\/\" \/>\n<meta property=\"og:site_name\" content=\"\u00c9glise Adventiste Du Septieme Jour - Inter Am\u00e9rique Division\" \/>\n<meta property=\"article:published_time\" content=\"2023-08-23T17:20:31+00:00\" \/>\n<meta property=\"article:modified_time\" content=\"2023-08-24T00:45:25+00:00\" \/>\n<meta property=\"og:image\" content=\"https:\/\/interamerica.org\/wp-content\/uploads\/2023\/08\/irla-2023news-in-depth-3.jpeg\" \/>\n\t<meta property=\"og:image:width\" content=\"1000\" \/>\n\t<meta property=\"og:image:height\" content=\"667\" \/>\n\t<meta property=\"og:image:type\" content=\"image\/jpeg\" \/>\n<meta name=\"author\" content=\"libna\" \/>\n<meta name=\"twitter:card\" content=\"summary_large_image\" \/>\n<meta name=\"twitter:label1\" content=\"\u00c9crit par\" \/>\n\t<meta name=\"twitter:data1\" content=\"libna\" \/>\n\t<meta name=\"twitter:label2\" content=\"Dur\u00e9e de lecture estim\u00e9e\" \/>\n\t<meta name=\"twitter:data2\" content=\"8 minutes\" \/>\n<script type=\"application\/ld+json\" class=\"yoast-schema-graph\">{\"@context\":\"https:\\\/\\\/schema.org\",\"@graph\":[{\"@type\":\"Article\",\"@id\":\"https:\\\/\\\/interamerica.org\\\/fr\\\/2023\\\/08\\\/un-programme-sur-la-liberte-religieuse-rend-hommage-a-130-ans-de-defense-de-la-cause\\\/#article\",\"isPartOf\":{\"@id\":\"https:\\\/\\\/interamerica.org\\\/fr\\\/2023\\\/08\\\/un-programme-sur-la-liberte-religieuse-rend-hommage-a-130-ans-de-defense-de-la-cause\\\/\"},\"author\":{\"name\":\"libna\",\"@id\":\"https:\\\/\\\/interamerica.org\\\/fr\\\/#\\\/schema\\\/person\\\/29998f2bc2d8bd0d38662909289b54f1\"},\"headline\":\"Un programme sur la libert\u00e9 religieuse rend hommage \u00e0 130 ans de d\u00e9fense de la cause\",\"datePublished\":\"2023-08-23T17:20:31+00:00\",\"dateModified\":\"2023-08-24T00:45:25+00:00\",\"mainEntityOfPage\":{\"@id\":\"https:\\\/\\\/interamerica.org\\\/fr\\\/2023\\\/08\\\/un-programme-sur-la-liberte-religieuse-rend-hommage-a-130-ans-de-defense-de-la-cause\\\/\"},\"wordCount\":1536,\"image\":{\"@id\":\"https:\\\/\\\/interamerica.org\\\/fr\\\/2023\\\/08\\\/un-programme-sur-la-liberte-religieuse-rend-hommage-a-130-ans-de-defense-de-la-cause\\\/#primaryimage\"},\"thumbnailUrl\":\"https:\\\/\\\/interamerica.org\\\/wp-content\\\/uploads\\\/2023\\\/08\\\/irla-2023news-in-depth-3.jpeg\",\"articleSection\":[\"Nouvelles de l'\u00c9glise mondiale\",\"RSS Fran\u00e7ais\"],\"inLanguage\":\"fr-FR\"},{\"@type\":\"WebPage\",\"@id\":\"https:\\\/\\\/interamerica.org\\\/fr\\\/2023\\\/08\\\/un-programme-sur-la-liberte-religieuse-rend-hommage-a-130-ans-de-defense-de-la-cause\\\/\",\"url\":\"https:\\\/\\\/interamerica.org\\\/fr\\\/2023\\\/08\\\/un-programme-sur-la-liberte-religieuse-rend-hommage-a-130-ans-de-defense-de-la-cause\\\/\",\"name\":\"Un programme sur la libert\u00e9 religieuse rend hommage \u00e0 130 ans de d\u00e9fense de la cause - \u00c9glise Adventiste Du Septieme Jour - Inter Am\u00e9rique Division\",\"isPartOf\":{\"@id\":\"https:\\\/\\\/interamerica.org\\\/fr\\\/#website\"},\"primaryImageOfPage\":{\"@id\":\"https:\\\/\\\/interamerica.org\\\/fr\\\/2023\\\/08\\\/un-programme-sur-la-liberte-religieuse-rend-hommage-a-130-ans-de-defense-de-la-cause\\\/#primaryimage\"},\"image\":{\"@id\":\"https:\\\/\\\/interamerica.org\\\/fr\\\/2023\\\/08\\\/un-programme-sur-la-liberte-religieuse-rend-hommage-a-130-ans-de-defense-de-la-cause\\\/#primaryimage\"},\"thumbnailUrl\":\"https:\\\/\\\/interamerica.org\\\/wp-content\\\/uploads\\\/2023\\\/08\\\/irla-2023news-in-depth-3.jpeg\",\"datePublished\":\"2023-08-23T17:20:31+00:00\",\"dateModified\":\"2023-08-24T00:45:25+00:00\",\"author\":{\"@id\":\"https:\\\/\\\/interamerica.org\\\/fr\\\/#\\\/schema\\\/person\\\/29998f2bc2d8bd0d38662909289b54f1\"},\"breadcrumb\":{\"@id\":\"https:\\\/\\\/interamerica.org\\\/fr\\\/2023\\\/08\\\/un-programme-sur-la-liberte-religieuse-rend-hommage-a-130-ans-de-defense-de-la-cause\\\/#breadcrumb\"},\"inLanguage\":\"fr-FR\",\"potentialAction\":[{\"@type\":\"ReadAction\",\"target\":[\"https:\\\/\\\/interamerica.org\\\/fr\\\/2023\\\/08\\\/un-programme-sur-la-liberte-religieuse-rend-hommage-a-130-ans-de-defense-de-la-cause\\\/\"]}]},{\"@type\":\"ImageObject\",\"inLanguage\":\"fr-FR\",\"@id\":\"https:\\\/\\\/interamerica.org\\\/fr\\\/2023\\\/08\\\/un-programme-sur-la-liberte-religieuse-rend-hommage-a-130-ans-de-defense-de-la-cause\\\/#primaryimage\",\"url\":\"https:\\\/\\\/interamerica.org\\\/wp-content\\\/uploads\\\/2023\\\/08\\\/irla-2023news-in-depth-3.jpeg\",\"contentUrl\":\"https:\\\/\\\/interamerica.org\\\/wp-content\\\/uploads\\\/2023\\\/08\\\/irla-2023news-in-depth-3.jpeg\",\"width\":1000,\"height\":667,\"caption\":\"Attendees of the IRLA\u2019s 9th World Congress follow the proceedings in Silver Spring, Maryland, on August 21. [Photo: Marcos Paseggi, Adventist Review]\"},{\"@type\":\"BreadcrumbList\",\"@id\":\"https:\\\/\\\/interamerica.org\\\/fr\\\/2023\\\/08\\\/un-programme-sur-la-liberte-religieuse-rend-hommage-a-130-ans-de-defense-de-la-cause\\\/#breadcrumb\",\"itemListElement\":[{\"@type\":\"ListItem\",\"position\":1,\"name\":\"Home\",\"item\":\"https:\\\/\\\/interamerica.org\\\/fr\\\/\"},{\"@type\":\"ListItem\",\"position\":2,\"name\":\"Un programme sur la libert\u00e9 religieuse rend hommage \u00e0 130 ans de d\u00e9fense de la cause\"}]},{\"@type\":\"WebSite\",\"@id\":\"https:\\\/\\\/interamerica.org\\\/fr\\\/#website\",\"url\":\"https:\\\/\\\/interamerica.org\\\/fr\\\/\",\"name\":\"\u00c9glise Adventiste Du Septieme Jour - Inter Am\u00e9rique Division\",\"description\":\"\",\"potentialAction\":[{\"@type\":\"SearchAction\",\"target\":{\"@type\":\"EntryPoint\",\"urlTemplate\":\"https:\\\/\\\/interamerica.org\\\/fr\\\/?s={search_term_string}\"},\"query-input\":{\"@type\":\"PropertyValueSpecification\",\"valueRequired\":true,\"valueName\":\"search_term_string\"}}],\"inLanguage\":\"fr-FR\"},{\"@type\":\"Person\",\"@id\":\"https:\\\/\\\/interamerica.org\\\/fr\\\/#\\\/schema\\\/person\\\/29998f2bc2d8bd0d38662909289b54f1\",\"name\":\"libna\",\"image\":{\"@type\":\"ImageObject\",\"inLanguage\":\"fr-FR\",\"@id\":\"https:\\\/\\\/secure.gravatar.com\\\/avatar\\\/7c5bd30ae4b47a9ba3c856590957fd1d96dc588bf3ac05719d247e126840331f?s=96&d=mm&r=g\",\"url\":\"https:\\\/\\\/secure.gravatar.com\\\/avatar\\\/7c5bd30ae4b47a9ba3c856590957fd1d96dc588bf3ac05719d247e126840331f?s=96&d=mm&r=g\",\"contentUrl\":\"https:\\\/\\\/secure.gravatar.com\\\/avatar\\\/7c5bd30ae4b47a9ba3c856590957fd1d96dc588bf3ac05719d247e126840331f?s=96&d=mm&r=g\",\"caption\":\"libna\"}}]}<\/script>\n<!-- \/ Yoast SEO plugin. -->","yoast_head_json":{"title":"Un programme sur la libert\u00e9 religieuse rend hommage \u00e0 130 ans de d\u00e9fense de la cause - \u00c9glise Adventiste Du Septieme Jour - Inter Am\u00e9rique Division","robots":{"index":"index","follow":"follow","max-snippet":"max-snippet:-1","max-image-preview":"max-image-preview:large","max-video-preview":"max-video-preview:-1"},"canonical":"https:\/\/interamerica.org\/fr\/2023\/08\/un-programme-sur-la-liberte-religieuse-rend-hommage-a-130-ans-de-defense-de-la-cause\/","og_locale":"fr_FR","og_type":"article","og_title":"Un programme sur la libert\u00e9 religieuse rend hommage \u00e0 130 ans de d\u00e9fense de la cause - \u00c9glise Adventiste Du Septieme Jour - Inter Am\u00e9rique Division","og_description":"Le 9\u00e8me Congr\u00e8s mondial de l\u2019IRLA encourage les participants \u00e0 r\u00e9fl\u00e9chir et \u00e0 agir pour le bien de tous. 23 Ao\u00fbt 2023 | Silver Spring, Maryland, \u00c9tats-Unis | Marcos Paseggi,...","og_url":"https:\/\/interamerica.org\/fr\/2023\/08\/un-programme-sur-la-liberte-religieuse-rend-hommage-a-130-ans-de-defense-de-la-cause\/","og_site_name":"\u00c9glise Adventiste Du Septieme Jour - Inter Am\u00e9rique Division","article_published_time":"2023-08-23T17:20:31+00:00","article_modified_time":"2023-08-24T00:45:25+00:00","og_image":[{"width":1000,"height":667,"url":"https:\/\/interamerica.org\/wp-content\/uploads\/2023\/08\/irla-2023news-in-depth-3.jpeg","type":"image\/jpeg"}],"author":"libna","twitter_card":"summary_large_image","twitter_misc":{"\u00c9crit par":"libna","Dur\u00e9e de lecture estim\u00e9e":"8 minutes"},"schema":{"@context":"https:\/\/schema.org","@graph":[{"@type":"Article","@id":"https:\/\/interamerica.org\/fr\/2023\/08\/un-programme-sur-la-liberte-religieuse-rend-hommage-a-130-ans-de-defense-de-la-cause\/#article","isPartOf":{"@id":"https:\/\/interamerica.org\/fr\/2023\/08\/un-programme-sur-la-liberte-religieuse-rend-hommage-a-130-ans-de-defense-de-la-cause\/"},"author":{"name":"libna","@id":"https:\/\/interamerica.org\/fr\/#\/schema\/person\/29998f2bc2d8bd0d38662909289b54f1"},"headline":"Un programme sur la libert\u00e9 religieuse rend hommage \u00e0 130 ans de d\u00e9fense de la cause","datePublished":"2023-08-23T17:20:31+00:00","dateModified":"2023-08-24T00:45:25+00:00","mainEntityOfPage":{"@id":"https:\/\/interamerica.org\/fr\/2023\/08\/un-programme-sur-la-liberte-religieuse-rend-hommage-a-130-ans-de-defense-de-la-cause\/"},"wordCount":1536,"image":{"@id":"https:\/\/interamerica.org\/fr\/2023\/08\/un-programme-sur-la-liberte-religieuse-rend-hommage-a-130-ans-de-defense-de-la-cause\/#primaryimage"},"thumbnailUrl":"https:\/\/interamerica.org\/wp-content\/uploads\/2023\/08\/irla-2023news-in-depth-3.jpeg","articleSection":["Nouvelles de l'\u00c9glise mondiale","RSS Fran\u00e7ais"],"inLanguage":"fr-FR"},{"@type":"WebPage","@id":"https:\/\/interamerica.org\/fr\/2023\/08\/un-programme-sur-la-liberte-religieuse-rend-hommage-a-130-ans-de-defense-de-la-cause\/","url":"https:\/\/interamerica.org\/fr\/2023\/08\/un-programme-sur-la-liberte-religieuse-rend-hommage-a-130-ans-de-defense-de-la-cause\/","name":"Un programme sur la libert\u00e9 religieuse rend hommage \u00e0 130 ans de d\u00e9fense de la cause - \u00c9glise Adventiste Du Septieme Jour - Inter Am\u00e9rique Division","isPartOf":{"@id":"https:\/\/interamerica.org\/fr\/#website"},"primaryImageOfPage":{"@id":"https:\/\/interamerica.org\/fr\/2023\/08\/un-programme-sur-la-liberte-religieuse-rend-hommage-a-130-ans-de-defense-de-la-cause\/#primaryimage"},"image":{"@id":"https:\/\/interamerica.org\/fr\/2023\/08\/un-programme-sur-la-liberte-religieuse-rend-hommage-a-130-ans-de-defense-de-la-cause\/#primaryimage"},"thumbnailUrl":"https:\/\/interamerica.org\/wp-content\/uploads\/2023\/08\/irla-2023news-in-depth-3.jpeg","datePublished":"2023-08-23T17:20:31+00:00","dateModified":"2023-08-24T00:45:25+00:00","author":{"@id":"https:\/\/interamerica.org\/fr\/#\/schema\/person\/29998f2bc2d8bd0d38662909289b54f1"},"breadcrumb":{"@id":"https:\/\/interamerica.org\/fr\/2023\/08\/un-programme-sur-la-liberte-religieuse-rend-hommage-a-130-ans-de-defense-de-la-cause\/#breadcrumb"},"inLanguage":"fr-FR","potentialAction":[{"@type":"ReadAction","target":["https:\/\/interamerica.org\/fr\/2023\/08\/un-programme-sur-la-liberte-religieuse-rend-hommage-a-130-ans-de-defense-de-la-cause\/"]}]},{"@type":"ImageObject","inLanguage":"fr-FR","@id":"https:\/\/interamerica.org\/fr\/2023\/08\/un-programme-sur-la-liberte-religieuse-rend-hommage-a-130-ans-de-defense-de-la-cause\/#primaryimage","url":"https:\/\/interamerica.org\/wp-content\/uploads\/2023\/08\/irla-2023news-in-depth-3.jpeg","contentUrl":"https:\/\/interamerica.org\/wp-content\/uploads\/2023\/08\/irla-2023news-in-depth-3.jpeg","width":1000,"height":667,"caption":"Attendees of the IRLA\u2019s 9th World Congress follow the proceedings in Silver Spring, Maryland, on August 21. [Photo: Marcos Paseggi, Adventist Review]"},{"@type":"BreadcrumbList","@id":"https:\/\/interamerica.org\/fr\/2023\/08\/un-programme-sur-la-liberte-religieuse-rend-hommage-a-130-ans-de-defense-de-la-cause\/#breadcrumb","itemListElement":[{"@type":"ListItem","position":1,"name":"Home","item":"https:\/\/interamerica.org\/fr\/"},{"@type":"ListItem","position":2,"name":"Un programme sur la libert\u00e9 religieuse rend hommage \u00e0 130 ans de d\u00e9fense de la cause"}]},{"@type":"WebSite","@id":"https:\/\/interamerica.org\/fr\/#website","url":"https:\/\/interamerica.org\/fr\/","name":"\u00c9glise Adventiste Du Septieme Jour - Inter Am\u00e9rique Division","description":"","potentialAction":[{"@type":"SearchAction","target":{"@type":"EntryPoint","urlTemplate":"https:\/\/interamerica.org\/fr\/?s={search_term_string}"},"query-input":{"@type":"PropertyValueSpecification","valueRequired":true,"valueName":"search_term_string"}}],"inLanguage":"fr-FR"},{"@type":"Person","@id":"https:\/\/interamerica.org\/fr\/#\/schema\/person\/29998f2bc2d8bd0d38662909289b54f1","name":"libna","image":{"@type":"ImageObject","inLanguage":"fr-FR","@id":"https:\/\/secure.gravatar.com\/avatar\/7c5bd30ae4b47a9ba3c856590957fd1d96dc588bf3ac05719d247e126840331f?s=96&d=mm&r=g","url":"https:\/\/secure.gravatar.com\/avatar\/7c5bd30ae4b47a9ba3c856590957fd1d96dc588bf3ac05719d247e126840331f?s=96&d=mm&r=g","contentUrl":"https:\/\/secure.gravatar.com\/avatar\/7c5bd30ae4b47a9ba3c856590957fd1d96dc588bf3ac05719d247e126840331f?s=96&d=mm&r=g","caption":"libna"}}]}},"_links":{"self":[{"href":"https:\/\/interamerica.org\/fr\/wp-json\/wp\/v2\/posts\/102392","targetHints":{"allow":["GET"]}}],"collection":[{"href":"https:\/\/interamerica.org\/fr\/wp-json\/wp\/v2\/posts"}],"about":[{"href":"https:\/\/interamerica.org\/fr\/wp-json\/wp\/v2\/types\/post"}],"author":[{"embeddable":true,"href":"https:\/\/interamerica.org\/fr\/wp-json\/wp\/v2\/users\/3"}],"replies":[{"embeddable":true,"href":"https:\/\/interamerica.org\/fr\/wp-json\/wp\/v2\/comments?post=102392"}],"version-history":[{"count":0,"href":"https:\/\/interamerica.org\/fr\/wp-json\/wp\/v2\/posts\/102392\/revisions"}],"wp:featuredmedia":[{"embeddable":true,"href":"https:\/\/interamerica.org\/fr\/wp-json\/wp\/v2\/media\/102357"}],"wp:attachment":[{"href":"https:\/\/interamerica.org\/fr\/wp-json\/wp\/v2\/media?parent=102392"}],"wp:term":[{"taxonomy":"category","embeddable":true,"href":"https:\/\/interamerica.org\/fr\/wp-json\/wp\/v2\/categories?post=102392"},{"taxonomy":"post_tag","embeddable":true,"href":"https:\/\/interamerica.org\/fr\/wp-json\/wp\/v2\/tags?post=102392"}],"curies":[{"name":"wp","href":"https:\/\/api.w.org\/{rel}","templated":true}]}}