{"id":102423,"date":"2023-08-22T15:58:35","date_gmt":"2023-08-22T19:58:35","guid":{"rendered":"https:\/\/interamerica.org\/?p=102423"},"modified":"2023-08-24T17:05:43","modified_gmt":"2023-08-24T21:05:43","slug":"adra-sallie-avec-dautres-organisations-adventistes-pour-aider-hawai","status":"publish","type":"post","link":"https:\/\/interamerica.org\/fr\/2023\/08\/adra-sallie-avec-dautres-organisations-adventistes-pour-aider-hawai\/","title":{"rendered":"ADRA s\u2019allie avec d\u2019autres organisations adventistes pour aider Hawa\u00ef"},"content":{"rendered":"<h4><b>Adventist Health et les Services communautaires adventistes soutiennent les efforts de secours.<\/b><\/h4>\n<p><span style=\"font-weight: 400;\">Le 22 ao\u00fbt 2023 | Silver Spring, Maryland, \u00c9tats-Unis | Actualit\u00e9s de l\u2019Agence de d\u00e9veloppement et de secours adventiste<\/span><\/p>\n<p><span style=\"font-weight: 400;\">L\u2019Agence de d\u00e9veloppement et de secours adventiste (ADRA) fait \u00e9quipe avec Adventist Health et les Services communautaires adventistes (SCA) pour aider les communaut\u00e9s de l\u2019\u00eele de Maui, \u00e0 Hawa\u00ef, aux \u00c9tats-Unis, dans leur r\u00e9tablissement. L\u2019organisme humanitaire mondial a offert plus de 100\u00a0000\u00a0dollars am\u00e9ricains en produits divers et en argent pour aider les SCA et Adventist Health en r\u00e9ponse aux incendies mortels.<\/span><\/p>\n<p><span style=\"font-weight: 400;\">Au moins 114 r\u00e9sidents, bilan toujours en progression, dont certains sont des enfants, sont morts \u00e0 cause des incendies de Maui qui ont balay\u00e9 une partie de l\u2019\u00eele le 8 ao\u00fbt dernier. Des milliers de gens ont \u00e9t\u00e9 forc\u00e9s de fuir leur maison ou manquent toujours \u00e0 l\u2019appel. D\u2019apr\u00e8s les autorit\u00e9s, un syst\u00e8me \u00e9lectrique d\u00e9fectueux et les rafales de l\u2019ouragan de cat\u00e9gorie 4 Dora seraient \u00e0 l\u2019origine des incendies. Et selon les responsables locaux, plus de 2\u00a0000\u00a0maisons et villages r\u00e9sidentiels, en plus d\u2019une partie importante de la c\u00f4te ouest de l\u2019\u00eele, y compris Lahaina, cette ville c\u00f4ti\u00e8re qui servait anciennement de capitale du royaume hawa\u00efen, ont \u00e9t\u00e9 d\u00e9truits par le brasier. (Les chiffres sont quotidiennement sujets au changement.)<\/span><\/p>\n<p><div id=\"attachment_102334\" style=\"width: 866px\" class=\"wp-caption aligncenter\"><img fetchpriority=\"high\" decoding=\"async\" aria-describedby=\"caption-attachment-102334\" class=\" wp-image-102333\" src=\"https:\/\/interamerica.org\/wp-content\/uploads\/2023\/08\/adra-maui1-4.jpeg\" alt=\"\" width=\"856\" height=\"642\" srcset=\"https:\/\/interamerica.org\/wp-content\/uploads\/2023\/08\/adra-maui1-4.jpeg 1024w, https:\/\/interamerica.org\/wp-content\/uploads\/2023\/08\/adra-maui1-4-300x225.jpeg 300w, https:\/\/interamerica.org\/wp-content\/uploads\/2023\/08\/adra-maui1-4-768x576.jpeg 768w\" sizes=\"(max-width: 856px) 100vw, 856px\" \/><p id=\"caption-attachment-102334\" class=\"wp-caption-text\"><span style=\"font-weight: 400;\">ADRA fait \u00e9quipe avec Adventist Health et les Services communautaires adventistes pour aider les communaut\u00e9s de l\u2019\u00eele de Maui, \u00e0 Hawa\u00ef, aux \u00c9tats-Unis, dans leur r\u00e9tablissement des incendies.\u00a0 [Une photo d\u2019ADRA International]<\/span><\/p><\/div><span style=\"font-weight: 400;\">\u00ab\u00a0Nous sommes profond\u00e9ment attrist\u00e9s par cette terrible catastrophe et nous prions pour les familles et les personnes qui ont perdu des \u00eatres chers, leur maison et leur moyen de subsistance, a dit Imad Madenat, vice-pr\u00e9sident des programmes pour ADRA International. \u00c9tant le bras humanitaire international de l\u2019\u00c9glise adventiste du septi\u00e8me jour, ADRA est engag\u00e9e \u00e0 collaborer avec et \u00e0 soutenir les Services communautaires adventistes ainsi qu\u2019Adventist Health alors qu\u2019ils continuent de contribuer aux efforts de r\u00e9tablissement continus et d\u2019offrir du secours d\u2019urgence et des soins aux habitants de Maui.\u00a0\u00bb<\/span><\/p>\n<p><span style=\"font-weight: 400;\">ADRA aidera les Syst\u00e8mes de missions mondiales d\u2019Adventist Health \u00e0 r\u00e9pondre aux besoins urgents de professionnels m\u00e9dicaux, qui doivent eux-m\u00eames composer avec leurs propres pertes dans la trag\u00e9die. L\u2019organisation humanitaire mondiale finance actuellement l\u2019achat d\u2019ordinateurs portables, dont le personnel en soins de sant\u00e9 a besoin pour mobiliser la communaut\u00e9 et lui donner acc\u00e8s \u00e0 des soins m\u00e9dicaux d\u2019urgence.<\/span><\/p>\n<p><span style=\"font-weight: 400;\">\u00ab\u00a0Au beau milieu de cette crise, les professionnels de la sant\u00e9 tentent de trouver des fa\u00e7ons d\u2019offrir des soins d\u2019urgence \u00e0 des centaines de patients souffrants et qui, dans certains cas, ont perdu leur acc\u00e8s \u00e0 des m\u00e9dicaments contre leurs maladies chroniques. Les ressources permettant l\u2019acquisition d\u2019ordinateurs portables gr\u00e2ce \u00e0 des partenariats avec des organismes comme ADRA sont essentielles au soutien du personnel m\u00e9dical sur le terrain, qui doivent g\u00e9rer les soins pendant que l\u2019\u00eele se r\u00e9tablit peu \u00e0 peu de cette trag\u00e9die\u00a0\u00bb, a comment\u00e9 John Schroer, directeur des Syst\u00e8mes de missions mondiales d\u2019Adventist Health.<\/span><\/p>\n<p><div id=\"attachment_102337\" style=\"width: 833px\" class=\"wp-caption aligncenter\"><img decoding=\"async\" aria-describedby=\"caption-attachment-102337\" class=\" wp-image-102336\" src=\"https:\/\/interamerica.org\/wp-content\/uploads\/2023\/08\/adra-maui-2.jpeg\" alt=\"\" width=\"823\" height=\"466\" srcset=\"https:\/\/interamerica.org\/wp-content\/uploads\/2023\/08\/adra-maui-2.jpeg 788w, https:\/\/interamerica.org\/wp-content\/uploads\/2023\/08\/adra-maui-2-300x170.jpeg 300w, https:\/\/interamerica.org\/wp-content\/uploads\/2023\/08\/adra-maui-2-768x435.jpeg 768w\" sizes=\"(max-width: 823px) 100vw, 823px\" \/><p id=\"caption-attachment-102337\" class=\"wp-caption-text\"><span style=\"font-weight: 400;\">\u00c0 Hawa\u00ef, ADRA a offert des fournitures qui peuvent servir \u00e0 la distribution, comme des tentes, des abris d\u2019urgence et des lampes solaires. [Une photo d\u2019ADRA International]<\/span><\/p><\/div><span style=\"font-weight: 400;\">ADRA a \u00e9galement offert aux Services communautaires adventistes plus de 46 palettes de fournitures d\u2019urgence, telles que des tentes ignifuges et r\u00e9sistantes aux intemp\u00e9ries, qui peuvent servir d\u2019abris temporaires et d\u2019entreposage pour les denr\u00e9es et les provisions m\u00e9dicales, ainsi que des milliers de b\u00e2ches, de trousses \u00e0 outils pour la construction d\u2019abris et de lampes aliment\u00e9es \u00e0 l\u2019\u00e9nergie solaire, le tout pour soutenir l\u2019op\u00e9ration de r\u00e9tablissement \u00e0 Lahaina.<\/span><\/p>\n<p><span style=\"font-weight: 400;\">\u00ab\u00a0ADRA a offert des fournitures qui peuvent servir \u00e0 la distribution \u00e0 Hawa\u00ef. Nous avons accept\u00e9 de recevoir des tentes, des abris d\u2019urgence et des lampes \u00e0 l\u2019\u00e9nergie solaire. Ces articles serviront \u00e0 soutenir notre op\u00e9ration et \u00e0 donner aux gens dans le besoin dans la r\u00e9gion affect\u00e9e, a dit W. Derrick Lea, directeur des services communautaires de la Division nord-am\u00e9ricaine. Nous sommes heureux de cette occasion de collaborer avec nos amis d\u2019ADRA, comme nous l\u2019avons fait par le pass\u00e9, \u00e0 la suite de l\u2019ouragan Harvey il y a quelques ann\u00e9es, par exemple.\u00a0\u00bb\u00a0<\/span><\/p>\n<p><span style=\"font-weight: 400;\">L\u2019agence acheminera les fournitures \u00e0 Hawa\u00ef avec l\u2019aide d\u2019Airlink, partenaire logistique et pont d\u2019urgence en cas de catastrophe de l\u2019organisme humanitaire. Quand les fournitures arriveront \u00e0 Maui, ce sont les b\u00e9n\u00e9voles de l\u2019\u00c9glise adventiste qui sont cens\u00e9s faciliter leur distribution dans les communaut\u00e9s affect\u00e9es.<\/span><\/p>\n<p><span style=\"font-weight: 400;\">La <\/span><a href=\"https:\/\/adra.org\/maui-wildfires-adra-partners-with-adventist-health-and-adventist-community-services-for-recovery-efforts\"><span style=\"font-weight: 400;\">version originale<\/span><\/a><span style=\"font-weight: 400;\"> de cet article a \u00e9t\u00e9 publi\u00e9e par l\u2019Agence de d\u00e9veloppement et de secours adventiste.<\/span><\/p>\n<p><span style=\"font-weight: 400;\">Traduction\u00a0: Marie-Mich\u00e8le Robitaille<\/span><\/p>\n","protected":false},"excerpt":{"rendered":"<p>Adventist Health et les Services communautaires adventistes soutiennent les efforts de secours. Le 22 ao\u00fbt 2023 | Silver Spring, Maryland, \u00c9tats-Unis | Actualit\u00e9s de l\u2019Agence de d\u00e9veloppement et de secours&#8230;<\/p>\n","protected":false},"author":3,"featured_media":102340,"comment_status":"closed","ping_status":"closed","sticky":false,"template":"","format":"standard","meta":{"_acf_changed":false,"footnotes":""},"categories":[18,19],"tags":[],"class_list":["post-102423","post","type-post","status-publish","format-standard","has-post-thumbnail","hentry","category-nouvelles-de-leglise-mondiale","category-rss-francais"],"acf":[],"yoast_head":"<!-- This site is optimized with the Yoast SEO plugin v27.3 - https:\/\/yoast.com\/product\/yoast-seo-wordpress\/ -->\n<title>ADRA s\u2019allie avec d\u2019autres organisations adventistes pour aider Hawa\u00ef - \u00c9glise Adventiste Du Septieme Jour - Inter Am\u00e9rique Division<\/title>\n<meta name=\"robots\" content=\"index, follow, max-snippet:-1, max-image-preview:large, max-video-preview:-1\" \/>\n<link rel=\"canonical\" href=\"https:\/\/interamerica.org\/fr\/2023\/08\/adra-sallie-avec-dautres-organisations-adventistes-pour-aider-hawai\/\" \/>\n<meta property=\"og:locale\" content=\"fr_FR\" \/>\n<meta property=\"og:type\" content=\"article\" \/>\n<meta property=\"og:title\" content=\"ADRA s\u2019allie avec d\u2019autres organisations adventistes pour aider Hawa\u00ef - \u00c9glise Adventiste Du Septieme Jour - Inter Am\u00e9rique Division\" \/>\n<meta property=\"og:description\" content=\"Adventist Health et les Services communautaires adventistes soutiennent les efforts de secours. Le 22 ao\u00fbt 2023 | Silver Spring, Maryland, \u00c9tats-Unis | Actualit\u00e9s de l\u2019Agence de d\u00e9veloppement et de secours...\" \/>\n<meta property=\"og:url\" content=\"https:\/\/interamerica.org\/fr\/2023\/08\/adra-sallie-avec-dautres-organisations-adventistes-pour-aider-hawai\/\" \/>\n<meta property=\"og:site_name\" content=\"\u00c9glise Adventiste Du Septieme Jour - Inter Am\u00e9rique Division\" \/>\n<meta property=\"article:published_time\" content=\"2023-08-22T19:58:35+00:00\" \/>\n<meta property=\"article:modified_time\" content=\"2023-08-24T21:05:43+00:00\" \/>\n<meta property=\"og:image\" content=\"https:\/\/interamerica.org\/wp-content\/uploads\/2023\/08\/edmund-garman-creative-commons12935175175-4494ac8d23-k.jpg\" \/>\n\t<meta property=\"og:image:width\" content=\"1000\" \/>\n\t<meta property=\"og:image:height\" content=\"667\" \/>\n\t<meta property=\"og:image:type\" content=\"image\/jpeg\" \/>\n<meta name=\"author\" content=\"libna\" \/>\n<meta name=\"twitter:card\" content=\"summary_large_image\" \/>\n<meta name=\"twitter:label1\" content=\"\u00c9crit par\" \/>\n\t<meta name=\"twitter:data1\" content=\"libna\" \/>\n\t<meta name=\"twitter:label2\" content=\"Dur\u00e9e de lecture estim\u00e9e\" \/>\n\t<meta name=\"twitter:data2\" content=\"4 minutes\" \/>\n<script type=\"application\/ld+json\" class=\"yoast-schema-graph\">{\"@context\":\"https:\\\/\\\/schema.org\",\"@graph\":[{\"@type\":\"Article\",\"@id\":\"https:\\\/\\\/interamerica.org\\\/fr\\\/2023\\\/08\\\/adra-sallie-avec-dautres-organisations-adventistes-pour-aider-hawai\\\/#article\",\"isPartOf\":{\"@id\":\"https:\\\/\\\/interamerica.org\\\/fr\\\/2023\\\/08\\\/adra-sallie-avec-dautres-organisations-adventistes-pour-aider-hawai\\\/\"},\"author\":{\"name\":\"libna\",\"@id\":\"https:\\\/\\\/interamerica.org\\\/fr\\\/#\\\/schema\\\/person\\\/29998f2bc2d8bd0d38662909289b54f1\"},\"headline\":\"ADRA s\u2019allie avec d\u2019autres organisations adventistes pour aider Hawa\u00ef\",\"datePublished\":\"2023-08-22T19:58:35+00:00\",\"dateModified\":\"2023-08-24T21:05:43+00:00\",\"mainEntityOfPage\":{\"@id\":\"https:\\\/\\\/interamerica.org\\\/fr\\\/2023\\\/08\\\/adra-sallie-avec-dautres-organisations-adventistes-pour-aider-hawai\\\/\"},\"wordCount\":843,\"image\":{\"@id\":\"https:\\\/\\\/interamerica.org\\\/fr\\\/2023\\\/08\\\/adra-sallie-avec-dautres-organisations-adventistes-pour-aider-hawai\\\/#primaryimage\"},\"thumbnailUrl\":\"https:\\\/\\\/interamerica.org\\\/wp-content\\\/uploads\\\/2023\\\/08\\\/edmund-garman-creative-commons12935175175-4494ac8d23-k.jpg\",\"articleSection\":[\"Nouvelles de l'\u00c9glise mondiale\",\"RSS Fran\u00e7ais\"],\"inLanguage\":\"fr-FR\"},{\"@type\":\"WebPage\",\"@id\":\"https:\\\/\\\/interamerica.org\\\/fr\\\/2023\\\/08\\\/adra-sallie-avec-dautres-organisations-adventistes-pour-aider-hawai\\\/\",\"url\":\"https:\\\/\\\/interamerica.org\\\/fr\\\/2023\\\/08\\\/adra-sallie-avec-dautres-organisations-adventistes-pour-aider-hawai\\\/\",\"name\":\"ADRA s\u2019allie avec d\u2019autres organisations adventistes pour aider Hawa\u00ef - \u00c9glise Adventiste Du Septieme Jour - Inter Am\u00e9rique Division\",\"isPartOf\":{\"@id\":\"https:\\\/\\\/interamerica.org\\\/fr\\\/#website\"},\"primaryImageOfPage\":{\"@id\":\"https:\\\/\\\/interamerica.org\\\/fr\\\/2023\\\/08\\\/adra-sallie-avec-dautres-organisations-adventistes-pour-aider-hawai\\\/#primaryimage\"},\"image\":{\"@id\":\"https:\\\/\\\/interamerica.org\\\/fr\\\/2023\\\/08\\\/adra-sallie-avec-dautres-organisations-adventistes-pour-aider-hawai\\\/#primaryimage\"},\"thumbnailUrl\":\"https:\\\/\\\/interamerica.org\\\/wp-content\\\/uploads\\\/2023\\\/08\\\/edmund-garman-creative-commons12935175175-4494ac8d23-k.jpg\",\"datePublished\":\"2023-08-22T19:58:35+00:00\",\"dateModified\":\"2023-08-24T21:05:43+00:00\",\"author\":{\"@id\":\"https:\\\/\\\/interamerica.org\\\/fr\\\/#\\\/schema\\\/person\\\/29998f2bc2d8bd0d38662909289b54f1\"},\"breadcrumb\":{\"@id\":\"https:\\\/\\\/interamerica.org\\\/fr\\\/2023\\\/08\\\/adra-sallie-avec-dautres-organisations-adventistes-pour-aider-hawai\\\/#breadcrumb\"},\"inLanguage\":\"fr-FR\",\"potentialAction\":[{\"@type\":\"ReadAction\",\"target\":[\"https:\\\/\\\/interamerica.org\\\/fr\\\/2023\\\/08\\\/adra-sallie-avec-dautres-organisations-adventistes-pour-aider-hawai\\\/\"]}]},{\"@type\":\"ImageObject\",\"inLanguage\":\"fr-FR\",\"@id\":\"https:\\\/\\\/interamerica.org\\\/fr\\\/2023\\\/08\\\/adra-sallie-avec-dautres-organisations-adventistes-pour-aider-hawai\\\/#primaryimage\",\"url\":\"https:\\\/\\\/interamerica.org\\\/wp-content\\\/uploads\\\/2023\\\/08\\\/edmund-garman-creative-commons12935175175-4494ac8d23-k.jpg\",\"contentUrl\":\"https:\\\/\\\/interamerica.org\\\/wp-content\\\/uploads\\\/2023\\\/08\\\/edmund-garman-creative-commons12935175175-4494ac8d23-k.jpg\",\"width\":1000,\"height\":667,\"caption\":\"[Photo: Edmund Garman \\\/ Creative Commons]\"},{\"@type\":\"BreadcrumbList\",\"@id\":\"https:\\\/\\\/interamerica.org\\\/fr\\\/2023\\\/08\\\/adra-sallie-avec-dautres-organisations-adventistes-pour-aider-hawai\\\/#breadcrumb\",\"itemListElement\":[{\"@type\":\"ListItem\",\"position\":1,\"name\":\"Home\",\"item\":\"https:\\\/\\\/interamerica.org\\\/fr\\\/\"},{\"@type\":\"ListItem\",\"position\":2,\"name\":\"ADRA s\u2019allie avec d\u2019autres organisations adventistes pour aider Hawa\u00ef\"}]},{\"@type\":\"WebSite\",\"@id\":\"https:\\\/\\\/interamerica.org\\\/fr\\\/#website\",\"url\":\"https:\\\/\\\/interamerica.org\\\/fr\\\/\",\"name\":\"\u00c9glise Adventiste Du Septieme Jour - Inter Am\u00e9rique Division\",\"description\":\"\",\"potentialAction\":[{\"@type\":\"SearchAction\",\"target\":{\"@type\":\"EntryPoint\",\"urlTemplate\":\"https:\\\/\\\/interamerica.org\\\/fr\\\/?s={search_term_string}\"},\"query-input\":{\"@type\":\"PropertyValueSpecification\",\"valueRequired\":true,\"valueName\":\"search_term_string\"}}],\"inLanguage\":\"fr-FR\"},{\"@type\":\"Person\",\"@id\":\"https:\\\/\\\/interamerica.org\\\/fr\\\/#\\\/schema\\\/person\\\/29998f2bc2d8bd0d38662909289b54f1\",\"name\":\"libna\",\"image\":{\"@type\":\"ImageObject\",\"inLanguage\":\"fr-FR\",\"@id\":\"https:\\\/\\\/secure.gravatar.com\\\/avatar\\\/7c5bd30ae4b47a9ba3c856590957fd1d96dc588bf3ac05719d247e126840331f?s=96&d=mm&r=g\",\"url\":\"https:\\\/\\\/secure.gravatar.com\\\/avatar\\\/7c5bd30ae4b47a9ba3c856590957fd1d96dc588bf3ac05719d247e126840331f?s=96&d=mm&r=g\",\"contentUrl\":\"https:\\\/\\\/secure.gravatar.com\\\/avatar\\\/7c5bd30ae4b47a9ba3c856590957fd1d96dc588bf3ac05719d247e126840331f?s=96&d=mm&r=g\",\"caption\":\"libna\"}}]}<\/script>\n<!-- \/ Yoast SEO plugin. -->","yoast_head_json":{"title":"ADRA s\u2019allie avec d\u2019autres organisations adventistes pour aider Hawa\u00ef - \u00c9glise Adventiste Du Septieme Jour - Inter Am\u00e9rique Division","robots":{"index":"index","follow":"follow","max-snippet":"max-snippet:-1","max-image-preview":"max-image-preview:large","max-video-preview":"max-video-preview:-1"},"canonical":"https:\/\/interamerica.org\/fr\/2023\/08\/adra-sallie-avec-dautres-organisations-adventistes-pour-aider-hawai\/","og_locale":"fr_FR","og_type":"article","og_title":"ADRA s\u2019allie avec d\u2019autres organisations adventistes pour aider Hawa\u00ef - \u00c9glise Adventiste Du Septieme Jour - Inter Am\u00e9rique Division","og_description":"Adventist Health et les Services communautaires adventistes soutiennent les efforts de secours. Le 22 ao\u00fbt 2023 | Silver Spring, Maryland, \u00c9tats-Unis | Actualit\u00e9s de l\u2019Agence de d\u00e9veloppement et de secours...","og_url":"https:\/\/interamerica.org\/fr\/2023\/08\/adra-sallie-avec-dautres-organisations-adventistes-pour-aider-hawai\/","og_site_name":"\u00c9glise Adventiste Du Septieme Jour - Inter Am\u00e9rique Division","article_published_time":"2023-08-22T19:58:35+00:00","article_modified_time":"2023-08-24T21:05:43+00:00","og_image":[{"width":1000,"height":667,"url":"https:\/\/interamerica.org\/wp-content\/uploads\/2023\/08\/edmund-garman-creative-commons12935175175-4494ac8d23-k.jpg","type":"image\/jpeg"}],"author":"libna","twitter_card":"summary_large_image","twitter_misc":{"\u00c9crit par":"libna","Dur\u00e9e de lecture estim\u00e9e":"4 minutes"},"schema":{"@context":"https:\/\/schema.org","@graph":[{"@type":"Article","@id":"https:\/\/interamerica.org\/fr\/2023\/08\/adra-sallie-avec-dautres-organisations-adventistes-pour-aider-hawai\/#article","isPartOf":{"@id":"https:\/\/interamerica.org\/fr\/2023\/08\/adra-sallie-avec-dautres-organisations-adventistes-pour-aider-hawai\/"},"author":{"name":"libna","@id":"https:\/\/interamerica.org\/fr\/#\/schema\/person\/29998f2bc2d8bd0d38662909289b54f1"},"headline":"ADRA s\u2019allie avec d\u2019autres organisations adventistes pour aider Hawa\u00ef","datePublished":"2023-08-22T19:58:35+00:00","dateModified":"2023-08-24T21:05:43+00:00","mainEntityOfPage":{"@id":"https:\/\/interamerica.org\/fr\/2023\/08\/adra-sallie-avec-dautres-organisations-adventistes-pour-aider-hawai\/"},"wordCount":843,"image":{"@id":"https:\/\/interamerica.org\/fr\/2023\/08\/adra-sallie-avec-dautres-organisations-adventistes-pour-aider-hawai\/#primaryimage"},"thumbnailUrl":"https:\/\/interamerica.org\/wp-content\/uploads\/2023\/08\/edmund-garman-creative-commons12935175175-4494ac8d23-k.jpg","articleSection":["Nouvelles de l'\u00c9glise mondiale","RSS Fran\u00e7ais"],"inLanguage":"fr-FR"},{"@type":"WebPage","@id":"https:\/\/interamerica.org\/fr\/2023\/08\/adra-sallie-avec-dautres-organisations-adventistes-pour-aider-hawai\/","url":"https:\/\/interamerica.org\/fr\/2023\/08\/adra-sallie-avec-dautres-organisations-adventistes-pour-aider-hawai\/","name":"ADRA s\u2019allie avec d\u2019autres organisations adventistes pour aider Hawa\u00ef - \u00c9glise Adventiste Du Septieme Jour - Inter Am\u00e9rique Division","isPartOf":{"@id":"https:\/\/interamerica.org\/fr\/#website"},"primaryImageOfPage":{"@id":"https:\/\/interamerica.org\/fr\/2023\/08\/adra-sallie-avec-dautres-organisations-adventistes-pour-aider-hawai\/#primaryimage"},"image":{"@id":"https:\/\/interamerica.org\/fr\/2023\/08\/adra-sallie-avec-dautres-organisations-adventistes-pour-aider-hawai\/#primaryimage"},"thumbnailUrl":"https:\/\/interamerica.org\/wp-content\/uploads\/2023\/08\/edmund-garman-creative-commons12935175175-4494ac8d23-k.jpg","datePublished":"2023-08-22T19:58:35+00:00","dateModified":"2023-08-24T21:05:43+00:00","author":{"@id":"https:\/\/interamerica.org\/fr\/#\/schema\/person\/29998f2bc2d8bd0d38662909289b54f1"},"breadcrumb":{"@id":"https:\/\/interamerica.org\/fr\/2023\/08\/adra-sallie-avec-dautres-organisations-adventistes-pour-aider-hawai\/#breadcrumb"},"inLanguage":"fr-FR","potentialAction":[{"@type":"ReadAction","target":["https:\/\/interamerica.org\/fr\/2023\/08\/adra-sallie-avec-dautres-organisations-adventistes-pour-aider-hawai\/"]}]},{"@type":"ImageObject","inLanguage":"fr-FR","@id":"https:\/\/interamerica.org\/fr\/2023\/08\/adra-sallie-avec-dautres-organisations-adventistes-pour-aider-hawai\/#primaryimage","url":"https:\/\/interamerica.org\/wp-content\/uploads\/2023\/08\/edmund-garman-creative-commons12935175175-4494ac8d23-k.jpg","contentUrl":"https:\/\/interamerica.org\/wp-content\/uploads\/2023\/08\/edmund-garman-creative-commons12935175175-4494ac8d23-k.jpg","width":1000,"height":667,"caption":"[Photo: Edmund Garman \/ Creative Commons]"},{"@type":"BreadcrumbList","@id":"https:\/\/interamerica.org\/fr\/2023\/08\/adra-sallie-avec-dautres-organisations-adventistes-pour-aider-hawai\/#breadcrumb","itemListElement":[{"@type":"ListItem","position":1,"name":"Home","item":"https:\/\/interamerica.org\/fr\/"},{"@type":"ListItem","position":2,"name":"ADRA s\u2019allie avec d\u2019autres organisations adventistes pour aider Hawa\u00ef"}]},{"@type":"WebSite","@id":"https:\/\/interamerica.org\/fr\/#website","url":"https:\/\/interamerica.org\/fr\/","name":"\u00c9glise Adventiste Du Septieme Jour - Inter Am\u00e9rique Division","description":"","potentialAction":[{"@type":"SearchAction","target":{"@type":"EntryPoint","urlTemplate":"https:\/\/interamerica.org\/fr\/?s={search_term_string}"},"query-input":{"@type":"PropertyValueSpecification","valueRequired":true,"valueName":"search_term_string"}}],"inLanguage":"fr-FR"},{"@type":"Person","@id":"https:\/\/interamerica.org\/fr\/#\/schema\/person\/29998f2bc2d8bd0d38662909289b54f1","name":"libna","image":{"@type":"ImageObject","inLanguage":"fr-FR","@id":"https:\/\/secure.gravatar.com\/avatar\/7c5bd30ae4b47a9ba3c856590957fd1d96dc588bf3ac05719d247e126840331f?s=96&d=mm&r=g","url":"https:\/\/secure.gravatar.com\/avatar\/7c5bd30ae4b47a9ba3c856590957fd1d96dc588bf3ac05719d247e126840331f?s=96&d=mm&r=g","contentUrl":"https:\/\/secure.gravatar.com\/avatar\/7c5bd30ae4b47a9ba3c856590957fd1d96dc588bf3ac05719d247e126840331f?s=96&d=mm&r=g","caption":"libna"}}]}},"_links":{"self":[{"href":"https:\/\/interamerica.org\/fr\/wp-json\/wp\/v2\/posts\/102423","targetHints":{"allow":["GET"]}}],"collection":[{"href":"https:\/\/interamerica.org\/fr\/wp-json\/wp\/v2\/posts"}],"about":[{"href":"https:\/\/interamerica.org\/fr\/wp-json\/wp\/v2\/types\/post"}],"author":[{"embeddable":true,"href":"https:\/\/interamerica.org\/fr\/wp-json\/wp\/v2\/users\/3"}],"replies":[{"embeddable":true,"href":"https:\/\/interamerica.org\/fr\/wp-json\/wp\/v2\/comments?post=102423"}],"version-history":[{"count":0,"href":"https:\/\/interamerica.org\/fr\/wp-json\/wp\/v2\/posts\/102423\/revisions"}],"wp:featuredmedia":[{"embeddable":true,"href":"https:\/\/interamerica.org\/fr\/wp-json\/wp\/v2\/media\/102340"}],"wp:attachment":[{"href":"https:\/\/interamerica.org\/fr\/wp-json\/wp\/v2\/media?parent=102423"}],"wp:term":[{"taxonomy":"category","embeddable":true,"href":"https:\/\/interamerica.org\/fr\/wp-json\/wp\/v2\/categories?post=102423"},{"taxonomy":"post_tag","embeddable":true,"href":"https:\/\/interamerica.org\/fr\/wp-json\/wp\/v2\/tags?post=102423"}],"curies":[{"name":"wp","href":"https:\/\/api.w.org\/{rel}","templated":true}]}}