{"id":102598,"date":"2023-08-28T12:12:43","date_gmt":"2023-08-28T16:12:43","guid":{"rendered":"https:\/\/interamerica.org\/?p=102598"},"modified":"2023-08-29T09:52:13","modified_gmt":"2023-08-29T13:52:13","slug":"les-adventistes-du-vietnam-celebrent-des-centaines-de-baptemes","status":"publish","type":"post","link":"https:\/\/interamerica.org\/fr\/2023\/08\/les-adventistes-du-vietnam-celebrent-des-centaines-de-baptemes\/","title":{"rendered":"Les adventistes du Vietnam c\u00e9l\u00e8brent des centaines de bapt\u00eames"},"content":{"rendered":"<h4><b>Plus de 370 personnes ont \u00e9t\u00e9 baptis\u00e9es, une premi\u00e8re pour l\u2019\u00c9glise adventiste dans ce pays.<\/b><\/h4>\n<h4><span style=\"font-weight: 400;\">Le 28 ao\u00fbt 2023 | Vietnam | Mission du Vietnam, Division du sud de l\u2019Asie et du Pacifique et <\/span><i><span style=\"font-weight: 400;\">Adventist Review<\/span><\/i><\/h4>\n<p><span style=\"font-weight: 400;\">L\u2019\u00c9glise adventiste du septi\u00e8me jour au Vietnam a assist\u00e9 \u00e0 un jalon historique lors de la c\u00e9r\u00e9monie de bapt\u00eames ph\u00e9nom\u00e9nale qui a eu lieu sur plusieurs sites au pays lors du dernier samedi (sabbat) du mois de juillet.<\/span><\/p>\n<p><span style=\"font-weight: 400;\">En effet, plus de 370\u00a0personnes ont confirm\u00e9 leur foi en devenant membres de la communaut\u00e9 adventiste. D\u2019apr\u00e8s les dirigeants, ce fut un \u00e9norme pas en avant pour la mission de l\u2019\u00c9glise adventiste au Vietnam.<\/span><\/p>\n<p><div id=\"attachment_102545\" style=\"width: 869px\" class=\"wp-caption aligncenter\"><img fetchpriority=\"high\" decoding=\"async\" aria-describedby=\"caption-attachment-102545\" class=\" wp-image-102544\" src=\"https:\/\/interamerica.org\/wp-content\/uploads\/2023\/08\/vietnam-1-1024x683.jpeg\" alt=\"\" width=\"859\" height=\"573\" srcset=\"https:\/\/interamerica.org\/wp-content\/uploads\/2023\/08\/vietnam-1-1024x683.jpeg 1024w, https:\/\/interamerica.org\/wp-content\/uploads\/2023\/08\/vietnam-1-300x200.jpeg 300w, https:\/\/interamerica.org\/wp-content\/uploads\/2023\/08\/vietnam-1-768x512.jpeg 768w, https:\/\/interamerica.org\/wp-content\/uploads\/2023\/08\/vietnam-1-1536x1025.jpeg 1536w, https:\/\/interamerica.org\/wp-content\/uploads\/2023\/08\/vietnam-1.jpeg 2048w\" sizes=\"(max-width: 859px) 100vw, 859px\" \/><p id=\"caption-attachment-102545\" class=\"wp-caption-text\"><span style=\"font-weight: 400;\">[Une photo de la Mission du Vietnam]<\/span><\/p><\/div><span style=\"font-weight: 400;\">L\u2019\u00e9v\u00e9nement marquait l\u2019aboutissement d\u2019efforts de toute une ann\u00e9e par la Mission du Vietnam, men\u00e9e par la direction de l\u2019Union de missions de l\u2019Asie du Sud-Est. La mission du Vietnam a donc r\u00e9uni ses membres dans une manifestation extraordinaire d\u2019unit\u00e9, de d\u00e9vouement et d\u2019\u00e9vang\u00e9lisation, efforts qui ont permis une abondante r\u00e9colte spirituelle, selon les dirigeants r\u00e9gionaux de l\u2019\u00c9glise.<\/span><\/p>\n<p><span style=\"font-weight: 400;\">Des centaines de groupes de soins ont \u00e9t\u00e9 form\u00e9s dans le cadre d\u2019un \u00e9change avec la communaut\u00e9 locale, r\u00e9pondant ainsi aux int\u00e9r\u00eats des gens et d\u00e9veloppant des contacts. La distribution de ressources \u00e9vang\u00e9liques par des \u00e9vang\u00e9listes colporteurs, des dirigeants d\u2019\u00e9glise et des b\u00e9n\u00e9voles a jou\u00e9 un r\u00f4le essentiel dans la propagation du message de l\u2019\u00c9glise, toujours d\u2019apr\u00e8s les dirigeants. De plus, la mission du Vietnam a utilis\u00e9 la technologie moderne en offrant des \u00e9tudes de la Bible en pr\u00e9sentiel, mais \u00e9galement en ligne gr\u00e2ce \u00e0 des plateformes comme Zoom pour interagir avec les gens qui \u00e9taient g\u00e9ographiquement trop \u00e9loign\u00e9s.<\/span><\/p>\n<p><span style=\"font-weight: 400;\">Les dirigeants ont \u00e9galement expliqu\u00e9 que le d\u00e9vouement des membres d\u2019\u00e9glise en mati\u00e8re de participation communautaire a, lui aussi, \u00e9t\u00e9 tr\u00e8s important quant \u00e0 l\u2019impact positif qu\u2019ils ont pu avoir. Plusieurs initiatives ont \u00e9t\u00e9 men\u00e9es\u00a0: des repas ont \u00e9t\u00e9 distribu\u00e9s gratuitement, des bilans de sant\u00e9 et de l\u2019aide aux personnes d\u00e9munies ont \u00e9t\u00e9 offerts, certains sites ext\u00e9rieurs ont \u00e9t\u00e9 nettoy\u00e9s; toutes des activit\u00e9s qui ont mis en \u00e9vidence la valeur fondamentale adventiste du septi\u00e8me jour qui consiste \u00e0 prendre soin des autres.<\/span><\/p>\n<p><span style=\"font-weight: 400;\">\u00ab\u00a0Ce bapt\u00eame de masse t\u00e9moigne du pouvoir de l\u2019unit\u00e9 et de la compassion, a dit Tran Thanh Truyen, pr\u00e9sident de la Mission du Vietnam. Je suis si heureux de voir autant d\u2019\u00e2mes \u00eatre accueillies dans le royaume de Dieu. Je suis \u00e9galement encourag\u00e9 de voir nos membres \u00e0 l\u2019\u0153uvre ensemble pour r\u00e9pandre l\u2019amour de Dieu parmi les gens qui les entourent. Notre \u00c9glise survit gr\u00e2ce \u00e0 la mission.\u00a0\u00bb\u00a0<\/span><\/p>\n<p><b>Histoires de conversion<\/b><\/p>\n<p><span style=\"font-weight: 400;\">Les r\u00e9unions furent remplies de beaux moments qui ont marqu\u00e9 tous ceux qui y \u00e9taient, ont partag\u00e9 les dirigeants de l\u2019\u00c9glise. Apr\u00e8s des mois d\u2019\u00e9tude de la Bible, une pasteure d\u2019une autre d\u00e9nomination est arriv\u00e9e avec sa congr\u00e9gation pour \u00eatre baptis\u00e9e, pr\u00e9sentant un esprit de collaboration et une compr\u00e9hension qui transcende les fronti\u00e8res religieuses. Son mari et ses enfants ont \u00e9galement re\u00e7u J\u00e9sus comme Sauveur personnel par le bapt\u00eame.<\/span><\/p>\n<p><span style=\"font-weight: 400;\">Le dirigeant d\u2019un groupe autrefois distinct a \u00e9galement d\u00e9cid\u00e9 d\u2019accepter J\u00e9sus comme Sauveur et est devenu membre de l\u2019\u00c9glise, s\u2019engageant \u00e0 se joindre aux efforts de partage de l\u2019\u00c9vangile. D\u2019apr\u00e8s les dirigeants, d\u2019autres se sont joints \u00e0 lui et ont emprunt\u00e9 cette nouvelle voie spirituelle, \u00e9cho d\u2019une d\u00e9cision bien r\u00e9fl\u00e9chie.<\/span><\/p>\n<p><span style=\"font-weight: 400;\">\u00ab\u00a0Alors que le bapt\u00eame est un \u00e9v\u00e9nement solennel, il marque \u00e9galement le d\u00e9but d\u2019une aventure excitante de foi.\u00a0\u00bb C\u2019est ce que les dirigeants d\u2019\u00e9glise ont rappel\u00e9 aux nouveaux membres et aux t\u00e9moins pr\u00e9sents. Voil\u00e0 pourquoi la Mission du Vietnam a offert un exemplaire de la Bible \u00e0 chaque nouveau membre. L\u2019achat de ces Bibles a \u00e9t\u00e9 financ\u00e9 par des personnes vivant \u00e0 l\u2019\u00e9tranger, mais qui soutiennent ce mouvement. \u00ab\u00a0Gr\u00e2ce \u00e0 ce cadeau, les nouveaux membres ont les ressources dont ils ont besoin pour poursuivre leur \u00e9tude et leur croissance\u00a0\u00bb, ont-ils dit.<\/span><\/p>\n<p><span style=\"font-weight: 400;\">La <\/span><a href=\"http:\/\/www.adventist.asia\/news\/milestone-for-the-adventist-church-in-vietnam-celebrates-multiple-baptisms\/\"><span style=\"font-weight: 400;\">version originale<\/span><\/a><span style=\"font-weight: 400;\"> de cet article a \u00e9t\u00e9 publi\u00e9e sur le <\/span><a href=\"http:\/\/www.adventist.asia\/news\/\"><span style=\"font-weight: 400;\">site des actualit\u00e9s<\/span><\/a><span style=\"font-weight: 400;\"> de la Division du sud de l\u2019Asie et du Pacifique.<\/span><\/p>\n<p><span style=\"font-weight: 400;\">Traduction\u00a0: Marie-Mich\u00e8le Robitaille<\/span><\/p>\n","protected":false},"excerpt":{"rendered":"<p>Plus de 370 personnes ont \u00e9t\u00e9 baptis\u00e9es, une premi\u00e8re pour l\u2019\u00c9glise adventiste dans ce pays. Le 28 ao\u00fbt 2023 | Vietnam | Mission du Vietnam, Division du sud de l\u2019Asie&#8230;<\/p>\n","protected":false},"author":3,"featured_media":102545,"comment_status":"closed","ping_status":"closed","sticky":false,"template":"","format":"standard","meta":{"_acf_changed":false,"footnotes":""},"categories":[18,19],"tags":[],"class_list":["post-102598","post","type-post","status-publish","format-standard","has-post-thumbnail","hentry","category-nouvelles-de-leglise-mondiale","category-rss-francais"],"acf":[],"yoast_head":"<!-- This site is optimized with the Yoast SEO plugin v27.3 - https:\/\/yoast.com\/product\/yoast-seo-wordpress\/ -->\n<title>Les adventistes du Vietnam c\u00e9l\u00e8brent des centaines de bapt\u00eames - \u00c9glise Adventiste Du Septieme Jour - Inter Am\u00e9rique Division<\/title>\n<meta name=\"robots\" content=\"index, follow, max-snippet:-1, max-image-preview:large, max-video-preview:-1\" \/>\n<link rel=\"canonical\" href=\"https:\/\/interamerica.org\/fr\/2023\/08\/les-adventistes-du-vietnam-celebrent-des-centaines-de-baptemes\/\" \/>\n<meta property=\"og:locale\" content=\"fr_FR\" \/>\n<meta property=\"og:type\" content=\"article\" \/>\n<meta property=\"og:title\" content=\"Les adventistes du Vietnam c\u00e9l\u00e8brent des centaines de bapt\u00eames - \u00c9glise Adventiste Du Septieme Jour - Inter Am\u00e9rique Division\" \/>\n<meta property=\"og:description\" content=\"Plus de 370 personnes ont \u00e9t\u00e9 baptis\u00e9es, une premi\u00e8re pour l\u2019\u00c9glise adventiste dans ce pays. Le 28 ao\u00fbt 2023 | Vietnam | Mission du Vietnam, Division du sud de l\u2019Asie...\" \/>\n<meta property=\"og:url\" content=\"https:\/\/interamerica.org\/fr\/2023\/08\/les-adventistes-du-vietnam-celebrent-des-centaines-de-baptemes\/\" \/>\n<meta property=\"og:site_name\" content=\"\u00c9glise Adventiste Du Septieme Jour - Inter Am\u00e9rique Division\" \/>\n<meta property=\"article:published_time\" content=\"2023-08-28T16:12:43+00:00\" \/>\n<meta property=\"article:modified_time\" content=\"2023-08-29T13:52:13+00:00\" \/>\n<meta property=\"og:image\" content=\"https:\/\/interamerica.org\/wp-content\/uploads\/2023\/08\/vietnam-1.jpeg\" \/>\n\t<meta property=\"og:image:width\" content=\"2048\" \/>\n\t<meta property=\"og:image:height\" content=\"1366\" \/>\n\t<meta property=\"og:image:type\" content=\"image\/jpeg\" \/>\n<meta name=\"author\" content=\"libna\" \/>\n<meta name=\"twitter:card\" content=\"summary_large_image\" \/>\n<meta name=\"twitter:label1\" content=\"\u00c9crit par\" \/>\n\t<meta name=\"twitter:data1\" content=\"libna\" \/>\n\t<meta name=\"twitter:label2\" content=\"Dur\u00e9e de lecture estim\u00e9e\" \/>\n\t<meta name=\"twitter:data2\" content=\"4 minutes\" \/>\n<script type=\"application\/ld+json\" class=\"yoast-schema-graph\">{\"@context\":\"https:\\\/\\\/schema.org\",\"@graph\":[{\"@type\":\"Article\",\"@id\":\"https:\\\/\\\/interamerica.org\\\/fr\\\/2023\\\/08\\\/les-adventistes-du-vietnam-celebrent-des-centaines-de-baptemes\\\/#article\",\"isPartOf\":{\"@id\":\"https:\\\/\\\/interamerica.org\\\/fr\\\/2023\\\/08\\\/les-adventistes-du-vietnam-celebrent-des-centaines-de-baptemes\\\/\"},\"author\":{\"name\":\"libna\",\"@id\":\"https:\\\/\\\/interamerica.org\\\/fr\\\/#\\\/schema\\\/person\\\/29998f2bc2d8bd0d38662909289b54f1\"},\"headline\":\"Les adventistes du Vietnam c\u00e9l\u00e8brent des centaines de bapt\u00eames\",\"datePublished\":\"2023-08-28T16:12:43+00:00\",\"dateModified\":\"2023-08-29T13:52:13+00:00\",\"mainEntityOfPage\":{\"@id\":\"https:\\\/\\\/interamerica.org\\\/fr\\\/2023\\\/08\\\/les-adventistes-du-vietnam-celebrent-des-centaines-de-baptemes\\\/\"},\"wordCount\":781,\"image\":{\"@id\":\"https:\\\/\\\/interamerica.org\\\/fr\\\/2023\\\/08\\\/les-adventistes-du-vietnam-celebrent-des-centaines-de-baptemes\\\/#primaryimage\"},\"thumbnailUrl\":\"https:\\\/\\\/interamerica.org\\\/wp-content\\\/uploads\\\/2023\\\/08\\\/vietnam-1.jpeg\",\"articleSection\":[\"Nouvelles de l'\u00c9glise mondiale\",\"RSS Fran\u00e7ais\"],\"inLanguage\":\"fr-FR\"},{\"@type\":\"WebPage\",\"@id\":\"https:\\\/\\\/interamerica.org\\\/fr\\\/2023\\\/08\\\/les-adventistes-du-vietnam-celebrent-des-centaines-de-baptemes\\\/\",\"url\":\"https:\\\/\\\/interamerica.org\\\/fr\\\/2023\\\/08\\\/les-adventistes-du-vietnam-celebrent-des-centaines-de-baptemes\\\/\",\"name\":\"Les adventistes du Vietnam c\u00e9l\u00e8brent des centaines de bapt\u00eames - \u00c9glise Adventiste Du Septieme Jour - Inter Am\u00e9rique Division\",\"isPartOf\":{\"@id\":\"https:\\\/\\\/interamerica.org\\\/fr\\\/#website\"},\"primaryImageOfPage\":{\"@id\":\"https:\\\/\\\/interamerica.org\\\/fr\\\/2023\\\/08\\\/les-adventistes-du-vietnam-celebrent-des-centaines-de-baptemes\\\/#primaryimage\"},\"image\":{\"@id\":\"https:\\\/\\\/interamerica.org\\\/fr\\\/2023\\\/08\\\/les-adventistes-du-vietnam-celebrent-des-centaines-de-baptemes\\\/#primaryimage\"},\"thumbnailUrl\":\"https:\\\/\\\/interamerica.org\\\/wp-content\\\/uploads\\\/2023\\\/08\\\/vietnam-1.jpeg\",\"datePublished\":\"2023-08-28T16:12:43+00:00\",\"dateModified\":\"2023-08-29T13:52:13+00:00\",\"author\":{\"@id\":\"https:\\\/\\\/interamerica.org\\\/fr\\\/#\\\/schema\\\/person\\\/29998f2bc2d8bd0d38662909289b54f1\"},\"breadcrumb\":{\"@id\":\"https:\\\/\\\/interamerica.org\\\/fr\\\/2023\\\/08\\\/les-adventistes-du-vietnam-celebrent-des-centaines-de-baptemes\\\/#breadcrumb\"},\"inLanguage\":\"fr-FR\",\"potentialAction\":[{\"@type\":\"ReadAction\",\"target\":[\"https:\\\/\\\/interamerica.org\\\/fr\\\/2023\\\/08\\\/les-adventistes-du-vietnam-celebrent-des-centaines-de-baptemes\\\/\"]}]},{\"@type\":\"ImageObject\",\"inLanguage\":\"fr-FR\",\"@id\":\"https:\\\/\\\/interamerica.org\\\/fr\\\/2023\\\/08\\\/les-adventistes-du-vietnam-celebrent-des-centaines-de-baptemes\\\/#primaryimage\",\"url\":\"https:\\\/\\\/interamerica.org\\\/wp-content\\\/uploads\\\/2023\\\/08\\\/vietnam-1.jpeg\",\"contentUrl\":\"https:\\\/\\\/interamerica.org\\\/wp-content\\\/uploads\\\/2023\\\/08\\\/vietnam-1.jpeg\",\"width\":2048,\"height\":1366,\"caption\":\"[Photo: Vietnam Mission]\"},{\"@type\":\"BreadcrumbList\",\"@id\":\"https:\\\/\\\/interamerica.org\\\/fr\\\/2023\\\/08\\\/les-adventistes-du-vietnam-celebrent-des-centaines-de-baptemes\\\/#breadcrumb\",\"itemListElement\":[{\"@type\":\"ListItem\",\"position\":1,\"name\":\"Home\",\"item\":\"https:\\\/\\\/interamerica.org\\\/fr\\\/\"},{\"@type\":\"ListItem\",\"position\":2,\"name\":\"Les adventistes du Vietnam c\u00e9l\u00e8brent des centaines de bapt\u00eames\"}]},{\"@type\":\"WebSite\",\"@id\":\"https:\\\/\\\/interamerica.org\\\/fr\\\/#website\",\"url\":\"https:\\\/\\\/interamerica.org\\\/fr\\\/\",\"name\":\"\u00c9glise Adventiste Du Septieme Jour - Inter Am\u00e9rique Division\",\"description\":\"\",\"potentialAction\":[{\"@type\":\"SearchAction\",\"target\":{\"@type\":\"EntryPoint\",\"urlTemplate\":\"https:\\\/\\\/interamerica.org\\\/fr\\\/?s={search_term_string}\"},\"query-input\":{\"@type\":\"PropertyValueSpecification\",\"valueRequired\":true,\"valueName\":\"search_term_string\"}}],\"inLanguage\":\"fr-FR\"},{\"@type\":\"Person\",\"@id\":\"https:\\\/\\\/interamerica.org\\\/fr\\\/#\\\/schema\\\/person\\\/29998f2bc2d8bd0d38662909289b54f1\",\"name\":\"libna\",\"image\":{\"@type\":\"ImageObject\",\"inLanguage\":\"fr-FR\",\"@id\":\"https:\\\/\\\/secure.gravatar.com\\\/avatar\\\/7c5bd30ae4b47a9ba3c856590957fd1d96dc588bf3ac05719d247e126840331f?s=96&d=mm&r=g\",\"url\":\"https:\\\/\\\/secure.gravatar.com\\\/avatar\\\/7c5bd30ae4b47a9ba3c856590957fd1d96dc588bf3ac05719d247e126840331f?s=96&d=mm&r=g\",\"contentUrl\":\"https:\\\/\\\/secure.gravatar.com\\\/avatar\\\/7c5bd30ae4b47a9ba3c856590957fd1d96dc588bf3ac05719d247e126840331f?s=96&d=mm&r=g\",\"caption\":\"libna\"}}]}<\/script>\n<!-- \/ Yoast SEO plugin. -->","yoast_head_json":{"title":"Les adventistes du Vietnam c\u00e9l\u00e8brent des centaines de bapt\u00eames - \u00c9glise Adventiste Du Septieme Jour - Inter Am\u00e9rique Division","robots":{"index":"index","follow":"follow","max-snippet":"max-snippet:-1","max-image-preview":"max-image-preview:large","max-video-preview":"max-video-preview:-1"},"canonical":"https:\/\/interamerica.org\/fr\/2023\/08\/les-adventistes-du-vietnam-celebrent-des-centaines-de-baptemes\/","og_locale":"fr_FR","og_type":"article","og_title":"Les adventistes du Vietnam c\u00e9l\u00e8brent des centaines de bapt\u00eames - \u00c9glise Adventiste Du Septieme Jour - Inter Am\u00e9rique Division","og_description":"Plus de 370 personnes ont \u00e9t\u00e9 baptis\u00e9es, une premi\u00e8re pour l\u2019\u00c9glise adventiste dans ce pays. Le 28 ao\u00fbt 2023 | Vietnam | Mission du Vietnam, Division du sud de l\u2019Asie...","og_url":"https:\/\/interamerica.org\/fr\/2023\/08\/les-adventistes-du-vietnam-celebrent-des-centaines-de-baptemes\/","og_site_name":"\u00c9glise Adventiste Du Septieme Jour - Inter Am\u00e9rique Division","article_published_time":"2023-08-28T16:12:43+00:00","article_modified_time":"2023-08-29T13:52:13+00:00","og_image":[{"width":2048,"height":1366,"url":"https:\/\/interamerica.org\/wp-content\/uploads\/2023\/08\/vietnam-1.jpeg","type":"image\/jpeg"}],"author":"libna","twitter_card":"summary_large_image","twitter_misc":{"\u00c9crit par":"libna","Dur\u00e9e de lecture estim\u00e9e":"4 minutes"},"schema":{"@context":"https:\/\/schema.org","@graph":[{"@type":"Article","@id":"https:\/\/interamerica.org\/fr\/2023\/08\/les-adventistes-du-vietnam-celebrent-des-centaines-de-baptemes\/#article","isPartOf":{"@id":"https:\/\/interamerica.org\/fr\/2023\/08\/les-adventistes-du-vietnam-celebrent-des-centaines-de-baptemes\/"},"author":{"name":"libna","@id":"https:\/\/interamerica.org\/fr\/#\/schema\/person\/29998f2bc2d8bd0d38662909289b54f1"},"headline":"Les adventistes du Vietnam c\u00e9l\u00e8brent des centaines de bapt\u00eames","datePublished":"2023-08-28T16:12:43+00:00","dateModified":"2023-08-29T13:52:13+00:00","mainEntityOfPage":{"@id":"https:\/\/interamerica.org\/fr\/2023\/08\/les-adventistes-du-vietnam-celebrent-des-centaines-de-baptemes\/"},"wordCount":781,"image":{"@id":"https:\/\/interamerica.org\/fr\/2023\/08\/les-adventistes-du-vietnam-celebrent-des-centaines-de-baptemes\/#primaryimage"},"thumbnailUrl":"https:\/\/interamerica.org\/wp-content\/uploads\/2023\/08\/vietnam-1.jpeg","articleSection":["Nouvelles de l'\u00c9glise mondiale","RSS Fran\u00e7ais"],"inLanguage":"fr-FR"},{"@type":"WebPage","@id":"https:\/\/interamerica.org\/fr\/2023\/08\/les-adventistes-du-vietnam-celebrent-des-centaines-de-baptemes\/","url":"https:\/\/interamerica.org\/fr\/2023\/08\/les-adventistes-du-vietnam-celebrent-des-centaines-de-baptemes\/","name":"Les adventistes du Vietnam c\u00e9l\u00e8brent des centaines de bapt\u00eames - \u00c9glise Adventiste Du Septieme Jour - Inter Am\u00e9rique Division","isPartOf":{"@id":"https:\/\/interamerica.org\/fr\/#website"},"primaryImageOfPage":{"@id":"https:\/\/interamerica.org\/fr\/2023\/08\/les-adventistes-du-vietnam-celebrent-des-centaines-de-baptemes\/#primaryimage"},"image":{"@id":"https:\/\/interamerica.org\/fr\/2023\/08\/les-adventistes-du-vietnam-celebrent-des-centaines-de-baptemes\/#primaryimage"},"thumbnailUrl":"https:\/\/interamerica.org\/wp-content\/uploads\/2023\/08\/vietnam-1.jpeg","datePublished":"2023-08-28T16:12:43+00:00","dateModified":"2023-08-29T13:52:13+00:00","author":{"@id":"https:\/\/interamerica.org\/fr\/#\/schema\/person\/29998f2bc2d8bd0d38662909289b54f1"},"breadcrumb":{"@id":"https:\/\/interamerica.org\/fr\/2023\/08\/les-adventistes-du-vietnam-celebrent-des-centaines-de-baptemes\/#breadcrumb"},"inLanguage":"fr-FR","potentialAction":[{"@type":"ReadAction","target":["https:\/\/interamerica.org\/fr\/2023\/08\/les-adventistes-du-vietnam-celebrent-des-centaines-de-baptemes\/"]}]},{"@type":"ImageObject","inLanguage":"fr-FR","@id":"https:\/\/interamerica.org\/fr\/2023\/08\/les-adventistes-du-vietnam-celebrent-des-centaines-de-baptemes\/#primaryimage","url":"https:\/\/interamerica.org\/wp-content\/uploads\/2023\/08\/vietnam-1.jpeg","contentUrl":"https:\/\/interamerica.org\/wp-content\/uploads\/2023\/08\/vietnam-1.jpeg","width":2048,"height":1366,"caption":"[Photo: Vietnam Mission]"},{"@type":"BreadcrumbList","@id":"https:\/\/interamerica.org\/fr\/2023\/08\/les-adventistes-du-vietnam-celebrent-des-centaines-de-baptemes\/#breadcrumb","itemListElement":[{"@type":"ListItem","position":1,"name":"Home","item":"https:\/\/interamerica.org\/fr\/"},{"@type":"ListItem","position":2,"name":"Les adventistes du Vietnam c\u00e9l\u00e8brent des centaines de bapt\u00eames"}]},{"@type":"WebSite","@id":"https:\/\/interamerica.org\/fr\/#website","url":"https:\/\/interamerica.org\/fr\/","name":"\u00c9glise Adventiste Du Septieme Jour - Inter Am\u00e9rique Division","description":"","potentialAction":[{"@type":"SearchAction","target":{"@type":"EntryPoint","urlTemplate":"https:\/\/interamerica.org\/fr\/?s={search_term_string}"},"query-input":{"@type":"PropertyValueSpecification","valueRequired":true,"valueName":"search_term_string"}}],"inLanguage":"fr-FR"},{"@type":"Person","@id":"https:\/\/interamerica.org\/fr\/#\/schema\/person\/29998f2bc2d8bd0d38662909289b54f1","name":"libna","image":{"@type":"ImageObject","inLanguage":"fr-FR","@id":"https:\/\/secure.gravatar.com\/avatar\/7c5bd30ae4b47a9ba3c856590957fd1d96dc588bf3ac05719d247e126840331f?s=96&d=mm&r=g","url":"https:\/\/secure.gravatar.com\/avatar\/7c5bd30ae4b47a9ba3c856590957fd1d96dc588bf3ac05719d247e126840331f?s=96&d=mm&r=g","contentUrl":"https:\/\/secure.gravatar.com\/avatar\/7c5bd30ae4b47a9ba3c856590957fd1d96dc588bf3ac05719d247e126840331f?s=96&d=mm&r=g","caption":"libna"}}]}},"_links":{"self":[{"href":"https:\/\/interamerica.org\/fr\/wp-json\/wp\/v2\/posts\/102598","targetHints":{"allow":["GET"]}}],"collection":[{"href":"https:\/\/interamerica.org\/fr\/wp-json\/wp\/v2\/posts"}],"about":[{"href":"https:\/\/interamerica.org\/fr\/wp-json\/wp\/v2\/types\/post"}],"author":[{"embeddable":true,"href":"https:\/\/interamerica.org\/fr\/wp-json\/wp\/v2\/users\/3"}],"replies":[{"embeddable":true,"href":"https:\/\/interamerica.org\/fr\/wp-json\/wp\/v2\/comments?post=102598"}],"version-history":[{"count":0,"href":"https:\/\/interamerica.org\/fr\/wp-json\/wp\/v2\/posts\/102598\/revisions"}],"wp:featuredmedia":[{"embeddable":true,"href":"https:\/\/interamerica.org\/fr\/wp-json\/wp\/v2\/media\/102545"}],"wp:attachment":[{"href":"https:\/\/interamerica.org\/fr\/wp-json\/wp\/v2\/media?parent=102598"}],"wp:term":[{"taxonomy":"category","embeddable":true,"href":"https:\/\/interamerica.org\/fr\/wp-json\/wp\/v2\/categories?post=102598"},{"taxonomy":"post_tag","embeddable":true,"href":"https:\/\/interamerica.org\/fr\/wp-json\/wp\/v2\/tags?post=102598"}],"curies":[{"name":"wp","href":"https:\/\/api.w.org\/{rel}","templated":true}]}}