{"id":102777,"date":"2023-09-01T12:36:13","date_gmt":"2023-09-01T16:36:13","guid":{"rendered":"https:\/\/interamerica.org\/?p=102777"},"modified":"2023-09-01T13:35:27","modified_gmt":"2023-09-01T17:35:27","slug":"journee-des-laics","status":"publish","type":"post","link":"https:\/\/interamerica.org\/fr\/2023\/09\/journee-des-laics\/","title":{"rendered":"Journ\u00e9e des La\u00efcs"},"content":{"rendered":"<p><em>Ci-dessous, un message adress\u00e9 \u00e0 l\u2019\u00c9glise adventiste du septi\u00e8me jour par le pr\u00e9sident de la Division Inter Am\u00e9ricaine, Elie Henry \u2013 \u00c9quipe de Presse de la DIA<\/em><\/p>\n<p><span class=\"Y2IQFc\" lang=\"fr\">1er septembre <\/span>2023 | Miami, Florida, \u00c9tats-Unis, | Elie Henry, pr\u00e9sident de l\u2019\u00c9glise Adventiste du Septi\u00e8me jour en Inter Am\u00e9rique<\/p>\n<p><span style=\"font-weight: 400;\">Bonjour s\u0153urs et fr\u00e8res de l&rsquo;Interam\u00e9rique, bon Sabbat !<\/span><\/p>\n<p><span style=\"font-weight: 400;\">Aujourd&rsquo;hui, nous c\u00e9l\u00e9brons et honorons le r\u00f4le important jou\u00e9 par les la\u00efcs adventistes du septi\u00e8me jour. Leur d\u00e9vouement, leur engagement et leur amour pour l&rsquo;\u0153uvre de Dieu sont essentiels pour mener \u00e0 bien la mission de partager le message d&rsquo;espoir et de salut et, en m\u00eame temps, ils sont un exemple inspirant comment vivre la foi au quotidien.<\/span><span style=\"font-weight: 400;\">\u00a0<\/span><\/p>\n<p><span style=\"font-weight: 400;\">Chers la\u00efcs, votre travail dans l&rsquo;\u00c9glise et dans la soci\u00e9t\u00e9 refl\u00e8te l&rsquo;amour du Christ et votre d\u00e9sir de faire une diff\u00e9rence dans le monde qui nous entoure. Vous \u00eates des ambassadeurs de la v\u00e9rit\u00e9 et de la compassion, et votre influence positive s&rsquo;\u00e9tend \u00e0 tous les coins de nos communaut\u00e9s.<\/span><\/p>\n<p><span style=\"font-weight: 400;\">Par cons\u00e9quent, aujourd&rsquo;hui, nous voulons vous remercier pour votre d\u00e9vouement ind\u00e9fectible, votre esprit de service d\u00e9sint\u00e9ress\u00e9 et votre contribution inestimable \u00e0 l&rsquo;expansion du Royaume de Dieu. Chacun de vous est une pi\u00e8ce essentielle du puzzle de notre communaut\u00e9 de foi, et votre travail ne passe pas inaper\u00e7u.<\/span><\/p>\n<p><span style=\"font-weight: 400;\">Je profite de cette occasion pour vous encourager \u00e0 avancer avec ferveur et d\u00e9termination dans votre travail, et comme le dit Colossiens 3 : 23-24 :<\/span><\/p>\n<p><span style=\"font-weight: 400;\">\u00ab\u00a0Tout ce que vous faites, faites-le de bon c\u0153ur, comme pour le Seigneur et non pour des hommes, sachant que vous recevrez du Seigneur l&rsquo;h\u00e9ritage pour r\u00e9compense. Servez Christ, le Seigneur.\u00a0\u00bb<\/span><\/p>\n<p><span style=\"font-weight: 400;\">Puisse votre lumi\u00e8re continuer \u00e0 briller, inspirant les autres \u00e0 se joindre \u00e0 cette belle mission d&rsquo;amour et d&rsquo;espoir. Ensemble, nous pouvons continuer \u00e0 servir, \u00e9duquer et partager l&rsquo;amour de Dieu qui transforme les c\u0153urs.<\/span><\/p>\n<p><span style=\"font-weight: 400;\">Maranatha !<\/span><\/p>\n<p><iframe title=\"Journ\u00e9e des La\u00efcs \/ Pasteur Elie Henry\" width=\"500\" height=\"281\" src=\"https:\/\/www.youtube.com\/embed\/OVPfHBzNLak?feature=oembed\" frameborder=\"0\" allow=\"accelerometer; autoplay; clipboard-write; encrypted-media; gyroscope; picture-in-picture; web-share\" referrerpolicy=\"strict-origin-when-cross-origin\" allowfullscreen><\/iframe><\/p>\n","protected":false},"excerpt":{"rendered":"<p>Ci-dessous, un message adress\u00e9 \u00e0 l\u2019\u00c9glise adventiste du septi\u00e8me jour par le pr\u00e9sident de la Division Inter Am\u00e9ricaine, Elie Henry \u2013 \u00c9quipe de Presse de la DIA 1er septembre 2023&#8230;<\/p>\n","protected":false},"author":3,"featured_media":102771,"comment_status":"closed","ping_status":"closed","sticky":false,"template":"","format":"standard","meta":{"_acf_changed":false,"footnotes":""},"categories":[20,19],"tags":[],"class_list":["post-102777","post","type-post","status-publish","format-standard","has-post-thumbnail","hentry","category-nouvelles-du-siege-de-la-division","category-rss-francais"],"acf":[],"yoast_head":"<!-- This site is optimized with the Yoast SEO plugin v27.3 - https:\/\/yoast.com\/product\/yoast-seo-wordpress\/ -->\n<title>Journ\u00e9e des La\u00efcs - \u00c9glise Adventiste Du Septieme Jour - Inter Am\u00e9rique Division<\/title>\n<meta name=\"robots\" content=\"index, follow, max-snippet:-1, max-image-preview:large, max-video-preview:-1\" \/>\n<link rel=\"canonical\" href=\"https:\/\/interamerica.org\/fr\/2023\/09\/journee-des-laics\/\" \/>\n<meta property=\"og:locale\" content=\"fr_FR\" \/>\n<meta property=\"og:type\" content=\"article\" \/>\n<meta property=\"og:title\" content=\"Journ\u00e9e des La\u00efcs - \u00c9glise Adventiste Du Septieme Jour - Inter Am\u00e9rique Division\" \/>\n<meta property=\"og:description\" content=\"Ci-dessous, un message adress\u00e9 \u00e0 l\u2019\u00c9glise adventiste du septi\u00e8me jour par le pr\u00e9sident de la Division Inter Am\u00e9ricaine, Elie Henry \u2013 \u00c9quipe de Presse de la DIA 1er septembre 2023...\" \/>\n<meta property=\"og:url\" content=\"https:\/\/interamerica.org\/fr\/2023\/09\/journee-des-laics\/\" \/>\n<meta property=\"og:site_name\" content=\"\u00c9glise Adventiste Du Septieme Jour - Inter Am\u00e9rique Division\" \/>\n<meta property=\"article:published_time\" content=\"2023-09-01T16:36:13+00:00\" \/>\n<meta property=\"article:modified_time\" content=\"2023-09-01T17:35:27+00:00\" \/>\n<meta property=\"og:image\" content=\"https:\/\/interamerica.org\/wp-content\/uploads\/2023\/08\/eh-23-35-thumb-fr.png\" \/>\n\t<meta property=\"og:image:width\" content=\"1257\" \/>\n\t<meta property=\"og:image:height\" content=\"710\" \/>\n\t<meta property=\"og:image:type\" content=\"image\/png\" \/>\n<meta name=\"author\" content=\"libna\" \/>\n<meta name=\"twitter:card\" content=\"summary_large_image\" \/>\n<meta name=\"twitter:label1\" content=\"\u00c9crit par\" \/>\n\t<meta name=\"twitter:data1\" content=\"libna\" \/>\n\t<meta name=\"twitter:label2\" content=\"Dur\u00e9e de lecture estim\u00e9e\" \/>\n\t<meta name=\"twitter:data2\" content=\"2 minutes\" \/>\n<script type=\"application\/ld+json\" class=\"yoast-schema-graph\">{\"@context\":\"https:\\\/\\\/schema.org\",\"@graph\":[{\"@type\":\"Article\",\"@id\":\"https:\\\/\\\/interamerica.org\\\/fr\\\/2023\\\/09\\\/journee-des-laics\\\/#article\",\"isPartOf\":{\"@id\":\"https:\\\/\\\/interamerica.org\\\/fr\\\/2023\\\/09\\\/journee-des-laics\\\/\"},\"author\":{\"name\":\"libna\",\"@id\":\"https:\\\/\\\/interamerica.org\\\/fr\\\/#\\\/schema\\\/person\\\/29998f2bc2d8bd0d38662909289b54f1\"},\"headline\":\"Journ\u00e9e des La\u00efcs\",\"datePublished\":\"2023-09-01T16:36:13+00:00\",\"dateModified\":\"2023-09-01T17:35:27+00:00\",\"mainEntityOfPage\":{\"@id\":\"https:\\\/\\\/interamerica.org\\\/fr\\\/2023\\\/09\\\/journee-des-laics\\\/\"},\"wordCount\":350,\"image\":{\"@id\":\"https:\\\/\\\/interamerica.org\\\/fr\\\/2023\\\/09\\\/journee-des-laics\\\/#primaryimage\"},\"thumbnailUrl\":\"https:\\\/\\\/interamerica.org\\\/wp-content\\\/uploads\\\/2023\\\/08\\\/eh-23-35-thumb-fr.png\",\"articleSection\":[\"Nouvelles du si\u00e8ge de la division\",\"RSS Fran\u00e7ais\"],\"inLanguage\":\"fr-FR\"},{\"@type\":\"WebPage\",\"@id\":\"https:\\\/\\\/interamerica.org\\\/fr\\\/2023\\\/09\\\/journee-des-laics\\\/\",\"url\":\"https:\\\/\\\/interamerica.org\\\/fr\\\/2023\\\/09\\\/journee-des-laics\\\/\",\"name\":\"Journ\u00e9e des La\u00efcs - \u00c9glise Adventiste Du Septieme Jour - Inter Am\u00e9rique Division\",\"isPartOf\":{\"@id\":\"https:\\\/\\\/interamerica.org\\\/fr\\\/#website\"},\"primaryImageOfPage\":{\"@id\":\"https:\\\/\\\/interamerica.org\\\/fr\\\/2023\\\/09\\\/journee-des-laics\\\/#primaryimage\"},\"image\":{\"@id\":\"https:\\\/\\\/interamerica.org\\\/fr\\\/2023\\\/09\\\/journee-des-laics\\\/#primaryimage\"},\"thumbnailUrl\":\"https:\\\/\\\/interamerica.org\\\/wp-content\\\/uploads\\\/2023\\\/08\\\/eh-23-35-thumb-fr.png\",\"datePublished\":\"2023-09-01T16:36:13+00:00\",\"dateModified\":\"2023-09-01T17:35:27+00:00\",\"author\":{\"@id\":\"https:\\\/\\\/interamerica.org\\\/fr\\\/#\\\/schema\\\/person\\\/29998f2bc2d8bd0d38662909289b54f1\"},\"breadcrumb\":{\"@id\":\"https:\\\/\\\/interamerica.org\\\/fr\\\/2023\\\/09\\\/journee-des-laics\\\/#breadcrumb\"},\"inLanguage\":\"fr-FR\",\"potentialAction\":[{\"@type\":\"ReadAction\",\"target\":[\"https:\\\/\\\/interamerica.org\\\/fr\\\/2023\\\/09\\\/journee-des-laics\\\/\"]}]},{\"@type\":\"ImageObject\",\"inLanguage\":\"fr-FR\",\"@id\":\"https:\\\/\\\/interamerica.org\\\/fr\\\/2023\\\/09\\\/journee-des-laics\\\/#primaryimage\",\"url\":\"https:\\\/\\\/interamerica.org\\\/wp-content\\\/uploads\\\/2023\\\/08\\\/eh-23-35-thumb-fr.png\",\"contentUrl\":\"https:\\\/\\\/interamerica.org\\\/wp-content\\\/uploads\\\/2023\\\/08\\\/eh-23-35-thumb-fr.png\",\"width\":1257,\"height\":710},{\"@type\":\"BreadcrumbList\",\"@id\":\"https:\\\/\\\/interamerica.org\\\/fr\\\/2023\\\/09\\\/journee-des-laics\\\/#breadcrumb\",\"itemListElement\":[{\"@type\":\"ListItem\",\"position\":1,\"name\":\"Home\",\"item\":\"https:\\\/\\\/interamerica.org\\\/fr\\\/\"},{\"@type\":\"ListItem\",\"position\":2,\"name\":\"Journ\u00e9e des La\u00efcs\"}]},{\"@type\":\"WebSite\",\"@id\":\"https:\\\/\\\/interamerica.org\\\/fr\\\/#website\",\"url\":\"https:\\\/\\\/interamerica.org\\\/fr\\\/\",\"name\":\"\u00c9glise Adventiste Du Septieme Jour - Inter Am\u00e9rique Division\",\"description\":\"\",\"potentialAction\":[{\"@type\":\"SearchAction\",\"target\":{\"@type\":\"EntryPoint\",\"urlTemplate\":\"https:\\\/\\\/interamerica.org\\\/fr\\\/?s={search_term_string}\"},\"query-input\":{\"@type\":\"PropertyValueSpecification\",\"valueRequired\":true,\"valueName\":\"search_term_string\"}}],\"inLanguage\":\"fr-FR\"},{\"@type\":\"Person\",\"@id\":\"https:\\\/\\\/interamerica.org\\\/fr\\\/#\\\/schema\\\/person\\\/29998f2bc2d8bd0d38662909289b54f1\",\"name\":\"libna\",\"image\":{\"@type\":\"ImageObject\",\"inLanguage\":\"fr-FR\",\"@id\":\"https:\\\/\\\/secure.gravatar.com\\\/avatar\\\/7c5bd30ae4b47a9ba3c856590957fd1d96dc588bf3ac05719d247e126840331f?s=96&d=mm&r=g\",\"url\":\"https:\\\/\\\/secure.gravatar.com\\\/avatar\\\/7c5bd30ae4b47a9ba3c856590957fd1d96dc588bf3ac05719d247e126840331f?s=96&d=mm&r=g\",\"contentUrl\":\"https:\\\/\\\/secure.gravatar.com\\\/avatar\\\/7c5bd30ae4b47a9ba3c856590957fd1d96dc588bf3ac05719d247e126840331f?s=96&d=mm&r=g\",\"caption\":\"libna\"}}]}<\/script>\n<!-- \/ Yoast SEO plugin. -->","yoast_head_json":{"title":"Journ\u00e9e des La\u00efcs - \u00c9glise Adventiste Du Septieme Jour - Inter Am\u00e9rique Division","robots":{"index":"index","follow":"follow","max-snippet":"max-snippet:-1","max-image-preview":"max-image-preview:large","max-video-preview":"max-video-preview:-1"},"canonical":"https:\/\/interamerica.org\/fr\/2023\/09\/journee-des-laics\/","og_locale":"fr_FR","og_type":"article","og_title":"Journ\u00e9e des La\u00efcs - \u00c9glise Adventiste Du Septieme Jour - Inter Am\u00e9rique Division","og_description":"Ci-dessous, un message adress\u00e9 \u00e0 l\u2019\u00c9glise adventiste du septi\u00e8me jour par le pr\u00e9sident de la Division Inter Am\u00e9ricaine, Elie Henry \u2013 \u00c9quipe de Presse de la DIA 1er septembre 2023...","og_url":"https:\/\/interamerica.org\/fr\/2023\/09\/journee-des-laics\/","og_site_name":"\u00c9glise Adventiste Du Septieme Jour - Inter Am\u00e9rique Division","article_published_time":"2023-09-01T16:36:13+00:00","article_modified_time":"2023-09-01T17:35:27+00:00","og_image":[{"width":1257,"height":710,"url":"https:\/\/interamerica.org\/wp-content\/uploads\/2023\/08\/eh-23-35-thumb-fr.png","type":"image\/png"}],"author":"libna","twitter_card":"summary_large_image","twitter_misc":{"\u00c9crit par":"libna","Dur\u00e9e de lecture estim\u00e9e":"2 minutes"},"schema":{"@context":"https:\/\/schema.org","@graph":[{"@type":"Article","@id":"https:\/\/interamerica.org\/fr\/2023\/09\/journee-des-laics\/#article","isPartOf":{"@id":"https:\/\/interamerica.org\/fr\/2023\/09\/journee-des-laics\/"},"author":{"name":"libna","@id":"https:\/\/interamerica.org\/fr\/#\/schema\/person\/29998f2bc2d8bd0d38662909289b54f1"},"headline":"Journ\u00e9e des La\u00efcs","datePublished":"2023-09-01T16:36:13+00:00","dateModified":"2023-09-01T17:35:27+00:00","mainEntityOfPage":{"@id":"https:\/\/interamerica.org\/fr\/2023\/09\/journee-des-laics\/"},"wordCount":350,"image":{"@id":"https:\/\/interamerica.org\/fr\/2023\/09\/journee-des-laics\/#primaryimage"},"thumbnailUrl":"https:\/\/interamerica.org\/wp-content\/uploads\/2023\/08\/eh-23-35-thumb-fr.png","articleSection":["Nouvelles du si\u00e8ge de la division","RSS Fran\u00e7ais"],"inLanguage":"fr-FR"},{"@type":"WebPage","@id":"https:\/\/interamerica.org\/fr\/2023\/09\/journee-des-laics\/","url":"https:\/\/interamerica.org\/fr\/2023\/09\/journee-des-laics\/","name":"Journ\u00e9e des La\u00efcs - \u00c9glise Adventiste Du Septieme Jour - Inter Am\u00e9rique Division","isPartOf":{"@id":"https:\/\/interamerica.org\/fr\/#website"},"primaryImageOfPage":{"@id":"https:\/\/interamerica.org\/fr\/2023\/09\/journee-des-laics\/#primaryimage"},"image":{"@id":"https:\/\/interamerica.org\/fr\/2023\/09\/journee-des-laics\/#primaryimage"},"thumbnailUrl":"https:\/\/interamerica.org\/wp-content\/uploads\/2023\/08\/eh-23-35-thumb-fr.png","datePublished":"2023-09-01T16:36:13+00:00","dateModified":"2023-09-01T17:35:27+00:00","author":{"@id":"https:\/\/interamerica.org\/fr\/#\/schema\/person\/29998f2bc2d8bd0d38662909289b54f1"},"breadcrumb":{"@id":"https:\/\/interamerica.org\/fr\/2023\/09\/journee-des-laics\/#breadcrumb"},"inLanguage":"fr-FR","potentialAction":[{"@type":"ReadAction","target":["https:\/\/interamerica.org\/fr\/2023\/09\/journee-des-laics\/"]}]},{"@type":"ImageObject","inLanguage":"fr-FR","@id":"https:\/\/interamerica.org\/fr\/2023\/09\/journee-des-laics\/#primaryimage","url":"https:\/\/interamerica.org\/wp-content\/uploads\/2023\/08\/eh-23-35-thumb-fr.png","contentUrl":"https:\/\/interamerica.org\/wp-content\/uploads\/2023\/08\/eh-23-35-thumb-fr.png","width":1257,"height":710},{"@type":"BreadcrumbList","@id":"https:\/\/interamerica.org\/fr\/2023\/09\/journee-des-laics\/#breadcrumb","itemListElement":[{"@type":"ListItem","position":1,"name":"Home","item":"https:\/\/interamerica.org\/fr\/"},{"@type":"ListItem","position":2,"name":"Journ\u00e9e des La\u00efcs"}]},{"@type":"WebSite","@id":"https:\/\/interamerica.org\/fr\/#website","url":"https:\/\/interamerica.org\/fr\/","name":"\u00c9glise Adventiste Du Septieme Jour - Inter Am\u00e9rique Division","description":"","potentialAction":[{"@type":"SearchAction","target":{"@type":"EntryPoint","urlTemplate":"https:\/\/interamerica.org\/fr\/?s={search_term_string}"},"query-input":{"@type":"PropertyValueSpecification","valueRequired":true,"valueName":"search_term_string"}}],"inLanguage":"fr-FR"},{"@type":"Person","@id":"https:\/\/interamerica.org\/fr\/#\/schema\/person\/29998f2bc2d8bd0d38662909289b54f1","name":"libna","image":{"@type":"ImageObject","inLanguage":"fr-FR","@id":"https:\/\/secure.gravatar.com\/avatar\/7c5bd30ae4b47a9ba3c856590957fd1d96dc588bf3ac05719d247e126840331f?s=96&d=mm&r=g","url":"https:\/\/secure.gravatar.com\/avatar\/7c5bd30ae4b47a9ba3c856590957fd1d96dc588bf3ac05719d247e126840331f?s=96&d=mm&r=g","contentUrl":"https:\/\/secure.gravatar.com\/avatar\/7c5bd30ae4b47a9ba3c856590957fd1d96dc588bf3ac05719d247e126840331f?s=96&d=mm&r=g","caption":"libna"}}]}},"_links":{"self":[{"href":"https:\/\/interamerica.org\/fr\/wp-json\/wp\/v2\/posts\/102777","targetHints":{"allow":["GET"]}}],"collection":[{"href":"https:\/\/interamerica.org\/fr\/wp-json\/wp\/v2\/posts"}],"about":[{"href":"https:\/\/interamerica.org\/fr\/wp-json\/wp\/v2\/types\/post"}],"author":[{"embeddable":true,"href":"https:\/\/interamerica.org\/fr\/wp-json\/wp\/v2\/users\/3"}],"replies":[{"embeddable":true,"href":"https:\/\/interamerica.org\/fr\/wp-json\/wp\/v2\/comments?post=102777"}],"version-history":[{"count":0,"href":"https:\/\/interamerica.org\/fr\/wp-json\/wp\/v2\/posts\/102777\/revisions"}],"wp:featuredmedia":[{"embeddable":true,"href":"https:\/\/interamerica.org\/fr\/wp-json\/wp\/v2\/media\/102771"}],"wp:attachment":[{"href":"https:\/\/interamerica.org\/fr\/wp-json\/wp\/v2\/media?parent=102777"}],"wp:term":[{"taxonomy":"category","embeddable":true,"href":"https:\/\/interamerica.org\/fr\/wp-json\/wp\/v2\/categories?post=102777"},{"taxonomy":"post_tag","embeddable":true,"href":"https:\/\/interamerica.org\/fr\/wp-json\/wp\/v2\/tags?post=102777"}],"curies":[{"name":"wp","href":"https:\/\/api.w.org\/{rel}","templated":true}]}}