{"id":102861,"date":"2023-08-29T23:06:58","date_gmt":"2023-08-30T03:06:58","guid":{"rendered":"https:\/\/interamerica.org\/?p=102861"},"modified":"2023-08-31T22:20:43","modified_gmt":"2023-09-01T02:20:43","slug":"des-peintures-des-miracles-de-jesus-repandent-lespoir-au-suriname","status":"publish","type":"post","link":"https:\/\/interamerica.org\/fr\/2023\/08\/des-peintures-des-miracles-de-jesus-repandent-lespoir-au-suriname\/","title":{"rendered":"Des peintures des miracles de J\u00e9sus r\u00e9pandent l\u2019espoir au Suriname"},"content":{"rendered":"<p><div id=\"attachment_102676\" style=\"width: 861px\" class=\"wp-caption aligncenter\"><img fetchpriority=\"high\" decoding=\"async\" aria-describedby=\"caption-attachment-102676\" class=\" wp-image-102675\" src=\"https:\/\/interamerica.org\/wp-content\/uploads\/2023\/08\/suriname-art-exhibit-unveiling.jpg\" alt=\"\" width=\"851\" height=\"639\" srcset=\"https:\/\/interamerica.org\/wp-content\/uploads\/2023\/08\/suriname-art-exhibit-unveiling.jpg 950w, https:\/\/interamerica.org\/wp-content\/uploads\/2023\/08\/suriname-art-exhibit-unveiling-300x225.jpg 300w, https:\/\/interamerica.org\/wp-content\/uploads\/2023\/08\/suriname-art-exhibit-unveiling-768x576.jpg 768w\" sizes=\"(max-width: 851px) 100vw, 851px\" \/><p id=\"caption-attachment-102676\" class=\"wp-caption-text\"><span style=\"font-weight: 400;\">Le 5 juillet 2023, l\u2019artiste surinamien Ludwig Yzer (\u00e0 gauche) d\u00e9voilait une peinture avec Clifton Braam, directeur adjoint du minist\u00e8re de l\u2019\u00c9ducation et de la Culture du Suriname, lors de l\u2019ouverture de l\u2019exposition artistique organis\u00e9e par l\u2019\u00c9glise adventiste du septi\u00e8me jour au Suriname pour atteindre la communaut\u00e9 de Paramaribo. L\u2019\u00e9v\u00e9nement a attir\u00e9 plus de 450 personnes de la communaut\u00e9, y compris des \u00e9l\u00e8ves de plusieurs \u00e9coles du Suriname. [Une photo d\u2019Esmeralda Hok-Ahin]<\/span><\/p><\/div><span style=\"font-weight: 400;\">Le 29 ao\u00fbt 2023 | Paramaribo, Suriname | Vanessa Draaisma et les Actualit\u00e9s de la Division interam\u00e9ricaine<\/span><\/p>\n<p><span style=\"font-weight: 400;\">L\u2019\u00c9glise adventiste du septi\u00e8me jour \u00e0 Paramaribo, au Suriname, a tenu une exposition d\u2019art visuelle bien sp\u00e9ciale en juillet dernier pour la communaut\u00e9. Elle y pr\u00e9sentait des peintures illustrant les miracles de J\u00e9sus. Les \u0153uvres avaient \u00e9t\u00e9 r\u00e9alis\u00e9es par Ludwig Yzer, un adventiste du septi\u00e8me jour natif du Suriname qui a peint J\u00e9sus dans un d\u00e9cor contemporain, refl\u00e9tant l\u2019\u00e9tat actuel de la soci\u00e9t\u00e9 avec l\u2019objectif d\u2019inspirer les croyants et les non-croyants par les paraboles et les miracles de J\u00e9sus.<\/span><\/p>\n<p><span style=\"font-weight: 400;\">C\u2019est Clifton Braam, directeur adjoint du minist\u00e8re de l\u2019\u00c9ducation et de la Culture du Suriname, qui a ouvert l\u2019exposition aux bureaux principaux de la Mission du Suriname. Il a \u00e9galement soulign\u00e9 son importance dans la soci\u00e9t\u00e9 d\u2019aujourd\u2019hui, o\u00f9 les normes soci\u00e9tales deviennent de plus en plus floues, surtout chez nos jeunes. M.\u00a0Braam a remerci\u00e9 l\u2019artiste d\u2019avoir inclus l\u2019histoire du bon Samaritain dans un contexte moderne et f\u00e9licit\u00e9 la Mission du Suriname d\u2019avoir invit\u00e9 les \u00e9coles \u00e0 venir voir l\u2019exposition.<\/span><\/p>\n<p><div id=\"attachment_102682\" style=\"width: 839px\" class=\"wp-caption aligncenter\"><img decoding=\"async\" aria-describedby=\"caption-attachment-102682\" class=\" wp-image-102681\" src=\"https:\/\/interamerica.org\/wp-content\/uploads\/2023\/08\/suriname-art-exhibit-opening.jpg\" alt=\"\" width=\"829\" height=\"622\" srcset=\"https:\/\/interamerica.org\/wp-content\/uploads\/2023\/08\/suriname-art-exhibit-opening.jpg 950w, https:\/\/interamerica.org\/wp-content\/uploads\/2023\/08\/suriname-art-exhibit-opening-300x225.jpg 300w, https:\/\/interamerica.org\/wp-content\/uploads\/2023\/08\/suriname-art-exhibit-opening-768x576.jpg 768w\" sizes=\"(max-width: 829px) 100vw, 829px\" \/><p id=\"caption-attachment-102682\" class=\"wp-caption-text\"><span style=\"font-weight: 400;\">Les visiteurs \u00e0 l\u2019exposition font le tour des peintures sur les paraboles et miracles de J\u00e9sus interpr\u00e9t\u00e9s par l\u2019artiste adventiste Ludwig Yzer lors d\u2019un \u00e9v\u00e9nement communautaire organis\u00e9 par la Mission du Suriname de l\u2019\u00c9glise adventiste du septi\u00e8me jour et s\u2019\u00e9tant tenu \u00e0 Paramaribo du 5 au 29 juillet 2029. [Une photo d\u2019Esmeralda Hok-Ahin]<\/span><\/p><\/div><span style=\"font-weight: 400;\">L\u2019exposition d\u2019art visuelle et, par le fait m\u00eame, les bureaux de l\u2019\u00c9glise ont \u00e9t\u00e9 visit\u00e9s par plus de 450 personnes de la communaut\u00e9 pendant les 25 jours de pr\u00e9sentation, y compris trois \u00e9coles primaires, une \u00e9cole secondaire ainsi que des clubs d\u2019enfants de tous les \u00e2ges.<\/span><\/p>\n<p><span style=\"font-weight: 400;\">Sous le th\u00e8me \u00ab\u00a0You Raise Me Up\u00a0\u00bb (\u00ab Tu me soul\u00e8ves\u00a0\u00bb), l\u2019exposition contenait 22\u00a0\u0153uvres sur toile; les visiteurs avaient \u00e9galement l\u2019occasion de peindre avec l\u2019artiste.<\/span><\/p>\n<p><span style=\"font-weight: 400;\">Selon les organisateurs, c\u2019\u00e9tait la premi\u00e8re fois qu\u2019un tel \u00e9v\u00e9nement amenait autant de membres de la communaut\u00e9 \u00e0 en apprendre davantage sur J\u00e9sus tout en ayant l\u2019occasion d\u2019apprendre \u00e0 mieux conna\u00eetre l\u2019\u00c9glise adventiste.<\/span><\/p>\n<p><div id=\"attachment_102688\" style=\"width: 843px\" class=\"wp-caption aligncenter\"><img decoding=\"async\" aria-describedby=\"caption-attachment-102688\" class=\" wp-image-102687\" src=\"https:\/\/interamerica.org\/wp-content\/uploads\/2023\/08\/suriname-exhibition-tour.jpg\" alt=\"\" width=\"833\" height=\"508\" srcset=\"https:\/\/interamerica.org\/wp-content\/uploads\/2023\/08\/suriname-exhibition-tour.jpg 1000w, https:\/\/interamerica.org\/wp-content\/uploads\/2023\/08\/suriname-exhibition-tour-300x183.jpg 300w, https:\/\/interamerica.org\/wp-content\/uploads\/2023\/08\/suriname-exhibition-tour-768x468.jpg 768w\" sizes=\"(max-width: 833px) 100vw, 833px\" \/><p id=\"caption-attachment-102688\" class=\"wp-caption-text\"><span style=\"font-weight: 400;\">Des personnes issues de la communaut\u00e9 \u00e9coutent l\u2019artiste Ludwig Yzer lors d\u2019un tour de la salle d\u2019exposition \u00e0 la Mission du Suriname. [Une photo d\u2019Esmeralda Hok-Ahin]<\/span><\/p><\/div><span style=\"font-weight: 400;\">\u00c0 une \u00e9poque o\u00f9 les suicides et le d\u00e9sespoir augmentent sans cesse, nous voulions dire, par cette exposition artistique, qu\u2019il y a de l\u2019espoir et que Dieu peut sortir n\u2019importe qui et soulever tout le monde de la plus sombre vall\u00e9e dans laquelle on peut se trouver, a dit le pasteur Guno Emanuelson, pr\u00e9sident de la Mission du Suriname. \u00ab\u00a0Cet \u00e9v\u00e9nement \u00e9tait une invitation \u00e0 tous de vivre l\u2019art, d\u2019avoir de profondes conversations et de tisser des liens avec des gens de tous les horizons\u00a0\u00bb, a-t-il dit.<\/span><\/p>\n<p><span style=\"font-weight: 400;\">La Mission du Suriname avait d\u00e9j\u00e0 organis\u00e9 des \u00e9v\u00e9nements de musique et de po\u00e9sie pour la communaut\u00e9, a expliqu\u00e9 le pasteur Emanuelson, mais quand l\u2019artiste Yzer a propos\u00e9 un plan d\u2019exposition de ses \u0153uvres comme projet communautaire et \u00e9vang\u00e9lique, les dirigeants de l\u2019\u00c9glise se sont pr\u00e9cipit\u00e9s pour bien l\u2019organiser. \u00ab\u00a0\u00c0 une telle \u00e9poque, o\u00f9 nous sursautons chaque jour, message apr\u00e8s message nous portant \u00e0 r\u00e9fl\u00e9chir et \u00e0 nous demander, \u201cMais que se passe-t-il au Suriname?\u201d, nous avons besoin d\u2019espoir\u00a0\u00bb, a-t-il ajout\u00e9.<\/span><\/p>\n<p><div id=\"attachment_102679\" style=\"width: 815px\" class=\"wp-caption aligncenter\"><img loading=\"lazy\" decoding=\"async\" aria-describedby=\"caption-attachment-102679\" class=\" wp-image-102678\" src=\"https:\/\/interamerica.org\/wp-content\/uploads\/2023\/08\/suriname-art-exhibit-leaders.jpg\" alt=\"\" width=\"805\" height=\"604\" srcset=\"https:\/\/interamerica.org\/wp-content\/uploads\/2023\/08\/suriname-art-exhibit-leaders.jpg 1000w, https:\/\/interamerica.org\/wp-content\/uploads\/2023\/08\/suriname-art-exhibit-leaders-300x225.jpg 300w, https:\/\/interamerica.org\/wp-content\/uploads\/2023\/08\/suriname-art-exhibit-leaders-768x576.jpg 768w\" sizes=\"(max-width: 805px) 100vw, 805px\" \/><p id=\"caption-attachment-102679\" class=\"wp-caption-text\"><span style=\"font-weight: 400;\">De gauche \u00e0 droite\u00a0: Clifton Braam, directeur adjoint du minist\u00e8re de l\u2019\u00c9ducation et de la Culture; Ludwig Yzer, artiste; et le pasteur Guno Emanuelson, pr\u00e9sident de la Mission du Suriname, lors de l\u2019ouverture de l\u2019exposition le 5 juillet 2023. [Une photo d\u2019Esmeralda Hok-Ahin]<\/span><\/p><\/div><span style=\"font-weight: 400;\">M. Yzer est n\u00e9 et a grandi au Suriname. Il a d\u00e9m\u00e9nag\u00e9 aux Pays-Bas dans sa vingtaine et est plus tard revenu au Suriname avant de devenir adventiste du septi\u00e8me jour. Il a enseign\u00e9 l\u2019art et vit actuellement aux \u00c9tats-Unis avec sa femme et sa fille. Il croit que plusieurs en conserveront une impression durable, parce que \u00ab l\u2019art a le pouvoir d\u2019\u00e9lever l\u2019esprit et de combler le foss\u00e9 entre le divin et le quotidien. \u00bb\u00a0<\/span><\/p>\n<p><span style=\"font-weight: 400;\">Aux \u00e9l\u00e8ves des quelques \u00e9coles primaires et secondaires chr\u00e9tiennes qui ont visit\u00e9 l\u2019exposition, on a montr\u00e9 un film d\u2019animation \u00e0 propos des adventistes du septi\u00e8me jour, \u00e0 propos de leur foi, de leurs pratiques d\u2019adoration et de l\u2019importance du sabbat. De plus, les \u00e9l\u00e8ves ont \u00e9t\u00e9 encourag\u00e9s \u00e0 cr\u00e9er leurs propres peintures, s\u2019inspirant des \u0153uvres expos\u00e9es.<\/span><\/p>\n<p><div id=\"attachment_102685\" style=\"width: 795px\" class=\"wp-caption aligncenter\"><img loading=\"lazy\" decoding=\"async\" aria-describedby=\"caption-attachment-102685\" class=\" wp-image-102684\" src=\"https:\/\/interamerica.org\/wp-content\/uploads\/2023\/08\/suriname-art-students.jpg\" alt=\"\" width=\"785\" height=\"554\" srcset=\"https:\/\/interamerica.org\/wp-content\/uploads\/2023\/08\/suriname-art-students.jpg 900w, https:\/\/interamerica.org\/wp-content\/uploads\/2023\/08\/suriname-art-students-300x212.jpg 300w, https:\/\/interamerica.org\/wp-content\/uploads\/2023\/08\/suriname-art-students-768x542.jpg 768w\" sizes=\"(max-width: 785px) 100vw, 785px\" \/><p id=\"caption-attachment-102685\" class=\"wp-caption-text\"><span style=\"font-weight: 400;\">Un groupe d\u2019\u00e9l\u00e8ves du primaire montrent leurs peintures apr\u00e8s avoir visit\u00e9 l\u2019exposition des \u0153uvres de l\u2019artiste Ludwig Yzer. [Une photo d\u2019Esmeralda Hok-Ahin]<\/span><\/p><\/div><span style=\"font-weight: 400;\">\u00c0 la fin de chacune des visites, les \u00e9l\u00e8ves de ces \u00e9coles et clubs ont peint des paysages naturels avec l\u2019artiste. De plus, un groupe d\u2019a\u00een\u00e9s a \u00e9t\u00e9 cr\u00e9\u00e9 au sein duquel ils ont appris, une fois par semaine, \u00e0 peindre un auto-portrait sur toile.<\/span><\/p>\n<p><span style=\"font-weight: 400;\">Enfin, d\u2019apr\u00e8s le pasteur Emanuelson, l\u2019exposition a surpass\u00e9 les attentes, enrichissant la communaut\u00e9 sur le plan spirituel, certes, mais agissant \u00e9galement comme canalisateur de dialogue et d\u2019introspection.<\/span><\/p>\n<p><div id=\"attachment_102691\" style=\"width: 787px\" class=\"wp-caption aligncenter\"><img loading=\"lazy\" decoding=\"async\" aria-describedby=\"caption-attachment-102691\" class=\" wp-image-102690\" src=\"https:\/\/interamerica.org\/wp-content\/uploads\/2023\/08\/suriname-art-exhibit-elderly.jpg\" alt=\"\" width=\"777\" height=\"558\" srcset=\"https:\/\/interamerica.org\/wp-content\/uploads\/2023\/08\/suriname-art-exhibit-elderly.jpg 900w, https:\/\/interamerica.org\/wp-content\/uploads\/2023\/08\/suriname-art-exhibit-elderly-300x215.jpg 300w, https:\/\/interamerica.org\/wp-content\/uploads\/2023\/08\/suriname-art-exhibit-elderly-768x551.jpg 768w\" sizes=\"(max-width: 777px) 100vw, 777px\" \/><p id=\"caption-attachment-102691\" class=\"wp-caption-text\"><span style=\"font-weight: 400;\">Des a\u00een\u00e9s de la communaut\u00e9 ont peint leur portrait durant les semaines de l\u2019exposition d\u2019art visuel. [Une photo d\u2019Esmeralda Hok-Ahin]<\/span><\/p><\/div><span style=\"font-weight: 400;\">\u00ab\u00a0Nous sommes si heureux qu\u2019autant de personnes soient venues et nous avons \u00e9t\u00e9 capables de parler sans cesse \u00e0 la communaut\u00e9 de l\u2019amour de Dieu pour tout le monde, a-t-il ajout\u00e9. L\u2019exposition a eu un impact \u00e0 trois volets\u00a0: elle a enrichi la communaut\u00e9 sur le plan spirituel, elle a fortifi\u00e9 le sentiment d\u2019engagement communautaire et elle a inspir\u00e9 les visiteurs \u00e0 m\u00e9diter sur notre message d\u2019espoir, d\u2019amour et de foi.\u00a0\u00bb<\/span><\/p>\n<p>Traduction : Marie-Mich\u00e8le Robitaille<\/p>\n","protected":false},"excerpt":{"rendered":"<p>Le 29 ao\u00fbt 2023 | Paramaribo, Suriname | Vanessa Draaisma et les Actualit\u00e9s de la Division interam\u00e9ricaine L\u2019\u00c9glise adventiste du septi\u00e8me jour \u00e0 Paramaribo, au Suriname, a tenu une exposition&#8230;<\/p>\n","protected":false},"author":3,"featured_media":102676,"comment_status":"closed","ping_status":"closed","sticky":false,"template":"","format":"standard","meta":{"_acf_changed":false,"footnotes":""},"categories":[21,19],"tags":[],"class_list":["post-102861","post","type-post","status-publish","format-standard","has-post-thumbnail","hentry","category-nouvelles-du-territoire","category-rss-francais"],"acf":[],"yoast_head":"<!-- This site is optimized with the Yoast SEO plugin v27.3 - https:\/\/yoast.com\/product\/yoast-seo-wordpress\/ -->\n<title>Des peintures des miracles de J\u00e9sus r\u00e9pandent l\u2019espoir au Suriname - \u00c9glise Adventiste Du Septieme Jour - Inter Am\u00e9rique Division<\/title>\n<meta name=\"robots\" content=\"index, follow, max-snippet:-1, max-image-preview:large, max-video-preview:-1\" \/>\n<link rel=\"canonical\" href=\"https:\/\/interamerica.org\/fr\/2023\/08\/des-peintures-des-miracles-de-jesus-repandent-lespoir-au-suriname\/\" \/>\n<meta property=\"og:locale\" content=\"fr_FR\" \/>\n<meta property=\"og:type\" content=\"article\" \/>\n<meta property=\"og:title\" content=\"Des peintures des miracles de J\u00e9sus r\u00e9pandent l\u2019espoir au Suriname - \u00c9glise Adventiste Du Septieme Jour - Inter Am\u00e9rique Division\" \/>\n<meta property=\"og:description\" content=\"Le 29 ao\u00fbt 2023 | Paramaribo, Suriname | Vanessa Draaisma et les Actualit\u00e9s de la Division interam\u00e9ricaine L\u2019\u00c9glise adventiste du septi\u00e8me jour \u00e0 Paramaribo, au Suriname, a tenu une exposition...\" \/>\n<meta property=\"og:url\" content=\"https:\/\/interamerica.org\/fr\/2023\/08\/des-peintures-des-miracles-de-jesus-repandent-lespoir-au-suriname\/\" \/>\n<meta property=\"og:site_name\" content=\"\u00c9glise Adventiste Du Septieme Jour - Inter Am\u00e9rique Division\" \/>\n<meta property=\"article:published_time\" content=\"2023-08-30T03:06:58+00:00\" \/>\n<meta property=\"article:modified_time\" content=\"2023-09-01T02:20:43+00:00\" \/>\n<meta property=\"og:image\" content=\"https:\/\/interamerica.org\/wp-content\/uploads\/2023\/08\/suriname-art-exhibit-unveiling.jpg\" \/>\n\t<meta property=\"og:image:width\" content=\"950\" \/>\n\t<meta property=\"og:image:height\" content=\"713\" \/>\n\t<meta property=\"og:image:type\" content=\"image\/jpeg\" \/>\n<meta name=\"author\" content=\"libna\" \/>\n<meta name=\"twitter:card\" content=\"summary_large_image\" \/>\n<meta name=\"twitter:label1\" content=\"\u00c9crit par\" \/>\n\t<meta name=\"twitter:data1\" content=\"libna\" \/>\n\t<meta name=\"twitter:label2\" content=\"Dur\u00e9e de lecture estim\u00e9e\" \/>\n\t<meta name=\"twitter:data2\" content=\"6 minutes\" \/>\n<script type=\"application\/ld+json\" class=\"yoast-schema-graph\">{\"@context\":\"https:\\\/\\\/schema.org\",\"@graph\":[{\"@type\":\"Article\",\"@id\":\"https:\\\/\\\/interamerica.org\\\/fr\\\/2023\\\/08\\\/des-peintures-des-miracles-de-jesus-repandent-lespoir-au-suriname\\\/#article\",\"isPartOf\":{\"@id\":\"https:\\\/\\\/interamerica.org\\\/fr\\\/2023\\\/08\\\/des-peintures-des-miracles-de-jesus-repandent-lespoir-au-suriname\\\/\"},\"author\":{\"name\":\"libna\",\"@id\":\"https:\\\/\\\/interamerica.org\\\/fr\\\/#\\\/schema\\\/person\\\/29998f2bc2d8bd0d38662909289b54f1\"},\"headline\":\"Des peintures des miracles de J\u00e9sus r\u00e9pandent l\u2019espoir au Suriname\",\"datePublished\":\"2023-08-30T03:06:58+00:00\",\"dateModified\":\"2023-09-01T02:20:43+00:00\",\"mainEntityOfPage\":{\"@id\":\"https:\\\/\\\/interamerica.org\\\/fr\\\/2023\\\/08\\\/des-peintures-des-miracles-de-jesus-repandent-lespoir-au-suriname\\\/\"},\"wordCount\":1137,\"image\":{\"@id\":\"https:\\\/\\\/interamerica.org\\\/fr\\\/2023\\\/08\\\/des-peintures-des-miracles-de-jesus-repandent-lespoir-au-suriname\\\/#primaryimage\"},\"thumbnailUrl\":\"https:\\\/\\\/interamerica.org\\\/wp-content\\\/uploads\\\/2023\\\/08\\\/suriname-art-exhibit-unveiling.jpg\",\"articleSection\":[\"Nouvelles du territoire\",\"RSS Fran\u00e7ais\"],\"inLanguage\":\"fr-FR\"},{\"@type\":\"WebPage\",\"@id\":\"https:\\\/\\\/interamerica.org\\\/fr\\\/2023\\\/08\\\/des-peintures-des-miracles-de-jesus-repandent-lespoir-au-suriname\\\/\",\"url\":\"https:\\\/\\\/interamerica.org\\\/fr\\\/2023\\\/08\\\/des-peintures-des-miracles-de-jesus-repandent-lespoir-au-suriname\\\/\",\"name\":\"Des peintures des miracles de J\u00e9sus r\u00e9pandent l\u2019espoir au Suriname - \u00c9glise Adventiste Du Septieme Jour - Inter Am\u00e9rique Division\",\"isPartOf\":{\"@id\":\"https:\\\/\\\/interamerica.org\\\/fr\\\/#website\"},\"primaryImageOfPage\":{\"@id\":\"https:\\\/\\\/interamerica.org\\\/fr\\\/2023\\\/08\\\/des-peintures-des-miracles-de-jesus-repandent-lespoir-au-suriname\\\/#primaryimage\"},\"image\":{\"@id\":\"https:\\\/\\\/interamerica.org\\\/fr\\\/2023\\\/08\\\/des-peintures-des-miracles-de-jesus-repandent-lespoir-au-suriname\\\/#primaryimage\"},\"thumbnailUrl\":\"https:\\\/\\\/interamerica.org\\\/wp-content\\\/uploads\\\/2023\\\/08\\\/suriname-art-exhibit-unveiling.jpg\",\"datePublished\":\"2023-08-30T03:06:58+00:00\",\"dateModified\":\"2023-09-01T02:20:43+00:00\",\"author\":{\"@id\":\"https:\\\/\\\/interamerica.org\\\/fr\\\/#\\\/schema\\\/person\\\/29998f2bc2d8bd0d38662909289b54f1\"},\"breadcrumb\":{\"@id\":\"https:\\\/\\\/interamerica.org\\\/fr\\\/2023\\\/08\\\/des-peintures-des-miracles-de-jesus-repandent-lespoir-au-suriname\\\/#breadcrumb\"},\"inLanguage\":\"fr-FR\",\"potentialAction\":[{\"@type\":\"ReadAction\",\"target\":[\"https:\\\/\\\/interamerica.org\\\/fr\\\/2023\\\/08\\\/des-peintures-des-miracles-de-jesus-repandent-lespoir-au-suriname\\\/\"]}]},{\"@type\":\"ImageObject\",\"inLanguage\":\"fr-FR\",\"@id\":\"https:\\\/\\\/interamerica.org\\\/fr\\\/2023\\\/08\\\/des-peintures-des-miracles-de-jesus-repandent-lespoir-au-suriname\\\/#primaryimage\",\"url\":\"https:\\\/\\\/interamerica.org\\\/wp-content\\\/uploads\\\/2023\\\/08\\\/suriname-art-exhibit-unveiling.jpg\",\"contentUrl\":\"https:\\\/\\\/interamerica.org\\\/wp-content\\\/uploads\\\/2023\\\/08\\\/suriname-art-exhibit-unveiling.jpg\",\"width\":950,\"height\":713,\"caption\":\"[Photo: Esmeralda Hok-Ahin]\"},{\"@type\":\"BreadcrumbList\",\"@id\":\"https:\\\/\\\/interamerica.org\\\/fr\\\/2023\\\/08\\\/des-peintures-des-miracles-de-jesus-repandent-lespoir-au-suriname\\\/#breadcrumb\",\"itemListElement\":[{\"@type\":\"ListItem\",\"position\":1,\"name\":\"Home\",\"item\":\"https:\\\/\\\/interamerica.org\\\/fr\\\/\"},{\"@type\":\"ListItem\",\"position\":2,\"name\":\"Des peintures des miracles de J\u00e9sus r\u00e9pandent l\u2019espoir au Suriname\"}]},{\"@type\":\"WebSite\",\"@id\":\"https:\\\/\\\/interamerica.org\\\/fr\\\/#website\",\"url\":\"https:\\\/\\\/interamerica.org\\\/fr\\\/\",\"name\":\"\u00c9glise Adventiste Du Septieme Jour - Inter Am\u00e9rique Division\",\"description\":\"\",\"potentialAction\":[{\"@type\":\"SearchAction\",\"target\":{\"@type\":\"EntryPoint\",\"urlTemplate\":\"https:\\\/\\\/interamerica.org\\\/fr\\\/?s={search_term_string}\"},\"query-input\":{\"@type\":\"PropertyValueSpecification\",\"valueRequired\":true,\"valueName\":\"search_term_string\"}}],\"inLanguage\":\"fr-FR\"},{\"@type\":\"Person\",\"@id\":\"https:\\\/\\\/interamerica.org\\\/fr\\\/#\\\/schema\\\/person\\\/29998f2bc2d8bd0d38662909289b54f1\",\"name\":\"libna\",\"image\":{\"@type\":\"ImageObject\",\"inLanguage\":\"fr-FR\",\"@id\":\"https:\\\/\\\/secure.gravatar.com\\\/avatar\\\/7c5bd30ae4b47a9ba3c856590957fd1d96dc588bf3ac05719d247e126840331f?s=96&d=mm&r=g\",\"url\":\"https:\\\/\\\/secure.gravatar.com\\\/avatar\\\/7c5bd30ae4b47a9ba3c856590957fd1d96dc588bf3ac05719d247e126840331f?s=96&d=mm&r=g\",\"contentUrl\":\"https:\\\/\\\/secure.gravatar.com\\\/avatar\\\/7c5bd30ae4b47a9ba3c856590957fd1d96dc588bf3ac05719d247e126840331f?s=96&d=mm&r=g\",\"caption\":\"libna\"}}]}<\/script>\n<!-- \/ Yoast SEO plugin. -->","yoast_head_json":{"title":"Des peintures des miracles de J\u00e9sus r\u00e9pandent l\u2019espoir au Suriname - \u00c9glise Adventiste Du Septieme Jour - Inter Am\u00e9rique Division","robots":{"index":"index","follow":"follow","max-snippet":"max-snippet:-1","max-image-preview":"max-image-preview:large","max-video-preview":"max-video-preview:-1"},"canonical":"https:\/\/interamerica.org\/fr\/2023\/08\/des-peintures-des-miracles-de-jesus-repandent-lespoir-au-suriname\/","og_locale":"fr_FR","og_type":"article","og_title":"Des peintures des miracles de J\u00e9sus r\u00e9pandent l\u2019espoir au Suriname - \u00c9glise Adventiste Du Septieme Jour - Inter Am\u00e9rique Division","og_description":"Le 29 ao\u00fbt 2023 | Paramaribo, Suriname | Vanessa Draaisma et les Actualit\u00e9s de la Division interam\u00e9ricaine L\u2019\u00c9glise adventiste du septi\u00e8me jour \u00e0 Paramaribo, au Suriname, a tenu une exposition...","og_url":"https:\/\/interamerica.org\/fr\/2023\/08\/des-peintures-des-miracles-de-jesus-repandent-lespoir-au-suriname\/","og_site_name":"\u00c9glise Adventiste Du Septieme Jour - Inter Am\u00e9rique Division","article_published_time":"2023-08-30T03:06:58+00:00","article_modified_time":"2023-09-01T02:20:43+00:00","og_image":[{"width":950,"height":713,"url":"https:\/\/interamerica.org\/wp-content\/uploads\/2023\/08\/suriname-art-exhibit-unveiling.jpg","type":"image\/jpeg"}],"author":"libna","twitter_card":"summary_large_image","twitter_misc":{"\u00c9crit par":"libna","Dur\u00e9e de lecture estim\u00e9e":"6 minutes"},"schema":{"@context":"https:\/\/schema.org","@graph":[{"@type":"Article","@id":"https:\/\/interamerica.org\/fr\/2023\/08\/des-peintures-des-miracles-de-jesus-repandent-lespoir-au-suriname\/#article","isPartOf":{"@id":"https:\/\/interamerica.org\/fr\/2023\/08\/des-peintures-des-miracles-de-jesus-repandent-lespoir-au-suriname\/"},"author":{"name":"libna","@id":"https:\/\/interamerica.org\/fr\/#\/schema\/person\/29998f2bc2d8bd0d38662909289b54f1"},"headline":"Des peintures des miracles de J\u00e9sus r\u00e9pandent l\u2019espoir au Suriname","datePublished":"2023-08-30T03:06:58+00:00","dateModified":"2023-09-01T02:20:43+00:00","mainEntityOfPage":{"@id":"https:\/\/interamerica.org\/fr\/2023\/08\/des-peintures-des-miracles-de-jesus-repandent-lespoir-au-suriname\/"},"wordCount":1137,"image":{"@id":"https:\/\/interamerica.org\/fr\/2023\/08\/des-peintures-des-miracles-de-jesus-repandent-lespoir-au-suriname\/#primaryimage"},"thumbnailUrl":"https:\/\/interamerica.org\/wp-content\/uploads\/2023\/08\/suriname-art-exhibit-unveiling.jpg","articleSection":["Nouvelles du territoire","RSS Fran\u00e7ais"],"inLanguage":"fr-FR"},{"@type":"WebPage","@id":"https:\/\/interamerica.org\/fr\/2023\/08\/des-peintures-des-miracles-de-jesus-repandent-lespoir-au-suriname\/","url":"https:\/\/interamerica.org\/fr\/2023\/08\/des-peintures-des-miracles-de-jesus-repandent-lespoir-au-suriname\/","name":"Des peintures des miracles de J\u00e9sus r\u00e9pandent l\u2019espoir au Suriname - \u00c9glise Adventiste Du Septieme Jour - Inter Am\u00e9rique Division","isPartOf":{"@id":"https:\/\/interamerica.org\/fr\/#website"},"primaryImageOfPage":{"@id":"https:\/\/interamerica.org\/fr\/2023\/08\/des-peintures-des-miracles-de-jesus-repandent-lespoir-au-suriname\/#primaryimage"},"image":{"@id":"https:\/\/interamerica.org\/fr\/2023\/08\/des-peintures-des-miracles-de-jesus-repandent-lespoir-au-suriname\/#primaryimage"},"thumbnailUrl":"https:\/\/interamerica.org\/wp-content\/uploads\/2023\/08\/suriname-art-exhibit-unveiling.jpg","datePublished":"2023-08-30T03:06:58+00:00","dateModified":"2023-09-01T02:20:43+00:00","author":{"@id":"https:\/\/interamerica.org\/fr\/#\/schema\/person\/29998f2bc2d8bd0d38662909289b54f1"},"breadcrumb":{"@id":"https:\/\/interamerica.org\/fr\/2023\/08\/des-peintures-des-miracles-de-jesus-repandent-lespoir-au-suriname\/#breadcrumb"},"inLanguage":"fr-FR","potentialAction":[{"@type":"ReadAction","target":["https:\/\/interamerica.org\/fr\/2023\/08\/des-peintures-des-miracles-de-jesus-repandent-lespoir-au-suriname\/"]}]},{"@type":"ImageObject","inLanguage":"fr-FR","@id":"https:\/\/interamerica.org\/fr\/2023\/08\/des-peintures-des-miracles-de-jesus-repandent-lespoir-au-suriname\/#primaryimage","url":"https:\/\/interamerica.org\/wp-content\/uploads\/2023\/08\/suriname-art-exhibit-unveiling.jpg","contentUrl":"https:\/\/interamerica.org\/wp-content\/uploads\/2023\/08\/suriname-art-exhibit-unveiling.jpg","width":950,"height":713,"caption":"[Photo: Esmeralda Hok-Ahin]"},{"@type":"BreadcrumbList","@id":"https:\/\/interamerica.org\/fr\/2023\/08\/des-peintures-des-miracles-de-jesus-repandent-lespoir-au-suriname\/#breadcrumb","itemListElement":[{"@type":"ListItem","position":1,"name":"Home","item":"https:\/\/interamerica.org\/fr\/"},{"@type":"ListItem","position":2,"name":"Des peintures des miracles de J\u00e9sus r\u00e9pandent l\u2019espoir au Suriname"}]},{"@type":"WebSite","@id":"https:\/\/interamerica.org\/fr\/#website","url":"https:\/\/interamerica.org\/fr\/","name":"\u00c9glise Adventiste Du Septieme Jour - Inter Am\u00e9rique Division","description":"","potentialAction":[{"@type":"SearchAction","target":{"@type":"EntryPoint","urlTemplate":"https:\/\/interamerica.org\/fr\/?s={search_term_string}"},"query-input":{"@type":"PropertyValueSpecification","valueRequired":true,"valueName":"search_term_string"}}],"inLanguage":"fr-FR"},{"@type":"Person","@id":"https:\/\/interamerica.org\/fr\/#\/schema\/person\/29998f2bc2d8bd0d38662909289b54f1","name":"libna","image":{"@type":"ImageObject","inLanguage":"fr-FR","@id":"https:\/\/secure.gravatar.com\/avatar\/7c5bd30ae4b47a9ba3c856590957fd1d96dc588bf3ac05719d247e126840331f?s=96&d=mm&r=g","url":"https:\/\/secure.gravatar.com\/avatar\/7c5bd30ae4b47a9ba3c856590957fd1d96dc588bf3ac05719d247e126840331f?s=96&d=mm&r=g","contentUrl":"https:\/\/secure.gravatar.com\/avatar\/7c5bd30ae4b47a9ba3c856590957fd1d96dc588bf3ac05719d247e126840331f?s=96&d=mm&r=g","caption":"libna"}}]}},"_links":{"self":[{"href":"https:\/\/interamerica.org\/fr\/wp-json\/wp\/v2\/posts\/102861","targetHints":{"allow":["GET"]}}],"collection":[{"href":"https:\/\/interamerica.org\/fr\/wp-json\/wp\/v2\/posts"}],"about":[{"href":"https:\/\/interamerica.org\/fr\/wp-json\/wp\/v2\/types\/post"}],"author":[{"embeddable":true,"href":"https:\/\/interamerica.org\/fr\/wp-json\/wp\/v2\/users\/3"}],"replies":[{"embeddable":true,"href":"https:\/\/interamerica.org\/fr\/wp-json\/wp\/v2\/comments?post=102861"}],"version-history":[{"count":0,"href":"https:\/\/interamerica.org\/fr\/wp-json\/wp\/v2\/posts\/102861\/revisions"}],"wp:featuredmedia":[{"embeddable":true,"href":"https:\/\/interamerica.org\/fr\/wp-json\/wp\/v2\/media\/102676"}],"wp:attachment":[{"href":"https:\/\/interamerica.org\/fr\/wp-json\/wp\/v2\/media?parent=102861"}],"wp:term":[{"taxonomy":"category","embeddable":true,"href":"https:\/\/interamerica.org\/fr\/wp-json\/wp\/v2\/categories?post=102861"},{"taxonomy":"post_tag","embeddable":true,"href":"https:\/\/interamerica.org\/fr\/wp-json\/wp\/v2\/tags?post=102861"}],"curies":[{"name":"wp","href":"https:\/\/api.w.org\/{rel}","templated":true}]}}