{"id":102921,"date":"2023-08-30T15:23:04","date_gmt":"2023-08-30T19:23:04","guid":{"rendered":"https:\/\/interamerica.org\/?p=102921"},"modified":"2023-09-01T13:36:43","modified_gmt":"2023-09-01T17:36:43","slug":"adra-canada-et-les-eglises-locales-portent-secours-aux-sinistres-des-feux-de-foret-au-canada","status":"publish","type":"post","link":"https:\/\/interamerica.org\/fr\/2023\/08\/adra-canada-et-les-eglises-locales-portent-secours-aux-sinistres-des-feux-de-foret-au-canada\/","title":{"rendered":"ADRA Canada et les \u00e9glises locales portent secours aux sinistr\u00e9s des feux de for\u00eat au Canada"},"content":{"rendered":"<h4><b>Le Canada conna\u00eet sa saison de feux de for\u00eat la plus d\u00e9vastatrice de son histoire.<\/b><\/h4>\n<p><span style=\"font-weight: 400;\">Le 30 ao\u00fbt 2023 | Canada | Christelle Agboka et ADRA Canada<\/span><\/p>\n<p><span style=\"font-weight: 400;\">Environ 40\u00a0% de son territoire \u00e9tant recouvert de for\u00eats, le Canada n\u2019est pas \u00e9tranger aux feux de for\u00eat annuels, surtout dans ses r\u00e9gions occidentales. Cependant, 2023 a \u00e9t\u00e9 l\u2019ann\u00e9e des feux de for\u00eat les plus d\u00e9vastateurs de son histoire, allant d\u2019est en ouest, d\u00e9t\u00e9riorant s\u00e9rieusement la qualit\u00e9 de l\u2019air et \u00e9paississant le ciel tant au Canada qu\u2019aux \u00c9tats-Unis.<\/span><\/p>\n<p><span style=\"font-weight: 400;\">Depuis le d\u00e9but de la saison des feux de for\u00eat en avril, les feux ont ravag\u00e9 la Colombie-Britannique, l\u2019Alberta, le Yukon et les Territoires du Nord-Ouest dans l\u2019ouest ainsi que l\u2019Ontario, le Qu\u00e9bec et la Nouvelle-\u00c9cosse dans l\u2019est. En mai, l\u2019Alberta \u00e9tait la province la plus touch\u00e9e, avec 110\u00a0incendies actifs. Pour donner une meilleure id\u00e9e, une moyenne de 800\u00a0hectares (environ 1\u00a0980\u00a0acres) de terre br\u00fblent g\u00e9n\u00e9ralement en Alberta lors de la saison des feux de for\u00eat, mais ce sont plus de 1,9\u00a0million d\u2019hectares (4,7\u00a0millions d\u2019acres) qui avaient d\u00e9j\u00e0 br\u00fbl\u00e9 \u00e0 la fin du mois d\u2019ao\u00fbt de cette ann\u00e9e. Et au moment m\u00eame o\u00f9 des pompiers de l\u2019Ontario et du Qu\u00e9bec semblaient commencer \u00e0 ma\u00eetriser les flammes en Alberta, des incendies de for\u00eat se sont d\u00e9clar\u00e9s au Qu\u00e9bec, d\u00e9clenchant ainsi une nouvelle crise dans l\u2019est du pays.<\/span><\/p>\n<p><div id=\"attachment_102722\" style=\"width: 871px\" class=\"wp-caption aligncenter\"><img fetchpriority=\"high\" decoding=\"async\" aria-describedby=\"caption-attachment-102722\" class=\"wp-image-102722 \" src=\"https:\/\/interamerica.org\/wp-content\/uploads\/2023\/08\/duncan-rawlinson-creativecommons.jpg\" alt=\"\" width=\"861\" height=\"574\" srcset=\"https:\/\/interamerica.org\/wp-content\/uploads\/2023\/08\/duncan-rawlinson-creativecommons.jpg 1000w, https:\/\/interamerica.org\/wp-content\/uploads\/2023\/08\/duncan-rawlinson-creativecommons-300x200.jpg 300w, https:\/\/interamerica.org\/wp-content\/uploads\/2023\/08\/duncan-rawlinson-creativecommons-768x512.jpg 768w\" sizes=\"(max-width: 861px) 100vw, 861px\" \/><p id=\"caption-attachment-102722\" class=\"wp-caption-text\">Cette ann\u00e9e, le Canada a connu la pire saison de feux de for\u00eat de son histoire.\u00a0[Une photo de Duncan Rawlinson \/ Creative Commons]<\/p><\/div><span style=\"font-weight: 400;\">Les feux de for\u00eat de cette ann\u00e9e ont ravag\u00e9 plus de 151\u00a0000\u00a0kilom\u00e8tres carr\u00e9s de territoire et 200\u00a0000\u00a0Canadiens ont d\u00fb \u00eatre \u00e9vacu\u00e9s. En cette fin de mois d\u2019ao\u00fbt, plus de 1\u00a0000\u00a0feux sont encore actifs au Canada.<\/span><\/p>\n<p><span style=\"font-weight: 400;\">Durant cette situation de catastrophe naturelle, ADRA Canada collabore avec les \u00e9glises locales pour offrir de l\u2019aide mat\u00e9rielle et financi\u00e8re au besoin.<\/span><\/p>\n<p><b>Un appel national \u00e0 la pri\u00e8re pour la plus r\u00e9cente crise de feux de for\u00eat<\/b><\/p>\n<p><span style=\"font-weight: 400;\">La plus r\u00e9cente vague de feux de for\u00eat fait rage en Colombie-Britannique, au Yukon et dans les Territoires du Nord-Ouest, avec quelque 230\u00a0feux actifs dans les Territoires du Nord-Ouest, o\u00f9 20\u00a0000\u00a0personnes ont re\u00e7u l\u2019ordre d\u2019\u00e9vacuer leur maison. En Colombie-Britannique, pr\u00e8s de 400\u00a0feux sont actifs et 30\u00a0000\u00a0habitants sont sous ordre d\u2019\u00e9vacuation alors que 35\u00a0000\u00a0sont sous alerte d\u2019\u00e9vacuation.<\/span><\/p>\n<p><span style=\"font-weight: 400;\">Le samedi (sabbat) 19\u00a0ao\u00fbt dernier, Paul Llewellyn, pr\u00e9sident de l\u2019\u00c9glise adventiste du septi\u00e8me jour au Canada, et Steve Matthews, directeur administratif d\u2019ADRA Canada, ont incit\u00e9 les donateurs d\u2019ADRA et les \u00e9glises du pays \u00e0 prier pour le territoire de la F\u00e9d\u00e9ration de la Colombie-Britannique. Ils ont \u00e9crit ceci\u00a0: <\/span><\/p>\n<p><div id=\"attachment_102729\" style=\"width: 859px\" class=\"wp-caption aligncenter\"><img decoding=\"async\" aria-describedby=\"caption-attachment-102729\" class=\" wp-image-102728\" src=\"https:\/\/interamerica.org\/wp-content\/uploads\/2023\/08\/map-canada-fires.png\" alt=\"\" width=\"849\" height=\"453\" srcset=\"https:\/\/interamerica.org\/wp-content\/uploads\/2023\/08\/map-canada-fires.png 768w, https:\/\/interamerica.org\/wp-content\/uploads\/2023\/08\/map-canada-fires-300x160.png 300w\" sizes=\"(max-width: 849px) 100vw, 849px\" \/><p id=\"caption-attachment-102729\" class=\"wp-caption-text\"><span style=\"font-weight: 400;\">Une repr\u00e9sentation visuelle des feux de for\u00eat qui ont r\u00e9cemment balay\u00e9 la Colombie-Britannique. [Une photo d\u2019ADRA Canada]<\/span><\/p><\/div><span style=\"font-weight: 400;\">\u00ab\u00a0Ouvrons notre c\u0153ur et prions pour une intervention divine, pour la force, le r\u00e9confort et la r\u00e9silience de ceux qui sont directement affect\u00e9s par ces feux ainsi que pour la sagesse de ceux qui sont aux premi\u00e8res lignes pour combattre cette catastrophe.\u00a0\u00bb<\/span><\/p>\n<p><span style=\"font-weight: 400;\">\u00ab\u00a0Des \u00e9vacuations ont lieu \u00e0 une vitesse dangereusement rapide, a ajout\u00e9 M.\u00a0Matthews, et nos pri\u00e8res sont essentielles \u00e0 la protection et \u00e0 la s\u00e9curit\u00e9 de tous.\u00a0\u00bb Il a aussi promis le soutien continu d\u2019ADRA Canada \u00ab\u00a0pour apaiser la souffrance de ceux qui doivent fuir les incendies, leur offrant de l\u2019aide et du soutien, puis leur montrant qu\u2019en de tels temps de crise, la force de l\u2019humanit\u00e9 est particuli\u00e8rement lumineuse.\u00a0\u00bb<\/span><\/p>\n<p><span style=\"font-weight: 400;\">Dans l\u2019une de leurs d\u00e9clarations, les pasteurs Llewellyn et Charles Aguilar, pr\u00e9sident de la F\u00e9d\u00e9ration du Manitoba et de la Saskatchewan de l\u2019\u00c9glise adventiste, ont demand\u00e9 \u00e0 tous les membres de s\u2019unir en pri\u00e8re fervente. \u00ab\u00a0En cherchant \u00e0 mieux comprendre la situation, il est crucial de r\u00e9fl\u00e9chir au fait que de telles catastrophes naturelles sont de durs rappels de notre responsabilit\u00e9 envers notre plan\u00e8te et les uns envers les autres.\u00a0\u00bb La d\u00e9claration se terminait ainsi\u00a0: \u00ab\u00a0Vos pri\u00e8res comptent et peuvent faire toute la diff\u00e9rence.\u00a0\u00bb\u00a0\u00a0<\/span><\/p>\n<p><b>Les \u00e9glises locales r\u00e9pondent \u00ab\u00a0pr\u00e9sente\u00a0\u00bb quand cela compte<\/b><\/p>\n<p><span style=\"font-weight: 400;\">Dans un courriel aux pasteurs locaux, aux directeurs d\u2019\u00e9cole et aux directeurs d\u00e9partementaux, Brad Thorp, pr\u00e9sident de la F\u00e9d\u00e9ration de la Colombie-Britannique, a encourag\u00e9 la proactivit\u00e9 dans la d\u00e9termination et la r\u00e9ponse aux besoins des communaut\u00e9s imm\u00e9diates, que ces besoins soient en nourriture, en h\u00e9bergement ou en autre chose. Il a aussi recommand\u00e9 que les salles \u00e0 manger, les salles de classe et les gymnases de nos b\u00e2timents soient utilis\u00e9s comme abris temporaires.<\/span><\/p>\n<p><div id=\"attachment_102732\" style=\"width: 858px\" class=\"wp-caption aligncenter\"><img decoding=\"async\" aria-describedby=\"caption-attachment-102732\" class=\" wp-image-102731\" src=\"https:\/\/interamerica.org\/wp-content\/uploads\/2023\/08\/camphope-768x576-1.jpeg\" alt=\"\" width=\"848\" height=\"636\" srcset=\"https:\/\/interamerica.org\/wp-content\/uploads\/2023\/08\/camphope-768x576-1.jpeg 768w, https:\/\/interamerica.org\/wp-content\/uploads\/2023\/08\/camphope-768x576-1-300x225.jpeg 300w\" sizes=\"(max-width: 848px) 100vw, 848px\" \/><p id=\"caption-attachment-102732\" class=\"wp-caption-text\"><span style=\"font-weight: 400;\">Le Camp Hope, un site minist\u00e9riel adventiste \u00e0 Hope, en Colombie-Britannique, au Canada, s\u2019est organis\u00e9 pour recevoir des gens d\u00e9plac\u00e9s par les feux de for\u00eat. [Une photo de la F\u00e9d\u00e9ration de la Colombie-Britannique]<\/span><\/p><\/div><span style=\"font-weight: 400;\">Les dirigeants des \u00e9glises locales, comme Arturo Gonzalez des \u00e9glises adventistes du septi\u00e8me jour de Rutland et de Wildwood, \u00e0 Kelowna, en Colombie-Britannique, qui ont r\u00e9cemment \u00e9t\u00e9 touch\u00e9es par un incendie \u00ab\u00a0hors de contr\u00f4le\u00a0\u00bb, ont r\u00e9pondu positivement \u00e0 l\u2019appel. Plusieurs \u00e9glises de la r\u00e9gion de Kelowna ont offert leur terrain comme stationnement de v\u00e9hicules r\u00e9cr\u00e9atifs (VR) et leurs installations pour r\u00e9pondre aux besoins de base.<\/span><\/p>\n<p><span style=\"font-weight: 400;\">Gerry Nessman, pasteur principal de l\u2019\u00e9glise adventiste du septi\u00e8me jour Son Valley Fellowship, \u00e0 Kelowna, a m\u00eame accueilli des gens dans sa maison au moment o\u00f9 les feux se r\u00e9pandaient rapidement. \u00ab\u00a0Dans l\u2019ensemble\u2026 c\u2019\u00e9tait surr\u00e9el, a dit le pasteur Nessman. Nous sommes de tout c\u0153ur avec les gens affect\u00e9s par les feux, mais il a \u00e9t\u00e9 difficile de les aider et de mettre en action un plan pour les situations de crise alors m\u00eame que certains d\u2019entre nous sont \u00e9vacu\u00e9s.\u00a0\u00bb Malgr\u00e9 leurs propres difficult\u00e9s, le pasteur Nessman et les autres dirigeants de la communaut\u00e9 donnent de leur temps et de leurs ressources.<\/span><\/p>\n<p><b>ADRA Canada appuient les efforts locaux<\/b><\/p>\n<p><span style=\"font-weight: 400;\">ADRA Canada offrira du soutien en trois \u00e9tapes\u00a0: court, moyen et long terme. Dans une d\u00e9claration \u00e9crite, M.\u00a0Matthews a indiqu\u00e9 que le Camp Hope, \u00e0 Hope, en Colombie-Britannique, \u00e9tait en train de s\u2019activer pour recevoir des gens d\u00e9plac\u00e9s. \u00c0 date, il a d\u00e9j\u00e0 accueilli plus de 40\u00a0\u00e9vacu\u00e9s, et d\u2019autres devraient arriver, le camp pouvant h\u00e9berger plus de 200\u00a0personnes.<\/span><\/p>\n<p><span style=\"font-weight: 400;\">ADRA soutient le Camp Hope financi\u00e8rement et par l\u2019acquisition de fournitures essentielles. Puis en Alberta, ADRA Canada travaille \u00e0 Grande Prairie pour aider le personnel m\u00e9dical \u00e9vacu\u00e9 des Territoires du Nord-Ouest. Des plans sont en cours pour permettre au gestionnaire des programmes nationaux d\u2019ADRA Canada de visiter les sites d\u2019incendies et de mener une \u00e9valuation compl\u00e8te des besoins afin d\u2019\u00e9tablir les prochaines \u00e9tapes d\u2019assistance.<\/span><\/p>\n<p><span style=\"font-weight: 400;\">Enfin, ADRA Canada a lanc\u00e9 une campagne de financement consacr\u00e9e aux feux de for\u00eat. Sur la page de la campagne, il est \u00e9crit ceci\u00a0: \u00ab\u00a0Votre don aura un effet imm\u00e9diat, offrant des fournitures d\u2019urgence essentielles, comme de l\u2019eau, de la nourriture, de l\u2019h\u00e9bergement et des couvertures aux familles dont la vie en d\u00e9pend ainsi que de l\u2019aide imm\u00e9diate en mati\u00e8re d\u2019\u00e9vacuation.\u00a0\u00bb Et pour conclure\u00a0: \u00ab\u00a0Gr\u00e2ce \u00e0 votre aide sinc\u00e8re, ADRA peut partager la compassion et l\u2019amour de Dieu avec des Canadiens dans le besoin.\u00a0\u00bb<\/span><\/p>\n<p><span style=\"font-weight: 400;\">La <\/span><a href=\"https:\/\/www.nadadventist.org\/news\/adra-canada-and-local-churches-rally-support-canadian-wildfire-crisis\"><span style=\"font-weight: 400;\">version originale<\/span><\/a><span style=\"font-weight: 400;\"> de cet article a \u00e9t\u00e9 publi\u00e9e sur le <\/span><a href=\"https:\/\/www.nadadventist.org\/news\"><span style=\"font-weight: 400;\">site des actualit\u00e9s<\/span><\/a><span style=\"font-weight: 400;\"> de la Division nord-am\u00e9ricaine.<\/span><\/p>\n<p><span style=\"font-weight: 400;\">Traduction\u00a0: Marie-Mich\u00e8le Robitaille<\/span><\/p>\n","protected":false},"excerpt":{"rendered":"<p>Le Canada conna\u00eet sa saison de feux de for\u00eat la plus d\u00e9vastatrice de son histoire. Le 30 ao\u00fbt 2023 | Canada | Christelle Agboka et ADRA Canada Environ 40\u00a0% de&#8230;<\/p>\n","protected":false},"author":3,"featured_media":102723,"comment_status":"closed","ping_status":"closed","sticky":false,"template":"","format":"standard","meta":{"_acf_changed":false,"footnotes":""},"categories":[18,19],"tags":[],"class_list":["post-102921","post","type-post","status-publish","format-standard","has-post-thumbnail","hentry","category-nouvelles-de-leglise-mondiale","category-rss-francais"],"acf":[],"yoast_head":"<!-- This site is optimized with the Yoast SEO plugin v27.3 - https:\/\/yoast.com\/product\/yoast-seo-wordpress\/ -->\n<title>ADRA Canada et les \u00e9glises locales portent secours aux sinistr\u00e9s des feux de for\u00eat au Canada - \u00c9glise Adventiste Du Septieme Jour - Inter Am\u00e9rique Division<\/title>\n<meta name=\"robots\" content=\"index, follow, max-snippet:-1, max-image-preview:large, max-video-preview:-1\" \/>\n<link rel=\"canonical\" href=\"https:\/\/interamerica.org\/fr\/2023\/08\/adra-canada-et-les-eglises-locales-portent-secours-aux-sinistres-des-feux-de-foret-au-canada\/\" \/>\n<meta property=\"og:locale\" content=\"fr_FR\" \/>\n<meta property=\"og:type\" content=\"article\" \/>\n<meta property=\"og:title\" content=\"ADRA Canada et les \u00e9glises locales portent secours aux sinistr\u00e9s des feux de for\u00eat au Canada - \u00c9glise Adventiste Du Septieme Jour - Inter Am\u00e9rique Division\" \/>\n<meta property=\"og:description\" content=\"Le Canada conna\u00eet sa saison de feux de for\u00eat la plus d\u00e9vastatrice de son histoire. Le 30 ao\u00fbt 2023 | Canada | Christelle Agboka et ADRA Canada Environ 40\u00a0% de...\" \/>\n<meta property=\"og:url\" content=\"https:\/\/interamerica.org\/fr\/2023\/08\/adra-canada-et-les-eglises-locales-portent-secours-aux-sinistres-des-feux-de-foret-au-canada\/\" \/>\n<meta property=\"og:site_name\" content=\"\u00c9glise Adventiste Du Septieme Jour - Inter Am\u00e9rique Division\" \/>\n<meta property=\"article:published_time\" content=\"2023-08-30T19:23:04+00:00\" \/>\n<meta property=\"article:modified_time\" content=\"2023-09-01T17:36:43+00:00\" \/>\n<meta property=\"og:image\" content=\"https:\/\/interamerica.org\/wp-content\/uploads\/2023\/08\/duncan-rawlinson-creativecommons.jpg\" \/>\n\t<meta property=\"og:image:width\" content=\"1000\" \/>\n\t<meta property=\"og:image:height\" content=\"667\" \/>\n\t<meta property=\"og:image:type\" content=\"image\/jpeg\" \/>\n<meta name=\"author\" content=\"libna\" \/>\n<meta name=\"twitter:card\" content=\"summary_large_image\" \/>\n<meta name=\"twitter:label1\" content=\"\u00c9crit par\" \/>\n\t<meta name=\"twitter:data1\" content=\"libna\" \/>\n\t<meta name=\"twitter:label2\" content=\"Dur\u00e9e de lecture estim\u00e9e\" \/>\n\t<meta name=\"twitter:data2\" content=\"6 minutes\" \/>\n<script type=\"application\/ld+json\" class=\"yoast-schema-graph\">{\"@context\":\"https:\\\/\\\/schema.org\",\"@graph\":[{\"@type\":\"Article\",\"@id\":\"https:\\\/\\\/interamerica.org\\\/fr\\\/2023\\\/08\\\/adra-canada-et-les-eglises-locales-portent-secours-aux-sinistres-des-feux-de-foret-au-canada\\\/#article\",\"isPartOf\":{\"@id\":\"https:\\\/\\\/interamerica.org\\\/fr\\\/2023\\\/08\\\/adra-canada-et-les-eglises-locales-portent-secours-aux-sinistres-des-feux-de-foret-au-canada\\\/\"},\"author\":{\"name\":\"libna\",\"@id\":\"https:\\\/\\\/interamerica.org\\\/fr\\\/#\\\/schema\\\/person\\\/29998f2bc2d8bd0d38662909289b54f1\"},\"headline\":\"ADRA Canada et les \u00e9glises locales portent secours aux sinistr\u00e9s des feux de for\u00eat au Canada\",\"datePublished\":\"2023-08-30T19:23:04+00:00\",\"dateModified\":\"2023-09-01T17:36:43+00:00\",\"mainEntityOfPage\":{\"@id\":\"https:\\\/\\\/interamerica.org\\\/fr\\\/2023\\\/08\\\/adra-canada-et-les-eglises-locales-portent-secours-aux-sinistres-des-feux-de-foret-au-canada\\\/\"},\"wordCount\":1353,\"image\":{\"@id\":\"https:\\\/\\\/interamerica.org\\\/fr\\\/2023\\\/08\\\/adra-canada-et-les-eglises-locales-portent-secours-aux-sinistres-des-feux-de-foret-au-canada\\\/#primaryimage\"},\"thumbnailUrl\":\"https:\\\/\\\/interamerica.org\\\/wp-content\\\/uploads\\\/2023\\\/08\\\/duncan-rawlinson-creativecommons.jpg\",\"articleSection\":[\"Nouvelles de l'\u00c9glise mondiale\",\"RSS Fran\u00e7ais\"],\"inLanguage\":\"fr-FR\"},{\"@type\":\"WebPage\",\"@id\":\"https:\\\/\\\/interamerica.org\\\/fr\\\/2023\\\/08\\\/adra-canada-et-les-eglises-locales-portent-secours-aux-sinistres-des-feux-de-foret-au-canada\\\/\",\"url\":\"https:\\\/\\\/interamerica.org\\\/fr\\\/2023\\\/08\\\/adra-canada-et-les-eglises-locales-portent-secours-aux-sinistres-des-feux-de-foret-au-canada\\\/\",\"name\":\"ADRA Canada et les \u00e9glises locales portent secours aux sinistr\u00e9s des feux de for\u00eat au Canada - \u00c9glise Adventiste Du Septieme Jour - Inter Am\u00e9rique Division\",\"isPartOf\":{\"@id\":\"https:\\\/\\\/interamerica.org\\\/fr\\\/#website\"},\"primaryImageOfPage\":{\"@id\":\"https:\\\/\\\/interamerica.org\\\/fr\\\/2023\\\/08\\\/adra-canada-et-les-eglises-locales-portent-secours-aux-sinistres-des-feux-de-foret-au-canada\\\/#primaryimage\"},\"image\":{\"@id\":\"https:\\\/\\\/interamerica.org\\\/fr\\\/2023\\\/08\\\/adra-canada-et-les-eglises-locales-portent-secours-aux-sinistres-des-feux-de-foret-au-canada\\\/#primaryimage\"},\"thumbnailUrl\":\"https:\\\/\\\/interamerica.org\\\/wp-content\\\/uploads\\\/2023\\\/08\\\/duncan-rawlinson-creativecommons.jpg\",\"datePublished\":\"2023-08-30T19:23:04+00:00\",\"dateModified\":\"2023-09-01T17:36:43+00:00\",\"author\":{\"@id\":\"https:\\\/\\\/interamerica.org\\\/fr\\\/#\\\/schema\\\/person\\\/29998f2bc2d8bd0d38662909289b54f1\"},\"breadcrumb\":{\"@id\":\"https:\\\/\\\/interamerica.org\\\/fr\\\/2023\\\/08\\\/adra-canada-et-les-eglises-locales-portent-secours-aux-sinistres-des-feux-de-foret-au-canada\\\/#breadcrumb\"},\"inLanguage\":\"fr-FR\",\"potentialAction\":[{\"@type\":\"ReadAction\",\"target\":[\"https:\\\/\\\/interamerica.org\\\/fr\\\/2023\\\/08\\\/adra-canada-et-les-eglises-locales-portent-secours-aux-sinistres-des-feux-de-foret-au-canada\\\/\"]}]},{\"@type\":\"ImageObject\",\"inLanguage\":\"fr-FR\",\"@id\":\"https:\\\/\\\/interamerica.org\\\/fr\\\/2023\\\/08\\\/adra-canada-et-les-eglises-locales-portent-secours-aux-sinistres-des-feux-de-foret-au-canada\\\/#primaryimage\",\"url\":\"https:\\\/\\\/interamerica.org\\\/wp-content\\\/uploads\\\/2023\\\/08\\\/duncan-rawlinson-creativecommons.jpg\",\"contentUrl\":\"https:\\\/\\\/interamerica.org\\\/wp-content\\\/uploads\\\/2023\\\/08\\\/duncan-rawlinson-creativecommons.jpg\",\"width\":1000,\"height\":667,\"caption\":\"This year has marked the worst wildfire season in recorded Canadian history. [Photo: Duncan Rawlinson \\\/ Creative Commons]\"},{\"@type\":\"BreadcrumbList\",\"@id\":\"https:\\\/\\\/interamerica.org\\\/fr\\\/2023\\\/08\\\/adra-canada-et-les-eglises-locales-portent-secours-aux-sinistres-des-feux-de-foret-au-canada\\\/#breadcrumb\",\"itemListElement\":[{\"@type\":\"ListItem\",\"position\":1,\"name\":\"Home\",\"item\":\"https:\\\/\\\/interamerica.org\\\/fr\\\/\"},{\"@type\":\"ListItem\",\"position\":2,\"name\":\"ADRA Canada et les \u00e9glises locales portent secours aux sinistr\u00e9s des feux de for\u00eat au Canada\"}]},{\"@type\":\"WebSite\",\"@id\":\"https:\\\/\\\/interamerica.org\\\/fr\\\/#website\",\"url\":\"https:\\\/\\\/interamerica.org\\\/fr\\\/\",\"name\":\"\u00c9glise Adventiste Du Septieme Jour - Inter Am\u00e9rique Division\",\"description\":\"\",\"potentialAction\":[{\"@type\":\"SearchAction\",\"target\":{\"@type\":\"EntryPoint\",\"urlTemplate\":\"https:\\\/\\\/interamerica.org\\\/fr\\\/?s={search_term_string}\"},\"query-input\":{\"@type\":\"PropertyValueSpecification\",\"valueRequired\":true,\"valueName\":\"search_term_string\"}}],\"inLanguage\":\"fr-FR\"},{\"@type\":\"Person\",\"@id\":\"https:\\\/\\\/interamerica.org\\\/fr\\\/#\\\/schema\\\/person\\\/29998f2bc2d8bd0d38662909289b54f1\",\"name\":\"libna\",\"image\":{\"@type\":\"ImageObject\",\"inLanguage\":\"fr-FR\",\"@id\":\"https:\\\/\\\/secure.gravatar.com\\\/avatar\\\/7c5bd30ae4b47a9ba3c856590957fd1d96dc588bf3ac05719d247e126840331f?s=96&d=mm&r=g\",\"url\":\"https:\\\/\\\/secure.gravatar.com\\\/avatar\\\/7c5bd30ae4b47a9ba3c856590957fd1d96dc588bf3ac05719d247e126840331f?s=96&d=mm&r=g\",\"contentUrl\":\"https:\\\/\\\/secure.gravatar.com\\\/avatar\\\/7c5bd30ae4b47a9ba3c856590957fd1d96dc588bf3ac05719d247e126840331f?s=96&d=mm&r=g\",\"caption\":\"libna\"}}]}<\/script>\n<!-- \/ Yoast SEO plugin. -->","yoast_head_json":{"title":"ADRA Canada et les \u00e9glises locales portent secours aux sinistr\u00e9s des feux de for\u00eat au Canada - \u00c9glise Adventiste Du Septieme Jour - Inter Am\u00e9rique Division","robots":{"index":"index","follow":"follow","max-snippet":"max-snippet:-1","max-image-preview":"max-image-preview:large","max-video-preview":"max-video-preview:-1"},"canonical":"https:\/\/interamerica.org\/fr\/2023\/08\/adra-canada-et-les-eglises-locales-portent-secours-aux-sinistres-des-feux-de-foret-au-canada\/","og_locale":"fr_FR","og_type":"article","og_title":"ADRA Canada et les \u00e9glises locales portent secours aux sinistr\u00e9s des feux de for\u00eat au Canada - \u00c9glise Adventiste Du Septieme Jour - Inter Am\u00e9rique Division","og_description":"Le Canada conna\u00eet sa saison de feux de for\u00eat la plus d\u00e9vastatrice de son histoire. Le 30 ao\u00fbt 2023 | Canada | Christelle Agboka et ADRA Canada Environ 40\u00a0% de...","og_url":"https:\/\/interamerica.org\/fr\/2023\/08\/adra-canada-et-les-eglises-locales-portent-secours-aux-sinistres-des-feux-de-foret-au-canada\/","og_site_name":"\u00c9glise Adventiste Du Septieme Jour - Inter Am\u00e9rique Division","article_published_time":"2023-08-30T19:23:04+00:00","article_modified_time":"2023-09-01T17:36:43+00:00","og_image":[{"width":1000,"height":667,"url":"https:\/\/interamerica.org\/wp-content\/uploads\/2023\/08\/duncan-rawlinson-creativecommons.jpg","type":"image\/jpeg"}],"author":"libna","twitter_card":"summary_large_image","twitter_misc":{"\u00c9crit par":"libna","Dur\u00e9e de lecture estim\u00e9e":"6 minutes"},"schema":{"@context":"https:\/\/schema.org","@graph":[{"@type":"Article","@id":"https:\/\/interamerica.org\/fr\/2023\/08\/adra-canada-et-les-eglises-locales-portent-secours-aux-sinistres-des-feux-de-foret-au-canada\/#article","isPartOf":{"@id":"https:\/\/interamerica.org\/fr\/2023\/08\/adra-canada-et-les-eglises-locales-portent-secours-aux-sinistres-des-feux-de-foret-au-canada\/"},"author":{"name":"libna","@id":"https:\/\/interamerica.org\/fr\/#\/schema\/person\/29998f2bc2d8bd0d38662909289b54f1"},"headline":"ADRA Canada et les \u00e9glises locales portent secours aux sinistr\u00e9s des feux de for\u00eat au Canada","datePublished":"2023-08-30T19:23:04+00:00","dateModified":"2023-09-01T17:36:43+00:00","mainEntityOfPage":{"@id":"https:\/\/interamerica.org\/fr\/2023\/08\/adra-canada-et-les-eglises-locales-portent-secours-aux-sinistres-des-feux-de-foret-au-canada\/"},"wordCount":1353,"image":{"@id":"https:\/\/interamerica.org\/fr\/2023\/08\/adra-canada-et-les-eglises-locales-portent-secours-aux-sinistres-des-feux-de-foret-au-canada\/#primaryimage"},"thumbnailUrl":"https:\/\/interamerica.org\/wp-content\/uploads\/2023\/08\/duncan-rawlinson-creativecommons.jpg","articleSection":["Nouvelles de l'\u00c9glise mondiale","RSS Fran\u00e7ais"],"inLanguage":"fr-FR"},{"@type":"WebPage","@id":"https:\/\/interamerica.org\/fr\/2023\/08\/adra-canada-et-les-eglises-locales-portent-secours-aux-sinistres-des-feux-de-foret-au-canada\/","url":"https:\/\/interamerica.org\/fr\/2023\/08\/adra-canada-et-les-eglises-locales-portent-secours-aux-sinistres-des-feux-de-foret-au-canada\/","name":"ADRA Canada et les \u00e9glises locales portent secours aux sinistr\u00e9s des feux de for\u00eat au Canada - \u00c9glise Adventiste Du Septieme Jour - Inter Am\u00e9rique Division","isPartOf":{"@id":"https:\/\/interamerica.org\/fr\/#website"},"primaryImageOfPage":{"@id":"https:\/\/interamerica.org\/fr\/2023\/08\/adra-canada-et-les-eglises-locales-portent-secours-aux-sinistres-des-feux-de-foret-au-canada\/#primaryimage"},"image":{"@id":"https:\/\/interamerica.org\/fr\/2023\/08\/adra-canada-et-les-eglises-locales-portent-secours-aux-sinistres-des-feux-de-foret-au-canada\/#primaryimage"},"thumbnailUrl":"https:\/\/interamerica.org\/wp-content\/uploads\/2023\/08\/duncan-rawlinson-creativecommons.jpg","datePublished":"2023-08-30T19:23:04+00:00","dateModified":"2023-09-01T17:36:43+00:00","author":{"@id":"https:\/\/interamerica.org\/fr\/#\/schema\/person\/29998f2bc2d8bd0d38662909289b54f1"},"breadcrumb":{"@id":"https:\/\/interamerica.org\/fr\/2023\/08\/adra-canada-et-les-eglises-locales-portent-secours-aux-sinistres-des-feux-de-foret-au-canada\/#breadcrumb"},"inLanguage":"fr-FR","potentialAction":[{"@type":"ReadAction","target":["https:\/\/interamerica.org\/fr\/2023\/08\/adra-canada-et-les-eglises-locales-portent-secours-aux-sinistres-des-feux-de-foret-au-canada\/"]}]},{"@type":"ImageObject","inLanguage":"fr-FR","@id":"https:\/\/interamerica.org\/fr\/2023\/08\/adra-canada-et-les-eglises-locales-portent-secours-aux-sinistres-des-feux-de-foret-au-canada\/#primaryimage","url":"https:\/\/interamerica.org\/wp-content\/uploads\/2023\/08\/duncan-rawlinson-creativecommons.jpg","contentUrl":"https:\/\/interamerica.org\/wp-content\/uploads\/2023\/08\/duncan-rawlinson-creativecommons.jpg","width":1000,"height":667,"caption":"This year has marked the worst wildfire season in recorded Canadian history. [Photo: Duncan Rawlinson \/ Creative Commons]"},{"@type":"BreadcrumbList","@id":"https:\/\/interamerica.org\/fr\/2023\/08\/adra-canada-et-les-eglises-locales-portent-secours-aux-sinistres-des-feux-de-foret-au-canada\/#breadcrumb","itemListElement":[{"@type":"ListItem","position":1,"name":"Home","item":"https:\/\/interamerica.org\/fr\/"},{"@type":"ListItem","position":2,"name":"ADRA Canada et les \u00e9glises locales portent secours aux sinistr\u00e9s des feux de for\u00eat au Canada"}]},{"@type":"WebSite","@id":"https:\/\/interamerica.org\/fr\/#website","url":"https:\/\/interamerica.org\/fr\/","name":"\u00c9glise Adventiste Du Septieme Jour - Inter Am\u00e9rique Division","description":"","potentialAction":[{"@type":"SearchAction","target":{"@type":"EntryPoint","urlTemplate":"https:\/\/interamerica.org\/fr\/?s={search_term_string}"},"query-input":{"@type":"PropertyValueSpecification","valueRequired":true,"valueName":"search_term_string"}}],"inLanguage":"fr-FR"},{"@type":"Person","@id":"https:\/\/interamerica.org\/fr\/#\/schema\/person\/29998f2bc2d8bd0d38662909289b54f1","name":"libna","image":{"@type":"ImageObject","inLanguage":"fr-FR","@id":"https:\/\/secure.gravatar.com\/avatar\/7c5bd30ae4b47a9ba3c856590957fd1d96dc588bf3ac05719d247e126840331f?s=96&d=mm&r=g","url":"https:\/\/secure.gravatar.com\/avatar\/7c5bd30ae4b47a9ba3c856590957fd1d96dc588bf3ac05719d247e126840331f?s=96&d=mm&r=g","contentUrl":"https:\/\/secure.gravatar.com\/avatar\/7c5bd30ae4b47a9ba3c856590957fd1d96dc588bf3ac05719d247e126840331f?s=96&d=mm&r=g","caption":"libna"}}]}},"_links":{"self":[{"href":"https:\/\/interamerica.org\/fr\/wp-json\/wp\/v2\/posts\/102921","targetHints":{"allow":["GET"]}}],"collection":[{"href":"https:\/\/interamerica.org\/fr\/wp-json\/wp\/v2\/posts"}],"about":[{"href":"https:\/\/interamerica.org\/fr\/wp-json\/wp\/v2\/types\/post"}],"author":[{"embeddable":true,"href":"https:\/\/interamerica.org\/fr\/wp-json\/wp\/v2\/users\/3"}],"replies":[{"embeddable":true,"href":"https:\/\/interamerica.org\/fr\/wp-json\/wp\/v2\/comments?post=102921"}],"version-history":[{"count":0,"href":"https:\/\/interamerica.org\/fr\/wp-json\/wp\/v2\/posts\/102921\/revisions"}],"wp:featuredmedia":[{"embeddable":true,"href":"https:\/\/interamerica.org\/fr\/wp-json\/wp\/v2\/media\/102723"}],"wp:attachment":[{"href":"https:\/\/interamerica.org\/fr\/wp-json\/wp\/v2\/media?parent=102921"}],"wp:term":[{"taxonomy":"category","embeddable":true,"href":"https:\/\/interamerica.org\/fr\/wp-json\/wp\/v2\/categories?post=102921"},{"taxonomy":"post_tag","embeddable":true,"href":"https:\/\/interamerica.org\/fr\/wp-json\/wp\/v2\/tags?post=102921"}],"curies":[{"name":"wp","href":"https:\/\/api.w.org\/{rel}","templated":true}]}}