{"id":102922,"date":"2023-08-31T22:12:01","date_gmt":"2023-09-01T02:12:01","guid":{"rendered":"https:\/\/interamerica.org\/?p=102922"},"modified":"2023-09-01T13:37:20","modified_gmt":"2023-09-01T17:37:20","slug":"les-responsables-de-la-sante-et-les-administrateurs-dhopitaux-sengagent-a-travailler-ensemble-dans-la-mission","status":"publish","type":"post","link":"https:\/\/interamerica.org\/fr\/2023\/08\/les-responsables-de-la-sante-et-les-administrateurs-dhopitaux-sengagent-a-travailler-ensemble-dans-la-mission\/","title":{"rendered":"Les responsables de la sant\u00e9 et les administrateurs d\u2019h\u00f4pitaux s\u2019engagent \u00e0 travailler \u2018ensemble dans la mission\u2019"},"content":{"rendered":"<p><div id=\"attachment_102851\" style=\"width: 859px\" class=\"wp-caption aligncenter\"><img fetchpriority=\"high\" decoding=\"async\" aria-describedby=\"caption-attachment-102851\" class=\" wp-image-102850\" src=\"https:\/\/interamerica.org\/wp-content\/uploads\/2023\/08\/health-symposium-2023-group-photo.jpg\" alt=\"\" width=\"849\" height=\"523\" srcset=\"https:\/\/interamerica.org\/wp-content\/uploads\/2023\/08\/health-symposium-2023-group-photo.jpg 1000w, https:\/\/interamerica.org\/wp-content\/uploads\/2023\/08\/health-symposium-2023-group-photo-300x185.jpg 300w, https:\/\/interamerica.org\/wp-content\/uploads\/2023\/08\/health-symposium-2023-group-photo-768x473.jpg 768w\" sizes=\"(max-width: 849px) 100vw, 849px\" \/><p id=\"caption-attachment-102851\" class=\"wp-caption-text\">Des experts adventistes, des administrateurs de l\u2019\u00c9glises, des directeurs de sant\u00e9 et des administrateurs d\u2019h\u00f4pitaux venus de toute la Division Inter Am\u00e9ricaine posent pour une photo de groupe lors du Symposium sur la Sant\u00e9 organis\u00e9 pour l\u2019ensemble du territoire \u00e0 Miami, en Floride, aux \u00c9tats-Unis, du 27 au 29 juillet 2023. [Photo : Libna Stevens \/DIA]<\/p><\/div>30 Ao\u00fbt 2023 | Miami, Floride, \u00c9tats-Unis | Libna Stevens, Actualit\u00e9s de la Division Inter Am\u00e9ricaine<\/p>\n<p>Les responsables des minist\u00e8res de la sant\u00e9 de l\u2019\u00c9glise adventiste du septi\u00e8me jour et les dirigeants des \u00e9tablissements sanitaires de toute la Division Inter Am\u00e9ricaine (DIA) se sont r\u00e9cemment engag\u00e9s \u00e0 travailler ensemble pour maintenir et consolider le message sur la sant\u00e9 dans tout le territoire. Cet engagement est intervenu alors que la DIA achevait son Symposium sur la Sant\u00e9 qui a mis en lumi\u00e8re le besoin urgent de toucher la vie des gens en apportant un accompagnement spirituel, des soins holistiques et pr\u00e9ventifs continus, ce qui constitue un \u00e9l\u00e9ment vital de la vie des institutions sanitaires, de l\u2019\u00c9glise et de la communaut\u00e9.<\/p>\n<p>\u00ab Nous devons renforcer l\u2019esprit d\u2019unit\u00e9 ensemble, \u00bb a d\u00e9clar\u00e9 Dr Franck G\u00e9n\u00e9us, M.D., directeur du minist\u00e8re de la sant\u00e9 de la DIA et pr\u00e9sident des Services de Sant\u00e9 Adventistes Inter-Am\u00e9ricains (AHSIA). \u00ab Dans le pass\u00e9, nos h\u00f4pitaux adventistes et l\u2019\u00e9glise ont travaill\u00e9 s\u00e9par\u00e9ment dans l\u2019action d\u2019impact sanitaire dans la communaut\u00e9, mais nous devons mettre l\u2019accent sur le fait d\u2019avancer ensemble pour accomplir la mission, \u00bb a-t-il d\u00e9clar\u00e9. Cette unit\u00e9 doit \u00eatre une collaboration entre les communaut\u00e9s adventistes et les services de sant\u00e9, les \u00e9glises, les services ainsi que des entit\u00e9s du syst\u00e8me de sant\u00e9, a-t-il expliqu\u00e9.<\/p>\n<p><div id=\"attachment_102827\" style=\"width: 864px\" class=\"wp-caption aligncenter\"><img decoding=\"async\" aria-describedby=\"caption-attachment-102827\" class=\" wp-image-102826\" src=\"https:\/\/interamerica.org\/wp-content\/uploads\/2023\/08\/franck-geneux-healthsymposium2023.jpg\" alt=\"\" width=\"854\" height=\"556\" srcset=\"https:\/\/interamerica.org\/wp-content\/uploads\/2023\/08\/franck-geneux-healthsymposium2023.jpg 1000w, https:\/\/interamerica.org\/wp-content\/uploads\/2023\/08\/franck-geneux-healthsymposium2023-300x195.jpg 300w, https:\/\/interamerica.org\/wp-content\/uploads\/2023\/08\/franck-geneux-healthsymposium2023-768x500.jpg 768w\" sizes=\"(max-width: 854px) 100vw, 854px\" \/><p id=\"caption-attachment-102827\" class=\"wp-caption-text\">Dr Franck G\u00e9n\u00e9us, M.D., directeur des minist\u00e8res de la sant\u00e9 de la Division Inter Am\u00e9ricaine, parle du renforcement de la synergie entre les h\u00f4pitaux, les cliniques, les champs locaux jusqu\u2019\u00e0 l\u2019\u00e9glise locale dans le but d\u2019atteindre la communaut\u00e9. [Photo : Libna Stevens\/DIA]<\/p><\/div><strong>Action en synergie de la foi, de la philosophie et des services de sant\u00e9 adventistes<\/strong><\/p>\n<p>\u00ab Ce \u00e0 quoi nous aspirons, c\u2019est la collaboration entre notre foi adventiste, notre philosophie et la mani\u00e8re dont nous proposons nos services de sant\u00e9, \u00bb a d\u00e9clar\u00e9 le Dr G\u00e9neus. Pour y parvenir, il faut une implication totale, ce qui signifie que le membre d\u2019\u00e9glise doit \u00eatre un promoteur actif de la sant\u00e9 et que chaque \u00e9glise doit \u00eatre un centre d\u2019influence.<\/p>\n<p>Il s\u2019agissait \u00e0 travers ce symposium de maintenir une synergie plus forte entre les dirigeants des h\u00f4pitaux, des cliniques et des champs locaux jusqu\u2019aux \u00e9glises locales, et aussi d\u2019encourager une culture d\u2019am\u00e9lioration des services de sant\u00e9, a d\u00e9clar\u00e9 Dr G\u00e9neus.<\/p>\n<p>C\u2019est un message clair qui a r\u00e9sonn\u00e9 lors du symposium sur la sant\u00e9 dont le th\u00e8me \u00e9tait \u00ab Ensemble dans la Mission, \u00bb et qui a r\u00e9uni plus de 70 personnes \u00e0 Miami, en Floride, aux \u00c9tats-Unis, et des centaines d\u2019autres qui ont regard\u00e9 en ligne du 27 au 29 juillet 2023.<\/p>\n<p><div id=\"attachment_102845\" style=\"width: 860px\" class=\"wp-caption aligncenter\"><img decoding=\"async\" aria-describedby=\"caption-attachment-102845\" class=\" wp-image-102844\" src=\"https:\/\/interamerica.org\/wp-content\/uploads\/2023\/08\/health-symposium-interacting.jpg\" alt=\"\" width=\"850\" height=\"582\" srcset=\"https:\/\/interamerica.org\/wp-content\/uploads\/2023\/08\/health-symposium-interacting.jpg 1000w, https:\/\/interamerica.org\/wp-content\/uploads\/2023\/08\/health-symposium-interacting-300x206.jpg 300w, https:\/\/interamerica.org\/wp-content\/uploads\/2023\/08\/health-symposium-interacting-768x526.jpg 768w\" sizes=\"(max-width: 850px) 100vw, 850px\" \/><p id=\"caption-attachment-102845\" class=\"wp-caption-text\">Les responsables de la sant\u00e9 \u00e9changent lors d\u2019une pause le deuxi\u00e8me jour du symposium. [Photo : Libna Stevens\/DIA]<\/p><\/div><strong>Faire partie des minist\u00e8res de la sant\u00e9 int\u00e9grale<\/strong><\/p>\n<p>Le directeur des Minist\u00e8res de la Sant\u00e9 de la Conf\u00e9rence G\u00e9n\u00e9rale, Dr Peter Landless, M.D., a rappel\u00e9 aux dirigeants d\u2019adopter un mode de vie sain, de faire de l\u2019\u00e9ducation sanitaire et de veiller \u00e0 ce que les institutions sanitaires prennent part \u00e0 l\u2019action missionnaire et au minist\u00e8re de la sant\u00e9 men\u00e9s par l\u2019\u00c9glise. \u00ab Nous vivons dans un monde d\u00e9chu rempli de maladie, de souffrance, de chagrin et de mort et c\u2019est vous que J\u00e9sus s\u2019appr\u00eate \u00e0 utiliser, \u00bb a d\u00e9clar\u00e9 Dr Landless.<\/p>\n<p>Le temps vient, a d\u00e9clar\u00e9 Dr Landless, \u00ab o\u00f9 il n\u2019y aura plus de travail effectu\u00e9 dans le domaine pastoral mais seulement un minist\u00e8re de la sant\u00e9, \u00bb a-t-il d\u00e9clar\u00e9. \u00ab Vous et moi avons aujourd\u2019hui le privil\u00e8ge de participer au minist\u00e8re int\u00e9gral de la sant\u00e9. \u00bb<\/p>\n<p>Les experts de la sant\u00e9 et les administrateurs ont discut\u00e9 des moyens de mettre en \u0153uvre de la synergie entre les services de sant\u00e9, des mod\u00e8les de gouvernance pour les h\u00f4pitaux adventistes dans le cadre de l\u2019AHSIA, de la promotion d\u2019une culture d\u2019assurance qualit\u00e9 et de s\u00e9curit\u00e9 des patients, du d\u00e9veloppement de la formation et de la technologie num\u00e9rique dans les h\u00f4pitaux, en examinant la vision, les plans et les ressources disponibles, et en participant \u00e0 des ateliers sur les collectes de fonds, la gestion des risques, l\u2019application Dream Health, et plus encore.<\/p>\n<p><div id=\"attachment_102830\" style=\"width: 860px\" class=\"wp-caption aligncenter\"><img loading=\"lazy\" decoding=\"async\" aria-describedby=\"caption-attachment-102830\" class=\" wp-image-102829\" src=\"https:\/\/interamerica.org\/wp-content\/uploads\/2023\/08\/peter-landless-healthsymposium.jpg\" alt=\"\" width=\"850\" height=\"583\" srcset=\"https:\/\/interamerica.org\/wp-content\/uploads\/2023\/08\/peter-landless-healthsymposium.jpg 1000w, https:\/\/interamerica.org\/wp-content\/uploads\/2023\/08\/peter-landless-healthsymposium-300x206.jpg 300w, https:\/\/interamerica.org\/wp-content\/uploads\/2023\/08\/peter-landless-healthsymposium-768x527.jpg 768w\" sizes=\"(max-width: 850px) 100vw, 850px\" \/><p id=\"caption-attachment-102830\" class=\"wp-caption-text\">Le directeur des Minist\u00e8res de la Sant\u00e9 de la Conf\u00e9rence G\u00e9n\u00e9rale, Dr Peter Landless, M.D., s\u2019adresse aux participants au symposium en ligne pour les interpeler lors de son message pr\u00e9sent\u00e9 le 29 juillet 2023. [Photo : Libna Stevens\/DIA]<\/p><\/div><strong>Gestion d\u2019un \u00e9tablissement sanitaire<\/strong><\/p>\n<p>Pour Marielis Guerra, administratrice de l\u2019H\u00f4pital Bella Vista, \u00e0 Mayaguez, \u00e0 Porto Rico, l\u2019un des plus anciens des 14 \u00e9tablissements sanitaires g\u00e9r\u00e9s par les adventistes dans la Division Inter Am\u00e9ricaine, et le seul \u00e0 avoir l\u2019accr\u00e9ditation de la Commission Mixte depuis 1980, g\u00e9rer un \u00e9tablissement de sant\u00e9 comptant plus de 560 employ\u00e9s n\u2019est pas facile. S\u2019assurer que l\u2019h\u00f4pital ait en place une structure fonctionnelle, offre des salaires comp\u00e9titifs, am\u00e9liore ses processus et se d\u00e9veloppe pour proposer davantage de services m\u00e9dicaux dans un environnement en mutation, n\u00e9cessite beaucoup de collaboration. La collaboration et l\u2019int\u00e9gration sont des th\u00e8mes qu\u2019elle a entendus tout au long du symposium sur la sant\u00e9.<\/p>\n<p>D\u2019apr\u00e8s Marielis Guerra, l\u2019action missionnaire dans la communaut\u00e9 sous la forme de cliniques de sant\u00e9 a toujours \u00e9t\u00e9 une chose dans laquelle l\u2019H\u00f4pital Bella Vista s\u2019est impliqu\u00e9, mais avec les changements amen\u00e9s par la pand\u00e9mie et le roulement du personnel qu\u2019elle a provoqu\u00e9, les choses doivent \u00eatre plac\u00e9es dans une perspective missionnaire encore plus forte.<\/p>\n<p><div id=\"attachment_102848\" style=\"width: 858px\" class=\"wp-caption aligncenter\"><img loading=\"lazy\" decoding=\"async\" aria-describedby=\"caption-attachment-102848\" class=\" wp-image-102847\" src=\"https:\/\/interamerica.org\/wp-content\/uploads\/2023\/08\/marielis-guerra-bvh-healthsymposium.jpg\" alt=\"\" width=\"848\" height=\"580\" srcset=\"https:\/\/interamerica.org\/wp-content\/uploads\/2023\/08\/marielis-guerra-bvh-healthsymposium.jpg 1000w, https:\/\/interamerica.org\/wp-content\/uploads\/2023\/08\/marielis-guerra-bvh-healthsymposium-300x205.jpg 300w, https:\/\/interamerica.org\/wp-content\/uploads\/2023\/08\/marielis-guerra-bvh-healthsymposium-768x525.jpg 768w\" sizes=\"(max-width: 848px) 100vw, 848px\" \/><p id=\"caption-attachment-102848\" class=\"wp-caption-text\">Marielis Guerra, administratrice de l\u2019H\u00f4pital Bella Vista, \u00e0 Mayaguez, \u00e0 Porto Rico, parle bri\u00e8vement des initiatives mises en place dans l\u2019\u00e9tablissement sanitaire. [Photo : Libna Stevens\/DIA]<\/p><\/div>\u00ab Participer au symposium sur la sant\u00e9 a permis de mettre en lumi\u00e8re la transmission plus claire de la mission principale de l\u2019h\u00f4pital avec son \u00e9quipe de m\u00e9decins, d\u2019infirmiers, le personnel m\u00e9dical et le personnel r\u00e9gulier, ainsi que la collaboration plus \u00e9troite avec l\u2019\u00e9glise et ses membres pour un plus grand impact dans la communaut\u00e9 a dit Marielis Guerra.<\/p>\n<p>Cette mission aidera l\u2019h\u00f4pital de 225 lits \u00e0 progresser de plusieurs mani\u00e8res alors qu\u2019il fait en sorte de d\u00e9velopper ses services d\u2019endoscopie, de chirurgie orthop\u00e9dique et de gastro-ent\u00e9rologie, ainsi que d\u2019autres services.<\/p>\n<p><div id=\"attachment_102863\" style=\"width: 857px\" class=\"wp-caption aligncenter\"><img loading=\"lazy\" decoding=\"async\" aria-describedby=\"caption-attachment-102863\" class=\" wp-image-102862\" src=\"https:\/\/interamerica.org\/wp-content\/uploads\/2023\/08\/bvh-pic1-drone.jpg\" alt=\"\" width=\"847\" height=\"529\" srcset=\"https:\/\/interamerica.org\/wp-content\/uploads\/2023\/08\/bvh-pic1-drone.jpg 1000w, https:\/\/interamerica.org\/wp-content\/uploads\/2023\/08\/bvh-pic1-drone-300x188.jpg 300w, https:\/\/interamerica.org\/wp-content\/uploads\/2023\/08\/bvh-pic1-drone-768x480.jpg 768w\" sizes=\"(max-width: 847px) 100vw, 847px\" \/><p id=\"caption-attachment-102863\" class=\"wp-caption-text\">Vue a\u00e9rienne de l\u2019H\u00f4pital Bella Vista qui se trouve \u00e0 Mayaguez, \u00e0 Porto Rico depuis 1954 ; il dispose de l\u2019accr\u00e9ditation de la Commission Mixte depuis 1980. L\u2019h\u00f4pital de 225 lits a r\u00e9cemment \u00e9t\u00e9 repeint. [Photo : avec l\u2019aimable autorisation de l\u2019H\u00f4pital Bella Vista]<\/p><\/div><strong>Expansion et consolidation de la structure<\/strong><\/p>\n<p>Les pressions li\u00e9es \u00e0 la croissance, au d\u00e9veloppement des services et \u00e0 la consolidation de la structure de l\u2019H\u00f4pital Valle de Angeles au Honduras sont pr\u00e9sentes dans l\u2019esprit de Reynaldo Canales, qui est l\u2019administrateur de l\u2019\u00e9tablissement sanitaire depuis plus de huit ans. Le fait de sortir des ann\u00e9es pendant lesquelles l\u2019institution avait des difficult\u00e9s financi\u00e8res pour payer les salaires du personnel, et arriver au stade o\u00f9 l\u2019h\u00f4pital conna\u00eet une croissance financi\u00e8re et entame le processus de demande d\u2019accr\u00e9ditation par la Commission Mixte, a \u00e9t\u00e9 une vraie b\u00e9n\u00e9diction.<\/p>\n<p>C\u00f4toyer des dirigeants d\u2019\u00e9glise et des experts au cours du symposium a fait prendre davantage conscience du fait que la mission peut \u00eatre mieux accomplie ensemble, en collaboration plus \u00e9troite. \u00ab Nous devons, en tant qu\u2019employ\u00e9s et administrateurs, \u00eatre des instruments du bien pour accomplir la mission de gu\u00e9rison, mais \u00e0 travers la sant\u00e9 int\u00e9grale, physique et spirituelle, \u00bb a d\u00e9clar\u00e9 Reynaldo Canales. Il est question de ce m\u00e9canisme d\u2019\u00e9vang\u00e9lisation, a-t-il dit. Parfois, nous l\u2019oublions \u00e0 cause de l\u2019aspect commercial de la gestion d\u2019un h\u00f4pital, mais nous devons toujours \u00eatre connect\u00e9s \u00e0 la mission. \u00bb<\/p>\n<p><div id=\"attachment_102854\" style=\"width: 861px\" class=\"wp-caption aligncenter\"><img loading=\"lazy\" decoding=\"async\" aria-describedby=\"caption-attachment-102854\" class=\" wp-image-102853\" src=\"https:\/\/interamerica.org\/wp-content\/uploads\/2023\/08\/reynaldo-canales-hava-healthsymposium.jpg\" alt=\"\" width=\"851\" height=\"558\" srcset=\"https:\/\/interamerica.org\/wp-content\/uploads\/2023\/08\/reynaldo-canales-hava-healthsymposium.jpg 1000w, https:\/\/interamerica.org\/wp-content\/uploads\/2023\/08\/reynaldo-canales-hava-healthsymposium-300x197.jpg 300w, https:\/\/interamerica.org\/wp-content\/uploads\/2023\/08\/reynaldo-canales-hava-healthsymposium-768x504.jpg 768w\" sizes=\"(max-width: 851px) 100vw, 851px\" \/><p id=\"caption-attachment-102854\" class=\"wp-caption-text\">Reynaldo Canales, administrateur de l\u2019H\u00f4pital Valle de Angeles au Honduras, consid\u00e8re les difficult\u00e9s comme des opportunit\u00e9s d\u2019aller plus loin dans les plans de d\u00e9veloppement et d\u2019agrandir toute institution. [Photo : Libna Stevens\/DIA]<\/p><\/div>Alors que l\u2019h\u00f4pital est en construction pour offrir plus d\u2019espace pour les services et \u00e9tablir une petite chapelle pour l\u2019aum\u00f4nier \u00e0 plein temps qui est disponible pour exercer un minist\u00e8re aupr\u00e8s des patients et des plus de 80 membres du personnel de l\u2019h\u00f4pital qui ne sont pas adventistes du septi\u00e8me jour, le d\u00e9veloppement et les am\u00e9liorations de la structure continueront \u00e0 avancer, a dit Reynaldo Canales.<\/p>\n<p>L\u2019\u00e9tablissement sanitaire de 27 lits est pass\u00e9 de 30 employ\u00e9s \u00e0 temps plein \u00e0 120 et intensifie son impact chaque mois dans la communaut\u00e9 gr\u00e2ce \u00e0 des \u00e9quipes d\u2019action de sant\u00e9 et des cliniques ouvertes, a-t-il d\u00e9clar\u00e9. Reynaldo Canales a dit qu\u2019il r\u00eave que l\u2019h\u00f4pital obtienne une accr\u00e9ditation sur la qualit\u00e9, qu\u2019il puisse se distinguer par son h\u00e9ritage spirituel et devenir le bras droit fort de l\u2019\u00c9glise Adventiste dans la communaut\u00e9, il r\u00eave aussi de voir l\u2019\u00e9tablissement avoir un prolongement \u00e0 travers une clinique externe \u00e0 Tegucigalpa, la capitale du Honduras. Les difficult\u00e9s doivent \u00eatre consid\u00e9r\u00e9s comme des opportunit\u00e9s pour une mission plus grande, a-t-il d\u00e9clar\u00e9. \u00ab Nous devons \u00eatre des agents de changement parce que nous avons une lumi\u00e8re \u00e0 partager qui puisse guider les autres, \u00bb a dit Reynaldo Canales.<\/p>\n<p><div id=\"attachment_102842\" style=\"width: 854px\" class=\"wp-caption aligncenter\"><img loading=\"lazy\" decoding=\"async\" aria-describedby=\"caption-attachment-102842\" class=\" wp-image-102841\" src=\"https:\/\/interamerica.org\/wp-content\/uploads\/2023\/08\/roel-cea-healthsymposium2023.jpg\" alt=\"\" width=\"844\" height=\"572\" srcset=\"https:\/\/interamerica.org\/wp-content\/uploads\/2023\/08\/roel-cea-healthsymposium2023.jpg 1000w, https:\/\/interamerica.org\/wp-content\/uploads\/2023\/08\/roel-cea-healthsymposium2023-300x203.jpg 300w, https:\/\/interamerica.org\/wp-content\/uploads\/2023\/08\/roel-cea-healthsymposium2023-768x521.jpg 768w\" sizes=\"(max-width: 844px) 100vw, 844px\" \/><p id=\"caption-attachment-102842\" class=\"wp-caption-text\">Dr Roel Cea, M.D., directeur des minist\u00e8res de la Sant\u00e9 de l\u2019Union du Nord du Mexique, directeur des universit\u00e9s promouvant la sant\u00e9 au Mexique, parle du plan visant \u00e0 unifier et \u00e0 am\u00e9liorer les cliniques adventistes \u00e0 travers l\u2019union. [Photo : Libna Stevens\/DIA]<\/p><\/div><strong>Une mission qui consiste \u00e0 \u00e9vang\u00e9liser, \u00e9duquer et servir<\/strong><\/p>\n<p>Lors du symposium de cette ann\u00e9e, les responsables de la sant\u00e9, les professionnels de la sant\u00e9 et ceux qui promeuvent la sant\u00e9 se sont \u00e9galement pench\u00e9s sur la collaboration entre le minist\u00e8re de la sant\u00e9 et la mission consistant \u00e0 \u00e9vang\u00e9liser, \u00e9duquer et servir le monde, sur la mise en place d\u2019un centre de services li\u00e9s au style de vie, sur la formation de ceux qui promeuvent la sant\u00e9 et l\u2019activation de la participation communautaire, et aussi sur la mise en \u0153uvre de l\u2019accompagnement spirituel et de soins pr\u00e9ventifs.<\/p>\n<p>La collaboration avec les minist\u00e8res de la sant\u00e9 sur le territoire de l\u2019Union du Nord du Mexique a amen\u00e9 l\u2019\u00c9glise \u00e0 commencer \u00e0 regrouper plus de 10 cliniques qui fonctionnent ou survivent depuis des ann\u00e9es, a d\u00e9clar\u00e9 Dr Roel Cea, M.D., directeur des minist\u00e8res de la sant\u00e9 de l\u2019Union du Nord du Mexique et directeur des universit\u00e9s promouvant la sant\u00e9 au Mexique. Il s\u2019agit d\u2019avoir le minist\u00e8re m\u00e9dical missionnaire fonctionnant sous l\u2019\u00e9gide d\u2019un r\u00e9seau de cliniques adventistes, a-t-il d\u00e9clar\u00e9. Une \u00e9valuation est men\u00e9e pour chaque clinique participante dans le cadre d\u2019un plan commercial, d\u2019une appellation sp\u00e9cifique, de services cibl\u00e9s pour la communaut\u00e9, chacune disposant d\u2019un pasteur ou d\u2019un aum\u00f4nier et d\u2019un espace pour l\u2019accompagnement spirituel, a expliqu\u00e9 Dr Cea.<\/p>\n<p><div id=\"attachment_102866\" style=\"width: 871px\" class=\"wp-caption aligncenter\"><img loading=\"lazy\" decoding=\"async\" aria-describedby=\"caption-attachment-102866\" class=\" wp-image-102865\" src=\"https:\/\/interamerica.org\/wp-content\/uploads\/2023\/08\/juarez-clinica-adventista-nomu.jpg\" alt=\"\" width=\"861\" height=\"538\" srcset=\"https:\/\/interamerica.org\/wp-content\/uploads\/2023\/08\/juarez-clinica-adventista-nomu.jpg 1000w, https:\/\/interamerica.org\/wp-content\/uploads\/2023\/08\/juarez-clinica-adventista-nomu-300x188.jpg 300w, https:\/\/interamerica.org\/wp-content\/uploads\/2023\/08\/juarez-clinica-adventista-nomu-768x480.jpg 768w\" sizes=\"(max-width: 861px) 100vw, 861px\" \/><p id=\"caption-attachment-102866\" class=\"wp-caption-text\">La Clinique Adventiste de Juarez \u00e0 Ciudad Juarez dans le Chihuahua, au Mexique, re\u00e7oit une nouvelle couche de peinture alors qu\u2019elle devient la premi\u00e8re clinique \u00e0 faire partie du r\u00e9seau croissant de centres de soins de sant\u00e9 dans l\u2019Union du Nord du Mexique. [Photo : avec l\u2019aimable autorisation de Roel Cea]<\/p><\/div>Jusqu\u2019ici, trois cliniques adventistes font partie du r\u00e9seau. L\u2019une d\u2019entre elle se trouvant \u00e0 Juarez, la Clinique Adventiste de Juarez, offre des services m\u00e9dicaux de base, des soins dentaires, des services de kin\u00e9sith\u00e9rapie et d\u2019ophtalmologie et un accompagnement spirituel avec les 11 membres du personnel. La Clinique Valle La Trinidad en Basse-Californie est essentiellement un centre de style de vie avec sauna, hydroth\u00e9rapie, spa et autres services. \u00c0 Loreto, en Basse-Californie, la clinique propose des services dentaires. Les cliniques ont une vis\u00e9e sp\u00e9cifique menant \u00e0 des actions d\u2019impact sur la communaut\u00e9 ainsi qu\u2019\u00e0 des services payants propos\u00e9s aux clients, a indiqu\u00e9 Dr Cea.<\/p>\n<p><strong>Favoriser la collaboration et l\u2019int\u00e9gration<\/strong><\/p>\n<p>\u00ab Les cliniques ont un lien intentionnel avec l\u2019\u00e9glise locale parce que les membres d\u2019\u00e9glise apportent leur aide, la clinique va vers l\u2019\u00e9glise et les professionnels de la sant\u00e9 soutiennent \u00e9galement, \u00bb a dit Dr Cea. Plusieurs cliniques \u00e9taient en difficult\u00e9 sur le plan financier mais sont d\u00e9sormais capables d\u2019\u00eatre plus autonomes, gr\u00e2ce \u00e0 plusieurs \u00e9valuations, notamment celles du service de soutien d\u2019Adventist Health. Le plan est d\u2019avoir cinq cliniques adventistes membres du r\u00e9seau croissant de cliniques d\u2019ici la fin de l\u2019ann\u00e9e et d\u2019en int\u00e9grer cinq autres l\u2019ann\u00e9e prochaine, a expliqu\u00e9 Dr Cea. \u00ab Ce qui est essentiel, c\u2019est de renforcer la collaboration, de travailler ensemble et de se concentrer davantage sur l\u2019int\u00e9gration de la mission du minist\u00e8re de la Sant\u00e9 dans chaque activit\u00e9 et action d\u2019impact pour la communaut\u00e9, \u00bb a d\u00e9clar\u00e9 Dr Cea.<\/p>\n<p><div id=\"attachment_102833\" style=\"width: 863px\" class=\"wp-caption aligncenter\"><img loading=\"lazy\" decoding=\"async\" aria-describedby=\"caption-attachment-102833\" class=\" wp-image-102832\" src=\"https:\/\/interamerica.org\/wp-content\/uploads\/2023\/08\/panel-healthsymposium-2023.jpg\" alt=\"\" width=\"853\" height=\"569\" srcset=\"https:\/\/interamerica.org\/wp-content\/uploads\/2023\/08\/panel-healthsymposium-2023.jpg 1000w, https:\/\/interamerica.org\/wp-content\/uploads\/2023\/08\/panel-healthsymposium-2023-300x200.jpg 300w, https:\/\/interamerica.org\/wp-content\/uploads\/2023\/08\/panel-healthsymposium-2023-768x512.jpg 768w\" sizes=\"(max-width: 853px) 100vw, 853px\" \/><p id=\"caption-attachment-102833\" class=\"wp-caption-text\">Dr Franck G\u00e9n\u00e9us, directeur des minist\u00e8res de la sant\u00e9 de la DIA, intervient lors d\u2019un panel de discussion le 29 juillet 2023. [Photo : Libna Stevens\/DIA]<\/p><\/div>Le symposium comprenait \u00e9galement une s\u00e9rie de pr\u00e9sentations spirituelles, de panels de discussion, de s\u00e9ances de questions-r\u00e9ponses, des opportunit\u00e9s de r\u00e9seautage et une remise de prix.<\/p>\n<p>Alors que le programme touchait \u00e0 sa fin, Dr G\u00e9n\u00e9us a invit\u00e9 les administrateurs d\u2019h\u00f4pitaux et les responsables de minist\u00e8res de la sant\u00e9 \u00e0 atteindre au moins un million de personnes par le biais de brigades de sant\u00e9, d\u2019expos sant\u00e9 et d\u2019autres activit\u00e9s des minist\u00e8res de la sant\u00e9 au cours de l\u2019ann\u00e9e 2024. \u00ab Nous avons probablement d\u00e9j\u00e0 atteint ce chiffre auparavant, mais nous n\u2019avons pas vraiment gard\u00e9 de traces. Travaillons de sorte \u00e0 nous assurer que nous touchons des milliers de vies avec le message sur la sant\u00e9, \u00bb a d\u00e9clar\u00e9 Dr G\u00e9neus. \u00ab Les initiatives des minist\u00e8res adventistes de la sant\u00e9 sont des outils puissants pour accomplir la mission confi\u00e9e par Dieu. \u00bb<\/p>\n<p>Pour consulter la liste des intervenants invit\u00e9s, ainsi que les ressources du Symposium Interam\u00e9ricain sur la Sant\u00e9, rendez-vous sur le site <a href=\"https:\/\/health.interamerica.org\/english\">health.interamerica.org<\/a><\/p>\n<p>Pour voir une galerie de photos du programme de trois jours, cliquez <a href=\"https:\/\/flickr.com\/photos\/interamerica\/albums\/72177720310205936\">ICI<\/a><\/p>\n<p>Traduction: Patrick Luciathe<\/p>\n","protected":false},"excerpt":{"rendered":"<p>30 Ao\u00fbt 2023 | Miami, Floride, \u00c9tats-Unis | Libna Stevens, Actualit\u00e9s de la Division Inter Am\u00e9ricaine Les responsables des minist\u00e8res de la sant\u00e9 de l\u2019\u00c9glise adventiste du septi\u00e8me jour et&#8230;<\/p>\n","protected":false},"author":3,"featured_media":102851,"comment_status":"closed","ping_status":"closed","sticky":false,"template":"","format":"standard","meta":{"_acf_changed":false,"footnotes":""},"categories":[20,19],"tags":[],"class_list":["post-102922","post","type-post","status-publish","format-standard","has-post-thumbnail","hentry","category-nouvelles-du-siege-de-la-division","category-rss-francais"],"acf":[],"yoast_head":"<!-- This site is optimized with the Yoast SEO plugin v27.3 - https:\/\/yoast.com\/product\/yoast-seo-wordpress\/ -->\n<title>Les responsables de la sant\u00e9 et les administrateurs d\u2019h\u00f4pitaux s\u2019engagent \u00e0 travailler \u2018ensemble dans la mission\u2019 - \u00c9glise Adventiste Du Septieme Jour - Inter Am\u00e9rique Division<\/title>\n<meta name=\"robots\" content=\"index, follow, max-snippet:-1, max-image-preview:large, max-video-preview:-1\" \/>\n<link rel=\"canonical\" href=\"https:\/\/interamerica.org\/fr\/2023\/08\/les-responsables-de-la-sante-et-les-administrateurs-dhopitaux-sengagent-a-travailler-ensemble-dans-la-mission\/\" \/>\n<meta property=\"og:locale\" content=\"fr_FR\" \/>\n<meta property=\"og:type\" content=\"article\" \/>\n<meta property=\"og:title\" content=\"Les responsables de la sant\u00e9 et les administrateurs d\u2019h\u00f4pitaux s\u2019engagent \u00e0 travailler \u2018ensemble dans la mission\u2019 - \u00c9glise Adventiste Du Septieme Jour - Inter Am\u00e9rique Division\" \/>\n<meta property=\"og:description\" content=\"30 Ao\u00fbt 2023 | Miami, Floride, \u00c9tats-Unis | Libna Stevens, Actualit\u00e9s de la Division Inter Am\u00e9ricaine Les responsables des minist\u00e8res de la sant\u00e9 de l\u2019\u00c9glise adventiste du septi\u00e8me jour et...\" \/>\n<meta property=\"og:url\" content=\"https:\/\/interamerica.org\/fr\/2023\/08\/les-responsables-de-la-sante-et-les-administrateurs-dhopitaux-sengagent-a-travailler-ensemble-dans-la-mission\/\" \/>\n<meta property=\"og:site_name\" content=\"\u00c9glise Adventiste Du Septieme Jour - Inter Am\u00e9rique Division\" \/>\n<meta property=\"article:published_time\" content=\"2023-09-01T02:12:01+00:00\" \/>\n<meta property=\"article:modified_time\" content=\"2023-09-01T17:37:20+00:00\" \/>\n<meta property=\"og:image\" content=\"https:\/\/interamerica.org\/wp-content\/uploads\/2023\/08\/health-symposium-2023-group-photo.jpg\" \/>\n\t<meta property=\"og:image:width\" content=\"1000\" \/>\n\t<meta property=\"og:image:height\" content=\"616\" \/>\n\t<meta property=\"og:image:type\" content=\"image\/jpeg\" \/>\n<meta name=\"author\" content=\"libna\" \/>\n<meta name=\"twitter:card\" content=\"summary_large_image\" \/>\n<meta name=\"twitter:label1\" content=\"\u00c9crit par\" \/>\n\t<meta name=\"twitter:data1\" content=\"libna\" \/>\n\t<meta name=\"twitter:label2\" content=\"Dur\u00e9e de lecture estim\u00e9e\" \/>\n\t<meta name=\"twitter:data2\" content=\"12 minutes\" \/>\n<script type=\"application\/ld+json\" class=\"yoast-schema-graph\">{\"@context\":\"https:\\\/\\\/schema.org\",\"@graph\":[{\"@type\":\"Article\",\"@id\":\"https:\\\/\\\/interamerica.org\\\/fr\\\/2023\\\/08\\\/les-responsables-de-la-sante-et-les-administrateurs-dhopitaux-sengagent-a-travailler-ensemble-dans-la-mission\\\/#article\",\"isPartOf\":{\"@id\":\"https:\\\/\\\/interamerica.org\\\/fr\\\/2023\\\/08\\\/les-responsables-de-la-sante-et-les-administrateurs-dhopitaux-sengagent-a-travailler-ensemble-dans-la-mission\\\/\"},\"author\":{\"name\":\"libna\",\"@id\":\"https:\\\/\\\/interamerica.org\\\/fr\\\/#\\\/schema\\\/person\\\/29998f2bc2d8bd0d38662909289b54f1\"},\"headline\":\"Les responsables de la sant\u00e9 et les administrateurs d\u2019h\u00f4pitaux s\u2019engagent \u00e0 travailler \u2018ensemble dans la mission\u2019\",\"datePublished\":\"2023-09-01T02:12:01+00:00\",\"dateModified\":\"2023-09-01T17:37:20+00:00\",\"mainEntityOfPage\":{\"@id\":\"https:\\\/\\\/interamerica.org\\\/fr\\\/2023\\\/08\\\/les-responsables-de-la-sante-et-les-administrateurs-dhopitaux-sengagent-a-travailler-ensemble-dans-la-mission\\\/\"},\"wordCount\":2627,\"image\":{\"@id\":\"https:\\\/\\\/interamerica.org\\\/fr\\\/2023\\\/08\\\/les-responsables-de-la-sante-et-les-administrateurs-dhopitaux-sengagent-a-travailler-ensemble-dans-la-mission\\\/#primaryimage\"},\"thumbnailUrl\":\"https:\\\/\\\/interamerica.org\\\/wp-content\\\/uploads\\\/2023\\\/08\\\/health-symposium-2023-group-photo.jpg\",\"articleSection\":[\"Nouvelles du si\u00e8ge de la division\",\"RSS Fran\u00e7ais\"],\"inLanguage\":\"fr-FR\"},{\"@type\":\"WebPage\",\"@id\":\"https:\\\/\\\/interamerica.org\\\/fr\\\/2023\\\/08\\\/les-responsables-de-la-sante-et-les-administrateurs-dhopitaux-sengagent-a-travailler-ensemble-dans-la-mission\\\/\",\"url\":\"https:\\\/\\\/interamerica.org\\\/fr\\\/2023\\\/08\\\/les-responsables-de-la-sante-et-les-administrateurs-dhopitaux-sengagent-a-travailler-ensemble-dans-la-mission\\\/\",\"name\":\"Les responsables de la sant\u00e9 et les administrateurs d\u2019h\u00f4pitaux s\u2019engagent \u00e0 travailler \u2018ensemble dans la mission\u2019 - \u00c9glise Adventiste Du Septieme Jour - Inter Am\u00e9rique Division\",\"isPartOf\":{\"@id\":\"https:\\\/\\\/interamerica.org\\\/fr\\\/#website\"},\"primaryImageOfPage\":{\"@id\":\"https:\\\/\\\/interamerica.org\\\/fr\\\/2023\\\/08\\\/les-responsables-de-la-sante-et-les-administrateurs-dhopitaux-sengagent-a-travailler-ensemble-dans-la-mission\\\/#primaryimage\"},\"image\":{\"@id\":\"https:\\\/\\\/interamerica.org\\\/fr\\\/2023\\\/08\\\/les-responsables-de-la-sante-et-les-administrateurs-dhopitaux-sengagent-a-travailler-ensemble-dans-la-mission\\\/#primaryimage\"},\"thumbnailUrl\":\"https:\\\/\\\/interamerica.org\\\/wp-content\\\/uploads\\\/2023\\\/08\\\/health-symposium-2023-group-photo.jpg\",\"datePublished\":\"2023-09-01T02:12:01+00:00\",\"dateModified\":\"2023-09-01T17:37:20+00:00\",\"author\":{\"@id\":\"https:\\\/\\\/interamerica.org\\\/fr\\\/#\\\/schema\\\/person\\\/29998f2bc2d8bd0d38662909289b54f1\"},\"breadcrumb\":{\"@id\":\"https:\\\/\\\/interamerica.org\\\/fr\\\/2023\\\/08\\\/les-responsables-de-la-sante-et-les-administrateurs-dhopitaux-sengagent-a-travailler-ensemble-dans-la-mission\\\/#breadcrumb\"},\"inLanguage\":\"fr-FR\",\"potentialAction\":[{\"@type\":\"ReadAction\",\"target\":[\"https:\\\/\\\/interamerica.org\\\/fr\\\/2023\\\/08\\\/les-responsables-de-la-sante-et-les-administrateurs-dhopitaux-sengagent-a-travailler-ensemble-dans-la-mission\\\/\"]}]},{\"@type\":\"ImageObject\",\"inLanguage\":\"fr-FR\",\"@id\":\"https:\\\/\\\/interamerica.org\\\/fr\\\/2023\\\/08\\\/les-responsables-de-la-sante-et-les-administrateurs-dhopitaux-sengagent-a-travailler-ensemble-dans-la-mission\\\/#primaryimage\",\"url\":\"https:\\\/\\\/interamerica.org\\\/wp-content\\\/uploads\\\/2023\\\/08\\\/health-symposium-2023-group-photo.jpg\",\"contentUrl\":\"https:\\\/\\\/interamerica.org\\\/wp-content\\\/uploads\\\/2023\\\/08\\\/health-symposium-2023-group-photo.jpg\",\"width\":1000,\"height\":616,\"caption\":\"[Photo: Libna Stevens\\\/IAD]\"},{\"@type\":\"BreadcrumbList\",\"@id\":\"https:\\\/\\\/interamerica.org\\\/fr\\\/2023\\\/08\\\/les-responsables-de-la-sante-et-les-administrateurs-dhopitaux-sengagent-a-travailler-ensemble-dans-la-mission\\\/#breadcrumb\",\"itemListElement\":[{\"@type\":\"ListItem\",\"position\":1,\"name\":\"Home\",\"item\":\"https:\\\/\\\/interamerica.org\\\/fr\\\/\"},{\"@type\":\"ListItem\",\"position\":2,\"name\":\"Les responsables de la sant\u00e9 et les administrateurs d\u2019h\u00f4pitaux s\u2019engagent \u00e0 travailler \u2018ensemble dans la mission\u2019\"}]},{\"@type\":\"WebSite\",\"@id\":\"https:\\\/\\\/interamerica.org\\\/fr\\\/#website\",\"url\":\"https:\\\/\\\/interamerica.org\\\/fr\\\/\",\"name\":\"\u00c9glise Adventiste Du Septieme Jour - Inter Am\u00e9rique Division\",\"description\":\"\",\"potentialAction\":[{\"@type\":\"SearchAction\",\"target\":{\"@type\":\"EntryPoint\",\"urlTemplate\":\"https:\\\/\\\/interamerica.org\\\/fr\\\/?s={search_term_string}\"},\"query-input\":{\"@type\":\"PropertyValueSpecification\",\"valueRequired\":true,\"valueName\":\"search_term_string\"}}],\"inLanguage\":\"fr-FR\"},{\"@type\":\"Person\",\"@id\":\"https:\\\/\\\/interamerica.org\\\/fr\\\/#\\\/schema\\\/person\\\/29998f2bc2d8bd0d38662909289b54f1\",\"name\":\"libna\",\"image\":{\"@type\":\"ImageObject\",\"inLanguage\":\"fr-FR\",\"@id\":\"https:\\\/\\\/secure.gravatar.com\\\/avatar\\\/7c5bd30ae4b47a9ba3c856590957fd1d96dc588bf3ac05719d247e126840331f?s=96&d=mm&r=g\",\"url\":\"https:\\\/\\\/secure.gravatar.com\\\/avatar\\\/7c5bd30ae4b47a9ba3c856590957fd1d96dc588bf3ac05719d247e126840331f?s=96&d=mm&r=g\",\"contentUrl\":\"https:\\\/\\\/secure.gravatar.com\\\/avatar\\\/7c5bd30ae4b47a9ba3c856590957fd1d96dc588bf3ac05719d247e126840331f?s=96&d=mm&r=g\",\"caption\":\"libna\"}}]}<\/script>\n<!-- \/ Yoast SEO plugin. -->","yoast_head_json":{"title":"Les responsables de la sant\u00e9 et les administrateurs d\u2019h\u00f4pitaux s\u2019engagent \u00e0 travailler \u2018ensemble dans la mission\u2019 - \u00c9glise Adventiste Du Septieme Jour - Inter Am\u00e9rique Division","robots":{"index":"index","follow":"follow","max-snippet":"max-snippet:-1","max-image-preview":"max-image-preview:large","max-video-preview":"max-video-preview:-1"},"canonical":"https:\/\/interamerica.org\/fr\/2023\/08\/les-responsables-de-la-sante-et-les-administrateurs-dhopitaux-sengagent-a-travailler-ensemble-dans-la-mission\/","og_locale":"fr_FR","og_type":"article","og_title":"Les responsables de la sant\u00e9 et les administrateurs d\u2019h\u00f4pitaux s\u2019engagent \u00e0 travailler \u2018ensemble dans la mission\u2019 - \u00c9glise Adventiste Du Septieme Jour - Inter Am\u00e9rique Division","og_description":"30 Ao\u00fbt 2023 | Miami, Floride, \u00c9tats-Unis | Libna Stevens, Actualit\u00e9s de la Division Inter Am\u00e9ricaine Les responsables des minist\u00e8res de la sant\u00e9 de l\u2019\u00c9glise adventiste du septi\u00e8me jour et...","og_url":"https:\/\/interamerica.org\/fr\/2023\/08\/les-responsables-de-la-sante-et-les-administrateurs-dhopitaux-sengagent-a-travailler-ensemble-dans-la-mission\/","og_site_name":"\u00c9glise Adventiste Du Septieme Jour - Inter Am\u00e9rique Division","article_published_time":"2023-09-01T02:12:01+00:00","article_modified_time":"2023-09-01T17:37:20+00:00","og_image":[{"width":1000,"height":616,"url":"https:\/\/interamerica.org\/wp-content\/uploads\/2023\/08\/health-symposium-2023-group-photo.jpg","type":"image\/jpeg"}],"author":"libna","twitter_card":"summary_large_image","twitter_misc":{"\u00c9crit par":"libna","Dur\u00e9e de lecture estim\u00e9e":"12 minutes"},"schema":{"@context":"https:\/\/schema.org","@graph":[{"@type":"Article","@id":"https:\/\/interamerica.org\/fr\/2023\/08\/les-responsables-de-la-sante-et-les-administrateurs-dhopitaux-sengagent-a-travailler-ensemble-dans-la-mission\/#article","isPartOf":{"@id":"https:\/\/interamerica.org\/fr\/2023\/08\/les-responsables-de-la-sante-et-les-administrateurs-dhopitaux-sengagent-a-travailler-ensemble-dans-la-mission\/"},"author":{"name":"libna","@id":"https:\/\/interamerica.org\/fr\/#\/schema\/person\/29998f2bc2d8bd0d38662909289b54f1"},"headline":"Les responsables de la sant\u00e9 et les administrateurs d\u2019h\u00f4pitaux s\u2019engagent \u00e0 travailler \u2018ensemble dans la mission\u2019","datePublished":"2023-09-01T02:12:01+00:00","dateModified":"2023-09-01T17:37:20+00:00","mainEntityOfPage":{"@id":"https:\/\/interamerica.org\/fr\/2023\/08\/les-responsables-de-la-sante-et-les-administrateurs-dhopitaux-sengagent-a-travailler-ensemble-dans-la-mission\/"},"wordCount":2627,"image":{"@id":"https:\/\/interamerica.org\/fr\/2023\/08\/les-responsables-de-la-sante-et-les-administrateurs-dhopitaux-sengagent-a-travailler-ensemble-dans-la-mission\/#primaryimage"},"thumbnailUrl":"https:\/\/interamerica.org\/wp-content\/uploads\/2023\/08\/health-symposium-2023-group-photo.jpg","articleSection":["Nouvelles du si\u00e8ge de la division","RSS Fran\u00e7ais"],"inLanguage":"fr-FR"},{"@type":"WebPage","@id":"https:\/\/interamerica.org\/fr\/2023\/08\/les-responsables-de-la-sante-et-les-administrateurs-dhopitaux-sengagent-a-travailler-ensemble-dans-la-mission\/","url":"https:\/\/interamerica.org\/fr\/2023\/08\/les-responsables-de-la-sante-et-les-administrateurs-dhopitaux-sengagent-a-travailler-ensemble-dans-la-mission\/","name":"Les responsables de la sant\u00e9 et les administrateurs d\u2019h\u00f4pitaux s\u2019engagent \u00e0 travailler \u2018ensemble dans la mission\u2019 - \u00c9glise Adventiste Du Septieme Jour - Inter Am\u00e9rique Division","isPartOf":{"@id":"https:\/\/interamerica.org\/fr\/#website"},"primaryImageOfPage":{"@id":"https:\/\/interamerica.org\/fr\/2023\/08\/les-responsables-de-la-sante-et-les-administrateurs-dhopitaux-sengagent-a-travailler-ensemble-dans-la-mission\/#primaryimage"},"image":{"@id":"https:\/\/interamerica.org\/fr\/2023\/08\/les-responsables-de-la-sante-et-les-administrateurs-dhopitaux-sengagent-a-travailler-ensemble-dans-la-mission\/#primaryimage"},"thumbnailUrl":"https:\/\/interamerica.org\/wp-content\/uploads\/2023\/08\/health-symposium-2023-group-photo.jpg","datePublished":"2023-09-01T02:12:01+00:00","dateModified":"2023-09-01T17:37:20+00:00","author":{"@id":"https:\/\/interamerica.org\/fr\/#\/schema\/person\/29998f2bc2d8bd0d38662909289b54f1"},"breadcrumb":{"@id":"https:\/\/interamerica.org\/fr\/2023\/08\/les-responsables-de-la-sante-et-les-administrateurs-dhopitaux-sengagent-a-travailler-ensemble-dans-la-mission\/#breadcrumb"},"inLanguage":"fr-FR","potentialAction":[{"@type":"ReadAction","target":["https:\/\/interamerica.org\/fr\/2023\/08\/les-responsables-de-la-sante-et-les-administrateurs-dhopitaux-sengagent-a-travailler-ensemble-dans-la-mission\/"]}]},{"@type":"ImageObject","inLanguage":"fr-FR","@id":"https:\/\/interamerica.org\/fr\/2023\/08\/les-responsables-de-la-sante-et-les-administrateurs-dhopitaux-sengagent-a-travailler-ensemble-dans-la-mission\/#primaryimage","url":"https:\/\/interamerica.org\/wp-content\/uploads\/2023\/08\/health-symposium-2023-group-photo.jpg","contentUrl":"https:\/\/interamerica.org\/wp-content\/uploads\/2023\/08\/health-symposium-2023-group-photo.jpg","width":1000,"height":616,"caption":"[Photo: Libna Stevens\/IAD]"},{"@type":"BreadcrumbList","@id":"https:\/\/interamerica.org\/fr\/2023\/08\/les-responsables-de-la-sante-et-les-administrateurs-dhopitaux-sengagent-a-travailler-ensemble-dans-la-mission\/#breadcrumb","itemListElement":[{"@type":"ListItem","position":1,"name":"Home","item":"https:\/\/interamerica.org\/fr\/"},{"@type":"ListItem","position":2,"name":"Les responsables de la sant\u00e9 et les administrateurs d\u2019h\u00f4pitaux s\u2019engagent \u00e0 travailler \u2018ensemble dans la mission\u2019"}]},{"@type":"WebSite","@id":"https:\/\/interamerica.org\/fr\/#website","url":"https:\/\/interamerica.org\/fr\/","name":"\u00c9glise Adventiste Du Septieme Jour - Inter Am\u00e9rique Division","description":"","potentialAction":[{"@type":"SearchAction","target":{"@type":"EntryPoint","urlTemplate":"https:\/\/interamerica.org\/fr\/?s={search_term_string}"},"query-input":{"@type":"PropertyValueSpecification","valueRequired":true,"valueName":"search_term_string"}}],"inLanguage":"fr-FR"},{"@type":"Person","@id":"https:\/\/interamerica.org\/fr\/#\/schema\/person\/29998f2bc2d8bd0d38662909289b54f1","name":"libna","image":{"@type":"ImageObject","inLanguage":"fr-FR","@id":"https:\/\/secure.gravatar.com\/avatar\/7c5bd30ae4b47a9ba3c856590957fd1d96dc588bf3ac05719d247e126840331f?s=96&d=mm&r=g","url":"https:\/\/secure.gravatar.com\/avatar\/7c5bd30ae4b47a9ba3c856590957fd1d96dc588bf3ac05719d247e126840331f?s=96&d=mm&r=g","contentUrl":"https:\/\/secure.gravatar.com\/avatar\/7c5bd30ae4b47a9ba3c856590957fd1d96dc588bf3ac05719d247e126840331f?s=96&d=mm&r=g","caption":"libna"}}]}},"_links":{"self":[{"href":"https:\/\/interamerica.org\/fr\/wp-json\/wp\/v2\/posts\/102922","targetHints":{"allow":["GET"]}}],"collection":[{"href":"https:\/\/interamerica.org\/fr\/wp-json\/wp\/v2\/posts"}],"about":[{"href":"https:\/\/interamerica.org\/fr\/wp-json\/wp\/v2\/types\/post"}],"author":[{"embeddable":true,"href":"https:\/\/interamerica.org\/fr\/wp-json\/wp\/v2\/users\/3"}],"replies":[{"embeddable":true,"href":"https:\/\/interamerica.org\/fr\/wp-json\/wp\/v2\/comments?post=102922"}],"version-history":[{"count":0,"href":"https:\/\/interamerica.org\/fr\/wp-json\/wp\/v2\/posts\/102922\/revisions"}],"wp:featuredmedia":[{"embeddable":true,"href":"https:\/\/interamerica.org\/fr\/wp-json\/wp\/v2\/media\/102851"}],"wp:attachment":[{"href":"https:\/\/interamerica.org\/fr\/wp-json\/wp\/v2\/media?parent=102922"}],"wp:term":[{"taxonomy":"category","embeddable":true,"href":"https:\/\/interamerica.org\/fr\/wp-json\/wp\/v2\/categories?post=102922"},{"taxonomy":"post_tag","embeddable":true,"href":"https:\/\/interamerica.org\/fr\/wp-json\/wp\/v2\/tags?post=102922"}],"curies":[{"name":"wp","href":"https:\/\/api.w.org\/{rel}","templated":true}]}}