{"id":102934,"date":"2023-09-01T11:27:42","date_gmt":"2023-09-01T15:27:42","guid":{"rendered":"https:\/\/interamerica.org\/?p=102934"},"modified":"2023-09-01T21:22:41","modified_gmt":"2023-09-02T01:22:41","slug":"les-adventistes-plaident-pour-la-fin-de-la-violence-dans-les-eglises-et-les-communautes-de-toute-linter-amerique","status":"publish","type":"post","link":"https:\/\/interamerica.org\/fr\/2023\/09\/les-adventistes-plaident-pour-la-fin-de-la-violence-dans-les-eglises-et-les-communautes-de-toute-linter-amerique\/","title":{"rendered":"Les Adventistes plaident pour la fin de la violence dans les \u00e9glises et les communaut\u00e9s de toute l\u2019Inter Am\u00e9rique"},"content":{"rendered":"<p><div id=\"attachment_102892\" style=\"width: 920px\" class=\"wp-caption aligncenter\"><img fetchpriority=\"high\" decoding=\"async\" aria-describedby=\"caption-attachment-102892\" class=\" wp-image-102891\" src=\"https:\/\/interamerica.org\/wp-content\/uploads\/2023\/09\/evau-enditnow-2023.jpg\" alt=\"\" width=\"910\" height=\"561\" srcset=\"https:\/\/interamerica.org\/wp-content\/uploads\/2023\/09\/evau-enditnow-2023.jpg 1012w, https:\/\/interamerica.org\/wp-content\/uploads\/2023\/09\/evau-enditnow-2023-300x185.jpg 300w, https:\/\/interamerica.org\/wp-content\/uploads\/2023\/09\/evau-enditnow-2023-768x474.jpg 768w\" sizes=\"(max-width: 910px) 100vw, 910px\" \/><p id=\"caption-attachment-102892\" class=\"wp-caption-text\">Les adventistes du septi\u00e8me jour dans l\u2019Est du Venezuela d\u00e9filent dans les rues en phase avec la campagne Enditnow de cette ann\u00e9e qui a pour th\u00e8me \u00ab Des Loups en V\u00eatement de Brebis : quand ceux qui pr\u00e9tendent \u00eatre des disciples de J\u00e9sus font du mal aux autres, \u00bb afin de promouvoir la fin de la violence faite aux femmes et aux enfants. [Photo : Union de l\u2019Est du Venezuela]<\/p><\/div>1er Septembre 2023 | Miami, Floride, \u00c9tats-Unis | Libna Stevens, Actualit\u00e9s de la Division Inter Am\u00e9ricaine<\/p>\n<p>Des milliers d\u2019Adventistes du Septi\u00e8me Jour ont plaid\u00e9 derri\u00e8re les chaires des \u00e9glises, dans les rues des villes et dans les communaut\u00e9s, pour la fin de la violence \u00e0 l\u2019occasion de la campagne \u00ab Enditnow \u00bb organis\u00e9e le week-end dernier dans l\u2019ensemble la Division Inter Am\u00e9ricaine (DIA). <a href=\"https:\/\/www.enditnow.org\/\">Enditnow<\/a> Enditnow est une initiative mondiale annuelle qui vise \u00e0 mobiliser les adventistes du septi\u00e8me jour et d\u2019autres groupes communautaires afin de promouvoir la non-violence dans le monde.<\/p>\n<p>Les participants \u00e0 la manifestation ont d\u00e9ploy\u00e9 des banderoles et des affiches d\u00e9non\u00e7ant la violence qui a cours dans les foyers, les \u00e9coles, les \u00e9glises et de nombreux lieux publics, en particulier contre les femmes et les enfants. La marche s\u2019est d\u00e9roul\u00e9e au Mexique, en Am\u00e9rique Centrale, dans la Cara\u00efbe, en Colombie et au Venezuela les 26 et 27 ao\u00fbt 2023.<\/p>\n<p><div id=\"attachment_102907\" style=\"width: 882px\" class=\"wp-caption aligncenter\"><img decoding=\"async\" aria-describedby=\"caption-attachment-102907\" class=\" wp-image-102906\" src=\"https:\/\/interamerica.org\/wp-content\/uploads\/2023\/09\/guau-enditnow-march-2023.jpg\" alt=\"\" width=\"872\" height=\"619\" srcset=\"https:\/\/interamerica.org\/wp-content\/uploads\/2023\/09\/guau-enditnow-march-2023.jpg 1000w, https:\/\/interamerica.org\/wp-content\/uploads\/2023\/09\/guau-enditnow-march-2023-300x213.jpg 300w, https:\/\/interamerica.org\/wp-content\/uploads\/2023\/09\/guau-enditnow-march-2023-768x545.jpg 768w\" sizes=\"(max-width: 872px) 100vw, 872px\" \/><p id=\"caption-attachment-102907\" class=\"wp-caption-text\">Un groupe d\u00e9file \u00e0 Quetzaltenango au Guatemala avec une banderole d\u00e9crivant les diff\u00e9rentes formes de violence telles que les insultes, le rejet, l\u2019indiff\u00e9rence, le viol, les coups, les gifles, les menaces, le meurtre et bien plus encore. [Photo : Union du Guatemala]<\/p><\/div>\u00ab Parfois, nous pensons qu\u2019un agresseur pourrait \u00eatre un \u00e9tranger qui bondit d\u2019une fen\u00eatre ou qui s\u2019approche d\u2019une personne depuis une ruelle sombre, mais ce n\u2019est g\u00e9n\u00e9ralement pas le cas, \u00bb a d\u00e9clar\u00e9 Edith Ruiz, directrice du minist\u00e8re des femmes pour la DIA. \u00ab Il y a maltraitance lorsqu\u2019une personne utilise le pouvoir de son influence pour profiter d\u2019une personne vuln\u00e9rable. \u00bb L\u2019impact de la maltraitance est toujours important, a-t-elle dit, mais l\u2019impact est multipli\u00e9 lorsqu\u2019elle est perp\u00e9tr\u00e9e par une personne qui pr\u00e9tend \u00eatre un disciple de J\u00e9sus.<\/p>\n<p>Au cours du programme de cette ann\u00e9e, les responsables des minist\u00e8res des femmes ont pr\u00each\u00e9 des sermons et utilis\u00e9 des ressources qui tournaient autour du th\u00e8me : \u00ab Des Loups en V\u00eatement de Brebis : quand ceux qui pr\u00e9tendent \u00eatre des disciples de J\u00e9sus font du mal aux autres \u00bb.<\/p>\n<p><div id=\"attachment_102901\" style=\"width: 858px\" class=\"wp-caption aligncenter\"><img decoding=\"async\" aria-describedby=\"caption-attachment-102901\" class=\" wp-image-102900\" src=\"https:\/\/interamerica.org\/wp-content\/uploads\/2023\/09\/evau-enditnow2023.jpg\" alt=\"\" width=\"848\" height=\"502\" srcset=\"https:\/\/interamerica.org\/wp-content\/uploads\/2023\/09\/evau-enditnow2023.jpg 1005w, https:\/\/interamerica.org\/wp-content\/uploads\/2023\/09\/evau-enditnow2023-300x178.jpg 300w, https:\/\/interamerica.org\/wp-content\/uploads\/2023\/09\/evau-enditnow2023-768x455.jpg 768w\" sizes=\"(max-width: 848px) 100vw, 848px\" \/><p id=\"caption-attachment-102901\" class=\"wp-caption-text\">Les femmes de l\u2019Est du Venezuela prennent position contre la violence au sein des communaut\u00e9s le 26 ao\u00fbt 2023. [Photo : Union de l\u2019Est du Venezuela]<\/p><\/div>Vu que violence se produit dans les foyers et partout ailleurs, il est important de savoir que la fa\u00e7on dont nous r\u00e9agissons envers l\u2019agresseur et aussi envers la victime marque une grande diff\u00e9rence dans le niveau de gu\u00e9rison que chacun peut vivre, a dit Edith Ruiz. \u00ab Nous devons \u00e9couter avec notre c\u0153ur et \u00eatre attentif pour rep\u00e9rer d\u2019\u00e9ventuelles victimes de maltraitance. J\u00e9sus, notre bon berger, peut satisfaire les besoins physiques et \u00e9motionnels, donner de la nourriture spirituelle et apporter la paix, mais nous devons faire notre part dans les \u00e9glises, les \u00e9coles et partout ailleurs, \u00bb a d\u00e9clar\u00e9 Edith Ruiz.<\/p>\n<p>Au Venezuela, les membres d\u2019\u00e9glise sont descendus dans la rue pour faire savoir aux passants que la violence contre les femmes et les enfants doit cesser. \u00ab Non \u00e0 la maltraitance. Non \u00e0 la maltraitance des enfants. Non \u00e0 la maltraitance faite aux femmes. Oui au Christ. Oui \u00e0 la vie, \u00bb ce sont quelques-uns des slogans qui ont \u00e9t\u00e9 entendus dans les rues. Les \u00e9glises ont ouvert leurs portes aux communaut\u00e9s pour d\u00e9noncer la violence sous toutes ses formes et ont encourag\u00e9 ceux qui \u00e9coutaient \u00e0 \u00eatre actifs lorsqu\u2019il faut prendre position contre la violence dans tous les coins du pays.<\/p>\n<p><div id=\"attachment_102895\" style=\"width: 865px\" class=\"wp-caption aligncenter\"><img loading=\"lazy\" decoding=\"async\" aria-describedby=\"caption-attachment-102895\" class=\" wp-image-102894\" src=\"https:\/\/interamerica.org\/wp-content\/uploads\/2023\/09\/wevu-enditnow-2023.jpg\" alt=\"\" width=\"855\" height=\"481\" srcset=\"https:\/\/interamerica.org\/wp-content\/uploads\/2023\/09\/wevu-enditnow-2023.jpg 1024w, https:\/\/interamerica.org\/wp-content\/uploads\/2023\/09\/wevu-enditnow-2023-300x169.jpg 300w, https:\/\/interamerica.org\/wp-content\/uploads\/2023\/09\/wevu-enditnow-2023-768x432.jpg 768w\" sizes=\"(max-width: 855px) 100vw, 855px\" \/><p id=\"caption-attachment-102895\" class=\"wp-caption-text\">Des femmes et des enfants venus de tout Barquisimeto, dans le territoire de l\u2019Union de l\u2019Ouest du Venezuela, d\u00e9filent lors des activit\u00e9s de sensibilisation d\u2019Enditnow. [Photo : Union de l\u2019Ouest du Venezuela]<\/p><\/div>\u00ab Nous voulons mobiliser nos membres d\u2019\u00e9glise et d\u2019autres groupes afin qu\u2019ils puissent se joindre \u00e0 nous pour r\u00e9soudre ce probl\u00e8me qui affecte jour apr\u00e8s jour chaque coin du Venezuela et du monde, \u00bb a d\u00e9clar\u00e9 le pasteur Bengajin Suniaga, pr\u00e9sident de la F\u00e9d\u00e9ration de l\u2019Est du Venezuela, alors qu\u2019il marchait avec des centaines de personnes \u00e0 Maturin, dans l\u2019Est du Venezuela. Apr\u00e8s la marche, les participants se sont retrouv\u00e9s sur la Place Romulo Gallegos o\u00f9 de la musique a \u00e9t\u00e9 jou\u00e9e et un message sp\u00e9cial contre la violence a \u00e9t\u00e9 pr\u00e9sent\u00e9 par le Dr Luisa Otahola, responsable des affaires religieuses \u00e0 Maturin. Luisa Otahola a expliqu\u00e9 les diff\u00e9rentes mani\u00e8res dont les victimes de violence peuvent obtenir de l\u2019aide et des conseils juridiques.<\/p>\n<p>L\u2019initiative a \u00e9t\u00e9 couverte par la presse \u00e9crite et radiophonique \u00e0 travers le Venezuela.<\/p>\n<p><div id=\"attachment_102916\" style=\"width: 841px\" class=\"wp-caption aligncenter\"><img loading=\"lazy\" decoding=\"async\" aria-describedby=\"caption-attachment-102916\" class=\" wp-image-102915\" src=\"https:\/\/interamerica.org\/wp-content\/uploads\/2023\/09\/panu-endiitnow-2023.jpg\" alt=\"\" width=\"831\" height=\"424\" srcset=\"https:\/\/interamerica.org\/wp-content\/uploads\/2023\/09\/panu-endiitnow-2023.jpg 1021w, https:\/\/interamerica.org\/wp-content\/uploads\/2023\/09\/panu-endiitnow-2023-300x153.jpg 300w, https:\/\/interamerica.org\/wp-content\/uploads\/2023\/09\/panu-endiitnow-2023-768x392.jpg 768w\" sizes=\"(max-width: 831px) 100vw, 831px\" \/><p id=\"caption-attachment-102916\" class=\"wp-caption-text\">Le 27 ao\u00fbt 2023, des \u00e9tudiants de plusieurs \u00e9coles adventistes \u00e0 Chiriqui, au Panama, d\u00e9filent avec des banderoles promouvant la fin de la violence. [Photo : Union du Panama]<\/p><\/div>Au Panama, des centaines de membres d\u2019\u00e9glise, jeunes et vieux, ont d\u00e9fil\u00e9 avec de grandes banderoles encourageant les gens \u00e0 ne pas laisser la violence prendre la vie de quelqu\u2019un d\u2019autre. Les jeunes ont march\u00e9 ensemble pour repr\u00e9senter leur \u00e9cole adventiste et promouvoir la prise de conscience au sujet de la violence, dans les \u00e9coles, les parcs et les centres pour enfants.<\/p>\n<p>\u00ab Mettre un terme \u00e0 la violence \u00bb, c\u2019\u00e9tait l\u2019objectif principal dans les \u00e9glises de la r\u00e9gion du sud-est du Mexique. \u00ab Nos \u00e9glises ont organis\u00e9 des s\u00e9minaires, des partages de t\u00e9moignages et des discussions sur la mani\u00e8re de r\u00e9agir \u00e0 la maltraitance et d\u2019\u00eatre vigilants face \u00e0 la maltraitance et de continuer \u00e0 promouvoir la prise de conscience afin que nos \u00e9glises puissent \u00eatre des lieux s\u00fbrs pour tous, \u00bb a d\u00e9clar\u00e9 Silvia Arjona, directrice du minist\u00e8re des femmes pour l\u2019Union du Sud-Est du Mexique. Des centaines de personnes ont d\u00e9fil\u00e9 dans les rues le sabbat apr\u00e8s-midi pour sensibiliser davantage la prise de conscience \u00e0 propos d\u2019Enditnow.<\/p>\n<p><div id=\"attachment_102910\" style=\"width: 546px\" class=\"wp-caption aligncenter\"><img loading=\"lazy\" decoding=\"async\" aria-describedby=\"caption-attachment-102910\" class=\" wp-image-102909\" src=\"https:\/\/interamerica.org\/wp-content\/uploads\/2023\/09\/cima-enditnw-2023-food.jpg\" alt=\"\" width=\"536\" height=\"715\" srcset=\"https:\/\/interamerica.org\/wp-content\/uploads\/2023\/09\/cima-enditnw-2023-food.jpg 600w, https:\/\/interamerica.org\/wp-content\/uploads\/2023\/09\/cima-enditnw-2023-food-225x300.jpg 225w\" sizes=\"(max-width: 536px) 100vw, 536px\" \/><p id=\"caption-attachment-102910\" class=\"wp-caption-text\">Les m\u00e8res \u00e0 faible revenu re\u00e7oivent de la nourriture et des v\u00eatements dans le cadre de l\u2019initiative Enditnow dans le Chiapas, au Mexique. [Photo : Union du Chiapas]<\/p><\/div>Dans l\u2019\u00e9tat du Chiapas, au Mexique, des milliers de femmes ont tenu des programmes Enditnow dans des congr\u00e9gations et ont d\u00e9fil\u00e9 dans des zones sp\u00e9cifiques de l\u2019\u00e9tat afin de distribuer des publications, ont visit\u00e9 des prisons et ont organis\u00e9 des programmes de sensibilisation \u00e0 la violence sur les places et dans les espaces publics. Les victimes de maltraitance ont re\u00e7u une attention spirituelle et psychologique lors d\u2019un programme sp\u00e9cial qui a eu lieu \u00e0 Palenque, dans le nord du Chiapas, en coordination avec le Bureau local de D\u00e9veloppement Int\u00e9gral de la Famille.<\/p>\n<p>Dans les communaut\u00e9s et sur les places des communaut\u00e9s, les membres d\u2019\u00e9glise ont distribu\u00e9 de la nourriture et des v\u00eatements aux femmes \u00e0 faible revenu ayant de jeunes enfants.<\/p>\n<p><div id=\"attachment_102913\" style=\"width: 893px\" class=\"wp-caption aligncenter\"><img loading=\"lazy\" decoding=\"async\" aria-describedby=\"caption-attachment-102913\" class=\" wp-image-102912\" src=\"https:\/\/interamerica.org\/wp-content\/uploads\/2023\/09\/nocu-guajira-enditnow2023.jpg\" alt=\"\" width=\"883\" height=\"662\" srcset=\"https:\/\/interamerica.org\/wp-content\/uploads\/2023\/09\/nocu-guajira-enditnow2023.jpg 1000w, https:\/\/interamerica.org\/wp-content\/uploads\/2023\/09\/nocu-guajira-enditnow2023-300x225.jpg 300w, https:\/\/interamerica.org\/wp-content\/uploads\/2023\/09\/nocu-guajira-enditnow2023-768x576.jpg 768w\" sizes=\"(max-width: 883px) 100vw, 883px\" \/><p id=\"caption-attachment-102913\" class=\"wp-caption-text\">Un groupe d\u2019enfants du quartier \u00e0 Guajira, dans le nord de la Colombie, l\u00e8vent la main apr\u00e8s avoir d\u00e9couvert une activit\u00e9 interactive \u00ab Dites non \u00e0 la maltraitance. \u00bb [Photo : Union du Nord de la Colombie]<\/p><\/div>En Colombie, des centaines de congr\u00e9gations locales ont organis\u00e9 des programmes Enditnow pour rappeler aux membres d\u2019\u00e9glise d\u2019\u00eatre attentifs afin de rep\u00e9rer des comportements particuliers d\u2019enfants touch\u00e9s par la violence, des signes que les femmes peuvent montrer, ainsi que les familles ; ils ont \u00e9t\u00e9 aussi encourag\u00e9s \u00e0 promouvoir la prise de conscience au sujet de la violence \u00e0 l\u2019encontre des personnes \u00e2g\u00e9es.<\/p>\n<p>De plus, dans plusieurs communaut\u00e9s qui ont \u00e9t\u00e9 visit\u00e9es, les enfants ont eu droit \u00e0 des causeries et \u00e0 des activit\u00e9s interactives pour \u00eatre en mesure d\u2019identifier toute forme de maltraitance et savoir comment en parler.<\/p>\n<p><div id=\"attachment_102904\" style=\"width: 854px\" class=\"wp-caption aligncenter\"><img loading=\"lazy\" decoding=\"async\" aria-describedby=\"caption-attachment-102904\" class=\" wp-image-102903\" src=\"https:\/\/interamerica.org\/wp-content\/uploads\/2023\/09\/haiti-enditnow-2023.jpg\" alt=\"\" width=\"844\" height=\"633\" srcset=\"https:\/\/interamerica.org\/wp-content\/uploads\/2023\/09\/haiti-enditnow-2023.jpg 900w, https:\/\/interamerica.org\/wp-content\/uploads\/2023\/09\/haiti-enditnow-2023-300x225.jpg 300w, https:\/\/interamerica.org\/wp-content\/uploads\/2023\/09\/haiti-enditnow-2023-768x576.jpg 768w\" sizes=\"(max-width: 844px) 100vw, 844px\" \/><p id=\"caption-attachment-102904\" class=\"wp-caption-text\">Deux \u00e9tudiants de l\u2019Universit\u00e9 Adventiste d\u2019Ha\u00efti \u00e0 Carrefour, \u00e0 Port-au-Prince, montrent des exemplaires du magazine Priorit\u00e9s sur l\u2019initiative Enditnow avant de le distribuer dans les communaut\u00e9s voisines le 27 ao\u00fbt 2023. [Photo : Union Ha\u00eftienne]<\/p><\/div>Confront\u00e9es \u00e0 la violence continue en Ha\u00efti, les \u00e9glises ont pris position contre la violence lors des programmes du sabbat matin et de l\u2019apr\u00e8s-midi.<\/p>\n<p>La psychologue Laurcelie Alcim\u00e9 s\u2019est adress\u00e9e aux membres d\u2019\u00e9glise \u00e0 l\u2019Universit\u00e9 Adventiste d\u2019Ha\u00efti \u00e0 Carrefour, \u00e0 Port-au-Prince. \u00ab D\u00e8s que vous identifiez un type quelconque de violence, qu\u2019elle soit financi\u00e8re, sexuelle ou psychologique, sachez que vous \u00eates en pr\u00e9sence de maltraitance et que vous devez agir, chercher de l\u2019aide et vous appuyer sur votre foi, \u00bb a d\u00e9clar\u00e9 Laurcelie Alcim\u00e9. \u00ab Si un conjoint vous prive de vos fonds pour vous dominer ou tente de vous tromper pour se les approprier, cela pourrait constituer une forme de maltraitance. Dimanche, les membres d\u2019\u00e9glise ont distribu\u00e9 dans leurs quartiers des publications invitant \u00e0 mettre fin \u00e0 la violence.<\/p>\n<p><div id=\"attachment_102919\" style=\"width: 857px\" class=\"wp-caption aligncenter\"><img loading=\"lazy\" decoding=\"async\" aria-describedby=\"caption-attachment-102919\" class=\" wp-image-102918\" src=\"https:\/\/interamerica.org\/wp-content\/uploads\/2023\/09\/atcu-enditnow-rally-prayer-sbc-new-providence.jpg\" alt=\"\" width=\"847\" height=\"477\" srcset=\"https:\/\/interamerica.org\/wp-content\/uploads\/2023\/09\/atcu-enditnow-rally-prayer-sbc-new-providence.jpg 1000w, https:\/\/interamerica.org\/wp-content\/uploads\/2023\/09\/atcu-enditnow-rally-prayer-sbc-new-providence-300x169.jpg 300w, https:\/\/interamerica.org\/wp-content\/uploads\/2023\/09\/atcu-enditnow-rally-prayer-sbc-new-providence-768x432.jpg 768w\" sizes=\"(max-width: 847px) 100vw, 847px\" \/><p id=\"caption-attachment-102919\" class=\"wp-caption-text\">Anne Marie Davis (\u00e0 droite), \u00e9pouse du Premier Ministre des Bahamas, tient la main des responsables des minist\u00e8res des femmes alors qu\u2019elles prient lors d\u2019un rallye Enditnow sur l\u2019\u00eele de New Providence \u00e0 Nassau, le 26 ao\u00fbt 2023. [Photo : F\u00e9d\u00e9ration du Sud des Bahamas]<\/p><\/div>Dans toute l\u2019Union Carib\u00e9enne Atlantique, qui comprend les Bahamas, les \u00eeles Ca\u00efmans et les \u00celes Turk et Caicos, des centaines de membres d\u2019\u00e9glise ont pris part \u00e0 des marches, des cort\u00e8ges motoris\u00e9s et des rassemblements promouvant la fin de la violence ou de la maltraitance sous toutes ses formes. Sur l\u2019\u00eele de New Providence, \u00e0 Nassau, aux Bahamas, la F\u00e9d\u00e9ration du Sud des Bahamas a organis\u00e9 un cort\u00e8ge qui est all\u00e9 jusqu\u2019\u00e0 Arawak Cay o\u00f9 a eu lieu un rallye sp\u00e9cial Enditnow. Les dirigeants de l\u2019\u00c9glise et de la soci\u00e9t\u00e9 civile ont pris la parole pour promouvoir la fin de la violence contre les femmes et les enfants aux Bahamas. Anne Marie Davis, \u00e9pouse du Premier Ministre des Bahamas, a prononc\u00e9 le discours principal \u00e0 ce rallye et a pri\u00e9 avec les membres d\u2019\u00e9glise pendant cette initiative.<\/p>\n<p><div id=\"attachment_102886\" style=\"width: 855px\" class=\"wp-caption aligncenter\"><img loading=\"lazy\" decoding=\"async\" aria-describedby=\"caption-attachment-102886\" class=\"wp-image-102885\" src=\"https:\/\/interamerica.org\/wp-content\/uploads\/2023\/09\/esau-enditnow-2023.jpg\" alt=\"\" width=\"845\" height=\"634\" srcset=\"https:\/\/interamerica.org\/wp-content\/uploads\/2023\/09\/esau-enditnow-2023.jpg 941w, https:\/\/interamerica.org\/wp-content\/uploads\/2023\/09\/esau-enditnow-2023-300x225.jpg 300w, https:\/\/interamerica.org\/wp-content\/uploads\/2023\/09\/esau-enditnow-2023-768x576.jpg 768w\" sizes=\"(max-width: 845px) 100vw, 845px\" \/><p id=\"caption-attachment-102886\" class=\"wp-caption-text\">Un groupe de dirigeantes des minist\u00e8res des femmes se tiennent debout le sabbat matin \u00e0 la fin d\u2019un programme sp\u00e9cial qui mettait l\u2019accent sur la campagne Enditnow de cette ann\u00e9e au Salvador. [Photo : Union du Salvador]<\/p><\/div>Ailleurs en Am\u00e9rique Centrale et dans la Cara\u00efbe et dans d\u2019autres pays de la DIA, les \u00e9glises ont organis\u00e9 des panels de discussion, pr\u00e9sent\u00e9 des vid\u00e9os, des sketches, des activit\u00e9s missionnaires dans la communaut\u00e9 et des programmes sp\u00e9ciaux sur l\u2019\u00e9radication de la violence dans leurs communaut\u00e9s et se sont assur\u00e9es que soit favoris\u00e9e davantage la prise de conscience dans les \u00e9glises et les \u00e9coles adventistes.<\/p>\n<p><div id=\"attachment_102898\" style=\"width: 888px\" class=\"wp-caption aligncenter\"><img loading=\"lazy\" decoding=\"async\" aria-describedby=\"caption-attachment-102898\" class=\"wp-image-102897\" src=\"https:\/\/interamerica.org\/wp-content\/uploads\/2023\/09\/somu-enditnow-2023.jpg\" alt=\"\" width=\"878\" height=\"669\" srcset=\"https:\/\/interamerica.org\/wp-content\/uploads\/2023\/09\/somu-enditnow-2023.jpg 1023w, https:\/\/interamerica.org\/wp-content\/uploads\/2023\/09\/somu-enditnow-2023-300x229.jpg 300w, https:\/\/interamerica.org\/wp-content\/uploads\/2023\/09\/somu-enditnow-2023-768x586.jpg 768w\" sizes=\"(max-width: 878px) 100vw, 878px\" \/><p id=\"caption-attachment-102898\" class=\"wp-caption-text\">Des femmes et des jeunes d\u00e9filent dans les rues de l\u2019Union du Sud-Est du Mexique et dans les communaut\u00e9s dans le cadre de la campagne Enditnow le 26 ao\u00fbt 2023. [Photo : Union du Sud-Est du Mexique]<\/p><\/div><em>Stevens\u2019 Rosado, Yannina Garc\u00eda, Jean Carmy Felixon, Victor Mart\u00ednez, et John Garc\u00eda ont apport\u00e9 des informations pour la r\u00e9daction de cet article.<\/em><\/p>\n<p>Traduction: Patrick Luciathe<\/p>\n","protected":false},"excerpt":{"rendered":"<p>1er Septembre 2023 | Miami, Floride, \u00c9tats-Unis | Libna Stevens, Actualit\u00e9s de la Division Inter Am\u00e9ricaine Des milliers d\u2019Adventistes du Septi\u00e8me Jour ont plaid\u00e9 derri\u00e8re les chaires des \u00e9glises, dans&#8230;<\/p>\n","protected":false},"author":3,"featured_media":102892,"comment_status":"closed","ping_status":"closed","sticky":false,"template":"","format":"standard","meta":{"_acf_changed":false,"footnotes":""},"categories":[20,19],"tags":[],"class_list":["post-102934","post","type-post","status-publish","format-standard","has-post-thumbnail","hentry","category-nouvelles-du-siege-de-la-division","category-rss-francais"],"acf":[],"yoast_head":"<!-- This site is optimized with the Yoast SEO plugin v27.3 - https:\/\/yoast.com\/product\/yoast-seo-wordpress\/ -->\n<title>Les Adventistes plaident pour la fin de la violence dans les \u00e9glises et les communaut\u00e9s de toute l\u2019Inter Am\u00e9rique - \u00c9glise Adventiste Du Septieme Jour - Inter Am\u00e9rique Division<\/title>\n<meta name=\"robots\" content=\"index, follow, max-snippet:-1, max-image-preview:large, max-video-preview:-1\" \/>\n<link rel=\"canonical\" href=\"https:\/\/interamerica.org\/fr\/2023\/09\/les-adventistes-plaident-pour-la-fin-de-la-violence-dans-les-eglises-et-les-communautes-de-toute-linter-amerique\/\" \/>\n<meta property=\"og:locale\" content=\"fr_FR\" \/>\n<meta property=\"og:type\" content=\"article\" \/>\n<meta property=\"og:title\" content=\"Les Adventistes plaident pour la fin de la violence dans les \u00e9glises et les communaut\u00e9s de toute l\u2019Inter Am\u00e9rique - \u00c9glise Adventiste Du Septieme Jour - Inter Am\u00e9rique Division\" \/>\n<meta property=\"og:description\" content=\"1er Septembre 2023 | Miami, Floride, \u00c9tats-Unis | Libna Stevens, Actualit\u00e9s de la Division Inter Am\u00e9ricaine Des milliers d\u2019Adventistes du Septi\u00e8me Jour ont plaid\u00e9 derri\u00e8re les chaires des \u00e9glises, dans...\" \/>\n<meta property=\"og:url\" content=\"https:\/\/interamerica.org\/fr\/2023\/09\/les-adventistes-plaident-pour-la-fin-de-la-violence-dans-les-eglises-et-les-communautes-de-toute-linter-amerique\/\" \/>\n<meta property=\"og:site_name\" content=\"\u00c9glise Adventiste Du Septieme Jour - Inter Am\u00e9rique Division\" \/>\n<meta property=\"article:published_time\" content=\"2023-09-01T15:27:42+00:00\" \/>\n<meta property=\"article:modified_time\" content=\"2023-09-02T01:22:41+00:00\" \/>\n<meta property=\"og:image\" content=\"https:\/\/interamerica.org\/wp-content\/uploads\/2023\/09\/evau-enditnow-2023.jpg\" \/>\n\t<meta property=\"og:image:width\" content=\"1012\" \/>\n\t<meta property=\"og:image:height\" content=\"624\" \/>\n\t<meta property=\"og:image:type\" content=\"image\/jpeg\" \/>\n<meta name=\"author\" content=\"libna\" \/>\n<meta name=\"twitter:card\" content=\"summary_large_image\" \/>\n<meta name=\"twitter:label1\" content=\"\u00c9crit par\" \/>\n\t<meta name=\"twitter:data1\" content=\"libna\" \/>\n\t<meta name=\"twitter:label2\" content=\"Dur\u00e9e de lecture estim\u00e9e\" \/>\n\t<meta name=\"twitter:data2\" content=\"11 minutes\" \/>\n<script type=\"application\/ld+json\" class=\"yoast-schema-graph\">{\"@context\":\"https:\\\/\\\/schema.org\",\"@graph\":[{\"@type\":\"Article\",\"@id\":\"https:\\\/\\\/interamerica.org\\\/fr\\\/2023\\\/09\\\/les-adventistes-plaident-pour-la-fin-de-la-violence-dans-les-eglises-et-les-communautes-de-toute-linter-amerique\\\/#article\",\"isPartOf\":{\"@id\":\"https:\\\/\\\/interamerica.org\\\/fr\\\/2023\\\/09\\\/les-adventistes-plaident-pour-la-fin-de-la-violence-dans-les-eglises-et-les-communautes-de-toute-linter-amerique\\\/\"},\"author\":{\"name\":\"libna\",\"@id\":\"https:\\\/\\\/interamerica.org\\\/fr\\\/#\\\/schema\\\/person\\\/29998f2bc2d8bd0d38662909289b54f1\"},\"headline\":\"Les Adventistes plaident pour la fin de la violence dans les \u00e9glises et les communaut\u00e9s de toute l\u2019Inter Am\u00e9rique\",\"datePublished\":\"2023-09-01T15:27:42+00:00\",\"dateModified\":\"2023-09-02T01:22:41+00:00\",\"mainEntityOfPage\":{\"@id\":\"https:\\\/\\\/interamerica.org\\\/fr\\\/2023\\\/09\\\/les-adventistes-plaident-pour-la-fin-de-la-violence-dans-les-eglises-et-les-communautes-de-toute-linter-amerique\\\/\"},\"wordCount\":2029,\"image\":{\"@id\":\"https:\\\/\\\/interamerica.org\\\/fr\\\/2023\\\/09\\\/les-adventistes-plaident-pour-la-fin-de-la-violence-dans-les-eglises-et-les-communautes-de-toute-linter-amerique\\\/#primaryimage\"},\"thumbnailUrl\":\"https:\\\/\\\/interamerica.org\\\/wp-content\\\/uploads\\\/2023\\\/09\\\/evau-enditnow-2023.jpg\",\"articleSection\":[\"Nouvelles du si\u00e8ge de la division\",\"RSS Fran\u00e7ais\"],\"inLanguage\":\"fr-FR\"},{\"@type\":\"WebPage\",\"@id\":\"https:\\\/\\\/interamerica.org\\\/fr\\\/2023\\\/09\\\/les-adventistes-plaident-pour-la-fin-de-la-violence-dans-les-eglises-et-les-communautes-de-toute-linter-amerique\\\/\",\"url\":\"https:\\\/\\\/interamerica.org\\\/fr\\\/2023\\\/09\\\/les-adventistes-plaident-pour-la-fin-de-la-violence-dans-les-eglises-et-les-communautes-de-toute-linter-amerique\\\/\",\"name\":\"Les Adventistes plaident pour la fin de la violence dans les \u00e9glises et les communaut\u00e9s de toute l\u2019Inter Am\u00e9rique - \u00c9glise Adventiste Du Septieme Jour - Inter Am\u00e9rique Division\",\"isPartOf\":{\"@id\":\"https:\\\/\\\/interamerica.org\\\/fr\\\/#website\"},\"primaryImageOfPage\":{\"@id\":\"https:\\\/\\\/interamerica.org\\\/fr\\\/2023\\\/09\\\/les-adventistes-plaident-pour-la-fin-de-la-violence-dans-les-eglises-et-les-communautes-de-toute-linter-amerique\\\/#primaryimage\"},\"image\":{\"@id\":\"https:\\\/\\\/interamerica.org\\\/fr\\\/2023\\\/09\\\/les-adventistes-plaident-pour-la-fin-de-la-violence-dans-les-eglises-et-les-communautes-de-toute-linter-amerique\\\/#primaryimage\"},\"thumbnailUrl\":\"https:\\\/\\\/interamerica.org\\\/wp-content\\\/uploads\\\/2023\\\/09\\\/evau-enditnow-2023.jpg\",\"datePublished\":\"2023-09-01T15:27:42+00:00\",\"dateModified\":\"2023-09-02T01:22:41+00:00\",\"author\":{\"@id\":\"https:\\\/\\\/interamerica.org\\\/fr\\\/#\\\/schema\\\/person\\\/29998f2bc2d8bd0d38662909289b54f1\"},\"breadcrumb\":{\"@id\":\"https:\\\/\\\/interamerica.org\\\/fr\\\/2023\\\/09\\\/les-adventistes-plaident-pour-la-fin-de-la-violence-dans-les-eglises-et-les-communautes-de-toute-linter-amerique\\\/#breadcrumb\"},\"inLanguage\":\"fr-FR\",\"potentialAction\":[{\"@type\":\"ReadAction\",\"target\":[\"https:\\\/\\\/interamerica.org\\\/fr\\\/2023\\\/09\\\/les-adventistes-plaident-pour-la-fin-de-la-violence-dans-les-eglises-et-les-communautes-de-toute-linter-amerique\\\/\"]}]},{\"@type\":\"ImageObject\",\"inLanguage\":\"fr-FR\",\"@id\":\"https:\\\/\\\/interamerica.org\\\/fr\\\/2023\\\/09\\\/les-adventistes-plaident-pour-la-fin-de-la-violence-dans-les-eglises-et-les-communautes-de-toute-linter-amerique\\\/#primaryimage\",\"url\":\"https:\\\/\\\/interamerica.org\\\/wp-content\\\/uploads\\\/2023\\\/09\\\/evau-enditnow-2023.jpg\",\"contentUrl\":\"https:\\\/\\\/interamerica.org\\\/wp-content\\\/uploads\\\/2023\\\/09\\\/evau-enditnow-2023.jpg\",\"width\":1012,\"height\":624,\"caption\":\"[Photo: East Venezuela Union]\"},{\"@type\":\"BreadcrumbList\",\"@id\":\"https:\\\/\\\/interamerica.org\\\/fr\\\/2023\\\/09\\\/les-adventistes-plaident-pour-la-fin-de-la-violence-dans-les-eglises-et-les-communautes-de-toute-linter-amerique\\\/#breadcrumb\",\"itemListElement\":[{\"@type\":\"ListItem\",\"position\":1,\"name\":\"Home\",\"item\":\"https:\\\/\\\/interamerica.org\\\/fr\\\/\"},{\"@type\":\"ListItem\",\"position\":2,\"name\":\"Les Adventistes plaident pour la fin de la violence dans les \u00e9glises et les communaut\u00e9s de toute l\u2019Inter Am\u00e9rique\"}]},{\"@type\":\"WebSite\",\"@id\":\"https:\\\/\\\/interamerica.org\\\/fr\\\/#website\",\"url\":\"https:\\\/\\\/interamerica.org\\\/fr\\\/\",\"name\":\"\u00c9glise Adventiste Du Septieme Jour - Inter Am\u00e9rique Division\",\"description\":\"\",\"potentialAction\":[{\"@type\":\"SearchAction\",\"target\":{\"@type\":\"EntryPoint\",\"urlTemplate\":\"https:\\\/\\\/interamerica.org\\\/fr\\\/?s={search_term_string}\"},\"query-input\":{\"@type\":\"PropertyValueSpecification\",\"valueRequired\":true,\"valueName\":\"search_term_string\"}}],\"inLanguage\":\"fr-FR\"},{\"@type\":\"Person\",\"@id\":\"https:\\\/\\\/interamerica.org\\\/fr\\\/#\\\/schema\\\/person\\\/29998f2bc2d8bd0d38662909289b54f1\",\"name\":\"libna\",\"image\":{\"@type\":\"ImageObject\",\"inLanguage\":\"fr-FR\",\"@id\":\"https:\\\/\\\/secure.gravatar.com\\\/avatar\\\/7c5bd30ae4b47a9ba3c856590957fd1d96dc588bf3ac05719d247e126840331f?s=96&d=mm&r=g\",\"url\":\"https:\\\/\\\/secure.gravatar.com\\\/avatar\\\/7c5bd30ae4b47a9ba3c856590957fd1d96dc588bf3ac05719d247e126840331f?s=96&d=mm&r=g\",\"contentUrl\":\"https:\\\/\\\/secure.gravatar.com\\\/avatar\\\/7c5bd30ae4b47a9ba3c856590957fd1d96dc588bf3ac05719d247e126840331f?s=96&d=mm&r=g\",\"caption\":\"libna\"}}]}<\/script>\n<!-- \/ Yoast SEO plugin. -->","yoast_head_json":{"title":"Les Adventistes plaident pour la fin de la violence dans les \u00e9glises et les communaut\u00e9s de toute l\u2019Inter Am\u00e9rique - \u00c9glise Adventiste Du Septieme Jour - Inter Am\u00e9rique Division","robots":{"index":"index","follow":"follow","max-snippet":"max-snippet:-1","max-image-preview":"max-image-preview:large","max-video-preview":"max-video-preview:-1"},"canonical":"https:\/\/interamerica.org\/fr\/2023\/09\/les-adventistes-plaident-pour-la-fin-de-la-violence-dans-les-eglises-et-les-communautes-de-toute-linter-amerique\/","og_locale":"fr_FR","og_type":"article","og_title":"Les Adventistes plaident pour la fin de la violence dans les \u00e9glises et les communaut\u00e9s de toute l\u2019Inter Am\u00e9rique - \u00c9glise Adventiste Du Septieme Jour - Inter Am\u00e9rique Division","og_description":"1er Septembre 2023 | Miami, Floride, \u00c9tats-Unis | Libna Stevens, Actualit\u00e9s de la Division Inter Am\u00e9ricaine Des milliers d\u2019Adventistes du Septi\u00e8me Jour ont plaid\u00e9 derri\u00e8re les chaires des \u00e9glises, dans...","og_url":"https:\/\/interamerica.org\/fr\/2023\/09\/les-adventistes-plaident-pour-la-fin-de-la-violence-dans-les-eglises-et-les-communautes-de-toute-linter-amerique\/","og_site_name":"\u00c9glise Adventiste Du Septieme Jour - Inter Am\u00e9rique Division","article_published_time":"2023-09-01T15:27:42+00:00","article_modified_time":"2023-09-02T01:22:41+00:00","og_image":[{"width":1012,"height":624,"url":"https:\/\/interamerica.org\/wp-content\/uploads\/2023\/09\/evau-enditnow-2023.jpg","type":"image\/jpeg"}],"author":"libna","twitter_card":"summary_large_image","twitter_misc":{"\u00c9crit par":"libna","Dur\u00e9e de lecture estim\u00e9e":"11 minutes"},"schema":{"@context":"https:\/\/schema.org","@graph":[{"@type":"Article","@id":"https:\/\/interamerica.org\/fr\/2023\/09\/les-adventistes-plaident-pour-la-fin-de-la-violence-dans-les-eglises-et-les-communautes-de-toute-linter-amerique\/#article","isPartOf":{"@id":"https:\/\/interamerica.org\/fr\/2023\/09\/les-adventistes-plaident-pour-la-fin-de-la-violence-dans-les-eglises-et-les-communautes-de-toute-linter-amerique\/"},"author":{"name":"libna","@id":"https:\/\/interamerica.org\/fr\/#\/schema\/person\/29998f2bc2d8bd0d38662909289b54f1"},"headline":"Les Adventistes plaident pour la fin de la violence dans les \u00e9glises et les communaut\u00e9s de toute l\u2019Inter Am\u00e9rique","datePublished":"2023-09-01T15:27:42+00:00","dateModified":"2023-09-02T01:22:41+00:00","mainEntityOfPage":{"@id":"https:\/\/interamerica.org\/fr\/2023\/09\/les-adventistes-plaident-pour-la-fin-de-la-violence-dans-les-eglises-et-les-communautes-de-toute-linter-amerique\/"},"wordCount":2029,"image":{"@id":"https:\/\/interamerica.org\/fr\/2023\/09\/les-adventistes-plaident-pour-la-fin-de-la-violence-dans-les-eglises-et-les-communautes-de-toute-linter-amerique\/#primaryimage"},"thumbnailUrl":"https:\/\/interamerica.org\/wp-content\/uploads\/2023\/09\/evau-enditnow-2023.jpg","articleSection":["Nouvelles du si\u00e8ge de la division","RSS Fran\u00e7ais"],"inLanguage":"fr-FR"},{"@type":"WebPage","@id":"https:\/\/interamerica.org\/fr\/2023\/09\/les-adventistes-plaident-pour-la-fin-de-la-violence-dans-les-eglises-et-les-communautes-de-toute-linter-amerique\/","url":"https:\/\/interamerica.org\/fr\/2023\/09\/les-adventistes-plaident-pour-la-fin-de-la-violence-dans-les-eglises-et-les-communautes-de-toute-linter-amerique\/","name":"Les Adventistes plaident pour la fin de la violence dans les \u00e9glises et les communaut\u00e9s de toute l\u2019Inter Am\u00e9rique - \u00c9glise Adventiste Du Septieme Jour - Inter Am\u00e9rique Division","isPartOf":{"@id":"https:\/\/interamerica.org\/fr\/#website"},"primaryImageOfPage":{"@id":"https:\/\/interamerica.org\/fr\/2023\/09\/les-adventistes-plaident-pour-la-fin-de-la-violence-dans-les-eglises-et-les-communautes-de-toute-linter-amerique\/#primaryimage"},"image":{"@id":"https:\/\/interamerica.org\/fr\/2023\/09\/les-adventistes-plaident-pour-la-fin-de-la-violence-dans-les-eglises-et-les-communautes-de-toute-linter-amerique\/#primaryimage"},"thumbnailUrl":"https:\/\/interamerica.org\/wp-content\/uploads\/2023\/09\/evau-enditnow-2023.jpg","datePublished":"2023-09-01T15:27:42+00:00","dateModified":"2023-09-02T01:22:41+00:00","author":{"@id":"https:\/\/interamerica.org\/fr\/#\/schema\/person\/29998f2bc2d8bd0d38662909289b54f1"},"breadcrumb":{"@id":"https:\/\/interamerica.org\/fr\/2023\/09\/les-adventistes-plaident-pour-la-fin-de-la-violence-dans-les-eglises-et-les-communautes-de-toute-linter-amerique\/#breadcrumb"},"inLanguage":"fr-FR","potentialAction":[{"@type":"ReadAction","target":["https:\/\/interamerica.org\/fr\/2023\/09\/les-adventistes-plaident-pour-la-fin-de-la-violence-dans-les-eglises-et-les-communautes-de-toute-linter-amerique\/"]}]},{"@type":"ImageObject","inLanguage":"fr-FR","@id":"https:\/\/interamerica.org\/fr\/2023\/09\/les-adventistes-plaident-pour-la-fin-de-la-violence-dans-les-eglises-et-les-communautes-de-toute-linter-amerique\/#primaryimage","url":"https:\/\/interamerica.org\/wp-content\/uploads\/2023\/09\/evau-enditnow-2023.jpg","contentUrl":"https:\/\/interamerica.org\/wp-content\/uploads\/2023\/09\/evau-enditnow-2023.jpg","width":1012,"height":624,"caption":"[Photo: East Venezuela Union]"},{"@type":"BreadcrumbList","@id":"https:\/\/interamerica.org\/fr\/2023\/09\/les-adventistes-plaident-pour-la-fin-de-la-violence-dans-les-eglises-et-les-communautes-de-toute-linter-amerique\/#breadcrumb","itemListElement":[{"@type":"ListItem","position":1,"name":"Home","item":"https:\/\/interamerica.org\/fr\/"},{"@type":"ListItem","position":2,"name":"Les Adventistes plaident pour la fin de la violence dans les \u00e9glises et les communaut\u00e9s de toute l\u2019Inter Am\u00e9rique"}]},{"@type":"WebSite","@id":"https:\/\/interamerica.org\/fr\/#website","url":"https:\/\/interamerica.org\/fr\/","name":"\u00c9glise Adventiste Du Septieme Jour - Inter Am\u00e9rique Division","description":"","potentialAction":[{"@type":"SearchAction","target":{"@type":"EntryPoint","urlTemplate":"https:\/\/interamerica.org\/fr\/?s={search_term_string}"},"query-input":{"@type":"PropertyValueSpecification","valueRequired":true,"valueName":"search_term_string"}}],"inLanguage":"fr-FR"},{"@type":"Person","@id":"https:\/\/interamerica.org\/fr\/#\/schema\/person\/29998f2bc2d8bd0d38662909289b54f1","name":"libna","image":{"@type":"ImageObject","inLanguage":"fr-FR","@id":"https:\/\/secure.gravatar.com\/avatar\/7c5bd30ae4b47a9ba3c856590957fd1d96dc588bf3ac05719d247e126840331f?s=96&d=mm&r=g","url":"https:\/\/secure.gravatar.com\/avatar\/7c5bd30ae4b47a9ba3c856590957fd1d96dc588bf3ac05719d247e126840331f?s=96&d=mm&r=g","contentUrl":"https:\/\/secure.gravatar.com\/avatar\/7c5bd30ae4b47a9ba3c856590957fd1d96dc588bf3ac05719d247e126840331f?s=96&d=mm&r=g","caption":"libna"}}]}},"_links":{"self":[{"href":"https:\/\/interamerica.org\/fr\/wp-json\/wp\/v2\/posts\/102934","targetHints":{"allow":["GET"]}}],"collection":[{"href":"https:\/\/interamerica.org\/fr\/wp-json\/wp\/v2\/posts"}],"about":[{"href":"https:\/\/interamerica.org\/fr\/wp-json\/wp\/v2\/types\/post"}],"author":[{"embeddable":true,"href":"https:\/\/interamerica.org\/fr\/wp-json\/wp\/v2\/users\/3"}],"replies":[{"embeddable":true,"href":"https:\/\/interamerica.org\/fr\/wp-json\/wp\/v2\/comments?post=102934"}],"version-history":[{"count":0,"href":"https:\/\/interamerica.org\/fr\/wp-json\/wp\/v2\/posts\/102934\/revisions"}],"wp:featuredmedia":[{"embeddable":true,"href":"https:\/\/interamerica.org\/fr\/wp-json\/wp\/v2\/media\/102892"}],"wp:attachment":[{"href":"https:\/\/interamerica.org\/fr\/wp-json\/wp\/v2\/media?parent=102934"}],"wp:term":[{"taxonomy":"category","embeddable":true,"href":"https:\/\/interamerica.org\/fr\/wp-json\/wp\/v2\/categories?post=102934"},{"taxonomy":"post_tag","embeddable":true,"href":"https:\/\/interamerica.org\/fr\/wp-json\/wp\/v2\/tags?post=102934"}],"curies":[{"name":"wp","href":"https:\/\/api.w.org\/{rel}","templated":true}]}}