{"id":103249,"date":"2023-09-12T10:45:11","date_gmt":"2023-09-12T14:45:11","guid":{"rendered":"https:\/\/interamerica.org\/?p=103249"},"modified":"2023-09-12T11:59:40","modified_gmt":"2023-09-12T15:59:40","slug":"en-malaisie-plus-de-1-600-personnes-ont-accepte-la-foi-lors-dune-premiere-serie-a-lechelle-nationale","status":"publish","type":"post","link":"https:\/\/interamerica.org\/fr\/2023\/09\/en-malaisie-plus-de-1-600-personnes-ont-accepte-la-foi-lors-dune-premiere-serie-a-lechelle-nationale\/","title":{"rendered":"En Malaisie, plus de 1 600 personnes ont accept\u00e9 la foi lors d\u2019une premi\u00e8re s\u00e9rie \u00e0 l\u2019\u00e9chelle nationale"},"content":{"rendered":"<h4><b>D\u2019apr\u00e8s les dirigeants de l\u2019\u00c9glise adventiste, les membres ont travaill\u00e9 ensemble pour la r\u00e9ussite du projet.<\/b><\/h4>\n<p><span style=\"font-weight: 400;\">Le 12 septembre 2023 | Malaisie | Hazel Wanda Ginajil-Gara pour l\u2019Union de missions de la Malaisie, la Division du sud de l\u2019Asie et du Pacifique et <\/span><i><span style=\"font-weight: 400;\">Adventist Review<\/span><\/i><\/p>\n<p><span style=\"font-weight: 400;\">L\u2019\u00c9glise adventiste du septi\u00e8me jour en Malaisie avait de quoi c\u00e9l\u00e9brer au moment de cl\u00f4turer son initiative \u00e9vang\u00e9lique \u00ab\u00a0De l\u2019espoir pour la Malaisie\u00a0\u00bb, lors de laquelle elle a accueilli plus de 1\u00a0600\u00a0personnes ayant manifest\u00e9 leur nouvelle foi par le bapt\u00eame. C\u2019est ce qu\u2019ont expliqu\u00e9 les dirigeants de l\u2019\u00c9glise de ce pays asiatique. Et apr\u00e8s avoir vu une si grande foule avide de d\u00e9couvrir J\u00e9sus plus en profondeur, les organisateurs se sont dits motiv\u00e9s \u00e0 planifier une seconde s\u00e9rie de projets d\u2019\u00e9vang\u00e9lisation.<\/span><\/p>\n<p><span style=\"font-weight: 400;\">La campagne \u00e9vang\u00e9lique d\u2019une semaine a commenc\u00e9 le 18\u00a0ao\u00fbt dernier dans les villes principales de Kuala Lumpur, Kuching et Kota Kinabalu. Les pr\u00e9sentations ont eu lieu simultan\u00e9ment dans plus de 25\u00a0endroits au pays. \u00ab\u00a0De l\u2019espoir pour la Malaisie\u00a0\u00bb visait \u00e0 promouvoir le r\u00e9veil des ouvriers et des membres d\u2019\u00e9glise dans l\u2019adoration unie tout en r\u00e9v\u00e9lant une initiative d\u2019impact sur l\u2019urgence des missions urbaines.<\/span><\/p>\n<p><div id=\"attachment_103215\" style=\"width: 870px\" class=\"wp-caption aligncenter\"><img fetchpriority=\"high\" decoding=\"async\" aria-describedby=\"caption-attachment-103215\" class=\" wp-image-103214\" src=\"https:\/\/interamerica.org\/wp-content\/uploads\/2023\/09\/malaysia-screenshot-2023-09-04-at-5-04-49-pm-1024x443.png\" alt=\"\" width=\"860\" height=\"372\" srcset=\"https:\/\/interamerica.org\/wp-content\/uploads\/2023\/09\/malaysia-screenshot-2023-09-04-at-5-04-49-pm-1024x443.png 1024w, https:\/\/interamerica.org\/wp-content\/uploads\/2023\/09\/malaysia-screenshot-2023-09-04-at-5-04-49-pm-300x130.png 300w, https:\/\/interamerica.org\/wp-content\/uploads\/2023\/09\/malaysia-screenshot-2023-09-04-at-5-04-49-pm-768x332.png 768w, https:\/\/interamerica.org\/wp-content\/uploads\/2023\/09\/malaysia-screenshot-2023-09-04-at-5-04-49-pm.png 1388w\" sizes=\"(max-width: 860px) 100vw, 860px\" \/><p id=\"caption-attachment-103215\" class=\"wp-caption-text\"><span style=\"font-weight: 400;\">La premi\u00e8re s\u00e9rie \u00e9vang\u00e9lique \u00e0 l\u2019\u00e9chelle nationale de la Malaisie s\u2019est conclue par plus de 1\u00a0600\u00a0bapt\u00eames, l\u2019initiative ayant encourag\u00e9 les membres \u00e0 participer au t\u00e9moignage actif et \u00e0 l\u2019\u00e9vang\u00e9lisation. [Une photo des Communications de l\u2019Union de missions de la Malaisie]<\/span><\/p><\/div><span style=\"font-weight: 400;\">\u00ab\u00a0Il s\u2019agit d\u2019une r\u00e9alisation majeure pour la Malaisie, a dit Abel Bana, pr\u00e9sident de l\u2019Union de missions de la Malaisie (UMM). Selon lui, c\u2019\u00e9tait r\u00e9confortant de voir cette premi\u00e8re initiative d\u2019\u00e9vang\u00e9lisation adventiste nationale. \u00ab\u00a0Cela n\u2019a pas \u00e9t\u00e9 facile, mais d\u2019\u00eatre pass\u00e9 au travers avec toute cette inspiration a motiv\u00e9 notre \u00c9glise en Malaisie sur le plan spirituel, elle qui cherche maintenant davantage \u00e0 \u00e9vang\u00e9liser ce territoire aride\u00a0\u00bb, a-t-il ajout\u00e9.\u00a0<\/span><\/p>\n<p><span style=\"font-weight: 400;\">L\u2019apog\u00e9e de cette s\u00e9rie nationale a \u00e9t\u00e9 atteint lorsque des milliers de personnes \u00e9taient rassembl\u00e9es le sabbat sur diff\u00e9rents sites de rencontre pour la C\u00e9l\u00e9bration des r\u00e9coltes. Un centre d\u2019adoration de Kuching, dans l\u2019\u00c9tat de Sarawak, a accueilli plus de 2\u00a0500\u00a0personnes alors que d\u2019autres salles de Kuala Lumpur, de Sabah et de Kota Kinabalu comptaient quelque 1\u00a0500\u00a0personnes chacune sur les territoires respectifs des Missions de la Malaisie p\u00e9ninsulaire et de Sabah.<\/span><\/p>\n<p><span style=\"font-weight: 400;\">Toujours d\u2019apr\u00e8s les dirigeants, d\u2019autres \u00e9glises \u00e9taient \u00e9galement rassembl\u00e9es dans des lieux choisis pour leurs programmes r\u00e9gionaux d\u2019adoration<\/span><\/p>\n<p><span style=\"font-weight: 400;\">Selon Francis Amer, secr\u00e9taire de terrain de l\u2019Union de missions de la Malaisie, le travail pr\u00e9paratoire a commenc\u00e9 en janvier dernier par dix jours de pri\u00e8re et de r\u00e9veil ainsi que par des ateliers sur l\u2019enrichissement de la pri\u00e8re. Peu de temps apr\u00e8s, les dirigeants ont offert de la formation et des ateliers sur l\u2019\u00e9vang\u00e9lisation par groupes de soutien et par t\u00e9l\u00e9phone cellulaire ainsi que sur la mission num\u00e9rique.<\/span><\/p>\n<p><span style=\"font-weight: 400;\">Le pasteur Amer a dit croire que la r\u00e9ussite du programme est attribuable aux efforts unis et collaboratifs des dirigeants de tous les niveaux de l\u2019organisation de l\u2019\u00c9glise. Et en d\u00e9pit des difficult\u00e9s d\u2019organisation pour rassembler une si grande congr\u00e9gation de croyants, \u00ab\u00a0il est encourageant de voir comment nos \u00e9glises se sont mobilis\u00e9es comme un seul homme dans ce pays, a-t-il ajout\u00e9. Je crois personnellement que tout le programme a \u00e9t\u00e9 un succ\u00e8s, parce que\u2026 tout le monde a travaill\u00e9 et collabor\u00e9 dans l\u2019unit\u00e9.\u00a0\u00bb<\/span><\/p>\n<p><span style=\"font-weight: 400;\">Le r\u00e9cent projet \u00ab\u00a0De l\u2019espoir pour la Malaisie\u00a0\u00bb de l\u2019\u00c9glise adventiste met en \u00e9vidence la cons\u00e9cration au mouvement \u00ab\u00a0J\u2019irai\u00a0\u00bb, ont dit les dirigeants de l\u2019\u00c9glise. \u00ab\u00a0Cette entreprise nationale a \u00e9t\u00e9 caract\u00e9ris\u00e9e par une hausse de la participation des membres d\u2019\u00e9glise \u00e0 l\u2019\u00e9vang\u00e9lisation publique et personnelle, en harmonie avec l\u2019objectif de l\u2019Implication totale des membres. Elle comprenait \u00e9galement des missionnaires de premi\u00e8re ligne qui se sont adress\u00e9s \u00e0 de grandes foules, inspirant leurs auditoires \u00e0 participer \u00e0 la pr\u00e9dication de l\u2019\u00c9vangile.\u00a0\u00bb<\/span><\/p>\n<p><span style=\"font-weight: 400;\">Alors que l\u2019\u00c9glise adventiste du septi\u00e8me jour en Malaisie poursuit son travail de propagation du message d\u2019espoir et de salut, les dirigeants de l\u2019\u00c9glise ont invit\u00e9 tout le monde \u00e0 se joindre \u00e0 eux en pri\u00e8re pour les efforts en cours. \u00ab\u00a0Veuillez prier alors que nous nous pr\u00e9parons pour les occasions \u00e0 venir de pr\u00e9senter J\u00e9sus \u00e0 des gens qui veulent avoir la foi et entamer un cheminement spirituel\u00a0\u00bb, ont-ils dit.<\/span><\/p>\n<p><span style=\"font-weight: 400;\">La <\/span><a href=\"https:\/\/adventist.asia\/news\/in-malaysia-over-1-600-individuals-embrace-faith-in-adventist-churchs-first-nationwide-campaign\/\"><span style=\"font-weight: 400;\">version originale<\/span><\/a><span style=\"font-weight: 400;\"> de cet article \u00e0 \u00e9t\u00e9 publi\u00e9e sur le <\/span><a href=\"https:\/\/adventist.asia\/news\/\"><span style=\"font-weight: 400;\">site des actualit\u00e9s<\/span><\/a><span style=\"font-weight: 400;\"> de la division du sud de l\u2019Asie et du Pacifique.<\/span><\/p>\n<p><span style=\"font-weight: 400;\">Traduction\u00a0: Marie-Mich\u00e8le Robitaille<\/span><\/p>\n","protected":false},"excerpt":{"rendered":"<p>D\u2019apr\u00e8s les dirigeants de l\u2019\u00c9glise adventiste, les membres ont travaill\u00e9 ensemble pour la r\u00e9ussite du projet. Le 12 septembre 2023 | Malaisie | Hazel Wanda Ginajil-Gara pour l\u2019Union de missions&#8230;<\/p>\n","protected":false},"author":3,"featured_media":103215,"comment_status":"closed","ping_status":"closed","sticky":false,"template":"","format":"standard","meta":{"_acf_changed":false,"footnotes":""},"categories":[18,19],"tags":[],"class_list":["post-103249","post","type-post","status-publish","format-standard","has-post-thumbnail","hentry","category-nouvelles-de-leglise-mondiale","category-rss-francais"],"acf":[],"yoast_head":"<!-- This site is optimized with the Yoast SEO plugin v27.3 - https:\/\/yoast.com\/product\/yoast-seo-wordpress\/ -->\n<title>En Malaisie, plus de 1 600 personnes ont accept\u00e9 la foi lors d\u2019une premi\u00e8re s\u00e9rie \u00e0 l\u2019\u00e9chelle nationale - \u00c9glise Adventiste Du Septieme Jour - Inter Am\u00e9rique Division<\/title>\n<meta name=\"robots\" content=\"index, follow, max-snippet:-1, max-image-preview:large, max-video-preview:-1\" \/>\n<link rel=\"canonical\" href=\"https:\/\/interamerica.org\/fr\/2023\/09\/en-malaisie-plus-de-1-600-personnes-ont-accepte-la-foi-lors-dune-premiere-serie-a-lechelle-nationale\/\" \/>\n<meta property=\"og:locale\" content=\"fr_FR\" \/>\n<meta property=\"og:type\" content=\"article\" \/>\n<meta property=\"og:title\" content=\"En Malaisie, plus de 1 600 personnes ont accept\u00e9 la foi lors d\u2019une premi\u00e8re s\u00e9rie \u00e0 l\u2019\u00e9chelle nationale - \u00c9glise Adventiste Du Septieme Jour - Inter Am\u00e9rique Division\" \/>\n<meta property=\"og:description\" content=\"D\u2019apr\u00e8s les dirigeants de l\u2019\u00c9glise adventiste, les membres ont travaill\u00e9 ensemble pour la r\u00e9ussite du projet. Le 12 septembre 2023 | Malaisie | Hazel Wanda Ginajil-Gara pour l\u2019Union de missions...\" \/>\n<meta property=\"og:url\" content=\"https:\/\/interamerica.org\/fr\/2023\/09\/en-malaisie-plus-de-1-600-personnes-ont-accepte-la-foi-lors-dune-premiere-serie-a-lechelle-nationale\/\" \/>\n<meta property=\"og:site_name\" content=\"\u00c9glise Adventiste Du Septieme Jour - Inter Am\u00e9rique Division\" \/>\n<meta property=\"article:published_time\" content=\"2023-09-12T14:45:11+00:00\" \/>\n<meta property=\"article:modified_time\" content=\"2023-09-12T15:59:40+00:00\" \/>\n<meta property=\"og:image\" content=\"https:\/\/interamerica.org\/wp-content\/uploads\/2023\/09\/malaysia-screenshot-2023-09-04-at-5-04-49-pm.png\" \/>\n\t<meta property=\"og:image:width\" content=\"1388\" \/>\n\t<meta property=\"og:image:height\" content=\"600\" \/>\n\t<meta property=\"og:image:type\" content=\"image\/png\" \/>\n<meta name=\"author\" content=\"libna\" \/>\n<meta name=\"twitter:card\" content=\"summary_large_image\" \/>\n<meta name=\"twitter:label1\" content=\"\u00c9crit par\" \/>\n\t<meta name=\"twitter:data1\" content=\"libna\" \/>\n\t<meta name=\"twitter:label2\" content=\"Dur\u00e9e de lecture estim\u00e9e\" \/>\n\t<meta name=\"twitter:data2\" content=\"4 minutes\" \/>\n<script type=\"application\/ld+json\" class=\"yoast-schema-graph\">{\"@context\":\"https:\\\/\\\/schema.org\",\"@graph\":[{\"@type\":\"Article\",\"@id\":\"https:\\\/\\\/interamerica.org\\\/fr\\\/2023\\\/09\\\/en-malaisie-plus-de-1-600-personnes-ont-accepte-la-foi-lors-dune-premiere-serie-a-lechelle-nationale\\\/#article\",\"isPartOf\":{\"@id\":\"https:\\\/\\\/interamerica.org\\\/fr\\\/2023\\\/09\\\/en-malaisie-plus-de-1-600-personnes-ont-accepte-la-foi-lors-dune-premiere-serie-a-lechelle-nationale\\\/\"},\"author\":{\"name\":\"libna\",\"@id\":\"https:\\\/\\\/interamerica.org\\\/fr\\\/#\\\/schema\\\/person\\\/29998f2bc2d8bd0d38662909289b54f1\"},\"headline\":\"En Malaisie, plus de 1 600 personnes ont accept\u00e9 la foi lors d\u2019une premi\u00e8re s\u00e9rie \u00e0 l\u2019\u00e9chelle nationale\",\"datePublished\":\"2023-09-12T14:45:11+00:00\",\"dateModified\":\"2023-09-12T15:59:40+00:00\",\"mainEntityOfPage\":{\"@id\":\"https:\\\/\\\/interamerica.org\\\/fr\\\/2023\\\/09\\\/en-malaisie-plus-de-1-600-personnes-ont-accepte-la-foi-lors-dune-premiere-serie-a-lechelle-nationale\\\/\"},\"wordCount\":856,\"image\":{\"@id\":\"https:\\\/\\\/interamerica.org\\\/fr\\\/2023\\\/09\\\/en-malaisie-plus-de-1-600-personnes-ont-accepte-la-foi-lors-dune-premiere-serie-a-lechelle-nationale\\\/#primaryimage\"},\"thumbnailUrl\":\"https:\\\/\\\/interamerica.org\\\/wp-content\\\/uploads\\\/2023\\\/09\\\/malaysia-screenshot-2023-09-04-at-5-04-49-pm.png\",\"articleSection\":[\"Nouvelles de l'\u00c9glise mondiale\",\"RSS Fran\u00e7ais\"],\"inLanguage\":\"fr-FR\"},{\"@type\":\"WebPage\",\"@id\":\"https:\\\/\\\/interamerica.org\\\/fr\\\/2023\\\/09\\\/en-malaisie-plus-de-1-600-personnes-ont-accepte-la-foi-lors-dune-premiere-serie-a-lechelle-nationale\\\/\",\"url\":\"https:\\\/\\\/interamerica.org\\\/fr\\\/2023\\\/09\\\/en-malaisie-plus-de-1-600-personnes-ont-accepte-la-foi-lors-dune-premiere-serie-a-lechelle-nationale\\\/\",\"name\":\"En Malaisie, plus de 1 600 personnes ont accept\u00e9 la foi lors d\u2019une premi\u00e8re s\u00e9rie \u00e0 l\u2019\u00e9chelle nationale - \u00c9glise Adventiste Du Septieme Jour - Inter Am\u00e9rique Division\",\"isPartOf\":{\"@id\":\"https:\\\/\\\/interamerica.org\\\/fr\\\/#website\"},\"primaryImageOfPage\":{\"@id\":\"https:\\\/\\\/interamerica.org\\\/fr\\\/2023\\\/09\\\/en-malaisie-plus-de-1-600-personnes-ont-accepte-la-foi-lors-dune-premiere-serie-a-lechelle-nationale\\\/#primaryimage\"},\"image\":{\"@id\":\"https:\\\/\\\/interamerica.org\\\/fr\\\/2023\\\/09\\\/en-malaisie-plus-de-1-600-personnes-ont-accepte-la-foi-lors-dune-premiere-serie-a-lechelle-nationale\\\/#primaryimage\"},\"thumbnailUrl\":\"https:\\\/\\\/interamerica.org\\\/wp-content\\\/uploads\\\/2023\\\/09\\\/malaysia-screenshot-2023-09-04-at-5-04-49-pm.png\",\"datePublished\":\"2023-09-12T14:45:11+00:00\",\"dateModified\":\"2023-09-12T15:59:40+00:00\",\"author\":{\"@id\":\"https:\\\/\\\/interamerica.org\\\/fr\\\/#\\\/schema\\\/person\\\/29998f2bc2d8bd0d38662909289b54f1\"},\"breadcrumb\":{\"@id\":\"https:\\\/\\\/interamerica.org\\\/fr\\\/2023\\\/09\\\/en-malaisie-plus-de-1-600-personnes-ont-accepte-la-foi-lors-dune-premiere-serie-a-lechelle-nationale\\\/#breadcrumb\"},\"inLanguage\":\"fr-FR\",\"potentialAction\":[{\"@type\":\"ReadAction\",\"target\":[\"https:\\\/\\\/interamerica.org\\\/fr\\\/2023\\\/09\\\/en-malaisie-plus-de-1-600-personnes-ont-accepte-la-foi-lors-dune-premiere-serie-a-lechelle-nationale\\\/\"]}]},{\"@type\":\"ImageObject\",\"inLanguage\":\"fr-FR\",\"@id\":\"https:\\\/\\\/interamerica.org\\\/fr\\\/2023\\\/09\\\/en-malaisie-plus-de-1-600-personnes-ont-accepte-la-foi-lors-dune-premiere-serie-a-lechelle-nationale\\\/#primaryimage\",\"url\":\"https:\\\/\\\/interamerica.org\\\/wp-content\\\/uploads\\\/2023\\\/09\\\/malaysia-screenshot-2023-09-04-at-5-04-49-pm.png\",\"contentUrl\":\"https:\\\/\\\/interamerica.org\\\/wp-content\\\/uploads\\\/2023\\\/09\\\/malaysia-screenshot-2023-09-04-at-5-04-49-pm.png\",\"width\":1388,\"height\":600,\"caption\":\"The first nationwide evangelistic series in Malaysia ended with more than 1,600 people baptized, as the initiative prompted church members to get involved in active witnessing and evangelism. [Photo: Malaysia Union Mission Communication]\"},{\"@type\":\"BreadcrumbList\",\"@id\":\"https:\\\/\\\/interamerica.org\\\/fr\\\/2023\\\/09\\\/en-malaisie-plus-de-1-600-personnes-ont-accepte-la-foi-lors-dune-premiere-serie-a-lechelle-nationale\\\/#breadcrumb\",\"itemListElement\":[{\"@type\":\"ListItem\",\"position\":1,\"name\":\"Home\",\"item\":\"https:\\\/\\\/interamerica.org\\\/fr\\\/\"},{\"@type\":\"ListItem\",\"position\":2,\"name\":\"En Malaisie, plus de 1 600 personnes ont accept\u00e9 la foi lors d\u2019une premi\u00e8re s\u00e9rie \u00e0 l\u2019\u00e9chelle nationale\"}]},{\"@type\":\"WebSite\",\"@id\":\"https:\\\/\\\/interamerica.org\\\/fr\\\/#website\",\"url\":\"https:\\\/\\\/interamerica.org\\\/fr\\\/\",\"name\":\"\u00c9glise Adventiste Du Septieme Jour - Inter Am\u00e9rique Division\",\"description\":\"\",\"potentialAction\":[{\"@type\":\"SearchAction\",\"target\":{\"@type\":\"EntryPoint\",\"urlTemplate\":\"https:\\\/\\\/interamerica.org\\\/fr\\\/?s={search_term_string}\"},\"query-input\":{\"@type\":\"PropertyValueSpecification\",\"valueRequired\":true,\"valueName\":\"search_term_string\"}}],\"inLanguage\":\"fr-FR\"},{\"@type\":\"Person\",\"@id\":\"https:\\\/\\\/interamerica.org\\\/fr\\\/#\\\/schema\\\/person\\\/29998f2bc2d8bd0d38662909289b54f1\",\"name\":\"libna\",\"image\":{\"@type\":\"ImageObject\",\"inLanguage\":\"fr-FR\",\"@id\":\"https:\\\/\\\/secure.gravatar.com\\\/avatar\\\/7c5bd30ae4b47a9ba3c856590957fd1d96dc588bf3ac05719d247e126840331f?s=96&d=mm&r=g\",\"url\":\"https:\\\/\\\/secure.gravatar.com\\\/avatar\\\/7c5bd30ae4b47a9ba3c856590957fd1d96dc588bf3ac05719d247e126840331f?s=96&d=mm&r=g\",\"contentUrl\":\"https:\\\/\\\/secure.gravatar.com\\\/avatar\\\/7c5bd30ae4b47a9ba3c856590957fd1d96dc588bf3ac05719d247e126840331f?s=96&d=mm&r=g\",\"caption\":\"libna\"}}]}<\/script>\n<!-- \/ Yoast SEO plugin. -->","yoast_head_json":{"title":"En Malaisie, plus de 1 600 personnes ont accept\u00e9 la foi lors d\u2019une premi\u00e8re s\u00e9rie \u00e0 l\u2019\u00e9chelle nationale - \u00c9glise Adventiste Du Septieme Jour - Inter Am\u00e9rique Division","robots":{"index":"index","follow":"follow","max-snippet":"max-snippet:-1","max-image-preview":"max-image-preview:large","max-video-preview":"max-video-preview:-1"},"canonical":"https:\/\/interamerica.org\/fr\/2023\/09\/en-malaisie-plus-de-1-600-personnes-ont-accepte-la-foi-lors-dune-premiere-serie-a-lechelle-nationale\/","og_locale":"fr_FR","og_type":"article","og_title":"En Malaisie, plus de 1 600 personnes ont accept\u00e9 la foi lors d\u2019une premi\u00e8re s\u00e9rie \u00e0 l\u2019\u00e9chelle nationale - \u00c9glise Adventiste Du Septieme Jour - Inter Am\u00e9rique Division","og_description":"D\u2019apr\u00e8s les dirigeants de l\u2019\u00c9glise adventiste, les membres ont travaill\u00e9 ensemble pour la r\u00e9ussite du projet. Le 12 septembre 2023 | Malaisie | Hazel Wanda Ginajil-Gara pour l\u2019Union de missions...","og_url":"https:\/\/interamerica.org\/fr\/2023\/09\/en-malaisie-plus-de-1-600-personnes-ont-accepte-la-foi-lors-dune-premiere-serie-a-lechelle-nationale\/","og_site_name":"\u00c9glise Adventiste Du Septieme Jour - Inter Am\u00e9rique Division","article_published_time":"2023-09-12T14:45:11+00:00","article_modified_time":"2023-09-12T15:59:40+00:00","og_image":[{"width":1388,"height":600,"url":"https:\/\/interamerica.org\/wp-content\/uploads\/2023\/09\/malaysia-screenshot-2023-09-04-at-5-04-49-pm.png","type":"image\/png"}],"author":"libna","twitter_card":"summary_large_image","twitter_misc":{"\u00c9crit par":"libna","Dur\u00e9e de lecture estim\u00e9e":"4 minutes"},"schema":{"@context":"https:\/\/schema.org","@graph":[{"@type":"Article","@id":"https:\/\/interamerica.org\/fr\/2023\/09\/en-malaisie-plus-de-1-600-personnes-ont-accepte-la-foi-lors-dune-premiere-serie-a-lechelle-nationale\/#article","isPartOf":{"@id":"https:\/\/interamerica.org\/fr\/2023\/09\/en-malaisie-plus-de-1-600-personnes-ont-accepte-la-foi-lors-dune-premiere-serie-a-lechelle-nationale\/"},"author":{"name":"libna","@id":"https:\/\/interamerica.org\/fr\/#\/schema\/person\/29998f2bc2d8bd0d38662909289b54f1"},"headline":"En Malaisie, plus de 1 600 personnes ont accept\u00e9 la foi lors d\u2019une premi\u00e8re s\u00e9rie \u00e0 l\u2019\u00e9chelle nationale","datePublished":"2023-09-12T14:45:11+00:00","dateModified":"2023-09-12T15:59:40+00:00","mainEntityOfPage":{"@id":"https:\/\/interamerica.org\/fr\/2023\/09\/en-malaisie-plus-de-1-600-personnes-ont-accepte-la-foi-lors-dune-premiere-serie-a-lechelle-nationale\/"},"wordCount":856,"image":{"@id":"https:\/\/interamerica.org\/fr\/2023\/09\/en-malaisie-plus-de-1-600-personnes-ont-accepte-la-foi-lors-dune-premiere-serie-a-lechelle-nationale\/#primaryimage"},"thumbnailUrl":"https:\/\/interamerica.org\/wp-content\/uploads\/2023\/09\/malaysia-screenshot-2023-09-04-at-5-04-49-pm.png","articleSection":["Nouvelles de l'\u00c9glise mondiale","RSS Fran\u00e7ais"],"inLanguage":"fr-FR"},{"@type":"WebPage","@id":"https:\/\/interamerica.org\/fr\/2023\/09\/en-malaisie-plus-de-1-600-personnes-ont-accepte-la-foi-lors-dune-premiere-serie-a-lechelle-nationale\/","url":"https:\/\/interamerica.org\/fr\/2023\/09\/en-malaisie-plus-de-1-600-personnes-ont-accepte-la-foi-lors-dune-premiere-serie-a-lechelle-nationale\/","name":"En Malaisie, plus de 1 600 personnes ont accept\u00e9 la foi lors d\u2019une premi\u00e8re s\u00e9rie \u00e0 l\u2019\u00e9chelle nationale - \u00c9glise Adventiste Du Septieme Jour - Inter Am\u00e9rique Division","isPartOf":{"@id":"https:\/\/interamerica.org\/fr\/#website"},"primaryImageOfPage":{"@id":"https:\/\/interamerica.org\/fr\/2023\/09\/en-malaisie-plus-de-1-600-personnes-ont-accepte-la-foi-lors-dune-premiere-serie-a-lechelle-nationale\/#primaryimage"},"image":{"@id":"https:\/\/interamerica.org\/fr\/2023\/09\/en-malaisie-plus-de-1-600-personnes-ont-accepte-la-foi-lors-dune-premiere-serie-a-lechelle-nationale\/#primaryimage"},"thumbnailUrl":"https:\/\/interamerica.org\/wp-content\/uploads\/2023\/09\/malaysia-screenshot-2023-09-04-at-5-04-49-pm.png","datePublished":"2023-09-12T14:45:11+00:00","dateModified":"2023-09-12T15:59:40+00:00","author":{"@id":"https:\/\/interamerica.org\/fr\/#\/schema\/person\/29998f2bc2d8bd0d38662909289b54f1"},"breadcrumb":{"@id":"https:\/\/interamerica.org\/fr\/2023\/09\/en-malaisie-plus-de-1-600-personnes-ont-accepte-la-foi-lors-dune-premiere-serie-a-lechelle-nationale\/#breadcrumb"},"inLanguage":"fr-FR","potentialAction":[{"@type":"ReadAction","target":["https:\/\/interamerica.org\/fr\/2023\/09\/en-malaisie-plus-de-1-600-personnes-ont-accepte-la-foi-lors-dune-premiere-serie-a-lechelle-nationale\/"]}]},{"@type":"ImageObject","inLanguage":"fr-FR","@id":"https:\/\/interamerica.org\/fr\/2023\/09\/en-malaisie-plus-de-1-600-personnes-ont-accepte-la-foi-lors-dune-premiere-serie-a-lechelle-nationale\/#primaryimage","url":"https:\/\/interamerica.org\/wp-content\/uploads\/2023\/09\/malaysia-screenshot-2023-09-04-at-5-04-49-pm.png","contentUrl":"https:\/\/interamerica.org\/wp-content\/uploads\/2023\/09\/malaysia-screenshot-2023-09-04-at-5-04-49-pm.png","width":1388,"height":600,"caption":"The first nationwide evangelistic series in Malaysia ended with more than 1,600 people baptized, as the initiative prompted church members to get involved in active witnessing and evangelism. [Photo: Malaysia Union Mission Communication]"},{"@type":"BreadcrumbList","@id":"https:\/\/interamerica.org\/fr\/2023\/09\/en-malaisie-plus-de-1-600-personnes-ont-accepte-la-foi-lors-dune-premiere-serie-a-lechelle-nationale\/#breadcrumb","itemListElement":[{"@type":"ListItem","position":1,"name":"Home","item":"https:\/\/interamerica.org\/fr\/"},{"@type":"ListItem","position":2,"name":"En Malaisie, plus de 1 600 personnes ont accept\u00e9 la foi lors d\u2019une premi\u00e8re s\u00e9rie \u00e0 l\u2019\u00e9chelle nationale"}]},{"@type":"WebSite","@id":"https:\/\/interamerica.org\/fr\/#website","url":"https:\/\/interamerica.org\/fr\/","name":"\u00c9glise Adventiste Du Septieme Jour - Inter Am\u00e9rique Division","description":"","potentialAction":[{"@type":"SearchAction","target":{"@type":"EntryPoint","urlTemplate":"https:\/\/interamerica.org\/fr\/?s={search_term_string}"},"query-input":{"@type":"PropertyValueSpecification","valueRequired":true,"valueName":"search_term_string"}}],"inLanguage":"fr-FR"},{"@type":"Person","@id":"https:\/\/interamerica.org\/fr\/#\/schema\/person\/29998f2bc2d8bd0d38662909289b54f1","name":"libna","image":{"@type":"ImageObject","inLanguage":"fr-FR","@id":"https:\/\/secure.gravatar.com\/avatar\/7c5bd30ae4b47a9ba3c856590957fd1d96dc588bf3ac05719d247e126840331f?s=96&d=mm&r=g","url":"https:\/\/secure.gravatar.com\/avatar\/7c5bd30ae4b47a9ba3c856590957fd1d96dc588bf3ac05719d247e126840331f?s=96&d=mm&r=g","contentUrl":"https:\/\/secure.gravatar.com\/avatar\/7c5bd30ae4b47a9ba3c856590957fd1d96dc588bf3ac05719d247e126840331f?s=96&d=mm&r=g","caption":"libna"}}]}},"_links":{"self":[{"href":"https:\/\/interamerica.org\/fr\/wp-json\/wp\/v2\/posts\/103249","targetHints":{"allow":["GET"]}}],"collection":[{"href":"https:\/\/interamerica.org\/fr\/wp-json\/wp\/v2\/posts"}],"about":[{"href":"https:\/\/interamerica.org\/fr\/wp-json\/wp\/v2\/types\/post"}],"author":[{"embeddable":true,"href":"https:\/\/interamerica.org\/fr\/wp-json\/wp\/v2\/users\/3"}],"replies":[{"embeddable":true,"href":"https:\/\/interamerica.org\/fr\/wp-json\/wp\/v2\/comments?post=103249"}],"version-history":[{"count":0,"href":"https:\/\/interamerica.org\/fr\/wp-json\/wp\/v2\/posts\/103249\/revisions"}],"wp:featuredmedia":[{"embeddable":true,"href":"https:\/\/interamerica.org\/fr\/wp-json\/wp\/v2\/media\/103215"}],"wp:attachment":[{"href":"https:\/\/interamerica.org\/fr\/wp-json\/wp\/v2\/media?parent=103249"}],"wp:term":[{"taxonomy":"category","embeddable":true,"href":"https:\/\/interamerica.org\/fr\/wp-json\/wp\/v2\/categories?post=103249"},{"taxonomy":"post_tag","embeddable":true,"href":"https:\/\/interamerica.org\/fr\/wp-json\/wp\/v2\/tags?post=103249"}],"curies":[{"name":"wp","href":"https:\/\/api.w.org\/{rel}","templated":true}]}}