{"id":103284,"date":"2023-09-10T19:21:52","date_gmt":"2023-09-10T23:21:52","guid":{"rendered":"https:\/\/interamerica.org\/?p=103284"},"modified":"2023-09-13T09:55:34","modified_gmt":"2023-09-13T13:55:34","slug":"un-historien-retrace-la-passion-des-adventistes-pour-la-liberte-religieuse","status":"publish","type":"post","link":"https:\/\/interamerica.org\/fr\/2023\/09\/un-historien-retrace-la-passion-des-adventistes-pour-la-liberte-religieuse\/","title":{"rendered":"Un historien retrace la passion des Adventistes pour la libert\u00e9 religieuse"},"content":{"rendered":"<h4>Lors du congr\u00e8s mondial de l\u2019IRLA, David Trim pr\u00e9sente le contexte dans lequel ont eu lieu les initiatives de l\u2019organisation.<\/h4>\n<p>10 Septembre 2023 | Silver Spring, Maryland | Marcos Paseggi, Adventist Review<\/p>\n<p>Devrions-nous lutter pour le droit d\u2019\u00eatre libres d\u2019adorer Dieu selon notre conscience ? Ou, \u00e9tant donn\u00e9 que nous voulons que J\u00e9sus vienne, devrions-nous faire en sorte qu\u2019arrive une loi nationale du dimanche afin de d\u00e9clencher les \u00e9v\u00e9nements de la fin sur la terre et la seconde venue du Christ ?<\/p>\n<p>Ce sont l\u00e0 quelques-unes des questions que se posaient souvent les pionniers et les membres adventistes du septi\u00e8me jour de la seconde moiti\u00e9 du 19\u00e8me si\u00e8cle. Finalement, la r\u00e9ponse \u00e0 ces questions a fa\u00e7onn\u00e9 et \u00e9clair\u00e9 l\u2019engagement de longue date de l\u2019\u00c9glise dans les d\u00e9marches visant \u00e0 d\u00e9fendre la libert\u00e9 de conscience, a d\u00e9clar\u00e9 l\u2019historien adventiste David Trim lors de sa pr\u00e9sentation faite au 9\u00e8me Congr\u00e8s Mondial de l\u2019Association Internationale pour la Libert\u00e9 Religieuse (IRLA) \u00e0 Silver Spring, dans le Maryland, aux \u00c9tats-Unis, le 22 ao\u00fbt.<\/p>\n<p>David Trim, directeur du bureau des Archives, des Statistiques et de la Recherche de la Conf\u00e9rence G\u00e9n\u00e9rale des adventistes du septi\u00e8me jour, a parl\u00e9 aux d\u00e9fenseurs de la libert\u00e9 religieuse des initiatives prises en mati\u00e8re de d\u00e9fense de la libert\u00e9 religieuse par les pionniers adventistes, qui ont abouti en 1893 au lancement de l\u2019IRLA. \u00ab Cela vaut la peine d\u2019explorer cette histoire, \u00bb a d\u00e9clar\u00e9 David Trim, \u00ab pour comprendre l\u2019ADN de l\u2019IRLA. \u00bb<\/p>\n<p><div id=\"attachment_103175\" style=\"width: 814px\" class=\"wp-caption aligncenter\"><img fetchpriority=\"high\" decoding=\"async\" aria-describedby=\"caption-attachment-103175\" class=\" wp-image-103174\" src=\"https:\/\/interamerica.org\/wp-content\/uploads\/2023\/09\/irla-historian-traces-dsc-1359.jpeg\" alt=\"\" width=\"804\" height=\"536\" srcset=\"https:\/\/interamerica.org\/wp-content\/uploads\/2023\/09\/irla-historian-traces-dsc-1359.jpeg 1000w, https:\/\/interamerica.org\/wp-content\/uploads\/2023\/09\/irla-historian-traces-dsc-1359-300x200.jpeg 300w, https:\/\/interamerica.org\/wp-content\/uploads\/2023\/09\/irla-historian-traces-dsc-1359-768x512.jpeg 768w\" sizes=\"(max-width: 804px) 100vw, 804px\" \/><p id=\"caption-attachment-103175\" class=\"wp-caption-text\">David Trim fait une pr\u00e9sentation sur l\u2019histoire de l\u2019Association Internationale pour la Libert\u00e9 Religieuse lors de son 9\u00e8me Congr\u00e8s Mondial le 22 ao\u00fbt. [Photo : Marcos Paseggi, Adventist Review]<\/p><\/div><strong>Provoquer de force les \u00e9v\u00e9nements de la fin des temps ?<\/strong><\/p>\n<p>David Trim a d\u2019abord discut\u00e9 des pens\u00e9es souvent ambivalentes qui circulaient parmi les premiers dirigeants et membres de l\u2019\u00e9glise adventiste concernant la question de la libert\u00e9 religieuse. Les adventistes devraient-ils s\u2019impliquer ou simplement laisser les \u00e9v\u00e9nements se d\u00e9rouler comme ils pensaient que les proph\u00e9ties bibliques les avaient pr\u00e9dits ? Il a r\u00e9pondu en citant l\u2019ancien secr\u00e9taire g\u00e9n\u00e9ral de l\u2019IRLA, John Graz, qui, dans l\u2019Encyclop\u00e9die des Adventistes du septi\u00e8me jour, a \u00e9crit que \u00ab la jeune \u00c9glise adventiste du septi\u00e8me jour, malgr\u00e9 sa vision apocalyptique de l\u2019avenir, a d\u00e9cid\u00e9 de s\u2019opposer fermement \u00e0 toute l\u00e9gislation favorisant un jour de repos religieux. \u00bb<\/p>\n<p>Selon David Trim, la tension \u00e0 laquelle John Graz fait allusion \u00e9tait \u00ab entre le sch\u00e9ma proph\u00e9tique institutionnel adventiste du septi\u00e8me jour, dans lequel l\u2019application d\u2019une loi du dimanche par les \u00c9tats-Unis serait l\u2019un des marqueurs du sc\u00e9nario eschatologique final, et la n\u00e9cessit\u00e9, d\u2019autre part, pour les adventistes du septi\u00e8me jour de ne pas avoir de lois du dimanche dans le cadre de leur vie normale. \u00bb<\/p>\n<p>Certains pionniers pensaient que les adventistes devraient, par provocation, introduire une loi nationale sur le dimanche. Cela \u00ab obligerait fondamentalement le Christ \u00e0 inaugurer le mill\u00e9nium par son second av\u00e8nement, \u00bb a expliqu\u00e9 David Trim, ajoutant : \u00ab C\u2019\u00e9tait l\u2019une des id\u00e9es extr\u00eames que les adventistes du septi\u00e8me jour, dans leur ensemble, n\u2019ont jamais accept\u00e9es\u2026. L\u2019id\u00e9e selon laquelle on pouvait contraindre le Christ \u00e0 agir \u00e9tait, pour le moins, idiosyncrasique. \u00bb<\/p>\n<p><div id=\"attachment_103181\" style=\"width: 898px\" class=\"wp-caption aligncenter\"><img decoding=\"async\" aria-describedby=\"caption-attachment-103181\" class=\" wp-image-103180\" src=\"https:\/\/interamerica.org\/wp-content\/uploads\/2023\/09\/irla-traces2dsc-1346.jpeg\" alt=\"\" width=\"888\" height=\"592\" srcset=\"https:\/\/interamerica.org\/wp-content\/uploads\/2023\/09\/irla-traces2dsc-1346.jpeg 1000w, https:\/\/interamerica.org\/wp-content\/uploads\/2023\/09\/irla-traces2dsc-1346-300x200.jpeg 300w, https:\/\/interamerica.org\/wp-content\/uploads\/2023\/09\/irla-traces2dsc-1346-768x512.jpeg 768w\" sizes=\"(max-width: 888px) 100vw, 888px\" \/><p id=\"caption-attachment-103181\" class=\"wp-caption-text\">Jennifer Woods, directrice des affaires publiques et de la libert\u00e9 religieuse pour l\u2019Union de F\u00e9d\u00e9rations du Lac dans la Division Nord-Am\u00e9ricaine de l\u2019\u00c9glise adventiste du septi\u00e8me jour, accueille les participants et pr\u00e9sente l\u2019orateur le 22 ao\u00fbt. [Photo : Marcos Paseggi, Adventist Review]<\/p><\/div><strong>Effet de la l\u00e9gislation sur le dimanche<\/strong><\/p>\n<p>Dans le m\u00eame temps, les premiers adventistes avaient des consid\u00e9rations plus pratiques lorsqu\u2019ils \u00e9taient confront\u00e9s \u00e0 la sanction des lois locales et des lois des \u00e9tats sur le dimanche, a d\u00e9clar\u00e9 David Trim. \u00ab La plupart des adventistes du septi\u00e8me jour vivaient dans des zones rurales et, en ne travaillant pas dans leurs fermes le samedi, il leur \u00e9tait devenu essentiel de travailler dans leurs fermes le dimanche, \u00bb a-t-il dit. Vers la fin du 19\u00e8me si\u00e8cle, \u00ab alors que dans de nombreux cas, les lois du dimanche n\u2019\u00e9taient pas appliqu\u00e9es, dans bien d\u2019autres elles l\u2019\u00e9taient. \u00bb<\/p>\n<p>David Trim a expliqu\u00e9 que dans plusieurs cas, des adventistes ont \u00e9t\u00e9 condamn\u00e9s \u00e0 des amendes et ont \u00e9t\u00e9s mis en prison en raison de ces lois du dimanche, et dans un cas, un homme adventiste du septi\u00e8me jour est m\u00eame mort en prison apr\u00e8s avoir \u00e9t\u00e9 d\u00e9tenu dans des conditions tr\u00e8s dures. \u00ab Ainsi, il y avait une incitation naturelle pour les adventistes du septi\u00e8me jour \u00e0 devenir des d\u00e9fenseurs de la libert\u00e9 religieuse, \u00bb a indiqu\u00e9 David Trim, et c\u2019est ce qu\u2019ils ont fait.<\/p>\n<p>David Trim a racont\u00e9 comment, dans les ann\u00e9es 1880, une premi\u00e8re campagne visant \u00e0 ce que le Congr\u00e8s am\u00e9ricain adopte une loi nationale invitant \u00e0 garder le dimanche comme jour sacr\u00e9 s\u2019est heurt\u00e9e \u00e0 des efforts concrets visant \u00e0 se d\u00e9fendre contre le projet de loi, men\u00e9s par le pionnier adventiste Alonzo T. Jones et d\u2019autres. \u00ab Malgr\u00e9 le sc\u00e9nario apocalyptique adventiste, les adventistes ont d\u00e9cid\u00e9 de s\u2019opposer \u00e0 la loi nationale du dimanche, \u00bb a d\u00e9clar\u00e9 David Trim. En 1888, Alonzo Jones a t\u00e9moign\u00e9 devant le Comit\u00e9 du s\u00e9nat am\u00e9ricain sur l\u2019\u00c9ducation et le Travail. Finalement, cette loi n\u2019a jamais \u00e9t\u00e9 adopt\u00e9e.<\/p>\n<p><div id=\"attachment_103184\" style=\"width: 869px\" class=\"wp-caption aligncenter\"><img decoding=\"async\" aria-describedby=\"caption-attachment-103184\" class=\" wp-image-103183\" src=\"https:\/\/interamerica.org\/wp-content\/uploads\/2023\/09\/irla-traces3-dsc-0047.jpeg\" alt=\"\" width=\"859\" height=\"573\" srcset=\"https:\/\/interamerica.org\/wp-content\/uploads\/2023\/09\/irla-traces3-dsc-0047.jpeg 1000w, https:\/\/interamerica.org\/wp-content\/uploads\/2023\/09\/irla-traces3-dsc-0047-300x200.jpeg 300w, https:\/\/interamerica.org\/wp-content\/uploads\/2023\/09\/irla-traces3-dsc-0047-768x512.jpeg 768w\" sizes=\"(max-width: 859px) 100vw, 859px\" \/><p id=\"caption-attachment-103184\" class=\"wp-caption-text\">Une d\u00e9l\u00e9gation de dirigeants religieux et de d\u00e9fenseurs de la libert\u00e9 religieuse de la Division de l\u2019Afrique du Centre-Ouest de l\u2019\u00c9glise Adventiste du Septi\u00e8me jour, bas\u00e9e en C\u00f4te d\u2019Ivoire, prend une photo de groupe pendant une pause lors du 9\u00e8me Congr\u00e8s Mondial de l\u2019IRLA. [Photo : Marcos Paseggi, Adventist Review]<\/p><\/div><strong>L&rsquo;IRLA est n\u00e9e<\/strong><\/p>\n<p>C\u2019est dans ce contexte que l\u2019IRLA a \u00e9t\u00e9 fond\u00e9e en 1893, a rappel\u00e9 David Trim aux participants au programme. Dans sa \u00ab D\u00e9claration de Principes \u00bb de mars 1893, les membres de l\u2019IRLA ont d\u00e9clar\u00e9 : \u00ab Nous croyons qu\u2019il faut soutenir le gouvernement civil et nous soumettre \u00e0 son autorit\u00e9, \u00bb mais en m\u00eame temps, \u00ab nous refusons le droit \u00e0 tout gouvernement civil de l\u00e9gif\u00e9rer sur les questions religieuses. \u00bb Le document ajoutait, entre autres stipulations : \u00ab Nous pensons qu\u2019il est juste, et que cela devrait \u00eatre le privil\u00e8ge de chaque homme, d\u2019adorer selon les diktats de sa propre conscience. \u00bb<\/p>\n<p>Apr\u00e8s l\u2019organisation de l\u2019IRLA, son action est devenue internationale ; en effet elle a ouvert des bureaux sur plusieurs continents et a lanc\u00e9 en 1906 le magazine Liberty, qui est toujours publi\u00e9.<\/p>\n<p>David Trim a \u00e9galement discut\u00e9 du r\u00f4le d\u2019autres acteurs adventistes cl\u00e9s dans l\u2019histoire et le d\u00e9veloppement de l\u2019IRLA, notamment celui de Charles Longacre et Jean Nussbaum, qui ont t\u00e9moign\u00e9 devant la Soci\u00e9t\u00e9 des Nations \u00e0 Gen\u00e8ve dans les ann\u00e9es 1930 pour s\u2019opposer \u00e0 un calendrier et \u00e0 un plan de treize mois qui auraient affect\u00e9 les jours de la semaine.<\/p>\n<p><strong>Extension de sa port\u00e9e <\/strong><\/p>\n<p>Parmi les autres \u00e9volutions, il y a eu la constitution l\u00e9gale de l\u2019IRLA en 1946, qui a \u00e9tendu la port\u00e9e de l\u2019organisation au-del\u00e0 de tout niveau confessionnel, a dit David Trim. \u00ab Suite \u00e0 cette strat\u00e9gie, l\u2019IRLA a activement int\u00e9ress\u00e9\u2026 tous ceux qui partageaient son point de vue et sa philosophie sur la libert\u00e9 religieuse pour tous et la s\u00e9paration de l\u2019\u00e9glise et de l\u2019\u00e9tat, \u00bb a-t-il indiqu\u00e9.<\/p>\n<p>L\u2019IRLA a \u00e9t\u00e9 tr\u00e8s active dans les ann\u00e9es 1950 et 1960, a dit David Trim. Il a sp\u00e9cifiquement fait r\u00e9f\u00e9rence \u00e0 une r\u00e9union de 1958 avec le pr\u00e9sident de l\u2019Assembl\u00e9e G\u00e9n\u00e9rale des Nations Unies. Le premier congr\u00e8s de l\u2019IRLA s\u2019est d\u00e9roul\u00e9 \u00e0 Amsterdam, aux Pays-Bas, en mars 1977. David Trim a encore cit\u00e9 John Graz, qui a \u00e9crit qu\u2019apr\u00e8s ce premier congr\u00e8s, \u00ab l\u2019IRLA a \u00e9t\u00e9 r\u00e9activ\u00e9e et, au cours des d\u00e9cennies qui ont suivi, une nouvelle p\u00e9riode d\u2019activit\u00e9s a commenc\u00e9. Une s\u00e9rie d\u2019\u00e9v\u00e9nements publics ont fait de l\u2019IRLA l\u2019une des principales associations internationales pour la libert\u00e9 religieuse. \u00bb<\/p>\n<p>D\u2019apr\u00e8s David Trim, la revitalisation de l\u2019organisation a \u00e9t\u00e9 soutenue par les 35 ann\u00e9es de leadership de Bert B. Beach, \u00e9lu secr\u00e9taire g\u00e9n\u00e9ral de l\u2019IRLA en 1980, et de John Graz, secr\u00e9taire g\u00e9n\u00e9ral de l\u2019IRLA entre 1995 et 2015. \u00ab \u00c0 partir de 1977, les congr\u00e8s r\u00e9gionaux de l\u2019IRLA ont \u00e9t\u00e9 organis\u00e9s sur les cinq continents, [et] plus de 40 congr\u00e8s et symposiums internationaux ont eu lieu entre 1996 et 2015, \u00bb a indiqu\u00e9 David Trim.<\/p>\n<p>En 1999, l\u2019IRLA a cr\u00e9\u00e9 son Conseil d\u2019Experts qui, selon David Trim, est devenu un groupe de r\u00e9flexion majeur sur la libert\u00e9 religieuse et dont l\u2019influence transcende l\u2019\u00c9glise adventiste. Le Conseil d\u2019Experts a pr\u00e9par\u00e9 plusieurs d\u00e9clarations internationales et des principes directeurs majeurs sur la libert\u00e9 religieuse, le pros\u00e9lytisme et l\u2019\u00e9ducation.<\/p>\n<p><strong>Une passion de 130 ans<\/strong><\/p>\n<p>David Trim a conclu en soulignant qu\u2019au cours des 130 ann\u00e9es d\u2019existence de l\u2019IRLA, l\u2019organisation a d\u00e9montr\u00e9 une passion pour la libert\u00e9 de religion et de croyance. Bien qu\u2019elle soit n\u00e9e de l\u2019activisme au sein de l\u2019\u00c9glise adventiste, a-t-il ajout\u00e9, \u00ab l\u2019organisation a depuis longtemps \u00e9tendu sa port\u00e9e au-del\u00e0 de la d\u00e9nomination qui lui a donn\u00e9 naissance, et lutte pour la libert\u00e9 de religion et de croyance pour les personnes de toutes confessions et ceux qui sont sans aucune affiliation religieuse. \u00bb<\/p>\n<p>Dans ce contexte, a-t-il d\u00e9clar\u00e9, \u00ab alors que de nouveaux d\u00e9fis apparaissent pour la libert\u00e9 religieuse, on aura encore besoin de l\u2019IRLA. \u00bb<\/p>\n<p>Traduction: Patrick Luciathe<\/p>\n","protected":false},"excerpt":{"rendered":"<p>Lors du congr\u00e8s mondial de l\u2019IRLA, David Trim pr\u00e9sente le contexte dans lequel ont eu lieu les initiatives de l\u2019organisation. 10 Septembre 2023 | Silver Spring, Maryland | Marcos Paseggi,&#8230;<\/p>\n","protected":false},"author":3,"featured_media":103175,"comment_status":"closed","ping_status":"closed","sticky":false,"template":"","format":"standard","meta":{"_acf_changed":false,"footnotes":""},"categories":[18,19],"tags":[],"class_list":["post-103284","post","type-post","status-publish","format-standard","has-post-thumbnail","hentry","category-nouvelles-de-leglise-mondiale","category-rss-francais"],"acf":[],"yoast_head":"<!-- This site is optimized with the Yoast SEO plugin v27.3 - https:\/\/yoast.com\/product\/yoast-seo-wordpress\/ -->\n<title>Un historien retrace la passion des Adventistes pour la libert\u00e9 religieuse - \u00c9glise Adventiste Du Septieme Jour - Inter Am\u00e9rique Division<\/title>\n<meta name=\"robots\" content=\"index, follow, max-snippet:-1, max-image-preview:large, max-video-preview:-1\" \/>\n<link rel=\"canonical\" href=\"https:\/\/interamerica.org\/fr\/2023\/09\/un-historien-retrace-la-passion-des-adventistes-pour-la-liberte-religieuse\/\" \/>\n<meta property=\"og:locale\" content=\"fr_FR\" \/>\n<meta property=\"og:type\" content=\"article\" \/>\n<meta property=\"og:title\" content=\"Un historien retrace la passion des Adventistes pour la libert\u00e9 religieuse - \u00c9glise Adventiste Du Septieme Jour - Inter Am\u00e9rique Division\" \/>\n<meta property=\"og:description\" content=\"Lors du congr\u00e8s mondial de l\u2019IRLA, David Trim pr\u00e9sente le contexte dans lequel ont eu lieu les initiatives de l\u2019organisation. 10 Septembre 2023 | Silver Spring, Maryland | Marcos Paseggi,...\" \/>\n<meta property=\"og:url\" content=\"https:\/\/interamerica.org\/fr\/2023\/09\/un-historien-retrace-la-passion-des-adventistes-pour-la-liberte-religieuse\/\" \/>\n<meta property=\"og:site_name\" content=\"\u00c9glise Adventiste Du Septieme Jour - Inter Am\u00e9rique Division\" \/>\n<meta property=\"article:published_time\" content=\"2023-09-10T23:21:52+00:00\" \/>\n<meta property=\"article:modified_time\" content=\"2023-09-13T13:55:34+00:00\" \/>\n<meta property=\"og:image\" content=\"https:\/\/interamerica.org\/wp-content\/uploads\/2023\/09\/irla-historian-traces-dsc-1359.jpeg\" \/>\n\t<meta property=\"og:image:width\" content=\"1000\" \/>\n\t<meta property=\"og:image:height\" content=\"667\" \/>\n\t<meta property=\"og:image:type\" content=\"image\/jpeg\" \/>\n<meta name=\"author\" content=\"libna\" \/>\n<meta name=\"twitter:card\" content=\"summary_large_image\" \/>\n<meta name=\"twitter:label1\" content=\"\u00c9crit par\" \/>\n\t<meta name=\"twitter:data1\" content=\"libna\" \/>\n\t<meta name=\"twitter:label2\" content=\"Dur\u00e9e de lecture estim\u00e9e\" \/>\n\t<meta name=\"twitter:data2\" content=\"8 minutes\" \/>\n<script type=\"application\/ld+json\" class=\"yoast-schema-graph\">{\"@context\":\"https:\\\/\\\/schema.org\",\"@graph\":[{\"@type\":\"Article\",\"@id\":\"https:\\\/\\\/interamerica.org\\\/fr\\\/2023\\\/09\\\/un-historien-retrace-la-passion-des-adventistes-pour-la-liberte-religieuse\\\/#article\",\"isPartOf\":{\"@id\":\"https:\\\/\\\/interamerica.org\\\/fr\\\/2023\\\/09\\\/un-historien-retrace-la-passion-des-adventistes-pour-la-liberte-religieuse\\\/\"},\"author\":{\"name\":\"libna\",\"@id\":\"https:\\\/\\\/interamerica.org\\\/fr\\\/#\\\/schema\\\/person\\\/29998f2bc2d8bd0d38662909289b54f1\"},\"headline\":\"Un historien retrace la passion des Adventistes pour la libert\u00e9 religieuse\",\"datePublished\":\"2023-09-10T23:21:52+00:00\",\"dateModified\":\"2023-09-13T13:55:34+00:00\",\"mainEntityOfPage\":{\"@id\":\"https:\\\/\\\/interamerica.org\\\/fr\\\/2023\\\/09\\\/un-historien-retrace-la-passion-des-adventistes-pour-la-liberte-religieuse\\\/\"},\"wordCount\":1705,\"image\":{\"@id\":\"https:\\\/\\\/interamerica.org\\\/fr\\\/2023\\\/09\\\/un-historien-retrace-la-passion-des-adventistes-pour-la-liberte-religieuse\\\/#primaryimage\"},\"thumbnailUrl\":\"https:\\\/\\\/interamerica.org\\\/wp-content\\\/uploads\\\/2023\\\/09\\\/irla-historian-traces-dsc-1359.jpeg\",\"articleSection\":[\"Nouvelles de l'\u00c9glise mondiale\",\"RSS Fran\u00e7ais\"],\"inLanguage\":\"fr-FR\"},{\"@type\":\"WebPage\",\"@id\":\"https:\\\/\\\/interamerica.org\\\/fr\\\/2023\\\/09\\\/un-historien-retrace-la-passion-des-adventistes-pour-la-liberte-religieuse\\\/\",\"url\":\"https:\\\/\\\/interamerica.org\\\/fr\\\/2023\\\/09\\\/un-historien-retrace-la-passion-des-adventistes-pour-la-liberte-religieuse\\\/\",\"name\":\"Un historien retrace la passion des Adventistes pour la libert\u00e9 religieuse - \u00c9glise Adventiste Du Septieme Jour - Inter Am\u00e9rique Division\",\"isPartOf\":{\"@id\":\"https:\\\/\\\/interamerica.org\\\/fr\\\/#website\"},\"primaryImageOfPage\":{\"@id\":\"https:\\\/\\\/interamerica.org\\\/fr\\\/2023\\\/09\\\/un-historien-retrace-la-passion-des-adventistes-pour-la-liberte-religieuse\\\/#primaryimage\"},\"image\":{\"@id\":\"https:\\\/\\\/interamerica.org\\\/fr\\\/2023\\\/09\\\/un-historien-retrace-la-passion-des-adventistes-pour-la-liberte-religieuse\\\/#primaryimage\"},\"thumbnailUrl\":\"https:\\\/\\\/interamerica.org\\\/wp-content\\\/uploads\\\/2023\\\/09\\\/irla-historian-traces-dsc-1359.jpeg\",\"datePublished\":\"2023-09-10T23:21:52+00:00\",\"dateModified\":\"2023-09-13T13:55:34+00:00\",\"author\":{\"@id\":\"https:\\\/\\\/interamerica.org\\\/fr\\\/#\\\/schema\\\/person\\\/29998f2bc2d8bd0d38662909289b54f1\"},\"breadcrumb\":{\"@id\":\"https:\\\/\\\/interamerica.org\\\/fr\\\/2023\\\/09\\\/un-historien-retrace-la-passion-des-adventistes-pour-la-liberte-religieuse\\\/#breadcrumb\"},\"inLanguage\":\"fr-FR\",\"potentialAction\":[{\"@type\":\"ReadAction\",\"target\":[\"https:\\\/\\\/interamerica.org\\\/fr\\\/2023\\\/09\\\/un-historien-retrace-la-passion-des-adventistes-pour-la-liberte-religieuse\\\/\"]}]},{\"@type\":\"ImageObject\",\"inLanguage\":\"fr-FR\",\"@id\":\"https:\\\/\\\/interamerica.org\\\/fr\\\/2023\\\/09\\\/un-historien-retrace-la-passion-des-adventistes-pour-la-liberte-religieuse\\\/#primaryimage\",\"url\":\"https:\\\/\\\/interamerica.org\\\/wp-content\\\/uploads\\\/2023\\\/09\\\/irla-historian-traces-dsc-1359.jpeg\",\"contentUrl\":\"https:\\\/\\\/interamerica.org\\\/wp-content\\\/uploads\\\/2023\\\/09\\\/irla-historian-traces-dsc-1359.jpeg\",\"width\":1000,\"height\":667,\"caption\":\"David Trim presents on the history of the International Religious Liberty Association at its 9th World Congress on August 22. [Photo: Marcos Paseggi, Adventist Review]\"},{\"@type\":\"BreadcrumbList\",\"@id\":\"https:\\\/\\\/interamerica.org\\\/fr\\\/2023\\\/09\\\/un-historien-retrace-la-passion-des-adventistes-pour-la-liberte-religieuse\\\/#breadcrumb\",\"itemListElement\":[{\"@type\":\"ListItem\",\"position\":1,\"name\":\"Home\",\"item\":\"https:\\\/\\\/interamerica.org\\\/fr\\\/\"},{\"@type\":\"ListItem\",\"position\":2,\"name\":\"Un historien retrace la passion des Adventistes pour la libert\u00e9 religieuse\"}]},{\"@type\":\"WebSite\",\"@id\":\"https:\\\/\\\/interamerica.org\\\/fr\\\/#website\",\"url\":\"https:\\\/\\\/interamerica.org\\\/fr\\\/\",\"name\":\"\u00c9glise Adventiste Du Septieme Jour - Inter Am\u00e9rique Division\",\"description\":\"\",\"potentialAction\":[{\"@type\":\"SearchAction\",\"target\":{\"@type\":\"EntryPoint\",\"urlTemplate\":\"https:\\\/\\\/interamerica.org\\\/fr\\\/?s={search_term_string}\"},\"query-input\":{\"@type\":\"PropertyValueSpecification\",\"valueRequired\":true,\"valueName\":\"search_term_string\"}}],\"inLanguage\":\"fr-FR\"},{\"@type\":\"Person\",\"@id\":\"https:\\\/\\\/interamerica.org\\\/fr\\\/#\\\/schema\\\/person\\\/29998f2bc2d8bd0d38662909289b54f1\",\"name\":\"libna\",\"image\":{\"@type\":\"ImageObject\",\"inLanguage\":\"fr-FR\",\"@id\":\"https:\\\/\\\/secure.gravatar.com\\\/avatar\\\/7c5bd30ae4b47a9ba3c856590957fd1d96dc588bf3ac05719d247e126840331f?s=96&d=mm&r=g\",\"url\":\"https:\\\/\\\/secure.gravatar.com\\\/avatar\\\/7c5bd30ae4b47a9ba3c856590957fd1d96dc588bf3ac05719d247e126840331f?s=96&d=mm&r=g\",\"contentUrl\":\"https:\\\/\\\/secure.gravatar.com\\\/avatar\\\/7c5bd30ae4b47a9ba3c856590957fd1d96dc588bf3ac05719d247e126840331f?s=96&d=mm&r=g\",\"caption\":\"libna\"}}]}<\/script>\n<!-- \/ Yoast SEO plugin. -->","yoast_head_json":{"title":"Un historien retrace la passion des Adventistes pour la libert\u00e9 religieuse - \u00c9glise Adventiste Du Septieme Jour - Inter Am\u00e9rique Division","robots":{"index":"index","follow":"follow","max-snippet":"max-snippet:-1","max-image-preview":"max-image-preview:large","max-video-preview":"max-video-preview:-1"},"canonical":"https:\/\/interamerica.org\/fr\/2023\/09\/un-historien-retrace-la-passion-des-adventistes-pour-la-liberte-religieuse\/","og_locale":"fr_FR","og_type":"article","og_title":"Un historien retrace la passion des Adventistes pour la libert\u00e9 religieuse - \u00c9glise Adventiste Du Septieme Jour - Inter Am\u00e9rique Division","og_description":"Lors du congr\u00e8s mondial de l\u2019IRLA, David Trim pr\u00e9sente le contexte dans lequel ont eu lieu les initiatives de l\u2019organisation. 10 Septembre 2023 | Silver Spring, Maryland | Marcos Paseggi,...","og_url":"https:\/\/interamerica.org\/fr\/2023\/09\/un-historien-retrace-la-passion-des-adventistes-pour-la-liberte-religieuse\/","og_site_name":"\u00c9glise Adventiste Du Septieme Jour - Inter Am\u00e9rique Division","article_published_time":"2023-09-10T23:21:52+00:00","article_modified_time":"2023-09-13T13:55:34+00:00","og_image":[{"width":1000,"height":667,"url":"https:\/\/interamerica.org\/wp-content\/uploads\/2023\/09\/irla-historian-traces-dsc-1359.jpeg","type":"image\/jpeg"}],"author":"libna","twitter_card":"summary_large_image","twitter_misc":{"\u00c9crit par":"libna","Dur\u00e9e de lecture estim\u00e9e":"8 minutes"},"schema":{"@context":"https:\/\/schema.org","@graph":[{"@type":"Article","@id":"https:\/\/interamerica.org\/fr\/2023\/09\/un-historien-retrace-la-passion-des-adventistes-pour-la-liberte-religieuse\/#article","isPartOf":{"@id":"https:\/\/interamerica.org\/fr\/2023\/09\/un-historien-retrace-la-passion-des-adventistes-pour-la-liberte-religieuse\/"},"author":{"name":"libna","@id":"https:\/\/interamerica.org\/fr\/#\/schema\/person\/29998f2bc2d8bd0d38662909289b54f1"},"headline":"Un historien retrace la passion des Adventistes pour la libert\u00e9 religieuse","datePublished":"2023-09-10T23:21:52+00:00","dateModified":"2023-09-13T13:55:34+00:00","mainEntityOfPage":{"@id":"https:\/\/interamerica.org\/fr\/2023\/09\/un-historien-retrace-la-passion-des-adventistes-pour-la-liberte-religieuse\/"},"wordCount":1705,"image":{"@id":"https:\/\/interamerica.org\/fr\/2023\/09\/un-historien-retrace-la-passion-des-adventistes-pour-la-liberte-religieuse\/#primaryimage"},"thumbnailUrl":"https:\/\/interamerica.org\/wp-content\/uploads\/2023\/09\/irla-historian-traces-dsc-1359.jpeg","articleSection":["Nouvelles de l'\u00c9glise mondiale","RSS Fran\u00e7ais"],"inLanguage":"fr-FR"},{"@type":"WebPage","@id":"https:\/\/interamerica.org\/fr\/2023\/09\/un-historien-retrace-la-passion-des-adventistes-pour-la-liberte-religieuse\/","url":"https:\/\/interamerica.org\/fr\/2023\/09\/un-historien-retrace-la-passion-des-adventistes-pour-la-liberte-religieuse\/","name":"Un historien retrace la passion des Adventistes pour la libert\u00e9 religieuse - \u00c9glise Adventiste Du Septieme Jour - Inter Am\u00e9rique Division","isPartOf":{"@id":"https:\/\/interamerica.org\/fr\/#website"},"primaryImageOfPage":{"@id":"https:\/\/interamerica.org\/fr\/2023\/09\/un-historien-retrace-la-passion-des-adventistes-pour-la-liberte-religieuse\/#primaryimage"},"image":{"@id":"https:\/\/interamerica.org\/fr\/2023\/09\/un-historien-retrace-la-passion-des-adventistes-pour-la-liberte-religieuse\/#primaryimage"},"thumbnailUrl":"https:\/\/interamerica.org\/wp-content\/uploads\/2023\/09\/irla-historian-traces-dsc-1359.jpeg","datePublished":"2023-09-10T23:21:52+00:00","dateModified":"2023-09-13T13:55:34+00:00","author":{"@id":"https:\/\/interamerica.org\/fr\/#\/schema\/person\/29998f2bc2d8bd0d38662909289b54f1"},"breadcrumb":{"@id":"https:\/\/interamerica.org\/fr\/2023\/09\/un-historien-retrace-la-passion-des-adventistes-pour-la-liberte-religieuse\/#breadcrumb"},"inLanguage":"fr-FR","potentialAction":[{"@type":"ReadAction","target":["https:\/\/interamerica.org\/fr\/2023\/09\/un-historien-retrace-la-passion-des-adventistes-pour-la-liberte-religieuse\/"]}]},{"@type":"ImageObject","inLanguage":"fr-FR","@id":"https:\/\/interamerica.org\/fr\/2023\/09\/un-historien-retrace-la-passion-des-adventistes-pour-la-liberte-religieuse\/#primaryimage","url":"https:\/\/interamerica.org\/wp-content\/uploads\/2023\/09\/irla-historian-traces-dsc-1359.jpeg","contentUrl":"https:\/\/interamerica.org\/wp-content\/uploads\/2023\/09\/irla-historian-traces-dsc-1359.jpeg","width":1000,"height":667,"caption":"David Trim presents on the history of the International Religious Liberty Association at its 9th World Congress on August 22. [Photo: Marcos Paseggi, Adventist Review]"},{"@type":"BreadcrumbList","@id":"https:\/\/interamerica.org\/fr\/2023\/09\/un-historien-retrace-la-passion-des-adventistes-pour-la-liberte-religieuse\/#breadcrumb","itemListElement":[{"@type":"ListItem","position":1,"name":"Home","item":"https:\/\/interamerica.org\/fr\/"},{"@type":"ListItem","position":2,"name":"Un historien retrace la passion des Adventistes pour la libert\u00e9 religieuse"}]},{"@type":"WebSite","@id":"https:\/\/interamerica.org\/fr\/#website","url":"https:\/\/interamerica.org\/fr\/","name":"\u00c9glise Adventiste Du Septieme Jour - Inter Am\u00e9rique Division","description":"","potentialAction":[{"@type":"SearchAction","target":{"@type":"EntryPoint","urlTemplate":"https:\/\/interamerica.org\/fr\/?s={search_term_string}"},"query-input":{"@type":"PropertyValueSpecification","valueRequired":true,"valueName":"search_term_string"}}],"inLanguage":"fr-FR"},{"@type":"Person","@id":"https:\/\/interamerica.org\/fr\/#\/schema\/person\/29998f2bc2d8bd0d38662909289b54f1","name":"libna","image":{"@type":"ImageObject","inLanguage":"fr-FR","@id":"https:\/\/secure.gravatar.com\/avatar\/7c5bd30ae4b47a9ba3c856590957fd1d96dc588bf3ac05719d247e126840331f?s=96&d=mm&r=g","url":"https:\/\/secure.gravatar.com\/avatar\/7c5bd30ae4b47a9ba3c856590957fd1d96dc588bf3ac05719d247e126840331f?s=96&d=mm&r=g","contentUrl":"https:\/\/secure.gravatar.com\/avatar\/7c5bd30ae4b47a9ba3c856590957fd1d96dc588bf3ac05719d247e126840331f?s=96&d=mm&r=g","caption":"libna"}}]}},"_links":{"self":[{"href":"https:\/\/interamerica.org\/fr\/wp-json\/wp\/v2\/posts\/103284","targetHints":{"allow":["GET"]}}],"collection":[{"href":"https:\/\/interamerica.org\/fr\/wp-json\/wp\/v2\/posts"}],"about":[{"href":"https:\/\/interamerica.org\/fr\/wp-json\/wp\/v2\/types\/post"}],"author":[{"embeddable":true,"href":"https:\/\/interamerica.org\/fr\/wp-json\/wp\/v2\/users\/3"}],"replies":[{"embeddable":true,"href":"https:\/\/interamerica.org\/fr\/wp-json\/wp\/v2\/comments?post=103284"}],"version-history":[{"count":0,"href":"https:\/\/interamerica.org\/fr\/wp-json\/wp\/v2\/posts\/103284\/revisions"}],"wp:featuredmedia":[{"embeddable":true,"href":"https:\/\/interamerica.org\/fr\/wp-json\/wp\/v2\/media\/103175"}],"wp:attachment":[{"href":"https:\/\/interamerica.org\/fr\/wp-json\/wp\/v2\/media?parent=103284"}],"wp:term":[{"taxonomy":"category","embeddable":true,"href":"https:\/\/interamerica.org\/fr\/wp-json\/wp\/v2\/categories?post=103284"},{"taxonomy":"post_tag","embeddable":true,"href":"https:\/\/interamerica.org\/fr\/wp-json\/wp\/v2\/tags?post=103284"}],"curies":[{"name":"wp","href":"https:\/\/api.w.org\/{rel}","templated":true}]}}