{"id":103285,"date":"2023-09-11T09:24:47","date_gmt":"2023-09-11T13:24:47","guid":{"rendered":"https:\/\/interamerica.org\/?p=103285"},"modified":"2023-09-13T09:56:05","modified_gmt":"2023-09-13T13:56:05","slug":"cnn-presente-une-famille-de-randonneurs-adventistes","status":"publish","type":"post","link":"https:\/\/interamerica.org\/fr\/2023\/09\/cnn-presente-une-famille-de-randonneurs-adventistes\/","title":{"rendered":"CNN pr\u00e9sente une famille de randonneurs adventistes"},"content":{"rendered":"<h4>Les m\u00e9decins Olen et Danae Netteburg et leurs enfants ont parcouru d\u2019importants sentiers de randonn\u00e9e am\u00e9ricains.<\/h4>\n<p>11 Septembre 2023 | Silver Spring, Maryland, \u00c9tats-Unis | Marcos Paseggi, Adventist Review<\/p>\n<p>Cable News Network (CNN) a r\u00e9cemment publi\u00e9 un reportage dans sa section Voyages pour mettre en lumi\u00e8re les exploits d\u2019une famille adventiste du septi\u00e8me jour de sept personnes qui parcourt les sentiers les plus longs et les plus c\u00e9l\u00e8bres des \u00c9tats-Unis.<\/p>\n<p>Olen et Danae Netterburg et leurs cinq enfants parcourent actuellement le Pacific Crest Trail (Chemin des Cr\u00eates du Pacifique), qui s\u2019\u00e9tend de la fronti\u00e8re du Mexique en passant par la Californie, l\u2019Oregon et l\u2019\u00e9tat de Washington et allant jusqu\u2019au Canada, a indiqu\u00e9 CNN dans un reportage datant du 28 ao\u00fbt. Ils sont connus dans la communaut\u00e9 des randonneurs et au-del\u00e0 apr\u00e8s qu\u2019ils aient parcouru le sentier des Appalaches (entre la G\u00e9orgie et le Maine) et le sentier de la Ligne de S\u00e9paration Continentale (qui s\u2019\u00e9tend du Nouveau-Mexique \u00e0 la fronti\u00e8re canadienne).<\/p>\n<p><div id=\"attachment_103189\" style=\"width: 900px\" class=\"wp-caption aligncenter\"><img fetchpriority=\"high\" decoding=\"async\" aria-describedby=\"caption-attachment-103189\" class=\" wp-image-103188\" src=\"https:\/\/interamerica.org\/wp-content\/uploads\/2023\/09\/hikers-family-1024x512.png\" alt=\"\" width=\"890\" height=\"445\" srcset=\"https:\/\/interamerica.org\/wp-content\/uploads\/2023\/09\/hikers-family-1024x512.png 1024w, https:\/\/interamerica.org\/wp-content\/uploads\/2023\/09\/hikers-family-300x150.png 300w, https:\/\/interamerica.org\/wp-content\/uploads\/2023\/09\/hikers-family-768x384.png 768w, https:\/\/interamerica.org\/wp-content\/uploads\/2023\/09\/hikers-family.png 1500w\" sizes=\"(max-width: 890px) 100vw, 890px\" \/><p id=\"caption-attachment-103189\" class=\"wp-caption-text\">Olen et Danae Netterburg, m\u00e9decins adventistes du septi\u00e8me jour, ainsi que leurs cinq enfants ont parcouru l\u2019int\u00e9gralit\u00e9 de plusieurs des principaux sentiers de randonn\u00e9e des \u00c9tats-Unis. [Photo : Danae Netteburg]<\/p><\/div>Dans son reportage, CNN a mis en lumi\u00e8re le d\u00e9but des aventures de randonn\u00e9e de la famille et la fa\u00e7on dont ils ont travaill\u00e9 pour augmenter progressivement la longueur et la complexit\u00e9 de leurs randonn\u00e9es une fois qu\u2019ils ont r\u00e9alis\u00e9 que leurs enfants aimaient cela. \u00ab [Les enfants] aimaient camper, attraper des salamandres, faire des feux de camp et tout le reste, \u00bb ont-ils dit \u00e0 CNN. Et \u00e0 mesure qu\u2019ils augmentaient les distances et les d\u00e9fis, ils ont vu \u00e0 quel point les enfants r\u00e9agissaient bien. \u00ab Les enfants aimaient, alors nous avons continu\u00e9, \u00bb ont-ils d\u00e9clar\u00e9.<\/p>\n<p>Au d\u00e9but de l\u2019ann\u00e9e 2020, le couple Netteburg et leurs quatre enfants \u00e0 l\u2019\u00e9poque, ont d\u00e9cid\u00e9 de parcourir le sentier des Appalaches, qui traverse la c\u00f4te est des \u00c9tats-Unis du nord au sud. Selon l\u2019Appalachian Trail Conservancy (Bureau de Pr\u00e9servation du Sentier des Appalaches), qui g\u00e8re le sentier, il s\u2019agit du plus long sentier r\u00e9serv\u00e9 \u00e0 la randonn\u00e9e au monde. Selon certaines estimations, environ deux millions de personnes parcourent au moins une partie du sentier chaque ann\u00e9e. La majeure partie du sentier se trouve en for\u00eat ou dans des terres sauvages, mais certaines parties traversent des villages, des routes et des fermes. Il traverse 14 \u00e9tats de l\u2019est des \u00c9tats-Unis.<\/p>\n<p>Malgr\u00e9 les restrictions et les pr\u00e9cautions de s\u00e9curit\u00e9 que les Netteburg ont d\u00fb prendre lorsque les autorit\u00e9s sanitaires ont d\u00e9clar\u00e9 le COVID-19 une pand\u00e9mie mondiale, la famille, y compris Juniper, alors \u00e2g\u00e9e de quatre ans, a achev\u00e9 la randonn\u00e9e embl\u00e9matique de 3529 km en sept mois.<\/p>\n<p>\u00c0 l\u2019\u00e9poque, la famille suivait leur plus jeune enfant, qui, \u00e0 quatre ans, avait effectu\u00e9 l\u2019int\u00e9gralit\u00e9 de la randonn\u00e9e sur ses deux pieds. \u00ab Sur le sentier, Juniper attendait souvent que le reste de la famille la rattrape &#8211; assise patiemment sur un rocher ou un arbre tomb\u00e9, \u00bb ont-ils racont\u00e9.<\/p>\n<p>Les m\u00e9decins Olen et Danae Netteburg ont re\u00e7u leurs dipl\u00f4mes de la Facult\u00e9 de M\u00e9decine de l\u2019Universit\u00e9 de Loma Linda (Olen en 2007, Danae en 2006) et se sont mari\u00e9s quelques ann\u00e9es plus tard. Ils ont ensuite servi pendant 12 ans en tant que Personnes Envoy\u00e9es en Mission Diff\u00e9r\u00e9e \u2013 missionnaires m\u00e9dicaux \u2013 \u00e0 l\u2019H\u00f4pital Adventiste de Bere au Tchad. Plus t\u00f4t en 2023, les Netteburg sont retourn\u00e9s aux \u00c9tats-Unis et il est pr\u00e9vu qu\u2019une nouvelle famille prenne bient\u00f4t la rel\u00e8ve \u00e0 l\u2019h\u00f4pital tchadien.<\/p>\n<p>Concernant leurs exploits dans la randonn\u00e9e, Danae a d\u00e9clar\u00e9 \u00e0 CNN Travel qu\u2019ils \u00e9taient conscients du privil\u00e8ge que cela repr\u00e9sentait de le faire ensemble en famille. \u00ab Nous r\u00e9alisons que beaucoup de gens ne peuvent le faire, \u00bb a dit Danae. \u00ab [Soit] ils n\u2019ont pas le temps ou l\u2019argent, soit ils ne veulent pas le faire. Nous sommes donc vraiment b\u00e9nis. \u00bb<\/p>\n<p>Traduction: Patrick Luciathe<\/p>\n","protected":false},"excerpt":{"rendered":"<p>Les m\u00e9decins Olen et Danae Netteburg et leurs enfants ont parcouru d\u2019importants sentiers de randonn\u00e9e am\u00e9ricains. 11 Septembre 2023 | Silver Spring, Maryland, \u00c9tats-Unis | Marcos Paseggi, Adventist Review Cable&#8230;<\/p>\n","protected":false},"author":3,"featured_media":103189,"comment_status":"closed","ping_status":"closed","sticky":false,"template":"","format":"standard","meta":{"_acf_changed":false,"footnotes":""},"categories":[18,19],"tags":[],"class_list":["post-103285","post","type-post","status-publish","format-standard","has-post-thumbnail","hentry","category-nouvelles-de-leglise-mondiale","category-rss-francais"],"acf":[],"yoast_head":"<!-- This site is optimized with the Yoast SEO plugin v27.3 - https:\/\/yoast.com\/product\/yoast-seo-wordpress\/ -->\n<title>CNN pr\u00e9sente une famille de randonneurs adventistes - \u00c9glise Adventiste Du Septieme Jour - Inter Am\u00e9rique Division<\/title>\n<meta name=\"robots\" content=\"index, follow, max-snippet:-1, max-image-preview:large, max-video-preview:-1\" \/>\n<link rel=\"canonical\" href=\"https:\/\/interamerica.org\/fr\/2023\/09\/cnn-presente-une-famille-de-randonneurs-adventistes\/\" \/>\n<meta property=\"og:locale\" content=\"fr_FR\" \/>\n<meta property=\"og:type\" content=\"article\" \/>\n<meta property=\"og:title\" content=\"CNN pr\u00e9sente une famille de randonneurs adventistes - \u00c9glise Adventiste Du Septieme Jour - Inter Am\u00e9rique Division\" \/>\n<meta property=\"og:description\" content=\"Les m\u00e9decins Olen et Danae Netteburg et leurs enfants ont parcouru d\u2019importants sentiers de randonn\u00e9e am\u00e9ricains. 11 Septembre 2023 | Silver Spring, Maryland, \u00c9tats-Unis | Marcos Paseggi, Adventist Review Cable...\" \/>\n<meta property=\"og:url\" content=\"https:\/\/interamerica.org\/fr\/2023\/09\/cnn-presente-une-famille-de-randonneurs-adventistes\/\" \/>\n<meta property=\"og:site_name\" content=\"\u00c9glise Adventiste Du Septieme Jour - Inter Am\u00e9rique Division\" \/>\n<meta property=\"article:published_time\" content=\"2023-09-11T13:24:47+00:00\" \/>\n<meta property=\"article:modified_time\" content=\"2023-09-13T13:56:05+00:00\" \/>\n<meta property=\"og:image\" content=\"https:\/\/interamerica.org\/wp-content\/uploads\/2023\/09\/hikers-family.png\" \/>\n\t<meta property=\"og:image:width\" content=\"1500\" \/>\n\t<meta property=\"og:image:height\" content=\"750\" \/>\n\t<meta property=\"og:image:type\" content=\"image\/png\" \/>\n<meta name=\"author\" content=\"libna\" \/>\n<meta name=\"twitter:card\" content=\"summary_large_image\" \/>\n<meta name=\"twitter:label1\" content=\"\u00c9crit par\" \/>\n\t<meta name=\"twitter:data1\" content=\"libna\" \/>\n\t<meta name=\"twitter:label2\" content=\"Dur\u00e9e de lecture estim\u00e9e\" \/>\n\t<meta name=\"twitter:data2\" content=\"3 minutes\" \/>\n<script type=\"application\/ld+json\" class=\"yoast-schema-graph\">{\"@context\":\"https:\\\/\\\/schema.org\",\"@graph\":[{\"@type\":\"Article\",\"@id\":\"https:\\\/\\\/interamerica.org\\\/fr\\\/2023\\\/09\\\/cnn-presente-une-famille-de-randonneurs-adventistes\\\/#article\",\"isPartOf\":{\"@id\":\"https:\\\/\\\/interamerica.org\\\/fr\\\/2023\\\/09\\\/cnn-presente-une-famille-de-randonneurs-adventistes\\\/\"},\"author\":{\"name\":\"libna\",\"@id\":\"https:\\\/\\\/interamerica.org\\\/fr\\\/#\\\/schema\\\/person\\\/29998f2bc2d8bd0d38662909289b54f1\"},\"headline\":\"CNN pr\u00e9sente une famille de randonneurs adventistes\",\"datePublished\":\"2023-09-11T13:24:47+00:00\",\"dateModified\":\"2023-09-13T13:56:05+00:00\",\"mainEntityOfPage\":{\"@id\":\"https:\\\/\\\/interamerica.org\\\/fr\\\/2023\\\/09\\\/cnn-presente-une-famille-de-randonneurs-adventistes\\\/\"},\"wordCount\":721,\"image\":{\"@id\":\"https:\\\/\\\/interamerica.org\\\/fr\\\/2023\\\/09\\\/cnn-presente-une-famille-de-randonneurs-adventistes\\\/#primaryimage\"},\"thumbnailUrl\":\"https:\\\/\\\/interamerica.org\\\/wp-content\\\/uploads\\\/2023\\\/09\\\/hikers-family.png\",\"articleSection\":[\"Nouvelles de l'\u00c9glise mondiale\",\"RSS Fran\u00e7ais\"],\"inLanguage\":\"fr-FR\"},{\"@type\":\"WebPage\",\"@id\":\"https:\\\/\\\/interamerica.org\\\/fr\\\/2023\\\/09\\\/cnn-presente-une-famille-de-randonneurs-adventistes\\\/\",\"url\":\"https:\\\/\\\/interamerica.org\\\/fr\\\/2023\\\/09\\\/cnn-presente-une-famille-de-randonneurs-adventistes\\\/\",\"name\":\"CNN pr\u00e9sente une famille de randonneurs adventistes - \u00c9glise Adventiste Du Septieme Jour - Inter Am\u00e9rique Division\",\"isPartOf\":{\"@id\":\"https:\\\/\\\/interamerica.org\\\/fr\\\/#website\"},\"primaryImageOfPage\":{\"@id\":\"https:\\\/\\\/interamerica.org\\\/fr\\\/2023\\\/09\\\/cnn-presente-une-famille-de-randonneurs-adventistes\\\/#primaryimage\"},\"image\":{\"@id\":\"https:\\\/\\\/interamerica.org\\\/fr\\\/2023\\\/09\\\/cnn-presente-une-famille-de-randonneurs-adventistes\\\/#primaryimage\"},\"thumbnailUrl\":\"https:\\\/\\\/interamerica.org\\\/wp-content\\\/uploads\\\/2023\\\/09\\\/hikers-family.png\",\"datePublished\":\"2023-09-11T13:24:47+00:00\",\"dateModified\":\"2023-09-13T13:56:05+00:00\",\"author\":{\"@id\":\"https:\\\/\\\/interamerica.org\\\/fr\\\/#\\\/schema\\\/person\\\/29998f2bc2d8bd0d38662909289b54f1\"},\"breadcrumb\":{\"@id\":\"https:\\\/\\\/interamerica.org\\\/fr\\\/2023\\\/09\\\/cnn-presente-une-famille-de-randonneurs-adventistes\\\/#breadcrumb\"},\"inLanguage\":\"fr-FR\",\"potentialAction\":[{\"@type\":\"ReadAction\",\"target\":[\"https:\\\/\\\/interamerica.org\\\/fr\\\/2023\\\/09\\\/cnn-presente-une-famille-de-randonneurs-adventistes\\\/\"]}]},{\"@type\":\"ImageObject\",\"inLanguage\":\"fr-FR\",\"@id\":\"https:\\\/\\\/interamerica.org\\\/fr\\\/2023\\\/09\\\/cnn-presente-une-famille-de-randonneurs-adventistes\\\/#primaryimage\",\"url\":\"https:\\\/\\\/interamerica.org\\\/wp-content\\\/uploads\\\/2023\\\/09\\\/hikers-family.png\",\"contentUrl\":\"https:\\\/\\\/interamerica.org\\\/wp-content\\\/uploads\\\/2023\\\/09\\\/hikers-family.png\",\"width\":1500,\"height\":750,\"caption\":\"Seventh-day Adventist physicians Olen and Danae Netterburg and their five kids have hiked the entirety of several of the major trails in the United States. [Photo: Danae Netteburg]\"},{\"@type\":\"BreadcrumbList\",\"@id\":\"https:\\\/\\\/interamerica.org\\\/fr\\\/2023\\\/09\\\/cnn-presente-une-famille-de-randonneurs-adventistes\\\/#breadcrumb\",\"itemListElement\":[{\"@type\":\"ListItem\",\"position\":1,\"name\":\"Home\",\"item\":\"https:\\\/\\\/interamerica.org\\\/fr\\\/\"},{\"@type\":\"ListItem\",\"position\":2,\"name\":\"CNN pr\u00e9sente une famille de randonneurs adventistes\"}]},{\"@type\":\"WebSite\",\"@id\":\"https:\\\/\\\/interamerica.org\\\/fr\\\/#website\",\"url\":\"https:\\\/\\\/interamerica.org\\\/fr\\\/\",\"name\":\"\u00c9glise Adventiste Du Septieme Jour - Inter Am\u00e9rique Division\",\"description\":\"\",\"potentialAction\":[{\"@type\":\"SearchAction\",\"target\":{\"@type\":\"EntryPoint\",\"urlTemplate\":\"https:\\\/\\\/interamerica.org\\\/fr\\\/?s={search_term_string}\"},\"query-input\":{\"@type\":\"PropertyValueSpecification\",\"valueRequired\":true,\"valueName\":\"search_term_string\"}}],\"inLanguage\":\"fr-FR\"},{\"@type\":\"Person\",\"@id\":\"https:\\\/\\\/interamerica.org\\\/fr\\\/#\\\/schema\\\/person\\\/29998f2bc2d8bd0d38662909289b54f1\",\"name\":\"libna\",\"image\":{\"@type\":\"ImageObject\",\"inLanguage\":\"fr-FR\",\"@id\":\"https:\\\/\\\/secure.gravatar.com\\\/avatar\\\/7c5bd30ae4b47a9ba3c856590957fd1d96dc588bf3ac05719d247e126840331f?s=96&d=mm&r=g\",\"url\":\"https:\\\/\\\/secure.gravatar.com\\\/avatar\\\/7c5bd30ae4b47a9ba3c856590957fd1d96dc588bf3ac05719d247e126840331f?s=96&d=mm&r=g\",\"contentUrl\":\"https:\\\/\\\/secure.gravatar.com\\\/avatar\\\/7c5bd30ae4b47a9ba3c856590957fd1d96dc588bf3ac05719d247e126840331f?s=96&d=mm&r=g\",\"caption\":\"libna\"}}]}<\/script>\n<!-- \/ Yoast SEO plugin. -->","yoast_head_json":{"title":"CNN pr\u00e9sente une famille de randonneurs adventistes - \u00c9glise Adventiste Du Septieme Jour - Inter Am\u00e9rique Division","robots":{"index":"index","follow":"follow","max-snippet":"max-snippet:-1","max-image-preview":"max-image-preview:large","max-video-preview":"max-video-preview:-1"},"canonical":"https:\/\/interamerica.org\/fr\/2023\/09\/cnn-presente-une-famille-de-randonneurs-adventistes\/","og_locale":"fr_FR","og_type":"article","og_title":"CNN pr\u00e9sente une famille de randonneurs adventistes - \u00c9glise Adventiste Du Septieme Jour - Inter Am\u00e9rique Division","og_description":"Les m\u00e9decins Olen et Danae Netteburg et leurs enfants ont parcouru d\u2019importants sentiers de randonn\u00e9e am\u00e9ricains. 11 Septembre 2023 | Silver Spring, Maryland, \u00c9tats-Unis | Marcos Paseggi, Adventist Review Cable...","og_url":"https:\/\/interamerica.org\/fr\/2023\/09\/cnn-presente-une-famille-de-randonneurs-adventistes\/","og_site_name":"\u00c9glise Adventiste Du Septieme Jour - Inter Am\u00e9rique Division","article_published_time":"2023-09-11T13:24:47+00:00","article_modified_time":"2023-09-13T13:56:05+00:00","og_image":[{"width":1500,"height":750,"url":"https:\/\/interamerica.org\/wp-content\/uploads\/2023\/09\/hikers-family.png","type":"image\/png"}],"author":"libna","twitter_card":"summary_large_image","twitter_misc":{"\u00c9crit par":"libna","Dur\u00e9e de lecture estim\u00e9e":"3 minutes"},"schema":{"@context":"https:\/\/schema.org","@graph":[{"@type":"Article","@id":"https:\/\/interamerica.org\/fr\/2023\/09\/cnn-presente-une-famille-de-randonneurs-adventistes\/#article","isPartOf":{"@id":"https:\/\/interamerica.org\/fr\/2023\/09\/cnn-presente-une-famille-de-randonneurs-adventistes\/"},"author":{"name":"libna","@id":"https:\/\/interamerica.org\/fr\/#\/schema\/person\/29998f2bc2d8bd0d38662909289b54f1"},"headline":"CNN pr\u00e9sente une famille de randonneurs adventistes","datePublished":"2023-09-11T13:24:47+00:00","dateModified":"2023-09-13T13:56:05+00:00","mainEntityOfPage":{"@id":"https:\/\/interamerica.org\/fr\/2023\/09\/cnn-presente-une-famille-de-randonneurs-adventistes\/"},"wordCount":721,"image":{"@id":"https:\/\/interamerica.org\/fr\/2023\/09\/cnn-presente-une-famille-de-randonneurs-adventistes\/#primaryimage"},"thumbnailUrl":"https:\/\/interamerica.org\/wp-content\/uploads\/2023\/09\/hikers-family.png","articleSection":["Nouvelles de l'\u00c9glise mondiale","RSS Fran\u00e7ais"],"inLanguage":"fr-FR"},{"@type":"WebPage","@id":"https:\/\/interamerica.org\/fr\/2023\/09\/cnn-presente-une-famille-de-randonneurs-adventistes\/","url":"https:\/\/interamerica.org\/fr\/2023\/09\/cnn-presente-une-famille-de-randonneurs-adventistes\/","name":"CNN pr\u00e9sente une famille de randonneurs adventistes - \u00c9glise Adventiste Du Septieme Jour - Inter Am\u00e9rique Division","isPartOf":{"@id":"https:\/\/interamerica.org\/fr\/#website"},"primaryImageOfPage":{"@id":"https:\/\/interamerica.org\/fr\/2023\/09\/cnn-presente-une-famille-de-randonneurs-adventistes\/#primaryimage"},"image":{"@id":"https:\/\/interamerica.org\/fr\/2023\/09\/cnn-presente-une-famille-de-randonneurs-adventistes\/#primaryimage"},"thumbnailUrl":"https:\/\/interamerica.org\/wp-content\/uploads\/2023\/09\/hikers-family.png","datePublished":"2023-09-11T13:24:47+00:00","dateModified":"2023-09-13T13:56:05+00:00","author":{"@id":"https:\/\/interamerica.org\/fr\/#\/schema\/person\/29998f2bc2d8bd0d38662909289b54f1"},"breadcrumb":{"@id":"https:\/\/interamerica.org\/fr\/2023\/09\/cnn-presente-une-famille-de-randonneurs-adventistes\/#breadcrumb"},"inLanguage":"fr-FR","potentialAction":[{"@type":"ReadAction","target":["https:\/\/interamerica.org\/fr\/2023\/09\/cnn-presente-une-famille-de-randonneurs-adventistes\/"]}]},{"@type":"ImageObject","inLanguage":"fr-FR","@id":"https:\/\/interamerica.org\/fr\/2023\/09\/cnn-presente-une-famille-de-randonneurs-adventistes\/#primaryimage","url":"https:\/\/interamerica.org\/wp-content\/uploads\/2023\/09\/hikers-family.png","contentUrl":"https:\/\/interamerica.org\/wp-content\/uploads\/2023\/09\/hikers-family.png","width":1500,"height":750,"caption":"Seventh-day Adventist physicians Olen and Danae Netterburg and their five kids have hiked the entirety of several of the major trails in the United States. [Photo: Danae Netteburg]"},{"@type":"BreadcrumbList","@id":"https:\/\/interamerica.org\/fr\/2023\/09\/cnn-presente-une-famille-de-randonneurs-adventistes\/#breadcrumb","itemListElement":[{"@type":"ListItem","position":1,"name":"Home","item":"https:\/\/interamerica.org\/fr\/"},{"@type":"ListItem","position":2,"name":"CNN pr\u00e9sente une famille de randonneurs adventistes"}]},{"@type":"WebSite","@id":"https:\/\/interamerica.org\/fr\/#website","url":"https:\/\/interamerica.org\/fr\/","name":"\u00c9glise Adventiste Du Septieme Jour - Inter Am\u00e9rique Division","description":"","potentialAction":[{"@type":"SearchAction","target":{"@type":"EntryPoint","urlTemplate":"https:\/\/interamerica.org\/fr\/?s={search_term_string}"},"query-input":{"@type":"PropertyValueSpecification","valueRequired":true,"valueName":"search_term_string"}}],"inLanguage":"fr-FR"},{"@type":"Person","@id":"https:\/\/interamerica.org\/fr\/#\/schema\/person\/29998f2bc2d8bd0d38662909289b54f1","name":"libna","image":{"@type":"ImageObject","inLanguage":"fr-FR","@id":"https:\/\/secure.gravatar.com\/avatar\/7c5bd30ae4b47a9ba3c856590957fd1d96dc588bf3ac05719d247e126840331f?s=96&d=mm&r=g","url":"https:\/\/secure.gravatar.com\/avatar\/7c5bd30ae4b47a9ba3c856590957fd1d96dc588bf3ac05719d247e126840331f?s=96&d=mm&r=g","contentUrl":"https:\/\/secure.gravatar.com\/avatar\/7c5bd30ae4b47a9ba3c856590957fd1d96dc588bf3ac05719d247e126840331f?s=96&d=mm&r=g","caption":"libna"}}]}},"_links":{"self":[{"href":"https:\/\/interamerica.org\/fr\/wp-json\/wp\/v2\/posts\/103285","targetHints":{"allow":["GET"]}}],"collection":[{"href":"https:\/\/interamerica.org\/fr\/wp-json\/wp\/v2\/posts"}],"about":[{"href":"https:\/\/interamerica.org\/fr\/wp-json\/wp\/v2\/types\/post"}],"author":[{"embeddable":true,"href":"https:\/\/interamerica.org\/fr\/wp-json\/wp\/v2\/users\/3"}],"replies":[{"embeddable":true,"href":"https:\/\/interamerica.org\/fr\/wp-json\/wp\/v2\/comments?post=103285"}],"version-history":[{"count":0,"href":"https:\/\/interamerica.org\/fr\/wp-json\/wp\/v2\/posts\/103285\/revisions"}],"wp:featuredmedia":[{"embeddable":true,"href":"https:\/\/interamerica.org\/fr\/wp-json\/wp\/v2\/media\/103189"}],"wp:attachment":[{"href":"https:\/\/interamerica.org\/fr\/wp-json\/wp\/v2\/media?parent=103285"}],"wp:term":[{"taxonomy":"category","embeddable":true,"href":"https:\/\/interamerica.org\/fr\/wp-json\/wp\/v2\/categories?post=103285"},{"taxonomy":"post_tag","embeddable":true,"href":"https:\/\/interamerica.org\/fr\/wp-json\/wp\/v2\/tags?post=103285"}],"curies":[{"name":"wp","href":"https:\/\/api.w.org\/{rel}","templated":true}]}}