{"id":103423,"date":"2023-09-15T09:01:26","date_gmt":"2023-09-15T13:01:26","guid":{"rendered":"https:\/\/interamerica.org\/?p=103423"},"modified":"2023-09-15T14:36:54","modified_gmt":"2023-09-15T18:36:54","slug":"linter-amerique-organise-un-concile-des-diacres-et-des-diaconesses-en-ligne-le-23-septembre","status":"publish","type":"post","link":"https:\/\/interamerica.org\/fr\/2023\/09\/linter-amerique-organise-un-concile-des-diacres-et-des-diaconesses-en-ligne-le-23-septembre\/","title":{"rendered":"L\u2019Inter Am\u00e9rique organise un Concile des Diacres et des Diaconesses en ligne le 23 septembre"},"content":{"rendered":"<p>15 Septembre 2023 | Miami, Floride, \u00c9tats-Unis | Libna Stevens, Actualit\u00e9s de la Division Inter Am\u00e9ricaine<\/p>\n<p>Les diacres et les diaconesses des \u00e9glises adventistes du septi\u00e8me jour du territoire de la Division Inter Am\u00e9ricaine (DIA) participeront \u00e0 un programme en ligne le 23 septembre 2023. Le programme deviendra le tout premier organis\u00e9 par l\u2019Association Pastorale comme point de d\u00e9part visant \u00e0 officiellement mettre en valeur et appr\u00e9cier le travail de milliers de diacres et de diaconesses.<\/p>\n<p>\u00ab Nous souhaitions organiser un programme en pr\u00e9sentiel \u00e0 l\u2019\u00e9chelle du territoire depuis plus de quatre ans, depuis que la Conf\u00e9rence G\u00e9n\u00e9rale a plac\u00e9 le minist\u00e8re des diacres et des diaconesses sous la supervision de l\u2019Association Pastorale dans chaque territoire de division, il y a un peu plus de six ans. \u00bb a d\u00e9clar\u00e9 pasteur Josney Rodr\u00edguez, secr\u00e9taire de l\u2019association pastorale de la DIA et principal organisateur du programme. Le plan \u00e9tait de se r\u00e9unir dans un seul lieu mais, en raison de certaines difficult\u00e9s, les dirigeants d\u2019\u00e9glise r\u00e9uniront les diacres et diaconesses de leurs \u00e9glises locales au niveau r\u00e9gional pour participer au programme en ligne, a-t-il d\u00e9clar\u00e9.<\/p>\n<p><div id=\"attachment_103409\" style=\"width: 663px\" class=\"wp-caption aligncenter\"><img fetchpriority=\"high\" decoding=\"async\" aria-describedby=\"caption-attachment-103409\" class=\" wp-image-103409\" src=\"https:\/\/interamerica.org\/wp-content\/uploads\/2023\/09\/conseil-diacres-frances-post.jpg\" alt=\"\" width=\"653\" height=\"816\" srcset=\"https:\/\/interamerica.org\/wp-content\/uploads\/2023\/09\/conseil-diacres-frances-post.jpg 700w, https:\/\/interamerica.org\/wp-content\/uploads\/2023\/09\/conseil-diacres-frances-post-240x300.jpg 240w\" sizes=\"(max-width: 653px) 100vw, 653px\" \/><p id=\"caption-attachment-103409\" class=\"wp-caption-text\">[Image: Association Pastorale de la DIA]<\/p><\/div>Le programme de deux heures fera partie d\u2019une formation officielle certifiante qui sera suivie chaque ann\u00e9e sur l\u2019ensemble du territoire. La formation mettra en lumi\u00e8re le minist\u00e8re et les devoirs des diacres et des diaconesses de l\u2019\u00e9glise, a dit pasteur Rodr\u00edguez.<\/p>\n<p>\u00ab Les diacres et les diaconesses ont la responsabilit\u00e9, avec les anciens d\u2019\u00e9glise, de \u00ab guider \u00bb la congr\u00e9gation chaque semaine, \u00bb a dit Josney Rodr\u00edguez. Malheureusement, l\u2019essentiel de leurs fonctions se limite \u00e0 accueillir, \u00e0 participer aux services de communion, \u00e0 ramasser les d\u00eemes et les offrandes et \u00e0 ouvrir et \u00e0 fermer l\u2019\u00e9glise, mais en r\u00e9alit\u00e9, c\u2019est un minist\u00e8re qui va bien au-del\u00e0 de cela, a-t-il ajout\u00e9.<\/p>\n<p>La t\u00e2che principale de chaque diacre et de chaque diaconesse est de r\u00e9pondre aux besoins physiques et spirituels de l\u2019\u00c9glise, a expliqu\u00e9 pasteur Rodr\u00edguez, et \u00ab c\u2019est la chose importante que nous voulons souligner. \u00bb Le r\u00f4le pastoral des diacres et des diaconesses fait partie du \u00ab travail d\u2019antichambre \u00bb de l\u2019ancien d\u2019\u00e9glise. \u00ab Il s\u2019agit d\u2019un minist\u00e8re essentiel et conjoint qui suit le mod\u00e8le de leadership du Christ en mati\u00e8re de pr\u00e9dication, de gu\u00e9rison et d\u2019\u00e9ducation par le biais du discipulat aux c\u00f4t\u00e9s des anciens et des dirigeants d\u2019\u00e9glise. \u00bb<\/p>\n<p>Le programme en ligne du concile comprendra un segment sp\u00e9cial au cours duquel les plus de 90000 diacres et diaconesses seront honor\u00e9s pour leur service d\u00e9vou\u00e9 dans leurs \u00e9glises locales et dans leurs champs locaux. L\u2019initiative ouvrira la voie \u00e0 une formation certifiante plus approfondie dans l\u2019ensemble du territoire de la DIA.<\/p>\n<p>Le Concile des Diacres et des Diaconesses de la Division Inter Am\u00e9ricaine sera diffus\u00e9 en anglais, en espagnol et en fran\u00e7ais le 23 septembre 2023, \u00e0 15h00, heure de Miami sur <a href=\"https:\/\/www.youtube.com\/c\/InterAmericanDivision\">webcast.interamerica.org<\/a><\/p>\n<p>Traduction: Patrick Luciathe<\/p>\n","protected":false},"excerpt":{"rendered":"<p>15 Septembre 2023 | Miami, Floride, \u00c9tats-Unis | Libna Stevens, Actualit\u00e9s de la Division Inter Am\u00e9ricaine Les diacres et les diaconesses des \u00e9glises adventistes du septi\u00e8me jour du territoire de&#8230;<\/p>\n","protected":false},"author":3,"featured_media":103406,"comment_status":"closed","ping_status":"closed","sticky":false,"template":"","format":"standard","meta":{"_acf_changed":false,"footnotes":""},"categories":[20,19],"tags":[],"class_list":["post-103423","post","type-post","status-publish","format-standard","has-post-thumbnail","hentry","category-nouvelles-du-siege-de-la-division","category-rss-francais"],"acf":[],"yoast_head":"<!-- This site is optimized with the Yoast SEO plugin v27.3 - https:\/\/yoast.com\/product\/yoast-seo-wordpress\/ -->\n<title>L\u2019Inter Am\u00e9rique organise un Concile des Diacres et des Diaconesses en ligne le 23 septembre - \u00c9glise Adventiste Du Septieme Jour - Inter Am\u00e9rique Division<\/title>\n<meta name=\"robots\" content=\"index, follow, max-snippet:-1, max-image-preview:large, max-video-preview:-1\" \/>\n<link rel=\"canonical\" href=\"https:\/\/interamerica.org\/fr\/2023\/09\/linter-amerique-organise-un-concile-des-diacres-et-des-diaconesses-en-ligne-le-23-septembre\/\" \/>\n<meta property=\"og:locale\" content=\"fr_FR\" \/>\n<meta property=\"og:type\" content=\"article\" \/>\n<meta property=\"og:title\" content=\"L\u2019Inter Am\u00e9rique organise un Concile des Diacres et des Diaconesses en ligne le 23 septembre - \u00c9glise Adventiste Du Septieme Jour - Inter Am\u00e9rique Division\" \/>\n<meta property=\"og:description\" content=\"15 Septembre 2023 | Miami, Floride, \u00c9tats-Unis | Libna Stevens, Actualit\u00e9s de la Division Inter Am\u00e9ricaine Les diacres et les diaconesses des \u00e9glises adventistes du septi\u00e8me jour du territoire de...\" \/>\n<meta property=\"og:url\" content=\"https:\/\/interamerica.org\/fr\/2023\/09\/linter-amerique-organise-un-concile-des-diacres-et-des-diaconesses-en-ligne-le-23-septembre\/\" \/>\n<meta property=\"og:site_name\" content=\"\u00c9glise Adventiste Du Septieme Jour - Inter Am\u00e9rique Division\" \/>\n<meta property=\"article:published_time\" content=\"2023-09-15T13:01:26+00:00\" \/>\n<meta property=\"article:modified_time\" content=\"2023-09-15T18:36:54+00:00\" \/>\n<meta property=\"og:image\" content=\"https:\/\/interamerica.org\/wp-content\/uploads\/2023\/09\/iad-deacon-council.jpg\" \/>\n\t<meta property=\"og:image:width\" content=\"1000\" \/>\n\t<meta property=\"og:image:height\" content=\"625\" \/>\n\t<meta property=\"og:image:type\" content=\"image\/jpeg\" \/>\n<meta name=\"author\" content=\"libna\" \/>\n<meta name=\"twitter:card\" content=\"summary_large_image\" \/>\n<meta name=\"twitter:label1\" content=\"\u00c9crit par\" \/>\n\t<meta name=\"twitter:data1\" content=\"libna\" \/>\n\t<meta name=\"twitter:label2\" content=\"Dur\u00e9e de lecture estim\u00e9e\" \/>\n\t<meta name=\"twitter:data2\" content=\"3 minutes\" \/>\n<script type=\"application\/ld+json\" class=\"yoast-schema-graph\">{\"@context\":\"https:\\\/\\\/schema.org\",\"@graph\":[{\"@type\":\"Article\",\"@id\":\"https:\\\/\\\/interamerica.org\\\/fr\\\/2023\\\/09\\\/linter-amerique-organise-un-concile-des-diacres-et-des-diaconesses-en-ligne-le-23-septembre\\\/#article\",\"isPartOf\":{\"@id\":\"https:\\\/\\\/interamerica.org\\\/fr\\\/2023\\\/09\\\/linter-amerique-organise-un-concile-des-diacres-et-des-diaconesses-en-ligne-le-23-septembre\\\/\"},\"author\":{\"name\":\"libna\",\"@id\":\"https:\\\/\\\/interamerica.org\\\/fr\\\/#\\\/schema\\\/person\\\/29998f2bc2d8bd0d38662909289b54f1\"},\"headline\":\"L\u2019Inter Am\u00e9rique organise un Concile des Diacres et des Diaconesses en ligne le 23 septembre\",\"datePublished\":\"2023-09-15T13:01:26+00:00\",\"dateModified\":\"2023-09-15T18:36:54+00:00\",\"mainEntityOfPage\":{\"@id\":\"https:\\\/\\\/interamerica.org\\\/fr\\\/2023\\\/09\\\/linter-amerique-organise-un-concile-des-diacres-et-des-diaconesses-en-ligne-le-23-septembre\\\/\"},\"wordCount\":539,\"image\":{\"@id\":\"https:\\\/\\\/interamerica.org\\\/fr\\\/2023\\\/09\\\/linter-amerique-organise-un-concile-des-diacres-et-des-diaconesses-en-ligne-le-23-septembre\\\/#primaryimage\"},\"thumbnailUrl\":\"https:\\\/\\\/interamerica.org\\\/wp-content\\\/uploads\\\/2023\\\/09\\\/iad-deacon-council.jpg\",\"articleSection\":[\"Nouvelles du si\u00e8ge de la division\",\"RSS Fran\u00e7ais\"],\"inLanguage\":\"fr-FR\"},{\"@type\":\"WebPage\",\"@id\":\"https:\\\/\\\/interamerica.org\\\/fr\\\/2023\\\/09\\\/linter-amerique-organise-un-concile-des-diacres-et-des-diaconesses-en-ligne-le-23-septembre\\\/\",\"url\":\"https:\\\/\\\/interamerica.org\\\/fr\\\/2023\\\/09\\\/linter-amerique-organise-un-concile-des-diacres-et-des-diaconesses-en-ligne-le-23-septembre\\\/\",\"name\":\"L\u2019Inter Am\u00e9rique organise un Concile des Diacres et des Diaconesses en ligne le 23 septembre - \u00c9glise Adventiste Du Septieme Jour - Inter Am\u00e9rique Division\",\"isPartOf\":{\"@id\":\"https:\\\/\\\/interamerica.org\\\/fr\\\/#website\"},\"primaryImageOfPage\":{\"@id\":\"https:\\\/\\\/interamerica.org\\\/fr\\\/2023\\\/09\\\/linter-amerique-organise-un-concile-des-diacres-et-des-diaconesses-en-ligne-le-23-septembre\\\/#primaryimage\"},\"image\":{\"@id\":\"https:\\\/\\\/interamerica.org\\\/fr\\\/2023\\\/09\\\/linter-amerique-organise-un-concile-des-diacres-et-des-diaconesses-en-ligne-le-23-septembre\\\/#primaryimage\"},\"thumbnailUrl\":\"https:\\\/\\\/interamerica.org\\\/wp-content\\\/uploads\\\/2023\\\/09\\\/iad-deacon-council.jpg\",\"datePublished\":\"2023-09-15T13:01:26+00:00\",\"dateModified\":\"2023-09-15T18:36:54+00:00\",\"author\":{\"@id\":\"https:\\\/\\\/interamerica.org\\\/fr\\\/#\\\/schema\\\/person\\\/29998f2bc2d8bd0d38662909289b54f1\"},\"breadcrumb\":{\"@id\":\"https:\\\/\\\/interamerica.org\\\/fr\\\/2023\\\/09\\\/linter-amerique-organise-un-concile-des-diacres-et-des-diaconesses-en-ligne-le-23-septembre\\\/#breadcrumb\"},\"inLanguage\":\"fr-FR\",\"potentialAction\":[{\"@type\":\"ReadAction\",\"target\":[\"https:\\\/\\\/interamerica.org\\\/fr\\\/2023\\\/09\\\/linter-amerique-organise-un-concile-des-diacres-et-des-diaconesses-en-ligne-le-23-septembre\\\/\"]}]},{\"@type\":\"ImageObject\",\"inLanguage\":\"fr-FR\",\"@id\":\"https:\\\/\\\/interamerica.org\\\/fr\\\/2023\\\/09\\\/linter-amerique-organise-un-concile-des-diacres-et-des-diaconesses-en-ligne-le-23-septembre\\\/#primaryimage\",\"url\":\"https:\\\/\\\/interamerica.org\\\/wp-content\\\/uploads\\\/2023\\\/09\\\/iad-deacon-council.jpg\",\"contentUrl\":\"https:\\\/\\\/interamerica.org\\\/wp-content\\\/uploads\\\/2023\\\/09\\\/iad-deacon-council.jpg\",\"width\":1000,\"height\":625},{\"@type\":\"BreadcrumbList\",\"@id\":\"https:\\\/\\\/interamerica.org\\\/fr\\\/2023\\\/09\\\/linter-amerique-organise-un-concile-des-diacres-et-des-diaconesses-en-ligne-le-23-septembre\\\/#breadcrumb\",\"itemListElement\":[{\"@type\":\"ListItem\",\"position\":1,\"name\":\"Home\",\"item\":\"https:\\\/\\\/interamerica.org\\\/fr\\\/\"},{\"@type\":\"ListItem\",\"position\":2,\"name\":\"L\u2019Inter Am\u00e9rique organise un Concile des Diacres et des Diaconesses en ligne le 23 septembre\"}]},{\"@type\":\"WebSite\",\"@id\":\"https:\\\/\\\/interamerica.org\\\/fr\\\/#website\",\"url\":\"https:\\\/\\\/interamerica.org\\\/fr\\\/\",\"name\":\"\u00c9glise Adventiste Du Septieme Jour - Inter Am\u00e9rique Division\",\"description\":\"\",\"potentialAction\":[{\"@type\":\"SearchAction\",\"target\":{\"@type\":\"EntryPoint\",\"urlTemplate\":\"https:\\\/\\\/interamerica.org\\\/fr\\\/?s={search_term_string}\"},\"query-input\":{\"@type\":\"PropertyValueSpecification\",\"valueRequired\":true,\"valueName\":\"search_term_string\"}}],\"inLanguage\":\"fr-FR\"},{\"@type\":\"Person\",\"@id\":\"https:\\\/\\\/interamerica.org\\\/fr\\\/#\\\/schema\\\/person\\\/29998f2bc2d8bd0d38662909289b54f1\",\"name\":\"libna\",\"image\":{\"@type\":\"ImageObject\",\"inLanguage\":\"fr-FR\",\"@id\":\"https:\\\/\\\/secure.gravatar.com\\\/avatar\\\/7c5bd30ae4b47a9ba3c856590957fd1d96dc588bf3ac05719d247e126840331f?s=96&d=mm&r=g\",\"url\":\"https:\\\/\\\/secure.gravatar.com\\\/avatar\\\/7c5bd30ae4b47a9ba3c856590957fd1d96dc588bf3ac05719d247e126840331f?s=96&d=mm&r=g\",\"contentUrl\":\"https:\\\/\\\/secure.gravatar.com\\\/avatar\\\/7c5bd30ae4b47a9ba3c856590957fd1d96dc588bf3ac05719d247e126840331f?s=96&d=mm&r=g\",\"caption\":\"libna\"}}]}<\/script>\n<!-- \/ Yoast SEO plugin. -->","yoast_head_json":{"title":"L\u2019Inter Am\u00e9rique organise un Concile des Diacres et des Diaconesses en ligne le 23 septembre - \u00c9glise Adventiste Du Septieme Jour - Inter Am\u00e9rique Division","robots":{"index":"index","follow":"follow","max-snippet":"max-snippet:-1","max-image-preview":"max-image-preview:large","max-video-preview":"max-video-preview:-1"},"canonical":"https:\/\/interamerica.org\/fr\/2023\/09\/linter-amerique-organise-un-concile-des-diacres-et-des-diaconesses-en-ligne-le-23-septembre\/","og_locale":"fr_FR","og_type":"article","og_title":"L\u2019Inter Am\u00e9rique organise un Concile des Diacres et des Diaconesses en ligne le 23 septembre - \u00c9glise Adventiste Du Septieme Jour - Inter Am\u00e9rique Division","og_description":"15 Septembre 2023 | Miami, Floride, \u00c9tats-Unis | Libna Stevens, Actualit\u00e9s de la Division Inter Am\u00e9ricaine Les diacres et les diaconesses des \u00e9glises adventistes du septi\u00e8me jour du territoire de...","og_url":"https:\/\/interamerica.org\/fr\/2023\/09\/linter-amerique-organise-un-concile-des-diacres-et-des-diaconesses-en-ligne-le-23-septembre\/","og_site_name":"\u00c9glise Adventiste Du Septieme Jour - Inter Am\u00e9rique Division","article_published_time":"2023-09-15T13:01:26+00:00","article_modified_time":"2023-09-15T18:36:54+00:00","og_image":[{"width":1000,"height":625,"url":"https:\/\/interamerica.org\/wp-content\/uploads\/2023\/09\/iad-deacon-council.jpg","type":"image\/jpeg"}],"author":"libna","twitter_card":"summary_large_image","twitter_misc":{"\u00c9crit par":"libna","Dur\u00e9e de lecture estim\u00e9e":"3 minutes"},"schema":{"@context":"https:\/\/schema.org","@graph":[{"@type":"Article","@id":"https:\/\/interamerica.org\/fr\/2023\/09\/linter-amerique-organise-un-concile-des-diacres-et-des-diaconesses-en-ligne-le-23-septembre\/#article","isPartOf":{"@id":"https:\/\/interamerica.org\/fr\/2023\/09\/linter-amerique-organise-un-concile-des-diacres-et-des-diaconesses-en-ligne-le-23-septembre\/"},"author":{"name":"libna","@id":"https:\/\/interamerica.org\/fr\/#\/schema\/person\/29998f2bc2d8bd0d38662909289b54f1"},"headline":"L\u2019Inter Am\u00e9rique organise un Concile des Diacres et des Diaconesses en ligne le 23 septembre","datePublished":"2023-09-15T13:01:26+00:00","dateModified":"2023-09-15T18:36:54+00:00","mainEntityOfPage":{"@id":"https:\/\/interamerica.org\/fr\/2023\/09\/linter-amerique-organise-un-concile-des-diacres-et-des-diaconesses-en-ligne-le-23-septembre\/"},"wordCount":539,"image":{"@id":"https:\/\/interamerica.org\/fr\/2023\/09\/linter-amerique-organise-un-concile-des-diacres-et-des-diaconesses-en-ligne-le-23-septembre\/#primaryimage"},"thumbnailUrl":"https:\/\/interamerica.org\/wp-content\/uploads\/2023\/09\/iad-deacon-council.jpg","articleSection":["Nouvelles du si\u00e8ge de la division","RSS Fran\u00e7ais"],"inLanguage":"fr-FR"},{"@type":"WebPage","@id":"https:\/\/interamerica.org\/fr\/2023\/09\/linter-amerique-organise-un-concile-des-diacres-et-des-diaconesses-en-ligne-le-23-septembre\/","url":"https:\/\/interamerica.org\/fr\/2023\/09\/linter-amerique-organise-un-concile-des-diacres-et-des-diaconesses-en-ligne-le-23-septembre\/","name":"L\u2019Inter Am\u00e9rique organise un Concile des Diacres et des Diaconesses en ligne le 23 septembre - \u00c9glise Adventiste Du Septieme Jour - Inter Am\u00e9rique Division","isPartOf":{"@id":"https:\/\/interamerica.org\/fr\/#website"},"primaryImageOfPage":{"@id":"https:\/\/interamerica.org\/fr\/2023\/09\/linter-amerique-organise-un-concile-des-diacres-et-des-diaconesses-en-ligne-le-23-septembre\/#primaryimage"},"image":{"@id":"https:\/\/interamerica.org\/fr\/2023\/09\/linter-amerique-organise-un-concile-des-diacres-et-des-diaconesses-en-ligne-le-23-septembre\/#primaryimage"},"thumbnailUrl":"https:\/\/interamerica.org\/wp-content\/uploads\/2023\/09\/iad-deacon-council.jpg","datePublished":"2023-09-15T13:01:26+00:00","dateModified":"2023-09-15T18:36:54+00:00","author":{"@id":"https:\/\/interamerica.org\/fr\/#\/schema\/person\/29998f2bc2d8bd0d38662909289b54f1"},"breadcrumb":{"@id":"https:\/\/interamerica.org\/fr\/2023\/09\/linter-amerique-organise-un-concile-des-diacres-et-des-diaconesses-en-ligne-le-23-septembre\/#breadcrumb"},"inLanguage":"fr-FR","potentialAction":[{"@type":"ReadAction","target":["https:\/\/interamerica.org\/fr\/2023\/09\/linter-amerique-organise-un-concile-des-diacres-et-des-diaconesses-en-ligne-le-23-septembre\/"]}]},{"@type":"ImageObject","inLanguage":"fr-FR","@id":"https:\/\/interamerica.org\/fr\/2023\/09\/linter-amerique-organise-un-concile-des-diacres-et-des-diaconesses-en-ligne-le-23-septembre\/#primaryimage","url":"https:\/\/interamerica.org\/wp-content\/uploads\/2023\/09\/iad-deacon-council.jpg","contentUrl":"https:\/\/interamerica.org\/wp-content\/uploads\/2023\/09\/iad-deacon-council.jpg","width":1000,"height":625},{"@type":"BreadcrumbList","@id":"https:\/\/interamerica.org\/fr\/2023\/09\/linter-amerique-organise-un-concile-des-diacres-et-des-diaconesses-en-ligne-le-23-septembre\/#breadcrumb","itemListElement":[{"@type":"ListItem","position":1,"name":"Home","item":"https:\/\/interamerica.org\/fr\/"},{"@type":"ListItem","position":2,"name":"L\u2019Inter Am\u00e9rique organise un Concile des Diacres et des Diaconesses en ligne le 23 septembre"}]},{"@type":"WebSite","@id":"https:\/\/interamerica.org\/fr\/#website","url":"https:\/\/interamerica.org\/fr\/","name":"\u00c9glise Adventiste Du Septieme Jour - Inter Am\u00e9rique Division","description":"","potentialAction":[{"@type":"SearchAction","target":{"@type":"EntryPoint","urlTemplate":"https:\/\/interamerica.org\/fr\/?s={search_term_string}"},"query-input":{"@type":"PropertyValueSpecification","valueRequired":true,"valueName":"search_term_string"}}],"inLanguage":"fr-FR"},{"@type":"Person","@id":"https:\/\/interamerica.org\/fr\/#\/schema\/person\/29998f2bc2d8bd0d38662909289b54f1","name":"libna","image":{"@type":"ImageObject","inLanguage":"fr-FR","@id":"https:\/\/secure.gravatar.com\/avatar\/7c5bd30ae4b47a9ba3c856590957fd1d96dc588bf3ac05719d247e126840331f?s=96&d=mm&r=g","url":"https:\/\/secure.gravatar.com\/avatar\/7c5bd30ae4b47a9ba3c856590957fd1d96dc588bf3ac05719d247e126840331f?s=96&d=mm&r=g","contentUrl":"https:\/\/secure.gravatar.com\/avatar\/7c5bd30ae4b47a9ba3c856590957fd1d96dc588bf3ac05719d247e126840331f?s=96&d=mm&r=g","caption":"libna"}}]}},"_links":{"self":[{"href":"https:\/\/interamerica.org\/fr\/wp-json\/wp\/v2\/posts\/103423","targetHints":{"allow":["GET"]}}],"collection":[{"href":"https:\/\/interamerica.org\/fr\/wp-json\/wp\/v2\/posts"}],"about":[{"href":"https:\/\/interamerica.org\/fr\/wp-json\/wp\/v2\/types\/post"}],"author":[{"embeddable":true,"href":"https:\/\/interamerica.org\/fr\/wp-json\/wp\/v2\/users\/3"}],"replies":[{"embeddable":true,"href":"https:\/\/interamerica.org\/fr\/wp-json\/wp\/v2\/comments?post=103423"}],"version-history":[{"count":0,"href":"https:\/\/interamerica.org\/fr\/wp-json\/wp\/v2\/posts\/103423\/revisions"}],"wp:featuredmedia":[{"embeddable":true,"href":"https:\/\/interamerica.org\/fr\/wp-json\/wp\/v2\/media\/103406"}],"wp:attachment":[{"href":"https:\/\/interamerica.org\/fr\/wp-json\/wp\/v2\/media?parent=103423"}],"wp:term":[{"taxonomy":"category","embeddable":true,"href":"https:\/\/interamerica.org\/fr\/wp-json\/wp\/v2\/categories?post=103423"},{"taxonomy":"post_tag","embeddable":true,"href":"https:\/\/interamerica.org\/fr\/wp-json\/wp\/v2\/tags?post=103423"}],"curies":[{"name":"wp","href":"https:\/\/api.w.org\/{rel}","templated":true}]}}