{"id":103690,"date":"2023-09-20T16:01:15","date_gmt":"2023-09-20T20:01:15","guid":{"rendered":"https:\/\/interamerica.org\/?p=103690"},"modified":"2023-09-22T11:13:19","modified_gmt":"2023-09-22T15:13:19","slug":"le-president-de-la-chambre-des-representants-de-la-grenade-incite-les-dirigeants-au-service-fidele","status":"publish","type":"post","link":"https:\/\/interamerica.org\/fr\/2023\/09\/le-president-de-la-chambre-des-representants-de-la-grenade-incite-les-dirigeants-au-service-fidele\/","title":{"rendered":"Le pr\u00e9sident de la Chambre des repr\u00e9sentants de la Grenade incite les dirigeants au service fid\u00e8le"},"content":{"rendered":"<p><div id=\"attachment_103604\" style=\"width: 874px\" class=\"wp-caption aligncenter\"><img fetchpriority=\"high\" decoding=\"async\" aria-describedby=\"caption-attachment-103604\" class=\" wp-image-103603\" src=\"https:\/\/interamerica.org\/wp-content\/uploads\/2023\/09\/grenada-housespeaker.jpg\" alt=\"\" width=\"864\" height=\"576\" srcset=\"https:\/\/interamerica.org\/wp-content\/uploads\/2023\/09\/grenada-housespeaker.jpg 1000w, https:\/\/interamerica.org\/wp-content\/uploads\/2023\/09\/grenada-housespeaker-300x200.jpg 300w, https:\/\/interamerica.org\/wp-content\/uploads\/2023\/09\/grenada-housespeaker-768x512.jpg 768w\" sizes=\"(max-width: 864px) 100vw, 864px\" \/><p id=\"caption-attachment-103604\" class=\"wp-caption-text\"><span style=\"font-weight: 400;\">L\u2019honorable Leo Cato, pr\u00e9sident de la Chambre des repr\u00e9sentants de la nation britannique de la Grenade, offrant une allocution lors de l\u2019ouverture de la session. Il a encourag\u00e9 les membres de l\u2019\u00c9glise adventiste du septi\u00e8me jour \u00e0 r\u00e9pondre de tout c\u0153ur \u00e0 l\u2019appel divin au service de Dieu et de l\u2019humanit\u00e9. [Une photo d\u2019ECC Media]<\/span><\/p><\/div><span style=\"font-weight: 400;\">Le 20 septembre 2023 | Saint-Georges, Grenade | L\u2019Union des Cara\u00efbes et les Actualit\u00e9s de la Division interam\u00e9ricaine\u00a0<\/span><\/p>\n<p><span style=\"font-weight: 400;\">L\u2019honorable Leo Cato, pr\u00e9sident de la Chambre des repr\u00e9sentants de la Grenade, a r\u00e9cemment incit\u00e9 les dirigeants et les jeunes adventistes \u00e0 ne pas s\u2019\u00e9loigner de la mission de l\u2019\u00c9glise et \u00e0 se pr\u00e9parer pour le service lorsque Dieu les appelle. Plus de 140\u00a0dirigeants adventistes \u00e9taient rassembl\u00e9s \u00e0 l\u2019\u00e9glise adventiste du septi\u00e8me jour de Saint-Georges dans le cadre de la sixi\u00e8me session quadriennale de la F\u00e9d\u00e9ration de l\u2019\u00c9glise en Grenade, session dont les r\u00e9unions administratives ont commenc\u00e9 le 23\u00a0ao\u00fbt 2023.<\/span><\/p>\n<p><span style=\"font-weight: 400;\">\u00ab\u00a0L\u2019\u00c9glise adventiste du septi\u00e8me jour ne manque jamais de talents, a dit l\u2019honorable Cato. Dieu a cette fa\u00e7on de donner \u00e0 son peuple les comp\u00e9tences dont nous avons besoin pour mener \u00e0 bien son \u0153uvre.\u00a0\u00bb M.\u00a0Cato, qui a grandi dans l\u2019\u00c9glise adventiste, a rappel\u00e9 aux dirigeants de l\u2019\u00c9glise qu\u2019ils devaient laisser le Seigneur pr\u00e9parer chacun pour le service en utilisant les dons, les comp\u00e9tences et les talents d\u00e9cern\u00e9s. \u00ab\u00a0En offrant notre service, les autres en b\u00e9n\u00e9ficient, mais nous en b\u00e9n\u00e9ficions nous-m\u00eames \u00e9galement.\u00a0\u00bb<\/span><\/p>\n<p><div id=\"attachment_103592\" style=\"width: 481px\" class=\"wp-caption aligncenter\"><img decoding=\"async\" aria-describedby=\"caption-attachment-103592\" class=\" wp-image-103591\" src=\"https:\/\/interamerica.org\/wp-content\/uploads\/2023\/09\/grenada-leo-cato.jpg\" alt=\"\" width=\"471\" height=\"560\" srcset=\"https:\/\/interamerica.org\/wp-content\/uploads\/2023\/09\/grenada-leo-cato.jpg 600w, https:\/\/interamerica.org\/wp-content\/uploads\/2023\/09\/grenada-leo-cato-252x300.jpg 252w\" sizes=\"(max-width: 471px) 100vw, 471px\" \/><p id=\"caption-attachment-103592\" class=\"wp-caption-text\"><span style=\"font-weight: 400;\">L\u2019honorable Leo Cato, pr\u00e9sident de la Chambre des repr\u00e9sentants de la Grenade. [Une photo gracieuset\u00e9 de la banque d\u2019images officielles des chambres du parlement de la Grenade]<\/span><\/p><\/div><span style=\"font-weight: 400;\">Reconna\u00eetre la valeur du service offert aux autres et la fa\u00e7on dont il peut affecter positivement leur vie est d\u2019une importance capitale, a-t-il dit. \u00ab\u00a0Lorsque nous refusons de servir, nous nous mettons en danger. Quand nous refusons ce \u00e0 quoi Dieu nous a appel\u00e9s, nous refusons la croissance et les opportunit\u00e9s.\u00a0\u00bb<\/span><\/p>\n<p><span style=\"font-weight: 400;\">On a d\u00e9crit M.\u00a0Cato comme un dirigeant d\u2019\u00e9glise aimable et influent. Il a dirig\u00e9 plusieurs minist\u00e8res accomplis dans l\u2019\u00c9glise et a dit qu\u2019il n\u2019avait jamais refus\u00e9 de servir au sein de l\u2019\u00c9glise, quel que soit le poste. \u00ab\u00a0Tout au long de ma vie occup\u00e9e au service public, j\u2019ai poursuivi l\u2019\u0153uvre de Dieu\u00a0\u00bb, a-t-il soulign\u00e9. Actuellement, il est le premier ancien de l\u2019\u00c9glise adventiste du septi\u00e8me jour de Saint-John. Il est heureux d\u2019avoir re\u00e7u les valeurs qu\u2019on lui a inculqu\u00e9es lors de son \u00e9ducation chr\u00e9tienne \u00e0 l\u2019\u00e9cole primaire adventiste du septi\u00e8me jour de Mount Rose et \u00e0 l\u2019\u00e9cole secondaire adventiste du septi\u00e8me jour de la Grenade.<\/span><\/p>\n<p><div id=\"attachment_103607\" style=\"width: 843px\" class=\"wp-caption aligncenter\"><img decoding=\"async\" aria-describedby=\"caption-attachment-103607\" class=\" wp-image-103606\" src=\"https:\/\/interamerica.org\/wp-content\/uploads\/2023\/09\/grenada-conference-session.jpg\" alt=\"\" width=\"833\" height=\"469\" srcset=\"https:\/\/interamerica.org\/wp-content\/uploads\/2023\/09\/grenada-conference-session.jpg 1000w, https:\/\/interamerica.org\/wp-content\/uploads\/2023\/09\/grenada-conference-session-300x169.jpg 300w, https:\/\/interamerica.org\/wp-content\/uploads\/2023\/09\/grenada-conference-session-768x432.jpg 768w\" sizes=\"(max-width: 833px) 100vw, 833px\" \/><p id=\"caption-attachment-103607\" class=\"wp-caption-text\"><span style=\"font-weight: 400;\">Le 23 ao\u00fbt 2023, des dirigeants et d\u00e9l\u00e9gu\u00e9s chantant lors de la s\u00e9ance d\u2019ouverture de la sixi\u00e8me session quadriennale de la F\u00e9d\u00e9ration de la Grenade tenue \u00e0 l\u2019\u00e9glise adventiste du septi\u00e8me jour de Saint-Georges. [Une photo d\u2019ECC Media]<\/span><\/p><\/div><span style=\"font-weight: 400;\">Le pasteur Kern Tobias, pr\u00e9sident de l\u2019Union des Cara\u00efbes, a soulign\u00e9 l\u2019importance de l\u2019\u00e9ducation chr\u00e9tienne. \u00ab\u00a0Je suis un produit de l\u2019\u00e9ducation chr\u00e9tienne, et je note sa valeur ajout\u00e9e lorsque je vois des gens comme M.\u00a0Cato vivre ainsi pour Dieu.\u00a0\u00bb<\/span><\/p>\n<p><span style=\"font-weight: 400;\">Natif de la Grenade, M.\u00a0Cato a \u00e9galement servi au sein du service des technologies de l\u2019information (TI) du minist\u00e8re de l\u2019\u00c9ducation et est l\u2019auteur de trois livres sur les technologies de l\u2019information et de la communication (TIC). Il a \u00e9t\u00e9 agent de l\u2019\u00e9ducation et des programmes au sein du minist\u00e8re de l\u2019\u00c9ducation et a servi \u00e0 titre d\u2019inspecteur des technologies de l\u2019information du CXC (Caribbean Examination Council). Il a une ma\u00eetrise en informatique et plusieurs certifications en TIC. M.\u00a0Cato a aussi \u00e9t\u00e9 le directeur de gestion du Centre des TIC pour l\u2019excellence et l\u2019innovation de la Grenade.<\/span><\/p>\n<p><div id=\"attachment_103598\" style=\"width: 857px\" class=\"wp-caption aligncenter\"><img loading=\"lazy\" decoding=\"async\" aria-describedby=\"caption-attachment-103598\" class=\" wp-image-103597\" src=\"https:\/\/interamerica.org\/wp-content\/uploads\/2023\/09\/kern-tobias-grenada-conference.jpg\" alt=\"\" width=\"847\" height=\"565\" srcset=\"https:\/\/interamerica.org\/wp-content\/uploads\/2023\/09\/kern-tobias-grenada-conference.jpg 1000w, https:\/\/interamerica.org\/wp-content\/uploads\/2023\/09\/kern-tobias-grenada-conference-300x200.jpg 300w, https:\/\/interamerica.org\/wp-content\/uploads\/2023\/09\/kern-tobias-grenada-conference-768x512.jpg 768w\" sizes=\"(max-width: 847px) 100vw, 847px\" \/><p id=\"caption-attachment-103598\" class=\"wp-caption-text\"><span style=\"font-weight: 400;\">Le pasteur Kern Tobias, pr\u00e9sident de l\u2019Union des Cara\u00efbes, s\u2019adresse aux d\u00e9l\u00e9gu\u00e9s de la session de la F\u00e9d\u00e9ration de la Grenade. [Une photo d\u2019ECC Media]<\/span><\/p><\/div><span style=\"font-weight: 400;\">Apr\u00e8s trois d\u00e9cennies comme \u00e9ducateur, il a \u00e9t\u00e9 \u00e9lu \u00e0 la Chambre des repr\u00e9sentants de la Grenade le 31\u00a0ao\u00fbt 2022 et fait partie des quelques adventistes qui ont occup\u00e9 des postes similaires de service \u00e0 leur pays. Lors de la premi\u00e8re s\u00e9ance du onzi\u00e8me parlement, il a \u00e9t\u00e9 \u00e9lu pour servir \u00e0 titre de neuvi\u00e8me pr\u00e9sident de la Chambre. Il a identifi\u00e9 sa foi comme contributeur positif \u00e0 son r\u00f4le de leadership au gouvernement.<\/span><\/p>\n<p><span style=\"font-weight: 400;\">Les sessions nous am\u00e8nent \u00e0 servir l\u2019\u00c9glise de diverses mani\u00e8res, \u00e0 donner \u00e0 des membres qui sont nomm\u00e9s comme d\u00e9l\u00e9gu\u00e9s pour la premi\u00e8re fois l\u2019occasion d\u2019identifier les qualit\u00e9s, les comp\u00e9tences et l\u2019expertise des dirigeants qui sont pr\u00eats \u00e0 travailler de mani\u00e8re efficace pour accomplir la mission de l\u2019\u00c9glise, a expliqu\u00e9 le pasteur Tobias.<\/span><\/p>\n<p><div id=\"attachment_103614\" style=\"width: 849px\" class=\"wp-caption aligncenter\"><img loading=\"lazy\" decoding=\"async\" aria-describedby=\"caption-attachment-103614\" class=\" wp-image-103613\" src=\"https:\/\/interamerica.org\/wp-content\/uploads\/2023\/09\/grenada-leaders2023.jpg\" alt=\"\" width=\"839\" height=\"452\" srcset=\"https:\/\/interamerica.org\/wp-content\/uploads\/2023\/09\/grenada-leaders2023.jpg 1000w, https:\/\/interamerica.org\/wp-content\/uploads\/2023\/09\/grenada-leaders2023-300x162.jpg 300w, https:\/\/interamerica.org\/wp-content\/uploads\/2023\/09\/grenada-leaders2023-768x414.jpg 768w\" sizes=\"(max-width: 839px) 100vw, 839px\" \/><p id=\"caption-attachment-103614\" class=\"wp-caption-text\"><span style=\"font-weight: 400;\">De gauche \u00e0 droite\u00a0: Les pasteurs Kern Tobias, pr\u00e9sident de l\u2019Union des Cara\u00efbes; Balvin Braham, vice-pr\u00e9sident de la Division interam\u00e9ricaine; l\u2019honorable Leo Cato, pr\u00e9sident de la Chambre de la Grenade; Clinton Lewis, ancien pr\u00e9sident de la F\u00e9d\u00e9ration de la Grenade; Oliver Scott, secr\u00e9taire ex\u00e9cutif de la F\u00e9d\u00e9ration de la Grenade. [Une photo des M\u00e9dias de la F\u00e9d\u00e9ration de la Grenade]<\/span><\/p><\/div><span style=\"font-weight: 400;\">Les d\u00e9l\u00e9gu\u00e9s de la session ont \u00e9lu les pasteurs Enoch Isaac comme pr\u00e9sident, Oliver Scott comme secr\u00e9taire et Anslem Joseph comme tr\u00e9sorier de la F\u00e9d\u00e9ration de la Grenade, entre autres dirigeants de d\u00e9partement et de minist\u00e8re.<\/span><\/p>\n<p><span style=\"font-weight: 400;\">Durant son allocution adress\u00e9e aux d\u00e9l\u00e9gu\u00e9s, le pr\u00e9sident Isaac a encourag\u00e9 la vigilance, rappelant \u00e0 son auditoire de continuer de faire avancer la mission. Il a appel\u00e9 \u00e0 des fondements in\u00e9branlables sur la parole de Dieu et a fait r\u00e9sonner les paroles d\u2019Ellen G.\u00a0White, cofondatrice de l\u2019\u00c9glise adventiste afin d\u2019appeler les membres \u00e0 maintenir leur int\u00e9grit\u00e9 et \u00e0 demeurer fermes dans un monde caract\u00e9ris\u00e9 par le compromis.<\/span><\/p>\n<p><span style=\"font-weight: 400;\">La F\u00e9d\u00e9ration de la Grenade compte plus de 13\u00a0400\u00a0membres adventistes du septi\u00e8me jour qui adorent au sein de 50\u00a0\u00e9glises et groupes. L\u2019organisation supervise \u00e9galement deux \u00e9coles primaires et une \u00e9cole secondaire.<\/span><\/p>\n<p>Traduction : Marie-Mich\u00e8le Robitaille<\/p>\n","protected":false},"excerpt":{"rendered":"<p>Le 20 septembre 2023 | Saint-Georges, Grenade | L\u2019Union des Cara\u00efbes et les Actualit\u00e9s de la Division interam\u00e9ricaine\u00a0 L\u2019honorable Leo Cato, pr\u00e9sident de la Chambre des repr\u00e9sentants de la Grenade,&#8230;<\/p>\n","protected":false},"author":3,"featured_media":103604,"comment_status":"closed","ping_status":"closed","sticky":false,"template":"","format":"standard","meta":{"_acf_changed":false,"footnotes":""},"categories":[21,19],"tags":[],"class_list":["post-103690","post","type-post","status-publish","format-standard","has-post-thumbnail","hentry","category-nouvelles-du-territoire","category-rss-francais"],"acf":[],"yoast_head":"<!-- This site is optimized with the Yoast SEO plugin v27.3 - https:\/\/yoast.com\/product\/yoast-seo-wordpress\/ -->\n<title>Le pr\u00e9sident de la Chambre des repr\u00e9sentants de la Grenade incite les dirigeants au service fid\u00e8le - \u00c9glise Adventiste Du Septieme Jour - Inter Am\u00e9rique Division<\/title>\n<meta name=\"robots\" content=\"index, follow, max-snippet:-1, max-image-preview:large, max-video-preview:-1\" \/>\n<link rel=\"canonical\" href=\"https:\/\/interamerica.org\/fr\/2023\/09\/le-president-de-la-chambre-des-representants-de-la-grenade-incite-les-dirigeants-au-service-fidele\/\" \/>\n<meta property=\"og:locale\" content=\"fr_FR\" \/>\n<meta property=\"og:type\" content=\"article\" \/>\n<meta property=\"og:title\" content=\"Le pr\u00e9sident de la Chambre des repr\u00e9sentants de la Grenade incite les dirigeants au service fid\u00e8le - \u00c9glise Adventiste Du Septieme Jour - Inter Am\u00e9rique Division\" \/>\n<meta property=\"og:description\" content=\"Le 20 septembre 2023 | Saint-Georges, Grenade | L\u2019Union des Cara\u00efbes et les Actualit\u00e9s de la Division interam\u00e9ricaine\u00a0 L\u2019honorable Leo Cato, pr\u00e9sident de la Chambre des repr\u00e9sentants de la Grenade,...\" \/>\n<meta property=\"og:url\" content=\"https:\/\/interamerica.org\/fr\/2023\/09\/le-president-de-la-chambre-des-representants-de-la-grenade-incite-les-dirigeants-au-service-fidele\/\" \/>\n<meta property=\"og:site_name\" content=\"\u00c9glise Adventiste Du Septieme Jour - Inter Am\u00e9rique Division\" \/>\n<meta property=\"article:published_time\" content=\"2023-09-20T20:01:15+00:00\" \/>\n<meta property=\"article:modified_time\" content=\"2023-09-22T15:13:19+00:00\" \/>\n<meta property=\"og:image\" content=\"https:\/\/interamerica.org\/wp-content\/uploads\/2023\/09\/grenada-housespeaker.jpg\" \/>\n\t<meta property=\"og:image:width\" content=\"1000\" \/>\n\t<meta property=\"og:image:height\" content=\"667\" \/>\n\t<meta property=\"og:image:type\" content=\"image\/jpeg\" \/>\n<meta name=\"author\" content=\"libna\" \/>\n<meta name=\"twitter:card\" content=\"summary_large_image\" \/>\n<meta name=\"twitter:label1\" content=\"\u00c9crit par\" \/>\n\t<meta name=\"twitter:data1\" content=\"libna\" \/>\n\t<meta name=\"twitter:label2\" content=\"Dur\u00e9e de lecture estim\u00e9e\" \/>\n\t<meta name=\"twitter:data2\" content=\"6 minutes\" \/>\n<script type=\"application\/ld+json\" class=\"yoast-schema-graph\">{\"@context\":\"https:\\\/\\\/schema.org\",\"@graph\":[{\"@type\":\"Article\",\"@id\":\"https:\\\/\\\/interamerica.org\\\/fr\\\/2023\\\/09\\\/le-president-de-la-chambre-des-representants-de-la-grenade-incite-les-dirigeants-au-service-fidele\\\/#article\",\"isPartOf\":{\"@id\":\"https:\\\/\\\/interamerica.org\\\/fr\\\/2023\\\/09\\\/le-president-de-la-chambre-des-representants-de-la-grenade-incite-les-dirigeants-au-service-fidele\\\/\"},\"author\":{\"name\":\"libna\",\"@id\":\"https:\\\/\\\/interamerica.org\\\/fr\\\/#\\\/schema\\\/person\\\/29998f2bc2d8bd0d38662909289b54f1\"},\"headline\":\"Le pr\u00e9sident de la Chambre des repr\u00e9sentants de la Grenade incite les dirigeants au service fid\u00e8le\",\"datePublished\":\"2023-09-20T20:01:15+00:00\",\"dateModified\":\"2023-09-22T15:13:19+00:00\",\"mainEntityOfPage\":{\"@id\":\"https:\\\/\\\/interamerica.org\\\/fr\\\/2023\\\/09\\\/le-president-de-la-chambre-des-representants-de-la-grenade-incite-les-dirigeants-au-service-fidele\\\/\"},\"wordCount\":1160,\"image\":{\"@id\":\"https:\\\/\\\/interamerica.org\\\/fr\\\/2023\\\/09\\\/le-president-de-la-chambre-des-representants-de-la-grenade-incite-les-dirigeants-au-service-fidele\\\/#primaryimage\"},\"thumbnailUrl\":\"https:\\\/\\\/interamerica.org\\\/wp-content\\\/uploads\\\/2023\\\/09\\\/grenada-housespeaker.jpg\",\"articleSection\":[\"Nouvelles du territoire\",\"RSS Fran\u00e7ais\"],\"inLanguage\":\"fr-FR\"},{\"@type\":\"WebPage\",\"@id\":\"https:\\\/\\\/interamerica.org\\\/fr\\\/2023\\\/09\\\/le-president-de-la-chambre-des-representants-de-la-grenade-incite-les-dirigeants-au-service-fidele\\\/\",\"url\":\"https:\\\/\\\/interamerica.org\\\/fr\\\/2023\\\/09\\\/le-president-de-la-chambre-des-representants-de-la-grenade-incite-les-dirigeants-au-service-fidele\\\/\",\"name\":\"Le pr\u00e9sident de la Chambre des repr\u00e9sentants de la Grenade incite les dirigeants au service fid\u00e8le - \u00c9glise Adventiste Du Septieme Jour - Inter Am\u00e9rique Division\",\"isPartOf\":{\"@id\":\"https:\\\/\\\/interamerica.org\\\/fr\\\/#website\"},\"primaryImageOfPage\":{\"@id\":\"https:\\\/\\\/interamerica.org\\\/fr\\\/2023\\\/09\\\/le-president-de-la-chambre-des-representants-de-la-grenade-incite-les-dirigeants-au-service-fidele\\\/#primaryimage\"},\"image\":{\"@id\":\"https:\\\/\\\/interamerica.org\\\/fr\\\/2023\\\/09\\\/le-president-de-la-chambre-des-representants-de-la-grenade-incite-les-dirigeants-au-service-fidele\\\/#primaryimage\"},\"thumbnailUrl\":\"https:\\\/\\\/interamerica.org\\\/wp-content\\\/uploads\\\/2023\\\/09\\\/grenada-housespeaker.jpg\",\"datePublished\":\"2023-09-20T20:01:15+00:00\",\"dateModified\":\"2023-09-22T15:13:19+00:00\",\"author\":{\"@id\":\"https:\\\/\\\/interamerica.org\\\/fr\\\/#\\\/schema\\\/person\\\/29998f2bc2d8bd0d38662909289b54f1\"},\"breadcrumb\":{\"@id\":\"https:\\\/\\\/interamerica.org\\\/fr\\\/2023\\\/09\\\/le-president-de-la-chambre-des-representants-de-la-grenade-incite-les-dirigeants-au-service-fidele\\\/#breadcrumb\"},\"inLanguage\":\"fr-FR\",\"potentialAction\":[{\"@type\":\"ReadAction\",\"target\":[\"https:\\\/\\\/interamerica.org\\\/fr\\\/2023\\\/09\\\/le-president-de-la-chambre-des-representants-de-la-grenade-incite-les-dirigeants-au-service-fidele\\\/\"]}]},{\"@type\":\"ImageObject\",\"inLanguage\":\"fr-FR\",\"@id\":\"https:\\\/\\\/interamerica.org\\\/fr\\\/2023\\\/09\\\/le-president-de-la-chambre-des-representants-de-la-grenade-incite-les-dirigeants-au-service-fidele\\\/#primaryimage\",\"url\":\"https:\\\/\\\/interamerica.org\\\/wp-content\\\/uploads\\\/2023\\\/09\\\/grenada-housespeaker.jpg\",\"contentUrl\":\"https:\\\/\\\/interamerica.org\\\/wp-content\\\/uploads\\\/2023\\\/09\\\/grenada-housespeaker.jpg\",\"width\":1000,\"height\":667,\"caption\":\"[Photo:\"},{\"@type\":\"BreadcrumbList\",\"@id\":\"https:\\\/\\\/interamerica.org\\\/fr\\\/2023\\\/09\\\/le-president-de-la-chambre-des-representants-de-la-grenade-incite-les-dirigeants-au-service-fidele\\\/#breadcrumb\",\"itemListElement\":[{\"@type\":\"ListItem\",\"position\":1,\"name\":\"Home\",\"item\":\"https:\\\/\\\/interamerica.org\\\/fr\\\/\"},{\"@type\":\"ListItem\",\"position\":2,\"name\":\"Le pr\u00e9sident de la Chambre des repr\u00e9sentants de la Grenade incite les dirigeants au service fid\u00e8le\"}]},{\"@type\":\"WebSite\",\"@id\":\"https:\\\/\\\/interamerica.org\\\/fr\\\/#website\",\"url\":\"https:\\\/\\\/interamerica.org\\\/fr\\\/\",\"name\":\"\u00c9glise Adventiste Du Septieme Jour - Inter Am\u00e9rique Division\",\"description\":\"\",\"potentialAction\":[{\"@type\":\"SearchAction\",\"target\":{\"@type\":\"EntryPoint\",\"urlTemplate\":\"https:\\\/\\\/interamerica.org\\\/fr\\\/?s={search_term_string}\"},\"query-input\":{\"@type\":\"PropertyValueSpecification\",\"valueRequired\":true,\"valueName\":\"search_term_string\"}}],\"inLanguage\":\"fr-FR\"},{\"@type\":\"Person\",\"@id\":\"https:\\\/\\\/interamerica.org\\\/fr\\\/#\\\/schema\\\/person\\\/29998f2bc2d8bd0d38662909289b54f1\",\"name\":\"libna\",\"image\":{\"@type\":\"ImageObject\",\"inLanguage\":\"fr-FR\",\"@id\":\"https:\\\/\\\/secure.gravatar.com\\\/avatar\\\/7c5bd30ae4b47a9ba3c856590957fd1d96dc588bf3ac05719d247e126840331f?s=96&d=mm&r=g\",\"url\":\"https:\\\/\\\/secure.gravatar.com\\\/avatar\\\/7c5bd30ae4b47a9ba3c856590957fd1d96dc588bf3ac05719d247e126840331f?s=96&d=mm&r=g\",\"contentUrl\":\"https:\\\/\\\/secure.gravatar.com\\\/avatar\\\/7c5bd30ae4b47a9ba3c856590957fd1d96dc588bf3ac05719d247e126840331f?s=96&d=mm&r=g\",\"caption\":\"libna\"}}]}<\/script>\n<!-- \/ Yoast SEO plugin. -->","yoast_head_json":{"title":"Le pr\u00e9sident de la Chambre des repr\u00e9sentants de la Grenade incite les dirigeants au service fid\u00e8le - \u00c9glise Adventiste Du Septieme Jour - Inter Am\u00e9rique Division","robots":{"index":"index","follow":"follow","max-snippet":"max-snippet:-1","max-image-preview":"max-image-preview:large","max-video-preview":"max-video-preview:-1"},"canonical":"https:\/\/interamerica.org\/fr\/2023\/09\/le-president-de-la-chambre-des-representants-de-la-grenade-incite-les-dirigeants-au-service-fidele\/","og_locale":"fr_FR","og_type":"article","og_title":"Le pr\u00e9sident de la Chambre des repr\u00e9sentants de la Grenade incite les dirigeants au service fid\u00e8le - \u00c9glise Adventiste Du Septieme Jour - Inter Am\u00e9rique Division","og_description":"Le 20 septembre 2023 | Saint-Georges, Grenade | L\u2019Union des Cara\u00efbes et les Actualit\u00e9s de la Division interam\u00e9ricaine\u00a0 L\u2019honorable Leo Cato, pr\u00e9sident de la Chambre des repr\u00e9sentants de la Grenade,...","og_url":"https:\/\/interamerica.org\/fr\/2023\/09\/le-president-de-la-chambre-des-representants-de-la-grenade-incite-les-dirigeants-au-service-fidele\/","og_site_name":"\u00c9glise Adventiste Du Septieme Jour - Inter Am\u00e9rique Division","article_published_time":"2023-09-20T20:01:15+00:00","article_modified_time":"2023-09-22T15:13:19+00:00","og_image":[{"width":1000,"height":667,"url":"https:\/\/interamerica.org\/wp-content\/uploads\/2023\/09\/grenada-housespeaker.jpg","type":"image\/jpeg"}],"author":"libna","twitter_card":"summary_large_image","twitter_misc":{"\u00c9crit par":"libna","Dur\u00e9e de lecture estim\u00e9e":"6 minutes"},"schema":{"@context":"https:\/\/schema.org","@graph":[{"@type":"Article","@id":"https:\/\/interamerica.org\/fr\/2023\/09\/le-president-de-la-chambre-des-representants-de-la-grenade-incite-les-dirigeants-au-service-fidele\/#article","isPartOf":{"@id":"https:\/\/interamerica.org\/fr\/2023\/09\/le-president-de-la-chambre-des-representants-de-la-grenade-incite-les-dirigeants-au-service-fidele\/"},"author":{"name":"libna","@id":"https:\/\/interamerica.org\/fr\/#\/schema\/person\/29998f2bc2d8bd0d38662909289b54f1"},"headline":"Le pr\u00e9sident de la Chambre des repr\u00e9sentants de la Grenade incite les dirigeants au service fid\u00e8le","datePublished":"2023-09-20T20:01:15+00:00","dateModified":"2023-09-22T15:13:19+00:00","mainEntityOfPage":{"@id":"https:\/\/interamerica.org\/fr\/2023\/09\/le-president-de-la-chambre-des-representants-de-la-grenade-incite-les-dirigeants-au-service-fidele\/"},"wordCount":1160,"image":{"@id":"https:\/\/interamerica.org\/fr\/2023\/09\/le-president-de-la-chambre-des-representants-de-la-grenade-incite-les-dirigeants-au-service-fidele\/#primaryimage"},"thumbnailUrl":"https:\/\/interamerica.org\/wp-content\/uploads\/2023\/09\/grenada-housespeaker.jpg","articleSection":["Nouvelles du territoire","RSS Fran\u00e7ais"],"inLanguage":"fr-FR"},{"@type":"WebPage","@id":"https:\/\/interamerica.org\/fr\/2023\/09\/le-president-de-la-chambre-des-representants-de-la-grenade-incite-les-dirigeants-au-service-fidele\/","url":"https:\/\/interamerica.org\/fr\/2023\/09\/le-president-de-la-chambre-des-representants-de-la-grenade-incite-les-dirigeants-au-service-fidele\/","name":"Le pr\u00e9sident de la Chambre des repr\u00e9sentants de la Grenade incite les dirigeants au service fid\u00e8le - \u00c9glise Adventiste Du Septieme Jour - Inter Am\u00e9rique Division","isPartOf":{"@id":"https:\/\/interamerica.org\/fr\/#website"},"primaryImageOfPage":{"@id":"https:\/\/interamerica.org\/fr\/2023\/09\/le-president-de-la-chambre-des-representants-de-la-grenade-incite-les-dirigeants-au-service-fidele\/#primaryimage"},"image":{"@id":"https:\/\/interamerica.org\/fr\/2023\/09\/le-president-de-la-chambre-des-representants-de-la-grenade-incite-les-dirigeants-au-service-fidele\/#primaryimage"},"thumbnailUrl":"https:\/\/interamerica.org\/wp-content\/uploads\/2023\/09\/grenada-housespeaker.jpg","datePublished":"2023-09-20T20:01:15+00:00","dateModified":"2023-09-22T15:13:19+00:00","author":{"@id":"https:\/\/interamerica.org\/fr\/#\/schema\/person\/29998f2bc2d8bd0d38662909289b54f1"},"breadcrumb":{"@id":"https:\/\/interamerica.org\/fr\/2023\/09\/le-president-de-la-chambre-des-representants-de-la-grenade-incite-les-dirigeants-au-service-fidele\/#breadcrumb"},"inLanguage":"fr-FR","potentialAction":[{"@type":"ReadAction","target":["https:\/\/interamerica.org\/fr\/2023\/09\/le-president-de-la-chambre-des-representants-de-la-grenade-incite-les-dirigeants-au-service-fidele\/"]}]},{"@type":"ImageObject","inLanguage":"fr-FR","@id":"https:\/\/interamerica.org\/fr\/2023\/09\/le-president-de-la-chambre-des-representants-de-la-grenade-incite-les-dirigeants-au-service-fidele\/#primaryimage","url":"https:\/\/interamerica.org\/wp-content\/uploads\/2023\/09\/grenada-housespeaker.jpg","contentUrl":"https:\/\/interamerica.org\/wp-content\/uploads\/2023\/09\/grenada-housespeaker.jpg","width":1000,"height":667,"caption":"[Photo:"},{"@type":"BreadcrumbList","@id":"https:\/\/interamerica.org\/fr\/2023\/09\/le-president-de-la-chambre-des-representants-de-la-grenade-incite-les-dirigeants-au-service-fidele\/#breadcrumb","itemListElement":[{"@type":"ListItem","position":1,"name":"Home","item":"https:\/\/interamerica.org\/fr\/"},{"@type":"ListItem","position":2,"name":"Le pr\u00e9sident de la Chambre des repr\u00e9sentants de la Grenade incite les dirigeants au service fid\u00e8le"}]},{"@type":"WebSite","@id":"https:\/\/interamerica.org\/fr\/#website","url":"https:\/\/interamerica.org\/fr\/","name":"\u00c9glise Adventiste Du Septieme Jour - Inter Am\u00e9rique Division","description":"","potentialAction":[{"@type":"SearchAction","target":{"@type":"EntryPoint","urlTemplate":"https:\/\/interamerica.org\/fr\/?s={search_term_string}"},"query-input":{"@type":"PropertyValueSpecification","valueRequired":true,"valueName":"search_term_string"}}],"inLanguage":"fr-FR"},{"@type":"Person","@id":"https:\/\/interamerica.org\/fr\/#\/schema\/person\/29998f2bc2d8bd0d38662909289b54f1","name":"libna","image":{"@type":"ImageObject","inLanguage":"fr-FR","@id":"https:\/\/secure.gravatar.com\/avatar\/7c5bd30ae4b47a9ba3c856590957fd1d96dc588bf3ac05719d247e126840331f?s=96&d=mm&r=g","url":"https:\/\/secure.gravatar.com\/avatar\/7c5bd30ae4b47a9ba3c856590957fd1d96dc588bf3ac05719d247e126840331f?s=96&d=mm&r=g","contentUrl":"https:\/\/secure.gravatar.com\/avatar\/7c5bd30ae4b47a9ba3c856590957fd1d96dc588bf3ac05719d247e126840331f?s=96&d=mm&r=g","caption":"libna"}}]}},"_links":{"self":[{"href":"https:\/\/interamerica.org\/fr\/wp-json\/wp\/v2\/posts\/103690","targetHints":{"allow":["GET"]}}],"collection":[{"href":"https:\/\/interamerica.org\/fr\/wp-json\/wp\/v2\/posts"}],"about":[{"href":"https:\/\/interamerica.org\/fr\/wp-json\/wp\/v2\/types\/post"}],"author":[{"embeddable":true,"href":"https:\/\/interamerica.org\/fr\/wp-json\/wp\/v2\/users\/3"}],"replies":[{"embeddable":true,"href":"https:\/\/interamerica.org\/fr\/wp-json\/wp\/v2\/comments?post=103690"}],"version-history":[{"count":0,"href":"https:\/\/interamerica.org\/fr\/wp-json\/wp\/v2\/posts\/103690\/revisions"}],"wp:featuredmedia":[{"embeddable":true,"href":"https:\/\/interamerica.org\/fr\/wp-json\/wp\/v2\/media\/103604"}],"wp:attachment":[{"href":"https:\/\/interamerica.org\/fr\/wp-json\/wp\/v2\/media?parent=103690"}],"wp:term":[{"taxonomy":"category","embeddable":true,"href":"https:\/\/interamerica.org\/fr\/wp-json\/wp\/v2\/categories?post=103690"},{"taxonomy":"post_tag","embeddable":true,"href":"https:\/\/interamerica.org\/fr\/wp-json\/wp\/v2\/tags?post=103690"}],"curies":[{"name":"wp","href":"https:\/\/api.w.org\/{rel}","templated":true}]}}