{"id":103745,"date":"2023-09-22T15:07:18","date_gmt":"2023-09-22T19:07:18","guid":{"rendered":"https:\/\/interamerica.org\/?p=103745"},"modified":"2023-09-22T19:40:13","modified_gmt":"2023-09-22T23:40:13","slug":"au-panama-les-jeunes-adventistes-sont-invites-a-redynamiser-leur-vie-avec-jesus","status":"publish","type":"post","link":"https:\/\/interamerica.org\/fr\/2023\/09\/au-panama-les-jeunes-adventistes-sont-invites-a-redynamiser-leur-vie-avec-jesus\/","title":{"rendered":"Au Panama, les jeunes adventistes sont invit\u00e9s \u00e0 redynamiser leur vie avec J\u00e9sus"},"content":{"rendered":"<p><div id=\"attachment_103730\" style=\"width: 869px\" class=\"wp-caption aligncenter\"><img fetchpriority=\"high\" decoding=\"async\" aria-describedby=\"caption-attachment-103730\" class=\" wp-image-103729\" src=\"https:\/\/interamerica.org\/wp-content\/uploads\/2023\/09\/panu-youthcongress-delegation-colon.jpg\" alt=\"\" width=\"859\" height=\"573\" srcset=\"https:\/\/interamerica.org\/wp-content\/uploads\/2023\/09\/panu-youthcongress-delegation-colon.jpg 1000w, https:\/\/interamerica.org\/wp-content\/uploads\/2023\/09\/panu-youthcongress-delegation-colon-300x200.jpg 300w, https:\/\/interamerica.org\/wp-content\/uploads\/2023\/09\/panu-youthcongress-delegation-colon-768x512.jpg 768w\" sizes=\"(max-width: 859px) 100vw, 859px\" \/><p id=\"caption-attachment-103730\" class=\"wp-caption-text\">Une d\u00e9l\u00e9gation de jeunes adventistes de Colon, au Panama, montre son enthousiasme en saluant les plus de 1700 participants au premier congr\u00e8s de jeunesse organis\u00e9 par l\u2019\u00e9glise pour toute la r\u00e9gion, dans la ville de Panama, au Panama, du 18 au 20 ao\u00fbt 2023. [Photo : Union du Panama]<\/p><\/div>22 Septembre 2023 | Ville de Panama, Panama | Kayc James et Libna Stevens, Actualit\u00e9s de la Division Inter Am\u00e9ricaine<\/p>\n<p>Plus de 1700 jeunes adventistes du septi\u00e8me jour venus de tout le Panama se sont r\u00e9unis \u00e0 l\u2019occasion du premier congr\u00e8s de jeunesse organis\u00e9 par l\u2019\u00c9glise pour tout le pays afin de faire une pause, d\u2019examiner leur vie spirituelle et de redynamiser leur relation avec J\u00e9sus. Des dizaines de jeunes du Costa Rica, de la R\u00e9publique Dominicaine et de la Colombie ont \u00e9galement particip\u00e9 au programme de trois jours dans la ville de Panama, au Panama, du 18 au 20 ao\u00fbt 2023.<\/p>\n<p>\u00ab Vous \u00eates ici pour tirer le meilleur de l\u2019exp\u00e9rience offerte par ce congr\u00e8s, pour en apprendre davantage sur J\u00e9sus et \u00e9tablir le contact avec d\u2019autres jeunes de tout le pays et d\u2019ailleurs, \u00bb a d\u00e9clar\u00e9 pasteur Jos\u00e9 De Gracia, pr\u00e9sident de l\u2019Union du Panama. Le congr\u00e8s qui avait pour th\u00e8me \u00ab Redynamiser, \u00bb avait \u00e9t\u00e9 programm\u00e9 depuis la cr\u00e9ation de l\u2019union en 2015, mais le programme a \u00e9t\u00e9 renvoy\u00e9 lorsque la pand\u00e9mie a frapp\u00e9, a-t-il d\u00e9clar\u00e9.<\/p>\n<p><div id=\"attachment_103712\" style=\"width: 843px\" class=\"wp-caption aligncenter\"><img decoding=\"async\" aria-describedby=\"caption-attachment-103712\" class=\" wp-image-103711\" src=\"https:\/\/interamerica.org\/wp-content\/uploads\/2023\/09\/misaelgonzalez-panu.jpg\" alt=\"\" width=\"833\" height=\"555\" srcset=\"https:\/\/interamerica.org\/wp-content\/uploads\/2023\/09\/misaelgonzalez-panu.jpg 1000w, https:\/\/interamerica.org\/wp-content\/uploads\/2023\/09\/misaelgonzalez-panu-300x200.jpg 300w, https:\/\/interamerica.org\/wp-content\/uploads\/2023\/09\/misaelgonzalez-panu-768x512.jpg 768w\" sizes=\"(max-width: 833px) 100vw, 833px\" \/><p id=\"caption-attachment-103712\" class=\"wp-caption-text\">Pasteur Misael Gonz\u00e1lez, directeur des minist\u00e8res de la jeunesse de l\u2019Union du Panama et principal organisateur du programme, accueille les d\u00e9l\u00e9gu\u00e9s au congr\u00e8s \u00e0 l\u2019Amphith\u00e9\u00e2tre Cinta Costera dans la ville de Panama, au Panama, le 18 ao\u00fbt 2023. Des d\u00e9l\u00e9gations du Costa Rica, de la R\u00e9publique Dominicaine et de la Colombie ont particip\u00e9 au programme de trois jours. [Photo : Union du Panama]<\/p><\/div><strong>Redynamiser une connexion avec J\u00e9sus<\/strong><\/p>\n<p>Redynamiser une vie avec J\u00e9sus est exactement ce que les dirigeants de l\u2019\u00c9glise avaient en t\u00eate lorsqu\u2019ils ont rassembl\u00e9 tous ces jeunes pour le congr\u00e8s, a d\u00e9clar\u00e9 pasteur Misael Gonz\u00e1lez, directeur des minist\u00e8res de la jeunesse de l\u2019Union du Panama et principal organisateur du congr\u00e8s. \u00ab Les jeunes attendaient avec impatience ce programme &#8212; un programme destin\u00e9 \u00e0 former, encourager et motiver les jeunes \u00e0 s\u2019approprier la mission de l\u2019\u00c9glise avec leurs comp\u00e9tences, leurs talents et leurs dons spirituels mis au service de Dieu et de leur communaut\u00e9, \u00bb a dit pasteur Gonz\u00e1lez. Le congr\u00e8s a \u00e9galement apport\u00e9 des principes bibliques qu\u2019ils peuvent appliquer dans leur vie pour approfondir leur engagement envers J\u00e9sus et son \u00c9glise, a-t-il d\u00e9clar\u00e9.<\/p>\n<p><div id=\"attachment_103703\" style=\"width: 816px\" class=\"wp-caption aligncenter\"><img decoding=\"async\" aria-describedby=\"caption-attachment-103703\" class=\" wp-image-103702\" src=\"https:\/\/interamerica.org\/wp-content\/uploads\/2023\/09\/panu-youth-congress-fridaynight.jpg\" alt=\"\" width=\"806\" height=\"538\" srcset=\"https:\/\/interamerica.org\/wp-content\/uploads\/2023\/09\/panu-youth-congress-fridaynight.jpg 1000w, https:\/\/interamerica.org\/wp-content\/uploads\/2023\/09\/panu-youth-congress-fridaynight-300x200.jpg 300w, https:\/\/interamerica.org\/wp-content\/uploads\/2023\/09\/panu-youth-congress-fridaynight-768x512.jpg 768w\" sizes=\"(max-width: 806px) 100vw, 806px\" \/><p id=\"caption-attachment-103703\" class=\"wp-caption-text\">Des centaines de personnes \u00e9coutent attentivement lors de la soir\u00e9e d\u2019ouverture \u00e0 l\u2019Amphith\u00e9\u00e2tre Cinta Costera de la ville de Panama, au Panama. [Photo : Union du Panama]<\/p><\/div>Les jeunes ont particip\u00e9 \u00e0 des s\u00e9ances pl\u00e9ni\u00e8res et \u00e0 des s\u00e9minaires sur la sant\u00e9 mentale, le d\u00e9veloppement du leadership, la formation de disciples num\u00e9riques, le leadership d\u2019une soci\u00e9t\u00e9 de jeunesse, la tenue d\u2019un journal biblique, le service missionnaire, le lettrage et bien plus encore ; ils ont \u00e9galement pris part \u00e0 des s\u00e9ances de pri\u00e8re, des concerts sp\u00e9ciaux et des activit\u00e9s \u00e0 impact communautaire.<\/p>\n<p>\u00ab Nos jeunes se sont impliqu\u00e9s \u00e0 100 pour cent dans chaque partie du programme, \u00bb a d\u00e9clar\u00e9 pasteur Gonz\u00e1lez. Les jeunes n\u2019ont pas h\u00e9sit\u00e9 \u00e0 donner leur sang pour sauver la vie de dizaines de personnes, ils ont distribu\u00e9 de la nourriture, distribu\u00e9 des publications, ont pri\u00e9 pour les gens et leur ont fait des accolades sur les places, dans les rues, dans les communaut\u00e9s, entre autres activit\u00e9s, a-t-il ajout\u00e9. Le congr\u00e8s a \u00e9galement vu des centaines de jeunes participer \u00e0 une marche de 5 km \u00e0 travers la ville t\u00f4t dimanche matin avant les s\u00e9ances du matin du 20 ao\u00fbt.<\/p>\n<p><div id=\"attachment_103709\" style=\"width: 810px\" class=\"wp-caption aligncenter\"><img loading=\"lazy\" decoding=\"async\" aria-describedby=\"caption-attachment-103709\" class=\" wp-image-103708\" src=\"https:\/\/interamerica.org\/wp-content\/uploads\/2023\/09\/arnaldo-cruz-panu-youthcongress.jpg\" alt=\"\" width=\"800\" height=\"533\" srcset=\"https:\/\/interamerica.org\/wp-content\/uploads\/2023\/09\/arnaldo-cruz-panu-youthcongress.jpg 1000w, https:\/\/interamerica.org\/wp-content\/uploads\/2023\/09\/arnaldo-cruz-panu-youthcongress-300x200.jpg 300w, https:\/\/interamerica.org\/wp-content\/uploads\/2023\/09\/arnaldo-cruz-panu-youthcongress-768x511.jpg 768w\" sizes=\"(max-width: 800px) 100vw, 800px\" \/><p id=\"caption-attachment-103709\" class=\"wp-caption-text\">Pasteur Arnaldo Cruz, de la F\u00e9d\u00e9ration du Sud-Est de la Floride, \u00e9tait le conf\u00e9rencier principal lors du Congr\u00e8s de Jeunesse de l\u2019Union du Panama. [Photo : Union du Panama]<\/p><\/div><strong>Le pass\u00e9 reste dans le pass\u00e9<\/strong><\/p>\n<p>L\u2019intervenant principal, le pasteur Arnaldo Cruz, de la F\u00e9d\u00e9ration du Sud-Est de la Floride, a exhort\u00e9 les jeunes \u00e0 se r\u00e9veiller de la mort spirituelle et \u00e0 entrer dans une vie avec J\u00e9sus. \u00ab Quel que soit ce qui s\u2019est pass\u00e9 dans votre vie, c\u2019est du pass\u00e9, \u00bb a dit pasteur Cruz. \u00ab J\u00e9sus veut ralentir \u2018vos fun\u00e9railles\u2019 et redynamiser votre vie en lui. Personne ne peut minimiser ce que Dieu fait et peut faire pour vous. \u00bb<\/p>\n<p>Pasteur Andres Peralta, directeur adjoint des minist\u00e8res de la jeunesse de la Conf\u00e9rence G\u00e9n\u00e9rale, a encourag\u00e9 les jeunes \u00e0 s\u2019accrocher \u00e0 J\u00e9sus alors qu\u2019ils g\u00e8rent les d\u00e9fis auxquels ils sont confront\u00e9s. \u00ab J\u00e9sus peut vous donner la paix pendant les temp\u00eates auxquelles vous faites face, \u00bb a d\u00e9clar\u00e9 pasteur Peralta. Il a \u00e9galement encourag\u00e9 les jeunes \u00e0 remplir leur vie de la Parole de Dieu afin qu\u2019ils puissent mieux remplir la mission consistant \u00e0 proclamer l\u2019\u00e9vangile alors qu\u2019ils dirigent des r\u00e9unions de soci\u00e9t\u00e9s de jeunesse, des programmes d\u2019impact communautaire et des rassemblements de jeunes.<\/p>\n<p><div id=\"attachment_103724\" style=\"width: 832px\" class=\"wp-caption aligncenter\"><img loading=\"lazy\" decoding=\"async\" aria-describedby=\"caption-attachment-103724\" class=\" wp-image-103723\" src=\"https:\/\/interamerica.org\/wp-content\/uploads\/2023\/09\/panu-youthcongress-youth1.jpg\" alt=\"\" width=\"822\" height=\"548\" srcset=\"https:\/\/interamerica.org\/wp-content\/uploads\/2023\/09\/panu-youthcongress-youth1.jpg 1000w, https:\/\/interamerica.org\/wp-content\/uploads\/2023\/09\/panu-youthcongress-youth1-300x200.jpg 300w, https:\/\/interamerica.org\/wp-content\/uploads\/2023\/09\/panu-youthcongress-youth1-768x512.jpg 768w\" sizes=\"(max-width: 822px) 100vw, 822px\" \/><p id=\"caption-attachment-103724\" class=\"wp-caption-text\">Des jeunes sont venus de diff\u00e9rentes r\u00e9gions du Panama pour assister \u00e0 des s\u00e9minaires et \u00e0 des pr\u00e9sentations au Centre de Conventions du Panama, dans la ville de Panama, au Panama du 19 au 20 ao\u00fbt 2023. [Photo : Union du Panama]<\/p><\/div>D\u2019autre part, \u00ab Primera Fe \u00bb, un groupe musical du Chili, a chant\u00e9 et dirig\u00e9 la louange et l\u2019adoration pendant le congr\u00e8s de jeunesse.<\/p>\n<p><strong>\u00catre une b\u00e9n\u00e9diction pour les autres jeunes<\/strong><\/p>\n<p>Pour Tanysha Grenald, se rendre au congr\u00e8s n\u2019a pas \u00e9t\u00e9 facile. Elle a voyag\u00e9 en bateau depuis Bocas del Toro, \u00e0 la pointe sud de l\u2019\u00eele de Col\u00f3n, dans le nord du Panama, puis a fait neuf heures de route en voiture pour se rendre au programme de jeunesse. \u00ab Arriver ici a \u00e9t\u00e9 un d\u00e9fi parce que nous avons d\u00fb collecter des fonds pour y arriver, mais Dieu merci, cela a \u00e9t\u00e9 une exp\u00e9rience inoubliable et un v\u00e9ritable red\u00e9marrage pour ma vie spirituelle, \u00bb a dit Tanysha Grenald. \u00ab Je suis venue ici avec l\u2019intention de ne rien rater, avec un c\u0153ur dispos\u00e9 \u00e0 me laisser toucher par le Saint Esprit, et j\u2019ai v\u00e9cu une exp\u00e9rience exceptionnelle ; j\u2019ai une plus grande conviction quant au fait d\u2019aider et de prendre soin des jeunes les plus vuln\u00e9rables, qui se sentent jug\u00e9s et parfois rejet\u00e9s. \u00bb<\/p>\n<p><div id=\"attachment_103715\" style=\"width: 860px\" class=\"wp-caption aligncenter\"><img loading=\"lazy\" decoding=\"async\" aria-describedby=\"caption-attachment-103715\" class=\" wp-image-103714\" src=\"https:\/\/interamerica.org\/wp-content\/uploads\/2023\/09\/panu-youthcongress-andres-peralta.jpg\" alt=\"\" width=\"850\" height=\"567\" srcset=\"https:\/\/interamerica.org\/wp-content\/uploads\/2023\/09\/panu-youthcongress-andres-peralta.jpg 1000w, https:\/\/interamerica.org\/wp-content\/uploads\/2023\/09\/panu-youthcongress-andres-peralta-300x200.jpg 300w, https:\/\/interamerica.org\/wp-content\/uploads\/2023\/09\/panu-youthcongress-andres-peralta-768x512.jpg 768w\" sizes=\"(max-width: 850px) 100vw, 850px\" \/><p id=\"caption-attachment-103715\" class=\"wp-caption-text\">Pasteur Andr\u00e9s Peralta, directeur adjoint des minist\u00e8res de la jeunesse de la Conf\u00e9rence G\u00e9n\u00e9rale, dirige un s\u00e9minaire pendant le congr\u00e8s. [Photo : Union du Panama]<\/p><\/div>L\u2019engagement, l\u2019amiti\u00e9 et la restauration ont \u00e9t\u00e9 quelques-uns des \u00e9l\u00e9ments cl\u00e9s qu\u2019Eira Rivas a retenus du congr\u00e8s de jeunesse. Elle a voyag\u00e9 depuis l\u2019ouest du Panama et a profit\u00e9 de nombreuses activit\u00e9s qui lui ont permis de rencontrer d\u2019autres jeunes de son propre pays et d\u2019ailleurs. \u00ab Pour moi, cela a \u00e9t\u00e9 synonyme de nouveau d\u00e9part et m\u2019a aid\u00e9 \u00e0 comprendre que lorsque nous travaillons pour Dieu, nous travaillons pour le plus grand patron et peu importe combien de fois nous avons tr\u00e9buch\u00e9 au cours de notre voyage, Dieu est toujours pr\u00eat \u00e0 nous aider \u00e0 surmonter n\u2019importe quelle difficult\u00e9, \u00bb a dit Eira Rivas. \u00ab Dieu vous \u00e9l\u00e8ve chaque jour et ce n\u2019est pas seulement ici que nous pouvons redynamiser notre vie, mais chaque jour, nous pouvons la redynamiser avec Lui. \u00bb<\/p>\n<p><div id=\"attachment_103733\" style=\"width: 829px\" class=\"wp-caption aligncenter\"><img loading=\"lazy\" decoding=\"async\" aria-describedby=\"caption-attachment-103733\" class=\" wp-image-103732\" src=\"https:\/\/interamerica.org\/wp-content\/uploads\/2023\/09\/panu-youthcongress-trafficlights.jpg\" alt=\"\" width=\"819\" height=\"546\" srcset=\"https:\/\/interamerica.org\/wp-content\/uploads\/2023\/09\/panu-youthcongress-trafficlights.jpg 1000w, https:\/\/interamerica.org\/wp-content\/uploads\/2023\/09\/panu-youthcongress-trafficlights-300x200.jpg 300w, https:\/\/interamerica.org\/wp-content\/uploads\/2023\/09\/panu-youthcongress-trafficlights-768x512.jpg 768w\" sizes=\"(max-width: 819px) 100vw, 819px\" \/><p id=\"caption-attachment-103733\" class=\"wp-caption-text\">[Photo: Union du Panama]<\/p><\/div>Des jeunes ont diffus\u00e9 des messages d\u2019espoir aux feux de circulation de la ville, ont organis\u00e9 des concerts musicaux dans les centres commerciaux et sur les places, ont r\u00e9pandu de la joie et ont r\u00e9alis\u00e9 des actes de bienveillance.<\/p>\n<p>Le congr\u00e8s de jeunesse et ses activit\u00e9s ont \u00e9t\u00e9 couverts par la t\u00e9l\u00e9vision nationale, la radio et la presse \u00e9crite du Panama.<\/p>\n<p><strong>Approfondir la connexion avec Dieu<\/strong><\/p>\n<p>Huit jeunes repr\u00e9sentant chacune des f\u00e9d\u00e9rations et missions du Panama ont \u00e9t\u00e9 baptis\u00e9s, s\u2019ajoutant aux dizaines de jeunes qui ont \u00e9t\u00e9 baptis\u00e9s apr\u00e8s des centaines de campagnes d\u2019\u00e9vang\u00e9lisation de jeunes organis\u00e9es dans les \u00e9glises et les congr\u00e9gations locales deux semaines avant le congr\u00e8s, a d\u00e9clar\u00e9 pasteur Gonz\u00e1lez.<\/p>\n<p><div id=\"attachment_103736\" style=\"width: 856px\" class=\"wp-caption aligncenter\"><img loading=\"lazy\" decoding=\"async\" aria-describedby=\"caption-attachment-103736\" class=\" wp-image-103735\" src=\"https:\/\/interamerica.org\/wp-content\/uploads\/2023\/09\/panu-youthcongress-park-messages.jpg\" alt=\"\" width=\"846\" height=\"564\" srcset=\"https:\/\/interamerica.org\/wp-content\/uploads\/2023\/09\/panu-youthcongress-park-messages.jpg 1000w, https:\/\/interamerica.org\/wp-content\/uploads\/2023\/09\/panu-youthcongress-park-messages-300x200.jpg 300w, https:\/\/interamerica.org\/wp-content\/uploads\/2023\/09\/panu-youthcongress-park-messages-768x512.jpg 768w\" sizes=\"(max-width: 846px) 100vw, 846px\" \/><p id=\"caption-attachment-103736\" class=\"wp-caption-text\">Les jeunes Adventistes tiennent des affiches avec les mots : \u00ab C\u2019est seulement en Dieu que vous trouverez du repos pour votre \u00e2me, \u00bb \u00ab J\u00e9sus vous aime \u00bb et \u00ab Accolades gratuites \u00bb lors d\u2019une action d\u2019impact communautaire dans la ville de Panama. [Photo : Union du Panama]<\/p><\/div>\u00ab Ce [congr\u00e8s] a \u00e9t\u00e9 incroyable, \u00bb a d\u00e9clar\u00e9 pasteur Gonz\u00e1lez. \u00ab Nous avons pu voir la main de Dieu \u00e0 l\u2019\u0153uvre dans la vie des jeunes. Leur engagement envers Dieu et leurs responsabilit\u00e9s dans l\u2019\u00e9glise et dans la mission \u00e9taient tr\u00e8s visibles. \u00bb<\/p>\n<p><div id=\"attachment_103706\" style=\"width: 863px\" class=\"wp-caption aligncenter\"><img loading=\"lazy\" decoding=\"async\" aria-describedby=\"caption-attachment-103706\" class=\" wp-image-103705\" src=\"https:\/\/interamerica.org\/wp-content\/uploads\/2023\/09\/panu-youthcongress-blood-donation.jpg\" alt=\"\" width=\"853\" height=\"568\" srcset=\"https:\/\/interamerica.org\/wp-content\/uploads\/2023\/09\/panu-youthcongress-blood-donation.jpg 1000w, https:\/\/interamerica.org\/wp-content\/uploads\/2023\/09\/panu-youthcongress-blood-donation-300x200.jpg 300w, https:\/\/interamerica.org\/wp-content\/uploads\/2023\/09\/panu-youthcongress-blood-donation-768x511.jpg 768w\" sizes=\"(max-width: 853px) 100vw, 853px\" \/><p id=\"caption-attachment-103706\" class=\"wp-caption-text\">Une jeune donne son sang pendant le congr\u00e8s de la jeunesse en guise d\u2019engagement au service pour aider les autres. [Photo : Union du Panama]<\/p><\/div>Les dirigeants de l\u2019\u00c9glise au Panama ont d\u00e9j\u00e0 leurs yeux fix\u00e9s sur le prochain congr\u00e8s de jeunesse qui aura lieu en 2025, a d\u00e9clar\u00e9 pasteur Gonz\u00e1lez. \u00ab Notre \u00e9glise compte plus de 10000 jeunes actifs et nous voulons pouvoir accueillir plus du double de la d\u00e9l\u00e9gation que nous avons eue \u00e0 ce congr\u00e8s de jeunesse, \u00bb a-t-il conclu.<\/p>\n<p><em>Tomas Hils a apport\u00e9 des informations pour la r\u00e9daction de cet article.<\/em><\/p>\n<p>Traduction: Patrick Luciathe<\/p>\n","protected":false},"excerpt":{"rendered":"<p>22 Septembre 2023 | Ville de Panama, Panama | Kayc James et Libna Stevens, Actualit\u00e9s de la Division Inter Am\u00e9ricaine Plus de 1700 jeunes adventistes du septi\u00e8me jour venus de&#8230;<\/p>\n","protected":false},"author":3,"featured_media":103730,"comment_status":"closed","ping_status":"closed","sticky":false,"template":"","format":"standard","meta":{"_acf_changed":false,"footnotes":""},"categories":[21,19],"tags":[],"class_list":["post-103745","post","type-post","status-publish","format-standard","has-post-thumbnail","hentry","category-nouvelles-du-territoire","category-rss-francais"],"acf":[],"yoast_head":"<!-- This site is optimized with the Yoast SEO plugin v27.3 - https:\/\/yoast.com\/product\/yoast-seo-wordpress\/ -->\n<title>Au Panama, les jeunes adventistes sont invit\u00e9s \u00e0 redynamiser leur vie avec J\u00e9sus - \u00c9glise Adventiste Du Septieme Jour - Inter Am\u00e9rique Division<\/title>\n<meta name=\"robots\" content=\"index, follow, max-snippet:-1, max-image-preview:large, max-video-preview:-1\" \/>\n<link rel=\"canonical\" href=\"https:\/\/interamerica.org\/fr\/2023\/09\/au-panama-les-jeunes-adventistes-sont-invites-a-redynamiser-leur-vie-avec-jesus\/\" \/>\n<meta property=\"og:locale\" content=\"fr_FR\" \/>\n<meta property=\"og:type\" content=\"article\" \/>\n<meta property=\"og:title\" content=\"Au Panama, les jeunes adventistes sont invit\u00e9s \u00e0 redynamiser leur vie avec J\u00e9sus - \u00c9glise Adventiste Du Septieme Jour - Inter Am\u00e9rique Division\" \/>\n<meta property=\"og:description\" content=\"22 Septembre 2023 | Ville de Panama, Panama | Kayc James et Libna Stevens, Actualit\u00e9s de la Division Inter Am\u00e9ricaine Plus de 1700 jeunes adventistes du septi\u00e8me jour venus de...\" \/>\n<meta property=\"og:url\" content=\"https:\/\/interamerica.org\/fr\/2023\/09\/au-panama-les-jeunes-adventistes-sont-invites-a-redynamiser-leur-vie-avec-jesus\/\" \/>\n<meta property=\"og:site_name\" content=\"\u00c9glise Adventiste Du Septieme Jour - Inter Am\u00e9rique Division\" \/>\n<meta property=\"article:published_time\" content=\"2023-09-22T19:07:18+00:00\" \/>\n<meta property=\"article:modified_time\" content=\"2023-09-22T23:40:13+00:00\" \/>\n<meta property=\"og:image\" content=\"https:\/\/interamerica.org\/wp-content\/uploads\/2023\/09\/panu-youthcongress-delegation-colon.jpg\" \/>\n\t<meta property=\"og:image:width\" content=\"1000\" \/>\n\t<meta property=\"og:image:height\" content=\"667\" \/>\n\t<meta property=\"og:image:type\" content=\"image\/jpeg\" \/>\n<meta name=\"author\" content=\"libna\" \/>\n<meta name=\"twitter:card\" content=\"summary_large_image\" \/>\n<meta name=\"twitter:label1\" content=\"\u00c9crit par\" \/>\n\t<meta name=\"twitter:data1\" content=\"libna\" \/>\n\t<meta name=\"twitter:label2\" content=\"Dur\u00e9e de lecture estim\u00e9e\" \/>\n\t<meta name=\"twitter:data2\" content=\"9 minutes\" \/>\n<script type=\"application\/ld+json\" class=\"yoast-schema-graph\">{\"@context\":\"https:\\\/\\\/schema.org\",\"@graph\":[{\"@type\":\"Article\",\"@id\":\"https:\\\/\\\/interamerica.org\\\/fr\\\/2023\\\/09\\\/au-panama-les-jeunes-adventistes-sont-invites-a-redynamiser-leur-vie-avec-jesus\\\/#article\",\"isPartOf\":{\"@id\":\"https:\\\/\\\/interamerica.org\\\/fr\\\/2023\\\/09\\\/au-panama-les-jeunes-adventistes-sont-invites-a-redynamiser-leur-vie-avec-jesus\\\/\"},\"author\":{\"name\":\"libna\",\"@id\":\"https:\\\/\\\/interamerica.org\\\/fr\\\/#\\\/schema\\\/person\\\/29998f2bc2d8bd0d38662909289b54f1\"},\"headline\":\"Au Panama, les jeunes adventistes sont invit\u00e9s \u00e0 redynamiser leur vie avec J\u00e9sus\",\"datePublished\":\"2023-09-22T19:07:18+00:00\",\"dateModified\":\"2023-09-22T23:40:13+00:00\",\"mainEntityOfPage\":{\"@id\":\"https:\\\/\\\/interamerica.org\\\/fr\\\/2023\\\/09\\\/au-panama-les-jeunes-adventistes-sont-invites-a-redynamiser-leur-vie-avec-jesus\\\/\"},\"wordCount\":1700,\"image\":{\"@id\":\"https:\\\/\\\/interamerica.org\\\/fr\\\/2023\\\/09\\\/au-panama-les-jeunes-adventistes-sont-invites-a-redynamiser-leur-vie-avec-jesus\\\/#primaryimage\"},\"thumbnailUrl\":\"https:\\\/\\\/interamerica.org\\\/wp-content\\\/uploads\\\/2023\\\/09\\\/panu-youthcongress-delegation-colon.jpg\",\"articleSection\":[\"Nouvelles du territoire\",\"RSS Fran\u00e7ais\"],\"inLanguage\":\"fr-FR\"},{\"@type\":\"WebPage\",\"@id\":\"https:\\\/\\\/interamerica.org\\\/fr\\\/2023\\\/09\\\/au-panama-les-jeunes-adventistes-sont-invites-a-redynamiser-leur-vie-avec-jesus\\\/\",\"url\":\"https:\\\/\\\/interamerica.org\\\/fr\\\/2023\\\/09\\\/au-panama-les-jeunes-adventistes-sont-invites-a-redynamiser-leur-vie-avec-jesus\\\/\",\"name\":\"Au Panama, les jeunes adventistes sont invit\u00e9s \u00e0 redynamiser leur vie avec J\u00e9sus - \u00c9glise Adventiste Du Septieme Jour - Inter Am\u00e9rique Division\",\"isPartOf\":{\"@id\":\"https:\\\/\\\/interamerica.org\\\/fr\\\/#website\"},\"primaryImageOfPage\":{\"@id\":\"https:\\\/\\\/interamerica.org\\\/fr\\\/2023\\\/09\\\/au-panama-les-jeunes-adventistes-sont-invites-a-redynamiser-leur-vie-avec-jesus\\\/#primaryimage\"},\"image\":{\"@id\":\"https:\\\/\\\/interamerica.org\\\/fr\\\/2023\\\/09\\\/au-panama-les-jeunes-adventistes-sont-invites-a-redynamiser-leur-vie-avec-jesus\\\/#primaryimage\"},\"thumbnailUrl\":\"https:\\\/\\\/interamerica.org\\\/wp-content\\\/uploads\\\/2023\\\/09\\\/panu-youthcongress-delegation-colon.jpg\",\"datePublished\":\"2023-09-22T19:07:18+00:00\",\"dateModified\":\"2023-09-22T23:40:13+00:00\",\"author\":{\"@id\":\"https:\\\/\\\/interamerica.org\\\/fr\\\/#\\\/schema\\\/person\\\/29998f2bc2d8bd0d38662909289b54f1\"},\"breadcrumb\":{\"@id\":\"https:\\\/\\\/interamerica.org\\\/fr\\\/2023\\\/09\\\/au-panama-les-jeunes-adventistes-sont-invites-a-redynamiser-leur-vie-avec-jesus\\\/#breadcrumb\"},\"inLanguage\":\"fr-FR\",\"potentialAction\":[{\"@type\":\"ReadAction\",\"target\":[\"https:\\\/\\\/interamerica.org\\\/fr\\\/2023\\\/09\\\/au-panama-les-jeunes-adventistes-sont-invites-a-redynamiser-leur-vie-avec-jesus\\\/\"]}]},{\"@type\":\"ImageObject\",\"inLanguage\":\"fr-FR\",\"@id\":\"https:\\\/\\\/interamerica.org\\\/fr\\\/2023\\\/09\\\/au-panama-les-jeunes-adventistes-sont-invites-a-redynamiser-leur-vie-avec-jesus\\\/#primaryimage\",\"url\":\"https:\\\/\\\/interamerica.org\\\/wp-content\\\/uploads\\\/2023\\\/09\\\/panu-youthcongress-delegation-colon.jpg\",\"contentUrl\":\"https:\\\/\\\/interamerica.org\\\/wp-content\\\/uploads\\\/2023\\\/09\\\/panu-youthcongress-delegation-colon.jpg\",\"width\":1000,\"height\":667,\"caption\":\"[Photo: Panama Union]\"},{\"@type\":\"BreadcrumbList\",\"@id\":\"https:\\\/\\\/interamerica.org\\\/fr\\\/2023\\\/09\\\/au-panama-les-jeunes-adventistes-sont-invites-a-redynamiser-leur-vie-avec-jesus\\\/#breadcrumb\",\"itemListElement\":[{\"@type\":\"ListItem\",\"position\":1,\"name\":\"Home\",\"item\":\"https:\\\/\\\/interamerica.org\\\/fr\\\/\"},{\"@type\":\"ListItem\",\"position\":2,\"name\":\"Au Panama, les jeunes adventistes sont invit\u00e9s \u00e0 redynamiser leur vie avec J\u00e9sus\"}]},{\"@type\":\"WebSite\",\"@id\":\"https:\\\/\\\/interamerica.org\\\/fr\\\/#website\",\"url\":\"https:\\\/\\\/interamerica.org\\\/fr\\\/\",\"name\":\"\u00c9glise Adventiste Du Septieme Jour - Inter Am\u00e9rique Division\",\"description\":\"\",\"potentialAction\":[{\"@type\":\"SearchAction\",\"target\":{\"@type\":\"EntryPoint\",\"urlTemplate\":\"https:\\\/\\\/interamerica.org\\\/fr\\\/?s={search_term_string}\"},\"query-input\":{\"@type\":\"PropertyValueSpecification\",\"valueRequired\":true,\"valueName\":\"search_term_string\"}}],\"inLanguage\":\"fr-FR\"},{\"@type\":\"Person\",\"@id\":\"https:\\\/\\\/interamerica.org\\\/fr\\\/#\\\/schema\\\/person\\\/29998f2bc2d8bd0d38662909289b54f1\",\"name\":\"libna\",\"image\":{\"@type\":\"ImageObject\",\"inLanguage\":\"fr-FR\",\"@id\":\"https:\\\/\\\/secure.gravatar.com\\\/avatar\\\/7c5bd30ae4b47a9ba3c856590957fd1d96dc588bf3ac05719d247e126840331f?s=96&d=mm&r=g\",\"url\":\"https:\\\/\\\/secure.gravatar.com\\\/avatar\\\/7c5bd30ae4b47a9ba3c856590957fd1d96dc588bf3ac05719d247e126840331f?s=96&d=mm&r=g\",\"contentUrl\":\"https:\\\/\\\/secure.gravatar.com\\\/avatar\\\/7c5bd30ae4b47a9ba3c856590957fd1d96dc588bf3ac05719d247e126840331f?s=96&d=mm&r=g\",\"caption\":\"libna\"}}]}<\/script>\n<!-- \/ Yoast SEO plugin. -->","yoast_head_json":{"title":"Au Panama, les jeunes adventistes sont invit\u00e9s \u00e0 redynamiser leur vie avec J\u00e9sus - \u00c9glise Adventiste Du Septieme Jour - Inter Am\u00e9rique Division","robots":{"index":"index","follow":"follow","max-snippet":"max-snippet:-1","max-image-preview":"max-image-preview:large","max-video-preview":"max-video-preview:-1"},"canonical":"https:\/\/interamerica.org\/fr\/2023\/09\/au-panama-les-jeunes-adventistes-sont-invites-a-redynamiser-leur-vie-avec-jesus\/","og_locale":"fr_FR","og_type":"article","og_title":"Au Panama, les jeunes adventistes sont invit\u00e9s \u00e0 redynamiser leur vie avec J\u00e9sus - \u00c9glise Adventiste Du Septieme Jour - Inter Am\u00e9rique Division","og_description":"22 Septembre 2023 | Ville de Panama, Panama | Kayc James et Libna Stevens, Actualit\u00e9s de la Division Inter Am\u00e9ricaine Plus de 1700 jeunes adventistes du septi\u00e8me jour venus de...","og_url":"https:\/\/interamerica.org\/fr\/2023\/09\/au-panama-les-jeunes-adventistes-sont-invites-a-redynamiser-leur-vie-avec-jesus\/","og_site_name":"\u00c9glise Adventiste Du Septieme Jour - Inter Am\u00e9rique Division","article_published_time":"2023-09-22T19:07:18+00:00","article_modified_time":"2023-09-22T23:40:13+00:00","og_image":[{"width":1000,"height":667,"url":"https:\/\/interamerica.org\/wp-content\/uploads\/2023\/09\/panu-youthcongress-delegation-colon.jpg","type":"image\/jpeg"}],"author":"libna","twitter_card":"summary_large_image","twitter_misc":{"\u00c9crit par":"libna","Dur\u00e9e de lecture estim\u00e9e":"9 minutes"},"schema":{"@context":"https:\/\/schema.org","@graph":[{"@type":"Article","@id":"https:\/\/interamerica.org\/fr\/2023\/09\/au-panama-les-jeunes-adventistes-sont-invites-a-redynamiser-leur-vie-avec-jesus\/#article","isPartOf":{"@id":"https:\/\/interamerica.org\/fr\/2023\/09\/au-panama-les-jeunes-adventistes-sont-invites-a-redynamiser-leur-vie-avec-jesus\/"},"author":{"name":"libna","@id":"https:\/\/interamerica.org\/fr\/#\/schema\/person\/29998f2bc2d8bd0d38662909289b54f1"},"headline":"Au Panama, les jeunes adventistes sont invit\u00e9s \u00e0 redynamiser leur vie avec J\u00e9sus","datePublished":"2023-09-22T19:07:18+00:00","dateModified":"2023-09-22T23:40:13+00:00","mainEntityOfPage":{"@id":"https:\/\/interamerica.org\/fr\/2023\/09\/au-panama-les-jeunes-adventistes-sont-invites-a-redynamiser-leur-vie-avec-jesus\/"},"wordCount":1700,"image":{"@id":"https:\/\/interamerica.org\/fr\/2023\/09\/au-panama-les-jeunes-adventistes-sont-invites-a-redynamiser-leur-vie-avec-jesus\/#primaryimage"},"thumbnailUrl":"https:\/\/interamerica.org\/wp-content\/uploads\/2023\/09\/panu-youthcongress-delegation-colon.jpg","articleSection":["Nouvelles du territoire","RSS Fran\u00e7ais"],"inLanguage":"fr-FR"},{"@type":"WebPage","@id":"https:\/\/interamerica.org\/fr\/2023\/09\/au-panama-les-jeunes-adventistes-sont-invites-a-redynamiser-leur-vie-avec-jesus\/","url":"https:\/\/interamerica.org\/fr\/2023\/09\/au-panama-les-jeunes-adventistes-sont-invites-a-redynamiser-leur-vie-avec-jesus\/","name":"Au Panama, les jeunes adventistes sont invit\u00e9s \u00e0 redynamiser leur vie avec J\u00e9sus - \u00c9glise Adventiste Du Septieme Jour - Inter Am\u00e9rique Division","isPartOf":{"@id":"https:\/\/interamerica.org\/fr\/#website"},"primaryImageOfPage":{"@id":"https:\/\/interamerica.org\/fr\/2023\/09\/au-panama-les-jeunes-adventistes-sont-invites-a-redynamiser-leur-vie-avec-jesus\/#primaryimage"},"image":{"@id":"https:\/\/interamerica.org\/fr\/2023\/09\/au-panama-les-jeunes-adventistes-sont-invites-a-redynamiser-leur-vie-avec-jesus\/#primaryimage"},"thumbnailUrl":"https:\/\/interamerica.org\/wp-content\/uploads\/2023\/09\/panu-youthcongress-delegation-colon.jpg","datePublished":"2023-09-22T19:07:18+00:00","dateModified":"2023-09-22T23:40:13+00:00","author":{"@id":"https:\/\/interamerica.org\/fr\/#\/schema\/person\/29998f2bc2d8bd0d38662909289b54f1"},"breadcrumb":{"@id":"https:\/\/interamerica.org\/fr\/2023\/09\/au-panama-les-jeunes-adventistes-sont-invites-a-redynamiser-leur-vie-avec-jesus\/#breadcrumb"},"inLanguage":"fr-FR","potentialAction":[{"@type":"ReadAction","target":["https:\/\/interamerica.org\/fr\/2023\/09\/au-panama-les-jeunes-adventistes-sont-invites-a-redynamiser-leur-vie-avec-jesus\/"]}]},{"@type":"ImageObject","inLanguage":"fr-FR","@id":"https:\/\/interamerica.org\/fr\/2023\/09\/au-panama-les-jeunes-adventistes-sont-invites-a-redynamiser-leur-vie-avec-jesus\/#primaryimage","url":"https:\/\/interamerica.org\/wp-content\/uploads\/2023\/09\/panu-youthcongress-delegation-colon.jpg","contentUrl":"https:\/\/interamerica.org\/wp-content\/uploads\/2023\/09\/panu-youthcongress-delegation-colon.jpg","width":1000,"height":667,"caption":"[Photo: Panama Union]"},{"@type":"BreadcrumbList","@id":"https:\/\/interamerica.org\/fr\/2023\/09\/au-panama-les-jeunes-adventistes-sont-invites-a-redynamiser-leur-vie-avec-jesus\/#breadcrumb","itemListElement":[{"@type":"ListItem","position":1,"name":"Home","item":"https:\/\/interamerica.org\/fr\/"},{"@type":"ListItem","position":2,"name":"Au Panama, les jeunes adventistes sont invit\u00e9s \u00e0 redynamiser leur vie avec J\u00e9sus"}]},{"@type":"WebSite","@id":"https:\/\/interamerica.org\/fr\/#website","url":"https:\/\/interamerica.org\/fr\/","name":"\u00c9glise Adventiste Du Septieme Jour - Inter Am\u00e9rique Division","description":"","potentialAction":[{"@type":"SearchAction","target":{"@type":"EntryPoint","urlTemplate":"https:\/\/interamerica.org\/fr\/?s={search_term_string}"},"query-input":{"@type":"PropertyValueSpecification","valueRequired":true,"valueName":"search_term_string"}}],"inLanguage":"fr-FR"},{"@type":"Person","@id":"https:\/\/interamerica.org\/fr\/#\/schema\/person\/29998f2bc2d8bd0d38662909289b54f1","name":"libna","image":{"@type":"ImageObject","inLanguage":"fr-FR","@id":"https:\/\/secure.gravatar.com\/avatar\/7c5bd30ae4b47a9ba3c856590957fd1d96dc588bf3ac05719d247e126840331f?s=96&d=mm&r=g","url":"https:\/\/secure.gravatar.com\/avatar\/7c5bd30ae4b47a9ba3c856590957fd1d96dc588bf3ac05719d247e126840331f?s=96&d=mm&r=g","contentUrl":"https:\/\/secure.gravatar.com\/avatar\/7c5bd30ae4b47a9ba3c856590957fd1d96dc588bf3ac05719d247e126840331f?s=96&d=mm&r=g","caption":"libna"}}]}},"_links":{"self":[{"href":"https:\/\/interamerica.org\/fr\/wp-json\/wp\/v2\/posts\/103745","targetHints":{"allow":["GET"]}}],"collection":[{"href":"https:\/\/interamerica.org\/fr\/wp-json\/wp\/v2\/posts"}],"about":[{"href":"https:\/\/interamerica.org\/fr\/wp-json\/wp\/v2\/types\/post"}],"author":[{"embeddable":true,"href":"https:\/\/interamerica.org\/fr\/wp-json\/wp\/v2\/users\/3"}],"replies":[{"embeddable":true,"href":"https:\/\/interamerica.org\/fr\/wp-json\/wp\/v2\/comments?post=103745"}],"version-history":[{"count":0,"href":"https:\/\/interamerica.org\/fr\/wp-json\/wp\/v2\/posts\/103745\/revisions"}],"wp:featuredmedia":[{"embeddable":true,"href":"https:\/\/interamerica.org\/fr\/wp-json\/wp\/v2\/media\/103730"}],"wp:attachment":[{"href":"https:\/\/interamerica.org\/fr\/wp-json\/wp\/v2\/media?parent=103745"}],"wp:term":[{"taxonomy":"category","embeddable":true,"href":"https:\/\/interamerica.org\/fr\/wp-json\/wp\/v2\/categories?post=103745"},{"taxonomy":"post_tag","embeddable":true,"href":"https:\/\/interamerica.org\/fr\/wp-json\/wp\/v2\/tags?post=103745"}],"curies":[{"name":"wp","href":"https:\/\/api.w.org\/{rel}","templated":true}]}}