{"id":103901,"date":"2023-09-26T18:58:33","date_gmt":"2023-09-26T22:58:33","guid":{"rendered":"https:\/\/interamerica.org\/?p=103901"},"modified":"2023-09-27T10:16:32","modified_gmt":"2023-09-27T14:16:32","slug":"intersection-entre-la-priere-et-la-technologie-pour-amener-les-gens-a-jesus","status":"publish","type":"post","link":"https:\/\/interamerica.org\/fr\/2023\/09\/intersection-entre-la-priere-et-la-technologie-pour-amener-les-gens-a-jesus\/","title":{"rendered":"Intersection entre la pri\u00e8re et la technologie pour amener les gens \u00e0 J\u00e9sus"},"content":{"rendered":"<div id=\"attachment_103873\" style=\"width: 876px\" class=\"wp-caption aligncenter\"><img fetchpriority=\"high\" decoding=\"async\" aria-describedby=\"caption-attachment-103873\" class=\" wp-image-103872\" src=\"https:\/\/interamerica.org\/wp-content\/uploads\/2023\/09\/gaoin-asia-1-digital-evangelismdsc-1243.jpeg\" alt=\"\" width=\"866\" height=\"563\" srcset=\"https:\/\/interamerica.org\/wp-content\/uploads\/2023\/09\/gaoin-asia-1-digital-evangelismdsc-1243.jpeg 1000w, https:\/\/interamerica.org\/wp-content\/uploads\/2023\/09\/gaoin-asia-1-digital-evangelismdsc-1243-300x195.jpeg 300w, https:\/\/interamerica.org\/wp-content\/uploads\/2023\/09\/gaoin-asia-1-digital-evangelismdsc-1243-768x499.jpeg 768w\" sizes=\"(max-width: 866px) 100vw, 866px\" \/><p id=\"caption-attachment-103873\" class=\"wp-caption-text\">Justin JoungHan Kim, directeur de l\u2019\u00e9vang\u00e9lisation num\u00e9rique de la F\u00e9d\u00e9ration des \u00c9glises Adventistes du Centre de la Californie, aux \u00c9tats-Unis, montre certaines des annonces pr\u00e9par\u00e9es pour proposer aux r\u00e9sidents de la Silicon Valley quelqu\u2019un qui priera pour eux. [Photo : Marcos Paseggi, Adventist Review]<\/p><\/div>\n<h4>Un simple minist\u00e8re sur les r\u00e9seaux sociaux met en lumi\u00e8re le potentiel de l\u2019\u00e9vang\u00e9lisation num\u00e9rique.<\/h4>\n<p>26 Septembre 2023 | Cor\u00e9e | Marcos Paseggi, Adventist Review<\/p>\n<p>Dans le cadre de l\u2019\u00e9dition 2023 de la Conf\u00e9rence du R\u00e9seau Mondial Adventiste d\u2019Internet (GAiN) Asie, les responsables de la communication adventistes du septi\u00e8me jour venus de toute l\u2019Asie ont re\u00e7u des informations au sujet des possibilit\u00e9s qu\u2019offre l\u2019\u00e9vang\u00e9lisation num\u00e9rique gr\u00e2ce \u00e0 une m\u00e9thode r\u00e9cemment mise en \u0153uvre qui implique la pri\u00e8re, le suivi et l\u2019engagement personnel en utilisant la technologie.<\/p>\n<p>Le 14 septembre, Justin JoungHan Kim a amen\u00e9 plus de 230 participants r\u00e9unis au Centre de Formation au Leadership de la Division Asie-Pacifique Nord sur l\u2019\u00eele de Jeju, en Cor\u00e9e, \u00e0 r\u00e9fl\u00e9chir sur sa r\u00e9cente exp\u00e9rience en tant que directeur de l\u2019\u00e9vang\u00e9lisation num\u00e9rique de la F\u00e9d\u00e9ration des \u00c9glises Adventistes du Centre de la Californie (CCC), aux \u00c9tats Unis. Il a expliqu\u00e9 comment lui et son \u00e9quipe ont fait appel \u00e0 des outils d\u00e9j\u00e0 disponibles et au soutien de la Division Nord-Am\u00e9ricaine (NAD) et au D\u00e9partement de la Communication de la Conf\u00e9rence G\u00e9n\u00e9rale (GC).<\/p>\n<p><div id=\"attachment_103870\" style=\"width: 867px\" class=\"wp-caption aligncenter\"><img decoding=\"async\" aria-describedby=\"caption-attachment-103870\" class=\" wp-image-103869\" src=\"https:\/\/interamerica.org\/wp-content\/uploads\/2023\/09\/gain-asia-2dsc-1241-768x512-1.jpeg\" alt=\"\" width=\"857\" height=\"571\" srcset=\"https:\/\/interamerica.org\/wp-content\/uploads\/2023\/09\/gain-asia-2dsc-1241-768x512-1.jpeg 768w, https:\/\/interamerica.org\/wp-content\/uploads\/2023\/09\/gain-asia-2dsc-1241-768x512-1-300x200.jpeg 300w\" sizes=\"(max-width: 857px) 100vw, 857px\" \/><p id=\"caption-attachment-103870\" class=\"wp-caption-text\">Justin Kim, directeur de l\u2019\u00e9vang\u00e9lisation num\u00e9rique, montre des annonces qui, dans leur version portugaise, ont donn\u00e9 des r\u00e9sultats extraordinaires au Br\u00e9sil. Ces annonces n\u2019ont pas attir\u00e9 les gens de la Silicon Valley, c\u2019est pourquoi l\u2019\u00e9quipe a pr\u00e9par\u00e9 une version personnalis\u00e9e pour cette r\u00e9gion. [Photo : Marcos Paseggi, Adventist Review]<\/p><\/div>\u00ab La CCC est une r\u00e9gion qui comprend la Silicon Valley et o\u00f9 se trouvent Google, Apple, Facebook et de nombreuses autres grandes entreprises technologiques, \u00bb a dit Justin Kim \u00e0 l\u2019auditoire. \u00ab Cette r\u00e9gion compte \u00e9galement le plus faible taux de population adventiste du septi\u00e8me jour de la NAD. \u00bb<\/p>\n<p>Il a ajout\u00e9 qu\u2019elle compte \u00e9galement une population importante d\u2019ath\u00e9es ou de personnes apparemment sans inclinations spirituelles. Il n\u2019est donc pas surprenant que de nombreuses \u00e9glises adventistes de la r\u00e9gion aient du mal \u00e0 amener l\u2019\u00e9vangile aux gens, a-t-il d\u00e9clar\u00e9.<\/p>\n<p><strong>Le r\u00f4le de l\u2019\u00e9vang\u00e9lisation num\u00e9rique<\/strong><\/p>\n<p>L\u2019\u00e9vang\u00e9lisation num\u00e9rique comprend trois aspects essentiels, a dit Justin Kim. Elle est bas\u00e9e sur (1) la cr\u00e9ation de contenu (2) le partage et finalement (3) l\u2019\u00e9change avec les autres. Il a essay\u00e9 de partager cette id\u00e9e avec les \u00e9glises de la r\u00e9gion, mais ses premiers efforts ne semblaient mener \u00e0 rien. \u00ab Partout o\u00f9 j\u2019allais en parler, je constatais tr\u00e8s peu d\u2019enthousiasme, comme si les gens pensaient : \u2018Ce n\u2019est pas pour nous ; c\u2019est pour des personnes plus jeunes et f\u00e9rues de technologie,\u2019 \u00bb a d\u00e9clar\u00e9 Justin Kim.<\/p>\n<p>Justin Kim a finalement trouv\u00e9 un projet li\u00e9 au D\u00e9partement de la Communication de la Conf\u00e9rence G\u00e9n\u00e9rale, qui consiste \u00e0 publier sur les r\u00e9seaux sociaux des annonces proposant simplement aux gens de prier pour eux. Apr\u00e8s un suivi r\u00e9gulier, ceux qui le souhaitent peuvent recevoir un accompagnement suppl\u00e9mentaire permettant de se familiariser avec la Bible et ses enseignements.<\/p>\n<p><div id=\"attachment_103888\" style=\"width: 778px\" class=\"wp-caption aligncenter\"><img decoding=\"async\" aria-describedby=\"caption-attachment-103888\" class=\"size-full wp-image-103887\" src=\"https:\/\/interamerica.org\/wp-content\/uploads\/2023\/09\/gain-asia-4-dsc-1249-768x512-1.jpeg\" alt=\"\" width=\"768\" height=\"512\" srcset=\"https:\/\/interamerica.org\/wp-content\/uploads\/2023\/09\/gain-asia-4-dsc-1249-768x512-1.jpeg 768w, https:\/\/interamerica.org\/wp-content\/uploads\/2023\/09\/gain-asia-4-dsc-1249-768x512-1-300x200.jpeg 300w\" sizes=\"(max-width: 768px) 100vw, 768px\" \/><p id=\"caption-attachment-103888\" class=\"wp-caption-text\">Quelques-uns des s\u00e9minaristes de l\u2019Universit\u00e9 d\u2019Andrews qui apportent un accompagnement pastoral en ligne aux personnes qui contactent l\u2019\u00e9glise pour soumettre des requ\u00eates de pri\u00e8re. [Photo : Marcos Paseggi, Adventist Review]<\/p><\/div>C\u2019est un projet qui a d\u00e9j\u00e0 connu un immense succ\u00e8s dans diverses r\u00e9gions du monde. Me familiariser avec ce programme \u00ab a \u00e9t\u00e9 pour moi un moment \u2018eur\u00eaka,\u2019 \u00bb a dit Justin Kim.<\/p>\n<p><strong>Ce qu\u2019implique le processus<\/strong><\/p>\n<p>\u00ab Le marketing est un terme s\u00e9culier \u2013 nous l\u2019appelons \u00e9vang\u00e9lisation, \u00bb a dit Justin Kim. Ainsi, l\u2019id\u00e9e est \u00ab de pr\u00e9senter la pri\u00e8re, puis de faire un suivi, et enfin mettre en contact les personnes int\u00e9ress\u00e9es avec une \u00e9glise locale. \u00bb<\/p>\n<p>Justin Kim a expliqu\u00e9 que le processus comprend d\u2019abord une phase en ligne, puis passe \u00e0 une deuxi\u00e8me phase en ligne et en personne. Plus pr\u00e9cis\u00e9ment, les annonces pour la pri\u00e8re m\u00e8nent finalement \u00e0 des r\u00e9unions de pri\u00e8re en ligne et \u00e0 un accompagnement pastoral.<\/p>\n<p>Lorsqu\u2019une personne les contacte pour demander la pri\u00e8re, ils prient imm\u00e9diatement avec l\u2019aide d\u2019une \u00e9quipe d\u2019intervention sur les r\u00e9seaux ou d\u2019une \u00e9quipe d\u2019intervention sur les r\u00e9seaux de la Conf\u00e9rence G\u00e9n\u00e9rale. Le lendemain, un membre de l\u2019\u00e9quipe assure le suivi de la personne qui les a contact\u00e9s. Et ils continuent \u00e0 le faire pendant des jours, construisant ainsi une relation avec eux.<\/p>\n<p>Cette phase d\u2019accompagnement pastoral en ligne a obtenu le soutien du Minist\u00e8re Adventiste de l\u2019Information (AIM), bas\u00e9 \u00e0 l\u2019Universit\u00e9 d\u2019Andrews, qui emploie des s\u00e9minaristes qui \u00e9tudient pour devenir ministres de l\u2019\u00e9vangile, et ils fonctionnent comme aum\u00f4niers, proposant un accompagnement spirituel. AIM, un minist\u00e8re actif 24h\/24 et 7j\/7, est le centre de contact central pour l\u2019action missionnaire adventiste sur les m\u00e9dias en Am\u00e9rique du Nord.<\/p>\n<p><div id=\"attachment_103876\" style=\"width: 517px\" class=\"wp-caption aligncenter\"><img loading=\"lazy\" decoding=\"async\" aria-describedby=\"caption-attachment-103876\" class=\" wp-image-103875\" src=\"https:\/\/interamerica.org\/wp-content\/uploads\/2023\/09\/justin-kim-ccc-digital-evangelism-director-757x1024-1.jpeg\" alt=\"\" width=\"507\" height=\"686\" srcset=\"https:\/\/interamerica.org\/wp-content\/uploads\/2023\/09\/justin-kim-ccc-digital-evangelism-director-757x1024-1.jpeg 757w, https:\/\/interamerica.org\/wp-content\/uploads\/2023\/09\/justin-kim-ccc-digital-evangelism-director-757x1024-1-222x300.jpeg 222w\" sizes=\"(max-width: 507px) 100vw, 507px\" \/><p id=\"caption-attachment-103876\" class=\"wp-caption-text\">Justin JoungHan Kim, directeur de l\u2019\u00e9vang\u00e9lisation num\u00e9rique de la F\u00e9d\u00e9ration des \u00c9glises Adventistes du Centre de la Californie aux \u00c9tats-Unis. [Photo : avec l\u2019aimable autorisation de Justin JoungHan Kim, F\u00e9d\u00e9ration du Centre de la Californie]<\/p><\/div>Dans la deuxi\u00e8me phase, il y a un engagement communautaire, des petits groupes en ligne et, finalement une rencontre d\u2019\u00e9vang\u00e9lisation publique, a-t-il d\u00e9clar\u00e9. Justin Kim a expliqu\u00e9 qu\u2019ils ont d\u00e9couvert que les personnes qui ont des besoins spirituels ont g\u00e9n\u00e9ralement aussi des besoins physiques. C\u2019est l\u00e0 qu\u2019interviennent la composante de service et d\u2019engagement communautaires. Ensuite, les gens commencent \u00e0 entrer en contact avec les autres via de petits groupes en ligne. \u00ab Apr\u00e8s trois mois, nous en sommes g\u00e9n\u00e9ralement au point o\u00f9 nous pouvons inviter les gens \u00e0 venir \u00e0 l\u2019\u00e9glise, \u00bb a d\u00e9clar\u00e9 Justin Kim.<\/p>\n<p><strong>Mise en place du projet<\/strong><\/p>\n<p>Justin Kim et son \u00e9quipe ont commenc\u00e9 \u00e0 mettre en \u0153uvre ce programme dans la CCC. Ils ont s\u00e9lectionn\u00e9 un rayon de 10 miles autour de six congr\u00e9gations dans la r\u00e9gion, pour cibler les communaut\u00e9s avec des annonces personnalis\u00e9es.<\/p>\n<p>La premi\u00e8re fois, l\u2019\u00e9quipe de la CCC a utilis\u00e9 des annonces qui ont connu des taux de r\u00e9ussite incroyables au Br\u00e9sil. \u00ab La joie vient le matin. Nous prions pour vous ce soir, \u00bb dit une annonce. \u00ab Celui qui tombe et se rel\u00e8ve est bien plus fort que celui qui n\u2019est jamais tomb\u00e9, \u00bb dit une autre annonce.<\/p>\n<p>\u00ab Nous avons fait la m\u00eame chose dans la Silicon Valley, et cela a \u00e9t\u00e9 un d\u00e9sastre, \u00bb a reconnu Justin Kim. \u00ab Nous d\u00e9pensions 100 dollars [am\u00e9ricains] et nous recevions une demande de pri\u00e8re. \u00bb<\/p>\n<p><div id=\"attachment_103879\" style=\"width: 778px\" class=\"wp-caption aligncenter\"><img loading=\"lazy\" decoding=\"async\" aria-describedby=\"caption-attachment-103879\" class=\"size-full wp-image-103878\" src=\"https:\/\/interamerica.org\/wp-content\/uploads\/2023\/09\/ccc-digital-missionies-training-at-clovis-768x512-1.jpeg\" alt=\"\" width=\"768\" height=\"512\" srcset=\"https:\/\/interamerica.org\/wp-content\/uploads\/2023\/09\/ccc-digital-missionies-training-at-clovis-768x512-1.jpeg 768w, https:\/\/interamerica.org\/wp-content\/uploads\/2023\/09\/ccc-digital-missionies-training-at-clovis-768x512-1-300x200.jpeg 300w\" sizes=\"(max-width: 768px) 100vw, 768px\" \/><p id=\"caption-attachment-103879\" class=\"wp-caption-text\">Des missionnaires num\u00e9riques de la F\u00e9d\u00e9ration du Centre de la Californie en formation \u00e0 l\u2019\u00e9glise adventiste du septi\u00e8me jour de Clovis, \u00e0 Clovis, en Californie, aux \u00c9tats-Unis. [Photo : avec l\u2019aimable autorisation de Justin JoungHan Kim, F\u00e9d\u00e9ration du Centre de la Californie]<\/p><\/div>Alors l\u2019\u00e9quipe a d\u00e9cid\u00e9 d\u2019essayer \u00e0 nouveau, cette fois en cr\u00e9ant des annonces plus adapt\u00e9es au style et \u00e0 la philosophie de la Silicon Valley. Certaines des annonces essay\u00e9es par l\u2019\u00e9quipe de la CCC disaient par exemple : \u00ab Nous sommes sp\u00e9cialis\u00e9s dans la pri\u00e8re. Pouvons-nous vous aider ? \u00bb ou \u00ab Avez-vous besoin de parler \u00e0 quelqu&rsquo;un ? \u00bb ou simplement : \u00ab Nous aimerions prier pour vous maintenant ! \u00bb<\/p>\n<p>La r\u00e9ponse a \u00e9t\u00e9 nettement meilleure, a d\u00e9clar\u00e9 Justin Kim. \u00ab Mais ce n\u2019\u00e9tait toujours pas suffisant, \u00bb a-t-il ajout\u00e9. \u00ab Nous avons donc cr\u00e9\u00e9 de courtes annonces de pri\u00e8re o\u00f9 apparaissaient des pasteurs des \u00e9glises locales, et les r\u00e9sultats se sont consid\u00e9rablement am\u00e9lior\u00e9s. \u00bb<\/p>\n<p><strong>L\u2019importance de l\u2019ancrage dans le contexte local<\/strong><\/p>\n<p>L\u2019un des aspects les plus int\u00e9ressants de cette initiative est qu\u2019elle est tr\u00e8s simple, a d\u00e9clar\u00e9 Justin Kim. \u00ab Vous pouvez la mettre en \u0153uvre dans n\u2019importe quel pays, dans n\u2019importe quelle culture. \u00bb Dans le m\u00eame temps, a-t-il soulign\u00e9, l\u2019ancrage dans le contexte local est tr\u00e8s important.<\/p>\n<p>\u00ab Nous avons eu davantage de succ\u00e8s lorsque nous avons pr\u00e9par\u00e9 des annonces avec les pasteurs locaux dans leur environnement \u2013 par exemple, dans le cas de la Silicon Valley, en face de Google, en leur disant : \u2018Je prierai pour vous ; Je suis votre voisin,\u2019 \u00bb a expliqu\u00e9 Justin Kim.<\/p>\n<p><div id=\"attachment_103882\" style=\"width: 778px\" class=\"wp-caption aligncenter\"><img loading=\"lazy\" decoding=\"async\" aria-describedby=\"caption-attachment-103882\" class=\"size-full wp-image-103881\" src=\"https:\/\/interamerica.org\/wp-content\/uploads\/2023\/09\/ccc-digital-missionies-training-at-sunnyvale-768x512-1.jpeg\" alt=\"\" width=\"768\" height=\"512\" srcset=\"https:\/\/interamerica.org\/wp-content\/uploads\/2023\/09\/ccc-digital-missionies-training-at-sunnyvale-768x512-1.jpeg 768w, https:\/\/interamerica.org\/wp-content\/uploads\/2023\/09\/ccc-digital-missionies-training-at-sunnyvale-768x512-1-300x200.jpeg 300w\" sizes=\"(max-width: 768px) 100vw, 768px\" \/><p id=\"caption-attachment-103882\" class=\"wp-caption-text\">R\u00e9cente formation de missionnaire num\u00e9rique \u00e0 l\u2019\u00e9glise adventiste du septi\u00e8me jour de Sunnyvale, \u00e0 Sunnyvale en Californie, aux \u00c9tats-Unis, organis\u00e9e par le D\u00e9partement de la Communication de la Conf\u00e9rence G\u00e9n\u00e9rale. [Photo : avec l\u2019aimable autorisation de Justin JoungHan Kim, F\u00e9d\u00e9ration du Centre de la Californie]<\/p><\/div>Dans cette r\u00e9gion si difficile pour l\u2019\u00e9vang\u00e9lisation, une mise en \u0153uvre pilote de l\u2019initiative dans seulement six congr\u00e9gations locales a d\u00e9j\u00e0 conduit \u00e0 1358 contacts fermes \u2013 ceux qui impliquent des contacts r\u00e9p\u00e9t\u00e9s chaque jour \u2013 et 17 visites \u00e0 l\u2019\u00e9glise et un bapt\u00eame, a indiqu\u00e9 Justin Kim. \u00ab Ce sont de vraies personnes, de vraies r\u00e9ponses, une v\u00e9ritable activit\u00e9\u2026. Et c\u2019est quelque chose qui ne s\u2019\u00e9tait jamais produit. \u00bb<\/p>\n<p>Et d\u2019un point de vue financier, c\u2019est rentable, a soulign\u00e9 Justin Kim. Dans leur cas, a-t-il dit, \u00ab nous savons que si nous d\u00e9pensons cinq dollars dans une annonce, nous obtiendrons une demande de pri\u00e8re. Si nous d\u00e9pensons 50 dollars, nous recevrons 10 requ\u00eates. Et pour 500 dollars, nous recevrons 100 requ\u00eates. N\u2019est-ce pas extraordinaire ? a-t-il dit.<\/p>\n<p><strong>R\u00e9action des pasteurs locaux<\/strong><\/p>\n<p>L\u2019initiative n\u2019a pas seulement profit\u00e9 \u00e0 ceux qui appellent pour demander une pri\u00e8re, a dit Justin Kim. Des pasteurs locaux nous ont \u00e9galement rejoint et ont pu constater par eux-m\u00eames \u00e0 quel point l\u2019initiative d\u2019\u00e9vang\u00e9lisation num\u00e9rique par la pri\u00e8re est simple mais puissamment efficace.<\/p>\n<p>\u00ab Notre \u00e9glise a pris contact avec plus de 400 personnes gr\u00e2ce \u00e0 ce projet, \u00bb a d\u00e9clar\u00e9 Daniel Gouveia, pasteur de l\u2019\u00e9glise adventiste de Fresno Centre. \u00ab Ce qui est encore plus int\u00e9ressant, c\u2019est que beaucoup de ces personnes viennent volontairement pour faire partie de notre communaut\u00e9. \u00bb<\/p>\n<p><div id=\"attachment_103885\" style=\"width: 778px\" class=\"wp-caption aligncenter\"><img loading=\"lazy\" decoding=\"async\" aria-describedby=\"caption-attachment-103885\" class=\"size-full wp-image-103884\" src=\"https:\/\/interamerica.org\/wp-content\/uploads\/2023\/09\/joel-mayol-was-baptized-at-the-milpitas-adventist-church-768x468-1.png\" alt=\"\" width=\"768\" height=\"468\" srcset=\"https:\/\/interamerica.org\/wp-content\/uploads\/2023\/09\/joel-mayol-was-baptized-at-the-milpitas-adventist-church-768x468-1.png 768w, https:\/\/interamerica.org\/wp-content\/uploads\/2023\/09\/joel-mayol-was-baptized-at-the-milpitas-adventist-church-768x468-1-300x183.png 300w\" sizes=\"(max-width: 768px) 100vw, 768px\" \/><p id=\"caption-attachment-103885\" class=\"wp-caption-text\">Jorge Mayol a \u00e9t\u00e9 baptis\u00e9 le 19 ao\u00fbt \u00e0 l\u2019\u00e9glise adventiste du septi\u00e8me jour de Milpitas. Il est devenu le premier fruit de la nouvelle initiative d\u2019\u00e9vang\u00e9lisation num\u00e9rique de la F\u00e9d\u00e9ration du Centre de la Californie. [Photo : avec l\u2019aimable autorisation de Justin JoungHan Kim, F\u00e9d\u00e9ration du Centre de la Californie]<\/p><\/div>Mark Ferrell, pasteur de l\u2019\u00e9glise adventiste centrale de San Francisco, est du m\u00eame avis. \u00ab Au cours de mon minist\u00e8re, j\u2019ai essay\u00e9 diverses m\u00e9thodes d\u2019\u00e9vang\u00e9lisation, \u00bb a d\u00e9clar\u00e9 Mark Ferrell. \u00ab Finalement, j\u2019ai trouv\u00e9 que cette approche num\u00e9rique \u00e9tait le moyen le plus efficace d\u2019atteindre notre communaut\u00e9 \u00e0 notre \u00e9poque moderne. Elle est vraiment transformatrice. \u00bb<\/p>\n<p><strong>Les \u00e9glises locales impliqu\u00e9es<\/strong><\/p>\n<p>Les membres et les dirigeants des \u00e9glises locales ont \u00e9t\u00e9 redynamis\u00e9s apr\u00e8s avoir d\u00e9couvert que le syst\u00e8me fonctionnait. Plus de 200 membres se sont r\u00e9cemment inscrits pour assister \u00e0 un s\u00e9minaire de formation de missionnaire num\u00e9rique. Ce sont eux qui joueront un r\u00f4le cl\u00e9 dans la conduite de la partie interaction avec les autres, qui est essentielle dans le processus.<\/p>\n<p>\u00ab Hope Channel et la Conf\u00e9rence G\u00e9n\u00e9rale peuvent cr\u00e9er du contenu et le partager, \u00bb a expliqu\u00e9 Justin Kim. \u00ab Si la Conf\u00e9rence G\u00e9n\u00e9rale consacre des efforts \u00e0 l\u2019engagement et aux relations publiques, cela pourrait fonctionner, mais il existe un lien rompu, peu fiable et instable.\u2026 Selon moi, l\u2019engagement doit avoir lieu au niveau de l\u2019\u00e9glise locale et au niveau de la f\u00e9d\u00e9ration, \u00bb a-t-il d\u00e9clar\u00e9.<\/p>\n<p>Lorsque les membres locaux s\u2019impliquent, ils peuvent inviter des gens en leur disant : \u00ab \u2018C\u2019est mon \u00e9glise. S\u2019il vous pla\u00eet, venez !&rsquo; \u00bb a d\u00e9clar\u00e9 Justin Kim. \u00ab Si nous parvenons \u00e0 d\u00e9centraliser le processus, nous serons en mesure de le multiplier. Parce que lorsque la pri\u00e8re rencontre la technologie, nous pouvons vraiment contribuer \u00e0 sauver des \u00e2mes. \u00bb<\/p>\n<p>&nbsp;<\/p>\n<p>Traduction: Patrick Luciathe<\/p>\n","protected":false},"excerpt":{"rendered":"<p>Un simple minist\u00e8re sur les r\u00e9seaux sociaux met en lumi\u00e8re le potentiel de l\u2019\u00e9vang\u00e9lisation num\u00e9rique. 26 Septembre 2023 | Cor\u00e9e | Marcos Paseggi, Adventist Review Dans le cadre de l\u2019\u00e9dition&#8230;<\/p>\n","protected":false},"author":3,"featured_media":103873,"comment_status":"closed","ping_status":"closed","sticky":false,"template":"","format":"standard","meta":{"_acf_changed":false,"footnotes":""},"categories":[18,19],"tags":[],"class_list":["post-103901","post","type-post","status-publish","format-standard","has-post-thumbnail","hentry","category-nouvelles-de-leglise-mondiale","category-rss-francais"],"acf":[],"yoast_head":"<!-- This site is optimized with the Yoast SEO plugin v27.3 - https:\/\/yoast.com\/product\/yoast-seo-wordpress\/ -->\n<title>Intersection entre la pri\u00e8re et la technologie pour amener les gens \u00e0 J\u00e9sus - \u00c9glise Adventiste Du Septieme Jour - Inter Am\u00e9rique Division<\/title>\n<meta name=\"robots\" content=\"index, follow, max-snippet:-1, max-image-preview:large, max-video-preview:-1\" \/>\n<link rel=\"canonical\" href=\"https:\/\/interamerica.org\/fr\/2023\/09\/intersection-entre-la-priere-et-la-technologie-pour-amener-les-gens-a-jesus\/\" \/>\n<meta property=\"og:locale\" content=\"fr_FR\" \/>\n<meta property=\"og:type\" content=\"article\" \/>\n<meta property=\"og:title\" content=\"Intersection entre la pri\u00e8re et la technologie pour amener les gens \u00e0 J\u00e9sus - \u00c9glise Adventiste Du Septieme Jour - Inter Am\u00e9rique Division\" \/>\n<meta property=\"og:description\" content=\"Un simple minist\u00e8re sur les r\u00e9seaux sociaux met en lumi\u00e8re le potentiel de l\u2019\u00e9vang\u00e9lisation num\u00e9rique. 26 Septembre 2023 | Cor\u00e9e | Marcos Paseggi, Adventist Review Dans le cadre de l\u2019\u00e9dition...\" \/>\n<meta property=\"og:url\" content=\"https:\/\/interamerica.org\/fr\/2023\/09\/intersection-entre-la-priere-et-la-technologie-pour-amener-les-gens-a-jesus\/\" \/>\n<meta property=\"og:site_name\" content=\"\u00c9glise Adventiste Du Septieme Jour - Inter Am\u00e9rique Division\" \/>\n<meta property=\"article:published_time\" content=\"2023-09-26T22:58:33+00:00\" \/>\n<meta property=\"article:modified_time\" content=\"2023-09-27T14:16:32+00:00\" \/>\n<meta property=\"og:image\" content=\"https:\/\/interamerica.org\/wp-content\/uploads\/2023\/09\/gaoin-asia-1-digital-evangelismdsc-1243.jpeg\" \/>\n\t<meta property=\"og:image:width\" content=\"1000\" \/>\n\t<meta property=\"og:image:height\" content=\"650\" \/>\n\t<meta property=\"og:image:type\" content=\"image\/jpeg\" \/>\n<meta name=\"author\" content=\"libna\" \/>\n<meta name=\"twitter:card\" content=\"summary_large_image\" \/>\n<meta name=\"twitter:label1\" content=\"\u00c9crit par\" \/>\n\t<meta name=\"twitter:data1\" content=\"libna\" \/>\n\t<meta name=\"twitter:label2\" content=\"Dur\u00e9e de lecture estim\u00e9e\" \/>\n\t<meta name=\"twitter:data2\" content=\"10 minutes\" \/>\n<script type=\"application\/ld+json\" class=\"yoast-schema-graph\">{\"@context\":\"https:\\\/\\\/schema.org\",\"@graph\":[{\"@type\":\"Article\",\"@id\":\"https:\\\/\\\/interamerica.org\\\/fr\\\/2023\\\/09\\\/intersection-entre-la-priere-et-la-technologie-pour-amener-les-gens-a-jesus\\\/#article\",\"isPartOf\":{\"@id\":\"https:\\\/\\\/interamerica.org\\\/fr\\\/2023\\\/09\\\/intersection-entre-la-priere-et-la-technologie-pour-amener-les-gens-a-jesus\\\/\"},\"author\":{\"name\":\"libna\",\"@id\":\"https:\\\/\\\/interamerica.org\\\/fr\\\/#\\\/schema\\\/person\\\/29998f2bc2d8bd0d38662909289b54f1\"},\"headline\":\"Intersection entre la pri\u00e8re et la technologie pour amener les gens \u00e0 J\u00e9sus\",\"datePublished\":\"2023-09-26T22:58:33+00:00\",\"dateModified\":\"2023-09-27T14:16:32+00:00\",\"mainEntityOfPage\":{\"@id\":\"https:\\\/\\\/interamerica.org\\\/fr\\\/2023\\\/09\\\/intersection-entre-la-priere-et-la-technologie-pour-amener-les-gens-a-jesus\\\/\"},\"wordCount\":2169,\"image\":{\"@id\":\"https:\\\/\\\/interamerica.org\\\/fr\\\/2023\\\/09\\\/intersection-entre-la-priere-et-la-technologie-pour-amener-les-gens-a-jesus\\\/#primaryimage\"},\"thumbnailUrl\":\"https:\\\/\\\/interamerica.org\\\/wp-content\\\/uploads\\\/2023\\\/09\\\/gaoin-asia-1-digital-evangelismdsc-1243.jpeg\",\"articleSection\":[\"Nouvelles de l'\u00c9glise mondiale\",\"RSS Fran\u00e7ais\"],\"inLanguage\":\"fr-FR\"},{\"@type\":\"WebPage\",\"@id\":\"https:\\\/\\\/interamerica.org\\\/fr\\\/2023\\\/09\\\/intersection-entre-la-priere-et-la-technologie-pour-amener-les-gens-a-jesus\\\/\",\"url\":\"https:\\\/\\\/interamerica.org\\\/fr\\\/2023\\\/09\\\/intersection-entre-la-priere-et-la-technologie-pour-amener-les-gens-a-jesus\\\/\",\"name\":\"Intersection entre la pri\u00e8re et la technologie pour amener les gens \u00e0 J\u00e9sus - \u00c9glise Adventiste Du Septieme Jour - Inter Am\u00e9rique Division\",\"isPartOf\":{\"@id\":\"https:\\\/\\\/interamerica.org\\\/fr\\\/#website\"},\"primaryImageOfPage\":{\"@id\":\"https:\\\/\\\/interamerica.org\\\/fr\\\/2023\\\/09\\\/intersection-entre-la-priere-et-la-technologie-pour-amener-les-gens-a-jesus\\\/#primaryimage\"},\"image\":{\"@id\":\"https:\\\/\\\/interamerica.org\\\/fr\\\/2023\\\/09\\\/intersection-entre-la-priere-et-la-technologie-pour-amener-les-gens-a-jesus\\\/#primaryimage\"},\"thumbnailUrl\":\"https:\\\/\\\/interamerica.org\\\/wp-content\\\/uploads\\\/2023\\\/09\\\/gaoin-asia-1-digital-evangelismdsc-1243.jpeg\",\"datePublished\":\"2023-09-26T22:58:33+00:00\",\"dateModified\":\"2023-09-27T14:16:32+00:00\",\"author\":{\"@id\":\"https:\\\/\\\/interamerica.org\\\/fr\\\/#\\\/schema\\\/person\\\/29998f2bc2d8bd0d38662909289b54f1\"},\"breadcrumb\":{\"@id\":\"https:\\\/\\\/interamerica.org\\\/fr\\\/2023\\\/09\\\/intersection-entre-la-priere-et-la-technologie-pour-amener-les-gens-a-jesus\\\/#breadcrumb\"},\"inLanguage\":\"fr-FR\",\"potentialAction\":[{\"@type\":\"ReadAction\",\"target\":[\"https:\\\/\\\/interamerica.org\\\/fr\\\/2023\\\/09\\\/intersection-entre-la-priere-et-la-technologie-pour-amener-les-gens-a-jesus\\\/\"]}]},{\"@type\":\"ImageObject\",\"inLanguage\":\"fr-FR\",\"@id\":\"https:\\\/\\\/interamerica.org\\\/fr\\\/2023\\\/09\\\/intersection-entre-la-priere-et-la-technologie-pour-amener-les-gens-a-jesus\\\/#primaryimage\",\"url\":\"https:\\\/\\\/interamerica.org\\\/wp-content\\\/uploads\\\/2023\\\/09\\\/gaoin-asia-1-digital-evangelismdsc-1243.jpeg\",\"contentUrl\":\"https:\\\/\\\/interamerica.org\\\/wp-content\\\/uploads\\\/2023\\\/09\\\/gaoin-asia-1-digital-evangelismdsc-1243.jpeg\",\"width\":1000,\"height\":650,\"caption\":\"Justin JoungHan Kim, digital evangelism director of the Central California Conference of the Adventist Church in the United States, displays some of the ads prepared to offer Silicon Valley residents someone to pray for them. [Photo: Marcos Paseggi, Adventist Review]\"},{\"@type\":\"BreadcrumbList\",\"@id\":\"https:\\\/\\\/interamerica.org\\\/fr\\\/2023\\\/09\\\/intersection-entre-la-priere-et-la-technologie-pour-amener-les-gens-a-jesus\\\/#breadcrumb\",\"itemListElement\":[{\"@type\":\"ListItem\",\"position\":1,\"name\":\"Home\",\"item\":\"https:\\\/\\\/interamerica.org\\\/fr\\\/\"},{\"@type\":\"ListItem\",\"position\":2,\"name\":\"Intersection entre la pri\u00e8re et la technologie pour amener les gens \u00e0 J\u00e9sus\"}]},{\"@type\":\"WebSite\",\"@id\":\"https:\\\/\\\/interamerica.org\\\/fr\\\/#website\",\"url\":\"https:\\\/\\\/interamerica.org\\\/fr\\\/\",\"name\":\"\u00c9glise Adventiste Du Septieme Jour - Inter Am\u00e9rique Division\",\"description\":\"\",\"potentialAction\":[{\"@type\":\"SearchAction\",\"target\":{\"@type\":\"EntryPoint\",\"urlTemplate\":\"https:\\\/\\\/interamerica.org\\\/fr\\\/?s={search_term_string}\"},\"query-input\":{\"@type\":\"PropertyValueSpecification\",\"valueRequired\":true,\"valueName\":\"search_term_string\"}}],\"inLanguage\":\"fr-FR\"},{\"@type\":\"Person\",\"@id\":\"https:\\\/\\\/interamerica.org\\\/fr\\\/#\\\/schema\\\/person\\\/29998f2bc2d8bd0d38662909289b54f1\",\"name\":\"libna\",\"image\":{\"@type\":\"ImageObject\",\"inLanguage\":\"fr-FR\",\"@id\":\"https:\\\/\\\/secure.gravatar.com\\\/avatar\\\/7c5bd30ae4b47a9ba3c856590957fd1d96dc588bf3ac05719d247e126840331f?s=96&d=mm&r=g\",\"url\":\"https:\\\/\\\/secure.gravatar.com\\\/avatar\\\/7c5bd30ae4b47a9ba3c856590957fd1d96dc588bf3ac05719d247e126840331f?s=96&d=mm&r=g\",\"contentUrl\":\"https:\\\/\\\/secure.gravatar.com\\\/avatar\\\/7c5bd30ae4b47a9ba3c856590957fd1d96dc588bf3ac05719d247e126840331f?s=96&d=mm&r=g\",\"caption\":\"libna\"}}]}<\/script>\n<!-- \/ Yoast SEO plugin. -->","yoast_head_json":{"title":"Intersection entre la pri\u00e8re et la technologie pour amener les gens \u00e0 J\u00e9sus - \u00c9glise Adventiste Du Septieme Jour - Inter Am\u00e9rique Division","robots":{"index":"index","follow":"follow","max-snippet":"max-snippet:-1","max-image-preview":"max-image-preview:large","max-video-preview":"max-video-preview:-1"},"canonical":"https:\/\/interamerica.org\/fr\/2023\/09\/intersection-entre-la-priere-et-la-technologie-pour-amener-les-gens-a-jesus\/","og_locale":"fr_FR","og_type":"article","og_title":"Intersection entre la pri\u00e8re et la technologie pour amener les gens \u00e0 J\u00e9sus - \u00c9glise Adventiste Du Septieme Jour - Inter Am\u00e9rique Division","og_description":"Un simple minist\u00e8re sur les r\u00e9seaux sociaux met en lumi\u00e8re le potentiel de l\u2019\u00e9vang\u00e9lisation num\u00e9rique. 26 Septembre 2023 | Cor\u00e9e | Marcos Paseggi, Adventist Review Dans le cadre de l\u2019\u00e9dition...","og_url":"https:\/\/interamerica.org\/fr\/2023\/09\/intersection-entre-la-priere-et-la-technologie-pour-amener-les-gens-a-jesus\/","og_site_name":"\u00c9glise Adventiste Du Septieme Jour - Inter Am\u00e9rique Division","article_published_time":"2023-09-26T22:58:33+00:00","article_modified_time":"2023-09-27T14:16:32+00:00","og_image":[{"width":1000,"height":650,"url":"https:\/\/interamerica.org\/wp-content\/uploads\/2023\/09\/gaoin-asia-1-digital-evangelismdsc-1243.jpeg","type":"image\/jpeg"}],"author":"libna","twitter_card":"summary_large_image","twitter_misc":{"\u00c9crit par":"libna","Dur\u00e9e de lecture estim\u00e9e":"10 minutes"},"schema":{"@context":"https:\/\/schema.org","@graph":[{"@type":"Article","@id":"https:\/\/interamerica.org\/fr\/2023\/09\/intersection-entre-la-priere-et-la-technologie-pour-amener-les-gens-a-jesus\/#article","isPartOf":{"@id":"https:\/\/interamerica.org\/fr\/2023\/09\/intersection-entre-la-priere-et-la-technologie-pour-amener-les-gens-a-jesus\/"},"author":{"name":"libna","@id":"https:\/\/interamerica.org\/fr\/#\/schema\/person\/29998f2bc2d8bd0d38662909289b54f1"},"headline":"Intersection entre la pri\u00e8re et la technologie pour amener les gens \u00e0 J\u00e9sus","datePublished":"2023-09-26T22:58:33+00:00","dateModified":"2023-09-27T14:16:32+00:00","mainEntityOfPage":{"@id":"https:\/\/interamerica.org\/fr\/2023\/09\/intersection-entre-la-priere-et-la-technologie-pour-amener-les-gens-a-jesus\/"},"wordCount":2169,"image":{"@id":"https:\/\/interamerica.org\/fr\/2023\/09\/intersection-entre-la-priere-et-la-technologie-pour-amener-les-gens-a-jesus\/#primaryimage"},"thumbnailUrl":"https:\/\/interamerica.org\/wp-content\/uploads\/2023\/09\/gaoin-asia-1-digital-evangelismdsc-1243.jpeg","articleSection":["Nouvelles de l'\u00c9glise mondiale","RSS Fran\u00e7ais"],"inLanguage":"fr-FR"},{"@type":"WebPage","@id":"https:\/\/interamerica.org\/fr\/2023\/09\/intersection-entre-la-priere-et-la-technologie-pour-amener-les-gens-a-jesus\/","url":"https:\/\/interamerica.org\/fr\/2023\/09\/intersection-entre-la-priere-et-la-technologie-pour-amener-les-gens-a-jesus\/","name":"Intersection entre la pri\u00e8re et la technologie pour amener les gens \u00e0 J\u00e9sus - \u00c9glise Adventiste Du Septieme Jour - Inter Am\u00e9rique Division","isPartOf":{"@id":"https:\/\/interamerica.org\/fr\/#website"},"primaryImageOfPage":{"@id":"https:\/\/interamerica.org\/fr\/2023\/09\/intersection-entre-la-priere-et-la-technologie-pour-amener-les-gens-a-jesus\/#primaryimage"},"image":{"@id":"https:\/\/interamerica.org\/fr\/2023\/09\/intersection-entre-la-priere-et-la-technologie-pour-amener-les-gens-a-jesus\/#primaryimage"},"thumbnailUrl":"https:\/\/interamerica.org\/wp-content\/uploads\/2023\/09\/gaoin-asia-1-digital-evangelismdsc-1243.jpeg","datePublished":"2023-09-26T22:58:33+00:00","dateModified":"2023-09-27T14:16:32+00:00","author":{"@id":"https:\/\/interamerica.org\/fr\/#\/schema\/person\/29998f2bc2d8bd0d38662909289b54f1"},"breadcrumb":{"@id":"https:\/\/interamerica.org\/fr\/2023\/09\/intersection-entre-la-priere-et-la-technologie-pour-amener-les-gens-a-jesus\/#breadcrumb"},"inLanguage":"fr-FR","potentialAction":[{"@type":"ReadAction","target":["https:\/\/interamerica.org\/fr\/2023\/09\/intersection-entre-la-priere-et-la-technologie-pour-amener-les-gens-a-jesus\/"]}]},{"@type":"ImageObject","inLanguage":"fr-FR","@id":"https:\/\/interamerica.org\/fr\/2023\/09\/intersection-entre-la-priere-et-la-technologie-pour-amener-les-gens-a-jesus\/#primaryimage","url":"https:\/\/interamerica.org\/wp-content\/uploads\/2023\/09\/gaoin-asia-1-digital-evangelismdsc-1243.jpeg","contentUrl":"https:\/\/interamerica.org\/wp-content\/uploads\/2023\/09\/gaoin-asia-1-digital-evangelismdsc-1243.jpeg","width":1000,"height":650,"caption":"Justin JoungHan Kim, digital evangelism director of the Central California Conference of the Adventist Church in the United States, displays some of the ads prepared to offer Silicon Valley residents someone to pray for them. [Photo: Marcos Paseggi, Adventist Review]"},{"@type":"BreadcrumbList","@id":"https:\/\/interamerica.org\/fr\/2023\/09\/intersection-entre-la-priere-et-la-technologie-pour-amener-les-gens-a-jesus\/#breadcrumb","itemListElement":[{"@type":"ListItem","position":1,"name":"Home","item":"https:\/\/interamerica.org\/fr\/"},{"@type":"ListItem","position":2,"name":"Intersection entre la pri\u00e8re et la technologie pour amener les gens \u00e0 J\u00e9sus"}]},{"@type":"WebSite","@id":"https:\/\/interamerica.org\/fr\/#website","url":"https:\/\/interamerica.org\/fr\/","name":"\u00c9glise Adventiste Du Septieme Jour - Inter Am\u00e9rique Division","description":"","potentialAction":[{"@type":"SearchAction","target":{"@type":"EntryPoint","urlTemplate":"https:\/\/interamerica.org\/fr\/?s={search_term_string}"},"query-input":{"@type":"PropertyValueSpecification","valueRequired":true,"valueName":"search_term_string"}}],"inLanguage":"fr-FR"},{"@type":"Person","@id":"https:\/\/interamerica.org\/fr\/#\/schema\/person\/29998f2bc2d8bd0d38662909289b54f1","name":"libna","image":{"@type":"ImageObject","inLanguage":"fr-FR","@id":"https:\/\/secure.gravatar.com\/avatar\/7c5bd30ae4b47a9ba3c856590957fd1d96dc588bf3ac05719d247e126840331f?s=96&d=mm&r=g","url":"https:\/\/secure.gravatar.com\/avatar\/7c5bd30ae4b47a9ba3c856590957fd1d96dc588bf3ac05719d247e126840331f?s=96&d=mm&r=g","contentUrl":"https:\/\/secure.gravatar.com\/avatar\/7c5bd30ae4b47a9ba3c856590957fd1d96dc588bf3ac05719d247e126840331f?s=96&d=mm&r=g","caption":"libna"}}]}},"_links":{"self":[{"href":"https:\/\/interamerica.org\/fr\/wp-json\/wp\/v2\/posts\/103901","targetHints":{"allow":["GET"]}}],"collection":[{"href":"https:\/\/interamerica.org\/fr\/wp-json\/wp\/v2\/posts"}],"about":[{"href":"https:\/\/interamerica.org\/fr\/wp-json\/wp\/v2\/types\/post"}],"author":[{"embeddable":true,"href":"https:\/\/interamerica.org\/fr\/wp-json\/wp\/v2\/users\/3"}],"replies":[{"embeddable":true,"href":"https:\/\/interamerica.org\/fr\/wp-json\/wp\/v2\/comments?post=103901"}],"version-history":[{"count":0,"href":"https:\/\/interamerica.org\/fr\/wp-json\/wp\/v2\/posts\/103901\/revisions"}],"wp:featuredmedia":[{"embeddable":true,"href":"https:\/\/interamerica.org\/fr\/wp-json\/wp\/v2\/media\/103873"}],"wp:attachment":[{"href":"https:\/\/interamerica.org\/fr\/wp-json\/wp\/v2\/media?parent=103901"}],"wp:term":[{"taxonomy":"category","embeddable":true,"href":"https:\/\/interamerica.org\/fr\/wp-json\/wp\/v2\/categories?post=103901"},{"taxonomy":"post_tag","embeddable":true,"href":"https:\/\/interamerica.org\/fr\/wp-json\/wp\/v2\/tags?post=103901"}],"curies":[{"name":"wp","href":"https:\/\/api.w.org\/{rel}","templated":true}]}}