{"id":103905,"date":"2023-09-27T20:05:26","date_gmt":"2023-09-28T00:05:26","guid":{"rendered":"https:\/\/interamerica.org\/?p=103905"},"modified":"2023-09-28T12:34:23","modified_gmt":"2023-09-28T16:34:23","slug":"prenons-garde-a-ce-que-nous-mettons-devant-nos-yeux","status":"publish","type":"post","link":"https:\/\/interamerica.org\/fr\/2023\/09\/prenons-garde-a-ce-que-nous-mettons-devant-nos-yeux\/","title":{"rendered":"Prenons garde \u00e0 ce que nous mettons devant nos yeux"},"content":{"rendered":"<h4><b>L\u2019art de l\u2019auto-discipline devant un tel buffet audio-visuel.<\/b><\/h4>\n<p><span style=\"font-weight: 400;\">Le 27 septembre 2023 | Adairsville, G\u00e9orgie, \u00c9tats-Unis | Jared Thurmon<\/span><\/p>\n<p style=\"font-weight: 400;\"><span style=\"font-weight: 400;\">Si vous voulez faire parler de nombreux chr\u00e9tiens, demandez-leur de partager leurs sentiments quant \u00e0 ces gens qui ont des relations sexuelles avec des personnes du m\u00eame sexe qu\u2019eux. Leur syst\u00e8me nerveux s\u2019activera et ils commenceront \u00e0 vous dire \u00e0 quel point l\u2019homosexualit\u00e9 est immorale.<\/span><\/p>\n<p style=\"font-weight: 400;\"><span style=\"font-weight: 400;\">Mais demandez aux m\u00eames personnes de vous parler de leur propre puret\u00e9 sexuelle ainsi que de leurs propres pratiques, et vous percevrez possiblement un certain malaise.\u00a0<\/span><\/p>\n<p style=\"font-weight: 400;\"><span style=\"font-weight: 400;\">Il est facile de penser aux \u00ab\u00a0p\u00e9ch\u00e9s\u00a0\u00bb des autres et de se sentir moins coupables des n\u00f4tres. Il y a deux mille ans, l\u2019Homme de Nazareth a plusieurs fois parl\u00e9 de ce concept. Et parmi les plus c\u00e9l\u00e8bres, il y a cette fois o\u00f9 tous les sacrificateurs \u00e9taient pr\u00eats \u00e0 lapider une femme apr\u00e8s l\u2019avoir surprise en train de commettre un adult\u00e8re. J\u00e9sus les entend, il voit les pierres dans leurs mains, il s\u2019agenouille calmement et commence \u00e0 \u00e9crire dans la poussi\u00e8re avec son doigt. Un \u00e0 un, ces hommes respect\u00e9s d\u2019Isra\u00ebl quittent la sc\u00e8ne alors que leurs p\u00e9ch\u00e9s, dont certains, je pr\u00e9sume, sont \u00e0 caract\u00e8re sexuel, sont expos\u00e9s par J\u00e9sus. Ce dernier leur lance donc une invitation\u00a0: que celui qui est sans p\u00e9ch\u00e9 commence \u00e0 lancer des pierres \u00e0 cette femme.<\/span><\/p>\n<p style=\"font-weight: 400;\"><span style=\"font-weight: 400;\">Cette rage de la part des leaders religieux par rapport aux p\u00e9ch\u00e9s des autres n\u2019est pas seulement chose du pass\u00e9. Nous voyons encore de fervents dirigeants religieux exprimer leur d\u00e9go\u00fbt pour les immoralit\u00e9s du monde; seulement, nous d\u00e9couvrons souvent plus tard qu\u2019ils sont tout aussi \u00ab\u00a0souill\u00e9s\u00a0\u00bb que ceux qu\u2019ils m\u00e9prisent.<\/span><\/p>\n<p style=\"font-weight: 400;\"><span style=\"font-weight: 400;\">Mais il n\u2019est pas ici question d\u2019appeler les gens \u00e0 abandonner leurs p\u00e9ch\u00e9s. Je veux plut\u00f4t parler de ma\u00eetrise de soi en ce qui a trait \u00e0 la sexualit\u00e9.<\/span><\/p>\n<p style=\"font-weight: 400;\"><span style=\"font-weight: 400;\">Dans un monde o\u00f9 tous nos fantasmes et f\u00e9tiches sexuels nous sont accessibles en un seul clic, comment trouver la discipline d\u2019\u00e9viter de nous empiffrer au buffet de la d\u00e9bauche?<\/span><\/p>\n<p style=\"font-weight: 400;\"><span style=\"font-weight: 400;\">Dans la Bible, il est \u00e9vident que le Cr\u00e9ateur de l\u2019humanit\u00e9 a cr\u00e9\u00e9 les centres de plaisir que sont nos organes reproducteurs. Le Dieu qui souhaitait que cette race d\u2019\u00eatres sur la terre se multiplie par la procr\u00e9ation nous a \u00e9galement donn\u00e9 des directives viables pour que nous demeurions sains d\u2019esprit.<\/span><\/p>\n<p style=\"font-weight: 400;\"><span style=\"font-weight: 400;\">M\u00eame parmi les commandements donn\u00e9s au pied du mont Sina\u00ef, plus d\u2019un concerne le sujet de la temp\u00e9rance sexuelle.<\/span><\/p>\n<p style=\"font-weight: 400;\"><span style=\"font-weight: 400;\">D\u2019apr\u00e8s le septi\u00e8me commandements, \u00ab\u00a0Tu ne commettras point d\u2019adult\u00e8re.\u00a0\u00bb Autrement dit, ne couchez avec personne avec qui vous n\u2019\u00eates pas mari\u00e9.e. Il y a aussi le dixi\u00e8me commandement\u00a0: ne regarde pas la femme ou le mari d\u2019une autre personne avec le d\u00e9sir de coucher avec elle ou lui. Et J\u00e9sus a rench\u00e9ri sur ce point lorsqu\u2019il a dit que, si vous regardez une femme pour la convoiter, vous \u00eates d\u00e9j\u00e0 coupable d\u2019avoir enfreint ce commandement. Ce n\u2019est donc pas seulement l\u2019acte physique qui vous rend coupable, mais l\u2019acte mental \u00e9galement.<\/span><\/p>\n<p style=\"font-weight: 400;\"><b>La gestion chr\u00e9tienne et la viabilit\u00e9\u00a0<\/b><\/p>\n<p style=\"font-weight: 400;\"><span style=\"font-weight: 400;\">Je vois personnellement la position de la Bible sur la sexualit\u00e9 comme \u00e9tant li\u00e9e \u00e0 la gestion chr\u00e9tienne et \u00e0 la viabilit\u00e9. La sexualit\u00e9 est cens\u00e9e \u00eatre plaisante, et elle sert \u00e0 augmenter le nombre d\u2019humains sur la terre. Mais lorsque nous s\u00e9parons le plaisir sexuel de la saintet\u00e9 d\u2019un mariage fond\u00e9 sur l\u2019amour, nous transformons en armes ces choses m\u00eames que Dieu a cr\u00e9\u00e9es pour notre bien.<\/span><\/p>\n<p style=\"font-weight: 400;\"><span style=\"font-weight: 400;\">Donc, pour d\u00e9crire la gestion chr\u00e9tienne de la sexualit\u00e9 et la discipline sexuelle, voici quelques questions\u00a0: cherchez-vous d\u2019abord le plaisir de l\u2019autre personne ou plut\u00f4t le v\u00f4tre? Cette qu\u00eate de plaisir se limite-t-elle \u00e0 la relation dynamique \u00e9tablie en \u00c9den entre un homme et une femme?<\/span><\/p>\n<p style=\"font-weight: 400;\"><span style=\"font-weight: 400;\">Tout cela \u00e9tant dit, laissez-moi maintenant risquer de froisser certaines personnes. Si ces questions d\u00e9crivent bien les crit\u00e8res auxquels r\u00e9pondre, qu\u2019en est-il du fait d\u2019\u00eatre mari\u00e9.e \u00e0 quelqu\u2019un du sexe oppos\u00e9 tout en trouvant des fa\u00e7ons de trouver le plaisir sexuel ailleurs \u2014 tout.e seul.e?<\/span><\/p>\n<p style=\"font-weight: 400;\"><span style=\"font-weight: 400;\">Quelques termes peuvent d\u00e9crire cet acte\u00a0: le plaisir solitaire, la masturbation ou, selon l\u2019auteur et pionni\u00e8re du 19<\/span><span style=\"font-weight: 400;\">e<\/span><span style=\"font-weight: 400;\"> si\u00e8cle, Ellen White, \u00ab\u00a0l\u2019abus de soi\u00a0\u00bb. Cette pratique est devenue si r\u00e9pandue qu\u2019un d\u00e9fi est maintenant lanc\u00e9 tous les mois de novembre, celui de passer tout un mois sans plaisir solitaire; on l\u2019appelle le \u00ab\u00a0NoFap November\u00a0\u00bb. Des influenceurs, comme Andrew Huberman et Jordan Peterson, parlent dans des podcasts de toutes les raisons pour lesquelles il faut \u00e9viter cette pratique, ou ce vice destructeur de l\u2019\u00e2me, comme l\u2019appelait Ellen White.<\/span><\/p>\n<p style=\"font-weight: 400;\"><span style=\"font-weight: 400;\">Mais quel dommage cause-t-il? Il ne s\u2019agit pas l\u00e0 d\u2019un adult\u00e8re, n\u2019est-ce pas? Quel est le probl\u00e8me, alors?<\/span><\/p>\n<p style=\"font-weight: 400;\"><span style=\"font-weight: 400;\">Pour toutes les personnes c\u00e9libataires, le combat est bien r\u00e9el, mais de plus en plus de donn\u00e9es de recherche sur ce sujet d\u00e9couragent cette pratique. Prenez de cet article tout ce que vous pouvez afin de d\u00e9velopper de meilleures habitudes et de vous sauver comme d\u2019un fl\u00e9au des choses si addictives que vous avez l\u2019impression d\u2019\u00eatre sans espoir.<\/span><\/p>\n<p style=\"font-weight: 400;\"><span style=\"font-weight: 400;\">Pour les personnes mari\u00e9es qui \u00e9voluent dans un mariage sans sexualit\u00e9, dans un mariage \u00e9go\u00efste ou quelque part entre les deux, cet article est principalement pour vous.<\/span><\/p>\n<p style=\"font-weight: 400;\"><b>L\u2019importance de l\u2019intimit\u00e9 dans le mariage<\/b><\/p>\n<p style=\"font-weight: 400;\"><span style=\"font-weight: 400;\">Le but du mariage est de devenir un. D\u00e8s le commencement, nous entendons les paroles de Dieu en \u00c9den disant, \u00ab\u00a0Faisons l\u2019homme \u00e0 notre image\u00a0\u00bb, puis nous voyons qu\u2019un homme et une femme sont cr\u00e9\u00e9s. La sexualit\u00e9 est d\u00e9crite comme la colle qui fait tenir un mariage.<\/span><\/p>\n<p style=\"font-weight: 400;\"><span style=\"font-weight: 400;\">L\u2019\u00e9tincelle, la romance, la connexion devraient commencer \u00e0 l\u2019instar de ce que nous voyons tout au long des \u00c9critures et du grand conflit. Et la formule est pr\u00e9sent\u00e9e dans le Nouveau Testament. Dans \u00c9ph\u00e9siens\u00a05.25, Paul dit ceci\u00a0: \u00ab\u00a0Maris, aimez votre femme, comme Christ a aim\u00e9 l\u2019\u00c9glise. Il s\u2019est donn\u00e9 lui-m\u00eame pour elle\u2026\u00a0\u00bb Puis au verset 28\u00a0: \u00ab\u00a0C\u2019est ainsi que les maris doivent aimer leur femme comme leur propre corps. Celui qui aime sa femme s\u2019aime lui-m\u00eame.\u00a0\u00bb (SG21) L\u2019homme devrait \u00eatre la personne la plus aimante, gentille et attentionn\u00e9e dans la vie d\u2019une femme. Aimez-la comme Christ nous aime, et elle sera follement amoureuse de vous.<\/span><\/p>\n<p style=\"font-weight: 400;\"><span style=\"font-weight: 400;\">La Bible d\u00e9crit \u00e9galement le r\u00f4le essentiel de l\u2019intimit\u00e9 dans un mariage. \u00ab\u00a0Ne vous privez pas l\u2019un de l\u2019autre, si ce n\u2019est d\u2019un commun accord pour un temps, afin de vous consacrer [au je\u00fbne et] \u00e0 la pri\u00e8re, puis retournez ensemble, de peur que Satan ne vous tente \u00e0 cause de votre manque de ma\u00eetrise.\u00a0\u00bb (1 Corinthiens 7.5, SG21)<\/span><\/p>\n<p style=\"font-weight: 400;\"><span style=\"font-weight: 400;\">Nous n\u2019avons pas \u00e9t\u00e9 faits pour aller \u00e0 l\u2019encontre de la nature m\u00eame de Dieu et de nous procurer nous-m\u00eames, seuls, du plaisir sexuel. Voil\u00e0 pourquoi tant de gens qui pratiquent ce vice se sentent coupables. C\u2019est comme n\u2019importe quel autre vice. Il est agr\u00e9able sur le moment, mais il est suivi d\u2019un sentiment de culpabilit\u00e9. Dieu n\u2019a jamais voulu que nous soyons hant\u00e9s par la culpabilit\u00e9, sentiment qui a envahi Adam et \u00c8ve lorsqu\u2019ils ont pris conscience du fait qu\u2019ils avaient fait quelque chose de mal en \u00c9den. Heureusement, Dieu est venu les chercher et ne les a pas abandonn\u00e9s.<\/span><\/p>\n<p style=\"font-weight: 400;\"><span style=\"font-weight: 400;\">Le plaisir autoadministr\u00e9 est d\u2019autant plus tentant et destructeur dans un monde de pornographie sur demande. Tellement de gens aujourd\u2019hui qui sont d\u00e9pendants \u00e0 la pornographie se rendent compte, une fois mari\u00e9s, qu\u2019ils sont sexuellement m\u00e9sadapt\u00e9s. Leurs m\u00e9canismes d\u2019excitation ne fonctionnent pas normalement; le cerveau a \u00e9t\u00e9 circuit\u00e9 diff\u00e9remment; plut\u00f4t que d\u2019avoir du plaisir en donnant du plaisir \u00e0 quelqu\u2019un d\u2019autre, ils ont plut\u00f4t besoin de circonstances surr\u00e9alistes pour atteindre la satisfaction sexuelle normale.<\/span><\/p>\n<p style=\"font-weight: 400;\"><span style=\"font-weight: 400;\">Tous ceux qui lisent ceci et qui se sont tromp\u00e9s eux-m\u00eames \u00e0 penser que cette pratique est s\u00e9curitaire, m\u00eame dans le mariage, entendez-moi bien. Vous passez \u00e0 c\u00f4t\u00e9 du vrai plaisir, celui qui dure bien au-del\u00e0 de l\u2019euphorie de la chambre \u00e0 coucher. Ne privez pas votre partenaire du plaisir que Dieu a cr\u00e9\u00e9, parce que vous \u00eates si \u00e9go\u00efste et voulez laisser libre cours \u00e0 vos d\u00e9sirs sans temp\u00e9rer ce syst\u00e8me chimique, que Dieu nous a offert, programm\u00e9 en nous pour le plaisir mutuel. Consid\u00e9rez qu\u2019une telle d\u00e9pendance est aussi grave que celle \u00e0 une drogue dure. Vous perdrez tout si vous ne calibrez pas les choses pour lesquelles elles ont \u00e9t\u00e9 cr\u00e9\u00e9es. Apr\u00e8s avoir compris la gravit\u00e9 de la chose, suppliez Dieu de vous donner la victoire. Mais il doit s\u2019agir d\u2019un effort commun entre votre volont\u00e9 et la gr\u00e2ce de Dieu, effort qui sauvera votre sant\u00e9 mentale et votre mariage, puis qui vous m\u00e8nera ultimement \u00e0 la joie (et au plaisir) dont vous n\u2019avez peut-\u00eatre jamais fait l\u2019exp\u00e9rience.<\/span><\/p>\n<p><span style=\"font-weight: 400;\">Jared Thurmon r\u00e9side \u00e0 Adairsville, en G\u00e9orgie. Il a conseill\u00e9 et soutenu les Minist\u00e8res d\u2019Adventist Review de plusieurs fa\u00e7ons durant les huit derni\u00e8res ann\u00e9es.<\/span><\/p>\n<p><span style=\"font-weight: 400;\">Traduction\u00a0: Marie-Mich\u00e8le Robitaille<\/span><\/p>\n","protected":false},"excerpt":{"rendered":"<p>L\u2019art de l\u2019auto-discipline devant un tel buffet audio-visuel. Le 27 septembre 2023 | Adairsville, G\u00e9orgie, \u00c9tats-Unis | Jared Thurmon Si vous voulez faire parler de nombreux chr\u00e9tiens, demandez-leur de partager&#8230;<\/p>\n","protected":false},"author":3,"featured_media":103788,"comment_status":"closed","ping_status":"closed","sticky":false,"template":"","format":"standard","meta":{"_acf_changed":false,"footnotes":""},"categories":[18,19],"tags":[],"class_list":["post-103905","post","type-post","status-publish","format-standard","has-post-thumbnail","hentry","category-nouvelles-de-leglise-mondiale","category-rss-francais"],"acf":[],"yoast_head":"<!-- This site is optimized with the Yoast SEO plugin v27.3 - https:\/\/yoast.com\/product\/yoast-seo-wordpress\/ -->\n<title>Prenons garde \u00e0 ce que nous mettons devant nos yeux - \u00c9glise Adventiste Du Septieme Jour - Inter Am\u00e9rique Division<\/title>\n<meta name=\"robots\" content=\"index, follow, max-snippet:-1, max-image-preview:large, max-video-preview:-1\" \/>\n<link rel=\"canonical\" href=\"https:\/\/interamerica.org\/fr\/2023\/09\/prenons-garde-a-ce-que-nous-mettons-devant-nos-yeux\/\" \/>\n<meta property=\"og:locale\" content=\"fr_FR\" \/>\n<meta property=\"og:type\" content=\"article\" \/>\n<meta property=\"og:title\" content=\"Prenons garde \u00e0 ce que nous mettons devant nos yeux - \u00c9glise Adventiste Du Septieme Jour - Inter Am\u00e9rique Division\" \/>\n<meta property=\"og:description\" content=\"L\u2019art de l\u2019auto-discipline devant un tel buffet audio-visuel. Le 27 septembre 2023 | Adairsville, G\u00e9orgie, \u00c9tats-Unis | Jared Thurmon Si vous voulez faire parler de nombreux chr\u00e9tiens, demandez-leur de partager...\" \/>\n<meta property=\"og:url\" content=\"https:\/\/interamerica.org\/fr\/2023\/09\/prenons-garde-a-ce-que-nous-mettons-devant-nos-yeux\/\" \/>\n<meta property=\"og:site_name\" content=\"\u00c9glise Adventiste Du Septieme Jour - Inter Am\u00e9rique Division\" \/>\n<meta property=\"article:published_time\" content=\"2023-09-28T00:05:26+00:00\" \/>\n<meta property=\"article:modified_time\" content=\"2023-09-28T16:34:23+00:00\" \/>\n<meta property=\"og:image\" content=\"https:\/\/interamerica.org\/wp-content\/uploads\/2023\/09\/glenn-carstens-peters-eoqhsffbhrk-unsplash.jpeg\" \/>\n\t<meta property=\"og:image:width\" content=\"1920\" \/>\n\t<meta property=\"og:image:height\" content=\"1277\" \/>\n\t<meta property=\"og:image:type\" content=\"image\/jpeg\" \/>\n<meta name=\"author\" content=\"libna\" \/>\n<meta name=\"twitter:card\" content=\"summary_large_image\" \/>\n<meta name=\"twitter:label1\" content=\"\u00c9crit par\" \/>\n\t<meta name=\"twitter:data1\" content=\"libna\" \/>\n\t<meta name=\"twitter:label2\" content=\"Dur\u00e9e de lecture estim\u00e9e\" \/>\n\t<meta name=\"twitter:data2\" content=\"7 minutes\" \/>\n<script type=\"application\/ld+json\" class=\"yoast-schema-graph\">{\"@context\":\"https:\\\/\\\/schema.org\",\"@graph\":[{\"@type\":\"Article\",\"@id\":\"https:\\\/\\\/interamerica.org\\\/fr\\\/2023\\\/09\\\/prenons-garde-a-ce-que-nous-mettons-devant-nos-yeux\\\/#article\",\"isPartOf\":{\"@id\":\"https:\\\/\\\/interamerica.org\\\/fr\\\/2023\\\/09\\\/prenons-garde-a-ce-que-nous-mettons-devant-nos-yeux\\\/\"},\"author\":{\"name\":\"libna\",\"@id\":\"https:\\\/\\\/interamerica.org\\\/fr\\\/#\\\/schema\\\/person\\\/29998f2bc2d8bd0d38662909289b54f1\"},\"headline\":\"Prenons garde \u00e0 ce que nous mettons devant nos yeux\",\"datePublished\":\"2023-09-28T00:05:26+00:00\",\"dateModified\":\"2023-09-28T16:34:23+00:00\",\"mainEntityOfPage\":{\"@id\":\"https:\\\/\\\/interamerica.org\\\/fr\\\/2023\\\/09\\\/prenons-garde-a-ce-que-nous-mettons-devant-nos-yeux\\\/\"},\"wordCount\":1633,\"image\":{\"@id\":\"https:\\\/\\\/interamerica.org\\\/fr\\\/2023\\\/09\\\/prenons-garde-a-ce-que-nous-mettons-devant-nos-yeux\\\/#primaryimage\"},\"thumbnailUrl\":\"https:\\\/\\\/interamerica.org\\\/wp-content\\\/uploads\\\/2023\\\/09\\\/glenn-carstens-peters-eoqhsffbhrk-unsplash.jpeg\",\"articleSection\":[\"Nouvelles de l'\u00c9glise mondiale\",\"RSS Fran\u00e7ais\"],\"inLanguage\":\"fr-FR\"},{\"@type\":\"WebPage\",\"@id\":\"https:\\\/\\\/interamerica.org\\\/fr\\\/2023\\\/09\\\/prenons-garde-a-ce-que-nous-mettons-devant-nos-yeux\\\/\",\"url\":\"https:\\\/\\\/interamerica.org\\\/fr\\\/2023\\\/09\\\/prenons-garde-a-ce-que-nous-mettons-devant-nos-yeux\\\/\",\"name\":\"Prenons garde \u00e0 ce que nous mettons devant nos yeux - \u00c9glise Adventiste Du Septieme Jour - Inter Am\u00e9rique Division\",\"isPartOf\":{\"@id\":\"https:\\\/\\\/interamerica.org\\\/fr\\\/#website\"},\"primaryImageOfPage\":{\"@id\":\"https:\\\/\\\/interamerica.org\\\/fr\\\/2023\\\/09\\\/prenons-garde-a-ce-que-nous-mettons-devant-nos-yeux\\\/#primaryimage\"},\"image\":{\"@id\":\"https:\\\/\\\/interamerica.org\\\/fr\\\/2023\\\/09\\\/prenons-garde-a-ce-que-nous-mettons-devant-nos-yeux\\\/#primaryimage\"},\"thumbnailUrl\":\"https:\\\/\\\/interamerica.org\\\/wp-content\\\/uploads\\\/2023\\\/09\\\/glenn-carstens-peters-eoqhsffbhrk-unsplash.jpeg\",\"datePublished\":\"2023-09-28T00:05:26+00:00\",\"dateModified\":\"2023-09-28T16:34:23+00:00\",\"author\":{\"@id\":\"https:\\\/\\\/interamerica.org\\\/fr\\\/#\\\/schema\\\/person\\\/29998f2bc2d8bd0d38662909289b54f1\"},\"breadcrumb\":{\"@id\":\"https:\\\/\\\/interamerica.org\\\/fr\\\/2023\\\/09\\\/prenons-garde-a-ce-que-nous-mettons-devant-nos-yeux\\\/#breadcrumb\"},\"inLanguage\":\"fr-FR\",\"potentialAction\":[{\"@type\":\"ReadAction\",\"target\":[\"https:\\\/\\\/interamerica.org\\\/fr\\\/2023\\\/09\\\/prenons-garde-a-ce-que-nous-mettons-devant-nos-yeux\\\/\"]}]},{\"@type\":\"ImageObject\",\"inLanguage\":\"fr-FR\",\"@id\":\"https:\\\/\\\/interamerica.org\\\/fr\\\/2023\\\/09\\\/prenons-garde-a-ce-que-nous-mettons-devant-nos-yeux\\\/#primaryimage\",\"url\":\"https:\\\/\\\/interamerica.org\\\/wp-content\\\/uploads\\\/2023\\\/09\\\/glenn-carstens-peters-eoqhsffbhrk-unsplash.jpeg\",\"contentUrl\":\"https:\\\/\\\/interamerica.org\\\/wp-content\\\/uploads\\\/2023\\\/09\\\/glenn-carstens-peters-eoqhsffbhrk-unsplash.jpeg\",\"width\":1920,\"height\":1277,\"caption\":\"[Photo: Glenn Carstens-Peters on Unsplash]\"},{\"@type\":\"BreadcrumbList\",\"@id\":\"https:\\\/\\\/interamerica.org\\\/fr\\\/2023\\\/09\\\/prenons-garde-a-ce-que-nous-mettons-devant-nos-yeux\\\/#breadcrumb\",\"itemListElement\":[{\"@type\":\"ListItem\",\"position\":1,\"name\":\"Home\",\"item\":\"https:\\\/\\\/interamerica.org\\\/fr\\\/\"},{\"@type\":\"ListItem\",\"position\":2,\"name\":\"Prenons garde \u00e0 ce que nous mettons devant nos yeux\"}]},{\"@type\":\"WebSite\",\"@id\":\"https:\\\/\\\/interamerica.org\\\/fr\\\/#website\",\"url\":\"https:\\\/\\\/interamerica.org\\\/fr\\\/\",\"name\":\"\u00c9glise Adventiste Du Septieme Jour - Inter Am\u00e9rique Division\",\"description\":\"\",\"potentialAction\":[{\"@type\":\"SearchAction\",\"target\":{\"@type\":\"EntryPoint\",\"urlTemplate\":\"https:\\\/\\\/interamerica.org\\\/fr\\\/?s={search_term_string}\"},\"query-input\":{\"@type\":\"PropertyValueSpecification\",\"valueRequired\":true,\"valueName\":\"search_term_string\"}}],\"inLanguage\":\"fr-FR\"},{\"@type\":\"Person\",\"@id\":\"https:\\\/\\\/interamerica.org\\\/fr\\\/#\\\/schema\\\/person\\\/29998f2bc2d8bd0d38662909289b54f1\",\"name\":\"libna\",\"image\":{\"@type\":\"ImageObject\",\"inLanguage\":\"fr-FR\",\"@id\":\"https:\\\/\\\/secure.gravatar.com\\\/avatar\\\/7c5bd30ae4b47a9ba3c856590957fd1d96dc588bf3ac05719d247e126840331f?s=96&d=mm&r=g\",\"url\":\"https:\\\/\\\/secure.gravatar.com\\\/avatar\\\/7c5bd30ae4b47a9ba3c856590957fd1d96dc588bf3ac05719d247e126840331f?s=96&d=mm&r=g\",\"contentUrl\":\"https:\\\/\\\/secure.gravatar.com\\\/avatar\\\/7c5bd30ae4b47a9ba3c856590957fd1d96dc588bf3ac05719d247e126840331f?s=96&d=mm&r=g\",\"caption\":\"libna\"}}]}<\/script>\n<!-- \/ Yoast SEO plugin. -->","yoast_head_json":{"title":"Prenons garde \u00e0 ce que nous mettons devant nos yeux - \u00c9glise Adventiste Du Septieme Jour - Inter Am\u00e9rique Division","robots":{"index":"index","follow":"follow","max-snippet":"max-snippet:-1","max-image-preview":"max-image-preview:large","max-video-preview":"max-video-preview:-1"},"canonical":"https:\/\/interamerica.org\/fr\/2023\/09\/prenons-garde-a-ce-que-nous-mettons-devant-nos-yeux\/","og_locale":"fr_FR","og_type":"article","og_title":"Prenons garde \u00e0 ce que nous mettons devant nos yeux - \u00c9glise Adventiste Du Septieme Jour - Inter Am\u00e9rique Division","og_description":"L\u2019art de l\u2019auto-discipline devant un tel buffet audio-visuel. Le 27 septembre 2023 | Adairsville, G\u00e9orgie, \u00c9tats-Unis | Jared Thurmon Si vous voulez faire parler de nombreux chr\u00e9tiens, demandez-leur de partager...","og_url":"https:\/\/interamerica.org\/fr\/2023\/09\/prenons-garde-a-ce-que-nous-mettons-devant-nos-yeux\/","og_site_name":"\u00c9glise Adventiste Du Septieme Jour - Inter Am\u00e9rique Division","article_published_time":"2023-09-28T00:05:26+00:00","article_modified_time":"2023-09-28T16:34:23+00:00","og_image":[{"width":1920,"height":1277,"url":"https:\/\/interamerica.org\/wp-content\/uploads\/2023\/09\/glenn-carstens-peters-eoqhsffbhrk-unsplash.jpeg","type":"image\/jpeg"}],"author":"libna","twitter_card":"summary_large_image","twitter_misc":{"\u00c9crit par":"libna","Dur\u00e9e de lecture estim\u00e9e":"7 minutes"},"schema":{"@context":"https:\/\/schema.org","@graph":[{"@type":"Article","@id":"https:\/\/interamerica.org\/fr\/2023\/09\/prenons-garde-a-ce-que-nous-mettons-devant-nos-yeux\/#article","isPartOf":{"@id":"https:\/\/interamerica.org\/fr\/2023\/09\/prenons-garde-a-ce-que-nous-mettons-devant-nos-yeux\/"},"author":{"name":"libna","@id":"https:\/\/interamerica.org\/fr\/#\/schema\/person\/29998f2bc2d8bd0d38662909289b54f1"},"headline":"Prenons garde \u00e0 ce que nous mettons devant nos yeux","datePublished":"2023-09-28T00:05:26+00:00","dateModified":"2023-09-28T16:34:23+00:00","mainEntityOfPage":{"@id":"https:\/\/interamerica.org\/fr\/2023\/09\/prenons-garde-a-ce-que-nous-mettons-devant-nos-yeux\/"},"wordCount":1633,"image":{"@id":"https:\/\/interamerica.org\/fr\/2023\/09\/prenons-garde-a-ce-que-nous-mettons-devant-nos-yeux\/#primaryimage"},"thumbnailUrl":"https:\/\/interamerica.org\/wp-content\/uploads\/2023\/09\/glenn-carstens-peters-eoqhsffbhrk-unsplash.jpeg","articleSection":["Nouvelles de l'\u00c9glise mondiale","RSS Fran\u00e7ais"],"inLanguage":"fr-FR"},{"@type":"WebPage","@id":"https:\/\/interamerica.org\/fr\/2023\/09\/prenons-garde-a-ce-que-nous-mettons-devant-nos-yeux\/","url":"https:\/\/interamerica.org\/fr\/2023\/09\/prenons-garde-a-ce-que-nous-mettons-devant-nos-yeux\/","name":"Prenons garde \u00e0 ce que nous mettons devant nos yeux - \u00c9glise Adventiste Du Septieme Jour - Inter Am\u00e9rique Division","isPartOf":{"@id":"https:\/\/interamerica.org\/fr\/#website"},"primaryImageOfPage":{"@id":"https:\/\/interamerica.org\/fr\/2023\/09\/prenons-garde-a-ce-que-nous-mettons-devant-nos-yeux\/#primaryimage"},"image":{"@id":"https:\/\/interamerica.org\/fr\/2023\/09\/prenons-garde-a-ce-que-nous-mettons-devant-nos-yeux\/#primaryimage"},"thumbnailUrl":"https:\/\/interamerica.org\/wp-content\/uploads\/2023\/09\/glenn-carstens-peters-eoqhsffbhrk-unsplash.jpeg","datePublished":"2023-09-28T00:05:26+00:00","dateModified":"2023-09-28T16:34:23+00:00","author":{"@id":"https:\/\/interamerica.org\/fr\/#\/schema\/person\/29998f2bc2d8bd0d38662909289b54f1"},"breadcrumb":{"@id":"https:\/\/interamerica.org\/fr\/2023\/09\/prenons-garde-a-ce-que-nous-mettons-devant-nos-yeux\/#breadcrumb"},"inLanguage":"fr-FR","potentialAction":[{"@type":"ReadAction","target":["https:\/\/interamerica.org\/fr\/2023\/09\/prenons-garde-a-ce-que-nous-mettons-devant-nos-yeux\/"]}]},{"@type":"ImageObject","inLanguage":"fr-FR","@id":"https:\/\/interamerica.org\/fr\/2023\/09\/prenons-garde-a-ce-que-nous-mettons-devant-nos-yeux\/#primaryimage","url":"https:\/\/interamerica.org\/wp-content\/uploads\/2023\/09\/glenn-carstens-peters-eoqhsffbhrk-unsplash.jpeg","contentUrl":"https:\/\/interamerica.org\/wp-content\/uploads\/2023\/09\/glenn-carstens-peters-eoqhsffbhrk-unsplash.jpeg","width":1920,"height":1277,"caption":"[Photo: Glenn Carstens-Peters on Unsplash]"},{"@type":"BreadcrumbList","@id":"https:\/\/interamerica.org\/fr\/2023\/09\/prenons-garde-a-ce-que-nous-mettons-devant-nos-yeux\/#breadcrumb","itemListElement":[{"@type":"ListItem","position":1,"name":"Home","item":"https:\/\/interamerica.org\/fr\/"},{"@type":"ListItem","position":2,"name":"Prenons garde \u00e0 ce que nous mettons devant nos yeux"}]},{"@type":"WebSite","@id":"https:\/\/interamerica.org\/fr\/#website","url":"https:\/\/interamerica.org\/fr\/","name":"\u00c9glise Adventiste Du Septieme Jour - Inter Am\u00e9rique Division","description":"","potentialAction":[{"@type":"SearchAction","target":{"@type":"EntryPoint","urlTemplate":"https:\/\/interamerica.org\/fr\/?s={search_term_string}"},"query-input":{"@type":"PropertyValueSpecification","valueRequired":true,"valueName":"search_term_string"}}],"inLanguage":"fr-FR"},{"@type":"Person","@id":"https:\/\/interamerica.org\/fr\/#\/schema\/person\/29998f2bc2d8bd0d38662909289b54f1","name":"libna","image":{"@type":"ImageObject","inLanguage":"fr-FR","@id":"https:\/\/secure.gravatar.com\/avatar\/7c5bd30ae4b47a9ba3c856590957fd1d96dc588bf3ac05719d247e126840331f?s=96&d=mm&r=g","url":"https:\/\/secure.gravatar.com\/avatar\/7c5bd30ae4b47a9ba3c856590957fd1d96dc588bf3ac05719d247e126840331f?s=96&d=mm&r=g","contentUrl":"https:\/\/secure.gravatar.com\/avatar\/7c5bd30ae4b47a9ba3c856590957fd1d96dc588bf3ac05719d247e126840331f?s=96&d=mm&r=g","caption":"libna"}}]}},"_links":{"self":[{"href":"https:\/\/interamerica.org\/fr\/wp-json\/wp\/v2\/posts\/103905","targetHints":{"allow":["GET"]}}],"collection":[{"href":"https:\/\/interamerica.org\/fr\/wp-json\/wp\/v2\/posts"}],"about":[{"href":"https:\/\/interamerica.org\/fr\/wp-json\/wp\/v2\/types\/post"}],"author":[{"embeddable":true,"href":"https:\/\/interamerica.org\/fr\/wp-json\/wp\/v2\/users\/3"}],"replies":[{"embeddable":true,"href":"https:\/\/interamerica.org\/fr\/wp-json\/wp\/v2\/comments?post=103905"}],"version-history":[{"count":0,"href":"https:\/\/interamerica.org\/fr\/wp-json\/wp\/v2\/posts\/103905\/revisions"}],"wp:featuredmedia":[{"embeddable":true,"href":"https:\/\/interamerica.org\/fr\/wp-json\/wp\/v2\/media\/103788"}],"wp:attachment":[{"href":"https:\/\/interamerica.org\/fr\/wp-json\/wp\/v2\/media?parent=103905"}],"wp:term":[{"taxonomy":"category","embeddable":true,"href":"https:\/\/interamerica.org\/fr\/wp-json\/wp\/v2\/categories?post=103905"},{"taxonomy":"post_tag","embeddable":true,"href":"https:\/\/interamerica.org\/fr\/wp-json\/wp\/v2\/tags?post=103905"}],"curies":[{"name":"wp","href":"https:\/\/api.w.org\/{rel}","templated":true}]}}