{"id":104006,"date":"2023-09-26T11:17:12","date_gmt":"2023-09-26T15:17:12","guid":{"rendered":"https:\/\/interamerica.org\/?p=104006"},"modified":"2023-09-29T15:57:43","modified_gmt":"2023-09-29T19:57:43","slug":"un-pasteur-adventiste-donne-son-nom-au-bureau-de-la-protection-civile-dune-ville-italienne","status":"publish","type":"post","link":"https:\/\/interamerica.org\/fr\/2023\/09\/un-pasteur-adventiste-donne-son-nom-au-bureau-de-la-protection-civile-dune-ville-italienne\/","title":{"rendered":"Un pasteur adventiste donne son nom au bureau de la protection civile d\u2019une ville italienne"},"content":{"rendered":"<div id=\"attachment_103793\" style=\"width: 802px\" class=\"wp-caption aligncenter\"><img fetchpriority=\"high\" decoding=\"async\" aria-describedby=\"caption-attachment-103793\" class=\" wp-image-103792\" src=\"https:\/\/interamerica.org\/wp-content\/uploads\/2023\/09\/italy-town-name.jpeg\" alt=\"\" width=\"792\" height=\"445\" srcset=\"https:\/\/interamerica.org\/wp-content\/uploads\/2023\/09\/italy-town-name.jpeg 710w, https:\/\/interamerica.org\/wp-content\/uploads\/2023\/09\/italy-town-name-300x169.jpeg 300w\" sizes=\"(max-width: 792px) 100vw, 792px\" \/><p id=\"caption-attachment-103793\" class=\"wp-caption-text\"><span style=\"font-weight: 400;\">Le bureau de la protection civile d\u2019Assoro, en Sicile, en Italie, porte maintenant le nom du regrett\u00e9 pasteur adventiste du septi\u00e8me jour Vincenzo Mazza. [Une photo d\u2019Andreas Mazza, Actualit\u00e9s de la Division intereurop\u00e9enne]<\/span><\/p><\/div>\n<h4><b>On se souvient du regrett\u00e9 Vincenzo Mazza pour son engagement \u00e0 aider les autres.<\/b><\/h4>\n<h4><span style=\"font-weight: 400;\">Le 26 septembre 2023 | Division intereurop\u00e9enne et <\/span><i><span style=\"font-weight: 400;\">Adventist Review<\/span><\/i><\/h4>\n<p><span style=\"font-weight: 400;\">Le 19\u00a0ao\u00fbt dernier, les responsables gouvernementaux, les dirigeants locaux de l\u2019\u00c9glise adventiste du septi\u00e8me jour et d\u2019autres invit\u00e9s sp\u00e9ciaux ont assist\u00e9 \u00e0 une c\u00e9r\u00e9monie dans la salle du conseil historique d\u2019Assoro, en Sicile italienne. Les responsables de la ville, d\u2019une population d\u2019environ 5\u00a0000\u00a0habitants, y compris le maire d\u2019Assoro, Antonio Licciardo, ont donn\u00e9 au bureau de la protection civile de leur ville le nom du regrett\u00e9 Vincenzo Mazza. M.\u00a0Mazza \u00e9tait un pasteur adventiste qui a \u00e9galement \u00e9t\u00e9 le pr\u00e9sident de l\u2019Union des \u00e9glises adventistes en Italie de 1995 \u00e0 2000. Il est d\u00e9c\u00e9d\u00e9 plus t\u00f4t en 2023.<\/span><\/p>\n<p><span style=\"font-weight: 400;\">Lors de la c\u00e9r\u00e9monie, l\u2019un des fils du pasteur Mazza, Andreas, qui est le directeur des communications de la Division intereurop\u00e9enne de l\u2019\u00c9glise adventiste, a soulign\u00e9 l\u2019engagement infatigable de son p\u00e8re envers les autres. \u00ab\u00a0En aidant les autres, surtout les plus d\u00e9munis, le pasteur Mazza a vu l\u2019essence m\u00eame du christianisme, selon l\u2019exemple donn\u00e9 par J\u00e9sus-Christ\u00a0\u00bb, a-t-il dit.<\/span><\/p>\n<p><span style=\"font-weight: 400;\">En 1997, par l\u2019\u00c9glise adventiste et avec l\u2019aide d\u2019une organisation qui l\u2019a aid\u00e9 \u00e0 obtenir des fonds sp\u00e9ciaux, le pasteur Mazza, qui est n\u00e9 en Sicile, a fait le don d\u2019une ambulance au bureau de la protection civile qui allait ult\u00e9rieurement lui faire un grand honneur.<\/span><\/p>\n<p><div id=\"attachment_103799\" style=\"width: 868px\" class=\"wp-caption aligncenter\"><img decoding=\"async\" aria-describedby=\"caption-attachment-103799\" class=\" wp-image-103798\" src=\"https:\/\/interamerica.org\/wp-content\/uploads\/2023\/09\/italy-town2.jpeg\" alt=\"\" width=\"858\" height=\"564\" srcset=\"https:\/\/interamerica.org\/wp-content\/uploads\/2023\/09\/italy-town2.jpeg 768w, https:\/\/interamerica.org\/wp-content\/uploads\/2023\/09\/italy-town2-300x197.jpeg 300w\" sizes=\"(max-width: 858px) 100vw, 858px\" \/><p id=\"caption-attachment-103799\" class=\"wp-caption-text\"><span style=\"font-weight: 400;\">L\u2019ambulance que Vincenzo Mazza a offert \u00e0 sa ville il y a quelques ann\u00e9es. [Une photo d\u2019Andreas Mazza, Actualit\u00e9s de la Division intereurop\u00e9enne]<\/span><\/p><\/div><span style=\"font-weight: 400;\">D\u2019autres responsables et dirigeants se souviennent du d\u00e9vouement du pasteur Mazza envers sa mission ainsi que de son engagement au b\u00e9n\u00e9volat. Parmi eux, il y a Marco Ragusa, pr\u00e9sident du bureau de la protection civile d\u2019Assoro, M.\u00a0Licciardo et Vincenzo Castro, un pasteur adventiste local.<\/span><\/p>\n<p><span style=\"font-weight: 400;\">Le pasteur Castro, \u00ab\u00a0l\u2019ami devenu fr\u00e8re\u00a0\u00bb du pasteur Mazza, a soulign\u00e9 le grand amour que son d\u00e9funt ami avait pour son pays. Le pasteur Mazza a visit\u00e9 Assoro pour la derni\u00e8re fois en novembre 2022.<\/span><\/p>\n<p><span style=\"font-weight: 400;\">Le pasteur adventiste a \u00e9galement soulign\u00e9 l\u2019engagement renouvel\u00e9 de l\u2019\u00c9glise adventiste envers la population d\u2019Assoro, particuli\u00e8rement ceux qui sont d\u00e9munis et qui souffrent, et principalement par les programmes et projets du bureau local de la protection civile. \u00c0 la fin de son discours, le pasteur Castro a annonc\u00e9 un don en argent audit bureau. Ces fonds ont \u00e9t\u00e9 amass\u00e9s par la communaut\u00e9 adventiste locale, a-t-il dit.<\/span><\/p>\n<p><div id=\"attachment_103802\" style=\"width: 865px\" class=\"wp-caption aligncenter\"><img decoding=\"async\" aria-describedby=\"caption-attachment-103802\" class=\" wp-image-103801\" src=\"https:\/\/interamerica.org\/wp-content\/uploads\/2023\/09\/italy-3-2-768x617-1.jpeg\" alt=\"\" width=\"855\" height=\"687\" srcset=\"https:\/\/interamerica.org\/wp-content\/uploads\/2023\/09\/italy-3-2-768x617-1.jpeg 768w, https:\/\/interamerica.org\/wp-content\/uploads\/2023\/09\/italy-3-2-768x617-1-300x241.jpeg 300w\" sizes=\"(max-width: 855px) 100vw, 855px\" \/><p id=\"caption-attachment-103802\" class=\"wp-caption-text\"><span style=\"font-weight: 400;\">Lors de la c\u00e9r\u00e9monie du 19 ao\u00fbt dernier, Irina Dragoti (\u00e0 gauche) a chant\u00e9 deux des chants pr\u00e9f\u00e9r\u00e9s de Vincenzo Mazza. [Une photo d\u2019Andreas Mazza, Actualit\u00e9s de la Division intereurop\u00e9enne]<\/span><\/p><\/div><span style=\"font-weight: 400;\">Au programme de la c\u00e9r\u00e9monie sp\u00e9ciale du 19 ao\u00fbt figurait \u00e9galement une performance musicale offerte par la belle-fille du pasteur Mazza, Irina Dragoti, chanteuse d\u2019op\u00e9ra se produisant au Th\u00e9\u00e2tre d\u2019op\u00e9ra de Rome. Elle a pr\u00e9sent\u00e9 deux des pi\u00e8ces qui \u00e9taient pr\u00e9cieuses pour son d\u00e9funt beau-p\u00e8re, selon les propos de la famille lors de la c\u00e9r\u00e9monie. C\u2019est le pasteur Mazza lui-m\u00eame qui avait sugg\u00e9r\u00e9 qu\u2019elle inclut ces deux chants \u2014 <\/span><i><span style=\"font-weight: 400;\">The Lord\u2019s Prayer<\/span><\/i><span style=\"font-weight: 400;\"> et <\/span><i><span style=\"font-weight: 400;\">Holy City <\/span><\/i><span style=\"font-weight: 400;\">\u2014 \u00e0 son r\u00e9pertoire.<\/span><\/p>\n<p><span style=\"font-weight: 400;\">Lors des remarques finales et au nom de la communaut\u00e9, les responsables locaux ont partag\u00e9 quelques mots d\u2019appr\u00e9ciation pour l\u2019\u00c9glise adventiste. La presse r\u00e9gionale a \u00e9galement r\u00e9p\u00e9t\u00e9 ces remarques dans un article sur la c\u00e9r\u00e9monie publi\u00e9 dans le journal <\/span><i><span style=\"font-weight: 400;\">La Sicilia<\/span><\/i><span style=\"font-weight: 400;\">.<\/span><\/p>\n<p><span style=\"font-weight: 400;\">\u00ab\u00a0Le pasteur Mazza a laiss\u00e9 un h\u00e9ritage d\u2019amour et de d\u00e9vouement au service des autres\u00a0\u00bb, \u00e9tait-il \u00e9crit dans le journal. Il est un exemple \u00ab\u00a0qui continuera d\u2019inspirer les g\u00e9n\u00e9rations \u00e0 venir \u00bb.<\/span><\/p>\n<p><span style=\"font-weight: 400;\">La <\/span><a href=\"https:\/\/news.eud.adventist.org\/en\/all-news\/news\/go\/2023-09-06\/italy-civil-protection-office-named-after-pastor-vincenzo-mazza\/\"><span style=\"font-weight: 400;\">version originale<\/span><\/a><span style=\"font-weight: 400;\"> de cet article a \u00e9t\u00e9 publi\u00e9e sur le <\/span><a href=\"https:\/\/news.eud.adventist.org\/en\/\"><span style=\"font-weight: 400;\">site des actualit\u00e9s<\/span><\/a><span style=\"font-weight: 400;\"> de la Division intereurop\u00e9enne.<\/span><\/p>\n<p><span style=\"font-weight: 400;\">Traduction\u00a0: Marie-Mich\u00e8le Robitaille<\/span><\/p>\n","protected":false},"excerpt":{"rendered":"<p>On se souvient du regrett\u00e9 Vincenzo Mazza pour son engagement \u00e0 aider les autres. Le 26 septembre 2023 | Division intereurop\u00e9enne et Adventist Review Le 19\u00a0ao\u00fbt dernier, les responsables gouvernementaux,&#8230;<\/p>\n","protected":false},"author":3,"featured_media":103793,"comment_status":"closed","ping_status":"closed","sticky":false,"template":"","format":"standard","meta":{"_acf_changed":false,"footnotes":""},"categories":[18,19],"tags":[],"class_list":["post-104006","post","type-post","status-publish","format-standard","has-post-thumbnail","hentry","category-nouvelles-de-leglise-mondiale","category-rss-francais"],"acf":[],"yoast_head":"<!-- This site is optimized with the Yoast SEO plugin v27.3 - https:\/\/yoast.com\/product\/yoast-seo-wordpress\/ -->\n<title>Un pasteur adventiste donne son nom au bureau de la protection civile d\u2019une ville italienne - \u00c9glise Adventiste Du Septieme Jour - Inter Am\u00e9rique Division<\/title>\n<meta name=\"robots\" content=\"index, follow, max-snippet:-1, max-image-preview:large, max-video-preview:-1\" \/>\n<link rel=\"canonical\" href=\"https:\/\/interamerica.org\/fr\/2023\/09\/un-pasteur-adventiste-donne-son-nom-au-bureau-de-la-protection-civile-dune-ville-italienne\/\" \/>\n<meta property=\"og:locale\" content=\"fr_FR\" \/>\n<meta property=\"og:type\" content=\"article\" \/>\n<meta property=\"og:title\" content=\"Un pasteur adventiste donne son nom au bureau de la protection civile d\u2019une ville italienne - \u00c9glise Adventiste Du Septieme Jour - Inter Am\u00e9rique Division\" \/>\n<meta property=\"og:description\" content=\"On se souvient du regrett\u00e9 Vincenzo Mazza pour son engagement \u00e0 aider les autres. Le 26 septembre 2023 | Division intereurop\u00e9enne et Adventist Review Le 19\u00a0ao\u00fbt dernier, les responsables gouvernementaux,...\" \/>\n<meta property=\"og:url\" content=\"https:\/\/interamerica.org\/fr\/2023\/09\/un-pasteur-adventiste-donne-son-nom-au-bureau-de-la-protection-civile-dune-ville-italienne\/\" \/>\n<meta property=\"og:site_name\" content=\"\u00c9glise Adventiste Du Septieme Jour - Inter Am\u00e9rique Division\" \/>\n<meta property=\"article:published_time\" content=\"2023-09-26T15:17:12+00:00\" \/>\n<meta property=\"article:modified_time\" content=\"2023-09-29T19:57:43+00:00\" \/>\n<meta property=\"og:image\" content=\"https:\/\/interamerica.org\/wp-content\/uploads\/2023\/09\/italy-town-name.jpeg\" \/>\n\t<meta property=\"og:image:width\" content=\"710\" \/>\n\t<meta property=\"og:image:height\" content=\"399\" \/>\n\t<meta property=\"og:image:type\" content=\"image\/jpeg\" \/>\n<meta name=\"author\" content=\"libna\" \/>\n<meta name=\"twitter:card\" content=\"summary_large_image\" \/>\n<meta name=\"twitter:label1\" content=\"\u00c9crit par\" \/>\n\t<meta name=\"twitter:data1\" content=\"libna\" \/>\n\t<meta name=\"twitter:label2\" content=\"Dur\u00e9e de lecture estim\u00e9e\" \/>\n\t<meta name=\"twitter:data2\" content=\"4 minutes\" \/>\n<script type=\"application\/ld+json\" class=\"yoast-schema-graph\">{\"@context\":\"https:\\\/\\\/schema.org\",\"@graph\":[{\"@type\":\"Article\",\"@id\":\"https:\\\/\\\/interamerica.org\\\/fr\\\/2023\\\/09\\\/un-pasteur-adventiste-donne-son-nom-au-bureau-de-la-protection-civile-dune-ville-italienne\\\/#article\",\"isPartOf\":{\"@id\":\"https:\\\/\\\/interamerica.org\\\/fr\\\/2023\\\/09\\\/un-pasteur-adventiste-donne-son-nom-au-bureau-de-la-protection-civile-dune-ville-italienne\\\/\"},\"author\":{\"name\":\"libna\",\"@id\":\"https:\\\/\\\/interamerica.org\\\/fr\\\/#\\\/schema\\\/person\\\/29998f2bc2d8bd0d38662909289b54f1\"},\"headline\":\"Un pasteur adventiste donne son nom au bureau de la protection civile d\u2019une ville italienne\",\"datePublished\":\"2023-09-26T15:17:12+00:00\",\"dateModified\":\"2023-09-29T19:57:43+00:00\",\"mainEntityOfPage\":{\"@id\":\"https:\\\/\\\/interamerica.org\\\/fr\\\/2023\\\/09\\\/un-pasteur-adventiste-donne-son-nom-au-bureau-de-la-protection-civile-dune-ville-italienne\\\/\"},\"wordCount\":757,\"image\":{\"@id\":\"https:\\\/\\\/interamerica.org\\\/fr\\\/2023\\\/09\\\/un-pasteur-adventiste-donne-son-nom-au-bureau-de-la-protection-civile-dune-ville-italienne\\\/#primaryimage\"},\"thumbnailUrl\":\"https:\\\/\\\/interamerica.org\\\/wp-content\\\/uploads\\\/2023\\\/09\\\/italy-town-name.jpeg\",\"articleSection\":[\"Nouvelles de l'\u00c9glise mondiale\",\"RSS Fran\u00e7ais\"],\"inLanguage\":\"fr-FR\"},{\"@type\":\"WebPage\",\"@id\":\"https:\\\/\\\/interamerica.org\\\/fr\\\/2023\\\/09\\\/un-pasteur-adventiste-donne-son-nom-au-bureau-de-la-protection-civile-dune-ville-italienne\\\/\",\"url\":\"https:\\\/\\\/interamerica.org\\\/fr\\\/2023\\\/09\\\/un-pasteur-adventiste-donne-son-nom-au-bureau-de-la-protection-civile-dune-ville-italienne\\\/\",\"name\":\"Un pasteur adventiste donne son nom au bureau de la protection civile d\u2019une ville italienne - \u00c9glise Adventiste Du Septieme Jour - Inter Am\u00e9rique Division\",\"isPartOf\":{\"@id\":\"https:\\\/\\\/interamerica.org\\\/fr\\\/#website\"},\"primaryImageOfPage\":{\"@id\":\"https:\\\/\\\/interamerica.org\\\/fr\\\/2023\\\/09\\\/un-pasteur-adventiste-donne-son-nom-au-bureau-de-la-protection-civile-dune-ville-italienne\\\/#primaryimage\"},\"image\":{\"@id\":\"https:\\\/\\\/interamerica.org\\\/fr\\\/2023\\\/09\\\/un-pasteur-adventiste-donne-son-nom-au-bureau-de-la-protection-civile-dune-ville-italienne\\\/#primaryimage\"},\"thumbnailUrl\":\"https:\\\/\\\/interamerica.org\\\/wp-content\\\/uploads\\\/2023\\\/09\\\/italy-town-name.jpeg\",\"datePublished\":\"2023-09-26T15:17:12+00:00\",\"dateModified\":\"2023-09-29T19:57:43+00:00\",\"author\":{\"@id\":\"https:\\\/\\\/interamerica.org\\\/fr\\\/#\\\/schema\\\/person\\\/29998f2bc2d8bd0d38662909289b54f1\"},\"breadcrumb\":{\"@id\":\"https:\\\/\\\/interamerica.org\\\/fr\\\/2023\\\/09\\\/un-pasteur-adventiste-donne-son-nom-au-bureau-de-la-protection-civile-dune-ville-italienne\\\/#breadcrumb\"},\"inLanguage\":\"fr-FR\",\"potentialAction\":[{\"@type\":\"ReadAction\",\"target\":[\"https:\\\/\\\/interamerica.org\\\/fr\\\/2023\\\/09\\\/un-pasteur-adventiste-donne-son-nom-au-bureau-de-la-protection-civile-dune-ville-italienne\\\/\"]}]},{\"@type\":\"ImageObject\",\"inLanguage\":\"fr-FR\",\"@id\":\"https:\\\/\\\/interamerica.org\\\/fr\\\/2023\\\/09\\\/un-pasteur-adventiste-donne-son-nom-au-bureau-de-la-protection-civile-dune-ville-italienne\\\/#primaryimage\",\"url\":\"https:\\\/\\\/interamerica.org\\\/wp-content\\\/uploads\\\/2023\\\/09\\\/italy-town-name.jpeg\",\"contentUrl\":\"https:\\\/\\\/interamerica.org\\\/wp-content\\\/uploads\\\/2023\\\/09\\\/italy-town-name.jpeg\",\"width\":710,\"height\":399,\"caption\":\"The local Civil Protection office in Assoro, Sicily, Italy, was named after the late Seventh-day Adventist pastor Vincenzo Mazza. [Photo: Andreas Mazza, Inter-European Division News]\"},{\"@type\":\"BreadcrumbList\",\"@id\":\"https:\\\/\\\/interamerica.org\\\/fr\\\/2023\\\/09\\\/un-pasteur-adventiste-donne-son-nom-au-bureau-de-la-protection-civile-dune-ville-italienne\\\/#breadcrumb\",\"itemListElement\":[{\"@type\":\"ListItem\",\"position\":1,\"name\":\"Home\",\"item\":\"https:\\\/\\\/interamerica.org\\\/fr\\\/\"},{\"@type\":\"ListItem\",\"position\":2,\"name\":\"Un pasteur adventiste donne son nom au bureau de la protection civile d\u2019une ville italienne\"}]},{\"@type\":\"WebSite\",\"@id\":\"https:\\\/\\\/interamerica.org\\\/fr\\\/#website\",\"url\":\"https:\\\/\\\/interamerica.org\\\/fr\\\/\",\"name\":\"\u00c9glise Adventiste Du Septieme Jour - Inter Am\u00e9rique Division\",\"description\":\"\",\"potentialAction\":[{\"@type\":\"SearchAction\",\"target\":{\"@type\":\"EntryPoint\",\"urlTemplate\":\"https:\\\/\\\/interamerica.org\\\/fr\\\/?s={search_term_string}\"},\"query-input\":{\"@type\":\"PropertyValueSpecification\",\"valueRequired\":true,\"valueName\":\"search_term_string\"}}],\"inLanguage\":\"fr-FR\"},{\"@type\":\"Person\",\"@id\":\"https:\\\/\\\/interamerica.org\\\/fr\\\/#\\\/schema\\\/person\\\/29998f2bc2d8bd0d38662909289b54f1\",\"name\":\"libna\",\"image\":{\"@type\":\"ImageObject\",\"inLanguage\":\"fr-FR\",\"@id\":\"https:\\\/\\\/secure.gravatar.com\\\/avatar\\\/7c5bd30ae4b47a9ba3c856590957fd1d96dc588bf3ac05719d247e126840331f?s=96&d=mm&r=g\",\"url\":\"https:\\\/\\\/secure.gravatar.com\\\/avatar\\\/7c5bd30ae4b47a9ba3c856590957fd1d96dc588bf3ac05719d247e126840331f?s=96&d=mm&r=g\",\"contentUrl\":\"https:\\\/\\\/secure.gravatar.com\\\/avatar\\\/7c5bd30ae4b47a9ba3c856590957fd1d96dc588bf3ac05719d247e126840331f?s=96&d=mm&r=g\",\"caption\":\"libna\"}}]}<\/script>\n<!-- \/ Yoast SEO plugin. -->","yoast_head_json":{"title":"Un pasteur adventiste donne son nom au bureau de la protection civile d\u2019une ville italienne - \u00c9glise Adventiste Du Septieme Jour - Inter Am\u00e9rique Division","robots":{"index":"index","follow":"follow","max-snippet":"max-snippet:-1","max-image-preview":"max-image-preview:large","max-video-preview":"max-video-preview:-1"},"canonical":"https:\/\/interamerica.org\/fr\/2023\/09\/un-pasteur-adventiste-donne-son-nom-au-bureau-de-la-protection-civile-dune-ville-italienne\/","og_locale":"fr_FR","og_type":"article","og_title":"Un pasteur adventiste donne son nom au bureau de la protection civile d\u2019une ville italienne - \u00c9glise Adventiste Du Septieme Jour - Inter Am\u00e9rique Division","og_description":"On se souvient du regrett\u00e9 Vincenzo Mazza pour son engagement \u00e0 aider les autres. Le 26 septembre 2023 | Division intereurop\u00e9enne et Adventist Review Le 19\u00a0ao\u00fbt dernier, les responsables gouvernementaux,...","og_url":"https:\/\/interamerica.org\/fr\/2023\/09\/un-pasteur-adventiste-donne-son-nom-au-bureau-de-la-protection-civile-dune-ville-italienne\/","og_site_name":"\u00c9glise Adventiste Du Septieme Jour - Inter Am\u00e9rique Division","article_published_time":"2023-09-26T15:17:12+00:00","article_modified_time":"2023-09-29T19:57:43+00:00","og_image":[{"width":710,"height":399,"url":"https:\/\/interamerica.org\/wp-content\/uploads\/2023\/09\/italy-town-name.jpeg","type":"image\/jpeg"}],"author":"libna","twitter_card":"summary_large_image","twitter_misc":{"\u00c9crit par":"libna","Dur\u00e9e de lecture estim\u00e9e":"4 minutes"},"schema":{"@context":"https:\/\/schema.org","@graph":[{"@type":"Article","@id":"https:\/\/interamerica.org\/fr\/2023\/09\/un-pasteur-adventiste-donne-son-nom-au-bureau-de-la-protection-civile-dune-ville-italienne\/#article","isPartOf":{"@id":"https:\/\/interamerica.org\/fr\/2023\/09\/un-pasteur-adventiste-donne-son-nom-au-bureau-de-la-protection-civile-dune-ville-italienne\/"},"author":{"name":"libna","@id":"https:\/\/interamerica.org\/fr\/#\/schema\/person\/29998f2bc2d8bd0d38662909289b54f1"},"headline":"Un pasteur adventiste donne son nom au bureau de la protection civile d\u2019une ville italienne","datePublished":"2023-09-26T15:17:12+00:00","dateModified":"2023-09-29T19:57:43+00:00","mainEntityOfPage":{"@id":"https:\/\/interamerica.org\/fr\/2023\/09\/un-pasteur-adventiste-donne-son-nom-au-bureau-de-la-protection-civile-dune-ville-italienne\/"},"wordCount":757,"image":{"@id":"https:\/\/interamerica.org\/fr\/2023\/09\/un-pasteur-adventiste-donne-son-nom-au-bureau-de-la-protection-civile-dune-ville-italienne\/#primaryimage"},"thumbnailUrl":"https:\/\/interamerica.org\/wp-content\/uploads\/2023\/09\/italy-town-name.jpeg","articleSection":["Nouvelles de l'\u00c9glise mondiale","RSS Fran\u00e7ais"],"inLanguage":"fr-FR"},{"@type":"WebPage","@id":"https:\/\/interamerica.org\/fr\/2023\/09\/un-pasteur-adventiste-donne-son-nom-au-bureau-de-la-protection-civile-dune-ville-italienne\/","url":"https:\/\/interamerica.org\/fr\/2023\/09\/un-pasteur-adventiste-donne-son-nom-au-bureau-de-la-protection-civile-dune-ville-italienne\/","name":"Un pasteur adventiste donne son nom au bureau de la protection civile d\u2019une ville italienne - \u00c9glise Adventiste Du Septieme Jour - Inter Am\u00e9rique Division","isPartOf":{"@id":"https:\/\/interamerica.org\/fr\/#website"},"primaryImageOfPage":{"@id":"https:\/\/interamerica.org\/fr\/2023\/09\/un-pasteur-adventiste-donne-son-nom-au-bureau-de-la-protection-civile-dune-ville-italienne\/#primaryimage"},"image":{"@id":"https:\/\/interamerica.org\/fr\/2023\/09\/un-pasteur-adventiste-donne-son-nom-au-bureau-de-la-protection-civile-dune-ville-italienne\/#primaryimage"},"thumbnailUrl":"https:\/\/interamerica.org\/wp-content\/uploads\/2023\/09\/italy-town-name.jpeg","datePublished":"2023-09-26T15:17:12+00:00","dateModified":"2023-09-29T19:57:43+00:00","author":{"@id":"https:\/\/interamerica.org\/fr\/#\/schema\/person\/29998f2bc2d8bd0d38662909289b54f1"},"breadcrumb":{"@id":"https:\/\/interamerica.org\/fr\/2023\/09\/un-pasteur-adventiste-donne-son-nom-au-bureau-de-la-protection-civile-dune-ville-italienne\/#breadcrumb"},"inLanguage":"fr-FR","potentialAction":[{"@type":"ReadAction","target":["https:\/\/interamerica.org\/fr\/2023\/09\/un-pasteur-adventiste-donne-son-nom-au-bureau-de-la-protection-civile-dune-ville-italienne\/"]}]},{"@type":"ImageObject","inLanguage":"fr-FR","@id":"https:\/\/interamerica.org\/fr\/2023\/09\/un-pasteur-adventiste-donne-son-nom-au-bureau-de-la-protection-civile-dune-ville-italienne\/#primaryimage","url":"https:\/\/interamerica.org\/wp-content\/uploads\/2023\/09\/italy-town-name.jpeg","contentUrl":"https:\/\/interamerica.org\/wp-content\/uploads\/2023\/09\/italy-town-name.jpeg","width":710,"height":399,"caption":"The local Civil Protection office in Assoro, Sicily, Italy, was named after the late Seventh-day Adventist pastor Vincenzo Mazza. [Photo: Andreas Mazza, Inter-European Division News]"},{"@type":"BreadcrumbList","@id":"https:\/\/interamerica.org\/fr\/2023\/09\/un-pasteur-adventiste-donne-son-nom-au-bureau-de-la-protection-civile-dune-ville-italienne\/#breadcrumb","itemListElement":[{"@type":"ListItem","position":1,"name":"Home","item":"https:\/\/interamerica.org\/fr\/"},{"@type":"ListItem","position":2,"name":"Un pasteur adventiste donne son nom au bureau de la protection civile d\u2019une ville italienne"}]},{"@type":"WebSite","@id":"https:\/\/interamerica.org\/fr\/#website","url":"https:\/\/interamerica.org\/fr\/","name":"\u00c9glise Adventiste Du Septieme Jour - Inter Am\u00e9rique Division","description":"","potentialAction":[{"@type":"SearchAction","target":{"@type":"EntryPoint","urlTemplate":"https:\/\/interamerica.org\/fr\/?s={search_term_string}"},"query-input":{"@type":"PropertyValueSpecification","valueRequired":true,"valueName":"search_term_string"}}],"inLanguage":"fr-FR"},{"@type":"Person","@id":"https:\/\/interamerica.org\/fr\/#\/schema\/person\/29998f2bc2d8bd0d38662909289b54f1","name":"libna","image":{"@type":"ImageObject","inLanguage":"fr-FR","@id":"https:\/\/secure.gravatar.com\/avatar\/7c5bd30ae4b47a9ba3c856590957fd1d96dc588bf3ac05719d247e126840331f?s=96&d=mm&r=g","url":"https:\/\/secure.gravatar.com\/avatar\/7c5bd30ae4b47a9ba3c856590957fd1d96dc588bf3ac05719d247e126840331f?s=96&d=mm&r=g","contentUrl":"https:\/\/secure.gravatar.com\/avatar\/7c5bd30ae4b47a9ba3c856590957fd1d96dc588bf3ac05719d247e126840331f?s=96&d=mm&r=g","caption":"libna"}}]}},"_links":{"self":[{"href":"https:\/\/interamerica.org\/fr\/wp-json\/wp\/v2\/posts\/104006","targetHints":{"allow":["GET"]}}],"collection":[{"href":"https:\/\/interamerica.org\/fr\/wp-json\/wp\/v2\/posts"}],"about":[{"href":"https:\/\/interamerica.org\/fr\/wp-json\/wp\/v2\/types\/post"}],"author":[{"embeddable":true,"href":"https:\/\/interamerica.org\/fr\/wp-json\/wp\/v2\/users\/3"}],"replies":[{"embeddable":true,"href":"https:\/\/interamerica.org\/fr\/wp-json\/wp\/v2\/comments?post=104006"}],"version-history":[{"count":0,"href":"https:\/\/interamerica.org\/fr\/wp-json\/wp\/v2\/posts\/104006\/revisions"}],"wp:featuredmedia":[{"embeddable":true,"href":"https:\/\/interamerica.org\/fr\/wp-json\/wp\/v2\/media\/103793"}],"wp:attachment":[{"href":"https:\/\/interamerica.org\/fr\/wp-json\/wp\/v2\/media?parent=104006"}],"wp:term":[{"taxonomy":"category","embeddable":true,"href":"https:\/\/interamerica.org\/fr\/wp-json\/wp\/v2\/categories?post=104006"},{"taxonomy":"post_tag","embeddable":true,"href":"https:\/\/interamerica.org\/fr\/wp-json\/wp\/v2\/tags?post=104006"}],"curies":[{"name":"wp","href":"https:\/\/api.w.org\/{rel}","templated":true}]}}