{"id":104313,"date":"2023-10-05T14:27:58","date_gmt":"2023-10-05T18:27:58","guid":{"rendered":"https:\/\/interamerica.org\/?p=104313"},"modified":"2023-10-06T11:57:13","modified_gmt":"2023-10-06T15:57:13","slug":"au-panama-des-centaines-denfants-et-dadolescents-invites-a-compter-sur-jesus","status":"publish","type":"post","link":"https:\/\/interamerica.org\/fr\/2023\/10\/au-panama-des-centaines-denfants-et-dadolescents-invites-a-compter-sur-jesus\/","title":{"rendered":"Au Panama, des centaines d\u2019enfants et d\u2019adolescents invit\u00e9s \u00e0 compter sur J\u00e9sus"},"content":{"rendered":"<p><div id=\"attachment_104262\" style=\"width: 863px\" class=\"wp-caption aligncenter\"><img fetchpriority=\"high\" decoding=\"async\" aria-describedby=\"caption-attachment-104262\" class=\" wp-image-104261\" src=\"https:\/\/interamerica.org\/wp-content\/uploads\/2023\/10\/panu-child-congress-praying.jpg\" alt=\"\" width=\"853\" height=\"488\" srcset=\"https:\/\/interamerica.org\/wp-content\/uploads\/2023\/10\/panu-child-congress-praying.jpg 1000w, https:\/\/interamerica.org\/wp-content\/uploads\/2023\/10\/panu-child-congress-praying-300x172.jpg 300w, https:\/\/interamerica.org\/wp-content\/uploads\/2023\/10\/panu-child-congress-praying-768x439.jpg 768w\" sizes=\"(max-width: 853px) 100vw, 853px\" \/><p id=\"caption-attachment-104262\" class=\"wp-caption-text\">L\u2019oratrice principale, Edith Ruiz de Espinoza (\u00e0 gauche), directrice des minist\u00e8res des enfants et des adolescents de la Division Inter Am\u00e9ricaine, prie sur la plateforme lors de la c\u00e9r\u00e9monie d\u2019ouverture du Congr\u00e8s des Enfants et des Adolescents de l\u2019Union du Panama qui a eu lieu dans la ville de Panama, les 22 et 23 septembre 2023. Plus de 1200 jeunes sont venus de tout le pays pour participer au programme qui comprenait une s\u00e9rie de messages spirituels, la pri\u00e8re et des activit\u00e9s sociales. [Photo : Union du Panama]<\/p><\/div>5 Octobre 2023 | Ville de Panama, Panama | Kayc James et Libna Stevens, Actualit\u00e9s de la Division Inter Am\u00e9ricaine<\/p>\n<p>Des centaines d\u2019enfants et d\u2019adolescents \u00e2g\u00e9s de 7 \u00e0 14 ans sont venus des quatre coins du Panama pour participer \u00e0 un congr\u00e8s national au cours duquel on leur a enseign\u00e9 les principes bibliques et o\u00f9 ils ont appris davantage sur l\u2019amour de J\u00e9sus et leur but dans la vie.<\/p>\n<p>Les jeunes sont venus avec leurs animateurs et leurs dirigeants pour participer pendant deux jours \u00e0 un programme comprenant une s\u00e9rie de messages spirituels, des s\u00e9ances de pri\u00e8re et des activit\u00e9s sociales \u00e0 l\u2019Auditorium de l\u2019\u00c9cole Adventiste M\u00e9tropolitaine dans la ville de Panama, au Panama, les 22 et 23 septembre 2023.<\/p>\n<p><div id=\"attachment_104253\" style=\"width: 845px\" class=\"wp-caption aligncenter\"><img decoding=\"async\" aria-describedby=\"caption-attachment-104253\" class=\" wp-image-104252\" src=\"https:\/\/interamerica.org\/wp-content\/uploads\/2023\/10\/panu-child-congress-pan.jpg\" alt=\"\" width=\"835\" height=\"390\" srcset=\"https:\/\/interamerica.org\/wp-content\/uploads\/2023\/10\/panu-child-congress-pan.jpg 1000w, https:\/\/interamerica.org\/wp-content\/uploads\/2023\/10\/panu-child-congress-pan-300x140.jpg 300w, https:\/\/interamerica.org\/wp-content\/uploads\/2023\/10\/panu-child-congress-pan-768x359.jpg 768w\" sizes=\"(max-width: 835px) 100vw, 835px\" \/><p id=\"caption-attachment-104253\" class=\"wp-caption-text\">Plus de 1200 enfants et adolescents se sont r\u00e9unis \u00e0 l\u2019\u00c9cole Adventiste M\u00e9tropolitaine de la ville de Panama, au Panama \u00e0 l\u2019occasion du congr\u00e8s. [Photo : Union du Panama]<\/p><\/div>\u00ab Pour nous, il s\u2019agit d\u2019un programme crucial et tr\u00e8s important pour aider les enfants et les adolescents \u00e0 d\u00e9velopper leur foi et \u00e0 consolider leur relation avec Dieu d\u00e8s leur plus jeune \u00e2ge, \u00bb a d\u00e9clar\u00e9 Rosalinda De Gracia, directrice des minist\u00e8res aupr\u00e8s des enfants et des adolescents de l\u2019Union du Panama. Il s\u2019agit d\u2019investir du temps et des ressources afin qu\u2019ils apprennent \u00e0 faire confiance \u00e0 Dieu, \u00e0 acqu\u00e9rir l\u2019assurance n\u00e9cessaire pour diriger alors qu\u2019ils grandissent et deviennent des leaders spirituels.<\/p>\n<p><strong>R\u00e9affirmer que J\u00e9sus est un refuge s\u00fbr<\/strong><\/p>\n<p>Le programme dont le th\u00e8me \u00e9tait \u00ab J\u00e9sus notre Rocher \u00c9ternel, \u00bb visait \u00e0 laisser un message clair et \u00e0 proposer des outils permettant aux enfants et aux adolescents de prendre de sages d\u00e9cisions et d\u2019\u00eatre assur\u00e9s que J\u00e9sus en tant que \u00ab Rocher \u00bb est leur protection et leur salut. \u00ab Nous voulions leur r\u00e9affirmer que J\u00e9sus est un refuge s\u00fbr, notre force, notre aide, notre consolateur, notre d\u00e9fenseur et le meilleur guide et ami qu\u2019ils puissent avoir, \u00bb a d\u00e9clar\u00e9 Rosalinda De Gracia.<\/p>\n<p><div id=\"attachment_104277\" style=\"width: 907px\" class=\"wp-caption aligncenter\"><img decoding=\"async\" aria-describedby=\"caption-attachment-104277\" class=\" wp-image-104276\" src=\"https:\/\/interamerica.org\/wp-content\/uploads\/2023\/10\/panu-child-congress-whiterobes.png\" alt=\"\" width=\"897\" height=\"598\" srcset=\"https:\/\/interamerica.org\/wp-content\/uploads\/2023\/10\/panu-child-congress-whiterobes.png 1000w, https:\/\/interamerica.org\/wp-content\/uploads\/2023\/10\/panu-child-congress-whiterobes-300x200.png 300w, https:\/\/interamerica.org\/wp-content\/uploads\/2023\/10\/panu-child-congress-whiterobes-768x512.png 768w\" sizes=\"(max-width: 897px) 100vw, 897px\" \/><p id=\"caption-attachment-104277\" class=\"wp-caption-text\">V\u00eatus de robes blanches et de couronnes, les enfants appr\u00e9cient un programme sp\u00e9cial ayant pour th\u00e8me le ciel le 22 septembre 2023. [Photo : Eric Rodr\u00edguez]<\/p><\/div>La jeune d\u00e9l\u00e9gation repr\u00e9sentait les pr\u00e8s de 13000 enfants et adolescents r\u00e9partis dans les \u00e9glises et les groupes du Panama, a d\u00e9clar\u00e9 Rosalinda De Gracia. Pr\u00e8s de 50 des enfants pr\u00e9sents \u00e9taient des non-adventistes, a-t-elle ajout\u00e9.<\/p>\n<p>Lors du congr\u00e8s, la jeune d\u00e9l\u00e9gation \u00e9tait v\u00eatue de blanc, chacun des jeunes portant une couronne lors de la soir\u00e9e d\u2019ouverture, pour faire allusion aux robes blanches que les rachet\u00e9s porteront au ciel. \u00ab J\u2019ai aim\u00e9 nous voir tous habill\u00e9s de blanc, \u00bb a dit Sofia Hern\u00e1ndez, neuf ans. \u00ab Je veux aller au ciel et voir tous les enfants et voir J\u00e9sus v\u00eatu de blanc comme moi, \u00bb a-t-elle dit.<\/p>\n<p><div id=\"attachment_104274\" style=\"width: 867px\" class=\"wp-caption aligncenter\"><img loading=\"lazy\" decoding=\"async\" aria-describedby=\"caption-attachment-104274\" class=\" wp-image-104273\" src=\"https:\/\/interamerica.org\/wp-content\/uploads\/2023\/10\/panu-hugtherapy-childcongress.png\" alt=\"\" width=\"857\" height=\"571\" srcset=\"https:\/\/interamerica.org\/wp-content\/uploads\/2023\/10\/panu-hugtherapy-childcongress.png 1000w, https:\/\/interamerica.org\/wp-content\/uploads\/2023\/10\/panu-hugtherapy-childcongress-300x200.png 300w, https:\/\/interamerica.org\/wp-content\/uploads\/2023\/10\/panu-hugtherapy-childcongress-768x512.png 768w\" sizes=\"(max-width: 857px) 100vw, 857px\" \/><p id=\"caption-attachment-104274\" class=\"wp-caption-text\">Lors du programme, les enfants se prennent dans les bras les uns des autres lors d\u2019un segment r\u00e9serv\u00e9 \u00e0 la th\u00e9rapie par les accolades. [Photo : \u00c9ric Rodr\u00edguez]<\/p><\/div>Il s\u2019agissait avant tout de laisser des impressions durables, a d\u00e9clar\u00e9 Rosalinda De Gracia. Les jeunes ont d\u00e9couvert les bienfaits de la th\u00e9rapie par les accolades, la cr\u00e9ation et l\u2019importance du repos du sabbat, l\u2019utilisation des r\u00e9seaux sociaux et leurs dangers, ainsi que l\u2019importance du mariage en tant qu\u2019institution biblique \u00e9tablie par Dieu entre un homme et une femme.<\/p>\n<p><strong>Vivre dans une soci\u00e9t\u00e9 d\u00e9sorient\u00e9e<\/strong><\/p>\n<p>\u00ab Nous vivons une \u00e9poque de d\u00e9pression, de harc\u00e8lement, de violence, d\u2019intimidation, d\u2019anxi\u00e9t\u00e9, de foyers divis\u00e9s, de suicides, nous vivons dans une soci\u00e9t\u00e9 d\u00e9sorient\u00e9e, \u00bb a d\u00e9clar\u00e9 Rosalinda De Gracia. \u00ab Dans les programmes et les films projet\u00e9s \u00e0 l\u2019\u00e9cran, nous voyons et ressentons le bombardement de la nouvelle mode des mariages entre personnes de m\u00eame sexe. \u00bb Il \u00e9tait important de montrer ce \u00e0 quoi devraient ressembler les mariages, a-t-elle d\u00e9clar\u00e9.<\/p>\n<p><div id=\"attachment_104271\" style=\"width: 866px\" class=\"wp-caption aligncenter\"><img loading=\"lazy\" decoding=\"async\" aria-describedby=\"caption-attachment-104271\" class=\" wp-image-104270\" src=\"https:\/\/interamerica.org\/wp-content\/uploads\/2023\/10\/panu-child-congress-vows.png\" alt=\"\" width=\"856\" height=\"490\" srcset=\"https:\/\/interamerica.org\/wp-content\/uploads\/2023\/10\/panu-child-congress-vows.png 1000w, https:\/\/interamerica.org\/wp-content\/uploads\/2023\/10\/panu-child-congress-vows-300x172.png 300w, https:\/\/interamerica.org\/wp-content\/uploads\/2023\/10\/panu-child-congress-vows-768x439.png 768w\" sizes=\"(max-width: 856px) 100vw, 856px\" \/><p id=\"caption-attachment-104271\" class=\"wp-caption-text\">Quatre couples r\u00e9cemment mari\u00e9s renouvellent leurs v\u0153ux lors du programme, comme un t\u00e9moignage de l\u2019exemple biblique du mariage entre un homme et une femme tel que voulu par Dieu. [Photo : Union du Panama]<\/p><\/div>Les enfants et les adolescents ont saut\u00e9, applaudi et cri\u00e9 de joie lorsqu\u2019ils ont entendu la chanson de la marche nuptiale alors que quatre couples avan\u00e7aient vers la plateforme pour renouveler leurs v\u0153ux de mariage.<\/p>\n<p>\u00ab C\u2019\u00e9tait vraiment int\u00e9ressant de voir comment les couples transmettaient l\u2019amour qu\u2019ils ressentaient l\u2019un pour l\u2019autre, et c\u2019\u00e9tait une bonne mani\u00e8re de montrer aux enfants un exemple de la famille telle que Dieu l\u2019a \u00e9tablie, \u00bb a d\u00e9clar\u00e9 Mirna Belford, directrice des minist\u00e8res aupr\u00e8s des enfants et des adolescents de l\u2019\u00e9glise adventiste de Berea dans la ville de Panama.<\/p>\n<p><div id=\"attachment_104289\" style=\"width: 858px\" class=\"wp-caption aligncenter\"><img loading=\"lazy\" decoding=\"async\" aria-describedby=\"caption-attachment-104289\" class=\" wp-image-104288\" src=\"https:\/\/interamerica.org\/wp-content\/uploads\/2023\/10\/panu-child-congress-stageparticipation.png\" alt=\"\" width=\"848\" height=\"565\" srcset=\"https:\/\/interamerica.org\/wp-content\/uploads\/2023\/10\/panu-child-congress-stageparticipation.png 1000w, https:\/\/interamerica.org\/wp-content\/uploads\/2023\/10\/panu-child-congress-stageparticipation-300x200.png 300w, https:\/\/interamerica.org\/wp-content\/uploads\/2023\/10\/panu-child-congress-stageparticipation-768x511.png 768w\" sizes=\"(max-width: 848px) 100vw, 848px\" \/><p id=\"caption-attachment-104289\" class=\"wp-caption-text\">Une jeune fille participe \u00e0 une activit\u00e9 lors du programme du sabbat apr\u00e8s-midi, le 23 septembre 2023. [Photo : Eric Rodr\u00edguez]<\/p><\/div><strong>A la tente de pri\u00e8re<\/strong><\/p>\n<p>Les jeunes d\u00e9l\u00e9gu\u00e9s ont form\u00e9 une file d\u2019attente devant la tente de pri\u00e8re o\u00f9 les pasteurs \u00e9taient pr\u00eats \u00e0 \u00e9couter et \u00e0 prier pour leurs pr\u00e9occupations et leurs requ\u00eates sp\u00e9cifiques. \u00ab La file d\u2019attente est devenue si longue que deux pasteurs suppl\u00e9mentaires ont d\u00fb apporter leur aide dans la tente de pri\u00e8re, \u00bb a pr\u00e9cis\u00e9 Rosalinda De Gracia. De nombreuses requ\u00eates de pri\u00e8re comprenaient des demandes pour que des parents ne divorcent pas, pour que leurs parents trouvent un emploi, pour la gu\u00e9rison et bien d\u2019autres sujets, a-t-elle d\u00e9clar\u00e9.<\/p>\n<p>\u00ab Un enfant en particulier a demand\u00e9 la pri\u00e8re pour que lui et sa famille puissent avoir de la nourriture parce que ses parents n\u2019avaient pas pu trouver de travail et n\u2019avaient pas de quoi manger, \u00bb a dit Rosalinda De Gracia. Peu de temps apr\u00e8s, les dirigeants d\u2019ADRA Panama ont \u00e9t\u00e9 inform\u00e9s pour qu\u2019ils visitent le foyer et apportent de la nourriture et de l\u2019aide.<\/p>\n<p><div id=\"attachment_104280\" style=\"width: 857px\" class=\"wp-caption aligncenter\"><img loading=\"lazy\" decoding=\"async\" aria-describedby=\"caption-attachment-104280\" class=\" wp-image-104279\" src=\"https:\/\/interamerica.org\/wp-content\/uploads\/2023\/10\/panu-child-prayer-tent.png\" alt=\"\" width=\"847\" height=\"565\" srcset=\"https:\/\/interamerica.org\/wp-content\/uploads\/2023\/10\/panu-child-prayer-tent.png 1000w, https:\/\/interamerica.org\/wp-content\/uploads\/2023\/10\/panu-child-prayer-tent-300x200.png 300w, https:\/\/interamerica.org\/wp-content\/uploads\/2023\/10\/panu-child-prayer-tent-768x512.png 768w\" sizes=\"(max-width: 847px) 100vw, 847px\" \/><p id=\"caption-attachment-104280\" class=\"wp-caption-text\">Pasteur Jos\u00e9 De Gracia (\u00e0 droite) pr\u00e9sident de l\u2019Union du Panama prie pour les requ\u00eates d\u2019un adolescent dans la tente de pri\u00e8re sp\u00e9ciale. [Photo : \u00c9ric Rodr\u00edguez]<\/p><\/div>Parmi les cinq pasteurs qui priaient pour les enfants se trouvait le pasteur Jos\u00e9 De Gracia, pr\u00e9sident de l\u2019Union du Panama. Le pasteur De Gracia a d\u00e9clar\u00e9 que cela a \u00e9t\u00e9 une b\u00e9n\u00e9diction de soutenir les enfants qui ont besoin de pri\u00e8re. \u00ab Certains des meilleurs t\u00e9moignages et des meilleurs r\u00e9cits proviennent de tentes de pri\u00e8re comme celles-ci, \u00bb a-t-il dit. Pasteur De Gracia a rappel\u00e9 comment Rosendo Sanjur, neuf ans, qui a assist\u00e9 au premier congr\u00e8s des enfants et des adolescents organis\u00e9 par l\u2019\u00e9glise en 2018, est venu r\u00e9clamer la pri\u00e8re parce qu\u2019il ne voulait pas devenir un voleur comme son grand-p\u00e8re. Les dirigeants de l\u2019union ont rapidement rendu visite \u00e0 sa famille et l\u2019ont inscrit dans une \u00e9cole adventiste. Aujourd\u2019hui, Rosendo continue d\u2019\u00e9tudier \u00e0 l\u2019\u00c9cole Adventiste de Chorrera dans la province de l\u2019Ouest au Panama et est un enfant leader actif dans son champ local, a d\u00e9clar\u00e9 le pasteur De Gracia. Les parents de Rosendo sont d\u00e9sormais membres de l\u2019\u00c9glise adventiste du septi\u00e8me jour.<\/p>\n<p><div id=\"attachment_104265\" style=\"width: 833px\" class=\"wp-caption aligncenter\"><img loading=\"lazy\" decoding=\"async\" aria-describedby=\"caption-attachment-104265\" class=\" wp-image-104264\" src=\"https:\/\/interamerica.org\/wp-content\/uploads\/2023\/10\/panu-rosalinda-degracia-rosendo.png\" alt=\"\" width=\"823\" height=\"549\" srcset=\"https:\/\/interamerica.org\/wp-content\/uploads\/2023\/10\/panu-rosalinda-degracia-rosendo.png 1000w, https:\/\/interamerica.org\/wp-content\/uploads\/2023\/10\/panu-rosalinda-degracia-rosendo-300x200.png 300w, https:\/\/interamerica.org\/wp-content\/uploads\/2023\/10\/panu-rosalinda-degracia-rosendo-768x512.png 768w\" sizes=\"(max-width: 823px) 100vw, 823px\" \/><p id=\"caption-attachment-104265\" class=\"wp-caption-text\">Rosalinda De Gracia (\u00e0 gauche), directrice des minist\u00e8res aupr\u00e8s des enfants et des adolescents de l\u2019Union du Panama, s\u2019adresse aux jeunes d\u00e9l\u00e9gu\u00e9s alors qu\u2019elle pr\u00e9sente Rosendo Sanjur (deuxi\u00e8me \u00e0 partir de la droite), un participant au premier congr\u00e8s en 2018, qui a \u00e9t\u00e9 parrain\u00e9 par l\u2019Union du Panama pour \u00e9tudier dans une \u00e9cole adventiste. Pasteur Jos\u00e9 De Gracia (\u00e0 droite), pr\u00e9sident de l\u2019Union du Panama, est debout \u00e0 c\u00f4t\u00e9 de Rosendo. [Photo: Eric Rodr\u00edguez]<\/p><\/div><strong>J\u00e9sus comme fondement<\/strong><\/p>\n<p>L\u2019oratrice principale, Edith Ruiz de Espinoza, directrice des minist\u00e8res aupr\u00e8s des enfants et des adolescents pour la Division Inter Am\u00e9ricaine, a invit\u00e9 les jeunes d\u00e9l\u00e9gu\u00e9s \u00e0 s\u2019accrocher \u00e0 J\u00e9sus et \u00e0 faire de lui le fondement et la source de sagesse dans leur vie alors qu\u2019ils vaquent \u00e0 leurs activit\u00e9s quotidiennes. \u00ab Vous \u00eates une lumi\u00e8re pour J\u00e9sus et vous avez besoin de briller aupr\u00e8s de ceux qui vous entourent, \u00bb a-t-elle d\u00e9clar\u00e9 \u00e0 l\u2019assembl\u00e9e.<\/p>\n<p>\u00ab Je n\u2019ai jamais vu un congr\u00e8s d\u2019une telle envergure juste pour les enfants, \u00bb a d\u00e9clar\u00e9 Edith Espinoza. Voir leurs visages souriants, leur amour et leur d\u00e9votion pour J\u00e9sus et pour l\u2019\u00e9glise l\u2019a profond\u00e9ment touch\u00e9e. \u00ab De nombreuses unions organisent des congr\u00e8s pour les animateurs des minist\u00e8res aupr\u00e8s des enfants et des adolescents, mais cet investissement dans tant d\u2019enfants r\u00e9unis autour d\u2019un si beau programme o\u00f9 les principes bibliques sont r\u00e9affirm\u00e9s, est une v\u00e9ritable b\u00e9n\u00e9diction pour l\u2019\u00e9glise et la communaut\u00e9 sur laquelle ils auront un impact lorsqu\u2019ils seront de retour chez eux. \u00bb<\/p>\n<p><div id=\"attachment_104286\" style=\"width: 849px\" class=\"wp-caption aligncenter\"><img loading=\"lazy\" decoding=\"async\" aria-describedby=\"caption-attachment-104286\" class=\" wp-image-104285\" src=\"https:\/\/interamerica.org\/wp-content\/uploads\/2023\/10\/edith-espinoza-panu-child-congress-kids.png\" alt=\"\" width=\"839\" height=\"559\" srcset=\"https:\/\/interamerica.org\/wp-content\/uploads\/2023\/10\/edith-espinoza-panu-child-congress-kids.png 1000w, https:\/\/interamerica.org\/wp-content\/uploads\/2023\/10\/edith-espinoza-panu-child-congress-kids-300x200.png 300w, https:\/\/interamerica.org\/wp-content\/uploads\/2023\/10\/edith-espinoza-panu-child-congress-kids-768x512.png 768w\" sizes=\"(max-width: 839px) 100vw, 839px\" \/><p id=\"caption-attachment-104286\" class=\"wp-caption-text\">Trois gar\u00e7ons participent \u00e0 une activit\u00e9 autour de textes bibliques sur la plateforme lors d\u2019un segment interactif dirig\u00e9 par Edith Ruiz de Espinoza (\u00e0 gauche), directrice des minist\u00e8res aupr\u00e8s des enfants et des adolescents de la Division Inter Am\u00e9ricaine, le 23 septembre 2023. [Photo : Eric Rodr\u00edguez]<\/p><\/div>De jeunes d\u00e9l\u00e9gu\u00e9s ainsi que des responsables ont pr\u00e9sent\u00e9 un rapport sur leurs activit\u00e9s qui ont produit un impact dans l\u2019\u00e9glise et dans leurs communaut\u00e9s au cours de cette ann\u00e9e.<\/p>\n<p>Chaque d\u00e9l\u00e9gu\u00e9 a re\u00e7u une m\u00e9daille pour sa participation au congr\u00e8s et a \u00e9t\u00e9 invit\u00e9 \u00e0 faire confiance \u00e0 Dieu comme son Rocher \u00e9ternel, \u00e0 \u00eatre actif au service de sa communaut\u00e9, \u00e0 devenir un agent de changement et \u00e0 \u00e9tudier sa Bible quotidiennement.<\/p>\n<p><div id=\"attachment_104283\" style=\"width: 828px\" class=\"wp-caption aligncenter\"><img loading=\"lazy\" decoding=\"async\" aria-describedby=\"caption-attachment-104283\" class=\" wp-image-104282\" src=\"https:\/\/interamerica.org\/wp-content\/uploads\/2023\/10\/panu-child-congress-reports.png\" alt=\"\" width=\"818\" height=\"545\" srcset=\"https:\/\/interamerica.org\/wp-content\/uploads\/2023\/10\/panu-child-congress-reports.png 1000w, https:\/\/interamerica.org\/wp-content\/uploads\/2023\/10\/panu-child-congress-reports-300x200.png 300w, https:\/\/interamerica.org\/wp-content\/uploads\/2023\/10\/panu-child-congress-reports-768x511.png 768w\" sizes=\"(max-width: 818px) 100vw, 818px\" \/><p id=\"caption-attachment-104283\" class=\"wp-caption-text\">Un groupe d\u2019adolescents participe \u00e0 la pr\u00e9sentation d\u2019un rapport sp\u00e9cial lors du segment r\u00e9serv\u00e9 \u00e0 la d\u00e9l\u00e9gation de leur f\u00e9d\u00e9ration. [Photo : \u00c9ric Rodr\u00edguez]<\/p><\/div>\u00ab Nous avons la responsabilit\u00e9 de marquer ces jeunes vies en leur proposant des options afin qu\u2019ils puissent faire les bons choix dans la vie et avoir l\u2019assurance que tout ira bien quand Dieu est avec eux, \u00bb a d\u00e9clar\u00e9 Rosalinda De Gracia.<\/p>\n<p>Pour en savoir plus sur le Congr\u00e8s des enfants et adolescents de l\u2019Union du Panama, cliquez <a href=\"https:\/\/www.youtube.com\/watch?v=qu0K9zerTg8\">ICI<\/a><\/p>\n<p>Traduction: Patrick Luciathe<\/p>\n","protected":false},"excerpt":{"rendered":"<p>5 Octobre 2023 | Ville de Panama, Panama | Kayc James et Libna Stevens, Actualit\u00e9s de la Division Inter Am\u00e9ricaine Des centaines d\u2019enfants et d\u2019adolescents \u00e2g\u00e9s de 7 \u00e0 14&#8230;<\/p>\n","protected":false},"author":3,"featured_media":104262,"comment_status":"closed","ping_status":"closed","sticky":false,"template":"","format":"standard","meta":{"_acf_changed":false,"footnotes":""},"categories":[21,19],"tags":[],"class_list":["post-104313","post","type-post","status-publish","format-standard","has-post-thumbnail","hentry","category-nouvelles-du-territoire","category-rss-francais"],"acf":[],"yoast_head":"<!-- This site is optimized with the Yoast SEO plugin v27.3 - https:\/\/yoast.com\/product\/yoast-seo-wordpress\/ -->\n<title>Au Panama, des centaines d\u2019enfants et d\u2019adolescents invit\u00e9s \u00e0 compter sur J\u00e9sus - \u00c9glise Adventiste Du Septieme Jour - Inter Am\u00e9rique Division<\/title>\n<meta name=\"robots\" content=\"index, follow, max-snippet:-1, max-image-preview:large, max-video-preview:-1\" \/>\n<link rel=\"canonical\" href=\"https:\/\/interamerica.org\/fr\/2023\/10\/au-panama-des-centaines-denfants-et-dadolescents-invites-a-compter-sur-jesus\/\" \/>\n<meta property=\"og:locale\" content=\"fr_FR\" \/>\n<meta property=\"og:type\" content=\"article\" \/>\n<meta property=\"og:title\" content=\"Au Panama, des centaines d\u2019enfants et d\u2019adolescents invit\u00e9s \u00e0 compter sur J\u00e9sus - \u00c9glise Adventiste Du Septieme Jour - Inter Am\u00e9rique Division\" \/>\n<meta property=\"og:description\" content=\"5 Octobre 2023 | Ville de Panama, Panama | Kayc James et Libna Stevens, Actualit\u00e9s de la Division Inter Am\u00e9ricaine Des centaines d\u2019enfants et d\u2019adolescents \u00e2g\u00e9s de 7 \u00e0 14...\" \/>\n<meta property=\"og:url\" content=\"https:\/\/interamerica.org\/fr\/2023\/10\/au-panama-des-centaines-denfants-et-dadolescents-invites-a-compter-sur-jesus\/\" \/>\n<meta property=\"og:site_name\" content=\"\u00c9glise Adventiste Du Septieme Jour - Inter Am\u00e9rique Division\" \/>\n<meta property=\"article:published_time\" content=\"2023-10-05T18:27:58+00:00\" \/>\n<meta property=\"article:modified_time\" content=\"2023-10-06T15:57:13+00:00\" \/>\n<meta property=\"og:image\" content=\"https:\/\/interamerica.org\/wp-content\/uploads\/2023\/10\/panu-child-congress-praying.jpg\" \/>\n\t<meta property=\"og:image:width\" content=\"1000\" \/>\n\t<meta property=\"og:image:height\" content=\"572\" \/>\n\t<meta property=\"og:image:type\" content=\"image\/jpeg\" \/>\n<meta name=\"author\" content=\"libna\" \/>\n<meta name=\"twitter:card\" content=\"summary_large_image\" \/>\n<meta name=\"twitter:label1\" content=\"\u00c9crit par\" \/>\n\t<meta name=\"twitter:data1\" content=\"libna\" \/>\n\t<meta name=\"twitter:label2\" content=\"Dur\u00e9e de lecture estim\u00e9e\" \/>\n\t<meta name=\"twitter:data2\" content=\"10 minutes\" \/>\n<script type=\"application\/ld+json\" class=\"yoast-schema-graph\">{\"@context\":\"https:\\\/\\\/schema.org\",\"@graph\":[{\"@type\":\"Article\",\"@id\":\"https:\\\/\\\/interamerica.org\\\/fr\\\/2023\\\/10\\\/au-panama-des-centaines-denfants-et-dadolescents-invites-a-compter-sur-jesus\\\/#article\",\"isPartOf\":{\"@id\":\"https:\\\/\\\/interamerica.org\\\/fr\\\/2023\\\/10\\\/au-panama-des-centaines-denfants-et-dadolescents-invites-a-compter-sur-jesus\\\/\"},\"author\":{\"name\":\"libna\",\"@id\":\"https:\\\/\\\/interamerica.org\\\/fr\\\/#\\\/schema\\\/person\\\/29998f2bc2d8bd0d38662909289b54f1\"},\"headline\":\"Au Panama, des centaines d\u2019enfants et d\u2019adolescents invit\u00e9s \u00e0 compter sur J\u00e9sus\",\"datePublished\":\"2023-10-05T18:27:58+00:00\",\"dateModified\":\"2023-10-06T15:57:13+00:00\",\"mainEntityOfPage\":{\"@id\":\"https:\\\/\\\/interamerica.org\\\/fr\\\/2023\\\/10\\\/au-panama-des-centaines-denfants-et-dadolescents-invites-a-compter-sur-jesus\\\/\"},\"wordCount\":1936,\"image\":{\"@id\":\"https:\\\/\\\/interamerica.org\\\/fr\\\/2023\\\/10\\\/au-panama-des-centaines-denfants-et-dadolescents-invites-a-compter-sur-jesus\\\/#primaryimage\"},\"thumbnailUrl\":\"https:\\\/\\\/interamerica.org\\\/wp-content\\\/uploads\\\/2023\\\/10\\\/panu-child-congress-praying.jpg\",\"articleSection\":[\"Nouvelles du territoire\",\"RSS Fran\u00e7ais\"],\"inLanguage\":\"fr-FR\"},{\"@type\":\"WebPage\",\"@id\":\"https:\\\/\\\/interamerica.org\\\/fr\\\/2023\\\/10\\\/au-panama-des-centaines-denfants-et-dadolescents-invites-a-compter-sur-jesus\\\/\",\"url\":\"https:\\\/\\\/interamerica.org\\\/fr\\\/2023\\\/10\\\/au-panama-des-centaines-denfants-et-dadolescents-invites-a-compter-sur-jesus\\\/\",\"name\":\"Au Panama, des centaines d\u2019enfants et d\u2019adolescents invit\u00e9s \u00e0 compter sur J\u00e9sus - \u00c9glise Adventiste Du Septieme Jour - Inter Am\u00e9rique Division\",\"isPartOf\":{\"@id\":\"https:\\\/\\\/interamerica.org\\\/fr\\\/#website\"},\"primaryImageOfPage\":{\"@id\":\"https:\\\/\\\/interamerica.org\\\/fr\\\/2023\\\/10\\\/au-panama-des-centaines-denfants-et-dadolescents-invites-a-compter-sur-jesus\\\/#primaryimage\"},\"image\":{\"@id\":\"https:\\\/\\\/interamerica.org\\\/fr\\\/2023\\\/10\\\/au-panama-des-centaines-denfants-et-dadolescents-invites-a-compter-sur-jesus\\\/#primaryimage\"},\"thumbnailUrl\":\"https:\\\/\\\/interamerica.org\\\/wp-content\\\/uploads\\\/2023\\\/10\\\/panu-child-congress-praying.jpg\",\"datePublished\":\"2023-10-05T18:27:58+00:00\",\"dateModified\":\"2023-10-06T15:57:13+00:00\",\"author\":{\"@id\":\"https:\\\/\\\/interamerica.org\\\/fr\\\/#\\\/schema\\\/person\\\/29998f2bc2d8bd0d38662909289b54f1\"},\"breadcrumb\":{\"@id\":\"https:\\\/\\\/interamerica.org\\\/fr\\\/2023\\\/10\\\/au-panama-des-centaines-denfants-et-dadolescents-invites-a-compter-sur-jesus\\\/#breadcrumb\"},\"inLanguage\":\"fr-FR\",\"potentialAction\":[{\"@type\":\"ReadAction\",\"target\":[\"https:\\\/\\\/interamerica.org\\\/fr\\\/2023\\\/10\\\/au-panama-des-centaines-denfants-et-dadolescents-invites-a-compter-sur-jesus\\\/\"]}]},{\"@type\":\"ImageObject\",\"inLanguage\":\"fr-FR\",\"@id\":\"https:\\\/\\\/interamerica.org\\\/fr\\\/2023\\\/10\\\/au-panama-des-centaines-denfants-et-dadolescents-invites-a-compter-sur-jesus\\\/#primaryimage\",\"url\":\"https:\\\/\\\/interamerica.org\\\/wp-content\\\/uploads\\\/2023\\\/10\\\/panu-child-congress-praying.jpg\",\"contentUrl\":\"https:\\\/\\\/interamerica.org\\\/wp-content\\\/uploads\\\/2023\\\/10\\\/panu-child-congress-praying.jpg\",\"width\":1000,\"height\":572,\"caption\":\"[Photo: Panama Union]\"},{\"@type\":\"BreadcrumbList\",\"@id\":\"https:\\\/\\\/interamerica.org\\\/fr\\\/2023\\\/10\\\/au-panama-des-centaines-denfants-et-dadolescents-invites-a-compter-sur-jesus\\\/#breadcrumb\",\"itemListElement\":[{\"@type\":\"ListItem\",\"position\":1,\"name\":\"Home\",\"item\":\"https:\\\/\\\/interamerica.org\\\/fr\\\/\"},{\"@type\":\"ListItem\",\"position\":2,\"name\":\"Au Panama, des centaines d\u2019enfants et d\u2019adolescents invit\u00e9s \u00e0 compter sur J\u00e9sus\"}]},{\"@type\":\"WebSite\",\"@id\":\"https:\\\/\\\/interamerica.org\\\/fr\\\/#website\",\"url\":\"https:\\\/\\\/interamerica.org\\\/fr\\\/\",\"name\":\"\u00c9glise Adventiste Du Septieme Jour - Inter Am\u00e9rique Division\",\"description\":\"\",\"potentialAction\":[{\"@type\":\"SearchAction\",\"target\":{\"@type\":\"EntryPoint\",\"urlTemplate\":\"https:\\\/\\\/interamerica.org\\\/fr\\\/?s={search_term_string}\"},\"query-input\":{\"@type\":\"PropertyValueSpecification\",\"valueRequired\":true,\"valueName\":\"search_term_string\"}}],\"inLanguage\":\"fr-FR\"},{\"@type\":\"Person\",\"@id\":\"https:\\\/\\\/interamerica.org\\\/fr\\\/#\\\/schema\\\/person\\\/29998f2bc2d8bd0d38662909289b54f1\",\"name\":\"libna\",\"image\":{\"@type\":\"ImageObject\",\"inLanguage\":\"fr-FR\",\"@id\":\"https:\\\/\\\/secure.gravatar.com\\\/avatar\\\/7c5bd30ae4b47a9ba3c856590957fd1d96dc588bf3ac05719d247e126840331f?s=96&d=mm&r=g\",\"url\":\"https:\\\/\\\/secure.gravatar.com\\\/avatar\\\/7c5bd30ae4b47a9ba3c856590957fd1d96dc588bf3ac05719d247e126840331f?s=96&d=mm&r=g\",\"contentUrl\":\"https:\\\/\\\/secure.gravatar.com\\\/avatar\\\/7c5bd30ae4b47a9ba3c856590957fd1d96dc588bf3ac05719d247e126840331f?s=96&d=mm&r=g\",\"caption\":\"libna\"}}]}<\/script>\n<!-- \/ Yoast SEO plugin. -->","yoast_head_json":{"title":"Au Panama, des centaines d\u2019enfants et d\u2019adolescents invit\u00e9s \u00e0 compter sur J\u00e9sus - \u00c9glise Adventiste Du Septieme Jour - Inter Am\u00e9rique Division","robots":{"index":"index","follow":"follow","max-snippet":"max-snippet:-1","max-image-preview":"max-image-preview:large","max-video-preview":"max-video-preview:-1"},"canonical":"https:\/\/interamerica.org\/fr\/2023\/10\/au-panama-des-centaines-denfants-et-dadolescents-invites-a-compter-sur-jesus\/","og_locale":"fr_FR","og_type":"article","og_title":"Au Panama, des centaines d\u2019enfants et d\u2019adolescents invit\u00e9s \u00e0 compter sur J\u00e9sus - \u00c9glise Adventiste Du Septieme Jour - Inter Am\u00e9rique Division","og_description":"5 Octobre 2023 | Ville de Panama, Panama | Kayc James et Libna Stevens, Actualit\u00e9s de la Division Inter Am\u00e9ricaine Des centaines d\u2019enfants et d\u2019adolescents \u00e2g\u00e9s de 7 \u00e0 14...","og_url":"https:\/\/interamerica.org\/fr\/2023\/10\/au-panama-des-centaines-denfants-et-dadolescents-invites-a-compter-sur-jesus\/","og_site_name":"\u00c9glise Adventiste Du Septieme Jour - Inter Am\u00e9rique Division","article_published_time":"2023-10-05T18:27:58+00:00","article_modified_time":"2023-10-06T15:57:13+00:00","og_image":[{"width":1000,"height":572,"url":"https:\/\/interamerica.org\/wp-content\/uploads\/2023\/10\/panu-child-congress-praying.jpg","type":"image\/jpeg"}],"author":"libna","twitter_card":"summary_large_image","twitter_misc":{"\u00c9crit par":"libna","Dur\u00e9e de lecture estim\u00e9e":"10 minutes"},"schema":{"@context":"https:\/\/schema.org","@graph":[{"@type":"Article","@id":"https:\/\/interamerica.org\/fr\/2023\/10\/au-panama-des-centaines-denfants-et-dadolescents-invites-a-compter-sur-jesus\/#article","isPartOf":{"@id":"https:\/\/interamerica.org\/fr\/2023\/10\/au-panama-des-centaines-denfants-et-dadolescents-invites-a-compter-sur-jesus\/"},"author":{"name":"libna","@id":"https:\/\/interamerica.org\/fr\/#\/schema\/person\/29998f2bc2d8bd0d38662909289b54f1"},"headline":"Au Panama, des centaines d\u2019enfants et d\u2019adolescents invit\u00e9s \u00e0 compter sur J\u00e9sus","datePublished":"2023-10-05T18:27:58+00:00","dateModified":"2023-10-06T15:57:13+00:00","mainEntityOfPage":{"@id":"https:\/\/interamerica.org\/fr\/2023\/10\/au-panama-des-centaines-denfants-et-dadolescents-invites-a-compter-sur-jesus\/"},"wordCount":1936,"image":{"@id":"https:\/\/interamerica.org\/fr\/2023\/10\/au-panama-des-centaines-denfants-et-dadolescents-invites-a-compter-sur-jesus\/#primaryimage"},"thumbnailUrl":"https:\/\/interamerica.org\/wp-content\/uploads\/2023\/10\/panu-child-congress-praying.jpg","articleSection":["Nouvelles du territoire","RSS Fran\u00e7ais"],"inLanguage":"fr-FR"},{"@type":"WebPage","@id":"https:\/\/interamerica.org\/fr\/2023\/10\/au-panama-des-centaines-denfants-et-dadolescents-invites-a-compter-sur-jesus\/","url":"https:\/\/interamerica.org\/fr\/2023\/10\/au-panama-des-centaines-denfants-et-dadolescents-invites-a-compter-sur-jesus\/","name":"Au Panama, des centaines d\u2019enfants et d\u2019adolescents invit\u00e9s \u00e0 compter sur J\u00e9sus - \u00c9glise Adventiste Du Septieme Jour - Inter Am\u00e9rique Division","isPartOf":{"@id":"https:\/\/interamerica.org\/fr\/#website"},"primaryImageOfPage":{"@id":"https:\/\/interamerica.org\/fr\/2023\/10\/au-panama-des-centaines-denfants-et-dadolescents-invites-a-compter-sur-jesus\/#primaryimage"},"image":{"@id":"https:\/\/interamerica.org\/fr\/2023\/10\/au-panama-des-centaines-denfants-et-dadolescents-invites-a-compter-sur-jesus\/#primaryimage"},"thumbnailUrl":"https:\/\/interamerica.org\/wp-content\/uploads\/2023\/10\/panu-child-congress-praying.jpg","datePublished":"2023-10-05T18:27:58+00:00","dateModified":"2023-10-06T15:57:13+00:00","author":{"@id":"https:\/\/interamerica.org\/fr\/#\/schema\/person\/29998f2bc2d8bd0d38662909289b54f1"},"breadcrumb":{"@id":"https:\/\/interamerica.org\/fr\/2023\/10\/au-panama-des-centaines-denfants-et-dadolescents-invites-a-compter-sur-jesus\/#breadcrumb"},"inLanguage":"fr-FR","potentialAction":[{"@type":"ReadAction","target":["https:\/\/interamerica.org\/fr\/2023\/10\/au-panama-des-centaines-denfants-et-dadolescents-invites-a-compter-sur-jesus\/"]}]},{"@type":"ImageObject","inLanguage":"fr-FR","@id":"https:\/\/interamerica.org\/fr\/2023\/10\/au-panama-des-centaines-denfants-et-dadolescents-invites-a-compter-sur-jesus\/#primaryimage","url":"https:\/\/interamerica.org\/wp-content\/uploads\/2023\/10\/panu-child-congress-praying.jpg","contentUrl":"https:\/\/interamerica.org\/wp-content\/uploads\/2023\/10\/panu-child-congress-praying.jpg","width":1000,"height":572,"caption":"[Photo: Panama Union]"},{"@type":"BreadcrumbList","@id":"https:\/\/interamerica.org\/fr\/2023\/10\/au-panama-des-centaines-denfants-et-dadolescents-invites-a-compter-sur-jesus\/#breadcrumb","itemListElement":[{"@type":"ListItem","position":1,"name":"Home","item":"https:\/\/interamerica.org\/fr\/"},{"@type":"ListItem","position":2,"name":"Au Panama, des centaines d\u2019enfants et d\u2019adolescents invit\u00e9s \u00e0 compter sur J\u00e9sus"}]},{"@type":"WebSite","@id":"https:\/\/interamerica.org\/fr\/#website","url":"https:\/\/interamerica.org\/fr\/","name":"\u00c9glise Adventiste Du Septieme Jour - Inter Am\u00e9rique Division","description":"","potentialAction":[{"@type":"SearchAction","target":{"@type":"EntryPoint","urlTemplate":"https:\/\/interamerica.org\/fr\/?s={search_term_string}"},"query-input":{"@type":"PropertyValueSpecification","valueRequired":true,"valueName":"search_term_string"}}],"inLanguage":"fr-FR"},{"@type":"Person","@id":"https:\/\/interamerica.org\/fr\/#\/schema\/person\/29998f2bc2d8bd0d38662909289b54f1","name":"libna","image":{"@type":"ImageObject","inLanguage":"fr-FR","@id":"https:\/\/secure.gravatar.com\/avatar\/7c5bd30ae4b47a9ba3c856590957fd1d96dc588bf3ac05719d247e126840331f?s=96&d=mm&r=g","url":"https:\/\/secure.gravatar.com\/avatar\/7c5bd30ae4b47a9ba3c856590957fd1d96dc588bf3ac05719d247e126840331f?s=96&d=mm&r=g","contentUrl":"https:\/\/secure.gravatar.com\/avatar\/7c5bd30ae4b47a9ba3c856590957fd1d96dc588bf3ac05719d247e126840331f?s=96&d=mm&r=g","caption":"libna"}}]}},"_links":{"self":[{"href":"https:\/\/interamerica.org\/fr\/wp-json\/wp\/v2\/posts\/104313","targetHints":{"allow":["GET"]}}],"collection":[{"href":"https:\/\/interamerica.org\/fr\/wp-json\/wp\/v2\/posts"}],"about":[{"href":"https:\/\/interamerica.org\/fr\/wp-json\/wp\/v2\/types\/post"}],"author":[{"embeddable":true,"href":"https:\/\/interamerica.org\/fr\/wp-json\/wp\/v2\/users\/3"}],"replies":[{"embeddable":true,"href":"https:\/\/interamerica.org\/fr\/wp-json\/wp\/v2\/comments?post=104313"}],"version-history":[{"count":0,"href":"https:\/\/interamerica.org\/fr\/wp-json\/wp\/v2\/posts\/104313\/revisions"}],"wp:featuredmedia":[{"embeddable":true,"href":"https:\/\/interamerica.org\/fr\/wp-json\/wp\/v2\/media\/104262"}],"wp:attachment":[{"href":"https:\/\/interamerica.org\/fr\/wp-json\/wp\/v2\/media?parent=104313"}],"wp:term":[{"taxonomy":"category","embeddable":true,"href":"https:\/\/interamerica.org\/fr\/wp-json\/wp\/v2\/categories?post=104313"},{"taxonomy":"post_tag","embeddable":true,"href":"https:\/\/interamerica.org\/fr\/wp-json\/wp\/v2\/tags?post=104313"}],"curies":[{"name":"wp","href":"https:\/\/api.w.org\/{rel}","templated":true}]}}