{"id":104412,"date":"2023-10-08T11:07:09","date_gmt":"2023-10-08T15:07:09","guid":{"rendered":"https:\/\/interamerica.org\/?p=104412"},"modified":"2023-10-09T10:06:42","modified_gmt":"2023-10-09T14:06:42","slug":"il-est-temps-de-passer-de-a-b-et-c-a-d-declare-le-secretaire-de-la-conference-generale","status":"publish","type":"post","link":"https:\/\/interamerica.org\/fr\/2023\/10\/il-est-temps-de-passer-de-a-b-et-c-a-d-declare-le-secretaire-de-la-conference-generale\/","title":{"rendered":"\u00ab Il est temps de passer de A, B et C \u00e0 D, \u00bb d\u00e9clare le secr\u00e9taire de la Conf\u00e9rence G\u00e9n\u00e9rale"},"content":{"rendered":"<p>Erton K\u00f6hler appelle l\u2019\u00c9glise \u00e0 aller au-del\u00e0 de la pr\u00e9sence aux services, des b\u00e2timents et de l\u2019argent pour passer \u00e0 la formation de disciples.<\/p>\n<p>8 Octobre 2023 | Silver Spring, Maryland, \u00c9tats-Unis | Marcos Paseggi, Adventist Review<\/p>\n<p>\u00ab Faire des disciples n\u2019est pas un domaine r\u00e9serv\u00e9 \u00e0 la Conf\u00e9rence G\u00e9n\u00e9rale ou \u00e0 une ou deux divisions [de l\u2019\u00c9glise mondiale], \u00bb a d\u00e9clar\u00e9 Erton K\u00f6hler, secr\u00e9taire de la Conf\u00e9rence G\u00e9n\u00e9rale des adventistes du septi\u00e8me jour, lors d\u2019une pr\u00e9sentation faite au si\u00e8ge de la Conf\u00e9rence G\u00e9n\u00e9rale \u00e0 Silver Spring, dans le Maryland, aux \u00c9tats-Unis. \u00ab Tout le monde peut prendre part \u00e0 ce mouvement. \u00bb<\/p>\n<p>Erton K\u00f6hler a cl\u00f4tur\u00e9 une journ\u00e9e de pr\u00e9sentations, de discussions et de s\u00e9ances en petits groupes dans le cadre de la Conf\u00e9rence sur l\u2019Exp\u00e9rience et le D\u00e9veloppement du Leadership (LEAD), un jour avant le d\u00e9but officiel du Concile Annuel 2023 de l\u2019\u00c9glise.<\/p>\n<p>Le programme du 5 octobre a pr\u00e9sent\u00e9 trois \u00e9tapes fondamentales de toute initiative de formation de disciples, notamment (1) l\u2019appel ou la pr\u00e9paration, (2) le parcours ou l\u2019int\u00e9gration et (3) la mission elle-m\u00eame. Erton K\u00f6hler a soulign\u00e9 que quelle que soit l\u2019initiative visant \u00e0 faire des disciples, les dirigeants devraient consid\u00e9rer ces trois \u00e9l\u00e9ments ou certaines variantes de ces \u00e9l\u00e9ments.<\/p>\n<div id=\"attachment_104342\" style=\"width: 862px\" class=\"wp-caption aligncenter\"><img fetchpriority=\"high\" decoding=\"async\" aria-describedby=\"caption-attachment-104342\" class=\" wp-image-104341\" src=\"https:\/\/interamerica.org\/wp-content\/uploads\/2023\/10\/ac2023-kohler-ame-100124572-general-conference-annual-council-2023-202-mpr-scaled-1-1024x683.jpeg\" alt=\"\" width=\"852\" height=\"568\" srcset=\"https:\/\/interamerica.org\/wp-content\/uploads\/2023\/10\/ac2023-kohler-ame-100124572-general-conference-annual-council-2023-202-mpr-scaled-1-1024x683.jpeg 1024w, https:\/\/interamerica.org\/wp-content\/uploads\/2023\/10\/ac2023-kohler-ame-100124572-general-conference-annual-council-2023-202-mpr-scaled-1-300x200.jpeg 300w, https:\/\/interamerica.org\/wp-content\/uploads\/2023\/10\/ac2023-kohler-ame-100124572-general-conference-annual-council-2023-202-mpr-scaled-1-768x512.jpeg 768w, https:\/\/interamerica.org\/wp-content\/uploads\/2023\/10\/ac2023-kohler-ame-100124572-general-conference-annual-council-2023-202-mpr-scaled-1-1536x1024.jpeg 1536w, https:\/\/interamerica.org\/wp-content\/uploads\/2023\/10\/ac2023-kohler-ame-100124572-general-conference-annual-council-2023-202-mpr-scaled-1-2048x1366.jpeg 2048w\" sizes=\"(max-width: 852px) 100vw, 852px\" \/><p id=\"caption-attachment-104342\" class=\"wp-caption-text\">Le secr\u00e9taire ex\u00e9cutif de la Conf\u00e9rence G\u00e9n\u00e9rale, Erton K\u00f6hler, s\u2019adresse aux d\u00e9l\u00e9gu\u00e9s et aux invit\u00e9s \u00e0 la Conf\u00e9rence 2023 sur l\u2019Exp\u00e9rience et le D\u00e9veloppement du Leadership qui a eu lieu au si\u00e8ge de la Conf\u00e9rence G\u00e9n\u00e9rale. Photo : Lucas Cardino \/ Adventiste Media Exchange (CC BY 4.0)<\/p><\/div>\n<p>Au-del\u00e0 de cela, il a appel\u00e9 l\u2019\u00c9glise \u00e0 faire de la formation de disciples la base de ses actions. Il a fait r\u00e9f\u00e9rence \u00e0 une division de l\u2019\u00c9glise mondiale qu\u2019il n\u2019a pas nomm\u00e9e, et o\u00f9 27,6 pour cent des membres ont \u00e9t\u00e9 baptis\u00e9s au cours des cinq derni\u00e8res ann\u00e9es et 48,9 pour cent au cours des 10 derni\u00e8res ann\u00e9es.<\/p>\n<p>\u00ab Qu\u2019est-ce que cela signifie ? \u00bb a demand\u00e9 Erton K\u00f6hler, avant de r\u00e9pondre : \u00ab Leur identit\u00e9 religieuse est peut-\u00eatre fragile, \u00bb a-t-il d\u00e9clar\u00e9. \u00ab Il est tr\u00e8s probable que beaucoup d\u2019entre eux soient d\u00e9j\u00e0 des dirigeants d\u2019\u00e9glises locales. Qui \u00e9quipe ces nouveaux membres ? Qui les forme \u00e0 devenir des disciples ? Nous devons de toute urgence prendre soin des biens les plus pr\u00e9cieux de Dieu : ses enfants. \u00bb<\/p>\n<p>Ertion K\u00f6hler a cit\u00e9 l\u2019\u00e9crivain missionnaire sud-africain Alan Hirsch, qui a d\u00e9clar\u00e9 : \u00ab Vous pouvez cr\u00e9er un mouvement plus fort avec 12 disciples plut\u00f4t qu\u2019avec 1200 consommateurs. \u00bb<\/p>\n<p><strong>Formation de disciples et recentrage sur la mission<\/strong><\/p>\n<p>La formation de disciples fait \u00e9galement partie du recentrage sur la mission, ou de l\u2019accent renouvel\u00e9 de l\u2019\u00c9glise adventiste sur les initiatives et les programmes ax\u00e9s sur la mission.<\/p>\n<p><div id=\"attachment_104345\" style=\"width: 849px\" class=\"wp-caption aligncenter\"><img decoding=\"async\" aria-describedby=\"caption-attachment-104345\" class=\" wp-image-104344\" src=\"https:\/\/interamerica.org\/wp-content\/uploads\/2023\/10\/ac2023-2100124300scr-41c5bdf600ef82d-1024x576.jpeg\" alt=\"\" width=\"839\" height=\"472\" srcset=\"https:\/\/interamerica.org\/wp-content\/uploads\/2023\/10\/ac2023-2100124300scr-41c5bdf600ef82d-1024x576.jpeg 1024w, https:\/\/interamerica.org\/wp-content\/uploads\/2023\/10\/ac2023-2100124300scr-41c5bdf600ef82d-300x169.jpeg 300w, https:\/\/interamerica.org\/wp-content\/uploads\/2023\/10\/ac2023-2100124300scr-41c5bdf600ef82d-768x432.jpeg 768w, https:\/\/interamerica.org\/wp-content\/uploads\/2023\/10\/ac2023-2100124300scr-41c5bdf600ef82d.jpeg 1400w\" sizes=\"(max-width: 839px) 100vw, 839px\" \/><p id=\"caption-attachment-104345\" class=\"wp-caption-text\">Les d\u00e9l\u00e9gu\u00e9s et invit\u00e9s au Comit\u00e9 Ex\u00e9cutif de la Conf\u00e9rence G\u00e9n\u00e9rale suivent les interventions lors de la Conf\u00e9rence LEAD le 5 octobre. [Photo : Enno M\u00fcller, Adventist Review]<\/p><\/div>Erton K\u00f6hler a indiqu\u00e9 que, tout comme l\u2019a dit un auteur chr\u00e9tien, de nombreuses \u00e9glises se concentrent sur l\u2019ABC : l\u2019Assiduit\u00e9, les B\u00e2timents et le Cash. \u00ab Mais le v\u00e9ritable succ\u00e8s de l\u2019\u00c9glise ne d\u00e9pend pas des ABC, m\u00eame s\u2019ils sont importants, \u00bb a rappel\u00e9 Erton K\u00f6hler \u00e0 son auditoire. \u00ab Le v\u00e9ritable succ\u00e8s d\u00e9pend du D \u2013 un processus de formation de disciples. \u00bb<\/p>\n<p>\u00ab Faire des disciples est le meilleur moyen de grandir en tant qu\u2019\u00c9glise, tant du point de vue qualitatif que quantitatif, \u00bb a dit Erton K\u00f6hler. \u00ab La seule formule pour rendre cette croissance saine est de proposer du travail personnel, de faire preuve d\u2019attention envers les autres et de multiplier les disciples. Ces deux \u00e9l\u00e9ments sont essentiels. \u00bb<\/p>\n<p><strong>Au-del\u00e0 de la simple consid\u00e9ration des chiffres<\/strong><\/p>\n<p>Une emphase renouvel\u00e9e sur la mission et la formation de disciples peut \u00e9galement emp\u00eacher l\u2019\u00e9glise de se concentrer uniquement sur le d\u00e9compte du nombre de personnes qui deviennent membres d\u2019\u00e9glise, a dit Erton K\u00f6hler. \u00ab Le recentrage sur la mission est un appel \u00e0 aller au-del\u00e0 de la simple consid\u00e9ration de nos chiffres ; c\u2019est une invitation \u00e0 nous d\u00e9velopper \u00e9galement au-del\u00e0 du nombre. Nous investissons de grosses sommes d\u2019argent pour amener les gens \u00e0 franchir nos portes, mais combien investissons-nous pour les faire rester ? \u00bb<\/p>\n<p>Il a expliqu\u00e9 que cette \u00e9glise ne peut pas r\u00e9duire ses investissements lorsqu\u2019il s\u2019agit d\u2019aller vers les autres, mais qu\u2019elle devrait \u00eatre dans une d\u00e9marche plus intentionnelle pour garder ceux qui viennent \u00e0 J\u00e9sus. \u00ab Le bapt\u00eame est une inscription, pas une c\u00e9r\u00e9monie de remise de dipl\u00f4me, \u00bb a d\u00e9clar\u00e9 Erton K\u00f6hler. \u00ab Le bapt\u00eame n\u2019est pas la ligne d\u2019arriv\u00e9e ; ce n\u2019est que le point de d\u00e9part.<\/p>\n<img decoding=\"async\" class=\"aligncenter wp-image-104347\" src=\"https:\/\/interamerica.org\/wp-content\/uploads\/2023\/10\/ac-2023-2-100124262scr-b25308a2c527ff0-1024x576.jpeg\" alt=\"\" width=\"864\" height=\"486\" srcset=\"https:\/\/interamerica.org\/wp-content\/uploads\/2023\/10\/ac-2023-2-100124262scr-b25308a2c527ff0-1024x576.jpeg 1024w, https:\/\/interamerica.org\/wp-content\/uploads\/2023\/10\/ac-2023-2-100124262scr-b25308a2c527ff0-300x169.jpeg 300w, https:\/\/interamerica.org\/wp-content\/uploads\/2023\/10\/ac-2023-2-100124262scr-b25308a2c527ff0-768x432.jpeg 768w, https:\/\/interamerica.org\/wp-content\/uploads\/2023\/10\/ac-2023-2-100124262scr-b25308a2c527ff0.jpeg 1400w\" sizes=\"(max-width: 864px) 100vw, 864px\" \/>\n<p><strong>Tout le monde fait quelque chose<\/strong><\/p>\n<p>Apr\u00e8s la pr\u00e9sentation d\u2019Erton K\u00f6hler, le pr\u00e9sident de la Conf\u00e9rence G\u00e9n\u00e9rale, Ted N. C. Wilson, a appel\u00e9 les dirigeants de l\u2019\u00c9glise adventiste mondiale \u00e0 participer \u00e0 la formation des disciples dans le cadre de l\u2019Implication Totale des Membres (TMI), une initiative de l\u2019\u00c9glise adventiste mondiale visant \u00e0 impliquer chaque membre dans la mission.<\/p>\n<p>Ted Wilson a appel\u00e9 les membres du Comit\u00e9 Ex\u00e9cutif de la Conf\u00e9rence G\u00e9n\u00e9rale \u00e0 faire en sorte que les gens sachent que J\u00e9sus revient bient\u00f4t, \u00ab et que si vous sentez et voyez, vous reconna\u00eetrez que le Seigneur est bon, \u00bb a-t-il d\u00e9clar\u00e9. \u00ab J\u2019invite chacun \u00e0 reconna\u00eetre que la formation de disciples n\u2019est pas seulement pour nos membres, \u2026 Nous sommes concern\u00e9s en tant que dirigeants. Prenons part \u00e0 la formation de disciples de J\u00e9sus parce que nous avons \u00e9t\u00e9 choisis pour la mission. \u00bb<\/p>\n<p>Traduction: Patrick Luciathe<\/p>\n","protected":false},"excerpt":{"rendered":"<p>Erton K\u00f6hler appelle l\u2019\u00c9glise \u00e0 aller au-del\u00e0 de la pr\u00e9sence aux services, des b\u00e2timents et de l\u2019argent pour passer \u00e0 la formation de disciples. 8 Octobre 2023 | Silver Spring,&#8230;<\/p>\n","protected":false},"author":3,"featured_media":104342,"comment_status":"closed","ping_status":"closed","sticky":false,"template":"","format":"standard","meta":{"_acf_changed":false,"footnotes":""},"categories":[18,19],"tags":[],"class_list":["post-104412","post","type-post","status-publish","format-standard","has-post-thumbnail","hentry","category-nouvelles-de-leglise-mondiale","category-rss-francais"],"acf":[],"yoast_head":"<!-- This site is optimized with the Yoast SEO plugin v27.3 - https:\/\/yoast.com\/product\/yoast-seo-wordpress\/ -->\n<title>\u00ab Il est temps de passer de A, B et C \u00e0 D, \u00bb d\u00e9clare le secr\u00e9taire de la Conf\u00e9rence G\u00e9n\u00e9rale - \u00c9glise Adventiste Du Septieme Jour - Inter Am\u00e9rique Division<\/title>\n<meta name=\"robots\" content=\"index, follow, max-snippet:-1, max-image-preview:large, max-video-preview:-1\" \/>\n<link rel=\"canonical\" href=\"https:\/\/interamerica.org\/fr\/2023\/10\/il-est-temps-de-passer-de-a-b-et-c-a-d-declare-le-secretaire-de-la-conference-generale\/\" \/>\n<meta property=\"og:locale\" content=\"fr_FR\" \/>\n<meta property=\"og:type\" content=\"article\" \/>\n<meta property=\"og:title\" content=\"\u00ab Il est temps de passer de A, B et C \u00e0 D, \u00bb d\u00e9clare le secr\u00e9taire de la Conf\u00e9rence G\u00e9n\u00e9rale - \u00c9glise Adventiste Du Septieme Jour - Inter Am\u00e9rique Division\" \/>\n<meta property=\"og:description\" content=\"Erton K\u00f6hler appelle l\u2019\u00c9glise \u00e0 aller au-del\u00e0 de la pr\u00e9sence aux services, des b\u00e2timents et de l\u2019argent pour passer \u00e0 la formation de disciples. 8 Octobre 2023 | Silver Spring,...\" \/>\n<meta property=\"og:url\" content=\"https:\/\/interamerica.org\/fr\/2023\/10\/il-est-temps-de-passer-de-a-b-et-c-a-d-declare-le-secretaire-de-la-conference-generale\/\" \/>\n<meta property=\"og:site_name\" content=\"\u00c9glise Adventiste Du Septieme Jour - Inter Am\u00e9rique Division\" \/>\n<meta property=\"article:published_time\" content=\"2023-10-08T15:07:09+00:00\" \/>\n<meta property=\"article:modified_time\" content=\"2023-10-09T14:06:42+00:00\" \/>\n<meta property=\"og:image\" content=\"https:\/\/interamerica.org\/wp-content\/uploads\/2023\/10\/ac2023-kohler-ame-100124572-general-conference-annual-council-2023-202-mpr-scaled-1.jpeg\" \/>\n\t<meta property=\"og:image:width\" content=\"2560\" \/>\n\t<meta property=\"og:image:height\" content=\"1707\" \/>\n\t<meta property=\"og:image:type\" content=\"image\/jpeg\" \/>\n<meta name=\"author\" content=\"libna\" \/>\n<meta name=\"twitter:card\" content=\"summary_large_image\" \/>\n<meta name=\"twitter:label1\" content=\"\u00c9crit par\" \/>\n\t<meta name=\"twitter:data1\" content=\"libna\" \/>\n\t<meta name=\"twitter:label2\" content=\"Dur\u00e9e de lecture estim\u00e9e\" \/>\n\t<meta name=\"twitter:data2\" content=\"5 minutes\" \/>\n<script type=\"application\/ld+json\" class=\"yoast-schema-graph\">{\"@context\":\"https:\\\/\\\/schema.org\",\"@graph\":[{\"@type\":\"Article\",\"@id\":\"https:\\\/\\\/interamerica.org\\\/fr\\\/2023\\\/10\\\/il-est-temps-de-passer-de-a-b-et-c-a-d-declare-le-secretaire-de-la-conference-generale\\\/#article\",\"isPartOf\":{\"@id\":\"https:\\\/\\\/interamerica.org\\\/fr\\\/2023\\\/10\\\/il-est-temps-de-passer-de-a-b-et-c-a-d-declare-le-secretaire-de-la-conference-generale\\\/\"},\"author\":{\"name\":\"libna\",\"@id\":\"https:\\\/\\\/interamerica.org\\\/fr\\\/#\\\/schema\\\/person\\\/29998f2bc2d8bd0d38662909289b54f1\"},\"headline\":\"\u00ab Il est temps de passer de A, B et C \u00e0 D, \u00bb d\u00e9clare le secr\u00e9taire de la Conf\u00e9rence G\u00e9n\u00e9rale\",\"datePublished\":\"2023-10-08T15:07:09+00:00\",\"dateModified\":\"2023-10-09T14:06:42+00:00\",\"mainEntityOfPage\":{\"@id\":\"https:\\\/\\\/interamerica.org\\\/fr\\\/2023\\\/10\\\/il-est-temps-de-passer-de-a-b-et-c-a-d-declare-le-secretaire-de-la-conference-generale\\\/\"},\"wordCount\":1045,\"image\":{\"@id\":\"https:\\\/\\\/interamerica.org\\\/fr\\\/2023\\\/10\\\/il-est-temps-de-passer-de-a-b-et-c-a-d-declare-le-secretaire-de-la-conference-generale\\\/#primaryimage\"},\"thumbnailUrl\":\"https:\\\/\\\/interamerica.org\\\/wp-content\\\/uploads\\\/2023\\\/10\\\/ac2023-kohler-ame-100124572-general-conference-annual-council-2023-202-mpr-scaled-1.jpeg\",\"articleSection\":[\"Nouvelles de l'\u00c9glise mondiale\",\"RSS Fran\u00e7ais\"],\"inLanguage\":\"fr-FR\"},{\"@type\":\"WebPage\",\"@id\":\"https:\\\/\\\/interamerica.org\\\/fr\\\/2023\\\/10\\\/il-est-temps-de-passer-de-a-b-et-c-a-d-declare-le-secretaire-de-la-conference-generale\\\/\",\"url\":\"https:\\\/\\\/interamerica.org\\\/fr\\\/2023\\\/10\\\/il-est-temps-de-passer-de-a-b-et-c-a-d-declare-le-secretaire-de-la-conference-generale\\\/\",\"name\":\"\u00ab Il est temps de passer de A, B et C \u00e0 D, \u00bb d\u00e9clare le secr\u00e9taire de la Conf\u00e9rence G\u00e9n\u00e9rale - \u00c9glise Adventiste Du Septieme Jour - Inter Am\u00e9rique Division\",\"isPartOf\":{\"@id\":\"https:\\\/\\\/interamerica.org\\\/fr\\\/#website\"},\"primaryImageOfPage\":{\"@id\":\"https:\\\/\\\/interamerica.org\\\/fr\\\/2023\\\/10\\\/il-est-temps-de-passer-de-a-b-et-c-a-d-declare-le-secretaire-de-la-conference-generale\\\/#primaryimage\"},\"image\":{\"@id\":\"https:\\\/\\\/interamerica.org\\\/fr\\\/2023\\\/10\\\/il-est-temps-de-passer-de-a-b-et-c-a-d-declare-le-secretaire-de-la-conference-generale\\\/#primaryimage\"},\"thumbnailUrl\":\"https:\\\/\\\/interamerica.org\\\/wp-content\\\/uploads\\\/2023\\\/10\\\/ac2023-kohler-ame-100124572-general-conference-annual-council-2023-202-mpr-scaled-1.jpeg\",\"datePublished\":\"2023-10-08T15:07:09+00:00\",\"dateModified\":\"2023-10-09T14:06:42+00:00\",\"author\":{\"@id\":\"https:\\\/\\\/interamerica.org\\\/fr\\\/#\\\/schema\\\/person\\\/29998f2bc2d8bd0d38662909289b54f1\"},\"breadcrumb\":{\"@id\":\"https:\\\/\\\/interamerica.org\\\/fr\\\/2023\\\/10\\\/il-est-temps-de-passer-de-a-b-et-c-a-d-declare-le-secretaire-de-la-conference-generale\\\/#breadcrumb\"},\"inLanguage\":\"fr-FR\",\"potentialAction\":[{\"@type\":\"ReadAction\",\"target\":[\"https:\\\/\\\/interamerica.org\\\/fr\\\/2023\\\/10\\\/il-est-temps-de-passer-de-a-b-et-c-a-d-declare-le-secretaire-de-la-conference-generale\\\/\"]}]},{\"@type\":\"ImageObject\",\"inLanguage\":\"fr-FR\",\"@id\":\"https:\\\/\\\/interamerica.org\\\/fr\\\/2023\\\/10\\\/il-est-temps-de-passer-de-a-b-et-c-a-d-declare-le-secretaire-de-la-conference-generale\\\/#primaryimage\",\"url\":\"https:\\\/\\\/interamerica.org\\\/wp-content\\\/uploads\\\/2023\\\/10\\\/ac2023-kohler-ame-100124572-general-conference-annual-council-2023-202-mpr-scaled-1.jpeg\",\"contentUrl\":\"https:\\\/\\\/interamerica.org\\\/wp-content\\\/uploads\\\/2023\\\/10\\\/ac2023-kohler-ame-100124572-general-conference-annual-council-2023-202-mpr-scaled-1.jpeg\",\"width\":2560,\"height\":1707,\"caption\":\"General Conference executive secretary Erton K\u00f6hler addresses the delegates and invitees to the 2023 Leadership Experiences and Development Conference at the General Conference headquarters. Photo: Lucas Cardino \\\/ Adventist Media Exchange (CC BY 4.0)\"},{\"@type\":\"BreadcrumbList\",\"@id\":\"https:\\\/\\\/interamerica.org\\\/fr\\\/2023\\\/10\\\/il-est-temps-de-passer-de-a-b-et-c-a-d-declare-le-secretaire-de-la-conference-generale\\\/#breadcrumb\",\"itemListElement\":[{\"@type\":\"ListItem\",\"position\":1,\"name\":\"Home\",\"item\":\"https:\\\/\\\/interamerica.org\\\/fr\\\/\"},{\"@type\":\"ListItem\",\"position\":2,\"name\":\"\u00ab Il est temps de passer de A, B et C \u00e0 D, \u00bb d\u00e9clare le secr\u00e9taire de la Conf\u00e9rence G\u00e9n\u00e9rale\"}]},{\"@type\":\"WebSite\",\"@id\":\"https:\\\/\\\/interamerica.org\\\/fr\\\/#website\",\"url\":\"https:\\\/\\\/interamerica.org\\\/fr\\\/\",\"name\":\"\u00c9glise Adventiste Du Septieme Jour - Inter Am\u00e9rique Division\",\"description\":\"\",\"potentialAction\":[{\"@type\":\"SearchAction\",\"target\":{\"@type\":\"EntryPoint\",\"urlTemplate\":\"https:\\\/\\\/interamerica.org\\\/fr\\\/?s={search_term_string}\"},\"query-input\":{\"@type\":\"PropertyValueSpecification\",\"valueRequired\":true,\"valueName\":\"search_term_string\"}}],\"inLanguage\":\"fr-FR\"},{\"@type\":\"Person\",\"@id\":\"https:\\\/\\\/interamerica.org\\\/fr\\\/#\\\/schema\\\/person\\\/29998f2bc2d8bd0d38662909289b54f1\",\"name\":\"libna\",\"image\":{\"@type\":\"ImageObject\",\"inLanguage\":\"fr-FR\",\"@id\":\"https:\\\/\\\/secure.gravatar.com\\\/avatar\\\/7c5bd30ae4b47a9ba3c856590957fd1d96dc588bf3ac05719d247e126840331f?s=96&d=mm&r=g\",\"url\":\"https:\\\/\\\/secure.gravatar.com\\\/avatar\\\/7c5bd30ae4b47a9ba3c856590957fd1d96dc588bf3ac05719d247e126840331f?s=96&d=mm&r=g\",\"contentUrl\":\"https:\\\/\\\/secure.gravatar.com\\\/avatar\\\/7c5bd30ae4b47a9ba3c856590957fd1d96dc588bf3ac05719d247e126840331f?s=96&d=mm&r=g\",\"caption\":\"libna\"}}]}<\/script>\n<!-- \/ Yoast SEO plugin. -->","yoast_head_json":{"title":"\u00ab Il est temps de passer de A, B et C \u00e0 D, \u00bb d\u00e9clare le secr\u00e9taire de la Conf\u00e9rence G\u00e9n\u00e9rale - \u00c9glise Adventiste Du Septieme Jour - Inter Am\u00e9rique Division","robots":{"index":"index","follow":"follow","max-snippet":"max-snippet:-1","max-image-preview":"max-image-preview:large","max-video-preview":"max-video-preview:-1"},"canonical":"https:\/\/interamerica.org\/fr\/2023\/10\/il-est-temps-de-passer-de-a-b-et-c-a-d-declare-le-secretaire-de-la-conference-generale\/","og_locale":"fr_FR","og_type":"article","og_title":"\u00ab Il est temps de passer de A, B et C \u00e0 D, \u00bb d\u00e9clare le secr\u00e9taire de la Conf\u00e9rence G\u00e9n\u00e9rale - \u00c9glise Adventiste Du Septieme Jour - Inter Am\u00e9rique Division","og_description":"Erton K\u00f6hler appelle l\u2019\u00c9glise \u00e0 aller au-del\u00e0 de la pr\u00e9sence aux services, des b\u00e2timents et de l\u2019argent pour passer \u00e0 la formation de disciples. 8 Octobre 2023 | Silver Spring,...","og_url":"https:\/\/interamerica.org\/fr\/2023\/10\/il-est-temps-de-passer-de-a-b-et-c-a-d-declare-le-secretaire-de-la-conference-generale\/","og_site_name":"\u00c9glise Adventiste Du Septieme Jour - Inter Am\u00e9rique Division","article_published_time":"2023-10-08T15:07:09+00:00","article_modified_time":"2023-10-09T14:06:42+00:00","og_image":[{"width":2560,"height":1707,"url":"https:\/\/interamerica.org\/wp-content\/uploads\/2023\/10\/ac2023-kohler-ame-100124572-general-conference-annual-council-2023-202-mpr-scaled-1.jpeg","type":"image\/jpeg"}],"author":"libna","twitter_card":"summary_large_image","twitter_misc":{"\u00c9crit par":"libna","Dur\u00e9e de lecture estim\u00e9e":"5 minutes"},"schema":{"@context":"https:\/\/schema.org","@graph":[{"@type":"Article","@id":"https:\/\/interamerica.org\/fr\/2023\/10\/il-est-temps-de-passer-de-a-b-et-c-a-d-declare-le-secretaire-de-la-conference-generale\/#article","isPartOf":{"@id":"https:\/\/interamerica.org\/fr\/2023\/10\/il-est-temps-de-passer-de-a-b-et-c-a-d-declare-le-secretaire-de-la-conference-generale\/"},"author":{"name":"libna","@id":"https:\/\/interamerica.org\/fr\/#\/schema\/person\/29998f2bc2d8bd0d38662909289b54f1"},"headline":"\u00ab Il est temps de passer de A, B et C \u00e0 D, \u00bb d\u00e9clare le secr\u00e9taire de la Conf\u00e9rence G\u00e9n\u00e9rale","datePublished":"2023-10-08T15:07:09+00:00","dateModified":"2023-10-09T14:06:42+00:00","mainEntityOfPage":{"@id":"https:\/\/interamerica.org\/fr\/2023\/10\/il-est-temps-de-passer-de-a-b-et-c-a-d-declare-le-secretaire-de-la-conference-generale\/"},"wordCount":1045,"image":{"@id":"https:\/\/interamerica.org\/fr\/2023\/10\/il-est-temps-de-passer-de-a-b-et-c-a-d-declare-le-secretaire-de-la-conference-generale\/#primaryimage"},"thumbnailUrl":"https:\/\/interamerica.org\/wp-content\/uploads\/2023\/10\/ac2023-kohler-ame-100124572-general-conference-annual-council-2023-202-mpr-scaled-1.jpeg","articleSection":["Nouvelles de l'\u00c9glise mondiale","RSS Fran\u00e7ais"],"inLanguage":"fr-FR"},{"@type":"WebPage","@id":"https:\/\/interamerica.org\/fr\/2023\/10\/il-est-temps-de-passer-de-a-b-et-c-a-d-declare-le-secretaire-de-la-conference-generale\/","url":"https:\/\/interamerica.org\/fr\/2023\/10\/il-est-temps-de-passer-de-a-b-et-c-a-d-declare-le-secretaire-de-la-conference-generale\/","name":"\u00ab Il est temps de passer de A, B et C \u00e0 D, \u00bb d\u00e9clare le secr\u00e9taire de la Conf\u00e9rence G\u00e9n\u00e9rale - \u00c9glise Adventiste Du Septieme Jour - Inter Am\u00e9rique Division","isPartOf":{"@id":"https:\/\/interamerica.org\/fr\/#website"},"primaryImageOfPage":{"@id":"https:\/\/interamerica.org\/fr\/2023\/10\/il-est-temps-de-passer-de-a-b-et-c-a-d-declare-le-secretaire-de-la-conference-generale\/#primaryimage"},"image":{"@id":"https:\/\/interamerica.org\/fr\/2023\/10\/il-est-temps-de-passer-de-a-b-et-c-a-d-declare-le-secretaire-de-la-conference-generale\/#primaryimage"},"thumbnailUrl":"https:\/\/interamerica.org\/wp-content\/uploads\/2023\/10\/ac2023-kohler-ame-100124572-general-conference-annual-council-2023-202-mpr-scaled-1.jpeg","datePublished":"2023-10-08T15:07:09+00:00","dateModified":"2023-10-09T14:06:42+00:00","author":{"@id":"https:\/\/interamerica.org\/fr\/#\/schema\/person\/29998f2bc2d8bd0d38662909289b54f1"},"breadcrumb":{"@id":"https:\/\/interamerica.org\/fr\/2023\/10\/il-est-temps-de-passer-de-a-b-et-c-a-d-declare-le-secretaire-de-la-conference-generale\/#breadcrumb"},"inLanguage":"fr-FR","potentialAction":[{"@type":"ReadAction","target":["https:\/\/interamerica.org\/fr\/2023\/10\/il-est-temps-de-passer-de-a-b-et-c-a-d-declare-le-secretaire-de-la-conference-generale\/"]}]},{"@type":"ImageObject","inLanguage":"fr-FR","@id":"https:\/\/interamerica.org\/fr\/2023\/10\/il-est-temps-de-passer-de-a-b-et-c-a-d-declare-le-secretaire-de-la-conference-generale\/#primaryimage","url":"https:\/\/interamerica.org\/wp-content\/uploads\/2023\/10\/ac2023-kohler-ame-100124572-general-conference-annual-council-2023-202-mpr-scaled-1.jpeg","contentUrl":"https:\/\/interamerica.org\/wp-content\/uploads\/2023\/10\/ac2023-kohler-ame-100124572-general-conference-annual-council-2023-202-mpr-scaled-1.jpeg","width":2560,"height":1707,"caption":"General Conference executive secretary Erton K\u00f6hler addresses the delegates and invitees to the 2023 Leadership Experiences and Development Conference at the General Conference headquarters. Photo: Lucas Cardino \/ Adventist Media Exchange (CC BY 4.0)"},{"@type":"BreadcrumbList","@id":"https:\/\/interamerica.org\/fr\/2023\/10\/il-est-temps-de-passer-de-a-b-et-c-a-d-declare-le-secretaire-de-la-conference-generale\/#breadcrumb","itemListElement":[{"@type":"ListItem","position":1,"name":"Home","item":"https:\/\/interamerica.org\/fr\/"},{"@type":"ListItem","position":2,"name":"\u00ab Il est temps de passer de A, B et C \u00e0 D, \u00bb d\u00e9clare le secr\u00e9taire de la Conf\u00e9rence G\u00e9n\u00e9rale"}]},{"@type":"WebSite","@id":"https:\/\/interamerica.org\/fr\/#website","url":"https:\/\/interamerica.org\/fr\/","name":"\u00c9glise Adventiste Du Septieme Jour - Inter Am\u00e9rique Division","description":"","potentialAction":[{"@type":"SearchAction","target":{"@type":"EntryPoint","urlTemplate":"https:\/\/interamerica.org\/fr\/?s={search_term_string}"},"query-input":{"@type":"PropertyValueSpecification","valueRequired":true,"valueName":"search_term_string"}}],"inLanguage":"fr-FR"},{"@type":"Person","@id":"https:\/\/interamerica.org\/fr\/#\/schema\/person\/29998f2bc2d8bd0d38662909289b54f1","name":"libna","image":{"@type":"ImageObject","inLanguage":"fr-FR","@id":"https:\/\/secure.gravatar.com\/avatar\/7c5bd30ae4b47a9ba3c856590957fd1d96dc588bf3ac05719d247e126840331f?s=96&d=mm&r=g","url":"https:\/\/secure.gravatar.com\/avatar\/7c5bd30ae4b47a9ba3c856590957fd1d96dc588bf3ac05719d247e126840331f?s=96&d=mm&r=g","contentUrl":"https:\/\/secure.gravatar.com\/avatar\/7c5bd30ae4b47a9ba3c856590957fd1d96dc588bf3ac05719d247e126840331f?s=96&d=mm&r=g","caption":"libna"}}]}},"_links":{"self":[{"href":"https:\/\/interamerica.org\/fr\/wp-json\/wp\/v2\/posts\/104412","targetHints":{"allow":["GET"]}}],"collection":[{"href":"https:\/\/interamerica.org\/fr\/wp-json\/wp\/v2\/posts"}],"about":[{"href":"https:\/\/interamerica.org\/fr\/wp-json\/wp\/v2\/types\/post"}],"author":[{"embeddable":true,"href":"https:\/\/interamerica.org\/fr\/wp-json\/wp\/v2\/users\/3"}],"replies":[{"embeddable":true,"href":"https:\/\/interamerica.org\/fr\/wp-json\/wp\/v2\/comments?post=104412"}],"version-history":[{"count":0,"href":"https:\/\/interamerica.org\/fr\/wp-json\/wp\/v2\/posts\/104412\/revisions"}],"wp:featuredmedia":[{"embeddable":true,"href":"https:\/\/interamerica.org\/fr\/wp-json\/wp\/v2\/media\/104342"}],"wp:attachment":[{"href":"https:\/\/interamerica.org\/fr\/wp-json\/wp\/v2\/media?parent=104412"}],"wp:term":[{"taxonomy":"category","embeddable":true,"href":"https:\/\/interamerica.org\/fr\/wp-json\/wp\/v2\/categories?post=104412"},{"taxonomy":"post_tag","embeddable":true,"href":"https:\/\/interamerica.org\/fr\/wp-json\/wp\/v2\/tags?post=104412"}],"curies":[{"name":"wp","href":"https:\/\/api.w.org\/{rel}","templated":true}]}}