{"id":104494,"date":"2023-10-09T11:51:03","date_gmt":"2023-10-09T15:51:03","guid":{"rendered":"https:\/\/interamerica.org\/?p=104494"},"modified":"2023-10-10T12:17:50","modified_gmt":"2023-10-10T16:17:50","slug":"une-famille-missionnaire-moderne-suis-les-traces-des-pionniers","status":"publish","type":"post","link":"https:\/\/interamerica.org\/fr\/2023\/10\/une-famille-missionnaire-moderne-suis-les-traces-des-pionniers\/","title":{"rendered":"Une famille missionnaire moderne suis les traces des pionniers"},"content":{"rendered":"<h4><b>Jonathan Contero et sa famille quittent l\u2019Espagne pour servir en Suisse s\u00e9culi\u00e8re.<\/b><\/h4>\n<p><span style=\"font-weight: 400;\">Le 9 octobre 2023 | Silver Spring, Maryland, \u00c9tats-Unis | Adventist Mission<\/span><\/p>\n<p><span style=\"font-weight: 400;\">Un implanteur d\u2019\u00e9glises d\u2019Espagne suit les traces de John N. Andrews, premier missionnaire officiel de l\u2019\u00c9glise adventiste du septi\u00e8me jour, en d\u00e9m\u00e9nageant en Suisse pour proclamer le proche retour de J\u00e9sus.<\/span><\/p>\n<p><span style=\"font-weight: 400;\">Mais Jonathan Contero se trouve devant un d\u00e9fi que J. N. Andrews n\u2019a pas eu \u00e0 surmonter \u00e0 son arriv\u00e9e il y a pr\u00e8s de 150\u00a0ans\u00a0: l\u2019envahissement de la la\u00efcit\u00e9.<\/span><\/p>\n<p><div id=\"attachment_104374\" style=\"width: 869px\" class=\"wp-caption aligncenter\"><img fetchpriority=\"high\" decoding=\"async\" aria-describedby=\"caption-attachment-104374\" class=\" wp-image-104373\" src=\"https:\/\/interamerica.org\/wp-content\/uploads\/2023\/10\/adventist-mission-ac202320231007-annual-council-etm-08-scaled-1-1024x576.jpeg\" alt=\"\" width=\"859\" height=\"483\" srcset=\"https:\/\/interamerica.org\/wp-content\/uploads\/2023\/10\/adventist-mission-ac202320231007-annual-council-etm-08-scaled-1-1024x576.jpeg 1024w, https:\/\/interamerica.org\/wp-content\/uploads\/2023\/10\/adventist-mission-ac202320231007-annual-council-etm-08-scaled-1-300x169.jpeg 300w, https:\/\/interamerica.org\/wp-content\/uploads\/2023\/10\/adventist-mission-ac202320231007-annual-council-etm-08-scaled-1-768x432.jpeg 768w, https:\/\/interamerica.org\/wp-content\/uploads\/2023\/10\/adventist-mission-ac202320231007-annual-council-etm-08-scaled-1-1536x863.jpeg 1536w, https:\/\/interamerica.org\/wp-content\/uploads\/2023\/10\/adventist-mission-ac202320231007-annual-council-etm-08-scaled-1-2048x1151.jpeg 2048w\" sizes=\"(max-width: 859px) 100vw, 859px\" \/><p id=\"caption-attachment-104374\" class=\"wp-caption-text\"><span style=\"font-weight: 400;\">Les dirigeants de l\u2019\u00c9glise partagent quelques mots d\u2019encouragement avec la famille Contero avant le d\u00e9but de leur travail missionnaire en Suisse. [Une photo d\u2019Enno M\u00fcller]<\/span><\/p><\/div><span style=\"font-weight: 400;\">La mission entreprise par le pasteur Contero, sa femme et leurs deux jeunes enfants a \u00e9t\u00e9 organis\u00e9e dans le cadre de Mission Refocus, une initiative de la Conf\u00e9rence g\u00e9n\u00e9rale visant \u00e0 accorder la priorit\u00e9 des ressources au travail missionnaire de premi\u00e8re ligne. Entre autres choses, elle appelle chaque organisation et \u00e9tablissement de l\u2019\u00c9glise \u00e0 soutenir l\u2019envoi de missionnaires dans les r\u00e9gions du monde les plus difficiles \u00e0 atteindre. Mission Refocus a pour objectif d\u2019accomplir Matthieu\u00a024.14, o\u00f9 J\u00e9sus a promis de revenir lorsque l\u2019\u00c9vangile aura \u00e9t\u00e9 pr\u00each\u00e9 dans le monde entier.<\/span><\/p>\n<p><span style=\"font-weight: 400;\">Le pasteur Contero consid\u00e8re qu\u2019il s\u2019agit d\u2019un privil\u00e8ge que d\u2019\u00eatre envoy\u00e9 dans la r\u00e9gion francophone m\u00eame o\u00f9 Andrews a d\u00e9j\u00e0 servi. Lui et sa famille y vivront pendant cinq ans.<\/span><\/p>\n<p><span style=\"font-weight: 400;\">\u00ab\u00a0Notre objectif consiste \u00e0 nous consacrer \u00e0 l\u2019agrandissement de l\u2019\u00c9glise et au renforcement de la mission dans cette r\u00e9gion\u00a0\u00bb, a-t-il dit.<\/span><\/p>\n<p><span style=\"font-weight: 400;\">L\u2019exp\u00e9rience du pasteur Contero fait de lui un excellent candidat pour affronter les d\u00e9fis de nature s\u00e9culi\u00e8re et post-chr\u00e9tienne qui l\u2019attendent en Suisse. En effet, il a pass\u00e9 les 11\u00a0derni\u00e8res ann\u00e9es \u00e0 travailler comme pasteur et implanteur d\u2019\u00e9glises dans la communaut\u00e9 tr\u00e8s s\u00e9culi\u00e8re de Madrid, en Espagne. Et depuis 2019, il a \u00e9galement servi \u00e0 titre de directeur adjoint du Centre pour la mission en contexte s\u00e9culier et post-chr\u00e9tien de Global Mission \u00e0 la Conf\u00e9rence g\u00e9n\u00e9rale, poste qu\u2019il conservera durant son mandat en Suisse.<\/span><\/p>\n<p><div id=\"attachment_104381\" style=\"width: 854px\" class=\"wp-caption aligncenter\"><img decoding=\"async\" aria-describedby=\"caption-attachment-104381\" class=\" wp-image-104380\" src=\"https:\/\/interamerica.org\/wp-content\/uploads\/2023\/10\/admision20231007-annual-council-etm-11-1536x864-1-1024x576.jpeg\" alt=\"\" width=\"844\" height=\"475\" srcset=\"https:\/\/interamerica.org\/wp-content\/uploads\/2023\/10\/admision20231007-annual-council-etm-11-1536x864-1-1024x576.jpeg 1024w, https:\/\/interamerica.org\/wp-content\/uploads\/2023\/10\/admision20231007-annual-council-etm-11-1536x864-1-300x169.jpeg 300w, https:\/\/interamerica.org\/wp-content\/uploads\/2023\/10\/admision20231007-annual-council-etm-11-1536x864-1-768x432.jpeg 768w, https:\/\/interamerica.org\/wp-content\/uploads\/2023\/10\/admision20231007-annual-council-etm-11-1536x864-1.jpeg 1536w\" sizes=\"(max-width: 844px) 100vw, 844px\" \/><p id=\"caption-attachment-104381\" class=\"wp-caption-text\"><span style=\"font-weight: 400;\">Avant le d\u00e9but du travail missionnaire de la famille Contero en Suisse, les dirigeants de l\u2019\u00c9glise ont pri\u00e9 pour elle et son travail. [Une photo d\u2019Enno M\u00fcller]<\/span><\/p><\/div><span style=\"font-weight: 400;\">\u00ab\u00a0La Suisse que Andrews a connue \u00e9tait principalement chr\u00e9tienne, a dit le pasteur Contero. La s\u00e9cularisation est le plus urgent des d\u00e9fis de l\u2019\u00c9glise mondiale, non seulement en Europe et dans les pays occidentaux, mais aussi dans les pays qui deviennent \u00e9galement post-bouddhistes, post-hindous, post-musulmans, post-juifs, et ainsi de suite.\u00a0\u00bb<\/span><\/p>\n<p><span style=\"font-weight: 400;\">Cet effort en Suisse est l\u2019id\u00e9e de Erton K\u00f6hler, secr\u00e9taire de la Conf\u00e9rence g\u00e9n\u00e9rale, et il lui a exprim\u00e9 son espoir qu\u2019il \u00ab\u00a0inspire d\u2019autres organisations, \u00e9tablissements et \u00e9glises locales \u00e0 voir le monde comme notre champ missionnaire.<\/span><\/p>\n<p><span style=\"font-weight: 400;\">\u00ab\u00a0Nous aimerions profiter de la c\u00e9l\u00e9bration du 150<\/span><span style=\"font-weight: 400;\">e<\/span><span style=\"font-weight: 400;\">\u00a0anniversaire de notre mission pour renouveler notre engagement \u00e0 achever l\u2019\u0153uvre que nos pionniers ont commenc\u00e9e, a dit le pasteur K\u00f6hler par courriel. Je crois r\u00e9ellement qu\u2019en augmentant notre engagement envers la mission mondiale, non seulement nous donnerons un \u00e9lan particulier \u00e0 nos initiatives de partout dans le monde d\u2019annoncer l\u2019\u00c9vangile \u201c\u00e0 toute nation, \u00e0 toute tribu, \u00e0 toute langue, et \u00e0 tout peuple\u201d (Apocalypse 14.6), mais nous renouvellerons \u00e9galement notre engagement envers la mission locale.\u00a0\u00bb<\/span><\/p>\n<p><span style=\"font-weight: 400;\">Ted N. C. Wilson, pr\u00e9sident de la Conf\u00e9rence g\u00e9n\u00e9rale, qui a offert une pri\u00e8re de cons\u00e9cration pour le pasteur Contero et sa famille lors du Concile annuel de 2023, a dit que ce ne sont pas tous les adventistes qui peuvent d\u00e9m\u00e9nager en Suisse, mais que tous les adventistes devraient chercher \u00e0 \u00eatre un t\u00e9moin au sein de leur sph\u00e8re d\u2019influence.<\/span><\/p>\n<p><span style=\"font-weight: 400;\">\u00ab\u00a0Certaines personnes voudront participer au programme missionnaire officiel de l\u2019\u00c9glise, et nous les encourageons \u00e0 contacter les dirigeants appropri\u00e9s dans la structure de notre \u00c9glise, a-t-il dit.<\/span><\/p>\n<p><span style=\"font-weight: 400;\">\u00ab\u00a0Cependant, tous les membres devraient vouloir dire au Seigneur, \u201cJ\u2019irai et je participerai \u00e0 la proclamation finale du retour de Christ\u201d, a-t-il ajout\u00e9. Vous pouvez r\u00e9pondre \u00e0 cet appel o\u00f9 que vous soyez. Nous en sommes aux derniers jours de l\u2019histoire de la terre et tous devraient participer \u00e0 Mission Refocus et \u00e0 Tous membres inclus.\u00a0\u00bb<\/span><\/p>\n<p><span style=\"font-weight: 400;\">Tous membres inclus est une initiative de la Conf\u00e9rence g\u00e9n\u00e9rale qui encourage tous les membres de l\u2019\u00c9glise \u00e0 s\u2019impliquer dans la mission et le service d\u2019une quelconque mani\u00e8re.<\/span><\/p>\n<p><span style=\"font-weight: 400;\">L\u2019entreprise du pasteur Contero est semblable en certains points \u00e0 celle de J. N. Andrews, qui est parti d\u2019Am\u00e9rique en bateau pour d\u00e9barquer \u00e0 Neuch\u00e2tel, en Suisse, le 15 septembre 1874. Le pasteur Andrews \u00e9tait accompagn\u00e9 de son fils, Charles, de 16 ans, et de sa fille, Mary, de 12 ans; sa femme n\u2019\u00e9tait d\u00e9j\u00e0 plus \u00e0 cette \u00e9poque. Le pasteur Contero voyagera avec sa femme, Abigail, et leurs deux enfants.<\/span><\/p>\n<p><span style=\"font-weight: 400;\">Comme le pasteur Andrews, le pasteur Contero sera parrain\u00e9 par la Conf\u00e9rence g\u00e9n\u00e9rale. Il ira \u00e9galement en tant qu\u2019\u00e9tudiant de l\u2019Universit\u00e9 Andrews, l\u2019\u00e9tablissement phare de l\u2019\u00c9glise adventiste en ce qui concerne l\u2019\u00e9ducation sup\u00e9rieure, qui porte justement le nom du premier missionnaire officiel. L\u2019Universit\u00e9 Andrews repr\u00e9sentera toutes les organisations et tous les \u00e9tablissements de l\u2019\u00c9glise qui participeront \u00e0 Mission Refocus.<\/span><\/p>\n<p><span style=\"font-weight: 400;\">Le pasteur Contero aura au moins un avantage majeur sur J. N. Andrews. Ce dernier ne parlait pas fran\u00e7ais alors que le premier le parle couramment apr\u00e8s avoir fait son baccalaur\u00e9at en th\u00e9ologie \u00e0 l\u2019Universit\u00e9 adventiste de Collonges, en France. Sa femme y a \u00e9tudi\u00e9 \u00e9galement.<\/span><\/p>\n<p><span style=\"font-weight: 400;\">\u00ab\u00a0Nous avons pass\u00e9 deux ans \u00e0 \u00e9tudier \u00e0 Collonges, nos meilleures ann\u00e9es de vie \u00e9tudiante\u00a0\u00bb, a-t-il soulign\u00e9.<\/span><\/p>\n<p><span style=\"font-weight: 400;\">Jonathan Contero d\u00e9tient \u00e9galement une ma\u00eetrise en th\u00e9ologie de l\u2019Universit\u00e9 adventiste de Sagunto, en Espagne, et il travaille actuellement \u00e0 l\u2019obtention d\u2019un doctorat en \u00e9tudes missionnaires \u00e0 l\u2019Universit\u00e9 Andrews.<\/span><\/p>\n<p><span style=\"font-weight: 400;\">Traduction\u00a0: Marie-Mich\u00e8le Robitaille<\/span><\/p>\n","protected":false},"excerpt":{"rendered":"<p>Jonathan Contero et sa famille quittent l\u2019Espagne pour servir en Suisse s\u00e9culi\u00e8re. Le 9 octobre 2023 | Silver Spring, Maryland, \u00c9tats-Unis | Adventist Mission Un implanteur d\u2019\u00e9glises d\u2019Espagne suit les&#8230;<\/p>\n","protected":false},"author":3,"featured_media":104374,"comment_status":"closed","ping_status":"closed","sticky":false,"template":"","format":"standard","meta":{"_acf_changed":false,"footnotes":""},"categories":[18,19],"tags":[],"class_list":["post-104494","post","type-post","status-publish","format-standard","has-post-thumbnail","hentry","category-nouvelles-de-leglise-mondiale","category-rss-francais"],"acf":[],"yoast_head":"<!-- This site is optimized with the Yoast SEO plugin v27.3 - https:\/\/yoast.com\/product\/yoast-seo-wordpress\/ -->\n<title>Une famille missionnaire moderne suis les traces des pionniers - \u00c9glise Adventiste Du Septieme Jour - Inter Am\u00e9rique Division<\/title>\n<meta name=\"robots\" content=\"index, follow, max-snippet:-1, max-image-preview:large, max-video-preview:-1\" \/>\n<link rel=\"canonical\" href=\"https:\/\/interamerica.org\/fr\/2023\/10\/une-famille-missionnaire-moderne-suis-les-traces-des-pionniers\/\" \/>\n<meta property=\"og:locale\" content=\"fr_FR\" \/>\n<meta property=\"og:type\" content=\"article\" \/>\n<meta property=\"og:title\" content=\"Une famille missionnaire moderne suis les traces des pionniers - \u00c9glise Adventiste Du Septieme Jour - Inter Am\u00e9rique Division\" \/>\n<meta property=\"og:description\" content=\"Jonathan Contero et sa famille quittent l\u2019Espagne pour servir en Suisse s\u00e9culi\u00e8re. Le 9 octobre 2023 | Silver Spring, Maryland, \u00c9tats-Unis | Adventist Mission Un implanteur d\u2019\u00e9glises d\u2019Espagne suit les...\" \/>\n<meta property=\"og:url\" content=\"https:\/\/interamerica.org\/fr\/2023\/10\/une-famille-missionnaire-moderne-suis-les-traces-des-pionniers\/\" \/>\n<meta property=\"og:site_name\" content=\"\u00c9glise Adventiste Du Septieme Jour - Inter Am\u00e9rique Division\" \/>\n<meta property=\"article:published_time\" content=\"2023-10-09T15:51:03+00:00\" \/>\n<meta property=\"article:modified_time\" content=\"2023-10-10T16:17:50+00:00\" \/>\n<meta property=\"og:image\" content=\"https:\/\/interamerica.org\/wp-content\/uploads\/2023\/10\/adventist-mission-ac202320231007-annual-council-etm-08-scaled-1.jpeg\" \/>\n\t<meta property=\"og:image:width\" content=\"2560\" \/>\n\t<meta property=\"og:image:height\" content=\"1439\" \/>\n\t<meta property=\"og:image:type\" content=\"image\/jpeg\" \/>\n<meta name=\"author\" content=\"libna\" \/>\n<meta name=\"twitter:card\" content=\"summary_large_image\" \/>\n<meta name=\"twitter:label1\" content=\"\u00c9crit par\" \/>\n\t<meta name=\"twitter:data1\" content=\"libna\" \/>\n\t<meta name=\"twitter:label2\" content=\"Dur\u00e9e de lecture estim\u00e9e\" \/>\n\t<meta name=\"twitter:data2\" content=\"5 minutes\" \/>\n<script type=\"application\/ld+json\" class=\"yoast-schema-graph\">{\"@context\":\"https:\\\/\\\/schema.org\",\"@graph\":[{\"@type\":\"Article\",\"@id\":\"https:\\\/\\\/interamerica.org\\\/fr\\\/2023\\\/10\\\/une-famille-missionnaire-moderne-suis-les-traces-des-pionniers\\\/#article\",\"isPartOf\":{\"@id\":\"https:\\\/\\\/interamerica.org\\\/fr\\\/2023\\\/10\\\/une-famille-missionnaire-moderne-suis-les-traces-des-pionniers\\\/\"},\"author\":{\"name\":\"libna\",\"@id\":\"https:\\\/\\\/interamerica.org\\\/fr\\\/#\\\/schema\\\/person\\\/29998f2bc2d8bd0d38662909289b54f1\"},\"headline\":\"Une famille missionnaire moderne suis les traces des pionniers\",\"datePublished\":\"2023-10-09T15:51:03+00:00\",\"dateModified\":\"2023-10-10T16:17:50+00:00\",\"mainEntityOfPage\":{\"@id\":\"https:\\\/\\\/interamerica.org\\\/fr\\\/2023\\\/10\\\/une-famille-missionnaire-moderne-suis-les-traces-des-pionniers\\\/\"},\"wordCount\":1055,\"image\":{\"@id\":\"https:\\\/\\\/interamerica.org\\\/fr\\\/2023\\\/10\\\/une-famille-missionnaire-moderne-suis-les-traces-des-pionniers\\\/#primaryimage\"},\"thumbnailUrl\":\"https:\\\/\\\/interamerica.org\\\/wp-content\\\/uploads\\\/2023\\\/10\\\/adventist-mission-ac202320231007-annual-council-etm-08-scaled-1.jpeg\",\"articleSection\":[\"Nouvelles de l'\u00c9glise mondiale\",\"RSS Fran\u00e7ais\"],\"inLanguage\":\"fr-FR\"},{\"@type\":\"WebPage\",\"@id\":\"https:\\\/\\\/interamerica.org\\\/fr\\\/2023\\\/10\\\/une-famille-missionnaire-moderne-suis-les-traces-des-pionniers\\\/\",\"url\":\"https:\\\/\\\/interamerica.org\\\/fr\\\/2023\\\/10\\\/une-famille-missionnaire-moderne-suis-les-traces-des-pionniers\\\/\",\"name\":\"Une famille missionnaire moderne suis les traces des pionniers - \u00c9glise Adventiste Du Septieme Jour - Inter Am\u00e9rique Division\",\"isPartOf\":{\"@id\":\"https:\\\/\\\/interamerica.org\\\/fr\\\/#website\"},\"primaryImageOfPage\":{\"@id\":\"https:\\\/\\\/interamerica.org\\\/fr\\\/2023\\\/10\\\/une-famille-missionnaire-moderne-suis-les-traces-des-pionniers\\\/#primaryimage\"},\"image\":{\"@id\":\"https:\\\/\\\/interamerica.org\\\/fr\\\/2023\\\/10\\\/une-famille-missionnaire-moderne-suis-les-traces-des-pionniers\\\/#primaryimage\"},\"thumbnailUrl\":\"https:\\\/\\\/interamerica.org\\\/wp-content\\\/uploads\\\/2023\\\/10\\\/adventist-mission-ac202320231007-annual-council-etm-08-scaled-1.jpeg\",\"datePublished\":\"2023-10-09T15:51:03+00:00\",\"dateModified\":\"2023-10-10T16:17:50+00:00\",\"author\":{\"@id\":\"https:\\\/\\\/interamerica.org\\\/fr\\\/#\\\/schema\\\/person\\\/29998f2bc2d8bd0d38662909289b54f1\"},\"breadcrumb\":{\"@id\":\"https:\\\/\\\/interamerica.org\\\/fr\\\/2023\\\/10\\\/une-famille-missionnaire-moderne-suis-les-traces-des-pionniers\\\/#breadcrumb\"},\"inLanguage\":\"fr-FR\",\"potentialAction\":[{\"@type\":\"ReadAction\",\"target\":[\"https:\\\/\\\/interamerica.org\\\/fr\\\/2023\\\/10\\\/une-famille-missionnaire-moderne-suis-les-traces-des-pionniers\\\/\"]}]},{\"@type\":\"ImageObject\",\"inLanguage\":\"fr-FR\",\"@id\":\"https:\\\/\\\/interamerica.org\\\/fr\\\/2023\\\/10\\\/une-famille-missionnaire-moderne-suis-les-traces-des-pionniers\\\/#primaryimage\",\"url\":\"https:\\\/\\\/interamerica.org\\\/wp-content\\\/uploads\\\/2023\\\/10\\\/adventist-mission-ac202320231007-annual-council-etm-08-scaled-1.jpeg\",\"contentUrl\":\"https:\\\/\\\/interamerica.org\\\/wp-content\\\/uploads\\\/2023\\\/10\\\/adventist-mission-ac202320231007-annual-council-etm-08-scaled-1.jpeg\",\"width\":2560,\"height\":1439,\"caption\":\"Church leaders share some words of encouragement to the Contero family before they start their mission work in Switzerland. [Photo: Enno M\u00fcller]\"},{\"@type\":\"BreadcrumbList\",\"@id\":\"https:\\\/\\\/interamerica.org\\\/fr\\\/2023\\\/10\\\/une-famille-missionnaire-moderne-suis-les-traces-des-pionniers\\\/#breadcrumb\",\"itemListElement\":[{\"@type\":\"ListItem\",\"position\":1,\"name\":\"Home\",\"item\":\"https:\\\/\\\/interamerica.org\\\/fr\\\/\"},{\"@type\":\"ListItem\",\"position\":2,\"name\":\"Une famille missionnaire moderne suis les traces des pionniers\"}]},{\"@type\":\"WebSite\",\"@id\":\"https:\\\/\\\/interamerica.org\\\/fr\\\/#website\",\"url\":\"https:\\\/\\\/interamerica.org\\\/fr\\\/\",\"name\":\"\u00c9glise Adventiste Du Septieme Jour - Inter Am\u00e9rique Division\",\"description\":\"\",\"potentialAction\":[{\"@type\":\"SearchAction\",\"target\":{\"@type\":\"EntryPoint\",\"urlTemplate\":\"https:\\\/\\\/interamerica.org\\\/fr\\\/?s={search_term_string}\"},\"query-input\":{\"@type\":\"PropertyValueSpecification\",\"valueRequired\":true,\"valueName\":\"search_term_string\"}}],\"inLanguage\":\"fr-FR\"},{\"@type\":\"Person\",\"@id\":\"https:\\\/\\\/interamerica.org\\\/fr\\\/#\\\/schema\\\/person\\\/29998f2bc2d8bd0d38662909289b54f1\",\"name\":\"libna\",\"image\":{\"@type\":\"ImageObject\",\"inLanguage\":\"fr-FR\",\"@id\":\"https:\\\/\\\/secure.gravatar.com\\\/avatar\\\/7c5bd30ae4b47a9ba3c856590957fd1d96dc588bf3ac05719d247e126840331f?s=96&d=mm&r=g\",\"url\":\"https:\\\/\\\/secure.gravatar.com\\\/avatar\\\/7c5bd30ae4b47a9ba3c856590957fd1d96dc588bf3ac05719d247e126840331f?s=96&d=mm&r=g\",\"contentUrl\":\"https:\\\/\\\/secure.gravatar.com\\\/avatar\\\/7c5bd30ae4b47a9ba3c856590957fd1d96dc588bf3ac05719d247e126840331f?s=96&d=mm&r=g\",\"caption\":\"libna\"}}]}<\/script>\n<!-- \/ Yoast SEO plugin. -->","yoast_head_json":{"title":"Une famille missionnaire moderne suis les traces des pionniers - \u00c9glise Adventiste Du Septieme Jour - Inter Am\u00e9rique Division","robots":{"index":"index","follow":"follow","max-snippet":"max-snippet:-1","max-image-preview":"max-image-preview:large","max-video-preview":"max-video-preview:-1"},"canonical":"https:\/\/interamerica.org\/fr\/2023\/10\/une-famille-missionnaire-moderne-suis-les-traces-des-pionniers\/","og_locale":"fr_FR","og_type":"article","og_title":"Une famille missionnaire moderne suis les traces des pionniers - \u00c9glise Adventiste Du Septieme Jour - Inter Am\u00e9rique Division","og_description":"Jonathan Contero et sa famille quittent l\u2019Espagne pour servir en Suisse s\u00e9culi\u00e8re. Le 9 octobre 2023 | Silver Spring, Maryland, \u00c9tats-Unis | Adventist Mission Un implanteur d\u2019\u00e9glises d\u2019Espagne suit les...","og_url":"https:\/\/interamerica.org\/fr\/2023\/10\/une-famille-missionnaire-moderne-suis-les-traces-des-pionniers\/","og_site_name":"\u00c9glise Adventiste Du Septieme Jour - Inter Am\u00e9rique Division","article_published_time":"2023-10-09T15:51:03+00:00","article_modified_time":"2023-10-10T16:17:50+00:00","og_image":[{"width":2560,"height":1439,"url":"https:\/\/interamerica.org\/wp-content\/uploads\/2023\/10\/adventist-mission-ac202320231007-annual-council-etm-08-scaled-1.jpeg","type":"image\/jpeg"}],"author":"libna","twitter_card":"summary_large_image","twitter_misc":{"\u00c9crit par":"libna","Dur\u00e9e de lecture estim\u00e9e":"5 minutes"},"schema":{"@context":"https:\/\/schema.org","@graph":[{"@type":"Article","@id":"https:\/\/interamerica.org\/fr\/2023\/10\/une-famille-missionnaire-moderne-suis-les-traces-des-pionniers\/#article","isPartOf":{"@id":"https:\/\/interamerica.org\/fr\/2023\/10\/une-famille-missionnaire-moderne-suis-les-traces-des-pionniers\/"},"author":{"name":"libna","@id":"https:\/\/interamerica.org\/fr\/#\/schema\/person\/29998f2bc2d8bd0d38662909289b54f1"},"headline":"Une famille missionnaire moderne suis les traces des pionniers","datePublished":"2023-10-09T15:51:03+00:00","dateModified":"2023-10-10T16:17:50+00:00","mainEntityOfPage":{"@id":"https:\/\/interamerica.org\/fr\/2023\/10\/une-famille-missionnaire-moderne-suis-les-traces-des-pionniers\/"},"wordCount":1055,"image":{"@id":"https:\/\/interamerica.org\/fr\/2023\/10\/une-famille-missionnaire-moderne-suis-les-traces-des-pionniers\/#primaryimage"},"thumbnailUrl":"https:\/\/interamerica.org\/wp-content\/uploads\/2023\/10\/adventist-mission-ac202320231007-annual-council-etm-08-scaled-1.jpeg","articleSection":["Nouvelles de l'\u00c9glise mondiale","RSS Fran\u00e7ais"],"inLanguage":"fr-FR"},{"@type":"WebPage","@id":"https:\/\/interamerica.org\/fr\/2023\/10\/une-famille-missionnaire-moderne-suis-les-traces-des-pionniers\/","url":"https:\/\/interamerica.org\/fr\/2023\/10\/une-famille-missionnaire-moderne-suis-les-traces-des-pionniers\/","name":"Une famille missionnaire moderne suis les traces des pionniers - \u00c9glise Adventiste Du Septieme Jour - Inter Am\u00e9rique Division","isPartOf":{"@id":"https:\/\/interamerica.org\/fr\/#website"},"primaryImageOfPage":{"@id":"https:\/\/interamerica.org\/fr\/2023\/10\/une-famille-missionnaire-moderne-suis-les-traces-des-pionniers\/#primaryimage"},"image":{"@id":"https:\/\/interamerica.org\/fr\/2023\/10\/une-famille-missionnaire-moderne-suis-les-traces-des-pionniers\/#primaryimage"},"thumbnailUrl":"https:\/\/interamerica.org\/wp-content\/uploads\/2023\/10\/adventist-mission-ac202320231007-annual-council-etm-08-scaled-1.jpeg","datePublished":"2023-10-09T15:51:03+00:00","dateModified":"2023-10-10T16:17:50+00:00","author":{"@id":"https:\/\/interamerica.org\/fr\/#\/schema\/person\/29998f2bc2d8bd0d38662909289b54f1"},"breadcrumb":{"@id":"https:\/\/interamerica.org\/fr\/2023\/10\/une-famille-missionnaire-moderne-suis-les-traces-des-pionniers\/#breadcrumb"},"inLanguage":"fr-FR","potentialAction":[{"@type":"ReadAction","target":["https:\/\/interamerica.org\/fr\/2023\/10\/une-famille-missionnaire-moderne-suis-les-traces-des-pionniers\/"]}]},{"@type":"ImageObject","inLanguage":"fr-FR","@id":"https:\/\/interamerica.org\/fr\/2023\/10\/une-famille-missionnaire-moderne-suis-les-traces-des-pionniers\/#primaryimage","url":"https:\/\/interamerica.org\/wp-content\/uploads\/2023\/10\/adventist-mission-ac202320231007-annual-council-etm-08-scaled-1.jpeg","contentUrl":"https:\/\/interamerica.org\/wp-content\/uploads\/2023\/10\/adventist-mission-ac202320231007-annual-council-etm-08-scaled-1.jpeg","width":2560,"height":1439,"caption":"Church leaders share some words of encouragement to the Contero family before they start their mission work in Switzerland. [Photo: Enno M\u00fcller]"},{"@type":"BreadcrumbList","@id":"https:\/\/interamerica.org\/fr\/2023\/10\/une-famille-missionnaire-moderne-suis-les-traces-des-pionniers\/#breadcrumb","itemListElement":[{"@type":"ListItem","position":1,"name":"Home","item":"https:\/\/interamerica.org\/fr\/"},{"@type":"ListItem","position":2,"name":"Une famille missionnaire moderne suis les traces des pionniers"}]},{"@type":"WebSite","@id":"https:\/\/interamerica.org\/fr\/#website","url":"https:\/\/interamerica.org\/fr\/","name":"\u00c9glise Adventiste Du Septieme Jour - Inter Am\u00e9rique Division","description":"","potentialAction":[{"@type":"SearchAction","target":{"@type":"EntryPoint","urlTemplate":"https:\/\/interamerica.org\/fr\/?s={search_term_string}"},"query-input":{"@type":"PropertyValueSpecification","valueRequired":true,"valueName":"search_term_string"}}],"inLanguage":"fr-FR"},{"@type":"Person","@id":"https:\/\/interamerica.org\/fr\/#\/schema\/person\/29998f2bc2d8bd0d38662909289b54f1","name":"libna","image":{"@type":"ImageObject","inLanguage":"fr-FR","@id":"https:\/\/secure.gravatar.com\/avatar\/7c5bd30ae4b47a9ba3c856590957fd1d96dc588bf3ac05719d247e126840331f?s=96&d=mm&r=g","url":"https:\/\/secure.gravatar.com\/avatar\/7c5bd30ae4b47a9ba3c856590957fd1d96dc588bf3ac05719d247e126840331f?s=96&d=mm&r=g","contentUrl":"https:\/\/secure.gravatar.com\/avatar\/7c5bd30ae4b47a9ba3c856590957fd1d96dc588bf3ac05719d247e126840331f?s=96&d=mm&r=g","caption":"libna"}}]}},"_links":{"self":[{"href":"https:\/\/interamerica.org\/fr\/wp-json\/wp\/v2\/posts\/104494","targetHints":{"allow":["GET"]}}],"collection":[{"href":"https:\/\/interamerica.org\/fr\/wp-json\/wp\/v2\/posts"}],"about":[{"href":"https:\/\/interamerica.org\/fr\/wp-json\/wp\/v2\/types\/post"}],"author":[{"embeddable":true,"href":"https:\/\/interamerica.org\/fr\/wp-json\/wp\/v2\/users\/3"}],"replies":[{"embeddable":true,"href":"https:\/\/interamerica.org\/fr\/wp-json\/wp\/v2\/comments?post=104494"}],"version-history":[{"count":0,"href":"https:\/\/interamerica.org\/fr\/wp-json\/wp\/v2\/posts\/104494\/revisions"}],"wp:featuredmedia":[{"embeddable":true,"href":"https:\/\/interamerica.org\/fr\/wp-json\/wp\/v2\/media\/104374"}],"wp:attachment":[{"href":"https:\/\/interamerica.org\/fr\/wp-json\/wp\/v2\/media?parent=104494"}],"wp:term":[{"taxonomy":"category","embeddable":true,"href":"https:\/\/interamerica.org\/fr\/wp-json\/wp\/v2\/categories?post=104494"},{"taxonomy":"post_tag","embeddable":true,"href":"https:\/\/interamerica.org\/fr\/wp-json\/wp\/v2\/tags?post=104494"}],"curies":[{"name":"wp","href":"https:\/\/api.w.org\/{rel}","templated":true}]}}