{"id":104761,"date":"2023-10-10T14:02:22","date_gmt":"2023-10-10T18:02:22","guid":{"rendered":"https:\/\/interamerica.org\/?p=104761"},"modified":"2023-10-13T11:22:17","modified_gmt":"2023-10-13T15:22:17","slug":"hope-channel-celebre-20-ans-de-croissance-de-sa-portee-missionnaire","status":"publish","type":"post","link":"https:\/\/interamerica.org\/fr\/2023\/10\/hope-channel-celebre-20-ans-de-croissance-de-sa-portee-missionnaire\/","title":{"rendered":"Hope Channel c\u00e9l\u00e8bre 20 ans de croissance de sa port\u00e9e missionnaire"},"content":{"rendered":"<h4><b>Selon le pr\u00e9sident \u00e9lu, le r\u00e9seau de t\u00e9l\u00e9vision adventiste est pr\u00eat \u00e0 entrer dans la r\u00e9volution num\u00e9rique.<\/b><\/h4>\n<h4><span style=\"font-weight: 400;\">Le 10 octobre 2023 | Silver Spring, Maryland, \u00c9tats-Unis | Marcos Paseggi, <\/span><i><span style=\"font-weight: 400;\">Adventist Review<\/span><\/i><\/h4>\n<p><span style=\"font-weight: 400;\">\u00ab\u00a0Nous louons Dieu pour sa direction du Hope Channel au cours des 20\u00a0derni\u00e8res ann\u00e9es\u00a0\u00bb, a dit Gideon Mutero, vice-pr\u00e9sident des finances du Hope Channel, en pr\u00e9sentant, le 8 octobre dernier, le rapport du r\u00e9seau de t\u00e9l\u00e9vision adventiste aux membres du comit\u00e9 ex\u00e9cutif de la Conf\u00e9rence g\u00e9n\u00e9rale pr\u00e9sents au Concile annuel, qui s\u2019est tenu au si\u00e8ge de l\u2019\u00c9glise adventiste du septi\u00e8me jour \u00e0 Silver Spring, dans l\u2019\u00c9tat am\u00e9ricain du Maryland. \u00ab\u00a0Depuis ses d\u00e9buts en 2003, le Hope Channel a grandi de mani\u00e8re exponentielle dans sa mission consistant \u00e0 communiquer la Bonne Nouvelle d\u2019une vie meilleure avec Dieu pour aujourd\u2019hui et pour l\u2019\u00e9ternit\u00e9.\u00a0\u00bb<\/span><\/p>\n<p><div id=\"attachment_104505\" style=\"width: 892px\" class=\"wp-caption aligncenter\"><img fetchpriority=\"high\" decoding=\"async\" aria-describedby=\"caption-attachment-104505\" class=\" wp-image-104504\" src=\"https:\/\/interamerica.org\/wp-content\/uploads\/2023\/10\/hopechannel-ac2023-1024x512.png\" alt=\"\" width=\"882\" height=\"441\" srcset=\"https:\/\/interamerica.org\/wp-content\/uploads\/2023\/10\/hopechannel-ac2023-1024x512.png 1024w, https:\/\/interamerica.org\/wp-content\/uploads\/2023\/10\/hopechannel-ac2023-300x150.png 300w, https:\/\/interamerica.org\/wp-content\/uploads\/2023\/10\/hopechannel-ac2023-768x384.png 768w, https:\/\/interamerica.org\/wp-content\/uploads\/2023\/10\/hopechannel-ac2023.png 1500w\" sizes=\"(max-width: 882px) 100vw, 882px\" \/><p id=\"caption-attachment-104505\" class=\"wp-caption-text\"><span style=\"font-weight: 400;\">Vyacheslav Demyan (\u00e0 gauche), pr\u00e9sident \u00e9lu du Hope Channel, pr\u00e9sente le rapport de l\u2019organisation en compagnie de Gideon Mutero (au centre), vice-pr\u00e9sident des finances, et de Derek Morris, pr\u00e9sident actuel qui part \u00e0 la retraite. [Une photo de Lucas Cardino \/ AME (CC BY 4.0)]<\/span><\/p><\/div><b>Vingt ans de vies transform\u00e9es<\/b><\/p>\n<p><span style=\"font-weight: 400;\">M. Mutero a expliqu\u00e9 que le minist\u00e8re d\u2019\u00e9vang\u00e9lisation par les m\u00e9dias du Hope Channel a men\u00e9 \u00e0 la transformation de nombreuses vies par des \u00e9v\u00e9nements diffus\u00e9s en direct, comme des s\u00e9ries d\u2019\u00e9vang\u00e9lisation ayant lieu \u00e0 un seul endroit, mais diffus\u00e9es sur plusieurs sites. C\u2019est ainsi, a-t-il ajout\u00e9, que des centaines de milliers de personnes ont \u00e9t\u00e9 baptis\u00e9es. \u00ab Les programmes transformateurs sur la foi, la famille, le mode de vie et la sant\u00e9 ont donn\u00e9 de l\u2019espoir \u00e0 des millions de gens dans le monde entier. \u00bb<\/span><\/p>\n<p><span style=\"font-weight: 400;\">Le r\u00e9seau du Hope Channel compte actuellement 82\u00a0cha\u00eenes de t\u00e9l\u00e9diffusion sur tous les continents du monde en plus d\u2019une centaine de langues, a rapport\u00e9 M.\u00a0Mutero. \u00ab\u00a0Nous sommes en train d\u2019annoncer au monde entier un message d\u2019espoir par le moyen de plusieurs m\u00e9thodes de diffusion, comme le satellite, la t\u00e9l\u00e9vision terrestre, les plateformes num\u00e9riques et les m\u00e9dias sociaux, a-t-il dit. Nous remercions l\u2019\u00c9glise mondiale pour votre immense soutien du minist\u00e8re de l\u2019\u00e9vang\u00e9lisation par les m\u00e9dias qu\u2019est le Hope Channel.\u00a0\u00bb<\/span><\/p>\n<p><span style=\"font-weight: 400;\">Il a \u00e9galement exprim\u00e9 son appr\u00e9ciation du leadership de Brad Thorp, fondateur de Hope Channel International, et de celui de sa femme, Kandus Thorp, qui a servi \u00e0 titre de vice-pr\u00e9sidente. Il a \u00e9galement remerci\u00e9 Derek Morris, le deuxi\u00e8me pr\u00e9sident, qui partira \u00e0 la retraite le 31 octobre, apr\u00e8s quatre ans \u00e0 la barre de l\u2019organisation.<\/span><\/p>\n<p><div id=\"attachment_104511\" style=\"width: 902px\" class=\"wp-caption aligncenter\"><img decoding=\"async\" aria-describedby=\"caption-attachment-104511\" class=\" wp-image-104510\" src=\"https:\/\/interamerica.org\/wp-content\/uploads\/2023\/10\/hope-channelame-100125471-general-conference-annual-council-2023-990-mpr.jpeg\" alt=\"\" width=\"892\" height=\"595\" srcset=\"https:\/\/interamerica.org\/wp-content\/uploads\/2023\/10\/hope-channelame-100125471-general-conference-annual-council-2023-990-mpr.jpeg 1000w, https:\/\/interamerica.org\/wp-content\/uploads\/2023\/10\/hope-channelame-100125471-general-conference-annual-council-2023-990-mpr-300x200.jpeg 300w, https:\/\/interamerica.org\/wp-content\/uploads\/2023\/10\/hope-channelame-100125471-general-conference-annual-council-2023-990-mpr-768x512.jpeg 768w\" sizes=\"(max-width: 892px) 100vw, 892px\" \/><p id=\"caption-attachment-104511\" class=\"wp-caption-text\"><span style=\"font-weight: 400;\">Le 8 octobre, Gideon Mutero, vice-pr\u00e9sident des finances du Hope Channel, a pr\u00e9sent\u00e9 le rapport de l\u2019organisation au Concile annuel de 2023. [Une photo de Lucas Cardino \/ AME (CC BY 4.0)]<\/span><\/p><\/div><b>De nouveaux outils et de nouvelles ressources<\/b><\/p>\n<p><span style=\"font-weight: 400;\">Apr\u00e8s la pr\u00e9sentation du tr\u00e9sorier, ce fut au tour de Vyacheslav Demyan, pr\u00e9sident \u00e9lu de Hope Channel International, de rappeler aux membres du comit\u00e9 ex\u00e9cutif la mission, les nouveaux outils, les nouvelles ressources ainsi que la vision de l\u2019organisation.<\/span><\/p>\n<p><span style=\"font-weight: 400;\">\u00ab\u00a0Hope Channel International se consacre \u00e0 l\u2019outillage et \u00e0 l\u2019autonomisation du r\u00e9seau mondial de plus de 80\u00a0cha\u00eenes pour l\u2019\u00e9vang\u00e9lisation par les m\u00e9dias\u00a0\u00bb, a-t-il dit. En 2022, le Hope Channel a fourni \u00e0 son r\u00e9seau mondial quelque 450 heures de programmation centr\u00e9e sur Christ et ax\u00e9e sur les messages des trois anges. Il a aussi mentionn\u00e9 le fait que 21\u00a0des cha\u00eenes du r\u00e9seau du Hope Channel utilisent la plateforme d\u2019apprentissage en ligne Hope.Study, \u00ab\u00a0un outil en ligne qui aide les t\u00e9l\u00e9spectateurs \u00e0 \u00e9tudier la Bible, \u00e0 grandir dans la foi et, enfin, \u00e0 prendre une d\u00e9cision pour J\u00e9sus.\u00a0\u00bb<\/span><\/p>\n<p><span style=\"font-weight: 400;\">Hope.Study fait partie d\u2019une plateforme novatrice plus vaste qui s\u2019appelle Hope.Cloud. \u00ab\u00a0Nous voulons donner de la puissance aux efforts d\u2019\u00e9vang\u00e9lisation de l\u2019\u00c9glise mondiale\u00a0\u00bb, a expliqu\u00e9 M.\u00a0Demyan.<\/span><\/p>\n<p><span style=\"font-weight: 400;\">Entre autres outils \u00e0 la disposition des cha\u00eenes du r\u00e9seau, il y a Jetstream, o\u00f9 les utilisateurs peuvent trouver d\u2019autres sources d\u2019images pour leurs projets missionnaires, et Mission Passport, pour suivre et mesurer l\u2019efficacit\u00e9 de chaque projet missionnaire. \u00ab\u00a0Hope.Cloud est une initiative qui continuera d\u2019ajouter des fonctions dans les ann\u00e9es \u00e0 venir afin de propulser notre r\u00e9seau mondial pour l\u2019\u00e9vang\u00e9lisation par les m\u00e9dias\u00a0\u00bb, a-t-il dit. Il a aussi rappel\u00e9 aux membres du comit\u00e9 ex\u00e9cutif que, o\u00f9 que nous soyons dans le monde, nous pouvons trouver quelqu\u2019un en qu\u00eate d\u2019espoir.<\/span><\/p>\n<p><div id=\"attachment_104514\" style=\"width: 893px\" class=\"wp-caption aligncenter\"><img decoding=\"async\" aria-describedby=\"caption-attachment-104514\" class=\" wp-image-104513\" src=\"https:\/\/interamerica.org\/wp-content\/uploads\/2023\/10\/hope-channel-ame-100125475-general-conference-annual-council-2023-992-mpr.jpeg\" alt=\"\" width=\"883\" height=\"589\" srcset=\"https:\/\/interamerica.org\/wp-content\/uploads\/2023\/10\/hope-channel-ame-100125475-general-conference-annual-council-2023-992-mpr.jpeg 1000w, https:\/\/interamerica.org\/wp-content\/uploads\/2023\/10\/hope-channel-ame-100125475-general-conference-annual-council-2023-992-mpr-300x200.jpeg 300w, https:\/\/interamerica.org\/wp-content\/uploads\/2023\/10\/hope-channel-ame-100125475-general-conference-annual-council-2023-992-mpr-768x512.jpeg 768w\" sizes=\"(max-width: 883px) 100vw, 883px\" \/><p id=\"caption-attachment-104514\" class=\"wp-caption-text\"><span style=\"font-weight: 400;\">Le 8 octobre, le personnel technique suivait le rapport du Hope Channel lors du Concile annuel de 2023 au si\u00e8ge de l\u2019\u00c9glise \u00e0 Silver Spring, au Maryland, aux \u00c9tats-Unis. [Une photo de Lucas Cardino \/ AME (CC BY 4.0)]<\/span><\/p><\/div><span style=\"font-weight: 400;\">\u00ab\u00a0Nous avons continu\u00e9 de faire cro\u00eetre notre r\u00e9seau mondial, ayant vu onze nouvelles cha\u00eenes appara\u00eetre sur le territoire de huit divisions, a dit M.\u00a0Morris. Cela nous aidera \u00e0 atteindre encore plus de gens dans leur langue maternelle et leur culture.\u00a0\u00bb<\/span><\/p>\n<p><span style=\"font-weight: 400;\">M. Morris a rapport\u00e9 que cinq nouvelles langues avaient \u00e9t\u00e9 ajout\u00e9es \u00e0 l\u2019appli du jeu vid\u00e9o Heroes, car les dirigeants tentent d\u2019augmenter la participation des jeunes et de les inviter \u00e0 \u00e9tudier la Parole de Dieu. Il a aussi dit que, dans la qu\u00eate incessante de trouver d\u2019autres mani\u00e8res cr\u00e9atives de partager l\u2019\u00c9vangile, le Hope Channel a lanc\u00e9 Hope Studios, \u00ab un nouveau d\u00e9partement qui sera ax\u00e9 sur la narration cin\u00e9matographique afin d\u2019atteindre de nouveaux auditoires et de leur pr\u00e9senter J\u00e9sus. \u00bb<\/span><\/p>\n<p><span style=\"font-weight: 400;\">L\u2019organisation a \u00e9galement contribu\u00e9 \u00e0 la construction d\u2019un nouveau studio \u00e0 Hapur, en Inde, qui peut maintenant atteindre 700\u00a0millions de personnes qui parlent hindi dans cette r\u00e9gion du monde. \u00ab\u00a0Dieu utilise vraiment le Hope Channel pour faire avancer sa mission partout dans le monde\u00a0\u00bb, a dit Derek Morris.<\/span><\/p>\n<p><span style=\"font-weight: 400;\">M. Demyan a pris quelques instants pour remercier ceux qui l\u2019ont pr\u00e9c\u00e9d\u00e9 ainsi que les autres organisations de l\u2019\u00c9glise qui collaborent aux nouvelles comme aux anciennes initiatives. \u00ab Merci pour l\u2019harmonie, le soutien mutuel et le respect, a-t-il dit. Nous sommes plus forts lorsque nous sommes ensemble. \u00bb<\/span><\/p>\n<p><div id=\"attachment_104517\" style=\"width: 884px\" class=\"wp-caption aligncenter\"><img loading=\"lazy\" decoding=\"async\" aria-describedby=\"caption-attachment-104517\" class=\" wp-image-104516\" src=\"https:\/\/interamerica.org\/wp-content\/uploads\/2023\/10\/hopechannel-ame-100125488-general-conference-annual-council-2023-1008-mpr.jpeg\" alt=\"\" width=\"874\" height=\"583\" srcset=\"https:\/\/interamerica.org\/wp-content\/uploads\/2023\/10\/hopechannel-ame-100125488-general-conference-annual-council-2023-1008-mpr.jpeg 1000w, https:\/\/interamerica.org\/wp-content\/uploads\/2023\/10\/hopechannel-ame-100125488-general-conference-annual-council-2023-1008-mpr-300x200.jpeg 300w, https:\/\/interamerica.org\/wp-content\/uploads\/2023\/10\/hopechannel-ame-100125488-general-conference-annual-council-2023-1008-mpr-768x512.jpeg 768w\" sizes=\"(max-width: 874px) 100vw, 874px\" \/><p id=\"caption-attachment-104517\" class=\"wp-caption-text\"><span style=\"font-weight: 400;\">\u00c0 la fin du rapport du Hope Channel au Concile annuel de 2023, Ted N. C. Wilson, pr\u00e9sident de la Conf\u00e9rence g\u00e9n\u00e9rale, a pri\u00e9 pour Derek Morris, pr\u00e9sident du Hope Channel sur le point de prendre sa retraite. [Une photo de Lucas Cardino \/ AME (CC BY 4.0)]<\/span><\/p><\/div><span style=\"font-weight: 400;\">\u00ab\u00a0\u00c0 l\u2019aube d\u2019un nouveau chapitre de notre mission, je veux partager une vision qui, selon moi, conduira Hope Channel International vers de nouveaux sommets\u00a0\u00bb, a dit M.\u00a0Demyan aux membres du comit\u00e9 ex\u00e9cutif.<\/span><\/p>\n<p><span style=\"font-weight: 400;\">Elle est fond\u00e9e sur trois principaux piliers, a-t-il ajout\u00e9, soit \u00ab\u00a0la compr\u00e9hension de notre message, la connaissance de notre auditoire et la reconnaissance de nos limites.\u00a0\u00bb<\/span><\/p>\n<p><span style=\"font-weight: 400;\">D\u2019abord, la marque du Hope Channel symbolise l\u2019espoir en Dieu et la puissance transformatrice de l\u2019\u00c9vangile. \u00ab\u00a0Nous augmenterons la force et \u00e9largirons notre impact en nous concentrant sur le message proph\u00e9tique unique d\u2019espoir que Dieu a confi\u00e9 \u00e0 l\u2019\u00c9glise adventiste, a soulign\u00e9 M.\u00a0Demyan. En cherchant les m\u00e9thodes et les concepts les plus efficaces dans ce monde de m\u00e9dias en constante transformation, nous demeurerons fid\u00e8les \u00e0 notre conviction que le Dieu souverain, et non notre public, doit \u00eatre le seul d\u00e9cideur de notre message.\u00a0\u00bb<\/span><\/p>\n<p><span style=\"font-weight: 400;\">Il a aussi expliqu\u00e9 que le public cible du Hope Channel sera cette partie de la population qui n\u2019a jamais entendu les messages des trois anges, tant ceux qui cherchent quelque chose de significatif et de profond dans leur vie que ceux qui n\u2019ont pas encore ressenti ce besoin. \u00ab\u00a0Ces gens sont issus de toutes les nations, de toutes les tribus et de toutes les langues\u00a0\u00bb, a-t-il dit.<\/span><\/p>\n<p><div id=\"attachment_104520\" style=\"width: 899px\" class=\"wp-caption aligncenter\"><img loading=\"lazy\" decoding=\"async\" aria-describedby=\"caption-attachment-104520\" class=\" wp-image-104519\" src=\"https:\/\/interamerica.org\/wp-content\/uploads\/2023\/10\/hopechannel-ame-100125476-general-conference-annual-council-2023-995-mpr.jpeg\" alt=\"\" width=\"889\" height=\"593\" srcset=\"https:\/\/interamerica.org\/wp-content\/uploads\/2023\/10\/hopechannel-ame-100125476-general-conference-annual-council-2023-995-mpr.jpeg 1000w, https:\/\/interamerica.org\/wp-content\/uploads\/2023\/10\/hopechannel-ame-100125476-general-conference-annual-council-2023-995-mpr-300x200.jpeg 300w, https:\/\/interamerica.org\/wp-content\/uploads\/2023\/10\/hopechannel-ame-100125476-general-conference-annual-council-2023-995-mpr-768x512.jpeg 768w\" sizes=\"(max-width: 889px) 100vw, 889px\" \/><p id=\"caption-attachment-104520\" class=\"wp-caption-text\"><span style=\"font-weight: 400;\">Une membre du comit\u00e9 ex\u00e9cutif de la Conf\u00e9rence g\u00e9n\u00e9rale enregistre une partie du rapport du Hope Channel le 8 octobre, lors du Concile annuel de 2023. [Une photo de Lucas Cardino \/ AME (CC BY 4.0)]<\/span><\/p><\/div><span style=\"font-weight: 400;\">Enfin, M.\u00a0Demyan a soulign\u00e9 le fait que, dans un monde o\u00f9 les m\u00e9dias semblent \u00e9voluer tous les jours, \u00ab\u00a0Le Hope Channel est pr\u00eat \u00e0 entrer dans la r\u00e9volution num\u00e9rique. Nous savons tr\u00e8s bien que nous ne sommes plus limit\u00e9s \u00e0 la diffusion t\u00e9l\u00e9vis\u00e9e. Le Hope Channel est sur la voie de devenir un moteur de l\u2019\u00e9vang\u00e9lisation num\u00e9rique de l\u2019\u00c9glise adventiste.\u00a0\u00bb<\/span><\/p>\n<p><span style=\"font-weight: 400;\">Puis il a ajout\u00e9 que le Hope Channel aura recours \u00e0 toutes les formes de m\u00e9dias existantes \u00ab\u00a0pour devenir un minist\u00e8re de m\u00e9dias complet et novateur qui va \u00e0 la rencontre des gens l\u00e0 o\u00f9 ils se trouvent en cette \u00e8re num\u00e9rique.\u00a0\u00bb<\/span><\/p>\n<p><span style=\"font-weight: 400;\">Au m\u00eame moment, il a fait remarquer que, \u00ab\u00a0alors que nous tentons d\u2019\u00eatre \u00e0 la fine pointe de l\u2019innovation, de la mission et des m\u00e9dias, nous reconnaissons \u00e9galement nos limites. Nous savons que notre force, ce n\u2019est pas l\u2019avancement technologique, mais notre d\u00e9pendance au Saint-Esprit.\u00a0\u00bb \u00c0 cet \u00e9gard, \u00ab\u00a0Nous cherchons humblement \u00e0 forger une synergie plus \u00e9troite avec nos \u00e9tablissements et d\u00e9partements, a-t-il enfin dit. Dans cet esprit d\u2019unit\u00e9 et de pri\u00e8re, nous voulons nous consacrer \u00e0 la mission de Dieu d\u2019atteindre ceux qui n\u2019ont pas encore entendu les messages des trois anges, sachant que le meilleur est \u00e0 venir.\u00a0\u00bb<\/span><\/p>\n<p>Traduction : Marie-Mich\u00e8le Robitaille<\/p>\n","protected":false},"excerpt":{"rendered":"<p>Selon le pr\u00e9sident \u00e9lu, le r\u00e9seau de t\u00e9l\u00e9vision adventiste est pr\u00eat \u00e0 entrer dans la r\u00e9volution num\u00e9rique. Le 10 octobre 2023 | Silver Spring, Maryland, \u00c9tats-Unis | Marcos Paseggi, Adventist&#8230;<\/p>\n","protected":false},"author":3,"featured_media":104505,"comment_status":"closed","ping_status":"closed","sticky":false,"template":"","format":"standard","meta":{"_acf_changed":false,"footnotes":""},"categories":[18,19],"tags":[],"class_list":["post-104761","post","type-post","status-publish","format-standard","has-post-thumbnail","hentry","category-nouvelles-de-leglise-mondiale","category-rss-francais"],"acf":[],"yoast_head":"<!-- This site is optimized with the Yoast SEO plugin v27.3 - https:\/\/yoast.com\/product\/yoast-seo-wordpress\/ -->\n<title>Hope Channel c\u00e9l\u00e8bre 20 ans de croissance de sa port\u00e9e missionnaire - \u00c9glise Adventiste Du Septieme Jour - Inter Am\u00e9rique Division<\/title>\n<meta name=\"robots\" content=\"index, follow, max-snippet:-1, max-image-preview:large, max-video-preview:-1\" \/>\n<link rel=\"canonical\" href=\"https:\/\/interamerica.org\/fr\/2023\/10\/hope-channel-celebre-20-ans-de-croissance-de-sa-portee-missionnaire\/\" \/>\n<meta property=\"og:locale\" content=\"fr_FR\" \/>\n<meta property=\"og:type\" content=\"article\" \/>\n<meta property=\"og:title\" content=\"Hope Channel c\u00e9l\u00e8bre 20 ans de croissance de sa port\u00e9e missionnaire - \u00c9glise Adventiste Du Septieme Jour - Inter Am\u00e9rique Division\" \/>\n<meta property=\"og:description\" content=\"Selon le pr\u00e9sident \u00e9lu, le r\u00e9seau de t\u00e9l\u00e9vision adventiste est pr\u00eat \u00e0 entrer dans la r\u00e9volution num\u00e9rique. Le 10 octobre 2023 | Silver Spring, Maryland, \u00c9tats-Unis | Marcos Paseggi, Adventist...\" \/>\n<meta property=\"og:url\" content=\"https:\/\/interamerica.org\/fr\/2023\/10\/hope-channel-celebre-20-ans-de-croissance-de-sa-portee-missionnaire\/\" \/>\n<meta property=\"og:site_name\" content=\"\u00c9glise Adventiste Du Septieme Jour - Inter Am\u00e9rique Division\" \/>\n<meta property=\"article:published_time\" content=\"2023-10-10T18:02:22+00:00\" \/>\n<meta property=\"article:modified_time\" content=\"2023-10-13T15:22:17+00:00\" \/>\n<meta property=\"og:image\" content=\"https:\/\/interamerica.org\/wp-content\/uploads\/2023\/10\/hopechannel-ac2023.png\" \/>\n\t<meta property=\"og:image:width\" content=\"1500\" \/>\n\t<meta property=\"og:image:height\" content=\"750\" \/>\n\t<meta property=\"og:image:type\" content=\"image\/png\" \/>\n<meta name=\"author\" content=\"libna\" \/>\n<meta name=\"twitter:card\" content=\"summary_large_image\" \/>\n<meta name=\"twitter:label1\" content=\"\u00c9crit par\" \/>\n\t<meta name=\"twitter:data1\" content=\"libna\" \/>\n\t<meta name=\"twitter:label2\" content=\"Dur\u00e9e de lecture estim\u00e9e\" \/>\n\t<meta name=\"twitter:data2\" content=\"8 minutes\" \/>\n<script type=\"application\/ld+json\" class=\"yoast-schema-graph\">{\"@context\":\"https:\\\/\\\/schema.org\",\"@graph\":[{\"@type\":\"Article\",\"@id\":\"https:\\\/\\\/interamerica.org\\\/fr\\\/2023\\\/10\\\/hope-channel-celebre-20-ans-de-croissance-de-sa-portee-missionnaire\\\/#article\",\"isPartOf\":{\"@id\":\"https:\\\/\\\/interamerica.org\\\/fr\\\/2023\\\/10\\\/hope-channel-celebre-20-ans-de-croissance-de-sa-portee-missionnaire\\\/\"},\"author\":{\"name\":\"libna\",\"@id\":\"https:\\\/\\\/interamerica.org\\\/fr\\\/#\\\/schema\\\/person\\\/29998f2bc2d8bd0d38662909289b54f1\"},\"headline\":\"Hope Channel c\u00e9l\u00e8bre 20 ans de croissance de sa port\u00e9e missionnaire\",\"datePublished\":\"2023-10-10T18:02:22+00:00\",\"dateModified\":\"2023-10-13T15:22:17+00:00\",\"mainEntityOfPage\":{\"@id\":\"https:\\\/\\\/interamerica.org\\\/fr\\\/2023\\\/10\\\/hope-channel-celebre-20-ans-de-croissance-de-sa-portee-missionnaire\\\/\"},\"wordCount\":1639,\"image\":{\"@id\":\"https:\\\/\\\/interamerica.org\\\/fr\\\/2023\\\/10\\\/hope-channel-celebre-20-ans-de-croissance-de-sa-portee-missionnaire\\\/#primaryimage\"},\"thumbnailUrl\":\"https:\\\/\\\/interamerica.org\\\/wp-content\\\/uploads\\\/2023\\\/10\\\/hopechannel-ac2023.png\",\"articleSection\":[\"Nouvelles de l'\u00c9glise mondiale\",\"RSS Fran\u00e7ais\"],\"inLanguage\":\"fr-FR\"},{\"@type\":\"WebPage\",\"@id\":\"https:\\\/\\\/interamerica.org\\\/fr\\\/2023\\\/10\\\/hope-channel-celebre-20-ans-de-croissance-de-sa-portee-missionnaire\\\/\",\"url\":\"https:\\\/\\\/interamerica.org\\\/fr\\\/2023\\\/10\\\/hope-channel-celebre-20-ans-de-croissance-de-sa-portee-missionnaire\\\/\",\"name\":\"Hope Channel c\u00e9l\u00e8bre 20 ans de croissance de sa port\u00e9e missionnaire - \u00c9glise Adventiste Du Septieme Jour - Inter Am\u00e9rique Division\",\"isPartOf\":{\"@id\":\"https:\\\/\\\/interamerica.org\\\/fr\\\/#website\"},\"primaryImageOfPage\":{\"@id\":\"https:\\\/\\\/interamerica.org\\\/fr\\\/2023\\\/10\\\/hope-channel-celebre-20-ans-de-croissance-de-sa-portee-missionnaire\\\/#primaryimage\"},\"image\":{\"@id\":\"https:\\\/\\\/interamerica.org\\\/fr\\\/2023\\\/10\\\/hope-channel-celebre-20-ans-de-croissance-de-sa-portee-missionnaire\\\/#primaryimage\"},\"thumbnailUrl\":\"https:\\\/\\\/interamerica.org\\\/wp-content\\\/uploads\\\/2023\\\/10\\\/hopechannel-ac2023.png\",\"datePublished\":\"2023-10-10T18:02:22+00:00\",\"dateModified\":\"2023-10-13T15:22:17+00:00\",\"author\":{\"@id\":\"https:\\\/\\\/interamerica.org\\\/fr\\\/#\\\/schema\\\/person\\\/29998f2bc2d8bd0d38662909289b54f1\"},\"breadcrumb\":{\"@id\":\"https:\\\/\\\/interamerica.org\\\/fr\\\/2023\\\/10\\\/hope-channel-celebre-20-ans-de-croissance-de-sa-portee-missionnaire\\\/#breadcrumb\"},\"inLanguage\":\"fr-FR\",\"potentialAction\":[{\"@type\":\"ReadAction\",\"target\":[\"https:\\\/\\\/interamerica.org\\\/fr\\\/2023\\\/10\\\/hope-channel-celebre-20-ans-de-croissance-de-sa-portee-missionnaire\\\/\"]}]},{\"@type\":\"ImageObject\",\"inLanguage\":\"fr-FR\",\"@id\":\"https:\\\/\\\/interamerica.org\\\/fr\\\/2023\\\/10\\\/hope-channel-celebre-20-ans-de-croissance-de-sa-portee-missionnaire\\\/#primaryimage\",\"url\":\"https:\\\/\\\/interamerica.org\\\/wp-content\\\/uploads\\\/2023\\\/10\\\/hopechannel-ac2023.png\",\"contentUrl\":\"https:\\\/\\\/interamerica.org\\\/wp-content\\\/uploads\\\/2023\\\/10\\\/hopechannel-ac2023.png\",\"width\":1500,\"height\":750,\"caption\":\"Hope Channel president-elect Vyacheslav Demyan (left) presents the organization\u2019s report as vice president for finance Gideon Mutero (center) and retiring president Derek Morris look on. [Photo: Lucas Cardino \\\/ AME (CC BY 4.0)]\"},{\"@type\":\"BreadcrumbList\",\"@id\":\"https:\\\/\\\/interamerica.org\\\/fr\\\/2023\\\/10\\\/hope-channel-celebre-20-ans-de-croissance-de-sa-portee-missionnaire\\\/#breadcrumb\",\"itemListElement\":[{\"@type\":\"ListItem\",\"position\":1,\"name\":\"Home\",\"item\":\"https:\\\/\\\/interamerica.org\\\/fr\\\/\"},{\"@type\":\"ListItem\",\"position\":2,\"name\":\"Hope Channel c\u00e9l\u00e8bre 20 ans de croissance de sa port\u00e9e missionnaire\"}]},{\"@type\":\"WebSite\",\"@id\":\"https:\\\/\\\/interamerica.org\\\/fr\\\/#website\",\"url\":\"https:\\\/\\\/interamerica.org\\\/fr\\\/\",\"name\":\"\u00c9glise Adventiste Du Septieme Jour - Inter Am\u00e9rique Division\",\"description\":\"\",\"potentialAction\":[{\"@type\":\"SearchAction\",\"target\":{\"@type\":\"EntryPoint\",\"urlTemplate\":\"https:\\\/\\\/interamerica.org\\\/fr\\\/?s={search_term_string}\"},\"query-input\":{\"@type\":\"PropertyValueSpecification\",\"valueRequired\":true,\"valueName\":\"search_term_string\"}}],\"inLanguage\":\"fr-FR\"},{\"@type\":\"Person\",\"@id\":\"https:\\\/\\\/interamerica.org\\\/fr\\\/#\\\/schema\\\/person\\\/29998f2bc2d8bd0d38662909289b54f1\",\"name\":\"libna\",\"image\":{\"@type\":\"ImageObject\",\"inLanguage\":\"fr-FR\",\"@id\":\"https:\\\/\\\/secure.gravatar.com\\\/avatar\\\/7c5bd30ae4b47a9ba3c856590957fd1d96dc588bf3ac05719d247e126840331f?s=96&d=mm&r=g\",\"url\":\"https:\\\/\\\/secure.gravatar.com\\\/avatar\\\/7c5bd30ae4b47a9ba3c856590957fd1d96dc588bf3ac05719d247e126840331f?s=96&d=mm&r=g\",\"contentUrl\":\"https:\\\/\\\/secure.gravatar.com\\\/avatar\\\/7c5bd30ae4b47a9ba3c856590957fd1d96dc588bf3ac05719d247e126840331f?s=96&d=mm&r=g\",\"caption\":\"libna\"}}]}<\/script>\n<!-- \/ Yoast SEO plugin. -->","yoast_head_json":{"title":"Hope Channel c\u00e9l\u00e8bre 20 ans de croissance de sa port\u00e9e missionnaire - \u00c9glise Adventiste Du Septieme Jour - Inter Am\u00e9rique Division","robots":{"index":"index","follow":"follow","max-snippet":"max-snippet:-1","max-image-preview":"max-image-preview:large","max-video-preview":"max-video-preview:-1"},"canonical":"https:\/\/interamerica.org\/fr\/2023\/10\/hope-channel-celebre-20-ans-de-croissance-de-sa-portee-missionnaire\/","og_locale":"fr_FR","og_type":"article","og_title":"Hope Channel c\u00e9l\u00e8bre 20 ans de croissance de sa port\u00e9e missionnaire - \u00c9glise Adventiste Du Septieme Jour - Inter Am\u00e9rique Division","og_description":"Selon le pr\u00e9sident \u00e9lu, le r\u00e9seau de t\u00e9l\u00e9vision adventiste est pr\u00eat \u00e0 entrer dans la r\u00e9volution num\u00e9rique. Le 10 octobre 2023 | Silver Spring, Maryland, \u00c9tats-Unis | Marcos Paseggi, Adventist...","og_url":"https:\/\/interamerica.org\/fr\/2023\/10\/hope-channel-celebre-20-ans-de-croissance-de-sa-portee-missionnaire\/","og_site_name":"\u00c9glise Adventiste Du Septieme Jour - Inter Am\u00e9rique Division","article_published_time":"2023-10-10T18:02:22+00:00","article_modified_time":"2023-10-13T15:22:17+00:00","og_image":[{"width":1500,"height":750,"url":"https:\/\/interamerica.org\/wp-content\/uploads\/2023\/10\/hopechannel-ac2023.png","type":"image\/png"}],"author":"libna","twitter_card":"summary_large_image","twitter_misc":{"\u00c9crit par":"libna","Dur\u00e9e de lecture estim\u00e9e":"8 minutes"},"schema":{"@context":"https:\/\/schema.org","@graph":[{"@type":"Article","@id":"https:\/\/interamerica.org\/fr\/2023\/10\/hope-channel-celebre-20-ans-de-croissance-de-sa-portee-missionnaire\/#article","isPartOf":{"@id":"https:\/\/interamerica.org\/fr\/2023\/10\/hope-channel-celebre-20-ans-de-croissance-de-sa-portee-missionnaire\/"},"author":{"name":"libna","@id":"https:\/\/interamerica.org\/fr\/#\/schema\/person\/29998f2bc2d8bd0d38662909289b54f1"},"headline":"Hope Channel c\u00e9l\u00e8bre 20 ans de croissance de sa port\u00e9e missionnaire","datePublished":"2023-10-10T18:02:22+00:00","dateModified":"2023-10-13T15:22:17+00:00","mainEntityOfPage":{"@id":"https:\/\/interamerica.org\/fr\/2023\/10\/hope-channel-celebre-20-ans-de-croissance-de-sa-portee-missionnaire\/"},"wordCount":1639,"image":{"@id":"https:\/\/interamerica.org\/fr\/2023\/10\/hope-channel-celebre-20-ans-de-croissance-de-sa-portee-missionnaire\/#primaryimage"},"thumbnailUrl":"https:\/\/interamerica.org\/wp-content\/uploads\/2023\/10\/hopechannel-ac2023.png","articleSection":["Nouvelles de l'\u00c9glise mondiale","RSS Fran\u00e7ais"],"inLanguage":"fr-FR"},{"@type":"WebPage","@id":"https:\/\/interamerica.org\/fr\/2023\/10\/hope-channel-celebre-20-ans-de-croissance-de-sa-portee-missionnaire\/","url":"https:\/\/interamerica.org\/fr\/2023\/10\/hope-channel-celebre-20-ans-de-croissance-de-sa-portee-missionnaire\/","name":"Hope Channel c\u00e9l\u00e8bre 20 ans de croissance de sa port\u00e9e missionnaire - \u00c9glise Adventiste Du Septieme Jour - Inter Am\u00e9rique Division","isPartOf":{"@id":"https:\/\/interamerica.org\/fr\/#website"},"primaryImageOfPage":{"@id":"https:\/\/interamerica.org\/fr\/2023\/10\/hope-channel-celebre-20-ans-de-croissance-de-sa-portee-missionnaire\/#primaryimage"},"image":{"@id":"https:\/\/interamerica.org\/fr\/2023\/10\/hope-channel-celebre-20-ans-de-croissance-de-sa-portee-missionnaire\/#primaryimage"},"thumbnailUrl":"https:\/\/interamerica.org\/wp-content\/uploads\/2023\/10\/hopechannel-ac2023.png","datePublished":"2023-10-10T18:02:22+00:00","dateModified":"2023-10-13T15:22:17+00:00","author":{"@id":"https:\/\/interamerica.org\/fr\/#\/schema\/person\/29998f2bc2d8bd0d38662909289b54f1"},"breadcrumb":{"@id":"https:\/\/interamerica.org\/fr\/2023\/10\/hope-channel-celebre-20-ans-de-croissance-de-sa-portee-missionnaire\/#breadcrumb"},"inLanguage":"fr-FR","potentialAction":[{"@type":"ReadAction","target":["https:\/\/interamerica.org\/fr\/2023\/10\/hope-channel-celebre-20-ans-de-croissance-de-sa-portee-missionnaire\/"]}]},{"@type":"ImageObject","inLanguage":"fr-FR","@id":"https:\/\/interamerica.org\/fr\/2023\/10\/hope-channel-celebre-20-ans-de-croissance-de-sa-portee-missionnaire\/#primaryimage","url":"https:\/\/interamerica.org\/wp-content\/uploads\/2023\/10\/hopechannel-ac2023.png","contentUrl":"https:\/\/interamerica.org\/wp-content\/uploads\/2023\/10\/hopechannel-ac2023.png","width":1500,"height":750,"caption":"Hope Channel president-elect Vyacheslav Demyan (left) presents the organization\u2019s report as vice president for finance Gideon Mutero (center) and retiring president Derek Morris look on. [Photo: Lucas Cardino \/ AME (CC BY 4.0)]"},{"@type":"BreadcrumbList","@id":"https:\/\/interamerica.org\/fr\/2023\/10\/hope-channel-celebre-20-ans-de-croissance-de-sa-portee-missionnaire\/#breadcrumb","itemListElement":[{"@type":"ListItem","position":1,"name":"Home","item":"https:\/\/interamerica.org\/fr\/"},{"@type":"ListItem","position":2,"name":"Hope Channel c\u00e9l\u00e8bre 20 ans de croissance de sa port\u00e9e missionnaire"}]},{"@type":"WebSite","@id":"https:\/\/interamerica.org\/fr\/#website","url":"https:\/\/interamerica.org\/fr\/","name":"\u00c9glise Adventiste Du Septieme Jour - Inter Am\u00e9rique Division","description":"","potentialAction":[{"@type":"SearchAction","target":{"@type":"EntryPoint","urlTemplate":"https:\/\/interamerica.org\/fr\/?s={search_term_string}"},"query-input":{"@type":"PropertyValueSpecification","valueRequired":true,"valueName":"search_term_string"}}],"inLanguage":"fr-FR"},{"@type":"Person","@id":"https:\/\/interamerica.org\/fr\/#\/schema\/person\/29998f2bc2d8bd0d38662909289b54f1","name":"libna","image":{"@type":"ImageObject","inLanguage":"fr-FR","@id":"https:\/\/secure.gravatar.com\/avatar\/7c5bd30ae4b47a9ba3c856590957fd1d96dc588bf3ac05719d247e126840331f?s=96&d=mm&r=g","url":"https:\/\/secure.gravatar.com\/avatar\/7c5bd30ae4b47a9ba3c856590957fd1d96dc588bf3ac05719d247e126840331f?s=96&d=mm&r=g","contentUrl":"https:\/\/secure.gravatar.com\/avatar\/7c5bd30ae4b47a9ba3c856590957fd1d96dc588bf3ac05719d247e126840331f?s=96&d=mm&r=g","caption":"libna"}}]}},"_links":{"self":[{"href":"https:\/\/interamerica.org\/fr\/wp-json\/wp\/v2\/posts\/104761","targetHints":{"allow":["GET"]}}],"collection":[{"href":"https:\/\/interamerica.org\/fr\/wp-json\/wp\/v2\/posts"}],"about":[{"href":"https:\/\/interamerica.org\/fr\/wp-json\/wp\/v2\/types\/post"}],"author":[{"embeddable":true,"href":"https:\/\/interamerica.org\/fr\/wp-json\/wp\/v2\/users\/3"}],"replies":[{"embeddable":true,"href":"https:\/\/interamerica.org\/fr\/wp-json\/wp\/v2\/comments?post=104761"}],"version-history":[{"count":0,"href":"https:\/\/interamerica.org\/fr\/wp-json\/wp\/v2\/posts\/104761\/revisions"}],"wp:featuredmedia":[{"embeddable":true,"href":"https:\/\/interamerica.org\/fr\/wp-json\/wp\/v2\/media\/104505"}],"wp:attachment":[{"href":"https:\/\/interamerica.org\/fr\/wp-json\/wp\/v2\/media?parent=104761"}],"wp:term":[{"taxonomy":"category","embeddable":true,"href":"https:\/\/interamerica.org\/fr\/wp-json\/wp\/v2\/categories?post=104761"},{"taxonomy":"post_tag","embeddable":true,"href":"https:\/\/interamerica.org\/fr\/wp-json\/wp\/v2\/tags?post=104761"}],"curies":[{"name":"wp","href":"https:\/\/api.w.org\/{rel}","templated":true}]}}