{"id":104960,"date":"2023-10-16T14:49:11","date_gmt":"2023-10-16T18:49:11","guid":{"rendered":"https:\/\/interamerica.org\/?p=104960"},"modified":"2023-10-20T10:19:07","modified_gmt":"2023-10-20T14:19:07","slug":"adra-europe-augmentera-son-assistance-a-lukraine","status":"publish","type":"post","link":"https:\/\/interamerica.org\/fr\/2023\/10\/adra-europe-augmentera-son-assistance-a-lukraine\/","title":{"rendered":"ADRA Europe augmentera son assistance \u00e0 l\u2019Ukraine"},"content":{"rendered":"<h4><b>Lors d\u2019une rencontre \u00e0 Oslo, on a abord\u00e9 le besoin d\u2019aide humanitaire et de d\u00e9veloppement.<\/b><\/h4>\n<h4><span style=\"font-weight: 400;\">Le 16 octobre 2023 | Oslo, Norv\u00e8ge | Tor Tjeransen, Union des f\u00e9d\u00e9rations norv\u00e9giennes et <\/span><i><span style=\"font-weight: 400;\">Adventist Review<\/span><\/i><\/h4>\n<p><span style=\"font-weight: 400;\">Le r\u00e9seau de l\u2019Agence de d\u00e9veloppement et de secours adventiste (ADRA) se pr\u00e9pare \u00e0 assumer un r\u00f4le encore plus important dans son offre d\u2019aide humanitaire \u00e0 l\u2019Ukraine. Ce fait est devenu clair apr\u00e8s une rencontre de haut niveau qui a eu lieu \u00e0 Oslo, en Norv\u00e8ge, le 26\u00a0septembre dernier, rencontre visant \u00e0 discuter de la coordination de l\u2019intervention humanitaire dans le contexte de la crise en Ukraine.<\/span><\/p>\n<p><span style=\"font-weight: 400;\">En effet, ADRA Ukraine m\u00e8ne une op\u00e9ration importante, particuli\u00e8rement dans l\u2019est de l\u2019Ukraine, pour aider les victimes de la guerre actuelle. Mais Thomas Petracek, chef des programmes et des interventions d\u2019urgence chez ADRA Europe, s\u2019attend \u00e0 ce que cette op\u00e9ration s\u2019acc\u00e9l\u00e8re consid\u00e9rablement au cours des prochains mois.<\/span><\/p>\n<p><div id=\"attachment_104841\" style=\"width: 854px\" class=\"wp-caption aligncenter\"><img fetchpriority=\"high\" decoding=\"async\" aria-describedby=\"caption-attachment-104841\" class=\" wp-image-104840\" src=\"https:\/\/interamerica.org\/wp-content\/uploads\/2023\/10\/adra-ukraine-100124148scr-8fde9b874df112f-1024x683.jpeg\" alt=\"\" width=\"844\" height=\"563\" srcset=\"https:\/\/interamerica.org\/wp-content\/uploads\/2023\/10\/adra-ukraine-100124148scr-8fde9b874df112f-1024x683.jpeg 1024w, https:\/\/interamerica.org\/wp-content\/uploads\/2023\/10\/adra-ukraine-100124148scr-8fde9b874df112f-300x200.jpeg 300w, https:\/\/interamerica.org\/wp-content\/uploads\/2023\/10\/adra-ukraine-100124148scr-8fde9b874df112f-768x512.jpeg 768w, https:\/\/interamerica.org\/wp-content\/uploads\/2023\/10\/adra-ukraine-100124148scr-8fde9b874df112f.jpeg 1200w\" sizes=\"(max-width: 844px) 100vw, 844px\" \/><p id=\"caption-attachment-104841\" class=\"wp-caption-text\"><span style=\"font-weight: 400;\">Thomas Petracek (\u00e0 gauche) en discussion avec Elidon Nardhi, directeur des programmes d\u2019ADRA Norv\u00e8ge, \u00e0 l\u2019H\u00f4tel de ville d\u2019Oslo le 26 septembre. [Une photo de Tor Tjeransen\/Adventist Media Exchange (CC BY 4.0)]<\/span><\/p><\/div><span style=\"font-weight: 400;\">Voil\u00e0 un \u00e9l\u00e9ment cl\u00e9 \u00e0 retenir pour ADRA apr\u00e8s que M.\u00a0Petracek a assist\u00e9 \u00e0 la troisi\u00e8me r\u00e9union humanitaire des hauts fonctionnaires sur l\u2019Ukraine le 26\u00a0septembre dernier \u00e0 l\u2019h\u00f4tel de ville d\u2019Oslo. La rencontre \u00e9tait organis\u00e9e par le d\u00e9partement de la Protection civile et des op\u00e9rations d\u2019aide humanitaire de la Commission europ\u00e9enne (ECHO) et accueillie par le minist\u00e8re norv\u00e9gien des Affaires \u00e9trang\u00e8res.<\/span><\/p>\n<p><b>Les besoins humanitaires en Ukraine<\/b><\/p>\n<p><span style=\"font-weight: 400;\">La rencontre a eu lieu un an jour pour jour apr\u00e8s la premi\u00e8re d\u2019une s\u00e9rie de rencontres, qui avait eu lieu \u00e0 Bruxelles, en Belgique. \u00c0 l\u2019\u00e9poque, cette rencontre avait r\u00e9uni des repr\u00e9sentants du gouvernement ukrainien, des \u00c9tats membres de l\u2019UE, de donateurs cl\u00e9s, d\u2019organisations de l\u2019ONU, du comit\u00e9 international de la Croix rouge, de la Banque mondiale et d\u2019organisations humanitaires financ\u00e9es par l\u2019UE. L\u2019objectif \u00e9tait d\u2019assurer une intervention durable, efficace et exhaustive pour r\u00e9pondre aux besoins humanitaires de l\u2019Ukraine, tant sur le plan de l\u2019aide humanitaire que de l\u2019aide d\u00e9veloppementale. Cette r\u00e9union \u00e0 Oslo a occasionn\u00e9 une participation encore plus vaste que la premi\u00e8re.<\/span><\/p>\n<p><span style=\"font-weight: 400;\">Dans son discours d\u2019ouverture, Janez Lenar\u010di\u010din, commissaire europ\u00e9en pour la gestion de crise, a soulign\u00e9 l\u2019importance de \u00ab\u00a0soutenir le financement humanitaire, le partenariat avec les acteurs locaux, le d\u00e9minage humanitaire et l\u2019\u00e9quilibre entre l\u2019aide humanitaire et la reconstruction\u00a0\u00bb, est-il \u00e9crit sur le site internet de l\u2019ECHO dans un article de nouvelles publi\u00e9 en date de la rencontre.\u00a0\u00a0<\/span><\/p>\n<p><span style=\"font-weight: 400;\">\u00ab\u00a0\u00c9tant parmi les principaux donateurs \u00e0 l\u2019Ukraine, l\u2019UE a invit\u00e9 les principaux intervenants \u00e0 discuter des besoins les plus urgents du peuple ukrainien\u00a0\u00bb, a dit M.\u00a0Lenar\u010di\u010din.<\/span><\/p>\n<p><div id=\"attachment_104844\" style=\"width: 570px\" class=\"wp-caption aligncenter\"><img decoding=\"async\" aria-describedby=\"caption-attachment-104844\" class=\" wp-image-104843\" src=\"https:\/\/interamerica.org\/wp-content\/uploads\/2023\/10\/adra-ukraine-yuri-zarkoadra-768x1024.jpeg\" alt=\"\" width=\"560\" height=\"747\" srcset=\"https:\/\/interamerica.org\/wp-content\/uploads\/2023\/10\/adra-ukraine-yuri-zarkoadra-768x1024.jpeg 768w, https:\/\/interamerica.org\/wp-content\/uploads\/2023\/10\/adra-ukraine-yuri-zarkoadra-225x300.jpeg 225w, https:\/\/interamerica.org\/wp-content\/uploads\/2023\/10\/adra-ukraine-yuri-zarkoadra.jpeg 960w\" sizes=\"(max-width: 560px) 100vw, 560px\" \/><p id=\"caption-attachment-104844\" class=\"wp-caption-text\"><span style=\"font-weight: 400;\">Yuri Zarko (\u00e0 droite), maire de Bilopillya, en Ukraine, a pr\u00e9sent\u00e9 \u00e0 ADRA un certificat de la municipalit\u00e9 en reconnaissance du travail humanitaire de l\u2019agence. [Une photo d\u2019ADRA Ukraine\/Adventist Media Exchange (CC BY 4.0)]<\/span><\/p><\/div><span style=\"font-weight: 400;\">Avant de quitter cette r\u00e9union de haut niveau \u00e0 Oslo, le repr\u00e9sentant d\u2019ADRA Europe a expliqu\u00e9 le lien qu\u2019entretient ADRA Europe avec l\u2019Union europ\u00e9enne, avec les \u00c9tats membres et avec l\u2019ONU, puis il a r\u00e9it\u00e9r\u00e9 son partenariat avec eux pour implanter une aide humanitaire ainsi qu\u2019une aide d\u00e9veloppementale en Ukraine.<\/span><\/p>\n<p><b>Les op\u00e9rations en Ukraine<\/b><\/p>\n<p><span style=\"font-weight: 400;\">ADRA a d\u00e9j\u00e0 investi 18\u00a0millions de dollars am\u00e9ricains dans ses op\u00e9rations en Ukraine gr\u00e2ce, notamment, \u00e0 diverses agences gouvernementales. Lors de la r\u00e9union \u00e0 Oslo, il est devenu \u00e9vident que la communaut\u00e9 internationale augmenterait son financement pour assister l\u2019Ukraine. ADRA jouera un r\u00f4le important dans ce travail et pr\u00e9sentera des demandes de financement pour des projets d\u2019aide qu\u2019ADRA Ukraine est particuli\u00e8rement bien positionn\u00e9e pour implanter, ont dit les dirigeants de l\u2019organisation.\u00a0<\/span><\/p>\n<p><span style=\"font-weight: 400;\">\u00ab\u00a0L\u2019intervention d\u2019ADRA sera probablement ax\u00e9e sur trois ou quatre \u00e9l\u00e9ments pr\u00e8s de la ligne de front, se concentrant principalement sur la sant\u00e9 et l\u2019\u00e9ducation, mais elle commencera aussi \u00e0 travailler sur le r\u00e9tablissement\u00a0\u00bb, a dit M.\u00a0Petracek apr\u00e8s la rencontre.<\/span><\/p>\n<p><span style=\"font-weight: 400;\">Il a remarqu\u00e9 une tendance dans le secteur de l\u2019aide humanitaire\u00a0: les organisations non gouvernementales (ONG) locales jouent un r\u00f4le de plus en plus important dans l\u2019implantation de l\u2019aide. \u00c9tant une ONG nationale, ADRA Ukraine est donc bien positionn\u00e9e pour remplir cette fonction. Elle compte actuellement quelque 300\u00a0employ\u00e9s et des centaines de b\u00e9n\u00e9voles dans tout le pays.\u00a0<\/span><\/p>\n<p><span style=\"font-weight: 400;\">Les bureaux de recueillement de dons d\u2019ADRA Europe, comme ADRA R\u00e9publique tch\u00e8que, ADRA Danemark, ADRA Allemagne et ADRA Slovaquie sont actuellement en discussion avec leur gouvernement et recevront probablement du financement pour leurs projets d\u2019aide \u00e0 l\u2019Ukraine.<\/span><\/p>\n<p><span style=\"font-weight: 400;\">Pour recevoir du financement de l\u2019UE par la Protection civile et des op\u00e9rations d\u2019aide humanitaire de la Commission europ\u00e9enne (ECHO), les bureaux d\u2019ADRA doivent \u00eatre certifi\u00e9s. ADRA R\u00e9publique tch\u00e8que, ADRA Danemark et ADRA Allemagne le sont d\u00e9j\u00e0, et ADRA Norv\u00e8ge est en processus d\u2019obtenir sa certification.<\/span><\/p>\n<p><span style=\"font-weight: 400;\">La <\/span><a href=\"https:\/\/www.adventist.no\/nyheter\/adra-europa-trapper-opp-bistanden-til-ukraina\/\"><span style=\"font-weight: 400;\">version originale<\/span><\/a><span style=\"font-weight: 400;\"> de cet article a \u00e9t\u00e9 publi\u00e9e par l\u2019<\/span><a href=\"https:\/\/www.adventist.no\/\"><span style=\"font-weight: 400;\">Union des f\u00e9d\u00e9rations norv\u00e9giennes<\/span><\/a><span style=\"font-weight: 400;\">.<\/span><\/p>\n<p><span style=\"font-weight: 400;\">Traduction\u00a0: Marie-Mich\u00e8le Robitaille<\/span><\/p>\n","protected":false},"excerpt":{"rendered":"<p>Lors d\u2019une rencontre \u00e0 Oslo, on a abord\u00e9 le besoin d\u2019aide humanitaire et de d\u00e9veloppement. Le 16 octobre 2023 | Oslo, Norv\u00e8ge | Tor Tjeransen, Union des f\u00e9d\u00e9rations norv\u00e9giennes et&#8230;<\/p>\n","protected":false},"author":3,"featured_media":104841,"comment_status":"closed","ping_status":"closed","sticky":false,"template":"","format":"standard","meta":{"_acf_changed":false,"footnotes":""},"categories":[18,19],"tags":[],"class_list":["post-104960","post","type-post","status-publish","format-standard","has-post-thumbnail","hentry","category-nouvelles-de-leglise-mondiale","category-rss-francais"],"acf":[],"yoast_head":"<!-- This site is optimized with the Yoast SEO plugin v27.3 - https:\/\/yoast.com\/product\/yoast-seo-wordpress\/ -->\n<title>ADRA Europe augmentera son assistance \u00e0 l\u2019Ukraine - \u00c9glise Adventiste Du Septieme Jour - Inter Am\u00e9rique Division<\/title>\n<meta name=\"robots\" content=\"index, follow, max-snippet:-1, max-image-preview:large, max-video-preview:-1\" \/>\n<link rel=\"canonical\" href=\"https:\/\/interamerica.org\/fr\/2023\/10\/adra-europe-augmentera-son-assistance-a-lukraine\/\" \/>\n<meta property=\"og:locale\" content=\"fr_FR\" \/>\n<meta property=\"og:type\" content=\"article\" \/>\n<meta property=\"og:title\" content=\"ADRA Europe augmentera son assistance \u00e0 l\u2019Ukraine - \u00c9glise Adventiste Du Septieme Jour - Inter Am\u00e9rique Division\" \/>\n<meta property=\"og:description\" content=\"Lors d\u2019une rencontre \u00e0 Oslo, on a abord\u00e9 le besoin d\u2019aide humanitaire et de d\u00e9veloppement. Le 16 octobre 2023 | Oslo, Norv\u00e8ge | Tor Tjeransen, Union des f\u00e9d\u00e9rations norv\u00e9giennes et...\" \/>\n<meta property=\"og:url\" content=\"https:\/\/interamerica.org\/fr\/2023\/10\/adra-europe-augmentera-son-assistance-a-lukraine\/\" \/>\n<meta property=\"og:site_name\" content=\"\u00c9glise Adventiste Du Septieme Jour - Inter Am\u00e9rique Division\" \/>\n<meta property=\"article:published_time\" content=\"2023-10-16T18:49:11+00:00\" \/>\n<meta property=\"article:modified_time\" content=\"2023-10-20T14:19:07+00:00\" \/>\n<meta property=\"og:image\" content=\"https:\/\/interamerica.org\/wp-content\/uploads\/2023\/10\/adra-ukraine-100124148scr-8fde9b874df112f.jpeg\" \/>\n\t<meta property=\"og:image:width\" content=\"1200\" \/>\n\t<meta property=\"og:image:height\" content=\"800\" \/>\n\t<meta property=\"og:image:type\" content=\"image\/jpeg\" \/>\n<meta name=\"author\" content=\"libna\" \/>\n<meta name=\"twitter:card\" content=\"summary_large_image\" \/>\n<meta name=\"twitter:label1\" content=\"\u00c9crit par\" \/>\n\t<meta name=\"twitter:data1\" content=\"libna\" \/>\n\t<meta name=\"twitter:label2\" content=\"Dur\u00e9e de lecture estim\u00e9e\" \/>\n\t<meta name=\"twitter:data2\" content=\"4 minutes\" \/>\n<script type=\"application\/ld+json\" class=\"yoast-schema-graph\">{\"@context\":\"https:\\\/\\\/schema.org\",\"@graph\":[{\"@type\":\"Article\",\"@id\":\"https:\\\/\\\/interamerica.org\\\/fr\\\/2023\\\/10\\\/adra-europe-augmentera-son-assistance-a-lukraine\\\/#article\",\"isPartOf\":{\"@id\":\"https:\\\/\\\/interamerica.org\\\/fr\\\/2023\\\/10\\\/adra-europe-augmentera-son-assistance-a-lukraine\\\/\"},\"author\":{\"name\":\"libna\",\"@id\":\"https:\\\/\\\/interamerica.org\\\/fr\\\/#\\\/schema\\\/person\\\/29998f2bc2d8bd0d38662909289b54f1\"},\"headline\":\"ADRA Europe augmentera son assistance \u00e0 l\u2019Ukraine\",\"datePublished\":\"2023-10-16T18:49:11+00:00\",\"dateModified\":\"2023-10-20T14:19:07+00:00\",\"mainEntityOfPage\":{\"@id\":\"https:\\\/\\\/interamerica.org\\\/fr\\\/2023\\\/10\\\/adra-europe-augmentera-son-assistance-a-lukraine\\\/\"},\"wordCount\":935,\"image\":{\"@id\":\"https:\\\/\\\/interamerica.org\\\/fr\\\/2023\\\/10\\\/adra-europe-augmentera-son-assistance-a-lukraine\\\/#primaryimage\"},\"thumbnailUrl\":\"https:\\\/\\\/interamerica.org\\\/wp-content\\\/uploads\\\/2023\\\/10\\\/adra-ukraine-100124148scr-8fde9b874df112f.jpeg\",\"articleSection\":[\"Nouvelles de l'\u00c9glise mondiale\",\"RSS Fran\u00e7ais\"],\"inLanguage\":\"fr-FR\"},{\"@type\":\"WebPage\",\"@id\":\"https:\\\/\\\/interamerica.org\\\/fr\\\/2023\\\/10\\\/adra-europe-augmentera-son-assistance-a-lukraine\\\/\",\"url\":\"https:\\\/\\\/interamerica.org\\\/fr\\\/2023\\\/10\\\/adra-europe-augmentera-son-assistance-a-lukraine\\\/\",\"name\":\"ADRA Europe augmentera son assistance \u00e0 l\u2019Ukraine - \u00c9glise Adventiste Du Septieme Jour - Inter Am\u00e9rique Division\",\"isPartOf\":{\"@id\":\"https:\\\/\\\/interamerica.org\\\/fr\\\/#website\"},\"primaryImageOfPage\":{\"@id\":\"https:\\\/\\\/interamerica.org\\\/fr\\\/2023\\\/10\\\/adra-europe-augmentera-son-assistance-a-lukraine\\\/#primaryimage\"},\"image\":{\"@id\":\"https:\\\/\\\/interamerica.org\\\/fr\\\/2023\\\/10\\\/adra-europe-augmentera-son-assistance-a-lukraine\\\/#primaryimage\"},\"thumbnailUrl\":\"https:\\\/\\\/interamerica.org\\\/wp-content\\\/uploads\\\/2023\\\/10\\\/adra-ukraine-100124148scr-8fde9b874df112f.jpeg\",\"datePublished\":\"2023-10-16T18:49:11+00:00\",\"dateModified\":\"2023-10-20T14:19:07+00:00\",\"author\":{\"@id\":\"https:\\\/\\\/interamerica.org\\\/fr\\\/#\\\/schema\\\/person\\\/29998f2bc2d8bd0d38662909289b54f1\"},\"breadcrumb\":{\"@id\":\"https:\\\/\\\/interamerica.org\\\/fr\\\/2023\\\/10\\\/adra-europe-augmentera-son-assistance-a-lukraine\\\/#breadcrumb\"},\"inLanguage\":\"fr-FR\",\"potentialAction\":[{\"@type\":\"ReadAction\",\"target\":[\"https:\\\/\\\/interamerica.org\\\/fr\\\/2023\\\/10\\\/adra-europe-augmentera-son-assistance-a-lukraine\\\/\"]}]},{\"@type\":\"ImageObject\",\"inLanguage\":\"fr-FR\",\"@id\":\"https:\\\/\\\/interamerica.org\\\/fr\\\/2023\\\/10\\\/adra-europe-augmentera-son-assistance-a-lukraine\\\/#primaryimage\",\"url\":\"https:\\\/\\\/interamerica.org\\\/wp-content\\\/uploads\\\/2023\\\/10\\\/adra-ukraine-100124148scr-8fde9b874df112f.jpeg\",\"contentUrl\":\"https:\\\/\\\/interamerica.org\\\/wp-content\\\/uploads\\\/2023\\\/10\\\/adra-ukraine-100124148scr-8fde9b874df112f.jpeg\",\"width\":1200,\"height\":800,\"caption\":\"Thomas Petracek (left) in conversation with ADRA Norway program director Elidon Bardhi at the Oslo City Hall on September 26. [Photo: Tor Tjeransen\\\/Adventist Media Exchange (CC BY 4.0)]\"},{\"@type\":\"BreadcrumbList\",\"@id\":\"https:\\\/\\\/interamerica.org\\\/fr\\\/2023\\\/10\\\/adra-europe-augmentera-son-assistance-a-lukraine\\\/#breadcrumb\",\"itemListElement\":[{\"@type\":\"ListItem\",\"position\":1,\"name\":\"Home\",\"item\":\"https:\\\/\\\/interamerica.org\\\/fr\\\/\"},{\"@type\":\"ListItem\",\"position\":2,\"name\":\"ADRA Europe augmentera son assistance \u00e0 l\u2019Ukraine\"}]},{\"@type\":\"WebSite\",\"@id\":\"https:\\\/\\\/interamerica.org\\\/fr\\\/#website\",\"url\":\"https:\\\/\\\/interamerica.org\\\/fr\\\/\",\"name\":\"\u00c9glise Adventiste Du Septieme Jour - Inter Am\u00e9rique Division\",\"description\":\"\",\"potentialAction\":[{\"@type\":\"SearchAction\",\"target\":{\"@type\":\"EntryPoint\",\"urlTemplate\":\"https:\\\/\\\/interamerica.org\\\/fr\\\/?s={search_term_string}\"},\"query-input\":{\"@type\":\"PropertyValueSpecification\",\"valueRequired\":true,\"valueName\":\"search_term_string\"}}],\"inLanguage\":\"fr-FR\"},{\"@type\":\"Person\",\"@id\":\"https:\\\/\\\/interamerica.org\\\/fr\\\/#\\\/schema\\\/person\\\/29998f2bc2d8bd0d38662909289b54f1\",\"name\":\"libna\",\"image\":{\"@type\":\"ImageObject\",\"inLanguage\":\"fr-FR\",\"@id\":\"https:\\\/\\\/secure.gravatar.com\\\/avatar\\\/7c5bd30ae4b47a9ba3c856590957fd1d96dc588bf3ac05719d247e126840331f?s=96&d=mm&r=g\",\"url\":\"https:\\\/\\\/secure.gravatar.com\\\/avatar\\\/7c5bd30ae4b47a9ba3c856590957fd1d96dc588bf3ac05719d247e126840331f?s=96&d=mm&r=g\",\"contentUrl\":\"https:\\\/\\\/secure.gravatar.com\\\/avatar\\\/7c5bd30ae4b47a9ba3c856590957fd1d96dc588bf3ac05719d247e126840331f?s=96&d=mm&r=g\",\"caption\":\"libna\"}}]}<\/script>\n<!-- \/ Yoast SEO plugin. -->","yoast_head_json":{"title":"ADRA Europe augmentera son assistance \u00e0 l\u2019Ukraine - \u00c9glise Adventiste Du Septieme Jour - Inter Am\u00e9rique Division","robots":{"index":"index","follow":"follow","max-snippet":"max-snippet:-1","max-image-preview":"max-image-preview:large","max-video-preview":"max-video-preview:-1"},"canonical":"https:\/\/interamerica.org\/fr\/2023\/10\/adra-europe-augmentera-son-assistance-a-lukraine\/","og_locale":"fr_FR","og_type":"article","og_title":"ADRA Europe augmentera son assistance \u00e0 l\u2019Ukraine - \u00c9glise Adventiste Du Septieme Jour - Inter Am\u00e9rique Division","og_description":"Lors d\u2019une rencontre \u00e0 Oslo, on a abord\u00e9 le besoin d\u2019aide humanitaire et de d\u00e9veloppement. Le 16 octobre 2023 | Oslo, Norv\u00e8ge | Tor Tjeransen, Union des f\u00e9d\u00e9rations norv\u00e9giennes et...","og_url":"https:\/\/interamerica.org\/fr\/2023\/10\/adra-europe-augmentera-son-assistance-a-lukraine\/","og_site_name":"\u00c9glise Adventiste Du Septieme Jour - Inter Am\u00e9rique Division","article_published_time":"2023-10-16T18:49:11+00:00","article_modified_time":"2023-10-20T14:19:07+00:00","og_image":[{"width":1200,"height":800,"url":"https:\/\/interamerica.org\/wp-content\/uploads\/2023\/10\/adra-ukraine-100124148scr-8fde9b874df112f.jpeg","type":"image\/jpeg"}],"author":"libna","twitter_card":"summary_large_image","twitter_misc":{"\u00c9crit par":"libna","Dur\u00e9e de lecture estim\u00e9e":"4 minutes"},"schema":{"@context":"https:\/\/schema.org","@graph":[{"@type":"Article","@id":"https:\/\/interamerica.org\/fr\/2023\/10\/adra-europe-augmentera-son-assistance-a-lukraine\/#article","isPartOf":{"@id":"https:\/\/interamerica.org\/fr\/2023\/10\/adra-europe-augmentera-son-assistance-a-lukraine\/"},"author":{"name":"libna","@id":"https:\/\/interamerica.org\/fr\/#\/schema\/person\/29998f2bc2d8bd0d38662909289b54f1"},"headline":"ADRA Europe augmentera son assistance \u00e0 l\u2019Ukraine","datePublished":"2023-10-16T18:49:11+00:00","dateModified":"2023-10-20T14:19:07+00:00","mainEntityOfPage":{"@id":"https:\/\/interamerica.org\/fr\/2023\/10\/adra-europe-augmentera-son-assistance-a-lukraine\/"},"wordCount":935,"image":{"@id":"https:\/\/interamerica.org\/fr\/2023\/10\/adra-europe-augmentera-son-assistance-a-lukraine\/#primaryimage"},"thumbnailUrl":"https:\/\/interamerica.org\/wp-content\/uploads\/2023\/10\/adra-ukraine-100124148scr-8fde9b874df112f.jpeg","articleSection":["Nouvelles de l'\u00c9glise mondiale","RSS Fran\u00e7ais"],"inLanguage":"fr-FR"},{"@type":"WebPage","@id":"https:\/\/interamerica.org\/fr\/2023\/10\/adra-europe-augmentera-son-assistance-a-lukraine\/","url":"https:\/\/interamerica.org\/fr\/2023\/10\/adra-europe-augmentera-son-assistance-a-lukraine\/","name":"ADRA Europe augmentera son assistance \u00e0 l\u2019Ukraine - \u00c9glise Adventiste Du Septieme Jour - Inter Am\u00e9rique Division","isPartOf":{"@id":"https:\/\/interamerica.org\/fr\/#website"},"primaryImageOfPage":{"@id":"https:\/\/interamerica.org\/fr\/2023\/10\/adra-europe-augmentera-son-assistance-a-lukraine\/#primaryimage"},"image":{"@id":"https:\/\/interamerica.org\/fr\/2023\/10\/adra-europe-augmentera-son-assistance-a-lukraine\/#primaryimage"},"thumbnailUrl":"https:\/\/interamerica.org\/wp-content\/uploads\/2023\/10\/adra-ukraine-100124148scr-8fde9b874df112f.jpeg","datePublished":"2023-10-16T18:49:11+00:00","dateModified":"2023-10-20T14:19:07+00:00","author":{"@id":"https:\/\/interamerica.org\/fr\/#\/schema\/person\/29998f2bc2d8bd0d38662909289b54f1"},"breadcrumb":{"@id":"https:\/\/interamerica.org\/fr\/2023\/10\/adra-europe-augmentera-son-assistance-a-lukraine\/#breadcrumb"},"inLanguage":"fr-FR","potentialAction":[{"@type":"ReadAction","target":["https:\/\/interamerica.org\/fr\/2023\/10\/adra-europe-augmentera-son-assistance-a-lukraine\/"]}]},{"@type":"ImageObject","inLanguage":"fr-FR","@id":"https:\/\/interamerica.org\/fr\/2023\/10\/adra-europe-augmentera-son-assistance-a-lukraine\/#primaryimage","url":"https:\/\/interamerica.org\/wp-content\/uploads\/2023\/10\/adra-ukraine-100124148scr-8fde9b874df112f.jpeg","contentUrl":"https:\/\/interamerica.org\/wp-content\/uploads\/2023\/10\/adra-ukraine-100124148scr-8fde9b874df112f.jpeg","width":1200,"height":800,"caption":"Thomas Petracek (left) in conversation with ADRA Norway program director Elidon Bardhi at the Oslo City Hall on September 26. [Photo: Tor Tjeransen\/Adventist Media Exchange (CC BY 4.0)]"},{"@type":"BreadcrumbList","@id":"https:\/\/interamerica.org\/fr\/2023\/10\/adra-europe-augmentera-son-assistance-a-lukraine\/#breadcrumb","itemListElement":[{"@type":"ListItem","position":1,"name":"Home","item":"https:\/\/interamerica.org\/fr\/"},{"@type":"ListItem","position":2,"name":"ADRA Europe augmentera son assistance \u00e0 l\u2019Ukraine"}]},{"@type":"WebSite","@id":"https:\/\/interamerica.org\/fr\/#website","url":"https:\/\/interamerica.org\/fr\/","name":"\u00c9glise Adventiste Du Septieme Jour - Inter Am\u00e9rique Division","description":"","potentialAction":[{"@type":"SearchAction","target":{"@type":"EntryPoint","urlTemplate":"https:\/\/interamerica.org\/fr\/?s={search_term_string}"},"query-input":{"@type":"PropertyValueSpecification","valueRequired":true,"valueName":"search_term_string"}}],"inLanguage":"fr-FR"},{"@type":"Person","@id":"https:\/\/interamerica.org\/fr\/#\/schema\/person\/29998f2bc2d8bd0d38662909289b54f1","name":"libna","image":{"@type":"ImageObject","inLanguage":"fr-FR","@id":"https:\/\/secure.gravatar.com\/avatar\/7c5bd30ae4b47a9ba3c856590957fd1d96dc588bf3ac05719d247e126840331f?s=96&d=mm&r=g","url":"https:\/\/secure.gravatar.com\/avatar\/7c5bd30ae4b47a9ba3c856590957fd1d96dc588bf3ac05719d247e126840331f?s=96&d=mm&r=g","contentUrl":"https:\/\/secure.gravatar.com\/avatar\/7c5bd30ae4b47a9ba3c856590957fd1d96dc588bf3ac05719d247e126840331f?s=96&d=mm&r=g","caption":"libna"}}]}},"_links":{"self":[{"href":"https:\/\/interamerica.org\/fr\/wp-json\/wp\/v2\/posts\/104960","targetHints":{"allow":["GET"]}}],"collection":[{"href":"https:\/\/interamerica.org\/fr\/wp-json\/wp\/v2\/posts"}],"about":[{"href":"https:\/\/interamerica.org\/fr\/wp-json\/wp\/v2\/types\/post"}],"author":[{"embeddable":true,"href":"https:\/\/interamerica.org\/fr\/wp-json\/wp\/v2\/users\/3"}],"replies":[{"embeddable":true,"href":"https:\/\/interamerica.org\/fr\/wp-json\/wp\/v2\/comments?post=104960"}],"version-history":[{"count":0,"href":"https:\/\/interamerica.org\/fr\/wp-json\/wp\/v2\/posts\/104960\/revisions"}],"wp:featuredmedia":[{"embeddable":true,"href":"https:\/\/interamerica.org\/fr\/wp-json\/wp\/v2\/media\/104841"}],"wp:attachment":[{"href":"https:\/\/interamerica.org\/fr\/wp-json\/wp\/v2\/media?parent=104960"}],"wp:term":[{"taxonomy":"category","embeddable":true,"href":"https:\/\/interamerica.org\/fr\/wp-json\/wp\/v2\/categories?post=104960"},{"taxonomy":"post_tag","embeddable":true,"href":"https:\/\/interamerica.org\/fr\/wp-json\/wp\/v2\/tags?post=104960"}],"curies":[{"name":"wp","href":"https:\/\/api.w.org\/{rel}","templated":true}]}}