{"id":105028,"date":"2023-10-20T16:59:34","date_gmt":"2023-10-20T20:59:34","guid":{"rendered":"https:\/\/interamerica.org\/?p=105028"},"modified":"2023-10-20T19:33:01","modified_gmt":"2023-10-20T23:33:01","slug":"au-guatemala-les-femmes-adventistes-sengagent-a-faire-une-difference-dans-leurs-communautes","status":"publish","type":"post","link":"https:\/\/interamerica.org\/fr\/2023\/10\/au-guatemala-les-femmes-adventistes-sengagent-a-faire-une-difference-dans-leurs-communautes\/","title":{"rendered":"Au Guatemala, les femmes adventistes s\u2019engagent \u00e0 faire une diff\u00e9rence dans leurs communaut\u00e9s"},"content":{"rendered":"<p><div id=\"attachment_104982\" style=\"width: 887px\" class=\"wp-caption aligncenter\"><img fetchpriority=\"high\" decoding=\"async\" aria-describedby=\"caption-attachment-104982\" class=\" wp-image-104981\" src=\"https:\/\/interamerica.org\/wp-content\/uploads\/2023\/10\/guau-wm-congress-colorful-dresses.jpg\" alt=\"\" width=\"877\" height=\"585\" srcset=\"https:\/\/interamerica.org\/wp-content\/uploads\/2023\/10\/guau-wm-congress-colorful-dresses.jpg 1000w, https:\/\/interamerica.org\/wp-content\/uploads\/2023\/10\/guau-wm-congress-colorful-dresses-300x200.jpg 300w, https:\/\/interamerica.org\/wp-content\/uploads\/2023\/10\/guau-wm-congress-colorful-dresses-768x512.jpg 768w\" sizes=\"(max-width: 877px) 100vw, 877px\" \/><p id=\"caption-attachment-104982\" class=\"wp-caption-text\">Un groupe de femmes adventistes de Concepci\u00f3n Chuiquirichapa \u00e0 Quezaltenango, au Guatemala, v\u00eatues de leurs robes traditionnelles indig\u00e8nes, posent ensemble pour une photo lors du plus grand congr\u00e8s du minist\u00e8re des femmes organis\u00e9 par l\u2019Union du Guatemala, le 30 septembre 2023. Plus de 5000 femmes sont venues Guatemala, et d\u2019autres ont fait le d\u00e9placement depuis le Mexique, le Honduras, le Salvador et le Belize, pour se r\u00e9unir \u00e0 l\u2019occasion du programme d\u2019une journ\u00e9e au Centre Forum Majadas Zona 11 dans la ville de Guatemala. [Photo : Union du Guatemala]<\/p><\/div>20 Octobre 2023 | Ville de Guatemala, Guatemala | Libna Stevens, Actualit\u00e9s de la Division Inter Am\u00e9ricaine<\/p>\n<p>Elles sont venues en bus de tout le Guatemala et m\u00eame du Mexique, du Honduras, du Salvador et du Belize voisins. Plus de 5000 femmes ont laiss\u00e9 leurs maisons et leurs familles pour se r\u00e9unir dans la ville de Guatemala, afin de participer \u00e0 un programme organis\u00e9 pour l\u2019ensemble du pays par le minist\u00e8re des femmes, et entendre la Parole de Dieu, prier, \u00e9tablir des contacts et apprendre les unes des autres, et parler de la mani\u00e8re dont elles ont fait une diff\u00e9rence dans leurs communaut\u00e9s. Le programme a eu lieu lors de ce qui est consid\u00e9r\u00e9 comme le plus grand congr\u00e8s du minist\u00e8re des femmes organis\u00e9 au Guatemala au Centre Forum Majadas Zona 11 le 30 septembre 2023.<\/p>\n<p><strong>Un congr\u00e8s historique du minist\u00e8re des femmes<\/strong><\/p>\n<p>\u00ab Il s\u2019agit d\u2019un programme historique jamais vu auparavant dans notre Union du Guatemala, \u00bb a d\u00e9clar\u00e9 Leticia de Hern\u00e1ndez, directrice du minist\u00e8re des femmes de l\u2019Union du Guatemala. Le congr\u00e8s a eu une plus grande ampleur que le pr\u00e9c\u00e9dent qui avait r\u00e9uni 3000 femmes en 2016, a-t-elle ajout\u00e9. \u00ab Nous avons une grande arm\u00e9e de femmes qui s\u2019investissent enti\u00e8rement dans les efforts d\u2019\u00e9vang\u00e9lisation des \u00e9glises locales et travaillent ensemble en tant que premi\u00e8res anciennes des \u00e9glises, leaders de petits groupes, \u00e9vang\u00e9listes la\u00efques et bien plus encore, afin d\u2019avoir un impact dans leurs quartiers avec les dons et les talents que Dieu leur a accord\u00e9s.<\/p>\n<p><div id=\"attachment_104988\" style=\"width: 873px\" class=\"wp-caption aligncenter\"><img decoding=\"async\" aria-describedby=\"caption-attachment-104988\" class=\" wp-image-104987\" src=\"https:\/\/interamerica.org\/wp-content\/uploads\/2023\/10\/guau-leticia-hernandez-wmcongress-2023.jpg\" alt=\"\" width=\"863\" height=\"575\" srcset=\"https:\/\/interamerica.org\/wp-content\/uploads\/2023\/10\/guau-leticia-hernandez-wmcongress-2023.jpg 1000w, https:\/\/interamerica.org\/wp-content\/uploads\/2023\/10\/guau-leticia-hernandez-wmcongress-2023-300x200.jpg 300w, https:\/\/interamerica.org\/wp-content\/uploads\/2023\/10\/guau-leticia-hernandez-wmcongress-2023-768x512.jpg 768w\" sizes=\"(max-width: 863px) 100vw, 863px\" \/><p id=\"caption-attachment-104988\" class=\"wp-caption-text\">Leticia de Hern\u00e1ndez, directrice du minist\u00e8re des femmes de l\u2019Union du Guatemala, s\u2019adresse \u00e0 la d\u00e9l\u00e9gation de plus de 5000 femmes adventistes rassembl\u00e9es au Centre Forum Majadas Zona 11 le 30 septembre 2023. [Photo : Union du Guatemala]<\/p><\/div>Le congr\u00e8s du minist\u00e8re des femmes avait pour objectif de louer Dieu pour les efforts d\u2019\u00e9vang\u00e9lisation men\u00e9s par les femmes ; en effet, plus de 3000 femmes se joignent \u00e0 l\u2019\u00c9glise en moyenne chaque ann\u00e9e directement gr\u00e2ce \u00e0 leur minist\u00e8re, et aussi de les motiver \u00e0 aller de l\u2019avant dans la pr\u00e9paration des autres pour le retour de J\u00e9sus, a dit Leticia de Hern\u00e1ndez.<\/p>\n<p>L\u2019important groupe de femmes qui ont particip\u00e9 au congr\u00e8s ne repr\u00e9sente qu\u2019une fraction des plus de 125000 femmes actives dans l\u2019\u00c9glise adventiste au Guatemala, a d\u00e9clar\u00e9 Leticia de Hern\u00e1ndez.<\/p>\n<p>La Ministre des Cultes et de l\u2019\u00c9ducation du Guatemala, Claudia Ruiz Casasola, et Edna Portales, sa vice-ministre, ont salu\u00e9 le travail des milliers de femmes adventistes au Guatemala et leur impact sur la vie de nombreux citoyens dans leurs communaut\u00e9s.<\/p>\n<p><div id=\"attachment_105000\" style=\"width: 853px\" class=\"wp-caption aligncenter\"><img decoding=\"async\" aria-describedby=\"caption-attachment-105000\" class=\" wp-image-104999\" src=\"https:\/\/interamerica.org\/wp-content\/uploads\/2023\/10\/heather-small-congress-guatemala.jpg\" alt=\"\" width=\"843\" height=\"563\" srcset=\"https:\/\/interamerica.org\/wp-content\/uploads\/2023\/10\/heather-small-congress-guatemala.jpg 1000w, https:\/\/interamerica.org\/wp-content\/uploads\/2023\/10\/heather-small-congress-guatemala-300x200.jpg 300w, https:\/\/interamerica.org\/wp-content\/uploads\/2023\/10\/heather-small-congress-guatemala-768x512.jpg 768w\" sizes=\"(max-width: 843px) 100vw, 843px\" \/><p id=\"caption-attachment-105000\" class=\"wp-caption-text\">Heather Dawn-Small, directrice du Minist\u00e8re des Femmes de la Conf\u00e9rence G\u00e9n\u00e9rale, rappelle aux milliers de femmes de continuer \u00e0 faire une diff\u00e9rence dans leurs communaut\u00e9s \u00e0 travers la mission le 28 septembre 2023. [Photo : Union du Guatemala]<\/p><\/div><strong>Accomplir la mission<\/strong><\/p>\n<p>Heather Small, directrice du Minist\u00e8re des Femmes de la Conf\u00e9rence G\u00e9n\u00e9rale, a encourag\u00e9 les femmes \u00e0 faire une r\u00e9elle diff\u00e9rence l\u00e0 o\u00f9 elles peuvent avoir le plus d\u2019influence dans leur famille et sur leur lieu de travail. \u00ab Si nous devons \u00eatre des femmes diff\u00e9rentes des autres, nous devons laisser le Seigneur raviver nos c\u0153urs, le laisser nous redynamiser, nous r\u00e9g\u00e9n\u00e9rer, nous restaurer et nous transformer, \u00bb a d\u00e9clar\u00e9 Heather Small. \u00ab Nous devons ressentir notre besoin de Dieu, avoir la foi et grandir. \u00bb<\/p>\n<p>Tout le monde a des probl\u00e8mes et des difficult\u00e9s, a-t-elle d\u00e9clar\u00e9, \u00ab mais en d\u00e9pit de ceux-ci, Dieu nous ordonne d\u2019aller accomplir la mission. Heather Small a rappel\u00e9 aux milliers de femmes que Dieu consid\u00e8re chacun comme une personne, qu\u2019il sait les luttes, la tristesse, mais qu\u2019il aime tout un chacun. \u00ab Partout o\u00f9 nous allons, nous devons partager l\u2019amour de J\u00e9sus afin que les gens puissent voir son amour se refl\u00e9ter en nous et \u00e0 travers nos actions, \u00bb a dit Heather Small.<\/p>\n<p><div id=\"attachment_104997\" style=\"width: 850px\" class=\"wp-caption aligncenter\"><img loading=\"lazy\" decoding=\"async\" aria-describedby=\"caption-attachment-104997\" class=\" wp-image-104996\" src=\"https:\/\/interamerica.org\/wp-content\/uploads\/2023\/10\/guau-wmcongress-sep2023-reports-1.jpg\" alt=\"\" width=\"840\" height=\"561\" srcset=\"https:\/\/interamerica.org\/wp-content\/uploads\/2023\/10\/guau-wmcongress-sep2023-reports-1.jpg 1000w, https:\/\/interamerica.org\/wp-content\/uploads\/2023\/10\/guau-wmcongress-sep2023-reports-1-300x200.jpg 300w, https:\/\/interamerica.org\/wp-content\/uploads\/2023\/10\/guau-wmcongress-sep2023-reports-1-768x512.jpg 768w\" sizes=\"(max-width: 840px) 100vw, 840px\" \/><p id=\"caption-attachment-104997\" class=\"wp-caption-text\">Un groupe de la Mission de l\u2019Est du Guatemala pr\u00e9sente un rapport de certaines des initiatives qu\u2019elles ont mises en place pour avoir un impact sur leurs communaut\u00e9s. [Photo : Union du Guatemala]<\/p><\/div>Edith Ruiz, directrice du minist\u00e8re des femmes de la Division Inter Am\u00e9ricaine (DIA), a encourag\u00e9 les participantes \u00e0 faire face \u00e0 tout sentiment d\u2019insuffisance qui pourrait les emp\u00eacher de grandir dans l\u2019amour et l\u2019acceptation dans le Seigneur. \u00ab Nous devons nous voir comme Dieu nous voit et ne pas suivre les normes du monde en mati\u00e8re de beaut\u00e9, de valeur ou d\u2019acceptation, \u00bb a d\u00e9clar\u00e9 Edith Ruiz. \u00ab Ne sous-estimez jamais la puissance qu\u2019il y a dans le fait de passer du temps seul avec Dieu, car cela changera certainement votre vie, vous transformera et vous aidera \u00e0 faire une diff\u00e9rence l\u00e0 o\u00f9 vous \u00eates. \u00bb<\/p>\n<p><strong>\u00catre transform\u00e9 en J\u00e9sus<\/strong><\/p>\n<p>Edith Ruiz a rappel\u00e9 au grand groupe de femmes qu\u2019elles peuvent faire une \u00e9norme diff\u00e9rence pour la mission l\u00e0 o\u00f9 elles se trouvent. \u00ab Vous n\u2019avez pas besoin d\u2019avoir un titre universitaire, ni de parler plusieurs langues, ni de vivre dans une ville pour faire une diff\u00e9rence, \u00bb a dit Edith Ruiz. \u00ab Vous pouvez faire une diff\u00e9rence simplement par vos actions, \u00e0 travers une vie transform\u00e9e en J\u00e9sus chaque jour. \u00bb<\/p>\n<p><div id=\"attachment_104994\" style=\"width: 848px\" class=\"wp-caption aligncenter\"><img loading=\"lazy\" decoding=\"async\" aria-describedby=\"caption-attachment-104994\" class=\" wp-image-104993\" src=\"https:\/\/interamerica.org\/wp-content\/uploads\/2023\/10\/edith-ruiz-guau-wm-congress-2023.jpg\" alt=\"\" width=\"838\" height=\"529\" srcset=\"https:\/\/interamerica.org\/wp-content\/uploads\/2023\/10\/edith-ruiz-guau-wm-congress-2023.jpg 1000w, https:\/\/interamerica.org\/wp-content\/uploads\/2023\/10\/edith-ruiz-guau-wm-congress-2023-300x189.jpg 300w, https:\/\/interamerica.org\/wp-content\/uploads\/2023\/10\/edith-ruiz-guau-wm-congress-2023-768x485.jpg 768w\" sizes=\"(max-width: 838px) 100vw, 838px\" \/><p id=\"caption-attachment-104994\" class=\"wp-caption-text\">Edith Ruiz, directrice du minist\u00e8re des femmes de la Division Inter Am\u00e9ricaine, invite les nombreuses femmes adventistes \u00e0 renouveler leur engagement \u00e0 accomplir la mission qui consiste \u00e0 proclamer l\u2019\u00e9vangile dans leurs communaut\u00e9s, lors d\u2019un message sp\u00e9cial pr\u00e9sent\u00e9 le sabbat 28 septembre 2023. [Photo : Union du Guatemala]<\/p><\/div>Des femmes de chacune des huit f\u00e9d\u00e9rations ont pris le temps de pr\u00e9senter des rapports sur les diff\u00e9rentes activit\u00e9s d\u2019\u00e9vang\u00e9lisation et les initiatives qui ont \u00e9t\u00e9 mises en \u0153uvre cette ann\u00e9e dans leurs communaut\u00e9s.<\/p>\n<p>\u00ab C\u2019\u00e9tait vraiment impressionnant de voir autant de femmes portant leurs robes color\u00e9es parler dans leurs propres dialectes de la mani\u00e8re dont elles accomplissent la mission de l\u2019\u00c9glise, \u00bb a d\u00e9clar\u00e9 Edith Ruiz. \u00ab La mission n\u2019est pas seulement r\u00e9serv\u00e9e \u00e0 un groupe particulier comme les hommes, les femmes, les jeunes ou les enfants, il nous appartient \u00e0 tous d\u2019\u00eatre des outils que Dieu peut utiliser pour accomplir ses desseins. \u00bb Voir l\u2019unit\u00e9 et le soutien que toutes les femmes avaient les unes pour les autres \u00e9tait impressionnant, a-t-elle ajout\u00e9.<\/p>\n<p><div id=\"attachment_104985\" style=\"width: 849px\" class=\"wp-caption aligncenter\"><img loading=\"lazy\" decoding=\"async\" aria-describedby=\"caption-attachment-104985\" class=\" wp-image-104984\" src=\"https:\/\/interamerica.org\/wp-content\/uploads\/2023\/10\/guau-wmcongress-audience-1.jpg\" alt=\"\" width=\"839\" height=\"559\" srcset=\"https:\/\/interamerica.org\/wp-content\/uploads\/2023\/10\/guau-wmcongress-audience-1.jpg 1000w, https:\/\/interamerica.org\/wp-content\/uploads\/2023\/10\/guau-wmcongress-audience-1-300x200.jpg 300w, https:\/\/interamerica.org\/wp-content\/uploads\/2023\/10\/guau-wmcongress-audience-1-768x512.jpg 768w\" sizes=\"(max-width: 839px) 100vw, 839px\" \/><p id=\"caption-attachment-104985\" class=\"wp-caption-text\">Les femmes participent aux chants de louange lors du congr\u00e8s. [Photo : Union du Guatemala]<\/p><\/div><strong>Sauver la mission<\/strong><\/p>\n<p>Les femmes suivent cette ann\u00e9e l\u2019orientation du minist\u00e8re des femmes de la Division Inter Am\u00e9ricaine, qui met en lumi\u00e8re la n\u00e9cessit\u00e9 de s\u2019impliquer dans une mission de sauvetage. \u00ab Des femmes qui sauvent ou reprennent la mission, qui sauvent des vies gr\u00e2ce \u00e0 l\u2019\u00e9vang\u00e9lisation, qui sauvent la communaut\u00e9 avec des initiatives missionnaires, qui sauvent des familles, et bien plus encore, qui travaillent avec leur c\u0153ur pour faire cette diff\u00e9rence pour J\u00e9sus, \u00bb a d\u00e9clar\u00e9 Edith Ruiz.<\/p>\n<p>\u00ab Quand on \u00e9coute la mani\u00e8re dont elles ont utilis\u00e9 les \u00e9tudes bibliques qui ont \u00e9t\u00e9 pr\u00e9par\u00e9es sp\u00e9cifiquement pour qu\u2019elles les utilisent, et quand on voit comment elles les ont contextualis\u00e9s dans leurs initiatives et activit\u00e9s \u00e0 travers le Guatemala, c\u2019est une vraie b\u00e9n\u00e9diction, \u00bb a dit Edith Ruiz.<\/p>\n<p><div id=\"attachment_104991\" style=\"width: 849px\" class=\"wp-caption aligncenter\"><img loading=\"lazy\" decoding=\"async\" aria-describedby=\"caption-attachment-104991\" class=\" wp-image-104990\" src=\"https:\/\/interamerica.org\/wp-content\/uploads\/2023\/10\/guau-wm-leaders-congress2023-stage.jpg\" alt=\"\" width=\"839\" height=\"559\" srcset=\"https:\/\/interamerica.org\/wp-content\/uploads\/2023\/10\/guau-wm-leaders-congress2023-stage.jpg 1000w, https:\/\/interamerica.org\/wp-content\/uploads\/2023\/10\/guau-wm-leaders-congress2023-stage-300x200.jpg 300w, https:\/\/interamerica.org\/wp-content\/uploads\/2023\/10\/guau-wm-leaders-congress2023-stage-768x512.jpg 768w\" sizes=\"(max-width: 839px) 100vw, 839px\" \/><p id=\"caption-attachment-104991\" class=\"wp-caption-text\">De gauche \u00e0 droite : Ramiro Hern\u00e1ndez, secr\u00e9taire ex\u00e9cutif de l\u2019Union du Guatemala ; Guenther Garc\u00eda, pr\u00e9sident de l\u2019Union Guatemala ; un d\u00e9l\u00e9gu\u00e9 de la F\u00e9d\u00e9ration de l\u2019Ouest du Guatemala ; Edith Ruiz, directrice du minist\u00e8re des femmes de la Division Inter Am\u00e9ricaine ; Leticia Hern\u00e1ndez, directrice du minist\u00e8re des femmes de l\u2019Union du Guatemala ; Heather Dawn-Small, directrice du minist\u00e8re des femmes de la Conf\u00e9rence G\u00e9n\u00e9rale ; un d\u00e9l\u00e9gu\u00e9 de la F\u00e9d\u00e9ration de l\u2019Ouest du Guatemala, et Enrique Men\u00e9ndez, tr\u00e9sorier de l\u2019Union du Guatemala. [Photo : Union du Guatemala]<\/p><\/div>Le congr\u00e8s intervenait dans le cadre d\u2019un plan plus vaste men\u00e9 par l\u2019\u00c9glise Adventiste au Guatemala et qui vise \u00e0 amener ses membres \u00e0 une participation active \u00e0 la proclamation de l\u2019\u00e9vangile et aux programmes de formation de disciples afin d\u2019enrichir les \u00e9glises et leurs communaut\u00e9s, a d\u00e9clar\u00e9 pasteur Gustavo Men\u00e9ndez, directeur des minist\u00e8res personnels de l\u2019Union du Guatemala. \u00ab Des milliers de femmes dans nos \u00e9glises et nos congr\u00e9gations contribuent activement \u00e0 la croissance de l\u2019\u00c9glise adventiste au Guatemala, \u00bb a d\u00e9clar\u00e9 pasteur Men\u00e9ndez. Environ 30 pour cent des plus de 9000 bapt\u00eames qui ont lieu chaque ann\u00e9e dans l\u2019union sont le r\u00e9sultat direct des efforts engag\u00e9s de femmes impliqu\u00e9es dans des initiatives missionnaires.<\/p>\n<p><div id=\"attachment_104973\" style=\"width: 857px\" class=\"wp-caption aligncenter\"><img loading=\"lazy\" decoding=\"async\" aria-describedby=\"caption-attachment-104973\" class=\" wp-image-104972\" src=\"https:\/\/interamerica.org\/wp-content\/uploads\/2023\/10\/guau-wmcongress-praying.jpg\" alt=\"\" width=\"847\" height=\"529\" srcset=\"https:\/\/interamerica.org\/wp-content\/uploads\/2023\/10\/guau-wmcongress-praying.jpg 1000w, https:\/\/interamerica.org\/wp-content\/uploads\/2023\/10\/guau-wmcongress-praying-300x188.jpg 300w, https:\/\/interamerica.org\/wp-content\/uploads\/2023\/10\/guau-wmcongress-praying-768x480.jpg 768w\" sizes=\"(max-width: 847px) 100vw, 847px\" \/><p id=\"caption-attachment-104973\" class=\"wp-caption-text\">Des femmes adventistes prient ensemble lors de l\u2019un des nombreux segments de pri\u00e8re organis\u00e9s lors du congr\u00e8s national du minist\u00e8re des femmes au Guatemala [Photo : Union du Guatemala]<\/p><\/div>L\u2019Union du Guatemala compte plus de 195900 adventistes du septi\u00e8me jour qui se r\u00e9unissent pour adorer dans 1370 \u00e9glises et groupes au Guatemala. L\u2019\u00c9glise g\u00e8re cinq f\u00e9d\u00e9rations et trois missions, 30 \u00e9coles primaires et secondaires ainsi que deux stations de radio qui couvrent 80 pour cent du pays.<\/p>\n<p><em>Gustavo Menendez a contribu\u00e9 \u00e0 cet article.<\/em><\/p>\n<p>Traduction: Patrick Luciathe<\/p>\n","protected":false},"excerpt":{"rendered":"<p>20 Octobre 2023 | Ville de Guatemala, Guatemala | Libna Stevens, Actualit\u00e9s de la Division Inter Am\u00e9ricaine Elles sont venues en bus de tout le Guatemala et m\u00eame du Mexique,&#8230;<\/p>\n","protected":false},"author":3,"featured_media":104982,"comment_status":"closed","ping_status":"closed","sticky":false,"template":"","format":"standard","meta":{"_acf_changed":false,"footnotes":""},"categories":[21,19],"tags":[],"class_list":["post-105028","post","type-post","status-publish","format-standard","has-post-thumbnail","hentry","category-nouvelles-du-territoire","category-rss-francais"],"acf":[],"yoast_head":"<!-- This site is optimized with the Yoast SEO plugin v27.3 - https:\/\/yoast.com\/product\/yoast-seo-wordpress\/ -->\n<title>Au Guatemala, les femmes adventistes s\u2019engagent \u00e0 faire une diff\u00e9rence dans leurs communaut\u00e9s - \u00c9glise Adventiste Du Septieme Jour - Inter Am\u00e9rique Division<\/title>\n<meta name=\"robots\" content=\"index, follow, max-snippet:-1, max-image-preview:large, max-video-preview:-1\" \/>\n<link rel=\"canonical\" href=\"https:\/\/interamerica.org\/fr\/2023\/10\/au-guatemala-les-femmes-adventistes-sengagent-a-faire-une-difference-dans-leurs-communautes\/\" \/>\n<meta property=\"og:locale\" content=\"fr_FR\" \/>\n<meta property=\"og:type\" content=\"article\" \/>\n<meta property=\"og:title\" content=\"Au Guatemala, les femmes adventistes s\u2019engagent \u00e0 faire une diff\u00e9rence dans leurs communaut\u00e9s - \u00c9glise Adventiste Du Septieme Jour - Inter Am\u00e9rique Division\" \/>\n<meta property=\"og:description\" content=\"20 Octobre 2023 | Ville de Guatemala, Guatemala | Libna Stevens, Actualit\u00e9s de la Division Inter Am\u00e9ricaine Elles sont venues en bus de tout le Guatemala et m\u00eame du Mexique,...\" \/>\n<meta property=\"og:url\" content=\"https:\/\/interamerica.org\/fr\/2023\/10\/au-guatemala-les-femmes-adventistes-sengagent-a-faire-une-difference-dans-leurs-communautes\/\" \/>\n<meta property=\"og:site_name\" content=\"\u00c9glise Adventiste Du Septieme Jour - Inter Am\u00e9rique Division\" \/>\n<meta property=\"article:published_time\" content=\"2023-10-20T20:59:34+00:00\" \/>\n<meta property=\"article:modified_time\" content=\"2023-10-20T23:33:01+00:00\" \/>\n<meta property=\"og:image\" content=\"https:\/\/interamerica.org\/wp-content\/uploads\/2023\/10\/guau-wm-congress-colorful-dresses.jpg\" \/>\n\t<meta property=\"og:image:width\" content=\"1000\" \/>\n\t<meta property=\"og:image:height\" content=\"667\" \/>\n\t<meta property=\"og:image:type\" content=\"image\/jpeg\" \/>\n<meta name=\"author\" content=\"libna\" \/>\n<meta name=\"twitter:card\" content=\"summary_large_image\" \/>\n<meta name=\"twitter:label1\" content=\"\u00c9crit par\" \/>\n\t<meta name=\"twitter:data1\" content=\"libna\" \/>\n\t<meta name=\"twitter:label2\" content=\"Dur\u00e9e de lecture estim\u00e9e\" \/>\n\t<meta name=\"twitter:data2\" content=\"9 minutes\" \/>\n<script type=\"application\/ld+json\" class=\"yoast-schema-graph\">{\"@context\":\"https:\\\/\\\/schema.org\",\"@graph\":[{\"@type\":\"Article\",\"@id\":\"https:\\\/\\\/interamerica.org\\\/fr\\\/2023\\\/10\\\/au-guatemala-les-femmes-adventistes-sengagent-a-faire-une-difference-dans-leurs-communautes\\\/#article\",\"isPartOf\":{\"@id\":\"https:\\\/\\\/interamerica.org\\\/fr\\\/2023\\\/10\\\/au-guatemala-les-femmes-adventistes-sengagent-a-faire-une-difference-dans-leurs-communautes\\\/\"},\"author\":{\"name\":\"libna\",\"@id\":\"https:\\\/\\\/interamerica.org\\\/fr\\\/#\\\/schema\\\/person\\\/29998f2bc2d8bd0d38662909289b54f1\"},\"headline\":\"Au Guatemala, les femmes adventistes s\u2019engagent \u00e0 faire une diff\u00e9rence dans leurs communaut\u00e9s\",\"datePublished\":\"2023-10-20T20:59:34+00:00\",\"dateModified\":\"2023-10-20T23:33:01+00:00\",\"mainEntityOfPage\":{\"@id\":\"https:\\\/\\\/interamerica.org\\\/fr\\\/2023\\\/10\\\/au-guatemala-les-femmes-adventistes-sengagent-a-faire-une-difference-dans-leurs-communautes\\\/\"},\"wordCount\":1750,\"image\":{\"@id\":\"https:\\\/\\\/interamerica.org\\\/fr\\\/2023\\\/10\\\/au-guatemala-les-femmes-adventistes-sengagent-a-faire-une-difference-dans-leurs-communautes\\\/#primaryimage\"},\"thumbnailUrl\":\"https:\\\/\\\/interamerica.org\\\/wp-content\\\/uploads\\\/2023\\\/10\\\/guau-wm-congress-colorful-dresses.jpg\",\"articleSection\":[\"Nouvelles du territoire\",\"RSS Fran\u00e7ais\"],\"inLanguage\":\"fr-FR\"},{\"@type\":\"WebPage\",\"@id\":\"https:\\\/\\\/interamerica.org\\\/fr\\\/2023\\\/10\\\/au-guatemala-les-femmes-adventistes-sengagent-a-faire-une-difference-dans-leurs-communautes\\\/\",\"url\":\"https:\\\/\\\/interamerica.org\\\/fr\\\/2023\\\/10\\\/au-guatemala-les-femmes-adventistes-sengagent-a-faire-une-difference-dans-leurs-communautes\\\/\",\"name\":\"Au Guatemala, les femmes adventistes s\u2019engagent \u00e0 faire une diff\u00e9rence dans leurs communaut\u00e9s - \u00c9glise Adventiste Du Septieme Jour - Inter Am\u00e9rique Division\",\"isPartOf\":{\"@id\":\"https:\\\/\\\/interamerica.org\\\/fr\\\/#website\"},\"primaryImageOfPage\":{\"@id\":\"https:\\\/\\\/interamerica.org\\\/fr\\\/2023\\\/10\\\/au-guatemala-les-femmes-adventistes-sengagent-a-faire-une-difference-dans-leurs-communautes\\\/#primaryimage\"},\"image\":{\"@id\":\"https:\\\/\\\/interamerica.org\\\/fr\\\/2023\\\/10\\\/au-guatemala-les-femmes-adventistes-sengagent-a-faire-une-difference-dans-leurs-communautes\\\/#primaryimage\"},\"thumbnailUrl\":\"https:\\\/\\\/interamerica.org\\\/wp-content\\\/uploads\\\/2023\\\/10\\\/guau-wm-congress-colorful-dresses.jpg\",\"datePublished\":\"2023-10-20T20:59:34+00:00\",\"dateModified\":\"2023-10-20T23:33:01+00:00\",\"author\":{\"@id\":\"https:\\\/\\\/interamerica.org\\\/fr\\\/#\\\/schema\\\/person\\\/29998f2bc2d8bd0d38662909289b54f1\"},\"breadcrumb\":{\"@id\":\"https:\\\/\\\/interamerica.org\\\/fr\\\/2023\\\/10\\\/au-guatemala-les-femmes-adventistes-sengagent-a-faire-une-difference-dans-leurs-communautes\\\/#breadcrumb\"},\"inLanguage\":\"fr-FR\",\"potentialAction\":[{\"@type\":\"ReadAction\",\"target\":[\"https:\\\/\\\/interamerica.org\\\/fr\\\/2023\\\/10\\\/au-guatemala-les-femmes-adventistes-sengagent-a-faire-une-difference-dans-leurs-communautes\\\/\"]}]},{\"@type\":\"ImageObject\",\"inLanguage\":\"fr-FR\",\"@id\":\"https:\\\/\\\/interamerica.org\\\/fr\\\/2023\\\/10\\\/au-guatemala-les-femmes-adventistes-sengagent-a-faire-une-difference-dans-leurs-communautes\\\/#primaryimage\",\"url\":\"https:\\\/\\\/interamerica.org\\\/wp-content\\\/uploads\\\/2023\\\/10\\\/guau-wm-congress-colorful-dresses.jpg\",\"contentUrl\":\"https:\\\/\\\/interamerica.org\\\/wp-content\\\/uploads\\\/2023\\\/10\\\/guau-wm-congress-colorful-dresses.jpg\",\"width\":1000,\"height\":667,\"caption\":\"[Photo: Guatemala Union]\"},{\"@type\":\"BreadcrumbList\",\"@id\":\"https:\\\/\\\/interamerica.org\\\/fr\\\/2023\\\/10\\\/au-guatemala-les-femmes-adventistes-sengagent-a-faire-une-difference-dans-leurs-communautes\\\/#breadcrumb\",\"itemListElement\":[{\"@type\":\"ListItem\",\"position\":1,\"name\":\"Home\",\"item\":\"https:\\\/\\\/interamerica.org\\\/fr\\\/\"},{\"@type\":\"ListItem\",\"position\":2,\"name\":\"Au Guatemala, les femmes adventistes s\u2019engagent \u00e0 faire une diff\u00e9rence dans leurs communaut\u00e9s\"}]},{\"@type\":\"WebSite\",\"@id\":\"https:\\\/\\\/interamerica.org\\\/fr\\\/#website\",\"url\":\"https:\\\/\\\/interamerica.org\\\/fr\\\/\",\"name\":\"\u00c9glise Adventiste Du Septieme Jour - Inter Am\u00e9rique Division\",\"description\":\"\",\"potentialAction\":[{\"@type\":\"SearchAction\",\"target\":{\"@type\":\"EntryPoint\",\"urlTemplate\":\"https:\\\/\\\/interamerica.org\\\/fr\\\/?s={search_term_string}\"},\"query-input\":{\"@type\":\"PropertyValueSpecification\",\"valueRequired\":true,\"valueName\":\"search_term_string\"}}],\"inLanguage\":\"fr-FR\"},{\"@type\":\"Person\",\"@id\":\"https:\\\/\\\/interamerica.org\\\/fr\\\/#\\\/schema\\\/person\\\/29998f2bc2d8bd0d38662909289b54f1\",\"name\":\"libna\",\"image\":{\"@type\":\"ImageObject\",\"inLanguage\":\"fr-FR\",\"@id\":\"https:\\\/\\\/secure.gravatar.com\\\/avatar\\\/7c5bd30ae4b47a9ba3c856590957fd1d96dc588bf3ac05719d247e126840331f?s=96&d=mm&r=g\",\"url\":\"https:\\\/\\\/secure.gravatar.com\\\/avatar\\\/7c5bd30ae4b47a9ba3c856590957fd1d96dc588bf3ac05719d247e126840331f?s=96&d=mm&r=g\",\"contentUrl\":\"https:\\\/\\\/secure.gravatar.com\\\/avatar\\\/7c5bd30ae4b47a9ba3c856590957fd1d96dc588bf3ac05719d247e126840331f?s=96&d=mm&r=g\",\"caption\":\"libna\"}}]}<\/script>\n<!-- \/ Yoast SEO plugin. -->","yoast_head_json":{"title":"Au Guatemala, les femmes adventistes s\u2019engagent \u00e0 faire une diff\u00e9rence dans leurs communaut\u00e9s - \u00c9glise Adventiste Du Septieme Jour - Inter Am\u00e9rique Division","robots":{"index":"index","follow":"follow","max-snippet":"max-snippet:-1","max-image-preview":"max-image-preview:large","max-video-preview":"max-video-preview:-1"},"canonical":"https:\/\/interamerica.org\/fr\/2023\/10\/au-guatemala-les-femmes-adventistes-sengagent-a-faire-une-difference-dans-leurs-communautes\/","og_locale":"fr_FR","og_type":"article","og_title":"Au Guatemala, les femmes adventistes s\u2019engagent \u00e0 faire une diff\u00e9rence dans leurs communaut\u00e9s - \u00c9glise Adventiste Du Septieme Jour - Inter Am\u00e9rique Division","og_description":"20 Octobre 2023 | Ville de Guatemala, Guatemala | Libna Stevens, Actualit\u00e9s de la Division Inter Am\u00e9ricaine Elles sont venues en bus de tout le Guatemala et m\u00eame du Mexique,...","og_url":"https:\/\/interamerica.org\/fr\/2023\/10\/au-guatemala-les-femmes-adventistes-sengagent-a-faire-une-difference-dans-leurs-communautes\/","og_site_name":"\u00c9glise Adventiste Du Septieme Jour - Inter Am\u00e9rique Division","article_published_time":"2023-10-20T20:59:34+00:00","article_modified_time":"2023-10-20T23:33:01+00:00","og_image":[{"width":1000,"height":667,"url":"https:\/\/interamerica.org\/wp-content\/uploads\/2023\/10\/guau-wm-congress-colorful-dresses.jpg","type":"image\/jpeg"}],"author":"libna","twitter_card":"summary_large_image","twitter_misc":{"\u00c9crit par":"libna","Dur\u00e9e de lecture estim\u00e9e":"9 minutes"},"schema":{"@context":"https:\/\/schema.org","@graph":[{"@type":"Article","@id":"https:\/\/interamerica.org\/fr\/2023\/10\/au-guatemala-les-femmes-adventistes-sengagent-a-faire-une-difference-dans-leurs-communautes\/#article","isPartOf":{"@id":"https:\/\/interamerica.org\/fr\/2023\/10\/au-guatemala-les-femmes-adventistes-sengagent-a-faire-une-difference-dans-leurs-communautes\/"},"author":{"name":"libna","@id":"https:\/\/interamerica.org\/fr\/#\/schema\/person\/29998f2bc2d8bd0d38662909289b54f1"},"headline":"Au Guatemala, les femmes adventistes s\u2019engagent \u00e0 faire une diff\u00e9rence dans leurs communaut\u00e9s","datePublished":"2023-10-20T20:59:34+00:00","dateModified":"2023-10-20T23:33:01+00:00","mainEntityOfPage":{"@id":"https:\/\/interamerica.org\/fr\/2023\/10\/au-guatemala-les-femmes-adventistes-sengagent-a-faire-une-difference-dans-leurs-communautes\/"},"wordCount":1750,"image":{"@id":"https:\/\/interamerica.org\/fr\/2023\/10\/au-guatemala-les-femmes-adventistes-sengagent-a-faire-une-difference-dans-leurs-communautes\/#primaryimage"},"thumbnailUrl":"https:\/\/interamerica.org\/wp-content\/uploads\/2023\/10\/guau-wm-congress-colorful-dresses.jpg","articleSection":["Nouvelles du territoire","RSS Fran\u00e7ais"],"inLanguage":"fr-FR"},{"@type":"WebPage","@id":"https:\/\/interamerica.org\/fr\/2023\/10\/au-guatemala-les-femmes-adventistes-sengagent-a-faire-une-difference-dans-leurs-communautes\/","url":"https:\/\/interamerica.org\/fr\/2023\/10\/au-guatemala-les-femmes-adventistes-sengagent-a-faire-une-difference-dans-leurs-communautes\/","name":"Au Guatemala, les femmes adventistes s\u2019engagent \u00e0 faire une diff\u00e9rence dans leurs communaut\u00e9s - \u00c9glise Adventiste Du Septieme Jour - Inter Am\u00e9rique Division","isPartOf":{"@id":"https:\/\/interamerica.org\/fr\/#website"},"primaryImageOfPage":{"@id":"https:\/\/interamerica.org\/fr\/2023\/10\/au-guatemala-les-femmes-adventistes-sengagent-a-faire-une-difference-dans-leurs-communautes\/#primaryimage"},"image":{"@id":"https:\/\/interamerica.org\/fr\/2023\/10\/au-guatemala-les-femmes-adventistes-sengagent-a-faire-une-difference-dans-leurs-communautes\/#primaryimage"},"thumbnailUrl":"https:\/\/interamerica.org\/wp-content\/uploads\/2023\/10\/guau-wm-congress-colorful-dresses.jpg","datePublished":"2023-10-20T20:59:34+00:00","dateModified":"2023-10-20T23:33:01+00:00","author":{"@id":"https:\/\/interamerica.org\/fr\/#\/schema\/person\/29998f2bc2d8bd0d38662909289b54f1"},"breadcrumb":{"@id":"https:\/\/interamerica.org\/fr\/2023\/10\/au-guatemala-les-femmes-adventistes-sengagent-a-faire-une-difference-dans-leurs-communautes\/#breadcrumb"},"inLanguage":"fr-FR","potentialAction":[{"@type":"ReadAction","target":["https:\/\/interamerica.org\/fr\/2023\/10\/au-guatemala-les-femmes-adventistes-sengagent-a-faire-une-difference-dans-leurs-communautes\/"]}]},{"@type":"ImageObject","inLanguage":"fr-FR","@id":"https:\/\/interamerica.org\/fr\/2023\/10\/au-guatemala-les-femmes-adventistes-sengagent-a-faire-une-difference-dans-leurs-communautes\/#primaryimage","url":"https:\/\/interamerica.org\/wp-content\/uploads\/2023\/10\/guau-wm-congress-colorful-dresses.jpg","contentUrl":"https:\/\/interamerica.org\/wp-content\/uploads\/2023\/10\/guau-wm-congress-colorful-dresses.jpg","width":1000,"height":667,"caption":"[Photo: Guatemala Union]"},{"@type":"BreadcrumbList","@id":"https:\/\/interamerica.org\/fr\/2023\/10\/au-guatemala-les-femmes-adventistes-sengagent-a-faire-une-difference-dans-leurs-communautes\/#breadcrumb","itemListElement":[{"@type":"ListItem","position":1,"name":"Home","item":"https:\/\/interamerica.org\/fr\/"},{"@type":"ListItem","position":2,"name":"Au Guatemala, les femmes adventistes s\u2019engagent \u00e0 faire une diff\u00e9rence dans leurs communaut\u00e9s"}]},{"@type":"WebSite","@id":"https:\/\/interamerica.org\/fr\/#website","url":"https:\/\/interamerica.org\/fr\/","name":"\u00c9glise Adventiste Du Septieme Jour - Inter Am\u00e9rique Division","description":"","potentialAction":[{"@type":"SearchAction","target":{"@type":"EntryPoint","urlTemplate":"https:\/\/interamerica.org\/fr\/?s={search_term_string}"},"query-input":{"@type":"PropertyValueSpecification","valueRequired":true,"valueName":"search_term_string"}}],"inLanguage":"fr-FR"},{"@type":"Person","@id":"https:\/\/interamerica.org\/fr\/#\/schema\/person\/29998f2bc2d8bd0d38662909289b54f1","name":"libna","image":{"@type":"ImageObject","inLanguage":"fr-FR","@id":"https:\/\/secure.gravatar.com\/avatar\/7c5bd30ae4b47a9ba3c856590957fd1d96dc588bf3ac05719d247e126840331f?s=96&d=mm&r=g","url":"https:\/\/secure.gravatar.com\/avatar\/7c5bd30ae4b47a9ba3c856590957fd1d96dc588bf3ac05719d247e126840331f?s=96&d=mm&r=g","contentUrl":"https:\/\/secure.gravatar.com\/avatar\/7c5bd30ae4b47a9ba3c856590957fd1d96dc588bf3ac05719d247e126840331f?s=96&d=mm&r=g","caption":"libna"}}]}},"_links":{"self":[{"href":"https:\/\/interamerica.org\/fr\/wp-json\/wp\/v2\/posts\/105028","targetHints":{"allow":["GET"]}}],"collection":[{"href":"https:\/\/interamerica.org\/fr\/wp-json\/wp\/v2\/posts"}],"about":[{"href":"https:\/\/interamerica.org\/fr\/wp-json\/wp\/v2\/types\/post"}],"author":[{"embeddable":true,"href":"https:\/\/interamerica.org\/fr\/wp-json\/wp\/v2\/users\/3"}],"replies":[{"embeddable":true,"href":"https:\/\/interamerica.org\/fr\/wp-json\/wp\/v2\/comments?post=105028"}],"version-history":[{"count":0,"href":"https:\/\/interamerica.org\/fr\/wp-json\/wp\/v2\/posts\/105028\/revisions"}],"wp:featuredmedia":[{"embeddable":true,"href":"https:\/\/interamerica.org\/fr\/wp-json\/wp\/v2\/media\/104982"}],"wp:attachment":[{"href":"https:\/\/interamerica.org\/fr\/wp-json\/wp\/v2\/media?parent=105028"}],"wp:term":[{"taxonomy":"category","embeddable":true,"href":"https:\/\/interamerica.org\/fr\/wp-json\/wp\/v2\/categories?post=105028"},{"taxonomy":"post_tag","embeddable":true,"href":"https:\/\/interamerica.org\/fr\/wp-json\/wp\/v2\/tags?post=105028"}],"curies":[{"name":"wp","href":"https:\/\/api.w.org\/{rel}","templated":true}]}}