{"id":106243,"date":"2023-11-15T13:18:31","date_gmt":"2023-11-15T18:18:31","guid":{"rendered":"https:\/\/interamerica.org\/?p=106243"},"modified":"2023-11-15T16:57:12","modified_gmt":"2023-11-15T21:57:12","slug":"un-hopital-adventiste-au-mexique-reconnu-comme-institution-compatissante-pour-son-programme-gratuit-de-chirurgie-oculaire","status":"publish","type":"post","link":"https:\/\/interamerica.org\/fr\/2023\/11\/un-hopital-adventiste-au-mexique-reconnu-comme-institution-compatissante-pour-son-programme-gratuit-de-chirurgie-oculaire\/","title":{"rendered":"Un h\u00f4pital adventiste au Mexique reconnu comme institution compatissante pour son programme gratuit de chirurgie oculaire"},"content":{"rendered":"<p>15 Novembre 2023 | Montemorelos, Nuevo Leon, Mexique | Laura Marrero et \u00c9quipe de Presse de la Division Inter Am\u00e9ricaine<\/p>\n<p>Soixante-dix personnes souffrant de probl\u00e8mes de cataracte et de r\u00e9tinopathie ont retrouv\u00e9 leur vision et ont am\u00e9lior\u00e9 leur qualit\u00e9 de vie de mani\u00e8re significative gr\u00e2ce \u00e0 une r\u00e9cente campagne de chirurgie ophtalmologique gratuite propos\u00e9e par l\u2019H\u00f4pital La Carlota (HLC) \u00e0 l\u2019Universit\u00e9 de Montemorelos, \u00e0 Montemorelos, dans le Nuevo Le\u00f3n, au Mexique. L\u2019activit\u00e9 a eu lieu du 22 au 24 octobre 2023 et a pr\u00e9c\u00e9d\u00e9 la 15\u00e8me Rencontre Mondiale des Valeurs, la premi\u00e8re manifestation \u00e0 laquelle HLC a particip\u00e9 apr\u00e8s avoir \u00e9t\u00e9 r\u00e9cemment reconnu comme une Institution Compatissante par l\u2019organisation Charte pour la Compassion.<\/p>\n<p>La campagne de chirurgie qui s\u2019est \u00e9tal\u00e9e sur trois jours a eu lieu \u00e0 L\u2019Institut de la Vision de HLC. En plus des 40 op\u00e9rations de la cataracte et des 30 traitements de la r\u00e9tine r\u00e9alis\u00e9s, 120 autres op\u00e9rations gratuites de la cataracte ont \u00e9t\u00e9 programm\u00e9es pour janvier 2024, apportant de l\u2019espoir \u00e0 de nombreuses personnes souffrant de ces pathologies. Les interventions ophtalmologiques ont \u00e9t\u00e9 r\u00e9alis\u00e9es par une \u00e9quipe de sp\u00e9cialistes qualifi\u00e9s de l\u2019Institut de la Vision, qui ont donn\u00e9 de leur temps et de leur expertise \u00e0 l\u2019initiative.<\/p>\n<p><div id=\"attachment_106186\" style=\"width: 902px\" class=\"wp-caption aligncenter\"><img fetchpriority=\"high\" decoding=\"async\" aria-describedby=\"caption-attachment-106186\" class=\" wp-image-106185\" src=\"https:\/\/interamerica.org\/wp-content\/uploads\/2023\/11\/um-lacarlota1-vjodyyrwzpkwfnhejifdlq.jpeg\" alt=\"\" width=\"892\" height=\"502\" srcset=\"https:\/\/interamerica.org\/wp-content\/uploads\/2023\/11\/um-lacarlota1-vjodyyrwzpkwfnhejifdlq.jpeg 1024w, https:\/\/interamerica.org\/wp-content\/uploads\/2023\/11\/um-lacarlota1-vjodyyrwzpkwfnhejifdlq-300x169.jpeg 300w, https:\/\/interamerica.org\/wp-content\/uploads\/2023\/11\/um-lacarlota1-vjodyyrwzpkwfnhejifdlq-768x432.jpeg 768w\" sizes=\"(max-width: 892px) 100vw, 892px\" \/><p id=\"caption-attachment-106186\" class=\"wp-caption-text\">Un chirurgien de l\u2019H\u00f4pital Adventiste La Carlota dans le Nuevo Leon, au Mexique, op\u00e8re un patient. Il y a eu 40 op\u00e9rations de la cataracte et 30 traitements de la r\u00e9tine effectu\u00e9s lors de la Rencontre Mondiale des Valeurs \u2013 Charte pour la Compassion. [Photo : H\u00f4pital Adventiste de La Carlota]<\/p><\/div>Au Mexique, plus de 3 millions de personnes souffrent de la cataracte, et ce type d\u2019activit\u00e9 de compassion \u2013 men\u00e9e par HLC en partenariat avec d\u2019autres entit\u00e9s \u2013 constitue une \u00e9tape cruciale vers l\u2019\u00e9radication de cette pathologie dans la r\u00e9gion, ont d\u00e9clar\u00e9 un des dirigeants \u00e0 l\u2019origine de l\u2019initiative, Juan Carlos Pedraza, coordinateur des Brigades M\u00e9dicales \u00e0 l\u2019Institut de la Vision.<\/p>\n<p>Juan Carlos Pedraza a d\u00e9clar\u00e9 que l\u2019initiative mettait l\u2019accent sur l\u2019engagement continu envers la communaut\u00e9 avec pour objectif de servir davantage de personnes. \u00ab En faisant partie de la Charte pour la Compassion, nous r\u00e9it\u00e9rons notre engagement \u00e0 aider et \u00e0 soutenir les personnes les plus vuln\u00e9rables de la soci\u00e9t\u00e9 avec des interventions chirurgicales de qualit\u00e9, quel que soit leur statut socio-\u00e9conomique. Avoir l\u2019opportunit\u00e9 d\u2019\u00eatre une Institution Compatissante est tr\u00e8s avantageux, car notre exp\u00e9rience dans les brigades peut \u00eatre combin\u00e9e au soutien d\u2019institutions ayant une plus grande port\u00e9e, et ainsi, plus de personnes peuvent en b\u00e9n\u00e9ficier. \u00bb<\/p>\n<p>Des sponsors de premier plan ont soutenu et collabor\u00e9 \u00e0 la campagne, y compris le Bureau pour l\u2019\u00c9galit\u00e9 et l\u2019Inclusion du Nuevo Le\u00f3n, le Minist\u00e8re de la Sant\u00e9 du Nuevo Le\u00f3n, le gouvernement de Montemorelos, l\u2019organisation de la Rencontre Mondiale des Valeurs, la Charte pour la Compassion, Carl Zeiss et l\u2019Universit\u00e9 de Montemorelos.<\/p>\n<p><div id=\"attachment_106189\" style=\"width: 911px\" class=\"wp-caption aligncenter\"><img decoding=\"async\" aria-describedby=\"caption-attachment-106189\" class=\" wp-image-106188\" src=\"https:\/\/interamerica.org\/wp-content\/uploads\/2023\/11\/hlc-vision-21-kvm6ui5eddcrk9uprzbifa.jpeg\" alt=\"\" width=\"901\" height=\"507\" srcset=\"https:\/\/interamerica.org\/wp-content\/uploads\/2023\/11\/hlc-vision-21-kvm6ui5eddcrk9uprzbifa.jpeg 1024w, https:\/\/interamerica.org\/wp-content\/uploads\/2023\/11\/hlc-vision-21-kvm6ui5eddcrk9uprzbifa-300x169.jpeg 300w, https:\/\/interamerica.org\/wp-content\/uploads\/2023\/11\/hlc-vision-21-kvm6ui5eddcrk9uprzbifa-768x432.jpeg 768w\" sizes=\"(max-width: 901px) 100vw, 901px\" \/><p id=\"caption-attachment-106189\" class=\"wp-caption-text\">Un patient est soign\u00e9 par un professionnel de la sant\u00e9 \u00e0 l\u2019Institut de la Vision de l\u2019H\u00f4pital Adventiste de La Carlota lors de la r\u00e9cente brigade de soins. [Photo : H\u00f4pital Adventiste de La Carlota]<\/p><\/div>Les 27 et 28 octobre, la 15\u00e8me Rencontre Mondiale des Valeurs s\u2019est d\u00e9roul\u00e9e autour du th\u00e8me \u00ab Harmonie et R\u00e9conciliation Sociales, \u00bb \u00e0 l\u2019Auditorium Pabell\u00f3n de Monterrey, o\u00f9 HLC a officiellement re\u00e7u la distinction \u00ab d\u2019Institution Compatissante \u00bb par la Charte pour la Compassion. Charte pour la Compassion est une organisation mondiale pr\u00e9sente dans 54 pays et dans 440 villes \u00e0 travers le monde. La distinction \u00e9tait une mani\u00e8re de reconnaitre les actions compatissantes de HLC r\u00e9alis\u00e9es au profit de la communaut\u00e9 et dans le cadre de sa mission et de ses valeurs.<\/p>\n<p>\u00ab Ce geste de compassion et de g\u00e9n\u00e9rosit\u00e9 laisse des marques ind\u00e9l\u00e9biles sur la communaut\u00e9, et HLC est heureux d\u2019\u00eatre reconnu comme une Institution Compatissante \u00bb, a d\u00e9clar\u00e9 Juan Carlos Pedraza. \u00ab [C\u2019est] un titre qui permet de distinguer l\u2019h\u00f4pital comme \u00e9tant un exemple \u00e0 suivre dans la promotion de la compassion et l\u2019offre de soins de sant\u00e9 de qualit\u00e9 dans la r\u00e9gion. \u00bb<\/p>\n<p>HLC propose des services de soin de sant\u00e9 depuis 80 ans et offre maintenant de multiples services, dont des soins sp\u00e9cialis\u00e9s, des interventions chirurgicales, des diagnostics et des analyses avanc\u00e9s, des soins hospitaliers et des services d\u2019urgence. En 2022, l\u2019\u00e9tablissement de sant\u00e9 adventiste a r\u00e9alis\u00e9 1610 chirurgies oculaires, mais une initiative de r\u00e9novation des salles de chirurgie a emp\u00each\u00e9 l\u2019h\u00f4pital d\u2019atteindre davantage de personnes en 2023.<\/p>\n<p><div id=\"attachment_106192\" style=\"width: 879px\" class=\"wp-caption aligncenter\"><img decoding=\"async\" aria-describedby=\"caption-attachment-106192\" class=\" wp-image-106191\" src=\"https:\/\/interamerica.org\/wp-content\/uploads\/2023\/11\/hlcarlota3-1-2dhwrye2bzgsmmm5qkouig.jpeg\" alt=\"\" width=\"869\" height=\"489\" srcset=\"https:\/\/interamerica.org\/wp-content\/uploads\/2023\/11\/hlcarlota3-1-2dhwrye2bzgsmmm5qkouig.jpeg 1024w, https:\/\/interamerica.org\/wp-content\/uploads\/2023\/11\/hlcarlota3-1-2dhwrye2bzgsmmm5qkouig-300x169.jpeg 300w, https:\/\/interamerica.org\/wp-content\/uploads\/2023\/11\/hlcarlota3-1-2dhwrye2bzgsmmm5qkouig-768x432.jpeg 768w\" sizes=\"(max-width: 869px) 100vw, 869px\" \/><p id=\"caption-attachment-106192\" class=\"wp-caption-text\">Les dirigeants de l\u2019Universit\u00e9 de Montemorelos et de l\u2019H\u00f4pital Adventiste de La Carlota interviennent lors de la r\u00e9cente inauguration de la brigade chirurgicale de l\u2019institution \u00e0 Montemorelos, dans le Nuevo Leon, au Mexique. [Photo : H\u00f4pital Adventiste de La Carlota]<\/p><\/div>Charte pour la Compassion est une organisation internationale pr\u00e9sente dans 54 pays et 440 villes \u00e0 travers le monde. L\u2019organisation travaille r\u00e9guli\u00e8rement avec diverses entit\u00e9s et gouvernements pour multiplier les services propos\u00e9s aux populations du monde entier. Les dirigeants de HLC ont d\u00e9clar\u00e9 que la d\u00e9signation de l\u2019Universit\u00e9 de Montemorelos et de HLC comme Institutions Compatissantes boostera les efforts de l\u2019\u00e9tat du Nuevo Le\u00f3n au Mexique pour devenir \u00e9galement un \u00c9tat Compatissant, l\u2019un des premiers du pays.<\/p>\n<p>Traduction: Patrick Luciathe<\/p>\n","protected":false},"excerpt":{"rendered":"<p>15 Novembre 2023 | Montemorelos, Nuevo Leon, Mexique | Laura Marrero et \u00c9quipe de Presse de la Division Inter Am\u00e9ricaine Soixante-dix personnes souffrant de probl\u00e8mes de cataracte et de r\u00e9tinopathie&#8230;<\/p>\n","protected":false},"author":3,"featured_media":106186,"comment_status":"closed","ping_status":"closed","sticky":false,"template":"","format":"standard","meta":{"_acf_changed":false,"footnotes":""},"categories":[20,19],"tags":[],"class_list":["post-106243","post","type-post","status-publish","format-standard","has-post-thumbnail","hentry","category-nouvelles-du-siege-de-la-division","category-rss-francais"],"acf":[],"yoast_head":"<!-- This site is optimized with the Yoast SEO plugin v27.3 - https:\/\/yoast.com\/product\/yoast-seo-wordpress\/ -->\n<title>Un h\u00f4pital adventiste au Mexique reconnu comme institution compatissante pour son programme gratuit de chirurgie oculaire - \u00c9glise Adventiste Du Septieme Jour - Inter Am\u00e9rique Division<\/title>\n<meta name=\"robots\" content=\"index, follow, max-snippet:-1, max-image-preview:large, max-video-preview:-1\" \/>\n<link rel=\"canonical\" href=\"https:\/\/interamerica.org\/fr\/2023\/11\/un-hopital-adventiste-au-mexique-reconnu-comme-institution-compatissante-pour-son-programme-gratuit-de-chirurgie-oculaire\/\" \/>\n<meta property=\"og:locale\" content=\"fr_FR\" \/>\n<meta property=\"og:type\" content=\"article\" \/>\n<meta property=\"og:title\" content=\"Un h\u00f4pital adventiste au Mexique reconnu comme institution compatissante pour son programme gratuit de chirurgie oculaire - \u00c9glise Adventiste Du Septieme Jour - Inter Am\u00e9rique Division\" \/>\n<meta property=\"og:description\" content=\"15 Novembre 2023 | Montemorelos, Nuevo Leon, Mexique | Laura Marrero et \u00c9quipe de Presse de la Division Inter Am\u00e9ricaine Soixante-dix personnes souffrant de probl\u00e8mes de cataracte et de r\u00e9tinopathie...\" \/>\n<meta property=\"og:url\" content=\"https:\/\/interamerica.org\/fr\/2023\/11\/un-hopital-adventiste-au-mexique-reconnu-comme-institution-compatissante-pour-son-programme-gratuit-de-chirurgie-oculaire\/\" \/>\n<meta property=\"og:site_name\" content=\"\u00c9glise Adventiste Du Septieme Jour - Inter Am\u00e9rique Division\" \/>\n<meta property=\"article:published_time\" content=\"2023-11-15T18:18:31+00:00\" \/>\n<meta property=\"article:modified_time\" content=\"2023-11-15T21:57:12+00:00\" \/>\n<meta property=\"og:image\" content=\"https:\/\/interamerica.org\/wp-content\/uploads\/2023\/11\/um-lacarlota1-vjodyyrwzpkwfnhejifdlq.jpeg\" \/>\n\t<meta property=\"og:image:width\" content=\"1024\" \/>\n\t<meta property=\"og:image:height\" content=\"576\" \/>\n\t<meta property=\"og:image:type\" content=\"image\/jpeg\" \/>\n<meta name=\"author\" content=\"libna\" \/>\n<meta name=\"twitter:card\" content=\"summary_large_image\" \/>\n<meta name=\"twitter:label1\" content=\"\u00c9crit par\" \/>\n\t<meta name=\"twitter:data1\" content=\"libna\" \/>\n\t<meta name=\"twitter:label2\" content=\"Dur\u00e9e de lecture estim\u00e9e\" \/>\n\t<meta name=\"twitter:data2\" content=\"5 minutes\" \/>\n<script type=\"application\/ld+json\" class=\"yoast-schema-graph\">{\"@context\":\"https:\\\/\\\/schema.org\",\"@graph\":[{\"@type\":\"Article\",\"@id\":\"https:\\\/\\\/interamerica.org\\\/fr\\\/2023\\\/11\\\/un-hopital-adventiste-au-mexique-reconnu-comme-institution-compatissante-pour-son-programme-gratuit-de-chirurgie-oculaire\\\/#article\",\"isPartOf\":{\"@id\":\"https:\\\/\\\/interamerica.org\\\/fr\\\/2023\\\/11\\\/un-hopital-adventiste-au-mexique-reconnu-comme-institution-compatissante-pour-son-programme-gratuit-de-chirurgie-oculaire\\\/\"},\"author\":{\"name\":\"libna\",\"@id\":\"https:\\\/\\\/interamerica.org\\\/fr\\\/#\\\/schema\\\/person\\\/29998f2bc2d8bd0d38662909289b54f1\"},\"headline\":\"Un h\u00f4pital adventiste au Mexique reconnu comme institution compatissante pour son programme gratuit de chirurgie oculaire\",\"datePublished\":\"2023-11-15T18:18:31+00:00\",\"dateModified\":\"2023-11-15T21:57:12+00:00\",\"mainEntityOfPage\":{\"@id\":\"https:\\\/\\\/interamerica.org\\\/fr\\\/2023\\\/11\\\/un-hopital-adventiste-au-mexique-reconnu-comme-institution-compatissante-pour-son-programme-gratuit-de-chirurgie-oculaire\\\/\"},\"wordCount\":958,\"image\":{\"@id\":\"https:\\\/\\\/interamerica.org\\\/fr\\\/2023\\\/11\\\/un-hopital-adventiste-au-mexique-reconnu-comme-institution-compatissante-pour-son-programme-gratuit-de-chirurgie-oculaire\\\/#primaryimage\"},\"thumbnailUrl\":\"https:\\\/\\\/interamerica.org\\\/wp-content\\\/uploads\\\/2023\\\/11\\\/um-lacarlota1-vjodyyrwzpkwfnhejifdlq.jpeg\",\"articleSection\":[\"Nouvelles du si\u00e8ge de la division\",\"RSS Fran\u00e7ais\"],\"inLanguage\":\"fr-FR\"},{\"@type\":\"WebPage\",\"@id\":\"https:\\\/\\\/interamerica.org\\\/fr\\\/2023\\\/11\\\/un-hopital-adventiste-au-mexique-reconnu-comme-institution-compatissante-pour-son-programme-gratuit-de-chirurgie-oculaire\\\/\",\"url\":\"https:\\\/\\\/interamerica.org\\\/fr\\\/2023\\\/11\\\/un-hopital-adventiste-au-mexique-reconnu-comme-institution-compatissante-pour-son-programme-gratuit-de-chirurgie-oculaire\\\/\",\"name\":\"Un h\u00f4pital adventiste au Mexique reconnu comme institution compatissante pour son programme gratuit de chirurgie oculaire - \u00c9glise Adventiste Du Septieme Jour - Inter Am\u00e9rique Division\",\"isPartOf\":{\"@id\":\"https:\\\/\\\/interamerica.org\\\/fr\\\/#website\"},\"primaryImageOfPage\":{\"@id\":\"https:\\\/\\\/interamerica.org\\\/fr\\\/2023\\\/11\\\/un-hopital-adventiste-au-mexique-reconnu-comme-institution-compatissante-pour-son-programme-gratuit-de-chirurgie-oculaire\\\/#primaryimage\"},\"image\":{\"@id\":\"https:\\\/\\\/interamerica.org\\\/fr\\\/2023\\\/11\\\/un-hopital-adventiste-au-mexique-reconnu-comme-institution-compatissante-pour-son-programme-gratuit-de-chirurgie-oculaire\\\/#primaryimage\"},\"thumbnailUrl\":\"https:\\\/\\\/interamerica.org\\\/wp-content\\\/uploads\\\/2023\\\/11\\\/um-lacarlota1-vjodyyrwzpkwfnhejifdlq.jpeg\",\"datePublished\":\"2023-11-15T18:18:31+00:00\",\"dateModified\":\"2023-11-15T21:57:12+00:00\",\"author\":{\"@id\":\"https:\\\/\\\/interamerica.org\\\/fr\\\/#\\\/schema\\\/person\\\/29998f2bc2d8bd0d38662909289b54f1\"},\"breadcrumb\":{\"@id\":\"https:\\\/\\\/interamerica.org\\\/fr\\\/2023\\\/11\\\/un-hopital-adventiste-au-mexique-reconnu-comme-institution-compatissante-pour-son-programme-gratuit-de-chirurgie-oculaire\\\/#breadcrumb\"},\"inLanguage\":\"fr-FR\",\"potentialAction\":[{\"@type\":\"ReadAction\",\"target\":[\"https:\\\/\\\/interamerica.org\\\/fr\\\/2023\\\/11\\\/un-hopital-adventiste-au-mexique-reconnu-comme-institution-compatissante-pour-son-programme-gratuit-de-chirurgie-oculaire\\\/\"]}]},{\"@type\":\"ImageObject\",\"inLanguage\":\"fr-FR\",\"@id\":\"https:\\\/\\\/interamerica.org\\\/fr\\\/2023\\\/11\\\/un-hopital-adventiste-au-mexique-reconnu-comme-institution-compatissante-pour-son-programme-gratuit-de-chirurgie-oculaire\\\/#primaryimage\",\"url\":\"https:\\\/\\\/interamerica.org\\\/wp-content\\\/uploads\\\/2023\\\/11\\\/um-lacarlota1-vjodyyrwzpkwfnhejifdlq.jpeg\",\"contentUrl\":\"https:\\\/\\\/interamerica.org\\\/wp-content\\\/uploads\\\/2023\\\/11\\\/um-lacarlota1-vjodyyrwzpkwfnhejifdlq.jpeg\",\"width\":1024,\"height\":576,\"caption\":\"A surgeon from the La Carlota Adventist Hospital in Nuevo Leon, Mexico, operates on a patient recently. There were 40 cataract surgeries and 30 retina treatments were performed during the World Values Encounter last month. [Photo: La Carlota Hospital]\"},{\"@type\":\"BreadcrumbList\",\"@id\":\"https:\\\/\\\/interamerica.org\\\/fr\\\/2023\\\/11\\\/un-hopital-adventiste-au-mexique-reconnu-comme-institution-compatissante-pour-son-programme-gratuit-de-chirurgie-oculaire\\\/#breadcrumb\",\"itemListElement\":[{\"@type\":\"ListItem\",\"position\":1,\"name\":\"Home\",\"item\":\"https:\\\/\\\/interamerica.org\\\/fr\\\/\"},{\"@type\":\"ListItem\",\"position\":2,\"name\":\"Un h\u00f4pital adventiste au Mexique reconnu comme institution compatissante pour son programme gratuit de chirurgie oculaire\"}]},{\"@type\":\"WebSite\",\"@id\":\"https:\\\/\\\/interamerica.org\\\/fr\\\/#website\",\"url\":\"https:\\\/\\\/interamerica.org\\\/fr\\\/\",\"name\":\"\u00c9glise Adventiste Du Septieme Jour - Inter Am\u00e9rique Division\",\"description\":\"\",\"potentialAction\":[{\"@type\":\"SearchAction\",\"target\":{\"@type\":\"EntryPoint\",\"urlTemplate\":\"https:\\\/\\\/interamerica.org\\\/fr\\\/?s={search_term_string}\"},\"query-input\":{\"@type\":\"PropertyValueSpecification\",\"valueRequired\":true,\"valueName\":\"search_term_string\"}}],\"inLanguage\":\"fr-FR\"},{\"@type\":\"Person\",\"@id\":\"https:\\\/\\\/interamerica.org\\\/fr\\\/#\\\/schema\\\/person\\\/29998f2bc2d8bd0d38662909289b54f1\",\"name\":\"libna\",\"image\":{\"@type\":\"ImageObject\",\"inLanguage\":\"fr-FR\",\"@id\":\"https:\\\/\\\/secure.gravatar.com\\\/avatar\\\/7c5bd30ae4b47a9ba3c856590957fd1d96dc588bf3ac05719d247e126840331f?s=96&d=mm&r=g\",\"url\":\"https:\\\/\\\/secure.gravatar.com\\\/avatar\\\/7c5bd30ae4b47a9ba3c856590957fd1d96dc588bf3ac05719d247e126840331f?s=96&d=mm&r=g\",\"contentUrl\":\"https:\\\/\\\/secure.gravatar.com\\\/avatar\\\/7c5bd30ae4b47a9ba3c856590957fd1d96dc588bf3ac05719d247e126840331f?s=96&d=mm&r=g\",\"caption\":\"libna\"}}]}<\/script>\n<!-- \/ Yoast SEO plugin. -->","yoast_head_json":{"title":"Un h\u00f4pital adventiste au Mexique reconnu comme institution compatissante pour son programme gratuit de chirurgie oculaire - \u00c9glise Adventiste Du Septieme Jour - Inter Am\u00e9rique Division","robots":{"index":"index","follow":"follow","max-snippet":"max-snippet:-1","max-image-preview":"max-image-preview:large","max-video-preview":"max-video-preview:-1"},"canonical":"https:\/\/interamerica.org\/fr\/2023\/11\/un-hopital-adventiste-au-mexique-reconnu-comme-institution-compatissante-pour-son-programme-gratuit-de-chirurgie-oculaire\/","og_locale":"fr_FR","og_type":"article","og_title":"Un h\u00f4pital adventiste au Mexique reconnu comme institution compatissante pour son programme gratuit de chirurgie oculaire - \u00c9glise Adventiste Du Septieme Jour - Inter Am\u00e9rique Division","og_description":"15 Novembre 2023 | Montemorelos, Nuevo Leon, Mexique | Laura Marrero et \u00c9quipe de Presse de la Division Inter Am\u00e9ricaine Soixante-dix personnes souffrant de probl\u00e8mes de cataracte et de r\u00e9tinopathie...","og_url":"https:\/\/interamerica.org\/fr\/2023\/11\/un-hopital-adventiste-au-mexique-reconnu-comme-institution-compatissante-pour-son-programme-gratuit-de-chirurgie-oculaire\/","og_site_name":"\u00c9glise Adventiste Du Septieme Jour - Inter Am\u00e9rique Division","article_published_time":"2023-11-15T18:18:31+00:00","article_modified_time":"2023-11-15T21:57:12+00:00","og_image":[{"width":1024,"height":576,"url":"https:\/\/interamerica.org\/wp-content\/uploads\/2023\/11\/um-lacarlota1-vjodyyrwzpkwfnhejifdlq.jpeg","type":"image\/jpeg"}],"author":"libna","twitter_card":"summary_large_image","twitter_misc":{"\u00c9crit par":"libna","Dur\u00e9e de lecture estim\u00e9e":"5 minutes"},"schema":{"@context":"https:\/\/schema.org","@graph":[{"@type":"Article","@id":"https:\/\/interamerica.org\/fr\/2023\/11\/un-hopital-adventiste-au-mexique-reconnu-comme-institution-compatissante-pour-son-programme-gratuit-de-chirurgie-oculaire\/#article","isPartOf":{"@id":"https:\/\/interamerica.org\/fr\/2023\/11\/un-hopital-adventiste-au-mexique-reconnu-comme-institution-compatissante-pour-son-programme-gratuit-de-chirurgie-oculaire\/"},"author":{"name":"libna","@id":"https:\/\/interamerica.org\/fr\/#\/schema\/person\/29998f2bc2d8bd0d38662909289b54f1"},"headline":"Un h\u00f4pital adventiste au Mexique reconnu comme institution compatissante pour son programme gratuit de chirurgie oculaire","datePublished":"2023-11-15T18:18:31+00:00","dateModified":"2023-11-15T21:57:12+00:00","mainEntityOfPage":{"@id":"https:\/\/interamerica.org\/fr\/2023\/11\/un-hopital-adventiste-au-mexique-reconnu-comme-institution-compatissante-pour-son-programme-gratuit-de-chirurgie-oculaire\/"},"wordCount":958,"image":{"@id":"https:\/\/interamerica.org\/fr\/2023\/11\/un-hopital-adventiste-au-mexique-reconnu-comme-institution-compatissante-pour-son-programme-gratuit-de-chirurgie-oculaire\/#primaryimage"},"thumbnailUrl":"https:\/\/interamerica.org\/wp-content\/uploads\/2023\/11\/um-lacarlota1-vjodyyrwzpkwfnhejifdlq.jpeg","articleSection":["Nouvelles du si\u00e8ge de la division","RSS Fran\u00e7ais"],"inLanguage":"fr-FR"},{"@type":"WebPage","@id":"https:\/\/interamerica.org\/fr\/2023\/11\/un-hopital-adventiste-au-mexique-reconnu-comme-institution-compatissante-pour-son-programme-gratuit-de-chirurgie-oculaire\/","url":"https:\/\/interamerica.org\/fr\/2023\/11\/un-hopital-adventiste-au-mexique-reconnu-comme-institution-compatissante-pour-son-programme-gratuit-de-chirurgie-oculaire\/","name":"Un h\u00f4pital adventiste au Mexique reconnu comme institution compatissante pour son programme gratuit de chirurgie oculaire - \u00c9glise Adventiste Du Septieme Jour - Inter Am\u00e9rique Division","isPartOf":{"@id":"https:\/\/interamerica.org\/fr\/#website"},"primaryImageOfPage":{"@id":"https:\/\/interamerica.org\/fr\/2023\/11\/un-hopital-adventiste-au-mexique-reconnu-comme-institution-compatissante-pour-son-programme-gratuit-de-chirurgie-oculaire\/#primaryimage"},"image":{"@id":"https:\/\/interamerica.org\/fr\/2023\/11\/un-hopital-adventiste-au-mexique-reconnu-comme-institution-compatissante-pour-son-programme-gratuit-de-chirurgie-oculaire\/#primaryimage"},"thumbnailUrl":"https:\/\/interamerica.org\/wp-content\/uploads\/2023\/11\/um-lacarlota1-vjodyyrwzpkwfnhejifdlq.jpeg","datePublished":"2023-11-15T18:18:31+00:00","dateModified":"2023-11-15T21:57:12+00:00","author":{"@id":"https:\/\/interamerica.org\/fr\/#\/schema\/person\/29998f2bc2d8bd0d38662909289b54f1"},"breadcrumb":{"@id":"https:\/\/interamerica.org\/fr\/2023\/11\/un-hopital-adventiste-au-mexique-reconnu-comme-institution-compatissante-pour-son-programme-gratuit-de-chirurgie-oculaire\/#breadcrumb"},"inLanguage":"fr-FR","potentialAction":[{"@type":"ReadAction","target":["https:\/\/interamerica.org\/fr\/2023\/11\/un-hopital-adventiste-au-mexique-reconnu-comme-institution-compatissante-pour-son-programme-gratuit-de-chirurgie-oculaire\/"]}]},{"@type":"ImageObject","inLanguage":"fr-FR","@id":"https:\/\/interamerica.org\/fr\/2023\/11\/un-hopital-adventiste-au-mexique-reconnu-comme-institution-compatissante-pour-son-programme-gratuit-de-chirurgie-oculaire\/#primaryimage","url":"https:\/\/interamerica.org\/wp-content\/uploads\/2023\/11\/um-lacarlota1-vjodyyrwzpkwfnhejifdlq.jpeg","contentUrl":"https:\/\/interamerica.org\/wp-content\/uploads\/2023\/11\/um-lacarlota1-vjodyyrwzpkwfnhejifdlq.jpeg","width":1024,"height":576,"caption":"A surgeon from the La Carlota Adventist Hospital in Nuevo Leon, Mexico, operates on a patient recently. There were 40 cataract surgeries and 30 retina treatments were performed during the World Values Encounter last month. [Photo: La Carlota Hospital]"},{"@type":"BreadcrumbList","@id":"https:\/\/interamerica.org\/fr\/2023\/11\/un-hopital-adventiste-au-mexique-reconnu-comme-institution-compatissante-pour-son-programme-gratuit-de-chirurgie-oculaire\/#breadcrumb","itemListElement":[{"@type":"ListItem","position":1,"name":"Home","item":"https:\/\/interamerica.org\/fr\/"},{"@type":"ListItem","position":2,"name":"Un h\u00f4pital adventiste au Mexique reconnu comme institution compatissante pour son programme gratuit de chirurgie oculaire"}]},{"@type":"WebSite","@id":"https:\/\/interamerica.org\/fr\/#website","url":"https:\/\/interamerica.org\/fr\/","name":"\u00c9glise Adventiste Du Septieme Jour - Inter Am\u00e9rique Division","description":"","potentialAction":[{"@type":"SearchAction","target":{"@type":"EntryPoint","urlTemplate":"https:\/\/interamerica.org\/fr\/?s={search_term_string}"},"query-input":{"@type":"PropertyValueSpecification","valueRequired":true,"valueName":"search_term_string"}}],"inLanguage":"fr-FR"},{"@type":"Person","@id":"https:\/\/interamerica.org\/fr\/#\/schema\/person\/29998f2bc2d8bd0d38662909289b54f1","name":"libna","image":{"@type":"ImageObject","inLanguage":"fr-FR","@id":"https:\/\/secure.gravatar.com\/avatar\/7c5bd30ae4b47a9ba3c856590957fd1d96dc588bf3ac05719d247e126840331f?s=96&d=mm&r=g","url":"https:\/\/secure.gravatar.com\/avatar\/7c5bd30ae4b47a9ba3c856590957fd1d96dc588bf3ac05719d247e126840331f?s=96&d=mm&r=g","contentUrl":"https:\/\/secure.gravatar.com\/avatar\/7c5bd30ae4b47a9ba3c856590957fd1d96dc588bf3ac05719d247e126840331f?s=96&d=mm&r=g","caption":"libna"}}]}},"_links":{"self":[{"href":"https:\/\/interamerica.org\/fr\/wp-json\/wp\/v2\/posts\/106243","targetHints":{"allow":["GET"]}}],"collection":[{"href":"https:\/\/interamerica.org\/fr\/wp-json\/wp\/v2\/posts"}],"about":[{"href":"https:\/\/interamerica.org\/fr\/wp-json\/wp\/v2\/types\/post"}],"author":[{"embeddable":true,"href":"https:\/\/interamerica.org\/fr\/wp-json\/wp\/v2\/users\/3"}],"replies":[{"embeddable":true,"href":"https:\/\/interamerica.org\/fr\/wp-json\/wp\/v2\/comments?post=106243"}],"version-history":[{"count":0,"href":"https:\/\/interamerica.org\/fr\/wp-json\/wp\/v2\/posts\/106243\/revisions"}],"wp:featuredmedia":[{"embeddable":true,"href":"https:\/\/interamerica.org\/fr\/wp-json\/wp\/v2\/media\/106186"}],"wp:attachment":[{"href":"https:\/\/interamerica.org\/fr\/wp-json\/wp\/v2\/media?parent=106243"}],"wp:term":[{"taxonomy":"category","embeddable":true,"href":"https:\/\/interamerica.org\/fr\/wp-json\/wp\/v2\/categories?post=106243"},{"taxonomy":"post_tag","embeddable":true,"href":"https:\/\/interamerica.org\/fr\/wp-json\/wp\/v2\/tags?post=106243"}],"curies":[{"name":"wp","href":"https:\/\/api.w.org\/{rel}","templated":true}]}}