{"id":106515,"date":"2023-11-20T20:38:40","date_gmt":"2023-11-21T01:38:40","guid":{"rendered":"https:\/\/interamerica.org\/?p=106515"},"modified":"2023-11-20T20:47:05","modified_gmt":"2023-11-21T01:47:05","slug":"un-homme-de-foi","status":"publish","type":"post","link":"https:\/\/interamerica.org\/fr\/2023\/11\/un-homme-de-foi\/","title":{"rendered":"Un homme de foi\u00a0"},"content":{"rendered":"<h4 id=\"tw-target-text\" class=\"tw-data-text tw-text-large tw-ta\" dir=\"ltr\" data-placeholder=\"Translation\"><em><span class=\"Y2IQFc\" lang=\"fr\">Le secr\u00e9taire ex\u00e9cutif de la DIA, le pasteur Leonard Johnson, partage des \u00ab p\u00e9pites de leadership \u00bb pour les dirigeants d\u2019\u00e9glises \u00e0 travers le territoire.<\/span><\/em><\/h4>\n<p class=\"tw-data-text tw-text-large tw-ta\" dir=\"ltr\" data-placeholder=\"Translation\"><span class=\"Y2IQFc\" lang=\"fr\">20 novembre 2023 | Miami, Floride, \u00c9tats-Unis | Leonard Johnson, secr\u00e9taire ex\u00e9cutif, Division Inter Am\u00e9ricaine<\/span><\/p>\n<p><span style=\"font-weight: 400;\">Dans la pr\u00e9sentation d\u2019aujourd&rsquo;hui, je voudrais aussi vous parler de Barnabas. Barnabas, comme nous l\u2019avons appris pr\u00e9c\u00e9demment, \u00e9tait un homme de bien. Il \u00e9tait rempli du Saint-Esprit. Mais troisi\u00e8mement, Barnabas \u00e9tait un homme de foi. Il avait foi en son Dieu. Il avait confiance en Dieu. Il croyait en Dieu. Mais vous savez quoi ? Il avait aussi confiance dans les autres.\u00a0<\/span><\/p>\n<p><span style=\"font-weight: 400;\">Comme je vous l&rsquo;ai dit dans la derni\u00e8re pr\u00e9sentation \u00e0 propos de la confiance qu\u2019il avait en Saul, qui deviendra Paul. Mais laissez-moi vous raconter une autre exp\u00e9rience. Il y avait une personne du nom de Jean Marc. Il avait accompagn\u00e9 Paul lors de son premier voyage missionnaire, mais Jean-Marc s\u2019est quelque peu d\u00e9courag\u00e9 et a d\u00e9cid\u00e9 d\u2019arr\u00eater.\u00a0<\/span><\/p>\n<p><span style=\"font-weight: 400;\">On ne fait pas cela avec l&rsquo;Ap\u00f4tre Paul, mais n\u00e9anmoins, \u00e0 cette occasion, il a d\u00e9cid\u00e9 de retourner.\u00a0<\/span><\/p>\n<p><span style=\"font-weight: 400;\">C\u2019est ainsi que nous lisons dans Actes chapitre 15, je reprends maintenant au verset 36 : Quelques jours s&rsquo;\u00e9coul\u00e8rent, apr\u00e8s lesquels Paul dit \u00e0 Barnabas: Retournons visiter les fr\u00e8res dans toutes les villes o\u00f9 nous avons annonc\u00e9 la parole du Seigneur, et Barnabas au verset 37 voulait emmener avec eux Jean, surnomm\u00e9 Marc, mais Paul n\u2019\u00e9tait pas d\u2019accord.\u00a0<\/span><\/p>\n<p><span style=\"font-weight: 400;\">On peut le voir en train de dire non. Barnabas a dit oui. Paul a dit non. Barnabas a dit oui. Voil\u00e0. La Bible dit qu\u2019il y eut un vif dissentiment au point qu\u2019ils se s\u00e9par\u00e8rent l\u2019un de l\u2019autre. Eh bien, ce n\u2019\u00e9tait pas une exp\u00e9rience agr\u00e9able, mais une fois de plus, vous voyez Barnabas croire en Jean Marc, tout comme il a cru en Saul des ann\u00e9es plus t\u00f4t, et il a d\u00e9fendu Jean Marc.\u00a0<\/span><\/p>\n<p><span style=\"font-weight: 400;\">Mais je ne veux pas vous donner l&rsquo;impression que Saul, qui est devenu Paul, \u00e9tait une personne difficile, car lorsque vous lisez dans Colossiens chapitre quatre et dans deux Timoth\u00e9e chapitre quatre verset 12, que Paul a vu les choses autrement, il a chang\u00e9 d&rsquo;avis, et il a \u00e9crit : Prends Marc et am\u00e8ne-le avec toi car il m\u2019est utile pour le minist\u00e8re.\u00a0<\/span><\/p>\n<p><span style=\"font-weight: 400;\">Cela nous dit donc que ce qui peut para\u00eetre n\u00e9gatif et peu prometteur, avec le Christ, peut d\u00e9boucher sur la possibilit\u00e9 d\u2019un jour meilleur, d\u2019une meilleure exp\u00e9rience, Dieu merci. Paul a chang\u00e9 d&rsquo;avis et il a vu le potentiel chez Jean Marc. Et vous savez pourquoi c&rsquo;est arriv\u00e9 ? Tout cela \u00e9tait arriv\u00e9 gr\u00e2ce \u00e0 Barnabas. Je dis aujourd&rsquo;hui que je veux \u00eatre un Barnabas.<\/span><\/p>\n<p><iframe title=\"Un Hombre de Fe |\u00a0Pastor Leonard Johnson\" width=\"500\" height=\"281\" src=\"https:\/\/www.youtube.com\/embed\/y8ZUMBcqQ48?feature=oembed\" frameborder=\"0\" allow=\"accelerometer; autoplay; clipboard-write; encrypted-media; gyroscope; picture-in-picture; web-share\" referrerpolicy=\"strict-origin-when-cross-origin\" allowfullscreen><\/iframe><\/p>\n","protected":false},"excerpt":{"rendered":"<p>Le secr\u00e9taire ex\u00e9cutif de la DIA, le pasteur Leonard Johnson, partage des \u00ab p\u00e9pites de leadership \u00bb pour les dirigeants d\u2019\u00e9glises \u00e0 travers le territoire. 20 novembre 2023 | Miami,&#8230;<\/p>\n","protected":false},"author":3,"featured_media":106558,"comment_status":"closed","ping_status":"closed","sticky":false,"template":"","format":"standard","meta":{"_acf_changed":false,"footnotes":""},"categories":[20,19],"tags":[],"class_list":["post-106515","post","type-post","status-publish","format-standard","has-post-thumbnail","hentry","category-nouvelles-du-siege-de-la-division","category-rss-francais"],"acf":[],"yoast_head":"<!-- This site is optimized with the Yoast SEO plugin v27.3 - https:\/\/yoast.com\/product\/yoast-seo-wordpress\/ -->\n<title>Un homme de foi\u00a0 - \u00c9glise Adventiste Du Septieme Jour - Inter Am\u00e9rique Division<\/title>\n<meta name=\"robots\" content=\"index, follow, max-snippet:-1, max-image-preview:large, max-video-preview:-1\" \/>\n<link rel=\"canonical\" href=\"https:\/\/interamerica.org\/fr\/2023\/11\/un-homme-de-foi\/\" \/>\n<meta property=\"og:locale\" content=\"fr_FR\" \/>\n<meta property=\"og:type\" content=\"article\" \/>\n<meta property=\"og:title\" content=\"Un homme de foi\u00a0 - \u00c9glise Adventiste Du Septieme Jour - Inter Am\u00e9rique Division\" \/>\n<meta property=\"og:description\" content=\"Le secr\u00e9taire ex\u00e9cutif de la DIA, le pasteur Leonard Johnson, partage des \u00ab p\u00e9pites de leadership \u00bb pour les dirigeants d\u2019\u00e9glises \u00e0 travers le territoire. 20 novembre 2023 | Miami,...\" \/>\n<meta property=\"og:url\" content=\"https:\/\/interamerica.org\/fr\/2023\/11\/un-homme-de-foi\/\" \/>\n<meta property=\"og:site_name\" content=\"\u00c9glise Adventiste Du Septieme Jour - Inter Am\u00e9rique Division\" \/>\n<meta property=\"article:published_time\" content=\"2023-11-21T01:38:40+00:00\" \/>\n<meta property=\"article:modified_time\" content=\"2023-11-21T01:47:05+00:00\" \/>\n<meta property=\"og:image\" content=\"https:\/\/interamerica.org\/wp-content\/uploads\/2023\/11\/ljmanoffaith-fre.jpg\" \/>\n\t<meta property=\"og:image:width\" content=\"1280\" \/>\n\t<meta property=\"og:image:height\" content=\"720\" \/>\n\t<meta property=\"og:image:type\" content=\"image\/jpeg\" \/>\n<meta name=\"author\" content=\"libna\" \/>\n<meta name=\"twitter:card\" content=\"summary_large_image\" \/>\n<meta name=\"twitter:label1\" content=\"\u00c9crit par\" \/>\n\t<meta name=\"twitter:data1\" content=\"libna\" \/>\n\t<meta name=\"twitter:label2\" content=\"Dur\u00e9e de lecture estim\u00e9e\" \/>\n\t<meta name=\"twitter:data2\" content=\"2 minutes\" \/>\n<script type=\"application\/ld+json\" class=\"yoast-schema-graph\">{\"@context\":\"https:\\\/\\\/schema.org\",\"@graph\":[{\"@type\":\"Article\",\"@id\":\"https:\\\/\\\/interamerica.org\\\/fr\\\/2023\\\/11\\\/un-homme-de-foi\\\/#article\",\"isPartOf\":{\"@id\":\"https:\\\/\\\/interamerica.org\\\/fr\\\/2023\\\/11\\\/un-homme-de-foi\\\/\"},\"author\":{\"name\":\"libna\",\"@id\":\"https:\\\/\\\/interamerica.org\\\/fr\\\/#\\\/schema\\\/person\\\/29998f2bc2d8bd0d38662909289b54f1\"},\"headline\":\"Un homme de foi\u00a0\",\"datePublished\":\"2023-11-21T01:38:40+00:00\",\"dateModified\":\"2023-11-21T01:47:05+00:00\",\"mainEntityOfPage\":{\"@id\":\"https:\\\/\\\/interamerica.org\\\/fr\\\/2023\\\/11\\\/un-homme-de-foi\\\/\"},\"wordCount\":496,\"image\":{\"@id\":\"https:\\\/\\\/interamerica.org\\\/fr\\\/2023\\\/11\\\/un-homme-de-foi\\\/#primaryimage\"},\"thumbnailUrl\":\"https:\\\/\\\/interamerica.org\\\/wp-content\\\/uploads\\\/2023\\\/11\\\/ljmanoffaith-fre.jpg\",\"articleSection\":[\"Nouvelles du si\u00e8ge de la division\",\"RSS Fran\u00e7ais\"],\"inLanguage\":\"fr-FR\"},{\"@type\":\"WebPage\",\"@id\":\"https:\\\/\\\/interamerica.org\\\/fr\\\/2023\\\/11\\\/un-homme-de-foi\\\/\",\"url\":\"https:\\\/\\\/interamerica.org\\\/fr\\\/2023\\\/11\\\/un-homme-de-foi\\\/\",\"name\":\"Un homme de foi\u00a0 - \u00c9glise Adventiste Du Septieme Jour - Inter Am\u00e9rique Division\",\"isPartOf\":{\"@id\":\"https:\\\/\\\/interamerica.org\\\/fr\\\/#website\"},\"primaryImageOfPage\":{\"@id\":\"https:\\\/\\\/interamerica.org\\\/fr\\\/2023\\\/11\\\/un-homme-de-foi\\\/#primaryimage\"},\"image\":{\"@id\":\"https:\\\/\\\/interamerica.org\\\/fr\\\/2023\\\/11\\\/un-homme-de-foi\\\/#primaryimage\"},\"thumbnailUrl\":\"https:\\\/\\\/interamerica.org\\\/wp-content\\\/uploads\\\/2023\\\/11\\\/ljmanoffaith-fre.jpg\",\"datePublished\":\"2023-11-21T01:38:40+00:00\",\"dateModified\":\"2023-11-21T01:47:05+00:00\",\"author\":{\"@id\":\"https:\\\/\\\/interamerica.org\\\/fr\\\/#\\\/schema\\\/person\\\/29998f2bc2d8bd0d38662909289b54f1\"},\"breadcrumb\":{\"@id\":\"https:\\\/\\\/interamerica.org\\\/fr\\\/2023\\\/11\\\/un-homme-de-foi\\\/#breadcrumb\"},\"inLanguage\":\"fr-FR\",\"potentialAction\":[{\"@type\":\"ReadAction\",\"target\":[\"https:\\\/\\\/interamerica.org\\\/fr\\\/2023\\\/11\\\/un-homme-de-foi\\\/\"]}]},{\"@type\":\"ImageObject\",\"inLanguage\":\"fr-FR\",\"@id\":\"https:\\\/\\\/interamerica.org\\\/fr\\\/2023\\\/11\\\/un-homme-de-foi\\\/#primaryimage\",\"url\":\"https:\\\/\\\/interamerica.org\\\/wp-content\\\/uploads\\\/2023\\\/11\\\/ljmanoffaith-fre.jpg\",\"contentUrl\":\"https:\\\/\\\/interamerica.org\\\/wp-content\\\/uploads\\\/2023\\\/11\\\/ljmanoffaith-fre.jpg\",\"width\":1280,\"height\":720},{\"@type\":\"BreadcrumbList\",\"@id\":\"https:\\\/\\\/interamerica.org\\\/fr\\\/2023\\\/11\\\/un-homme-de-foi\\\/#breadcrumb\",\"itemListElement\":[{\"@type\":\"ListItem\",\"position\":1,\"name\":\"Home\",\"item\":\"https:\\\/\\\/interamerica.org\\\/fr\\\/\"},{\"@type\":\"ListItem\",\"position\":2,\"name\":\"Un homme de foi\u00a0\"}]},{\"@type\":\"WebSite\",\"@id\":\"https:\\\/\\\/interamerica.org\\\/fr\\\/#website\",\"url\":\"https:\\\/\\\/interamerica.org\\\/fr\\\/\",\"name\":\"\u00c9glise Adventiste Du Septieme Jour - Inter Am\u00e9rique Division\",\"description\":\"\",\"potentialAction\":[{\"@type\":\"SearchAction\",\"target\":{\"@type\":\"EntryPoint\",\"urlTemplate\":\"https:\\\/\\\/interamerica.org\\\/fr\\\/?s={search_term_string}\"},\"query-input\":{\"@type\":\"PropertyValueSpecification\",\"valueRequired\":true,\"valueName\":\"search_term_string\"}}],\"inLanguage\":\"fr-FR\"},{\"@type\":\"Person\",\"@id\":\"https:\\\/\\\/interamerica.org\\\/fr\\\/#\\\/schema\\\/person\\\/29998f2bc2d8bd0d38662909289b54f1\",\"name\":\"libna\",\"image\":{\"@type\":\"ImageObject\",\"inLanguage\":\"fr-FR\",\"@id\":\"https:\\\/\\\/secure.gravatar.com\\\/avatar\\\/7c5bd30ae4b47a9ba3c856590957fd1d96dc588bf3ac05719d247e126840331f?s=96&d=mm&r=g\",\"url\":\"https:\\\/\\\/secure.gravatar.com\\\/avatar\\\/7c5bd30ae4b47a9ba3c856590957fd1d96dc588bf3ac05719d247e126840331f?s=96&d=mm&r=g\",\"contentUrl\":\"https:\\\/\\\/secure.gravatar.com\\\/avatar\\\/7c5bd30ae4b47a9ba3c856590957fd1d96dc588bf3ac05719d247e126840331f?s=96&d=mm&r=g\",\"caption\":\"libna\"}}]}<\/script>\n<!-- \/ Yoast SEO plugin. -->","yoast_head_json":{"title":"Un homme de foi\u00a0 - \u00c9glise Adventiste Du Septieme Jour - Inter Am\u00e9rique Division","robots":{"index":"index","follow":"follow","max-snippet":"max-snippet:-1","max-image-preview":"max-image-preview:large","max-video-preview":"max-video-preview:-1"},"canonical":"https:\/\/interamerica.org\/fr\/2023\/11\/un-homme-de-foi\/","og_locale":"fr_FR","og_type":"article","og_title":"Un homme de foi\u00a0 - \u00c9glise Adventiste Du Septieme Jour - Inter Am\u00e9rique Division","og_description":"Le secr\u00e9taire ex\u00e9cutif de la DIA, le pasteur Leonard Johnson, partage des \u00ab p\u00e9pites de leadership \u00bb pour les dirigeants d\u2019\u00e9glises \u00e0 travers le territoire. 20 novembre 2023 | Miami,...","og_url":"https:\/\/interamerica.org\/fr\/2023\/11\/un-homme-de-foi\/","og_site_name":"\u00c9glise Adventiste Du Septieme Jour - Inter Am\u00e9rique Division","article_published_time":"2023-11-21T01:38:40+00:00","article_modified_time":"2023-11-21T01:47:05+00:00","og_image":[{"width":1280,"height":720,"url":"https:\/\/interamerica.org\/wp-content\/uploads\/2023\/11\/ljmanoffaith-fre.jpg","type":"image\/jpeg"}],"author":"libna","twitter_card":"summary_large_image","twitter_misc":{"\u00c9crit par":"libna","Dur\u00e9e de lecture estim\u00e9e":"2 minutes"},"schema":{"@context":"https:\/\/schema.org","@graph":[{"@type":"Article","@id":"https:\/\/interamerica.org\/fr\/2023\/11\/un-homme-de-foi\/#article","isPartOf":{"@id":"https:\/\/interamerica.org\/fr\/2023\/11\/un-homme-de-foi\/"},"author":{"name":"libna","@id":"https:\/\/interamerica.org\/fr\/#\/schema\/person\/29998f2bc2d8bd0d38662909289b54f1"},"headline":"Un homme de foi\u00a0","datePublished":"2023-11-21T01:38:40+00:00","dateModified":"2023-11-21T01:47:05+00:00","mainEntityOfPage":{"@id":"https:\/\/interamerica.org\/fr\/2023\/11\/un-homme-de-foi\/"},"wordCount":496,"image":{"@id":"https:\/\/interamerica.org\/fr\/2023\/11\/un-homme-de-foi\/#primaryimage"},"thumbnailUrl":"https:\/\/interamerica.org\/wp-content\/uploads\/2023\/11\/ljmanoffaith-fre.jpg","articleSection":["Nouvelles du si\u00e8ge de la division","RSS Fran\u00e7ais"],"inLanguage":"fr-FR"},{"@type":"WebPage","@id":"https:\/\/interamerica.org\/fr\/2023\/11\/un-homme-de-foi\/","url":"https:\/\/interamerica.org\/fr\/2023\/11\/un-homme-de-foi\/","name":"Un homme de foi\u00a0 - \u00c9glise Adventiste Du Septieme Jour - Inter Am\u00e9rique Division","isPartOf":{"@id":"https:\/\/interamerica.org\/fr\/#website"},"primaryImageOfPage":{"@id":"https:\/\/interamerica.org\/fr\/2023\/11\/un-homme-de-foi\/#primaryimage"},"image":{"@id":"https:\/\/interamerica.org\/fr\/2023\/11\/un-homme-de-foi\/#primaryimage"},"thumbnailUrl":"https:\/\/interamerica.org\/wp-content\/uploads\/2023\/11\/ljmanoffaith-fre.jpg","datePublished":"2023-11-21T01:38:40+00:00","dateModified":"2023-11-21T01:47:05+00:00","author":{"@id":"https:\/\/interamerica.org\/fr\/#\/schema\/person\/29998f2bc2d8bd0d38662909289b54f1"},"breadcrumb":{"@id":"https:\/\/interamerica.org\/fr\/2023\/11\/un-homme-de-foi\/#breadcrumb"},"inLanguage":"fr-FR","potentialAction":[{"@type":"ReadAction","target":["https:\/\/interamerica.org\/fr\/2023\/11\/un-homme-de-foi\/"]}]},{"@type":"ImageObject","inLanguage":"fr-FR","@id":"https:\/\/interamerica.org\/fr\/2023\/11\/un-homme-de-foi\/#primaryimage","url":"https:\/\/interamerica.org\/wp-content\/uploads\/2023\/11\/ljmanoffaith-fre.jpg","contentUrl":"https:\/\/interamerica.org\/wp-content\/uploads\/2023\/11\/ljmanoffaith-fre.jpg","width":1280,"height":720},{"@type":"BreadcrumbList","@id":"https:\/\/interamerica.org\/fr\/2023\/11\/un-homme-de-foi\/#breadcrumb","itemListElement":[{"@type":"ListItem","position":1,"name":"Home","item":"https:\/\/interamerica.org\/fr\/"},{"@type":"ListItem","position":2,"name":"Un homme de foi\u00a0"}]},{"@type":"WebSite","@id":"https:\/\/interamerica.org\/fr\/#website","url":"https:\/\/interamerica.org\/fr\/","name":"\u00c9glise Adventiste Du Septieme Jour - Inter Am\u00e9rique Division","description":"","potentialAction":[{"@type":"SearchAction","target":{"@type":"EntryPoint","urlTemplate":"https:\/\/interamerica.org\/fr\/?s={search_term_string}"},"query-input":{"@type":"PropertyValueSpecification","valueRequired":true,"valueName":"search_term_string"}}],"inLanguage":"fr-FR"},{"@type":"Person","@id":"https:\/\/interamerica.org\/fr\/#\/schema\/person\/29998f2bc2d8bd0d38662909289b54f1","name":"libna","image":{"@type":"ImageObject","inLanguage":"fr-FR","@id":"https:\/\/secure.gravatar.com\/avatar\/7c5bd30ae4b47a9ba3c856590957fd1d96dc588bf3ac05719d247e126840331f?s=96&d=mm&r=g","url":"https:\/\/secure.gravatar.com\/avatar\/7c5bd30ae4b47a9ba3c856590957fd1d96dc588bf3ac05719d247e126840331f?s=96&d=mm&r=g","contentUrl":"https:\/\/secure.gravatar.com\/avatar\/7c5bd30ae4b47a9ba3c856590957fd1d96dc588bf3ac05719d247e126840331f?s=96&d=mm&r=g","caption":"libna"}}]}},"_links":{"self":[{"href":"https:\/\/interamerica.org\/fr\/wp-json\/wp\/v2\/posts\/106515","targetHints":{"allow":["GET"]}}],"collection":[{"href":"https:\/\/interamerica.org\/fr\/wp-json\/wp\/v2\/posts"}],"about":[{"href":"https:\/\/interamerica.org\/fr\/wp-json\/wp\/v2\/types\/post"}],"author":[{"embeddable":true,"href":"https:\/\/interamerica.org\/fr\/wp-json\/wp\/v2\/users\/3"}],"replies":[{"embeddable":true,"href":"https:\/\/interamerica.org\/fr\/wp-json\/wp\/v2\/comments?post=106515"}],"version-history":[{"count":0,"href":"https:\/\/interamerica.org\/fr\/wp-json\/wp\/v2\/posts\/106515\/revisions"}],"wp:featuredmedia":[{"embeddable":true,"href":"https:\/\/interamerica.org\/fr\/wp-json\/wp\/v2\/media\/106558"}],"wp:attachment":[{"href":"https:\/\/interamerica.org\/fr\/wp-json\/wp\/v2\/media?parent=106515"}],"wp:term":[{"taxonomy":"category","embeddable":true,"href":"https:\/\/interamerica.org\/fr\/wp-json\/wp\/v2\/categories?post=106515"},{"taxonomy":"post_tag","embeddable":true,"href":"https:\/\/interamerica.org\/fr\/wp-json\/wp\/v2\/tags?post=106515"}],"curies":[{"name":"wp","href":"https:\/\/api.w.org\/{rel}","templated":true}]}}