{"id":107861,"date":"2023-12-05T13:00:28","date_gmt":"2023-12-05T18:00:28","guid":{"rendered":"https:\/\/interamerica.org\/?p=107861"},"modified":"2023-12-07T11:38:38","modified_gmt":"2023-12-07T16:38:38","slug":"a-la-cop-28-de-dubai-adra-milite-pour-des-solutions-exhaustives-aux-changements-climatiques","status":"publish","type":"post","link":"https:\/\/interamerica.org\/fr\/2023\/12\/a-la-cop-28-de-dubai-adra-milite-pour-des-solutions-exhaustives-aux-changements-climatiques\/","title":{"rendered":"\u00c0 la COP\u00a028 de Duba\u00ef, ADRA milite pour des solutions exhaustives aux changements climatiques"},"content":{"rendered":"<p><b>Le bras humanitaire de l\u2019\u00c9glise adventiste coordonnera des s\u00e9ances et des panels de discussion.<\/b><\/p>\n<p><span style=\"font-weight: 400;\">Le 5 d\u00e9cembre 2023 | Silver Spring, Maryland, \u00c9tats-Unis | ADRA International et <\/span><i><span style=\"font-weight: 400;\">Adventist Review<\/span><\/i><\/p>\n<p><span style=\"font-weight: 400;\">L\u2019Agence de d\u00e9veloppement et de secours adventiste (ADRA) est pr\u00e9sente \u00e0 la COP 28 pour parler de son exp\u00e9rience dans l\u2019accroissement de la r\u00e9silience et du d\u00e9veloppement durable qui aident les communaut\u00e9s vuln\u00e9rables du monde \u00e0 anticiper les effets des changements climatiques, \u00e0 s\u2019y adapter et \u00e0 les att\u00e9nuer.<\/span><\/p>\n<p><span style=\"font-weight: 400;\">La COP 28, congr\u00e8s sur les changements climatiques de l\u2019Organisation des Nations unies, a lieu \u00e0 Duba\u00ef, aux \u00c9mirats arabes unis, du 30 novembre au 12 d\u00e9cembre. ADRA sera d\u2019ailleurs officiellement reconnue comme agence humanitaire collaborative lors de cet \u00e9v\u00e9nement annuel. La COP 28 sert de plateforme pour les dirigeants, les scientifiques et les experts environnementaux du monde entier; ils y \u00e9changent des id\u00e9es et cherchent des solutions pour s\u2019attaquer aux impacts des changements climatiques.<\/span><\/p>\n<p><span style=\"font-weight: 400;\">\u00ab\u00a0Les cons\u00e9quences sont beaucoup plus \u00e9tendues que beaucoup d\u2019entre nous n\u2019en sont conscients, a expliqu\u00e9 Imad Madanat, vice-pr\u00e9sident d\u2019ADRA pour les affaires humanitaires et les normes du r\u00e9seau. ADRA est aux premi\u00e8res lignes de ce combat contre les cons\u00e9quences des catastrophes li\u00e9es au climat qui affectent la subsistance et la sant\u00e9 des communaut\u00e9s avec lesquelles nous travaillons et qui prolongent l\u2019injustice et la pauvret\u00e9.\u00a0\u00bb<\/span><\/p>\n<p><div id=\"attachment_107433\" style=\"width: 880px\" class=\"wp-caption aligncenter\"><img fetchpriority=\"high\" decoding=\"async\" aria-describedby=\"caption-attachment-107433\" class=\" wp-image-107432\" src=\"https:\/\/interamerica.org\/wp-content\/uploads\/2023\/12\/adra-cop28dsc04233.jpeg\" alt=\"\" width=\"870\" height=\"580\" srcset=\"https:\/\/interamerica.org\/wp-content\/uploads\/2023\/12\/adra-cop28dsc04233.jpeg 1000w, https:\/\/interamerica.org\/wp-content\/uploads\/2023\/12\/adra-cop28dsc04233-300x200.jpeg 300w, https:\/\/interamerica.org\/wp-content\/uploads\/2023\/12\/adra-cop28dsc04233-768x512.jpeg 768w\" sizes=\"(max-width: 870px) 100vw, 870px\" \/><p id=\"caption-attachment-107433\" class=\"wp-caption-text\"><span style=\"font-weight: 400;\">En zone rurale, ADRA enseigne aux gens \u00e0 construire et \u00e0 utiliser des serres pour augmenter leurs revenus et am\u00e9liorer l\u2019alimentation de leurs enfants. [Une photo d\u2019ADRA International]<\/span><\/p><\/div><span style=\"font-weight: 400;\">\u00ab\u00a0En tant que bras humanitaire de l\u2019\u00c9glise adventiste du septi\u00e8me jour, ADRA se consacre au soutien des communaut\u00e9s de toutes les couches de la soci\u00e9t\u00e9 en mettant en \u0153uvre des projets de d\u00e9veloppement durable qui am\u00e9liorent la r\u00e9silience socio\u00e9conomique et qui permet aux gens d\u2019anticiper et d\u2019att\u00e9nuer les dangers li\u00e9s au climat, puis de s\u2019y adapter. Nous faisons cela dans le but de sauver des vies et de donner un espoir de dignit\u00e9 et d\u2019\u00e9panouissement\u00a0\u00bb, a ajout\u00e9 M.\u00a0Madanat.\u00a0<\/span><\/p>\n<p><span style=\"font-weight: 400;\">Les \u00e9quipes de terrain d\u2019ADRA ont acquis une expertise inestimable au fil des ans en mati\u00e8re d\u2019att\u00e9nuation des effets des changements climatiques et d\u2019adaptation \u00e0 ceux-ci, a expliqu\u00e9 M. Madanat. \u00c0 cet \u00e9gard, a-t-il dit, \u00ab La COP 28 pr\u00e9sentera une autre occasion pour nous de partager ces connaissances, comme nous l\u2019avons fait par le pass\u00e9, pour nous assurer que les int\u00e9r\u00eats et les besoins de ces communaut\u00e9s vuln\u00e9rables sont pris en compte lors des discussions. \u00bb<\/span><\/p>\n<p><b>Les strat\u00e9gies d\u2019ADRA adapt\u00e9es au climat\u00a0<\/b><\/p>\n<p><span style=\"font-weight: 400;\">Pendant plus de 20\u00a0ans, l\u2019organisation humanitaire a d\u00e9velopp\u00e9 et mis en \u0153uvre des initiatives naturelles en tandem avec des solutions d\u2019ing\u00e9nierie r\u00e9silientes au climat, puis renforc\u00e9 les capacit\u00e9s de gestion des ressources, tout cela dans le but d\u2019aider les communaut\u00e9s \u00e0 encaisser les coups des changements climatiques, \u00e0 s\u2019y adapter et \u00e0 se transformer pour y survivre. Elle a lanc\u00e9 des dizaines de projets pour encourager les pratiques adapt\u00e9es au climat dans des communaut\u00e9s n\u00e9glig\u00e9es du monde entier. Ces projets comprennent la construction de maisons bien isol\u00e9es, saines et r\u00e9silientes aux changements climatiques pour pr\u00e9venir les maladies au sein des communaut\u00e9s autochtones, l\u2019installation de syst\u00e8mes d\u2019irrigation goutte \u00e0 goutte dans les parcelles agricoles afin d\u2019\u00e9conomiser l\u2019eau et les fertilisants lors des cycles de s\u00e9cheresse ainsi que l\u2019utilisation de graines r\u00e9sistantes \u00e0 la s\u00e9cheresse pour cultiver des produits malgr\u00e9 tout.<\/span><\/p>\n<p><div id=\"attachment_107436\" style=\"width: 855px\" class=\"wp-caption aligncenter\"><img decoding=\"async\" aria-describedby=\"caption-attachment-107436\" class=\" wp-image-107435\" src=\"https:\/\/interamerica.org\/wp-content\/uploads\/2023\/12\/adra-cop282-dsc04221.jpeg\" alt=\"\" width=\"845\" height=\"563\" srcset=\"https:\/\/interamerica.org\/wp-content\/uploads\/2023\/12\/adra-cop282-dsc04221.jpeg 1000w, https:\/\/interamerica.org\/wp-content\/uploads\/2023\/12\/adra-cop282-dsc04221-300x200.jpeg 300w, https:\/\/interamerica.org\/wp-content\/uploads\/2023\/12\/adra-cop282-dsc04221-768x512.jpeg 768w\" sizes=\"(max-width: 845px) 100vw, 845px\" \/><p id=\"caption-attachment-107436\" class=\"wp-caption-text\"><span style=\"font-weight: 400;\">ADRA a lanc\u00e9 des dizaines de projets pour encourager les pratiques adapt\u00e9es aux changements climatiques dans des communaut\u00e9s n\u00e9glig\u00e9es du monde entier. [Une photo d\u2019ADRA International]<\/span><\/p><\/div><span style=\"font-weight: 400;\">ADRA a aussi con\u00e7u des techniques d\u2019agriculture pour remplacer les herbicides et les pesticides chimiques par d\u2019autres produits moins chers, biologiques et doux pour l\u2019environnement; construit des serres pour augmenter les revenus et am\u00e9liorer l\u2019alimentation des enfants en zone rurale; et offert des formations pratiques aux femmes et aux groupes marginalis\u00e9s afin de leur donner un meilleur acc\u00e8s \u00e0 des moyens de subsistance par des techniques d\u2019agriculture r\u00e9siliente. De plus, elle a construit des maisons \u00e0 partir de bouteilles de plastique recyclable pour les personnes d\u00e9plac\u00e9es et invalide \u00e0 cause de la l\u00e8pre.<\/span><\/p>\n<p><b>ADRA passe en mode carboneutre<\/b><\/p>\n<p><span style=\"font-weight: 400;\">ADRA met en \u0153uvre des initiatives environnementales pour atteindre la carboneutralit\u00e9, soit une \u00e9mission quasi nulle de gaz \u00e0 effet de serre dans ses activit\u00e9s humaines. Selon les \u00e9tudes sur le climat men\u00e9es par la NASA, les gaz \u00e0 effet de serre font monter les niveaux de la mer, augmentent la temp\u00e9rature \u00e0 la surface de la Terre, r\u00e9duisent les accumulations de neige et augmentent les risques de s\u00e9cheresses et de feux de for\u00eat. L\u2019agence mondiale a publi\u00e9 un Guide de r\u00e9duction de carbone en 2021 et a partag\u00e9 les le\u00e7ons qu\u2019elle a apprises lors des congr\u00e8s pr\u00e9c\u00e9dents, soit la COP 26 et la COP 27. De nombreux bureaux nationaux du r\u00e9seau mondial d\u2019ADRA ont d\u00e9j\u00e0 sign\u00e9 la Charte sur le climat et l\u2019environnement pour les organisations humanitaires, qui offre un ensemble de recommandations relatives aux interventions humanitaires directes en r\u00e9ponse aux changements climatiques. En 2022, les bureaux d\u2019ADRA en Allemagne et au Canada faisaient \u00e9galement partie du Comit\u00e9 international de la Croix-Rouge (CICR) et du projet pilote EcoAct servant \u00e0 cr\u00e9er un Calculateur de carbone pour les organisations humanitaires. C\u2019est d\u2019ailleurs ce qui a aid\u00e9 ADRA \u00e0 calculer les \u00e9missions de gaz de ses projets dans diff\u00e9rentes parties du monde.<\/span><\/p>\n<p><div id=\"attachment_107440\" style=\"width: 512px\" class=\"wp-caption aligncenter\"><img decoding=\"async\" aria-describedby=\"caption-attachment-107440\" class=\" wp-image-107439\" src=\"https:\/\/interamerica.org\/wp-content\/uploads\/2023\/12\/adra-i-3-cbef7384-f0df-422a-9aa1-eb63fbe7f6f3-1-201-a-683x1024.jpeg\" alt=\"\" width=\"502\" height=\"753\" srcset=\"https:\/\/interamerica.org\/wp-content\/uploads\/2023\/12\/adra-i-3-cbef7384-f0df-422a-9aa1-eb63fbe7f6f3-1-201-a-683x1024.jpeg 683w, https:\/\/interamerica.org\/wp-content\/uploads\/2023\/12\/adra-i-3-cbef7384-f0df-422a-9aa1-eb63fbe7f6f3-1-201-a-200x300.jpeg 200w, https:\/\/interamerica.org\/wp-content\/uploads\/2023\/12\/adra-i-3-cbef7384-f0df-422a-9aa1-eb63fbe7f6f3-1-201-a-768x1152.jpeg 768w, https:\/\/interamerica.org\/wp-content\/uploads\/2023\/12\/adra-i-3-cbef7384-f0df-422a-9aa1-eb63fbe7f6f3-1-201-a.jpeg 1000w\" sizes=\"(max-width: 502px) 100vw, 502px\" \/><p id=\"caption-attachment-107440\" class=\"wp-caption-text\"><span style=\"font-weight: 400;\">Les syst\u00e8mes d\u2019irrigation goutte \u00e0 goutte d\u2019ADRA dans des parcelles agricoles permettent l\u2019\u00e9conomie d\u2019eau et de fertilisants durant les cycles de s\u00e9cheresses. [Une photo d\u2019ADRA International]<\/span><\/p><\/div><span style=\"font-weight: 400;\">\u00ab\u00a0ADRA peut cr\u00e9er une meilleure carte routi\u00e8re pour r\u00e9duire l\u2019empreinte carbone des op\u00e9rations en partageant nos connaissances avec les dirigeants de la COP\u00a028 et en travaillant avec les gouvernements, des partenaires fiables, des groupes religieux, des communaut\u00e9s et d\u2019autres organisations ax\u00e9es sur le climat \u00bb, a dit Carina Rolly, conseill\u00e8re en mati\u00e8re de plaidoyers et de politiques pour ADRA Allemagne.<\/span><\/p>\n<p><b>Le r\u00f4le d\u2019ADRA \u00e0 la COP\u00a028<\/b><\/p>\n<p><span style=\"font-weight: 400;\">Le 5 d\u00e9cembre\u00a0: \u00ab\u00a0Comptabilisation du carbone pour les acteurs humanitaires\u00a0\u00bb. ADRA anime la s\u00e9ance th\u00e9matique sur la comptabilisation du carbone pour les acteurs humanitaires \u00e0 la COP\u00a028. Il a \u00e9t\u00e9 question de la responsabilit\u00e9 humanitaire de mener des op\u00e9rations respectueuses de l\u2019environnement ainsi que de la fa\u00e7on dont les bureaux et les programmes emploient des m\u00e9thodes de r\u00e9duction du carbone. La s\u00e9ance a \u00e9t\u00e9 anim\u00e9e par Mme Rolly, et Anne Bergh, secr\u00e9taire g\u00e9n\u00e9rale de la Croix-Rouge norv\u00e9gienne; Stephen Cornish, directeur g\u00e9n\u00e9ral de MSF Suisse; et Avish Raj, directeur adjoint des programmes pour ADRA Canada, figuraient parmi les pan\u00e9listes.<\/span><\/p>\n<p><div id=\"attachment_107445\" style=\"width: 857px\" class=\"wp-caption aligncenter\"><img loading=\"lazy\" decoding=\"async\" aria-describedby=\"caption-attachment-107445\" class=\" wp-image-107444\" src=\"https:\/\/interamerica.org\/wp-content\/uploads\/2023\/12\/adra-cop28-4d254a983-eb4a-457c-ae10-fe0545caeb73-1-201-a.jpeg\" alt=\"\" width=\"847\" height=\"565\" srcset=\"https:\/\/interamerica.org\/wp-content\/uploads\/2023\/12\/adra-cop28-4d254a983-eb4a-457c-ae10-fe0545caeb73-1-201-a.jpeg 1000w, https:\/\/interamerica.org\/wp-content\/uploads\/2023\/12\/adra-cop28-4d254a983-eb4a-457c-ae10-fe0545caeb73-1-201-a-300x200.jpeg 300w, https:\/\/interamerica.org\/wp-content\/uploads\/2023\/12\/adra-cop28-4d254a983-eb4a-457c-ae10-fe0545caeb73-1-201-a-768x512.jpeg 768w\" sizes=\"(max-width: 847px) 100vw, 847px\" \/><p id=\"caption-attachment-107445\" class=\"wp-caption-text\"><span style=\"font-weight: 400;\">Entre autres initiatives, ADRA a construit des maisons \u00e0 partir de bouteilles de plastique recyclable pour les personnes d\u00e9plac\u00e9es et invalides en raison de la l\u00e8pre. [Une photo d\u2019ADRA International]<\/span><\/p><\/div><span style=\"font-weight: 400;\">Le 10 d\u00e9cembre : \u00ab\u00a0Syst\u00e8mes alimentaires r\u00e9silients et inclusifs : am\u00e9liorer l\u2019adaptation aux changements climatiques pour la s\u00e9curit\u00e9 alimentaire et nutritionnelle mondiale\u00a0\u00bb. ADRA se joint \u00e0 Vision Mondiale et \u00e0 Welthungerhilfe pour animer la s\u00e9ance \u00ab\u00a0Syst\u00e8mes alimentaires r\u00e9silients et inclusifs : am\u00e9liorer l\u2019adaptation aux changements climatiques pour la s\u00e9curit\u00e9 alimentaire et nutritionnelle mondiale\u00a0\u00bb. La discussion du panel portera sur la fa\u00e7on dont les effets des changements climatiques sur la s\u00e9curit\u00e9 alimentaire et la nutrition augmentent le risque de malnutrition chez les groupes et les populations vuln\u00e9rables. La s\u00e9ance sera anim\u00e9e par Rupa Mukerji, conseill\u00e8re d\u2019exp\u00e9rience sur l\u2019adaptation aux changements climatiques chez Helvetas. Les pan\u00e9listes comprennent notamment Cem \u00d6zdemir, ministre f\u00e9d\u00e9rale de l\u2019alimentation et de l\u2019agriculture du gouvernement allemand; Elizabeth Gulugulu, de l\u2019African Youth Initiative on Climate Change; et McLarence Mandaza, chef technique de l\u2019action sur le climat de Vision Mondiale.\u00a0<\/span><\/p>\n<p><span style=\"font-weight: 400;\">Le 10 d\u00e9cembre : \u00ab\u00a0Ins\u00e9curit\u00e9 alimentaire : bouleversements entra\u00een\u00e9s par le climat et intervention humanitaire\u00a0\u00bb. Les conseillers sur le climat d\u2019ADRA participeront au panel de discussion intitul\u00e9 \u00ab\u00a0Ins\u00e9curit\u00e9 alimentaire : bouleversements entra\u00een\u00e9s par le climat et intervention humanitaire\u00a0\u00bb et visant \u00e0 souligner la relation intime entre la s\u00e9curit\u00e9 alimentaire, les changements climatiques et les efforts humanitaires. L\u2019accent sera mis sur l\u2019importance de proposer des solutions cr\u00e9atives ainsi que des strat\u00e9gies collaboratives pour surmonter ces difficult\u00e9s complexes.<\/span><\/p>\n<p><span style=\"font-weight: 400;\">\u00ab\u00a0En mettant en \u0153uvre des programmes adapt\u00e9s \u00e0 la culture et au climat avec une attention particuli\u00e8re dirig\u00e9e vers les femmes, les filles et les familles, nous pouvons atteindre notre objectif de former des communaut\u00e9s s\u00e9curitaires, \u00e9quitables et r\u00e9silientes\u00a0\u00bb, a dit Rachel Beagles, conseill\u00e8re en d\u00e9veloppement des affaires et en adaptation au climat chez ADRA International.<\/span><\/p>\n<p><span style=\"font-weight: 400;\">La <\/span><a href=\"https:\/\/adra.org\/adra-will-advocate-for-comprehensive-climate-solutions-at-cop28-in-dubai\"><span style=\"font-weight: 400;\">version originale<\/span><\/a><span style=\"font-weight: 400;\"> de cet article a \u00e9t\u00e9 publi\u00e9e par <\/span><a href=\"https:\/\/adra.org\/\"><span style=\"font-weight: 400;\">ADRA International<\/span><\/a><span style=\"font-weight: 400;\">.<\/span><\/p>\n<p>Traduction : Marie-Mich\u00e8le Robitaille<\/p>\n","protected":false},"excerpt":{"rendered":"<p>Le bras humanitaire de l\u2019\u00c9glise adventiste coordonnera des s\u00e9ances et des panels de discussion. Le 5 d\u00e9cembre 2023 | Silver Spring, Maryland, \u00c9tats-Unis | ADRA International et Adventist Review L\u2019Agence&#8230;<\/p>\n","protected":false},"author":3,"featured_media":107433,"comment_status":"closed","ping_status":"closed","sticky":false,"template":"","format":"standard","meta":{"_acf_changed":false,"footnotes":""},"categories":[18,19],"tags":[],"class_list":["post-107861","post","type-post","status-publish","format-standard","has-post-thumbnail","hentry","category-nouvelles-de-leglise-mondiale","category-rss-francais"],"acf":[],"yoast_head":"<!-- This site is optimized with the Yoast SEO plugin v27.3 - https:\/\/yoast.com\/product\/yoast-seo-wordpress\/ -->\n<title>\u00c0 la COP\u00a028 de Duba\u00ef, ADRA milite pour des solutions exhaustives aux changements climatiques - \u00c9glise Adventiste Du Septieme Jour - Inter Am\u00e9rique Division<\/title>\n<meta name=\"robots\" content=\"index, follow, max-snippet:-1, max-image-preview:large, max-video-preview:-1\" \/>\n<link rel=\"canonical\" href=\"https:\/\/interamerica.org\/fr\/2023\/12\/a-la-cop-28-de-dubai-adra-milite-pour-des-solutions-exhaustives-aux-changements-climatiques\/\" \/>\n<meta property=\"og:locale\" content=\"fr_FR\" \/>\n<meta property=\"og:type\" content=\"article\" \/>\n<meta property=\"og:title\" content=\"\u00c0 la COP\u00a028 de Duba\u00ef, ADRA milite pour des solutions exhaustives aux changements climatiques - \u00c9glise Adventiste Du Septieme Jour - Inter Am\u00e9rique Division\" \/>\n<meta property=\"og:description\" content=\"Le bras humanitaire de l\u2019\u00c9glise adventiste coordonnera des s\u00e9ances et des panels de discussion. Le 5 d\u00e9cembre 2023 | Silver Spring, Maryland, \u00c9tats-Unis | ADRA International et Adventist Review L\u2019Agence...\" \/>\n<meta property=\"og:url\" content=\"https:\/\/interamerica.org\/fr\/2023\/12\/a-la-cop-28-de-dubai-adra-milite-pour-des-solutions-exhaustives-aux-changements-climatiques\/\" \/>\n<meta property=\"og:site_name\" content=\"\u00c9glise Adventiste Du Septieme Jour - Inter Am\u00e9rique Division\" \/>\n<meta property=\"article:published_time\" content=\"2023-12-05T18:00:28+00:00\" \/>\n<meta property=\"article:modified_time\" content=\"2023-12-07T16:38:38+00:00\" \/>\n<meta property=\"og:image\" content=\"https:\/\/interamerica.org\/wp-content\/uploads\/2023\/12\/adra-cop28dsc04233.jpeg\" \/>\n\t<meta property=\"og:image:width\" content=\"1000\" \/>\n\t<meta property=\"og:image:height\" content=\"667\" \/>\n\t<meta property=\"og:image:type\" content=\"image\/jpeg\" \/>\n<meta name=\"author\" content=\"libna\" \/>\n<meta name=\"twitter:card\" content=\"summary_large_image\" \/>\n<meta name=\"twitter:label1\" content=\"\u00c9crit par\" \/>\n\t<meta name=\"twitter:data1\" content=\"libna\" \/>\n\t<meta name=\"twitter:label2\" content=\"Dur\u00e9e de lecture estim\u00e9e\" \/>\n\t<meta name=\"twitter:data2\" content=\"7 minutes\" \/>\n<script type=\"application\/ld+json\" class=\"yoast-schema-graph\">{\"@context\":\"https:\\\/\\\/schema.org\",\"@graph\":[{\"@type\":\"Article\",\"@id\":\"https:\\\/\\\/interamerica.org\\\/fr\\\/2023\\\/12\\\/a-la-cop-28-de-dubai-adra-milite-pour-des-solutions-exhaustives-aux-changements-climatiques\\\/#article\",\"isPartOf\":{\"@id\":\"https:\\\/\\\/interamerica.org\\\/fr\\\/2023\\\/12\\\/a-la-cop-28-de-dubai-adra-milite-pour-des-solutions-exhaustives-aux-changements-climatiques\\\/\"},\"author\":{\"name\":\"libna\",\"@id\":\"https:\\\/\\\/interamerica.org\\\/fr\\\/#\\\/schema\\\/person\\\/29998f2bc2d8bd0d38662909289b54f1\"},\"headline\":\"\u00c0 la COP\u00a028 de Duba\u00ef, ADRA milite pour des solutions exhaustives aux changements climatiques\",\"datePublished\":\"2023-12-05T18:00:28+00:00\",\"dateModified\":\"2023-12-07T16:38:38+00:00\",\"mainEntityOfPage\":{\"@id\":\"https:\\\/\\\/interamerica.org\\\/fr\\\/2023\\\/12\\\/a-la-cop-28-de-dubai-adra-milite-pour-des-solutions-exhaustives-aux-changements-climatiques\\\/\"},\"wordCount\":1585,\"image\":{\"@id\":\"https:\\\/\\\/interamerica.org\\\/fr\\\/2023\\\/12\\\/a-la-cop-28-de-dubai-adra-milite-pour-des-solutions-exhaustives-aux-changements-climatiques\\\/#primaryimage\"},\"thumbnailUrl\":\"https:\\\/\\\/interamerica.org\\\/wp-content\\\/uploads\\\/2023\\\/12\\\/adra-cop28dsc04233.jpeg\",\"articleSection\":[\"Nouvelles de l'\u00c9glise mondiale\",\"RSS Fran\u00e7ais\"],\"inLanguage\":\"fr-FR\"},{\"@type\":\"WebPage\",\"@id\":\"https:\\\/\\\/interamerica.org\\\/fr\\\/2023\\\/12\\\/a-la-cop-28-de-dubai-adra-milite-pour-des-solutions-exhaustives-aux-changements-climatiques\\\/\",\"url\":\"https:\\\/\\\/interamerica.org\\\/fr\\\/2023\\\/12\\\/a-la-cop-28-de-dubai-adra-milite-pour-des-solutions-exhaustives-aux-changements-climatiques\\\/\",\"name\":\"\u00c0 la COP\u00a028 de Duba\u00ef, ADRA milite pour des solutions exhaustives aux changements climatiques - \u00c9glise Adventiste Du Septieme Jour - Inter Am\u00e9rique Division\",\"isPartOf\":{\"@id\":\"https:\\\/\\\/interamerica.org\\\/fr\\\/#website\"},\"primaryImageOfPage\":{\"@id\":\"https:\\\/\\\/interamerica.org\\\/fr\\\/2023\\\/12\\\/a-la-cop-28-de-dubai-adra-milite-pour-des-solutions-exhaustives-aux-changements-climatiques\\\/#primaryimage\"},\"image\":{\"@id\":\"https:\\\/\\\/interamerica.org\\\/fr\\\/2023\\\/12\\\/a-la-cop-28-de-dubai-adra-milite-pour-des-solutions-exhaustives-aux-changements-climatiques\\\/#primaryimage\"},\"thumbnailUrl\":\"https:\\\/\\\/interamerica.org\\\/wp-content\\\/uploads\\\/2023\\\/12\\\/adra-cop28dsc04233.jpeg\",\"datePublished\":\"2023-12-05T18:00:28+00:00\",\"dateModified\":\"2023-12-07T16:38:38+00:00\",\"author\":{\"@id\":\"https:\\\/\\\/interamerica.org\\\/fr\\\/#\\\/schema\\\/person\\\/29998f2bc2d8bd0d38662909289b54f1\"},\"breadcrumb\":{\"@id\":\"https:\\\/\\\/interamerica.org\\\/fr\\\/2023\\\/12\\\/a-la-cop-28-de-dubai-adra-milite-pour-des-solutions-exhaustives-aux-changements-climatiques\\\/#breadcrumb\"},\"inLanguage\":\"fr-FR\",\"potentialAction\":[{\"@type\":\"ReadAction\",\"target\":[\"https:\\\/\\\/interamerica.org\\\/fr\\\/2023\\\/12\\\/a-la-cop-28-de-dubai-adra-milite-pour-des-solutions-exhaustives-aux-changements-climatiques\\\/\"]}]},{\"@type\":\"ImageObject\",\"inLanguage\":\"fr-FR\",\"@id\":\"https:\\\/\\\/interamerica.org\\\/fr\\\/2023\\\/12\\\/a-la-cop-28-de-dubai-adra-milite-pour-des-solutions-exhaustives-aux-changements-climatiques\\\/#primaryimage\",\"url\":\"https:\\\/\\\/interamerica.org\\\/wp-content\\\/uploads\\\/2023\\\/12\\\/adra-cop28dsc04233.jpeg\",\"contentUrl\":\"https:\\\/\\\/interamerica.org\\\/wp-content\\\/uploads\\\/2023\\\/12\\\/adra-cop28dsc04233.jpeg\",\"width\":1000,\"height\":667,\"caption\":\"ADRA has been teaching people how to build and use greenhouses to increase income and improve the nutrition of their children in rural areas. [Photo: ADRA International]\"},{\"@type\":\"BreadcrumbList\",\"@id\":\"https:\\\/\\\/interamerica.org\\\/fr\\\/2023\\\/12\\\/a-la-cop-28-de-dubai-adra-milite-pour-des-solutions-exhaustives-aux-changements-climatiques\\\/#breadcrumb\",\"itemListElement\":[{\"@type\":\"ListItem\",\"position\":1,\"name\":\"Home\",\"item\":\"https:\\\/\\\/interamerica.org\\\/fr\\\/\"},{\"@type\":\"ListItem\",\"position\":2,\"name\":\"\u00c0 la COP\u00a028 de Duba\u00ef, ADRA milite pour des solutions exhaustives aux changements climatiques\"}]},{\"@type\":\"WebSite\",\"@id\":\"https:\\\/\\\/interamerica.org\\\/fr\\\/#website\",\"url\":\"https:\\\/\\\/interamerica.org\\\/fr\\\/\",\"name\":\"\u00c9glise Adventiste Du Septieme Jour - Inter Am\u00e9rique Division\",\"description\":\"\",\"potentialAction\":[{\"@type\":\"SearchAction\",\"target\":{\"@type\":\"EntryPoint\",\"urlTemplate\":\"https:\\\/\\\/interamerica.org\\\/fr\\\/?s={search_term_string}\"},\"query-input\":{\"@type\":\"PropertyValueSpecification\",\"valueRequired\":true,\"valueName\":\"search_term_string\"}}],\"inLanguage\":\"fr-FR\"},{\"@type\":\"Person\",\"@id\":\"https:\\\/\\\/interamerica.org\\\/fr\\\/#\\\/schema\\\/person\\\/29998f2bc2d8bd0d38662909289b54f1\",\"name\":\"libna\",\"image\":{\"@type\":\"ImageObject\",\"inLanguage\":\"fr-FR\",\"@id\":\"https:\\\/\\\/secure.gravatar.com\\\/avatar\\\/7c5bd30ae4b47a9ba3c856590957fd1d96dc588bf3ac05719d247e126840331f?s=96&d=mm&r=g\",\"url\":\"https:\\\/\\\/secure.gravatar.com\\\/avatar\\\/7c5bd30ae4b47a9ba3c856590957fd1d96dc588bf3ac05719d247e126840331f?s=96&d=mm&r=g\",\"contentUrl\":\"https:\\\/\\\/secure.gravatar.com\\\/avatar\\\/7c5bd30ae4b47a9ba3c856590957fd1d96dc588bf3ac05719d247e126840331f?s=96&d=mm&r=g\",\"caption\":\"libna\"}}]}<\/script>\n<!-- \/ Yoast SEO plugin. -->","yoast_head_json":{"title":"\u00c0 la COP\u00a028 de Duba\u00ef, ADRA milite pour des solutions exhaustives aux changements climatiques - \u00c9glise Adventiste Du Septieme Jour - Inter Am\u00e9rique Division","robots":{"index":"index","follow":"follow","max-snippet":"max-snippet:-1","max-image-preview":"max-image-preview:large","max-video-preview":"max-video-preview:-1"},"canonical":"https:\/\/interamerica.org\/fr\/2023\/12\/a-la-cop-28-de-dubai-adra-milite-pour-des-solutions-exhaustives-aux-changements-climatiques\/","og_locale":"fr_FR","og_type":"article","og_title":"\u00c0 la COP\u00a028 de Duba\u00ef, ADRA milite pour des solutions exhaustives aux changements climatiques - \u00c9glise Adventiste Du Septieme Jour - Inter Am\u00e9rique Division","og_description":"Le bras humanitaire de l\u2019\u00c9glise adventiste coordonnera des s\u00e9ances et des panels de discussion. Le 5 d\u00e9cembre 2023 | Silver Spring, Maryland, \u00c9tats-Unis | ADRA International et Adventist Review L\u2019Agence...","og_url":"https:\/\/interamerica.org\/fr\/2023\/12\/a-la-cop-28-de-dubai-adra-milite-pour-des-solutions-exhaustives-aux-changements-climatiques\/","og_site_name":"\u00c9glise Adventiste Du Septieme Jour - Inter Am\u00e9rique Division","article_published_time":"2023-12-05T18:00:28+00:00","article_modified_time":"2023-12-07T16:38:38+00:00","og_image":[{"width":1000,"height":667,"url":"https:\/\/interamerica.org\/wp-content\/uploads\/2023\/12\/adra-cop28dsc04233.jpeg","type":"image\/jpeg"}],"author":"libna","twitter_card":"summary_large_image","twitter_misc":{"\u00c9crit par":"libna","Dur\u00e9e de lecture estim\u00e9e":"7 minutes"},"schema":{"@context":"https:\/\/schema.org","@graph":[{"@type":"Article","@id":"https:\/\/interamerica.org\/fr\/2023\/12\/a-la-cop-28-de-dubai-adra-milite-pour-des-solutions-exhaustives-aux-changements-climatiques\/#article","isPartOf":{"@id":"https:\/\/interamerica.org\/fr\/2023\/12\/a-la-cop-28-de-dubai-adra-milite-pour-des-solutions-exhaustives-aux-changements-climatiques\/"},"author":{"name":"libna","@id":"https:\/\/interamerica.org\/fr\/#\/schema\/person\/29998f2bc2d8bd0d38662909289b54f1"},"headline":"\u00c0 la COP\u00a028 de Duba\u00ef, ADRA milite pour des solutions exhaustives aux changements climatiques","datePublished":"2023-12-05T18:00:28+00:00","dateModified":"2023-12-07T16:38:38+00:00","mainEntityOfPage":{"@id":"https:\/\/interamerica.org\/fr\/2023\/12\/a-la-cop-28-de-dubai-adra-milite-pour-des-solutions-exhaustives-aux-changements-climatiques\/"},"wordCount":1585,"image":{"@id":"https:\/\/interamerica.org\/fr\/2023\/12\/a-la-cop-28-de-dubai-adra-milite-pour-des-solutions-exhaustives-aux-changements-climatiques\/#primaryimage"},"thumbnailUrl":"https:\/\/interamerica.org\/wp-content\/uploads\/2023\/12\/adra-cop28dsc04233.jpeg","articleSection":["Nouvelles de l'\u00c9glise mondiale","RSS Fran\u00e7ais"],"inLanguage":"fr-FR"},{"@type":"WebPage","@id":"https:\/\/interamerica.org\/fr\/2023\/12\/a-la-cop-28-de-dubai-adra-milite-pour-des-solutions-exhaustives-aux-changements-climatiques\/","url":"https:\/\/interamerica.org\/fr\/2023\/12\/a-la-cop-28-de-dubai-adra-milite-pour-des-solutions-exhaustives-aux-changements-climatiques\/","name":"\u00c0 la COP\u00a028 de Duba\u00ef, ADRA milite pour des solutions exhaustives aux changements climatiques - \u00c9glise Adventiste Du Septieme Jour - Inter Am\u00e9rique Division","isPartOf":{"@id":"https:\/\/interamerica.org\/fr\/#website"},"primaryImageOfPage":{"@id":"https:\/\/interamerica.org\/fr\/2023\/12\/a-la-cop-28-de-dubai-adra-milite-pour-des-solutions-exhaustives-aux-changements-climatiques\/#primaryimage"},"image":{"@id":"https:\/\/interamerica.org\/fr\/2023\/12\/a-la-cop-28-de-dubai-adra-milite-pour-des-solutions-exhaustives-aux-changements-climatiques\/#primaryimage"},"thumbnailUrl":"https:\/\/interamerica.org\/wp-content\/uploads\/2023\/12\/adra-cop28dsc04233.jpeg","datePublished":"2023-12-05T18:00:28+00:00","dateModified":"2023-12-07T16:38:38+00:00","author":{"@id":"https:\/\/interamerica.org\/fr\/#\/schema\/person\/29998f2bc2d8bd0d38662909289b54f1"},"breadcrumb":{"@id":"https:\/\/interamerica.org\/fr\/2023\/12\/a-la-cop-28-de-dubai-adra-milite-pour-des-solutions-exhaustives-aux-changements-climatiques\/#breadcrumb"},"inLanguage":"fr-FR","potentialAction":[{"@type":"ReadAction","target":["https:\/\/interamerica.org\/fr\/2023\/12\/a-la-cop-28-de-dubai-adra-milite-pour-des-solutions-exhaustives-aux-changements-climatiques\/"]}]},{"@type":"ImageObject","inLanguage":"fr-FR","@id":"https:\/\/interamerica.org\/fr\/2023\/12\/a-la-cop-28-de-dubai-adra-milite-pour-des-solutions-exhaustives-aux-changements-climatiques\/#primaryimage","url":"https:\/\/interamerica.org\/wp-content\/uploads\/2023\/12\/adra-cop28dsc04233.jpeg","contentUrl":"https:\/\/interamerica.org\/wp-content\/uploads\/2023\/12\/adra-cop28dsc04233.jpeg","width":1000,"height":667,"caption":"ADRA has been teaching people how to build and use greenhouses to increase income and improve the nutrition of their children in rural areas. [Photo: ADRA International]"},{"@type":"BreadcrumbList","@id":"https:\/\/interamerica.org\/fr\/2023\/12\/a-la-cop-28-de-dubai-adra-milite-pour-des-solutions-exhaustives-aux-changements-climatiques\/#breadcrumb","itemListElement":[{"@type":"ListItem","position":1,"name":"Home","item":"https:\/\/interamerica.org\/fr\/"},{"@type":"ListItem","position":2,"name":"\u00c0 la COP\u00a028 de Duba\u00ef, ADRA milite pour des solutions exhaustives aux changements climatiques"}]},{"@type":"WebSite","@id":"https:\/\/interamerica.org\/fr\/#website","url":"https:\/\/interamerica.org\/fr\/","name":"\u00c9glise Adventiste Du Septieme Jour - Inter Am\u00e9rique Division","description":"","potentialAction":[{"@type":"SearchAction","target":{"@type":"EntryPoint","urlTemplate":"https:\/\/interamerica.org\/fr\/?s={search_term_string}"},"query-input":{"@type":"PropertyValueSpecification","valueRequired":true,"valueName":"search_term_string"}}],"inLanguage":"fr-FR"},{"@type":"Person","@id":"https:\/\/interamerica.org\/fr\/#\/schema\/person\/29998f2bc2d8bd0d38662909289b54f1","name":"libna","image":{"@type":"ImageObject","inLanguage":"fr-FR","@id":"https:\/\/secure.gravatar.com\/avatar\/7c5bd30ae4b47a9ba3c856590957fd1d96dc588bf3ac05719d247e126840331f?s=96&d=mm&r=g","url":"https:\/\/secure.gravatar.com\/avatar\/7c5bd30ae4b47a9ba3c856590957fd1d96dc588bf3ac05719d247e126840331f?s=96&d=mm&r=g","contentUrl":"https:\/\/secure.gravatar.com\/avatar\/7c5bd30ae4b47a9ba3c856590957fd1d96dc588bf3ac05719d247e126840331f?s=96&d=mm&r=g","caption":"libna"}}]}},"_links":{"self":[{"href":"https:\/\/interamerica.org\/fr\/wp-json\/wp\/v2\/posts\/107861","targetHints":{"allow":["GET"]}}],"collection":[{"href":"https:\/\/interamerica.org\/fr\/wp-json\/wp\/v2\/posts"}],"about":[{"href":"https:\/\/interamerica.org\/fr\/wp-json\/wp\/v2\/types\/post"}],"author":[{"embeddable":true,"href":"https:\/\/interamerica.org\/fr\/wp-json\/wp\/v2\/users\/3"}],"replies":[{"embeddable":true,"href":"https:\/\/interamerica.org\/fr\/wp-json\/wp\/v2\/comments?post=107861"}],"version-history":[{"count":0,"href":"https:\/\/interamerica.org\/fr\/wp-json\/wp\/v2\/posts\/107861\/revisions"}],"wp:featuredmedia":[{"embeddable":true,"href":"https:\/\/interamerica.org\/fr\/wp-json\/wp\/v2\/media\/107433"}],"wp:attachment":[{"href":"https:\/\/interamerica.org\/fr\/wp-json\/wp\/v2\/media?parent=107861"}],"wp:term":[{"taxonomy":"category","embeddable":true,"href":"https:\/\/interamerica.org\/fr\/wp-json\/wp\/v2\/categories?post=107861"},{"taxonomy":"post_tag","embeddable":true,"href":"https:\/\/interamerica.org\/fr\/wp-json\/wp\/v2\/tags?post=107861"}],"curies":[{"name":"wp","href":"https:\/\/api.w.org\/{rel}","templated":true}]}}