{"id":107891,"date":"2023-12-07T11:49:19","date_gmt":"2023-12-07T16:49:19","guid":{"rendered":"https:\/\/interamerica.org\/?p=107891"},"modified":"2023-12-07T13:33:31","modified_gmt":"2023-12-07T18:33:31","slug":"raison-detre-2","status":"publish","type":"post","link":"https:\/\/interamerica.org\/fr\/2023\/12\/raison-detre-2\/","title":{"rendered":"Raison d&rsquo;\u00eatre"},"content":{"rendered":"<h4 id=\"tw-target-text\" class=\"tw-data-text tw-text-large tw-ta\" dir=\"ltr\" data-placeholder=\"Translation\"><em><span class=\"Y2IQFc\" lang=\"fr\">Le secr\u00e9taire ex\u00e9cutif de la DIA, le pasteur Leonard Johnson, partage des \u00ab p\u00e9pites de leadership \u00bb pour les dirigeants d\u2019\u00e9glises \u00e0 travers le territoire.<\/span><\/em><\/h4>\n<p class=\"tw-data-text tw-text-large tw-ta\" dir=\"ltr\" data-placeholder=\"Translation\"><span class=\"Y2IQFc\" lang=\"fr\">7 de diciembre 2023 | Miami, Floride, \u00c9tats-Unis | Leonard Johnson, secr\u00e9taire ex\u00e9cutif, Division Inter Am\u00e9ricaine<\/span><\/p>\n<p><span style=\"font-weight: 400;\">Dans la Parole de Dieu, nous trouvons l\u2019expression \u00ab Il faut que je. \u00bb Qu\u2019est-ce que je veux dire par l\u00e0 ? Cela sugg\u00e8re quelque chose que vous devez faire. Il n\u2019y avait vraiment aucune option dans le cas du Christ comme on peut le voir dans l\u2019\u00c9vangile de Luc, au chapitre 2, au verset 49. Il faut que je m&rsquo;occupe des affaires de mon P\u00e8re. A partir de ce passage, il est vraiment clair pour moi que J\u00e9sus savait quel \u00e9tait son objectif.<\/span><\/p>\n<p><span style=\"font-weight: 400;\">Il savait pourquoi il \u00e9tait venu. Il est venu chercher et sauver ce qui est perdu. Je vous pose la question aujourd\u2019hui. Connaissez-vous le but de votre vie ? Connaissez-vous votre mission ? Savez-vous pourquoi vous existez ? Chaque personne a une raison d\u2019\u00eatre, qu\u2019il ou elle le sache ou pas. L\u2019ivrogne dans la rue, la personne que l\u2019on est parfois tr\u00e8s enclin \u00e0 \u00e9carter et \u00e0 abandonner.<\/span><\/p>\n<p><span style=\"font-weight: 400;\">Laissez-moi vous dire, ces individus ont une raison d\u2019\u00eatre, elles ont de l\u2019importance et elles ont un sens. Mais revenons au contexte du chapitre 2 de l\u2019\u00c9vangile de Luc. C\u2019\u00e9tait \u00e0 l\u2019\u00e9poque de la f\u00eate annuelle de P\u00e2que. Les parents de J\u00e9sus, comme les autres, s\u2019\u00e9taient rendus \u00e0 J\u00e9rusalem pour cette occasion sp\u00e9ciale. Et alors qu\u2019ils se r\u00e9unissaient, les gens parlaient, les gens conversaient. Et alors que tout cela se faisait, la signification de ce moment se perdait, mais pas pour J\u00e9sus qui n\u2019\u00e9tait \u00e2g\u00e9 que de 12 ans. Il a commenc\u00e9 \u00e0 comprendre sa raison d\u2019\u00eatre et le but de sa vie.<\/span><\/p>\n<p><span style=\"font-weight: 400;\">Ellen White nous le dit dans le livre J\u00e9sus-Christ (page 61). \u00ab Pour la premi\u00e8re fois l\u2019enfant J\u00e9sus vit le temple. Il aper\u00e7ut les pr\u00eatres v\u00eatus de blanc accomplissant leur minist\u00e8re solennel. Il vit la victime sanglante sur l\u2019autel du sacrifice. Il se prosterna pour prier avec les autres adorateurs tandis que la nu\u00e9e d\u2019encens montait vers Dieu. Il assista aux rites si impressionnants du service pascal. Et de jour en jour il en comprit mieux la signification. Chaque acte lui paraissait li\u00e9 \u00e0 sa propre vie. \u00bb<\/span><\/p>\n<p><span style=\"font-weight: 400;\">Pouvez-vous l\u2019imaginer ? \u00c0 l\u2019\u00e2ge de 12 ans, J\u00e9sus a compris l\u2019appel de son p\u00e8re dans sa vie. Il a compris sa mission, comme cet agneau sacrifi\u00e9, il serait l\u2019agneau de Dieu.<\/span><\/p>\n<p><span style=\"font-weight: 400;\">Je suis vraiment reconnaissant pour ce don que Dieu nous a fait en J\u00e9sus-Christ. Mais je suis \u00e9galement reconnaissant du fait que J\u00e9sus ait reconnu sa mission. Il est vraiment important que nous comprenions dans quels temps nous vivons, que nous reconnaissions tout ce qui se passe autour de nous parce que nous pouvons \u00eatre captiv\u00e9s par l\u2019instant, l\u2019heure, le moment de la journ\u00e9e, et vraiment oublier m\u00eame le Christ, comme ce fut le cas pour ses parents ; ils ont voyag\u00e9 trois jours avant de se rendre compte que J\u00e9sus n\u2019\u00e9tait pas avec eux. Lorsqu\u2019ils l\u2019ont retrouv\u00e9, sa m\u00e8re lui a dit en tant que parent : Ton p\u00e8re et moi te cherchions. Mais J\u00e9sus a r\u00e9pondu : Ne savez-vous pas qu\u2019il faut que je m\u2019occupe des affaires de mon p\u00e8re ? Une mani\u00e8re de dire : vous auriez d\u00fb le savoir ?<\/span><\/p>\n<p><span style=\"font-weight: 400;\">Aujourd&rsquo;hui, je vous lance l\u2019invitation. N\u2019oublions pas J\u00e9sus. N\u2019oublions pas de prendre le temps de prier. Il est temps de prendre le temps de lire sa parole et le temps de vivre la fraternit\u00e9. Un moment pour la famille.<\/span><\/p>\n<p><span style=\"font-weight: 400;\">Que Dieu vous b\u00e9nisse alors que vous vous rappelez votre raison-d\u2019\u00eatre et le plan que Dieu a pour votre vie aujourd\u2019hui.<\/span><\/p>\n<p><iframe title=\"Raison d\u2019\u00eatre| Pasteur Leonard Johnson\" width=\"500\" height=\"281\" src=\"https:\/\/www.youtube.com\/embed\/NQc8AXpHSXw?feature=oembed\" frameborder=\"0\" allow=\"accelerometer; autoplay; clipboard-write; encrypted-media; gyroscope; picture-in-picture; web-share\" referrerpolicy=\"strict-origin-when-cross-origin\" allowfullscreen><\/iframe><\/p>\n","protected":false},"excerpt":{"rendered":"<p>Le secr\u00e9taire ex\u00e9cutif de la DIA, le pasteur Leonard Johnson, partage des \u00ab p\u00e9pites de leadership \u00bb pour les dirigeants d\u2019\u00e9glises \u00e0 travers le territoire. 7 de diciembre 2023 |&#8230;<\/p>\n","protected":false},"author":3,"featured_media":107892,"comment_status":"closed","ping_status":"closed","sticky":false,"template":"","format":"standard","meta":{"_acf_changed":false,"footnotes":""},"categories":[20,19],"tags":[],"class_list":["post-107891","post","type-post","status-publish","format-standard","has-post-thumbnail","hentry","category-nouvelles-du-siege-de-la-division","category-rss-francais"],"acf":[],"yoast_head":"<!-- This site is optimized with the Yoast SEO plugin v27.3 - https:\/\/yoast.com\/product\/yoast-seo-wordpress\/ -->\n<title>Raison d&#039;\u00eatre - \u00c9glise Adventiste Du Septieme Jour - Inter Am\u00e9rique Division<\/title>\n<meta name=\"robots\" content=\"index, follow, max-snippet:-1, max-image-preview:large, max-video-preview:-1\" \/>\n<link rel=\"canonical\" href=\"https:\/\/interamerica.org\/fr\/2023\/12\/raison-detre-2\/\" \/>\n<meta property=\"og:locale\" content=\"fr_FR\" \/>\n<meta property=\"og:type\" content=\"article\" \/>\n<meta property=\"og:title\" content=\"Raison d&#039;\u00eatre - \u00c9glise Adventiste Du Septieme Jour - Inter Am\u00e9rique Division\" \/>\n<meta property=\"og:description\" content=\"Le secr\u00e9taire ex\u00e9cutif de la DIA, le pasteur Leonard Johnson, partage des \u00ab p\u00e9pites de leadership \u00bb pour les dirigeants d\u2019\u00e9glises \u00e0 travers le territoire. 7 de diciembre 2023 |...\" \/>\n<meta property=\"og:url\" content=\"https:\/\/interamerica.org\/fr\/2023\/12\/raison-detre-2\/\" \/>\n<meta property=\"og:site_name\" content=\"\u00c9glise Adventiste Du Septieme Jour - Inter Am\u00e9rique Division\" \/>\n<meta property=\"article:published_time\" content=\"2023-12-07T16:49:19+00:00\" \/>\n<meta property=\"article:modified_time\" content=\"2023-12-07T18:33:31+00:00\" \/>\n<meta property=\"og:image\" content=\"https:\/\/interamerica.org\/wp-content\/uploads\/2023\/12\/purpose-fr.jpg\" \/>\n\t<meta property=\"og:image:width\" content=\"1280\" \/>\n\t<meta property=\"og:image:height\" content=\"720\" \/>\n\t<meta property=\"og:image:type\" content=\"image\/jpeg\" \/>\n<meta name=\"author\" content=\"libna\" \/>\n<meta name=\"twitter:card\" content=\"summary_large_image\" \/>\n<meta name=\"twitter:label1\" content=\"\u00c9crit par\" \/>\n\t<meta name=\"twitter:data1\" content=\"libna\" \/>\n\t<meta name=\"twitter:label2\" content=\"Dur\u00e9e de lecture estim\u00e9e\" \/>\n\t<meta name=\"twitter:data2\" content=\"3 minutes\" \/>\n<script type=\"application\/ld+json\" class=\"yoast-schema-graph\">{\"@context\":\"https:\\\/\\\/schema.org\",\"@graph\":[{\"@type\":\"Article\",\"@id\":\"https:\\\/\\\/interamerica.org\\\/fr\\\/2023\\\/12\\\/raison-detre-2\\\/#article\",\"isPartOf\":{\"@id\":\"https:\\\/\\\/interamerica.org\\\/fr\\\/2023\\\/12\\\/raison-detre-2\\\/\"},\"author\":{\"name\":\"libna\",\"@id\":\"https:\\\/\\\/interamerica.org\\\/fr\\\/#\\\/schema\\\/person\\\/29998f2bc2d8bd0d38662909289b54f1\"},\"headline\":\"Raison d&rsquo;\u00eatre\",\"datePublished\":\"2023-12-07T16:49:19+00:00\",\"dateModified\":\"2023-12-07T18:33:31+00:00\",\"mainEntityOfPage\":{\"@id\":\"https:\\\/\\\/interamerica.org\\\/fr\\\/2023\\\/12\\\/raison-detre-2\\\/\"},\"wordCount\":677,\"image\":{\"@id\":\"https:\\\/\\\/interamerica.org\\\/fr\\\/2023\\\/12\\\/raison-detre-2\\\/#primaryimage\"},\"thumbnailUrl\":\"https:\\\/\\\/interamerica.org\\\/wp-content\\\/uploads\\\/2023\\\/12\\\/purpose-fr.jpg\",\"articleSection\":[\"Nouvelles du si\u00e8ge de la division\",\"RSS Fran\u00e7ais\"],\"inLanguage\":\"fr-FR\"},{\"@type\":\"WebPage\",\"@id\":\"https:\\\/\\\/interamerica.org\\\/fr\\\/2023\\\/12\\\/raison-detre-2\\\/\",\"url\":\"https:\\\/\\\/interamerica.org\\\/fr\\\/2023\\\/12\\\/raison-detre-2\\\/\",\"name\":\"Raison d'\u00eatre - \u00c9glise Adventiste Du Septieme Jour - Inter Am\u00e9rique Division\",\"isPartOf\":{\"@id\":\"https:\\\/\\\/interamerica.org\\\/fr\\\/#website\"},\"primaryImageOfPage\":{\"@id\":\"https:\\\/\\\/interamerica.org\\\/fr\\\/2023\\\/12\\\/raison-detre-2\\\/#primaryimage\"},\"image\":{\"@id\":\"https:\\\/\\\/interamerica.org\\\/fr\\\/2023\\\/12\\\/raison-detre-2\\\/#primaryimage\"},\"thumbnailUrl\":\"https:\\\/\\\/interamerica.org\\\/wp-content\\\/uploads\\\/2023\\\/12\\\/purpose-fr.jpg\",\"datePublished\":\"2023-12-07T16:49:19+00:00\",\"dateModified\":\"2023-12-07T18:33:31+00:00\",\"author\":{\"@id\":\"https:\\\/\\\/interamerica.org\\\/fr\\\/#\\\/schema\\\/person\\\/29998f2bc2d8bd0d38662909289b54f1\"},\"breadcrumb\":{\"@id\":\"https:\\\/\\\/interamerica.org\\\/fr\\\/2023\\\/12\\\/raison-detre-2\\\/#breadcrumb\"},\"inLanguage\":\"fr-FR\",\"potentialAction\":[{\"@type\":\"ReadAction\",\"target\":[\"https:\\\/\\\/interamerica.org\\\/fr\\\/2023\\\/12\\\/raison-detre-2\\\/\"]}]},{\"@type\":\"ImageObject\",\"inLanguage\":\"fr-FR\",\"@id\":\"https:\\\/\\\/interamerica.org\\\/fr\\\/2023\\\/12\\\/raison-detre-2\\\/#primaryimage\",\"url\":\"https:\\\/\\\/interamerica.org\\\/wp-content\\\/uploads\\\/2023\\\/12\\\/purpose-fr.jpg\",\"contentUrl\":\"https:\\\/\\\/interamerica.org\\\/wp-content\\\/uploads\\\/2023\\\/12\\\/purpose-fr.jpg\",\"width\":1280,\"height\":720},{\"@type\":\"BreadcrumbList\",\"@id\":\"https:\\\/\\\/interamerica.org\\\/fr\\\/2023\\\/12\\\/raison-detre-2\\\/#breadcrumb\",\"itemListElement\":[{\"@type\":\"ListItem\",\"position\":1,\"name\":\"Home\",\"item\":\"https:\\\/\\\/interamerica.org\\\/fr\\\/\"},{\"@type\":\"ListItem\",\"position\":2,\"name\":\"Raison d&rsquo;\u00eatre\"}]},{\"@type\":\"WebSite\",\"@id\":\"https:\\\/\\\/interamerica.org\\\/fr\\\/#website\",\"url\":\"https:\\\/\\\/interamerica.org\\\/fr\\\/\",\"name\":\"\u00c9glise Adventiste Du Septieme Jour - Inter Am\u00e9rique Division\",\"description\":\"\",\"potentialAction\":[{\"@type\":\"SearchAction\",\"target\":{\"@type\":\"EntryPoint\",\"urlTemplate\":\"https:\\\/\\\/interamerica.org\\\/fr\\\/?s={search_term_string}\"},\"query-input\":{\"@type\":\"PropertyValueSpecification\",\"valueRequired\":true,\"valueName\":\"search_term_string\"}}],\"inLanguage\":\"fr-FR\"},{\"@type\":\"Person\",\"@id\":\"https:\\\/\\\/interamerica.org\\\/fr\\\/#\\\/schema\\\/person\\\/29998f2bc2d8bd0d38662909289b54f1\",\"name\":\"libna\",\"image\":{\"@type\":\"ImageObject\",\"inLanguage\":\"fr-FR\",\"@id\":\"https:\\\/\\\/secure.gravatar.com\\\/avatar\\\/7c5bd30ae4b47a9ba3c856590957fd1d96dc588bf3ac05719d247e126840331f?s=96&d=mm&r=g\",\"url\":\"https:\\\/\\\/secure.gravatar.com\\\/avatar\\\/7c5bd30ae4b47a9ba3c856590957fd1d96dc588bf3ac05719d247e126840331f?s=96&d=mm&r=g\",\"contentUrl\":\"https:\\\/\\\/secure.gravatar.com\\\/avatar\\\/7c5bd30ae4b47a9ba3c856590957fd1d96dc588bf3ac05719d247e126840331f?s=96&d=mm&r=g\",\"caption\":\"libna\"}}]}<\/script>\n<!-- \/ Yoast SEO plugin. -->","yoast_head_json":{"title":"Raison d'\u00eatre - \u00c9glise Adventiste Du Septieme Jour - Inter Am\u00e9rique Division","robots":{"index":"index","follow":"follow","max-snippet":"max-snippet:-1","max-image-preview":"max-image-preview:large","max-video-preview":"max-video-preview:-1"},"canonical":"https:\/\/interamerica.org\/fr\/2023\/12\/raison-detre-2\/","og_locale":"fr_FR","og_type":"article","og_title":"Raison d'\u00eatre - \u00c9glise Adventiste Du Septieme Jour - Inter Am\u00e9rique Division","og_description":"Le secr\u00e9taire ex\u00e9cutif de la DIA, le pasteur Leonard Johnson, partage des \u00ab p\u00e9pites de leadership \u00bb pour les dirigeants d\u2019\u00e9glises \u00e0 travers le territoire. 7 de diciembre 2023 |...","og_url":"https:\/\/interamerica.org\/fr\/2023\/12\/raison-detre-2\/","og_site_name":"\u00c9glise Adventiste Du Septieme Jour - Inter Am\u00e9rique Division","article_published_time":"2023-12-07T16:49:19+00:00","article_modified_time":"2023-12-07T18:33:31+00:00","og_image":[{"width":1280,"height":720,"url":"https:\/\/interamerica.org\/wp-content\/uploads\/2023\/12\/purpose-fr.jpg","type":"image\/jpeg"}],"author":"libna","twitter_card":"summary_large_image","twitter_misc":{"\u00c9crit par":"libna","Dur\u00e9e de lecture estim\u00e9e":"3 minutes"},"schema":{"@context":"https:\/\/schema.org","@graph":[{"@type":"Article","@id":"https:\/\/interamerica.org\/fr\/2023\/12\/raison-detre-2\/#article","isPartOf":{"@id":"https:\/\/interamerica.org\/fr\/2023\/12\/raison-detre-2\/"},"author":{"name":"libna","@id":"https:\/\/interamerica.org\/fr\/#\/schema\/person\/29998f2bc2d8bd0d38662909289b54f1"},"headline":"Raison d&rsquo;\u00eatre","datePublished":"2023-12-07T16:49:19+00:00","dateModified":"2023-12-07T18:33:31+00:00","mainEntityOfPage":{"@id":"https:\/\/interamerica.org\/fr\/2023\/12\/raison-detre-2\/"},"wordCount":677,"image":{"@id":"https:\/\/interamerica.org\/fr\/2023\/12\/raison-detre-2\/#primaryimage"},"thumbnailUrl":"https:\/\/interamerica.org\/wp-content\/uploads\/2023\/12\/purpose-fr.jpg","articleSection":["Nouvelles du si\u00e8ge de la division","RSS Fran\u00e7ais"],"inLanguage":"fr-FR"},{"@type":"WebPage","@id":"https:\/\/interamerica.org\/fr\/2023\/12\/raison-detre-2\/","url":"https:\/\/interamerica.org\/fr\/2023\/12\/raison-detre-2\/","name":"Raison d'\u00eatre - \u00c9glise Adventiste Du Septieme Jour - Inter Am\u00e9rique Division","isPartOf":{"@id":"https:\/\/interamerica.org\/fr\/#website"},"primaryImageOfPage":{"@id":"https:\/\/interamerica.org\/fr\/2023\/12\/raison-detre-2\/#primaryimage"},"image":{"@id":"https:\/\/interamerica.org\/fr\/2023\/12\/raison-detre-2\/#primaryimage"},"thumbnailUrl":"https:\/\/interamerica.org\/wp-content\/uploads\/2023\/12\/purpose-fr.jpg","datePublished":"2023-12-07T16:49:19+00:00","dateModified":"2023-12-07T18:33:31+00:00","author":{"@id":"https:\/\/interamerica.org\/fr\/#\/schema\/person\/29998f2bc2d8bd0d38662909289b54f1"},"breadcrumb":{"@id":"https:\/\/interamerica.org\/fr\/2023\/12\/raison-detre-2\/#breadcrumb"},"inLanguage":"fr-FR","potentialAction":[{"@type":"ReadAction","target":["https:\/\/interamerica.org\/fr\/2023\/12\/raison-detre-2\/"]}]},{"@type":"ImageObject","inLanguage":"fr-FR","@id":"https:\/\/interamerica.org\/fr\/2023\/12\/raison-detre-2\/#primaryimage","url":"https:\/\/interamerica.org\/wp-content\/uploads\/2023\/12\/purpose-fr.jpg","contentUrl":"https:\/\/interamerica.org\/wp-content\/uploads\/2023\/12\/purpose-fr.jpg","width":1280,"height":720},{"@type":"BreadcrumbList","@id":"https:\/\/interamerica.org\/fr\/2023\/12\/raison-detre-2\/#breadcrumb","itemListElement":[{"@type":"ListItem","position":1,"name":"Home","item":"https:\/\/interamerica.org\/fr\/"},{"@type":"ListItem","position":2,"name":"Raison d&rsquo;\u00eatre"}]},{"@type":"WebSite","@id":"https:\/\/interamerica.org\/fr\/#website","url":"https:\/\/interamerica.org\/fr\/","name":"\u00c9glise Adventiste Du Septieme Jour - Inter Am\u00e9rique Division","description":"","potentialAction":[{"@type":"SearchAction","target":{"@type":"EntryPoint","urlTemplate":"https:\/\/interamerica.org\/fr\/?s={search_term_string}"},"query-input":{"@type":"PropertyValueSpecification","valueRequired":true,"valueName":"search_term_string"}}],"inLanguage":"fr-FR"},{"@type":"Person","@id":"https:\/\/interamerica.org\/fr\/#\/schema\/person\/29998f2bc2d8bd0d38662909289b54f1","name":"libna","image":{"@type":"ImageObject","inLanguage":"fr-FR","@id":"https:\/\/secure.gravatar.com\/avatar\/7c5bd30ae4b47a9ba3c856590957fd1d96dc588bf3ac05719d247e126840331f?s=96&d=mm&r=g","url":"https:\/\/secure.gravatar.com\/avatar\/7c5bd30ae4b47a9ba3c856590957fd1d96dc588bf3ac05719d247e126840331f?s=96&d=mm&r=g","contentUrl":"https:\/\/secure.gravatar.com\/avatar\/7c5bd30ae4b47a9ba3c856590957fd1d96dc588bf3ac05719d247e126840331f?s=96&d=mm&r=g","caption":"libna"}}]}},"_links":{"self":[{"href":"https:\/\/interamerica.org\/fr\/wp-json\/wp\/v2\/posts\/107891","targetHints":{"allow":["GET"]}}],"collection":[{"href":"https:\/\/interamerica.org\/fr\/wp-json\/wp\/v2\/posts"}],"about":[{"href":"https:\/\/interamerica.org\/fr\/wp-json\/wp\/v2\/types\/post"}],"author":[{"embeddable":true,"href":"https:\/\/interamerica.org\/fr\/wp-json\/wp\/v2\/users\/3"}],"replies":[{"embeddable":true,"href":"https:\/\/interamerica.org\/fr\/wp-json\/wp\/v2\/comments?post=107891"}],"version-history":[{"count":0,"href":"https:\/\/interamerica.org\/fr\/wp-json\/wp\/v2\/posts\/107891\/revisions"}],"wp:featuredmedia":[{"embeddable":true,"href":"https:\/\/interamerica.org\/fr\/wp-json\/wp\/v2\/media\/107892"}],"wp:attachment":[{"href":"https:\/\/interamerica.org\/fr\/wp-json\/wp\/v2\/media?parent=107891"}],"wp:term":[{"taxonomy":"category","embeddable":true,"href":"https:\/\/interamerica.org\/fr\/wp-json\/wp\/v2\/categories?post=107891"},{"taxonomy":"post_tag","embeddable":true,"href":"https:\/\/interamerica.org\/fr\/wp-json\/wp\/v2\/tags?post=107891"}],"curies":[{"name":"wp","href":"https:\/\/api.w.org\/{rel}","templated":true}]}}