{"id":107961,"date":"2023-12-05T22:20:02","date_gmt":"2023-12-06T03:20:02","guid":{"rendered":"https:\/\/interamerica.org\/?p=107961"},"modified":"2023-12-14T06:30:50","modified_gmt":"2023-12-14T11:30:50","slug":"un-document-recemment-decouvert-nous-eclaire-sur-les-origines-de-ladventisme","status":"publish","type":"post","link":"https:\/\/interamerica.org\/fr\/2023\/12\/un-document-recemment-decouvert-nous-eclaire-sur-les-origines-de-ladventisme\/","title":{"rendered":"Un document r\u00e9cemment d\u00e9couvert nous \u00e9claire sur les origines de l\u2019adventisme"},"content":{"rendered":"<h4><b>Un magazine p\u00e9riodique publi\u00e9 en juillet 1844 par les mill\u00e9rites est r\u00e9v\u00e9lateur, selon les historiens de l\u2019\u00c9glise.<\/b><\/h4>\n<p style=\"font-weight: 400;\"><span style=\"font-weight: 400;\">Le 5 d\u00e9cembre 2023 | Tennessee, \u00c9tats-Unis | <\/span><i><span style=\"font-weight: 400;\">Southern Accent<\/span><\/i><span style=\"font-weight: 400;\">, Universit\u00e9 adventiste Southern et <\/span><i><span style=\"font-weight: 400;\">Adventist Review<\/span><\/i><\/p>\n<p style=\"font-weight: 400;\"><span style=\"font-weight: 400;\">Un document \u00e2g\u00e9 de 179 ans r\u00e9cemment d\u00e9couvert nous informe encore un peu plus sur les d\u00e9buts de l\u2019\u00c9glise adventiste du septi\u00e8me jour, \u00e0 l\u2019\u00e9poque o\u00f9 la confession n\u2019existait pas encore en tant que telle. Le document, qui a \u00e9t\u00e9 d\u00e9couvert par Michael Campbell, un ancien \u00e9tudiant de l\u2019Universit\u00e9 adventiste Southern, est le tout premier num\u00e9ro du magazine <\/span><i><span style=\"font-weight: 400;\">The Hope of Israel<\/span><\/i><span style=\"font-weight: 400;\">, un p\u00e9riodique mill\u00e9rite imprim\u00e9 le 19 juillet 1844 ayant pour r\u00e9dacteurs en chef Joseph Turner et John Pearson Jr.\u00a0<\/span><\/p>\n<p style=\"font-weight: 400;\"><span style=\"font-weight: 400;\">Les mill\u00e9rites \u00e9taient des adeptes du pr\u00e9dicateur baptiste tr\u00e8s connu, William Miller, et ils croyaient que J\u00e9sus allait revenir sur la terre en 1844. Le mouvement mill\u00e9rite est \u00e0 l\u2019origine de la formation ult\u00e9rieure de l\u2019\u00c9glise adventiste du septi\u00e8me jour.<\/span><\/p>\n<div id=\"attachment_107468\" style=\"width: 882px\" class=\"wp-caption aligncenter\"><img fetchpriority=\"high\" decoding=\"async\" aria-describedby=\"caption-attachment-107468\" class=\" wp-image-107467\" src=\"https:\/\/interamerica.org\/wp-content\/uploads\/2023\/12\/sda-doc-pic-1.webp\" alt=\"\" width=\"872\" height=\"654\" srcset=\"https:\/\/interamerica.org\/wp-content\/uploads\/2023\/12\/sda-doc-pic-1.webp 667w, https:\/\/interamerica.org\/wp-content\/uploads\/2023\/12\/sda-doc-pic-1-300x225.webp 300w\" sizes=\"(max-width: 872px) 100vw, 872px\" \/><p id=\"caption-attachment-107468\" class=\"wp-caption-text\"><span style=\"font-weight: 400;\">De gauche \u00e0 droite : Jonathan Scriven, Nicholas P. Miller, Michael W. Campbell, Kathy Hecht et Bradford Haas avec le document r\u00e9cemment d\u00e9couvert qui nous informe encore un peu plus sur l\u2019\u00e9tablissement de l\u2019\u00c9glise adventiste du septi\u00e8me jour. [Une photo offerte par Michael Campbell]<\/span><\/p><\/div>\n<p style=\"font-weight: 400;\"><span style=\"font-weight: 400;\">Michael Campbell, qui est le directeur des Archives, des statistiques et de la recherche de la Division nord-am\u00e9ricaine de l\u2019\u00c9glise adventiste du septi\u00e8me jour, a d\u00e9couvert le document durant le congr\u00e8s sur les femmes dans l\u2019histoire de l\u2019adventisme qui a eu lieu en octobre \u00e0 l\u2019Universit\u00e9 adventiste de Washington, \u00e0 Takoma Park, au Maryland, alors qu\u2019il consultait la collection patrimoniale de l\u2019universit\u00e9.\u00a0<\/span><\/p>\n<p style=\"font-weight: 400;\"><span style=\"font-weight: 400;\">Dans une communication par courriel, il a \u00e9crit que la d\u00e9couverte de ce document \u00e9tait importante pour plusieurs raisons. D\u2019abord, elle fournit une date plus pr\u00e9cise du lancement de <\/span><i><span style=\"font-weight: 400;\">The Hope of Israel<\/span><\/i><span style=\"font-weight: 400;\">, qui n\u2019avait jusqu\u2019ici \u00e9t\u00e9 qu\u2019estim\u00e9e.\u00a0\u00a0<\/span><\/p>\n<p style=\"font-weight: 400;\"><span style=\"font-weight: 400;\">\u00ab\u00a0Il s\u2019agit d\u2019un document d\u2019une grande importance pour les historiens adventistes, a \u00e9crit M. Campbell. Jusqu\u2019\u00e0 r\u00e9cemment, nous ne pouvions que supposer la date des d\u00e9buts du magazine <\/span><i><span style=\"font-weight: 400;\">The Hope of Israel<\/span><\/i><span style=\"font-weight: 400;\">. Maintenant, nous savons qu\u2019il a pr\u00e9cis\u00e9ment \u00e9t\u00e9 lanc\u00e9 \u00e0 l\u2019\u00e9t\u00e9 1844, un moment charni\u00e8re, par un groupe de mill\u00e9rites au sein duquel James et Ellen White \u00e9taient tr\u00e8s actifs.\u00a0\u00bb<\/span><\/p>\n<p style=\"font-weight: 400;\"><span style=\"font-weight: 400;\">Deuxi\u00e8mement, le document d\u00e9crit une conf\u00e9rence mill\u00e9rite tenue \u00e0 Megquier Hill, West Poland, dans l\u2019\u00c9tat du Maine. La conf\u00e9rence a eu lieu moins d\u2019une ann\u00e9e avant qu\u2019Ellen Harmon ne partage publiquement sa premi\u00e8re vision pour la premi\u00e8re fois lors d\u2019une autre conf\u00e9rence au m\u00eame endroit.<\/span><\/p>\n<p style=\"font-weight: 400;\"><span style=\"font-weight: 400;\">Mlle Harmon, qui est plus tard devenue Ellen White, est cofondatrice de l\u2019\u00c9glise adventiste, qui enseigne que le don spirituel de la proph\u00e9tie s\u2019est manifest\u00e9 par son minist\u00e8re. Elle a eu sa premi\u00e8re vision lors d\u2019une r\u00e9union de pri\u00e8re chez des voisins, \u00e0 Portland, dans le Maine. Selon son propre r\u00e9cit, elle a vu une s\u00e9rie de sc\u00e8nes panoramiques repr\u00e9sentant l\u2019histoire du salut, de la cr\u00e9ation du monde jusqu\u2019au retour de Christ et \u00e0 l\u2019\u00e9tablissement de la Nouvelle J\u00e9rusalem. La vision soulignait \u00e9galement l\u2019importance de la croyance adventiste du jugement imminent et de la n\u00e9cessit\u00e9 d\u2019une pr\u00e9paration personnelle.<\/span><\/p>\n<p style=\"font-weight: 400;\"><span style=\"font-weight: 400;\">Ce document nous \u00e9claire \u00e9galement sur la vie avant la Grande d\u00e9ception de 1844, nomm\u00e9e ainsi en raison de la r\u00e9action des mill\u00e9rites lorsque J\u00e9sus n\u2019est pas revenu sur terre comme ils s\u2019y attendaient. C\u2019est cet \u00e9v\u00e9nement qui \u00e0 plus tard inspir\u00e9 la cr\u00e9ation de l\u2019\u00c9glise adventiste. Dans un \u00e9pisode de la balado (<\/span><i><span style=\"font-weight: 400;\">podcast<\/span><\/i><span style=\"font-weight: 400;\">) <\/span><i><span style=\"font-weight: 400;\">Adventist Heritage<\/span><\/i><span style=\"font-weight: 400;\"> de M. Campbell, il a dit ceci\u00a0: \u00ab\u00a0Le 22 octobre 1844, ils attendent Christ, d\u2019o\u00f9 le nom \u201cThe Hope of Israel\u201d. Ils attendent le retour de J\u00e9sus comme cette esp\u00e9rance m\u00e9taphorique.\u00a0\u00bb<\/span><\/p>\n<p style=\"font-weight: 400;\"><span style=\"font-weight: 400;\">De plus, le document nouvellement d\u00e9couvert contient \u00e9galement du contenu li\u00e9 \u00e0 des \u00e9v\u00e9nements historiques importants. Par exemple, la derni\u00e8re page du p\u00e9riodique pr\u00e9sente un article sur l\u2019abolitionnisme, sujet controvers\u00e9 \u00e0 l\u2019\u00e9poque.<\/span><\/p>\n<p style=\"font-weight: 400;\"><span style=\"font-weight: 400;\">\u00ab\u00a0\u00c0 la derni\u00e8re page, il y a ce qu\u2019on appelle des \u201cstatistiques stup\u00e9fiantes\u201d qui parlent de missions et de travail missionnaire\u2026 Il y a [aussi] tous ces gens qui \u00e9taient des esclaves et le fait que la population d\u2019esclaves augmentait \u00e0 un rythme de 75\u00a0000 par ann\u00e9e, a dit M. Campbell dans le m\u00eame \u00e9pisode de sa balado. Alors on voit combien de gens se convertissent gr\u00e2ce au travail missionnaire, et puis leur incapacit\u00e9 de suivre le rythme de l\u2019augmentation de la population des esclaves et des gens \u00e0 qui l\u2019on prive un acc\u00e8s \u00e0 l\u2019\u00c9vangile.\u00a0\u00bb<\/span><\/p>\n<p style=\"font-weight: 400;\"><span style=\"font-weight: 400;\">La <\/span><a href=\"https:\/\/southern-accent.org\/2023\/11\/28\/recently-discovered-millerite-document-sheds-light-on-adventisms-origins\/\"><span style=\"font-weight: 400;\">version originale<\/span><\/a><span style=\"font-weight: 400;\"> de cet article a \u00e9t\u00e9 publi\u00e9e par le <\/span><i><span style=\"font-weight: 400;\">Southern Accent<\/span><\/i><span style=\"font-weight: 400;\">.<\/span><\/p>\n<p style=\"font-weight: 400;\"><span style=\"font-weight: 400;\">Traduction : Marie-Mich\u00e8le Robitaille<\/span><\/p>\n","protected":false},"excerpt":{"rendered":"<p>Un magazine p\u00e9riodique publi\u00e9 en juillet 1844 par les mill\u00e9rites est r\u00e9v\u00e9lateur, selon les historiens de l\u2019\u00c9glise. Le 5 d\u00e9cembre 2023 | Tennessee, \u00c9tats-Unis | Southern Accent, Universit\u00e9 adventiste Southern&#8230;<\/p>\n","protected":false},"author":3,"featured_media":107468,"comment_status":"closed","ping_status":"closed","sticky":false,"template":"","format":"standard","meta":{"_acf_changed":false,"footnotes":""},"categories":[18,19],"tags":[],"class_list":["post-107961","post","type-post","status-publish","format-standard","has-post-thumbnail","hentry","category-nouvelles-de-leglise-mondiale","category-rss-francais"],"acf":[],"yoast_head":"<!-- This site is optimized with the Yoast SEO plugin v27.3 - https:\/\/yoast.com\/product\/yoast-seo-wordpress\/ -->\n<title>Un document r\u00e9cemment d\u00e9couvert nous \u00e9claire sur les origines de l\u2019adventisme - \u00c9glise Adventiste Du Septieme Jour - Inter Am\u00e9rique Division<\/title>\n<meta name=\"robots\" content=\"index, follow, max-snippet:-1, max-image-preview:large, max-video-preview:-1\" \/>\n<link rel=\"canonical\" href=\"https:\/\/interamerica.org\/fr\/2023\/12\/un-document-recemment-decouvert-nous-eclaire-sur-les-origines-de-ladventisme\/\" \/>\n<meta property=\"og:locale\" content=\"fr_FR\" \/>\n<meta property=\"og:type\" content=\"article\" \/>\n<meta property=\"og:title\" content=\"Un document r\u00e9cemment d\u00e9couvert nous \u00e9claire sur les origines de l\u2019adventisme - \u00c9glise Adventiste Du Septieme Jour - Inter Am\u00e9rique Division\" \/>\n<meta property=\"og:description\" content=\"Un magazine p\u00e9riodique publi\u00e9 en juillet 1844 par les mill\u00e9rites est r\u00e9v\u00e9lateur, selon les historiens de l\u2019\u00c9glise. Le 5 d\u00e9cembre 2023 | Tennessee, \u00c9tats-Unis | Southern Accent, Universit\u00e9 adventiste Southern...\" \/>\n<meta property=\"og:url\" content=\"https:\/\/interamerica.org\/fr\/2023\/12\/un-document-recemment-decouvert-nous-eclaire-sur-les-origines-de-ladventisme\/\" \/>\n<meta property=\"og:site_name\" content=\"\u00c9glise Adventiste Du Septieme Jour - Inter Am\u00e9rique Division\" \/>\n<meta property=\"article:published_time\" content=\"2023-12-06T03:20:02+00:00\" \/>\n<meta property=\"article:modified_time\" content=\"2023-12-14T11:30:50+00:00\" \/>\n<meta property=\"og:image\" content=\"https:\/\/interamerica.org\/wp-content\/uploads\/2023\/12\/sda-doc-pic-1.webp\" \/>\n\t<meta property=\"og:image:width\" content=\"667\" \/>\n\t<meta property=\"og:image:height\" content=\"500\" \/>\n\t<meta property=\"og:image:type\" content=\"image\/webp\" \/>\n<meta name=\"author\" content=\"libna\" \/>\n<meta name=\"twitter:card\" content=\"summary_large_image\" \/>\n<meta name=\"twitter:label1\" content=\"\u00c9crit par\" \/>\n\t<meta name=\"twitter:data1\" content=\"libna\" \/>\n\t<meta name=\"twitter:label2\" content=\"Dur\u00e9e de lecture estim\u00e9e\" \/>\n\t<meta name=\"twitter:data2\" content=\"4 minutes\" \/>\n<script type=\"application\/ld+json\" class=\"yoast-schema-graph\">{\"@context\":\"https:\\\/\\\/schema.org\",\"@graph\":[{\"@type\":\"Article\",\"@id\":\"https:\\\/\\\/interamerica.org\\\/fr\\\/2023\\\/12\\\/un-document-recemment-decouvert-nous-eclaire-sur-les-origines-de-ladventisme\\\/#article\",\"isPartOf\":{\"@id\":\"https:\\\/\\\/interamerica.org\\\/fr\\\/2023\\\/12\\\/un-document-recemment-decouvert-nous-eclaire-sur-les-origines-de-ladventisme\\\/\"},\"author\":{\"name\":\"libna\",\"@id\":\"https:\\\/\\\/interamerica.org\\\/fr\\\/#\\\/schema\\\/person\\\/29998f2bc2d8bd0d38662909289b54f1\"},\"headline\":\"Un document r\u00e9cemment d\u00e9couvert nous \u00e9claire sur les origines de l\u2019adventisme\",\"datePublished\":\"2023-12-06T03:20:02+00:00\",\"dateModified\":\"2023-12-14T11:30:50+00:00\",\"mainEntityOfPage\":{\"@id\":\"https:\\\/\\\/interamerica.org\\\/fr\\\/2023\\\/12\\\/un-document-recemment-decouvert-nous-eclaire-sur-les-origines-de-ladventisme\\\/\"},\"wordCount\":855,\"image\":{\"@id\":\"https:\\\/\\\/interamerica.org\\\/fr\\\/2023\\\/12\\\/un-document-recemment-decouvert-nous-eclaire-sur-les-origines-de-ladventisme\\\/#primaryimage\"},\"thumbnailUrl\":\"https:\\\/\\\/interamerica.org\\\/wp-content\\\/uploads\\\/2023\\\/12\\\/sda-doc-pic-1.webp\",\"articleSection\":[\"Nouvelles de l'\u00c9glise mondiale\",\"RSS Fran\u00e7ais\"],\"inLanguage\":\"fr-FR\"},{\"@type\":\"WebPage\",\"@id\":\"https:\\\/\\\/interamerica.org\\\/fr\\\/2023\\\/12\\\/un-document-recemment-decouvert-nous-eclaire-sur-les-origines-de-ladventisme\\\/\",\"url\":\"https:\\\/\\\/interamerica.org\\\/fr\\\/2023\\\/12\\\/un-document-recemment-decouvert-nous-eclaire-sur-les-origines-de-ladventisme\\\/\",\"name\":\"Un document r\u00e9cemment d\u00e9couvert nous \u00e9claire sur les origines de l\u2019adventisme - \u00c9glise Adventiste Du Septieme Jour - Inter Am\u00e9rique Division\",\"isPartOf\":{\"@id\":\"https:\\\/\\\/interamerica.org\\\/fr\\\/#website\"},\"primaryImageOfPage\":{\"@id\":\"https:\\\/\\\/interamerica.org\\\/fr\\\/2023\\\/12\\\/un-document-recemment-decouvert-nous-eclaire-sur-les-origines-de-ladventisme\\\/#primaryimage\"},\"image\":{\"@id\":\"https:\\\/\\\/interamerica.org\\\/fr\\\/2023\\\/12\\\/un-document-recemment-decouvert-nous-eclaire-sur-les-origines-de-ladventisme\\\/#primaryimage\"},\"thumbnailUrl\":\"https:\\\/\\\/interamerica.org\\\/wp-content\\\/uploads\\\/2023\\\/12\\\/sda-doc-pic-1.webp\",\"datePublished\":\"2023-12-06T03:20:02+00:00\",\"dateModified\":\"2023-12-14T11:30:50+00:00\",\"author\":{\"@id\":\"https:\\\/\\\/interamerica.org\\\/fr\\\/#\\\/schema\\\/person\\\/29998f2bc2d8bd0d38662909289b54f1\"},\"breadcrumb\":{\"@id\":\"https:\\\/\\\/interamerica.org\\\/fr\\\/2023\\\/12\\\/un-document-recemment-decouvert-nous-eclaire-sur-les-origines-de-ladventisme\\\/#breadcrumb\"},\"inLanguage\":\"fr-FR\",\"potentialAction\":[{\"@type\":\"ReadAction\",\"target\":[\"https:\\\/\\\/interamerica.org\\\/fr\\\/2023\\\/12\\\/un-document-recemment-decouvert-nous-eclaire-sur-les-origines-de-ladventisme\\\/\"]}]},{\"@type\":\"ImageObject\",\"inLanguage\":\"fr-FR\",\"@id\":\"https:\\\/\\\/interamerica.org\\\/fr\\\/2023\\\/12\\\/un-document-recemment-decouvert-nous-eclaire-sur-les-origines-de-ladventisme\\\/#primaryimage\",\"url\":\"https:\\\/\\\/interamerica.org\\\/wp-content\\\/uploads\\\/2023\\\/12\\\/sda-doc-pic-1.webp\",\"contentUrl\":\"https:\\\/\\\/interamerica.org\\\/wp-content\\\/uploads\\\/2023\\\/12\\\/sda-doc-pic-1.webp\",\"width\":667,\"height\":500,\"caption\":\"(From left to right), Jonathan Scriven, Nicholas P. Miller, Michael W. Campbell, Kathy Hecht, and Bradford Haas take a photo with a newly discovered document with historical ties to the founding of the Seventh-day Adventist Church. [Photo: courtesy of Michael Campbell]\"},{\"@type\":\"BreadcrumbList\",\"@id\":\"https:\\\/\\\/interamerica.org\\\/fr\\\/2023\\\/12\\\/un-document-recemment-decouvert-nous-eclaire-sur-les-origines-de-ladventisme\\\/#breadcrumb\",\"itemListElement\":[{\"@type\":\"ListItem\",\"position\":1,\"name\":\"Home\",\"item\":\"https:\\\/\\\/interamerica.org\\\/fr\\\/\"},{\"@type\":\"ListItem\",\"position\":2,\"name\":\"Un document r\u00e9cemment d\u00e9couvert nous \u00e9claire sur les origines de l\u2019adventisme\"}]},{\"@type\":\"WebSite\",\"@id\":\"https:\\\/\\\/interamerica.org\\\/fr\\\/#website\",\"url\":\"https:\\\/\\\/interamerica.org\\\/fr\\\/\",\"name\":\"\u00c9glise Adventiste Du Septieme Jour - Inter Am\u00e9rique Division\",\"description\":\"\",\"potentialAction\":[{\"@type\":\"SearchAction\",\"target\":{\"@type\":\"EntryPoint\",\"urlTemplate\":\"https:\\\/\\\/interamerica.org\\\/fr\\\/?s={search_term_string}\"},\"query-input\":{\"@type\":\"PropertyValueSpecification\",\"valueRequired\":true,\"valueName\":\"search_term_string\"}}],\"inLanguage\":\"fr-FR\"},{\"@type\":\"Person\",\"@id\":\"https:\\\/\\\/interamerica.org\\\/fr\\\/#\\\/schema\\\/person\\\/29998f2bc2d8bd0d38662909289b54f1\",\"name\":\"libna\",\"image\":{\"@type\":\"ImageObject\",\"inLanguage\":\"fr-FR\",\"@id\":\"https:\\\/\\\/secure.gravatar.com\\\/avatar\\\/7c5bd30ae4b47a9ba3c856590957fd1d96dc588bf3ac05719d247e126840331f?s=96&d=mm&r=g\",\"url\":\"https:\\\/\\\/secure.gravatar.com\\\/avatar\\\/7c5bd30ae4b47a9ba3c856590957fd1d96dc588bf3ac05719d247e126840331f?s=96&d=mm&r=g\",\"contentUrl\":\"https:\\\/\\\/secure.gravatar.com\\\/avatar\\\/7c5bd30ae4b47a9ba3c856590957fd1d96dc588bf3ac05719d247e126840331f?s=96&d=mm&r=g\",\"caption\":\"libna\"}}]}<\/script>\n<!-- \/ Yoast SEO plugin. -->","yoast_head_json":{"title":"Un document r\u00e9cemment d\u00e9couvert nous \u00e9claire sur les origines de l\u2019adventisme - \u00c9glise Adventiste Du Septieme Jour - Inter Am\u00e9rique Division","robots":{"index":"index","follow":"follow","max-snippet":"max-snippet:-1","max-image-preview":"max-image-preview:large","max-video-preview":"max-video-preview:-1"},"canonical":"https:\/\/interamerica.org\/fr\/2023\/12\/un-document-recemment-decouvert-nous-eclaire-sur-les-origines-de-ladventisme\/","og_locale":"fr_FR","og_type":"article","og_title":"Un document r\u00e9cemment d\u00e9couvert nous \u00e9claire sur les origines de l\u2019adventisme - \u00c9glise Adventiste Du Septieme Jour - Inter Am\u00e9rique Division","og_description":"Un magazine p\u00e9riodique publi\u00e9 en juillet 1844 par les mill\u00e9rites est r\u00e9v\u00e9lateur, selon les historiens de l\u2019\u00c9glise. Le 5 d\u00e9cembre 2023 | Tennessee, \u00c9tats-Unis | Southern Accent, Universit\u00e9 adventiste Southern...","og_url":"https:\/\/interamerica.org\/fr\/2023\/12\/un-document-recemment-decouvert-nous-eclaire-sur-les-origines-de-ladventisme\/","og_site_name":"\u00c9glise Adventiste Du Septieme Jour - Inter Am\u00e9rique Division","article_published_time":"2023-12-06T03:20:02+00:00","article_modified_time":"2023-12-14T11:30:50+00:00","og_image":[{"width":667,"height":500,"url":"https:\/\/interamerica.org\/wp-content\/uploads\/2023\/12\/sda-doc-pic-1.webp","type":"image\/webp"}],"author":"libna","twitter_card":"summary_large_image","twitter_misc":{"\u00c9crit par":"libna","Dur\u00e9e de lecture estim\u00e9e":"4 minutes"},"schema":{"@context":"https:\/\/schema.org","@graph":[{"@type":"Article","@id":"https:\/\/interamerica.org\/fr\/2023\/12\/un-document-recemment-decouvert-nous-eclaire-sur-les-origines-de-ladventisme\/#article","isPartOf":{"@id":"https:\/\/interamerica.org\/fr\/2023\/12\/un-document-recemment-decouvert-nous-eclaire-sur-les-origines-de-ladventisme\/"},"author":{"name":"libna","@id":"https:\/\/interamerica.org\/fr\/#\/schema\/person\/29998f2bc2d8bd0d38662909289b54f1"},"headline":"Un document r\u00e9cemment d\u00e9couvert nous \u00e9claire sur les origines de l\u2019adventisme","datePublished":"2023-12-06T03:20:02+00:00","dateModified":"2023-12-14T11:30:50+00:00","mainEntityOfPage":{"@id":"https:\/\/interamerica.org\/fr\/2023\/12\/un-document-recemment-decouvert-nous-eclaire-sur-les-origines-de-ladventisme\/"},"wordCount":855,"image":{"@id":"https:\/\/interamerica.org\/fr\/2023\/12\/un-document-recemment-decouvert-nous-eclaire-sur-les-origines-de-ladventisme\/#primaryimage"},"thumbnailUrl":"https:\/\/interamerica.org\/wp-content\/uploads\/2023\/12\/sda-doc-pic-1.webp","articleSection":["Nouvelles de l'\u00c9glise mondiale","RSS Fran\u00e7ais"],"inLanguage":"fr-FR"},{"@type":"WebPage","@id":"https:\/\/interamerica.org\/fr\/2023\/12\/un-document-recemment-decouvert-nous-eclaire-sur-les-origines-de-ladventisme\/","url":"https:\/\/interamerica.org\/fr\/2023\/12\/un-document-recemment-decouvert-nous-eclaire-sur-les-origines-de-ladventisme\/","name":"Un document r\u00e9cemment d\u00e9couvert nous \u00e9claire sur les origines de l\u2019adventisme - \u00c9glise Adventiste Du Septieme Jour - Inter Am\u00e9rique Division","isPartOf":{"@id":"https:\/\/interamerica.org\/fr\/#website"},"primaryImageOfPage":{"@id":"https:\/\/interamerica.org\/fr\/2023\/12\/un-document-recemment-decouvert-nous-eclaire-sur-les-origines-de-ladventisme\/#primaryimage"},"image":{"@id":"https:\/\/interamerica.org\/fr\/2023\/12\/un-document-recemment-decouvert-nous-eclaire-sur-les-origines-de-ladventisme\/#primaryimage"},"thumbnailUrl":"https:\/\/interamerica.org\/wp-content\/uploads\/2023\/12\/sda-doc-pic-1.webp","datePublished":"2023-12-06T03:20:02+00:00","dateModified":"2023-12-14T11:30:50+00:00","author":{"@id":"https:\/\/interamerica.org\/fr\/#\/schema\/person\/29998f2bc2d8bd0d38662909289b54f1"},"breadcrumb":{"@id":"https:\/\/interamerica.org\/fr\/2023\/12\/un-document-recemment-decouvert-nous-eclaire-sur-les-origines-de-ladventisme\/#breadcrumb"},"inLanguage":"fr-FR","potentialAction":[{"@type":"ReadAction","target":["https:\/\/interamerica.org\/fr\/2023\/12\/un-document-recemment-decouvert-nous-eclaire-sur-les-origines-de-ladventisme\/"]}]},{"@type":"ImageObject","inLanguage":"fr-FR","@id":"https:\/\/interamerica.org\/fr\/2023\/12\/un-document-recemment-decouvert-nous-eclaire-sur-les-origines-de-ladventisme\/#primaryimage","url":"https:\/\/interamerica.org\/wp-content\/uploads\/2023\/12\/sda-doc-pic-1.webp","contentUrl":"https:\/\/interamerica.org\/wp-content\/uploads\/2023\/12\/sda-doc-pic-1.webp","width":667,"height":500,"caption":"(From left to right), Jonathan Scriven, Nicholas P. Miller, Michael W. Campbell, Kathy Hecht, and Bradford Haas take a photo with a newly discovered document with historical ties to the founding of the Seventh-day Adventist Church. [Photo: courtesy of Michael Campbell]"},{"@type":"BreadcrumbList","@id":"https:\/\/interamerica.org\/fr\/2023\/12\/un-document-recemment-decouvert-nous-eclaire-sur-les-origines-de-ladventisme\/#breadcrumb","itemListElement":[{"@type":"ListItem","position":1,"name":"Home","item":"https:\/\/interamerica.org\/fr\/"},{"@type":"ListItem","position":2,"name":"Un document r\u00e9cemment d\u00e9couvert nous \u00e9claire sur les origines de l\u2019adventisme"}]},{"@type":"WebSite","@id":"https:\/\/interamerica.org\/fr\/#website","url":"https:\/\/interamerica.org\/fr\/","name":"\u00c9glise Adventiste Du Septieme Jour - Inter Am\u00e9rique Division","description":"","potentialAction":[{"@type":"SearchAction","target":{"@type":"EntryPoint","urlTemplate":"https:\/\/interamerica.org\/fr\/?s={search_term_string}"},"query-input":{"@type":"PropertyValueSpecification","valueRequired":true,"valueName":"search_term_string"}}],"inLanguage":"fr-FR"},{"@type":"Person","@id":"https:\/\/interamerica.org\/fr\/#\/schema\/person\/29998f2bc2d8bd0d38662909289b54f1","name":"libna","image":{"@type":"ImageObject","inLanguage":"fr-FR","@id":"https:\/\/secure.gravatar.com\/avatar\/7c5bd30ae4b47a9ba3c856590957fd1d96dc588bf3ac05719d247e126840331f?s=96&d=mm&r=g","url":"https:\/\/secure.gravatar.com\/avatar\/7c5bd30ae4b47a9ba3c856590957fd1d96dc588bf3ac05719d247e126840331f?s=96&d=mm&r=g","contentUrl":"https:\/\/secure.gravatar.com\/avatar\/7c5bd30ae4b47a9ba3c856590957fd1d96dc588bf3ac05719d247e126840331f?s=96&d=mm&r=g","caption":"libna"}}]}},"_links":{"self":[{"href":"https:\/\/interamerica.org\/fr\/wp-json\/wp\/v2\/posts\/107961","targetHints":{"allow":["GET"]}}],"collection":[{"href":"https:\/\/interamerica.org\/fr\/wp-json\/wp\/v2\/posts"}],"about":[{"href":"https:\/\/interamerica.org\/fr\/wp-json\/wp\/v2\/types\/post"}],"author":[{"embeddable":true,"href":"https:\/\/interamerica.org\/fr\/wp-json\/wp\/v2\/users\/3"}],"replies":[{"embeddable":true,"href":"https:\/\/interamerica.org\/fr\/wp-json\/wp\/v2\/comments?post=107961"}],"version-history":[{"count":0,"href":"https:\/\/interamerica.org\/fr\/wp-json\/wp\/v2\/posts\/107961\/revisions"}],"wp:featuredmedia":[{"embeddable":true,"href":"https:\/\/interamerica.org\/fr\/wp-json\/wp\/v2\/media\/107468"}],"wp:attachment":[{"href":"https:\/\/interamerica.org\/fr\/wp-json\/wp\/v2\/media?parent=107961"}],"wp:term":[{"taxonomy":"category","embeddable":true,"href":"https:\/\/interamerica.org\/fr\/wp-json\/wp\/v2\/categories?post=107961"},{"taxonomy":"post_tag","embeddable":true,"href":"https:\/\/interamerica.org\/fr\/wp-json\/wp\/v2\/tags?post=107961"}],"curies":[{"name":"wp","href":"https:\/\/api.w.org\/{rel}","templated":true}]}}