{"id":107962,"date":"2023-12-06T20:14:02","date_gmt":"2023-12-07T01:14:02","guid":{"rendered":"https:\/\/interamerica.org\/?p=107962"},"modified":"2023-12-08T10:37:34","modified_gmt":"2023-12-08T15:37:34","slug":"au-belize-les-adventistes-honorent-la-vie-du-defunt-dirigeant-chef-guide-et-leader-de-jeunesse","status":"publish","type":"post","link":"https:\/\/interamerica.org\/fr\/2023\/12\/au-belize-les-adventistes-honorent-la-vie-du-defunt-dirigeant-chef-guide-et-leader-de-jeunesse\/","title":{"rendered":"Au Belize, les adventistes honorent la vie du d\u00e9funt dirigeant chef guide et leader de jeunesse"},"content":{"rendered":"<p><div id=\"attachment_107833\" style=\"width: 861px\" class=\"wp-caption aligncenter\"><img fetchpriority=\"high\" decoding=\"async\" aria-describedby=\"caption-attachment-107833\" class=\" wp-image-107832\" src=\"https:\/\/interamerica.org\/wp-content\/uploads\/2023\/12\/belu-axel-burial-service.jpg\" alt=\"\" width=\"851\" height=\"699\" srcset=\"https:\/\/interamerica.org\/wp-content\/uploads\/2023\/12\/belu-axel-burial-service.jpg 950w, https:\/\/interamerica.org\/wp-content\/uploads\/2023\/12\/belu-axel-burial-service-300x246.jpg 300w, https:\/\/interamerica.org\/wp-content\/uploads\/2023\/12\/belu-axel-burial-service-768x631.jpg 768w\" sizes=\"(max-width: 851px) 100vw, 851px\" \/><p id=\"caption-attachment-107833\" class=\"wp-caption-text\">Le 4 D\u00e9cembre 2023, des chefs guides, des \u00e9claireurs, des membres d\u2019\u00e9glise et des amis ont pris part \u00e0 la c\u00e9r\u00e9monie d\u2019inhumation d\u2019Axel Arhel Rodr\u00edguez, 23 ans, d\u00e9c\u00e9d\u00e9 apr\u00e8s avoir lutt\u00e9 contre le cancer cette ann\u00e9e. Axel Rodr\u00edguez, qui a servi comme dirigeant chef guide et leader de jeunesse dans son \u00e9glise d\u2019origine \u00e0 Calcutta, dans le district de Corozal, dans le nord du Belize, est rest\u00e9 dans les m\u00e9moires pour son service et son d\u00e9vouement au service des autres. Il est d\u00e9c\u00e9d\u00e9 le 30 novembre 2023. [Photo : Union du Belize]<\/p><\/div>6 D\u00e9cembre 2023 | Corozal, B\u00e9lize | Francisco L. Zetina et Libna Stevens, Actualit\u00e9s de la Division Inter Am\u00e9ricaine<\/p>\n<p>Les adventistes du septi\u00e8me jour au Belize ont honor\u00e9 l\u2019un de leurs dirigeants chef guide et ami lors d\u2019un service comm\u00e9moratif \u00e0 l\u2019\u00e9glise adventiste hispanophone de Calcutta, dans le Corozal, le 4 d\u00e9cembre 2023. Axel Arhel Rodr\u00edguez, 23 ans, est d\u00e9c\u00e9d\u00e9 le mois dernier des suites d\u2019un cancer ont indiqu\u00e9 les membres de sa famille.<\/p>\n<p>\u00ab Il \u00e9tait l\u2019un des dirigeants du Club des \u00c9claireurs Les Pl\u00e9yales ici \u00e0 l\u2019\u00e9glise adventiste de Calcutta et \u00e9tait un membre tr\u00e8s actif, soutenant toujours les programmes tant au niveau de la mission qu\u2019au niveau de l\u2019union, \u00bb a dit pasteur Gelber Gamboa, directeur des minist\u00e8res de la jeunesse de l\u2019Union du Belize, alors qu\u2019il s\u2019adressait aux plus de 350 personnes rassembl\u00e9es pour le service de comm\u00e9moration. \u00ab Il est tomb\u00e9 amoureux de J\u00e9sus gr\u00e2ce aux activit\u00e9s du club [des \u00c9claireurs] et a d\u00e9cid\u00e9 de donner son c\u0153ur \u00e0 J\u00e9sus en 2017. \u00bb<\/p>\n<p><div id=\"attachment_107851\" style=\"width: 863px\" class=\"wp-caption aligncenter\"><img decoding=\"async\" aria-describedby=\"caption-attachment-107851\" class=\" wp-image-107850\" src=\"https:\/\/interamerica.org\/wp-content\/uploads\/2023\/12\/belu-axel-rodriguez-chruch.jpg\" alt=\"\" width=\"853\" height=\"480\" srcset=\"https:\/\/interamerica.org\/wp-content\/uploads\/2023\/12\/belu-axel-rodriguez-chruch.jpg 1000w, https:\/\/interamerica.org\/wp-content\/uploads\/2023\/12\/belu-axel-rodriguez-chruch-300x169.jpg 300w, https:\/\/interamerica.org\/wp-content\/uploads\/2023\/12\/belu-axel-rodriguez-chruch-768x432.jpg 768w\" sizes=\"(max-width: 853px) 100vw, 853px\" \/><p id=\"caption-attachment-107851\" class=\"wp-caption-text\">Les chefs guides et les \u00c9claireurs au garde \u00e0 vous lors du service comm\u00e9moratif d\u2019Axel Rodr\u00edguez o\u00f9 plus de 350 personnes se sont r\u00e9unies \u00e0 l\u2019\u00e9glise adventiste de Calcutta dans le secteur de Corozal au Belize, le 4 d\u00e9cembre 2023. [Photo : avec l\u2019aimable autorisation de Magali Tzul Bustillos]<\/p><\/div>N\u00e9 au Mexique, Axel a grandi au Belize. Apr\u00e8s avoir obtenu un dipl\u00f4me en \u00e9ducation \u00e9l\u00e9mentaire de l\u2019institut universitaire adventiste du Belize, il a \u00e9t\u00e9 embauch\u00e9 pour commencer \u00e0 enseigner \u00e0 l\u2019\u00e9cole primaire adventiste Nuevo Horizonte sur l\u2019\u00eele de San Pedro, Ambergris, au Belize en septembre.<\/p>\n<p>\u00ab Pour notre famille, Axel \u00e9tait un exemple \u00e0 suivre, \u00bb a d\u00e9clar\u00e9 son fr\u00e8re Javier Rodr\u00edguez. \u00ab Il a suivi et r\u00e9alis\u00e9 ses r\u00eaves et nous a appris \u00e0 ne pas abandonner et \u00e0 \u00eatre courageux. Javier Rodr\u00edguez a remerci\u00e9 l\u2019\u00c9glise adventiste au Belize et \u00e0 Chetumal, dans le Quintana Roo au Mexique \u00ab pour chaque acte d\u2019amour que vous avez accompli pour notre Axel. \u00bb<\/p>\n<p><div id=\"attachment_107845\" style=\"width: 517px\" class=\"wp-caption aligncenter\"><img decoding=\"async\" aria-describedby=\"caption-attachment-107845\" class=\" wp-image-107844\" src=\"https:\/\/interamerica.org\/wp-content\/uploads\/2023\/12\/belu-axel-rodriguez-iadcamporee.jpg\" alt=\"\" width=\"507\" height=\"696\" srcset=\"https:\/\/interamerica.org\/wp-content\/uploads\/2023\/12\/belu-axel-rodriguez-iadcamporee.jpg 600w, https:\/\/interamerica.org\/wp-content\/uploads\/2023\/12\/belu-axel-rodriguez-iadcamporee-218x300.jpg 218w\" sizes=\"(max-width: 507px) 100vw, 507px\" \/><p id=\"caption-attachment-107845\" class=\"wp-caption-text\">Le regrett\u00e9 Alex Aherl Rodr\u00edguez, 23 ans, porte son badge d\u2019identification et l\u00e8ve les pouces lors du Campor\u00e9e des \u00c9claireurs de la Division Inter Am\u00e9ricaine, qui s\u2019est tenu \u00e0 Montego Bay, en Jama\u00efque, en avril 2023. [Photo : Avec l\u2019aimable autorisation de Gelber Gamba]<\/p><\/div>Le pasteur du district de Calcutta, Jaido Guti\u00e9rrez, a d\u00e9clar\u00e9 : \u00ab Axel a toujours gard\u00e9 une chanson dans son c\u0153ur et s\u2019est repos\u00e9 comme un jeune homme courageux apr\u00e8s avoir parl\u00e9 \u00e0 J\u00e9sus, son ami. \u00bb<\/p>\n<p>Alors qu\u2019il se pr\u00e9sentait pour son premier jour de l\u2019ann\u00e9e scolaire en septembre, Axel est tomb\u00e9 malade et s\u2019est rendu dans un h\u00f4pital voisin pour se faire soigner. Il y est d\u00e9c\u00e9d\u00e9 le 30 novembre 2023.<\/p>\n<p><div id=\"attachment_107842\" style=\"width: 845px\" class=\"wp-caption aligncenter\"><img loading=\"lazy\" decoding=\"async\" aria-describedby=\"caption-attachment-107842\" class=\" wp-image-107841\" src=\"https:\/\/interamerica.org\/wp-content\/uploads\/2023\/12\/belu-pathfinders-march-axel-rodriguez.jpg\" alt=\"\" width=\"835\" height=\"556\" srcset=\"https:\/\/interamerica.org\/wp-content\/uploads\/2023\/12\/belu-pathfinders-march-axel-rodriguez.jpg 1000w, https:\/\/interamerica.org\/wp-content\/uploads\/2023\/12\/belu-pathfinders-march-axel-rodriguez-300x200.jpg 300w, https:\/\/interamerica.org\/wp-content\/uploads\/2023\/12\/belu-pathfinders-march-axel-rodriguez-768x511.jpg 768w\" sizes=\"(max-width: 835px) 100vw, 835px\" \/><p id=\"caption-attachment-107842\" class=\"wp-caption-text\">Les Chefs Guides et les \u00c9claireurs d\u00e9filent dans les rues de Calcutta, dans le secteur de Corozal, dans le nord du Belize, et escortent le cercueil d\u2019Axel Rodr\u00edguez, jusqu\u2019au service comm\u00e9moratif \u00e0 l\u2019\u00e9glise adventiste de Calcutta, le 4 d\u00e9cembre 2023. [Photo : Union du Belize]<\/p><\/div>\u00ab Nous l\u2019avons vu partir et aujourd\u2019hui nous l\u2019avons accueilli avec les honneurs car il a toujours \u00e9t\u00e9 un combattant pour J\u00e9sus, \u00bb a d\u00e9clar\u00e9 l\u2019un des membres de son Club des \u00c9claireurs. Des dizaines d\u2019\u00e9claireurs et de chefs guides ont accompagn\u00e9 le corps d\u2019Axel \u00e0 travers les rues de Calcutta jusqu\u2019au service comm\u00e9moratif qui a eu lieu \u00e0 l\u2019\u00e9glise.<\/p>\n<p>\u00ab Il me manquera \u00e9norm\u00e9ment, \u00bb a d\u00e9clar\u00e9 Magali Tzul Bustillos, la cousine d\u2019Axel. \u00ab Il venait tout le temps chez moi, il aimait servir \u00e0 l\u2019\u00e9glise et \u00e9tait toujours pr\u00eat \u00e0 aider ceux qui \u00e9taient dans le besoin, \u00bb a-t-elle d\u00e9clar\u00e9. Axel \u00e9tait toujours positif et ne se plaignait jamais de sa situation, a dit Magali Tzul. \u00ab Il a commenc\u00e9 \u00e0 ne pas se sentir bien en avril et il avait travaill\u00e9 dur en tondant et en nettoyant des pelouses afin d\u2019avoir les moyens de se rendre au Campor\u00e9e des \u00c9claireurs de la Division Inter Am\u00e9ricaine en Jama\u00efque. Il est revenu et a dit que le campor\u00e9e avait transform\u00e9 sa vie et peu de temps apr\u00e8s, il a commenc\u00e9 \u00e0 avoir besoin de transfusions sanguines. \u00bb<\/p>\n<p><div id=\"attachment_107839\" style=\"width: 843px\" class=\"wp-caption aligncenter\"><img loading=\"lazy\" decoding=\"async\" aria-describedby=\"caption-attachment-107839\" class=\" wp-image-107838\" src=\"https:\/\/interamerica.org\/wp-content\/uploads\/2023\/12\/belu-axel-funeral.jpg\" alt=\"\" width=\"833\" height=\"555\" srcset=\"https:\/\/interamerica.org\/wp-content\/uploads\/2023\/12\/belu-axel-funeral.jpg 1000w, https:\/\/interamerica.org\/wp-content\/uploads\/2023\/12\/belu-axel-funeral-300x200.jpg 300w, https:\/\/interamerica.org\/wp-content\/uploads\/2023\/12\/belu-axel-funeral-768x511.jpg 768w\" sizes=\"(max-width: 833px) 100vw, 833px\" \/><p id=\"caption-attachment-107839\" class=\"wp-caption-text\">Les dirigeants de la jeunesse placent un drapeau de Chef Guide sur le cercueil d\u2019Axel Rodr\u00edguez lors du service au cimeti\u00e8re \u00e0 Corozal, au Belize. [Photo : Union du Belize]<\/p><\/div>L\u2019\u00e9glise au Belize et \u00e0 Chetumal a aid\u00e9 \u00e0 organiser des collectes de sang et \u00e0 collecter des fonds pour l\u2019aider \u00e0 couvrir ses frais m\u00e9dicaux une fois admis \u00e0 l\u2019h\u00f4pital, a d\u00e9clar\u00e9 Magali Tzul. \u00ab Il me disait \u00e0 quel point l\u2019\u00e9glise lui manquait et qu\u2019il voulait que sa famille se joigne \u00e0 l\u2019\u00e9glise. \u00bb Axel \u00e9tait le seul adventiste du septi\u00e8me jour dans sa famille, a dit Magali Tzul. \u00ab Il a touch\u00e9 de nombreux c\u0153urs et \u00e9tait toujours disponible pour servir. \u00bb<\/p>\n<p>Axel est le troisi\u00e8me leader de jeunesse \u00e0 d\u00e9c\u00e9der cette ann\u00e9e. \u00ab Cette ann\u00e9e a \u00e9t\u00e9 vraiment difficile apr\u00e8s le Campor\u00e9e, nous avons perdu trois puissants jeunes leaders qui ont eu un impact sur les enfants et les jeunes au Belize, \u00bb, a d\u00e9clar\u00e9 pasteur Gamboa. Jael Spencer, 23 ans, chef guide et dirigeant de jeunesse, est d\u00e9c\u00e9d\u00e9 en juillet. Carey McCalla, 43 ans, leader de jeunesse et professeur de musique \u00e0 l\u2019\u00e9cole secondaire, est d\u00e9c\u00e9d\u00e9 en ao\u00fbt.\u00ab Ces trois dirigeants de jeunesse ont vraiment eu un impact sur ma vie et nous savons que nous les reverrons le glorieux matin o\u00f9 J\u00e9sus reviendra, \u00bb a d\u00e9clar\u00e9 pasteur Gamboa.<\/p>\n<p><div id=\"attachment_107827\" style=\"width: 845px\" class=\"wp-caption aligncenter\"><img loading=\"lazy\" decoding=\"async\" aria-describedby=\"caption-attachment-107827\" class=\" wp-image-107826\" src=\"https:\/\/interamerica.org\/wp-content\/uploads\/2023\/12\/belu-pathfinderclub.jpg\" alt=\"\" width=\"835\" height=\"508\" srcset=\"https:\/\/interamerica.org\/wp-content\/uploads\/2023\/12\/belu-pathfinderclub.jpg 1000w, https:\/\/interamerica.org\/wp-content\/uploads\/2023\/12\/belu-pathfinderclub-300x183.jpg 300w, https:\/\/interamerica.org\/wp-content\/uploads\/2023\/12\/belu-pathfinderclub-768x468.jpg 768w\" sizes=\"(max-width: 835px) 100vw, 835px\" \/><p id=\"caption-attachment-107827\" class=\"wp-caption-text\">Pasteur Gelber Gamboa (devant \u00e0 gauche) se joint au Club des \u00c9claireurs Les Pl\u00e9yales dont faisait partie feu Axel Rodr\u00edguez \u00e0 l\u2019\u00e9glise adventiste hispanophone de Calcutta dans le secteur de Corozal, dans le nord du Belize, le 4 d\u00e9cembre 2023. [Photo : Union du Belize]<\/p><\/div>Axel Rodr\u00edguez laisse ses parents, ses trois fr\u00e8res et s\u0153urs et des membres de sa famille \u00e9largie.<\/p>\n<p>Traduction: Patrick Luciathe<\/p>\n","protected":false},"excerpt":{"rendered":"<p>6 D\u00e9cembre 2023 | Corozal, B\u00e9lize | Francisco L. Zetina et Libna Stevens, Actualit\u00e9s de la Division Inter Am\u00e9ricaine Les adventistes du septi\u00e8me jour au Belize ont honor\u00e9 l\u2019un de&#8230;<\/p>\n","protected":false},"author":3,"featured_media":107833,"comment_status":"closed","ping_status":"closed","sticky":false,"template":"","format":"standard","meta":{"_acf_changed":false,"footnotes":""},"categories":[21,19],"tags":[],"class_list":["post-107962","post","type-post","status-publish","format-standard","has-post-thumbnail","hentry","category-nouvelles-du-territoire","category-rss-francais"],"acf":[],"yoast_head":"<!-- This site is optimized with the Yoast SEO plugin v27.3 - https:\/\/yoast.com\/product\/yoast-seo-wordpress\/ -->\n<title>Au Belize, les adventistes honorent la vie du d\u00e9funt dirigeant chef guide et leader de jeunesse - \u00c9glise Adventiste Du Septieme Jour - Inter Am\u00e9rique Division<\/title>\n<meta name=\"robots\" content=\"index, follow, max-snippet:-1, max-image-preview:large, max-video-preview:-1\" \/>\n<link rel=\"canonical\" href=\"https:\/\/interamerica.org\/fr\/2023\/12\/au-belize-les-adventistes-honorent-la-vie-du-defunt-dirigeant-chef-guide-et-leader-de-jeunesse\/\" \/>\n<meta property=\"og:locale\" content=\"fr_FR\" \/>\n<meta property=\"og:type\" content=\"article\" \/>\n<meta property=\"og:title\" content=\"Au Belize, les adventistes honorent la vie du d\u00e9funt dirigeant chef guide et leader de jeunesse - \u00c9glise Adventiste Du Septieme Jour - Inter Am\u00e9rique Division\" \/>\n<meta property=\"og:description\" content=\"6 D\u00e9cembre 2023 | Corozal, B\u00e9lize | Francisco L. Zetina et Libna Stevens, Actualit\u00e9s de la Division Inter Am\u00e9ricaine Les adventistes du septi\u00e8me jour au Belize ont honor\u00e9 l\u2019un de...\" \/>\n<meta property=\"og:url\" content=\"https:\/\/interamerica.org\/fr\/2023\/12\/au-belize-les-adventistes-honorent-la-vie-du-defunt-dirigeant-chef-guide-et-leader-de-jeunesse\/\" \/>\n<meta property=\"og:site_name\" content=\"\u00c9glise Adventiste Du Septieme Jour - Inter Am\u00e9rique Division\" \/>\n<meta property=\"article:published_time\" content=\"2023-12-07T01:14:02+00:00\" \/>\n<meta property=\"article:modified_time\" content=\"2023-12-08T15:37:34+00:00\" \/>\n<meta property=\"og:image\" content=\"https:\/\/interamerica.org\/wp-content\/uploads\/2023\/12\/belu-axel-burial-service.jpg\" \/>\n\t<meta property=\"og:image:width\" content=\"950\" \/>\n\t<meta property=\"og:image:height\" content=\"780\" \/>\n\t<meta property=\"og:image:type\" content=\"image\/jpeg\" \/>\n<meta name=\"author\" content=\"libna\" \/>\n<meta name=\"twitter:card\" content=\"summary_large_image\" \/>\n<meta name=\"twitter:label1\" content=\"\u00c9crit par\" \/>\n\t<meta name=\"twitter:data1\" content=\"libna\" \/>\n\t<meta name=\"twitter:label2\" content=\"Dur\u00e9e de lecture estim\u00e9e\" \/>\n\t<meta name=\"twitter:data2\" content=\"6 minutes\" \/>\n<script type=\"application\/ld+json\" class=\"yoast-schema-graph\">{\"@context\":\"https:\\\/\\\/schema.org\",\"@graph\":[{\"@type\":\"Article\",\"@id\":\"https:\\\/\\\/interamerica.org\\\/fr\\\/2023\\\/12\\\/au-belize-les-adventistes-honorent-la-vie-du-defunt-dirigeant-chef-guide-et-leader-de-jeunesse\\\/#article\",\"isPartOf\":{\"@id\":\"https:\\\/\\\/interamerica.org\\\/fr\\\/2023\\\/12\\\/au-belize-les-adventistes-honorent-la-vie-du-defunt-dirigeant-chef-guide-et-leader-de-jeunesse\\\/\"},\"author\":{\"name\":\"libna\",\"@id\":\"https:\\\/\\\/interamerica.org\\\/fr\\\/#\\\/schema\\\/person\\\/29998f2bc2d8bd0d38662909289b54f1\"},\"headline\":\"Au Belize, les adventistes honorent la vie du d\u00e9funt dirigeant chef guide et leader de jeunesse\",\"datePublished\":\"2023-12-07T01:14:02+00:00\",\"dateModified\":\"2023-12-08T15:37:34+00:00\",\"mainEntityOfPage\":{\"@id\":\"https:\\\/\\\/interamerica.org\\\/fr\\\/2023\\\/12\\\/au-belize-les-adventistes-honorent-la-vie-du-defunt-dirigeant-chef-guide-et-leader-de-jeunesse\\\/\"},\"wordCount\":1185,\"image\":{\"@id\":\"https:\\\/\\\/interamerica.org\\\/fr\\\/2023\\\/12\\\/au-belize-les-adventistes-honorent-la-vie-du-defunt-dirigeant-chef-guide-et-leader-de-jeunesse\\\/#primaryimage\"},\"thumbnailUrl\":\"https:\\\/\\\/interamerica.org\\\/wp-content\\\/uploads\\\/2023\\\/12\\\/belu-axel-burial-service.jpg\",\"articleSection\":[\"Nouvelles du territoire\",\"RSS Fran\u00e7ais\"],\"inLanguage\":\"fr-FR\"},{\"@type\":\"WebPage\",\"@id\":\"https:\\\/\\\/interamerica.org\\\/fr\\\/2023\\\/12\\\/au-belize-les-adventistes-honorent-la-vie-du-defunt-dirigeant-chef-guide-et-leader-de-jeunesse\\\/\",\"url\":\"https:\\\/\\\/interamerica.org\\\/fr\\\/2023\\\/12\\\/au-belize-les-adventistes-honorent-la-vie-du-defunt-dirigeant-chef-guide-et-leader-de-jeunesse\\\/\",\"name\":\"Au Belize, les adventistes honorent la vie du d\u00e9funt dirigeant chef guide et leader de jeunesse - \u00c9glise Adventiste Du Septieme Jour - Inter Am\u00e9rique Division\",\"isPartOf\":{\"@id\":\"https:\\\/\\\/interamerica.org\\\/fr\\\/#website\"},\"primaryImageOfPage\":{\"@id\":\"https:\\\/\\\/interamerica.org\\\/fr\\\/2023\\\/12\\\/au-belize-les-adventistes-honorent-la-vie-du-defunt-dirigeant-chef-guide-et-leader-de-jeunesse\\\/#primaryimage\"},\"image\":{\"@id\":\"https:\\\/\\\/interamerica.org\\\/fr\\\/2023\\\/12\\\/au-belize-les-adventistes-honorent-la-vie-du-defunt-dirigeant-chef-guide-et-leader-de-jeunesse\\\/#primaryimage\"},\"thumbnailUrl\":\"https:\\\/\\\/interamerica.org\\\/wp-content\\\/uploads\\\/2023\\\/12\\\/belu-axel-burial-service.jpg\",\"datePublished\":\"2023-12-07T01:14:02+00:00\",\"dateModified\":\"2023-12-08T15:37:34+00:00\",\"author\":{\"@id\":\"https:\\\/\\\/interamerica.org\\\/fr\\\/#\\\/schema\\\/person\\\/29998f2bc2d8bd0d38662909289b54f1\"},\"breadcrumb\":{\"@id\":\"https:\\\/\\\/interamerica.org\\\/fr\\\/2023\\\/12\\\/au-belize-les-adventistes-honorent-la-vie-du-defunt-dirigeant-chef-guide-et-leader-de-jeunesse\\\/#breadcrumb\"},\"inLanguage\":\"fr-FR\",\"potentialAction\":[{\"@type\":\"ReadAction\",\"target\":[\"https:\\\/\\\/interamerica.org\\\/fr\\\/2023\\\/12\\\/au-belize-les-adventistes-honorent-la-vie-du-defunt-dirigeant-chef-guide-et-leader-de-jeunesse\\\/\"]}]},{\"@type\":\"ImageObject\",\"inLanguage\":\"fr-FR\",\"@id\":\"https:\\\/\\\/interamerica.org\\\/fr\\\/2023\\\/12\\\/au-belize-les-adventistes-honorent-la-vie-du-defunt-dirigeant-chef-guide-et-leader-de-jeunesse\\\/#primaryimage\",\"url\":\"https:\\\/\\\/interamerica.org\\\/wp-content\\\/uploads\\\/2023\\\/12\\\/belu-axel-burial-service.jpg\",\"contentUrl\":\"https:\\\/\\\/interamerica.org\\\/wp-content\\\/uploads\\\/2023\\\/12\\\/belu-axel-burial-service.jpg\",\"width\":950,\"height\":780,\"caption\":\"[Photo: Belize Union]\"},{\"@type\":\"BreadcrumbList\",\"@id\":\"https:\\\/\\\/interamerica.org\\\/fr\\\/2023\\\/12\\\/au-belize-les-adventistes-honorent-la-vie-du-defunt-dirigeant-chef-guide-et-leader-de-jeunesse\\\/#breadcrumb\",\"itemListElement\":[{\"@type\":\"ListItem\",\"position\":1,\"name\":\"Home\",\"item\":\"https:\\\/\\\/interamerica.org\\\/fr\\\/\"},{\"@type\":\"ListItem\",\"position\":2,\"name\":\"Au Belize, les adventistes honorent la vie du d\u00e9funt dirigeant chef guide et leader de jeunesse\"}]},{\"@type\":\"WebSite\",\"@id\":\"https:\\\/\\\/interamerica.org\\\/fr\\\/#website\",\"url\":\"https:\\\/\\\/interamerica.org\\\/fr\\\/\",\"name\":\"\u00c9glise Adventiste Du Septieme Jour - Inter Am\u00e9rique Division\",\"description\":\"\",\"potentialAction\":[{\"@type\":\"SearchAction\",\"target\":{\"@type\":\"EntryPoint\",\"urlTemplate\":\"https:\\\/\\\/interamerica.org\\\/fr\\\/?s={search_term_string}\"},\"query-input\":{\"@type\":\"PropertyValueSpecification\",\"valueRequired\":true,\"valueName\":\"search_term_string\"}}],\"inLanguage\":\"fr-FR\"},{\"@type\":\"Person\",\"@id\":\"https:\\\/\\\/interamerica.org\\\/fr\\\/#\\\/schema\\\/person\\\/29998f2bc2d8bd0d38662909289b54f1\",\"name\":\"libna\",\"image\":{\"@type\":\"ImageObject\",\"inLanguage\":\"fr-FR\",\"@id\":\"https:\\\/\\\/secure.gravatar.com\\\/avatar\\\/7c5bd30ae4b47a9ba3c856590957fd1d96dc588bf3ac05719d247e126840331f?s=96&d=mm&r=g\",\"url\":\"https:\\\/\\\/secure.gravatar.com\\\/avatar\\\/7c5bd30ae4b47a9ba3c856590957fd1d96dc588bf3ac05719d247e126840331f?s=96&d=mm&r=g\",\"contentUrl\":\"https:\\\/\\\/secure.gravatar.com\\\/avatar\\\/7c5bd30ae4b47a9ba3c856590957fd1d96dc588bf3ac05719d247e126840331f?s=96&d=mm&r=g\",\"caption\":\"libna\"}}]}<\/script>\n<!-- \/ Yoast SEO plugin. -->","yoast_head_json":{"title":"Au Belize, les adventistes honorent la vie du d\u00e9funt dirigeant chef guide et leader de jeunesse - \u00c9glise Adventiste Du Septieme Jour - Inter Am\u00e9rique Division","robots":{"index":"index","follow":"follow","max-snippet":"max-snippet:-1","max-image-preview":"max-image-preview:large","max-video-preview":"max-video-preview:-1"},"canonical":"https:\/\/interamerica.org\/fr\/2023\/12\/au-belize-les-adventistes-honorent-la-vie-du-defunt-dirigeant-chef-guide-et-leader-de-jeunesse\/","og_locale":"fr_FR","og_type":"article","og_title":"Au Belize, les adventistes honorent la vie du d\u00e9funt dirigeant chef guide et leader de jeunesse - \u00c9glise Adventiste Du Septieme Jour - Inter Am\u00e9rique Division","og_description":"6 D\u00e9cembre 2023 | Corozal, B\u00e9lize | Francisco L. Zetina et Libna Stevens, Actualit\u00e9s de la Division Inter Am\u00e9ricaine Les adventistes du septi\u00e8me jour au Belize ont honor\u00e9 l\u2019un de...","og_url":"https:\/\/interamerica.org\/fr\/2023\/12\/au-belize-les-adventistes-honorent-la-vie-du-defunt-dirigeant-chef-guide-et-leader-de-jeunesse\/","og_site_name":"\u00c9glise Adventiste Du Septieme Jour - Inter Am\u00e9rique Division","article_published_time":"2023-12-07T01:14:02+00:00","article_modified_time":"2023-12-08T15:37:34+00:00","og_image":[{"width":950,"height":780,"url":"https:\/\/interamerica.org\/wp-content\/uploads\/2023\/12\/belu-axel-burial-service.jpg","type":"image\/jpeg"}],"author":"libna","twitter_card":"summary_large_image","twitter_misc":{"\u00c9crit par":"libna","Dur\u00e9e de lecture estim\u00e9e":"6 minutes"},"schema":{"@context":"https:\/\/schema.org","@graph":[{"@type":"Article","@id":"https:\/\/interamerica.org\/fr\/2023\/12\/au-belize-les-adventistes-honorent-la-vie-du-defunt-dirigeant-chef-guide-et-leader-de-jeunesse\/#article","isPartOf":{"@id":"https:\/\/interamerica.org\/fr\/2023\/12\/au-belize-les-adventistes-honorent-la-vie-du-defunt-dirigeant-chef-guide-et-leader-de-jeunesse\/"},"author":{"name":"libna","@id":"https:\/\/interamerica.org\/fr\/#\/schema\/person\/29998f2bc2d8bd0d38662909289b54f1"},"headline":"Au Belize, les adventistes honorent la vie du d\u00e9funt dirigeant chef guide et leader de jeunesse","datePublished":"2023-12-07T01:14:02+00:00","dateModified":"2023-12-08T15:37:34+00:00","mainEntityOfPage":{"@id":"https:\/\/interamerica.org\/fr\/2023\/12\/au-belize-les-adventistes-honorent-la-vie-du-defunt-dirigeant-chef-guide-et-leader-de-jeunesse\/"},"wordCount":1185,"image":{"@id":"https:\/\/interamerica.org\/fr\/2023\/12\/au-belize-les-adventistes-honorent-la-vie-du-defunt-dirigeant-chef-guide-et-leader-de-jeunesse\/#primaryimage"},"thumbnailUrl":"https:\/\/interamerica.org\/wp-content\/uploads\/2023\/12\/belu-axel-burial-service.jpg","articleSection":["Nouvelles du territoire","RSS Fran\u00e7ais"],"inLanguage":"fr-FR"},{"@type":"WebPage","@id":"https:\/\/interamerica.org\/fr\/2023\/12\/au-belize-les-adventistes-honorent-la-vie-du-defunt-dirigeant-chef-guide-et-leader-de-jeunesse\/","url":"https:\/\/interamerica.org\/fr\/2023\/12\/au-belize-les-adventistes-honorent-la-vie-du-defunt-dirigeant-chef-guide-et-leader-de-jeunesse\/","name":"Au Belize, les adventistes honorent la vie du d\u00e9funt dirigeant chef guide et leader de jeunesse - \u00c9glise Adventiste Du Septieme Jour - Inter Am\u00e9rique Division","isPartOf":{"@id":"https:\/\/interamerica.org\/fr\/#website"},"primaryImageOfPage":{"@id":"https:\/\/interamerica.org\/fr\/2023\/12\/au-belize-les-adventistes-honorent-la-vie-du-defunt-dirigeant-chef-guide-et-leader-de-jeunesse\/#primaryimage"},"image":{"@id":"https:\/\/interamerica.org\/fr\/2023\/12\/au-belize-les-adventistes-honorent-la-vie-du-defunt-dirigeant-chef-guide-et-leader-de-jeunesse\/#primaryimage"},"thumbnailUrl":"https:\/\/interamerica.org\/wp-content\/uploads\/2023\/12\/belu-axel-burial-service.jpg","datePublished":"2023-12-07T01:14:02+00:00","dateModified":"2023-12-08T15:37:34+00:00","author":{"@id":"https:\/\/interamerica.org\/fr\/#\/schema\/person\/29998f2bc2d8bd0d38662909289b54f1"},"breadcrumb":{"@id":"https:\/\/interamerica.org\/fr\/2023\/12\/au-belize-les-adventistes-honorent-la-vie-du-defunt-dirigeant-chef-guide-et-leader-de-jeunesse\/#breadcrumb"},"inLanguage":"fr-FR","potentialAction":[{"@type":"ReadAction","target":["https:\/\/interamerica.org\/fr\/2023\/12\/au-belize-les-adventistes-honorent-la-vie-du-defunt-dirigeant-chef-guide-et-leader-de-jeunesse\/"]}]},{"@type":"ImageObject","inLanguage":"fr-FR","@id":"https:\/\/interamerica.org\/fr\/2023\/12\/au-belize-les-adventistes-honorent-la-vie-du-defunt-dirigeant-chef-guide-et-leader-de-jeunesse\/#primaryimage","url":"https:\/\/interamerica.org\/wp-content\/uploads\/2023\/12\/belu-axel-burial-service.jpg","contentUrl":"https:\/\/interamerica.org\/wp-content\/uploads\/2023\/12\/belu-axel-burial-service.jpg","width":950,"height":780,"caption":"[Photo: Belize Union]"},{"@type":"BreadcrumbList","@id":"https:\/\/interamerica.org\/fr\/2023\/12\/au-belize-les-adventistes-honorent-la-vie-du-defunt-dirigeant-chef-guide-et-leader-de-jeunesse\/#breadcrumb","itemListElement":[{"@type":"ListItem","position":1,"name":"Home","item":"https:\/\/interamerica.org\/fr\/"},{"@type":"ListItem","position":2,"name":"Au Belize, les adventistes honorent la vie du d\u00e9funt dirigeant chef guide et leader de jeunesse"}]},{"@type":"WebSite","@id":"https:\/\/interamerica.org\/fr\/#website","url":"https:\/\/interamerica.org\/fr\/","name":"\u00c9glise Adventiste Du Septieme Jour - Inter Am\u00e9rique Division","description":"","potentialAction":[{"@type":"SearchAction","target":{"@type":"EntryPoint","urlTemplate":"https:\/\/interamerica.org\/fr\/?s={search_term_string}"},"query-input":{"@type":"PropertyValueSpecification","valueRequired":true,"valueName":"search_term_string"}}],"inLanguage":"fr-FR"},{"@type":"Person","@id":"https:\/\/interamerica.org\/fr\/#\/schema\/person\/29998f2bc2d8bd0d38662909289b54f1","name":"libna","image":{"@type":"ImageObject","inLanguage":"fr-FR","@id":"https:\/\/secure.gravatar.com\/avatar\/7c5bd30ae4b47a9ba3c856590957fd1d96dc588bf3ac05719d247e126840331f?s=96&d=mm&r=g","url":"https:\/\/secure.gravatar.com\/avatar\/7c5bd30ae4b47a9ba3c856590957fd1d96dc588bf3ac05719d247e126840331f?s=96&d=mm&r=g","contentUrl":"https:\/\/secure.gravatar.com\/avatar\/7c5bd30ae4b47a9ba3c856590957fd1d96dc588bf3ac05719d247e126840331f?s=96&d=mm&r=g","caption":"libna"}}]}},"_links":{"self":[{"href":"https:\/\/interamerica.org\/fr\/wp-json\/wp\/v2\/posts\/107962","targetHints":{"allow":["GET"]}}],"collection":[{"href":"https:\/\/interamerica.org\/fr\/wp-json\/wp\/v2\/posts"}],"about":[{"href":"https:\/\/interamerica.org\/fr\/wp-json\/wp\/v2\/types\/post"}],"author":[{"embeddable":true,"href":"https:\/\/interamerica.org\/fr\/wp-json\/wp\/v2\/users\/3"}],"replies":[{"embeddable":true,"href":"https:\/\/interamerica.org\/fr\/wp-json\/wp\/v2\/comments?post=107962"}],"version-history":[{"count":0,"href":"https:\/\/interamerica.org\/fr\/wp-json\/wp\/v2\/posts\/107962\/revisions"}],"wp:featuredmedia":[{"embeddable":true,"href":"https:\/\/interamerica.org\/fr\/wp-json\/wp\/v2\/media\/107833"}],"wp:attachment":[{"href":"https:\/\/interamerica.org\/fr\/wp-json\/wp\/v2\/media?parent=107962"}],"wp:term":[{"taxonomy":"category","embeddable":true,"href":"https:\/\/interamerica.org\/fr\/wp-json\/wp\/v2\/categories?post=107962"},{"taxonomy":"post_tag","embeddable":true,"href":"https:\/\/interamerica.org\/fr\/wp-json\/wp\/v2\/tags?post=107962"}],"curies":[{"name":"wp","href":"https:\/\/api.w.org\/{rel}","templated":true}]}}