{"id":107963,"date":"2023-12-07T12:32:38","date_gmt":"2023-12-07T17:32:38","guid":{"rendered":"https:\/\/interamerica.org\/?p=107963"},"modified":"2023-12-08T10:39:55","modified_gmt":"2023-12-08T15:39:55","slug":"le-departement-dagriculture-durable-de-luniversite-andrews-recoit-une-certification","status":"publish","type":"post","link":"https:\/\/interamerica.org\/fr\/2023\/12\/le-departement-dagriculture-durable-de-luniversite-andrews-recoit-une-certification\/","title":{"rendered":"Le D\u00e9partement d\u2019agriculture durable de l\u2019Universit\u00e9 Andrews re\u00e7oit une certification"},"content":{"rendered":"<h4><b>D\u2019apr\u00e8s les dirigeants, cette certification fait partie des efforts de d\u00e9veloppements de pratiques respectueuses de l\u2019environnement.<\/b><\/h4>\n<p><span style=\"font-weight: 400;\">Le 7 d\u00e9cembre 2023 | Michigan, \u00c9tats-Unis | Isabella Koh, Universit\u00e9 Andrews University et <\/span><i><span style=\"font-weight: 400;\">Adventist Review<\/span><\/i><\/p>\n<p><span style=\"font-weight: 400;\">Le 11 octobre dernier, le D\u00e9partement d\u2019agriculture durable de l\u2019Universit\u00e9 Andrews, \u00e0 Berrien Springs, dans l\u2019\u00c9tat am\u00e9ricain du Michigan, a obtenu la certification du Programme d\u2019assurance environnemental en agriculture du Michigan (MAEAP pour <\/span><i><span style=\"font-weight: 400;\">Michigan Agriculture Environmental Assurance Program<\/span><\/i><span style=\"font-weight: 400;\">) pour le syst\u00e8me d\u2019\u00e9levage de b\u00e9tail de son Centre d\u2019\u00e9ducation agricole.<\/span><\/p>\n<h4><span style=\"font-weight: 400;\">Le programme MAEAP est exploit\u00e9 par le D\u00e9partement de l\u2019agriculture et du d\u00e9veloppement rural du Michigan (MDARD pour <\/span><i><span style=\"font-weight: 400;\">Michigan Department of Agriculture &amp; Rural Development<\/span><\/i><span style=\"font-weight: 400;\">). Il consiste en un processus de certification volontaire visant \u00e0 pr\u00e9venir et \u00e0 minimiser les risques de pollution agricole sur les fermes du Michigan. Selon le site internet du programme, \u00ab\u00a0Les fermes v\u00e9rifi\u00e9es par le MAEAP gardent leur terre, leur eau et leur air aussi sains que les aliments qu\u2019ils produisent.\u00a0\u00bb<\/span><\/h4>\n<p><div id=\"attachment_107855\" style=\"width: 857px\" class=\"wp-caption aligncenter\"><img fetchpriority=\"high\" decoding=\"async\" aria-describedby=\"caption-attachment-107855\" class=\" wp-image-107854\" src=\"https:\/\/interamerica.org\/wp-content\/uploads\/2023\/12\/andrews-university20231115-3999-jb-scaled-1-1024x683.jpeg\" alt=\"\" width=\"847\" height=\"565\" srcset=\"https:\/\/interamerica.org\/wp-content\/uploads\/2023\/12\/andrews-university20231115-3999-jb-scaled-1-1024x683.jpeg 1024w, https:\/\/interamerica.org\/wp-content\/uploads\/2023\/12\/andrews-university20231115-3999-jb-scaled-1-300x200.jpeg 300w, https:\/\/interamerica.org\/wp-content\/uploads\/2023\/12\/andrews-university20231115-3999-jb-scaled-1-768x512.jpeg 768w, https:\/\/interamerica.org\/wp-content\/uploads\/2023\/12\/andrews-university20231115-3999-jb-scaled-1-1536x1024.jpeg 1536w, https:\/\/interamerica.org\/wp-content\/uploads\/2023\/12\/andrews-university20231115-3999-jb-scaled-1-2048x1366.jpeg 2048w\" sizes=\"(max-width: 847px) 100vw, 847px\" \/><p id=\"caption-attachment-107855\" class=\"wp-caption-text\"><span style=\"font-weight: 400;\">Le Centre d\u2019\u00e9ducation agricole de l\u2019Universit\u00e9 Andrews. [Une photo de Jeff Boyd]<\/span><\/p><\/div><span style=\"font-weight: 400;\">\u00ab\u00a0Nous voulons t\u00e9moigner \u00e0 notre communaut\u00e9 que nous prenons tr\u00e8s bien soin de la terre, de l\u2019eau et des animaux que nous gardons pendant que nous sommes ici\u00a0\u00bb, a dit Katherine Koudele, directrice du D\u00e9partement d\u2019agriculture durable. Elle croit que la certification est en harmonie avec la mission de l\u2019universit\u00e9, qui consiste \u00e0 obtenir des connaissances, \u00e0 encourager la foi et \u00e0 transformer le monde. \u00ab\u00a0En am\u00e9liorant la qualit\u00e9 de la terre et de l\u2019eau qui nous ont \u00e9t\u00e9 donn\u00e9es, nous avons l\u2019impression de changer le monde peu \u00e0 peu, a-t-elle ajout\u00e9. Les \u00e9tudiants qui \u00e9tudient ici pourront apprendre ces pratiques et les utiliser ailleurs dans le monde, o\u00f9 ils s\u2019\u00e9tabliront.\u00a0\u00bb<\/span><\/p>\n<p><span style=\"font-weight: 400;\">L\u2019agriculture a longtemps \u00e9t\u00e9 un aspect important, tant pour l\u2019Universit\u00e9 Andrews que pour son pr\u00e9d\u00e9cesseur, le Coll\u00e8ge missionnaire Emmanuel. Les premiers \u00e9tudiants du D\u00e9partement de l\u2019agriculture ont re\u00e7u leur dipl\u00f4me en 1918. En reconnaissance des pratiques en transformation dans le domaine, le D\u00e9partement d\u2019agriculture durable a \u00e9t\u00e9 renomm\u00e9 et r\u00e9introduit en 2015, en harmonie avec la devise \u00ab\u00a0\u00c9duquer ceux qui prennent soin de la Terre\u00a0\u00bb. Quand la ferme laiti\u00e8re de l\u2019Universit\u00e9 Andrews a ferm\u00e9 ses portes en 2018, plusieurs de ses installations ont \u00e9t\u00e9 r\u00e9affect\u00e9es au Centre d\u2019\u00e9ducation agricole du D\u00e9partement d\u2019agriculture durable.<\/span><\/p>\n<p><span style=\"font-weight: 400;\">Le Centre d\u2019\u00e9ducation agricole abrite une grande vari\u00e9t\u00e9 d\u2019animaux, incluant du b\u00e9tail, des poules, des moutons, des lapins, des cochons et des ch\u00e8vres. Bien que de nombreuses politiques de gestion ad\u00e9quates \u00e9taient d\u00e9j\u00e0 en place, l\u2019\u00e9quipe du Centre d\u2019\u00e9ducation a utilis\u00e9 la transition du d\u00e9partement pour introduire de nouvelles pratiques. \u00ab\u00a0Nous voulions suivre un mod\u00e8le d\u2019agriculture animale autre que celui que nous suivions dans notre pratique laiti\u00e8re, ce qui impliquait un moins grand nombre d\u2019animaux afin qu\u2019ils aient tous un meilleur acc\u00e8s au p\u00e2turage, a dit Mme Koudele. Nous suivons des pratiques douces pour l\u2019environnement, comme la rotation des p\u00e2turages\u2026 et l\u2019\u00e9levage de poules en plein air.\u00a0\u00bb<\/span><\/p>\n<p><span style=\"font-weight: 400;\">Conform\u00e9ment \u00e0 ces objectifs, le processus de certification de trois mois du MAEAP a commenc\u00e9 en juillet 2023. La ferme a \u00e9t\u00e9 \u00e9valu\u00e9e sur des cat\u00e9gories comme la gestion du fumier et des nutriments, l\u2019utilisation de la terre, la tenue des dossiers, le stockage de nourriture et la gestion de la parcelle de terre. Plusieurs \u00e9chantillons de sol ont \u00e9t\u00e9 pr\u00e9lev\u00e9s et les op\u00e9rations de la ferme ont \u00e9t\u00e9 \u00e9valu\u00e9es, le tout dans le but principal de pr\u00e9venir la pollution et l\u2019\u00e9coulement dans la rivi\u00e8re St. Joseph \u00e0 proximit\u00e9. En octobre, un v\u00e9rificateur du bureau du MDARD a men\u00e9 une inspection finale et a approuv\u00e9 la certification pour le syst\u00e8me d\u2019\u00e9levage de b\u00e9tail de la ferme. La certification du MAEAP confirme l\u2019engagement de l\u2019universit\u00e9 \u00e0 bien prendre soin de la terre, de l\u2019eau et des animaux du Michigan.<\/span><\/p>\n<p><span style=\"font-weight: 400;\">\u00ab\u00a0Nous avons jug\u00e9 que cette certification serait une preuve de plus de notre d\u00e9termination \u00e0 maintenir et \u00e0 continuer de d\u00e9velopper des pratiques respectueuses de l\u2019environnement, a dit Mme Koudele. Nous croyons que Dieu nous a donn\u00e9 le mandat de bien nous occuper de la Terre, et nous voulons \u00eatre un exemple et un leader dans l\u2019ob\u00e9issance \u00e0 ce mandat.\u00a0\u00bb<\/span><\/p>\n<p><span style=\"font-weight: 400;\">\u00c0 l\u2019avenir, le d\u00e9partement compte poursuivre sa qu\u00eate de durabilit\u00e9 par d\u2019autres pratiques respectueuses de l\u2019environnement et certifications connexes. \u00ab\u00a0Nous comptons continuer de g\u00e9rer le Centre d\u2019\u00e9ducation agricole comme nous le faisons, nous assurant ainsi de demeurer conformes aux exigences de la certification, a ajout\u00e9 Mme Koudele. Nous serons r\u00e9\u00e9valu\u00e9s tous les cinq ans pour assurer le maintien de notre certification.\u00a0\u00bb<\/span><\/p>\n<p><span style=\"font-weight: 400;\">La <\/span><a href=\"https:\/\/www.andrews.edu\/agenda\/64454\/\"><span style=\"font-weight: 400;\">version originale<\/span><\/a><span style=\"font-weight: 400;\"> de cet article a \u00e9t\u00e9 publi\u00e9e sur le <\/span><a href=\"https:\/\/www.andrews.edu\/\"><span style=\"font-weight: 400;\">site des actualit\u00e9s<\/span><\/a><span style=\"font-weight: 400;\"> de l\u2019Universit\u00e9 Andrews.<\/span><\/p>\n<p><span style=\"font-weight: 400;\">Traduction : Marie-Mich\u00e8le Robitaille<\/span><\/p>\n","protected":false},"excerpt":{"rendered":"<p>D\u2019apr\u00e8s les dirigeants, cette certification fait partie des efforts de d\u00e9veloppements de pratiques respectueuses de l\u2019environnement. Le 7 d\u00e9cembre 2023 | Michigan, \u00c9tats-Unis | Isabella Koh, Universit\u00e9 Andrews University et&#8230;<\/p>\n","protected":false},"author":3,"featured_media":107855,"comment_status":"closed","ping_status":"closed","sticky":false,"template":"","format":"standard","meta":{"_acf_changed":false,"footnotes":""},"categories":[18,19],"tags":[],"class_list":["post-107963","post","type-post","status-publish","format-standard","has-post-thumbnail","hentry","category-nouvelles-de-leglise-mondiale","category-rss-francais"],"acf":[],"yoast_head":"<!-- This site is optimized with the Yoast SEO plugin v27.3 - https:\/\/yoast.com\/product\/yoast-seo-wordpress\/ -->\n<title>Le D\u00e9partement d\u2019agriculture durable de l\u2019Universit\u00e9 Andrews re\u00e7oit une certification - \u00c9glise Adventiste Du Septieme Jour - Inter Am\u00e9rique Division<\/title>\n<meta name=\"robots\" content=\"index, follow, max-snippet:-1, max-image-preview:large, max-video-preview:-1\" \/>\n<link rel=\"canonical\" href=\"https:\/\/interamerica.org\/fr\/2023\/12\/le-departement-dagriculture-durable-de-luniversite-andrews-recoit-une-certification\/\" \/>\n<meta property=\"og:locale\" content=\"fr_FR\" \/>\n<meta property=\"og:type\" content=\"article\" \/>\n<meta property=\"og:title\" content=\"Le D\u00e9partement d\u2019agriculture durable de l\u2019Universit\u00e9 Andrews re\u00e7oit une certification - \u00c9glise Adventiste Du Septieme Jour - Inter Am\u00e9rique Division\" \/>\n<meta property=\"og:description\" content=\"D\u2019apr\u00e8s les dirigeants, cette certification fait partie des efforts de d\u00e9veloppements de pratiques respectueuses de l\u2019environnement. Le 7 d\u00e9cembre 2023 | Michigan, \u00c9tats-Unis | Isabella Koh, Universit\u00e9 Andrews University et...\" \/>\n<meta property=\"og:url\" content=\"https:\/\/interamerica.org\/fr\/2023\/12\/le-departement-dagriculture-durable-de-luniversite-andrews-recoit-une-certification\/\" \/>\n<meta property=\"og:site_name\" content=\"\u00c9glise Adventiste Du Septieme Jour - Inter Am\u00e9rique Division\" \/>\n<meta property=\"article:published_time\" content=\"2023-12-07T17:32:38+00:00\" \/>\n<meta property=\"article:modified_time\" content=\"2023-12-08T15:39:55+00:00\" \/>\n<meta property=\"og:image\" content=\"https:\/\/interamerica.org\/wp-content\/uploads\/2023\/12\/andrews-university20231115-3999-jb-scaled-1.jpeg\" \/>\n\t<meta property=\"og:image:width\" content=\"2560\" \/>\n\t<meta property=\"og:image:height\" content=\"1707\" \/>\n\t<meta property=\"og:image:type\" content=\"image\/jpeg\" \/>\n<meta name=\"author\" content=\"libna\" \/>\n<meta name=\"twitter:card\" content=\"summary_large_image\" \/>\n<meta name=\"twitter:label1\" content=\"\u00c9crit par\" \/>\n\t<meta name=\"twitter:data1\" content=\"libna\" \/>\n\t<meta name=\"twitter:label2\" content=\"Dur\u00e9e de lecture estim\u00e9e\" \/>\n\t<meta name=\"twitter:data2\" content=\"4 minutes\" \/>\n<script type=\"application\/ld+json\" class=\"yoast-schema-graph\">{\"@context\":\"https:\\\/\\\/schema.org\",\"@graph\":[{\"@type\":\"Article\",\"@id\":\"https:\\\/\\\/interamerica.org\\\/fr\\\/2023\\\/12\\\/le-departement-dagriculture-durable-de-luniversite-andrews-recoit-une-certification\\\/#article\",\"isPartOf\":{\"@id\":\"https:\\\/\\\/interamerica.org\\\/fr\\\/2023\\\/12\\\/le-departement-dagriculture-durable-de-luniversite-andrews-recoit-une-certification\\\/\"},\"author\":{\"name\":\"libna\",\"@id\":\"https:\\\/\\\/interamerica.org\\\/fr\\\/#\\\/schema\\\/person\\\/29998f2bc2d8bd0d38662909289b54f1\"},\"headline\":\"Le D\u00e9partement d\u2019agriculture durable de l\u2019Universit\u00e9 Andrews re\u00e7oit une certification\",\"datePublished\":\"2023-12-07T17:32:38+00:00\",\"dateModified\":\"2023-12-08T15:39:55+00:00\",\"mainEntityOfPage\":{\"@id\":\"https:\\\/\\\/interamerica.org\\\/fr\\\/2023\\\/12\\\/le-departement-dagriculture-durable-de-luniversite-andrews-recoit-une-certification\\\/\"},\"wordCount\":866,\"image\":{\"@id\":\"https:\\\/\\\/interamerica.org\\\/fr\\\/2023\\\/12\\\/le-departement-dagriculture-durable-de-luniversite-andrews-recoit-une-certification\\\/#primaryimage\"},\"thumbnailUrl\":\"https:\\\/\\\/interamerica.org\\\/wp-content\\\/uploads\\\/2023\\\/12\\\/andrews-university20231115-3999-jb-scaled-1.jpeg\",\"articleSection\":[\"Nouvelles de l'\u00c9glise mondiale\",\"RSS Fran\u00e7ais\"],\"inLanguage\":\"fr-FR\"},{\"@type\":\"WebPage\",\"@id\":\"https:\\\/\\\/interamerica.org\\\/fr\\\/2023\\\/12\\\/le-departement-dagriculture-durable-de-luniversite-andrews-recoit-une-certification\\\/\",\"url\":\"https:\\\/\\\/interamerica.org\\\/fr\\\/2023\\\/12\\\/le-departement-dagriculture-durable-de-luniversite-andrews-recoit-une-certification\\\/\",\"name\":\"Le D\u00e9partement d\u2019agriculture durable de l\u2019Universit\u00e9 Andrews re\u00e7oit une certification - \u00c9glise Adventiste Du Septieme Jour - Inter Am\u00e9rique Division\",\"isPartOf\":{\"@id\":\"https:\\\/\\\/interamerica.org\\\/fr\\\/#website\"},\"primaryImageOfPage\":{\"@id\":\"https:\\\/\\\/interamerica.org\\\/fr\\\/2023\\\/12\\\/le-departement-dagriculture-durable-de-luniversite-andrews-recoit-une-certification\\\/#primaryimage\"},\"image\":{\"@id\":\"https:\\\/\\\/interamerica.org\\\/fr\\\/2023\\\/12\\\/le-departement-dagriculture-durable-de-luniversite-andrews-recoit-une-certification\\\/#primaryimage\"},\"thumbnailUrl\":\"https:\\\/\\\/interamerica.org\\\/wp-content\\\/uploads\\\/2023\\\/12\\\/andrews-university20231115-3999-jb-scaled-1.jpeg\",\"datePublished\":\"2023-12-07T17:32:38+00:00\",\"dateModified\":\"2023-12-08T15:39:55+00:00\",\"author\":{\"@id\":\"https:\\\/\\\/interamerica.org\\\/fr\\\/#\\\/schema\\\/person\\\/29998f2bc2d8bd0d38662909289b54f1\"},\"breadcrumb\":{\"@id\":\"https:\\\/\\\/interamerica.org\\\/fr\\\/2023\\\/12\\\/le-departement-dagriculture-durable-de-luniversite-andrews-recoit-une-certification\\\/#breadcrumb\"},\"inLanguage\":\"fr-FR\",\"potentialAction\":[{\"@type\":\"ReadAction\",\"target\":[\"https:\\\/\\\/interamerica.org\\\/fr\\\/2023\\\/12\\\/le-departement-dagriculture-durable-de-luniversite-andrews-recoit-une-certification\\\/\"]}]},{\"@type\":\"ImageObject\",\"inLanguage\":\"fr-FR\",\"@id\":\"https:\\\/\\\/interamerica.org\\\/fr\\\/2023\\\/12\\\/le-departement-dagriculture-durable-de-luniversite-andrews-recoit-une-certification\\\/#primaryimage\",\"url\":\"https:\\\/\\\/interamerica.org\\\/wp-content\\\/uploads\\\/2023\\\/12\\\/andrews-university20231115-3999-jb-scaled-1.jpeg\",\"contentUrl\":\"https:\\\/\\\/interamerica.org\\\/wp-content\\\/uploads\\\/2023\\\/12\\\/andrews-university20231115-3999-jb-scaled-1.jpeg\",\"width\":2560,\"height\":1707,\"caption\":\"The Agriculture Education Center at Andrews University. [Photo: Jeff Boyd] Read more at: https:\\\/\\\/adventistreview.org\\\/commentary\\\/andrews-university-sustainable-agriculture-receives-certification\\\/\"},{\"@type\":\"BreadcrumbList\",\"@id\":\"https:\\\/\\\/interamerica.org\\\/fr\\\/2023\\\/12\\\/le-departement-dagriculture-durable-de-luniversite-andrews-recoit-une-certification\\\/#breadcrumb\",\"itemListElement\":[{\"@type\":\"ListItem\",\"position\":1,\"name\":\"Home\",\"item\":\"https:\\\/\\\/interamerica.org\\\/fr\\\/\"},{\"@type\":\"ListItem\",\"position\":2,\"name\":\"Le D\u00e9partement d\u2019agriculture durable de l\u2019Universit\u00e9 Andrews re\u00e7oit une certification\"}]},{\"@type\":\"WebSite\",\"@id\":\"https:\\\/\\\/interamerica.org\\\/fr\\\/#website\",\"url\":\"https:\\\/\\\/interamerica.org\\\/fr\\\/\",\"name\":\"\u00c9glise Adventiste Du Septieme Jour - Inter Am\u00e9rique Division\",\"description\":\"\",\"potentialAction\":[{\"@type\":\"SearchAction\",\"target\":{\"@type\":\"EntryPoint\",\"urlTemplate\":\"https:\\\/\\\/interamerica.org\\\/fr\\\/?s={search_term_string}\"},\"query-input\":{\"@type\":\"PropertyValueSpecification\",\"valueRequired\":true,\"valueName\":\"search_term_string\"}}],\"inLanguage\":\"fr-FR\"},{\"@type\":\"Person\",\"@id\":\"https:\\\/\\\/interamerica.org\\\/fr\\\/#\\\/schema\\\/person\\\/29998f2bc2d8bd0d38662909289b54f1\",\"name\":\"libna\",\"image\":{\"@type\":\"ImageObject\",\"inLanguage\":\"fr-FR\",\"@id\":\"https:\\\/\\\/secure.gravatar.com\\\/avatar\\\/7c5bd30ae4b47a9ba3c856590957fd1d96dc588bf3ac05719d247e126840331f?s=96&d=mm&r=g\",\"url\":\"https:\\\/\\\/secure.gravatar.com\\\/avatar\\\/7c5bd30ae4b47a9ba3c856590957fd1d96dc588bf3ac05719d247e126840331f?s=96&d=mm&r=g\",\"contentUrl\":\"https:\\\/\\\/secure.gravatar.com\\\/avatar\\\/7c5bd30ae4b47a9ba3c856590957fd1d96dc588bf3ac05719d247e126840331f?s=96&d=mm&r=g\",\"caption\":\"libna\"}}]}<\/script>\n<!-- \/ Yoast SEO plugin. -->","yoast_head_json":{"title":"Le D\u00e9partement d\u2019agriculture durable de l\u2019Universit\u00e9 Andrews re\u00e7oit une certification - \u00c9glise Adventiste Du Septieme Jour - Inter Am\u00e9rique Division","robots":{"index":"index","follow":"follow","max-snippet":"max-snippet:-1","max-image-preview":"max-image-preview:large","max-video-preview":"max-video-preview:-1"},"canonical":"https:\/\/interamerica.org\/fr\/2023\/12\/le-departement-dagriculture-durable-de-luniversite-andrews-recoit-une-certification\/","og_locale":"fr_FR","og_type":"article","og_title":"Le D\u00e9partement d\u2019agriculture durable de l\u2019Universit\u00e9 Andrews re\u00e7oit une certification - \u00c9glise Adventiste Du Septieme Jour - Inter Am\u00e9rique Division","og_description":"D\u2019apr\u00e8s les dirigeants, cette certification fait partie des efforts de d\u00e9veloppements de pratiques respectueuses de l\u2019environnement. Le 7 d\u00e9cembre 2023 | Michigan, \u00c9tats-Unis | Isabella Koh, Universit\u00e9 Andrews University et...","og_url":"https:\/\/interamerica.org\/fr\/2023\/12\/le-departement-dagriculture-durable-de-luniversite-andrews-recoit-une-certification\/","og_site_name":"\u00c9glise Adventiste Du Septieme Jour - Inter Am\u00e9rique Division","article_published_time":"2023-12-07T17:32:38+00:00","article_modified_time":"2023-12-08T15:39:55+00:00","og_image":[{"width":2560,"height":1707,"url":"https:\/\/interamerica.org\/wp-content\/uploads\/2023\/12\/andrews-university20231115-3999-jb-scaled-1.jpeg","type":"image\/jpeg"}],"author":"libna","twitter_card":"summary_large_image","twitter_misc":{"\u00c9crit par":"libna","Dur\u00e9e de lecture estim\u00e9e":"4 minutes"},"schema":{"@context":"https:\/\/schema.org","@graph":[{"@type":"Article","@id":"https:\/\/interamerica.org\/fr\/2023\/12\/le-departement-dagriculture-durable-de-luniversite-andrews-recoit-une-certification\/#article","isPartOf":{"@id":"https:\/\/interamerica.org\/fr\/2023\/12\/le-departement-dagriculture-durable-de-luniversite-andrews-recoit-une-certification\/"},"author":{"name":"libna","@id":"https:\/\/interamerica.org\/fr\/#\/schema\/person\/29998f2bc2d8bd0d38662909289b54f1"},"headline":"Le D\u00e9partement d\u2019agriculture durable de l\u2019Universit\u00e9 Andrews re\u00e7oit une certification","datePublished":"2023-12-07T17:32:38+00:00","dateModified":"2023-12-08T15:39:55+00:00","mainEntityOfPage":{"@id":"https:\/\/interamerica.org\/fr\/2023\/12\/le-departement-dagriculture-durable-de-luniversite-andrews-recoit-une-certification\/"},"wordCount":866,"image":{"@id":"https:\/\/interamerica.org\/fr\/2023\/12\/le-departement-dagriculture-durable-de-luniversite-andrews-recoit-une-certification\/#primaryimage"},"thumbnailUrl":"https:\/\/interamerica.org\/wp-content\/uploads\/2023\/12\/andrews-university20231115-3999-jb-scaled-1.jpeg","articleSection":["Nouvelles de l'\u00c9glise mondiale","RSS Fran\u00e7ais"],"inLanguage":"fr-FR"},{"@type":"WebPage","@id":"https:\/\/interamerica.org\/fr\/2023\/12\/le-departement-dagriculture-durable-de-luniversite-andrews-recoit-une-certification\/","url":"https:\/\/interamerica.org\/fr\/2023\/12\/le-departement-dagriculture-durable-de-luniversite-andrews-recoit-une-certification\/","name":"Le D\u00e9partement d\u2019agriculture durable de l\u2019Universit\u00e9 Andrews re\u00e7oit une certification - \u00c9glise Adventiste Du Septieme Jour - Inter Am\u00e9rique Division","isPartOf":{"@id":"https:\/\/interamerica.org\/fr\/#website"},"primaryImageOfPage":{"@id":"https:\/\/interamerica.org\/fr\/2023\/12\/le-departement-dagriculture-durable-de-luniversite-andrews-recoit-une-certification\/#primaryimage"},"image":{"@id":"https:\/\/interamerica.org\/fr\/2023\/12\/le-departement-dagriculture-durable-de-luniversite-andrews-recoit-une-certification\/#primaryimage"},"thumbnailUrl":"https:\/\/interamerica.org\/wp-content\/uploads\/2023\/12\/andrews-university20231115-3999-jb-scaled-1.jpeg","datePublished":"2023-12-07T17:32:38+00:00","dateModified":"2023-12-08T15:39:55+00:00","author":{"@id":"https:\/\/interamerica.org\/fr\/#\/schema\/person\/29998f2bc2d8bd0d38662909289b54f1"},"breadcrumb":{"@id":"https:\/\/interamerica.org\/fr\/2023\/12\/le-departement-dagriculture-durable-de-luniversite-andrews-recoit-une-certification\/#breadcrumb"},"inLanguage":"fr-FR","potentialAction":[{"@type":"ReadAction","target":["https:\/\/interamerica.org\/fr\/2023\/12\/le-departement-dagriculture-durable-de-luniversite-andrews-recoit-une-certification\/"]}]},{"@type":"ImageObject","inLanguage":"fr-FR","@id":"https:\/\/interamerica.org\/fr\/2023\/12\/le-departement-dagriculture-durable-de-luniversite-andrews-recoit-une-certification\/#primaryimage","url":"https:\/\/interamerica.org\/wp-content\/uploads\/2023\/12\/andrews-university20231115-3999-jb-scaled-1.jpeg","contentUrl":"https:\/\/interamerica.org\/wp-content\/uploads\/2023\/12\/andrews-university20231115-3999-jb-scaled-1.jpeg","width":2560,"height":1707,"caption":"The Agriculture Education Center at Andrews University. [Photo: Jeff Boyd] Read more at: https:\/\/adventistreview.org\/commentary\/andrews-university-sustainable-agriculture-receives-certification\/"},{"@type":"BreadcrumbList","@id":"https:\/\/interamerica.org\/fr\/2023\/12\/le-departement-dagriculture-durable-de-luniversite-andrews-recoit-une-certification\/#breadcrumb","itemListElement":[{"@type":"ListItem","position":1,"name":"Home","item":"https:\/\/interamerica.org\/fr\/"},{"@type":"ListItem","position":2,"name":"Le D\u00e9partement d\u2019agriculture durable de l\u2019Universit\u00e9 Andrews re\u00e7oit une certification"}]},{"@type":"WebSite","@id":"https:\/\/interamerica.org\/fr\/#website","url":"https:\/\/interamerica.org\/fr\/","name":"\u00c9glise Adventiste Du Septieme Jour - Inter Am\u00e9rique Division","description":"","potentialAction":[{"@type":"SearchAction","target":{"@type":"EntryPoint","urlTemplate":"https:\/\/interamerica.org\/fr\/?s={search_term_string}"},"query-input":{"@type":"PropertyValueSpecification","valueRequired":true,"valueName":"search_term_string"}}],"inLanguage":"fr-FR"},{"@type":"Person","@id":"https:\/\/interamerica.org\/fr\/#\/schema\/person\/29998f2bc2d8bd0d38662909289b54f1","name":"libna","image":{"@type":"ImageObject","inLanguage":"fr-FR","@id":"https:\/\/secure.gravatar.com\/avatar\/7c5bd30ae4b47a9ba3c856590957fd1d96dc588bf3ac05719d247e126840331f?s=96&d=mm&r=g","url":"https:\/\/secure.gravatar.com\/avatar\/7c5bd30ae4b47a9ba3c856590957fd1d96dc588bf3ac05719d247e126840331f?s=96&d=mm&r=g","contentUrl":"https:\/\/secure.gravatar.com\/avatar\/7c5bd30ae4b47a9ba3c856590957fd1d96dc588bf3ac05719d247e126840331f?s=96&d=mm&r=g","caption":"libna"}}]}},"_links":{"self":[{"href":"https:\/\/interamerica.org\/fr\/wp-json\/wp\/v2\/posts\/107963","targetHints":{"allow":["GET"]}}],"collection":[{"href":"https:\/\/interamerica.org\/fr\/wp-json\/wp\/v2\/posts"}],"about":[{"href":"https:\/\/interamerica.org\/fr\/wp-json\/wp\/v2\/types\/post"}],"author":[{"embeddable":true,"href":"https:\/\/interamerica.org\/fr\/wp-json\/wp\/v2\/users\/3"}],"replies":[{"embeddable":true,"href":"https:\/\/interamerica.org\/fr\/wp-json\/wp\/v2\/comments?post=107963"}],"version-history":[{"count":0,"href":"https:\/\/interamerica.org\/fr\/wp-json\/wp\/v2\/posts\/107963\/revisions"}],"wp:featuredmedia":[{"embeddable":true,"href":"https:\/\/interamerica.org\/fr\/wp-json\/wp\/v2\/media\/107855"}],"wp:attachment":[{"href":"https:\/\/interamerica.org\/fr\/wp-json\/wp\/v2\/media?parent=107963"}],"wp:term":[{"taxonomy":"category","embeddable":true,"href":"https:\/\/interamerica.org\/fr\/wp-json\/wp\/v2\/categories?post=107963"},{"taxonomy":"post_tag","embeddable":true,"href":"https:\/\/interamerica.org\/fr\/wp-json\/wp\/v2\/tags?post=107963"}],"curies":[{"name":"wp","href":"https:\/\/api.w.org\/{rel}","templated":true}]}}