{"id":107991,"date":"2023-12-08T10:56:10","date_gmt":"2023-12-08T15:56:10","guid":{"rendered":"https:\/\/interamerica.org\/?p=107991"},"modified":"2023-12-08T20:37:09","modified_gmt":"2023-12-09T01:37:09","slug":"au-mexique-les-dirigeants-locaux-suivent-une-formation-pour-une-cuisine-saine-et-pour-son-integration-dans-leur-ministere","status":"publish","type":"post","link":"https:\/\/interamerica.org\/fr\/2023\/12\/au-mexique-les-dirigeants-locaux-suivent-une-formation-pour-une-cuisine-saine-et-pour-son-integration-dans-leur-ministere\/","title":{"rendered":"Au Mexique, les dirigeants locaux suivent une formation pour une cuisine saine et pour son int\u00e9gration dans leur minist\u00e8re"},"content":{"rendered":"<p><div id=\"attachment_107945\" style=\"width: 878px\" class=\"wp-caption aligncenter\"><img fetchpriority=\"high\" decoding=\"async\" aria-describedby=\"caption-attachment-107945\" class=\" wp-image-107944\" src=\"https:\/\/interamerica.org\/wp-content\/uploads\/2023\/12\/colpac-mex-city-training.jpg\" alt=\"\" width=\"868\" height=\"580\" srcset=\"https:\/\/interamerica.org\/wp-content\/uploads\/2023\/12\/colpac-mex-city-training.jpg 1000w, https:\/\/interamerica.org\/wp-content\/uploads\/2023\/12\/colpac-mex-city-training-300x200.jpg 300w, https:\/\/interamerica.org\/wp-content\/uploads\/2023\/12\/colpac-mex-city-training-768x513.jpg 768w\" sizes=\"(max-width: 868px) 100vw, 868px\" \/><p id=\"caption-attachment-107945\" class=\"wp-caption-text\">Les dirigeants de minist\u00e8res de l\u2019\u00e9glise locale portent leur tablier pour une photo de groupe lors d\u2019une s\u00e9ance de formation pour une alimentation saine dirig\u00e9e par des experts d\u2019Alimentos COLPAC \u00e0 l\u2019\u00c9glise Adventiste Centrale de Mexico, au Mexique, en septembre 2023. Les s\u00e9ances de formation du week-end ont \u00e9t\u00e9 coordonn\u00e9es avec les initiatives d\u2019\u00e9vang\u00e9lisation de l\u2019Union du Centre du Mexique \u00e0 travers les minist\u00e8res des petits groupes dans la r\u00e9gion. [Photo : Alimentos COLPAC]<\/p><\/div>7 D\u00e9cembre 2023 | Mexico, Mexique | Sebasti\u00e1n M\u00e1rquez et Libna Stevens, Actualit\u00e9s de la Division Inter Am\u00e9ricaine<\/p>\n<p>Des centaines d\u2019adventistes du septi\u00e8me jour \u00e0 Mexico et dans tout le centre du Mexique ont r\u00e9cemment particip\u00e9 \u00e0 des s\u00e9ances de formation pour une alimentation saine dirig\u00e9es par des experts de la branche alimentaire d\u2019Alimentos COLPAC, l\u2019une des plus grandes usines alimentaires de la Division Inter Am\u00e9ricaine.<\/p>\n<p>Les dirigeants des minist\u00e8res de la sant\u00e9, ainsi que des minist\u00e8res des petits groupes, des minist\u00e8res des femmes, des minist\u00e8res personnels et d\u2019autres dirigeants d\u2019\u00e9glises sur le territoire de l\u2019Union du Centre du Mexique, se sont r\u00e9unis pour la toute premi\u00e8re initiative compl\u00e8te de formation sanitaire dont l\u2019objectif \u00e9tait d\u2019enseigner l\u2019alimentation saine et de meilleures habitudes alimentaires parmi les membres d\u2019\u00e9glise et les habitants de la communaut\u00e9.<\/p>\n<p><div id=\"attachment_107940\" style=\"width: 874px\" class=\"wp-caption aligncenter\"><img decoding=\"async\" aria-describedby=\"caption-attachment-107940\" class=\" wp-image-107939\" src=\"https:\/\/interamerica.org\/wp-content\/uploads\/2023\/12\/colpac-mexcity-centralchurch.jpg\" alt=\"\" width=\"864\" height=\"576\" srcset=\"https:\/\/interamerica.org\/wp-content\/uploads\/2023\/12\/colpac-mexcity-centralchurch.jpg 1000w, https:\/\/interamerica.org\/wp-content\/uploads\/2023\/12\/colpac-mexcity-centralchurch-300x200.jpg 300w, https:\/\/interamerica.org\/wp-content\/uploads\/2023\/12\/colpac-mexcity-centralchurch-768x512.jpg 768w\" sizes=\"(max-width: 864px) 100vw, 864px\" \/><p id=\"caption-attachment-107940\" class=\"wp-caption-text\">Marisol Brambila, nutritionniste d\u2019Alimentos COLPAC, passe en revue une s\u00e9ance de formation \u00e0 l\u2019\u00c9glise Adventiste Centrale de Mexico. [Photo : Alimentos COLPAC]<\/p><\/div>L\u2019objectif principal du programme \u00e9tait la pr\u00e9vention et l\u2019attention apport\u00e9e \u00e0 notre corps \u00e0 travers les principes d\u2019une cuisine saine et d\u2019une bonne nutrition, a d\u00e9clar\u00e9 Genaro Corral, directeur du marketing d\u2019Alimentos COLPAC et l\u2019un des principaux organisateurs du programme de formation.<\/p>\n<p>Les statistiques nationales montrent que l\u2019un des principaux d\u00e9fis du pays est de traiter et de r\u00e9duire les maladies chroniques non transmissibles, puisque 70 pour cent de la population mexicaine est ob\u00e8se, 30 pour cent souffre d\u2019hypertension et 9 pour cent souffre de diab\u00e8te de type 2.<\/p>\n<p>Les sessions de formation et les ateliers du week-end, baptis\u00e9es \u00ab J\u2019Irai Cuisiner avec Esp\u00e9rance, \u00bb ont permis aux participants d\u2019apprendre quels sont les bons aliments \u00e0 manger, ainsi que leurs avantages nutritionnels, comment pr\u00e9venir les maladies et comment adopter un r\u00e9gime \u00e0 base de plantes.<\/p>\n<p><div id=\"attachment_107937\" style=\"width: 884px\" class=\"wp-caption aligncenter\"><img decoding=\"async\" aria-describedby=\"caption-attachment-107937\" class=\" wp-image-107936\" src=\"https:\/\/interamerica.org\/wp-content\/uploads\/2023\/12\/colpac-groupshot-2.jpg\" alt=\"\" width=\"874\" height=\"486\" srcset=\"https:\/\/interamerica.org\/wp-content\/uploads\/2023\/12\/colpac-groupshot-2.jpg 1000w, https:\/\/interamerica.org\/wp-content\/uploads\/2023\/12\/colpac-groupshot-2-300x167.jpg 300w, https:\/\/interamerica.org\/wp-content\/uploads\/2023\/12\/colpac-groupshot-2-768x427.jpg 768w\" sizes=\"(max-width: 874px) 100vw, 874px\" \/><p id=\"caption-attachment-107937\" class=\"wp-caption-text\">Les dirigeants d\u2019\u00e9glise se sont r\u00e9unis \u00e0 la F\u00e9d\u00e9ration de Bajio qui se trouve \u00e0 Le\u00f3n, dans le Guanajuato. [Photo : Alimentos COLPAC]<\/p><\/div>\u00ab Nous avons mis l\u2019accent sur l\u2019\u00e9ducation des responsables de minist\u00e8re adventistes sur les arts culinaires et ses utilisations th\u00e9rapeutiques afin qu\u2019ils soient pr\u00eats \u00e0 partager les cours et les connaissances avec leurs amis et voisins, pour apporter un message d\u2019espoir et am\u00e9liorer la qualit\u00e9 de vie, \u00bb a d\u00e9clar\u00e9 Marisol Brambila, conseill\u00e8re en nutrition chez Alimentos Colpac.<\/p>\n<p>\u00ab Nous \u00e9tions certains qu\u2019il s\u2019agissait d\u2019un bon plan d\u2019\u00e9vang\u00e9lisation et qu\u2019en le promouvant aupr\u00e8s des petits groupes, il int\u00e9resserait les dirigeants d\u2019union et les dirigeants d\u2019\u00e9glise, \u00bb a d\u00e9clar\u00e9 Enrique Meza, directeur g\u00e9n\u00e9ral d\u2019Alimentos COLPAC. Il y a des membres d\u2019\u00e9glise qui se sentent un peu g\u00ean\u00e9s d\u2019inviter d\u2019autres personnes \u00e0 des rencontres spirituelles, mais inviter leurs voisins \u00e0 des cours de cuisine pourrait \u00eatre beaucoup plus facile, a-t-il expliqu\u00e9. \u00ab C\u2019est pourquoi je crois que l\u2019\u00e9glise utilisera ces sessions de formation pour inviter d\u2019autres personnes afin qu\u2019elles puissent rencontrer Dieu \u00e0 travers le message sur la sant\u00e9. \u00bb<\/p>\n<p>Alimentos COLPAC a toujours soutenu les initiatives de sant\u00e9 de l\u2019\u00c9glise comme par exemple Je Veux Vivre en Bonne Sant\u00e9, mais c\u2019est la premi\u00e8re fois que la branche alimentaire organise un programme sp\u00e9cifique en collaboration avec l\u2019Union du Centre du Mexique, a ajout\u00e9 Enrique Meza.<\/p>\n<p><div id=\"attachment_107931\" style=\"width: 875px\" class=\"wp-caption aligncenter\"><img loading=\"lazy\" decoding=\"async\" aria-describedby=\"caption-attachment-107931\" class=\" wp-image-107930\" src=\"https:\/\/interamerica.org\/wp-content\/uploads\/2023\/12\/colpac-demonstration-mexcity.jpg\" alt=\"\" width=\"865\" height=\"578\" srcset=\"https:\/\/interamerica.org\/wp-content\/uploads\/2023\/12\/colpac-demonstration-mexcity.jpg 1000w, https:\/\/interamerica.org\/wp-content\/uploads\/2023\/12\/colpac-demonstration-mexcity-300x200.jpg 300w, https:\/\/interamerica.org\/wp-content\/uploads\/2023\/12\/colpac-demonstration-mexcity-768x513.jpg 768w\" sizes=\"(max-width: 865px) 100vw, 865px\" \/><p id=\"caption-attachment-107931\" class=\"wp-caption-text\">Un dirigeant d\u2019\u00e9glise se joint \u00e0 la nutritionniste Marisol Brambila pour pr\u00e9parer un plat de lentilles lors d\u2019un atelier de cuisine \u00e0 Toluca, au Mexique. [Photo : Alimentos COLPAC]<\/p><\/div>Cette initiative est quelque chose que l\u2019administration de l\u2019Union du Centre du Mexique a imm\u00e9diatement adopt\u00e9 dans le cadre des initiatives d\u2019\u00e9vang\u00e9lisation de l\u2019\u00c9glise cette ann\u00e9e, a d\u00e9clar\u00e9 pasteur Jos\u00e9 Dzul, pr\u00e9sident de l\u2019Union du Centre du Mexique. \u00ab Nous avons consid\u00e9r\u00e9 ce projet comme un outil suppl\u00e9mentaire \u00e0 utiliser dans les \u2018maisons de l\u2019esp\u00e9rance\u2019 [petits groupes] et pour \u00e9veiller un int\u00e9r\u00eat pour l\u2019\u00c9glise par rapport \u00e0 l\u2019emphase qu\u2019elle place sur la sant\u00e9. \u00bb<\/p>\n<p>Chaque participant a re\u00e7u un kit contenant un cahier, un livret sur la nutrition, un tissu pour presser le soja, un livret d\u2019activit\u00e9s pour enfants et d\u2019autres ressources, et a re\u00e7u des informations sur les dizaines de produits di\u00e9t\u00e9tiques qu\u2019Alimentos COLPAC propose. Ils ont \u00e9galement pu d\u00e9guster plusieurs plats, ont indiqu\u00e9 les organisateurs.<\/p>\n<p>Juan Rojas, de Mexico, qui a assist\u00e9 aux s\u00e9ances, s\u2019est dit impressionn\u00e9 par la grande vari\u00e9t\u00e9 d\u2019aliments di\u00e9t\u00e9tiques disponibles. \u00ab Je suis tr\u00e8s heureux de faire partie des nombreuses personnes qui iront et proclameront ce message d\u2019esp\u00e9rance, \u00bb a dit Juan Rosas.<\/p>\n<p><div id=\"attachment_107928\" style=\"width: 866px\" class=\"wp-caption aligncenter\"><img loading=\"lazy\" decoding=\"async\" aria-describedby=\"caption-attachment-107928\" class=\" wp-image-107927\" src=\"https:\/\/interamerica.org\/wp-content\/uploads\/2023\/12\/colpac-leaders-cooking-key.jpg\" alt=\"\" width=\"856\" height=\"571\" srcset=\"https:\/\/interamerica.org\/wp-content\/uploads\/2023\/12\/colpac-leaders-cooking-key.jpg 1000w, https:\/\/interamerica.org\/wp-content\/uploads\/2023\/12\/colpac-leaders-cooking-key-300x200.jpg 300w, https:\/\/interamerica.org\/wp-content\/uploads\/2023\/12\/colpac-leaders-cooking-key-768x512.jpg 768w\" sizes=\"(max-width: 856px) 100vw, 856px\" \/><p id=\"caption-attachment-107928\" class=\"wp-caption-text\">Les pasteurs Job Alc\u00e1zar et Edgar Ben\u00edtez de l\u2019Union du Centre du Mexique invitent des centaines de dirigeants d\u2019\u00e9glises locales participant aux sessions de formation \u00ab J\u2019Irai Cuisiner avec Esp\u00e9rance \u00bb \u00e0 partager ce qu\u2019ils ont appris dans leurs minist\u00e8res des petits groupes. [Photo : Alimentos COLPAC]<\/p><\/div>\u00ab J\u2019ai vraiment aim\u00e9 le programme \u2018J\u2019Irai Cuisiner Avec Esp\u00e9rance.\u2019 Toutes les informations qu\u2019ils nous ont donn\u00e9es lors de l\u2019atelier sont tr\u00e8s importantes, \u00bb a d\u00e9clar\u00e9 Tere Samudio, une enseignante de Toluca, au Mexique.<\/p>\n<p>Concepci\u00f3n M\u00e9ndez, de Leon dans le Guanajuato, a remerci\u00e9 Alimentos COLPAC pour toute la formation dispens\u00e9e pendant les s\u00e9ances. \u00ab Je suis reconnaissante de ce que COLPAC propose de bons produits et des recettes qui profitent \u00e0 notre corps et pr\u00e9viennent les maladies, \u00bb a-t-elle d\u00e9clar\u00e9.<\/p>\n<p>Les dirigeants d\u2019Alimentos COLPAC pr\u00e9voient d\u2019organiser davantage de sessions de formation et d\u2019ateliers au sein de l\u2019Union du Centre du Mexique, pr\u00e9cis\u00e9ment dans les villes de Tijuana, Hermosillo, Chihuahua, Villahermosa, Guadalajara, Monterrey, Montemorelos, Culiac\u00e1n, Tuxtla Guti\u00e9rrez et M\u00e9rida.<\/p>\n<p><div id=\"attachment_107934\" style=\"width: 844px\" class=\"wp-caption aligncenter\"><img loading=\"lazy\" decoding=\"async\" aria-describedby=\"caption-attachment-107934\" class=\" wp-image-107933\" src=\"https:\/\/interamerica.org\/wp-content\/uploads\/2023\/12\/colpac-leaders-mexcity.jpg\" alt=\"\" width=\"834\" height=\"626\" srcset=\"https:\/\/interamerica.org\/wp-content\/uploads\/2023\/12\/colpac-leaders-mexcity.jpg 950w, https:\/\/interamerica.org\/wp-content\/uploads\/2023\/12\/colpac-leaders-mexcity-300x225.jpg 300w, https:\/\/interamerica.org\/wp-content\/uploads\/2023\/12\/colpac-leaders-mexcity-768x576.jpg 768w\" sizes=\"(max-width: 834px) 100vw, 834px\" \/><p id=\"caption-attachment-107934\" class=\"wp-caption-text\">Une partie de l\u2019\u00e9quipe d\u2019Alimentos COLPAC qui a particip\u00e9 aux sessions de formation dans toute l\u2019Union du Centre du Mexique. Le groupe apparait devant l\u2019\u00c9cole Manuel M. Ponce \u00e0 Toluca, au Mexique. [Photo : Alimentos COLPAC]<\/p><\/div><strong>A propos d&rsquo;Alimentos COLPAC<\/strong><\/p>\n<p>Alimentos COLPAC est pr\u00e9sent au Mexique depuis 67 ans et\u00a0<span style=\"text-decoration: line-through;\">it<\/span>\u00a0compte actuellement quatre usines de production et neuf centres de distribution desservant tout le pays. Chaque ann\u00e9e, COLPAC produit plus de 10000 tonnes de nourriture.<\/p>\n<p>Alimentos COLPAC exporte des produits au Guatemala, au Salvador, au Honduras, au Panama, en Colombie ainsi qu\u2019\u00e0 Trinidad et Tobago.<\/p>\n<p>Pour en savoir plus sur Alimentos COLPAC, ses produits et ses initiatives, visitez le site <a href=\"https:\/\/colpac.com.mx\/\">colpac.com.mx<\/a><\/p>\n<p>Traduction: Patrick Luciathe<\/p>\n","protected":false},"excerpt":{"rendered":"<p>7 D\u00e9cembre 2023 | Mexico, Mexique | Sebasti\u00e1n M\u00e1rquez et Libna Stevens, Actualit\u00e9s de la Division Inter Am\u00e9ricaine Des centaines d\u2019adventistes du septi\u00e8me jour \u00e0 Mexico et dans tout le&#8230;<\/p>\n","protected":false},"author":3,"featured_media":107945,"comment_status":"closed","ping_status":"closed","sticky":false,"template":"","format":"standard","meta":{"_acf_changed":false,"footnotes":""},"categories":[21,19],"tags":[],"class_list":["post-107991","post","type-post","status-publish","format-standard","has-post-thumbnail","hentry","category-nouvelles-du-territoire","category-rss-francais"],"acf":[],"yoast_head":"<!-- This site is optimized with the Yoast SEO plugin v27.3 - https:\/\/yoast.com\/product\/yoast-seo-wordpress\/ -->\n<title>Au Mexique, les dirigeants locaux suivent une formation pour une cuisine saine et pour son int\u00e9gration dans leur minist\u00e8re - \u00c9glise Adventiste Du Septieme Jour - Inter Am\u00e9rique Division<\/title>\n<meta name=\"robots\" content=\"index, follow, max-snippet:-1, max-image-preview:large, max-video-preview:-1\" \/>\n<link rel=\"canonical\" href=\"https:\/\/interamerica.org\/fr\/2023\/12\/au-mexique-les-dirigeants-locaux-suivent-une-formation-pour-une-cuisine-saine-et-pour-son-integration-dans-leur-ministere\/\" \/>\n<meta property=\"og:locale\" content=\"fr_FR\" \/>\n<meta property=\"og:type\" content=\"article\" \/>\n<meta property=\"og:title\" content=\"Au Mexique, les dirigeants locaux suivent une formation pour une cuisine saine et pour son int\u00e9gration dans leur minist\u00e8re - \u00c9glise Adventiste Du Septieme Jour - Inter Am\u00e9rique Division\" \/>\n<meta property=\"og:description\" content=\"7 D\u00e9cembre 2023 | Mexico, Mexique | Sebasti\u00e1n M\u00e1rquez et Libna Stevens, Actualit\u00e9s de la Division Inter Am\u00e9ricaine Des centaines d\u2019adventistes du septi\u00e8me jour \u00e0 Mexico et dans tout le...\" \/>\n<meta property=\"og:url\" content=\"https:\/\/interamerica.org\/fr\/2023\/12\/au-mexique-les-dirigeants-locaux-suivent-une-formation-pour-une-cuisine-saine-et-pour-son-integration-dans-leur-ministere\/\" \/>\n<meta property=\"og:site_name\" content=\"\u00c9glise Adventiste Du Septieme Jour - Inter Am\u00e9rique Division\" \/>\n<meta property=\"article:published_time\" content=\"2023-12-08T15:56:10+00:00\" \/>\n<meta property=\"article:modified_time\" content=\"2023-12-09T01:37:09+00:00\" \/>\n<meta property=\"og:image\" content=\"https:\/\/interamerica.org\/wp-content\/uploads\/2023\/12\/colpac-mex-city-training.jpg\" \/>\n\t<meta property=\"og:image:width\" content=\"1000\" \/>\n\t<meta property=\"og:image:height\" content=\"668\" \/>\n\t<meta property=\"og:image:type\" content=\"image\/jpeg\" \/>\n<meta name=\"author\" content=\"libna\" \/>\n<meta name=\"twitter:card\" content=\"summary_large_image\" \/>\n<meta name=\"twitter:label1\" content=\"\u00c9crit par\" \/>\n\t<meta name=\"twitter:data1\" content=\"libna\" \/>\n\t<meta name=\"twitter:label2\" content=\"Dur\u00e9e de lecture estim\u00e9e\" \/>\n\t<meta name=\"twitter:data2\" content=\"6 minutes\" \/>\n<script type=\"application\/ld+json\" class=\"yoast-schema-graph\">{\"@context\":\"https:\\\/\\\/schema.org\",\"@graph\":[{\"@type\":\"Article\",\"@id\":\"https:\\\/\\\/interamerica.org\\\/fr\\\/2023\\\/12\\\/au-mexique-les-dirigeants-locaux-suivent-une-formation-pour-une-cuisine-saine-et-pour-son-integration-dans-leur-ministere\\\/#article\",\"isPartOf\":{\"@id\":\"https:\\\/\\\/interamerica.org\\\/fr\\\/2023\\\/12\\\/au-mexique-les-dirigeants-locaux-suivent-une-formation-pour-une-cuisine-saine-et-pour-son-integration-dans-leur-ministere\\\/\"},\"author\":{\"name\":\"libna\",\"@id\":\"https:\\\/\\\/interamerica.org\\\/fr\\\/#\\\/schema\\\/person\\\/29998f2bc2d8bd0d38662909289b54f1\"},\"headline\":\"Au Mexique, les dirigeants locaux suivent une formation pour une cuisine saine et pour son int\u00e9gration dans leur minist\u00e8re\",\"datePublished\":\"2023-12-08T15:56:10+00:00\",\"dateModified\":\"2023-12-09T01:37:09+00:00\",\"mainEntityOfPage\":{\"@id\":\"https:\\\/\\\/interamerica.org\\\/fr\\\/2023\\\/12\\\/au-mexique-les-dirigeants-locaux-suivent-une-formation-pour-une-cuisine-saine-et-pour-son-integration-dans-leur-ministere\\\/\"},\"wordCount\":1263,\"image\":{\"@id\":\"https:\\\/\\\/interamerica.org\\\/fr\\\/2023\\\/12\\\/au-mexique-les-dirigeants-locaux-suivent-une-formation-pour-une-cuisine-saine-et-pour-son-integration-dans-leur-ministere\\\/#primaryimage\"},\"thumbnailUrl\":\"https:\\\/\\\/interamerica.org\\\/wp-content\\\/uploads\\\/2023\\\/12\\\/colpac-mex-city-training.jpg\",\"articleSection\":[\"Nouvelles du territoire\",\"RSS Fran\u00e7ais\"],\"inLanguage\":\"fr-FR\"},{\"@type\":\"WebPage\",\"@id\":\"https:\\\/\\\/interamerica.org\\\/fr\\\/2023\\\/12\\\/au-mexique-les-dirigeants-locaux-suivent-une-formation-pour-une-cuisine-saine-et-pour-son-integration-dans-leur-ministere\\\/\",\"url\":\"https:\\\/\\\/interamerica.org\\\/fr\\\/2023\\\/12\\\/au-mexique-les-dirigeants-locaux-suivent-une-formation-pour-une-cuisine-saine-et-pour-son-integration-dans-leur-ministere\\\/\",\"name\":\"Au Mexique, les dirigeants locaux suivent une formation pour une cuisine saine et pour son int\u00e9gration dans leur minist\u00e8re - \u00c9glise Adventiste Du Septieme Jour - Inter Am\u00e9rique Division\",\"isPartOf\":{\"@id\":\"https:\\\/\\\/interamerica.org\\\/fr\\\/#website\"},\"primaryImageOfPage\":{\"@id\":\"https:\\\/\\\/interamerica.org\\\/fr\\\/2023\\\/12\\\/au-mexique-les-dirigeants-locaux-suivent-une-formation-pour-une-cuisine-saine-et-pour-son-integration-dans-leur-ministere\\\/#primaryimage\"},\"image\":{\"@id\":\"https:\\\/\\\/interamerica.org\\\/fr\\\/2023\\\/12\\\/au-mexique-les-dirigeants-locaux-suivent-une-formation-pour-une-cuisine-saine-et-pour-son-integration-dans-leur-ministere\\\/#primaryimage\"},\"thumbnailUrl\":\"https:\\\/\\\/interamerica.org\\\/wp-content\\\/uploads\\\/2023\\\/12\\\/colpac-mex-city-training.jpg\",\"datePublished\":\"2023-12-08T15:56:10+00:00\",\"dateModified\":\"2023-12-09T01:37:09+00:00\",\"author\":{\"@id\":\"https:\\\/\\\/interamerica.org\\\/fr\\\/#\\\/schema\\\/person\\\/29998f2bc2d8bd0d38662909289b54f1\"},\"breadcrumb\":{\"@id\":\"https:\\\/\\\/interamerica.org\\\/fr\\\/2023\\\/12\\\/au-mexique-les-dirigeants-locaux-suivent-une-formation-pour-une-cuisine-saine-et-pour-son-integration-dans-leur-ministere\\\/#breadcrumb\"},\"inLanguage\":\"fr-FR\",\"potentialAction\":[{\"@type\":\"ReadAction\",\"target\":[\"https:\\\/\\\/interamerica.org\\\/fr\\\/2023\\\/12\\\/au-mexique-les-dirigeants-locaux-suivent-une-formation-pour-une-cuisine-saine-et-pour-son-integration-dans-leur-ministere\\\/\"]}]},{\"@type\":\"ImageObject\",\"inLanguage\":\"fr-FR\",\"@id\":\"https:\\\/\\\/interamerica.org\\\/fr\\\/2023\\\/12\\\/au-mexique-les-dirigeants-locaux-suivent-une-formation-pour-une-cuisine-saine-et-pour-son-integration-dans-leur-ministere\\\/#primaryimage\",\"url\":\"https:\\\/\\\/interamerica.org\\\/wp-content\\\/uploads\\\/2023\\\/12\\\/colpac-mex-city-training.jpg\",\"contentUrl\":\"https:\\\/\\\/interamerica.org\\\/wp-content\\\/uploads\\\/2023\\\/12\\\/colpac-mex-city-training.jpg\",\"width\":1000,\"height\":668,\"caption\":\"[Photo: Alimentos COLPAC]\"},{\"@type\":\"BreadcrumbList\",\"@id\":\"https:\\\/\\\/interamerica.org\\\/fr\\\/2023\\\/12\\\/au-mexique-les-dirigeants-locaux-suivent-une-formation-pour-une-cuisine-saine-et-pour-son-integration-dans-leur-ministere\\\/#breadcrumb\",\"itemListElement\":[{\"@type\":\"ListItem\",\"position\":1,\"name\":\"Home\",\"item\":\"https:\\\/\\\/interamerica.org\\\/fr\\\/\"},{\"@type\":\"ListItem\",\"position\":2,\"name\":\"Au Mexique, les dirigeants locaux suivent une formation pour une cuisine saine et pour son int\u00e9gration dans leur minist\u00e8re\"}]},{\"@type\":\"WebSite\",\"@id\":\"https:\\\/\\\/interamerica.org\\\/fr\\\/#website\",\"url\":\"https:\\\/\\\/interamerica.org\\\/fr\\\/\",\"name\":\"\u00c9glise Adventiste Du Septieme Jour - Inter Am\u00e9rique Division\",\"description\":\"\",\"potentialAction\":[{\"@type\":\"SearchAction\",\"target\":{\"@type\":\"EntryPoint\",\"urlTemplate\":\"https:\\\/\\\/interamerica.org\\\/fr\\\/?s={search_term_string}\"},\"query-input\":{\"@type\":\"PropertyValueSpecification\",\"valueRequired\":true,\"valueName\":\"search_term_string\"}}],\"inLanguage\":\"fr-FR\"},{\"@type\":\"Person\",\"@id\":\"https:\\\/\\\/interamerica.org\\\/fr\\\/#\\\/schema\\\/person\\\/29998f2bc2d8bd0d38662909289b54f1\",\"name\":\"libna\",\"image\":{\"@type\":\"ImageObject\",\"inLanguage\":\"fr-FR\",\"@id\":\"https:\\\/\\\/secure.gravatar.com\\\/avatar\\\/7c5bd30ae4b47a9ba3c856590957fd1d96dc588bf3ac05719d247e126840331f?s=96&d=mm&r=g\",\"url\":\"https:\\\/\\\/secure.gravatar.com\\\/avatar\\\/7c5bd30ae4b47a9ba3c856590957fd1d96dc588bf3ac05719d247e126840331f?s=96&d=mm&r=g\",\"contentUrl\":\"https:\\\/\\\/secure.gravatar.com\\\/avatar\\\/7c5bd30ae4b47a9ba3c856590957fd1d96dc588bf3ac05719d247e126840331f?s=96&d=mm&r=g\",\"caption\":\"libna\"}}]}<\/script>\n<!-- \/ Yoast SEO plugin. -->","yoast_head_json":{"title":"Au Mexique, les dirigeants locaux suivent une formation pour une cuisine saine et pour son int\u00e9gration dans leur minist\u00e8re - \u00c9glise Adventiste Du Septieme Jour - Inter Am\u00e9rique Division","robots":{"index":"index","follow":"follow","max-snippet":"max-snippet:-1","max-image-preview":"max-image-preview:large","max-video-preview":"max-video-preview:-1"},"canonical":"https:\/\/interamerica.org\/fr\/2023\/12\/au-mexique-les-dirigeants-locaux-suivent-une-formation-pour-une-cuisine-saine-et-pour-son-integration-dans-leur-ministere\/","og_locale":"fr_FR","og_type":"article","og_title":"Au Mexique, les dirigeants locaux suivent une formation pour une cuisine saine et pour son int\u00e9gration dans leur minist\u00e8re - \u00c9glise Adventiste Du Septieme Jour - Inter Am\u00e9rique Division","og_description":"7 D\u00e9cembre 2023 | Mexico, Mexique | Sebasti\u00e1n M\u00e1rquez et Libna Stevens, Actualit\u00e9s de la Division Inter Am\u00e9ricaine Des centaines d\u2019adventistes du septi\u00e8me jour \u00e0 Mexico et dans tout le...","og_url":"https:\/\/interamerica.org\/fr\/2023\/12\/au-mexique-les-dirigeants-locaux-suivent-une-formation-pour-une-cuisine-saine-et-pour-son-integration-dans-leur-ministere\/","og_site_name":"\u00c9glise Adventiste Du Septieme Jour - Inter Am\u00e9rique Division","article_published_time":"2023-12-08T15:56:10+00:00","article_modified_time":"2023-12-09T01:37:09+00:00","og_image":[{"width":1000,"height":668,"url":"https:\/\/interamerica.org\/wp-content\/uploads\/2023\/12\/colpac-mex-city-training.jpg","type":"image\/jpeg"}],"author":"libna","twitter_card":"summary_large_image","twitter_misc":{"\u00c9crit par":"libna","Dur\u00e9e de lecture estim\u00e9e":"6 minutes"},"schema":{"@context":"https:\/\/schema.org","@graph":[{"@type":"Article","@id":"https:\/\/interamerica.org\/fr\/2023\/12\/au-mexique-les-dirigeants-locaux-suivent-une-formation-pour-une-cuisine-saine-et-pour-son-integration-dans-leur-ministere\/#article","isPartOf":{"@id":"https:\/\/interamerica.org\/fr\/2023\/12\/au-mexique-les-dirigeants-locaux-suivent-une-formation-pour-une-cuisine-saine-et-pour-son-integration-dans-leur-ministere\/"},"author":{"name":"libna","@id":"https:\/\/interamerica.org\/fr\/#\/schema\/person\/29998f2bc2d8bd0d38662909289b54f1"},"headline":"Au Mexique, les dirigeants locaux suivent une formation pour une cuisine saine et pour son int\u00e9gration dans leur minist\u00e8re","datePublished":"2023-12-08T15:56:10+00:00","dateModified":"2023-12-09T01:37:09+00:00","mainEntityOfPage":{"@id":"https:\/\/interamerica.org\/fr\/2023\/12\/au-mexique-les-dirigeants-locaux-suivent-une-formation-pour-une-cuisine-saine-et-pour-son-integration-dans-leur-ministere\/"},"wordCount":1263,"image":{"@id":"https:\/\/interamerica.org\/fr\/2023\/12\/au-mexique-les-dirigeants-locaux-suivent-une-formation-pour-une-cuisine-saine-et-pour-son-integration-dans-leur-ministere\/#primaryimage"},"thumbnailUrl":"https:\/\/interamerica.org\/wp-content\/uploads\/2023\/12\/colpac-mex-city-training.jpg","articleSection":["Nouvelles du territoire","RSS Fran\u00e7ais"],"inLanguage":"fr-FR"},{"@type":"WebPage","@id":"https:\/\/interamerica.org\/fr\/2023\/12\/au-mexique-les-dirigeants-locaux-suivent-une-formation-pour-une-cuisine-saine-et-pour-son-integration-dans-leur-ministere\/","url":"https:\/\/interamerica.org\/fr\/2023\/12\/au-mexique-les-dirigeants-locaux-suivent-une-formation-pour-une-cuisine-saine-et-pour-son-integration-dans-leur-ministere\/","name":"Au Mexique, les dirigeants locaux suivent une formation pour une cuisine saine et pour son int\u00e9gration dans leur minist\u00e8re - \u00c9glise Adventiste Du Septieme Jour - Inter Am\u00e9rique Division","isPartOf":{"@id":"https:\/\/interamerica.org\/fr\/#website"},"primaryImageOfPage":{"@id":"https:\/\/interamerica.org\/fr\/2023\/12\/au-mexique-les-dirigeants-locaux-suivent-une-formation-pour-une-cuisine-saine-et-pour-son-integration-dans-leur-ministere\/#primaryimage"},"image":{"@id":"https:\/\/interamerica.org\/fr\/2023\/12\/au-mexique-les-dirigeants-locaux-suivent-une-formation-pour-une-cuisine-saine-et-pour-son-integration-dans-leur-ministere\/#primaryimage"},"thumbnailUrl":"https:\/\/interamerica.org\/wp-content\/uploads\/2023\/12\/colpac-mex-city-training.jpg","datePublished":"2023-12-08T15:56:10+00:00","dateModified":"2023-12-09T01:37:09+00:00","author":{"@id":"https:\/\/interamerica.org\/fr\/#\/schema\/person\/29998f2bc2d8bd0d38662909289b54f1"},"breadcrumb":{"@id":"https:\/\/interamerica.org\/fr\/2023\/12\/au-mexique-les-dirigeants-locaux-suivent-une-formation-pour-une-cuisine-saine-et-pour-son-integration-dans-leur-ministere\/#breadcrumb"},"inLanguage":"fr-FR","potentialAction":[{"@type":"ReadAction","target":["https:\/\/interamerica.org\/fr\/2023\/12\/au-mexique-les-dirigeants-locaux-suivent-une-formation-pour-une-cuisine-saine-et-pour-son-integration-dans-leur-ministere\/"]}]},{"@type":"ImageObject","inLanguage":"fr-FR","@id":"https:\/\/interamerica.org\/fr\/2023\/12\/au-mexique-les-dirigeants-locaux-suivent-une-formation-pour-une-cuisine-saine-et-pour-son-integration-dans-leur-ministere\/#primaryimage","url":"https:\/\/interamerica.org\/wp-content\/uploads\/2023\/12\/colpac-mex-city-training.jpg","contentUrl":"https:\/\/interamerica.org\/wp-content\/uploads\/2023\/12\/colpac-mex-city-training.jpg","width":1000,"height":668,"caption":"[Photo: Alimentos COLPAC]"},{"@type":"BreadcrumbList","@id":"https:\/\/interamerica.org\/fr\/2023\/12\/au-mexique-les-dirigeants-locaux-suivent-une-formation-pour-une-cuisine-saine-et-pour-son-integration-dans-leur-ministere\/#breadcrumb","itemListElement":[{"@type":"ListItem","position":1,"name":"Home","item":"https:\/\/interamerica.org\/fr\/"},{"@type":"ListItem","position":2,"name":"Au Mexique, les dirigeants locaux suivent une formation pour une cuisine saine et pour son int\u00e9gration dans leur minist\u00e8re"}]},{"@type":"WebSite","@id":"https:\/\/interamerica.org\/fr\/#website","url":"https:\/\/interamerica.org\/fr\/","name":"\u00c9glise Adventiste Du Septieme Jour - Inter Am\u00e9rique Division","description":"","potentialAction":[{"@type":"SearchAction","target":{"@type":"EntryPoint","urlTemplate":"https:\/\/interamerica.org\/fr\/?s={search_term_string}"},"query-input":{"@type":"PropertyValueSpecification","valueRequired":true,"valueName":"search_term_string"}}],"inLanguage":"fr-FR"},{"@type":"Person","@id":"https:\/\/interamerica.org\/fr\/#\/schema\/person\/29998f2bc2d8bd0d38662909289b54f1","name":"libna","image":{"@type":"ImageObject","inLanguage":"fr-FR","@id":"https:\/\/secure.gravatar.com\/avatar\/7c5bd30ae4b47a9ba3c856590957fd1d96dc588bf3ac05719d247e126840331f?s=96&d=mm&r=g","url":"https:\/\/secure.gravatar.com\/avatar\/7c5bd30ae4b47a9ba3c856590957fd1d96dc588bf3ac05719d247e126840331f?s=96&d=mm&r=g","contentUrl":"https:\/\/secure.gravatar.com\/avatar\/7c5bd30ae4b47a9ba3c856590957fd1d96dc588bf3ac05719d247e126840331f?s=96&d=mm&r=g","caption":"libna"}}]}},"_links":{"self":[{"href":"https:\/\/interamerica.org\/fr\/wp-json\/wp\/v2\/posts\/107991","targetHints":{"allow":["GET"]}}],"collection":[{"href":"https:\/\/interamerica.org\/fr\/wp-json\/wp\/v2\/posts"}],"about":[{"href":"https:\/\/interamerica.org\/fr\/wp-json\/wp\/v2\/types\/post"}],"author":[{"embeddable":true,"href":"https:\/\/interamerica.org\/fr\/wp-json\/wp\/v2\/users\/3"}],"replies":[{"embeddable":true,"href":"https:\/\/interamerica.org\/fr\/wp-json\/wp\/v2\/comments?post=107991"}],"version-history":[{"count":0,"href":"https:\/\/interamerica.org\/fr\/wp-json\/wp\/v2\/posts\/107991\/revisions"}],"wp:featuredmedia":[{"embeddable":true,"href":"https:\/\/interamerica.org\/fr\/wp-json\/wp\/v2\/media\/107945"}],"wp:attachment":[{"href":"https:\/\/interamerica.org\/fr\/wp-json\/wp\/v2\/media?parent=107991"}],"wp:term":[{"taxonomy":"category","embeddable":true,"href":"https:\/\/interamerica.org\/fr\/wp-json\/wp\/v2\/categories?post=107991"},{"taxonomy":"post_tag","embeddable":true,"href":"https:\/\/interamerica.org\/fr\/wp-json\/wp\/v2\/tags?post=107991"}],"curies":[{"name":"wp","href":"https:\/\/api.w.org\/{rel}","templated":true}]}}