{"id":108031,"date":"2023-12-11T14:40:46","date_gmt":"2023-12-11T19:40:46","guid":{"rendered":"https:\/\/interamerica.org\/?p=108031"},"modified":"2023-12-14T06:26:43","modified_gmt":"2023-12-14T11:26:43","slug":"un-programme-organise-a-lechelle-du-continent-africain-met-en-contact-et-motive-les-responsables-de-communication-pour-la-mission","status":"publish","type":"post","link":"https:\/\/interamerica.org\/fr\/2023\/12\/un-programme-organise-a-lechelle-du-continent-africain-met-en-contact-et-motive-les-responsables-de-communication-pour-la-mission\/","title":{"rendered":"Un programme organis\u00e9 \u00e0 l\u2019\u00e9chelle du continent africain met en contact et motive les responsables de communication pour la mission"},"content":{"rendered":"<div id=\"attachment_108004\" style=\"width: 865px\" class=\"wp-caption aligncenter\"><img fetchpriority=\"high\" decoding=\"async\" aria-describedby=\"caption-attachment-108004\" class=\" wp-image-108003\" src=\"https:\/\/interamerica.org\/wp-content\/uploads\/2023\/12\/africa-gain.jpeg\" alt=\"\" width=\"855\" height=\"570\" srcset=\"https:\/\/interamerica.org\/wp-content\/uploads\/2023\/12\/africa-gain.jpeg 1000w, https:\/\/interamerica.org\/wp-content\/uploads\/2023\/12\/africa-gain-300x200.jpeg 300w, https:\/\/interamerica.org\/wp-content\/uploads\/2023\/12\/africa-gain-768x512.jpeg 768w\" sizes=\"(max-width: 855px) 100vw, 855px\" \/><p id=\"caption-attachment-108004\" class=\"wp-caption-text\">La conf\u00e9rence du R\u00e9seau Adventiste Mondial Internet (GAiN) pour l\u2019Afrique s\u2019est ouverte le 6 d\u00e9cembre \u00e0 Johannesburg, en Afrique du Sud. [Photo : Marcos Paseggi, Adventist Review]<\/p><\/div>\n<h4>Les adventistes qui \u0153uvrent dans les m\u00e9dias de l\u2019\u00c9glise se r\u00e9unissent en Afrique du Sud pour la conf\u00e9rence GAiN 2023.<\/h4>\n<p>11 D\u00e9cembre 2023 | Afrique du Sud | Marcos Paseggi, Adventist Review<\/p>\n<p>Deux cent quarante personnes, des responsables de la communication, des administrateurs de l\u2019\u00c9glise adventiste du septi\u00e8me jour se sont r\u00e9unis \u00e0 Johannesburg, en Afrique du Sud, \u00e0 l\u2019occasion de la conf\u00e9rence 2023 du R\u00e9seau Adventiste Mondial Internet (GAiN). Le programme a r\u00e9uni du 6 au 9 d\u00e9cembre ceux qui servent dans les minist\u00e8res de la radio, de la t\u00e9l\u00e9vision, de la presse \u00e9crite et du num\u00e9rique \u00e0 travers le continent africain pour une formation, du r\u00e9seautage, des discussions et de l\u2019inspiration.<\/p>\n<p>\u00ab Il s\u2019agit d\u2019une occasion sp\u00e9ciale et nous ne prenons pas les choses pour acquises, \u00bb a d\u00e9clar\u00e9 Harrington Akombwa, pr\u00e9sident de la Division de l\u2019Afrique Australe et de l\u2019Oc\u00e9an Indien (SID), aux responsables de la communication r\u00e9unis pour la s\u00e9ance d\u2019ouverture dans la soir\u00e9e du 6 d\u00e9cembre. Nous vous accueillons et nous vous remercions d\u2019avoir organis\u00e9 cette rencontre ici, afin que nous puissions voir ce que Dieu peut faire pour nous et \u00e0 travers nous. \u00bb Le si\u00e8ge de la SID se trouve \u00e0 Pretoria, pas loin d\u2019ici. Les deux autres principaux si\u00e8ges r\u00e9gionaux se trouvent \u00e0 Abidjan, en C\u00f4te d\u2019Ivoire (Division de l\u2019Afrique du Centre-Ouest) et \u00e0 Nairobi, au Kenya (Division de l\u2019Afrique du Centre-Est).<\/p>\n<p><div id=\"attachment_108007\" style=\"width: 829px\" class=\"wp-caption aligncenter\"><img decoding=\"async\" aria-describedby=\"caption-attachment-108007\" class=\" wp-image-108006\" src=\"https:\/\/interamerica.org\/wp-content\/uploads\/2023\/12\/africa-2dsc-0456.jpeg\" alt=\"\" width=\"819\" height=\"546\" srcset=\"https:\/\/interamerica.org\/wp-content\/uploads\/2023\/12\/africa-2dsc-0456.jpeg 1000w, https:\/\/interamerica.org\/wp-content\/uploads\/2023\/12\/africa-2dsc-0456-300x200.jpeg 300w, https:\/\/interamerica.org\/wp-content\/uploads\/2023\/12\/africa-2dsc-0456-768x512.jpeg 768w\" sizes=\"(max-width: 819px) 100vw, 819px\" \/><p id=\"caption-attachment-108007\" class=\"wp-caption-text\">Harrington Akombwa, pr\u00e9sident de la Division de l\u2019Afrique Australe et de l\u2019Oc\u00e9an Indien de l\u2019\u00c9glise adventiste du septi\u00e8me jour, souhaite la bienvenue aux participants \u00e0 la conf\u00e9rence GAiN Afrique 2023. [Photo : Marcos Paseggi, Adventist Review]<\/p><\/div>Le directeur de la communication de la Conf\u00e9rence G\u00e9n\u00e9rale, Williams Costa Jr., a prononc\u00e9 le discours d\u2019ouverture le 6 d\u00e9cembre. William Costa a bri\u00e8vement expliqu\u00e9 comment le d\u00e9partement de la communication et son site web sont pass\u00e9s d\u2019un mod\u00e8le centr\u00e9 sur l\u2019institution \u00e0 un mod\u00e8le davantage centr\u00e9 sur la mission. \u00ab Nous croyons que le d\u00e9partement de la communication existe pour soutenir la mission de l\u2019\u00c9glise, \u00bb a d\u00e9clar\u00e9 William Costa \u00e0 son auditoire.<\/p>\n<p>William Costa a ensuite soulign\u00e9 le r\u00f4le cl\u00e9 de la communication adventiste pour appeler les gens \u00e0 conna\u00eetre J\u00e9sus et sa volont\u00e9 \u00e0 travers l\u2019\u00e9tude de sa Parole. Il a \u00e9galement expliqu\u00e9 la raison d\u2019\u00eatre des actions du D\u00e9partement de la Communication visant \u00e0 pr\u00e9senter des rapports et des r\u00e9cits destin\u00e9s \u00e0 inspirer les membres ainsi que les non-membres.<\/p>\n<p><div id=\"attachment_108010\" style=\"width: 846px\" class=\"wp-caption aligncenter\"><img decoding=\"async\" aria-describedby=\"caption-attachment-108010\" class=\" wp-image-108009\" src=\"https:\/\/interamerica.org\/wp-content\/uploads\/2023\/12\/arica3dsc-0510.jpeg\" alt=\"\" width=\"836\" height=\"557\" srcset=\"https:\/\/interamerica.org\/wp-content\/uploads\/2023\/12\/arica3dsc-0510.jpeg 1000w, https:\/\/interamerica.org\/wp-content\/uploads\/2023\/12\/arica3dsc-0510-300x200.jpeg 300w, https:\/\/interamerica.org\/wp-content\/uploads\/2023\/12\/arica3dsc-0510-768x512.jpeg 768w\" sizes=\"(max-width: 836px) 100vw, 836px\" \/><p id=\"caption-attachment-108010\" class=\"wp-caption-text\">Noel Sibanda, directeur de la communication de la Division de l\u2019Afrique Australe et de l\u2019Oc\u00e9an Indien, salue les 240 responsables de la communication et dirigeants adventistes venus de tout le continent africain. [Photo : Marcos Paseggi, Adventist Review]<\/p><\/div>\u00ab Aucune famille ne survit sans communication, \u00bb a rappel\u00e9 William Costa aux participants \u00e0 la conf\u00e9rence GAiN. \u00ab L\u2019\u00c9glise adventiste du septi\u00e8me jour doit partager des r\u00e9cits sur la fa\u00e7on dont le Saint-Esprit \u0153uvre dans diff\u00e9rentes parties du monde. Ce ne sont pas des nouvelles pour le divertissement. Ce sont des moyens pour susciter l\u2019inspiration, et cette inspiration produit l\u2019assurance que nous sommes le peuple de Dieu, que nous sommes la famille de Dieu. Et cela nous aide \u00e0 nous int\u00e9grer et \u00e0 nous unir en tant que famille mondiale, \u00bb a-t-il dit.<\/p>\n<p>William Costa a \u00e9galement soulign\u00e9 l\u2019objectif missionnaire de tout ce que font les responsables de la communication adventistes, et a d\u00e9taill\u00e9 certaines des fa\u00e7ons dont ils le font \u00e0 travers les informations, les m\u00e9dias num\u00e9riques et m\u00eame les films. \u00ab Nous devons inspirer, nous devons motiver, nous devons utiliser tous les moyens possibles pour partager l\u2019esp\u00e9rance avec les gens, \u00bb a-t-il d\u00e9clar\u00e9.<\/p>\n<p><div id=\"attachment_108013\" style=\"width: 842px\" class=\"wp-caption aligncenter\"><img loading=\"lazy\" decoding=\"async\" aria-describedby=\"caption-attachment-108013\" class=\" wp-image-108012\" src=\"https:\/\/interamerica.org\/wp-content\/uploads\/2023\/12\/africa4dsc-0463.jpeg\" alt=\"\" width=\"832\" height=\"555\" srcset=\"https:\/\/interamerica.org\/wp-content\/uploads\/2023\/12\/africa4dsc-0463.jpeg 1000w, https:\/\/interamerica.org\/wp-content\/uploads\/2023\/12\/africa4dsc-0463-300x200.jpeg 300w, https:\/\/interamerica.org\/wp-content\/uploads\/2023\/12\/africa4dsc-0463-768x512.jpeg 768w\" sizes=\"(max-width: 832px) 100vw, 832px\" \/><p id=\"caption-attachment-108013\" class=\"wp-caption-text\">Le directeur de la communication de la Conf\u00e9rence G\u00e9n\u00e9rale, Williams Costa Jr., explique comment le d\u00e9partement de la communication de la Conf\u00e9rence G\u00e9n\u00e9rale est pass\u00e9 d\u2019un mod\u00e8le centr\u00e9 sur l\u2019institution \u00e0 un mod\u00e8le centr\u00e9 sur la mission. [Photo : Marcos Paseggi, Adventist Review]<\/p><\/div><strong>Intelligence Artificielle g\u00e9n\u00e9rative pour le minist\u00e8re<\/strong><\/p>\n<p>Dans la deuxi\u00e8me partie de la s\u00e9ance d\u2019ouverture, l\u2019ing\u00e9nieur de Google et ancien d\u2019\u00e9glise adventiste, Emmanuel Arriaga, a discut\u00e9 de \u00ab l\u2019intelligence artificielle g\u00e9n\u00e9rative [I.A.] pour le minist\u00e8re \u00bb. Il a d\u00e9taill\u00e9 certains des aspects techniques des nouveaux outils d\u2019I.A. qui ont \u00e9t\u00e9 con\u00e7us depuis le lancement de ChatGPT en novembre 2022. Ils incluent de grands mod\u00e8les de langage, \u00ab un type d\u2019intelligence artificielle qui utilise des techniques d\u2019apprentissage en profondeur et de grands ensembles de donn\u00e9es pour comprendre, g\u00e9n\u00e9rer, et pr\u00e9dire du nouveau contenu. \u00bb<\/p>\n<p><div id=\"attachment_108016\" style=\"width: 844px\" class=\"wp-caption aligncenter\"><img loading=\"lazy\" decoding=\"async\" aria-describedby=\"caption-attachment-108016\" class=\" wp-image-108015\" src=\"https:\/\/interamerica.org\/wp-content\/uploads\/2023\/12\/africa-5dsc-0474.jpeg\" alt=\"\" width=\"834\" height=\"556\" srcset=\"https:\/\/interamerica.org\/wp-content\/uploads\/2023\/12\/africa-5dsc-0474.jpeg 1000w, https:\/\/interamerica.org\/wp-content\/uploads\/2023\/12\/africa-5dsc-0474-300x200.jpeg 300w, https:\/\/interamerica.org\/wp-content\/uploads\/2023\/12\/africa-5dsc-0474-768x512.jpeg 768w\" sizes=\"(max-width: 834px) 100vw, 834px\" \/><p id=\"caption-attachment-108016\" class=\"wp-caption-text\">La plupart des participants \u00e0 GAiN Afrique viennent des trois divisions de l\u2019\u00c9glise adventiste en Afrique subsaharienne. [Photo : Marcos Paseggi, Adventist Review]<\/p><\/div><strong>Implications pour le minist\u00e8re <\/strong><\/p>\n<p>Emmanuel Arriaga a ensuite soulign\u00e9 ce qui se cache derri\u00e8re certaines de ces cr\u00e9ations et leurs implications pour le minist\u00e8re adventiste. Il a indiqu\u00e9 que les nouveaux outils aident \u00e0 transformer le fonctionnement du minist\u00e8re, \u00e0 personnaliser les communications avec les membres de la communaut\u00e9, \u00e0 analyser de grandes quantit\u00e9s de donn\u00e9es et \u00e0 d\u00e9couvrir des tendances.<\/p>\n<p>Il a \u00e9galement soulign\u00e9 \u00e0 quel point il est important pour l\u2019\u00c9glise adventiste d\u2019apprendre \u00e0 \u00e9valuer et \u00e0 utiliser de nouveaux outils pour la mission. \u00ab Il y a aujourd\u2019hui une comp\u00e9tition intense pour conqu\u00e9rir les c\u0153urs et les esprits dans le monde, et si nous voulons enseigner l\u2019amour de J\u00e9sus, nous devons bien d\u00e9terminer notre fa\u00e7on de travailler et trouver les moyens les plus efficaces de remplir notre r\u00f4le \u00bb, a dit Emmanuel Arriaga.<\/p>\n<p>Dans le m\u00eame temps, a reconnu Emmanuel Arriaga, il existe un risque inh\u00e9rent \u00e0 la technologie d\u2019I.A. comme par exemple ChatGPT, et les experts commencent tout juste \u00e0 comprendre certaines de ses implications. Mais l\u2019I.A. peut \u00eatre un outil puissant si elle est utilis\u00e9e correctement, a-t-il soulign\u00e9.<\/p>\n<p>Emmanuel Arriaga a cit\u00e9, par exemple, l\u2019utilisation de l\u2019I.A. dans la recherche. \u00ab Elle ne devrait pas \u00eatre utilis\u00e9e comme source principale, \u00bb a-t-il d\u00e9clar\u00e9. \u00ab Mais il est utile d\u2019identifier des domaines d\u2019int\u00e9r\u00eat potentiels sur un sujet sp\u00e9cifique. C\u2019est quelque chose de puissant parce que parfois [le chercheur] ne sait pas par o\u00f9 commencer. L\u2019I.A. g\u00e9n\u00e9rative peut vous donner suffisamment pour d\u00e9marrer et vous aider \u00e0 gagner du temps, en organisant des donn\u00e9es dont le traitement prendrait des jours et des semaines, \u00bb a-t-il expliqu\u00e9.<\/p>\n<p>Dans l\u2019ensemble, a d\u00e9clar\u00e9 Emmanuel Arriaga, et malgr\u00e9 les d\u00e9fis, les nouveaux outils d\u2019IA peuvent aider \u00e0 transformer le minist\u00e8re adventiste de plusieurs mani\u00e8res. Ils peuvent constituer de puissants atouts pour la mission.<\/p>\n<p>Traduction: Patrick Luciathe<\/p>\n","protected":false},"excerpt":{"rendered":"<p>Les adventistes qui \u0153uvrent dans les m\u00e9dias de l\u2019\u00c9glise se r\u00e9unissent en Afrique du Sud pour la conf\u00e9rence GAiN 2023. 11 D\u00e9cembre 2023 | Afrique du Sud | Marcos Paseggi,&#8230;<\/p>\n","protected":false},"author":3,"featured_media":108004,"comment_status":"closed","ping_status":"closed","sticky":false,"template":"","format":"standard","meta":{"_acf_changed":false,"footnotes":""},"categories":[18,19],"tags":[],"class_list":["post-108031","post","type-post","status-publish","format-standard","has-post-thumbnail","hentry","category-nouvelles-de-leglise-mondiale","category-rss-francais"],"acf":[],"yoast_head":"<!-- This site is optimized with the Yoast SEO plugin v27.3 - https:\/\/yoast.com\/product\/yoast-seo-wordpress\/ -->\n<title>Un programme organis\u00e9 \u00e0 l\u2019\u00e9chelle du continent africain met en contact et motive les responsables de communication pour la mission - \u00c9glise Adventiste Du Septieme Jour - Inter Am\u00e9rique Division<\/title>\n<meta name=\"robots\" content=\"index, follow, max-snippet:-1, max-image-preview:large, max-video-preview:-1\" \/>\n<link rel=\"canonical\" href=\"https:\/\/interamerica.org\/fr\/2023\/12\/un-programme-organise-a-lechelle-du-continent-africain-met-en-contact-et-motive-les-responsables-de-communication-pour-la-mission\/\" \/>\n<meta property=\"og:locale\" content=\"fr_FR\" \/>\n<meta property=\"og:type\" content=\"article\" \/>\n<meta property=\"og:title\" content=\"Un programme organis\u00e9 \u00e0 l\u2019\u00e9chelle du continent africain met en contact et motive les responsables de communication pour la mission - \u00c9glise Adventiste Du Septieme Jour - Inter Am\u00e9rique Division\" \/>\n<meta property=\"og:description\" content=\"Les adventistes qui \u0153uvrent dans les m\u00e9dias de l\u2019\u00c9glise se r\u00e9unissent en Afrique du Sud pour la conf\u00e9rence GAiN 2023. 11 D\u00e9cembre 2023 | Afrique du Sud | Marcos Paseggi,...\" \/>\n<meta property=\"og:url\" content=\"https:\/\/interamerica.org\/fr\/2023\/12\/un-programme-organise-a-lechelle-du-continent-africain-met-en-contact-et-motive-les-responsables-de-communication-pour-la-mission\/\" \/>\n<meta property=\"og:site_name\" content=\"\u00c9glise Adventiste Du Septieme Jour - Inter Am\u00e9rique Division\" \/>\n<meta property=\"article:published_time\" content=\"2023-12-11T19:40:46+00:00\" \/>\n<meta property=\"article:modified_time\" content=\"2023-12-14T11:26:43+00:00\" \/>\n<meta property=\"og:image\" content=\"https:\/\/interamerica.org\/wp-content\/uploads\/2023\/12\/africa-gain.jpeg\" \/>\n\t<meta property=\"og:image:width\" content=\"1000\" \/>\n\t<meta property=\"og:image:height\" content=\"667\" \/>\n\t<meta property=\"og:image:type\" content=\"image\/jpeg\" \/>\n<meta name=\"author\" content=\"libna\" \/>\n<meta name=\"twitter:card\" content=\"summary_large_image\" \/>\n<meta name=\"twitter:label1\" content=\"\u00c9crit par\" \/>\n\t<meta name=\"twitter:data1\" content=\"libna\" \/>\n\t<meta name=\"twitter:label2\" content=\"Dur\u00e9e de lecture estim\u00e9e\" \/>\n\t<meta name=\"twitter:data2\" content=\"6 minutes\" \/>\n<script type=\"application\/ld+json\" class=\"yoast-schema-graph\">{\"@context\":\"https:\\\/\\\/schema.org\",\"@graph\":[{\"@type\":\"Article\",\"@id\":\"https:\\\/\\\/interamerica.org\\\/fr\\\/2023\\\/12\\\/un-programme-organise-a-lechelle-du-continent-africain-met-en-contact-et-motive-les-responsables-de-communication-pour-la-mission\\\/#article\",\"isPartOf\":{\"@id\":\"https:\\\/\\\/interamerica.org\\\/fr\\\/2023\\\/12\\\/un-programme-organise-a-lechelle-du-continent-africain-met-en-contact-et-motive-les-responsables-de-communication-pour-la-mission\\\/\"},\"author\":{\"name\":\"libna\",\"@id\":\"https:\\\/\\\/interamerica.org\\\/fr\\\/#\\\/schema\\\/person\\\/29998f2bc2d8bd0d38662909289b54f1\"},\"headline\":\"Un programme organis\u00e9 \u00e0 l\u2019\u00e9chelle du continent africain met en contact et motive les responsables de communication pour la mission\",\"datePublished\":\"2023-12-11T19:40:46+00:00\",\"dateModified\":\"2023-12-14T11:26:43+00:00\",\"mainEntityOfPage\":{\"@id\":\"https:\\\/\\\/interamerica.org\\\/fr\\\/2023\\\/12\\\/un-programme-organise-a-lechelle-du-continent-africain-met-en-contact-et-motive-les-responsables-de-communication-pour-la-mission\\\/\"},\"wordCount\":1250,\"image\":{\"@id\":\"https:\\\/\\\/interamerica.org\\\/fr\\\/2023\\\/12\\\/un-programme-organise-a-lechelle-du-continent-africain-met-en-contact-et-motive-les-responsables-de-communication-pour-la-mission\\\/#primaryimage\"},\"thumbnailUrl\":\"https:\\\/\\\/interamerica.org\\\/wp-content\\\/uploads\\\/2023\\\/12\\\/africa-gain.jpeg\",\"articleSection\":[\"Nouvelles de l'\u00c9glise mondiale\",\"RSS Fran\u00e7ais\"],\"inLanguage\":\"fr-FR\"},{\"@type\":\"WebPage\",\"@id\":\"https:\\\/\\\/interamerica.org\\\/fr\\\/2023\\\/12\\\/un-programme-organise-a-lechelle-du-continent-africain-met-en-contact-et-motive-les-responsables-de-communication-pour-la-mission\\\/\",\"url\":\"https:\\\/\\\/interamerica.org\\\/fr\\\/2023\\\/12\\\/un-programme-organise-a-lechelle-du-continent-africain-met-en-contact-et-motive-les-responsables-de-communication-pour-la-mission\\\/\",\"name\":\"Un programme organis\u00e9 \u00e0 l\u2019\u00e9chelle du continent africain met en contact et motive les responsables de communication pour la mission - \u00c9glise Adventiste Du Septieme Jour - Inter Am\u00e9rique Division\",\"isPartOf\":{\"@id\":\"https:\\\/\\\/interamerica.org\\\/fr\\\/#website\"},\"primaryImageOfPage\":{\"@id\":\"https:\\\/\\\/interamerica.org\\\/fr\\\/2023\\\/12\\\/un-programme-organise-a-lechelle-du-continent-africain-met-en-contact-et-motive-les-responsables-de-communication-pour-la-mission\\\/#primaryimage\"},\"image\":{\"@id\":\"https:\\\/\\\/interamerica.org\\\/fr\\\/2023\\\/12\\\/un-programme-organise-a-lechelle-du-continent-africain-met-en-contact-et-motive-les-responsables-de-communication-pour-la-mission\\\/#primaryimage\"},\"thumbnailUrl\":\"https:\\\/\\\/interamerica.org\\\/wp-content\\\/uploads\\\/2023\\\/12\\\/africa-gain.jpeg\",\"datePublished\":\"2023-12-11T19:40:46+00:00\",\"dateModified\":\"2023-12-14T11:26:43+00:00\",\"author\":{\"@id\":\"https:\\\/\\\/interamerica.org\\\/fr\\\/#\\\/schema\\\/person\\\/29998f2bc2d8bd0d38662909289b54f1\"},\"breadcrumb\":{\"@id\":\"https:\\\/\\\/interamerica.org\\\/fr\\\/2023\\\/12\\\/un-programme-organise-a-lechelle-du-continent-africain-met-en-contact-et-motive-les-responsables-de-communication-pour-la-mission\\\/#breadcrumb\"},\"inLanguage\":\"fr-FR\",\"potentialAction\":[{\"@type\":\"ReadAction\",\"target\":[\"https:\\\/\\\/interamerica.org\\\/fr\\\/2023\\\/12\\\/un-programme-organise-a-lechelle-du-continent-africain-met-en-contact-et-motive-les-responsables-de-communication-pour-la-mission\\\/\"]}]},{\"@type\":\"ImageObject\",\"inLanguage\":\"fr-FR\",\"@id\":\"https:\\\/\\\/interamerica.org\\\/fr\\\/2023\\\/12\\\/un-programme-organise-a-lechelle-du-continent-africain-met-en-contact-et-motive-les-responsables-de-communication-pour-la-mission\\\/#primaryimage\",\"url\":\"https:\\\/\\\/interamerica.org\\\/wp-content\\\/uploads\\\/2023\\\/12\\\/africa-gain.jpeg\",\"contentUrl\":\"https:\\\/\\\/interamerica.org\\\/wp-content\\\/uploads\\\/2023\\\/12\\\/africa-gain.jpeg\",\"width\":1000,\"height\":667,\"caption\":\"The Global Adventist Internet Network (GAiN) Africa Conference opened on December 6 in Johannesburg, South Africa. [Photo: Marcos Paseggi, Adventist Review]\"},{\"@type\":\"BreadcrumbList\",\"@id\":\"https:\\\/\\\/interamerica.org\\\/fr\\\/2023\\\/12\\\/un-programme-organise-a-lechelle-du-continent-africain-met-en-contact-et-motive-les-responsables-de-communication-pour-la-mission\\\/#breadcrumb\",\"itemListElement\":[{\"@type\":\"ListItem\",\"position\":1,\"name\":\"Home\",\"item\":\"https:\\\/\\\/interamerica.org\\\/fr\\\/\"},{\"@type\":\"ListItem\",\"position\":2,\"name\":\"Un programme organis\u00e9 \u00e0 l\u2019\u00e9chelle du continent africain met en contact et motive les responsables de communication pour la mission\"}]},{\"@type\":\"WebSite\",\"@id\":\"https:\\\/\\\/interamerica.org\\\/fr\\\/#website\",\"url\":\"https:\\\/\\\/interamerica.org\\\/fr\\\/\",\"name\":\"\u00c9glise Adventiste Du Septieme Jour - Inter Am\u00e9rique Division\",\"description\":\"\",\"potentialAction\":[{\"@type\":\"SearchAction\",\"target\":{\"@type\":\"EntryPoint\",\"urlTemplate\":\"https:\\\/\\\/interamerica.org\\\/fr\\\/?s={search_term_string}\"},\"query-input\":{\"@type\":\"PropertyValueSpecification\",\"valueRequired\":true,\"valueName\":\"search_term_string\"}}],\"inLanguage\":\"fr-FR\"},{\"@type\":\"Person\",\"@id\":\"https:\\\/\\\/interamerica.org\\\/fr\\\/#\\\/schema\\\/person\\\/29998f2bc2d8bd0d38662909289b54f1\",\"name\":\"libna\",\"image\":{\"@type\":\"ImageObject\",\"inLanguage\":\"fr-FR\",\"@id\":\"https:\\\/\\\/secure.gravatar.com\\\/avatar\\\/7c5bd30ae4b47a9ba3c856590957fd1d96dc588bf3ac05719d247e126840331f?s=96&d=mm&r=g\",\"url\":\"https:\\\/\\\/secure.gravatar.com\\\/avatar\\\/7c5bd30ae4b47a9ba3c856590957fd1d96dc588bf3ac05719d247e126840331f?s=96&d=mm&r=g\",\"contentUrl\":\"https:\\\/\\\/secure.gravatar.com\\\/avatar\\\/7c5bd30ae4b47a9ba3c856590957fd1d96dc588bf3ac05719d247e126840331f?s=96&d=mm&r=g\",\"caption\":\"libna\"}}]}<\/script>\n<!-- \/ Yoast SEO plugin. -->","yoast_head_json":{"title":"Un programme organis\u00e9 \u00e0 l\u2019\u00e9chelle du continent africain met en contact et motive les responsables de communication pour la mission - \u00c9glise Adventiste Du Septieme Jour - Inter Am\u00e9rique Division","robots":{"index":"index","follow":"follow","max-snippet":"max-snippet:-1","max-image-preview":"max-image-preview:large","max-video-preview":"max-video-preview:-1"},"canonical":"https:\/\/interamerica.org\/fr\/2023\/12\/un-programme-organise-a-lechelle-du-continent-africain-met-en-contact-et-motive-les-responsables-de-communication-pour-la-mission\/","og_locale":"fr_FR","og_type":"article","og_title":"Un programme organis\u00e9 \u00e0 l\u2019\u00e9chelle du continent africain met en contact et motive les responsables de communication pour la mission - \u00c9glise Adventiste Du Septieme Jour - Inter Am\u00e9rique Division","og_description":"Les adventistes qui \u0153uvrent dans les m\u00e9dias de l\u2019\u00c9glise se r\u00e9unissent en Afrique du Sud pour la conf\u00e9rence GAiN 2023. 11 D\u00e9cembre 2023 | Afrique du Sud | Marcos Paseggi,...","og_url":"https:\/\/interamerica.org\/fr\/2023\/12\/un-programme-organise-a-lechelle-du-continent-africain-met-en-contact-et-motive-les-responsables-de-communication-pour-la-mission\/","og_site_name":"\u00c9glise Adventiste Du Septieme Jour - Inter Am\u00e9rique Division","article_published_time":"2023-12-11T19:40:46+00:00","article_modified_time":"2023-12-14T11:26:43+00:00","og_image":[{"width":1000,"height":667,"url":"https:\/\/interamerica.org\/wp-content\/uploads\/2023\/12\/africa-gain.jpeg","type":"image\/jpeg"}],"author":"libna","twitter_card":"summary_large_image","twitter_misc":{"\u00c9crit par":"libna","Dur\u00e9e de lecture estim\u00e9e":"6 minutes"},"schema":{"@context":"https:\/\/schema.org","@graph":[{"@type":"Article","@id":"https:\/\/interamerica.org\/fr\/2023\/12\/un-programme-organise-a-lechelle-du-continent-africain-met-en-contact-et-motive-les-responsables-de-communication-pour-la-mission\/#article","isPartOf":{"@id":"https:\/\/interamerica.org\/fr\/2023\/12\/un-programme-organise-a-lechelle-du-continent-africain-met-en-contact-et-motive-les-responsables-de-communication-pour-la-mission\/"},"author":{"name":"libna","@id":"https:\/\/interamerica.org\/fr\/#\/schema\/person\/29998f2bc2d8bd0d38662909289b54f1"},"headline":"Un programme organis\u00e9 \u00e0 l\u2019\u00e9chelle du continent africain met en contact et motive les responsables de communication pour la mission","datePublished":"2023-12-11T19:40:46+00:00","dateModified":"2023-12-14T11:26:43+00:00","mainEntityOfPage":{"@id":"https:\/\/interamerica.org\/fr\/2023\/12\/un-programme-organise-a-lechelle-du-continent-africain-met-en-contact-et-motive-les-responsables-de-communication-pour-la-mission\/"},"wordCount":1250,"image":{"@id":"https:\/\/interamerica.org\/fr\/2023\/12\/un-programme-organise-a-lechelle-du-continent-africain-met-en-contact-et-motive-les-responsables-de-communication-pour-la-mission\/#primaryimage"},"thumbnailUrl":"https:\/\/interamerica.org\/wp-content\/uploads\/2023\/12\/africa-gain.jpeg","articleSection":["Nouvelles de l'\u00c9glise mondiale","RSS Fran\u00e7ais"],"inLanguage":"fr-FR"},{"@type":"WebPage","@id":"https:\/\/interamerica.org\/fr\/2023\/12\/un-programme-organise-a-lechelle-du-continent-africain-met-en-contact-et-motive-les-responsables-de-communication-pour-la-mission\/","url":"https:\/\/interamerica.org\/fr\/2023\/12\/un-programme-organise-a-lechelle-du-continent-africain-met-en-contact-et-motive-les-responsables-de-communication-pour-la-mission\/","name":"Un programme organis\u00e9 \u00e0 l\u2019\u00e9chelle du continent africain met en contact et motive les responsables de communication pour la mission - \u00c9glise Adventiste Du Septieme Jour - Inter Am\u00e9rique Division","isPartOf":{"@id":"https:\/\/interamerica.org\/fr\/#website"},"primaryImageOfPage":{"@id":"https:\/\/interamerica.org\/fr\/2023\/12\/un-programme-organise-a-lechelle-du-continent-africain-met-en-contact-et-motive-les-responsables-de-communication-pour-la-mission\/#primaryimage"},"image":{"@id":"https:\/\/interamerica.org\/fr\/2023\/12\/un-programme-organise-a-lechelle-du-continent-africain-met-en-contact-et-motive-les-responsables-de-communication-pour-la-mission\/#primaryimage"},"thumbnailUrl":"https:\/\/interamerica.org\/wp-content\/uploads\/2023\/12\/africa-gain.jpeg","datePublished":"2023-12-11T19:40:46+00:00","dateModified":"2023-12-14T11:26:43+00:00","author":{"@id":"https:\/\/interamerica.org\/fr\/#\/schema\/person\/29998f2bc2d8bd0d38662909289b54f1"},"breadcrumb":{"@id":"https:\/\/interamerica.org\/fr\/2023\/12\/un-programme-organise-a-lechelle-du-continent-africain-met-en-contact-et-motive-les-responsables-de-communication-pour-la-mission\/#breadcrumb"},"inLanguage":"fr-FR","potentialAction":[{"@type":"ReadAction","target":["https:\/\/interamerica.org\/fr\/2023\/12\/un-programme-organise-a-lechelle-du-continent-africain-met-en-contact-et-motive-les-responsables-de-communication-pour-la-mission\/"]}]},{"@type":"ImageObject","inLanguage":"fr-FR","@id":"https:\/\/interamerica.org\/fr\/2023\/12\/un-programme-organise-a-lechelle-du-continent-africain-met-en-contact-et-motive-les-responsables-de-communication-pour-la-mission\/#primaryimage","url":"https:\/\/interamerica.org\/wp-content\/uploads\/2023\/12\/africa-gain.jpeg","contentUrl":"https:\/\/interamerica.org\/wp-content\/uploads\/2023\/12\/africa-gain.jpeg","width":1000,"height":667,"caption":"The Global Adventist Internet Network (GAiN) Africa Conference opened on December 6 in Johannesburg, South Africa. [Photo: Marcos Paseggi, Adventist Review]"},{"@type":"BreadcrumbList","@id":"https:\/\/interamerica.org\/fr\/2023\/12\/un-programme-organise-a-lechelle-du-continent-africain-met-en-contact-et-motive-les-responsables-de-communication-pour-la-mission\/#breadcrumb","itemListElement":[{"@type":"ListItem","position":1,"name":"Home","item":"https:\/\/interamerica.org\/fr\/"},{"@type":"ListItem","position":2,"name":"Un programme organis\u00e9 \u00e0 l\u2019\u00e9chelle du continent africain met en contact et motive les responsables de communication pour la mission"}]},{"@type":"WebSite","@id":"https:\/\/interamerica.org\/fr\/#website","url":"https:\/\/interamerica.org\/fr\/","name":"\u00c9glise Adventiste Du Septieme Jour - Inter Am\u00e9rique Division","description":"","potentialAction":[{"@type":"SearchAction","target":{"@type":"EntryPoint","urlTemplate":"https:\/\/interamerica.org\/fr\/?s={search_term_string}"},"query-input":{"@type":"PropertyValueSpecification","valueRequired":true,"valueName":"search_term_string"}}],"inLanguage":"fr-FR"},{"@type":"Person","@id":"https:\/\/interamerica.org\/fr\/#\/schema\/person\/29998f2bc2d8bd0d38662909289b54f1","name":"libna","image":{"@type":"ImageObject","inLanguage":"fr-FR","@id":"https:\/\/secure.gravatar.com\/avatar\/7c5bd30ae4b47a9ba3c856590957fd1d96dc588bf3ac05719d247e126840331f?s=96&d=mm&r=g","url":"https:\/\/secure.gravatar.com\/avatar\/7c5bd30ae4b47a9ba3c856590957fd1d96dc588bf3ac05719d247e126840331f?s=96&d=mm&r=g","contentUrl":"https:\/\/secure.gravatar.com\/avatar\/7c5bd30ae4b47a9ba3c856590957fd1d96dc588bf3ac05719d247e126840331f?s=96&d=mm&r=g","caption":"libna"}}]}},"_links":{"self":[{"href":"https:\/\/interamerica.org\/fr\/wp-json\/wp\/v2\/posts\/108031","targetHints":{"allow":["GET"]}}],"collection":[{"href":"https:\/\/interamerica.org\/fr\/wp-json\/wp\/v2\/posts"}],"about":[{"href":"https:\/\/interamerica.org\/fr\/wp-json\/wp\/v2\/types\/post"}],"author":[{"embeddable":true,"href":"https:\/\/interamerica.org\/fr\/wp-json\/wp\/v2\/users\/3"}],"replies":[{"embeddable":true,"href":"https:\/\/interamerica.org\/fr\/wp-json\/wp\/v2\/comments?post=108031"}],"version-history":[{"count":0,"href":"https:\/\/interamerica.org\/fr\/wp-json\/wp\/v2\/posts\/108031\/revisions"}],"wp:featuredmedia":[{"embeddable":true,"href":"https:\/\/interamerica.org\/fr\/wp-json\/wp\/v2\/media\/108004"}],"wp:attachment":[{"href":"https:\/\/interamerica.org\/fr\/wp-json\/wp\/v2\/media?parent=108031"}],"wp:term":[{"taxonomy":"category","embeddable":true,"href":"https:\/\/interamerica.org\/fr\/wp-json\/wp\/v2\/categories?post=108031"},{"taxonomy":"post_tag","embeddable":true,"href":"https:\/\/interamerica.org\/fr\/wp-json\/wp\/v2\/tags?post=108031"}],"curies":[{"name":"wp","href":"https:\/\/api.w.org\/{rel}","templated":true}]}}