{"id":108161,"date":"2023-12-13T13:52:31","date_gmt":"2023-12-13T18:52:31","guid":{"rendered":"https:\/\/interamerica.org\/?p=108161"},"modified":"2023-12-15T09:51:52","modified_gmt":"2023-12-15T14:51:52","slug":"les-christian-record-services-ajoutent-un-espace-de-production-de-materiel-en-braille-a-leurs-bureaux","status":"publish","type":"post","link":"https:\/\/interamerica.org\/fr\/2023\/12\/les-christian-record-services-ajoutent-un-espace-de-production-de-materiel-en-braille-a-leurs-bureaux\/","title":{"rendered":"Les Christian Record Services ajoutent un espace de production de mat\u00e9riel en braille \u00e0 leurs bureaux"},"content":{"rendered":"<h4><b>L\u2019agrandissement prouve l\u2019engagement \u00e0 servir la communaut\u00e9 malvoyante, ont dit les dirigeants.<\/b><\/h4>\n<p><span style=\"font-weight: 400;\">Le 13 d\u00e9cembre 2024 |Lincoln, Nebraska, \u00c9tats-Unis | Christian Record Services<\/span><\/p>\n<p><span style=\"font-weight: 400;\">Les Christian Record Services, Inc. (CRS) sont heureux d\u2019annoncer l\u2019ouverture de leur nouvel espace de bureaux consacr\u00e9 \u00e0 la production de ressources en braille. Cet agrandissement marque un engagement consid\u00e9rable \u00e0 servir la communaut\u00e9 malvoyante du monde entier et \u00e0 am\u00e9liorer l\u2019acc\u00e8s \u00e0 la litt\u00e9rature en braille pour tous.<\/span><\/p>\n<p><span style=\"font-weight: 400;\">Les CRS ont c\u00e9l\u00e9br\u00e9 l\u2019ouverture lors d\u2019une c\u00e9r\u00e9monie inaugurale tenue apr\u00e8s une r\u00e9cente r\u00e9union du conseil d\u2019administration. Les membres du conseil ont alors eu l\u2019occasion de visiter le nouvel ajout, et G. Alexander Bryant, pr\u00e9sident du conseil et de la Division nord-am\u00e9ricaine des adventistes du septi\u00e8me jour (DNA), a eu l\u2019honneur de couper le ruban. \u00ab\u00a0Nous sommes si reconnaissants envers Dieu pour le projet d\u2019agrandissement des Christian Record Services et pour l\u2019impact exponentiel qu\u2019il aura dans la propagation de l\u2019\u00c9vangile de J\u00e9sus-Christ, a dit le pasteur Bryant. Je crois que bien d\u2019autres \u00e2mes s\u2019ajouteront au royaume gr\u00e2ce au travail qui se fera ici.\u00a0\u00bb<\/span><\/p>\n<img fetchpriority=\"high\" decoding=\"async\" class=\"aligncenter wp-image-108042\" src=\"https:\/\/interamerica.org\/wp-content\/uploads\/2023\/12\/christian-records-screenshot-2023-12-06-at-101114pm-1024x683.png\" alt=\"\" width=\"882\" height=\"588\" srcset=\"https:\/\/interamerica.org\/wp-content\/uploads\/2023\/12\/christian-records-screenshot-2023-12-06-at-101114pm-1024x683.png 1024w, https:\/\/interamerica.org\/wp-content\/uploads\/2023\/12\/christian-records-screenshot-2023-12-06-at-101114pm-300x200.png 300w, https:\/\/interamerica.org\/wp-content\/uploads\/2023\/12\/christian-records-screenshot-2023-12-06-at-101114pm-768x513.png 768w, https:\/\/interamerica.org\/wp-content\/uploads\/2023\/12\/christian-records-screenshot-2023-12-06-at-101114pm-1536x1025.png 1536w, https:\/\/interamerica.org\/wp-content\/uploads\/2023\/12\/christian-records-screenshot-2023-12-06-at-101114pm.png 1708w\" sizes=\"(max-width: 882px) 100vw, 882px\" \/>\n<p><span style=\"font-weight: 400;\">Plus t\u00f4t en 2023, les CRS ont re\u00e7u 597\u00a0000\u00a0dollars am\u00e9ricains de la Conf\u00e9rence g\u00e9n\u00e9rale des adventistes du septi\u00e8me jour afin d\u2019augmenter leur capacit\u00e9 de production de mat\u00e9riel en braille. Bien que le minist\u00e8re avait d\u00e9j\u00e0 une certaine capacit\u00e9 pour r\u00e9pondre aux demandes provenant des \u00c9tats-Unis et de ses territoires, d\u2019autres demandes du monde entier ont entra\u00een\u00e9 la n\u00e9cessit\u00e9 d\u2019augmenter la capacit\u00e9 de production.<\/span><\/p>\n<p><span style=\"font-weight: 400;\">\u00ab\u00a0Nous \u00e9tions infiniment reconnaissants de recevoir cet argent et nous sommes enthousiastes quant \u00e0 cette occasion d\u2019augmenter notre production, a dit Diane Thurber, pr\u00e9sidente des CRS. Avec cet agrandissement, nous contribuerons \u00e0 l\u2019alphab\u00e9tisation en braille et r\u00e9duirons le manque flagrant de livres qui existe actuellement, car moins de 10\u00a0% des livres publi\u00e9s sont disponibles en formats accessibles dans les pays d\u00e9velopp\u00e9s, pourcentage qui chute \u00e0 moins de 1\u00a0% dans les pays sous-d\u00e9velopp\u00e9s.\u00a0\u00bb<\/span><\/p>\n<p><span style=\"font-weight: 400;\">Le nouvel espace de bureaux est \u00e9quip\u00e9 d\u2019une technologie con\u00e7ue pour rendre le processus de production de mat\u00e9riel en braille plus efficace. Des gaufreuses rapides aux logiciels sp\u00e9cialis\u00e9s pour transcrire du texte \u00e9crit en braille en passant par un espace de travail pour assembler les livres en braille, chaque d\u00e9tail a \u00e9t\u00e9 consid\u00e9r\u00e9 pour assurer l\u2019efficacit\u00e9 et la pr\u00e9cision.\u00a0<\/span><\/p>\n<p><span style=\"font-weight: 400;\">Avec ce nouvel espace de production ouvert et fonctionnel, les CRS sont pr\u00eats \u00e0 entamer un nouveau chapitre de service et d\u2019impact. L\u2019organisation esp\u00e8re que cette expansion ne r\u00e9pondra pas seulement aux besoins imm\u00e9diats de la communaut\u00e9 malvoyante, mais qu\u2019elle inspirera aussi d\u2019autres \u00e9tablissements \u00e0 prioriser l\u2019accessibilit\u00e9 de leurs efforts d\u2019\u00e9vang\u00e9lisation.<\/span><\/p>\n<p><span style=\"font-weight: 400;\">Les Christian Record Services sont un minist\u00e8re officiel de l\u2019\u00c9glise adventiste du septi\u00e8me jour sur le territoire de la DNA. Sa mission consiste \u00e0 permettre aux personnes aveugles d\u2019int\u00e9resser leurs communaut\u00e9s \u00e0 la bienheureuse esp\u00e9rance. Bas\u00e9s \u00e0 Lincoln, dans l\u2019\u00c9tat am\u00e9ricain du Nebraska, les CRS servent pr\u00e8s de 18\u00a0000\u00a0membres aux \u00c9tats-Unis et ailleurs dans le monde, dont environ 9\u00a0000\u00a0sont \u00e0 l\u2019ext\u00e9rieur du territoire de la DNA. L\u2019adh\u00e9sion et les services sont gratuits pour toutes les personnes aveugles. \u00c0 l\u2019ext\u00e9rieur des \u00c9tats-Unis et de ses territoires, les CRS collaborent avec les dirigeants de division, les Minist\u00e8res adventistes des possibilit\u00e9s et les f\u00e9d\u00e9rations du Canada par des ententes de services sign\u00e9es.<\/span><\/p>\n<p><span style=\"font-weight: 400;\">La <\/span><a href=\"https:\/\/www.nadadventist.org\/news\/christian-record-services-expands-offices-opening-braille-production-suite\"><span style=\"font-weight: 400;\">version originale<\/span><\/a><span style=\"font-weight: 400;\"> de cet article a \u00e9t\u00e9 publi\u00e9e sur le <\/span><a href=\"https:\/\/www.nadadventist.org\/\"><span style=\"font-weight: 400;\">site des actualit\u00e9s<\/span><\/a><span style=\"font-weight: 400;\"> de la Division nord-am\u00e9ricaine.<\/span><\/p>\n<p><span style=\"font-weight: 400;\">Traduction : Marie-Mich\u00e8le Robitaille<\/span><\/p>\n","protected":false},"excerpt":{"rendered":"<p>L\u2019agrandissement prouve l\u2019engagement \u00e0 servir la communaut\u00e9 malvoyante, ont dit les dirigeants. Le 13 d\u00e9cembre 2024 |Lincoln, Nebraska, \u00c9tats-Unis | Christian Record Services Les Christian Record Services, Inc. (CRS) sont&#8230;<\/p>\n","protected":false},"author":3,"featured_media":108043,"comment_status":"closed","ping_status":"closed","sticky":false,"template":"","format":"standard","meta":{"_acf_changed":false,"footnotes":""},"categories":[18,19],"tags":[],"class_list":["post-108161","post","type-post","status-publish","format-standard","has-post-thumbnail","hentry","category-nouvelles-de-leglise-mondiale","category-rss-francais"],"acf":[],"yoast_head":"<!-- This site is optimized with the Yoast SEO plugin v27.3 - https:\/\/yoast.com\/product\/yoast-seo-wordpress\/ -->\n<title>Les Christian Record Services ajoutent un espace de production de mat\u00e9riel en braille \u00e0 leurs bureaux - \u00c9glise Adventiste Du Septieme Jour - Inter Am\u00e9rique Division<\/title>\n<meta name=\"robots\" content=\"index, follow, max-snippet:-1, max-image-preview:large, max-video-preview:-1\" \/>\n<link rel=\"canonical\" href=\"https:\/\/interamerica.org\/fr\/2023\/12\/les-christian-record-services-ajoutent-un-espace-de-production-de-materiel-en-braille-a-leurs-bureaux\/\" \/>\n<meta property=\"og:locale\" content=\"fr_FR\" \/>\n<meta property=\"og:type\" content=\"article\" \/>\n<meta property=\"og:title\" content=\"Les Christian Record Services ajoutent un espace de production de mat\u00e9riel en braille \u00e0 leurs bureaux - \u00c9glise Adventiste Du Septieme Jour - Inter Am\u00e9rique Division\" \/>\n<meta property=\"og:description\" content=\"L\u2019agrandissement prouve l\u2019engagement \u00e0 servir la communaut\u00e9 malvoyante, ont dit les dirigeants. Le 13 d\u00e9cembre 2024 |Lincoln, Nebraska, \u00c9tats-Unis | Christian Record Services Les Christian Record Services, Inc. (CRS) sont...\" \/>\n<meta property=\"og:url\" content=\"https:\/\/interamerica.org\/fr\/2023\/12\/les-christian-record-services-ajoutent-un-espace-de-production-de-materiel-en-braille-a-leurs-bureaux\/\" \/>\n<meta property=\"og:site_name\" content=\"\u00c9glise Adventiste Du Septieme Jour - Inter Am\u00e9rique Division\" \/>\n<meta property=\"article:published_time\" content=\"2023-12-13T18:52:31+00:00\" \/>\n<meta property=\"article:modified_time\" content=\"2023-12-15T14:51:52+00:00\" \/>\n<meta property=\"og:image\" content=\"https:\/\/interamerica.org\/wp-content\/uploads\/2023\/12\/christian-records-screenshot-2023-12-06-at-101114pm-1024x683.png\" \/>\n\t<meta property=\"og:image:width\" content=\"1024\" \/>\n\t<meta property=\"og:image:height\" content=\"683\" \/>\n\t<meta property=\"og:image:type\" content=\"image\/png\" \/>\n<meta name=\"author\" content=\"libna\" \/>\n<meta name=\"twitter:card\" content=\"summary_large_image\" \/>\n<meta name=\"twitter:label1\" content=\"\u00c9crit par\" \/>\n\t<meta name=\"twitter:data1\" content=\"libna\" \/>\n\t<meta name=\"twitter:label2\" content=\"Dur\u00e9e de lecture estim\u00e9e\" \/>\n\t<meta name=\"twitter:data2\" content=\"3 minutes\" \/>\n<script type=\"application\/ld+json\" class=\"yoast-schema-graph\">{\"@context\":\"https:\\\/\\\/schema.org\",\"@graph\":[{\"@type\":\"Article\",\"@id\":\"https:\\\/\\\/interamerica.org\\\/fr\\\/2023\\\/12\\\/les-christian-record-services-ajoutent-un-espace-de-production-de-materiel-en-braille-a-leurs-bureaux\\\/#article\",\"isPartOf\":{\"@id\":\"https:\\\/\\\/interamerica.org\\\/fr\\\/2023\\\/12\\\/les-christian-record-services-ajoutent-un-espace-de-production-de-materiel-en-braille-a-leurs-bureaux\\\/\"},\"author\":{\"name\":\"libna\",\"@id\":\"https:\\\/\\\/interamerica.org\\\/fr\\\/#\\\/schema\\\/person\\\/29998f2bc2d8bd0d38662909289b54f1\"},\"headline\":\"Les Christian Record Services ajoutent un espace de production de mat\u00e9riel en braille \u00e0 leurs bureaux\",\"datePublished\":\"2023-12-13T18:52:31+00:00\",\"dateModified\":\"2023-12-15T14:51:52+00:00\",\"mainEntityOfPage\":{\"@id\":\"https:\\\/\\\/interamerica.org\\\/fr\\\/2023\\\/12\\\/les-christian-record-services-ajoutent-un-espace-de-production-de-materiel-en-braille-a-leurs-bureaux\\\/\"},\"wordCount\":650,\"image\":{\"@id\":\"https:\\\/\\\/interamerica.org\\\/fr\\\/2023\\\/12\\\/les-christian-record-services-ajoutent-un-espace-de-production-de-materiel-en-braille-a-leurs-bureaux\\\/#primaryimage\"},\"thumbnailUrl\":\"https:\\\/\\\/interamerica.org\\\/wp-content\\\/uploads\\\/2023\\\/12\\\/christian-records-screenshot-2023-12-06-at-101114pm.png\",\"articleSection\":[\"Nouvelles de l'\u00c9glise mondiale\",\"RSS Fran\u00e7ais\"],\"inLanguage\":\"fr-FR\"},{\"@type\":\"WebPage\",\"@id\":\"https:\\\/\\\/interamerica.org\\\/fr\\\/2023\\\/12\\\/les-christian-record-services-ajoutent-un-espace-de-production-de-materiel-en-braille-a-leurs-bureaux\\\/\",\"url\":\"https:\\\/\\\/interamerica.org\\\/fr\\\/2023\\\/12\\\/les-christian-record-services-ajoutent-un-espace-de-production-de-materiel-en-braille-a-leurs-bureaux\\\/\",\"name\":\"Les Christian Record Services ajoutent un espace de production de mat\u00e9riel en braille \u00e0 leurs bureaux - \u00c9glise Adventiste Du Septieme Jour - Inter Am\u00e9rique Division\",\"isPartOf\":{\"@id\":\"https:\\\/\\\/interamerica.org\\\/fr\\\/#website\"},\"primaryImageOfPage\":{\"@id\":\"https:\\\/\\\/interamerica.org\\\/fr\\\/2023\\\/12\\\/les-christian-record-services-ajoutent-un-espace-de-production-de-materiel-en-braille-a-leurs-bureaux\\\/#primaryimage\"},\"image\":{\"@id\":\"https:\\\/\\\/interamerica.org\\\/fr\\\/2023\\\/12\\\/les-christian-record-services-ajoutent-un-espace-de-production-de-materiel-en-braille-a-leurs-bureaux\\\/#primaryimage\"},\"thumbnailUrl\":\"https:\\\/\\\/interamerica.org\\\/wp-content\\\/uploads\\\/2023\\\/12\\\/christian-records-screenshot-2023-12-06-at-101114pm.png\",\"datePublished\":\"2023-12-13T18:52:31+00:00\",\"dateModified\":\"2023-12-15T14:51:52+00:00\",\"author\":{\"@id\":\"https:\\\/\\\/interamerica.org\\\/fr\\\/#\\\/schema\\\/person\\\/29998f2bc2d8bd0d38662909289b54f1\"},\"breadcrumb\":{\"@id\":\"https:\\\/\\\/interamerica.org\\\/fr\\\/2023\\\/12\\\/les-christian-record-services-ajoutent-un-espace-de-production-de-materiel-en-braille-a-leurs-bureaux\\\/#breadcrumb\"},\"inLanguage\":\"fr-FR\",\"potentialAction\":[{\"@type\":\"ReadAction\",\"target\":[\"https:\\\/\\\/interamerica.org\\\/fr\\\/2023\\\/12\\\/les-christian-record-services-ajoutent-un-espace-de-production-de-materiel-en-braille-a-leurs-bureaux\\\/\"]}]},{\"@type\":\"ImageObject\",\"inLanguage\":\"fr-FR\",\"@id\":\"https:\\\/\\\/interamerica.org\\\/fr\\\/2023\\\/12\\\/les-christian-record-services-ajoutent-un-espace-de-production-de-materiel-en-braille-a-leurs-bureaux\\\/#primaryimage\",\"url\":\"https:\\\/\\\/interamerica.org\\\/wp-content\\\/uploads\\\/2023\\\/12\\\/christian-records-screenshot-2023-12-06-at-101114pm.png\",\"contentUrl\":\"https:\\\/\\\/interamerica.org\\\/wp-content\\\/uploads\\\/2023\\\/12\\\/christian-records-screenshot-2023-12-06-at-101114pm.png\",\"width\":1708,\"height\":1140},{\"@type\":\"BreadcrumbList\",\"@id\":\"https:\\\/\\\/interamerica.org\\\/fr\\\/2023\\\/12\\\/les-christian-record-services-ajoutent-un-espace-de-production-de-materiel-en-braille-a-leurs-bureaux\\\/#breadcrumb\",\"itemListElement\":[{\"@type\":\"ListItem\",\"position\":1,\"name\":\"Home\",\"item\":\"https:\\\/\\\/interamerica.org\\\/fr\\\/\"},{\"@type\":\"ListItem\",\"position\":2,\"name\":\"Les Christian Record Services ajoutent un espace de production de mat\u00e9riel en braille \u00e0 leurs bureaux\"}]},{\"@type\":\"WebSite\",\"@id\":\"https:\\\/\\\/interamerica.org\\\/fr\\\/#website\",\"url\":\"https:\\\/\\\/interamerica.org\\\/fr\\\/\",\"name\":\"\u00c9glise Adventiste Du Septieme Jour - Inter Am\u00e9rique Division\",\"description\":\"\",\"potentialAction\":[{\"@type\":\"SearchAction\",\"target\":{\"@type\":\"EntryPoint\",\"urlTemplate\":\"https:\\\/\\\/interamerica.org\\\/fr\\\/?s={search_term_string}\"},\"query-input\":{\"@type\":\"PropertyValueSpecification\",\"valueRequired\":true,\"valueName\":\"search_term_string\"}}],\"inLanguage\":\"fr-FR\"},{\"@type\":\"Person\",\"@id\":\"https:\\\/\\\/interamerica.org\\\/fr\\\/#\\\/schema\\\/person\\\/29998f2bc2d8bd0d38662909289b54f1\",\"name\":\"libna\",\"image\":{\"@type\":\"ImageObject\",\"inLanguage\":\"fr-FR\",\"@id\":\"https:\\\/\\\/secure.gravatar.com\\\/avatar\\\/7c5bd30ae4b47a9ba3c856590957fd1d96dc588bf3ac05719d247e126840331f?s=96&d=mm&r=g\",\"url\":\"https:\\\/\\\/secure.gravatar.com\\\/avatar\\\/7c5bd30ae4b47a9ba3c856590957fd1d96dc588bf3ac05719d247e126840331f?s=96&d=mm&r=g\",\"contentUrl\":\"https:\\\/\\\/secure.gravatar.com\\\/avatar\\\/7c5bd30ae4b47a9ba3c856590957fd1d96dc588bf3ac05719d247e126840331f?s=96&d=mm&r=g\",\"caption\":\"libna\"}}]}<\/script>\n<!-- \/ Yoast SEO plugin. -->","yoast_head_json":{"title":"Les Christian Record Services ajoutent un espace de production de mat\u00e9riel en braille \u00e0 leurs bureaux - \u00c9glise Adventiste Du Septieme Jour - Inter Am\u00e9rique Division","robots":{"index":"index","follow":"follow","max-snippet":"max-snippet:-1","max-image-preview":"max-image-preview:large","max-video-preview":"max-video-preview:-1"},"canonical":"https:\/\/interamerica.org\/fr\/2023\/12\/les-christian-record-services-ajoutent-un-espace-de-production-de-materiel-en-braille-a-leurs-bureaux\/","og_locale":"fr_FR","og_type":"article","og_title":"Les Christian Record Services ajoutent un espace de production de mat\u00e9riel en braille \u00e0 leurs bureaux - \u00c9glise Adventiste Du Septieme Jour - Inter Am\u00e9rique Division","og_description":"L\u2019agrandissement prouve l\u2019engagement \u00e0 servir la communaut\u00e9 malvoyante, ont dit les dirigeants. Le 13 d\u00e9cembre 2024 |Lincoln, Nebraska, \u00c9tats-Unis | Christian Record Services Les Christian Record Services, Inc. (CRS) sont...","og_url":"https:\/\/interamerica.org\/fr\/2023\/12\/les-christian-record-services-ajoutent-un-espace-de-production-de-materiel-en-braille-a-leurs-bureaux\/","og_site_name":"\u00c9glise Adventiste Du Septieme Jour - Inter Am\u00e9rique Division","article_published_time":"2023-12-13T18:52:31+00:00","article_modified_time":"2023-12-15T14:51:52+00:00","og_image":[{"width":1024,"height":683,"url":"https:\/\/interamerica.org\/wp-content\/uploads\/2023\/12\/christian-records-screenshot-2023-12-06-at-101114pm-1024x683.png","type":"image\/png"}],"author":"libna","twitter_card":"summary_large_image","twitter_misc":{"\u00c9crit par":"libna","Dur\u00e9e de lecture estim\u00e9e":"3 minutes"},"schema":{"@context":"https:\/\/schema.org","@graph":[{"@type":"Article","@id":"https:\/\/interamerica.org\/fr\/2023\/12\/les-christian-record-services-ajoutent-un-espace-de-production-de-materiel-en-braille-a-leurs-bureaux\/#article","isPartOf":{"@id":"https:\/\/interamerica.org\/fr\/2023\/12\/les-christian-record-services-ajoutent-un-espace-de-production-de-materiel-en-braille-a-leurs-bureaux\/"},"author":{"name":"libna","@id":"https:\/\/interamerica.org\/fr\/#\/schema\/person\/29998f2bc2d8bd0d38662909289b54f1"},"headline":"Les Christian Record Services ajoutent un espace de production de mat\u00e9riel en braille \u00e0 leurs bureaux","datePublished":"2023-12-13T18:52:31+00:00","dateModified":"2023-12-15T14:51:52+00:00","mainEntityOfPage":{"@id":"https:\/\/interamerica.org\/fr\/2023\/12\/les-christian-record-services-ajoutent-un-espace-de-production-de-materiel-en-braille-a-leurs-bureaux\/"},"wordCount":650,"image":{"@id":"https:\/\/interamerica.org\/fr\/2023\/12\/les-christian-record-services-ajoutent-un-espace-de-production-de-materiel-en-braille-a-leurs-bureaux\/#primaryimage"},"thumbnailUrl":"https:\/\/interamerica.org\/wp-content\/uploads\/2023\/12\/christian-records-screenshot-2023-12-06-at-101114pm.png","articleSection":["Nouvelles de l'\u00c9glise mondiale","RSS Fran\u00e7ais"],"inLanguage":"fr-FR"},{"@type":"WebPage","@id":"https:\/\/interamerica.org\/fr\/2023\/12\/les-christian-record-services-ajoutent-un-espace-de-production-de-materiel-en-braille-a-leurs-bureaux\/","url":"https:\/\/interamerica.org\/fr\/2023\/12\/les-christian-record-services-ajoutent-un-espace-de-production-de-materiel-en-braille-a-leurs-bureaux\/","name":"Les Christian Record Services ajoutent un espace de production de mat\u00e9riel en braille \u00e0 leurs bureaux - \u00c9glise Adventiste Du Septieme Jour - Inter Am\u00e9rique Division","isPartOf":{"@id":"https:\/\/interamerica.org\/fr\/#website"},"primaryImageOfPage":{"@id":"https:\/\/interamerica.org\/fr\/2023\/12\/les-christian-record-services-ajoutent-un-espace-de-production-de-materiel-en-braille-a-leurs-bureaux\/#primaryimage"},"image":{"@id":"https:\/\/interamerica.org\/fr\/2023\/12\/les-christian-record-services-ajoutent-un-espace-de-production-de-materiel-en-braille-a-leurs-bureaux\/#primaryimage"},"thumbnailUrl":"https:\/\/interamerica.org\/wp-content\/uploads\/2023\/12\/christian-records-screenshot-2023-12-06-at-101114pm.png","datePublished":"2023-12-13T18:52:31+00:00","dateModified":"2023-12-15T14:51:52+00:00","author":{"@id":"https:\/\/interamerica.org\/fr\/#\/schema\/person\/29998f2bc2d8bd0d38662909289b54f1"},"breadcrumb":{"@id":"https:\/\/interamerica.org\/fr\/2023\/12\/les-christian-record-services-ajoutent-un-espace-de-production-de-materiel-en-braille-a-leurs-bureaux\/#breadcrumb"},"inLanguage":"fr-FR","potentialAction":[{"@type":"ReadAction","target":["https:\/\/interamerica.org\/fr\/2023\/12\/les-christian-record-services-ajoutent-un-espace-de-production-de-materiel-en-braille-a-leurs-bureaux\/"]}]},{"@type":"ImageObject","inLanguage":"fr-FR","@id":"https:\/\/interamerica.org\/fr\/2023\/12\/les-christian-record-services-ajoutent-un-espace-de-production-de-materiel-en-braille-a-leurs-bureaux\/#primaryimage","url":"https:\/\/interamerica.org\/wp-content\/uploads\/2023\/12\/christian-records-screenshot-2023-12-06-at-101114pm.png","contentUrl":"https:\/\/interamerica.org\/wp-content\/uploads\/2023\/12\/christian-records-screenshot-2023-12-06-at-101114pm.png","width":1708,"height":1140},{"@type":"BreadcrumbList","@id":"https:\/\/interamerica.org\/fr\/2023\/12\/les-christian-record-services-ajoutent-un-espace-de-production-de-materiel-en-braille-a-leurs-bureaux\/#breadcrumb","itemListElement":[{"@type":"ListItem","position":1,"name":"Home","item":"https:\/\/interamerica.org\/fr\/"},{"@type":"ListItem","position":2,"name":"Les Christian Record Services ajoutent un espace de production de mat\u00e9riel en braille \u00e0 leurs bureaux"}]},{"@type":"WebSite","@id":"https:\/\/interamerica.org\/fr\/#website","url":"https:\/\/interamerica.org\/fr\/","name":"\u00c9glise Adventiste Du Septieme Jour - Inter Am\u00e9rique Division","description":"","potentialAction":[{"@type":"SearchAction","target":{"@type":"EntryPoint","urlTemplate":"https:\/\/interamerica.org\/fr\/?s={search_term_string}"},"query-input":{"@type":"PropertyValueSpecification","valueRequired":true,"valueName":"search_term_string"}}],"inLanguage":"fr-FR"},{"@type":"Person","@id":"https:\/\/interamerica.org\/fr\/#\/schema\/person\/29998f2bc2d8bd0d38662909289b54f1","name":"libna","image":{"@type":"ImageObject","inLanguage":"fr-FR","@id":"https:\/\/secure.gravatar.com\/avatar\/7c5bd30ae4b47a9ba3c856590957fd1d96dc588bf3ac05719d247e126840331f?s=96&d=mm&r=g","url":"https:\/\/secure.gravatar.com\/avatar\/7c5bd30ae4b47a9ba3c856590957fd1d96dc588bf3ac05719d247e126840331f?s=96&d=mm&r=g","contentUrl":"https:\/\/secure.gravatar.com\/avatar\/7c5bd30ae4b47a9ba3c856590957fd1d96dc588bf3ac05719d247e126840331f?s=96&d=mm&r=g","caption":"libna"}}]}},"_links":{"self":[{"href":"https:\/\/interamerica.org\/fr\/wp-json\/wp\/v2\/posts\/108161","targetHints":{"allow":["GET"]}}],"collection":[{"href":"https:\/\/interamerica.org\/fr\/wp-json\/wp\/v2\/posts"}],"about":[{"href":"https:\/\/interamerica.org\/fr\/wp-json\/wp\/v2\/types\/post"}],"author":[{"embeddable":true,"href":"https:\/\/interamerica.org\/fr\/wp-json\/wp\/v2\/users\/3"}],"replies":[{"embeddable":true,"href":"https:\/\/interamerica.org\/fr\/wp-json\/wp\/v2\/comments?post=108161"}],"version-history":[{"count":0,"href":"https:\/\/interamerica.org\/fr\/wp-json\/wp\/v2\/posts\/108161\/revisions"}],"wp:featuredmedia":[{"embeddable":true,"href":"https:\/\/interamerica.org\/fr\/wp-json\/wp\/v2\/media\/108043"}],"wp:attachment":[{"href":"https:\/\/interamerica.org\/fr\/wp-json\/wp\/v2\/media?parent=108161"}],"wp:term":[{"taxonomy":"category","embeddable":true,"href":"https:\/\/interamerica.org\/fr\/wp-json\/wp\/v2\/categories?post=108161"},{"taxonomy":"post_tag","embeddable":true,"href":"https:\/\/interamerica.org\/fr\/wp-json\/wp\/v2\/tags?post=108161"}],"curies":[{"name":"wp","href":"https:\/\/api.w.org\/{rel}","templated":true}]}}