{"id":108568,"date":"2024-01-03T16:14:52","date_gmt":"2024-01-03T21:14:52","guid":{"rendered":"https:\/\/interamerica.org\/?p=108568"},"modified":"2024-01-03T21:13:44","modified_gmt":"2024-01-04T02:13:44","slug":"heather-dawn-small-responsable-du-ministere-des-femmes-pour-leglise-adventiste-est-decedee-a-lage-de-66-ans","status":"publish","type":"post","link":"https:\/\/interamerica.org\/fr\/2024\/01\/heather-dawn-small-responsable-du-ministere-des-femmes-pour-leglise-adventiste-est-decedee-a-lage-de-66-ans\/","title":{"rendered":"Heather-Dawn Small, responsable du minist\u00e8re des femmes pour l\u2019\u00c9glise adventiste, est d\u00e9c\u00e9d\u00e9e \u00e0 l\u2019\u00e2ge de 66 ans"},"content":{"rendered":"<div id=\"attachment_108520\" style=\"width: 904px\" class=\"wp-caption aligncenter\"><img fetchpriority=\"high\" decoding=\"async\" aria-describedby=\"caption-attachment-108520\" class=\" wp-image-108519\" src=\"https:\/\/interamerica.org\/wp-content\/uploads\/2024\/01\/heather-dawn-small-obituntitled-1-2-1024x512.png\" alt=\"\" width=\"894\" height=\"447\" srcset=\"https:\/\/interamerica.org\/wp-content\/uploads\/2024\/01\/heather-dawn-small-obituntitled-1-2-1024x512.png 1024w, https:\/\/interamerica.org\/wp-content\/uploads\/2024\/01\/heather-dawn-small-obituntitled-1-2-300x150.png 300w, https:\/\/interamerica.org\/wp-content\/uploads\/2024\/01\/heather-dawn-small-obituntitled-1-2-768x384.png 768w, https:\/\/interamerica.org\/wp-content\/uploads\/2024\/01\/heather-dawn-small-obituntitled-1-2.png 1500w\" sizes=\"(max-width: 894px) 100vw, 894px\" \/><p id=\"caption-attachment-108520\" class=\"wp-caption-text\">Heather-Dawn Small, directrice du minist\u00e8re des femmes \u00e0 la Conf\u00e9rence G\u00e9n\u00e9rale pendant 18 ans, est d\u00e9c\u00e9d\u00e9e le 2 janvier des suites d\u2019un cancer. Elle avait 66 ans. [Photo : Conf\u00e9rence G\u00e9n\u00e9rale des adventistes du septi\u00e8me jour]<\/p><\/div>\n<h4>Pendant 18 ans, elle a \u00e9t\u00e9 la principale voix des femmes adventistes du septi\u00e8me jour \u00e0 travers le monde.<\/h4>\n<p>3 Janvier 2024 | Silver Spring, Maryland, \u00c9tats-Unis | Marcos Paseggi, Adventist Review<\/p>\n<p>Heather-Dawn Small, une responsable adventiste du septi\u00e8me jour et militante de longue date de la cause des femmes, est d\u00e9c\u00e9d\u00e9e le 2 janvier des suites d\u2019un cancer. Elle avait 66 ans.<\/p>\n<p>En apprenant son d\u00e9c\u00e8s, le pr\u00e9sident de la Conf\u00e9rence G\u00e9n\u00e9rale, Ted N. C. Wilson, a mis en relief sa vie de service et sa contribution \u00e0 l\u2019\u00c9glise adventiste mondiale. \u00ab Heather-Dawn a servi avec diligence l\u2019\u00c9glise adventiste mondiale en tant que directrice du minist\u00e8re des femmes pendant de nombreuses ann\u00e9es, \u00bb a \u00e9crit Ted Wilson sur ses comptes de r\u00e9seaux sociaux. \u00ab Elle soutenait l\u2019id\u00e9e d\u2019aider les femmes \u00e0 s\u2019impliquer dans l\u2019\u00e9vang\u00e9lisation et \u00e0 aider l\u2019\u00c9glise dans ses activit\u00e9s missionnaires et communautaires. Heather-Dawn \u00e9tait tr\u00e8s d\u00e9termin\u00e9e, sous la direction du Seigneur, \u00e0 faire une diff\u00e9rence dans la vie de l\u2019\u00c9glise adventiste du septi\u00e8me jour au niveau mondial en utilisant les talents et le d\u00e9vouement des femmes de l\u2019\u00c9glise.<\/p>\n<p><div id=\"attachment_108523\" style=\"width: 809px\" class=\"wp-caption aligncenter\"><img decoding=\"async\" aria-describedby=\"caption-attachment-108523\" class=\" wp-image-108522\" src=\"https:\/\/interamerica.org\/wp-content\/uploads\/2024\/01\/hdawn-1img-20240103-wa0011.jpeg\" alt=\"\" width=\"799\" height=\"599\" srcset=\"https:\/\/interamerica.org\/wp-content\/uploads\/2024\/01\/hdawn-1img-20240103-wa0011.jpeg 736w, https:\/\/interamerica.org\/wp-content\/uploads\/2024\/01\/hdawn-1img-20240103-wa0011-300x225.jpeg 300w\" sizes=\"(max-width: 799px) 100vw, 799px\" \/><p id=\"caption-attachment-108523\" class=\"wp-caption-text\">Heather-Dawn Small (\u00e0 gauche) avec Dinorah Rivera (deuxi\u00e8me \u00e0 partir de la gauche) et d\u2019autres responsables du minist\u00e8re des femmes \u00e0 Punta Cana, en R\u00e9publique Dominicaine, en 2019, lors d\u2019un congr\u00e8s du minist\u00e8re des femmes organis\u00e9 par l\u2019Union Carib\u00e9enne. [Photo : avec l\u2019aimable autorisation de Dinorah Rivera]<\/p><\/div>Dans une d\u00e9claration \u00e0 ANN, Audrey Andersson, vice-pr\u00e9sidente g\u00e9n\u00e9rale de la Conf\u00e9rence G\u00e9n\u00e9rale supervisant le minist\u00e8re des femmes, a \u00e9galement \u00e9crit que Heather-Dawn Small \u00ab a contribu\u00e9 \u00e0 fa\u00e7onner le minist\u00e8re des femmes au cours des 18 derni\u00e8res ann\u00e9es, \u00bb ajoutant : \u00ab Elle \u00e9tait une s\u0153ur, un mentor, une amie pour beaucoup de personnes \u00e0 travers le monde et elle laisse un h\u00e9ritage de service qui continuera d\u2019avoir une influence positive sur chaque personne qu\u2019elle a rencontr\u00e9e. \u00bb<\/p>\n<p><strong>Une vie de service et de d\u00e9fense de la cause<\/strong><\/p>\n<p>Pendant plusieurs d\u00e9cennies, Heather-Dawn Small a servi l\u2019\u00c9glise adventiste dans diverses fonctions. Elle a servi \u00e0 Trinidad-et-Tobago en tant qu\u2019assistante du pr\u00e9sident de l\u2019Universit\u00e9 du Sud de la Cara\u00efbe et comme responsable du minist\u00e8re de l\u2019enfance, puis comme directrice du minist\u00e8re des femmes de l\u2019Union de F\u00e9d\u00e9rations de la Cara\u00efbe.<\/p>\n<p>Heather-Dawn Small est devenue directrice adjointe du minist\u00e8re des femmes \u00e0 la Conf\u00e9rence G\u00e9n\u00e9rale en 2001 et a \u00e9t\u00e9 \u00e9lue directrice en 2005 apr\u00e8s le d\u00e9part \u00e0 la retraite d\u2019Ardis Stenbakken. Heather-Dawn Small a ensuite \u00e9t\u00e9 r\u00e9\u00e9lue \u00e0 ce poste lors des sessions de la Conf\u00e9rence G\u00e9n\u00e9rale en 2010, 2015 et 2022.<\/p>\n<p><div id=\"attachment_108526\" style=\"width: 800px\" class=\"wp-caption aligncenter\"><img decoding=\"async\" aria-describedby=\"caption-attachment-108526\" class=\" wp-image-108525\" src=\"https:\/\/interamerica.org\/wp-content\/uploads\/2024\/01\/healther-s-3img-20240103-wa0005.jpeg\" alt=\"\" width=\"790\" height=\"659\" srcset=\"https:\/\/interamerica.org\/wp-content\/uploads\/2024\/01\/healther-s-3img-20240103-wa0005.jpeg 877w, https:\/\/interamerica.org\/wp-content\/uploads\/2024\/01\/healther-s-3img-20240103-wa0005-300x250.jpeg 300w, https:\/\/interamerica.org\/wp-content\/uploads\/2024\/01\/healther-s-3img-20240103-wa0005-768x641.jpeg 768w\" sizes=\"(max-width: 790px) 100vw, 790px\" \/><p id=\"caption-attachment-108526\" class=\"wp-caption-text\">Edith Ruiz Espinoza (\u00e0 gauche), directrice du minist\u00e8re des femmes de la Division Inter Am\u00e9ricaine (\u00e0 gauche), avec Heather-Dawn Small lors d\u2019un voyage pour un programme du minist\u00e8re des femmes au Guatemala fin octobre 2023. [Photo : avec l\u2019aimable autorisation d\u2019Edith Ruiz Espinoza]<\/p><\/div>Au cours de son mandat, Heather-Dawn Small a d\u00e9velopp\u00e9 et form\u00e9 une g\u00e9n\u00e9ration de femmes d\u00e9termin\u00e9es \u00e0 servir Dieu et les autres et engag\u00e9es dans la mission de l\u2019\u00c9glise, ont d\u00e9clar\u00e9 plusieurs dirigeants adventistes. Elle a \u00e9galement soutenu les efforts visant \u00e0 d\u00e9fendre la cause des femmes \u00e0 travers la campagne enditnow\u00ae de l\u2019Agence Adventiste de D\u00e9veloppement et de Secours (ADRA), une initiative visant \u00e0 mobiliser les membres pour qu\u2019ils s\u2019informent et d\u00e9noncent la maltraitance et la violence.<\/p>\n<p>Heather-Dawn Small a obtenu sa licence en anglais de l\u2019Universit\u00e9 Andrews \u00e0 Berrien Springs, dans le Michigan, aux \u00c9tats-Unis. Par la suite, elle a obtenu une ma\u00eetrise en leadership avec un mineur en accompagnement pastoral des femmes du Western Seminary de Portland, dans l\u2019Oregon, en 2015. Au moment de son d\u00e9c\u00e8s, elle \u00e9tait candidate \u00e0 un doctorat en \u00c9tudes Interculturelles.<\/p>\n<p><strong>Dans la Division Inter Am\u00e9ricaine<\/strong><\/p>\n<p>Bien qu\u2019elle ait voyag\u00e9 \u00e0 travers le monde pour rendre visite \u00e0 ses \u00ab s\u0153urs \u00bb adventistes, comme Heather-Dawn Small les appelait souvent, elle n\u2019a jamais oubli\u00e9 la Division Inter Am\u00e9ricaine (DIA), sa division d\u2019origine, o\u00f9 elle est revenue \u00e0 plusieurs reprises en tant qu\u2019intervenante invit\u00e9e et pour r\u00e9seauter et former d\u2019autres femmes leaders. Les responsables actuelles ainsi que les anciennes se souviennent d\u2019elle pour sa gentillesse et son engagement \u00e0 soutenir les femmes dans la mission.<\/p>\n<p><div id=\"attachment_108529\" style=\"width: 859px\" class=\"wp-caption aligncenter\"><img loading=\"lazy\" decoding=\"async\" aria-describedby=\"caption-attachment-108529\" class=\" wp-image-108528\" src=\"https:\/\/interamerica.org\/wp-content\/uploads\/2024\/01\/heather-d5img-20240103-wa0006.jpeg\" alt=\"\" width=\"849\" height=\"637\" srcset=\"https:\/\/interamerica.org\/wp-content\/uploads\/2024\/01\/heather-d5img-20240103-wa0006.jpeg 1024w, https:\/\/interamerica.org\/wp-content\/uploads\/2024\/01\/heather-d5img-20240103-wa0006-300x225.jpeg 300w, https:\/\/interamerica.org\/wp-content\/uploads\/2024\/01\/heather-d5img-20240103-wa0006-768x576.jpeg 768w\" sizes=\"(max-width: 849px) 100vw, 849px\" \/><p id=\"caption-attachment-108529\" class=\"wp-caption-text\">Lors de sa visite au Guatemala en octobre, Heather-Dawn Small a c\u00e9l\u00e9br\u00e9 son anniversaire avec d\u2019autres femmes adventistes. Ce serait la derni\u00e8re fois. [Photo : avec l\u2019aimable autorisation d\u2019Edith Ruiz Espinoza]<\/p><\/div>L\u2019ancien pr\u00e9sident de la DIA, Israel Leito, qui a rencontr\u00e9 Heather-Dawn Small pour la premi\u00e8re fois il y a des d\u00e9cennies dans la Cara\u00efbe et plus tard \u00e0 la DIA, se souvient de Heather-Dawn Small comme d\u2019une personne \u00ab tr\u00e8s cordiale, d\u00e9vou\u00e9e \u00e0 sa t\u00e2che et faisant toujours preuve de ce bel esprit chr\u00e9tien. \u00bb Il a ajout\u00e9 : \u00ab Son humble service a touch\u00e9 et transform\u00e9 la vie de nombreuses personnes. Heather-Dawn \u00e9tait une v\u00e9ritable source d\u2019inspiration et une travailleuse chr\u00e9tienne exemplaire. \u00bb<\/p>\n<p>Dinorah Rivera, ancienne directrice du minist\u00e8re des femmes de la DIA, a quant \u00e0 elle d\u00e9clar\u00e9 qu\u2019elle se souvient avec \u00e9motion des ann\u00e9es o\u00f9 elle a interagi avec Heather-Dawn Small en tant que dirigeante. \u00ab Sa passion et son engagement \u00e9taient \u00e9vidents, et son amour et son z\u00e8le l\u2019ont pouss\u00e9e \u00e0 se battre pour le bien-\u00eatre [des femmes], \u00bb a \u00e9crit Dinorah Rivera. \u00ab Elle s\u2019est battue pour donner aux femmes du monde entier les moyens de devenir spirituellement, mentalement et physiquement fortes afin de donner naissance \u00e0 une g\u00e9n\u00e9ration de femmes encore meilleure pour la gloire de Dieu. \u00bb<\/p>\n<p><div id=\"attachment_108532\" style=\"width: 871px\" class=\"wp-caption aligncenter\"><img loading=\"lazy\" decoding=\"async\" aria-describedby=\"caption-attachment-108532\" class=\" wp-image-108531\" src=\"https:\/\/interamerica.org\/wp-content\/uploads\/2024\/01\/eh-iad2024.jpeg\" alt=\"\" width=\"861\" height=\"646\" srcset=\"https:\/\/interamerica.org\/wp-content\/uploads\/2024\/01\/eh-iad2024.jpeg 1024w, https:\/\/interamerica.org\/wp-content\/uploads\/2024\/01\/eh-iad2024-300x225.jpeg 300w, https:\/\/interamerica.org\/wp-content\/uploads\/2024\/01\/eh-iad2024-768x576.jpeg 768w\" sizes=\"(max-width: 861px) 100vw, 861px\" \/><p id=\"caption-attachment-108532\" class=\"wp-caption-text\">Le 3 janvier, au si\u00e8ge de la Division Inter Am\u00e9ricaine, le pr\u00e9sident r\u00e9gional, Elie Henry, a rappel\u00e9 le service effectu\u00e9 par Heather-Dawn Small et a demand\u00e9 qu\u2019on prie pour sa famille. [Photo : Libna Stevens, Division Inter Am\u00e9ricaine]<\/p><\/div>Le 3 janvier, lors du culte d\u2019ouverture des activit\u00e9s de la nouvelle ann\u00e9e au si\u00e8ge de la DIA \u00e0 Miami, en Floride, le pr\u00e9sident de la DIA, Elie Henry, a demand\u00e9 que l\u2019on prie pour la famille alors qu\u2019il annon\u00e7ait la triste nouvelle. \u00ab C\u2019est un moment que nous vivons avec une grande tristesse ici dans la Division Inter Am\u00e9ricaine\u2026. D\u2019apr\u00e8s les derni\u00e8res paroles qu\u2019elle a prononc\u00e9es, [Heather] semblait avoir la paix et la s\u00e9r\u00e9nit\u00e9 dans sa foi en la venue de J\u00e9sus, \u00bb a dit Elie Henry. Il a ajout\u00e9 : \u00ab Nous perdons une voix forte au sein de l\u2019\u00c9glise adventiste mondiale et de la Division Inter Am\u00e9ricaine. Elle \u00e9tait une bonne pr\u00e9dicatrice. Ses paroles, ses messages, son t\u00e9moignage et sa passion pour le Seigneur resteront avec nous. \u00bb<\/p>\n<p>La directrice du minist\u00e8re des femmes de la DIA, Edith Ruiz Espinosa, a \u00e9galement partag\u00e9 ses r\u00e9flexions apr\u00e8s avoir appris la mort de Heather-Dawn Small. \u00ab Je ressens un grand et douloureux vide int\u00e9rieur, \u00bb a d\u00e9clar\u00e9 Edith Espinoza. \u00ab Nous nous souviendrons toujours de notre ch\u00e8re Heather en raison de son sourire, de sa gentillesse et de son leadership en faveur des femmes du monde entier. Elle a laiss\u00e9 une empreinte dans mon c\u0153ur et chez les femmes du monde entier. \u00bb<\/p>\n<p><div id=\"attachment_108535\" style=\"width: 861px\" class=\"wp-caption aligncenter\"><img loading=\"lazy\" decoding=\"async\" aria-describedby=\"caption-attachment-108535\" class=\" wp-image-108534\" src=\"https:\/\/interamerica.org\/wp-content\/uploads\/2024\/01\/hds25.jpeg\" alt=\"\" width=\"851\" height=\"638\" srcset=\"https:\/\/interamerica.org\/wp-content\/uploads\/2024\/01\/hds25.jpeg 960w, https:\/\/interamerica.org\/wp-content\/uploads\/2024\/01\/hds25-300x225.jpeg 300w, https:\/\/interamerica.org\/wp-content\/uploads\/2024\/01\/hds25-768x576.jpeg 768w\" sizes=\"(max-width: 851px) 100vw, 851px\" \/><p id=\"caption-attachment-108535\" class=\"wp-caption-text\">Heather-Dawn Small (troisi\u00e8me \u00e0 partir de la droite) lors d\u2019une r\u00e9cente Conf\u00e9rence sur les Femmes dans l\u2019Histoire Adventiste du septi\u00e8me jour. [Photo : Actualit\u00e9s de la Division Nord-Am\u00e9ricaine]<\/p><\/div>Edith Espinoza a racont\u00e9 comment Heather-Dawn Small a visit\u00e9 la r\u00e9gion de la DIA pour la derni\u00e8re fois \u00e0 la fin du mois d\u2019octobre 2023. \u00c0 cette occasion, elle a particip\u00e9 \u00e0 un programme o\u00f9 plus de 5000 femmes \u00e9taient pr\u00e9sentes. \u00ab Chacun de ses messages, chacune de ses paroles, ses accolades, ses sourires et ses efforts \u00e9taient une source d\u2019inspiration, \u00bb a d\u00e9clar\u00e9 Edith Espinoza. \u00ab Ceux qui \u00e9taient avec elle se sentaient b\u00e9nis par son minist\u00e8re. \u00bb<\/p>\n<p>Heather-Dawn Small laisse dans le deuil son mari, Joseph Small, pasteur adventiste, et ses enfants, Dalonne et Jerard. Les d\u00e9tails concernant les fun\u00e9railles ne sont pas encore disponibles.<\/p>\n<p><em>Libna Stevens a contribu\u00e9 \u00e0 cet article n\u00e9crologique.<\/em><\/p>\n<p>Traduction: Patrick Luciathe<\/p>\n","protected":false},"excerpt":{"rendered":"<p>Pendant 18 ans, elle a \u00e9t\u00e9 la principale voix des femmes adventistes du septi\u00e8me jour \u00e0 travers le monde. 3 Janvier 2024 | Silver Spring, Maryland, \u00c9tats-Unis | Marcos Paseggi,&#8230;<\/p>\n","protected":false},"author":3,"featured_media":108538,"comment_status":"closed","ping_status":"closed","sticky":false,"template":"","format":"standard","meta":{"_acf_changed":false,"footnotes":""},"categories":[18,19],"tags":[],"class_list":["post-108568","post","type-post","status-publish","format-standard","has-post-thumbnail","hentry","category-nouvelles-de-leglise-mondiale","category-rss-francais"],"acf":[],"yoast_head":"<!-- This site is optimized with the Yoast SEO plugin v27.3 - https:\/\/yoast.com\/product\/yoast-seo-wordpress\/ -->\n<title>Heather-Dawn Small, responsable du minist\u00e8re des femmes pour l\u2019\u00c9glise adventiste, est d\u00e9c\u00e9d\u00e9e \u00e0 l\u2019\u00e2ge de 66 ans - \u00c9glise Adventiste Du Septieme Jour - Inter Am\u00e9rique Division<\/title>\n<meta name=\"robots\" content=\"index, follow, max-snippet:-1, max-image-preview:large, max-video-preview:-1\" \/>\n<link rel=\"canonical\" href=\"https:\/\/interamerica.org\/fr\/2024\/01\/heather-dawn-small-responsable-du-ministere-des-femmes-pour-leglise-adventiste-est-decedee-a-lage-de-66-ans\/\" \/>\n<meta property=\"og:locale\" content=\"fr_FR\" \/>\n<meta property=\"og:type\" content=\"article\" \/>\n<meta property=\"og:title\" content=\"Heather-Dawn Small, responsable du minist\u00e8re des femmes pour l\u2019\u00c9glise adventiste, est d\u00e9c\u00e9d\u00e9e \u00e0 l\u2019\u00e2ge de 66 ans - \u00c9glise Adventiste Du Septieme Jour - Inter Am\u00e9rique Division\" \/>\n<meta property=\"og:description\" content=\"Pendant 18 ans, elle a \u00e9t\u00e9 la principale voix des femmes adventistes du septi\u00e8me jour \u00e0 travers le monde. 3 Janvier 2024 | Silver Spring, Maryland, \u00c9tats-Unis | Marcos Paseggi,...\" \/>\n<meta property=\"og:url\" content=\"https:\/\/interamerica.org\/fr\/2024\/01\/heather-dawn-small-responsable-du-ministere-des-femmes-pour-leglise-adventiste-est-decedee-a-lage-de-66-ans\/\" \/>\n<meta property=\"og:site_name\" content=\"\u00c9glise Adventiste Du Septieme Jour - Inter Am\u00e9rique Division\" \/>\n<meta property=\"article:published_time\" content=\"2024-01-03T21:14:52+00:00\" \/>\n<meta property=\"article:modified_time\" content=\"2024-01-04T02:13:44+00:00\" \/>\n<meta property=\"og:image\" content=\"https:\/\/interamerica.org\/wp-content\/uploads\/2024\/01\/heather-dawn-small-obituntitled-1-2-1280.jpg\" \/>\n\t<meta property=\"og:image:width\" content=\"1280\" \/>\n\t<meta property=\"og:image:height\" content=\"800\" \/>\n\t<meta property=\"og:image:type\" content=\"image\/jpeg\" \/>\n<meta name=\"author\" content=\"libna\" \/>\n<meta name=\"twitter:card\" content=\"summary_large_image\" \/>\n<meta name=\"twitter:label1\" content=\"\u00c9crit par\" \/>\n\t<meta name=\"twitter:data1\" content=\"libna\" \/>\n\t<meta name=\"twitter:label2\" content=\"Dur\u00e9e de lecture estim\u00e9e\" \/>\n\t<meta name=\"twitter:data2\" content=\"8 minutes\" \/>\n<script type=\"application\/ld+json\" class=\"yoast-schema-graph\">{\"@context\":\"https:\\\/\\\/schema.org\",\"@graph\":[{\"@type\":\"Article\",\"@id\":\"https:\\\/\\\/interamerica.org\\\/fr\\\/2024\\\/01\\\/heather-dawn-small-responsable-du-ministere-des-femmes-pour-leglise-adventiste-est-decedee-a-lage-de-66-ans\\\/#article\",\"isPartOf\":{\"@id\":\"https:\\\/\\\/interamerica.org\\\/fr\\\/2024\\\/01\\\/heather-dawn-small-responsable-du-ministere-des-femmes-pour-leglise-adventiste-est-decedee-a-lage-de-66-ans\\\/\"},\"author\":{\"name\":\"libna\",\"@id\":\"https:\\\/\\\/interamerica.org\\\/fr\\\/#\\\/schema\\\/person\\\/29998f2bc2d8bd0d38662909289b54f1\"},\"headline\":\"Heather-Dawn Small, responsable du minist\u00e8re des femmes pour l\u2019\u00c9glise adventiste, est d\u00e9c\u00e9d\u00e9e \u00e0 l\u2019\u00e2ge de 66 ans\",\"datePublished\":\"2024-01-03T21:14:52+00:00\",\"dateModified\":\"2024-01-04T02:13:44+00:00\",\"mainEntityOfPage\":{\"@id\":\"https:\\\/\\\/interamerica.org\\\/fr\\\/2024\\\/01\\\/heather-dawn-small-responsable-du-ministere-des-femmes-pour-leglise-adventiste-est-decedee-a-lage-de-66-ans\\\/\"},\"wordCount\":1512,\"image\":{\"@id\":\"https:\\\/\\\/interamerica.org\\\/fr\\\/2024\\\/01\\\/heather-dawn-small-responsable-du-ministere-des-femmes-pour-leglise-adventiste-est-decedee-a-lage-de-66-ans\\\/#primaryimage\"},\"thumbnailUrl\":\"https:\\\/\\\/interamerica.org\\\/wp-content\\\/uploads\\\/2024\\\/01\\\/heather-dawn-small-obituntitled-1-2-1280.jpg\",\"articleSection\":[\"Nouvelles de l'\u00c9glise mondiale\",\"RSS Fran\u00e7ais\"],\"inLanguage\":\"fr-FR\"},{\"@type\":\"WebPage\",\"@id\":\"https:\\\/\\\/interamerica.org\\\/fr\\\/2024\\\/01\\\/heather-dawn-small-responsable-du-ministere-des-femmes-pour-leglise-adventiste-est-decedee-a-lage-de-66-ans\\\/\",\"url\":\"https:\\\/\\\/interamerica.org\\\/fr\\\/2024\\\/01\\\/heather-dawn-small-responsable-du-ministere-des-femmes-pour-leglise-adventiste-est-decedee-a-lage-de-66-ans\\\/\",\"name\":\"Heather-Dawn Small, responsable du minist\u00e8re des femmes pour l\u2019\u00c9glise adventiste, est d\u00e9c\u00e9d\u00e9e \u00e0 l\u2019\u00e2ge de 66 ans - \u00c9glise Adventiste Du Septieme Jour - Inter Am\u00e9rique Division\",\"isPartOf\":{\"@id\":\"https:\\\/\\\/interamerica.org\\\/fr\\\/#website\"},\"primaryImageOfPage\":{\"@id\":\"https:\\\/\\\/interamerica.org\\\/fr\\\/2024\\\/01\\\/heather-dawn-small-responsable-du-ministere-des-femmes-pour-leglise-adventiste-est-decedee-a-lage-de-66-ans\\\/#primaryimage\"},\"image\":{\"@id\":\"https:\\\/\\\/interamerica.org\\\/fr\\\/2024\\\/01\\\/heather-dawn-small-responsable-du-ministere-des-femmes-pour-leglise-adventiste-est-decedee-a-lage-de-66-ans\\\/#primaryimage\"},\"thumbnailUrl\":\"https:\\\/\\\/interamerica.org\\\/wp-content\\\/uploads\\\/2024\\\/01\\\/heather-dawn-small-obituntitled-1-2-1280.jpg\",\"datePublished\":\"2024-01-03T21:14:52+00:00\",\"dateModified\":\"2024-01-04T02:13:44+00:00\",\"author\":{\"@id\":\"https:\\\/\\\/interamerica.org\\\/fr\\\/#\\\/schema\\\/person\\\/29998f2bc2d8bd0d38662909289b54f1\"},\"breadcrumb\":{\"@id\":\"https:\\\/\\\/interamerica.org\\\/fr\\\/2024\\\/01\\\/heather-dawn-small-responsable-du-ministere-des-femmes-pour-leglise-adventiste-est-decedee-a-lage-de-66-ans\\\/#breadcrumb\"},\"inLanguage\":\"fr-FR\",\"potentialAction\":[{\"@type\":\"ReadAction\",\"target\":[\"https:\\\/\\\/interamerica.org\\\/fr\\\/2024\\\/01\\\/heather-dawn-small-responsable-du-ministere-des-femmes-pour-leglise-adventiste-est-decedee-a-lage-de-66-ans\\\/\"]}]},{\"@type\":\"ImageObject\",\"inLanguage\":\"fr-FR\",\"@id\":\"https:\\\/\\\/interamerica.org\\\/fr\\\/2024\\\/01\\\/heather-dawn-small-responsable-du-ministere-des-femmes-pour-leglise-adventiste-est-decedee-a-lage-de-66-ans\\\/#primaryimage\",\"url\":\"https:\\\/\\\/interamerica.org\\\/wp-content\\\/uploads\\\/2024\\\/01\\\/heather-dawn-small-obituntitled-1-2-1280.jpg\",\"contentUrl\":\"https:\\\/\\\/interamerica.org\\\/wp-content\\\/uploads\\\/2024\\\/01\\\/heather-dawn-small-obituntitled-1-2-1280.jpg\",\"width\":1280,\"height\":800},{\"@type\":\"BreadcrumbList\",\"@id\":\"https:\\\/\\\/interamerica.org\\\/fr\\\/2024\\\/01\\\/heather-dawn-small-responsable-du-ministere-des-femmes-pour-leglise-adventiste-est-decedee-a-lage-de-66-ans\\\/#breadcrumb\",\"itemListElement\":[{\"@type\":\"ListItem\",\"position\":1,\"name\":\"Home\",\"item\":\"https:\\\/\\\/interamerica.org\\\/fr\\\/\"},{\"@type\":\"ListItem\",\"position\":2,\"name\":\"Heather-Dawn Small, responsable du minist\u00e8re des femmes pour l\u2019\u00c9glise adventiste, est d\u00e9c\u00e9d\u00e9e \u00e0 l\u2019\u00e2ge de 66 ans\"}]},{\"@type\":\"WebSite\",\"@id\":\"https:\\\/\\\/interamerica.org\\\/fr\\\/#website\",\"url\":\"https:\\\/\\\/interamerica.org\\\/fr\\\/\",\"name\":\"\u00c9glise Adventiste Du Septieme Jour - Inter Am\u00e9rique Division\",\"description\":\"\",\"potentialAction\":[{\"@type\":\"SearchAction\",\"target\":{\"@type\":\"EntryPoint\",\"urlTemplate\":\"https:\\\/\\\/interamerica.org\\\/fr\\\/?s={search_term_string}\"},\"query-input\":{\"@type\":\"PropertyValueSpecification\",\"valueRequired\":true,\"valueName\":\"search_term_string\"}}],\"inLanguage\":\"fr-FR\"},{\"@type\":\"Person\",\"@id\":\"https:\\\/\\\/interamerica.org\\\/fr\\\/#\\\/schema\\\/person\\\/29998f2bc2d8bd0d38662909289b54f1\",\"name\":\"libna\",\"image\":{\"@type\":\"ImageObject\",\"inLanguage\":\"fr-FR\",\"@id\":\"https:\\\/\\\/secure.gravatar.com\\\/avatar\\\/7c5bd30ae4b47a9ba3c856590957fd1d96dc588bf3ac05719d247e126840331f?s=96&d=mm&r=g\",\"url\":\"https:\\\/\\\/secure.gravatar.com\\\/avatar\\\/7c5bd30ae4b47a9ba3c856590957fd1d96dc588bf3ac05719d247e126840331f?s=96&d=mm&r=g\",\"contentUrl\":\"https:\\\/\\\/secure.gravatar.com\\\/avatar\\\/7c5bd30ae4b47a9ba3c856590957fd1d96dc588bf3ac05719d247e126840331f?s=96&d=mm&r=g\",\"caption\":\"libna\"}}]}<\/script>\n<!-- \/ Yoast SEO plugin. -->","yoast_head_json":{"title":"Heather-Dawn Small, responsable du minist\u00e8re des femmes pour l\u2019\u00c9glise adventiste, est d\u00e9c\u00e9d\u00e9e \u00e0 l\u2019\u00e2ge de 66 ans - \u00c9glise Adventiste Du Septieme Jour - Inter Am\u00e9rique Division","robots":{"index":"index","follow":"follow","max-snippet":"max-snippet:-1","max-image-preview":"max-image-preview:large","max-video-preview":"max-video-preview:-1"},"canonical":"https:\/\/interamerica.org\/fr\/2024\/01\/heather-dawn-small-responsable-du-ministere-des-femmes-pour-leglise-adventiste-est-decedee-a-lage-de-66-ans\/","og_locale":"fr_FR","og_type":"article","og_title":"Heather-Dawn Small, responsable du minist\u00e8re des femmes pour l\u2019\u00c9glise adventiste, est d\u00e9c\u00e9d\u00e9e \u00e0 l\u2019\u00e2ge de 66 ans - \u00c9glise Adventiste Du Septieme Jour - Inter Am\u00e9rique Division","og_description":"Pendant 18 ans, elle a \u00e9t\u00e9 la principale voix des femmes adventistes du septi\u00e8me jour \u00e0 travers le monde. 3 Janvier 2024 | Silver Spring, Maryland, \u00c9tats-Unis | Marcos Paseggi,...","og_url":"https:\/\/interamerica.org\/fr\/2024\/01\/heather-dawn-small-responsable-du-ministere-des-femmes-pour-leglise-adventiste-est-decedee-a-lage-de-66-ans\/","og_site_name":"\u00c9glise Adventiste Du Septieme Jour - Inter Am\u00e9rique Division","article_published_time":"2024-01-03T21:14:52+00:00","article_modified_time":"2024-01-04T02:13:44+00:00","og_image":[{"width":1280,"height":800,"url":"https:\/\/interamerica.org\/wp-content\/uploads\/2024\/01\/heather-dawn-small-obituntitled-1-2-1280.jpg","type":"image\/jpeg"}],"author":"libna","twitter_card":"summary_large_image","twitter_misc":{"\u00c9crit par":"libna","Dur\u00e9e de lecture estim\u00e9e":"8 minutes"},"schema":{"@context":"https:\/\/schema.org","@graph":[{"@type":"Article","@id":"https:\/\/interamerica.org\/fr\/2024\/01\/heather-dawn-small-responsable-du-ministere-des-femmes-pour-leglise-adventiste-est-decedee-a-lage-de-66-ans\/#article","isPartOf":{"@id":"https:\/\/interamerica.org\/fr\/2024\/01\/heather-dawn-small-responsable-du-ministere-des-femmes-pour-leglise-adventiste-est-decedee-a-lage-de-66-ans\/"},"author":{"name":"libna","@id":"https:\/\/interamerica.org\/fr\/#\/schema\/person\/29998f2bc2d8bd0d38662909289b54f1"},"headline":"Heather-Dawn Small, responsable du minist\u00e8re des femmes pour l\u2019\u00c9glise adventiste, est d\u00e9c\u00e9d\u00e9e \u00e0 l\u2019\u00e2ge de 66 ans","datePublished":"2024-01-03T21:14:52+00:00","dateModified":"2024-01-04T02:13:44+00:00","mainEntityOfPage":{"@id":"https:\/\/interamerica.org\/fr\/2024\/01\/heather-dawn-small-responsable-du-ministere-des-femmes-pour-leglise-adventiste-est-decedee-a-lage-de-66-ans\/"},"wordCount":1512,"image":{"@id":"https:\/\/interamerica.org\/fr\/2024\/01\/heather-dawn-small-responsable-du-ministere-des-femmes-pour-leglise-adventiste-est-decedee-a-lage-de-66-ans\/#primaryimage"},"thumbnailUrl":"https:\/\/interamerica.org\/wp-content\/uploads\/2024\/01\/heather-dawn-small-obituntitled-1-2-1280.jpg","articleSection":["Nouvelles de l'\u00c9glise mondiale","RSS Fran\u00e7ais"],"inLanguage":"fr-FR"},{"@type":"WebPage","@id":"https:\/\/interamerica.org\/fr\/2024\/01\/heather-dawn-small-responsable-du-ministere-des-femmes-pour-leglise-adventiste-est-decedee-a-lage-de-66-ans\/","url":"https:\/\/interamerica.org\/fr\/2024\/01\/heather-dawn-small-responsable-du-ministere-des-femmes-pour-leglise-adventiste-est-decedee-a-lage-de-66-ans\/","name":"Heather-Dawn Small, responsable du minist\u00e8re des femmes pour l\u2019\u00c9glise adventiste, est d\u00e9c\u00e9d\u00e9e \u00e0 l\u2019\u00e2ge de 66 ans - \u00c9glise Adventiste Du Septieme Jour - Inter Am\u00e9rique Division","isPartOf":{"@id":"https:\/\/interamerica.org\/fr\/#website"},"primaryImageOfPage":{"@id":"https:\/\/interamerica.org\/fr\/2024\/01\/heather-dawn-small-responsable-du-ministere-des-femmes-pour-leglise-adventiste-est-decedee-a-lage-de-66-ans\/#primaryimage"},"image":{"@id":"https:\/\/interamerica.org\/fr\/2024\/01\/heather-dawn-small-responsable-du-ministere-des-femmes-pour-leglise-adventiste-est-decedee-a-lage-de-66-ans\/#primaryimage"},"thumbnailUrl":"https:\/\/interamerica.org\/wp-content\/uploads\/2024\/01\/heather-dawn-small-obituntitled-1-2-1280.jpg","datePublished":"2024-01-03T21:14:52+00:00","dateModified":"2024-01-04T02:13:44+00:00","author":{"@id":"https:\/\/interamerica.org\/fr\/#\/schema\/person\/29998f2bc2d8bd0d38662909289b54f1"},"breadcrumb":{"@id":"https:\/\/interamerica.org\/fr\/2024\/01\/heather-dawn-small-responsable-du-ministere-des-femmes-pour-leglise-adventiste-est-decedee-a-lage-de-66-ans\/#breadcrumb"},"inLanguage":"fr-FR","potentialAction":[{"@type":"ReadAction","target":["https:\/\/interamerica.org\/fr\/2024\/01\/heather-dawn-small-responsable-du-ministere-des-femmes-pour-leglise-adventiste-est-decedee-a-lage-de-66-ans\/"]}]},{"@type":"ImageObject","inLanguage":"fr-FR","@id":"https:\/\/interamerica.org\/fr\/2024\/01\/heather-dawn-small-responsable-du-ministere-des-femmes-pour-leglise-adventiste-est-decedee-a-lage-de-66-ans\/#primaryimage","url":"https:\/\/interamerica.org\/wp-content\/uploads\/2024\/01\/heather-dawn-small-obituntitled-1-2-1280.jpg","contentUrl":"https:\/\/interamerica.org\/wp-content\/uploads\/2024\/01\/heather-dawn-small-obituntitled-1-2-1280.jpg","width":1280,"height":800},{"@type":"BreadcrumbList","@id":"https:\/\/interamerica.org\/fr\/2024\/01\/heather-dawn-small-responsable-du-ministere-des-femmes-pour-leglise-adventiste-est-decedee-a-lage-de-66-ans\/#breadcrumb","itemListElement":[{"@type":"ListItem","position":1,"name":"Home","item":"https:\/\/interamerica.org\/fr\/"},{"@type":"ListItem","position":2,"name":"Heather-Dawn Small, responsable du minist\u00e8re des femmes pour l\u2019\u00c9glise adventiste, est d\u00e9c\u00e9d\u00e9e \u00e0 l\u2019\u00e2ge de 66 ans"}]},{"@type":"WebSite","@id":"https:\/\/interamerica.org\/fr\/#website","url":"https:\/\/interamerica.org\/fr\/","name":"\u00c9glise Adventiste Du Septieme Jour - Inter Am\u00e9rique Division","description":"","potentialAction":[{"@type":"SearchAction","target":{"@type":"EntryPoint","urlTemplate":"https:\/\/interamerica.org\/fr\/?s={search_term_string}"},"query-input":{"@type":"PropertyValueSpecification","valueRequired":true,"valueName":"search_term_string"}}],"inLanguage":"fr-FR"},{"@type":"Person","@id":"https:\/\/interamerica.org\/fr\/#\/schema\/person\/29998f2bc2d8bd0d38662909289b54f1","name":"libna","image":{"@type":"ImageObject","inLanguage":"fr-FR","@id":"https:\/\/secure.gravatar.com\/avatar\/7c5bd30ae4b47a9ba3c856590957fd1d96dc588bf3ac05719d247e126840331f?s=96&d=mm&r=g","url":"https:\/\/secure.gravatar.com\/avatar\/7c5bd30ae4b47a9ba3c856590957fd1d96dc588bf3ac05719d247e126840331f?s=96&d=mm&r=g","contentUrl":"https:\/\/secure.gravatar.com\/avatar\/7c5bd30ae4b47a9ba3c856590957fd1d96dc588bf3ac05719d247e126840331f?s=96&d=mm&r=g","caption":"libna"}}]}},"_links":{"self":[{"href":"https:\/\/interamerica.org\/fr\/wp-json\/wp\/v2\/posts\/108568","targetHints":{"allow":["GET"]}}],"collection":[{"href":"https:\/\/interamerica.org\/fr\/wp-json\/wp\/v2\/posts"}],"about":[{"href":"https:\/\/interamerica.org\/fr\/wp-json\/wp\/v2\/types\/post"}],"author":[{"embeddable":true,"href":"https:\/\/interamerica.org\/fr\/wp-json\/wp\/v2\/users\/3"}],"replies":[{"embeddable":true,"href":"https:\/\/interamerica.org\/fr\/wp-json\/wp\/v2\/comments?post=108568"}],"version-history":[{"count":0,"href":"https:\/\/interamerica.org\/fr\/wp-json\/wp\/v2\/posts\/108568\/revisions"}],"wp:featuredmedia":[{"embeddable":true,"href":"https:\/\/interamerica.org\/fr\/wp-json\/wp\/v2\/media\/108538"}],"wp:attachment":[{"href":"https:\/\/interamerica.org\/fr\/wp-json\/wp\/v2\/media?parent=108568"}],"wp:term":[{"taxonomy":"category","embeddable":true,"href":"https:\/\/interamerica.org\/fr\/wp-json\/wp\/v2\/categories?post=108568"},{"taxonomy":"post_tag","embeddable":true,"href":"https:\/\/interamerica.org\/fr\/wp-json\/wp\/v2\/tags?post=108568"}],"curies":[{"name":"wp","href":"https:\/\/api.w.org\/{rel}","templated":true}]}}