{"id":108728,"date":"2024-01-08T20:46:04","date_gmt":"2024-01-09T01:46:04","guid":{"rendered":"https:\/\/interamerica.org\/?p=108728"},"modified":"2024-01-10T10:35:21","modified_gmt":"2024-01-10T15:35:21","slug":"dune-vieille-grange-a-un-tout-nouveau-batiment-scolaire-adventiste","status":"publish","type":"post","link":"https:\/\/interamerica.org\/fr\/2024\/01\/dune-vieille-grange-a-un-tout-nouveau-batiment-scolaire-adventiste\/","title":{"rendered":"D\u2019une vieille grange \u00e0 un tout nouveau b\u00e2timent scolaire adventiste"},"content":{"rendered":"<h4>En Allemagne, de nouveaux \u00e9tablissements d\u2019enseignement ouvrent apr\u00e8s un vaste projet de construction.<\/h4>\n<p>8 Janvier 2024 | Oranienburg-Friedrichsthal, Allemagne | Adventistischer Pressedienst et Adventist Review<\/p>\n<p>Apr\u00e8s deux ans et demi de construction, le nouveau b\u00e2timent de l\u2019\u00c9cole Adventiste d\u2019Oberhavel \u00e0 Oranienburg-Friedrichsthal, \u00e0 Brandebourg, en Allemagne, a \u00e9t\u00e9 inaugur\u00e9 lors d\u2019une c\u00e9r\u00e9monie sp\u00e9ciale le 18 octobre 2023. L\u2019annonce officielle a \u00e9t\u00e9 publi\u00e9e par Advent-Wohlfahrtswerk e.V., l\u2019organisation d\u2019aide sociale de l\u2019\u00c9glise adventiste du septi\u00e8me jour en Allemagne, dans un rapport post\u00e9 sur son site internet.<\/p>\n<p>Lors d\u2019une intervention sp\u00e9ciale, Christian Fischer, directeur g\u00e9n\u00e9ral de l\u2019administration scolaire qui g\u00e8re l\u2019\u00e9cole d\u2019Oberhavel, a rappel\u00e9 les d\u00e9buts de l\u2019\u00e9cole : \u00ab En 2006, nous avons lanc\u00e9 l\u2019\u00e9cole primaire avec sept \u00e9l\u00e8ves dans les locaux de l\u2019ancienne \u00e9cole du village. Le b\u00e2timent avait un certain charme, mais l\u2019espace \u00e9tait limit\u00e9 et le b\u00e2timent avait besoin de r\u00e9novation, \u00bb a d\u00e9clar\u00e9 Christian Fischer. Ce sont les raisons qui ont amen\u00e9 Advent Wohlfahrtswerk e.V. \u00e0 d\u00e9cider de soutenir la construction d\u2019un nouveau b\u00e2timent scolaire sur le site de l\u2019\u00e9cole.<\/p>\n<p>Construction moderne avec de superbes vues<\/p>\n<p>Avant que la construction du nouveau b\u00e2timent ne puisse commencer, les ouvriers ont r\u00e9nov\u00e9 et agrandi l\u2019\u00e9cole existante. Ils ont \u00e9galement d\u00e9moli une ancienne grange pour faire place au nouveau b\u00e2timent. \u00ab Cela nous remplit d\u2019une certaine fiert\u00e9 d\u2019avoir pu conserver une partie de l\u2019ancien b\u00e2timent et l\u2019int\u00e9grer dans le nouvel \u00e9difice, \u00bb a dit Christian Fischer. \u00ab Le b\u00e2timent scolaire moderne, construit en partie en bois, s\u2019\u00e9tend en forme de U autour d\u2019une zone spacieuse devant l\u2019entr\u00e9e. Il comprend un nouvel auditorium, une caf\u00e9t\u00e9ria, une nouvelle cuisine et plusieurs salles de classe modernes offrant une vue magnifique sur la campagne. \u00bb<\/p>\n<p>La directrice de l\u2019\u00e9cole, Anita Michor, a \u00e9galement partag\u00e9 quelques d\u00e9tails sur le projet de construction. \u00ab Il va sans dire qu\u2019avoir des travaux de construction pendant le fonctionnement de l\u2019\u00e9cole a \u00e9t\u00e9 quelque chose d\u2019\u00e9puisant pour les enseignants et les \u00e9l\u00e8ves\u2026. Mais cela a \u00e9t\u00e9 aussi une grande aventure pour les enfants, \u00bb a dit Anita Michor. \u00ab Ils ont pu assister \u00e0 chaque \u00e9tape du projet de construction. \u00bb<\/p>\n<p>Anita Michor a d\u00e9clar\u00e9 que pour les \u00e9tudiants, il \u00e9tait int\u00e9ressant de qu\u2019ils voient pour eux-m\u00eames les d\u00e9fis et les r\u00e9alisations de l\u2019initiative. \u00ab Les travaux de construction eux-m\u00eames ont \u00e9t\u00e9 int\u00e9gr\u00e9s \u00e0 leurs cours, \u00bb a-t-elle d\u00e9clar\u00e9. \u00ab Maintenant que tout est enfin termin\u00e9 et qu\u2019on voit \u00e0 quel point tout est devenu beau, nous voyons que tous les efforts en valaient la peine. \u00bb<\/p>\n<p><strong>Pierre angulaire de la dignit\u00e9 humaine<\/strong><\/p>\n<p>Dans son discours de bienvenue, Johannes Naether, pr\u00e9sident de l\u2019Union de F\u00e9d\u00e9rations du Nord de l\u2019Allemagne de l\u2019\u00c9glise adventiste, a demand\u00e9 : \u00ab Pourquoi, en tant qu\u2019\u00e9glise Protestante, construisons-nous et g\u00e9rons-nous une \u00e9cole ? \u00bb Dans sa r\u00e9ponse, il a soulign\u00e9 que l\u2019\u00e9ducation \u00e9tait une partie indissociable de la R\u00e9forme et qu\u2019elle \u00e9tait \u00e0 la fois la raison et la cons\u00e9quence d\u2019une foi m\u00fbre. L\u2019acc\u00e8s gratuit \u00e0 l\u2019\u00e9ducation pour tous est par cons\u00e9quent la pierre angulaire de la dignit\u00e9 humaine, a dit Johannes Naether. \u00catre capable de lire et de comprendre la Bible par soi-m\u00eame \u00e9tait la cl\u00e9 de l\u2019\u00e9ducation et du progr\u00e8s \u00e0 l\u2019\u00e9poque de la R\u00e9forme, a-t-il expliqu\u00e9. \u00ab Aujourd\u2019hui aussi, il est important de d\u00e9velopper et de consolider l\u2019individualit\u00e9 et la responsabilit\u00e9 personnelle des adolescents, et de promouvoir la solidarit\u00e9 et le sens de la communaut\u00e9, \u00bb a d\u00e9clar\u00e9 Johannes Naether. \u00ab L\u2019\u00e9ducation holistique du corps, de l\u2019\u00e2me et de l\u2019esprit est une pr\u00e9occupation centrale de toutes les institutions \u00e9ducatives de l\u2019\u00c9glise adventiste du septi\u00e8me jour. \u00bb<\/p>\n<p><strong>\u00c0 propos de l\u2019\u00c9cole Adventiste d\u2019Oberhavel<\/strong><\/p>\n<p>L\u2019\u00e9cole adventiste d\u2019Oberhavel est une \u00e9cole secondaire g\u00e9n\u00e9rale avec une section primaire. En tant qu\u2019\u00e9cole ouverte toute la journ\u00e9e, elle propose \u00e9galement aux \u00e9tudiants un large \u00e9ventail d\u2019activit\u00e9s scolaires l\u2019apr\u00e8s-midi. En tant qu\u2019\u00e9cole priv\u00e9e et ind\u00e9pendante, le programme scolaire de l\u2019\u00e9tat de Brandebourg est respect\u00e9, mais les conditions d\u2019\u00e9tude peuvent \u00eatre \u00e9labor\u00e9es plus librement, selon ce qu\u2019indique la directrice Anita Michor. Chaque classe compte au maximum 17 enfants, ce qui permet un accompagnement plus individuel. Les enfants peuvent fr\u00e9quenter l\u2019\u00e9cole du cours pr\u00e9paratoire \u00e0 la seconde et passer tous les examens courants de fin d\u2019\u00e9tudes.<\/p>\n<p>La <a href=\"https:\/\/www.apd.info\/news\/2023\/10\/18\/adventschule-oberhavel-eroffnete-neues-schulgebaude\">version originale<\/a> de cet article a \u00e9t\u00e9 publi\u00e9e par <a href=\"https:\/\/www.apd.info\/\">Adventistischer Pressedienst.<\/a><\/p>\n<p>&nbsp;<\/p>\n<p>Traduction: Patrick Luciathe<\/p>\n","protected":false},"excerpt":{"rendered":"<p>En Allemagne, de nouveaux \u00e9tablissements d\u2019enseignement ouvrent apr\u00e8s un vaste projet de construction. 8 Janvier 2024 | Oranienburg-Friedrichsthal, Allemagne | Adventistischer Pressedienst et Adventist Review Apr\u00e8s deux ans et demi&#8230;<\/p>\n","protected":false},"author":3,"featured_media":108722,"comment_status":"closed","ping_status":"closed","sticky":false,"template":"","format":"standard","meta":{"_acf_changed":false,"footnotes":""},"categories":[18,19],"tags":[],"class_list":["post-108728","post","type-post","status-publish","format-standard","has-post-thumbnail","hentry","category-nouvelles-de-leglise-mondiale","category-rss-francais"],"acf":[],"yoast_head":"<!-- This site is optimized with the Yoast SEO plugin v27.3 - https:\/\/yoast.com\/product\/yoast-seo-wordpress\/ -->\n<title>D\u2019une vieille grange \u00e0 un tout nouveau b\u00e2timent scolaire adventiste - \u00c9glise Adventiste Du Septieme Jour - Inter Am\u00e9rique Division<\/title>\n<meta name=\"robots\" content=\"index, follow, max-snippet:-1, max-image-preview:large, max-video-preview:-1\" \/>\n<link rel=\"canonical\" href=\"https:\/\/interamerica.org\/fr\/2024\/01\/dune-vieille-grange-a-un-tout-nouveau-batiment-scolaire-adventiste\/\" \/>\n<meta property=\"og:locale\" content=\"fr_FR\" \/>\n<meta property=\"og:type\" content=\"article\" \/>\n<meta property=\"og:title\" content=\"D\u2019une vieille grange \u00e0 un tout nouveau b\u00e2timent scolaire adventiste - \u00c9glise Adventiste Du Septieme Jour - Inter Am\u00e9rique Division\" \/>\n<meta property=\"og:description\" content=\"En Allemagne, de nouveaux \u00e9tablissements d\u2019enseignement ouvrent apr\u00e8s un vaste projet de construction. 8 Janvier 2024 | Oranienburg-Friedrichsthal, Allemagne | Adventistischer Pressedienst et Adventist Review Apr\u00e8s deux ans et demi...\" \/>\n<meta property=\"og:url\" content=\"https:\/\/interamerica.org\/fr\/2024\/01\/dune-vieille-grange-a-un-tout-nouveau-batiment-scolaire-adventiste\/\" \/>\n<meta property=\"og:site_name\" content=\"\u00c9glise Adventiste Du Septieme Jour - Inter Am\u00e9rique Division\" \/>\n<meta property=\"article:published_time\" content=\"2024-01-09T01:46:04+00:00\" \/>\n<meta property=\"article:modified_time\" content=\"2024-01-10T15:35:21+00:00\" \/>\n<meta property=\"og:image\" content=\"https:\/\/interamerica.org\/wp-content\/uploads\/2024\/01\/germanysot1697611934540.webp\" \/>\n\t<meta property=\"og:image:width\" content=\"640\" \/>\n\t<meta property=\"og:image:height\" content=\"360\" \/>\n\t<meta property=\"og:image:type\" content=\"image\/webp\" \/>\n<meta name=\"author\" content=\"libna\" \/>\n<meta name=\"twitter:card\" content=\"summary_large_image\" \/>\n<meta name=\"twitter:label1\" content=\"\u00c9crit par\" \/>\n\t<meta name=\"twitter:data1\" content=\"libna\" \/>\n\t<meta name=\"twitter:label2\" content=\"Dur\u00e9e de lecture estim\u00e9e\" \/>\n\t<meta name=\"twitter:data2\" content=\"4 minutes\" \/>\n<script type=\"application\/ld+json\" class=\"yoast-schema-graph\">{\"@context\":\"https:\\\/\\\/schema.org\",\"@graph\":[{\"@type\":\"Article\",\"@id\":\"https:\\\/\\\/interamerica.org\\\/fr\\\/2024\\\/01\\\/dune-vieille-grange-a-un-tout-nouveau-batiment-scolaire-adventiste\\\/#article\",\"isPartOf\":{\"@id\":\"https:\\\/\\\/interamerica.org\\\/fr\\\/2024\\\/01\\\/dune-vieille-grange-a-un-tout-nouveau-batiment-scolaire-adventiste\\\/\"},\"author\":{\"name\":\"libna\",\"@id\":\"https:\\\/\\\/interamerica.org\\\/fr\\\/#\\\/schema\\\/person\\\/29998f2bc2d8bd0d38662909289b54f1\"},\"headline\":\"D\u2019une vieille grange \u00e0 un tout nouveau b\u00e2timent scolaire adventiste\",\"datePublished\":\"2024-01-09T01:46:04+00:00\",\"dateModified\":\"2024-01-10T15:35:21+00:00\",\"mainEntityOfPage\":{\"@id\":\"https:\\\/\\\/interamerica.org\\\/fr\\\/2024\\\/01\\\/dune-vieille-grange-a-un-tout-nouveau-batiment-scolaire-adventiste\\\/\"},\"wordCount\":812,\"image\":{\"@id\":\"https:\\\/\\\/interamerica.org\\\/fr\\\/2024\\\/01\\\/dune-vieille-grange-a-un-tout-nouveau-batiment-scolaire-adventiste\\\/#primaryimage\"},\"thumbnailUrl\":\"https:\\\/\\\/interamerica.org\\\/wp-content\\\/uploads\\\/2024\\\/01\\\/germanysot1697611934540.webp\",\"articleSection\":[\"Nouvelles de l'\u00c9glise mondiale\",\"RSS Fran\u00e7ais\"],\"inLanguage\":\"fr-FR\"},{\"@type\":\"WebPage\",\"@id\":\"https:\\\/\\\/interamerica.org\\\/fr\\\/2024\\\/01\\\/dune-vieille-grange-a-un-tout-nouveau-batiment-scolaire-adventiste\\\/\",\"url\":\"https:\\\/\\\/interamerica.org\\\/fr\\\/2024\\\/01\\\/dune-vieille-grange-a-un-tout-nouveau-batiment-scolaire-adventiste\\\/\",\"name\":\"D\u2019une vieille grange \u00e0 un tout nouveau b\u00e2timent scolaire adventiste - \u00c9glise Adventiste Du Septieme Jour - Inter Am\u00e9rique Division\",\"isPartOf\":{\"@id\":\"https:\\\/\\\/interamerica.org\\\/fr\\\/#website\"},\"primaryImageOfPage\":{\"@id\":\"https:\\\/\\\/interamerica.org\\\/fr\\\/2024\\\/01\\\/dune-vieille-grange-a-un-tout-nouveau-batiment-scolaire-adventiste\\\/#primaryimage\"},\"image\":{\"@id\":\"https:\\\/\\\/interamerica.org\\\/fr\\\/2024\\\/01\\\/dune-vieille-grange-a-un-tout-nouveau-batiment-scolaire-adventiste\\\/#primaryimage\"},\"thumbnailUrl\":\"https:\\\/\\\/interamerica.org\\\/wp-content\\\/uploads\\\/2024\\\/01\\\/germanysot1697611934540.webp\",\"datePublished\":\"2024-01-09T01:46:04+00:00\",\"dateModified\":\"2024-01-10T15:35:21+00:00\",\"author\":{\"@id\":\"https:\\\/\\\/interamerica.org\\\/fr\\\/#\\\/schema\\\/person\\\/29998f2bc2d8bd0d38662909289b54f1\"},\"breadcrumb\":{\"@id\":\"https:\\\/\\\/interamerica.org\\\/fr\\\/2024\\\/01\\\/dune-vieille-grange-a-un-tout-nouveau-batiment-scolaire-adventiste\\\/#breadcrumb\"},\"inLanguage\":\"fr-FR\",\"potentialAction\":[{\"@type\":\"ReadAction\",\"target\":[\"https:\\\/\\\/interamerica.org\\\/fr\\\/2024\\\/01\\\/dune-vieille-grange-a-un-tout-nouveau-batiment-scolaire-adventiste\\\/\"]}]},{\"@type\":\"ImageObject\",\"inLanguage\":\"fr-FR\",\"@id\":\"https:\\\/\\\/interamerica.org\\\/fr\\\/2024\\\/01\\\/dune-vieille-grange-a-un-tout-nouveau-batiment-scolaire-adventiste\\\/#primaryimage\",\"url\":\"https:\\\/\\\/interamerica.org\\\/wp-content\\\/uploads\\\/2024\\\/01\\\/germanysot1697611934540.webp\",\"contentUrl\":\"https:\\\/\\\/interamerica.org\\\/wp-content\\\/uploads\\\/2024\\\/01\\\/germanysot1697611934540.webp\",\"width\":640,\"height\":360},{\"@type\":\"BreadcrumbList\",\"@id\":\"https:\\\/\\\/interamerica.org\\\/fr\\\/2024\\\/01\\\/dune-vieille-grange-a-un-tout-nouveau-batiment-scolaire-adventiste\\\/#breadcrumb\",\"itemListElement\":[{\"@type\":\"ListItem\",\"position\":1,\"name\":\"Home\",\"item\":\"https:\\\/\\\/interamerica.org\\\/fr\\\/\"},{\"@type\":\"ListItem\",\"position\":2,\"name\":\"D\u2019une vieille grange \u00e0 un tout nouveau b\u00e2timent scolaire adventiste\"}]},{\"@type\":\"WebSite\",\"@id\":\"https:\\\/\\\/interamerica.org\\\/fr\\\/#website\",\"url\":\"https:\\\/\\\/interamerica.org\\\/fr\\\/\",\"name\":\"\u00c9glise Adventiste Du Septieme Jour - Inter Am\u00e9rique Division\",\"description\":\"\",\"potentialAction\":[{\"@type\":\"SearchAction\",\"target\":{\"@type\":\"EntryPoint\",\"urlTemplate\":\"https:\\\/\\\/interamerica.org\\\/fr\\\/?s={search_term_string}\"},\"query-input\":{\"@type\":\"PropertyValueSpecification\",\"valueRequired\":true,\"valueName\":\"search_term_string\"}}],\"inLanguage\":\"fr-FR\"},{\"@type\":\"Person\",\"@id\":\"https:\\\/\\\/interamerica.org\\\/fr\\\/#\\\/schema\\\/person\\\/29998f2bc2d8bd0d38662909289b54f1\",\"name\":\"libna\",\"image\":{\"@type\":\"ImageObject\",\"inLanguage\":\"fr-FR\",\"@id\":\"https:\\\/\\\/secure.gravatar.com\\\/avatar\\\/7c5bd30ae4b47a9ba3c856590957fd1d96dc588bf3ac05719d247e126840331f?s=96&d=mm&r=g\",\"url\":\"https:\\\/\\\/secure.gravatar.com\\\/avatar\\\/7c5bd30ae4b47a9ba3c856590957fd1d96dc588bf3ac05719d247e126840331f?s=96&d=mm&r=g\",\"contentUrl\":\"https:\\\/\\\/secure.gravatar.com\\\/avatar\\\/7c5bd30ae4b47a9ba3c856590957fd1d96dc588bf3ac05719d247e126840331f?s=96&d=mm&r=g\",\"caption\":\"libna\"}}]}<\/script>\n<!-- \/ Yoast SEO plugin. -->","yoast_head_json":{"title":"D\u2019une vieille grange \u00e0 un tout nouveau b\u00e2timent scolaire adventiste - \u00c9glise Adventiste Du Septieme Jour - Inter Am\u00e9rique Division","robots":{"index":"index","follow":"follow","max-snippet":"max-snippet:-1","max-image-preview":"max-image-preview:large","max-video-preview":"max-video-preview:-1"},"canonical":"https:\/\/interamerica.org\/fr\/2024\/01\/dune-vieille-grange-a-un-tout-nouveau-batiment-scolaire-adventiste\/","og_locale":"fr_FR","og_type":"article","og_title":"D\u2019une vieille grange \u00e0 un tout nouveau b\u00e2timent scolaire adventiste - \u00c9glise Adventiste Du Septieme Jour - Inter Am\u00e9rique Division","og_description":"En Allemagne, de nouveaux \u00e9tablissements d\u2019enseignement ouvrent apr\u00e8s un vaste projet de construction. 8 Janvier 2024 | Oranienburg-Friedrichsthal, Allemagne | Adventistischer Pressedienst et Adventist Review Apr\u00e8s deux ans et demi...","og_url":"https:\/\/interamerica.org\/fr\/2024\/01\/dune-vieille-grange-a-un-tout-nouveau-batiment-scolaire-adventiste\/","og_site_name":"\u00c9glise Adventiste Du Septieme Jour - Inter Am\u00e9rique Division","article_published_time":"2024-01-09T01:46:04+00:00","article_modified_time":"2024-01-10T15:35:21+00:00","og_image":[{"width":640,"height":360,"url":"https:\/\/interamerica.org\/wp-content\/uploads\/2024\/01\/germanysot1697611934540.webp","type":"image\/webp"}],"author":"libna","twitter_card":"summary_large_image","twitter_misc":{"\u00c9crit par":"libna","Dur\u00e9e de lecture estim\u00e9e":"4 minutes"},"schema":{"@context":"https:\/\/schema.org","@graph":[{"@type":"Article","@id":"https:\/\/interamerica.org\/fr\/2024\/01\/dune-vieille-grange-a-un-tout-nouveau-batiment-scolaire-adventiste\/#article","isPartOf":{"@id":"https:\/\/interamerica.org\/fr\/2024\/01\/dune-vieille-grange-a-un-tout-nouveau-batiment-scolaire-adventiste\/"},"author":{"name":"libna","@id":"https:\/\/interamerica.org\/fr\/#\/schema\/person\/29998f2bc2d8bd0d38662909289b54f1"},"headline":"D\u2019une vieille grange \u00e0 un tout nouveau b\u00e2timent scolaire adventiste","datePublished":"2024-01-09T01:46:04+00:00","dateModified":"2024-01-10T15:35:21+00:00","mainEntityOfPage":{"@id":"https:\/\/interamerica.org\/fr\/2024\/01\/dune-vieille-grange-a-un-tout-nouveau-batiment-scolaire-adventiste\/"},"wordCount":812,"image":{"@id":"https:\/\/interamerica.org\/fr\/2024\/01\/dune-vieille-grange-a-un-tout-nouveau-batiment-scolaire-adventiste\/#primaryimage"},"thumbnailUrl":"https:\/\/interamerica.org\/wp-content\/uploads\/2024\/01\/germanysot1697611934540.webp","articleSection":["Nouvelles de l'\u00c9glise mondiale","RSS Fran\u00e7ais"],"inLanguage":"fr-FR"},{"@type":"WebPage","@id":"https:\/\/interamerica.org\/fr\/2024\/01\/dune-vieille-grange-a-un-tout-nouveau-batiment-scolaire-adventiste\/","url":"https:\/\/interamerica.org\/fr\/2024\/01\/dune-vieille-grange-a-un-tout-nouveau-batiment-scolaire-adventiste\/","name":"D\u2019une vieille grange \u00e0 un tout nouveau b\u00e2timent scolaire adventiste - \u00c9glise Adventiste Du Septieme Jour - Inter Am\u00e9rique Division","isPartOf":{"@id":"https:\/\/interamerica.org\/fr\/#website"},"primaryImageOfPage":{"@id":"https:\/\/interamerica.org\/fr\/2024\/01\/dune-vieille-grange-a-un-tout-nouveau-batiment-scolaire-adventiste\/#primaryimage"},"image":{"@id":"https:\/\/interamerica.org\/fr\/2024\/01\/dune-vieille-grange-a-un-tout-nouveau-batiment-scolaire-adventiste\/#primaryimage"},"thumbnailUrl":"https:\/\/interamerica.org\/wp-content\/uploads\/2024\/01\/germanysot1697611934540.webp","datePublished":"2024-01-09T01:46:04+00:00","dateModified":"2024-01-10T15:35:21+00:00","author":{"@id":"https:\/\/interamerica.org\/fr\/#\/schema\/person\/29998f2bc2d8bd0d38662909289b54f1"},"breadcrumb":{"@id":"https:\/\/interamerica.org\/fr\/2024\/01\/dune-vieille-grange-a-un-tout-nouveau-batiment-scolaire-adventiste\/#breadcrumb"},"inLanguage":"fr-FR","potentialAction":[{"@type":"ReadAction","target":["https:\/\/interamerica.org\/fr\/2024\/01\/dune-vieille-grange-a-un-tout-nouveau-batiment-scolaire-adventiste\/"]}]},{"@type":"ImageObject","inLanguage":"fr-FR","@id":"https:\/\/interamerica.org\/fr\/2024\/01\/dune-vieille-grange-a-un-tout-nouveau-batiment-scolaire-adventiste\/#primaryimage","url":"https:\/\/interamerica.org\/wp-content\/uploads\/2024\/01\/germanysot1697611934540.webp","contentUrl":"https:\/\/interamerica.org\/wp-content\/uploads\/2024\/01\/germanysot1697611934540.webp","width":640,"height":360},{"@type":"BreadcrumbList","@id":"https:\/\/interamerica.org\/fr\/2024\/01\/dune-vieille-grange-a-un-tout-nouveau-batiment-scolaire-adventiste\/#breadcrumb","itemListElement":[{"@type":"ListItem","position":1,"name":"Home","item":"https:\/\/interamerica.org\/fr\/"},{"@type":"ListItem","position":2,"name":"D\u2019une vieille grange \u00e0 un tout nouveau b\u00e2timent scolaire adventiste"}]},{"@type":"WebSite","@id":"https:\/\/interamerica.org\/fr\/#website","url":"https:\/\/interamerica.org\/fr\/","name":"\u00c9glise Adventiste Du Septieme Jour - Inter Am\u00e9rique Division","description":"","potentialAction":[{"@type":"SearchAction","target":{"@type":"EntryPoint","urlTemplate":"https:\/\/interamerica.org\/fr\/?s={search_term_string}"},"query-input":{"@type":"PropertyValueSpecification","valueRequired":true,"valueName":"search_term_string"}}],"inLanguage":"fr-FR"},{"@type":"Person","@id":"https:\/\/interamerica.org\/fr\/#\/schema\/person\/29998f2bc2d8bd0d38662909289b54f1","name":"libna","image":{"@type":"ImageObject","inLanguage":"fr-FR","@id":"https:\/\/secure.gravatar.com\/avatar\/7c5bd30ae4b47a9ba3c856590957fd1d96dc588bf3ac05719d247e126840331f?s=96&d=mm&r=g","url":"https:\/\/secure.gravatar.com\/avatar\/7c5bd30ae4b47a9ba3c856590957fd1d96dc588bf3ac05719d247e126840331f?s=96&d=mm&r=g","contentUrl":"https:\/\/secure.gravatar.com\/avatar\/7c5bd30ae4b47a9ba3c856590957fd1d96dc588bf3ac05719d247e126840331f?s=96&d=mm&r=g","caption":"libna"}}]}},"_links":{"self":[{"href":"https:\/\/interamerica.org\/fr\/wp-json\/wp\/v2\/posts\/108728","targetHints":{"allow":["GET"]}}],"collection":[{"href":"https:\/\/interamerica.org\/fr\/wp-json\/wp\/v2\/posts"}],"about":[{"href":"https:\/\/interamerica.org\/fr\/wp-json\/wp\/v2\/types\/post"}],"author":[{"embeddable":true,"href":"https:\/\/interamerica.org\/fr\/wp-json\/wp\/v2\/users\/3"}],"replies":[{"embeddable":true,"href":"https:\/\/interamerica.org\/fr\/wp-json\/wp\/v2\/comments?post=108728"}],"version-history":[{"count":0,"href":"https:\/\/interamerica.org\/fr\/wp-json\/wp\/v2\/posts\/108728\/revisions"}],"wp:featuredmedia":[{"embeddable":true,"href":"https:\/\/interamerica.org\/fr\/wp-json\/wp\/v2\/media\/108722"}],"wp:attachment":[{"href":"https:\/\/interamerica.org\/fr\/wp-json\/wp\/v2\/media?parent=108728"}],"wp:term":[{"taxonomy":"category","embeddable":true,"href":"https:\/\/interamerica.org\/fr\/wp-json\/wp\/v2\/categories?post=108728"},{"taxonomy":"post_tag","embeddable":true,"href":"https:\/\/interamerica.org\/fr\/wp-json\/wp\/v2\/tags?post=108728"}],"curies":[{"name":"wp","href":"https:\/\/api.w.org\/{rel}","templated":true}]}}