{"id":108789,"date":"2024-01-10T20:21:09","date_gmt":"2024-01-11T01:21:09","guid":{"rendered":"https:\/\/interamerica.org\/?p=108789"},"modified":"2024-01-12T12:08:25","modified_gmt":"2024-01-12T17:08:25","slug":"au-ghana-un-groupe-declaireurs-marche-250-kilometres-pour-se-rendre-au-camporee","status":"publish","type":"post","link":"https:\/\/interamerica.org\/fr\/2024\/01\/au-ghana-un-groupe-declaireurs-marche-250-kilometres-pour-se-rendre-au-camporee\/","title":{"rendered":"Au Ghana, un groupe d\u2019\u00c9claireurs marche 250 kilom\u00e8tres pour se rendre au campor\u00e9e"},"content":{"rendered":"<div id=\"attachment_108744\" style=\"width: 893px\" class=\"wp-caption aligncenter\"><img fetchpriority=\"high\" decoding=\"async\" aria-describedby=\"caption-attachment-108744\" class=\" wp-image-108743\" src=\"https:\/\/interamerica.org\/wp-content\/uploads\/2024\/01\/ghana1dsc02013.jpg\" alt=\"\" width=\"883\" height=\"486\" srcset=\"https:\/\/interamerica.org\/wp-content\/uploads\/2024\/01\/ghana1dsc02013.jpg 945w, https:\/\/interamerica.org\/wp-content\/uploads\/2024\/01\/ghana1dsc02013-300x165.jpg 300w, https:\/\/interamerica.org\/wp-content\/uploads\/2024\/01\/ghana1dsc02013-768x423.jpg 768w\" sizes=\"(max-width: 883px) 100vw, 883px\" \/><p id=\"caption-attachment-108744\" class=\"wp-caption-text\"><span style=\"font-weight: 400;\">Vers la fin du mois de d\u00e9cembre, un groupe de trois \u00c9claireurs a march\u00e9 pr\u00e8s de 250\u00a0kilom\u00e8tres pour se rendre au campor\u00e9e r\u00e9gional de la Division de l\u2019Afrique du Centre-Ouest au Ghana. [Une photo du d\u00e9partement des actualit\u00e9s de la Division de l\u2019Afrique du Centre-Ouest]<\/span><\/p><\/div>\n<h4><b>Suivant une traduction, ils ont recueilli des fonds pour aider les orphelins de la r\u00e9gion.<\/b><\/h4>\n<h4><span style=\"font-weight: 400;\">Le 10 janvier 2024 | Ghana | Abraham Bakari, Division de l\u2019Afrique du Centre-Ouest et <\/span><i><span style=\"font-weight: 400;\">Adventist Review<\/span><\/i><\/h4>\n<p><span style=\"font-weight: 400;\">Dans ce que les dirigeants de l\u2019\u00c9glise ont d\u00e9fini comme une d\u00e9monstration d\u2019engagement et de r\u00e9silience, Henry Smith, un membre des minist\u00e8res de la Jeunesse adventiste, en compagnie des \u00c9claireurs Millicent Anna Stella Asane et Lawrence Manful, ont entam\u00e9 un voyage de quatre jours \u00e0 pied \u00e0 partir de Takoradi jusqu\u2019au campus de l\u2019Universit\u00e9 Valley View, dans Oyibi, \u00e0 Accra, au Ghana. Leur destination : le quatri\u00e8me campor\u00e9e des \u00c9claireurs de la Division de l\u2019Afrique du Centre-Ouest (WAD pour <\/span><i><span style=\"font-weight: 400;\">West-Central Africa Division<\/span><\/i><span style=\"font-weight: 400;\">), qui s\u2019est tenu du 24 au 30 d\u00e9cembre derniers.<\/span><\/p>\n<p><span style=\"font-weight: 400;\">Parti le 21 d\u00e9cembre, le trio a parcouru environ 250 kilom\u00e8tres, arrivant pour la c\u00e9r\u00e9monie d\u2019ouverture du campor\u00e9e le 25 d\u00e9cembre. Malgr\u00e9 le long voyage, ils ont paru plus \u00e9mus qu\u2019ext\u00e9nu\u00e9s, ont dit les dirigeants de l\u2019\u00c9glise, lorsqu\u2019ils ont \u00e9t\u00e9 accueillis en h\u00e9ros par les plus de 8\u00a0000\u00a0participants, lot duquel faisait \u00e9galement partie les dirigeants des minist\u00e8res de la Jeunesse de la Conf\u00e9rence g\u00e9n\u00e9rale des adventistes du septi\u00e8me jour (CG) et de la WAD.<\/span><\/p>\n<h5><img decoding=\"async\" class=\" wp-image-108749\" src=\"https:\/\/interamerica.org\/wp-content\/uploads\/2024\/01\/pasteur-sessou-large.jpeg\" alt=\"\" width=\"861\" height=\"526\" srcset=\"https:\/\/interamerica.org\/wp-content\/uploads\/2024\/01\/pasteur-sessou-large.jpeg 450w, https:\/\/interamerica.org\/wp-content\/uploads\/2024\/01\/pasteur-sessou-large-300x183.jpeg 300w\" sizes=\"(max-width: 861px) 100vw, 861px\" \/><span style=\"font-weight: 400;\">Selom Sessou, secr\u00e9taire de la Division de l\u2019Afrique du Centre-Ouest. [Une photo du d\u00e9partement des actualit\u00e9s de la Division de l\u2019Afrique du Centre-Ouest]<\/span><\/h5>\n<p><span style=\"font-weight: 400;\">Ce p\u00e8lerinage, dirig\u00e9 par le pasteur Smith, est une tradition depuis 1996. Adu Gyamfi, directeur de la Jeunesse du district d\u2019Adenta, \u00e0 Accra, a expliqu\u00e9 que le pasteur Smith se rend toujours au campor\u00e9e \u00e0 la marche, o\u00f9 qu\u2019il soit, afin de recueillir des fonds pour les orphelins le long de son parcours. En 2023, deux autres \u00c9claireurs ont d\u00e9cid\u00e9 de se joindre \u00e0 lui dans cette aventure de charit\u00e9.<\/span><\/p>\n<p><span style=\"font-weight: 400;\">Lorsque le trio a atteint le campus de l\u2019Universit\u00e9 Valley View, une escorte polici\u00e8re et un groupe de jeunes l\u2019ont accueilli, puis le d\u00e9partement des minist\u00e8res de la Jeunesse de la WAD ont honor\u00e9 ces trois vaillants marcheurs d\u2019une belle reconnaissance en leur remettant des prix.<\/span><\/p>\n<p><span style=\"font-weight: 400;\">Le voyage, \u00e0 l\u2019instar du dur p\u00e9riple de Joseph jusqu\u2019en \u00c9gypte, a enrichi l\u2019exp\u00e9rience du campor\u00e9e, s\u2019harmonisant avec les pi\u00e8ces jou\u00e9es le soir sur la sc\u00e8ne pour illustrer la vie de ce fils pr\u00e9f\u00e9r\u00e9 de Jacob, ont dit les dirigeants de l\u2019\u00c9glise. Busi Khumalo, directeur des minist\u00e8res de la Jeunesse de la CG, \u00e9tait l\u2019orateur principal qui suivait, chaque soir, la performance d\u2019art dramatique.<\/span><\/p>\n<p><div id=\"attachment_108753\" style=\"width: 850px\" class=\"wp-caption aligncenter\"><img decoding=\"async\" aria-describedby=\"caption-attachment-108753\" class=\" wp-image-108752\" src=\"https:\/\/interamerica.org\/wp-content\/uploads\/2024\/01\/ghana3dsc7638-large.jpeg\" alt=\"\" width=\"840\" height=\"560\" srcset=\"https:\/\/interamerica.org\/wp-content\/uploads\/2024\/01\/ghana3dsc7638-large.jpeg 450w, https:\/\/interamerica.org\/wp-content\/uploads\/2024\/01\/ghana3dsc7638-large-300x200.jpeg 300w\" sizes=\"(max-width: 840px) 100vw, 840px\" \/><p id=\"caption-attachment-108753\" class=\"wp-caption-text\"><span style=\"font-weight: 400;\">Irvine Gwataringa, directeur de la Jeunesse de la Division du sud de l\u2019Afrique et de l\u2019oc\u00e9an Indien, dans une pr\u00e9sentation lors du campor\u00e9e de d\u00e9cembre 2023 de la Division de l\u2019Afrique du Centre-Ouest. [Une photo du d\u00e9partement des actualit\u00e9s de la Division de l\u2019Afrique du Centre-Ouest]<\/span><\/p><\/div><span style=\"font-weight: 400;\">Alfred Asiem, directeur des minist\u00e8res de la Jeunesse de la WAD, a offert une perspective historique de l\u2019\u00e9v\u00e9nement, se concentrant sur le parcours de Joseph dans la Bible. Il a soulign\u00e9 le r\u00f4le du campor\u00e9e. \u00ab\u00a0Nous rassemblons nos \u00c9claireurs pour la camaraderie, la socialisation ainsi que le renouvellement et le r\u00e9veil spirituels\u00a0\u00bb, a-t-il dit.<\/span><\/p>\n<p><span style=\"font-weight: 400;\">Dans son discours d\u2019ouverture, Selom Sessou, secr\u00e9taire de la WAD, a parl\u00e9 de l\u2019histoire de Joseph comme d\u2019un exemple de la fa\u00e7on dont les r\u00eaves forment une vie ax\u00e9e sur l\u2019utilit\u00e9. Il a soulign\u00e9 le r\u00f4le crucial des jeunes dans l\u2019\u00c9glise, notant qu\u2019ils repr\u00e9sentent plus de 70\u00a0% du quasi million de membres baptis\u00e9s de la WAD. \u00ab\u00a0Nous prions qu\u2019ils auront r\u00e9ellement des r\u00eaves, a-t-il dit, car tant qu\u2019ils r\u00eaveront et collaboreront avec Dieu, l\u2019avenir de son \u00c9glise sur le territoire de la Division de l\u2019Afrique du Centre-Ouest sera lumineux.\u00a0\u00bb<\/span><\/p>\n<p><span style=\"font-weight: 400;\">Le pasteur Khumalo a insist\u00e9 sur le fait que le campor\u00e9e devrait \u00eatre une plateforme d\u2019apprentissage, de r\u00e9seautage et d\u2019alimentation spirituelle. \u00ab\u00a0Au campor\u00e9e, nous apprenons \u00e0 avoir du plaisir. Nous nous faisons de nouveaux amis et nous revoyons de vieux copains. Nous assistons \u00e9galement \u00e0 des cours. Nous apprenons de nouvelles comp\u00e9tences et bien d\u2019autres choses utiles\u00a0\u00bb, a rappel\u00e9 le pasteur Khumalo aux participants.<\/span><\/p>\n<p><div id=\"attachment_108756\" style=\"width: 852px\" class=\"wp-caption aligncenter\"><img loading=\"lazy\" decoding=\"async\" aria-describedby=\"caption-attachment-108756\" class=\" wp-image-108755\" src=\"https:\/\/interamerica.org\/wp-content\/uploads\/2024\/01\/ghana4adr8752-large.jpeg\" alt=\"\" width=\"842\" height=\"561\" srcset=\"https:\/\/interamerica.org\/wp-content\/uploads\/2024\/01\/ghana4adr8752-large.jpeg 450w, https:\/\/interamerica.org\/wp-content\/uploads\/2024\/01\/ghana4adr8752-large-300x200.jpeg 300w\" sizes=\"(max-width: 842px) 100vw, 842px\" \/><p id=\"caption-attachment-108756\" class=\"wp-caption-text\"><span style=\"font-weight: 400;\">Certains des 8\u00a0000\u00a0et quelque \u00c9claireurs qui ont assist\u00e9 au campor\u00e9e r\u00e9gional au Ghana vers la fin du mois de d\u00e9cembre 2023. [Une photo du d\u00e9partement des actualit\u00e9s de la Division de l\u2019Afrique du Centre-Ouest]<\/span><\/p><\/div><span style=\"font-weight: 400;\">Irvine Gwataringa, directeur de la Jeunesse de la Division du sud de l\u2019Afrique et de l\u2019oc\u00e9an Indien, \u00e9tait l\u2019orateur des m\u00e9ditations matinales.\u00a0<\/span><\/p>\n<p><span style=\"font-weight: 400;\">Les participants ont partag\u00e9 leur excitation; Anike a fait l\u2019\u00e9loge des feux d\u2019artifice de l\u2019ouverture et Alvin, du Lib\u00e9ria, a exprim\u00e9 son \u00e9merveillement quant \u00e0 la beaut\u00e9 et au confort du camp. Lia Farhane Allah-Ridy, du Chad, a \u00e9galement partag\u00e9 sa joie, impatiente de participer \u00e0 d\u2019autres activit\u00e9s futures du genre.\u00a0<\/span><\/p>\n<p><span style=\"font-weight: 400;\">Le pasteur Asiem a remerci\u00e9 Dieu, car, selon lui, la vision du campor\u00e9e a \u00e9t\u00e9 r\u00e9alis\u00e9e sans accidents ni probl\u00e8mes majeurs. La s\u00e9curit\u00e9 est demeur\u00e9e au rendez-vous, un intrus ayant \u00e9t\u00e9 arr\u00eat\u00e9 le 23 d\u00e9cembre, avant l\u2019ouverture officielle. Le campor\u00e9e s\u2019est donc d\u00e9roul\u00e9 sans incidents majeurs. \u00ab\u00a0Nous remercions Dieu pour son aide et sa protection\u00a0\u00bb, a-t-il dit.<\/span><\/p>\n<p><span style=\"font-weight: 400;\">La <\/span><a href=\"https:\/\/wad.adventist.org\/news_entries\/697\"><span style=\"font-weight: 400;\">version originale<\/span><\/a><span style=\"font-weight: 400;\"> de cet article a \u00e9t\u00e9 publi\u00e9e sur le <\/span><a href=\"https:\/\/wad.adventist.org\/\"><span style=\"font-weight: 400;\">site des actualit\u00e9s<\/span><\/a><span style=\"font-weight: 400;\"> de la Division de l\u2019Afrique du Centre-Ouest.<\/span><\/p>\n<p>Traduction : Marie-Mich\u00e8le Robitaille<\/p>\n","protected":false},"excerpt":{"rendered":"<p>Suivant une traduction, ils ont recueilli des fonds pour aider les orphelins de la r\u00e9gion. Le 10 janvier 2024 | Ghana | Abraham Bakari, Division de l\u2019Afrique du Centre-Ouest et&#8230;<\/p>\n","protected":false},"author":3,"featured_media":108744,"comment_status":"closed","ping_status":"closed","sticky":false,"template":"","format":"standard","meta":{"_acf_changed":false,"footnotes":""},"categories":[18,19],"tags":[],"class_list":["post-108789","post","type-post","status-publish","format-standard","has-post-thumbnail","hentry","category-nouvelles-de-leglise-mondiale","category-rss-francais"],"acf":[],"yoast_head":"<!-- This site is optimized with the Yoast SEO plugin v27.3 - https:\/\/yoast.com\/product\/yoast-seo-wordpress\/ -->\n<title>Au Ghana, un groupe d\u2019\u00c9claireurs marche 250 kilom\u00e8tres pour se rendre au campor\u00e9e - \u00c9glise Adventiste Du Septieme Jour - Inter Am\u00e9rique Division<\/title>\n<meta name=\"robots\" content=\"index, follow, max-snippet:-1, max-image-preview:large, max-video-preview:-1\" \/>\n<link rel=\"canonical\" href=\"https:\/\/interamerica.org\/fr\/2024\/01\/au-ghana-un-groupe-declaireurs-marche-250-kilometres-pour-se-rendre-au-camporee\/\" \/>\n<meta property=\"og:locale\" content=\"fr_FR\" \/>\n<meta property=\"og:type\" content=\"article\" \/>\n<meta property=\"og:title\" content=\"Au Ghana, un groupe d\u2019\u00c9claireurs marche 250 kilom\u00e8tres pour se rendre au campor\u00e9e - \u00c9glise Adventiste Du Septieme Jour - Inter Am\u00e9rique Division\" \/>\n<meta property=\"og:description\" content=\"Suivant une traduction, ils ont recueilli des fonds pour aider les orphelins de la r\u00e9gion. Le 10 janvier 2024 | Ghana | Abraham Bakari, Division de l\u2019Afrique du Centre-Ouest et...\" \/>\n<meta property=\"og:url\" content=\"https:\/\/interamerica.org\/fr\/2024\/01\/au-ghana-un-groupe-declaireurs-marche-250-kilometres-pour-se-rendre-au-camporee\/\" \/>\n<meta property=\"og:site_name\" content=\"\u00c9glise Adventiste Du Septieme Jour - Inter Am\u00e9rique Division\" \/>\n<meta property=\"article:published_time\" content=\"2024-01-11T01:21:09+00:00\" \/>\n<meta property=\"article:modified_time\" content=\"2024-01-12T17:08:25+00:00\" \/>\n<meta property=\"og:image\" content=\"https:\/\/interamerica.org\/wp-content\/uploads\/2024\/01\/ghana1dsc02013.jpg\" \/>\n\t<meta property=\"og:image:width\" content=\"945\" \/>\n\t<meta property=\"og:image:height\" content=\"520\" \/>\n\t<meta property=\"og:image:type\" content=\"image\/jpeg\" \/>\n<meta name=\"author\" content=\"libna\" \/>\n<meta name=\"twitter:card\" content=\"summary_large_image\" \/>\n<meta name=\"twitter:label1\" content=\"\u00c9crit par\" \/>\n\t<meta name=\"twitter:data1\" content=\"libna\" \/>\n\t<meta name=\"twitter:label2\" content=\"Dur\u00e9e de lecture estim\u00e9e\" \/>\n\t<meta name=\"twitter:data2\" content=\"5 minutes\" \/>\n<script type=\"application\/ld+json\" class=\"yoast-schema-graph\">{\"@context\":\"https:\\\/\\\/schema.org\",\"@graph\":[{\"@type\":\"Article\",\"@id\":\"https:\\\/\\\/interamerica.org\\\/fr\\\/2024\\\/01\\\/au-ghana-un-groupe-declaireurs-marche-250-kilometres-pour-se-rendre-au-camporee\\\/#article\",\"isPartOf\":{\"@id\":\"https:\\\/\\\/interamerica.org\\\/fr\\\/2024\\\/01\\\/au-ghana-un-groupe-declaireurs-marche-250-kilometres-pour-se-rendre-au-camporee\\\/\"},\"author\":{\"name\":\"libna\",\"@id\":\"https:\\\/\\\/interamerica.org\\\/fr\\\/#\\\/schema\\\/person\\\/29998f2bc2d8bd0d38662909289b54f1\"},\"headline\":\"Au Ghana, un groupe d\u2019\u00c9claireurs marche 250 kilom\u00e8tres pour se rendre au campor\u00e9e\",\"datePublished\":\"2024-01-11T01:21:09+00:00\",\"dateModified\":\"2024-01-12T17:08:25+00:00\",\"mainEntityOfPage\":{\"@id\":\"https:\\\/\\\/interamerica.org\\\/fr\\\/2024\\\/01\\\/au-ghana-un-groupe-declaireurs-marche-250-kilometres-pour-se-rendre-au-camporee\\\/\"},\"wordCount\":1045,\"image\":{\"@id\":\"https:\\\/\\\/interamerica.org\\\/fr\\\/2024\\\/01\\\/au-ghana-un-groupe-declaireurs-marche-250-kilometres-pour-se-rendre-au-camporee\\\/#primaryimage\"},\"thumbnailUrl\":\"https:\\\/\\\/interamerica.org\\\/wp-content\\\/uploads\\\/2024\\\/01\\\/ghana1dsc02013.jpg\",\"articleSection\":[\"Nouvelles de l'\u00c9glise mondiale\",\"RSS Fran\u00e7ais\"],\"inLanguage\":\"fr-FR\"},{\"@type\":\"WebPage\",\"@id\":\"https:\\\/\\\/interamerica.org\\\/fr\\\/2024\\\/01\\\/au-ghana-un-groupe-declaireurs-marche-250-kilometres-pour-se-rendre-au-camporee\\\/\",\"url\":\"https:\\\/\\\/interamerica.org\\\/fr\\\/2024\\\/01\\\/au-ghana-un-groupe-declaireurs-marche-250-kilometres-pour-se-rendre-au-camporee\\\/\",\"name\":\"Au Ghana, un groupe d\u2019\u00c9claireurs marche 250 kilom\u00e8tres pour se rendre au campor\u00e9e - \u00c9glise Adventiste Du Septieme Jour - Inter Am\u00e9rique Division\",\"isPartOf\":{\"@id\":\"https:\\\/\\\/interamerica.org\\\/fr\\\/#website\"},\"primaryImageOfPage\":{\"@id\":\"https:\\\/\\\/interamerica.org\\\/fr\\\/2024\\\/01\\\/au-ghana-un-groupe-declaireurs-marche-250-kilometres-pour-se-rendre-au-camporee\\\/#primaryimage\"},\"image\":{\"@id\":\"https:\\\/\\\/interamerica.org\\\/fr\\\/2024\\\/01\\\/au-ghana-un-groupe-declaireurs-marche-250-kilometres-pour-se-rendre-au-camporee\\\/#primaryimage\"},\"thumbnailUrl\":\"https:\\\/\\\/interamerica.org\\\/wp-content\\\/uploads\\\/2024\\\/01\\\/ghana1dsc02013.jpg\",\"datePublished\":\"2024-01-11T01:21:09+00:00\",\"dateModified\":\"2024-01-12T17:08:25+00:00\",\"author\":{\"@id\":\"https:\\\/\\\/interamerica.org\\\/fr\\\/#\\\/schema\\\/person\\\/29998f2bc2d8bd0d38662909289b54f1\"},\"breadcrumb\":{\"@id\":\"https:\\\/\\\/interamerica.org\\\/fr\\\/2024\\\/01\\\/au-ghana-un-groupe-declaireurs-marche-250-kilometres-pour-se-rendre-au-camporee\\\/#breadcrumb\"},\"inLanguage\":\"fr-FR\",\"potentialAction\":[{\"@type\":\"ReadAction\",\"target\":[\"https:\\\/\\\/interamerica.org\\\/fr\\\/2024\\\/01\\\/au-ghana-un-groupe-declaireurs-marche-250-kilometres-pour-se-rendre-au-camporee\\\/\"]}]},{\"@type\":\"ImageObject\",\"inLanguage\":\"fr-FR\",\"@id\":\"https:\\\/\\\/interamerica.org\\\/fr\\\/2024\\\/01\\\/au-ghana-un-groupe-declaireurs-marche-250-kilometres-pour-se-rendre-au-camporee\\\/#primaryimage\",\"url\":\"https:\\\/\\\/interamerica.org\\\/wp-content\\\/uploads\\\/2024\\\/01\\\/ghana1dsc02013.jpg\",\"contentUrl\":\"https:\\\/\\\/interamerica.org\\\/wp-content\\\/uploads\\\/2024\\\/01\\\/ghana1dsc02013.jpg\",\"width\":945,\"height\":520,\"caption\":\"A group of three Pathfinders walked more than 155 miles (about 250 kilometers) to the regional West-Central Africa Division camporee in Ghana in late December. [Photo: West-Central Africa Division News]\"},{\"@type\":\"BreadcrumbList\",\"@id\":\"https:\\\/\\\/interamerica.org\\\/fr\\\/2024\\\/01\\\/au-ghana-un-groupe-declaireurs-marche-250-kilometres-pour-se-rendre-au-camporee\\\/#breadcrumb\",\"itemListElement\":[{\"@type\":\"ListItem\",\"position\":1,\"name\":\"Home\",\"item\":\"https:\\\/\\\/interamerica.org\\\/fr\\\/\"},{\"@type\":\"ListItem\",\"position\":2,\"name\":\"Au Ghana, un groupe d\u2019\u00c9claireurs marche 250 kilom\u00e8tres pour se rendre au campor\u00e9e\"}]},{\"@type\":\"WebSite\",\"@id\":\"https:\\\/\\\/interamerica.org\\\/fr\\\/#website\",\"url\":\"https:\\\/\\\/interamerica.org\\\/fr\\\/\",\"name\":\"\u00c9glise Adventiste Du Septieme Jour - Inter Am\u00e9rique Division\",\"description\":\"\",\"potentialAction\":[{\"@type\":\"SearchAction\",\"target\":{\"@type\":\"EntryPoint\",\"urlTemplate\":\"https:\\\/\\\/interamerica.org\\\/fr\\\/?s={search_term_string}\"},\"query-input\":{\"@type\":\"PropertyValueSpecification\",\"valueRequired\":true,\"valueName\":\"search_term_string\"}}],\"inLanguage\":\"fr-FR\"},{\"@type\":\"Person\",\"@id\":\"https:\\\/\\\/interamerica.org\\\/fr\\\/#\\\/schema\\\/person\\\/29998f2bc2d8bd0d38662909289b54f1\",\"name\":\"libna\",\"image\":{\"@type\":\"ImageObject\",\"inLanguage\":\"fr-FR\",\"@id\":\"https:\\\/\\\/secure.gravatar.com\\\/avatar\\\/7c5bd30ae4b47a9ba3c856590957fd1d96dc588bf3ac05719d247e126840331f?s=96&d=mm&r=g\",\"url\":\"https:\\\/\\\/secure.gravatar.com\\\/avatar\\\/7c5bd30ae4b47a9ba3c856590957fd1d96dc588bf3ac05719d247e126840331f?s=96&d=mm&r=g\",\"contentUrl\":\"https:\\\/\\\/secure.gravatar.com\\\/avatar\\\/7c5bd30ae4b47a9ba3c856590957fd1d96dc588bf3ac05719d247e126840331f?s=96&d=mm&r=g\",\"caption\":\"libna\"}}]}<\/script>\n<!-- \/ Yoast SEO plugin. -->","yoast_head_json":{"title":"Au Ghana, un groupe d\u2019\u00c9claireurs marche 250 kilom\u00e8tres pour se rendre au campor\u00e9e - \u00c9glise Adventiste Du Septieme Jour - Inter Am\u00e9rique Division","robots":{"index":"index","follow":"follow","max-snippet":"max-snippet:-1","max-image-preview":"max-image-preview:large","max-video-preview":"max-video-preview:-1"},"canonical":"https:\/\/interamerica.org\/fr\/2024\/01\/au-ghana-un-groupe-declaireurs-marche-250-kilometres-pour-se-rendre-au-camporee\/","og_locale":"fr_FR","og_type":"article","og_title":"Au Ghana, un groupe d\u2019\u00c9claireurs marche 250 kilom\u00e8tres pour se rendre au campor\u00e9e - \u00c9glise Adventiste Du Septieme Jour - Inter Am\u00e9rique Division","og_description":"Suivant une traduction, ils ont recueilli des fonds pour aider les orphelins de la r\u00e9gion. Le 10 janvier 2024 | Ghana | Abraham Bakari, Division de l\u2019Afrique du Centre-Ouest et...","og_url":"https:\/\/interamerica.org\/fr\/2024\/01\/au-ghana-un-groupe-declaireurs-marche-250-kilometres-pour-se-rendre-au-camporee\/","og_site_name":"\u00c9glise Adventiste Du Septieme Jour - Inter Am\u00e9rique Division","article_published_time":"2024-01-11T01:21:09+00:00","article_modified_time":"2024-01-12T17:08:25+00:00","og_image":[{"width":945,"height":520,"url":"https:\/\/interamerica.org\/wp-content\/uploads\/2024\/01\/ghana1dsc02013.jpg","type":"image\/jpeg"}],"author":"libna","twitter_card":"summary_large_image","twitter_misc":{"\u00c9crit par":"libna","Dur\u00e9e de lecture estim\u00e9e":"5 minutes"},"schema":{"@context":"https:\/\/schema.org","@graph":[{"@type":"Article","@id":"https:\/\/interamerica.org\/fr\/2024\/01\/au-ghana-un-groupe-declaireurs-marche-250-kilometres-pour-se-rendre-au-camporee\/#article","isPartOf":{"@id":"https:\/\/interamerica.org\/fr\/2024\/01\/au-ghana-un-groupe-declaireurs-marche-250-kilometres-pour-se-rendre-au-camporee\/"},"author":{"name":"libna","@id":"https:\/\/interamerica.org\/fr\/#\/schema\/person\/29998f2bc2d8bd0d38662909289b54f1"},"headline":"Au Ghana, un groupe d\u2019\u00c9claireurs marche 250 kilom\u00e8tres pour se rendre au campor\u00e9e","datePublished":"2024-01-11T01:21:09+00:00","dateModified":"2024-01-12T17:08:25+00:00","mainEntityOfPage":{"@id":"https:\/\/interamerica.org\/fr\/2024\/01\/au-ghana-un-groupe-declaireurs-marche-250-kilometres-pour-se-rendre-au-camporee\/"},"wordCount":1045,"image":{"@id":"https:\/\/interamerica.org\/fr\/2024\/01\/au-ghana-un-groupe-declaireurs-marche-250-kilometres-pour-se-rendre-au-camporee\/#primaryimage"},"thumbnailUrl":"https:\/\/interamerica.org\/wp-content\/uploads\/2024\/01\/ghana1dsc02013.jpg","articleSection":["Nouvelles de l'\u00c9glise mondiale","RSS Fran\u00e7ais"],"inLanguage":"fr-FR"},{"@type":"WebPage","@id":"https:\/\/interamerica.org\/fr\/2024\/01\/au-ghana-un-groupe-declaireurs-marche-250-kilometres-pour-se-rendre-au-camporee\/","url":"https:\/\/interamerica.org\/fr\/2024\/01\/au-ghana-un-groupe-declaireurs-marche-250-kilometres-pour-se-rendre-au-camporee\/","name":"Au Ghana, un groupe d\u2019\u00c9claireurs marche 250 kilom\u00e8tres pour se rendre au campor\u00e9e - \u00c9glise Adventiste Du Septieme Jour - Inter Am\u00e9rique Division","isPartOf":{"@id":"https:\/\/interamerica.org\/fr\/#website"},"primaryImageOfPage":{"@id":"https:\/\/interamerica.org\/fr\/2024\/01\/au-ghana-un-groupe-declaireurs-marche-250-kilometres-pour-se-rendre-au-camporee\/#primaryimage"},"image":{"@id":"https:\/\/interamerica.org\/fr\/2024\/01\/au-ghana-un-groupe-declaireurs-marche-250-kilometres-pour-se-rendre-au-camporee\/#primaryimage"},"thumbnailUrl":"https:\/\/interamerica.org\/wp-content\/uploads\/2024\/01\/ghana1dsc02013.jpg","datePublished":"2024-01-11T01:21:09+00:00","dateModified":"2024-01-12T17:08:25+00:00","author":{"@id":"https:\/\/interamerica.org\/fr\/#\/schema\/person\/29998f2bc2d8bd0d38662909289b54f1"},"breadcrumb":{"@id":"https:\/\/interamerica.org\/fr\/2024\/01\/au-ghana-un-groupe-declaireurs-marche-250-kilometres-pour-se-rendre-au-camporee\/#breadcrumb"},"inLanguage":"fr-FR","potentialAction":[{"@type":"ReadAction","target":["https:\/\/interamerica.org\/fr\/2024\/01\/au-ghana-un-groupe-declaireurs-marche-250-kilometres-pour-se-rendre-au-camporee\/"]}]},{"@type":"ImageObject","inLanguage":"fr-FR","@id":"https:\/\/interamerica.org\/fr\/2024\/01\/au-ghana-un-groupe-declaireurs-marche-250-kilometres-pour-se-rendre-au-camporee\/#primaryimage","url":"https:\/\/interamerica.org\/wp-content\/uploads\/2024\/01\/ghana1dsc02013.jpg","contentUrl":"https:\/\/interamerica.org\/wp-content\/uploads\/2024\/01\/ghana1dsc02013.jpg","width":945,"height":520,"caption":"A group of three Pathfinders walked more than 155 miles (about 250 kilometers) to the regional West-Central Africa Division camporee in Ghana in late December. [Photo: West-Central Africa Division News]"},{"@type":"BreadcrumbList","@id":"https:\/\/interamerica.org\/fr\/2024\/01\/au-ghana-un-groupe-declaireurs-marche-250-kilometres-pour-se-rendre-au-camporee\/#breadcrumb","itemListElement":[{"@type":"ListItem","position":1,"name":"Home","item":"https:\/\/interamerica.org\/fr\/"},{"@type":"ListItem","position":2,"name":"Au Ghana, un groupe d\u2019\u00c9claireurs marche 250 kilom\u00e8tres pour se rendre au campor\u00e9e"}]},{"@type":"WebSite","@id":"https:\/\/interamerica.org\/fr\/#website","url":"https:\/\/interamerica.org\/fr\/","name":"\u00c9glise Adventiste Du Septieme Jour - Inter Am\u00e9rique Division","description":"","potentialAction":[{"@type":"SearchAction","target":{"@type":"EntryPoint","urlTemplate":"https:\/\/interamerica.org\/fr\/?s={search_term_string}"},"query-input":{"@type":"PropertyValueSpecification","valueRequired":true,"valueName":"search_term_string"}}],"inLanguage":"fr-FR"},{"@type":"Person","@id":"https:\/\/interamerica.org\/fr\/#\/schema\/person\/29998f2bc2d8bd0d38662909289b54f1","name":"libna","image":{"@type":"ImageObject","inLanguage":"fr-FR","@id":"https:\/\/secure.gravatar.com\/avatar\/7c5bd30ae4b47a9ba3c856590957fd1d96dc588bf3ac05719d247e126840331f?s=96&d=mm&r=g","url":"https:\/\/secure.gravatar.com\/avatar\/7c5bd30ae4b47a9ba3c856590957fd1d96dc588bf3ac05719d247e126840331f?s=96&d=mm&r=g","contentUrl":"https:\/\/secure.gravatar.com\/avatar\/7c5bd30ae4b47a9ba3c856590957fd1d96dc588bf3ac05719d247e126840331f?s=96&d=mm&r=g","caption":"libna"}}]}},"_links":{"self":[{"href":"https:\/\/interamerica.org\/fr\/wp-json\/wp\/v2\/posts\/108789","targetHints":{"allow":["GET"]}}],"collection":[{"href":"https:\/\/interamerica.org\/fr\/wp-json\/wp\/v2\/posts"}],"about":[{"href":"https:\/\/interamerica.org\/fr\/wp-json\/wp\/v2\/types\/post"}],"author":[{"embeddable":true,"href":"https:\/\/interamerica.org\/fr\/wp-json\/wp\/v2\/users\/3"}],"replies":[{"embeddable":true,"href":"https:\/\/interamerica.org\/fr\/wp-json\/wp\/v2\/comments?post=108789"}],"version-history":[{"count":0,"href":"https:\/\/interamerica.org\/fr\/wp-json\/wp\/v2\/posts\/108789\/revisions"}],"wp:featuredmedia":[{"embeddable":true,"href":"https:\/\/interamerica.org\/fr\/wp-json\/wp\/v2\/media\/108744"}],"wp:attachment":[{"href":"https:\/\/interamerica.org\/fr\/wp-json\/wp\/v2\/media?parent=108789"}],"wp:term":[{"taxonomy":"category","embeddable":true,"href":"https:\/\/interamerica.org\/fr\/wp-json\/wp\/v2\/categories?post=108789"},{"taxonomy":"post_tag","embeddable":true,"href":"https:\/\/interamerica.org\/fr\/wp-json\/wp\/v2\/tags?post=108789"}],"curies":[{"name":"wp","href":"https:\/\/api.w.org\/{rel}","templated":true}]}}