{"id":108915,"date":"2024-01-16T10:39:51","date_gmt":"2024-01-16T15:39:51","guid":{"rendered":"https:\/\/interamerica.org\/?p=108915"},"modified":"2024-01-22T12:30:19","modified_gmt":"2024-01-22T17:30:19","slug":"devoilement-de-la-sculpture-moise-une-vie-de-miracles","status":"publish","type":"post","link":"https:\/\/interamerica.org\/fr\/2024\/01\/devoilement-de-la-sculpture-moise-une-vie-de-miracles\/","title":{"rendered":"D\u00e9voilement de la sculpture \u00ab Mo\u00efse, une vie de miracles \u00bb"},"content":{"rendered":"<h4><b>L\u2019\u0153uvre d\u2019art de Victor Issa sera r\u00e9v\u00e9l\u00e9e au campor\u00e9e international des \u00c9claireurs 2024.<\/b><\/h4>\n<p><span style=\"font-weight: 400;\">Le 16 janvier 2024 | Los Angeles, Californie, \u00c9tats-Unis | Amanda Kent pour Boundless Media et Victor Issa pour le d\u00e9partement des actualit\u00e9s de la Division nord-am\u00e9ricaine\u00a0<\/span><\/p>\n<p><span style=\"font-weight: 400;\">Victor Issa, sculpteur prim\u00e9 et artiste acclam\u00e9, a compl\u00e9t\u00e9 une sculpture d\u2019argile dont les dimensions sont aux trois quarts de la grandeur nature et qui porte le titre <\/span><i><span style=\"font-weight: 400;\">Moses, A Life of Miracles<\/span><\/i><span style=\"font-weight: 400;\"> (\u00ab Mo\u00efse, une vie de miracles \u00bb). Cette \u0153uvre d\u2019art, m\u00e9ticuleusement r\u00e9alis\u00e9e sur une p\u00e9riode de 18 mois, raconte finement la vie de Mo\u00efse, de son enfance \u00e0 ses moments contemplatifs sur le mont Nebo.<\/span><\/p>\n<p><span style=\"font-weight: 400;\">Le d\u00e9voilement occupera une place importante du campor\u00e9e international des \u00c9claireurs 2024, qui aura lieu en ao\u00fbt prochain. C\u2019est l\u2019organisation qui a mandat\u00e9 l\u2019\u0153uvre, le Center for Youth Evangelism, qui parraine le campor\u00e9e international des \u00c9claireurs, un rassemblement dispendieux qui a lieu tous les cinq ans depuis 1985. Plus de 57\u00a0000\u00a0participants du monde entier sont attendus \u00e0 Gillette, dans l\u2019\u00c9tat am\u00e9ricain du Wyoming, pour cet \u00e9v\u00e9nement de six jours. Le th\u00e8me de cette ann\u00e9e, <\/span><i><span style=\"font-weight: 400;\">Believe the Promise<\/span><\/i><span style=\"font-weight: 400;\">\u00a0(\u00ab\u00a0Crois \u00e0 la promesse\u00a0\u00bb), porte notamment sur l\u2019inspirante histoire de Mo\u00efse.<\/span><\/p>\n<p><div id=\"attachment_108876\" style=\"width: 860px\" class=\"wp-caption aligncenter\"><img fetchpriority=\"high\" decoding=\"async\" aria-describedby=\"caption-attachment-108876\" class=\" wp-image-108875\" src=\"https:\/\/interamerica.org\/wp-content\/uploads\/2024\/01\/sculpture-untitled-1-14-1280-1024x640.jpg\" alt=\"\" width=\"850\" height=\"531\" srcset=\"https:\/\/interamerica.org\/wp-content\/uploads\/2024\/01\/sculpture-untitled-1-14-1280-1024x640.jpg 1024w, https:\/\/interamerica.org\/wp-content\/uploads\/2024\/01\/sculpture-untitled-1-14-1280-300x188.jpg 300w, https:\/\/interamerica.org\/wp-content\/uploads\/2024\/01\/sculpture-untitled-1-14-1280-768x480.jpg 768w, https:\/\/interamerica.org\/wp-content\/uploads\/2024\/01\/sculpture-untitled-1-14-1280.jpg 1280w\" sizes=\"(max-width: 850px) 100vw, 850px\" \/><p id=\"caption-attachment-108876\" class=\"wp-caption-text\"><span style=\"font-weight: 400;\">Le sculpteur Victor Issa et sa sculpture d\u2019argile compl\u00e9t\u00e9e de \u00ab\u00a0Mo\u00efse, une vie de miracles\u00a0\u00bb, sculpture qui sera d\u00e9voil\u00e9e en ao\u00fbt prochain lors du campor\u00e9e international des \u00c9claireurs 2024 ayant pour th\u00e8me \u00ab\u00a0Crois en la promesse\u00a0\u00bb. [Une photo des Studions Victor Issa]<\/span><\/p><\/div><span style=\"font-weight: 400;\">\u00ab\u00a0J\u2019ai eu, pendant longtemps, le d\u00e9sir de faire une sculpture de Mo\u00efse, a expliqu\u00e9 M.\u00a0Issa. Quand le directeur du campor\u00e9e, Ron Whitehead, m\u2019a invit\u00e9 \u00e0 consid\u00e9rer une telle sculpture, j\u2019ai r\u00e9fl\u00e9chis \u00e0 ce sur quoi axer mon \u0153uvre et \u00e0 quoi exclure. Ce ne fut pas un choix facile.<\/span><\/p>\n<p><span style=\"font-weight: 400;\">\u00ab\u00a0Je voulais vraiment cr\u00e9er une \u0153uvre r\u00e9v\u00e9latrice qui ne raconte pas seulement une histoire, mais qui invite les gens \u00e0 m\u00e9diter sur l\u2019immensit\u00e9 de la vie miraculeuse et des contributions de cet homme de Dieu\u00a0\u00bb, a-t-il dit.<\/span><\/p>\n<p><span style=\"font-weight: 400;\">La pi\u00e8ce ma\u00eetresse repr\u00e9sente Mo\u00efse sur le mont Nebo r\u00e9fl\u00e9chissant aux miracles qui ont d\u00e9fini sa relation de grande proximit\u00e9 avec Dieu. Et autour de lui se trouvent des sc\u00e8nes cl\u00e9s de sa vie, dont sa d\u00e9couverte dans un panier flottant lorsqu\u2019il \u00e9tait b\u00e9b\u00e9, sa rencontre avec Dieu dans un buisson ardent, sa grande confrontation du pharaon, sa s\u00e9paration de la mer Rouge, etc. L\u2019objectif de M.\u00a0Issa \u00e9tait de cr\u00e9er une \u0153uvre qui d\u00e9passe la narration, encourageant les gens qui la regardent \u00e0 m\u00e9diter sur la vie remarquable de Mo\u00efse, lui qui a pass\u00e9 du temps consid\u00e9rable en communion directe avec Dieu et qui a ardemment souhait\u00e9 voir sa face sans barri\u00e8re, une \u00e9motion compr\u00e9hensible pour tous les humains qui d\u00e9sirent voir un \u00eatre cher.<\/span><\/p>\n<p><div id=\"attachment_108879\" style=\"width: 537px\" class=\"wp-caption aligncenter\"><img decoding=\"async\" aria-describedby=\"caption-attachment-108879\" class=\" wp-image-108878\" src=\"https:\/\/interamerica.org\/wp-content\/uploads\/2024\/01\/mosesr-sculpture-victorissa-683x1024.jpeg\" alt=\"\" width=\"527\" height=\"790\" srcset=\"https:\/\/interamerica.org\/wp-content\/uploads\/2024\/01\/mosesr-sculpture-victorissa-683x1024.jpeg 683w, https:\/\/interamerica.org\/wp-content\/uploads\/2024\/01\/mosesr-sculpture-victorissa-200x300.jpeg 200w, https:\/\/interamerica.org\/wp-content\/uploads\/2024\/01\/mosesr-sculpture-victorissa-768x1151.jpeg 768w, https:\/\/interamerica.org\/wp-content\/uploads\/2024\/01\/mosesr-sculpture-victorissa.jpeg 854w\" sizes=\"(max-width: 527px) 100vw, 527px\" \/><p id=\"caption-attachment-108879\" class=\"wp-caption-text\"><span style=\"font-weight: 400;\">Le c\u00f4t\u00e9 droit de la sculpture <\/span><i><span style=\"font-weight: 400;\">Moses, A Life of Miracles<\/span><\/i><span style=\"font-weight: 400;\"> comprenant les deux derni\u00e8res sc\u00e8nes tout en bas. [Une photo des Studios Victor Issa]<\/span><\/p><\/div><span style=\"font-weight: 400;\">\u00ab\u00a0Du tout d\u00e9but de sa vie jusqu\u2019\u00e0 sa mort sur le mont Nebo, l\u2019histoire de Mo\u00efse est remplie de drames, d\u2019action, de trag\u00e9dies, de c\u00e9l\u00e9brations, de miracles, d\u2019\u00e9v\u00e9nements transformateurs et d\u2019une immense importance historique et spirituelle\u00a0\u00bb, a dit M.\u00a0Issa.\u00a0<\/span><\/p>\n<p><span style=\"font-weight: 400;\">Con\u00e7ue dans son studio r\u00e9cemment \u00e9tabli \u00e0 Brighton, au Colorado, la sculpture t\u00e9moinge de sa vision artistique et de son d\u00e9vouement in\u00e9branlable. Il a d\u00fb prendre de nombreuses d\u00e9cisions difficiles, s\u2019assurant de porter une attention m\u00e9ticuleuse aux d\u00e9tails.<\/span><\/p>\n<p><span style=\"font-weight: 400;\">M. Issa, un sculpteur figuratif bien connu en Am\u00e9rique, est c\u00e9l\u00e9br\u00e9 pour sa capacit\u00e9 unique d\u2019insuffler de la vie dans le bronze avec sa marque de fabrique, \u00ab Creating Living Bronze \u00bb. Avec plus de 40 ans d\u2019exp\u00e9rience en sculpture, ses \u0153uvres sont expos\u00e9es partout en Am\u00e9rique depuis 1985, trouvant \u00e9galement une place au sein de collections publiques et priv\u00e9es \u00e0 l\u2019\u00e9chelle mondiale. Il est \u00e9galement un membre \u00e9lu du prestigieux Allied Artists of America.<\/span><\/p>\n<p><span style=\"font-weight: 400;\">La <\/span><a href=\"https:\/\/www.nadadventist.org\/news\/victor-issa-unveils-clay-masterpiece-moses-life-miracles-set-amaze-august-2024-international\"><span style=\"font-weight: 400;\">version originale<\/span><\/a><span style=\"font-weight: 400;\"> de cet article a \u00e9t\u00e9 publi\u00e9e sur le <\/span><a href=\"https:\/\/www.nadadventist.org\/news\"><span style=\"font-weight: 400;\">site des actualit\u00e9s<\/span><\/a><span style=\"font-weight: 400;\"> de la Division nord-am\u00e9ricaine.<\/span><\/p>\n<p>Traduction : Marie-Mich\u00e8le Robitaille<\/p>\n","protected":false},"excerpt":{"rendered":"<p>L\u2019\u0153uvre d\u2019art de Victor Issa sera r\u00e9v\u00e9l\u00e9e au campor\u00e9e international des \u00c9claireurs 2024. Le 16 janvier 2024 | Los Angeles, Californie, \u00c9tats-Unis | Amanda Kent pour Boundless Media et Victor&#8230;<\/p>\n","protected":false},"author":3,"featured_media":108873,"comment_status":"closed","ping_status":"closed","sticky":false,"template":"","format":"standard","meta":{"_acf_changed":false,"footnotes":""},"categories":[18,19],"tags":[],"class_list":["post-108915","post","type-post","status-publish","format-standard","has-post-thumbnail","hentry","category-nouvelles-de-leglise-mondiale","category-rss-francais"],"acf":[],"yoast_head":"<!-- This site is optimized with the Yoast SEO plugin v27.3 - https:\/\/yoast.com\/product\/yoast-seo-wordpress\/ -->\n<title>D\u00e9voilement de la sculpture \u00ab Mo\u00efse, une vie de miracles \u00bb - \u00c9glise Adventiste Du Septieme Jour - Inter Am\u00e9rique Division<\/title>\n<meta name=\"robots\" content=\"index, follow, max-snippet:-1, max-image-preview:large, max-video-preview:-1\" \/>\n<link rel=\"canonical\" href=\"https:\/\/interamerica.org\/fr\/2024\/01\/devoilement-de-la-sculpture-moise-une-vie-de-miracles\/\" \/>\n<meta property=\"og:locale\" content=\"fr_FR\" \/>\n<meta property=\"og:type\" content=\"article\" \/>\n<meta property=\"og:title\" content=\"D\u00e9voilement de la sculpture \u00ab Mo\u00efse, une vie de miracles \u00bb - \u00c9glise Adventiste Du Septieme Jour - Inter Am\u00e9rique Division\" \/>\n<meta property=\"og:description\" content=\"L\u2019\u0153uvre d\u2019art de Victor Issa sera r\u00e9v\u00e9l\u00e9e au campor\u00e9e international des \u00c9claireurs 2024. Le 16 janvier 2024 | Los Angeles, Californie, \u00c9tats-Unis | Amanda Kent pour Boundless Media et Victor...\" \/>\n<meta property=\"og:url\" content=\"https:\/\/interamerica.org\/fr\/2024\/01\/devoilement-de-la-sculpture-moise-une-vie-de-miracles\/\" \/>\n<meta property=\"og:site_name\" content=\"\u00c9glise Adventiste Du Septieme Jour - Inter Am\u00e9rique Division\" \/>\n<meta property=\"article:published_time\" content=\"2024-01-16T15:39:51+00:00\" \/>\n<meta property=\"article:modified_time\" content=\"2024-01-22T17:30:19+00:00\" \/>\n<meta property=\"og:image\" content=\"https:\/\/interamerica.org\/wp-content\/uploads\/2024\/01\/sculpture-untitled-1-14.png\" \/>\n\t<meta property=\"og:image:width\" content=\"1500\" \/>\n\t<meta property=\"og:image:height\" content=\"750\" \/>\n\t<meta property=\"og:image:type\" content=\"image\/png\" \/>\n<meta name=\"author\" content=\"libna\" \/>\n<meta name=\"twitter:card\" content=\"summary_large_image\" \/>\n<meta name=\"twitter:label1\" content=\"\u00c9crit par\" \/>\n\t<meta name=\"twitter:data1\" content=\"libna\" \/>\n\t<meta name=\"twitter:label2\" content=\"Dur\u00e9e de lecture estim\u00e9e\" \/>\n\t<meta name=\"twitter:data2\" content=\"4 minutes\" \/>\n<script type=\"application\/ld+json\" class=\"yoast-schema-graph\">{\"@context\":\"https:\\\/\\\/schema.org\",\"@graph\":[{\"@type\":\"Article\",\"@id\":\"https:\\\/\\\/interamerica.org\\\/fr\\\/2024\\\/01\\\/devoilement-de-la-sculpture-moise-une-vie-de-miracles\\\/#article\",\"isPartOf\":{\"@id\":\"https:\\\/\\\/interamerica.org\\\/fr\\\/2024\\\/01\\\/devoilement-de-la-sculpture-moise-une-vie-de-miracles\\\/\"},\"author\":{\"name\":\"libna\",\"@id\":\"https:\\\/\\\/interamerica.org\\\/fr\\\/#\\\/schema\\\/person\\\/29998f2bc2d8bd0d38662909289b54f1\"},\"headline\":\"D\u00e9voilement de la sculpture \u00ab Mo\u00efse, une vie de miracles \u00bb\",\"datePublished\":\"2024-01-16T15:39:51+00:00\",\"dateModified\":\"2024-01-22T17:30:19+00:00\",\"mainEntityOfPage\":{\"@id\":\"https:\\\/\\\/interamerica.org\\\/fr\\\/2024\\\/01\\\/devoilement-de-la-sculpture-moise-une-vie-de-miracles\\\/\"},\"wordCount\":763,\"image\":{\"@id\":\"https:\\\/\\\/interamerica.org\\\/fr\\\/2024\\\/01\\\/devoilement-de-la-sculpture-moise-une-vie-de-miracles\\\/#primaryimage\"},\"thumbnailUrl\":\"https:\\\/\\\/interamerica.org\\\/wp-content\\\/uploads\\\/2024\\\/01\\\/sculpture-untitled-1-14.png\",\"articleSection\":[\"Nouvelles de l'\u00c9glise mondiale\",\"RSS Fran\u00e7ais\"],\"inLanguage\":\"fr-FR\"},{\"@type\":\"WebPage\",\"@id\":\"https:\\\/\\\/interamerica.org\\\/fr\\\/2024\\\/01\\\/devoilement-de-la-sculpture-moise-une-vie-de-miracles\\\/\",\"url\":\"https:\\\/\\\/interamerica.org\\\/fr\\\/2024\\\/01\\\/devoilement-de-la-sculpture-moise-une-vie-de-miracles\\\/\",\"name\":\"D\u00e9voilement de la sculpture \u00ab Mo\u00efse, une vie de miracles \u00bb - \u00c9glise Adventiste Du Septieme Jour - Inter Am\u00e9rique Division\",\"isPartOf\":{\"@id\":\"https:\\\/\\\/interamerica.org\\\/fr\\\/#website\"},\"primaryImageOfPage\":{\"@id\":\"https:\\\/\\\/interamerica.org\\\/fr\\\/2024\\\/01\\\/devoilement-de-la-sculpture-moise-une-vie-de-miracles\\\/#primaryimage\"},\"image\":{\"@id\":\"https:\\\/\\\/interamerica.org\\\/fr\\\/2024\\\/01\\\/devoilement-de-la-sculpture-moise-une-vie-de-miracles\\\/#primaryimage\"},\"thumbnailUrl\":\"https:\\\/\\\/interamerica.org\\\/wp-content\\\/uploads\\\/2024\\\/01\\\/sculpture-untitled-1-14.png\",\"datePublished\":\"2024-01-16T15:39:51+00:00\",\"dateModified\":\"2024-01-22T17:30:19+00:00\",\"author\":{\"@id\":\"https:\\\/\\\/interamerica.org\\\/fr\\\/#\\\/schema\\\/person\\\/29998f2bc2d8bd0d38662909289b54f1\"},\"breadcrumb\":{\"@id\":\"https:\\\/\\\/interamerica.org\\\/fr\\\/2024\\\/01\\\/devoilement-de-la-sculpture-moise-une-vie-de-miracles\\\/#breadcrumb\"},\"inLanguage\":\"fr-FR\",\"potentialAction\":[{\"@type\":\"ReadAction\",\"target\":[\"https:\\\/\\\/interamerica.org\\\/fr\\\/2024\\\/01\\\/devoilement-de-la-sculpture-moise-une-vie-de-miracles\\\/\"]}]},{\"@type\":\"ImageObject\",\"inLanguage\":\"fr-FR\",\"@id\":\"https:\\\/\\\/interamerica.org\\\/fr\\\/2024\\\/01\\\/devoilement-de-la-sculpture-moise-une-vie-de-miracles\\\/#primaryimage\",\"url\":\"https:\\\/\\\/interamerica.org\\\/wp-content\\\/uploads\\\/2024\\\/01\\\/sculpture-untitled-1-14.png\",\"contentUrl\":\"https:\\\/\\\/interamerica.org\\\/wp-content\\\/uploads\\\/2024\\\/01\\\/sculpture-untitled-1-14.png\",\"width\":1500,\"height\":750,\"caption\":\"Sculptor Victor Issa stands with completed clay sculpture of \u201cMoses, A Life of Miracles,\u201d to be revealed in August during the 2024 Believe the Promise International Pathfinder Camporee. [Photo: Victor Issa Studios]\"},{\"@type\":\"BreadcrumbList\",\"@id\":\"https:\\\/\\\/interamerica.org\\\/fr\\\/2024\\\/01\\\/devoilement-de-la-sculpture-moise-une-vie-de-miracles\\\/#breadcrumb\",\"itemListElement\":[{\"@type\":\"ListItem\",\"position\":1,\"name\":\"Home\",\"item\":\"https:\\\/\\\/interamerica.org\\\/fr\\\/\"},{\"@type\":\"ListItem\",\"position\":2,\"name\":\"D\u00e9voilement de la sculpture \u00ab Mo\u00efse, une vie de miracles \u00bb\"}]},{\"@type\":\"WebSite\",\"@id\":\"https:\\\/\\\/interamerica.org\\\/fr\\\/#website\",\"url\":\"https:\\\/\\\/interamerica.org\\\/fr\\\/\",\"name\":\"\u00c9glise Adventiste Du Septieme Jour - Inter Am\u00e9rique Division\",\"description\":\"\",\"potentialAction\":[{\"@type\":\"SearchAction\",\"target\":{\"@type\":\"EntryPoint\",\"urlTemplate\":\"https:\\\/\\\/interamerica.org\\\/fr\\\/?s={search_term_string}\"},\"query-input\":{\"@type\":\"PropertyValueSpecification\",\"valueRequired\":true,\"valueName\":\"search_term_string\"}}],\"inLanguage\":\"fr-FR\"},{\"@type\":\"Person\",\"@id\":\"https:\\\/\\\/interamerica.org\\\/fr\\\/#\\\/schema\\\/person\\\/29998f2bc2d8bd0d38662909289b54f1\",\"name\":\"libna\",\"image\":{\"@type\":\"ImageObject\",\"inLanguage\":\"fr-FR\",\"@id\":\"https:\\\/\\\/secure.gravatar.com\\\/avatar\\\/7c5bd30ae4b47a9ba3c856590957fd1d96dc588bf3ac05719d247e126840331f?s=96&d=mm&r=g\",\"url\":\"https:\\\/\\\/secure.gravatar.com\\\/avatar\\\/7c5bd30ae4b47a9ba3c856590957fd1d96dc588bf3ac05719d247e126840331f?s=96&d=mm&r=g\",\"contentUrl\":\"https:\\\/\\\/secure.gravatar.com\\\/avatar\\\/7c5bd30ae4b47a9ba3c856590957fd1d96dc588bf3ac05719d247e126840331f?s=96&d=mm&r=g\",\"caption\":\"libna\"}}]}<\/script>\n<!-- \/ Yoast SEO plugin. -->","yoast_head_json":{"title":"D\u00e9voilement de la sculpture \u00ab Mo\u00efse, une vie de miracles \u00bb - \u00c9glise Adventiste Du Septieme Jour - Inter Am\u00e9rique Division","robots":{"index":"index","follow":"follow","max-snippet":"max-snippet:-1","max-image-preview":"max-image-preview:large","max-video-preview":"max-video-preview:-1"},"canonical":"https:\/\/interamerica.org\/fr\/2024\/01\/devoilement-de-la-sculpture-moise-une-vie-de-miracles\/","og_locale":"fr_FR","og_type":"article","og_title":"D\u00e9voilement de la sculpture \u00ab Mo\u00efse, une vie de miracles \u00bb - \u00c9glise Adventiste Du Septieme Jour - Inter Am\u00e9rique Division","og_description":"L\u2019\u0153uvre d\u2019art de Victor Issa sera r\u00e9v\u00e9l\u00e9e au campor\u00e9e international des \u00c9claireurs 2024. Le 16 janvier 2024 | Los Angeles, Californie, \u00c9tats-Unis | Amanda Kent pour Boundless Media et Victor...","og_url":"https:\/\/interamerica.org\/fr\/2024\/01\/devoilement-de-la-sculpture-moise-une-vie-de-miracles\/","og_site_name":"\u00c9glise Adventiste Du Septieme Jour - Inter Am\u00e9rique Division","article_published_time":"2024-01-16T15:39:51+00:00","article_modified_time":"2024-01-22T17:30:19+00:00","og_image":[{"width":1500,"height":750,"url":"https:\/\/interamerica.org\/wp-content\/uploads\/2024\/01\/sculpture-untitled-1-14.png","type":"image\/png"}],"author":"libna","twitter_card":"summary_large_image","twitter_misc":{"\u00c9crit par":"libna","Dur\u00e9e de lecture estim\u00e9e":"4 minutes"},"schema":{"@context":"https:\/\/schema.org","@graph":[{"@type":"Article","@id":"https:\/\/interamerica.org\/fr\/2024\/01\/devoilement-de-la-sculpture-moise-une-vie-de-miracles\/#article","isPartOf":{"@id":"https:\/\/interamerica.org\/fr\/2024\/01\/devoilement-de-la-sculpture-moise-une-vie-de-miracles\/"},"author":{"name":"libna","@id":"https:\/\/interamerica.org\/fr\/#\/schema\/person\/29998f2bc2d8bd0d38662909289b54f1"},"headline":"D\u00e9voilement de la sculpture \u00ab Mo\u00efse, une vie de miracles \u00bb","datePublished":"2024-01-16T15:39:51+00:00","dateModified":"2024-01-22T17:30:19+00:00","mainEntityOfPage":{"@id":"https:\/\/interamerica.org\/fr\/2024\/01\/devoilement-de-la-sculpture-moise-une-vie-de-miracles\/"},"wordCount":763,"image":{"@id":"https:\/\/interamerica.org\/fr\/2024\/01\/devoilement-de-la-sculpture-moise-une-vie-de-miracles\/#primaryimage"},"thumbnailUrl":"https:\/\/interamerica.org\/wp-content\/uploads\/2024\/01\/sculpture-untitled-1-14.png","articleSection":["Nouvelles de l'\u00c9glise mondiale","RSS Fran\u00e7ais"],"inLanguage":"fr-FR"},{"@type":"WebPage","@id":"https:\/\/interamerica.org\/fr\/2024\/01\/devoilement-de-la-sculpture-moise-une-vie-de-miracles\/","url":"https:\/\/interamerica.org\/fr\/2024\/01\/devoilement-de-la-sculpture-moise-une-vie-de-miracles\/","name":"D\u00e9voilement de la sculpture \u00ab Mo\u00efse, une vie de miracles \u00bb - \u00c9glise Adventiste Du Septieme Jour - Inter Am\u00e9rique Division","isPartOf":{"@id":"https:\/\/interamerica.org\/fr\/#website"},"primaryImageOfPage":{"@id":"https:\/\/interamerica.org\/fr\/2024\/01\/devoilement-de-la-sculpture-moise-une-vie-de-miracles\/#primaryimage"},"image":{"@id":"https:\/\/interamerica.org\/fr\/2024\/01\/devoilement-de-la-sculpture-moise-une-vie-de-miracles\/#primaryimage"},"thumbnailUrl":"https:\/\/interamerica.org\/wp-content\/uploads\/2024\/01\/sculpture-untitled-1-14.png","datePublished":"2024-01-16T15:39:51+00:00","dateModified":"2024-01-22T17:30:19+00:00","author":{"@id":"https:\/\/interamerica.org\/fr\/#\/schema\/person\/29998f2bc2d8bd0d38662909289b54f1"},"breadcrumb":{"@id":"https:\/\/interamerica.org\/fr\/2024\/01\/devoilement-de-la-sculpture-moise-une-vie-de-miracles\/#breadcrumb"},"inLanguage":"fr-FR","potentialAction":[{"@type":"ReadAction","target":["https:\/\/interamerica.org\/fr\/2024\/01\/devoilement-de-la-sculpture-moise-une-vie-de-miracles\/"]}]},{"@type":"ImageObject","inLanguage":"fr-FR","@id":"https:\/\/interamerica.org\/fr\/2024\/01\/devoilement-de-la-sculpture-moise-une-vie-de-miracles\/#primaryimage","url":"https:\/\/interamerica.org\/wp-content\/uploads\/2024\/01\/sculpture-untitled-1-14.png","contentUrl":"https:\/\/interamerica.org\/wp-content\/uploads\/2024\/01\/sculpture-untitled-1-14.png","width":1500,"height":750,"caption":"Sculptor Victor Issa stands with completed clay sculpture of \u201cMoses, A Life of Miracles,\u201d to be revealed in August during the 2024 Believe the Promise International Pathfinder Camporee. [Photo: Victor Issa Studios]"},{"@type":"BreadcrumbList","@id":"https:\/\/interamerica.org\/fr\/2024\/01\/devoilement-de-la-sculpture-moise-une-vie-de-miracles\/#breadcrumb","itemListElement":[{"@type":"ListItem","position":1,"name":"Home","item":"https:\/\/interamerica.org\/fr\/"},{"@type":"ListItem","position":2,"name":"D\u00e9voilement de la sculpture \u00ab Mo\u00efse, une vie de miracles \u00bb"}]},{"@type":"WebSite","@id":"https:\/\/interamerica.org\/fr\/#website","url":"https:\/\/interamerica.org\/fr\/","name":"\u00c9glise Adventiste Du Septieme Jour - Inter Am\u00e9rique Division","description":"","potentialAction":[{"@type":"SearchAction","target":{"@type":"EntryPoint","urlTemplate":"https:\/\/interamerica.org\/fr\/?s={search_term_string}"},"query-input":{"@type":"PropertyValueSpecification","valueRequired":true,"valueName":"search_term_string"}}],"inLanguage":"fr-FR"},{"@type":"Person","@id":"https:\/\/interamerica.org\/fr\/#\/schema\/person\/29998f2bc2d8bd0d38662909289b54f1","name":"libna","image":{"@type":"ImageObject","inLanguage":"fr-FR","@id":"https:\/\/secure.gravatar.com\/avatar\/7c5bd30ae4b47a9ba3c856590957fd1d96dc588bf3ac05719d247e126840331f?s=96&d=mm&r=g","url":"https:\/\/secure.gravatar.com\/avatar\/7c5bd30ae4b47a9ba3c856590957fd1d96dc588bf3ac05719d247e126840331f?s=96&d=mm&r=g","contentUrl":"https:\/\/secure.gravatar.com\/avatar\/7c5bd30ae4b47a9ba3c856590957fd1d96dc588bf3ac05719d247e126840331f?s=96&d=mm&r=g","caption":"libna"}}]}},"_links":{"self":[{"href":"https:\/\/interamerica.org\/fr\/wp-json\/wp\/v2\/posts\/108915","targetHints":{"allow":["GET"]}}],"collection":[{"href":"https:\/\/interamerica.org\/fr\/wp-json\/wp\/v2\/posts"}],"about":[{"href":"https:\/\/interamerica.org\/fr\/wp-json\/wp\/v2\/types\/post"}],"author":[{"embeddable":true,"href":"https:\/\/interamerica.org\/fr\/wp-json\/wp\/v2\/users\/3"}],"replies":[{"embeddable":true,"href":"https:\/\/interamerica.org\/fr\/wp-json\/wp\/v2\/comments?post=108915"}],"version-history":[{"count":0,"href":"https:\/\/interamerica.org\/fr\/wp-json\/wp\/v2\/posts\/108915\/revisions"}],"wp:featuredmedia":[{"embeddable":true,"href":"https:\/\/interamerica.org\/fr\/wp-json\/wp\/v2\/media\/108873"}],"wp:attachment":[{"href":"https:\/\/interamerica.org\/fr\/wp-json\/wp\/v2\/media?parent=108915"}],"wp:term":[{"taxonomy":"category","embeddable":true,"href":"https:\/\/interamerica.org\/fr\/wp-json\/wp\/v2\/categories?post=108915"},{"taxonomy":"post_tag","embeddable":true,"href":"https:\/\/interamerica.org\/fr\/wp-json\/wp\/v2\/tags?post=108915"}],"curies":[{"name":"wp","href":"https:\/\/api.w.org\/{rel}","templated":true}]}}