{"id":108999,"date":"2024-01-19T10:15:18","date_gmt":"2024-01-19T15:15:18","guid":{"rendered":"https:\/\/interamerica.org\/?p=108999"},"modified":"2024-01-29T09:55:22","modified_gmt":"2024-01-29T14:55:22","slug":"la-semaine-de-priere-annuelle-vise-a-consolider-les-familles-pastorales-a-travers-linter-amerique","status":"publish","type":"post","link":"https:\/\/interamerica.org\/fr\/2024\/01\/la-semaine-de-priere-annuelle-vise-a-consolider-les-familles-pastorales-a-travers-linter-amerique\/","title":{"rendered":"La semaine de pri\u00e8re annuelle vise \u00e0 consolider les familles pastorales \u00e0 travers l\u2019Inter Am\u00e9rique"},"content":{"rendered":"<p>18 Janvier 2024 | Miami, Floride, \u00c9tats-Unis | Libna Stevens, Actualit\u00e9s de la Division Inter Am\u00e9ricaine<\/p>\n<p>Des milliers de pasteurs et leurs familles sur l\u2019ensemble du territoire de l\u2019\u00c9glise adventiste du septi\u00e8me jour dans la Division Inter Am\u00e9ricaine (DIA) auront l\u2019opportunit\u00e9 de faire une pause pour adorer et prier ensemble cette ann\u00e9e \u00e0 l\u2019occasion de la semaine de pri\u00e8re annuelle qui se tiendra du 29 janvier au 2 f\u00e9vrier 2024.<\/p>\n<p>Le programme en ligne a pour objectif d\u2019inspirer les pasteurs, leurs conjoints et leurs enfants \u00e0 \u00e9tudier la Parole de Dieu et \u00e0 prier ensemble, \u00e0 obtenir la force spirituelle, \u00e0 servir l\u2019\u00c9glise et \u00e0 proclamer l\u2019\u00e9vangile dans leurs communaut\u00e9s.<\/p>\n<p>\u00ab Nous voulons que nos familles pastorales grandissent dans la foi et soient capables de continuer \u00e0 motiver leurs congr\u00e9gations, qu\u2019elles soient au clair au sujet de la mission en tant que disciples de J\u00e9sus m\u00eame lorsqu\u2019elles font face \u00e0 des d\u00e9fis et \u00e0 des crises, \u00bb a d\u00e9clar\u00e9 pasteur Josney Rodr\u00edguez, secr\u00e9taire de l\u2019association pastorale de la DIA.<\/p>\n<p><div id=\"attachment_108930\" style=\"width: 879px\" class=\"wp-caption aligncenter\"><img fetchpriority=\"high\" decoding=\"async\" aria-describedby=\"caption-attachment-108930\" class=\"wp-image-108930\" src=\"https:\/\/interamerica.org\/wp-content\/uploads\/2023\/12\/1-1024x640.jpg\" alt=\"\" width=\"869\" height=\"543\" srcset=\"https:\/\/interamerica.org\/wp-content\/uploads\/2023\/12\/1-1024x640.jpg 1024w, https:\/\/interamerica.org\/wp-content\/uploads\/2023\/12\/1-300x188.jpg 300w, https:\/\/interamerica.org\/wp-content\/uploads\/2023\/12\/1-768x480.jpg 768w, https:\/\/interamerica.org\/wp-content\/uploads\/2023\/12\/1.jpg 1280w\" sizes=\"(max-width: 869px) 100vw, 869px\" \/><p id=\"caption-attachment-108930\" class=\"wp-caption-text\">[Image: Division Inter-Am\u00e9ricaine]<\/p><\/div>It begins the paragraph after the picture and the caption. Instead of Autour du th\u00e8me \u00ab\u00a0Grandir dans la Foi\u00a0\u00bb it should be Autour du th\u00e8me \u00ab\u00a0Par la Foi\u00a0\u00bb.<\/p>\n<p>Autour du th\u00e8me \u00ab Par la Foi \u00bb\u00a0les programmes d\u2019une heure le soir chercheront \u00e9galement \u00e0 rassurer les familles pastorales sur le fait qu\u2019elles ne sont pas seules alors qu\u2019elles dirigent leurs congr\u00e9gations et \u00e0 leur rappeler que Dieu est avec elles \u00e0 chaque \u00e9tape de leur important minist\u00e8re, a d\u00e9clar\u00e9 pasteur Rodr\u00edguez.<\/p>\n<p>\u00ab Le principal d\u00e9fi auquel les pasteurs sont confront\u00e9s aujourd\u2019hui est de reconnecter l\u2019\u00c9glise avec Dieu, principalement les jeunes et les nouvelles g\u00e9n\u00e9rations. Cela signifie qu\u2019ils doivent transmettre un message adapt\u00e9 et pertinent \u00e0 cette \u00e9poque, \u00bb a-t-il ajout\u00e9. Il ne s\u2019agit pas seulement d\u2019avoir, de conna\u00eetre et de partager cette v\u00e9rit\u00e9 de l\u2019\u00e9vangile avec les membres d\u2019\u00e9glise, a dit pasteur Rodr\u00edguez, mais d\u2019aider les membres, et en particulier les jeunes, \u00e0 comprendre que l\u2019\u00c9glise n\u2019est pas seulement celle de leurs parents mais aussi la leur. \u00ab Ils [les jeunes] peuvent aussi grandir dans la foi et faire en sorte de devenir des disciples forts et de rester engag\u00e9s dans la proclamation de l\u2019\u00e9vangile aupr\u00e8s de leurs pairs et de tous ceux avec qui ils entrent en contact. \u00bb<\/p>\n<p>Pasteur Pavel Goia, r\u00e9dacteur en chef du magazine Ministry de l\u2019Association Pastorale de la Conf\u00e9rence G\u00e9n\u00e9rale, sera l\u2019orateur principal. L\u2019Association Pastorale et les Minist\u00e8res de la Famille de la DIA organiseront la semaine sp\u00e9ciale de pri\u00e8re de la famille pastorale pour les plus de 3700 pasteurs qui supervisent les congr\u00e9gations dans les districts d\u2019\u00e9glises locales.<\/p>\n<p>La semaine de pri\u00e8re donne le coup d\u2019envoi de la premi\u00e8re des cinq semaines d\u2019initiatives et d\u2019activit\u00e9s visant \u00e0 pr\u00e9parer la famille \u00e0 grandir dans la foi dans le cadre de l\u2019initiative \u00ab Toute la Famille en Mission \u00bb mise en place par l\u2019Inter Am\u00e9rique cette ann\u00e9e.<\/p>\n<p>Pour voir la semaine de pri\u00e8re pastorale \u00e0 partir du 29 janvier 2024, \u00e0 20h00 (heure de Miami), et pour obtenir des ressources suppl\u00e9mentaires, cliquez<br \/>\n<a href=\"https:\/\/ministerial.iadnet.org\/\">ICI<\/a>.<\/p>\n<p>Traduction: Patrick Luciathe<\/p>\n","protected":false},"excerpt":{"rendered":"<p>18 Janvier 2024 | Miami, Floride, \u00c9tats-Unis | Libna Stevens, Actualit\u00e9s de la Division Inter Am\u00e9ricaine Des milliers de pasteurs et leurs familles sur l\u2019ensemble du territoire de l\u2019\u00c9glise adventiste&#8230;<\/p>\n","protected":false},"author":3,"featured_media":108930,"comment_status":"closed","ping_status":"closed","sticky":false,"template":"","format":"standard","meta":{"_acf_changed":false,"footnotes":""},"categories":[20,19],"tags":[],"class_list":["post-108999","post","type-post","status-publish","format-standard","has-post-thumbnail","hentry","category-nouvelles-du-siege-de-la-division","category-rss-francais"],"acf":[],"yoast_head":"<!-- This site is optimized with the Yoast SEO plugin v27.3 - https:\/\/yoast.com\/product\/yoast-seo-wordpress\/ -->\n<title>La semaine de pri\u00e8re annuelle vise \u00e0 consolider les familles pastorales \u00e0 travers l\u2019Inter Am\u00e9rique - \u00c9glise Adventiste Du Septieme Jour - Inter Am\u00e9rique Division<\/title>\n<meta name=\"robots\" content=\"index, follow, max-snippet:-1, max-image-preview:large, max-video-preview:-1\" \/>\n<link rel=\"canonical\" href=\"https:\/\/interamerica.org\/fr\/2024\/01\/la-semaine-de-priere-annuelle-vise-a-consolider-les-familles-pastorales-a-travers-linter-amerique\/\" \/>\n<meta property=\"og:locale\" content=\"fr_FR\" \/>\n<meta property=\"og:type\" content=\"article\" \/>\n<meta property=\"og:title\" content=\"La semaine de pri\u00e8re annuelle vise \u00e0 consolider les familles pastorales \u00e0 travers l\u2019Inter Am\u00e9rique - \u00c9glise Adventiste Du Septieme Jour - Inter Am\u00e9rique Division\" \/>\n<meta property=\"og:description\" content=\"18 Janvier 2024 | Miami, Floride, \u00c9tats-Unis | Libna Stevens, Actualit\u00e9s de la Division Inter Am\u00e9ricaine Des milliers de pasteurs et leurs familles sur l\u2019ensemble du territoire de l\u2019\u00c9glise adventiste...\" \/>\n<meta property=\"og:url\" content=\"https:\/\/interamerica.org\/fr\/2024\/01\/la-semaine-de-priere-annuelle-vise-a-consolider-les-familles-pastorales-a-travers-linter-amerique\/\" \/>\n<meta property=\"og:site_name\" content=\"\u00c9glise Adventiste Du Septieme Jour - Inter Am\u00e9rique Division\" \/>\n<meta property=\"article:published_time\" content=\"2024-01-19T15:15:18+00:00\" \/>\n<meta property=\"article:modified_time\" content=\"2024-01-29T14:55:22+00:00\" \/>\n<meta property=\"og:image\" content=\"https:\/\/interamerica.org\/wp-content\/uploads\/2023\/12\/1.jpg\" \/>\n\t<meta property=\"og:image:width\" content=\"1280\" \/>\n\t<meta property=\"og:image:height\" content=\"800\" \/>\n\t<meta property=\"og:image:type\" content=\"image\/jpeg\" \/>\n<meta name=\"author\" content=\"libna\" \/>\n<meta name=\"twitter:card\" content=\"summary_large_image\" \/>\n<meta name=\"twitter:label1\" content=\"\u00c9crit par\" \/>\n\t<meta name=\"twitter:data1\" content=\"libna\" \/>\n\t<meta name=\"twitter:label2\" content=\"Dur\u00e9e de lecture estim\u00e9e\" \/>\n\t<meta name=\"twitter:data2\" content=\"3 minutes\" \/>\n<script type=\"application\/ld+json\" class=\"yoast-schema-graph\">{\"@context\":\"https:\\\/\\\/schema.org\",\"@graph\":[{\"@type\":\"Article\",\"@id\":\"https:\\\/\\\/interamerica.org\\\/fr\\\/2024\\\/01\\\/la-semaine-de-priere-annuelle-vise-a-consolider-les-familles-pastorales-a-travers-linter-amerique\\\/#article\",\"isPartOf\":{\"@id\":\"https:\\\/\\\/interamerica.org\\\/fr\\\/2024\\\/01\\\/la-semaine-de-priere-annuelle-vise-a-consolider-les-familles-pastorales-a-travers-linter-amerique\\\/\"},\"author\":{\"name\":\"libna\",\"@id\":\"https:\\\/\\\/interamerica.org\\\/fr\\\/#\\\/schema\\\/person\\\/29998f2bc2d8bd0d38662909289b54f1\"},\"headline\":\"La semaine de pri\u00e8re annuelle vise \u00e0 consolider les familles pastorales \u00e0 travers l\u2019Inter Am\u00e9rique\",\"datePublished\":\"2024-01-19T15:15:18+00:00\",\"dateModified\":\"2024-01-29T14:55:22+00:00\",\"mainEntityOfPage\":{\"@id\":\"https:\\\/\\\/interamerica.org\\\/fr\\\/2024\\\/01\\\/la-semaine-de-priere-annuelle-vise-a-consolider-les-familles-pastorales-a-travers-linter-amerique\\\/\"},\"wordCount\":580,\"image\":{\"@id\":\"https:\\\/\\\/interamerica.org\\\/fr\\\/2024\\\/01\\\/la-semaine-de-priere-annuelle-vise-a-consolider-les-familles-pastorales-a-travers-linter-amerique\\\/#primaryimage\"},\"thumbnailUrl\":\"https:\\\/\\\/interamerica.org\\\/wp-content\\\/uploads\\\/2023\\\/12\\\/1.jpg\",\"articleSection\":[\"Nouvelles du si\u00e8ge de la division\",\"RSS Fran\u00e7ais\"],\"inLanguage\":\"fr-FR\"},{\"@type\":\"WebPage\",\"@id\":\"https:\\\/\\\/interamerica.org\\\/fr\\\/2024\\\/01\\\/la-semaine-de-priere-annuelle-vise-a-consolider-les-familles-pastorales-a-travers-linter-amerique\\\/\",\"url\":\"https:\\\/\\\/interamerica.org\\\/fr\\\/2024\\\/01\\\/la-semaine-de-priere-annuelle-vise-a-consolider-les-familles-pastorales-a-travers-linter-amerique\\\/\",\"name\":\"La semaine de pri\u00e8re annuelle vise \u00e0 consolider les familles pastorales \u00e0 travers l\u2019Inter Am\u00e9rique - \u00c9glise Adventiste Du Septieme Jour - Inter Am\u00e9rique Division\",\"isPartOf\":{\"@id\":\"https:\\\/\\\/interamerica.org\\\/fr\\\/#website\"},\"primaryImageOfPage\":{\"@id\":\"https:\\\/\\\/interamerica.org\\\/fr\\\/2024\\\/01\\\/la-semaine-de-priere-annuelle-vise-a-consolider-les-familles-pastorales-a-travers-linter-amerique\\\/#primaryimage\"},\"image\":{\"@id\":\"https:\\\/\\\/interamerica.org\\\/fr\\\/2024\\\/01\\\/la-semaine-de-priere-annuelle-vise-a-consolider-les-familles-pastorales-a-travers-linter-amerique\\\/#primaryimage\"},\"thumbnailUrl\":\"https:\\\/\\\/interamerica.org\\\/wp-content\\\/uploads\\\/2023\\\/12\\\/1.jpg\",\"datePublished\":\"2024-01-19T15:15:18+00:00\",\"dateModified\":\"2024-01-29T14:55:22+00:00\",\"author\":{\"@id\":\"https:\\\/\\\/interamerica.org\\\/fr\\\/#\\\/schema\\\/person\\\/29998f2bc2d8bd0d38662909289b54f1\"},\"breadcrumb\":{\"@id\":\"https:\\\/\\\/interamerica.org\\\/fr\\\/2024\\\/01\\\/la-semaine-de-priere-annuelle-vise-a-consolider-les-familles-pastorales-a-travers-linter-amerique\\\/#breadcrumb\"},\"inLanguage\":\"fr-FR\",\"potentialAction\":[{\"@type\":\"ReadAction\",\"target\":[\"https:\\\/\\\/interamerica.org\\\/fr\\\/2024\\\/01\\\/la-semaine-de-priere-annuelle-vise-a-consolider-les-familles-pastorales-a-travers-linter-amerique\\\/\"]}]},{\"@type\":\"ImageObject\",\"inLanguage\":\"fr-FR\",\"@id\":\"https:\\\/\\\/interamerica.org\\\/fr\\\/2024\\\/01\\\/la-semaine-de-priere-annuelle-vise-a-consolider-les-familles-pastorales-a-travers-linter-amerique\\\/#primaryimage\",\"url\":\"https:\\\/\\\/interamerica.org\\\/wp-content\\\/uploads\\\/2023\\\/12\\\/1.jpg\",\"contentUrl\":\"https:\\\/\\\/interamerica.org\\\/wp-content\\\/uploads\\\/2023\\\/12\\\/1.jpg\",\"width\":1280,\"height\":800},{\"@type\":\"BreadcrumbList\",\"@id\":\"https:\\\/\\\/interamerica.org\\\/fr\\\/2024\\\/01\\\/la-semaine-de-priere-annuelle-vise-a-consolider-les-familles-pastorales-a-travers-linter-amerique\\\/#breadcrumb\",\"itemListElement\":[{\"@type\":\"ListItem\",\"position\":1,\"name\":\"Home\",\"item\":\"https:\\\/\\\/interamerica.org\\\/fr\\\/\"},{\"@type\":\"ListItem\",\"position\":2,\"name\":\"La semaine de pri\u00e8re annuelle vise \u00e0 consolider les familles pastorales \u00e0 travers l\u2019Inter Am\u00e9rique\"}]},{\"@type\":\"WebSite\",\"@id\":\"https:\\\/\\\/interamerica.org\\\/fr\\\/#website\",\"url\":\"https:\\\/\\\/interamerica.org\\\/fr\\\/\",\"name\":\"\u00c9glise Adventiste Du Septieme Jour - Inter Am\u00e9rique Division\",\"description\":\"\",\"potentialAction\":[{\"@type\":\"SearchAction\",\"target\":{\"@type\":\"EntryPoint\",\"urlTemplate\":\"https:\\\/\\\/interamerica.org\\\/fr\\\/?s={search_term_string}\"},\"query-input\":{\"@type\":\"PropertyValueSpecification\",\"valueRequired\":true,\"valueName\":\"search_term_string\"}}],\"inLanguage\":\"fr-FR\"},{\"@type\":\"Person\",\"@id\":\"https:\\\/\\\/interamerica.org\\\/fr\\\/#\\\/schema\\\/person\\\/29998f2bc2d8bd0d38662909289b54f1\",\"name\":\"libna\",\"image\":{\"@type\":\"ImageObject\",\"inLanguage\":\"fr-FR\",\"@id\":\"https:\\\/\\\/secure.gravatar.com\\\/avatar\\\/7c5bd30ae4b47a9ba3c856590957fd1d96dc588bf3ac05719d247e126840331f?s=96&d=mm&r=g\",\"url\":\"https:\\\/\\\/secure.gravatar.com\\\/avatar\\\/7c5bd30ae4b47a9ba3c856590957fd1d96dc588bf3ac05719d247e126840331f?s=96&d=mm&r=g\",\"contentUrl\":\"https:\\\/\\\/secure.gravatar.com\\\/avatar\\\/7c5bd30ae4b47a9ba3c856590957fd1d96dc588bf3ac05719d247e126840331f?s=96&d=mm&r=g\",\"caption\":\"libna\"}}]}<\/script>\n<!-- \/ Yoast SEO plugin. -->","yoast_head_json":{"title":"La semaine de pri\u00e8re annuelle vise \u00e0 consolider les familles pastorales \u00e0 travers l\u2019Inter Am\u00e9rique - \u00c9glise Adventiste Du Septieme Jour - Inter Am\u00e9rique Division","robots":{"index":"index","follow":"follow","max-snippet":"max-snippet:-1","max-image-preview":"max-image-preview:large","max-video-preview":"max-video-preview:-1"},"canonical":"https:\/\/interamerica.org\/fr\/2024\/01\/la-semaine-de-priere-annuelle-vise-a-consolider-les-familles-pastorales-a-travers-linter-amerique\/","og_locale":"fr_FR","og_type":"article","og_title":"La semaine de pri\u00e8re annuelle vise \u00e0 consolider les familles pastorales \u00e0 travers l\u2019Inter Am\u00e9rique - \u00c9glise Adventiste Du Septieme Jour - Inter Am\u00e9rique Division","og_description":"18 Janvier 2024 | Miami, Floride, \u00c9tats-Unis | Libna Stevens, Actualit\u00e9s de la Division Inter Am\u00e9ricaine Des milliers de pasteurs et leurs familles sur l\u2019ensemble du territoire de l\u2019\u00c9glise adventiste...","og_url":"https:\/\/interamerica.org\/fr\/2024\/01\/la-semaine-de-priere-annuelle-vise-a-consolider-les-familles-pastorales-a-travers-linter-amerique\/","og_site_name":"\u00c9glise Adventiste Du Septieme Jour - Inter Am\u00e9rique Division","article_published_time":"2024-01-19T15:15:18+00:00","article_modified_time":"2024-01-29T14:55:22+00:00","og_image":[{"width":1280,"height":800,"url":"https:\/\/interamerica.org\/wp-content\/uploads\/2023\/12\/1.jpg","type":"image\/jpeg"}],"author":"libna","twitter_card":"summary_large_image","twitter_misc":{"\u00c9crit par":"libna","Dur\u00e9e de lecture estim\u00e9e":"3 minutes"},"schema":{"@context":"https:\/\/schema.org","@graph":[{"@type":"Article","@id":"https:\/\/interamerica.org\/fr\/2024\/01\/la-semaine-de-priere-annuelle-vise-a-consolider-les-familles-pastorales-a-travers-linter-amerique\/#article","isPartOf":{"@id":"https:\/\/interamerica.org\/fr\/2024\/01\/la-semaine-de-priere-annuelle-vise-a-consolider-les-familles-pastorales-a-travers-linter-amerique\/"},"author":{"name":"libna","@id":"https:\/\/interamerica.org\/fr\/#\/schema\/person\/29998f2bc2d8bd0d38662909289b54f1"},"headline":"La semaine de pri\u00e8re annuelle vise \u00e0 consolider les familles pastorales \u00e0 travers l\u2019Inter Am\u00e9rique","datePublished":"2024-01-19T15:15:18+00:00","dateModified":"2024-01-29T14:55:22+00:00","mainEntityOfPage":{"@id":"https:\/\/interamerica.org\/fr\/2024\/01\/la-semaine-de-priere-annuelle-vise-a-consolider-les-familles-pastorales-a-travers-linter-amerique\/"},"wordCount":580,"image":{"@id":"https:\/\/interamerica.org\/fr\/2024\/01\/la-semaine-de-priere-annuelle-vise-a-consolider-les-familles-pastorales-a-travers-linter-amerique\/#primaryimage"},"thumbnailUrl":"https:\/\/interamerica.org\/wp-content\/uploads\/2023\/12\/1.jpg","articleSection":["Nouvelles du si\u00e8ge de la division","RSS Fran\u00e7ais"],"inLanguage":"fr-FR"},{"@type":"WebPage","@id":"https:\/\/interamerica.org\/fr\/2024\/01\/la-semaine-de-priere-annuelle-vise-a-consolider-les-familles-pastorales-a-travers-linter-amerique\/","url":"https:\/\/interamerica.org\/fr\/2024\/01\/la-semaine-de-priere-annuelle-vise-a-consolider-les-familles-pastorales-a-travers-linter-amerique\/","name":"La semaine de pri\u00e8re annuelle vise \u00e0 consolider les familles pastorales \u00e0 travers l\u2019Inter Am\u00e9rique - \u00c9glise Adventiste Du Septieme Jour - Inter Am\u00e9rique Division","isPartOf":{"@id":"https:\/\/interamerica.org\/fr\/#website"},"primaryImageOfPage":{"@id":"https:\/\/interamerica.org\/fr\/2024\/01\/la-semaine-de-priere-annuelle-vise-a-consolider-les-familles-pastorales-a-travers-linter-amerique\/#primaryimage"},"image":{"@id":"https:\/\/interamerica.org\/fr\/2024\/01\/la-semaine-de-priere-annuelle-vise-a-consolider-les-familles-pastorales-a-travers-linter-amerique\/#primaryimage"},"thumbnailUrl":"https:\/\/interamerica.org\/wp-content\/uploads\/2023\/12\/1.jpg","datePublished":"2024-01-19T15:15:18+00:00","dateModified":"2024-01-29T14:55:22+00:00","author":{"@id":"https:\/\/interamerica.org\/fr\/#\/schema\/person\/29998f2bc2d8bd0d38662909289b54f1"},"breadcrumb":{"@id":"https:\/\/interamerica.org\/fr\/2024\/01\/la-semaine-de-priere-annuelle-vise-a-consolider-les-familles-pastorales-a-travers-linter-amerique\/#breadcrumb"},"inLanguage":"fr-FR","potentialAction":[{"@type":"ReadAction","target":["https:\/\/interamerica.org\/fr\/2024\/01\/la-semaine-de-priere-annuelle-vise-a-consolider-les-familles-pastorales-a-travers-linter-amerique\/"]}]},{"@type":"ImageObject","inLanguage":"fr-FR","@id":"https:\/\/interamerica.org\/fr\/2024\/01\/la-semaine-de-priere-annuelle-vise-a-consolider-les-familles-pastorales-a-travers-linter-amerique\/#primaryimage","url":"https:\/\/interamerica.org\/wp-content\/uploads\/2023\/12\/1.jpg","contentUrl":"https:\/\/interamerica.org\/wp-content\/uploads\/2023\/12\/1.jpg","width":1280,"height":800},{"@type":"BreadcrumbList","@id":"https:\/\/interamerica.org\/fr\/2024\/01\/la-semaine-de-priere-annuelle-vise-a-consolider-les-familles-pastorales-a-travers-linter-amerique\/#breadcrumb","itemListElement":[{"@type":"ListItem","position":1,"name":"Home","item":"https:\/\/interamerica.org\/fr\/"},{"@type":"ListItem","position":2,"name":"La semaine de pri\u00e8re annuelle vise \u00e0 consolider les familles pastorales \u00e0 travers l\u2019Inter Am\u00e9rique"}]},{"@type":"WebSite","@id":"https:\/\/interamerica.org\/fr\/#website","url":"https:\/\/interamerica.org\/fr\/","name":"\u00c9glise Adventiste Du Septieme Jour - Inter Am\u00e9rique Division","description":"","potentialAction":[{"@type":"SearchAction","target":{"@type":"EntryPoint","urlTemplate":"https:\/\/interamerica.org\/fr\/?s={search_term_string}"},"query-input":{"@type":"PropertyValueSpecification","valueRequired":true,"valueName":"search_term_string"}}],"inLanguage":"fr-FR"},{"@type":"Person","@id":"https:\/\/interamerica.org\/fr\/#\/schema\/person\/29998f2bc2d8bd0d38662909289b54f1","name":"libna","image":{"@type":"ImageObject","inLanguage":"fr-FR","@id":"https:\/\/secure.gravatar.com\/avatar\/7c5bd30ae4b47a9ba3c856590957fd1d96dc588bf3ac05719d247e126840331f?s=96&d=mm&r=g","url":"https:\/\/secure.gravatar.com\/avatar\/7c5bd30ae4b47a9ba3c856590957fd1d96dc588bf3ac05719d247e126840331f?s=96&d=mm&r=g","contentUrl":"https:\/\/secure.gravatar.com\/avatar\/7c5bd30ae4b47a9ba3c856590957fd1d96dc588bf3ac05719d247e126840331f?s=96&d=mm&r=g","caption":"libna"}}]}},"_links":{"self":[{"href":"https:\/\/interamerica.org\/fr\/wp-json\/wp\/v2\/posts\/108999","targetHints":{"allow":["GET"]}}],"collection":[{"href":"https:\/\/interamerica.org\/fr\/wp-json\/wp\/v2\/posts"}],"about":[{"href":"https:\/\/interamerica.org\/fr\/wp-json\/wp\/v2\/types\/post"}],"author":[{"embeddable":true,"href":"https:\/\/interamerica.org\/fr\/wp-json\/wp\/v2\/users\/3"}],"replies":[{"embeddable":true,"href":"https:\/\/interamerica.org\/fr\/wp-json\/wp\/v2\/comments?post=108999"}],"version-history":[{"count":0,"href":"https:\/\/interamerica.org\/fr\/wp-json\/wp\/v2\/posts\/108999\/revisions"}],"wp:featuredmedia":[{"embeddable":true,"href":"https:\/\/interamerica.org\/fr\/wp-json\/wp\/v2\/media\/108930"}],"wp:attachment":[{"href":"https:\/\/interamerica.org\/fr\/wp-json\/wp\/v2\/media?parent=108999"}],"wp:term":[{"taxonomy":"category","embeddable":true,"href":"https:\/\/interamerica.org\/fr\/wp-json\/wp\/v2\/categories?post=108999"},{"taxonomy":"post_tag","embeddable":true,"href":"https:\/\/interamerica.org\/fr\/wp-json\/wp\/v2\/tags?post=108999"}],"curies":[{"name":"wp","href":"https:\/\/api.w.org\/{rel}","templated":true}]}}