{"id":109161,"date":"2024-01-23T08:25:51","date_gmt":"2024-01-23T13:25:51","guid":{"rendered":"https:\/\/interamerica.org\/?p=109161"},"modified":"2024-01-23T12:28:53","modified_gmt":"2024-01-23T17:28:53","slug":"en-ukraine-une-famille-deplacee-a-linterieur-du-pays-trouve-du-soutien-pour-redemarrer","status":"publish","type":"post","link":"https:\/\/interamerica.org\/fr\/2024\/01\/en-ukraine-une-famille-deplacee-a-linterieur-du-pays-trouve-du-soutien-pour-redemarrer\/","title":{"rendered":"En Ukraine, une famille d\u00e9plac\u00e9e \u00e0 l\u2019int\u00e9rieur du pays trouve du soutien pour red\u00e9marrer"},"content":{"rendered":"<h4>ADRA aide les familles \u00e0 s\u2019adapter et \u00e0 prosp\u00e9rer apr\u00e8s leur r\u00e9installation provoqu\u00e9e par la guerre en cours.<\/h4>\n<p>23 Janvier 2024 | Australie | ADRA Australie<\/p>\n<p>Tetiana, son fils Artem*, \u00e2g\u00e9 de dix ans, et la m\u00e8re \u00e0 la retraite de Tetiana ont \u00e9t\u00e9 contraints de d\u00e9m\u00e9nager lorsque la guerre est arriv\u00e9e dans leur ville natale de Kherson, en Ukraine. Peu avant la guerre, la famille a perdu celui qui \u00e9tait le gagne-pain de la famille, et Tetiana s\u2019est retrouv\u00e9e seule avec la responsabilit\u00e9 de subvenir aux besoins de sa famille.<\/p>\n<p>\u00ab La p\u00e9riode d\u2019adaptation dans la nouvelle ville a \u00e9t\u00e9 tr\u00e8s difficile financi\u00e8rement, psychologiquement et \u00e9motionnellement, \u00bb a dit Tetiana.<\/p>\n<p><div id=\"attachment_109129\" style=\"width: 900px\" class=\"wp-caption aligncenter\"><img fetchpriority=\"high\" decoding=\"async\" aria-describedby=\"caption-attachment-109129\" class=\" wp-image-109128\" src=\"https:\/\/interamerica.org\/wp-content\/uploads\/2024\/01\/ukraine-adra-ausrtralia-1024x587.jpeg\" alt=\"\" width=\"890\" height=\"510\" srcset=\"https:\/\/interamerica.org\/wp-content\/uploads\/2024\/01\/ukraine-adra-ausrtralia-1024x587.jpeg 1024w, https:\/\/interamerica.org\/wp-content\/uploads\/2024\/01\/ukraine-adra-ausrtralia-300x172.jpeg 300w, https:\/\/interamerica.org\/wp-content\/uploads\/2024\/01\/ukraine-adra-ausrtralia-768x440.jpeg 768w, https:\/\/interamerica.org\/wp-content\/uploads\/2024\/01\/ukraine-adra-ausrtralia.jpeg 1080w\" sizes=\"(max-width: 890px) 100vw, 890px\" \/><p id=\"caption-attachment-109129\" class=\"wp-caption-text\">Gr\u00e2ce \u00e0 ADRA, de jeunes \u00e9tudiants d\u00e9plac\u00e9s \u00e0 l\u2019int\u00e9rieur m\u00eame de l\u2019Ukraine, comme Artem, peuvent d\u00e9sormais fr\u00e9quenter une \u00e9cole adventiste. [Photo : ADRA Australie]<\/p><\/div>Dans leur nouvelle ville de Lviv, ils ont d\u00fb reconstruire leur vie \u00e0 partir de z\u00e9ro. Avec tant d\u2019autres Personnes D\u00e9plac\u00e9es \u00e0 l\u2019Int\u00e9rieur du pays (PDI) convergeant vers la ville, tout \u00e9tait un v\u00e9ritable d\u00e9fi, en particulier trouver un logement, un travail et une \u00e9cole o\u00f9 s\u2019inscrire. Lorsqu\u2019ils sont arriv\u00e9s \u00e0 Lviv, Artem faisait ses \u00e9tudes en ligne avec son \u00e9cole \u00e0 Kherson. Mais une frappe de missile a provoqu\u00e9 des coupures d\u2019\u00e9lectricit\u00e9 g\u00e9n\u00e9ralis\u00e9es pendant six mois et les cours en ligne d\u2019Artem ont \u00e9t\u00e9 annul\u00e9s. Sans acc\u00e8s \u00e0 l\u2019\u00e9ducation, Artem s\u2019est retrouv\u00e9 encore plus isol\u00e9 de ses pairs et risquait de prendre du retard dans ses \u00e9tudes.<\/p>\n<p>\u00ab Il \u00e9tait difficile de s\u2019inscrire dans une \u00e9cole \u00e0 Lviv, m\u00eame dans une \u00e9cole publique, \u00bb explique Tetiana.<\/p>\n<p>Heureusement, Tetiana a re\u00e7u le soutien de l\u2019Agence Adventiste de D\u00e9veloppement et de Secours (ADRA) pour aider Artem \u00e0 trouver une place dans une \u00e9cole adventiste locale.<\/p>\n<p><div id=\"attachment_109133\" style=\"width: 597px\" class=\"wp-caption aligncenter\"><img decoding=\"async\" aria-describedby=\"caption-attachment-109133\" class=\" wp-image-109132\" src=\"https:\/\/interamerica.org\/wp-content\/uploads\/2024\/01\/artem-tetiana-768x768-1.jpeg\" alt=\"\" width=\"587\" height=\"587\" srcset=\"https:\/\/interamerica.org\/wp-content\/uploads\/2024\/01\/artem-tetiana-768x768-1.jpeg 768w, https:\/\/interamerica.org\/wp-content\/uploads\/2024\/01\/artem-tetiana-768x768-1-300x300.jpeg 300w, https:\/\/interamerica.org\/wp-content\/uploads\/2024\/01\/artem-tetiana-768x768-1-150x150.jpeg 150w\" sizes=\"(max-width: 587px) 100vw, 587px\" \/><p id=\"caption-attachment-109133\" class=\"wp-caption-text\">Tetiana et Artem ont \u00e9t\u00e9 contraints de fuir leur ville natale de Kherson et vivent maintenant \u00e0 Lviv. [Photo : ADRA Australie]<\/p><\/div>\u00ab \u00c9tant une femme d\u00e9plac\u00e9e \u00e9levant seule un jeune enfant, je ne suis pas en mesure de financer l\u2019\u00e9ducation de mon fils dans une telle \u00e9cole sans parrainage, \u00bb a expliqu\u00e9 Tetiana. \u00ab Sans cette aide [d\u2019ADRA], Artem n\u2019aurait pas pu b\u00e9n\u00e9ficier d\u2019une \u00e9ducation de haute qualit\u00e9 et n\u2019aurait pas rencontr\u00e9 de nouveaux amis de son \u00e2ge. \u00bb<\/p>\n<p>L\u2019\u00e9cole d\u2019Artem est un m\u00e9lange d\u2019\u00e9tudiants locaux et de personnes d\u00e9plac\u00e9es. Cet \u00e9quilibre a aid\u00e9 Artem \u00e0 s\u2019adapter \u00e0 la vie \u00e0 Lviv tout en \u00e9tant entour\u00e9 de pairs qui comprennent tout ce qu\u2019il a travers\u00e9.<\/p>\n<p>\u00ab Il ne se sent pas seul dans son statut \u2018d\u2019enfant d\u00e9plac\u00e9\u2019 car il y a suffisamment d\u2019enfants dans sa classe et dans toute l\u2019\u00e9cole qui ont surv\u00e9cu \u00e0 la terreur de la guerre et qui ont trouv\u00e9 refuge ici, \u00bb explique Tetiana. \u00ab Pour ces enfants, qui ont \u00e9t\u00e9 contraints de quitter leur foyer, leur \u00e9cole, leurs amis et leurs professeurs, il est important de se retrouver dans une atmosph\u00e8re de soutien et de convivialit\u00e9, ce que nous avons trouv\u00e9 ici. \u00bb<\/p>\n<p><div id=\"attachment_109136\" style=\"width: 903px\" class=\"wp-caption aligncenter\"><img decoding=\"async\" aria-describedby=\"caption-attachment-109136\" class=\" wp-image-109135\" src=\"https:\/\/interamerica.org\/wp-content\/uploads\/2024\/01\/artem-tetiana-5-768x576-1.jpeg\" alt=\"\" width=\"893\" height=\"670\" srcset=\"https:\/\/interamerica.org\/wp-content\/uploads\/2024\/01\/artem-tetiana-5-768x576-1.jpeg 768w, https:\/\/interamerica.org\/wp-content\/uploads\/2024\/01\/artem-tetiana-5-768x576-1-300x225.jpeg 300w\" sizes=\"(max-width: 893px) 100vw, 893px\" \/><p id=\"caption-attachment-109136\" class=\"wp-caption-text\">Artem (\u00e0 droite devant) avec ses camarades de classe. [Photo : ADRA Australie]<\/p><\/div>Aller \u00e0 l\u2019\u00e9cole a aid\u00e9 Artem \u00e0 s\u2019adapter \u00e0 la vie \u00e0 Lviv.<\/p>\n<p>\u00ab Toute l\u2019\u00e9cole est comme une grande famille, o\u00f9 vous connaissez tout le monde et o\u00f9 vous vous sentez \u00e0 l\u2019aise et calme, \u00bb a dit Artem. \u00ab Les professeurs sont attentifs et bienveillants envers les enfants. \u00bb<\/p>\n<p>Tetiana a constat\u00e9 un changement positif chez son fils depuis qu\u2019il a commenc\u00e9 \u00e0 fr\u00e9quenter l\u2019\u00e9cole, gr\u00e2ce au soutien du directeur, des enseignants et du conseiller, et au fait qu\u2019il soit entour\u00e9 de ses pairs. \u00ab Son \u00e9tat \u00e9motionnel et psychologique s\u2019est consid\u00e9rablement am\u00e9lior\u00e9 par rapport \u00e0 ses d\u00e9buts \u00e0 l\u2019\u00e9cole, \u00bb a-t-elle dit.<\/p>\n<p>\u00ab J\u2019aime l\u2019\u00e9ducation physique et les cours appel\u00e9s \u2018Apprendre Ensemble,\u2019 o\u00f9 nous parlons de relations, \u00bb a dit Artem. \u00ab J\u2019aime aussi quand nous partons en excursion avec toute la classe. R\u00e9cemment, nous sommes all\u00e9s au Mus\u00e9e des Sciences, ce qui \u00e9tait tr\u00e8s cool.<\/p>\n<p><div id=\"attachment_109142\" style=\"width: 921px\" class=\"wp-caption aligncenter\"><img loading=\"lazy\" decoding=\"async\" aria-describedby=\"caption-attachment-109142\" class=\" wp-image-109141\" src=\"https:\/\/interamerica.org\/wp-content\/uploads\/2024\/01\/artem-tetiana-4-768x512-1.jpeg\" alt=\"\" width=\"911\" height=\"607\" srcset=\"https:\/\/interamerica.org\/wp-content\/uploads\/2024\/01\/artem-tetiana-4-768x512-1.jpeg 768w, https:\/\/interamerica.org\/wp-content\/uploads\/2024\/01\/artem-tetiana-4-768x512-1-300x200.jpeg 300w\" sizes=\"(max-width: 911px) 100vw, 911px\" \/><p id=\"caption-attachment-109142\" class=\"wp-caption-text\">La peinture faite par Artem dans son cours d\u2019art \u00e0 l\u2019\u00e9cole. [Photo : ADRA Australie]<\/p><\/div>\u00ab J\u2019aime passer du temps avec mes amis dans la cour de l\u2019\u00e9cole, \u00bb a dit Artem. \u00ab Maintenant, je r\u00eave soit de devenir footballeur professionnel, soit de cr\u00e9er ma propre entreprise. \u00bb<\/p>\n<p>Artem a dit qu\u2019une fois devenu un joueur de football de premier plan ou un homme d\u2019affaires prosp\u00e8re, il souhaite aider les autres de la m\u00eame mani\u00e8re qu\u2019il a \u00e9t\u00e9 aid\u00e9.<\/p>\n<p>La version originale de ce r\u00e9cit a \u00e9t\u00e9 publi\u00e9e par ADRA Australie.<\/p>\n<p>____________________________<\/p>\n<p>* Nom modifi\u00e9 pour des raisons li\u00e9es \u00e0 la protection de l\u2019enfance.<\/p>\n<p>Traduction: Patrick Luciathe<\/p>\n","protected":false},"excerpt":{"rendered":"<p>ADRA aide les familles \u00e0 s\u2019adapter et \u00e0 prosp\u00e9rer apr\u00e8s leur r\u00e9installation provoqu\u00e9e par la guerre en cours. 23 Janvier 2024 | Australie | ADRA Australie Tetiana, son fils Artem*,&#8230;<\/p>\n","protected":false},"author":3,"featured_media":109129,"comment_status":"closed","ping_status":"closed","sticky":false,"template":"","format":"standard","meta":{"_acf_changed":false,"footnotes":""},"categories":[18,19],"tags":[],"class_list":["post-109161","post","type-post","status-publish","format-standard","has-post-thumbnail","hentry","category-nouvelles-de-leglise-mondiale","category-rss-francais"],"acf":[],"yoast_head":"<!-- This site is optimized with the Yoast SEO plugin v27.3 - https:\/\/yoast.com\/product\/yoast-seo-wordpress\/ -->\n<title>En Ukraine, une famille d\u00e9plac\u00e9e \u00e0 l\u2019int\u00e9rieur du pays trouve du soutien pour red\u00e9marrer - \u00c9glise Adventiste Du Septieme Jour - Inter Am\u00e9rique Division<\/title>\n<meta name=\"robots\" content=\"index, follow, max-snippet:-1, max-image-preview:large, max-video-preview:-1\" \/>\n<link rel=\"canonical\" href=\"https:\/\/interamerica.org\/fr\/2024\/01\/en-ukraine-une-famille-deplacee-a-linterieur-du-pays-trouve-du-soutien-pour-redemarrer\/\" \/>\n<meta property=\"og:locale\" content=\"fr_FR\" \/>\n<meta property=\"og:type\" content=\"article\" \/>\n<meta property=\"og:title\" content=\"En Ukraine, une famille d\u00e9plac\u00e9e \u00e0 l\u2019int\u00e9rieur du pays trouve du soutien pour red\u00e9marrer - \u00c9glise Adventiste Du Septieme Jour - Inter Am\u00e9rique Division\" \/>\n<meta property=\"og:description\" content=\"ADRA aide les familles \u00e0 s\u2019adapter et \u00e0 prosp\u00e9rer apr\u00e8s leur r\u00e9installation provoqu\u00e9e par la guerre en cours. 23 Janvier 2024 | Australie | ADRA Australie Tetiana, son fils Artem*,...\" \/>\n<meta property=\"og:url\" content=\"https:\/\/interamerica.org\/fr\/2024\/01\/en-ukraine-une-famille-deplacee-a-linterieur-du-pays-trouve-du-soutien-pour-redemarrer\/\" \/>\n<meta property=\"og:site_name\" content=\"\u00c9glise Adventiste Du Septieme Jour - Inter Am\u00e9rique Division\" \/>\n<meta property=\"article:published_time\" content=\"2024-01-23T13:25:51+00:00\" \/>\n<meta property=\"article:modified_time\" content=\"2024-01-23T17:28:53+00:00\" \/>\n<meta property=\"og:image\" content=\"https:\/\/interamerica.org\/wp-content\/uploads\/2024\/01\/ukraine-adra-ausrtralia.jpeg\" \/>\n\t<meta property=\"og:image:width\" content=\"1080\" \/>\n\t<meta property=\"og:image:height\" content=\"619\" \/>\n\t<meta property=\"og:image:type\" content=\"image\/jpeg\" \/>\n<meta name=\"author\" content=\"libna\" \/>\n<meta name=\"twitter:card\" content=\"summary_large_image\" \/>\n<meta name=\"twitter:label1\" content=\"\u00c9crit par\" \/>\n\t<meta name=\"twitter:data1\" content=\"libna\" \/>\n\t<meta name=\"twitter:label2\" content=\"Dur\u00e9e de lecture estim\u00e9e\" \/>\n\t<meta name=\"twitter:data2\" content=\"5 minutes\" \/>\n<script type=\"application\/ld+json\" class=\"yoast-schema-graph\">{\"@context\":\"https:\\\/\\\/schema.org\",\"@graph\":[{\"@type\":\"Article\",\"@id\":\"https:\\\/\\\/interamerica.org\\\/fr\\\/2024\\\/01\\\/en-ukraine-une-famille-deplacee-a-linterieur-du-pays-trouve-du-soutien-pour-redemarrer\\\/#article\",\"isPartOf\":{\"@id\":\"https:\\\/\\\/interamerica.org\\\/fr\\\/2024\\\/01\\\/en-ukraine-une-famille-deplacee-a-linterieur-du-pays-trouve-du-soutien-pour-redemarrer\\\/\"},\"author\":{\"name\":\"libna\",\"@id\":\"https:\\\/\\\/interamerica.org\\\/fr\\\/#\\\/schema\\\/person\\\/29998f2bc2d8bd0d38662909289b54f1\"},\"headline\":\"En Ukraine, une famille d\u00e9plac\u00e9e \u00e0 l\u2019int\u00e9rieur du pays trouve du soutien pour red\u00e9marrer\",\"datePublished\":\"2024-01-23T13:25:51+00:00\",\"dateModified\":\"2024-01-23T17:28:53+00:00\",\"mainEntityOfPage\":{\"@id\":\"https:\\\/\\\/interamerica.org\\\/fr\\\/2024\\\/01\\\/en-ukraine-une-famille-deplacee-a-linterieur-du-pays-trouve-du-soutien-pour-redemarrer\\\/\"},\"wordCount\":850,\"image\":{\"@id\":\"https:\\\/\\\/interamerica.org\\\/fr\\\/2024\\\/01\\\/en-ukraine-une-famille-deplacee-a-linterieur-du-pays-trouve-du-soutien-pour-redemarrer\\\/#primaryimage\"},\"thumbnailUrl\":\"https:\\\/\\\/interamerica.org\\\/wp-content\\\/uploads\\\/2024\\\/01\\\/ukraine-adra-ausrtralia.jpeg\",\"articleSection\":[\"Nouvelles de l'\u00c9glise mondiale\",\"RSS Fran\u00e7ais\"],\"inLanguage\":\"fr-FR\"},{\"@type\":\"WebPage\",\"@id\":\"https:\\\/\\\/interamerica.org\\\/fr\\\/2024\\\/01\\\/en-ukraine-une-famille-deplacee-a-linterieur-du-pays-trouve-du-soutien-pour-redemarrer\\\/\",\"url\":\"https:\\\/\\\/interamerica.org\\\/fr\\\/2024\\\/01\\\/en-ukraine-une-famille-deplacee-a-linterieur-du-pays-trouve-du-soutien-pour-redemarrer\\\/\",\"name\":\"En Ukraine, une famille d\u00e9plac\u00e9e \u00e0 l\u2019int\u00e9rieur du pays trouve du soutien pour red\u00e9marrer - \u00c9glise Adventiste Du Septieme Jour - Inter Am\u00e9rique Division\",\"isPartOf\":{\"@id\":\"https:\\\/\\\/interamerica.org\\\/fr\\\/#website\"},\"primaryImageOfPage\":{\"@id\":\"https:\\\/\\\/interamerica.org\\\/fr\\\/2024\\\/01\\\/en-ukraine-une-famille-deplacee-a-linterieur-du-pays-trouve-du-soutien-pour-redemarrer\\\/#primaryimage\"},\"image\":{\"@id\":\"https:\\\/\\\/interamerica.org\\\/fr\\\/2024\\\/01\\\/en-ukraine-une-famille-deplacee-a-linterieur-du-pays-trouve-du-soutien-pour-redemarrer\\\/#primaryimage\"},\"thumbnailUrl\":\"https:\\\/\\\/interamerica.org\\\/wp-content\\\/uploads\\\/2024\\\/01\\\/ukraine-adra-ausrtralia.jpeg\",\"datePublished\":\"2024-01-23T13:25:51+00:00\",\"dateModified\":\"2024-01-23T17:28:53+00:00\",\"author\":{\"@id\":\"https:\\\/\\\/interamerica.org\\\/fr\\\/#\\\/schema\\\/person\\\/29998f2bc2d8bd0d38662909289b54f1\"},\"breadcrumb\":{\"@id\":\"https:\\\/\\\/interamerica.org\\\/fr\\\/2024\\\/01\\\/en-ukraine-une-famille-deplacee-a-linterieur-du-pays-trouve-du-soutien-pour-redemarrer\\\/#breadcrumb\"},\"inLanguage\":\"fr-FR\",\"potentialAction\":[{\"@type\":\"ReadAction\",\"target\":[\"https:\\\/\\\/interamerica.org\\\/fr\\\/2024\\\/01\\\/en-ukraine-une-famille-deplacee-a-linterieur-du-pays-trouve-du-soutien-pour-redemarrer\\\/\"]}]},{\"@type\":\"ImageObject\",\"inLanguage\":\"fr-FR\",\"@id\":\"https:\\\/\\\/interamerica.org\\\/fr\\\/2024\\\/01\\\/en-ukraine-une-famille-deplacee-a-linterieur-du-pays-trouve-du-soutien-pour-redemarrer\\\/#primaryimage\",\"url\":\"https:\\\/\\\/interamerica.org\\\/wp-content\\\/uploads\\\/2024\\\/01\\\/ukraine-adra-ausrtralia.jpeg\",\"contentUrl\":\"https:\\\/\\\/interamerica.org\\\/wp-content\\\/uploads\\\/2024\\\/01\\\/ukraine-adra-ausrtralia.jpeg\",\"width\":1080,\"height\":619,\"caption\":\"Thanks to ADRA, internally displaced young students in Ukraine such as Artem can now attend an Adventist school. [Photo: ADRA Australia]\"},{\"@type\":\"BreadcrumbList\",\"@id\":\"https:\\\/\\\/interamerica.org\\\/fr\\\/2024\\\/01\\\/en-ukraine-une-famille-deplacee-a-linterieur-du-pays-trouve-du-soutien-pour-redemarrer\\\/#breadcrumb\",\"itemListElement\":[{\"@type\":\"ListItem\",\"position\":1,\"name\":\"Home\",\"item\":\"https:\\\/\\\/interamerica.org\\\/fr\\\/\"},{\"@type\":\"ListItem\",\"position\":2,\"name\":\"En Ukraine, une famille d\u00e9plac\u00e9e \u00e0 l\u2019int\u00e9rieur du pays trouve du soutien pour red\u00e9marrer\"}]},{\"@type\":\"WebSite\",\"@id\":\"https:\\\/\\\/interamerica.org\\\/fr\\\/#website\",\"url\":\"https:\\\/\\\/interamerica.org\\\/fr\\\/\",\"name\":\"\u00c9glise Adventiste Du Septieme Jour - Inter Am\u00e9rique Division\",\"description\":\"\",\"potentialAction\":[{\"@type\":\"SearchAction\",\"target\":{\"@type\":\"EntryPoint\",\"urlTemplate\":\"https:\\\/\\\/interamerica.org\\\/fr\\\/?s={search_term_string}\"},\"query-input\":{\"@type\":\"PropertyValueSpecification\",\"valueRequired\":true,\"valueName\":\"search_term_string\"}}],\"inLanguage\":\"fr-FR\"},{\"@type\":\"Person\",\"@id\":\"https:\\\/\\\/interamerica.org\\\/fr\\\/#\\\/schema\\\/person\\\/29998f2bc2d8bd0d38662909289b54f1\",\"name\":\"libna\",\"image\":{\"@type\":\"ImageObject\",\"inLanguage\":\"fr-FR\",\"@id\":\"https:\\\/\\\/secure.gravatar.com\\\/avatar\\\/7c5bd30ae4b47a9ba3c856590957fd1d96dc588bf3ac05719d247e126840331f?s=96&d=mm&r=g\",\"url\":\"https:\\\/\\\/secure.gravatar.com\\\/avatar\\\/7c5bd30ae4b47a9ba3c856590957fd1d96dc588bf3ac05719d247e126840331f?s=96&d=mm&r=g\",\"contentUrl\":\"https:\\\/\\\/secure.gravatar.com\\\/avatar\\\/7c5bd30ae4b47a9ba3c856590957fd1d96dc588bf3ac05719d247e126840331f?s=96&d=mm&r=g\",\"caption\":\"libna\"}}]}<\/script>\n<!-- \/ Yoast SEO plugin. -->","yoast_head_json":{"title":"En Ukraine, une famille d\u00e9plac\u00e9e \u00e0 l\u2019int\u00e9rieur du pays trouve du soutien pour red\u00e9marrer - \u00c9glise Adventiste Du Septieme Jour - Inter Am\u00e9rique Division","robots":{"index":"index","follow":"follow","max-snippet":"max-snippet:-1","max-image-preview":"max-image-preview:large","max-video-preview":"max-video-preview:-1"},"canonical":"https:\/\/interamerica.org\/fr\/2024\/01\/en-ukraine-une-famille-deplacee-a-linterieur-du-pays-trouve-du-soutien-pour-redemarrer\/","og_locale":"fr_FR","og_type":"article","og_title":"En Ukraine, une famille d\u00e9plac\u00e9e \u00e0 l\u2019int\u00e9rieur du pays trouve du soutien pour red\u00e9marrer - \u00c9glise Adventiste Du Septieme Jour - Inter Am\u00e9rique Division","og_description":"ADRA aide les familles \u00e0 s\u2019adapter et \u00e0 prosp\u00e9rer apr\u00e8s leur r\u00e9installation provoqu\u00e9e par la guerre en cours. 23 Janvier 2024 | Australie | ADRA Australie Tetiana, son fils Artem*,...","og_url":"https:\/\/interamerica.org\/fr\/2024\/01\/en-ukraine-une-famille-deplacee-a-linterieur-du-pays-trouve-du-soutien-pour-redemarrer\/","og_site_name":"\u00c9glise Adventiste Du Septieme Jour - Inter Am\u00e9rique Division","article_published_time":"2024-01-23T13:25:51+00:00","article_modified_time":"2024-01-23T17:28:53+00:00","og_image":[{"width":1080,"height":619,"url":"https:\/\/interamerica.org\/wp-content\/uploads\/2024\/01\/ukraine-adra-ausrtralia.jpeg","type":"image\/jpeg"}],"author":"libna","twitter_card":"summary_large_image","twitter_misc":{"\u00c9crit par":"libna","Dur\u00e9e de lecture estim\u00e9e":"5 minutes"},"schema":{"@context":"https:\/\/schema.org","@graph":[{"@type":"Article","@id":"https:\/\/interamerica.org\/fr\/2024\/01\/en-ukraine-une-famille-deplacee-a-linterieur-du-pays-trouve-du-soutien-pour-redemarrer\/#article","isPartOf":{"@id":"https:\/\/interamerica.org\/fr\/2024\/01\/en-ukraine-une-famille-deplacee-a-linterieur-du-pays-trouve-du-soutien-pour-redemarrer\/"},"author":{"name":"libna","@id":"https:\/\/interamerica.org\/fr\/#\/schema\/person\/29998f2bc2d8bd0d38662909289b54f1"},"headline":"En Ukraine, une famille d\u00e9plac\u00e9e \u00e0 l\u2019int\u00e9rieur du pays trouve du soutien pour red\u00e9marrer","datePublished":"2024-01-23T13:25:51+00:00","dateModified":"2024-01-23T17:28:53+00:00","mainEntityOfPage":{"@id":"https:\/\/interamerica.org\/fr\/2024\/01\/en-ukraine-une-famille-deplacee-a-linterieur-du-pays-trouve-du-soutien-pour-redemarrer\/"},"wordCount":850,"image":{"@id":"https:\/\/interamerica.org\/fr\/2024\/01\/en-ukraine-une-famille-deplacee-a-linterieur-du-pays-trouve-du-soutien-pour-redemarrer\/#primaryimage"},"thumbnailUrl":"https:\/\/interamerica.org\/wp-content\/uploads\/2024\/01\/ukraine-adra-ausrtralia.jpeg","articleSection":["Nouvelles de l'\u00c9glise mondiale","RSS Fran\u00e7ais"],"inLanguage":"fr-FR"},{"@type":"WebPage","@id":"https:\/\/interamerica.org\/fr\/2024\/01\/en-ukraine-une-famille-deplacee-a-linterieur-du-pays-trouve-du-soutien-pour-redemarrer\/","url":"https:\/\/interamerica.org\/fr\/2024\/01\/en-ukraine-une-famille-deplacee-a-linterieur-du-pays-trouve-du-soutien-pour-redemarrer\/","name":"En Ukraine, une famille d\u00e9plac\u00e9e \u00e0 l\u2019int\u00e9rieur du pays trouve du soutien pour red\u00e9marrer - \u00c9glise Adventiste Du Septieme Jour - Inter Am\u00e9rique Division","isPartOf":{"@id":"https:\/\/interamerica.org\/fr\/#website"},"primaryImageOfPage":{"@id":"https:\/\/interamerica.org\/fr\/2024\/01\/en-ukraine-une-famille-deplacee-a-linterieur-du-pays-trouve-du-soutien-pour-redemarrer\/#primaryimage"},"image":{"@id":"https:\/\/interamerica.org\/fr\/2024\/01\/en-ukraine-une-famille-deplacee-a-linterieur-du-pays-trouve-du-soutien-pour-redemarrer\/#primaryimage"},"thumbnailUrl":"https:\/\/interamerica.org\/wp-content\/uploads\/2024\/01\/ukraine-adra-ausrtralia.jpeg","datePublished":"2024-01-23T13:25:51+00:00","dateModified":"2024-01-23T17:28:53+00:00","author":{"@id":"https:\/\/interamerica.org\/fr\/#\/schema\/person\/29998f2bc2d8bd0d38662909289b54f1"},"breadcrumb":{"@id":"https:\/\/interamerica.org\/fr\/2024\/01\/en-ukraine-une-famille-deplacee-a-linterieur-du-pays-trouve-du-soutien-pour-redemarrer\/#breadcrumb"},"inLanguage":"fr-FR","potentialAction":[{"@type":"ReadAction","target":["https:\/\/interamerica.org\/fr\/2024\/01\/en-ukraine-une-famille-deplacee-a-linterieur-du-pays-trouve-du-soutien-pour-redemarrer\/"]}]},{"@type":"ImageObject","inLanguage":"fr-FR","@id":"https:\/\/interamerica.org\/fr\/2024\/01\/en-ukraine-une-famille-deplacee-a-linterieur-du-pays-trouve-du-soutien-pour-redemarrer\/#primaryimage","url":"https:\/\/interamerica.org\/wp-content\/uploads\/2024\/01\/ukraine-adra-ausrtralia.jpeg","contentUrl":"https:\/\/interamerica.org\/wp-content\/uploads\/2024\/01\/ukraine-adra-ausrtralia.jpeg","width":1080,"height":619,"caption":"Thanks to ADRA, internally displaced young students in Ukraine such as Artem can now attend an Adventist school. [Photo: ADRA Australia]"},{"@type":"BreadcrumbList","@id":"https:\/\/interamerica.org\/fr\/2024\/01\/en-ukraine-une-famille-deplacee-a-linterieur-du-pays-trouve-du-soutien-pour-redemarrer\/#breadcrumb","itemListElement":[{"@type":"ListItem","position":1,"name":"Home","item":"https:\/\/interamerica.org\/fr\/"},{"@type":"ListItem","position":2,"name":"En Ukraine, une famille d\u00e9plac\u00e9e \u00e0 l\u2019int\u00e9rieur du pays trouve du soutien pour red\u00e9marrer"}]},{"@type":"WebSite","@id":"https:\/\/interamerica.org\/fr\/#website","url":"https:\/\/interamerica.org\/fr\/","name":"\u00c9glise Adventiste Du Septieme Jour - Inter Am\u00e9rique Division","description":"","potentialAction":[{"@type":"SearchAction","target":{"@type":"EntryPoint","urlTemplate":"https:\/\/interamerica.org\/fr\/?s={search_term_string}"},"query-input":{"@type":"PropertyValueSpecification","valueRequired":true,"valueName":"search_term_string"}}],"inLanguage":"fr-FR"},{"@type":"Person","@id":"https:\/\/interamerica.org\/fr\/#\/schema\/person\/29998f2bc2d8bd0d38662909289b54f1","name":"libna","image":{"@type":"ImageObject","inLanguage":"fr-FR","@id":"https:\/\/secure.gravatar.com\/avatar\/7c5bd30ae4b47a9ba3c856590957fd1d96dc588bf3ac05719d247e126840331f?s=96&d=mm&r=g","url":"https:\/\/secure.gravatar.com\/avatar\/7c5bd30ae4b47a9ba3c856590957fd1d96dc588bf3ac05719d247e126840331f?s=96&d=mm&r=g","contentUrl":"https:\/\/secure.gravatar.com\/avatar\/7c5bd30ae4b47a9ba3c856590957fd1d96dc588bf3ac05719d247e126840331f?s=96&d=mm&r=g","caption":"libna"}}]}},"_links":{"self":[{"href":"https:\/\/interamerica.org\/fr\/wp-json\/wp\/v2\/posts\/109161","targetHints":{"allow":["GET"]}}],"collection":[{"href":"https:\/\/interamerica.org\/fr\/wp-json\/wp\/v2\/posts"}],"about":[{"href":"https:\/\/interamerica.org\/fr\/wp-json\/wp\/v2\/types\/post"}],"author":[{"embeddable":true,"href":"https:\/\/interamerica.org\/fr\/wp-json\/wp\/v2\/users\/3"}],"replies":[{"embeddable":true,"href":"https:\/\/interamerica.org\/fr\/wp-json\/wp\/v2\/comments?post=109161"}],"version-history":[{"count":0,"href":"https:\/\/interamerica.org\/fr\/wp-json\/wp\/v2\/posts\/109161\/revisions"}],"wp:featuredmedia":[{"embeddable":true,"href":"https:\/\/interamerica.org\/fr\/wp-json\/wp\/v2\/media\/109129"}],"wp:attachment":[{"href":"https:\/\/interamerica.org\/fr\/wp-json\/wp\/v2\/media?parent=109161"}],"wp:term":[{"taxonomy":"category","embeddable":true,"href":"https:\/\/interamerica.org\/fr\/wp-json\/wp\/v2\/categories?post=109161"},{"taxonomy":"post_tag","embeddable":true,"href":"https:\/\/interamerica.org\/fr\/wp-json\/wp\/v2\/tags?post=109161"}],"curies":[{"name":"wp","href":"https:\/\/api.w.org\/{rel}","templated":true}]}}