{"id":109163,"date":"2024-01-21T20:34:58","date_gmt":"2024-01-22T01:34:58","guid":{"rendered":"https:\/\/interamerica.org\/?p=109163"},"modified":"2024-01-24T09:28:16","modified_gmt":"2024-01-24T14:28:16","slug":"au-commencement","status":"publish","type":"post","link":"https:\/\/interamerica.org\/fr\/2024\/01\/au-commencement\/","title":{"rendered":"Au commencement"},"content":{"rendered":"<h4><b>Une cause, un mouvement, un peuple et un \u00ab\u00a0petit journal\u00a0\u00bb<\/b><\/h4>\n<p><span style=\"font-weight: 400;\">Le 21 janvier 2024 | Silver Spring, Maryland, \u00c9tats-Unis | Merle Poirier, <\/span><i><span style=\"font-weight: 400;\">Adventist Review<\/span><\/i><\/p>\n<p><span style=\"font-weight: 400;\">Raconter l\u2019histoire du <\/span><i><span style=\"font-weight: 400;\">Review<\/span><\/i><span style=\"font-weight: 400;\">, c\u2019est r\u00e9v\u00e9ler les d\u00e9buts d\u2019un mouvement et des personnes qui ont consacr\u00e9 leur vie \u00e0 sa cause, car ces \u00e9l\u00e9ments sont inextricablement li\u00e9s. James White est n\u00e9 dans une famille de fermiers du Maine en 1812. Enfant souvent malade, l\u2019une de ses maladies l\u2019a rendu strabique. Ainsi, bien qu\u2019il tentait d\u2019aller \u00e0 l\u2019\u00e9cole, tous ses efforts pour apprendre \u00e0 lire \u00e9taient peine perdue. On l\u2019a finalement envoy\u00e9 \u00e0 la maison pour travailler sur la ferme.<\/span><\/p>\n<p><span style=\"font-weight: 400;\">Le jeune homme costaud de six pieds (1,83 m) qu\u2019il \u00e9tait faisait de lui une grande aide pour son p\u00e8re dans les champs. Miraculeusement, vers la fin de son adolescence, ses yeux ont cess\u00e9 de loucher, et \u00e0 l\u2019\u00e2ge de 19 ans, il s\u2019est inscrit \u00e0 l\u2019\u00e9cole locale. Il devait \u00eatre \u00e9trange de voir ce grand adolescent muscl\u00e9 assis parmi les petits \u00e9l\u00e8ves, mais il s\u2019est assis, d\u00e9termin\u00e9 \u00e0 rattraper le temps perdu. Et sa t\u00e9nacit\u00e9, plus tard r\u00e9v\u00e9l\u00e9e comme un fort trait de personnalit\u00e9, lui a permis de terminer toute son \u00e9ducation primaire en 12\u00a0semaines. \u00c0 la fin, son enseignante ne lui a pas seulement d\u00e9cern\u00e9 un certificat d\u2019accomplissement, mais \u00e9galement un dipl\u00f4me disant qu\u2019il \u00e9tait apte \u00e0 l\u2019enseignement!\u00a0<\/span><\/p>\n<p><span style=\"font-weight: 400;\">Il a donc accept\u00e9 un poste d\u2019enseignant l\u2019ann\u00e9e suivante. De plus, il s\u2019est inscrit \u00e0 l\u2019\u00e9cole m\u00e9thodiste pour compl\u00e9ter son \u00e9ducation secondaire, l\u00e0 o\u00f9 il a pass\u00e9 29 semaines, les yeux riv\u00e9s sur l\u2019universit\u00e9. \u00c0 un semestre de cet accomplissement, sa vie a pris une direction inattendue et il ne se doutait pas alors que c\u2019est ainsi que se terminerait son \u00e9ducation formelle\u00a0\u2014 totalisant moins d\u2019une ann\u00e9e.<\/span><\/p>\n<p><span style=\"font-weight: 400;\">Lors d\u2019une r\u00e9union adventiste en 1842, il a \u00e9t\u00e9 convaincu que J\u00e9sus reviendrait bient\u00f4t. Il a promis de faire tout son possible pour avertir les autres. Entamant une tourn\u00e9e du Maine pour pr\u00eacher, M. White a fait les voyages n\u00e9cessaires dans la chaleur de l\u2019\u00e9t\u00e9 comme dans le froid de l\u2019hiver, ne portant parfois qu\u2019un mince manteau, \u00e9tant parfois malade et son cheval \u00e9tant parfois tr\u00e8s fatigu\u00e9. Il passait d\u2019\u00e9cole en \u00e9cole, o\u00f9 en quatre mois, il a \u00e9t\u00e9 rapport\u00e9 que 1\u00a0000\u00a0personnes se sont jointes au mouvement gr\u00e2ce \u00e0 ses efforts.<\/span><\/p>\n<p><span style=\"font-weight: 400;\">Il a ensuite rencontr\u00e9 Ellen Harmon, une jeune femme ayant re\u00e7u un don proph\u00e9tique. Il a cru en ses visions et l\u2019a accompagn\u00e9e de lieu en lieu, jusqu\u2019\u00e0 ce que des rumeurs commencent \u00e0 circuler, disant que ce qu\u2019ils faisaient \u00e9tait indigne. Elle avait besoin de lui, et lui d\u2019elle, alors la solution \u00e9vidente \u00e9tait de se marier, ce qu\u2019ils ont fait en 1846. Puis, en 1848, sa femme lui a donn\u00e9 un message de Dieu l\u2019incitant \u00e0 publier un \u00ab\u00a0petit journal\u00a0\u00bb. \u00c0 l\u2019\u00e9t\u00e9 de 1849, nous le trouvons en train de r\u00e9fl\u00e9chir au message \u00e0 \u00e9crire dans le journal qu\u2019il appellerait<\/span><i><span style=\"font-weight: 400;\"> The Present Truth<\/span><\/i><span style=\"font-weight: 400;\"> (\u00ab\u00a0La v\u00e9rit\u00e9 pr\u00e9sente\u00a0\u00bb).<\/span><\/p>\n<p><b>Le fardeau de la publication<\/b><\/p>\n<p><span style=\"font-weight: 400;\">Ce n\u2019\u00e9tait pas facile. Il n\u2019\u00e9tait pas le seul r\u00e9dacteur, mais il \u00e9tait l\u2019\u00e9diteur et le g\u00e9rant de l\u2019exp\u00e9dition et de la production. Il fallait marcher huit miles (pr\u00e8s de 13 km) pour apporter le mat\u00e9riel \u00e0 l\u2019imprimerie de Middletown, au Connecticut, et la m\u00eame distance pour ramener le petit journal \u00e0 Rocky Hill. L\u00e0, le petit groupe priait sur les 1\u00a0000\u00a0exemplaires, puis les pliait et les adressait \u00e0 la main. James repartait ensuite faire le m\u00eame trajet pour les mettre \u00e0 la poste.<\/span><\/p>\n<p><span style=\"font-weight: 400;\">Le <\/span><i><span style=\"font-weight: 400;\">Present Truth<\/span><\/i><span style=\"font-weight: 400;\"> a ult\u00e9rieurement c\u00e9d\u00e9 ses droits \u00e0 une publication r\u00e9vis\u00e9e ayant re\u00e7u un nouveau nom, le <\/span><i><span style=\"font-weight: 400;\">Second Advent Review and Sabbath Herald<\/span><\/i><span style=\"font-weight: 400;\">, dont la nouvelle intention \u00e9tait pr\u00e9cis\u00e9ment de porter la v\u00e9rit\u00e9 adventiste et l\u2019observance du sabbat. Il \u00e9tait gratuit, mais les lecteurs \u00e9taient encourag\u00e9s \u00e0 donner ce qu\u2019ils pouvaient. Le fardeau financier et les lettres parfois critiques des lecteurs mena\u00e7aient souvent l\u2019arr\u00eat des publications. Six fois, James a jur\u00e9 que c\u2019\u00e9tait termin\u00e9, mais chaque fois, Dieu est intervenu pour lui demander de continuer.<\/span><\/p>\n<p><span style=\"font-weight: 400;\">En 1851, les White sont d\u00e9m\u00e9nag\u00e9s \u00e0 Saratoga Springs, dans l\u2019\u00c9tat de New York, emportant avec eux l\u2019entreprise de publication. Une jeune femme du nom de Annie Smith a envoy\u00e9 un po\u00e8me \u00e0 \u00eatre publi\u00e9. Intrigu\u00e9, James lui a offert un poste au journal. M<\/span><span style=\"font-weight: 400;\">me<\/span><span style=\"font-weight: 400;\"> Smith a donc pris la rel\u00e8ve comme gestionnaire du journal, permettant \u00e0 James et \u00e0 Ellen White de se d\u00e9placer pour pr\u00eacher. Mais le fardeau du travail d\u2019\u00e9dition s\u2019\u00e9tait r\u00e9percut\u00e9 sur James.<\/span><\/p>\n<p><span style=\"font-weight: 400;\">\u00ab\u00a0Nous allons particuli\u00e8rement bien, tous sauf moi, avait-il \u00e9crit. Je ne pourrai pas endurer encore bien longtemps les d\u00e9placements et le travail d\u2019\u00e9dition. Mercredi soir, nous avons travaill\u00e9 jusqu\u2019\u00e0 deux heures du matin pour plier et emballer le n<\/span><span style=\"font-weight: 400;\">o<\/span><span style=\"font-weight: 400;\"> 12 du <\/span><i><span style=\"font-weight: 400;\">Review and Herald<\/span><\/i><span style=\"font-weight: 400;\">; puis je me suis couch\u00e9 et j\u2019ai touss\u00e9 jusqu\u2019au lever du jour. Priez pour moi. La cause prosp\u00e8re de mani\u00e8re glorieuse. Peut-\u00eatre le Seigneur n\u2019aura-t-il bient\u00f4t plus besoin de moi et me laissera-t-il me reposer dans ma tombe. J\u2019aimerais \u00eatre lib\u00e9r\u00e9 du journal. Je l\u2019ai d\u00e9fendu dans l\u2019extr\u00eame adversit\u00e9; et maintenant qu\u2019il a de nombreux amis, je me sens libre de le quitter, si seulement nous pouvions trouver quelqu\u2019un pour s\u2019en occuper. J\u2019esp\u00e8re pouvoir y voir clair. Que le Seigneur nous dirige.\u00a0\u00bb1<\/span><\/p>\n<p><b>\u00ab\u00a0U. S.\u00a0\u00bb<\/b><\/p>\n<p><span style=\"font-weight: 400;\">Cette personne a \u00e9t\u00e9 trouv\u00e9e en Uriah Smith, qui, en 1853, \u00e0 l\u2019\u00e2ge de 21 ans, est venu travailler pour le bureau du <\/span><i><span style=\"font-weight: 400;\">Review<\/span><\/i><span style=\"font-weight: 400;\">. Sa premi\u00e8re t\u00e2che fut de faire fonctionner la presse \u00e0 bras. En 1854, il \u00e9tait membre du comit\u00e9 d\u2019\u00e9dition et \u00e9tait aussi devenu r\u00e9viseur, commis de poste, commis d\u2019exp\u00e9dition, tr\u00e9sorier, caissier, comptable et parfois r\u00e9dacteur. En 1855, apr\u00e8s le d\u00e9m\u00e9nagement \u00e0 Battle Creek, au Michigan, James a renonc\u00e9 \u00e0 son r\u00f4le \u00e0 cause de ses probl\u00e8mes de sant\u00e9. Et c\u2019est M.\u00a0Smith qui est devenu le \u00ab\u00a0r\u00e9dacteur en chef\u00a0\u00bb \u00e0 l\u2019\u00e2ge de 23 ans, travaillant avec cinq r\u00e9dacteurs de correspondance, soit J. N. Andrews, James White, J. H. Waggoner, R. F. Cottrell et Stephen Pierce.<\/span><\/p>\n<p><span style=\"font-weight: 400;\">\u00ab\u00a0Je n\u2019accepte pas ce poste pour la facilit\u00e9, le confort ou le gain financier, car j\u2019ai vu, de par mon exp\u00e9rience au <\/span><i><span style=\"font-weight: 400;\">Review<\/span><\/i><span style=\"font-weight: 400;\"> jusqu\u2019ici, qu\u2019aucune de ces choses ne se trouve ici. Mais il y a des fardeaux \u00e0 porter, il y a des sacrifices \u00e0 faire et il est de notre devoir, \u00e0 chacun de nous, \u00e0 la lumi\u00e8re de la v\u00e9rit\u00e9 pr\u00e9sente, de bien vouloir, avec entrain, faire notre possible dans la cause de Dieu\u00a0\u00bb, a \u00e9crit Uriah Smith dans le premier num\u00e9ro dont il \u00e9tait le r\u00e9dacteur en chef (connu durant les 50 ann\u00e9es qui ont suivi sous le diminutif de \u00ab\u00a0U.\u00a0S.\u00a0\u00bb)2<\/span><\/p>\n<p><span style=\"font-weight: 400;\">Au d\u00e9part, le travail de r\u00e9dacteur en chef \u00e9tait enti\u00e8rement b\u00e9n\u00e9vole. Puis, en 1856, James White a r\u00e9sum\u00e9 le r\u00f4le, \u00e9crivant ceci sur M.\u00a0Smith\u00a0:<\/span><\/p>\n<p><span style=\"font-weight: 400;\">\u00ab\u00a0Le r\u00e9dacteur en chef ne fait que courir, courir, courir. Il n\u2019a le temps ni de se reposer, ni d\u2019\u00eatre encourag\u00e9 ou revigor\u00e9 par des amis chr\u00e9tiens en visite, ni de prendre le temps de contempler de nouveaux paysages, car il doit \u00eatre reclu pour accomplir ses t\u00e2ches, perdre de ses couleurs et se pr\u00e9cipiter vers sa tombe. Celui qui vous a servi pendant cinq ann\u00e9es, qui vient d\u2019\u00e9viter la mort, avec sa femme, et qui, maintenant (ayant laiss\u00e9 son poste de r\u00e9dacteur) retrouve rapidement la sant\u00e9 et son ancienne libert\u00e9 d\u2019esprit, celui-l\u00e0 peut comprendre notre r\u00e9dacteur en chef actuel, car il conna\u00eet ses pr\u00e9occupations, son confinement, ses sacrifices pendant qu\u2019il est enferm\u00e9 pour accomplir ses t\u00e2ches quinze heures sur vingt-quatre.\u00a0\u00bb3 Trois ans plus tard, M.\u00a0Smith recevait un salaire de 5\u00a0$ par semaine pour son travail de r\u00e9dacteur en chef. M.\u00a0White a repris la r\u00e9daction en 1861, jusqu\u2019en 1864, lorsqu\u2019il a, \u00e0 nouveau, all\u00e9g\u00e9 ses t\u00e2ches en re-confiant \u00e0 M.\u00a0Smith le poste de r\u00e9dacteur en chef. Ce partage des t\u00e2ches en va et vient entre les deux s\u2019est poursuivi jusqu\u2019au d\u00e9c\u00e8s de James White en 1881.<\/span><\/p>\n<p><span style=\"font-weight: 400;\">1 James White \u00e0 Stockbridge Howland, 20 f\u00e9vrier 1852, dans Ellen G. White, <\/span><i><span style=\"font-weight: 400;\">Life Sketches<\/span><\/i><span style=\"font-weight: 400;\"> (Mountain View, Calif.: Pacific Press Pub. Assn., 1915), p. 141.<\/span><\/p>\n<p><span style=\"font-weight: 400;\">2 <\/span><i><span style=\"font-weight: 400;\">Review and Herald<\/span><\/i><span style=\"font-weight: 400;\">, 4 d\u00e9cembre 1855.<\/span><\/p>\n<p><span style=\"font-weight: 400;\">3 <\/span><i><span style=\"font-weight: 400;\">Review and Herald<\/span><\/i><span style=\"font-weight: 400;\">, 11 d\u00e9cembre 1856.<\/span><\/p>\n<p><span style=\"font-weight: 400;\">Traduction\u00a0: Marie-Mich\u00e8le Robitaille<\/span><\/p>\n","protected":false},"excerpt":{"rendered":"<p>Une cause, un mouvement, un peuple et un \u00ab\u00a0petit journal\u00a0\u00bb Le 21 janvier 2024 | Silver Spring, Maryland, \u00c9tats-Unis | Merle Poirier, Adventist Review Raconter l\u2019histoire du Review, c\u2019est r\u00e9v\u00e9ler&#8230;<\/p>\n","protected":false},"author":3,"featured_media":109097,"comment_status":"closed","ping_status":"closed","sticky":false,"template":"","format":"standard","meta":{"_acf_changed":false,"footnotes":""},"categories":[18,19],"tags":[],"class_list":["post-109163","post","type-post","status-publish","format-standard","has-post-thumbnail","hentry","category-nouvelles-de-leglise-mondiale","category-rss-francais"],"acf":[],"yoast_head":"<!-- This site is optimized with the Yoast SEO plugin v27.3 - https:\/\/yoast.com\/product\/yoast-seo-wordpress\/ -->\n<title>Au commencement - \u00c9glise Adventiste Du Septieme Jour - Inter Am\u00e9rique Division<\/title>\n<meta name=\"robots\" content=\"index, follow, max-snippet:-1, max-image-preview:large, max-video-preview:-1\" \/>\n<link rel=\"canonical\" href=\"https:\/\/interamerica.org\/fr\/2024\/01\/au-commencement\/\" \/>\n<meta property=\"og:locale\" content=\"fr_FR\" \/>\n<meta property=\"og:type\" content=\"article\" \/>\n<meta property=\"og:title\" content=\"Au commencement - \u00c9glise Adventiste Du Septieme Jour - Inter Am\u00e9rique Division\" \/>\n<meta property=\"og:description\" content=\"Une cause, un mouvement, un peuple et un \u00ab\u00a0petit journal\u00a0\u00bb Le 21 janvier 2024 | Silver Spring, Maryland, \u00c9tats-Unis | Merle Poirier, Adventist Review Raconter l\u2019histoire du Review, c\u2019est r\u00e9v\u00e9ler...\" \/>\n<meta property=\"og:url\" content=\"https:\/\/interamerica.org\/fr\/2024\/01\/au-commencement\/\" \/>\n<meta property=\"og:site_name\" content=\"\u00c9glise Adventiste Du Septieme Jour - Inter Am\u00e9rique Division\" \/>\n<meta property=\"article:published_time\" content=\"2024-01-22T01:34:58+00:00\" \/>\n<meta property=\"article:modified_time\" content=\"2024-01-24T14:28:16+00:00\" \/>\n<meta property=\"og:image\" content=\"https:\/\/interamerica.org\/wp-content\/uploads\/2024\/01\/aaron-burden-y02jex-b0o0-unsplash-1-scaled.jpg\" \/>\n\t<meta property=\"og:image:width\" content=\"2560\" \/>\n\t<meta property=\"og:image:height\" content=\"1922\" \/>\n\t<meta property=\"og:image:type\" content=\"image\/jpeg\" \/>\n<meta name=\"author\" content=\"libna\" \/>\n<meta name=\"twitter:card\" content=\"summary_large_image\" \/>\n<meta name=\"twitter:label1\" content=\"\u00c9crit par\" \/>\n\t<meta name=\"twitter:data1\" content=\"libna\" \/>\n\t<meta name=\"twitter:label2\" content=\"Dur\u00e9e de lecture estim\u00e9e\" \/>\n\t<meta name=\"twitter:data2\" content=\"7 minutes\" \/>\n<script type=\"application\/ld+json\" class=\"yoast-schema-graph\">{\"@context\":\"https:\\\/\\\/schema.org\",\"@graph\":[{\"@type\":\"Article\",\"@id\":\"https:\\\/\\\/interamerica.org\\\/fr\\\/2024\\\/01\\\/au-commencement\\\/#article\",\"isPartOf\":{\"@id\":\"https:\\\/\\\/interamerica.org\\\/fr\\\/2024\\\/01\\\/au-commencement\\\/\"},\"author\":{\"name\":\"libna\",\"@id\":\"https:\\\/\\\/interamerica.org\\\/fr\\\/#\\\/schema\\\/person\\\/29998f2bc2d8bd0d38662909289b54f1\"},\"headline\":\"Au commencement\",\"datePublished\":\"2024-01-22T01:34:58+00:00\",\"dateModified\":\"2024-01-24T14:28:16+00:00\",\"mainEntityOfPage\":{\"@id\":\"https:\\\/\\\/interamerica.org\\\/fr\\\/2024\\\/01\\\/au-commencement\\\/\"},\"wordCount\":1476,\"image\":{\"@id\":\"https:\\\/\\\/interamerica.org\\\/fr\\\/2024\\\/01\\\/au-commencement\\\/#primaryimage\"},\"thumbnailUrl\":\"https:\\\/\\\/interamerica.org\\\/wp-content\\\/uploads\\\/2024\\\/01\\\/aaron-burden-y02jex-b0o0-unsplash-1-scaled.jpg\",\"articleSection\":[\"Nouvelles de l'\u00c9glise mondiale\",\"RSS Fran\u00e7ais\"],\"inLanguage\":\"fr-FR\"},{\"@type\":\"WebPage\",\"@id\":\"https:\\\/\\\/interamerica.org\\\/fr\\\/2024\\\/01\\\/au-commencement\\\/\",\"url\":\"https:\\\/\\\/interamerica.org\\\/fr\\\/2024\\\/01\\\/au-commencement\\\/\",\"name\":\"Au commencement - \u00c9glise Adventiste Du Septieme Jour - Inter Am\u00e9rique Division\",\"isPartOf\":{\"@id\":\"https:\\\/\\\/interamerica.org\\\/fr\\\/#website\"},\"primaryImageOfPage\":{\"@id\":\"https:\\\/\\\/interamerica.org\\\/fr\\\/2024\\\/01\\\/au-commencement\\\/#primaryimage\"},\"image\":{\"@id\":\"https:\\\/\\\/interamerica.org\\\/fr\\\/2024\\\/01\\\/au-commencement\\\/#primaryimage\"},\"thumbnailUrl\":\"https:\\\/\\\/interamerica.org\\\/wp-content\\\/uploads\\\/2024\\\/01\\\/aaron-burden-y02jex-b0o0-unsplash-1-scaled.jpg\",\"datePublished\":\"2024-01-22T01:34:58+00:00\",\"dateModified\":\"2024-01-24T14:28:16+00:00\",\"author\":{\"@id\":\"https:\\\/\\\/interamerica.org\\\/fr\\\/#\\\/schema\\\/person\\\/29998f2bc2d8bd0d38662909289b54f1\"},\"breadcrumb\":{\"@id\":\"https:\\\/\\\/interamerica.org\\\/fr\\\/2024\\\/01\\\/au-commencement\\\/#breadcrumb\"},\"inLanguage\":\"fr-FR\",\"potentialAction\":[{\"@type\":\"ReadAction\",\"target\":[\"https:\\\/\\\/interamerica.org\\\/fr\\\/2024\\\/01\\\/au-commencement\\\/\"]}]},{\"@type\":\"ImageObject\",\"inLanguage\":\"fr-FR\",\"@id\":\"https:\\\/\\\/interamerica.org\\\/fr\\\/2024\\\/01\\\/au-commencement\\\/#primaryimage\",\"url\":\"https:\\\/\\\/interamerica.org\\\/wp-content\\\/uploads\\\/2024\\\/01\\\/aaron-burden-y02jex-b0o0-unsplash-1-scaled.jpg\",\"contentUrl\":\"https:\\\/\\\/interamerica.org\\\/wp-content\\\/uploads\\\/2024\\\/01\\\/aaron-burden-y02jex-b0o0-unsplash-1-scaled.jpg\",\"width\":2560,\"height\":1922,\"caption\":\"[Photo: Aaron Burden \\\/ Unsplash]\"},{\"@type\":\"BreadcrumbList\",\"@id\":\"https:\\\/\\\/interamerica.org\\\/fr\\\/2024\\\/01\\\/au-commencement\\\/#breadcrumb\",\"itemListElement\":[{\"@type\":\"ListItem\",\"position\":1,\"name\":\"Home\",\"item\":\"https:\\\/\\\/interamerica.org\\\/fr\\\/\"},{\"@type\":\"ListItem\",\"position\":2,\"name\":\"Au commencement\"}]},{\"@type\":\"WebSite\",\"@id\":\"https:\\\/\\\/interamerica.org\\\/fr\\\/#website\",\"url\":\"https:\\\/\\\/interamerica.org\\\/fr\\\/\",\"name\":\"\u00c9glise Adventiste Du Septieme Jour - Inter Am\u00e9rique Division\",\"description\":\"\",\"potentialAction\":[{\"@type\":\"SearchAction\",\"target\":{\"@type\":\"EntryPoint\",\"urlTemplate\":\"https:\\\/\\\/interamerica.org\\\/fr\\\/?s={search_term_string}\"},\"query-input\":{\"@type\":\"PropertyValueSpecification\",\"valueRequired\":true,\"valueName\":\"search_term_string\"}}],\"inLanguage\":\"fr-FR\"},{\"@type\":\"Person\",\"@id\":\"https:\\\/\\\/interamerica.org\\\/fr\\\/#\\\/schema\\\/person\\\/29998f2bc2d8bd0d38662909289b54f1\",\"name\":\"libna\",\"image\":{\"@type\":\"ImageObject\",\"inLanguage\":\"fr-FR\",\"@id\":\"https:\\\/\\\/secure.gravatar.com\\\/avatar\\\/7c5bd30ae4b47a9ba3c856590957fd1d96dc588bf3ac05719d247e126840331f?s=96&d=mm&r=g\",\"url\":\"https:\\\/\\\/secure.gravatar.com\\\/avatar\\\/7c5bd30ae4b47a9ba3c856590957fd1d96dc588bf3ac05719d247e126840331f?s=96&d=mm&r=g\",\"contentUrl\":\"https:\\\/\\\/secure.gravatar.com\\\/avatar\\\/7c5bd30ae4b47a9ba3c856590957fd1d96dc588bf3ac05719d247e126840331f?s=96&d=mm&r=g\",\"caption\":\"libna\"}}]}<\/script>\n<!-- \/ Yoast SEO plugin. -->","yoast_head_json":{"title":"Au commencement - \u00c9glise Adventiste Du Septieme Jour - Inter Am\u00e9rique Division","robots":{"index":"index","follow":"follow","max-snippet":"max-snippet:-1","max-image-preview":"max-image-preview:large","max-video-preview":"max-video-preview:-1"},"canonical":"https:\/\/interamerica.org\/fr\/2024\/01\/au-commencement\/","og_locale":"fr_FR","og_type":"article","og_title":"Au commencement - \u00c9glise Adventiste Du Septieme Jour - Inter Am\u00e9rique Division","og_description":"Une cause, un mouvement, un peuple et un \u00ab\u00a0petit journal\u00a0\u00bb Le 21 janvier 2024 | Silver Spring, Maryland, \u00c9tats-Unis | Merle Poirier, Adventist Review Raconter l\u2019histoire du Review, c\u2019est r\u00e9v\u00e9ler...","og_url":"https:\/\/interamerica.org\/fr\/2024\/01\/au-commencement\/","og_site_name":"\u00c9glise Adventiste Du Septieme Jour - Inter Am\u00e9rique Division","article_published_time":"2024-01-22T01:34:58+00:00","article_modified_time":"2024-01-24T14:28:16+00:00","og_image":[{"width":2560,"height":1922,"url":"https:\/\/interamerica.org\/wp-content\/uploads\/2024\/01\/aaron-burden-y02jex-b0o0-unsplash-1-scaled.jpg","type":"image\/jpeg"}],"author":"libna","twitter_card":"summary_large_image","twitter_misc":{"\u00c9crit par":"libna","Dur\u00e9e de lecture estim\u00e9e":"7 minutes"},"schema":{"@context":"https:\/\/schema.org","@graph":[{"@type":"Article","@id":"https:\/\/interamerica.org\/fr\/2024\/01\/au-commencement\/#article","isPartOf":{"@id":"https:\/\/interamerica.org\/fr\/2024\/01\/au-commencement\/"},"author":{"name":"libna","@id":"https:\/\/interamerica.org\/fr\/#\/schema\/person\/29998f2bc2d8bd0d38662909289b54f1"},"headline":"Au commencement","datePublished":"2024-01-22T01:34:58+00:00","dateModified":"2024-01-24T14:28:16+00:00","mainEntityOfPage":{"@id":"https:\/\/interamerica.org\/fr\/2024\/01\/au-commencement\/"},"wordCount":1476,"image":{"@id":"https:\/\/interamerica.org\/fr\/2024\/01\/au-commencement\/#primaryimage"},"thumbnailUrl":"https:\/\/interamerica.org\/wp-content\/uploads\/2024\/01\/aaron-burden-y02jex-b0o0-unsplash-1-scaled.jpg","articleSection":["Nouvelles de l'\u00c9glise mondiale","RSS Fran\u00e7ais"],"inLanguage":"fr-FR"},{"@type":"WebPage","@id":"https:\/\/interamerica.org\/fr\/2024\/01\/au-commencement\/","url":"https:\/\/interamerica.org\/fr\/2024\/01\/au-commencement\/","name":"Au commencement - \u00c9glise Adventiste Du Septieme Jour - Inter Am\u00e9rique Division","isPartOf":{"@id":"https:\/\/interamerica.org\/fr\/#website"},"primaryImageOfPage":{"@id":"https:\/\/interamerica.org\/fr\/2024\/01\/au-commencement\/#primaryimage"},"image":{"@id":"https:\/\/interamerica.org\/fr\/2024\/01\/au-commencement\/#primaryimage"},"thumbnailUrl":"https:\/\/interamerica.org\/wp-content\/uploads\/2024\/01\/aaron-burden-y02jex-b0o0-unsplash-1-scaled.jpg","datePublished":"2024-01-22T01:34:58+00:00","dateModified":"2024-01-24T14:28:16+00:00","author":{"@id":"https:\/\/interamerica.org\/fr\/#\/schema\/person\/29998f2bc2d8bd0d38662909289b54f1"},"breadcrumb":{"@id":"https:\/\/interamerica.org\/fr\/2024\/01\/au-commencement\/#breadcrumb"},"inLanguage":"fr-FR","potentialAction":[{"@type":"ReadAction","target":["https:\/\/interamerica.org\/fr\/2024\/01\/au-commencement\/"]}]},{"@type":"ImageObject","inLanguage":"fr-FR","@id":"https:\/\/interamerica.org\/fr\/2024\/01\/au-commencement\/#primaryimage","url":"https:\/\/interamerica.org\/wp-content\/uploads\/2024\/01\/aaron-burden-y02jex-b0o0-unsplash-1-scaled.jpg","contentUrl":"https:\/\/interamerica.org\/wp-content\/uploads\/2024\/01\/aaron-burden-y02jex-b0o0-unsplash-1-scaled.jpg","width":2560,"height":1922,"caption":"[Photo: Aaron Burden \/ Unsplash]"},{"@type":"BreadcrumbList","@id":"https:\/\/interamerica.org\/fr\/2024\/01\/au-commencement\/#breadcrumb","itemListElement":[{"@type":"ListItem","position":1,"name":"Home","item":"https:\/\/interamerica.org\/fr\/"},{"@type":"ListItem","position":2,"name":"Au commencement"}]},{"@type":"WebSite","@id":"https:\/\/interamerica.org\/fr\/#website","url":"https:\/\/interamerica.org\/fr\/","name":"\u00c9glise Adventiste Du Septieme Jour - Inter Am\u00e9rique Division","description":"","potentialAction":[{"@type":"SearchAction","target":{"@type":"EntryPoint","urlTemplate":"https:\/\/interamerica.org\/fr\/?s={search_term_string}"},"query-input":{"@type":"PropertyValueSpecification","valueRequired":true,"valueName":"search_term_string"}}],"inLanguage":"fr-FR"},{"@type":"Person","@id":"https:\/\/interamerica.org\/fr\/#\/schema\/person\/29998f2bc2d8bd0d38662909289b54f1","name":"libna","image":{"@type":"ImageObject","inLanguage":"fr-FR","@id":"https:\/\/secure.gravatar.com\/avatar\/7c5bd30ae4b47a9ba3c856590957fd1d96dc588bf3ac05719d247e126840331f?s=96&d=mm&r=g","url":"https:\/\/secure.gravatar.com\/avatar\/7c5bd30ae4b47a9ba3c856590957fd1d96dc588bf3ac05719d247e126840331f?s=96&d=mm&r=g","contentUrl":"https:\/\/secure.gravatar.com\/avatar\/7c5bd30ae4b47a9ba3c856590957fd1d96dc588bf3ac05719d247e126840331f?s=96&d=mm&r=g","caption":"libna"}}]}},"_links":{"self":[{"href":"https:\/\/interamerica.org\/fr\/wp-json\/wp\/v2\/posts\/109163","targetHints":{"allow":["GET"]}}],"collection":[{"href":"https:\/\/interamerica.org\/fr\/wp-json\/wp\/v2\/posts"}],"about":[{"href":"https:\/\/interamerica.org\/fr\/wp-json\/wp\/v2\/types\/post"}],"author":[{"embeddable":true,"href":"https:\/\/interamerica.org\/fr\/wp-json\/wp\/v2\/users\/3"}],"replies":[{"embeddable":true,"href":"https:\/\/interamerica.org\/fr\/wp-json\/wp\/v2\/comments?post=109163"}],"version-history":[{"count":0,"href":"https:\/\/interamerica.org\/fr\/wp-json\/wp\/v2\/posts\/109163\/revisions"}],"wp:featuredmedia":[{"embeddable":true,"href":"https:\/\/interamerica.org\/fr\/wp-json\/wp\/v2\/media\/109097"}],"wp:attachment":[{"href":"https:\/\/interamerica.org\/fr\/wp-json\/wp\/v2\/media?parent=109163"}],"wp:term":[{"taxonomy":"category","embeddable":true,"href":"https:\/\/interamerica.org\/fr\/wp-json\/wp\/v2\/categories?post=109163"},{"taxonomy":"post_tag","embeddable":true,"href":"https:\/\/interamerica.org\/fr\/wp-json\/wp\/v2\/tags?post=109163"}],"curies":[{"name":"wp","href":"https:\/\/api.w.org\/{rel}","templated":true}]}}